{"id":17807,"date":"2025-04-16T15:09:56","date_gmt":"2025-04-16T13:09:56","guid":{"rendered":"https:\/\/www.istitutogalanteoliva.it\/magazine\/?p=17807"},"modified":"2025-04-16T15:30:23","modified_gmt":"2025-04-16T13:30:23","slug":"larroganza-del-potere-la-denuncia-della-rete-liguria-dopo-il-presidio-davanti-al-consiglio-regionale","status":"publish","type":"post","link":"https:\/\/www.istitutogalanteoliva.it\/magazine\/2025\/04\/16\/larroganza-del-potere-la-denuncia-della-rete-liguria-dopo-il-presidio-davanti-al-consiglio-regionale\/","title":{"rendered":"\u201cL\u2019arroganza del potere\u201d: la denuncia della Rete Liguria dopo il presidio davanti al Consiglio Regionale"},"content":{"rendered":"\n<p><strong>\u201cL\u2019arroganza del potere\u201d<\/strong> \u2013 cos\u00ec si apre il comunicato diffuso dalla <strong>Rete Liguria dei Comitati e delle Associazioni<\/strong>, in seguito al presidio che si \u00e8 svolto <strong>ieri, 16 aprile 2025, alle ore 14<\/strong>, davanti al <strong>Consiglio Regionale in Via D\u2019Annunzio<\/strong>, a Genova. Una manifestazione che ha visto la partecipazione di rappresentanti dei comitati delle quattro province liguri (<a href=\"https:\/\/www.istitutogalanteoliva.it\/magazine\/2025\/04\/14\/presidio-per-la-difesa-della-sanita-pubblica-a-genova\/\">Leggi il nostro articolo sulle motivazioni<\/a>).<\/p>\n\n\n\n<p>L\u2019obiettivo della mobilitazione, si legge nel comunicato, era quello di <strong>\u201cconsegnare ventimila firme raccolte dai Comitati Civici di base della provincia di Imperia contro la chiusura dell\u2019ospedale di Imperia\u201d<\/strong>, insieme ad altri documenti che <strong>\u201cespongono le problematiche che si ravvisano sul territorio ligure\u201d<\/strong>. Nonostante i rappresentanti dei comitati fossero stati <strong>\u201cregistrati dagli addetti agli accessi per sveltire la procedura\u201d<\/strong>, il <strong>\u201cPresidente del Consiglio regionale ha negato loro l\u2019accesso con la motivazione che doveva essere fatta precedentemente formale richiesta\u201d<\/strong>.<\/p>\n\n\n\n<p>Il comunicato prosegue, evidenziando che una soluzione alternativa, ossia un incontro al termine della seduta, non \u00e8 stata possibile. <strong>\u201cTroppo tardi per\u00f2 per chi doveva prendere un treno\u201d<\/strong>, scrivono i promotori, rimarcando il disagio per chi aveva dovuto affrontare un lungo viaggio per giungere fino a Genova, con documentazione ingombrante da presentare. <strong>\u201c\u00c8 noto che in passato, in diverse occasioni, ci\u00f2 non si \u00e8 verificato\u201d<\/strong>, si legge ancora, per sottolineare che <strong>\u201cci si aspettava un minimo di riguardo per le persone che hanno affrontato il disagio di un viaggio dagli estremi della regione\u201d<\/strong>.<\/p>\n\n\n\n<p>Nonostante ci\u00f2, l\u2019atteggiamento da parte del Consiglio Regionale \u00e8 stato, secondo la Rete Liguria, irremovibile. <strong>\u201cEvidentemente sospendere la seduta per dieci minuti per dare ascolto ai cittadini \u00e8 un onere che questo Consiglio Regionale non si pu\u00f2 assumere\u201d<\/strong>, continuano i promotori, <strong>\u201cmeglio rimandarli a casa e far s\u00ec che seguano le regole della burocrazia\u201d<\/strong>.<\/p>\n\n\n\n<p>A conclusione del comunicato, un\u2019altra affermazione ribadisce il crescente malcontento nei confronti dell\u2019amministrazione regionale: <strong>\u201cIl nuovo corso (sempre peggio) impresso dal Presidente della Regione si riconosce anche da questo\u201d<\/strong>.<\/p>\n\n\n\n<p>Questo episodio si inserisce in un pi\u00f9 ampio percorso di mobilitazione che la Rete Liguria sta portando avanti da tempo. Gi\u00e0 in precedenza, infatti, avevamo raccontato di un altro presidio, quello di <strong>Piazza De Ferrari dello scorso febbraio<\/strong>, dove le rivendicazioni legate alla difesa della salute pubblica erano state fortemente espresse. Le problematiche sollevate, come emerge chiaramente dal comunicato che annunciava il presidio, restano sempre le stesse: <strong>\u201cla salute non \u00e8 una merce, la salute si difende e non si svende\u201d<\/strong>.<\/p>\n\n\n\n<h2 class=\"wp-block-heading\">Cos&#8217; \u00e8 Rete Liguria<br><\/h2>\n\n\n\n<figure class=\"wp-block-image size-large\"><img loading=\"lazy\" decoding=\"async\" width=\"1024\" height=\"213\" src=\"https:\/\/www.istitutogalanteoliva.it\/magazine\/wp-content\/uploads\/2025\/04\/image-14-1024x213.png\" alt=\"\" class=\"wp-image-17808\" srcset=\"https:\/\/www.istitutogalanteoliva.it\/magazine\/wp-content\/uploads\/2025\/04\/image-14-1024x213.png 1024w, https:\/\/www.istitutogalanteoliva.it\/magazine\/wp-content\/uploads\/2025\/04\/image-14-300x62.png 300w, https:\/\/www.istitutogalanteoliva.it\/magazine\/wp-content\/uploads\/2025\/04\/image-14-768x160.png 768w, https:\/\/www.istitutogalanteoliva.it\/magazine\/wp-content\/uploads\/2025\/04\/image-14-1536x319.png 1536w, https:\/\/www.istitutogalanteoliva.it\/magazine\/wp-content\/uploads\/2025\/04\/image-14.png 1732w\" sizes=\"auto, (max-width: 1024px) 100vw, 1024px\" \/><\/figure>\n\n\n\n<p><strong>Rete Liguria<\/strong> \u00e8 una rete di comitati e associazioni attive sul territorio della Liguria, unita dall&#8217;obiettivo di tutelare e promuovere la salute pubblica, l&#8217;ambiente, la giustizia sociale e il benessere collettivo. Composta da gruppi provenienti dalle quattro province liguri, la rete si impegna in diverse battaglie locali contro l&#8217;inquinamento, la cementificazione, la gestione dei rifiuti, la tutela dei parchi naturali, e la difesa dei servizi pubblici essenziali, come la sanit\u00e0.<\/p>\n\n\n\n<p>Ogni comitato e associazione all&#8217;interno di Rete Liguria porta avanti iniziative e mobilitazioni specifiche, ma tutte condividono una visione comune di difesa del bene comune, opponendosi a scelte politiche e imprenditoriali che considerano dannose per la comunit\u00e0. La rete si distingue anche per l&#8217;azione di sensibilizzazione e il coinvolgimento diretto dei cittadini, affinch\u00e9 possano partecipare attivamente nelle decisioni che riguardano il loro territorio e la loro salute.<\/p>\n\n\n\n<p><strong>Rete Liguria<\/strong>, \u00e8 costituita da numerose realt\u00e0 provenienti dalle diverse province della regione. Tra queste, troviamo il <strong>Collettivo Ponente Ligure<\/strong>, l\u2019<strong>Associazione 25 Aprile Intemelia<\/strong>, l\u2019<strong>Associazione Popoli in Arte ODV Sanremo<\/strong>, il <strong>Comitato Civico di Base di Taggia<\/strong>, il <strong>Comitato Ambiente Salute Pubblica Imperia<\/strong>, <strong>Attac Imperia<\/strong>, e i <strong>Comitati Civici di Base della provincia di Imperia<\/strong>. Inoltre, fanno parte della rete anche <strong>Culturambiente di Ferrania Cairo Montenotte<\/strong>, il <strong>Comitato Nascere a Pietra<\/strong>, <strong>Fermiamo il Mostro \u2013 NO al Rigassificatore Savona<\/strong>, il <strong>Coordinamento per il Parco Nazionale Portofino<\/strong>, l\u2019associazione <strong>Tutti per il Parco<\/strong>, il <strong>Comitato Gi\u00f9 le mani dall\u2019Entella Lavagna<\/strong>, il <strong>Comitato NO tunnel Rapallo<\/strong>, l\u2019<strong>Associazione Posidonia Portovenere La Spezia<\/strong>, la <strong>Rete Ambiente altro turismo La Spezia<\/strong>, il <strong>Coordinamento no biodigestore<\/strong>, il <strong>Comitato Sarzana che botta<\/strong>, e il <strong>Comitato per la dismissione rigassificatore Panigaglia<\/strong>. Inoltre, troviamo il <strong>Movimento Palmaria s\u00ec, masterplan no &#8211; Portovenere<\/strong>, <strong>Sos Salute Pubblica Liguria Ponente<\/strong>, e <strong>Associazione Mare Libero Liguria<\/strong>.<\/p>\n\n\n\n<p>La <strong>Rete Genovese<\/strong> include il <strong>Comitato Giardini Malinverni<\/strong>, il <strong>Comitato Officine Sampierdarenesi<\/strong>, il <strong>Comitato di Via Vecchia e Strade Limitrofe<\/strong>, il <strong>Comitato contro la cementificazione di Terralba<\/strong>, <strong>Opposizione Skymetro &#8211; Valbisagno Sostenibile<\/strong>, il <strong>Comitato Difesa del Parco dei Forti e delle Mura di Genova<\/strong>, il <strong>Comitato Valpolcevera Resistente San Quirico<\/strong>, il <strong>Comitato Porto Aperto<\/strong>, il <strong>Comitato S\u00ecTram Genova<\/strong>, il <strong>Comitato Nervi 2022 no ZTL<\/strong>, il <strong>Comitato spontaneo Trasta Fegino<\/strong>, il <strong>Comitato liberi cittadini di Certosa<\/strong>, il <strong>Comitato sotto il ponte Bisagno<\/strong>, il <strong>Comitato Cittadini Banchelle<\/strong>, il <strong>Comitato Vie Ardoino e Landi<\/strong>, il <strong>Comitato Donne di Cornigliano<\/strong>, il <strong>Comitato Tutela Ambientale Genova<\/strong>, il <strong>Comitato Acquasola<\/strong>, il <strong>Comitato Sconquasse<\/strong>, il <strong>Circolo Nuova Ecologia<\/strong>, il <strong>Circolo San Bernardo<\/strong>, il <strong>Gruppo Aret\u00e8<\/strong>, l\u2019<strong>AMA Associazione Abitanti Maddalena<\/strong>, l\u2019<strong>Associazione Amici di Ponte Carrega<\/strong>, l\u2019<strong>Associazione Mobilita Genova \u2013 MobiGe<\/strong>, l\u2019<strong>Associazione Quelli del Ponte Morandi<\/strong>, l\u2019<strong>Associazione Liguria a Sinistra<\/strong>, la <strong>Rete Cittadina \u201cInsieme per la Salute di Tutti\u201d<\/strong>, la <strong>Rete Spazio Libero Malinverni<\/strong>, <strong>Italia Nostra Onlus<\/strong>, <strong>Medici per l\u2019ambiente ISDE<\/strong>, <strong>Medicina Democratica movimento di lotta per la salute<\/strong>, il <strong>Movimento indipendente dei Cittadini per Carignano<\/strong>, il <strong>NO alla cementificazione di Nervi<\/strong>, il <strong>WWF Genova Citt\u00e0 Metropolitana<\/strong>, il <strong>Coordinamento Ligure per la gestione corretta dei rifiuti<\/strong>, la <strong>Societ\u00e0 della Cura<\/strong>, <strong>Giustizia Sociale<\/strong>, il <strong>Collettivo Corpi Idrici<\/strong>, <strong>Extinction Rebellion<\/strong>, l\u2019<strong>Ecoistituto di Reggio Emilia e Genova APS<\/strong>, <strong>Attac Genova<\/strong>, e i <strong>Buskers (Artisti di Strada)<\/strong>.<\/p>\n\n\n\n<p>Infine, il <strong>Coordinamento Comitati del Ponente<\/strong> che include il <strong>Comitato di quartiere Multedo<\/strong>, il <strong>Comitato Pegli Bene comune<\/strong>, il <strong>Comitato Lido di Pegli<\/strong>, il <strong>Comitato Val Varenna<\/strong>, il <strong>Comitato Noi di Pra<\/strong>, il <strong>Comitato Palmaro<\/strong>, il <strong>Comitato Voltri<\/strong>, e il <strong>Comitato Estremo Ponente<\/strong>.<\/p>\n\n\n\n<p class=\"has-text-align-right\"><strong><em>A.R<\/em><\/strong><\/p>\n\n\n\n<p><\/p>\n<div class=\"pdfprnt-buttons pdfprnt-buttons-post pdfprnt-bottom-left\"><a href=\"https:\/\/www.istitutogalanteoliva.it\/magazine\/wp-json\/wp\/v2\/posts\/17807?print=print\" class=\"pdfprnt-button pdfprnt-button-print\" target=\"_blank\"><img decoding=\"async\" src=\"https:\/\/www.istitutogalanteoliva.it\/magazine\/wp-content\/plugins\/pdf-print\/images\/print.png\" alt=\"image_print\" title=\"Stampa contenuto\" \/><span class=\"pdfprnt-button-title pdfprnt-button-print-title\">Download in PDF<\/span><\/a><\/div>","protected":false},"excerpt":{"rendered":"<p>Il nuovo comunicato della rete, dopo il  presidio che si \u00e8 svolto ieri davanti alla sede Consiglio Regionale della Liguria a Genova<\/p>\n","protected":false},"author":2,"featured_media":17809,"comment_status":"closed","ping_status":"open","sticky":true,"template":"","format":"standard","meta":{"footnotes":""},"categories":[1241,254,207],"tags":[1316,1315,251,219],"class_list":["post-17807","post","type-post","status-publish","format-standard","has-post-thumbnail","hentry","category-1241","category-attualita","category-liguria","tag-presidio","tag-rete-liguria","tag-salute","tag-territorio"],"yoast_head":"<!-- This site is optimized with the Yoast SEO plugin v24.2 - https:\/\/yoast.com\/wordpress\/plugins\/seo\/ -->\n<title>\u201cL\u2019arroganza del potere\u201d: la denuncia della Rete Liguria dopo il presidio davanti al Consiglio Regionale - Polis SA Magazine<\/title>\n<meta name=\"description\" content=\"Il nuovo comunicato di denuncia della rete, dopo il presidio che si \u00e8 svolto ieri davanti alla sede Consiglio Regionale della Liguria\" \/>\n<meta name=\"robots\" content=\"index, follow, max-snippet:-1, max-image-preview:large, max-video-preview:-1\" \/>\n<link rel=\"canonical\" href=\"https:\/\/www.istitutogalanteoliva.it\/magazine\/2025\/04\/16\/larroganza-del-potere-la-denuncia-della-rete-liguria-dopo-il-presidio-davanti-al-consiglio-regionale\/\" \/>\n<meta property=\"og:locale\" content=\"it_IT\" \/>\n<meta property=\"og:type\" content=\"article\" \/>\n<meta property=\"og:title\" content=\"\u201cL\u2019arroganza del potere\u201d: la denuncia della Rete Liguria dopo il presidio davanti al Consiglio Regionale - Polis SA Magazine\" \/>\n<meta property=\"og:description\" content=\"Il nuovo comunicato di denuncia della rete, dopo il presidio che si \u00e8 svolto ieri davanti alla sede Consiglio Regionale della Liguria\" \/>\n<meta property=\"og:url\" content=\"https:\/\/www.istitutogalanteoliva.it\/magazine\/2025\/04\/16\/larroganza-del-potere-la-denuncia-della-rete-liguria-dopo-il-presidio-davanti-al-consiglio-regionale\/\" \/>\n<meta property=\"og:site_name\" content=\"Polis SA Magazine\" \/>\n<meta property=\"article:publisher\" content=\"https:\/\/www.facebook.com\/PolisSAMagazine\/\" \/>\n<meta property=\"article:published_time\" content=\"2025-04-16T13:09:56+00:00\" \/>\n<meta property=\"article:modified_time\" content=\"2025-04-16T13:30:23+00:00\" \/>\n<meta property=\"og:image\" content=\"https:\/\/www.istitutogalanteoliva.it\/magazine\/wp-content\/uploads\/2025\/04\/images-4.jpeg\" \/>\n\t<meta property=\"og:image:width\" content=\"1400\" \/>\n\t<meta property=\"og:image:height\" content=\"760\" \/>\n\t<meta property=\"og:image:type\" content=\"image\/jpeg\" \/>\n<meta name=\"author\" content=\"Antonello Rivano\" \/>\n<meta name=\"twitter:card\" content=\"summary_large_image\" \/>\n<meta name=\"twitter:creator\" content=\"@MagazinePolis\" \/>\n<meta name=\"twitter:site\" content=\"@MagazinePolis\" \/>\n<meta name=\"twitter:label1\" content=\"Scritto da\" \/>\n\t<meta name=\"twitter:data1\" content=\"Antonello Rivano\" \/>\n\t<meta name=\"twitter:label2\" content=\"Tempo di lettura stimato\" \/>\n\t<meta name=\"twitter:data2\" content=\"6 minuti\" \/>\n<script type=\"application\/ld+json\" class=\"yoast-schema-graph\">{\"@context\":\"https:\/\/schema.org\",\"@graph\":[{\"@type\":\"Article\",\"@id\":\"https:\/\/www.istitutogalanteoliva.it\/magazine\/2025\/04\/16\/larroganza-del-potere-la-denuncia-della-rete-liguria-dopo-il-presidio-davanti-al-consiglio-regionale\/#article\",\"isPartOf\":{\"@id\":\"https:\/\/www.istitutogalanteoliva.it\/magazine\/2025\/04\/16\/larroganza-del-potere-la-denuncia-della-rete-liguria-dopo-il-presidio-davanti-al-consiglio-regionale\/\"},\"author\":{\"name\":\"Antonello Rivano\",\"@id\":\"https:\/\/www.istitutogalanteoliva.it\/magazine\/#\/schema\/person\/d8b8aa79cfe8babc1df9da3212a7c0c4\"},\"headline\":\"\u201cL\u2019arroganza del potere\u201d: la denuncia della Rete Liguria dopo il presidio davanti al Consiglio Regionale\",\"datePublished\":\"2025-04-16T13:09:56+00:00\",\"dateModified\":\"2025-04-16T13:30:23+00:00\",\"mainEntityOfPage\":{\"@id\":\"https:\/\/www.istitutogalanteoliva.it\/magazine\/2025\/04\/16\/larroganza-del-potere-la-denuncia-della-rete-liguria-dopo-il-presidio-davanti-al-consiglio-regionale\/\"},\"wordCount\":979,\"publisher\":{\"@id\":\"https:\/\/www.istitutogalanteoliva.it\/magazine\/#organization\"},\"image\":{\"@id\":\"https:\/\/www.istitutogalanteoliva.it\/magazine\/2025\/04\/16\/larroganza-del-potere-la-denuncia-della-rete-liguria-dopo-il-presidio-davanti-al-consiglio-regionale\/#primaryimage\"},\"thumbnailUrl\":\"https:\/\/www.istitutogalanteoliva.it\/magazine\/wp-content\/uploads\/2025\/04\/images-4.jpeg\",\"keywords\":[\"Presidio\",\"Rete Liguria\",\"salute\",\"territorio\"],\"articleSection\":[\"2025\",\"Attualit\u00e0\",\"Liguria\"],\"inLanguage\":\"it-IT\"},{\"@type\":\"WebPage\",\"@id\":\"https:\/\/www.istitutogalanteoliva.it\/magazine\/2025\/04\/16\/larroganza-del-potere-la-denuncia-della-rete-liguria-dopo-il-presidio-davanti-al-consiglio-regionale\/\",\"url\":\"https:\/\/www.istitutogalanteoliva.it\/magazine\/2025\/04\/16\/larroganza-del-potere-la-denuncia-della-rete-liguria-dopo-il-presidio-davanti-al-consiglio-regionale\/\",\"name\":\"\u201cL\u2019arroganza del potere\u201d: la denuncia della Rete Liguria dopo il presidio davanti al Consiglio Regionale - Polis SA Magazine\",\"isPartOf\":{\"@id\":\"https:\/\/www.istitutogalanteoliva.it\/magazine\/#website\"},\"primaryImageOfPage\":{\"@id\":\"https:\/\/www.istitutogalanteoliva.it\/magazine\/2025\/04\/16\/larroganza-del-potere-la-denuncia-della-rete-liguria-dopo-il-presidio-davanti-al-consiglio-regionale\/#primaryimage\"},\"image\":{\"@id\":\"https:\/\/www.istitutogalanteoliva.it\/magazine\/2025\/04\/16\/larroganza-del-potere-la-denuncia-della-rete-liguria-dopo-il-presidio-davanti-al-consiglio-regionale\/#primaryimage\"},\"thumbnailUrl\":\"https:\/\/www.istitutogalanteoliva.it\/magazine\/wp-content\/uploads\/2025\/04\/images-4.jpeg\",\"datePublished\":\"2025-04-16T13:09:56+00:00\",\"dateModified\":\"2025-04-16T13:30:23+00:00\",\"description\":\"Il nuovo comunicato di denuncia della rete, dopo il presidio che si \u00e8 svolto ieri davanti alla sede Consiglio Regionale della Liguria\",\"breadcrumb\":{\"@id\":\"https:\/\/www.istitutogalanteoliva.it\/magazine\/2025\/04\/16\/larroganza-del-potere-la-denuncia-della-rete-liguria-dopo-il-presidio-davanti-al-consiglio-regionale\/#breadcrumb\"},\"inLanguage\":\"it-IT\",\"potentialAction\":[{\"@type\":\"ReadAction\",\"target\":[\"https:\/\/www.istitutogalanteoliva.it\/magazine\/2025\/04\/16\/larroganza-del-potere-la-denuncia-della-rete-liguria-dopo-il-presidio-davanti-al-consiglio-regionale\/\"]}]},{\"@type\":\"ImageObject\",\"inLanguage\":\"it-IT\",\"@id\":\"https:\/\/www.istitutogalanteoliva.it\/magazine\/2025\/04\/16\/larroganza-del-potere-la-denuncia-della-rete-liguria-dopo-il-presidio-davanti-al-consiglio-regionale\/#primaryimage\",\"url\":\"https:\/\/www.istitutogalanteoliva.it\/magazine\/wp-content\/uploads\/2025\/04\/images-4.jpeg\",\"contentUrl\":\"https:\/\/www.istitutogalanteoliva.it\/magazine\/wp-content\/uploads\/2025\/04\/images-4.jpeg\",\"width\":1400,\"height\":760},{\"@type\":\"BreadcrumbList\",\"@id\":\"https:\/\/www.istitutogalanteoliva.it\/magazine\/2025\/04\/16\/larroganza-del-potere-la-denuncia-della-rete-liguria-dopo-il-presidio-davanti-al-consiglio-regionale\/#breadcrumb\",\"itemListElement\":[{\"@type\":\"ListItem\",\"position\":1,\"name\":\"Home\",\"item\":\"https:\/\/www.istitutogalanteoliva.it\/magazine\/\"},{\"@type\":\"ListItem\",\"position\":2,\"name\":\"\u201cL\u2019arroganza del potere\u201d: la denuncia della Rete Liguria dopo il presidio davanti al Consiglio Regionale\"}]},{\"@type\":\"WebSite\",\"@id\":\"https:\/\/www.istitutogalanteoliva.it\/magazine\/#website\",\"url\":\"https:\/\/www.istitutogalanteoliva.it\/magazine\/\",\"name\":\"POLIS SA MAGAZINE\",\"description\":\"Informazione e approfondimenti\",\"publisher\":{\"@id\":\"https:\/\/www.istitutogalanteoliva.it\/magazine\/#organization\"},\"potentialAction\":[{\"@type\":\"SearchAction\",\"target\":{\"@type\":\"EntryPoint\",\"urlTemplate\":\"https:\/\/www.istitutogalanteoliva.it\/magazine\/?s={search_term_string}\"},\"query-input\":{\"@type\":\"PropertyValueSpecification\",\"valueRequired\":true,\"valueName\":\"search_term_string\"}}],\"inLanguage\":\"it-IT\"},{\"@type\":\"Organization\",\"@id\":\"https:\/\/www.istitutogalanteoliva.it\/magazine\/#organization\",\"name\":\"Polis SA Magazine\",\"url\":\"https:\/\/www.istitutogalanteoliva.it\/magazine\/\",\"logo\":{\"@type\":\"ImageObject\",\"inLanguage\":\"it-IT\",\"@id\":\"https:\/\/www.istitutogalanteoliva.it\/magazine\/#\/schema\/logo\/image\/\",\"url\":\"\",\"contentUrl\":\"\",\"caption\":\"Polis SA Magazine\"},\"image\":{\"@id\":\"https:\/\/www.istitutogalanteoliva.it\/magazine\/#\/schema\/logo\/image\/\"},\"sameAs\":[\"https:\/\/www.facebook.com\/PolisSAMagazine\/\",\"https:\/\/x.com\/MagazinePolis\",\"https:\/\/www.youtube.com\/channel\/UCv0Mr5AHKUmsc0sEEXkJrgw\"]},{\"@type\":\"Person\",\"@id\":\"https:\/\/www.istitutogalanteoliva.it\/magazine\/#\/schema\/person\/d8b8aa79cfe8babc1df9da3212a7c0c4\",\"name\":\"Antonello Rivano\",\"image\":{\"@type\":\"ImageObject\",\"inLanguage\":\"it-IT\",\"@id\":\"https:\/\/www.istitutogalanteoliva.it\/magazine\/#\/schema\/person\/image\/\",\"url\":\"https:\/\/secure.gravatar.com\/avatar\/517a9a6487a7a18ecc4ce6d2e57a8f40?s=96&d=mm&r=g\",\"contentUrl\":\"https:\/\/secure.gravatar.com\/avatar\/517a9a6487a7a18ecc4ce6d2e57a8f40?s=96&d=mm&r=g\",\"caption\":\"Antonello Rivano\"},\"url\":\"https:\/\/www.istitutogalanteoliva.it\/magazine\/author\/antonello\/\"}]}<\/script>\n<!-- \/ Yoast SEO plugin. -->","yoast_head_json":{"title":"\u201cL\u2019arroganza del potere\u201d: la denuncia della Rete Liguria dopo il presidio davanti al Consiglio Regionale - Polis SA Magazine","description":"Il nuovo comunicato di denuncia della rete, dopo il presidio che si \u00e8 svolto ieri davanti alla sede Consiglio Regionale della Liguria","robots":{"index":"index","follow":"follow","max-snippet":"max-snippet:-1","max-image-preview":"max-image-preview:large","max-video-preview":"max-video-preview:-1"},"canonical":"https:\/\/www.istitutogalanteoliva.it\/magazine\/2025\/04\/16\/larroganza-del-potere-la-denuncia-della-rete-liguria-dopo-il-presidio-davanti-al-consiglio-regionale\/","og_locale":"it_IT","og_type":"article","og_title":"\u201cL\u2019arroganza del potere\u201d: la denuncia della Rete Liguria dopo il presidio davanti al Consiglio Regionale - Polis SA Magazine","og_description":"Il nuovo comunicato di denuncia della rete, dopo il presidio che si \u00e8 svolto ieri davanti alla sede Consiglio Regionale della Liguria","og_url":"https:\/\/www.istitutogalanteoliva.it\/magazine\/2025\/04\/16\/larroganza-del-potere-la-denuncia-della-rete-liguria-dopo-il-presidio-davanti-al-consiglio-regionale\/","og_site_name":"Polis SA Magazine","article_publisher":"https:\/\/www.facebook.com\/PolisSAMagazine\/","article_published_time":"2025-04-16T13:09:56+00:00","article_modified_time":"2025-04-16T13:30:23+00:00","og_image":[{"width":1400,"height":760,"url":"https:\/\/www.istitutogalanteoliva.it\/magazine\/wp-content\/uploads\/2025\/04\/images-4.jpeg","type":"image\/jpeg"}],"author":"Antonello Rivano","twitter_card":"summary_large_image","twitter_creator":"@MagazinePolis","twitter_site":"@MagazinePolis","twitter_misc":{"Scritto da":"Antonello Rivano","Tempo di lettura stimato":"6 minuti"},"schema":{"@context":"https:\/\/schema.org","@graph":[{"@type":"Article","@id":"https:\/\/www.istitutogalanteoliva.it\/magazine\/2025\/04\/16\/larroganza-del-potere-la-denuncia-della-rete-liguria-dopo-il-presidio-davanti-al-consiglio-regionale\/#article","isPartOf":{"@id":"https:\/\/www.istitutogalanteoliva.it\/magazine\/2025\/04\/16\/larroganza-del-potere-la-denuncia-della-rete-liguria-dopo-il-presidio-davanti-al-consiglio-regionale\/"},"author":{"name":"Antonello Rivano","@id":"https:\/\/www.istitutogalanteoliva.it\/magazine\/#\/schema\/person\/d8b8aa79cfe8babc1df9da3212a7c0c4"},"headline":"\u201cL\u2019arroganza del potere\u201d: la denuncia della Rete Liguria dopo il presidio davanti al Consiglio Regionale","datePublished":"2025-04-16T13:09:56+00:00","dateModified":"2025-04-16T13:30:23+00:00","mainEntityOfPage":{"@id":"https:\/\/www.istitutogalanteoliva.it\/magazine\/2025\/04\/16\/larroganza-del-potere-la-denuncia-della-rete-liguria-dopo-il-presidio-davanti-al-consiglio-regionale\/"},"wordCount":979,"publisher":{"@id":"https:\/\/www.istitutogalanteoliva.it\/magazine\/#organization"},"image":{"@id":"https:\/\/www.istitutogalanteoliva.it\/magazine\/2025\/04\/16\/larroganza-del-potere-la-denuncia-della-rete-liguria-dopo-il-presidio-davanti-al-consiglio-regionale\/#primaryimage"},"thumbnailUrl":"https:\/\/www.istitutogalanteoliva.it\/magazine\/wp-content\/uploads\/2025\/04\/images-4.jpeg","keywords":["Presidio","Rete Liguria","salute","territorio"],"articleSection":["2025","Attualit\u00e0","Liguria"],"inLanguage":"it-IT"},{"@type":"WebPage","@id":"https:\/\/www.istitutogalanteoliva.it\/magazine\/2025\/04\/16\/larroganza-del-potere-la-denuncia-della-rete-liguria-dopo-il-presidio-davanti-al-consiglio-regionale\/","url":"https:\/\/www.istitutogalanteoliva.it\/magazine\/2025\/04\/16\/larroganza-del-potere-la-denuncia-della-rete-liguria-dopo-il-presidio-davanti-al-consiglio-regionale\/","name":"\u201cL\u2019arroganza del potere\u201d: la denuncia della Rete Liguria dopo il presidio davanti al Consiglio Regionale - Polis SA Magazine","isPartOf":{"@id":"https:\/\/www.istitutogalanteoliva.it\/magazine\/#website"},"primaryImageOfPage":{"@id":"https:\/\/www.istitutogalanteoliva.it\/magazine\/2025\/04\/16\/larroganza-del-potere-la-denuncia-della-rete-liguria-dopo-il-presidio-davanti-al-consiglio-regionale\/#primaryimage"},"image":{"@id":"https:\/\/www.istitutogalanteoliva.it\/magazine\/2025\/04\/16\/larroganza-del-potere-la-denuncia-della-rete-liguria-dopo-il-presidio-davanti-al-consiglio-regionale\/#primaryimage"},"thumbnailUrl":"https:\/\/www.istitutogalanteoliva.it\/magazine\/wp-content\/uploads\/2025\/04\/images-4.jpeg","datePublished":"2025-04-16T13:09:56+00:00","dateModified":"2025-04-16T13:30:23+00:00","description":"Il nuovo comunicato di denuncia della rete, dopo il presidio che si \u00e8 svolto ieri davanti alla sede Consiglio Regionale della Liguria","breadcrumb":{"@id":"https:\/\/www.istitutogalanteoliva.it\/magazine\/2025\/04\/16\/larroganza-del-potere-la-denuncia-della-rete-liguria-dopo-il-presidio-davanti-al-consiglio-regionale\/#breadcrumb"},"inLanguage":"it-IT","potentialAction":[{"@type":"ReadAction","target":["https:\/\/www.istitutogalanteoliva.it\/magazine\/2025\/04\/16\/larroganza-del-potere-la-denuncia-della-rete-liguria-dopo-il-presidio-davanti-al-consiglio-regionale\/"]}]},{"@type":"ImageObject","inLanguage":"it-IT","@id":"https:\/\/www.istitutogalanteoliva.it\/magazine\/2025\/04\/16\/larroganza-del-potere-la-denuncia-della-rete-liguria-dopo-il-presidio-davanti-al-consiglio-regionale\/#primaryimage","url":"https:\/\/www.istitutogalanteoliva.it\/magazine\/wp-content\/uploads\/2025\/04\/images-4.jpeg","contentUrl":"https:\/\/www.istitutogalanteoliva.it\/magazine\/wp-content\/uploads\/2025\/04\/images-4.jpeg","width":1400,"height":760},{"@type":"BreadcrumbList","@id":"https:\/\/www.istitutogalanteoliva.it\/magazine\/2025\/04\/16\/larroganza-del-potere-la-denuncia-della-rete-liguria-dopo-il-presidio-davanti-al-consiglio-regionale\/#breadcrumb","itemListElement":[{"@type":"ListItem","position":1,"name":"Home","item":"https:\/\/www.istitutogalanteoliva.it\/magazine\/"},{"@type":"ListItem","position":2,"name":"\u201cL\u2019arroganza del potere\u201d: la denuncia della Rete Liguria dopo il presidio davanti al Consiglio Regionale"}]},{"@type":"WebSite","@id":"https:\/\/www.istitutogalanteoliva.it\/magazine\/#website","url":"https:\/\/www.istitutogalanteoliva.it\/magazine\/","name":"POLIS SA MAGAZINE","description":"Informazione e approfondimenti","publisher":{"@id":"https:\/\/www.istitutogalanteoliva.it\/magazine\/#organization"},"potentialAction":[{"@type":"SearchAction","target":{"@type":"EntryPoint","urlTemplate":"https:\/\/www.istitutogalanteoliva.it\/magazine\/?s={search_term_string}"},"query-input":{"@type":"PropertyValueSpecification","valueRequired":true,"valueName":"search_term_string"}}],"inLanguage":"it-IT"},{"@type":"Organization","@id":"https:\/\/www.istitutogalanteoliva.it\/magazine\/#organization","name":"Polis SA Magazine","url":"https:\/\/www.istitutogalanteoliva.it\/magazine\/","logo":{"@type":"ImageObject","inLanguage":"it-IT","@id":"https:\/\/www.istitutogalanteoliva.it\/magazine\/#\/schema\/logo\/image\/","url":"","contentUrl":"","caption":"Polis SA Magazine"},"image":{"@id":"https:\/\/www.istitutogalanteoliva.it\/magazine\/#\/schema\/logo\/image\/"},"sameAs":["https:\/\/www.facebook.com\/PolisSAMagazine\/","https:\/\/x.com\/MagazinePolis","https:\/\/www.youtube.com\/channel\/UCv0Mr5AHKUmsc0sEEXkJrgw"]},{"@type":"Person","@id":"https:\/\/www.istitutogalanteoliva.it\/magazine\/#\/schema\/person\/d8b8aa79cfe8babc1df9da3212a7c0c4","name":"Antonello Rivano","image":{"@type":"ImageObject","inLanguage":"it-IT","@id":"https:\/\/www.istitutogalanteoliva.it\/magazine\/#\/schema\/person\/image\/","url":"https:\/\/secure.gravatar.com\/avatar\/517a9a6487a7a18ecc4ce6d2e57a8f40?s=96&d=mm&r=g","contentUrl":"https:\/\/secure.gravatar.com\/avatar\/517a9a6487a7a18ecc4ce6d2e57a8f40?s=96&d=mm&r=g","caption":"Antonello Rivano"},"url":"https:\/\/www.istitutogalanteoliva.it\/magazine\/author\/antonello\/"}]}},"_links":{"self":[{"href":"https:\/\/www.istitutogalanteoliva.it\/magazine\/wp-json\/wp\/v2\/posts\/17807","targetHints":{"allow":["GET"]}}],"collection":[{"href":"https:\/\/www.istitutogalanteoliva.it\/magazine\/wp-json\/wp\/v2\/posts"}],"about":[{"href":"https:\/\/www.istitutogalanteoliva.it\/magazine\/wp-json\/wp\/v2\/types\/post"}],"author":[{"embeddable":true,"href":"https:\/\/www.istitutogalanteoliva.it\/magazine\/wp-json\/wp\/v2\/users\/2"}],"replies":[{"embeddable":true,"href":"https:\/\/www.istitutogalanteoliva.it\/magazine\/wp-json\/wp\/v2\/comments?post=17807"}],"version-history":[{"count":1,"href":"https:\/\/www.istitutogalanteoliva.it\/magazine\/wp-json\/wp\/v2\/posts\/17807\/revisions"}],"predecessor-version":[{"id":17810,"href":"https:\/\/www.istitutogalanteoliva.it\/magazine\/wp-json\/wp\/v2\/posts\/17807\/revisions\/17810"}],"wp:featuredmedia":[{"embeddable":true,"href":"https:\/\/www.istitutogalanteoliva.it\/magazine\/wp-json\/wp\/v2\/media\/17809"}],"wp:attachment":[{"href":"https:\/\/www.istitutogalanteoliva.it\/magazine\/wp-json\/wp\/v2\/media?parent=17807"}],"wp:term":[{"taxonomy":"category","embeddable":true,"href":"https:\/\/www.istitutogalanteoliva.it\/magazine\/wp-json\/wp\/v2\/categories?post=17807"},{"taxonomy":"post_tag","embeddable":true,"href":"https:\/\/www.istitutogalanteoliva.it\/magazine\/wp-json\/wp\/v2\/tags?post=17807"}],"curies":[{"name":"wp","href":"https:\/\/api.w.org\/{rel}","templated":true}]}}