{"id":1788,"date":"2019-12-02T16:57:58","date_gmt":"2019-12-02T15:57:58","guid":{"rendered":"http:\/\/www.edizionipolis.it\/magazine\/?p=1788"},"modified":"2019-12-02T11:08:36","modified_gmt":"2019-12-02T10:08:36","slug":"albergo-archi-del-sole-dove-la-cortesia-e-di-casa","status":"publish","type":"post","link":"https:\/\/www.istitutogalanteoliva.it\/magazine\/2019\/12\/02\/albergo-archi-del-sole-dove-la-cortesia-e-di-casa\/","title":{"rendered":"ALBERGO \u201cARCHI DEL SOLE\u201d, DOVE LA CORTESIA \u00c8 DI CASA."},"content":{"rendered":"\n<p>Quando\nsi legge dalle diverse analisi di marketing turistico, che definiscono\nl\u2019accoglienza un fattore determinante per lo sviluppo turistico, ci si rende\nconto che il turista ha sempre pi\u00f9 bisogno di quel \u201cvalore aggiunto\u201d che\nconsiste in un\u2019ospitalit\u00e0 basata sulla cortesia e sulla capacit\u00e0 di mettere a\nproprio agio l\u2019ospite. <\/p>\n\n\n\n<p>L\u2019attenzione\nal turista \u00e8 rispondere ai suoi bisogni con cordialit\u00e0, \u00e8 dare importanza alle\nsue esigenze. <\/p>\n\n\n\n<p>La\nbellezza, naturalistica o culturale che sia, propria di un luogo non basta: il\nviaggiatore sceglie una destinazione perch\u00e9 ha la necessit\u00e0 di riscoprire\nquanto siano gratificanti le relazioni umane. <\/p>\n\n\n\n<p>Il viaggio\ndev\u2019essere inteso come una connessione con altre persone diverse in et\u00e0,\ncultura, abitudini per arricchire se stessi, per allargare i nostri orizzonti\nmentali. <\/p>\n\n\n\n<p>In\nuna localit\u00e0 di montagna dell\u2019Abruzzo, considerata tra i pi\u00f9 bei borghi storici\ne paesaggistici d\u2019Italia, sorge proprio all\u2019interno del paesello dell\u2019alto\nSangro, un albergo con formula B&amp;B dove il senso di ospitalit\u00e0 cordiale nei\nconfronti dei propri clienti stupisce e soddisfa i suoi visitatori. Tanto che\npi\u00f9 di una trentina di clienti affezionati hanno voluto organizzare una festa a\nsorpresa per la famiglia Trozzi, che appunto gestisce da diversi anni l\u2019albergo\n\u201c<strong><em>Archi\ndel Sole<\/em><\/strong>\u201d. <\/p>\n\n\n\n<p>Marco\ne Gabriella, assieme ai tre figli, sono stati ospitati a Napoli in un week end\ncaratteristico a Posillipo, in cui hanno ricevuto un affetto meritato per la\nloro cortesia. Al ristorante <em>Calasole di\nCoroglio<\/em>, si \u00e8 festeggiato il compleanno della signora Gabriella appunto\nper ringraziarli della loro affettuosa ed autentica ospitalit\u00e0, tanto che i\nclienti intervenuti hanno denominato il B&amp;B di Pescocostanzo come \u201c<em>albergo del cuore<\/em>\u201d. <\/p>\n\n\n\n<p>Un\u2019\nesperienza indimenticabile che ripaga chi con generosit\u00e0 ci mette il cuore\nnella propria professione. <\/p>\n\n\n\n<p>Ci\u00f2\nche conta sembra sia proprio quell\u2019attenzione in pi\u00f9, quel gesto inaspettato,\nla passione e l\u2019entusiasmo con cui ci si confronta con i propri ospiti che\ndiventano quasi parte della famiglia. <\/p>\n\n\n\n<p>Il\nclima familiare che si respira nell\u2019albergo \u201cdel cuore\u201d contagia i visitatori.\nL\u2019ospite si arricchisce di un\u2019esperienza da ricordare e raccontare. Ed \u00e8 la\ndimostrazione che per realizzare un buon turismo \u00e8 fondamentale la qualit\u00e0\ndell\u2019accoglienza. <\/p>\n\n\n\n<p>Una \u201ccoscienza turistica\u201d, appunto basata su una cortesia gentile e riguardosa, \u00e8 indispensabile per rendere al visitatore unica un\u2019esperienza di viaggio o di soggiorno che soddisfa il suo bisogno di armonia e di pace.<\/p>\n\n\n\n<p style=\"text-align:right\"><em>Silvia De Cristofaro<\/em><\/p>\n<div class=\"pdfprnt-buttons pdfprnt-buttons-post pdfprnt-bottom-left\"><a href=\"https:\/\/www.istitutogalanteoliva.it\/magazine\/wp-json\/wp\/v2\/posts\/1788?print=print\" class=\"pdfprnt-button pdfprnt-button-print\" target=\"_blank\"><img decoding=\"async\" src=\"https:\/\/www.istitutogalanteoliva.it\/magazine\/wp-content\/plugins\/pdf-print\/images\/print.png\" alt=\"image_print\" title=\"Stampa contenuto\" \/><span class=\"pdfprnt-button-title pdfprnt-button-print-title\">Download in PDF<\/span><\/a><\/div>","protected":false},"excerpt":{"rendered":"<p>Quando si legge dalle diverse analisi di marketing turistico, che definiscono l\u2019accoglienza un fattore determinante<\/p>\n","protected":false},"author":1,"featured_media":1789,"comment_status":"open","ping_status":"open","sticky":false,"template":"","format":"standard","meta":{"footnotes":""},"categories":[12,13],"tags":[],"class_list":["post-1788","post","type-post","status-publish","format-standard","has-post-thumbnail","hentry","category-12","category-territorio"],"yoast_head":"<!-- This site is optimized with the Yoast SEO plugin v24.2 - https:\/\/yoast.com\/wordpress\/plugins\/seo\/ -->\n<title>ALBERGO \u201cARCHI DEL SOLE\u201d, DOVE LA CORTESIA \u00c8 DI CASA. - Polis SA Magazine<\/title>\n<meta name=\"robots\" content=\"index, follow, max-snippet:-1, max-image-preview:large, max-video-preview:-1\" \/>\n<link rel=\"canonical\" href=\"https:\/\/www.istitutogalanteoliva.it\/magazine\/2019\/12\/02\/albergo-archi-del-sole-dove-la-cortesia-e-di-casa\/\" \/>\n<meta property=\"og:locale\" content=\"it_IT\" \/>\n<meta property=\"og:type\" content=\"article\" \/>\n<meta property=\"og:title\" content=\"ALBERGO \u201cARCHI DEL SOLE\u201d, DOVE LA CORTESIA \u00c8 DI CASA. - Polis SA Magazine\" \/>\n<meta property=\"og:description\" content=\"Quando si legge dalle diverse analisi di marketing turistico, che definiscono l\u2019accoglienza un fattore determinante\" \/>\n<meta property=\"og:url\" content=\"https:\/\/www.istitutogalanteoliva.it\/magazine\/2019\/12\/02\/albergo-archi-del-sole-dove-la-cortesia-e-di-casa\/\" \/>\n<meta property=\"og:site_name\" content=\"Polis SA Magazine\" \/>\n<meta property=\"article:publisher\" content=\"https:\/\/www.facebook.com\/PolisSAMagazine\/\" \/>\n<meta property=\"article:published_time\" content=\"2019-12-02T15:57:58+00:00\" \/>\n<meta property=\"article:modified_time\" content=\"2019-12-02T10:08:36+00:00\" \/>\n<meta property=\"og:image\" content=\"https:\/\/www.istitutogalanteoliva.it\/magazine\/wp-content\/uploads\/2019\/12\/albergo-archi-del-sole.jpg\" \/>\n\t<meta property=\"og:image:width\" content=\"550\" \/>\n\t<meta property=\"og:image:height\" content=\"366\" \/>\n\t<meta property=\"og:image:type\" content=\"image\/jpeg\" \/>\n<meta name=\"author\" content=\"admin\" \/>\n<meta name=\"twitter:card\" content=\"summary_large_image\" \/>\n<meta name=\"twitter:creator\" content=\"@MagazinePolis\" \/>\n<meta name=\"twitter:site\" content=\"@MagazinePolis\" \/>\n<meta name=\"twitter:label1\" content=\"Scritto da\" \/>\n\t<meta name=\"twitter:data1\" content=\"admin\" \/>\n\t<meta name=\"twitter:label2\" content=\"Tempo di lettura stimato\" \/>\n\t<meta name=\"twitter:data2\" content=\"2 minuti\" \/>\n<script type=\"application\/ld+json\" class=\"yoast-schema-graph\">{\"@context\":\"https:\/\/schema.org\",\"@graph\":[{\"@type\":\"Article\",\"@id\":\"https:\/\/www.istitutogalanteoliva.it\/magazine\/2019\/12\/02\/albergo-archi-del-sole-dove-la-cortesia-e-di-casa\/#article\",\"isPartOf\":{\"@id\":\"https:\/\/www.istitutogalanteoliva.it\/magazine\/2019\/12\/02\/albergo-archi-del-sole-dove-la-cortesia-e-di-casa\/\"},\"author\":{\"name\":\"admin\",\"@id\":\"https:\/\/www.istitutogalanteoliva.it\/magazine\/#\/schema\/person\/72e8141246542ebcf905456f5dbd4c49\"},\"headline\":\"ALBERGO \u201cARCHI DEL SOLE\u201d, DOVE LA CORTESIA \u00c8 DI CASA.\",\"datePublished\":\"2019-12-02T15:57:58+00:00\",\"dateModified\":\"2019-12-02T10:08:36+00:00\",\"mainEntityOfPage\":{\"@id\":\"https:\/\/www.istitutogalanteoliva.it\/magazine\/2019\/12\/02\/albergo-archi-del-sole-dove-la-cortesia-e-di-casa\/\"},\"wordCount\":406,\"commentCount\":0,\"publisher\":{\"@id\":\"https:\/\/www.istitutogalanteoliva.it\/magazine\/#organization\"},\"image\":{\"@id\":\"https:\/\/www.istitutogalanteoliva.it\/magazine\/2019\/12\/02\/albergo-archi-del-sole-dove-la-cortesia-e-di-casa\/#primaryimage\"},\"thumbnailUrl\":\"https:\/\/www.istitutogalanteoliva.it\/magazine\/wp-content\/uploads\/2019\/12\/albergo-archi-del-sole.jpg\",\"articleSection\":[\"2019\",\"Territorio\"],\"inLanguage\":\"it-IT\",\"potentialAction\":[{\"@type\":\"CommentAction\",\"name\":\"Comment\",\"target\":[\"https:\/\/www.istitutogalanteoliva.it\/magazine\/2019\/12\/02\/albergo-archi-del-sole-dove-la-cortesia-e-di-casa\/#respond\"]}]},{\"@type\":\"WebPage\",\"@id\":\"https:\/\/www.istitutogalanteoliva.it\/magazine\/2019\/12\/02\/albergo-archi-del-sole-dove-la-cortesia-e-di-casa\/\",\"url\":\"https:\/\/www.istitutogalanteoliva.it\/magazine\/2019\/12\/02\/albergo-archi-del-sole-dove-la-cortesia-e-di-casa\/\",\"name\":\"ALBERGO \u201cARCHI DEL SOLE\u201d, DOVE LA CORTESIA \u00c8 DI CASA. - Polis SA Magazine\",\"isPartOf\":{\"@id\":\"https:\/\/www.istitutogalanteoliva.it\/magazine\/#website\"},\"primaryImageOfPage\":{\"@id\":\"https:\/\/www.istitutogalanteoliva.it\/magazine\/2019\/12\/02\/albergo-archi-del-sole-dove-la-cortesia-e-di-casa\/#primaryimage\"},\"image\":{\"@id\":\"https:\/\/www.istitutogalanteoliva.it\/magazine\/2019\/12\/02\/albergo-archi-del-sole-dove-la-cortesia-e-di-casa\/#primaryimage\"},\"thumbnailUrl\":\"https:\/\/www.istitutogalanteoliva.it\/magazine\/wp-content\/uploads\/2019\/12\/albergo-archi-del-sole.jpg\",\"datePublished\":\"2019-12-02T15:57:58+00:00\",\"dateModified\":\"2019-12-02T10:08:36+00:00\",\"breadcrumb\":{\"@id\":\"https:\/\/www.istitutogalanteoliva.it\/magazine\/2019\/12\/02\/albergo-archi-del-sole-dove-la-cortesia-e-di-casa\/#breadcrumb\"},\"inLanguage\":\"it-IT\",\"potentialAction\":[{\"@type\":\"ReadAction\",\"target\":[\"https:\/\/www.istitutogalanteoliva.it\/magazine\/2019\/12\/02\/albergo-archi-del-sole-dove-la-cortesia-e-di-casa\/\"]}]},{\"@type\":\"ImageObject\",\"inLanguage\":\"it-IT\",\"@id\":\"https:\/\/www.istitutogalanteoliva.it\/magazine\/2019\/12\/02\/albergo-archi-del-sole-dove-la-cortesia-e-di-casa\/#primaryimage\",\"url\":\"https:\/\/www.istitutogalanteoliva.it\/magazine\/wp-content\/uploads\/2019\/12\/albergo-archi-del-sole.jpg\",\"contentUrl\":\"https:\/\/www.istitutogalanteoliva.it\/magazine\/wp-content\/uploads\/2019\/12\/albergo-archi-del-sole.jpg\",\"width\":550,\"height\":366},{\"@type\":\"BreadcrumbList\",\"@id\":\"https:\/\/www.istitutogalanteoliva.it\/magazine\/2019\/12\/02\/albergo-archi-del-sole-dove-la-cortesia-e-di-casa\/#breadcrumb\",\"itemListElement\":[{\"@type\":\"ListItem\",\"position\":1,\"name\":\"Home\",\"item\":\"https:\/\/www.istitutogalanteoliva.it\/magazine\/\"},{\"@type\":\"ListItem\",\"position\":2,\"name\":\"ALBERGO \u201cARCHI DEL SOLE\u201d, DOVE LA CORTESIA \u00c8 DI CASA.\"}]},{\"@type\":\"WebSite\",\"@id\":\"https:\/\/www.istitutogalanteoliva.it\/magazine\/#website\",\"url\":\"https:\/\/www.istitutogalanteoliva.it\/magazine\/\",\"name\":\"POLIS SA MAGAZINE\",\"description\":\"Informazione e approfondimenti\",\"publisher\":{\"@id\":\"https:\/\/www.istitutogalanteoliva.it\/magazine\/#organization\"},\"potentialAction\":[{\"@type\":\"SearchAction\",\"target\":{\"@type\":\"EntryPoint\",\"urlTemplate\":\"https:\/\/www.istitutogalanteoliva.it\/magazine\/?s={search_term_string}\"},\"query-input\":{\"@type\":\"PropertyValueSpecification\",\"valueRequired\":true,\"valueName\":\"search_term_string\"}}],\"inLanguage\":\"it-IT\"},{\"@type\":\"Organization\",\"@id\":\"https:\/\/www.istitutogalanteoliva.it\/magazine\/#organization\",\"name\":\"Polis SA Magazine\",\"url\":\"https:\/\/www.istitutogalanteoliva.it\/magazine\/\",\"logo\":{\"@type\":\"ImageObject\",\"inLanguage\":\"it-IT\",\"@id\":\"https:\/\/www.istitutogalanteoliva.it\/magazine\/#\/schema\/logo\/image\/\",\"url\":\"\",\"contentUrl\":\"\",\"caption\":\"Polis SA Magazine\"},\"image\":{\"@id\":\"https:\/\/www.istitutogalanteoliva.it\/magazine\/#\/schema\/logo\/image\/\"},\"sameAs\":[\"https:\/\/www.facebook.com\/PolisSAMagazine\/\",\"https:\/\/x.com\/MagazinePolis\",\"https:\/\/www.youtube.com\/channel\/UCv0Mr5AHKUmsc0sEEXkJrgw\"]},{\"@type\":\"Person\",\"@id\":\"https:\/\/www.istitutogalanteoliva.it\/magazine\/#\/schema\/person\/72e8141246542ebcf905456f5dbd4c49\",\"name\":\"admin\",\"image\":{\"@type\":\"ImageObject\",\"inLanguage\":\"it-IT\",\"@id\":\"https:\/\/www.istitutogalanteoliva.it\/magazine\/#\/schema\/person\/image\/\",\"url\":\"https:\/\/secure.gravatar.com\/avatar\/07059cc99eeb1edd29e138d1812e69ec?s=96&d=mm&r=g\",\"contentUrl\":\"https:\/\/secure.gravatar.com\/avatar\/07059cc99eeb1edd29e138d1812e69ec?s=96&d=mm&r=g\",\"caption\":\"admin\"},\"url\":\"https:\/\/www.istitutogalanteoliva.it\/magazine\/author\/admin\/\"}]}<\/script>\n<!-- \/ Yoast SEO plugin. -->","yoast_head_json":{"title":"ALBERGO \u201cARCHI DEL SOLE\u201d, DOVE LA CORTESIA \u00c8 DI CASA. - Polis SA Magazine","robots":{"index":"index","follow":"follow","max-snippet":"max-snippet:-1","max-image-preview":"max-image-preview:large","max-video-preview":"max-video-preview:-1"},"canonical":"https:\/\/www.istitutogalanteoliva.it\/magazine\/2019\/12\/02\/albergo-archi-del-sole-dove-la-cortesia-e-di-casa\/","og_locale":"it_IT","og_type":"article","og_title":"ALBERGO \u201cARCHI DEL SOLE\u201d, DOVE LA CORTESIA \u00c8 DI CASA. - Polis SA Magazine","og_description":"Quando si legge dalle diverse analisi di marketing turistico, che definiscono l\u2019accoglienza un fattore determinante","og_url":"https:\/\/www.istitutogalanteoliva.it\/magazine\/2019\/12\/02\/albergo-archi-del-sole-dove-la-cortesia-e-di-casa\/","og_site_name":"Polis SA Magazine","article_publisher":"https:\/\/www.facebook.com\/PolisSAMagazine\/","article_published_time":"2019-12-02T15:57:58+00:00","article_modified_time":"2019-12-02T10:08:36+00:00","og_image":[{"width":550,"height":366,"url":"https:\/\/www.istitutogalanteoliva.it\/magazine\/wp-content\/uploads\/2019\/12\/albergo-archi-del-sole.jpg","type":"image\/jpeg"}],"author":"admin","twitter_card":"summary_large_image","twitter_creator":"@MagazinePolis","twitter_site":"@MagazinePolis","twitter_misc":{"Scritto da":"admin","Tempo di lettura stimato":"2 minuti"},"schema":{"@context":"https:\/\/schema.org","@graph":[{"@type":"Article","@id":"https:\/\/www.istitutogalanteoliva.it\/magazine\/2019\/12\/02\/albergo-archi-del-sole-dove-la-cortesia-e-di-casa\/#article","isPartOf":{"@id":"https:\/\/www.istitutogalanteoliva.it\/magazine\/2019\/12\/02\/albergo-archi-del-sole-dove-la-cortesia-e-di-casa\/"},"author":{"name":"admin","@id":"https:\/\/www.istitutogalanteoliva.it\/magazine\/#\/schema\/person\/72e8141246542ebcf905456f5dbd4c49"},"headline":"ALBERGO \u201cARCHI DEL SOLE\u201d, DOVE LA CORTESIA \u00c8 DI CASA.","datePublished":"2019-12-02T15:57:58+00:00","dateModified":"2019-12-02T10:08:36+00:00","mainEntityOfPage":{"@id":"https:\/\/www.istitutogalanteoliva.it\/magazine\/2019\/12\/02\/albergo-archi-del-sole-dove-la-cortesia-e-di-casa\/"},"wordCount":406,"commentCount":0,"publisher":{"@id":"https:\/\/www.istitutogalanteoliva.it\/magazine\/#organization"},"image":{"@id":"https:\/\/www.istitutogalanteoliva.it\/magazine\/2019\/12\/02\/albergo-archi-del-sole-dove-la-cortesia-e-di-casa\/#primaryimage"},"thumbnailUrl":"https:\/\/www.istitutogalanteoliva.it\/magazine\/wp-content\/uploads\/2019\/12\/albergo-archi-del-sole.jpg","articleSection":["2019","Territorio"],"inLanguage":"it-IT","potentialAction":[{"@type":"CommentAction","name":"Comment","target":["https:\/\/www.istitutogalanteoliva.it\/magazine\/2019\/12\/02\/albergo-archi-del-sole-dove-la-cortesia-e-di-casa\/#respond"]}]},{"@type":"WebPage","@id":"https:\/\/www.istitutogalanteoliva.it\/magazine\/2019\/12\/02\/albergo-archi-del-sole-dove-la-cortesia-e-di-casa\/","url":"https:\/\/www.istitutogalanteoliva.it\/magazine\/2019\/12\/02\/albergo-archi-del-sole-dove-la-cortesia-e-di-casa\/","name":"ALBERGO \u201cARCHI DEL SOLE\u201d, DOVE LA CORTESIA \u00c8 DI CASA. - Polis SA Magazine","isPartOf":{"@id":"https:\/\/www.istitutogalanteoliva.it\/magazine\/#website"},"primaryImageOfPage":{"@id":"https:\/\/www.istitutogalanteoliva.it\/magazine\/2019\/12\/02\/albergo-archi-del-sole-dove-la-cortesia-e-di-casa\/#primaryimage"},"image":{"@id":"https:\/\/www.istitutogalanteoliva.it\/magazine\/2019\/12\/02\/albergo-archi-del-sole-dove-la-cortesia-e-di-casa\/#primaryimage"},"thumbnailUrl":"https:\/\/www.istitutogalanteoliva.it\/magazine\/wp-content\/uploads\/2019\/12\/albergo-archi-del-sole.jpg","datePublished":"2019-12-02T15:57:58+00:00","dateModified":"2019-12-02T10:08:36+00:00","breadcrumb":{"@id":"https:\/\/www.istitutogalanteoliva.it\/magazine\/2019\/12\/02\/albergo-archi-del-sole-dove-la-cortesia-e-di-casa\/#breadcrumb"},"inLanguage":"it-IT","potentialAction":[{"@type":"ReadAction","target":["https:\/\/www.istitutogalanteoliva.it\/magazine\/2019\/12\/02\/albergo-archi-del-sole-dove-la-cortesia-e-di-casa\/"]}]},{"@type":"ImageObject","inLanguage":"it-IT","@id":"https:\/\/www.istitutogalanteoliva.it\/magazine\/2019\/12\/02\/albergo-archi-del-sole-dove-la-cortesia-e-di-casa\/#primaryimage","url":"https:\/\/www.istitutogalanteoliva.it\/magazine\/wp-content\/uploads\/2019\/12\/albergo-archi-del-sole.jpg","contentUrl":"https:\/\/www.istitutogalanteoliva.it\/magazine\/wp-content\/uploads\/2019\/12\/albergo-archi-del-sole.jpg","width":550,"height":366},{"@type":"BreadcrumbList","@id":"https:\/\/www.istitutogalanteoliva.it\/magazine\/2019\/12\/02\/albergo-archi-del-sole-dove-la-cortesia-e-di-casa\/#breadcrumb","itemListElement":[{"@type":"ListItem","position":1,"name":"Home","item":"https:\/\/www.istitutogalanteoliva.it\/magazine\/"},{"@type":"ListItem","position":2,"name":"ALBERGO \u201cARCHI DEL SOLE\u201d, DOVE LA CORTESIA \u00c8 DI CASA."}]},{"@type":"WebSite","@id":"https:\/\/www.istitutogalanteoliva.it\/magazine\/#website","url":"https:\/\/www.istitutogalanteoliva.it\/magazine\/","name":"POLIS SA MAGAZINE","description":"Informazione e approfondimenti","publisher":{"@id":"https:\/\/www.istitutogalanteoliva.it\/magazine\/#organization"},"potentialAction":[{"@type":"SearchAction","target":{"@type":"EntryPoint","urlTemplate":"https:\/\/www.istitutogalanteoliva.it\/magazine\/?s={search_term_string}"},"query-input":{"@type":"PropertyValueSpecification","valueRequired":true,"valueName":"search_term_string"}}],"inLanguage":"it-IT"},{"@type":"Organization","@id":"https:\/\/www.istitutogalanteoliva.it\/magazine\/#organization","name":"Polis SA Magazine","url":"https:\/\/www.istitutogalanteoliva.it\/magazine\/","logo":{"@type":"ImageObject","inLanguage":"it-IT","@id":"https:\/\/www.istitutogalanteoliva.it\/magazine\/#\/schema\/logo\/image\/","url":"","contentUrl":"","caption":"Polis SA Magazine"},"image":{"@id":"https:\/\/www.istitutogalanteoliva.it\/magazine\/#\/schema\/logo\/image\/"},"sameAs":["https:\/\/www.facebook.com\/PolisSAMagazine\/","https:\/\/x.com\/MagazinePolis","https:\/\/www.youtube.com\/channel\/UCv0Mr5AHKUmsc0sEEXkJrgw"]},{"@type":"Person","@id":"https:\/\/www.istitutogalanteoliva.it\/magazine\/#\/schema\/person\/72e8141246542ebcf905456f5dbd4c49","name":"admin","image":{"@type":"ImageObject","inLanguage":"it-IT","@id":"https:\/\/www.istitutogalanteoliva.it\/magazine\/#\/schema\/person\/image\/","url":"https:\/\/secure.gravatar.com\/avatar\/07059cc99eeb1edd29e138d1812e69ec?s=96&d=mm&r=g","contentUrl":"https:\/\/secure.gravatar.com\/avatar\/07059cc99eeb1edd29e138d1812e69ec?s=96&d=mm&r=g","caption":"admin"},"url":"https:\/\/www.istitutogalanteoliva.it\/magazine\/author\/admin\/"}]}},"_links":{"self":[{"href":"https:\/\/www.istitutogalanteoliva.it\/magazine\/wp-json\/wp\/v2\/posts\/1788","targetHints":{"allow":["GET"]}}],"collection":[{"href":"https:\/\/www.istitutogalanteoliva.it\/magazine\/wp-json\/wp\/v2\/posts"}],"about":[{"href":"https:\/\/www.istitutogalanteoliva.it\/magazine\/wp-json\/wp\/v2\/types\/post"}],"author":[{"embeddable":true,"href":"https:\/\/www.istitutogalanteoliva.it\/magazine\/wp-json\/wp\/v2\/users\/1"}],"replies":[{"embeddable":true,"href":"https:\/\/www.istitutogalanteoliva.it\/magazine\/wp-json\/wp\/v2\/comments?post=1788"}],"version-history":[{"count":1,"href":"https:\/\/www.istitutogalanteoliva.it\/magazine\/wp-json\/wp\/v2\/posts\/1788\/revisions"}],"predecessor-version":[{"id":1790,"href":"https:\/\/www.istitutogalanteoliva.it\/magazine\/wp-json\/wp\/v2\/posts\/1788\/revisions\/1790"}],"wp:featuredmedia":[{"embeddable":true,"href":"https:\/\/www.istitutogalanteoliva.it\/magazine\/wp-json\/wp\/v2\/media\/1789"}],"wp:attachment":[{"href":"https:\/\/www.istitutogalanteoliva.it\/magazine\/wp-json\/wp\/v2\/media?parent=1788"}],"wp:term":[{"taxonomy":"category","embeddable":true,"href":"https:\/\/www.istitutogalanteoliva.it\/magazine\/wp-json\/wp\/v2\/categories?post=1788"},{"taxonomy":"post_tag","embeddable":true,"href":"https:\/\/www.istitutogalanteoliva.it\/magazine\/wp-json\/wp\/v2\/tags?post=1788"}],"curies":[{"name":"wp","href":"https:\/\/api.w.org\/{rel}","templated":true}]}}