{"id":17953,"date":"2025-04-29T08:00:00","date_gmt":"2025-04-29T06:00:00","guid":{"rendered":"https:\/\/www.istitutogalanteoliva.it\/magazine\/?p=17953"},"modified":"2025-04-30T16:28:13","modified_gmt":"2025-04-30T14:28:13","slug":"storia-di-un-primo-maggio-1","status":"publish","type":"post","link":"https:\/\/www.istitutogalanteoliva.it\/magazine\/2025\/04\/29\/storia-di-un-primo-maggio-1\/","title":{"rendered":"Storia di un Primo Maggio -1"},"content":{"rendered":"\n<h2 class=\"wp-block-heading has-text-align-center\">Storia di un Primo Maggio -1<\/h2>\n\n\n\n<p class=\"has-text-align-center\"><strong>di Mario Avagliano<\/strong><br><\/p>\n\n\n\n<p>Con questa serie di tre articoli vogliamo ricordare il libro di <strong>Mimmo Oliva <em>&#8220;<\/em><\/strong><em><a href=\"https:\/\/www.edizionipolis.it\/index.php?id_product=12&amp;controller=product&amp;id_lang=2\">A me pare che il mondo resti fermo &#8211; Storia di un Primo Maggio<\/a>&#8220;<\/em> (Polis SA Edizioni), alla seconda edizione, curata da <strong>Teo Oliva<\/strong>, che raccoglie i pensieri e gli appunti di <a href=\"https:\/\/www.istitutogalanteoliva.it\/magazine\/2024\/12\/15\/galante-oliva-un-cammino-tra-politica-impegno-sociale-e-lotta-per-i-diritti\/\">Galante Oliva <\/a>sul Primo Maggio a Nocera Inferiore dal 1956 al 1974, anni in cui fu protagonista attivo della storia sindacale della provincia di Salerno. Ogni rigo trascritto nel libro racconta una realt\u00e0, ormai passata ma ancora viva nei ricordi, che fa luce sulle imprese e le industrie storiche del territorio, le personalit\u00e0, le problematiche e le lotte per il lavoro che hanno segnato per decenni l&#8217;Agro Nocerino Sarnese e il resto del paese.<\/p>\n\n\n\n<p>Questo libro, con la prefazione di <strong>Mario Avagliano<\/strong>, rappresenta una testimonianza importante della storia del Primo Maggio nel salernitano, e probabilmente di gran parte del Sud Italia.<br>Con cadenza giornaiera pubblicheremo la prefazione di Avagliano, e le introduzioni di <strong>Galante Teo Oliva<\/strong> e <strong>Mimmo Oliva<\/strong>.<\/p>\n\n\n\n<hr class=\"wp-block-separator has-alpha-channel-opacity\"\/>\n\n\n\n<h3 class=\"wp-block-heading has-text-align-center\"><strong>Galante Oliva: Un testimone della lotta per il lavoro nel meridione<\/strong><\/h3>\n\n\n\n<h4 class=\"wp-block-heading has-text-align-center\">di Mario Avagliano <\/h4>\n\n\n\n<p>Nella storia del Meridione d\u2019Italia ci sono personalit\u00e0 della politica e del sindacalismo del Novecento che, pur avendo salde radici nei territori di origine, con le loro idee, le loro battaglie, la loro lezione morale, hanno travalicato i confini locali, assurgendo a modelli nazionali di quella bella politica di matrice popolare di cui tanto si avverte la mancanza nel grigio inizio di terzo millennio che viviamo. Uno di questi \u00e8 il nocerino Galante Oliva, la cui storia di riscatto e d\u2019impegno per gli altri \u00e8 emblematica di come la generazione uscita dal ventennio fascista e dal secondo conflitto mondiale seppe rimboccarsi le maniche e contribuire alla ricostruzione e all\u2019impetuoso sviluppo democratico, industriale e sociale del nostro Paese, che nel volgere di pochi lustri \u00e8 diventato la sesta potenza economica del mondo.<\/p>\n\n\n\n<p>Una generazione figlia della Costituzione del &#8217;48, che aveva iscritto a chiare lettere nei suoi principi fondamentali (quelli contenuti nella prima parte) che \u201cl\u2019Italia \u00e8 una Repubblica democratica fondata sul lavoro\u201d e che \u201criconosce a tutti i cittadini il diritto al lavoro e promuove le condizioni che rendano effettivo questo diritto\u201d. Una generazione che si dimostr\u00f2 battagliera, ribelle, ma anche seria, concreta, pragmatica, rigorosa, capace di realizzare nei fatti un\u2019epoca nuova, che condusse al riconoscimento dei diritti degli operai e dei braccianti, a condizioni pi\u00f9 umane nei luoghi di lavoro, all\u2019aumento dei salari e degli stipendi, al miglioramento del tenore di vita delle famiglie, alla riduzione dell\u2019orario di lavoro, fino alla straordinaria conquista nel 1970 dello Statuto dei Lavoratori.<\/p>\n\n\n\n<p>Galante Oliva, classe 1932, era un protagonista di quella generazione. Negli anni difficili del dopoguerra, caratterizzati da forti ristrettezze economiche (ai limiti della povert\u00e0) e da violenti scontri politici e sociali, il giovane Oliva, rimasto a 14 anni orfano di padre e tre anni dopo anche di madre, costretto per sopravvivere ai lavori pi\u00f9 umili gi\u00e0 all\u2019et\u00e0 di 12 anni (operaio, bracciante, contadino, cestaio: 15 ore al giorno, con paghe infime), trov\u00f2 nell\u2019attivit\u00e0 sindacale in favore dei colleghi di lavoro (nell\u2019ambito della CGIL) e nella militanza politica nel Pci un\u2019occasione di crescita umana e intellettuale. Avendo come mentore un personaggio del calibro di Pietro Amendola, figlio dell\u2019antifascista Giovanni, segretario della federazione del Pci salernitano nel primo dopoguerra, che nel 1963 celebrer\u00e0 le nozze civili di Galante in Comune (tra le prime celebrate nel Mezzogiorno d&#8217;Italia) con una compagna di partito, Biagina Daniele, anch\u2019essa dirigente provinciale del Pci oltre che dell\u2019UDI.<\/p>\n\n\n\n<p>Ci si \u00e8 dimenticati di quali incredibili sedi di formazione fossero allora le sezioni dei partiti e dei sindacati. Ci si \u00e8 dimenticati di come, in quel contesto, anche chi come Galante proveniva da condizioni sociali modeste e non aveva potuto seguire il corso degli studi, avesse la possibilit\u00e0 di maturare &#8211; nel serrato confronto sindacale e nella ricca vita di partito, con le sue organizzazioni e le sue scuole (a partire da quella celebre di Frattocchie, che Oliva frequent\u00f2 dal &#8217;55 al &#8217;58) &#8211; un\u2019identit\u00e0 politica e culturale e la capacit\u00e0 di guardare oltre il giardino della propria citt\u00e0.<\/p>\n\n\n\n<hr class=\"wp-block-separator has-alpha-channel-opacity is-style-dots\"\/>\n\n\n\n<p><strong>Il Primo Maggio e le Battaglie Sociali<\/strong><\/p>\n\n\n\n<p>Allora il Primo Maggio non era solo un grande momento di aggregazione dei sindacati e una festa-concerto capace di richiamare folle oceaniche in piazza e in televisione. Allora il Primo Maggio era un appuntamento collettivo di riflessione dei lavoratori, un appuntamento in cui fare il punto della situazione e lanciare nuove sfide, nuove battaglie. Per la riforma agraria, per l\u2019occupazione, per le libert\u00e0 sindacali, per la nazionalizzazione dell&#8217;energia elettrica, per la partecipazione ai benefici del miracolo economico anche da parte della classe operaia, ma anche per la pace, per il disarmo atomico, e pi\u00f9 tardi contro la guerra in Vietnam, in favore del movimento studentesco e per il diritto al divorzio.<\/p>\n\n\n\n<p>Appuntamenti che &#8211; soprattutto negli anni Cinquanta &#8211; si svolgevano in piazze non sempre affollate, anzi a volte semivuote, in quanto i \u201cpadroni\u201d discriminavano con minacce e ricatti chi svolgeva attivit\u00e0 sindacale, chi scioperava, chi chiedeva il rispetto dei propri diritti, tanto pi\u00f9 se aveva in tasca la tessera comunista. Appare quindi di sicuro interesse storico l\u2019operazione di raccogliere in questo saggio tutti i discorsi tenuti da Galante Oliva in quell\u2019occasione, dal 1956 al 1974, parlando dal palco in Piazza Cianciullo a Nocera Inferiore, davanti al Liceo Classico G.B. Vico, dove poi il regista Ettore Scola ambienter\u00e0 alcune scene del suo \u201cC\u2019eravamo tanto amati\u201d.<\/p>\n\n\n\n<p>E colpisce e commuove leggere le sue richieste di \u201clavoro, pane e libert\u00e0\u201d, i suoi accorati appelli alla fraternit\u00e0 dei lavoratori, i suoi richiami alla Costituzione, le sue veementi reprimende nei confronti delle ingiustizie e degli squilibri sociali a danno dei lavoratori e dei pensionati, le sue precise analisi sulla situazione economica locale, cos\u00ec come le sue denunce sugli sprechi nell\u2019utilizzo dei fondi pubblici da parte dello Stato, sulla necessit\u00e0 di far rinascere il Mezzogiorno, sull\u2019indispensabile lotta alla corruzione e alla camorra (che qualche anno pi\u00f9 tardi lo costringeranno a vivere sotto scorta e a nascondere la famiglia in posti sicuri).<\/p>\n\n\n\n<hr class=\"wp-block-separator has-alpha-channel-opacity is-style-dots\"\/>\n\n\n\n<p><strong>La Visione Nazionale di Galante Oliva<\/strong><\/p>\n\n\n\n<p>Rimbalzano da queste pagine anche le grandi lotte operaie e contadine degli anni &#8217;50-&#8217;70 nelle campagne, nelle industrie conserviere e negli stabilimenti dell\u2019agro nocerino-sarnese, dalla MCM al Confettificio Costabile, dal Pastificio Ferro alla Cartiera di Scafati fino alla Buscetto e alla Cirio-Star. Oliva fu uno dei protagonisti di quelle lotte, come quella della MCM sul finire degli anni Cinquanta, che coinvolse non solo i sindacati e le forze politiche, ma vide la partecipazione e la solidariet\u00e0 della popolazione e di personaggi illustri, a partire dal musicista napoletano Raffaele Viviani.<\/p>\n\n\n\n<p>\u00c8 interessante osservare come lo sguardo (e le parole) di Oliva non fossero mai miopi, mai provinciali, ma &#8211; al contrario &#8211; capaci di vedere lontano, di avere una valenza nazionale e internazionale, di unire idealmente i lavoratori dell\u2019Agro alle donne e agli uomini che in ogni dove lottavano per il ripristino della democrazia e della libert\u00e0 nei paesi sottoposti a dittature fasciste (come la Spagna, il Portogallo, il Cile), a quanti chiedevano la pace, la libert\u00e0 e il disarmo atomico, agli studenti che manifestavano nelle scuole, a chi combatteva per i diritti civili come il divorzio.<\/p>\n\n\n\n<p>Certo, i discorsi di Galante riflettono un\u2019ottica di parte e sono figli, in qualche modo, dell\u2019epoca della guerra fredda, di un mondo spaccato in due tra Occidente e Urss. Ma rappresentano anche l\u2019orgoglio e le specificit\u00e0 di un militante di un partito comunista sui generis come quello italiano che, pur tra contraddizioni e ambiguit\u00e0, era profondamente democratico.<\/p>\n\n\n\n<hr class=\"wp-block-separator has-alpha-channel-opacity is-style-dots\"\/>\n\n\n\n<p><strong>Un Testimone da Non Dimenticare<\/strong><\/p>\n\n\n\n<p>Opportunamente, il curatore di questo libro, il figlio Mimmo Oliva, ci conduce in punta di piedi nel mondo di Galante, con un\u2019articolata ma godibilissima introduzione, una sorta di diario che ripercorre anno per anno, senza retorica, i \u201cprimi maggio\u201d del padre e fornisce un&#8217;interpretazione autentica (e umana) del pensiero del sindacalista nocerino, raccontando il dietro le quinte di questo coraggioso e indomito \u201cuomo di pianura\u201d.<\/p>\n\n\n\n<p>Prima di cedere il passo ai discorsi veri e propri di Galante Oliva, che molti ancora ricordano per la straordinaria capacit\u00e0 di far vibrare, con la sua passione e la sua oratoria roboante, il cuore e la \u201ccarne viva\u201d degli operai, dei braccianti e dei contadini dell<\/p>\n\n\n\n<p>\u2019Agro, vale la pena fermarsi un istante a riflettere sulle radici di questo protagonista di un\u2019epoca ormai lontana. Perch\u00e9 Galante Oliva, oltre alla sua attivit\u00e0 sindacale, \u00e8 stato anche un intellettuale, un punto di riferimento morale, un esempio di generosit\u00e0 e di impegno civile che va al di l\u00e0 della semplice militanza politica.<\/p>\n\n\n\n<p>Per tutte queste ragioni, la figura di Galante Oliva non va dimenticata, n\u00e9 tantomeno ridotta a un semplice simbolo del passato. Rappresenta un testimone di valori fondamentali, come il lavoro, la giustizia sociale e la dignit\u00e0 dell\u2019essere umano. Un testimone che ci invita a non smettere mai di lottare per un mondo migliore.<\/p>\n\n\n\n<p class=\"has-text-align-right\"><strong><em>Mario Avagliano<\/em><\/strong> <\/p>\n\n\n\n<p class=\"has-text-align-left\"><strong>LEGGI ANCHE<\/strong>: <\/p>\n\n\n\n<h3 class=\"wp-block-heading\"><a href=\"https:\/\/www.istitutogalanteoliva.it\/magazine\/2025\/04\/30\/storia-di-un-primo-maggio-2\/\">Storia di un Primo Maggio -2<\/a><\/h3>\n\n\n\n<p><strong>TRA MEMORIA E SPERANZA: RIFLESSIONI SU UNA LOTTA<\/strong><br>[Di Galante Teo Oliva]<\/p>\n<div class=\"pdfprnt-buttons pdfprnt-buttons-post pdfprnt-bottom-left\"><a href=\"https:\/\/www.istitutogalanteoliva.it\/magazine\/wp-json\/wp\/v2\/posts\/17953?print=print\" class=\"pdfprnt-button pdfprnt-button-print\" target=\"_blank\"><img decoding=\"async\" src=\"https:\/\/www.istitutogalanteoliva.it\/magazine\/wp-content\/plugins\/pdf-print\/images\/print.png\" alt=\"image_print\" title=\"Stampa contenuto\" \/><span class=\"pdfprnt-button-title pdfprnt-button-print-title\">Download in PDF<\/span><\/a><\/div>","protected":false},"excerpt":{"rendered":"<p>GALANTE OLIVA: UN TESTIMONE DELLA LOTTA PER Il LAVORO NEL MERIDIONE .<br \/>\n  Un sindacalista e la sua battaglia per il lavoro e la giustizia sociale.<br \/>\n[Di Mario Avagliano]<\/p>\n","protected":false},"author":2,"featured_media":17959,"comment_status":"closed","ping_status":"open","sticky":true,"template":"","format":"standard","meta":{"footnotes":""},"categories":[1241,1334,1336],"tags":[1236,1223,131,355],"class_list":["post-17953","post","type-post","status-publish","format-standard","has-post-thumbnail","hentry","category-1241","category-saggi","category-storia-di-un-primo-maggio","tag-galante-oliva","tag-istituto-galante-oliva","tag-polis-sa-edizioni","tag-primo-maggio"],"yoast_head":"<!-- This site is optimized with the Yoast SEO plugin v24.2 - https:\/\/yoast.com\/wordpress\/plugins\/seo\/ -->\n<title>Storia di un Primo Maggio -1 - Polis SA Magazine<\/title>\n<meta name=\"robots\" content=\"index, follow, max-snippet:-1, max-image-preview:large, max-video-preview:-1\" \/>\n<link rel=\"canonical\" href=\"https:\/\/www.istitutogalanteoliva.it\/magazine\/2025\/04\/29\/storia-di-un-primo-maggio-1\/\" \/>\n<meta property=\"og:locale\" content=\"it_IT\" \/>\n<meta property=\"og:type\" content=\"article\" \/>\n<meta property=\"og:title\" content=\"Storia di un Primo Maggio -1 - Polis SA Magazine\" \/>\n<meta property=\"og:description\" content=\"GALANTE OLIVA: UN TESTIMONE DELLA LOTTA PER Il LAVORO NEL MERIDIONE .  Un sindacalista e la sua battaglia per il lavoro e la giustizia sociale. [Di Mario Avagliano]\" \/>\n<meta property=\"og:url\" content=\"https:\/\/www.istitutogalanteoliva.it\/magazine\/2025\/04\/29\/storia-di-un-primo-maggio-1\/\" \/>\n<meta property=\"og:site_name\" content=\"Polis SA Magazine\" \/>\n<meta property=\"article:publisher\" content=\"https:\/\/www.facebook.com\/PolisSAMagazine\/\" \/>\n<meta property=\"article:published_time\" content=\"2025-04-29T06:00:00+00:00\" \/>\n<meta property=\"article:modified_time\" content=\"2025-04-30T14:28:13+00:00\" \/>\n<meta property=\"og:image\" content=\"https:\/\/www.istitutogalanteoliva.it\/magazine\/wp-content\/uploads\/2025\/04\/primo-maggio-1.jpg\" \/>\n\t<meta property=\"og:image:width\" content=\"1400\" \/>\n\t<meta property=\"og:image:height\" content=\"760\" \/>\n\t<meta property=\"og:image:type\" content=\"image\/jpeg\" \/>\n<meta name=\"author\" content=\"Antonello Rivano\" \/>\n<meta name=\"twitter:card\" content=\"summary_large_image\" \/>\n<meta name=\"twitter:creator\" content=\"@MagazinePolis\" \/>\n<meta name=\"twitter:site\" content=\"@MagazinePolis\" \/>\n<meta name=\"twitter:label1\" content=\"Scritto da\" \/>\n\t<meta name=\"twitter:data1\" content=\"Antonello Rivano\" \/>\n\t<meta name=\"twitter:label2\" content=\"Tempo di lettura stimato\" \/>\n\t<meta name=\"twitter:data2\" content=\"9 minuti\" \/>\n<script type=\"application\/ld+json\" class=\"yoast-schema-graph\">{\"@context\":\"https:\/\/schema.org\",\"@graph\":[{\"@type\":\"Article\",\"@id\":\"https:\/\/www.istitutogalanteoliva.it\/magazine\/2025\/04\/29\/storia-di-un-primo-maggio-1\/#article\",\"isPartOf\":{\"@id\":\"https:\/\/www.istitutogalanteoliva.it\/magazine\/2025\/04\/29\/storia-di-un-primo-maggio-1\/\"},\"author\":{\"name\":\"Antonello Rivano\",\"@id\":\"https:\/\/www.istitutogalanteoliva.it\/magazine\/#\/schema\/person\/d8b8aa79cfe8babc1df9da3212a7c0c4\"},\"headline\":\"Storia di un Primo Maggio -1\",\"datePublished\":\"2025-04-29T06:00:00+00:00\",\"dateModified\":\"2025-04-30T14:28:13+00:00\",\"mainEntityOfPage\":{\"@id\":\"https:\/\/www.istitutogalanteoliva.it\/magazine\/2025\/04\/29\/storia-di-un-primo-maggio-1\/\"},\"wordCount\":1361,\"publisher\":{\"@id\":\"https:\/\/www.istitutogalanteoliva.it\/magazine\/#organization\"},\"image\":{\"@id\":\"https:\/\/www.istitutogalanteoliva.it\/magazine\/2025\/04\/29\/storia-di-un-primo-maggio-1\/#primaryimage\"},\"thumbnailUrl\":\"https:\/\/www.istitutogalanteoliva.it\/magazine\/wp-content\/uploads\/2025\/04\/primo-maggio-1.jpg\",\"keywords\":[\"Galante Oliva\",\"Istituto Galante Oliva\",\"Polis SA Edizioni\",\"primo maggio\"],\"articleSection\":[\"2025\",\"Saggi\",\"Storia di un Primo Maggio\"],\"inLanguage\":\"it-IT\"},{\"@type\":\"WebPage\",\"@id\":\"https:\/\/www.istitutogalanteoliva.it\/magazine\/2025\/04\/29\/storia-di-un-primo-maggio-1\/\",\"url\":\"https:\/\/www.istitutogalanteoliva.it\/magazine\/2025\/04\/29\/storia-di-un-primo-maggio-1\/\",\"name\":\"Storia di un Primo Maggio -1 - Polis SA Magazine\",\"isPartOf\":{\"@id\":\"https:\/\/www.istitutogalanteoliva.it\/magazine\/#website\"},\"primaryImageOfPage\":{\"@id\":\"https:\/\/www.istitutogalanteoliva.it\/magazine\/2025\/04\/29\/storia-di-un-primo-maggio-1\/#primaryimage\"},\"image\":{\"@id\":\"https:\/\/www.istitutogalanteoliva.it\/magazine\/2025\/04\/29\/storia-di-un-primo-maggio-1\/#primaryimage\"},\"thumbnailUrl\":\"https:\/\/www.istitutogalanteoliva.it\/magazine\/wp-content\/uploads\/2025\/04\/primo-maggio-1.jpg\",\"datePublished\":\"2025-04-29T06:00:00+00:00\",\"dateModified\":\"2025-04-30T14:28:13+00:00\",\"breadcrumb\":{\"@id\":\"https:\/\/www.istitutogalanteoliva.it\/magazine\/2025\/04\/29\/storia-di-un-primo-maggio-1\/#breadcrumb\"},\"inLanguage\":\"it-IT\",\"potentialAction\":[{\"@type\":\"ReadAction\",\"target\":[\"https:\/\/www.istitutogalanteoliva.it\/magazine\/2025\/04\/29\/storia-di-un-primo-maggio-1\/\"]}]},{\"@type\":\"ImageObject\",\"inLanguage\":\"it-IT\",\"@id\":\"https:\/\/www.istitutogalanteoliva.it\/magazine\/2025\/04\/29\/storia-di-un-primo-maggio-1\/#primaryimage\",\"url\":\"https:\/\/www.istitutogalanteoliva.it\/magazine\/wp-content\/uploads\/2025\/04\/primo-maggio-1.jpg\",\"contentUrl\":\"https:\/\/www.istitutogalanteoliva.it\/magazine\/wp-content\/uploads\/2025\/04\/primo-maggio-1.jpg\",\"width\":1400,\"height\":760},{\"@type\":\"BreadcrumbList\",\"@id\":\"https:\/\/www.istitutogalanteoliva.it\/magazine\/2025\/04\/29\/storia-di-un-primo-maggio-1\/#breadcrumb\",\"itemListElement\":[{\"@type\":\"ListItem\",\"position\":1,\"name\":\"Home\",\"item\":\"https:\/\/www.istitutogalanteoliva.it\/magazine\/\"},{\"@type\":\"ListItem\",\"position\":2,\"name\":\"Storia di un Primo Maggio -1\"}]},{\"@type\":\"WebSite\",\"@id\":\"https:\/\/www.istitutogalanteoliva.it\/magazine\/#website\",\"url\":\"https:\/\/www.istitutogalanteoliva.it\/magazine\/\",\"name\":\"POLIS SA MAGAZINE\",\"description\":\"Informazione e approfondimenti\",\"publisher\":{\"@id\":\"https:\/\/www.istitutogalanteoliva.it\/magazine\/#organization\"},\"potentialAction\":[{\"@type\":\"SearchAction\",\"target\":{\"@type\":\"EntryPoint\",\"urlTemplate\":\"https:\/\/www.istitutogalanteoliva.it\/magazine\/?s={search_term_string}\"},\"query-input\":{\"@type\":\"PropertyValueSpecification\",\"valueRequired\":true,\"valueName\":\"search_term_string\"}}],\"inLanguage\":\"it-IT\"},{\"@type\":\"Organization\",\"@id\":\"https:\/\/www.istitutogalanteoliva.it\/magazine\/#organization\",\"name\":\"Polis SA Magazine\",\"url\":\"https:\/\/www.istitutogalanteoliva.it\/magazine\/\",\"logo\":{\"@type\":\"ImageObject\",\"inLanguage\":\"it-IT\",\"@id\":\"https:\/\/www.istitutogalanteoliva.it\/magazine\/#\/schema\/logo\/image\/\",\"url\":\"\",\"contentUrl\":\"\",\"caption\":\"Polis SA Magazine\"},\"image\":{\"@id\":\"https:\/\/www.istitutogalanteoliva.it\/magazine\/#\/schema\/logo\/image\/\"},\"sameAs\":[\"https:\/\/www.facebook.com\/PolisSAMagazine\/\",\"https:\/\/x.com\/MagazinePolis\",\"https:\/\/www.youtube.com\/channel\/UCv0Mr5AHKUmsc0sEEXkJrgw\"]},{\"@type\":\"Person\",\"@id\":\"https:\/\/www.istitutogalanteoliva.it\/magazine\/#\/schema\/person\/d8b8aa79cfe8babc1df9da3212a7c0c4\",\"name\":\"Antonello Rivano\",\"image\":{\"@type\":\"ImageObject\",\"inLanguage\":\"it-IT\",\"@id\":\"https:\/\/www.istitutogalanteoliva.it\/magazine\/#\/schema\/person\/image\/\",\"url\":\"https:\/\/secure.gravatar.com\/avatar\/517a9a6487a7a18ecc4ce6d2e57a8f40?s=96&d=mm&r=g\",\"contentUrl\":\"https:\/\/secure.gravatar.com\/avatar\/517a9a6487a7a18ecc4ce6d2e57a8f40?s=96&d=mm&r=g\",\"caption\":\"Antonello Rivano\"},\"url\":\"https:\/\/www.istitutogalanteoliva.it\/magazine\/author\/antonello\/\"}]}<\/script>\n<!-- \/ Yoast SEO plugin. -->","yoast_head_json":{"title":"Storia di un Primo Maggio -1 - Polis SA Magazine","robots":{"index":"index","follow":"follow","max-snippet":"max-snippet:-1","max-image-preview":"max-image-preview:large","max-video-preview":"max-video-preview:-1"},"canonical":"https:\/\/www.istitutogalanteoliva.it\/magazine\/2025\/04\/29\/storia-di-un-primo-maggio-1\/","og_locale":"it_IT","og_type":"article","og_title":"Storia di un Primo Maggio -1 - Polis SA Magazine","og_description":"GALANTE OLIVA: UN TESTIMONE DELLA LOTTA PER Il LAVORO NEL MERIDIONE .  Un sindacalista e la sua battaglia per il lavoro e la giustizia sociale. [Di Mario Avagliano]","og_url":"https:\/\/www.istitutogalanteoliva.it\/magazine\/2025\/04\/29\/storia-di-un-primo-maggio-1\/","og_site_name":"Polis SA Magazine","article_publisher":"https:\/\/www.facebook.com\/PolisSAMagazine\/","article_published_time":"2025-04-29T06:00:00+00:00","article_modified_time":"2025-04-30T14:28:13+00:00","og_image":[{"width":1400,"height":760,"url":"https:\/\/www.istitutogalanteoliva.it\/magazine\/wp-content\/uploads\/2025\/04\/primo-maggio-1.jpg","type":"image\/jpeg"}],"author":"Antonello Rivano","twitter_card":"summary_large_image","twitter_creator":"@MagazinePolis","twitter_site":"@MagazinePolis","twitter_misc":{"Scritto da":"Antonello Rivano","Tempo di lettura stimato":"9 minuti"},"schema":{"@context":"https:\/\/schema.org","@graph":[{"@type":"Article","@id":"https:\/\/www.istitutogalanteoliva.it\/magazine\/2025\/04\/29\/storia-di-un-primo-maggio-1\/#article","isPartOf":{"@id":"https:\/\/www.istitutogalanteoliva.it\/magazine\/2025\/04\/29\/storia-di-un-primo-maggio-1\/"},"author":{"name":"Antonello Rivano","@id":"https:\/\/www.istitutogalanteoliva.it\/magazine\/#\/schema\/person\/d8b8aa79cfe8babc1df9da3212a7c0c4"},"headline":"Storia di un Primo Maggio -1","datePublished":"2025-04-29T06:00:00+00:00","dateModified":"2025-04-30T14:28:13+00:00","mainEntityOfPage":{"@id":"https:\/\/www.istitutogalanteoliva.it\/magazine\/2025\/04\/29\/storia-di-un-primo-maggio-1\/"},"wordCount":1361,"publisher":{"@id":"https:\/\/www.istitutogalanteoliva.it\/magazine\/#organization"},"image":{"@id":"https:\/\/www.istitutogalanteoliva.it\/magazine\/2025\/04\/29\/storia-di-un-primo-maggio-1\/#primaryimage"},"thumbnailUrl":"https:\/\/www.istitutogalanteoliva.it\/magazine\/wp-content\/uploads\/2025\/04\/primo-maggio-1.jpg","keywords":["Galante Oliva","Istituto Galante Oliva","Polis SA Edizioni","primo maggio"],"articleSection":["2025","Saggi","Storia di un Primo Maggio"],"inLanguage":"it-IT"},{"@type":"WebPage","@id":"https:\/\/www.istitutogalanteoliva.it\/magazine\/2025\/04\/29\/storia-di-un-primo-maggio-1\/","url":"https:\/\/www.istitutogalanteoliva.it\/magazine\/2025\/04\/29\/storia-di-un-primo-maggio-1\/","name":"Storia di un Primo Maggio -1 - Polis SA Magazine","isPartOf":{"@id":"https:\/\/www.istitutogalanteoliva.it\/magazine\/#website"},"primaryImageOfPage":{"@id":"https:\/\/www.istitutogalanteoliva.it\/magazine\/2025\/04\/29\/storia-di-un-primo-maggio-1\/#primaryimage"},"image":{"@id":"https:\/\/www.istitutogalanteoliva.it\/magazine\/2025\/04\/29\/storia-di-un-primo-maggio-1\/#primaryimage"},"thumbnailUrl":"https:\/\/www.istitutogalanteoliva.it\/magazine\/wp-content\/uploads\/2025\/04\/primo-maggio-1.jpg","datePublished":"2025-04-29T06:00:00+00:00","dateModified":"2025-04-30T14:28:13+00:00","breadcrumb":{"@id":"https:\/\/www.istitutogalanteoliva.it\/magazine\/2025\/04\/29\/storia-di-un-primo-maggio-1\/#breadcrumb"},"inLanguage":"it-IT","potentialAction":[{"@type":"ReadAction","target":["https:\/\/www.istitutogalanteoliva.it\/magazine\/2025\/04\/29\/storia-di-un-primo-maggio-1\/"]}]},{"@type":"ImageObject","inLanguage":"it-IT","@id":"https:\/\/www.istitutogalanteoliva.it\/magazine\/2025\/04\/29\/storia-di-un-primo-maggio-1\/#primaryimage","url":"https:\/\/www.istitutogalanteoliva.it\/magazine\/wp-content\/uploads\/2025\/04\/primo-maggio-1.jpg","contentUrl":"https:\/\/www.istitutogalanteoliva.it\/magazine\/wp-content\/uploads\/2025\/04\/primo-maggio-1.jpg","width":1400,"height":760},{"@type":"BreadcrumbList","@id":"https:\/\/www.istitutogalanteoliva.it\/magazine\/2025\/04\/29\/storia-di-un-primo-maggio-1\/#breadcrumb","itemListElement":[{"@type":"ListItem","position":1,"name":"Home","item":"https:\/\/www.istitutogalanteoliva.it\/magazine\/"},{"@type":"ListItem","position":2,"name":"Storia di un Primo Maggio -1"}]},{"@type":"WebSite","@id":"https:\/\/www.istitutogalanteoliva.it\/magazine\/#website","url":"https:\/\/www.istitutogalanteoliva.it\/magazine\/","name":"POLIS SA MAGAZINE","description":"Informazione e approfondimenti","publisher":{"@id":"https:\/\/www.istitutogalanteoliva.it\/magazine\/#organization"},"potentialAction":[{"@type":"SearchAction","target":{"@type":"EntryPoint","urlTemplate":"https:\/\/www.istitutogalanteoliva.it\/magazine\/?s={search_term_string}"},"query-input":{"@type":"PropertyValueSpecification","valueRequired":true,"valueName":"search_term_string"}}],"inLanguage":"it-IT"},{"@type":"Organization","@id":"https:\/\/www.istitutogalanteoliva.it\/magazine\/#organization","name":"Polis SA Magazine","url":"https:\/\/www.istitutogalanteoliva.it\/magazine\/","logo":{"@type":"ImageObject","inLanguage":"it-IT","@id":"https:\/\/www.istitutogalanteoliva.it\/magazine\/#\/schema\/logo\/image\/","url":"","contentUrl":"","caption":"Polis SA Magazine"},"image":{"@id":"https:\/\/www.istitutogalanteoliva.it\/magazine\/#\/schema\/logo\/image\/"},"sameAs":["https:\/\/www.facebook.com\/PolisSAMagazine\/","https:\/\/x.com\/MagazinePolis","https:\/\/www.youtube.com\/channel\/UCv0Mr5AHKUmsc0sEEXkJrgw"]},{"@type":"Person","@id":"https:\/\/www.istitutogalanteoliva.it\/magazine\/#\/schema\/person\/d8b8aa79cfe8babc1df9da3212a7c0c4","name":"Antonello Rivano","image":{"@type":"ImageObject","inLanguage":"it-IT","@id":"https:\/\/www.istitutogalanteoliva.it\/magazine\/#\/schema\/person\/image\/","url":"https:\/\/secure.gravatar.com\/avatar\/517a9a6487a7a18ecc4ce6d2e57a8f40?s=96&d=mm&r=g","contentUrl":"https:\/\/secure.gravatar.com\/avatar\/517a9a6487a7a18ecc4ce6d2e57a8f40?s=96&d=mm&r=g","caption":"Antonello Rivano"},"url":"https:\/\/www.istitutogalanteoliva.it\/magazine\/author\/antonello\/"}]}},"_links":{"self":[{"href":"https:\/\/www.istitutogalanteoliva.it\/magazine\/wp-json\/wp\/v2\/posts\/17953","targetHints":{"allow":["GET"]}}],"collection":[{"href":"https:\/\/www.istitutogalanteoliva.it\/magazine\/wp-json\/wp\/v2\/posts"}],"about":[{"href":"https:\/\/www.istitutogalanteoliva.it\/magazine\/wp-json\/wp\/v2\/types\/post"}],"author":[{"embeddable":true,"href":"https:\/\/www.istitutogalanteoliva.it\/magazine\/wp-json\/wp\/v2\/users\/2"}],"replies":[{"embeddable":true,"href":"https:\/\/www.istitutogalanteoliva.it\/magazine\/wp-json\/wp\/v2\/comments?post=17953"}],"version-history":[{"count":4,"href":"https:\/\/www.istitutogalanteoliva.it\/magazine\/wp-json\/wp\/v2\/posts\/17953\/revisions"}],"predecessor-version":[{"id":17994,"href":"https:\/\/www.istitutogalanteoliva.it\/magazine\/wp-json\/wp\/v2\/posts\/17953\/revisions\/17994"}],"wp:featuredmedia":[{"embeddable":true,"href":"https:\/\/www.istitutogalanteoliva.it\/magazine\/wp-json\/wp\/v2\/media\/17959"}],"wp:attachment":[{"href":"https:\/\/www.istitutogalanteoliva.it\/magazine\/wp-json\/wp\/v2\/media?parent=17953"}],"wp:term":[{"taxonomy":"category","embeddable":true,"href":"https:\/\/www.istitutogalanteoliva.it\/magazine\/wp-json\/wp\/v2\/categories?post=17953"},{"taxonomy":"post_tag","embeddable":true,"href":"https:\/\/www.istitutogalanteoliva.it\/magazine\/wp-json\/wp\/v2\/tags?post=17953"}],"curies":[{"name":"wp","href":"https:\/\/api.w.org\/{rel}","templated":true}]}}