{"id":17961,"date":"2025-04-30T08:00:00","date_gmt":"2025-04-30T06:00:00","guid":{"rendered":"https:\/\/www.istitutogalanteoliva.it\/magazine\/?p=17961"},"modified":"2025-04-30T08:33:49","modified_gmt":"2025-04-30T06:33:49","slug":"storia-di-un-primo-maggio-2","status":"publish","type":"post","link":"https:\/\/www.istitutogalanteoliva.it\/magazine\/2025\/04\/30\/storia-di-un-primo-maggio-2\/","title":{"rendered":"Storia di un Primo Maggio -2"},"content":{"rendered":"\n<h2 class=\"wp-block-heading has-text-align-center\">Storia di un Primo Maggio <\/h2>\n\n\n\n<p>Con questa serie di tre articoli vogliamo ricordare il libro di <strong>Mimmo Oliva <em>&#8220;<\/em><\/strong><em><a href=\"https:\/\/www.edizionipolis.it\/index.php?id_product=12&amp;controller=product&amp;id_lang=2\">A me pare che il mondo resti fermo &#8211; Storia di un Primo Maggio<\/a>&#8220;<\/em> (Polis SA Edizioni), alla seconda edizione, curata da <strong>Teo Oliva<\/strong>, che raccoglie i pensieri e gli appunti di <a href=\"https:\/\/www.istitutogalanteoliva.it\/magazine\/2024\/12\/15\/galante-oliva-un-cammino-tra-politica-impegno-sociale-e-lotta-per-i-diritti\/\">Galante Oliva <\/a>sul Primo Maggio a Nocera Inferiore dal 1956 al 1974, anni in cui fu protagonista attivo della storia sindacale della provincia di Salerno. Ogni rigo trascritto nel libro racconta una realt\u00e0, ormai passata ma ancora viva nei ricordi, che fa luce sulle imprese e le industrie storiche del territorio, le personalit\u00e0, le problematiche e le lotte per il lavoro che hanno segnato per decenni l&#8217;Agro Nocerino Sarnese e il resto del paese.<\/p>\n\n\n\n<p>Questo libro, con la prefazione di <strong>Mario Avagliano<\/strong>, rappresenta una testimonianza importante della storia del Primo Maggio nel salernitano, e probabilmente di gran parte del Sud Italia.<br>Con cadenza giornaiera pubblicheremo la prefazione di Avagliano, e le introduzioni di <strong>Galante Teo Oliva<\/strong> e <strong>Mimmo Oliva<\/strong>.<\/p>\n\n\n\n<hr class=\"wp-block-separator has-alpha-channel-opacity\"\/>\n\n\n\n<h3 class=\"wp-block-heading has-text-align-center\">Tra Memoria e Speranza: Riflessioni su una Lotta<\/h3>\n\n\n\n<h4 class=\"wp-block-heading has-text-align-center\">Di Galante Teo Oliva<\/h4>\n\n\n\n<p>Ancora oggi, il mondo sembra essere fermo, immobile, in attesa di non si sa cosa. Nell\u2019ultima edizione, cos\u00ec come nella prima, sono raccolti i pensieri e gli appunti di Galante Oliva sul Primo Maggio a Nocera Inferiore, con una puntatina fuori cinta, a dir la verit\u00e0. Nocera, citt\u00e0 che si configurava (e penso che lo sia tutt\u2019oggi) come una delle pi\u00f9 importanti dell\u2019intera provincia e probabilmente quel giorno era il suo giorno, quello dedicato ai lavoratori: il pi\u00f9 importante del salernitano. \u00c8 vero, secondo un paragone calcistico, partiva dall\u2019uno a zero, grazie alle numerose industrie esistenti e al bacino straordinario di lavoratori che ruotava intorno alla citt\u00e0, detta non a caso delle cento ciminiere. I pensieri di Galante esposti in questo libro vanno dal 1956 al 1974, anni in cui era stato protagonista attivo della storia sindacale di Nocera Inferiore e della provincia di Salerno. In ogni rigo trascritto nel libro, traspare un pensiero e si illustra una realt\u00e0 in cui vengono citate le imprese e le industrie che, proprio perch\u00e9 scomparse, fanno prendere a quei discorsi ancora pi\u00f9 peso, fanno riconoscere, o conoscere forse \u00e8 meglio, persone e personalit\u00e0 che sono state centrali nell\u2019Agro. E si pu\u00f2 affermare, senza presunzione, che probabilmente in questo libro \u00e8 concentrata la storia del Primo Maggio pi\u00f9 importante del salernitano, e probabilmente di buona parte del Sud. Tanto \u00e8 vero che ancora oggi, anche se con molto \u201csmalto\u201d in meno, continua ad essere vissuto a Nocera come un evento. Bisogna fare attenzione, per\u00f2, perch\u00e9 sarebbe un errore madornale se ne parlassimo solo come di una storia prettamente locale. \u00c8 leggendo quegli appunti, che poi diventavano discorsi veri e propri, su quel palco e in quella piazza, che il Primo Maggio si intrecciava con la situazione di Spagna e Portogallo, ma anche della Grecia e, nell\u2019ultimo periodo, anche con la disastrosa impresa militare in Vietnam, un Primo Maggio aperto al mondo, un Primo Maggio in cui libert\u00e0 e pace risuonavano in maniera \u201cprepotente\u201d.<\/p>\n\n\n\n<p>Abbiamo ridefinito la composizione del libro: i ricordi, le foto e gli appunti in preparazione dei comizi, dai quali si possono ricavare i sentimenti, le sensazioni, finanche i dolori di quella classe operaia che provava ad ottenere, lottando e subendo, i propri diritti. E poi emerge anche l\u2019idea di un sindacato unito, si nota tra le righe con grande sacrificio tra le parti, ma tanto necessario per il bene di quei lavoratori che si tentava di difendere. Al tempo stesso, troviamo presenti problematiche che ancora oggi, purtroppo, atterrano il nostro Paese: il lavoro nero, il lavoro sottopagato, il caporalato, l\u2019emigrazione dei giovani, la differenza di trattamento riguardo le donne nel mercato del lavoro. Ma la lista sarebbe lunghissima. E leggendo le pagine del libro, si sottolinea pi\u00f9 volte la presenza di una classe politica non idonea, della crisi economica, un nord e un sud sempre pi\u00f9 lontani tra loro. Non \u00e8 cos\u00ec ancora oggi?<\/p>\n\n\n\n<p>Allora lo scopo di questo libro non \u00e8 solo quello di porsi su un piano esclusivamente storico, e cio\u00e8 di ricordare gli episodi accaduti durante quegli anni, ma vuole indurre a una riflessione su dove deve andare questo Paese, senza sembrare che resti fermo. Infine, una domanda che non vedr\u00e0 qui alcuna risposta: ha ancora senso la festa dei lavoratori?<\/p>\n\n\n\n<p class=\"has-text-align-right\"><strong>Galante Teo Oliva<\/strong><\/p>\n\n\n\n<h3 class=\"wp-block-heading\">LEGGI ANCHE: <br><a href=\"https:\/\/www.istitutogalanteoliva.it\/magazine\/2025\/04\/29\/storia-di-un-primo-maggio-1\/\">Storia di un Primo Maggio -1<\/a><\/h3>\n\n\n\n<p>GALANTE OLIVA: UN TESTIMONE DELLA LOTTA PER Il LAVORO NEL MERIDIONE .<br>Un sindacalista e la sua battaglia per il lavoro e la giustizia sociale.<br>[Di Mario Avagliano]<\/p>\n\n\n\n<p><\/p>\n<div class=\"pdfprnt-buttons pdfprnt-buttons-post pdfprnt-bottom-left\"><a href=\"https:\/\/www.istitutogalanteoliva.it\/magazine\/wp-json\/wp\/v2\/posts\/17961?print=print\" class=\"pdfprnt-button pdfprnt-button-print\" target=\"_blank\"><img decoding=\"async\" src=\"https:\/\/www.istitutogalanteoliva.it\/magazine\/wp-content\/plugins\/pdf-print\/images\/print.png\" alt=\"image_print\" title=\"Stampa contenuto\" \/><span class=\"pdfprnt-button-title pdfprnt-button-print-title\">Download in PDF<\/span><\/a><\/div>","protected":false},"excerpt":{"rendered":"<p>Tra memoria e speranza: riflessioni su una lotta.<br \/>\n[Di Galante Teo Oliva] <\/p>\n","protected":false},"author":2,"featured_media":17962,"comment_status":"closed","ping_status":"open","sticky":true,"template":"","format":"standard","meta":{"footnotes":""},"categories":[1241,1334,1336],"tags":[1223,131,355],"class_list":["post-17961","post","type-post","status-publish","format-standard","has-post-thumbnail","hentry","category-1241","category-saggi","category-storia-di-un-primo-maggio","tag-istituto-galante-oliva","tag-polis-sa-edizioni","tag-primo-maggio"],"yoast_head":"<!-- This site is optimized with the Yoast SEO plugin v24.2 - https:\/\/yoast.com\/wordpress\/plugins\/seo\/ -->\n<title>Storia di un Primo Maggio -2 - Polis SA Magazine<\/title>\n<meta name=\"robots\" content=\"index, follow, max-snippet:-1, max-image-preview:large, max-video-preview:-1\" \/>\n<link rel=\"canonical\" href=\"https:\/\/www.istitutogalanteoliva.it\/magazine\/2025\/04\/30\/storia-di-un-primo-maggio-2\/\" \/>\n<meta property=\"og:locale\" content=\"it_IT\" \/>\n<meta property=\"og:type\" content=\"article\" \/>\n<meta property=\"og:title\" content=\"Storia di un Primo Maggio -2 - Polis SA Magazine\" \/>\n<meta property=\"og:description\" content=\"Tra memoria e speranza: riflessioni su una lotta. [Di Galante Teo Oliva]\" \/>\n<meta property=\"og:url\" content=\"https:\/\/www.istitutogalanteoliva.it\/magazine\/2025\/04\/30\/storia-di-un-primo-maggio-2\/\" \/>\n<meta property=\"og:site_name\" content=\"Polis SA Magazine\" \/>\n<meta property=\"article:publisher\" content=\"https:\/\/www.facebook.com\/PolisSAMagazine\/\" \/>\n<meta property=\"article:published_time\" content=\"2025-04-30T06:00:00+00:00\" \/>\n<meta property=\"article:modified_time\" content=\"2025-04-30T06:33:49+00:00\" \/>\n<meta property=\"og:image\" content=\"https:\/\/www.istitutogalanteoliva.it\/magazine\/wp-content\/uploads\/2025\/04\/Senza-titolo-2-1.jpg\" \/>\n\t<meta property=\"og:image:width\" content=\"1400\" \/>\n\t<meta property=\"og:image:height\" content=\"760\" \/>\n\t<meta property=\"og:image:type\" content=\"image\/jpeg\" \/>\n<meta name=\"author\" content=\"Antonello Rivano\" \/>\n<meta name=\"twitter:card\" content=\"summary_large_image\" \/>\n<meta name=\"twitter:creator\" content=\"@MagazinePolis\" \/>\n<meta name=\"twitter:site\" content=\"@MagazinePolis\" \/>\n<meta name=\"twitter:label1\" content=\"Scritto da\" \/>\n\t<meta name=\"twitter:data1\" content=\"Antonello Rivano\" \/>\n\t<meta name=\"twitter:label2\" content=\"Tempo di lettura stimato\" \/>\n\t<meta name=\"twitter:data2\" content=\"7 minuti\" \/>\n<script type=\"application\/ld+json\" class=\"yoast-schema-graph\">{\"@context\":\"https:\/\/schema.org\",\"@graph\":[{\"@type\":\"Article\",\"@id\":\"https:\/\/www.istitutogalanteoliva.it\/magazine\/2025\/04\/30\/storia-di-un-primo-maggio-2\/#article\",\"isPartOf\":{\"@id\":\"https:\/\/www.istitutogalanteoliva.it\/magazine\/2025\/04\/30\/storia-di-un-primo-maggio-2\/\"},\"author\":{\"name\":\"Antonello Rivano\",\"@id\":\"https:\/\/www.istitutogalanteoliva.it\/magazine\/#\/schema\/person\/d8b8aa79cfe8babc1df9da3212a7c0c4\"},\"headline\":\"Storia di un Primo Maggio -2\",\"datePublished\":\"2025-04-30T06:00:00+00:00\",\"dateModified\":\"2025-04-30T06:33:49+00:00\",\"mainEntityOfPage\":{\"@id\":\"https:\/\/www.istitutogalanteoliva.it\/magazine\/2025\/04\/30\/storia-di-un-primo-maggio-2\/\"},\"wordCount\":603,\"publisher\":{\"@id\":\"https:\/\/www.istitutogalanteoliva.it\/magazine\/#organization\"},\"image\":{\"@id\":\"https:\/\/www.istitutogalanteoliva.it\/magazine\/2025\/04\/30\/storia-di-un-primo-maggio-2\/#primaryimage\"},\"thumbnailUrl\":\"https:\/\/www.istitutogalanteoliva.it\/magazine\/wp-content\/uploads\/2025\/04\/Senza-titolo-2-1.jpg\",\"keywords\":[\"Istituto Galante Oliva\",\"Polis SA Edizioni\",\"primo maggio\"],\"articleSection\":[\"2025\",\"Saggi\",\"Storia di un Primo Maggio\"],\"inLanguage\":\"it-IT\"},{\"@type\":\"WebPage\",\"@id\":\"https:\/\/www.istitutogalanteoliva.it\/magazine\/2025\/04\/30\/storia-di-un-primo-maggio-2\/\",\"url\":\"https:\/\/www.istitutogalanteoliva.it\/magazine\/2025\/04\/30\/storia-di-un-primo-maggio-2\/\",\"name\":\"Storia di un Primo Maggio -2 - Polis SA Magazine\",\"isPartOf\":{\"@id\":\"https:\/\/www.istitutogalanteoliva.it\/magazine\/#website\"},\"primaryImageOfPage\":{\"@id\":\"https:\/\/www.istitutogalanteoliva.it\/magazine\/2025\/04\/30\/storia-di-un-primo-maggio-2\/#primaryimage\"},\"image\":{\"@id\":\"https:\/\/www.istitutogalanteoliva.it\/magazine\/2025\/04\/30\/storia-di-un-primo-maggio-2\/#primaryimage\"},\"thumbnailUrl\":\"https:\/\/www.istitutogalanteoliva.it\/magazine\/wp-content\/uploads\/2025\/04\/Senza-titolo-2-1.jpg\",\"datePublished\":\"2025-04-30T06:00:00+00:00\",\"dateModified\":\"2025-04-30T06:33:49+00:00\",\"breadcrumb\":{\"@id\":\"https:\/\/www.istitutogalanteoliva.it\/magazine\/2025\/04\/30\/storia-di-un-primo-maggio-2\/#breadcrumb\"},\"inLanguage\":\"it-IT\",\"potentialAction\":[{\"@type\":\"ReadAction\",\"target\":[\"https:\/\/www.istitutogalanteoliva.it\/magazine\/2025\/04\/30\/storia-di-un-primo-maggio-2\/\"]}]},{\"@type\":\"ImageObject\",\"inLanguage\":\"it-IT\",\"@id\":\"https:\/\/www.istitutogalanteoliva.it\/magazine\/2025\/04\/30\/storia-di-un-primo-maggio-2\/#primaryimage\",\"url\":\"https:\/\/www.istitutogalanteoliva.it\/magazine\/wp-content\/uploads\/2025\/04\/Senza-titolo-2-1.jpg\",\"contentUrl\":\"https:\/\/www.istitutogalanteoliva.it\/magazine\/wp-content\/uploads\/2025\/04\/Senza-titolo-2-1.jpg\",\"width\":1400,\"height\":760},{\"@type\":\"BreadcrumbList\",\"@id\":\"https:\/\/www.istitutogalanteoliva.it\/magazine\/2025\/04\/30\/storia-di-un-primo-maggio-2\/#breadcrumb\",\"itemListElement\":[{\"@type\":\"ListItem\",\"position\":1,\"name\":\"Home\",\"item\":\"https:\/\/www.istitutogalanteoliva.it\/magazine\/\"},{\"@type\":\"ListItem\",\"position\":2,\"name\":\"Storia di un Primo Maggio -2\"}]},{\"@type\":\"WebSite\",\"@id\":\"https:\/\/www.istitutogalanteoliva.it\/magazine\/#website\",\"url\":\"https:\/\/www.istitutogalanteoliva.it\/magazine\/\",\"name\":\"POLIS SA MAGAZINE\",\"description\":\"Informazione e approfondimenti\",\"publisher\":{\"@id\":\"https:\/\/www.istitutogalanteoliva.it\/magazine\/#organization\"},\"potentialAction\":[{\"@type\":\"SearchAction\",\"target\":{\"@type\":\"EntryPoint\",\"urlTemplate\":\"https:\/\/www.istitutogalanteoliva.it\/magazine\/?s={search_term_string}\"},\"query-input\":{\"@type\":\"PropertyValueSpecification\",\"valueRequired\":true,\"valueName\":\"search_term_string\"}}],\"inLanguage\":\"it-IT\"},{\"@type\":\"Organization\",\"@id\":\"https:\/\/www.istitutogalanteoliva.it\/magazine\/#organization\",\"name\":\"Polis SA Magazine\",\"url\":\"https:\/\/www.istitutogalanteoliva.it\/magazine\/\",\"logo\":{\"@type\":\"ImageObject\",\"inLanguage\":\"it-IT\",\"@id\":\"https:\/\/www.istitutogalanteoliva.it\/magazine\/#\/schema\/logo\/image\/\",\"url\":\"\",\"contentUrl\":\"\",\"caption\":\"Polis SA Magazine\"},\"image\":{\"@id\":\"https:\/\/www.istitutogalanteoliva.it\/magazine\/#\/schema\/logo\/image\/\"},\"sameAs\":[\"https:\/\/www.facebook.com\/PolisSAMagazine\/\",\"https:\/\/x.com\/MagazinePolis\",\"https:\/\/www.youtube.com\/channel\/UCv0Mr5AHKUmsc0sEEXkJrgw\"]},{\"@type\":\"Person\",\"@id\":\"https:\/\/www.istitutogalanteoliva.it\/magazine\/#\/schema\/person\/d8b8aa79cfe8babc1df9da3212a7c0c4\",\"name\":\"Antonello Rivano\",\"image\":{\"@type\":\"ImageObject\",\"inLanguage\":\"it-IT\",\"@id\":\"https:\/\/www.istitutogalanteoliva.it\/magazine\/#\/schema\/person\/image\/\",\"url\":\"https:\/\/secure.gravatar.com\/avatar\/517a9a6487a7a18ecc4ce6d2e57a8f40?s=96&d=mm&r=g\",\"contentUrl\":\"https:\/\/secure.gravatar.com\/avatar\/517a9a6487a7a18ecc4ce6d2e57a8f40?s=96&d=mm&r=g\",\"caption\":\"Antonello Rivano\"},\"url\":\"https:\/\/www.istitutogalanteoliva.it\/magazine\/author\/antonello\/\"}]}<\/script>\n<!-- \/ Yoast SEO plugin. -->","yoast_head_json":{"title":"Storia di un Primo Maggio -2 - Polis SA Magazine","robots":{"index":"index","follow":"follow","max-snippet":"max-snippet:-1","max-image-preview":"max-image-preview:large","max-video-preview":"max-video-preview:-1"},"canonical":"https:\/\/www.istitutogalanteoliva.it\/magazine\/2025\/04\/30\/storia-di-un-primo-maggio-2\/","og_locale":"it_IT","og_type":"article","og_title":"Storia di un Primo Maggio -2 - Polis SA Magazine","og_description":"Tra memoria e speranza: riflessioni su una lotta. [Di Galante Teo Oliva]","og_url":"https:\/\/www.istitutogalanteoliva.it\/magazine\/2025\/04\/30\/storia-di-un-primo-maggio-2\/","og_site_name":"Polis SA Magazine","article_publisher":"https:\/\/www.facebook.com\/PolisSAMagazine\/","article_published_time":"2025-04-30T06:00:00+00:00","article_modified_time":"2025-04-30T06:33:49+00:00","og_image":[{"width":1400,"height":760,"url":"https:\/\/www.istitutogalanteoliva.it\/magazine\/wp-content\/uploads\/2025\/04\/Senza-titolo-2-1.jpg","type":"image\/jpeg"}],"author":"Antonello Rivano","twitter_card":"summary_large_image","twitter_creator":"@MagazinePolis","twitter_site":"@MagazinePolis","twitter_misc":{"Scritto da":"Antonello Rivano","Tempo di lettura stimato":"7 minuti"},"schema":{"@context":"https:\/\/schema.org","@graph":[{"@type":"Article","@id":"https:\/\/www.istitutogalanteoliva.it\/magazine\/2025\/04\/30\/storia-di-un-primo-maggio-2\/#article","isPartOf":{"@id":"https:\/\/www.istitutogalanteoliva.it\/magazine\/2025\/04\/30\/storia-di-un-primo-maggio-2\/"},"author":{"name":"Antonello Rivano","@id":"https:\/\/www.istitutogalanteoliva.it\/magazine\/#\/schema\/person\/d8b8aa79cfe8babc1df9da3212a7c0c4"},"headline":"Storia di un Primo Maggio -2","datePublished":"2025-04-30T06:00:00+00:00","dateModified":"2025-04-30T06:33:49+00:00","mainEntityOfPage":{"@id":"https:\/\/www.istitutogalanteoliva.it\/magazine\/2025\/04\/30\/storia-di-un-primo-maggio-2\/"},"wordCount":603,"publisher":{"@id":"https:\/\/www.istitutogalanteoliva.it\/magazine\/#organization"},"image":{"@id":"https:\/\/www.istitutogalanteoliva.it\/magazine\/2025\/04\/30\/storia-di-un-primo-maggio-2\/#primaryimage"},"thumbnailUrl":"https:\/\/www.istitutogalanteoliva.it\/magazine\/wp-content\/uploads\/2025\/04\/Senza-titolo-2-1.jpg","keywords":["Istituto Galante Oliva","Polis SA Edizioni","primo maggio"],"articleSection":["2025","Saggi","Storia di un Primo Maggio"],"inLanguage":"it-IT"},{"@type":"WebPage","@id":"https:\/\/www.istitutogalanteoliva.it\/magazine\/2025\/04\/30\/storia-di-un-primo-maggio-2\/","url":"https:\/\/www.istitutogalanteoliva.it\/magazine\/2025\/04\/30\/storia-di-un-primo-maggio-2\/","name":"Storia di un Primo Maggio -2 - Polis SA Magazine","isPartOf":{"@id":"https:\/\/www.istitutogalanteoliva.it\/magazine\/#website"},"primaryImageOfPage":{"@id":"https:\/\/www.istitutogalanteoliva.it\/magazine\/2025\/04\/30\/storia-di-un-primo-maggio-2\/#primaryimage"},"image":{"@id":"https:\/\/www.istitutogalanteoliva.it\/magazine\/2025\/04\/30\/storia-di-un-primo-maggio-2\/#primaryimage"},"thumbnailUrl":"https:\/\/www.istitutogalanteoliva.it\/magazine\/wp-content\/uploads\/2025\/04\/Senza-titolo-2-1.jpg","datePublished":"2025-04-30T06:00:00+00:00","dateModified":"2025-04-30T06:33:49+00:00","breadcrumb":{"@id":"https:\/\/www.istitutogalanteoliva.it\/magazine\/2025\/04\/30\/storia-di-un-primo-maggio-2\/#breadcrumb"},"inLanguage":"it-IT","potentialAction":[{"@type":"ReadAction","target":["https:\/\/www.istitutogalanteoliva.it\/magazine\/2025\/04\/30\/storia-di-un-primo-maggio-2\/"]}]},{"@type":"ImageObject","inLanguage":"it-IT","@id":"https:\/\/www.istitutogalanteoliva.it\/magazine\/2025\/04\/30\/storia-di-un-primo-maggio-2\/#primaryimage","url":"https:\/\/www.istitutogalanteoliva.it\/magazine\/wp-content\/uploads\/2025\/04\/Senza-titolo-2-1.jpg","contentUrl":"https:\/\/www.istitutogalanteoliva.it\/magazine\/wp-content\/uploads\/2025\/04\/Senza-titolo-2-1.jpg","width":1400,"height":760},{"@type":"BreadcrumbList","@id":"https:\/\/www.istitutogalanteoliva.it\/magazine\/2025\/04\/30\/storia-di-un-primo-maggio-2\/#breadcrumb","itemListElement":[{"@type":"ListItem","position":1,"name":"Home","item":"https:\/\/www.istitutogalanteoliva.it\/magazine\/"},{"@type":"ListItem","position":2,"name":"Storia di un Primo Maggio -2"}]},{"@type":"WebSite","@id":"https:\/\/www.istitutogalanteoliva.it\/magazine\/#website","url":"https:\/\/www.istitutogalanteoliva.it\/magazine\/","name":"POLIS SA MAGAZINE","description":"Informazione e approfondimenti","publisher":{"@id":"https:\/\/www.istitutogalanteoliva.it\/magazine\/#organization"},"potentialAction":[{"@type":"SearchAction","target":{"@type":"EntryPoint","urlTemplate":"https:\/\/www.istitutogalanteoliva.it\/magazine\/?s={search_term_string}"},"query-input":{"@type":"PropertyValueSpecification","valueRequired":true,"valueName":"search_term_string"}}],"inLanguage":"it-IT"},{"@type":"Organization","@id":"https:\/\/www.istitutogalanteoliva.it\/magazine\/#organization","name":"Polis SA Magazine","url":"https:\/\/www.istitutogalanteoliva.it\/magazine\/","logo":{"@type":"ImageObject","inLanguage":"it-IT","@id":"https:\/\/www.istitutogalanteoliva.it\/magazine\/#\/schema\/logo\/image\/","url":"","contentUrl":"","caption":"Polis SA Magazine"},"image":{"@id":"https:\/\/www.istitutogalanteoliva.it\/magazine\/#\/schema\/logo\/image\/"},"sameAs":["https:\/\/www.facebook.com\/PolisSAMagazine\/","https:\/\/x.com\/MagazinePolis","https:\/\/www.youtube.com\/channel\/UCv0Mr5AHKUmsc0sEEXkJrgw"]},{"@type":"Person","@id":"https:\/\/www.istitutogalanteoliva.it\/magazine\/#\/schema\/person\/d8b8aa79cfe8babc1df9da3212a7c0c4","name":"Antonello Rivano","image":{"@type":"ImageObject","inLanguage":"it-IT","@id":"https:\/\/www.istitutogalanteoliva.it\/magazine\/#\/schema\/person\/image\/","url":"https:\/\/secure.gravatar.com\/avatar\/517a9a6487a7a18ecc4ce6d2e57a8f40?s=96&d=mm&r=g","contentUrl":"https:\/\/secure.gravatar.com\/avatar\/517a9a6487a7a18ecc4ce6d2e57a8f40?s=96&d=mm&r=g","caption":"Antonello Rivano"},"url":"https:\/\/www.istitutogalanteoliva.it\/magazine\/author\/antonello\/"}]}},"_links":{"self":[{"href":"https:\/\/www.istitutogalanteoliva.it\/magazine\/wp-json\/wp\/v2\/posts\/17961","targetHints":{"allow":["GET"]}}],"collection":[{"href":"https:\/\/www.istitutogalanteoliva.it\/magazine\/wp-json\/wp\/v2\/posts"}],"about":[{"href":"https:\/\/www.istitutogalanteoliva.it\/magazine\/wp-json\/wp\/v2\/types\/post"}],"author":[{"embeddable":true,"href":"https:\/\/www.istitutogalanteoliva.it\/magazine\/wp-json\/wp\/v2\/users\/2"}],"replies":[{"embeddable":true,"href":"https:\/\/www.istitutogalanteoliva.it\/magazine\/wp-json\/wp\/v2\/comments?post=17961"}],"version-history":[{"count":3,"href":"https:\/\/www.istitutogalanteoliva.it\/magazine\/wp-json\/wp\/v2\/posts\/17961\/revisions"}],"predecessor-version":[{"id":17986,"href":"https:\/\/www.istitutogalanteoliva.it\/magazine\/wp-json\/wp\/v2\/posts\/17961\/revisions\/17986"}],"wp:featuredmedia":[{"embeddable":true,"href":"https:\/\/www.istitutogalanteoliva.it\/magazine\/wp-json\/wp\/v2\/media\/17962"}],"wp:attachment":[{"href":"https:\/\/www.istitutogalanteoliva.it\/magazine\/wp-json\/wp\/v2\/media?parent=17961"}],"wp:term":[{"taxonomy":"category","embeddable":true,"href":"https:\/\/www.istitutogalanteoliva.it\/magazine\/wp-json\/wp\/v2\/categories?post=17961"},{"taxonomy":"post_tag","embeddable":true,"href":"https:\/\/www.istitutogalanteoliva.it\/magazine\/wp-json\/wp\/v2\/tags?post=17961"}],"curies":[{"name":"wp","href":"https:\/\/api.w.org\/{rel}","templated":true}]}}