{"id":18005,"date":"2025-05-02T08:00:00","date_gmt":"2025-05-02T06:00:00","guid":{"rendered":"https:\/\/www.istitutogalanteoliva.it\/magazine\/?p=18005"},"modified":"2025-05-02T10:06:43","modified_gmt":"2025-05-02T08:06:43","slug":"bipolari-tra-le-ombre-e-la-luce","status":"publish","type":"post","link":"https:\/\/www.istitutogalanteoliva.it\/magazine\/2025\/05\/02\/bipolari-tra-le-ombre-e-la-luce\/","title":{"rendered":"Bipolari: tra le ombre e la luce"},"content":{"rendered":"\n<p>&#8220;Bipolari in diretta&#8221; (Gruppo editoriale Writers Editors, settembre 2024), \u00e8 un recente titolo della scrittrice, insegnante, pedagogista e criminologa Chiara Vergani. Specializzata in psicopedagogia e si occupa soprattutto di devianza giovanile.<\/p>\n\n\n\n<p><br>La sinossi del volume recita: \u201cBipolari in diretta\u201d \u00e8 un\u2019esplorazione approfondita e toccante del disturbo bipolare, una condizione mentale complessa che influenza profondamente la vita delle persone che ne sono affette. Chiara Vergani, con la sua vasta esperienza come pedagogista e criminologa, ci guida attraverso le sfide e le speranze di chi vive con il disturbo bipolare, offrendo uno sguardo critico e compassionevole sui meccanismi psicologici e sociali che lo accompagnano. Il libro si addentra nelle ultime scoperte scientifiche, nelle testimonianze di chi affronta quotidianamente questa condizione e nelle implicazioni legali e sociali ad essa connesse. Con un linguaggio chiaro e accessibile, \u201cBipolari in diretta\u201d non \u00e8 solo un\u2019opera informativa, ma anche un richiamo alla comprensione e all\u2019empatia verso una realt\u00e0 spesso stigmatizzata. Un testo indispensabile per chiunque voglia approfondire la conoscenza del disturbo bipolare, sia dal punto di vista scientifico che umano.<\/p>\n\n\n\n<p><strong>\u2013 Come una professionista si approccia oggi al disturbo Bipolare? Negli ultimi anni c\u2019\u00e8 stato un aumento di casi?<\/strong><br><em>Oggi per una professionista approcciarsi al disturbo Bipolare significa innanzitutto riconoscere che non si tratta di una condizione statica, ma di un\u2019esperienza complessa, che evolve nel tempo e si intreccia profondamente con la storia personale, relazionale e sociale di chi ne \u00e8 colpito. Non basta pi\u00f9 una classificazione rigida tra tipo I e tipo II: \u00e8 necessario adottare uno sguardo dinamico, capace di cogliere i mutamenti, le sfumature e le diverse modalit\u00e0 con cui il disturbo si manifesta nella vita quotidiana. Non esiste oggi una sola figura che possa gestire da sola la complessit\u00e0 del disturbo bipolare: psichiatri, psicologi, pedagogisti, assistenti sociali e anche criminologi collaborano per costruire percorsi di cura e di sostegno il pi\u00f9 possibile personalizzati. All\u2019interno di questo sistema, il mio compito \u00e8 osservare, analizzare e comprendere non solo il comportamento manifesto, ma anche le dinamiche familiari, i meccanismi di esclusione sociale, le fragilit\u00e0 educative e le strategie di adattamento che ogni persona mette in atto. Un altro elemento fondamentale \u00e8 il rispetto profondo per la soggettivit\u00e0 della persona. Non si pu\u00f2 pi\u00f9 ridurre il disturbo Bipolare a un&#8217;etichetta diagnostica: ogni vissuto va ascoltato senza pregiudizio, senza semplificazioni. \u00c8 importante riconoscere le risorse, non solo le fragilit\u00e0, ed evitare approcci che stigmatizzano. La cura oggi passa anche attraverso il modo in cui si parla alle persone, il modo in cui si costruisce fiducia e alleanza terapeutica. Inoltre \u00e8 imprescindibile mantenersi aggiornati. La ricerca scientifica continua a evolversi, proponendo nuovi modelli, nuove ipotesi neurobiologiche e nuove strategie di intervento, comprese quelle che integrano farmacologia, psicoterapia e pratiche di autoregolazione emotiva. Questo \u00e8, per me, l\u2019approccio necessario: multidisciplinare, evolutivo, rispettoso e in continua formazione. Negli ultimi anni si ha l\u2019impressione che i casi di disturbo Bipolare siano in aumento. In realt\u00e0, pi\u00f9 che un reale incremento della malattia, quello a cui stiamo assistendo \u00e8 un fenomeno diverso: oggi se ne parla di pi\u00f9, c\u2019\u00e8 una maggiore sensibilizzazione e gli strumenti diagnostici sono diventati pi\u00f9 precisi. Questo porta a un riconoscimento pi\u00f9 frequente e tempestivo dei sintomi, anche di quelli che in passato sarebbero passati inosservati o sarebbero stati interpretati in modo diverso. Fino a qualche decennio fa, molte persone affette da disturbo Bipolare non ricevevano mai una diagnosi corretta. Spesso venivano etichettate semplicemente come depresse, problematiche o nei casi pi\u00f9 gravi, psichiatricamente instabili, senza una vera comprensione del quadro clinico. Oggi, invece, grazie a una maggiore formazione degli operatori e a una riduzione, anche se parziale, dello stigma che ancora pesa sulla salute mentale, \u00e8 pi\u00f9 facile che una persona venga ascoltata e indirizzata verso un percorso diagnostico adeguato. Anche l\u2019attenzione mediatica ha avuto un ruolo importante: articoli, libri, testimonianze, convegni hanno contribuito a portare alla luce una patologia che esisteva da sempre, ma che era nascosta o mal interpretata. Parlare apertamente di disturbo Bipolare non solo ha reso pi\u00f9 visibili i casi esistenti, ma ha anche favorito una cultura dell\u2019ascolto e della prevenzione, soprattutto tra i pi\u00f9 giovani. In questo senso, quindi, il &#8220;maggior numero di casi&#8221; che percepiamo oggi non rappresenta tanto un aumento del disturbo nella popolazione, quanto piuttosto un miglioramento nella capacit\u00e0 di vederlo, riconoscerlo e affrontarlo in modo pi\u00f9 consapevole.<\/em><\/p>\n\n\n\n<figure class=\"wp-block-image size-full\"><img loading=\"lazy\" decoding=\"async\" width=\"533\" height=\"384\" src=\"https:\/\/www.istitutogalanteoliva.it\/magazine\/wp-content\/uploads\/2025\/04\/Senza-titolo-2-1.png\" alt=\"\" class=\"wp-image-18007\" srcset=\"https:\/\/www.istitutogalanteoliva.it\/magazine\/wp-content\/uploads\/2025\/04\/Senza-titolo-2-1.png 533w, https:\/\/www.istitutogalanteoliva.it\/magazine\/wp-content\/uploads\/2025\/04\/Senza-titolo-2-1-300x216.png 300w\" sizes=\"auto, (max-width: 533px) 100vw, 533px\" \/><\/figure>\n\n\n\n<p><strong>\u2013 Esiste una corrispondenza tra paranoia e disturbo Bipolare?<\/strong><br><em>La relazione tra paranoia e disturbo Bipolare non \u00e8 automatica, ma pu\u00f2 emergere in alcune fasi della malattia, soprattutto durante gli episodi pi\u00f9 gravi. Nel disturbo Bipolare, infatti, i sintomi psicotici, tra cui pensieri paranoici, possono comparire sia nella fase maniacale sia nella fase depressiva, quando l&#8217;intensit\u00e0 dell&#8217;episodio \u00e8 molto elevata. Durante una fase maniacale acuta, una persona pu\u00f2 sviluppare idee di grandiosit\u00e0 che sfociano in pensieri paranoici: pu\u00f2 sentirsi spiata, perseguitata o ostacolata da forze esterne. Analogamente, in una fase depressiva molto profonda, la paranoia pu\u00f2 assumere la forma di idee di colpa eccessive, convinzioni di essere puniti, o credenze che gli altri vogliano fare del male. \u00c8 importante sottolineare per\u00f2 che non tutte le persone con disturbo Bipolare sviluppano sintomi paranoici, tendono a manifestarsi nei casi pi\u00f9 severi o quando il disturbo non \u00e8 ben controllato terapeuticamente. Quindi diciamo che la paranoia pu\u00f2 comparire nel disturbo Bipolare, ma non \u00e8 una caratteristica costante. Quando si manifesta, \u00e8 di solito legata alla gravit\u00e0 dell&#8217;episodio e alla perdita di contatto con la realt\u00e0.<\/em><\/p>\n\n\n\n<p><strong>\u2013 Che mezzi hanno oggi gli psichiatri, gli psicologi per approcciare il paziente affinch\u00e9 si senta meno solo e anche pi\u00f9 ascoltato?<\/strong><br><em>Quando si parla di disturbo Bipolare, non ci si pu\u00f2 limitare a considerare solo l&#8217;aspetto farmacologico. Chi vive questa malattia affronta non soltanto sbalzi d\u2019umore estremi, ma anche un senso profondo di solitudine e di incomprensione che pu\u00f2 peggiorare il quadro clinico. L\u2019isolamento infatti non \u00e8 solo una conseguenza della sofferenza, ma diventa spesso un fattore che alimenta la depressione, rallenta la ripresa e rende ancora pi\u00f9 difficile chiedere aiuto. Gli psichiatri oggi hanno a disposizione diversi strumenti per curare e per avvicinarsi al paziente in modo pi\u00f9 umano e completo. Prima di tutto c\u2019\u00e8 il lavoro sulla terapia farmacologica, che viene sempre pi\u00f9 personalizzata, con l&#8217;obiettivo di stabilizzare l\u2019umore e di rispettare la qualit\u00e0 della vita della persona. Scegliere il farmaco giusto, in dosaggi adeguati, significa anche cercare di ridurre gli effetti collaterali che potrebbero far sentire ancora pi\u00f9 emarginato chi gi\u00e0 si sente fragile. Accanto ai farmaci, \u00e8 fondamentale costruire una relazione basata sull\u2019ascolto autentico capace di riconoscere il valore della persona oltre la sua diagnosi. Spesso bastano piccoli segnali di presenza, disponibilit\u00e0 e comprensione per aiutare chi soffre a sentirsi meno solo, a percepire che esiste uno spazio dove la sua voce ha diritto di esistere. Un altro strumento importante \u00e8 la psicoeducazione. Aiutare il paziente a conoscere meglio la propria malattia, a riconoscere i segnali di allarme, a capire che quello che sta vivendo non \u00e8 &#8220;colpa sua&#8221;, ma una condizione da gestire, pu\u00f2 fare una differenza enorme. Sapere cosa sta succedendo, mettere ordine nel caos delle emozioni, riduce la paura e restituisce un senso di controllo sulla propria vita. Molto spesso poi il lavoro si allarga alla rete familiare, quando possibile. Coinvolgere le persone care, renderle alleate e non giudici, permette al paziente di non sentirsi solo nella battaglia quotidiana contro il proprio disturbo. Anche i gruppi di auto-aiuto e i percorsi di supporto psicologico mirato offrono opportunit\u00e0 preziose. Incontrare altre persone che vivono esperienze simili aiuta a rompere il muro dell\u2019isolamento, a riconoscersi, a non sentirsi pi\u00f9 &#8220;diversi&#8221; o &#8220;sbagliati&#8221;. L\u2019approccio al disturbo Bipolare non \u00e8 dunque solo una questione di farmaci o di protocolli: \u00e8 prima di tutto un incontro tra esseri umani e ogni gesto di ascolto vero, ogni tentativo di costruire relazione, diventa un piccolo grande atto di cura.<\/em><\/p>\n\n\n\n<p><\/p>\n\n\n\n<p><strong>\u2013 Con quale metodo scientifico una professionista come lei ha approcciato questo studio?<\/strong><br><em>Oggi un professionista non pu\u00f2 prescindere dalla ricerca scientifica, l\u2019approccio si fonda su un dialogo continuo con le ultime scoperte in campo medico, genetico, farmacologico e psicoterapeutico. La ricerca scientifica ha fatto enormi passi avanti nella comprensione del disturbo Bipolare, studi genetici hanno dimostrato che esiste una predisposizione ereditaria significativa: avere parenti di primo grado affetti da questa patologia aumenta notevolmente il rischio di svilupparla. Tuttavia, il gene non \u00e8 destino: i fattori ambientali giocano un ruolo fondamentale nell\u2019attivazione del disturbo, per questo, nel mio lavoro, ho sempre cercato di coniugare i dati oggettivi della scienza con l\u2019osservazione qualitativa del contesto familiare, educativo e relazionale. Lo studio del disturbo Bipolare, nel mio caso, parte dall\u2019analisi dei casi concreti, attraverso colloqui, interviste, osservazione partecipata e revisione di materiale clinico. Non si tratta solo di raccogliere dati, ma di dare senso ai racconti, alle emozioni, ai comportamenti. L\u2019approccio \u00e8 quello della ricerca-azione: osservo, rifletto, intervengo e torno a osservare. Questo ciclo continuo mi permette di affinare gli strumenti e di adattare le strategie alle specificit\u00e0 di ogni situazione. Il metodo include anche una forte componente etica: non basta conoscere, bisogna anche porsi domande su come usare quella conoscenza. Scrivere questo libro \u00e8 stato un modo per restituire al grande pubblico una parte di quello che ho imparato sul campo, ma anche per contribuire a costruire una cultura del rispetto e della comprensione nei confronti di chi vive una sofferenza psichica.<\/em><\/p>\n\n\n\n<p><strong>\u2013 In una societ\u00e0 narcisista come quella attuale, i Bipolari fanno pi\u00f9 paura perch\u00e9 mostrano l\u2019ombra del nostro malessere collettivo?<\/strong><br><em>\u00c8 una riflessione molto profonda e, a mio avviso, estremamente pertinente. Viviamo in una societ\u00e0 che esalta l&#8217;efficienza, la performance, l&#8217;immagine. In questo contesto, le fragilit\u00e0 psichiche, soprattutto quelle che sfuggono al controllo e all&#8217;autoregolazione, diventano qualcosa che si preferisce nascondere o patologizzare in modo sterile. I Bipolari fanno paura perch\u00e9 sono lo specchio di un\u2019instabilit\u00e0 che ci appartiene tutti, ma che cerchiamo disperatamente di tenere a bada. La ciclicit\u00e0 del disturbo, il passaggio repentino dall\u2019euforia alla depressione, mette in crisi l\u2019ideale di controllo continuo a cui siamo educati. Chi vive con il disturbo Bipolare \u00e8 spesso visto come imprevedibile, e questo mina la nostra illusione di sicurezza. Ma c\u2019\u00e8 di pi\u00f9: in una societ\u00e0 narcisista, dove il valore personale \u00e8 misurato in base al successo, alla produttivit\u00e0, all\u2019apparenza, chi si ferma, chi crolla, chi mostra la propria vulnerabilit\u00e0, diventa una sorta di monito, un corpo estraneo da espellere. Ecco perch\u00e9 il disturbo Bipolare viene ancora oggi stigmatizzato. Non perch\u00e9 sia incomprensibile, ma perch\u00e9 ci costringe a fare i conti con qualcosa che non vogliamo vedere: la possibilit\u00e0 che anche noi, sotto la superficie lucida, siamo fragili, emotivi, instabili. Parlare di Bipolarismo in modo serio, umano e scientifico, come ho cercato di fare nel libro, \u00e8 anche un atto politico: significa restituire dignit\u00e0 alla complessit\u00e0 dell\u2019esperienza umana e smontare la narrazione tossica secondo cui la sofferenza mentale \u00e8 solo un difetto da correggere, anzich\u00e9 una parte della condizione umana da accogliere, ascoltare e comprendere.<\/em><\/p>\n\n\n\n<p><strong>\u2013 Se dovesse sintetizzare in una frase la sua speranza rispetto a questo lavoro, quale sceglierebbe?<\/strong><br><em>Vorrei che questo libro aiutasse a guardare le persone con disturbo Bipolare non con paura o pregiudizio, ma con empatia e consapevolezza, riconoscendo in loro non solo la malattia, ma soprattutto la forza, la sensibilit\u00e0 e l\u2019umanit\u00e0 che li rendono parte preziosa della nostra comunit\u00e0.<\/em><\/p>\n\n\n\n<p class=\"has-text-align-right\"><strong><em>Stefano Pignataro<\/em><\/strong><\/p>\n\n\n\n<p><\/p>\n<div class=\"pdfprnt-buttons pdfprnt-buttons-post pdfprnt-bottom-left\"><a href=\"https:\/\/www.istitutogalanteoliva.it\/magazine\/wp-json\/wp\/v2\/posts\/18005?print=print\" class=\"pdfprnt-button pdfprnt-button-print\" target=\"_blank\"><img decoding=\"async\" src=\"https:\/\/www.istitutogalanteoliva.it\/magazine\/wp-content\/plugins\/pdf-print\/images\/print.png\" alt=\"image_print\" title=\"Stampa contenuto\" \/><span class=\"pdfprnt-button-title pdfprnt-button-print-title\">Download in PDF<\/span><\/a><\/div>","protected":false},"excerpt":{"rendered":"<p>Un incontro con Chiara Vergani sulla malattia e la forza della consapevolezza<br \/>\n[Di Stefano Pignataro]<\/p>\n","protected":false},"author":2,"featured_media":18009,"comment_status":"closed","ping_status":"open","sticky":true,"template":"","format":"standard","meta":{"footnotes":""},"categories":[1241,199,22],"tags":[1341,48],"class_list":["post-18005","post","type-post","status-publish","format-standard","has-post-thumbnail","hentry","category-1241","category-interviste","category-societa","tag-depressione","tag-libri"],"yoast_head":"<!-- This site is optimized with the Yoast SEO plugin v24.2 - https:\/\/yoast.com\/wordpress\/plugins\/seo\/ -->\n<title>Bipolari: tra le ombre e la luce - Polis SA Magazine<\/title>\n<meta name=\"robots\" content=\"index, follow, max-snippet:-1, max-image-preview:large, max-video-preview:-1\" \/>\n<link rel=\"canonical\" href=\"https:\/\/www.istitutogalanteoliva.it\/magazine\/2025\/05\/02\/bipolari-tra-le-ombre-e-la-luce\/\" \/>\n<meta property=\"og:locale\" content=\"it_IT\" \/>\n<meta property=\"og:type\" content=\"article\" \/>\n<meta property=\"og:title\" content=\"Bipolari: tra le ombre e la luce - Polis SA Magazine\" \/>\n<meta property=\"og:description\" content=\"Un incontro con Chiara Vergani sulla malattia e la forza della consapevolezza [Di Stefano Pignataro]\" \/>\n<meta property=\"og:url\" content=\"https:\/\/www.istitutogalanteoliva.it\/magazine\/2025\/05\/02\/bipolari-tra-le-ombre-e-la-luce\/\" \/>\n<meta property=\"og:site_name\" content=\"Polis SA Magazine\" \/>\n<meta property=\"article:publisher\" content=\"https:\/\/www.facebook.com\/PolisSAMagazine\/\" \/>\n<meta property=\"article:published_time\" content=\"2025-05-02T06:00:00+00:00\" \/>\n<meta property=\"article:modified_time\" content=\"2025-05-02T08:06:43+00:00\" \/>\n<meta property=\"og:image\" content=\"https:\/\/www.istitutogalanteoliva.it\/magazine\/wp-content\/uploads\/2025\/04\/inter.jpg\" \/>\n\t<meta property=\"og:image:width\" content=\"700\" \/>\n\t<meta property=\"og:image:height\" content=\"380\" \/>\n\t<meta property=\"og:image:type\" content=\"image\/jpeg\" \/>\n<meta name=\"author\" content=\"Antonello Rivano\" \/>\n<meta name=\"twitter:card\" content=\"summary_large_image\" \/>\n<meta name=\"twitter:creator\" content=\"@MagazinePolis\" \/>\n<meta name=\"twitter:site\" content=\"@MagazinePolis\" \/>\n<meta name=\"twitter:label1\" content=\"Scritto da\" \/>\n\t<meta name=\"twitter:data1\" content=\"Antonello Rivano\" \/>\n\t<meta name=\"twitter:label2\" content=\"Tempo di lettura stimato\" \/>\n\t<meta name=\"twitter:data2\" content=\"11 minuti\" \/>\n<script type=\"application\/ld+json\" class=\"yoast-schema-graph\">{\"@context\":\"https:\/\/schema.org\",\"@graph\":[{\"@type\":\"Article\",\"@id\":\"https:\/\/www.istitutogalanteoliva.it\/magazine\/2025\/05\/02\/bipolari-tra-le-ombre-e-la-luce\/#article\",\"isPartOf\":{\"@id\":\"https:\/\/www.istitutogalanteoliva.it\/magazine\/2025\/05\/02\/bipolari-tra-le-ombre-e-la-luce\/\"},\"author\":{\"name\":\"Antonello Rivano\",\"@id\":\"https:\/\/www.istitutogalanteoliva.it\/magazine\/#\/schema\/person\/d8b8aa79cfe8babc1df9da3212a7c0c4\"},\"headline\":\"Bipolari: tra le ombre e la luce\",\"datePublished\":\"2025-05-02T06:00:00+00:00\",\"dateModified\":\"2025-05-02T08:06:43+00:00\",\"mainEntityOfPage\":{\"@id\":\"https:\/\/www.istitutogalanteoliva.it\/magazine\/2025\/05\/02\/bipolari-tra-le-ombre-e-la-luce\/\"},\"wordCount\":1874,\"publisher\":{\"@id\":\"https:\/\/www.istitutogalanteoliva.it\/magazine\/#organization\"},\"image\":{\"@id\":\"https:\/\/www.istitutogalanteoliva.it\/magazine\/2025\/05\/02\/bipolari-tra-le-ombre-e-la-luce\/#primaryimage\"},\"thumbnailUrl\":\"https:\/\/www.istitutogalanteoliva.it\/magazine\/wp-content\/uploads\/2025\/04\/inter.jpg\",\"keywords\":[\"Depressione\",\"libri\"],\"articleSection\":[\"2025\",\"Interviste\",\"Societ\u00e0\"],\"inLanguage\":\"it-IT\"},{\"@type\":\"WebPage\",\"@id\":\"https:\/\/www.istitutogalanteoliva.it\/magazine\/2025\/05\/02\/bipolari-tra-le-ombre-e-la-luce\/\",\"url\":\"https:\/\/www.istitutogalanteoliva.it\/magazine\/2025\/05\/02\/bipolari-tra-le-ombre-e-la-luce\/\",\"name\":\"Bipolari: tra le ombre e la luce - Polis SA Magazine\",\"isPartOf\":{\"@id\":\"https:\/\/www.istitutogalanteoliva.it\/magazine\/#website\"},\"primaryImageOfPage\":{\"@id\":\"https:\/\/www.istitutogalanteoliva.it\/magazine\/2025\/05\/02\/bipolari-tra-le-ombre-e-la-luce\/#primaryimage\"},\"image\":{\"@id\":\"https:\/\/www.istitutogalanteoliva.it\/magazine\/2025\/05\/02\/bipolari-tra-le-ombre-e-la-luce\/#primaryimage\"},\"thumbnailUrl\":\"https:\/\/www.istitutogalanteoliva.it\/magazine\/wp-content\/uploads\/2025\/04\/inter.jpg\",\"datePublished\":\"2025-05-02T06:00:00+00:00\",\"dateModified\":\"2025-05-02T08:06:43+00:00\",\"breadcrumb\":{\"@id\":\"https:\/\/www.istitutogalanteoliva.it\/magazine\/2025\/05\/02\/bipolari-tra-le-ombre-e-la-luce\/#breadcrumb\"},\"inLanguage\":\"it-IT\",\"potentialAction\":[{\"@type\":\"ReadAction\",\"target\":[\"https:\/\/www.istitutogalanteoliva.it\/magazine\/2025\/05\/02\/bipolari-tra-le-ombre-e-la-luce\/\"]}]},{\"@type\":\"ImageObject\",\"inLanguage\":\"it-IT\",\"@id\":\"https:\/\/www.istitutogalanteoliva.it\/magazine\/2025\/05\/02\/bipolari-tra-le-ombre-e-la-luce\/#primaryimage\",\"url\":\"https:\/\/www.istitutogalanteoliva.it\/magazine\/wp-content\/uploads\/2025\/04\/inter.jpg\",\"contentUrl\":\"https:\/\/www.istitutogalanteoliva.it\/magazine\/wp-content\/uploads\/2025\/04\/inter.jpg\",\"width\":700,\"height\":380},{\"@type\":\"BreadcrumbList\",\"@id\":\"https:\/\/www.istitutogalanteoliva.it\/magazine\/2025\/05\/02\/bipolari-tra-le-ombre-e-la-luce\/#breadcrumb\",\"itemListElement\":[{\"@type\":\"ListItem\",\"position\":1,\"name\":\"Home\",\"item\":\"https:\/\/www.istitutogalanteoliva.it\/magazine\/\"},{\"@type\":\"ListItem\",\"position\":2,\"name\":\"Bipolari: tra le ombre e la luce\"}]},{\"@type\":\"WebSite\",\"@id\":\"https:\/\/www.istitutogalanteoliva.it\/magazine\/#website\",\"url\":\"https:\/\/www.istitutogalanteoliva.it\/magazine\/\",\"name\":\"POLIS SA MAGAZINE\",\"description\":\"Informazione e approfondimenti\",\"publisher\":{\"@id\":\"https:\/\/www.istitutogalanteoliva.it\/magazine\/#organization\"},\"potentialAction\":[{\"@type\":\"SearchAction\",\"target\":{\"@type\":\"EntryPoint\",\"urlTemplate\":\"https:\/\/www.istitutogalanteoliva.it\/magazine\/?s={search_term_string}\"},\"query-input\":{\"@type\":\"PropertyValueSpecification\",\"valueRequired\":true,\"valueName\":\"search_term_string\"}}],\"inLanguage\":\"it-IT\"},{\"@type\":\"Organization\",\"@id\":\"https:\/\/www.istitutogalanteoliva.it\/magazine\/#organization\",\"name\":\"Polis SA Magazine\",\"url\":\"https:\/\/www.istitutogalanteoliva.it\/magazine\/\",\"logo\":{\"@type\":\"ImageObject\",\"inLanguage\":\"it-IT\",\"@id\":\"https:\/\/www.istitutogalanteoliva.it\/magazine\/#\/schema\/logo\/image\/\",\"url\":\"\",\"contentUrl\":\"\",\"caption\":\"Polis SA Magazine\"},\"image\":{\"@id\":\"https:\/\/www.istitutogalanteoliva.it\/magazine\/#\/schema\/logo\/image\/\"},\"sameAs\":[\"https:\/\/www.facebook.com\/PolisSAMagazine\/\",\"https:\/\/x.com\/MagazinePolis\",\"https:\/\/www.youtube.com\/channel\/UCv0Mr5AHKUmsc0sEEXkJrgw\"]},{\"@type\":\"Person\",\"@id\":\"https:\/\/www.istitutogalanteoliva.it\/magazine\/#\/schema\/person\/d8b8aa79cfe8babc1df9da3212a7c0c4\",\"name\":\"Antonello Rivano\",\"image\":{\"@type\":\"ImageObject\",\"inLanguage\":\"it-IT\",\"@id\":\"https:\/\/www.istitutogalanteoliva.it\/magazine\/#\/schema\/person\/image\/\",\"url\":\"https:\/\/secure.gravatar.com\/avatar\/517a9a6487a7a18ecc4ce6d2e57a8f40?s=96&d=mm&r=g\",\"contentUrl\":\"https:\/\/secure.gravatar.com\/avatar\/517a9a6487a7a18ecc4ce6d2e57a8f40?s=96&d=mm&r=g\",\"caption\":\"Antonello Rivano\"},\"url\":\"https:\/\/www.istitutogalanteoliva.it\/magazine\/author\/antonello\/\"}]}<\/script>\n<!-- \/ Yoast SEO plugin. -->","yoast_head_json":{"title":"Bipolari: tra le ombre e la luce - Polis SA Magazine","robots":{"index":"index","follow":"follow","max-snippet":"max-snippet:-1","max-image-preview":"max-image-preview:large","max-video-preview":"max-video-preview:-1"},"canonical":"https:\/\/www.istitutogalanteoliva.it\/magazine\/2025\/05\/02\/bipolari-tra-le-ombre-e-la-luce\/","og_locale":"it_IT","og_type":"article","og_title":"Bipolari: tra le ombre e la luce - Polis SA Magazine","og_description":"Un incontro con Chiara Vergani sulla malattia e la forza della consapevolezza [Di Stefano Pignataro]","og_url":"https:\/\/www.istitutogalanteoliva.it\/magazine\/2025\/05\/02\/bipolari-tra-le-ombre-e-la-luce\/","og_site_name":"Polis SA Magazine","article_publisher":"https:\/\/www.facebook.com\/PolisSAMagazine\/","article_published_time":"2025-05-02T06:00:00+00:00","article_modified_time":"2025-05-02T08:06:43+00:00","og_image":[{"width":700,"height":380,"url":"https:\/\/www.istitutogalanteoliva.it\/magazine\/wp-content\/uploads\/2025\/04\/inter.jpg","type":"image\/jpeg"}],"author":"Antonello Rivano","twitter_card":"summary_large_image","twitter_creator":"@MagazinePolis","twitter_site":"@MagazinePolis","twitter_misc":{"Scritto da":"Antonello Rivano","Tempo di lettura stimato":"11 minuti"},"schema":{"@context":"https:\/\/schema.org","@graph":[{"@type":"Article","@id":"https:\/\/www.istitutogalanteoliva.it\/magazine\/2025\/05\/02\/bipolari-tra-le-ombre-e-la-luce\/#article","isPartOf":{"@id":"https:\/\/www.istitutogalanteoliva.it\/magazine\/2025\/05\/02\/bipolari-tra-le-ombre-e-la-luce\/"},"author":{"name":"Antonello Rivano","@id":"https:\/\/www.istitutogalanteoliva.it\/magazine\/#\/schema\/person\/d8b8aa79cfe8babc1df9da3212a7c0c4"},"headline":"Bipolari: tra le ombre e la luce","datePublished":"2025-05-02T06:00:00+00:00","dateModified":"2025-05-02T08:06:43+00:00","mainEntityOfPage":{"@id":"https:\/\/www.istitutogalanteoliva.it\/magazine\/2025\/05\/02\/bipolari-tra-le-ombre-e-la-luce\/"},"wordCount":1874,"publisher":{"@id":"https:\/\/www.istitutogalanteoliva.it\/magazine\/#organization"},"image":{"@id":"https:\/\/www.istitutogalanteoliva.it\/magazine\/2025\/05\/02\/bipolari-tra-le-ombre-e-la-luce\/#primaryimage"},"thumbnailUrl":"https:\/\/www.istitutogalanteoliva.it\/magazine\/wp-content\/uploads\/2025\/04\/inter.jpg","keywords":["Depressione","libri"],"articleSection":["2025","Interviste","Societ\u00e0"],"inLanguage":"it-IT"},{"@type":"WebPage","@id":"https:\/\/www.istitutogalanteoliva.it\/magazine\/2025\/05\/02\/bipolari-tra-le-ombre-e-la-luce\/","url":"https:\/\/www.istitutogalanteoliva.it\/magazine\/2025\/05\/02\/bipolari-tra-le-ombre-e-la-luce\/","name":"Bipolari: tra le ombre e la luce - Polis SA Magazine","isPartOf":{"@id":"https:\/\/www.istitutogalanteoliva.it\/magazine\/#website"},"primaryImageOfPage":{"@id":"https:\/\/www.istitutogalanteoliva.it\/magazine\/2025\/05\/02\/bipolari-tra-le-ombre-e-la-luce\/#primaryimage"},"image":{"@id":"https:\/\/www.istitutogalanteoliva.it\/magazine\/2025\/05\/02\/bipolari-tra-le-ombre-e-la-luce\/#primaryimage"},"thumbnailUrl":"https:\/\/www.istitutogalanteoliva.it\/magazine\/wp-content\/uploads\/2025\/04\/inter.jpg","datePublished":"2025-05-02T06:00:00+00:00","dateModified":"2025-05-02T08:06:43+00:00","breadcrumb":{"@id":"https:\/\/www.istitutogalanteoliva.it\/magazine\/2025\/05\/02\/bipolari-tra-le-ombre-e-la-luce\/#breadcrumb"},"inLanguage":"it-IT","potentialAction":[{"@type":"ReadAction","target":["https:\/\/www.istitutogalanteoliva.it\/magazine\/2025\/05\/02\/bipolari-tra-le-ombre-e-la-luce\/"]}]},{"@type":"ImageObject","inLanguage":"it-IT","@id":"https:\/\/www.istitutogalanteoliva.it\/magazine\/2025\/05\/02\/bipolari-tra-le-ombre-e-la-luce\/#primaryimage","url":"https:\/\/www.istitutogalanteoliva.it\/magazine\/wp-content\/uploads\/2025\/04\/inter.jpg","contentUrl":"https:\/\/www.istitutogalanteoliva.it\/magazine\/wp-content\/uploads\/2025\/04\/inter.jpg","width":700,"height":380},{"@type":"BreadcrumbList","@id":"https:\/\/www.istitutogalanteoliva.it\/magazine\/2025\/05\/02\/bipolari-tra-le-ombre-e-la-luce\/#breadcrumb","itemListElement":[{"@type":"ListItem","position":1,"name":"Home","item":"https:\/\/www.istitutogalanteoliva.it\/magazine\/"},{"@type":"ListItem","position":2,"name":"Bipolari: tra le ombre e la luce"}]},{"@type":"WebSite","@id":"https:\/\/www.istitutogalanteoliva.it\/magazine\/#website","url":"https:\/\/www.istitutogalanteoliva.it\/magazine\/","name":"POLIS SA MAGAZINE","description":"Informazione e approfondimenti","publisher":{"@id":"https:\/\/www.istitutogalanteoliva.it\/magazine\/#organization"},"potentialAction":[{"@type":"SearchAction","target":{"@type":"EntryPoint","urlTemplate":"https:\/\/www.istitutogalanteoliva.it\/magazine\/?s={search_term_string}"},"query-input":{"@type":"PropertyValueSpecification","valueRequired":true,"valueName":"search_term_string"}}],"inLanguage":"it-IT"},{"@type":"Organization","@id":"https:\/\/www.istitutogalanteoliva.it\/magazine\/#organization","name":"Polis SA Magazine","url":"https:\/\/www.istitutogalanteoliva.it\/magazine\/","logo":{"@type":"ImageObject","inLanguage":"it-IT","@id":"https:\/\/www.istitutogalanteoliva.it\/magazine\/#\/schema\/logo\/image\/","url":"","contentUrl":"","caption":"Polis SA Magazine"},"image":{"@id":"https:\/\/www.istitutogalanteoliva.it\/magazine\/#\/schema\/logo\/image\/"},"sameAs":["https:\/\/www.facebook.com\/PolisSAMagazine\/","https:\/\/x.com\/MagazinePolis","https:\/\/www.youtube.com\/channel\/UCv0Mr5AHKUmsc0sEEXkJrgw"]},{"@type":"Person","@id":"https:\/\/www.istitutogalanteoliva.it\/magazine\/#\/schema\/person\/d8b8aa79cfe8babc1df9da3212a7c0c4","name":"Antonello Rivano","image":{"@type":"ImageObject","inLanguage":"it-IT","@id":"https:\/\/www.istitutogalanteoliva.it\/magazine\/#\/schema\/person\/image\/","url":"https:\/\/secure.gravatar.com\/avatar\/517a9a6487a7a18ecc4ce6d2e57a8f40?s=96&d=mm&r=g","contentUrl":"https:\/\/secure.gravatar.com\/avatar\/517a9a6487a7a18ecc4ce6d2e57a8f40?s=96&d=mm&r=g","caption":"Antonello Rivano"},"url":"https:\/\/www.istitutogalanteoliva.it\/magazine\/author\/antonello\/"}]}},"_links":{"self":[{"href":"https:\/\/www.istitutogalanteoliva.it\/magazine\/wp-json\/wp\/v2\/posts\/18005","targetHints":{"allow":["GET"]}}],"collection":[{"href":"https:\/\/www.istitutogalanteoliva.it\/magazine\/wp-json\/wp\/v2\/posts"}],"about":[{"href":"https:\/\/www.istitutogalanteoliva.it\/magazine\/wp-json\/wp\/v2\/types\/post"}],"author":[{"embeddable":true,"href":"https:\/\/www.istitutogalanteoliva.it\/magazine\/wp-json\/wp\/v2\/users\/2"}],"replies":[{"embeddable":true,"href":"https:\/\/www.istitutogalanteoliva.it\/magazine\/wp-json\/wp\/v2\/comments?post=18005"}],"version-history":[{"count":7,"href":"https:\/\/www.istitutogalanteoliva.it\/magazine\/wp-json\/wp\/v2\/posts\/18005\/revisions"}],"predecessor-version":[{"id":18019,"href":"https:\/\/www.istitutogalanteoliva.it\/magazine\/wp-json\/wp\/v2\/posts\/18005\/revisions\/18019"}],"wp:featuredmedia":[{"embeddable":true,"href":"https:\/\/www.istitutogalanteoliva.it\/magazine\/wp-json\/wp\/v2\/media\/18009"}],"wp:attachment":[{"href":"https:\/\/www.istitutogalanteoliva.it\/magazine\/wp-json\/wp\/v2\/media?parent=18005"}],"wp:term":[{"taxonomy":"category","embeddable":true,"href":"https:\/\/www.istitutogalanteoliva.it\/magazine\/wp-json\/wp\/v2\/categories?post=18005"},{"taxonomy":"post_tag","embeddable":true,"href":"https:\/\/www.istitutogalanteoliva.it\/magazine\/wp-json\/wp\/v2\/tags?post=18005"}],"curies":[{"name":"wp","href":"https:\/\/api.w.org\/{rel}","templated":true}]}}