{"id":18048,"date":"2025-05-07T08:00:00","date_gmt":"2025-05-07T06:00:00","guid":{"rendered":"https:\/\/www.istitutogalanteoliva.it\/magazine\/?p=18048"},"modified":"2025-06-03T20:45:39","modified_gmt":"2025-06-03T18:45:39","slug":"verso-i-referendum-cosa-si-vota-cosa-cambierebbe-1","status":"publish","type":"post","link":"https:\/\/www.istitutogalanteoliva.it\/magazine\/2025\/05\/07\/verso-i-referendum-cosa-si-vota-cosa-cambierebbe-1\/","title":{"rendered":"Verso i referendum \u2013 Cosa si vota, cosa cambierebbe (1)"},"content":{"rendered":"\n<h2 class=\"wp-block-heading\"><\/h2>\n\n\n\n<p><strong>L\u20198 e 9 giugno 2025 gli italiani saranno chiamati a esprimersi su cinque quesiti referendari abrogativi. I temi spaziano dal lavoro alla cittadinanza, con l\u2019obiettivo di modificare o cancellare norme attualmente in vigore. In questa serie di articoli, <em>Polis<\/em> presenta ogni settimana un approfondimento su ciascun referendum: cosa dice il quesito, da dove nasce, cosa accadrebbe in caso di vittoria del S\u00ec o del No.<\/strong><br><a href=\"https:\/\/www.istitutogalanteoliva.it\/magazine\/?s=Verso+i+referendum\"><strong>Vedi tutte e cinque gli articoli di \u201cVerso i Referendum\u201d<\/strong><\/a><br><\/p>\n\n\n\n<hr class=\"wp-block-separator has-alpha-channel-opacity\"\/>\n\n\n\n<h3 class=\"wp-block-heading has-text-align-left\"><strong>Referendum 1 \u2013 Licenziamento illegittimo: cosa succede con il reintegro<\/strong><\/h3>\n\n\n\n<h4 class=\"wp-block-heading\">\ud83d\udcc4 <strong>Il testo del quesito sulla scheda<\/strong><\/h4>\n\n\n\n<p><em>\u00abVolete voi l\u2019abrogazione del decreto legislativo 4 marzo 2015, n. 23, \u201cDisposizioni in materia di contratto di lavoro a tempo indeterminato a tutele crescenti, in attuazione della legge 10 dicembre 2014, n. 183\u201d, limitatamente agli articoli 1, 2, 3 e 4?\u00bb<\/em><\/p>\n\n\n\n<hr class=\"wp-block-separator has-alpha-channel-opacity is-style-dots\"\/>\n\n\n\n<p><strong>Cosa chiede il quesito<\/strong><\/p>\n\n\n\n<p>Il primo quesito referendario riguarda la normativa sui licenziamenti e in particolare sul reintegro del lavoratore licenziato senza giusta causa. Il referendum chiede se abrogare il Decreto Legislativo 4 marzo 2015, n. 23, noto come <em>Jobs Act<\/em>, che introduce il contratto a tutele crescenti. Questo contratto ha ridotto la possibilit\u00e0 di reintegrare i lavoratori nel posto di lavoro in caso di licenziamento illegittimo, limitando tale misura a determinate situazioni.<\/p>\n\n\n\n<p>In sostanza, il quesito propone di eliminare le limitazioni imposte dalla legge, ripristinando la piena tutela del lavoratore, con il reintegro obbligatorio in caso di licenziamento senza giusta causa.<\/p>\n\n\n\n<p><strong>Origine della proposta<\/strong><\/p>\n\n\n\n<p>La proposta \u00e8 stata avanzata dalla CGIL, il principale sindacato italiano, che sostiene che la normativa attuale, introdotta nel 2015, abbia ridotto i diritti dei lavoratori, creando una disparit\u00e0 di trattamento tra chi lavora con contratto a tempo indeterminato e chi invece ha contratti precari o a termine.<\/p>\n\n\n\n<p>Secondo la CGIL, l\u2019abrogazione di questa parte della legge restituirebbe ai lavoratori la protezione completa in caso di licenziamento ingiustificato, restituendo anche un potere maggiore ai giudici nell\u2019applicare la giustizia nei casi di contenzioso tra lavoratore e datore di lavoro.<\/p>\n\n\n\n<p><strong>Cosa succede se vince il S\u00cc<\/strong><\/p>\n\n\n\n<p>Se il referendum dovesse ottenere il S\u00ec, la normativa che limita il reintegro verrebbe abrogata. Ci\u00f2 comporterebbe il ripristino della tutela completa per i lavoratori licenziati senza giusta causa. In pratica, se un licenziamento venisse giudicato illegittimo, il lavoratore avrebbe il diritto di essere reintegrato nel suo posto di lavoro, indipendentemente dalle circostanze, con l\u2019aggiunta di un risarcimento economico per il periodo di mancato lavoro.<\/p>\n\n\n\n<p>Questa modifica implicherebbe un cambiamento significativo nelle politiche aziendali, in quanto le imprese dovrebbero prestare maggiore attenzione nel giustificare un licenziamento e potrebbero trovarsi a dover affrontare conseguenze pi\u00f9 gravose in caso di contenzioso legale.<\/p>\n\n\n\n<p><strong>Cosa succede se vince il NO<\/strong><\/p>\n\n\n\n<p>Se il referendum dovesse ottenere il No, rimarr\u00e0 in vigore l\u2019attuale legislazione introdotta dal <em>Jobs Act<\/em>. In tal caso, la possibilit\u00e0 di reintegro in caso di licenziamento illegittimo sarebbe limitata a determinate condizioni, con l\u2019alternativa di un risarcimento economico per il lavoratore. La legge prevede infatti che il reintegro sia applicabile solo in alcuni casi particolari, come per esempio nei licenziamenti discriminatori, mentre in altri casi il lavoratore potr\u00e0 ricevere solo un\u2019indennit\u00e0 economica, che non sempre corrisponde al reddito perduto.<\/p>\n\n\n\n<p>In sostanza, con il No si continuerebbe con l\u2019approccio attuale, che limita il rischio per le imprese, ma riduce anche la protezione per i lavoratori licenziati senza giusta causa.<\/p>\n\n\n\n<p><\/p>\n\n\n\n<hr class=\"wp-block-separator has-alpha-channel-opacity is-style-dots\"\/>\n\n\n\n<p><strong>Come si vota<\/strong><\/p>\n\n\n\n<p>Il referendum si terr\u00e0 domenica 8 giugno e luned\u00ec 9 giugno 2025. Il voto si esprime sulla singola domanda, con risposta \u201cS\u00ec\u201d o \u201cNo\u201d. Perch\u00e9 il referendum sia valido, deve partecipare almeno il 50% degli aventi diritto al voto. In caso di vittoria del S\u00ec, la legge verr\u00e0 modificata come previsto. In caso di vittoria del No, rimarr\u00e0 in vigore l\u2019attuale legislazione.<\/p>\n\n\n\n<p>Il voto si svolger\u00e0 presso i seggi elettorali, come nelle elezioni politiche, e il voto sar\u00e0 segreto. Gli elettori potranno esprimere il loro parere sulla scheda, dove sar\u00e0 riportata la domanda referendaria.<\/p>\n\n\n\n<p class=\"has-text-align-right\"><strong><em>REDAZIONE<\/em><\/strong><\/p>\n\n\n\n<p class=\"has-white-color has-black-background-color has-text-color has-background has-link-color wp-elements-4bdcf965efd8a6f3b1a6be4610b47fee\">@Tutti i diritti riservati ai sensi della Legge 633\/1941 sul diritto d&#8217;autore e delle normative internazionali sul copyright. \u00c8 vietata la riproduzione, anche parziale, senza il permesso scritto della redazione<\/p>\n<div class=\"pdfprnt-buttons pdfprnt-buttons-post pdfprnt-bottom-left\"><a href=\"https:\/\/www.istitutogalanteoliva.it\/magazine\/wp-json\/wp\/v2\/posts\/18048?print=print\" class=\"pdfprnt-button pdfprnt-button-print\" target=\"_blank\"><img decoding=\"async\" src=\"https:\/\/www.istitutogalanteoliva.it\/magazine\/wp-content\/plugins\/pdf-print\/images\/print.png\" alt=\"image_print\" title=\"Stampa contenuto\" \/><span class=\"pdfprnt-button-title pdfprnt-button-print-title\">Download in PDF<\/span><\/a><\/div>","protected":false},"excerpt":{"rendered":"<p>Referendum 1 \u2013 Licenziamento illegittimo: cosa succede con il reintegro.<br \/>\nCosa dice il quesito, da dove nasce, cosa accadrebbe in caso di vittoria del S\u00ec o del No.<\/p>\n","protected":false},"author":2,"featured_media":18049,"comment_status":"closed","ping_status":"open","sticky":true,"template":"","format":"standard","meta":{"footnotes":""},"categories":[1241,254],"tags":[1359],"class_list":["post-18048","post","type-post","status-publish","format-standard","has-post-thumbnail","hentry","category-1241","category-attualita","tag-referendum-2025"],"yoast_head":"<!-- This site is optimized with the Yoast SEO plugin v24.2 - https:\/\/yoast.com\/wordpress\/plugins\/seo\/ -->\n<title>Verso i referendum \u2013 Cosa si vota, cosa cambierebbe (1) - Polis SA Magazine<\/title>\n<meta name=\"description\" content=\"Referendum 1 \u2013 .Il referendum sul reintegro dei lavoratori licenziati rappresenta una questione centrale nelle politiche del lavoro italiane\" \/>\n<meta name=\"robots\" content=\"index, follow, max-snippet:-1, max-image-preview:large, max-video-preview:-1\" \/>\n<link rel=\"canonical\" href=\"https:\/\/www.istitutogalanteoliva.it\/magazine\/2025\/05\/07\/verso-i-referendum-cosa-si-vota-cosa-cambierebbe-1\/\" \/>\n<meta property=\"og:locale\" content=\"it_IT\" \/>\n<meta property=\"og:type\" content=\"article\" \/>\n<meta property=\"og:title\" content=\"Verso i referendum \u2013 Cosa si vota, cosa cambierebbe (1) - Polis SA Magazine\" \/>\n<meta property=\"og:description\" content=\"Referendum 1 \u2013 .Il referendum sul reintegro dei lavoratori licenziati rappresenta una questione centrale nelle politiche del lavoro italiane\" \/>\n<meta property=\"og:url\" content=\"https:\/\/www.istitutogalanteoliva.it\/magazine\/2025\/05\/07\/verso-i-referendum-cosa-si-vota-cosa-cambierebbe-1\/\" \/>\n<meta property=\"og:site_name\" content=\"Polis SA Magazine\" \/>\n<meta property=\"article:publisher\" content=\"https:\/\/www.facebook.com\/PolisSAMagazine\/\" \/>\n<meta property=\"article:published_time\" content=\"2025-05-07T06:00:00+00:00\" \/>\n<meta property=\"article:modified_time\" content=\"2025-06-03T18:45:39+00:00\" \/>\n<meta property=\"og:image\" content=\"https:\/\/www.istitutogalanteoliva.it\/magazine\/wp-content\/uploads\/2025\/05\/arton125587.jpg\" \/>\n\t<meta property=\"og:image:width\" content=\"1400\" \/>\n\t<meta property=\"og:image:height\" content=\"860\" \/>\n\t<meta property=\"og:image:type\" content=\"image\/jpeg\" \/>\n<meta name=\"author\" content=\"Antonello Rivano\" \/>\n<meta name=\"twitter:card\" content=\"summary_large_image\" \/>\n<meta name=\"twitter:creator\" content=\"@MagazinePolis\" \/>\n<meta name=\"twitter:site\" content=\"@MagazinePolis\" \/>\n<meta name=\"twitter:label1\" content=\"Scritto da\" \/>\n\t<meta name=\"twitter:data1\" content=\"Antonello Rivano\" \/>\n\t<meta name=\"twitter:label2\" content=\"Tempo di lettura stimato\" \/>\n\t<meta name=\"twitter:data2\" content=\"4 minuti\" \/>\n<script type=\"application\/ld+json\" class=\"yoast-schema-graph\">{\"@context\":\"https:\/\/schema.org\",\"@graph\":[{\"@type\":\"Article\",\"@id\":\"https:\/\/www.istitutogalanteoliva.it\/magazine\/2025\/05\/07\/verso-i-referendum-cosa-si-vota-cosa-cambierebbe-1\/#article\",\"isPartOf\":{\"@id\":\"https:\/\/www.istitutogalanteoliva.it\/magazine\/2025\/05\/07\/verso-i-referendum-cosa-si-vota-cosa-cambierebbe-1\/\"},\"author\":{\"name\":\"Antonello Rivano\",\"@id\":\"https:\/\/www.istitutogalanteoliva.it\/magazine\/#\/schema\/person\/d8b8aa79cfe8babc1df9da3212a7c0c4\"},\"headline\":\"Verso i referendum \u2013 Cosa si vota, cosa cambierebbe (1)\",\"datePublished\":\"2025-05-07T06:00:00+00:00\",\"dateModified\":\"2025-06-03T18:45:39+00:00\",\"mainEntityOfPage\":{\"@id\":\"https:\/\/www.istitutogalanteoliva.it\/magazine\/2025\/05\/07\/verso-i-referendum-cosa-si-vota-cosa-cambierebbe-1\/\"},\"wordCount\":639,\"publisher\":{\"@id\":\"https:\/\/www.istitutogalanteoliva.it\/magazine\/#organization\"},\"image\":{\"@id\":\"https:\/\/www.istitutogalanteoliva.it\/magazine\/2025\/05\/07\/verso-i-referendum-cosa-si-vota-cosa-cambierebbe-1\/#primaryimage\"},\"thumbnailUrl\":\"https:\/\/www.istitutogalanteoliva.it\/magazine\/wp-content\/uploads\/2025\/05\/arton125587.jpg\",\"keywords\":[\"Referendum 2025\"],\"articleSection\":[\"2025\",\"Attualit\u00e0\"],\"inLanguage\":\"it-IT\"},{\"@type\":\"WebPage\",\"@id\":\"https:\/\/www.istitutogalanteoliva.it\/magazine\/2025\/05\/07\/verso-i-referendum-cosa-si-vota-cosa-cambierebbe-1\/\",\"url\":\"https:\/\/www.istitutogalanteoliva.it\/magazine\/2025\/05\/07\/verso-i-referendum-cosa-si-vota-cosa-cambierebbe-1\/\",\"name\":\"Verso i referendum \u2013 Cosa si vota, cosa cambierebbe (1) - Polis SA Magazine\",\"isPartOf\":{\"@id\":\"https:\/\/www.istitutogalanteoliva.it\/magazine\/#website\"},\"primaryImageOfPage\":{\"@id\":\"https:\/\/www.istitutogalanteoliva.it\/magazine\/2025\/05\/07\/verso-i-referendum-cosa-si-vota-cosa-cambierebbe-1\/#primaryimage\"},\"image\":{\"@id\":\"https:\/\/www.istitutogalanteoliva.it\/magazine\/2025\/05\/07\/verso-i-referendum-cosa-si-vota-cosa-cambierebbe-1\/#primaryimage\"},\"thumbnailUrl\":\"https:\/\/www.istitutogalanteoliva.it\/magazine\/wp-content\/uploads\/2025\/05\/arton125587.jpg\",\"datePublished\":\"2025-05-07T06:00:00+00:00\",\"dateModified\":\"2025-06-03T18:45:39+00:00\",\"description\":\"Referendum 1 \u2013 .Il referendum sul reintegro dei lavoratori licenziati rappresenta una questione centrale nelle politiche del lavoro italiane\",\"breadcrumb\":{\"@id\":\"https:\/\/www.istitutogalanteoliva.it\/magazine\/2025\/05\/07\/verso-i-referendum-cosa-si-vota-cosa-cambierebbe-1\/#breadcrumb\"},\"inLanguage\":\"it-IT\",\"potentialAction\":[{\"@type\":\"ReadAction\",\"target\":[\"https:\/\/www.istitutogalanteoliva.it\/magazine\/2025\/05\/07\/verso-i-referendum-cosa-si-vota-cosa-cambierebbe-1\/\"]}]},{\"@type\":\"ImageObject\",\"inLanguage\":\"it-IT\",\"@id\":\"https:\/\/www.istitutogalanteoliva.it\/magazine\/2025\/05\/07\/verso-i-referendum-cosa-si-vota-cosa-cambierebbe-1\/#primaryimage\",\"url\":\"https:\/\/www.istitutogalanteoliva.it\/magazine\/wp-content\/uploads\/2025\/05\/arton125587.jpg\",\"contentUrl\":\"https:\/\/www.istitutogalanteoliva.it\/magazine\/wp-content\/uploads\/2025\/05\/arton125587.jpg\",\"width\":1400,\"height\":860,\"caption\":\"verso i referendum\"},{\"@type\":\"BreadcrumbList\",\"@id\":\"https:\/\/www.istitutogalanteoliva.it\/magazine\/2025\/05\/07\/verso-i-referendum-cosa-si-vota-cosa-cambierebbe-1\/#breadcrumb\",\"itemListElement\":[{\"@type\":\"ListItem\",\"position\":1,\"name\":\"Home\",\"item\":\"https:\/\/www.istitutogalanteoliva.it\/magazine\/\"},{\"@type\":\"ListItem\",\"position\":2,\"name\":\"Verso i referendum \u2013 Cosa si vota, cosa cambierebbe (1)\"}]},{\"@type\":\"WebSite\",\"@id\":\"https:\/\/www.istitutogalanteoliva.it\/magazine\/#website\",\"url\":\"https:\/\/www.istitutogalanteoliva.it\/magazine\/\",\"name\":\"POLIS SA MAGAZINE\",\"description\":\"Informazione e approfondimenti\",\"publisher\":{\"@id\":\"https:\/\/www.istitutogalanteoliva.it\/magazine\/#organization\"},\"potentialAction\":[{\"@type\":\"SearchAction\",\"target\":{\"@type\":\"EntryPoint\",\"urlTemplate\":\"https:\/\/www.istitutogalanteoliva.it\/magazine\/?s={search_term_string}\"},\"query-input\":{\"@type\":\"PropertyValueSpecification\",\"valueRequired\":true,\"valueName\":\"search_term_string\"}}],\"inLanguage\":\"it-IT\"},{\"@type\":\"Organization\",\"@id\":\"https:\/\/www.istitutogalanteoliva.it\/magazine\/#organization\",\"name\":\"Polis SA Magazine\",\"url\":\"https:\/\/www.istitutogalanteoliva.it\/magazine\/\",\"logo\":{\"@type\":\"ImageObject\",\"inLanguage\":\"it-IT\",\"@id\":\"https:\/\/www.istitutogalanteoliva.it\/magazine\/#\/schema\/logo\/image\/\",\"url\":\"\",\"contentUrl\":\"\",\"caption\":\"Polis SA Magazine\"},\"image\":{\"@id\":\"https:\/\/www.istitutogalanteoliva.it\/magazine\/#\/schema\/logo\/image\/\"},\"sameAs\":[\"https:\/\/www.facebook.com\/PolisSAMagazine\/\",\"https:\/\/x.com\/MagazinePolis\",\"https:\/\/www.youtube.com\/channel\/UCv0Mr5AHKUmsc0sEEXkJrgw\"]},{\"@type\":\"Person\",\"@id\":\"https:\/\/www.istitutogalanteoliva.it\/magazine\/#\/schema\/person\/d8b8aa79cfe8babc1df9da3212a7c0c4\",\"name\":\"Antonello Rivano\",\"image\":{\"@type\":\"ImageObject\",\"inLanguage\":\"it-IT\",\"@id\":\"https:\/\/www.istitutogalanteoliva.it\/magazine\/#\/schema\/person\/image\/\",\"url\":\"https:\/\/secure.gravatar.com\/avatar\/517a9a6487a7a18ecc4ce6d2e57a8f40?s=96&d=mm&r=g\",\"contentUrl\":\"https:\/\/secure.gravatar.com\/avatar\/517a9a6487a7a18ecc4ce6d2e57a8f40?s=96&d=mm&r=g\",\"caption\":\"Antonello Rivano\"},\"url\":\"https:\/\/www.istitutogalanteoliva.it\/magazine\/author\/antonello\/\"}]}<\/script>\n<!-- \/ Yoast SEO plugin. -->","yoast_head_json":{"title":"Verso i referendum \u2013 Cosa si vota, cosa cambierebbe (1) - Polis SA Magazine","description":"Referendum 1 \u2013 .Il referendum sul reintegro dei lavoratori licenziati rappresenta una questione centrale nelle politiche del lavoro italiane","robots":{"index":"index","follow":"follow","max-snippet":"max-snippet:-1","max-image-preview":"max-image-preview:large","max-video-preview":"max-video-preview:-1"},"canonical":"https:\/\/www.istitutogalanteoliva.it\/magazine\/2025\/05\/07\/verso-i-referendum-cosa-si-vota-cosa-cambierebbe-1\/","og_locale":"it_IT","og_type":"article","og_title":"Verso i referendum \u2013 Cosa si vota, cosa cambierebbe (1) - Polis SA Magazine","og_description":"Referendum 1 \u2013 .Il referendum sul reintegro dei lavoratori licenziati rappresenta una questione centrale nelle politiche del lavoro italiane","og_url":"https:\/\/www.istitutogalanteoliva.it\/magazine\/2025\/05\/07\/verso-i-referendum-cosa-si-vota-cosa-cambierebbe-1\/","og_site_name":"Polis SA Magazine","article_publisher":"https:\/\/www.facebook.com\/PolisSAMagazine\/","article_published_time":"2025-05-07T06:00:00+00:00","article_modified_time":"2025-06-03T18:45:39+00:00","og_image":[{"width":1400,"height":860,"url":"https:\/\/www.istitutogalanteoliva.it\/magazine\/wp-content\/uploads\/2025\/05\/arton125587.jpg","type":"image\/jpeg"}],"author":"Antonello Rivano","twitter_card":"summary_large_image","twitter_creator":"@MagazinePolis","twitter_site":"@MagazinePolis","twitter_misc":{"Scritto da":"Antonello Rivano","Tempo di lettura stimato":"4 minuti"},"schema":{"@context":"https:\/\/schema.org","@graph":[{"@type":"Article","@id":"https:\/\/www.istitutogalanteoliva.it\/magazine\/2025\/05\/07\/verso-i-referendum-cosa-si-vota-cosa-cambierebbe-1\/#article","isPartOf":{"@id":"https:\/\/www.istitutogalanteoliva.it\/magazine\/2025\/05\/07\/verso-i-referendum-cosa-si-vota-cosa-cambierebbe-1\/"},"author":{"name":"Antonello Rivano","@id":"https:\/\/www.istitutogalanteoliva.it\/magazine\/#\/schema\/person\/d8b8aa79cfe8babc1df9da3212a7c0c4"},"headline":"Verso i referendum \u2013 Cosa si vota, cosa cambierebbe (1)","datePublished":"2025-05-07T06:00:00+00:00","dateModified":"2025-06-03T18:45:39+00:00","mainEntityOfPage":{"@id":"https:\/\/www.istitutogalanteoliva.it\/magazine\/2025\/05\/07\/verso-i-referendum-cosa-si-vota-cosa-cambierebbe-1\/"},"wordCount":639,"publisher":{"@id":"https:\/\/www.istitutogalanteoliva.it\/magazine\/#organization"},"image":{"@id":"https:\/\/www.istitutogalanteoliva.it\/magazine\/2025\/05\/07\/verso-i-referendum-cosa-si-vota-cosa-cambierebbe-1\/#primaryimage"},"thumbnailUrl":"https:\/\/www.istitutogalanteoliva.it\/magazine\/wp-content\/uploads\/2025\/05\/arton125587.jpg","keywords":["Referendum 2025"],"articleSection":["2025","Attualit\u00e0"],"inLanguage":"it-IT"},{"@type":"WebPage","@id":"https:\/\/www.istitutogalanteoliva.it\/magazine\/2025\/05\/07\/verso-i-referendum-cosa-si-vota-cosa-cambierebbe-1\/","url":"https:\/\/www.istitutogalanteoliva.it\/magazine\/2025\/05\/07\/verso-i-referendum-cosa-si-vota-cosa-cambierebbe-1\/","name":"Verso i referendum \u2013 Cosa si vota, cosa cambierebbe (1) - Polis SA Magazine","isPartOf":{"@id":"https:\/\/www.istitutogalanteoliva.it\/magazine\/#website"},"primaryImageOfPage":{"@id":"https:\/\/www.istitutogalanteoliva.it\/magazine\/2025\/05\/07\/verso-i-referendum-cosa-si-vota-cosa-cambierebbe-1\/#primaryimage"},"image":{"@id":"https:\/\/www.istitutogalanteoliva.it\/magazine\/2025\/05\/07\/verso-i-referendum-cosa-si-vota-cosa-cambierebbe-1\/#primaryimage"},"thumbnailUrl":"https:\/\/www.istitutogalanteoliva.it\/magazine\/wp-content\/uploads\/2025\/05\/arton125587.jpg","datePublished":"2025-05-07T06:00:00+00:00","dateModified":"2025-06-03T18:45:39+00:00","description":"Referendum 1 \u2013 .Il referendum sul reintegro dei lavoratori licenziati rappresenta una questione centrale nelle politiche del lavoro italiane","breadcrumb":{"@id":"https:\/\/www.istitutogalanteoliva.it\/magazine\/2025\/05\/07\/verso-i-referendum-cosa-si-vota-cosa-cambierebbe-1\/#breadcrumb"},"inLanguage":"it-IT","potentialAction":[{"@type":"ReadAction","target":["https:\/\/www.istitutogalanteoliva.it\/magazine\/2025\/05\/07\/verso-i-referendum-cosa-si-vota-cosa-cambierebbe-1\/"]}]},{"@type":"ImageObject","inLanguage":"it-IT","@id":"https:\/\/www.istitutogalanteoliva.it\/magazine\/2025\/05\/07\/verso-i-referendum-cosa-si-vota-cosa-cambierebbe-1\/#primaryimage","url":"https:\/\/www.istitutogalanteoliva.it\/magazine\/wp-content\/uploads\/2025\/05\/arton125587.jpg","contentUrl":"https:\/\/www.istitutogalanteoliva.it\/magazine\/wp-content\/uploads\/2025\/05\/arton125587.jpg","width":1400,"height":860,"caption":"verso i referendum"},{"@type":"BreadcrumbList","@id":"https:\/\/www.istitutogalanteoliva.it\/magazine\/2025\/05\/07\/verso-i-referendum-cosa-si-vota-cosa-cambierebbe-1\/#breadcrumb","itemListElement":[{"@type":"ListItem","position":1,"name":"Home","item":"https:\/\/www.istitutogalanteoliva.it\/magazine\/"},{"@type":"ListItem","position":2,"name":"Verso i referendum \u2013 Cosa si vota, cosa cambierebbe (1)"}]},{"@type":"WebSite","@id":"https:\/\/www.istitutogalanteoliva.it\/magazine\/#website","url":"https:\/\/www.istitutogalanteoliva.it\/magazine\/","name":"POLIS SA MAGAZINE","description":"Informazione e approfondimenti","publisher":{"@id":"https:\/\/www.istitutogalanteoliva.it\/magazine\/#organization"},"potentialAction":[{"@type":"SearchAction","target":{"@type":"EntryPoint","urlTemplate":"https:\/\/www.istitutogalanteoliva.it\/magazine\/?s={search_term_string}"},"query-input":{"@type":"PropertyValueSpecification","valueRequired":true,"valueName":"search_term_string"}}],"inLanguage":"it-IT"},{"@type":"Organization","@id":"https:\/\/www.istitutogalanteoliva.it\/magazine\/#organization","name":"Polis SA Magazine","url":"https:\/\/www.istitutogalanteoliva.it\/magazine\/","logo":{"@type":"ImageObject","inLanguage":"it-IT","@id":"https:\/\/www.istitutogalanteoliva.it\/magazine\/#\/schema\/logo\/image\/","url":"","contentUrl":"","caption":"Polis SA Magazine"},"image":{"@id":"https:\/\/www.istitutogalanteoliva.it\/magazine\/#\/schema\/logo\/image\/"},"sameAs":["https:\/\/www.facebook.com\/PolisSAMagazine\/","https:\/\/x.com\/MagazinePolis","https:\/\/www.youtube.com\/channel\/UCv0Mr5AHKUmsc0sEEXkJrgw"]},{"@type":"Person","@id":"https:\/\/www.istitutogalanteoliva.it\/magazine\/#\/schema\/person\/d8b8aa79cfe8babc1df9da3212a7c0c4","name":"Antonello Rivano","image":{"@type":"ImageObject","inLanguage":"it-IT","@id":"https:\/\/www.istitutogalanteoliva.it\/magazine\/#\/schema\/person\/image\/","url":"https:\/\/secure.gravatar.com\/avatar\/517a9a6487a7a18ecc4ce6d2e57a8f40?s=96&d=mm&r=g","contentUrl":"https:\/\/secure.gravatar.com\/avatar\/517a9a6487a7a18ecc4ce6d2e57a8f40?s=96&d=mm&r=g","caption":"Antonello Rivano"},"url":"https:\/\/www.istitutogalanteoliva.it\/magazine\/author\/antonello\/"}]}},"_links":{"self":[{"href":"https:\/\/www.istitutogalanteoliva.it\/magazine\/wp-json\/wp\/v2\/posts\/18048","targetHints":{"allow":["GET"]}}],"collection":[{"href":"https:\/\/www.istitutogalanteoliva.it\/magazine\/wp-json\/wp\/v2\/posts"}],"about":[{"href":"https:\/\/www.istitutogalanteoliva.it\/magazine\/wp-json\/wp\/v2\/types\/post"}],"author":[{"embeddable":true,"href":"https:\/\/www.istitutogalanteoliva.it\/magazine\/wp-json\/wp\/v2\/users\/2"}],"replies":[{"embeddable":true,"href":"https:\/\/www.istitutogalanteoliva.it\/magazine\/wp-json\/wp\/v2\/comments?post=18048"}],"version-history":[{"count":7,"href":"https:\/\/www.istitutogalanteoliva.it\/magazine\/wp-json\/wp\/v2\/posts\/18048\/revisions"}],"predecessor-version":[{"id":18313,"href":"https:\/\/www.istitutogalanteoliva.it\/magazine\/wp-json\/wp\/v2\/posts\/18048\/revisions\/18313"}],"wp:featuredmedia":[{"embeddable":true,"href":"https:\/\/www.istitutogalanteoliva.it\/magazine\/wp-json\/wp\/v2\/media\/18049"}],"wp:attachment":[{"href":"https:\/\/www.istitutogalanteoliva.it\/magazine\/wp-json\/wp\/v2\/media?parent=18048"}],"wp:term":[{"taxonomy":"category","embeddable":true,"href":"https:\/\/www.istitutogalanteoliva.it\/magazine\/wp-json\/wp\/v2\/categories?post=18048"},{"taxonomy":"post_tag","embeddable":true,"href":"https:\/\/www.istitutogalanteoliva.it\/magazine\/wp-json\/wp\/v2\/tags?post=18048"}],"curies":[{"name":"wp","href":"https:\/\/api.w.org\/{rel}","templated":true}]}}