{"id":18341,"date":"2025-06-14T08:03:31","date_gmt":"2025-06-14T06:03:31","guid":{"rendered":"https:\/\/www.istitutogalanteoliva.it\/magazine\/?p=18341"},"modified":"2025-06-17T09:25:15","modified_gmt":"2025-06-17T07:25:15","slug":"alfonso-bottone-tra-i-personaggi-del-nostro-tempo","status":"publish","type":"post","link":"https:\/\/www.istitutogalanteoliva.it\/magazine\/2025\/06\/14\/alfonso-bottone-tra-i-personaggi-del-nostro-tempo\/","title":{"rendered":"Alfonso Bottone tra i \u201cpersonaggi del nostro Tempo\u201d"},"content":{"rendered":"\n<h1 class=\"wp-block-heading\"><\/h1>\n\n\n\n<p><strong>BELLONA (CE) \u2013<\/strong>Sabato <strong>14 giugno<\/strong>,<br> A <strong>Bellona<\/strong> in provincia di Caserta, un importante riconoscimento ad <strong>Alfonso Bottone<\/strong>, giornalista, scrittore e direttore organizzativo della rassegna letteraria \u201c..incostieraamalfitana.it\u201d. Il suo nome sar\u00e0 inserito nel <strong>18\u00b0 volume<\/strong> dell\u2019opera collettiva <em>\u201cChi \u00e8? Tramandiamo ai posteri coloro che meritano di essere ricordati\u201d<\/em>, edita dall\u2019<strong>Associazione Dea Sport ODV<\/strong>, su iniziativa di <strong>Franco Falco<\/strong> e altri autori.<\/p>\n\n\n\n<p>La cerimonia si terr\u00e0 nella <strong>sala cinema-teatro<\/strong> del Comune, alla presenza di numerosi ospiti. A presentare l\u2019evento saranno <strong>Mimmo Valeriani<\/strong> e <strong>Rosaria Zizzo<\/strong>, in un pomeriggio dedicato alla memoria attiva e al riconoscimento dell\u2019impegno civile e culturale.<\/p>\n\n\n\n<h3 class=\"wp-block-heading\">Una figura al servizio della cultura<\/h3>\n\n\n\n<p>Alfonso Bottone \u00e8 una delle personalit\u00e0 pi\u00f9 dinamiche e apprezzate del panorama culturale campano. Oltre all\u2019attivit\u00e0 giornalistica, \u00e8 noto per il suo impegno nell\u2019ideazione e organizzazione di eventi letterari e per la promozione della lettura e del territorio. Con la rassegna \u201c..incostieraamalfitana.it\u201d, giunta alla 19\u00aa edizione, Bottone ha trasformato le localit\u00e0 della Divina in veri e propri crocevia per autori, editori, poeti e intellettuali, con un programma che unisce la valorizzazione del patrimonio locale alla riflessione sui temi della contemporaneit\u00e0.<\/p>\n\n\n\n<p>Il suo stile comunicativo, capace di coniugare profondit\u00e0 e sensibilit\u00e0, lo avvicina alla celebre frase di <strong>Tomas Borge<\/strong>, che Bottone stesso ha voluto citare in occasione dell\u2019annuncio del riconoscimento:<\/p>\n\n\n\n<blockquote class=\"wp-block-quote is-layout-flow wp-block-quote-is-layout-flow\">\n<p>\u201cIl rivoluzionario \u00e8 un sognatore, \u00e8 un amante, \u00e8 un poeta. Non si pu\u00f2 essere rivoluzionari senza lacrime negli occhi e senza tenerezza nelle mani.\u201d<\/p>\n<\/blockquote>\n\n\n\n<h3 class=\"wp-block-heading\">Un riconoscimento alla memoria futura<\/h3>\n\n\n\n<p>Il volume \u201cChi \u00e8?\u201d, pubblicato annualmente, raccoglie profili di personalit\u00e0 che si sono distinte nei pi\u00f9 diversi campi \u2013 dalla cultura allo sport, dal sociale all\u2019educazione \u2013 con l\u2019obiettivo di <strong>preservarne la memoria per le generazioni future<\/strong>. Si tratta di un progetto editoriale e civile che intende riconoscere il valore dell\u2019impegno e dell\u2019esempio, in un\u2019epoca in cui la rapidit\u00e0 dell\u2019informazione rischia di oscurare il ricordo delle storie pi\u00f9 significative.<\/p>\n\n\n\n<p>L\u2019inserimento di Bottone nel novero dei \u201cpersonaggi del nostro Tempo\u201d rappresenta, dunque, non solo un traguardo personale, ma anche una conferma del valore della cultura come strumento di trasformazione, condivisione e resistenza.<\/p>\n\n\n\n<p class=\"has-text-align-right\"><strong><em>Antonello Rivano<\/em><\/strong><\/p>\n<div class=\"pdfprnt-buttons pdfprnt-buttons-post pdfprnt-bottom-left\"><a href=\"https:\/\/www.istitutogalanteoliva.it\/magazine\/wp-json\/wp\/v2\/posts\/18341?print=print\" class=\"pdfprnt-button pdfprnt-button-print\" target=\"_blank\"><img decoding=\"async\" src=\"https:\/\/www.istitutogalanteoliva.it\/magazine\/wp-content\/plugins\/pdf-print\/images\/print.png\" alt=\"image_print\" title=\"Stampa contenuto\" \/><span class=\"pdfprnt-button-title pdfprnt-button-print-title\">Download in PDF<\/span><\/a><\/div>","protected":false},"excerpt":{"rendered":"<p>Il giornalista e promotore culturale della Costiera Amalfitana sar\u00e0 inserito nel volume \u201cChi \u00e8? Tramandiamo ai posteri coloro che meritano di essere ricordati\u201d<br \/>\n[di Antonello Rivano]<\/p>\n","protected":false},"author":2,"featured_media":18342,"comment_status":"closed","ping_status":"open","sticky":true,"template":"","format":"standard","meta":{"footnotes":""},"categories":[1241,210,57,47],"tags":[1382,115,232,1072,1381],"class_list":["post-18341","post","type-post","status-publish","format-standard","has-post-thumbnail","hentry","category-1241","category-campania","category-cultura","category-eventi","tag-bellona-ce","tag-campania","tag-letteratura","tag-premi","tag-riconoscimento"],"yoast_head":"<!-- This site is optimized with the Yoast SEO plugin v24.2 - https:\/\/yoast.com\/wordpress\/plugins\/seo\/ -->\n<title>Alfonso Bottone tra i \u201cpersonaggi del nostro Tempo\u201d - Polis SA Magazine<\/title>\n<meta name=\"robots\" content=\"index, follow, max-snippet:-1, max-image-preview:large, max-video-preview:-1\" \/>\n<link rel=\"canonical\" href=\"https:\/\/www.istitutogalanteoliva.it\/magazine\/2025\/06\/14\/alfonso-bottone-tra-i-personaggi-del-nostro-tempo\/\" \/>\n<meta property=\"og:locale\" content=\"it_IT\" \/>\n<meta property=\"og:type\" content=\"article\" \/>\n<meta property=\"og:title\" content=\"Alfonso Bottone tra i \u201cpersonaggi del nostro Tempo\u201d - Polis SA Magazine\" \/>\n<meta property=\"og:description\" content=\"Il giornalista e promotore culturale della Costiera Amalfitana sar\u00e0 inserito nel volume \u201cChi \u00e8? Tramandiamo ai posteri coloro che meritano di essere ricordati\u201d [di Antonello Rivano]\" \/>\n<meta property=\"og:url\" content=\"https:\/\/www.istitutogalanteoliva.it\/magazine\/2025\/06\/14\/alfonso-bottone-tra-i-personaggi-del-nostro-tempo\/\" \/>\n<meta property=\"og:site_name\" content=\"Polis SA Magazine\" \/>\n<meta property=\"article:publisher\" content=\"https:\/\/www.facebook.com\/PolisSAMagazine\/\" \/>\n<meta property=\"article:published_time\" content=\"2025-06-14T06:03:31+00:00\" \/>\n<meta property=\"article:modified_time\" content=\"2025-06-17T07:25:15+00:00\" \/>\n<meta property=\"og:image\" content=\"https:\/\/www.istitutogalanteoliva.it\/magazine\/wp-content\/uploads\/2025\/06\/alfonso-bottone.jpg\" \/>\n\t<meta property=\"og:image:width\" content=\"1400\" \/>\n\t<meta property=\"og:image:height\" content=\"760\" \/>\n\t<meta property=\"og:image:type\" content=\"image\/jpeg\" \/>\n<meta name=\"author\" content=\"Antonello Rivano\" \/>\n<meta name=\"twitter:card\" content=\"summary_large_image\" \/>\n<meta name=\"twitter:creator\" content=\"@MagazinePolis\" \/>\n<meta name=\"twitter:site\" content=\"@MagazinePolis\" \/>\n<meta name=\"twitter:label1\" content=\"Scritto da\" \/>\n\t<meta name=\"twitter:data1\" content=\"Antonello Rivano\" \/>\n\t<meta name=\"twitter:label2\" content=\"Tempo di lettura stimato\" \/>\n\t<meta name=\"twitter:data2\" content=\"2 minuti\" \/>\n<script type=\"application\/ld+json\" class=\"yoast-schema-graph\">{\"@context\":\"https:\/\/schema.org\",\"@graph\":[{\"@type\":\"Article\",\"@id\":\"https:\/\/www.istitutogalanteoliva.it\/magazine\/2025\/06\/14\/alfonso-bottone-tra-i-personaggi-del-nostro-tempo\/#article\",\"isPartOf\":{\"@id\":\"https:\/\/www.istitutogalanteoliva.it\/magazine\/2025\/06\/14\/alfonso-bottone-tra-i-personaggi-del-nostro-tempo\/\"},\"author\":{\"name\":\"Antonello Rivano\",\"@id\":\"https:\/\/www.istitutogalanteoliva.it\/magazine\/#\/schema\/person\/d8b8aa79cfe8babc1df9da3212a7c0c4\"},\"headline\":\"Alfonso Bottone tra i \u201cpersonaggi del nostro Tempo\u201d\",\"datePublished\":\"2025-06-14T06:03:31+00:00\",\"dateModified\":\"2025-06-17T07:25:15+00:00\",\"mainEntityOfPage\":{\"@id\":\"https:\/\/www.istitutogalanteoliva.it\/magazine\/2025\/06\/14\/alfonso-bottone-tra-i-personaggi-del-nostro-tempo\/\"},\"wordCount\":357,\"publisher\":{\"@id\":\"https:\/\/www.istitutogalanteoliva.it\/magazine\/#organization\"},\"image\":{\"@id\":\"https:\/\/www.istitutogalanteoliva.it\/magazine\/2025\/06\/14\/alfonso-bottone-tra-i-personaggi-del-nostro-tempo\/#primaryimage\"},\"thumbnailUrl\":\"https:\/\/www.istitutogalanteoliva.it\/magazine\/wp-content\/uploads\/2025\/06\/alfonso-bottone.jpg\",\"keywords\":[\"Bellona (CE)\",\"campania\",\"letteratura\",\"Premi\",\"Riconoscimento\"],\"articleSection\":[\"2025\",\"Campania\",\"Cultura\",\"Eventi\"],\"inLanguage\":\"it-IT\"},{\"@type\":\"WebPage\",\"@id\":\"https:\/\/www.istitutogalanteoliva.it\/magazine\/2025\/06\/14\/alfonso-bottone-tra-i-personaggi-del-nostro-tempo\/\",\"url\":\"https:\/\/www.istitutogalanteoliva.it\/magazine\/2025\/06\/14\/alfonso-bottone-tra-i-personaggi-del-nostro-tempo\/\",\"name\":\"Alfonso Bottone tra i \u201cpersonaggi del nostro Tempo\u201d - Polis SA Magazine\",\"isPartOf\":{\"@id\":\"https:\/\/www.istitutogalanteoliva.it\/magazine\/#website\"},\"primaryImageOfPage\":{\"@id\":\"https:\/\/www.istitutogalanteoliva.it\/magazine\/2025\/06\/14\/alfonso-bottone-tra-i-personaggi-del-nostro-tempo\/#primaryimage\"},\"image\":{\"@id\":\"https:\/\/www.istitutogalanteoliva.it\/magazine\/2025\/06\/14\/alfonso-bottone-tra-i-personaggi-del-nostro-tempo\/#primaryimage\"},\"thumbnailUrl\":\"https:\/\/www.istitutogalanteoliva.it\/magazine\/wp-content\/uploads\/2025\/06\/alfonso-bottone.jpg\",\"datePublished\":\"2025-06-14T06:03:31+00:00\",\"dateModified\":\"2025-06-17T07:25:15+00:00\",\"breadcrumb\":{\"@id\":\"https:\/\/www.istitutogalanteoliva.it\/magazine\/2025\/06\/14\/alfonso-bottone-tra-i-personaggi-del-nostro-tempo\/#breadcrumb\"},\"inLanguage\":\"it-IT\",\"potentialAction\":[{\"@type\":\"ReadAction\",\"target\":[\"https:\/\/www.istitutogalanteoliva.it\/magazine\/2025\/06\/14\/alfonso-bottone-tra-i-personaggi-del-nostro-tempo\/\"]}]},{\"@type\":\"ImageObject\",\"inLanguage\":\"it-IT\",\"@id\":\"https:\/\/www.istitutogalanteoliva.it\/magazine\/2025\/06\/14\/alfonso-bottone-tra-i-personaggi-del-nostro-tempo\/#primaryimage\",\"url\":\"https:\/\/www.istitutogalanteoliva.it\/magazine\/wp-content\/uploads\/2025\/06\/alfonso-bottone.jpg\",\"contentUrl\":\"https:\/\/www.istitutogalanteoliva.it\/magazine\/wp-content\/uploads\/2025\/06\/alfonso-bottone.jpg\",\"width\":1400,\"height\":760},{\"@type\":\"BreadcrumbList\",\"@id\":\"https:\/\/www.istitutogalanteoliva.it\/magazine\/2025\/06\/14\/alfonso-bottone-tra-i-personaggi-del-nostro-tempo\/#breadcrumb\",\"itemListElement\":[{\"@type\":\"ListItem\",\"position\":1,\"name\":\"Home\",\"item\":\"https:\/\/www.istitutogalanteoliva.it\/magazine\/\"},{\"@type\":\"ListItem\",\"position\":2,\"name\":\"Alfonso Bottone tra i \u201cpersonaggi del nostro Tempo\u201d\"}]},{\"@type\":\"WebSite\",\"@id\":\"https:\/\/www.istitutogalanteoliva.it\/magazine\/#website\",\"url\":\"https:\/\/www.istitutogalanteoliva.it\/magazine\/\",\"name\":\"POLIS SA MAGAZINE\",\"description\":\"Informazione e approfondimenti\",\"publisher\":{\"@id\":\"https:\/\/www.istitutogalanteoliva.it\/magazine\/#organization\"},\"potentialAction\":[{\"@type\":\"SearchAction\",\"target\":{\"@type\":\"EntryPoint\",\"urlTemplate\":\"https:\/\/www.istitutogalanteoliva.it\/magazine\/?s={search_term_string}\"},\"query-input\":{\"@type\":\"PropertyValueSpecification\",\"valueRequired\":true,\"valueName\":\"search_term_string\"}}],\"inLanguage\":\"it-IT\"},{\"@type\":\"Organization\",\"@id\":\"https:\/\/www.istitutogalanteoliva.it\/magazine\/#organization\",\"name\":\"Polis SA Magazine\",\"url\":\"https:\/\/www.istitutogalanteoliva.it\/magazine\/\",\"logo\":{\"@type\":\"ImageObject\",\"inLanguage\":\"it-IT\",\"@id\":\"https:\/\/www.istitutogalanteoliva.it\/magazine\/#\/schema\/logo\/image\/\",\"url\":\"\",\"contentUrl\":\"\",\"caption\":\"Polis SA Magazine\"},\"image\":{\"@id\":\"https:\/\/www.istitutogalanteoliva.it\/magazine\/#\/schema\/logo\/image\/\"},\"sameAs\":[\"https:\/\/www.facebook.com\/PolisSAMagazine\/\",\"https:\/\/x.com\/MagazinePolis\",\"https:\/\/www.youtube.com\/channel\/UCv0Mr5AHKUmsc0sEEXkJrgw\"]},{\"@type\":\"Person\",\"@id\":\"https:\/\/www.istitutogalanteoliva.it\/magazine\/#\/schema\/person\/d8b8aa79cfe8babc1df9da3212a7c0c4\",\"name\":\"Antonello Rivano\",\"image\":{\"@type\":\"ImageObject\",\"inLanguage\":\"it-IT\",\"@id\":\"https:\/\/www.istitutogalanteoliva.it\/magazine\/#\/schema\/person\/image\/\",\"url\":\"https:\/\/secure.gravatar.com\/avatar\/517a9a6487a7a18ecc4ce6d2e57a8f40?s=96&d=mm&r=g\",\"contentUrl\":\"https:\/\/secure.gravatar.com\/avatar\/517a9a6487a7a18ecc4ce6d2e57a8f40?s=96&d=mm&r=g\",\"caption\":\"Antonello Rivano\"},\"url\":\"https:\/\/www.istitutogalanteoliva.it\/magazine\/author\/antonello\/\"}]}<\/script>\n<!-- \/ Yoast SEO plugin. -->","yoast_head_json":{"title":"Alfonso Bottone tra i \u201cpersonaggi del nostro Tempo\u201d - Polis SA Magazine","robots":{"index":"index","follow":"follow","max-snippet":"max-snippet:-1","max-image-preview":"max-image-preview:large","max-video-preview":"max-video-preview:-1"},"canonical":"https:\/\/www.istitutogalanteoliva.it\/magazine\/2025\/06\/14\/alfonso-bottone-tra-i-personaggi-del-nostro-tempo\/","og_locale":"it_IT","og_type":"article","og_title":"Alfonso Bottone tra i \u201cpersonaggi del nostro Tempo\u201d - Polis SA Magazine","og_description":"Il giornalista e promotore culturale della Costiera Amalfitana sar\u00e0 inserito nel volume \u201cChi \u00e8? Tramandiamo ai posteri coloro che meritano di essere ricordati\u201d [di Antonello Rivano]","og_url":"https:\/\/www.istitutogalanteoliva.it\/magazine\/2025\/06\/14\/alfonso-bottone-tra-i-personaggi-del-nostro-tempo\/","og_site_name":"Polis SA Magazine","article_publisher":"https:\/\/www.facebook.com\/PolisSAMagazine\/","article_published_time":"2025-06-14T06:03:31+00:00","article_modified_time":"2025-06-17T07:25:15+00:00","og_image":[{"width":1400,"height":760,"url":"https:\/\/www.istitutogalanteoliva.it\/magazine\/wp-content\/uploads\/2025\/06\/alfonso-bottone.jpg","type":"image\/jpeg"}],"author":"Antonello Rivano","twitter_card":"summary_large_image","twitter_creator":"@MagazinePolis","twitter_site":"@MagazinePolis","twitter_misc":{"Scritto da":"Antonello Rivano","Tempo di lettura stimato":"2 minuti"},"schema":{"@context":"https:\/\/schema.org","@graph":[{"@type":"Article","@id":"https:\/\/www.istitutogalanteoliva.it\/magazine\/2025\/06\/14\/alfonso-bottone-tra-i-personaggi-del-nostro-tempo\/#article","isPartOf":{"@id":"https:\/\/www.istitutogalanteoliva.it\/magazine\/2025\/06\/14\/alfonso-bottone-tra-i-personaggi-del-nostro-tempo\/"},"author":{"name":"Antonello Rivano","@id":"https:\/\/www.istitutogalanteoliva.it\/magazine\/#\/schema\/person\/d8b8aa79cfe8babc1df9da3212a7c0c4"},"headline":"Alfonso Bottone tra i \u201cpersonaggi del nostro Tempo\u201d","datePublished":"2025-06-14T06:03:31+00:00","dateModified":"2025-06-17T07:25:15+00:00","mainEntityOfPage":{"@id":"https:\/\/www.istitutogalanteoliva.it\/magazine\/2025\/06\/14\/alfonso-bottone-tra-i-personaggi-del-nostro-tempo\/"},"wordCount":357,"publisher":{"@id":"https:\/\/www.istitutogalanteoliva.it\/magazine\/#organization"},"image":{"@id":"https:\/\/www.istitutogalanteoliva.it\/magazine\/2025\/06\/14\/alfonso-bottone-tra-i-personaggi-del-nostro-tempo\/#primaryimage"},"thumbnailUrl":"https:\/\/www.istitutogalanteoliva.it\/magazine\/wp-content\/uploads\/2025\/06\/alfonso-bottone.jpg","keywords":["Bellona (CE)","campania","letteratura","Premi","Riconoscimento"],"articleSection":["2025","Campania","Cultura","Eventi"],"inLanguage":"it-IT"},{"@type":"WebPage","@id":"https:\/\/www.istitutogalanteoliva.it\/magazine\/2025\/06\/14\/alfonso-bottone-tra-i-personaggi-del-nostro-tempo\/","url":"https:\/\/www.istitutogalanteoliva.it\/magazine\/2025\/06\/14\/alfonso-bottone-tra-i-personaggi-del-nostro-tempo\/","name":"Alfonso Bottone tra i \u201cpersonaggi del nostro Tempo\u201d - Polis SA Magazine","isPartOf":{"@id":"https:\/\/www.istitutogalanteoliva.it\/magazine\/#website"},"primaryImageOfPage":{"@id":"https:\/\/www.istitutogalanteoliva.it\/magazine\/2025\/06\/14\/alfonso-bottone-tra-i-personaggi-del-nostro-tempo\/#primaryimage"},"image":{"@id":"https:\/\/www.istitutogalanteoliva.it\/magazine\/2025\/06\/14\/alfonso-bottone-tra-i-personaggi-del-nostro-tempo\/#primaryimage"},"thumbnailUrl":"https:\/\/www.istitutogalanteoliva.it\/magazine\/wp-content\/uploads\/2025\/06\/alfonso-bottone.jpg","datePublished":"2025-06-14T06:03:31+00:00","dateModified":"2025-06-17T07:25:15+00:00","breadcrumb":{"@id":"https:\/\/www.istitutogalanteoliva.it\/magazine\/2025\/06\/14\/alfonso-bottone-tra-i-personaggi-del-nostro-tempo\/#breadcrumb"},"inLanguage":"it-IT","potentialAction":[{"@type":"ReadAction","target":["https:\/\/www.istitutogalanteoliva.it\/magazine\/2025\/06\/14\/alfonso-bottone-tra-i-personaggi-del-nostro-tempo\/"]}]},{"@type":"ImageObject","inLanguage":"it-IT","@id":"https:\/\/www.istitutogalanteoliva.it\/magazine\/2025\/06\/14\/alfonso-bottone-tra-i-personaggi-del-nostro-tempo\/#primaryimage","url":"https:\/\/www.istitutogalanteoliva.it\/magazine\/wp-content\/uploads\/2025\/06\/alfonso-bottone.jpg","contentUrl":"https:\/\/www.istitutogalanteoliva.it\/magazine\/wp-content\/uploads\/2025\/06\/alfonso-bottone.jpg","width":1400,"height":760},{"@type":"BreadcrumbList","@id":"https:\/\/www.istitutogalanteoliva.it\/magazine\/2025\/06\/14\/alfonso-bottone-tra-i-personaggi-del-nostro-tempo\/#breadcrumb","itemListElement":[{"@type":"ListItem","position":1,"name":"Home","item":"https:\/\/www.istitutogalanteoliva.it\/magazine\/"},{"@type":"ListItem","position":2,"name":"Alfonso Bottone tra i \u201cpersonaggi del nostro Tempo\u201d"}]},{"@type":"WebSite","@id":"https:\/\/www.istitutogalanteoliva.it\/magazine\/#website","url":"https:\/\/www.istitutogalanteoliva.it\/magazine\/","name":"POLIS SA MAGAZINE","description":"Informazione e approfondimenti","publisher":{"@id":"https:\/\/www.istitutogalanteoliva.it\/magazine\/#organization"},"potentialAction":[{"@type":"SearchAction","target":{"@type":"EntryPoint","urlTemplate":"https:\/\/www.istitutogalanteoliva.it\/magazine\/?s={search_term_string}"},"query-input":{"@type":"PropertyValueSpecification","valueRequired":true,"valueName":"search_term_string"}}],"inLanguage":"it-IT"},{"@type":"Organization","@id":"https:\/\/www.istitutogalanteoliva.it\/magazine\/#organization","name":"Polis SA Magazine","url":"https:\/\/www.istitutogalanteoliva.it\/magazine\/","logo":{"@type":"ImageObject","inLanguage":"it-IT","@id":"https:\/\/www.istitutogalanteoliva.it\/magazine\/#\/schema\/logo\/image\/","url":"","contentUrl":"","caption":"Polis SA Magazine"},"image":{"@id":"https:\/\/www.istitutogalanteoliva.it\/magazine\/#\/schema\/logo\/image\/"},"sameAs":["https:\/\/www.facebook.com\/PolisSAMagazine\/","https:\/\/x.com\/MagazinePolis","https:\/\/www.youtube.com\/channel\/UCv0Mr5AHKUmsc0sEEXkJrgw"]},{"@type":"Person","@id":"https:\/\/www.istitutogalanteoliva.it\/magazine\/#\/schema\/person\/d8b8aa79cfe8babc1df9da3212a7c0c4","name":"Antonello Rivano","image":{"@type":"ImageObject","inLanguage":"it-IT","@id":"https:\/\/www.istitutogalanteoliva.it\/magazine\/#\/schema\/person\/image\/","url":"https:\/\/secure.gravatar.com\/avatar\/517a9a6487a7a18ecc4ce6d2e57a8f40?s=96&d=mm&r=g","contentUrl":"https:\/\/secure.gravatar.com\/avatar\/517a9a6487a7a18ecc4ce6d2e57a8f40?s=96&d=mm&r=g","caption":"Antonello Rivano"},"url":"https:\/\/www.istitutogalanteoliva.it\/magazine\/author\/antonello\/"}]}},"_links":{"self":[{"href":"https:\/\/www.istitutogalanteoliva.it\/magazine\/wp-json\/wp\/v2\/posts\/18341","targetHints":{"allow":["GET"]}}],"collection":[{"href":"https:\/\/www.istitutogalanteoliva.it\/magazine\/wp-json\/wp\/v2\/posts"}],"about":[{"href":"https:\/\/www.istitutogalanteoliva.it\/magazine\/wp-json\/wp\/v2\/types\/post"}],"author":[{"embeddable":true,"href":"https:\/\/www.istitutogalanteoliva.it\/magazine\/wp-json\/wp\/v2\/users\/2"}],"replies":[{"embeddable":true,"href":"https:\/\/www.istitutogalanteoliva.it\/magazine\/wp-json\/wp\/v2\/comments?post=18341"}],"version-history":[{"count":3,"href":"https:\/\/www.istitutogalanteoliva.it\/magazine\/wp-json\/wp\/v2\/posts\/18341\/revisions"}],"predecessor-version":[{"id":18346,"href":"https:\/\/www.istitutogalanteoliva.it\/magazine\/wp-json\/wp\/v2\/posts\/18341\/revisions\/18346"}],"wp:featuredmedia":[{"embeddable":true,"href":"https:\/\/www.istitutogalanteoliva.it\/magazine\/wp-json\/wp\/v2\/media\/18342"}],"wp:attachment":[{"href":"https:\/\/www.istitutogalanteoliva.it\/magazine\/wp-json\/wp\/v2\/media?parent=18341"}],"wp:term":[{"taxonomy":"category","embeddable":true,"href":"https:\/\/www.istitutogalanteoliva.it\/magazine\/wp-json\/wp\/v2\/categories?post=18341"},{"taxonomy":"post_tag","embeddable":true,"href":"https:\/\/www.istitutogalanteoliva.it\/magazine\/wp-json\/wp\/v2\/tags?post=18341"}],"curies":[{"name":"wp","href":"https:\/\/api.w.org\/{rel}","templated":true}]}}