{"id":1842,"date":"2019-12-20T17:00:34","date_gmt":"2019-12-20T16:00:34","guid":{"rendered":"http:\/\/www.edizionipolis.it\/magazine\/?p=1842"},"modified":"2019-12-20T19:19:42","modified_gmt":"2019-12-20T18:19:42","slug":"isernia-cerimonia-di-consegna-delle-onorificenze-al-merito-della-repubblica","status":"publish","type":"post","link":"https:\/\/www.istitutogalanteoliva.it\/magazine\/2019\/12\/20\/isernia-cerimonia-di-consegna-delle-onorificenze-al-merito-della-repubblica\/","title":{"rendered":"ISERNIA. CERIMONIA DI CONSEGNA DELLE ONORIFICENZE AL MERITO DELLA REPUBBLICA"},"content":{"rendered":"\n<p>A dispetto di una recente\nclassifica che ha posizionato la citt\u00e0 di Isernia tra le pi\u00f9 \u201cnoiose\u201d d\u2019Italia\nin attrattivit\u00e0 e potenzialit\u00e0 di svago, la consegna delle onorificenze ai\ncittadini insigniti \u201cal Merito della Repubblica italiana\u201d contrastano queste\nstatistiche, dimostrando che la provincia pentra vanta, al contrario, una\ngrande ricchezza. Che \u00e8 quella di cittadini che si sono distinti in attivit\u00e0\nlodevoli e contribuito alla crescita del territorio. <\/p>\n\n\n\n<p>Il prefetto di Isernia, Cinzia Guercio crede fermamente in una svolta che restituisca alla citt\u00e0 un giusto onore e, nel consegnare le onorificenze, ribadisce la necessit\u00e0 di potenziare attivit\u00e0, in prevalenza culturale, che diano nuova linfa ad un territorio tutt\u2019altro \u201caddormentato\u201d ma che sta rischiando uno spopolamento preoccupante. Esorta al da farsi, dinanzi alle diverse autorit\u00e0 civili, religiose e militari intervenute alla cerimonia di consegna presso il salone di rappresentanza della Prefettura di Isernia. \u00ab<em>Dar risalto a queste onorificenze<\/em>\u00bb ha dichiarato la dottoressa Guercio, \u00ab<em>significa credere che si riesca davvero a progredire in meglio quando si premia la volont\u00e0 ed il talento<\/em>\u00bb. I cinque insigniti rappresentano un esempio ed un punto di forza e magari di riferimento per i pi\u00f9 giovani a cui spetta non arrendersi nel ricercare opportunit\u00e0 all\u2019interno della propria regione. A ricevere le onorificenze a grado di ufficiale, il cavaliere Claudio Papa, titolare dell\u2019azienda isernina \u201cDolceamaro\u201d e Mario Petrecca, carabiniere ausiliario in quiescenza ad Agnone: visibilmente commossi, difendono l\u2019idea che bisogna offrire alle nuove generazioni motivi validi per restare in una regione ancora ricca di risorse. A seguire il conferimento al grado di cavaliere per Antonio Armenio, brigadiere in servizio presso il comando provinciale di Isernia, per Antonio Pelle ispettore della Polizia di stato e per Cesare Pietrangelo ispettore superiore della Polizia penitenziaria e vice sindaco di Isernia : le forze dell\u2019Ordine continuano ad essere a servizio dei cittadini per garantire sicurezza ed una maggiore tranquillit\u00e0 promuovendo costantemente azioni sinergiche tra tutte le istituzioni presenti sul territorio. Alla cerimonia \u00e8 seguito un breve concerto in cui due studentesse Gemma Mainella e Francesca Sinibaldi, che fanno parte dell\u2019Orchestra giovanile della Citt\u00e0 di Isernia, si sono esibite nel canto ed al pianoforte dinanzi ai presenti intervenuti. \u00a0<\/p>\n\n\n\n<p style=\"text-align:right\"><em>Silvia De Cristofaro<\/em><\/p>\n<div class=\"pdfprnt-buttons pdfprnt-buttons-post pdfprnt-bottom-left\"><a href=\"https:\/\/www.istitutogalanteoliva.it\/magazine\/wp-json\/wp\/v2\/posts\/1842?print=print\" class=\"pdfprnt-button pdfprnt-button-print\" target=\"_blank\"><img decoding=\"async\" src=\"https:\/\/www.istitutogalanteoliva.it\/magazine\/wp-content\/plugins\/pdf-print\/images\/print.png\" alt=\"image_print\" title=\"Stampa contenuto\" \/><span class=\"pdfprnt-button-title pdfprnt-button-print-title\">Download in PDF<\/span><\/a><\/div>","protected":false},"excerpt":{"rendered":"<p>A dispetto di una recente classifica che ha posizionato la citt\u00e0 di Isernia tra le<\/p>\n","protected":false},"author":1,"featured_media":1843,"comment_status":"open","ping_status":"open","sticky":false,"template":"","format":"standard","meta":{"footnotes":""},"categories":[12,13],"tags":[],"class_list":["post-1842","post","type-post","status-publish","format-standard","has-post-thumbnail","hentry","category-12","category-territorio"],"yoast_head":"<!-- This site is optimized with the Yoast SEO plugin v24.2 - https:\/\/yoast.com\/wordpress\/plugins\/seo\/ -->\n<title>ISERNIA. CERIMONIA DI CONSEGNA DELLE ONORIFICENZE AL MERITO DELLA REPUBBLICA - Polis SA Magazine<\/title>\n<meta name=\"robots\" content=\"index, follow, max-snippet:-1, max-image-preview:large, max-video-preview:-1\" \/>\n<link rel=\"canonical\" href=\"https:\/\/www.istitutogalanteoliva.it\/magazine\/2019\/12\/20\/isernia-cerimonia-di-consegna-delle-onorificenze-al-merito-della-repubblica\/\" \/>\n<meta property=\"og:locale\" content=\"it_IT\" \/>\n<meta property=\"og:type\" content=\"article\" \/>\n<meta property=\"og:title\" content=\"ISERNIA. CERIMONIA DI CONSEGNA DELLE ONORIFICENZE AL MERITO DELLA REPUBBLICA - Polis SA Magazine\" \/>\n<meta property=\"og:description\" content=\"A dispetto di una recente classifica che ha posizionato la citt\u00e0 di Isernia tra le\" \/>\n<meta property=\"og:url\" content=\"https:\/\/www.istitutogalanteoliva.it\/magazine\/2019\/12\/20\/isernia-cerimonia-di-consegna-delle-onorificenze-al-merito-della-repubblica\/\" \/>\n<meta property=\"og:site_name\" content=\"Polis SA Magazine\" \/>\n<meta property=\"article:publisher\" content=\"https:\/\/www.facebook.com\/PolisSAMagazine\/\" \/>\n<meta property=\"article:published_time\" content=\"2019-12-20T16:00:34+00:00\" \/>\n<meta property=\"article:modified_time\" content=\"2019-12-20T18:19:42+00:00\" \/>\n<meta property=\"og:image\" content=\"https:\/\/www.istitutogalanteoliva.it\/magazine\/wp-content\/uploads\/2019\/12\/ISER.jpeg\" \/>\n\t<meta property=\"og:image:width\" content=\"1600\" \/>\n\t<meta property=\"og:image:height\" content=\"900\" \/>\n\t<meta property=\"og:image:type\" content=\"image\/jpeg\" \/>\n<meta name=\"author\" content=\"admin\" \/>\n<meta name=\"twitter:card\" content=\"summary_large_image\" \/>\n<meta name=\"twitter:creator\" content=\"@MagazinePolis\" \/>\n<meta name=\"twitter:site\" content=\"@MagazinePolis\" \/>\n<meta name=\"twitter:label1\" content=\"Scritto da\" \/>\n\t<meta name=\"twitter:data1\" content=\"admin\" \/>\n\t<meta name=\"twitter:label2\" content=\"Tempo di lettura stimato\" \/>\n\t<meta name=\"twitter:data2\" content=\"2 minuti\" \/>\n<script type=\"application\/ld+json\" class=\"yoast-schema-graph\">{\"@context\":\"https:\/\/schema.org\",\"@graph\":[{\"@type\":\"Article\",\"@id\":\"https:\/\/www.istitutogalanteoliva.it\/magazine\/2019\/12\/20\/isernia-cerimonia-di-consegna-delle-onorificenze-al-merito-della-repubblica\/#article\",\"isPartOf\":{\"@id\":\"https:\/\/www.istitutogalanteoliva.it\/magazine\/2019\/12\/20\/isernia-cerimonia-di-consegna-delle-onorificenze-al-merito-della-repubblica\/\"},\"author\":{\"name\":\"admin\",\"@id\":\"https:\/\/www.istitutogalanteoliva.it\/magazine\/#\/schema\/person\/72e8141246542ebcf905456f5dbd4c49\"},\"headline\":\"ISERNIA. CERIMONIA DI CONSEGNA DELLE ONORIFICENZE AL MERITO DELLA REPUBBLICA\",\"datePublished\":\"2019-12-20T16:00:34+00:00\",\"dateModified\":\"2019-12-20T18:19:42+00:00\",\"mainEntityOfPage\":{\"@id\":\"https:\/\/www.istitutogalanteoliva.it\/magazine\/2019\/12\/20\/isernia-cerimonia-di-consegna-delle-onorificenze-al-merito-della-repubblica\/\"},\"wordCount\":372,\"commentCount\":0,\"publisher\":{\"@id\":\"https:\/\/www.istitutogalanteoliva.it\/magazine\/#organization\"},\"image\":{\"@id\":\"https:\/\/www.istitutogalanteoliva.it\/magazine\/2019\/12\/20\/isernia-cerimonia-di-consegna-delle-onorificenze-al-merito-della-repubblica\/#primaryimage\"},\"thumbnailUrl\":\"https:\/\/www.istitutogalanteoliva.it\/magazine\/wp-content\/uploads\/2019\/12\/ISER.jpeg\",\"articleSection\":[\"2019\",\"Territorio\"],\"inLanguage\":\"it-IT\",\"potentialAction\":[{\"@type\":\"CommentAction\",\"name\":\"Comment\",\"target\":[\"https:\/\/www.istitutogalanteoliva.it\/magazine\/2019\/12\/20\/isernia-cerimonia-di-consegna-delle-onorificenze-al-merito-della-repubblica\/#respond\"]}]},{\"@type\":\"WebPage\",\"@id\":\"https:\/\/www.istitutogalanteoliva.it\/magazine\/2019\/12\/20\/isernia-cerimonia-di-consegna-delle-onorificenze-al-merito-della-repubblica\/\",\"url\":\"https:\/\/www.istitutogalanteoliva.it\/magazine\/2019\/12\/20\/isernia-cerimonia-di-consegna-delle-onorificenze-al-merito-della-repubblica\/\",\"name\":\"ISERNIA. CERIMONIA DI CONSEGNA DELLE ONORIFICENZE AL MERITO DELLA REPUBBLICA - Polis SA Magazine\",\"isPartOf\":{\"@id\":\"https:\/\/www.istitutogalanteoliva.it\/magazine\/#website\"},\"primaryImageOfPage\":{\"@id\":\"https:\/\/www.istitutogalanteoliva.it\/magazine\/2019\/12\/20\/isernia-cerimonia-di-consegna-delle-onorificenze-al-merito-della-repubblica\/#primaryimage\"},\"image\":{\"@id\":\"https:\/\/www.istitutogalanteoliva.it\/magazine\/2019\/12\/20\/isernia-cerimonia-di-consegna-delle-onorificenze-al-merito-della-repubblica\/#primaryimage\"},\"thumbnailUrl\":\"https:\/\/www.istitutogalanteoliva.it\/magazine\/wp-content\/uploads\/2019\/12\/ISER.jpeg\",\"datePublished\":\"2019-12-20T16:00:34+00:00\",\"dateModified\":\"2019-12-20T18:19:42+00:00\",\"breadcrumb\":{\"@id\":\"https:\/\/www.istitutogalanteoliva.it\/magazine\/2019\/12\/20\/isernia-cerimonia-di-consegna-delle-onorificenze-al-merito-della-repubblica\/#breadcrumb\"},\"inLanguage\":\"it-IT\",\"potentialAction\":[{\"@type\":\"ReadAction\",\"target\":[\"https:\/\/www.istitutogalanteoliva.it\/magazine\/2019\/12\/20\/isernia-cerimonia-di-consegna-delle-onorificenze-al-merito-della-repubblica\/\"]}]},{\"@type\":\"ImageObject\",\"inLanguage\":\"it-IT\",\"@id\":\"https:\/\/www.istitutogalanteoliva.it\/magazine\/2019\/12\/20\/isernia-cerimonia-di-consegna-delle-onorificenze-al-merito-della-repubblica\/#primaryimage\",\"url\":\"https:\/\/www.istitutogalanteoliva.it\/magazine\/wp-content\/uploads\/2019\/12\/ISER.jpeg\",\"contentUrl\":\"https:\/\/www.istitutogalanteoliva.it\/magazine\/wp-content\/uploads\/2019\/12\/ISER.jpeg\",\"width\":1600,\"height\":900},{\"@type\":\"BreadcrumbList\",\"@id\":\"https:\/\/www.istitutogalanteoliva.it\/magazine\/2019\/12\/20\/isernia-cerimonia-di-consegna-delle-onorificenze-al-merito-della-repubblica\/#breadcrumb\",\"itemListElement\":[{\"@type\":\"ListItem\",\"position\":1,\"name\":\"Home\",\"item\":\"https:\/\/www.istitutogalanteoliva.it\/magazine\/\"},{\"@type\":\"ListItem\",\"position\":2,\"name\":\"ISERNIA. CERIMONIA DI CONSEGNA DELLE ONORIFICENZE AL MERITO DELLA REPUBBLICA\"}]},{\"@type\":\"WebSite\",\"@id\":\"https:\/\/www.istitutogalanteoliva.it\/magazine\/#website\",\"url\":\"https:\/\/www.istitutogalanteoliva.it\/magazine\/\",\"name\":\"POLIS SA MAGAZINE\",\"description\":\"Informazione e approfondimenti\",\"publisher\":{\"@id\":\"https:\/\/www.istitutogalanteoliva.it\/magazine\/#organization\"},\"potentialAction\":[{\"@type\":\"SearchAction\",\"target\":{\"@type\":\"EntryPoint\",\"urlTemplate\":\"https:\/\/www.istitutogalanteoliva.it\/magazine\/?s={search_term_string}\"},\"query-input\":{\"@type\":\"PropertyValueSpecification\",\"valueRequired\":true,\"valueName\":\"search_term_string\"}}],\"inLanguage\":\"it-IT\"},{\"@type\":\"Organization\",\"@id\":\"https:\/\/www.istitutogalanteoliva.it\/magazine\/#organization\",\"name\":\"Polis SA Magazine\",\"url\":\"https:\/\/www.istitutogalanteoliva.it\/magazine\/\",\"logo\":{\"@type\":\"ImageObject\",\"inLanguage\":\"it-IT\",\"@id\":\"https:\/\/www.istitutogalanteoliva.it\/magazine\/#\/schema\/logo\/image\/\",\"url\":\"\",\"contentUrl\":\"\",\"caption\":\"Polis SA Magazine\"},\"image\":{\"@id\":\"https:\/\/www.istitutogalanteoliva.it\/magazine\/#\/schema\/logo\/image\/\"},\"sameAs\":[\"https:\/\/www.facebook.com\/PolisSAMagazine\/\",\"https:\/\/x.com\/MagazinePolis\",\"https:\/\/www.youtube.com\/channel\/UCv0Mr5AHKUmsc0sEEXkJrgw\"]},{\"@type\":\"Person\",\"@id\":\"https:\/\/www.istitutogalanteoliva.it\/magazine\/#\/schema\/person\/72e8141246542ebcf905456f5dbd4c49\",\"name\":\"admin\",\"image\":{\"@type\":\"ImageObject\",\"inLanguage\":\"it-IT\",\"@id\":\"https:\/\/www.istitutogalanteoliva.it\/magazine\/#\/schema\/person\/image\/\",\"url\":\"https:\/\/secure.gravatar.com\/avatar\/07059cc99eeb1edd29e138d1812e69ec?s=96&d=mm&r=g\",\"contentUrl\":\"https:\/\/secure.gravatar.com\/avatar\/07059cc99eeb1edd29e138d1812e69ec?s=96&d=mm&r=g\",\"caption\":\"admin\"},\"url\":\"https:\/\/www.istitutogalanteoliva.it\/magazine\/author\/admin\/\"}]}<\/script>\n<!-- \/ Yoast SEO plugin. -->","yoast_head_json":{"title":"ISERNIA. CERIMONIA DI CONSEGNA DELLE ONORIFICENZE AL MERITO DELLA REPUBBLICA - Polis SA Magazine","robots":{"index":"index","follow":"follow","max-snippet":"max-snippet:-1","max-image-preview":"max-image-preview:large","max-video-preview":"max-video-preview:-1"},"canonical":"https:\/\/www.istitutogalanteoliva.it\/magazine\/2019\/12\/20\/isernia-cerimonia-di-consegna-delle-onorificenze-al-merito-della-repubblica\/","og_locale":"it_IT","og_type":"article","og_title":"ISERNIA. CERIMONIA DI CONSEGNA DELLE ONORIFICENZE AL MERITO DELLA REPUBBLICA - Polis SA Magazine","og_description":"A dispetto di una recente classifica che ha posizionato la citt\u00e0 di Isernia tra le","og_url":"https:\/\/www.istitutogalanteoliva.it\/magazine\/2019\/12\/20\/isernia-cerimonia-di-consegna-delle-onorificenze-al-merito-della-repubblica\/","og_site_name":"Polis SA Magazine","article_publisher":"https:\/\/www.facebook.com\/PolisSAMagazine\/","article_published_time":"2019-12-20T16:00:34+00:00","article_modified_time":"2019-12-20T18:19:42+00:00","og_image":[{"width":1600,"height":900,"url":"https:\/\/www.istitutogalanteoliva.it\/magazine\/wp-content\/uploads\/2019\/12\/ISER.jpeg","type":"image\/jpeg"}],"author":"admin","twitter_card":"summary_large_image","twitter_creator":"@MagazinePolis","twitter_site":"@MagazinePolis","twitter_misc":{"Scritto da":"admin","Tempo di lettura stimato":"2 minuti"},"schema":{"@context":"https:\/\/schema.org","@graph":[{"@type":"Article","@id":"https:\/\/www.istitutogalanteoliva.it\/magazine\/2019\/12\/20\/isernia-cerimonia-di-consegna-delle-onorificenze-al-merito-della-repubblica\/#article","isPartOf":{"@id":"https:\/\/www.istitutogalanteoliva.it\/magazine\/2019\/12\/20\/isernia-cerimonia-di-consegna-delle-onorificenze-al-merito-della-repubblica\/"},"author":{"name":"admin","@id":"https:\/\/www.istitutogalanteoliva.it\/magazine\/#\/schema\/person\/72e8141246542ebcf905456f5dbd4c49"},"headline":"ISERNIA. CERIMONIA DI CONSEGNA DELLE ONORIFICENZE AL MERITO DELLA REPUBBLICA","datePublished":"2019-12-20T16:00:34+00:00","dateModified":"2019-12-20T18:19:42+00:00","mainEntityOfPage":{"@id":"https:\/\/www.istitutogalanteoliva.it\/magazine\/2019\/12\/20\/isernia-cerimonia-di-consegna-delle-onorificenze-al-merito-della-repubblica\/"},"wordCount":372,"commentCount":0,"publisher":{"@id":"https:\/\/www.istitutogalanteoliva.it\/magazine\/#organization"},"image":{"@id":"https:\/\/www.istitutogalanteoliva.it\/magazine\/2019\/12\/20\/isernia-cerimonia-di-consegna-delle-onorificenze-al-merito-della-repubblica\/#primaryimage"},"thumbnailUrl":"https:\/\/www.istitutogalanteoliva.it\/magazine\/wp-content\/uploads\/2019\/12\/ISER.jpeg","articleSection":["2019","Territorio"],"inLanguage":"it-IT","potentialAction":[{"@type":"CommentAction","name":"Comment","target":["https:\/\/www.istitutogalanteoliva.it\/magazine\/2019\/12\/20\/isernia-cerimonia-di-consegna-delle-onorificenze-al-merito-della-repubblica\/#respond"]}]},{"@type":"WebPage","@id":"https:\/\/www.istitutogalanteoliva.it\/magazine\/2019\/12\/20\/isernia-cerimonia-di-consegna-delle-onorificenze-al-merito-della-repubblica\/","url":"https:\/\/www.istitutogalanteoliva.it\/magazine\/2019\/12\/20\/isernia-cerimonia-di-consegna-delle-onorificenze-al-merito-della-repubblica\/","name":"ISERNIA. CERIMONIA DI CONSEGNA DELLE ONORIFICENZE AL MERITO DELLA REPUBBLICA - Polis SA Magazine","isPartOf":{"@id":"https:\/\/www.istitutogalanteoliva.it\/magazine\/#website"},"primaryImageOfPage":{"@id":"https:\/\/www.istitutogalanteoliva.it\/magazine\/2019\/12\/20\/isernia-cerimonia-di-consegna-delle-onorificenze-al-merito-della-repubblica\/#primaryimage"},"image":{"@id":"https:\/\/www.istitutogalanteoliva.it\/magazine\/2019\/12\/20\/isernia-cerimonia-di-consegna-delle-onorificenze-al-merito-della-repubblica\/#primaryimage"},"thumbnailUrl":"https:\/\/www.istitutogalanteoliva.it\/magazine\/wp-content\/uploads\/2019\/12\/ISER.jpeg","datePublished":"2019-12-20T16:00:34+00:00","dateModified":"2019-12-20T18:19:42+00:00","breadcrumb":{"@id":"https:\/\/www.istitutogalanteoliva.it\/magazine\/2019\/12\/20\/isernia-cerimonia-di-consegna-delle-onorificenze-al-merito-della-repubblica\/#breadcrumb"},"inLanguage":"it-IT","potentialAction":[{"@type":"ReadAction","target":["https:\/\/www.istitutogalanteoliva.it\/magazine\/2019\/12\/20\/isernia-cerimonia-di-consegna-delle-onorificenze-al-merito-della-repubblica\/"]}]},{"@type":"ImageObject","inLanguage":"it-IT","@id":"https:\/\/www.istitutogalanteoliva.it\/magazine\/2019\/12\/20\/isernia-cerimonia-di-consegna-delle-onorificenze-al-merito-della-repubblica\/#primaryimage","url":"https:\/\/www.istitutogalanteoliva.it\/magazine\/wp-content\/uploads\/2019\/12\/ISER.jpeg","contentUrl":"https:\/\/www.istitutogalanteoliva.it\/magazine\/wp-content\/uploads\/2019\/12\/ISER.jpeg","width":1600,"height":900},{"@type":"BreadcrumbList","@id":"https:\/\/www.istitutogalanteoliva.it\/magazine\/2019\/12\/20\/isernia-cerimonia-di-consegna-delle-onorificenze-al-merito-della-repubblica\/#breadcrumb","itemListElement":[{"@type":"ListItem","position":1,"name":"Home","item":"https:\/\/www.istitutogalanteoliva.it\/magazine\/"},{"@type":"ListItem","position":2,"name":"ISERNIA. CERIMONIA DI CONSEGNA DELLE ONORIFICENZE AL MERITO DELLA REPUBBLICA"}]},{"@type":"WebSite","@id":"https:\/\/www.istitutogalanteoliva.it\/magazine\/#website","url":"https:\/\/www.istitutogalanteoliva.it\/magazine\/","name":"POLIS SA MAGAZINE","description":"Informazione e approfondimenti","publisher":{"@id":"https:\/\/www.istitutogalanteoliva.it\/magazine\/#organization"},"potentialAction":[{"@type":"SearchAction","target":{"@type":"EntryPoint","urlTemplate":"https:\/\/www.istitutogalanteoliva.it\/magazine\/?s={search_term_string}"},"query-input":{"@type":"PropertyValueSpecification","valueRequired":true,"valueName":"search_term_string"}}],"inLanguage":"it-IT"},{"@type":"Organization","@id":"https:\/\/www.istitutogalanteoliva.it\/magazine\/#organization","name":"Polis SA Magazine","url":"https:\/\/www.istitutogalanteoliva.it\/magazine\/","logo":{"@type":"ImageObject","inLanguage":"it-IT","@id":"https:\/\/www.istitutogalanteoliva.it\/magazine\/#\/schema\/logo\/image\/","url":"","contentUrl":"","caption":"Polis SA Magazine"},"image":{"@id":"https:\/\/www.istitutogalanteoliva.it\/magazine\/#\/schema\/logo\/image\/"},"sameAs":["https:\/\/www.facebook.com\/PolisSAMagazine\/","https:\/\/x.com\/MagazinePolis","https:\/\/www.youtube.com\/channel\/UCv0Mr5AHKUmsc0sEEXkJrgw"]},{"@type":"Person","@id":"https:\/\/www.istitutogalanteoliva.it\/magazine\/#\/schema\/person\/72e8141246542ebcf905456f5dbd4c49","name":"admin","image":{"@type":"ImageObject","inLanguage":"it-IT","@id":"https:\/\/www.istitutogalanteoliva.it\/magazine\/#\/schema\/person\/image\/","url":"https:\/\/secure.gravatar.com\/avatar\/07059cc99eeb1edd29e138d1812e69ec?s=96&d=mm&r=g","contentUrl":"https:\/\/secure.gravatar.com\/avatar\/07059cc99eeb1edd29e138d1812e69ec?s=96&d=mm&r=g","caption":"admin"},"url":"https:\/\/www.istitutogalanteoliva.it\/magazine\/author\/admin\/"}]}},"_links":{"self":[{"href":"https:\/\/www.istitutogalanteoliva.it\/magazine\/wp-json\/wp\/v2\/posts\/1842","targetHints":{"allow":["GET"]}}],"collection":[{"href":"https:\/\/www.istitutogalanteoliva.it\/magazine\/wp-json\/wp\/v2\/posts"}],"about":[{"href":"https:\/\/www.istitutogalanteoliva.it\/magazine\/wp-json\/wp\/v2\/types\/post"}],"author":[{"embeddable":true,"href":"https:\/\/www.istitutogalanteoliva.it\/magazine\/wp-json\/wp\/v2\/users\/1"}],"replies":[{"embeddable":true,"href":"https:\/\/www.istitutogalanteoliva.it\/magazine\/wp-json\/wp\/v2\/comments?post=1842"}],"version-history":[{"count":1,"href":"https:\/\/www.istitutogalanteoliva.it\/magazine\/wp-json\/wp\/v2\/posts\/1842\/revisions"}],"predecessor-version":[{"id":1844,"href":"https:\/\/www.istitutogalanteoliva.it\/magazine\/wp-json\/wp\/v2\/posts\/1842\/revisions\/1844"}],"wp:featuredmedia":[{"embeddable":true,"href":"https:\/\/www.istitutogalanteoliva.it\/magazine\/wp-json\/wp\/v2\/media\/1843"}],"wp:attachment":[{"href":"https:\/\/www.istitutogalanteoliva.it\/magazine\/wp-json\/wp\/v2\/media?parent=1842"}],"wp:term":[{"taxonomy":"category","embeddable":true,"href":"https:\/\/www.istitutogalanteoliva.it\/magazine\/wp-json\/wp\/v2\/categories?post=1842"},{"taxonomy":"post_tag","embeddable":true,"href":"https:\/\/www.istitutogalanteoliva.it\/magazine\/wp-json\/wp\/v2\/tags?post=1842"}],"curies":[{"name":"wp","href":"https:\/\/api.w.org\/{rel}","templated":true}]}}