{"id":18614,"date":"2025-07-24T08:00:00","date_gmt":"2025-07-24T06:00:00","guid":{"rendered":"https:\/\/www.istitutogalanteoliva.it\/magazine\/?p=18614"},"modified":"2025-07-24T08:16:28","modified_gmt":"2025-07-24T06:16:28","slug":"dieci-anni-di-genovamade-festa-musica-e-impegno-civile-alla-torre-gropallo-di-genova-nervi","status":"publish","type":"post","link":"https:\/\/www.istitutogalanteoliva.it\/magazine\/2025\/07\/24\/dieci-anni-di-genovamade-festa-musica-e-impegno-civile-alla-torre-gropallo-di-genova-nervi\/","title":{"rendered":"Dieci anni di Genovamade: festa, musica e impegno civile alla Torre Gropallo di Genova Nervi"},"content":{"rendered":"\n<p>di Antonello Rivano <\/p>\n\n\n\n<p><strong>GENOVA \u2013<\/strong> Sabato 26 luglio la Torre Gropallo, affacciata sul mare di Nervi, si trasformer\u00e0 in un crocevia di arte, musica e partecipazione attiva. L\u2019occasione \u00e8 la celebrazione dei dieci anni di <em>Genovamade<\/em>, associazione di promozione sociale che ha saputo intrecciare cittadinanza e bellezza urbana, rendendosi protagonista del recupero della Passeggiata Anita Garibaldi e, pi\u00f9 di recente, del rilancio culturale della torre stessa.<\/p>\n\n\n\n<p><\/p>\n\n\n\n<figure data-wp-context=\"{&quot;imageId&quot;:&quot;6a967aed45f27&quot;}\" data-wp-interactive=\"core\/image\" class=\"wp-block-image size-large is-resized wp-lightbox-container\"><img loading=\"lazy\" decoding=\"async\" width=\"724\" height=\"1024\" data-wp-class--hide=\"state.isContentHidden\" data-wp-class--show=\"state.isContentVisible\" data-wp-init=\"callbacks.setButtonStyles\" data-wp-on-async--click=\"actions.showLightbox\" data-wp-on-async--load=\"callbacks.setButtonStyles\" data-wp-on-async-window--resize=\"callbacks.setButtonStyles\" src=\"https:\/\/www.istitutogalanteoliva.it\/magazine\/wp-content\/uploads\/2025\/07\/Immagine-WhatsApp-2025-07-22-ore-15.42.32_2f154728-724x1024.jpg\" alt=\"\" class=\"wp-image-18618\" style=\"width:400px\" srcset=\"https:\/\/www.istitutogalanteoliva.it\/magazine\/wp-content\/uploads\/2025\/07\/Immagine-WhatsApp-2025-07-22-ore-15.42.32_2f154728-724x1024.jpg 724w, https:\/\/www.istitutogalanteoliva.it\/magazine\/wp-content\/uploads\/2025\/07\/Immagine-WhatsApp-2025-07-22-ore-15.42.32_2f154728-212x300.jpg 212w, https:\/\/www.istitutogalanteoliva.it\/magazine\/wp-content\/uploads\/2025\/07\/Immagine-WhatsApp-2025-07-22-ore-15.42.32_2f154728-768x1086.jpg 768w, https:\/\/www.istitutogalanteoliva.it\/magazine\/wp-content\/uploads\/2025\/07\/Immagine-WhatsApp-2025-07-22-ore-15.42.32_2f154728-1086x1536.jpg 1086w, https:\/\/www.istitutogalanteoliva.it\/magazine\/wp-content\/uploads\/2025\/07\/Immagine-WhatsApp-2025-07-22-ore-15.42.32_2f154728-1024x1449.jpg 1024w, https:\/\/www.istitutogalanteoliva.it\/magazine\/wp-content\/uploads\/2025\/07\/Immagine-WhatsApp-2025-07-22-ore-15.42.32_2f154728.jpg 1131w\" sizes=\"auto, (max-width: 724px) 100vw, 724px\" \/><button\n\t\t\tclass=\"lightbox-trigger\"\n\t\t\ttype=\"button\"\n\t\t\taria-haspopup=\"dialog\"\n\t\t\taria-label=\"Ingrandisci l\u2019immagine\"\n\t\t\tdata-wp-init=\"callbacks.initTriggerButton\"\n\t\t\tdata-wp-on-async--click=\"actions.showLightbox\"\n\t\t\tdata-wp-style--right=\"state.imageButtonRight\"\n\t\t\tdata-wp-style--top=\"state.imageButtonTop\"\n\t\t>\n\t\t\t<svg xmlns=\"http:\/\/www.w3.org\/2000\/svg\" width=\"12\" height=\"12\" fill=\"none\" viewBox=\"0 0 12 12\">\n\t\t\t\t<path fill=\"#fff\" d=\"M2 0a2 2 0 0 0-2 2v2h1.5V2a.5.5 0 0 1 .5-.5h2V0H2Zm2 10.5H2a.5.5 0 0 1-.5-.5V8H0v2a2 2 0 0 0 2 2h2v-1.5ZM8 12v-1.5h2a.5.5 0 0 0 .5-.5V8H12v2a2 2 0 0 1-2 2H8Zm2-12a2 2 0 0 1 2 2v2h-1.5V2a.5.5 0 0 0-.5-.5H8V0h2Z\" \/>\n\t\t\t<\/svg>\n\t\t<\/button><\/figure>\n\n\n\n<p>A partire dalle ore 18, la festa animer\u00e0 l\u2019area con atelier d\u2019arte en plein air (su prenotazione e con donazione libera), dj set e jam session, tour guidati tra i parchi e la passeggiata, e musica live fino alle 22:30. Durante la serata sar\u00e0 presentato il progetto di restauro della torre e sar\u00e0 possibile contribuire concretamente alla raccolta fondi ricevendo in cambio gadget, piantine, acquerelli e altre sorprese.<\/p>\n\n\n\n<h3 class=\"wp-block-heading\">Genovamade: da duo musicale a laboratorio civico<\/h3>\n\n\n\n<p>Nata nel marzo 2009 come duo musicale formato da <strong>Sandro Vaglia<\/strong> (chitarra, tastiere, voce) e <strong>Renzo Massa<\/strong> (chitarra, basso, voce), <em>Genovamade<\/em> si presenta per la prima volta con il brano <em>Remescio<\/em>, in dialetto genovese, nell\u2019ambito di un concorso musicale. La scelta del nome \u2013 inizialmente <em>Made in Genoa<\/em>, poi rovesciato per originalit\u00e0 in <em>Genovamade<\/em> \u2013 \u00e8 gi\u00e0 dichiarazione d\u2019intenti: un\u2019identit\u00e0 radicata nel territorio, ma capace di parlare in modo universale.<\/p>\n\n\n\n<figure data-wp-context=\"{&quot;imageId&quot;:&quot;6a967aed51abf&quot;}\" data-wp-interactive=\"core\/image\" class=\"wp-block-image size-full wp-lightbox-container\"><img loading=\"lazy\" decoding=\"async\" width=\"300\" height=\"157\" data-wp-class--hide=\"state.isContentHidden\" data-wp-class--show=\"state.isContentVisible\" data-wp-init=\"callbacks.setButtonStyles\" data-wp-on-async--click=\"actions.showLightbox\" data-wp-on-async--load=\"callbacks.setButtonStyles\" data-wp-on-async-window--resize=\"callbacks.setButtonStyles\" src=\"https:\/\/www.istitutogalanteoliva.it\/magazine\/wp-content\/uploads\/2025\/07\/cropped-logo-genovamade-1-e1606593795594.png\" alt=\"\" class=\"wp-image-18622\"\/><button\n\t\t\tclass=\"lightbox-trigger\"\n\t\t\ttype=\"button\"\n\t\t\taria-haspopup=\"dialog\"\n\t\t\taria-label=\"Ingrandisci l\u2019immagine\"\n\t\t\tdata-wp-init=\"callbacks.initTriggerButton\"\n\t\t\tdata-wp-on-async--click=\"actions.showLightbox\"\n\t\t\tdata-wp-style--right=\"state.imageButtonRight\"\n\t\t\tdata-wp-style--top=\"state.imageButtonTop\"\n\t\t>\n\t\t\t<svg xmlns=\"http:\/\/www.w3.org\/2000\/svg\" width=\"12\" height=\"12\" fill=\"none\" viewBox=\"0 0 12 12\">\n\t\t\t\t<path fill=\"#fff\" d=\"M2 0a2 2 0 0 0-2 2v2h1.5V2a.5.5 0 0 1 .5-.5h2V0H2Zm2 10.5H2a.5.5 0 0 1-.5-.5V8H0v2a2 2 0 0 0 2 2h2v-1.5ZM8 12v-1.5h2a.5.5 0 0 0 .5-.5V8H12v2a2 2 0 0 1-2 2H8Zm2-12a2 2 0 0 1 2 2v2h-1.5V2a.5.5 0 0 0-.5-.5H8V0h2Z\" \/>\n\t\t\t<\/svg>\n\t\t<\/button><\/figure>\n\n\n\n<p>I primi passi avvengono sui social, per far conoscere la propria musica \u2013 un mix di rock, pop, fusion e influenze dalla scuola cantautorale genovese \u2013 spesso cantata in lingua ligure. Ma ben presto l\u2019identit\u00e0 musicale si intreccia con una visione pi\u00f9 ampia: \u201c<strong>la sfida \u00e8 rivalutare il territorio per renderlo pi\u00f9 vivibile e nello stesso tempo pi\u00f9 turistico<\/strong>\u201d racconta Renzo. \u201c<strong>Abbiamo grandissime potenzialit\u00e0, ma spesso mal gestite e sconosciute al mondo<\/strong>\u201d.<\/p>\n\n\n\n<figure data-wp-context=\"{&quot;imageId&quot;:&quot;6a967aed52062&quot;}\" data-wp-interactive=\"core\/image\" class=\"wp-block-image size-full wp-lightbox-container\"><img loading=\"lazy\" decoding=\"async\" width=\"486\" height=\"368\" data-wp-class--hide=\"state.isContentHidden\" data-wp-class--show=\"state.isContentVisible\" data-wp-init=\"callbacks.setButtonStyles\" data-wp-on-async--click=\"actions.showLightbox\" data-wp-on-async--load=\"callbacks.setButtonStyles\" data-wp-on-async-window--resize=\"callbacks.setButtonStyles\" src=\"https:\/\/www.istitutogalanteoliva.it\/magazine\/wp-content\/uploads\/2025\/07\/image-4.png\" alt=\"\" class=\"wp-image-18628\" srcset=\"https:\/\/www.istitutogalanteoliva.it\/magazine\/wp-content\/uploads\/2025\/07\/image-4.png 486w, https:\/\/www.istitutogalanteoliva.it\/magazine\/wp-content\/uploads\/2025\/07\/image-4-300x227.png 300w\" sizes=\"auto, (max-width: 486px) 100vw, 486px\" \/><button\n\t\t\tclass=\"lightbox-trigger\"\n\t\t\ttype=\"button\"\n\t\t\taria-haspopup=\"dialog\"\n\t\t\taria-label=\"Ingrandisci l\u2019immagine\"\n\t\t\tdata-wp-init=\"callbacks.initTriggerButton\"\n\t\t\tdata-wp-on-async--click=\"actions.showLightbox\"\n\t\t\tdata-wp-style--right=\"state.imageButtonRight\"\n\t\t\tdata-wp-style--top=\"state.imageButtonTop\"\n\t\t>\n\t\t\t<svg xmlns=\"http:\/\/www.w3.org\/2000\/svg\" width=\"12\" height=\"12\" fill=\"none\" viewBox=\"0 0 12 12\">\n\t\t\t\t<path fill=\"#fff\" d=\"M2 0a2 2 0 0 0-2 2v2h1.5V2a.5.5 0 0 1 .5-.5h2V0H2Zm2 10.5H2a.5.5 0 0 1-.5-.5V8H0v2a2 2 0 0 0 2 2h2v-1.5ZM8 12v-1.5h2a.5.5 0 0 0 .5-.5V8H12v2a2 2 0 0 1-2 2H8Zm2-12a2 2 0 0 1 2 2v2h-1.5V2a.5.5 0 0 0-.5-.5H8V0h2Z\" \/>\n\t\t\t<\/svg>\n\t\t<\/button><figcaption class=\"wp-element-caption\"><strong><em><sup>Renzo Massa, con la collaboratrice Laura Alloisio \u2013 recentemente scomparsa \u2013 e l\u2019autore dell\u2019articolo, Antonello Rivano, durante un evento del 2019<\/sup><\/em><\/strong><\/figcaption><\/figure>\n\n\n\n<p>Da qui la trasformazione: <em>Genovamade<\/em> si costituisce come <strong>associazione di promozione sociale iscritta all\u2019albo regionale<\/strong>, mantenendo la musica come matrice espressiva, ma mettendola al servizio di una missione culturale e civica. Un \u201cvolontariato urbano\u201d che parte dal basso e passa dal virtuale al reale: restauro, cura dei luoghi, rigenerazione.<\/p>\n\n\n\n<h3 class=\"wp-block-heading\">La passeggiata Anita Garibaldi: un gioiello di Nervi affacciato sul mare<\/h3>\n\n\n\n<p>La passeggiata Anita Garibaldi, nota anche come passeggiata di Nervi, \u00e8 una delle attrazioni pi\u00f9 apprezzate di Genova nel quartiere di Nervi. Si estende per quasi due chilometri, dal porticciolo di Nervi, alla foce dell\u2019omonimo torrente, fino all\u2019antico scalo di Capolungo.<\/p>\n\n\n\n<figure data-wp-context=\"{&quot;imageId&quot;:&quot;6a967aed5266a&quot;}\" data-wp-interactive=\"core\/image\" class=\"wp-block-image size-large is-resized wp-lightbox-container\"><img loading=\"lazy\" decoding=\"async\" width=\"1024\" height=\"640\" data-wp-class--hide=\"state.isContentHidden\" data-wp-class--show=\"state.isContentVisible\" data-wp-init=\"callbacks.setButtonStyles\" data-wp-on-async--click=\"actions.showLightbox\" data-wp-on-async--load=\"callbacks.setButtonStyles\" data-wp-on-async-window--resize=\"callbacks.setButtonStyles\" src=\"https:\/\/www.istitutogalanteoliva.it\/magazine\/wp-content\/uploads\/2025\/07\/Passeggiata_Anita_Garibaldi_and_cliff-1-1024x640.jpg\" alt=\"\" class=\"wp-image-18619\" style=\"width:600px\" srcset=\"https:\/\/www.istitutogalanteoliva.it\/magazine\/wp-content\/uploads\/2025\/07\/Passeggiata_Anita_Garibaldi_and_cliff-1-1024x640.jpg 1024w, https:\/\/www.istitutogalanteoliva.it\/magazine\/wp-content\/uploads\/2025\/07\/Passeggiata_Anita_Garibaldi_and_cliff-1-300x188.jpg 300w, https:\/\/www.istitutogalanteoliva.it\/magazine\/wp-content\/uploads\/2025\/07\/Passeggiata_Anita_Garibaldi_and_cliff-1-768x480.jpg 768w, https:\/\/www.istitutogalanteoliva.it\/magazine\/wp-content\/uploads\/2025\/07\/Passeggiata_Anita_Garibaldi_and_cliff-1-1536x960.jpg 1536w, https:\/\/www.istitutogalanteoliva.it\/magazine\/wp-content\/uploads\/2025\/07\/Passeggiata_Anita_Garibaldi_and_cliff-1-2048x1281.jpg 2048w\" sizes=\"auto, (max-width: 1024px) 100vw, 1024px\" \/><button\n\t\t\tclass=\"lightbox-trigger\"\n\t\t\ttype=\"button\"\n\t\t\taria-haspopup=\"dialog\"\n\t\t\taria-label=\"Ingrandisci l\u2019immagine\"\n\t\t\tdata-wp-init=\"callbacks.initTriggerButton\"\n\t\t\tdata-wp-on-async--click=\"actions.showLightbox\"\n\t\t\tdata-wp-style--right=\"state.imageButtonRight\"\n\t\t\tdata-wp-style--top=\"state.imageButtonTop\"\n\t\t>\n\t\t\t<svg xmlns=\"http:\/\/www.w3.org\/2000\/svg\" width=\"12\" height=\"12\" fill=\"none\" viewBox=\"0 0 12 12\">\n\t\t\t\t<path fill=\"#fff\" d=\"M2 0a2 2 0 0 0-2 2v2h1.5V2a.5.5 0 0 1 .5-.5h2V0H2Zm2 10.5H2a.5.5 0 0 1-.5-.5V8H0v2a2 2 0 0 0 2 2h2v-1.5ZM8 12v-1.5h2a.5.5 0 0 0 .5-.5V8H12v2a2 2 0 0 1-2 2H8Zm2-12a2 2 0 0 1 2 2v2h-1.5V2a.5.5 0 0 0-.5-.5H8V0h2Z\" \/>\n\t\t\t<\/svg>\n\t\t<\/button><figcaption class=\"wp-element-caption\"><strong><em><sup>Un tratto della Passeggiata<\/sup><\/em><\/strong> <strong><em><sup>Anita Garibaldi<\/sup><\/em><\/strong><\/figcaption><\/figure>\n\n\n\n<p>Il percorso ha origine da un sentiero usato gi\u00e0 dal 1823 da pescatori e contadini per raggiungere il mare e i terreni vicini. Nel 1862 il marchese Gaetano Gropallo avvi\u00f2 la costruzione di una vera passeggiata a mare, divisa in due tronconi: il primo collegava il porticciolo di Nervi alla torre Gropallo, il secondo, completato nel 1872, univa via Serra Gropallo a Capolungo.<\/p>\n\n\n\n<p>Fino al 1944 la passeggiata era dedicata alla \u201cPrincipessa di Piemonte\u201d, ma durante la Repubblica Sociale Italiana cambi\u00f2 nome. Nel 1945 il Comune di Genova la intitol\u00f2 ad Anita Garibaldi, moglie di Giuseppe Garibaldi. Dal 1959 \u00e8 vietato il transito ai veicoli, rendendola un\u2019area pedonale molto frequentata da cittadini e turisti, soprattutto in estate. Lungo la costa rocciosa, accessibile tramite scalette (anche se molte oggi sono chiuse per sicurezza), si trovano piscine naturali e diversi locali e stabilimenti balneari.<\/p>\n\n\n\n<p>Da qualche anno, grazie al costante impegno dei volontari di Genovamade, questo gioiello affacciato sul mare pu\u00f2 godere del decoro che merita.<\/p>\n\n\n\n<h3 class=\"wp-block-heading\">La Torre Gropallo: da baluardo difensivo a spazio culturale<\/h3>\n\n\n\n<p>Costruita tra il 1547 e il 1561 come torre di avvistamento per segnalare l\u2019arrivo dei pirati barbareschi, la Torre Gropallo \u2013 un tempo conosciuta come <em>Torre del Fieno<\/em> \u2013 sorge su uno sperone di roccia a strapiombo sul mare. Il nome attuale deriva dal marchese Gaetano Gropallo, che nella seconda met\u00e0 dell\u2019Ottocento la acquist\u00f2, costruendovi un ponte di collegamento con la sua villa. Fu lui a promuovere anche la realizzazione della passeggiata a mare, poi intitolata ad Anita Garibaldi nel secondo dopoguerra.<\/p>\n\n\n\n<figure data-wp-context=\"{&quot;imageId&quot;:&quot;6a967aed52e43&quot;}\" data-wp-interactive=\"core\/image\" class=\"wp-block-image size-full wp-lightbox-container\"><img loading=\"lazy\" decoding=\"async\" width=\"664\" height=\"510\" data-wp-class--hide=\"state.isContentHidden\" data-wp-class--show=\"state.isContentVisible\" data-wp-init=\"callbacks.setButtonStyles\" data-wp-on-async--click=\"actions.showLightbox\" data-wp-on-async--load=\"callbacks.setButtonStyles\" data-wp-on-async-window--resize=\"callbacks.setButtonStyles\" src=\"https:\/\/www.istitutogalanteoliva.it\/magazine\/wp-content\/uploads\/2025\/07\/Noack_Alfred_1833-1895_-_n._3221_-_Torre_Gropallo.jpg\" alt=\"\" class=\"wp-image-18616\" srcset=\"https:\/\/www.istitutogalanteoliva.it\/magazine\/wp-content\/uploads\/2025\/07\/Noack_Alfred_1833-1895_-_n._3221_-_Torre_Gropallo.jpg 664w, https:\/\/www.istitutogalanteoliva.it\/magazine\/wp-content\/uploads\/2025\/07\/Noack_Alfred_1833-1895_-_n._3221_-_Torre_Gropallo-300x230.jpg 300w\" sizes=\"auto, (max-width: 664px) 100vw, 664px\" \/><button\n\t\t\tclass=\"lightbox-trigger\"\n\t\t\ttype=\"button\"\n\t\t\taria-haspopup=\"dialog\"\n\t\t\taria-label=\"Ingrandisci l\u2019immagine\"\n\t\t\tdata-wp-init=\"callbacks.initTriggerButton\"\n\t\t\tdata-wp-on-async--click=\"actions.showLightbox\"\n\t\t\tdata-wp-style--right=\"state.imageButtonRight\"\n\t\t\tdata-wp-style--top=\"state.imageButtonTop\"\n\t\t>\n\t\t\t<svg xmlns=\"http:\/\/www.w3.org\/2000\/svg\" width=\"12\" height=\"12\" fill=\"none\" viewBox=\"0 0 12 12\">\n\t\t\t\t<path fill=\"#fff\" d=\"M2 0a2 2 0 0 0-2 2v2h1.5V2a.5.5 0 0 1 .5-.5h2V0H2Zm2 10.5H2a.5.5 0 0 1-.5-.5V8H0v2a2 2 0 0 0 2 2h2v-1.5ZM8 12v-1.5h2a.5.5 0 0 0 .5-.5V8H12v2a2 2 0 0 1-2 2H8Zm2-12a2 2 0 0 1 2 2v2h-1.5V2a.5.5 0 0 0-.5-.5H8V0h2Z\" \/>\n\t\t\t<\/svg>\n\t\t<\/button><figcaption class=\"wp-element-caption\"><strong><em><sup>la  Torre a fine Ottocento_ foto di August Alfred Noack (1833-1895)<\/sup><\/em><\/strong><\/figcaption><\/figure>\n\n\n\n<p>Nel 1936 la torre pass\u00f2 al Comune di Genova e fu concessa in uso alla Lega Navale Italiana e agli Alpini. Ma per decenni \u00e8 rimasta chiusa al pubblico. \u00c8 solo grazie a Genovamade se, oggi, la torre \u00e8 di nuovo visitabile e animata da iniziative culturali: visite guidate, laboratori, eventi musicali, mostre temporanee.<\/p>\n\n\n\n<p>Ora l\u2019obiettivo \u00e8 pi\u00f9 ambizioso: <strong>un vero restauro conservativo<\/strong>, volto a consolidare la struttura, valorizzare gli accessi, migliorare la fruizione e garantire una continuit\u00e0 d\u2019uso come spazio culturale permanente. <\/p>\n\n\n\n<h3 class=\"wp-block-heading\">Il progetto di restauro: visione, partecipazione, futuro<\/h3>\n\n\n\n<p>Il piano di intervento, sostenuto dal Municipio IX Levante, prevede il consolidamento strutturale, il recupero delle superfici esterne, la messa in sicurezza dei percorsi e la realizzazione di piccoli allestimenti interni dedicati alla storia della difesa costiera e alla memoria del luogo.<\/p>\n\n\n\n<p><\/p>\n\n\n\n<p>Il restauro, progetto ed interventi, sar\u00e0 finanziato interamente da Genovamade, con una strategia che ripropone il modello gi\u00e0 sperimentato: <strong>nessuna grande opera calata dall\u2019alto, ma un percorso condiviso dal basso<\/strong>, capace di generare valore sociale, coesione e consapevolezza.<\/p>\n\n\n\n<p>Durante la festa del 26 luglio, tutti potranno contribuire direttamente alla raccolta fondi e ricevere in cambio piccoli simboli del progetto: acquerelli, piantine, gadget e altri oggetti realizzati in collaborazione con artisti e artigiani locali.<\/p>\n\n\n\n<h3 class=\"wp-block-heading\">Una comunit\u00e0 che si prende cura<\/h3>\n\n\n\n<p>In un momento in cui la rigenerazione urbana spesso si arena tra burocrazia e disaffezione, Genovamade dimostra che un\u2019altra strada \u00e8 possibile: lenta, concreta, comunitaria. Non servono milioni di euro n\u00e9 grandi fondazioni, ma tempo, cura e fiducia.<\/p>\n\n\n\n<figure data-wp-context=\"{&quot;imageId&quot;:&quot;6a967aed5354a&quot;}\" data-wp-interactive=\"core\/image\" class=\"wp-block-image size-full is-resized wp-lightbox-container\"><img loading=\"lazy\" decoding=\"async\" width=\"876\" height=\"528\" data-wp-class--hide=\"state.isContentHidden\" data-wp-class--show=\"state.isContentVisible\" data-wp-init=\"callbacks.setButtonStyles\" data-wp-on-async--click=\"actions.showLightbox\" data-wp-on-async--load=\"callbacks.setButtonStyles\" data-wp-on-async-window--resize=\"callbacks.setButtonStyles\" src=\"https:\/\/www.istitutogalanteoliva.it\/magazine\/wp-content\/uploads\/2025\/07\/image-3.png\" alt=\"\" class=\"wp-image-18617\" style=\"width:600px\" srcset=\"https:\/\/www.istitutogalanteoliva.it\/magazine\/wp-content\/uploads\/2025\/07\/image-3.png 876w, https:\/\/www.istitutogalanteoliva.it\/magazine\/wp-content\/uploads\/2025\/07\/image-3-300x181.png 300w, https:\/\/www.istitutogalanteoliva.it\/magazine\/wp-content\/uploads\/2025\/07\/image-3-768x463.png 768w\" sizes=\"auto, (max-width: 876px) 100vw, 876px\" \/><button\n\t\t\tclass=\"lightbox-trigger\"\n\t\t\ttype=\"button\"\n\t\t\taria-haspopup=\"dialog\"\n\t\t\taria-label=\"Ingrandisci l\u2019immagine\"\n\t\t\tdata-wp-init=\"callbacks.initTriggerButton\"\n\t\t\tdata-wp-on-async--click=\"actions.showLightbox\"\n\t\t\tdata-wp-style--right=\"state.imageButtonRight\"\n\t\t\tdata-wp-style--top=\"state.imageButtonTop\"\n\t\t>\n\t\t\t<svg xmlns=\"http:\/\/www.w3.org\/2000\/svg\" width=\"12\" height=\"12\" fill=\"none\" viewBox=\"0 0 12 12\">\n\t\t\t\t<path fill=\"#fff\" d=\"M2 0a2 2 0 0 0-2 2v2h1.5V2a.5.5 0 0 1 .5-.5h2V0H2Zm2 10.5H2a.5.5 0 0 1-.5-.5V8H0v2a2 2 0 0 0 2 2h2v-1.5ZM8 12v-1.5h2a.5.5 0 0 0 .5-.5V8H12v2a2 2 0 0 1-2 2H8Zm2-12a2 2 0 0 1 2 2v2h-1.5V2a.5.5 0 0 0-.5-.5H8V0h2Z\" \/>\n\t\t\t<\/svg>\n\t\t<\/button><figcaption class=\"wp-element-caption\"><strong><em><sup>Renzo Massa, cofondatore di Genovamade, in un intervento di volontariato sulla passeggiata Anita Garibaldi<\/sup><\/em><\/strong><\/figcaption><\/figure>\n\n\n\n<p>La Torre Gropallo, con la sua storia e la sua posizione spettacolare, diventa cos\u00ec il simbolo di una Genova che riscopre se stessa attraverso l\u2019impegno collettivo. Un faro sul mare che non segnala pi\u00f9 l\u2019arrivo dei nemici, ma la presenza di cittadini che scelgono di esserci, di costruire, di non voltarsi dall\u2019altra parte.<\/p>\n\n\n\n<p>Sabato 26 luglio, chi vorr\u00e0 potr\u00e0 esserci. E contribuire, anche solo con la propria presenza, a scrivere il prossimo capitolo di questa storia condivisa.<\/p>\n\n\n\n<p class=\"has-text-align-right\"><strong><em>Antonello Rivano <\/em><\/strong><\/p>\n<div class=\"pdfprnt-buttons pdfprnt-buttons-post pdfprnt-bottom-left\"><a href=\"https:\/\/www.istitutogalanteoliva.it\/magazine\/wp-json\/wp\/v2\/posts\/18614?print=print\" class=\"pdfprnt-button pdfprnt-button-print\" target=\"_blank\"><img decoding=\"async\" src=\"https:\/\/www.istitutogalanteoliva.it\/magazine\/wp-content\/plugins\/pdf-print\/images\/print.png\" alt=\"image_print\" title=\"Stampa contenuto\" \/><span class=\"pdfprnt-button-title pdfprnt-button-print-title\">Download in PDF<\/span><\/a><\/div>","protected":false},"excerpt":{"rendered":"<p>Dalla canzone in dialetto alla rigenerazione urbana: l&#8217;associazione festeggia un decennio di impegno culturale e volontariato sul territorio<\/p>\n","protected":false},"author":2,"featured_media":18620,"comment_status":"closed","ping_status":"open","sticky":true,"template":"","format":"standard","meta":{"footnotes":""},"categories":[1241,47],"tags":[1405,1406],"class_list":["post-18614","post","type-post","status-publish","format-standard","has-post-thumbnail","hentry","category-1241","category-eventi","tag-genova-nervi","tag-genovamade"],"yoast_head":"<!-- This site is optimized with the Yoast SEO plugin v24.2 - https:\/\/yoast.com\/wordpress\/plugins\/seo\/ -->\n<title>Dieci anni di Genovamade: festa, musica e impegno civile alla Torre Gropallo di Genova Nervi - Polis SA Magazine<\/title>\n<meta name=\"robots\" content=\"index, follow, max-snippet:-1, max-image-preview:large, max-video-preview:-1\" \/>\n<link rel=\"canonical\" href=\"https:\/\/www.istitutogalanteoliva.it\/magazine\/2025\/07\/24\/dieci-anni-di-genovamade-festa-musica-e-impegno-civile-alla-torre-gropallo-di-genova-nervi\/\" \/>\n<meta property=\"og:locale\" content=\"it_IT\" \/>\n<meta property=\"og:type\" content=\"article\" \/>\n<meta property=\"og:title\" content=\"Dieci anni di Genovamade: festa, musica e impegno civile alla Torre Gropallo di Genova Nervi - Polis SA Magazine\" \/>\n<meta property=\"og:description\" content=\"Dalla canzone in dialetto alla rigenerazione urbana: l&#039;associazione festeggia un decennio di impegno culturale e volontariato sul territorio\" \/>\n<meta property=\"og:url\" content=\"https:\/\/www.istitutogalanteoliva.it\/magazine\/2025\/07\/24\/dieci-anni-di-genovamade-festa-musica-e-impegno-civile-alla-torre-gropallo-di-genova-nervi\/\" \/>\n<meta property=\"og:site_name\" content=\"Polis SA Magazine\" \/>\n<meta property=\"article:publisher\" content=\"https:\/\/www.facebook.com\/PolisSAMagazine\/\" \/>\n<meta property=\"article:published_time\" content=\"2025-07-24T06:00:00+00:00\" \/>\n<meta property=\"article:modified_time\" content=\"2025-07-24T06:16:28+00:00\" \/>\n<meta property=\"og:image\" content=\"https:\/\/www.istitutogalanteoliva.it\/magazine\/wp-content\/uploads\/2025\/07\/Torre_Gropallo.jpg\" \/>\n\t<meta property=\"og:image:width\" content=\"1400\" \/>\n\t<meta property=\"og:image:height\" content=\"760\" \/>\n\t<meta property=\"og:image:type\" content=\"image\/jpeg\" \/>\n<meta name=\"author\" content=\"Antonello Rivano\" \/>\n<meta name=\"twitter:card\" content=\"summary_large_image\" \/>\n<meta name=\"twitter:creator\" content=\"@MagazinePolis\" \/>\n<meta name=\"twitter:site\" content=\"@MagazinePolis\" \/>\n<meta name=\"twitter:label1\" content=\"Scritto da\" \/>\n\t<meta name=\"twitter:data1\" content=\"Antonello Rivano\" \/>\n\t<meta name=\"twitter:label2\" content=\"Tempo di lettura stimato\" \/>\n\t<meta name=\"twitter:data2\" content=\"7 minuti\" \/>\n<script type=\"application\/ld+json\" class=\"yoast-schema-graph\">{\"@context\":\"https:\/\/schema.org\",\"@graph\":[{\"@type\":\"Article\",\"@id\":\"https:\/\/www.istitutogalanteoliva.it\/magazine\/2025\/07\/24\/dieci-anni-di-genovamade-festa-musica-e-impegno-civile-alla-torre-gropallo-di-genova-nervi\/#article\",\"isPartOf\":{\"@id\":\"https:\/\/www.istitutogalanteoliva.it\/magazine\/2025\/07\/24\/dieci-anni-di-genovamade-festa-musica-e-impegno-civile-alla-torre-gropallo-di-genova-nervi\/\"},\"author\":{\"name\":\"Antonello Rivano\",\"@id\":\"https:\/\/www.istitutogalanteoliva.it\/magazine\/#\/schema\/person\/d8b8aa79cfe8babc1df9da3212a7c0c4\"},\"headline\":\"Dieci anni di Genovamade: festa, musica e impegno civile alla Torre Gropallo di Genova Nervi\",\"datePublished\":\"2025-07-24T06:00:00+00:00\",\"dateModified\":\"2025-07-24T06:16:28+00:00\",\"mainEntityOfPage\":{\"@id\":\"https:\/\/www.istitutogalanteoliva.it\/magazine\/2025\/07\/24\/dieci-anni-di-genovamade-festa-musica-e-impegno-civile-alla-torre-gropallo-di-genova-nervi\/\"},\"wordCount\":1021,\"publisher\":{\"@id\":\"https:\/\/www.istitutogalanteoliva.it\/magazine\/#organization\"},\"image\":{\"@id\":\"https:\/\/www.istitutogalanteoliva.it\/magazine\/2025\/07\/24\/dieci-anni-di-genovamade-festa-musica-e-impegno-civile-alla-torre-gropallo-di-genova-nervi\/#primaryimage\"},\"thumbnailUrl\":\"https:\/\/www.istitutogalanteoliva.it\/magazine\/wp-content\/uploads\/2025\/07\/Torre_Gropallo.jpg\",\"keywords\":[\"Genova Nervi\",\"Genovamade\"],\"articleSection\":[\"2025\",\"Eventi\"],\"inLanguage\":\"it-IT\"},{\"@type\":\"WebPage\",\"@id\":\"https:\/\/www.istitutogalanteoliva.it\/magazine\/2025\/07\/24\/dieci-anni-di-genovamade-festa-musica-e-impegno-civile-alla-torre-gropallo-di-genova-nervi\/\",\"url\":\"https:\/\/www.istitutogalanteoliva.it\/magazine\/2025\/07\/24\/dieci-anni-di-genovamade-festa-musica-e-impegno-civile-alla-torre-gropallo-di-genova-nervi\/\",\"name\":\"Dieci anni di Genovamade: festa, musica e impegno civile alla Torre Gropallo di Genova Nervi - Polis SA Magazine\",\"isPartOf\":{\"@id\":\"https:\/\/www.istitutogalanteoliva.it\/magazine\/#website\"},\"primaryImageOfPage\":{\"@id\":\"https:\/\/www.istitutogalanteoliva.it\/magazine\/2025\/07\/24\/dieci-anni-di-genovamade-festa-musica-e-impegno-civile-alla-torre-gropallo-di-genova-nervi\/#primaryimage\"},\"image\":{\"@id\":\"https:\/\/www.istitutogalanteoliva.it\/magazine\/2025\/07\/24\/dieci-anni-di-genovamade-festa-musica-e-impegno-civile-alla-torre-gropallo-di-genova-nervi\/#primaryimage\"},\"thumbnailUrl\":\"https:\/\/www.istitutogalanteoliva.it\/magazine\/wp-content\/uploads\/2025\/07\/Torre_Gropallo.jpg\",\"datePublished\":\"2025-07-24T06:00:00+00:00\",\"dateModified\":\"2025-07-24T06:16:28+00:00\",\"breadcrumb\":{\"@id\":\"https:\/\/www.istitutogalanteoliva.it\/magazine\/2025\/07\/24\/dieci-anni-di-genovamade-festa-musica-e-impegno-civile-alla-torre-gropallo-di-genova-nervi\/#breadcrumb\"},\"inLanguage\":\"it-IT\",\"potentialAction\":[{\"@type\":\"ReadAction\",\"target\":[\"https:\/\/www.istitutogalanteoliva.it\/magazine\/2025\/07\/24\/dieci-anni-di-genovamade-festa-musica-e-impegno-civile-alla-torre-gropallo-di-genova-nervi\/\"]}]},{\"@type\":\"ImageObject\",\"inLanguage\":\"it-IT\",\"@id\":\"https:\/\/www.istitutogalanteoliva.it\/magazine\/2025\/07\/24\/dieci-anni-di-genovamade-festa-musica-e-impegno-civile-alla-torre-gropallo-di-genova-nervi\/#primaryimage\",\"url\":\"https:\/\/www.istitutogalanteoliva.it\/magazine\/wp-content\/uploads\/2025\/07\/Torre_Gropallo.jpg\",\"contentUrl\":\"https:\/\/www.istitutogalanteoliva.it\/magazine\/wp-content\/uploads\/2025\/07\/Torre_Gropallo.jpg\",\"width\":1400,\"height\":760,\"caption\":\"Torre Gropallo_Passeggiata Anita Garibaldi_Genova Nervi\"},{\"@type\":\"BreadcrumbList\",\"@id\":\"https:\/\/www.istitutogalanteoliva.it\/magazine\/2025\/07\/24\/dieci-anni-di-genovamade-festa-musica-e-impegno-civile-alla-torre-gropallo-di-genova-nervi\/#breadcrumb\",\"itemListElement\":[{\"@type\":\"ListItem\",\"position\":1,\"name\":\"Home\",\"item\":\"https:\/\/www.istitutogalanteoliva.it\/magazine\/\"},{\"@type\":\"ListItem\",\"position\":2,\"name\":\"Dieci anni di Genovamade: festa, musica e impegno civile alla Torre Gropallo di Genova Nervi\"}]},{\"@type\":\"WebSite\",\"@id\":\"https:\/\/www.istitutogalanteoliva.it\/magazine\/#website\",\"url\":\"https:\/\/www.istitutogalanteoliva.it\/magazine\/\",\"name\":\"POLIS SA MAGAZINE\",\"description\":\"L&#039;informazione libera \",\"publisher\":{\"@id\":\"https:\/\/www.istitutogalanteoliva.it\/magazine\/#organization\"},\"potentialAction\":[{\"@type\":\"SearchAction\",\"target\":{\"@type\":\"EntryPoint\",\"urlTemplate\":\"https:\/\/www.istitutogalanteoliva.it\/magazine\/?s={search_term_string}\"},\"query-input\":{\"@type\":\"PropertyValueSpecification\",\"valueRequired\":true,\"valueName\":\"search_term_string\"}}],\"inLanguage\":\"it-IT\"},{\"@type\":\"Organization\",\"@id\":\"https:\/\/www.istitutogalanteoliva.it\/magazine\/#organization\",\"name\":\"Polis SA Magazine\",\"url\":\"https:\/\/www.istitutogalanteoliva.it\/magazine\/\",\"logo\":{\"@type\":\"ImageObject\",\"inLanguage\":\"it-IT\",\"@id\":\"https:\/\/www.istitutogalanteoliva.it\/magazine\/#\/schema\/logo\/image\/\",\"url\":\"\",\"contentUrl\":\"\",\"caption\":\"Polis SA Magazine\"},\"image\":{\"@id\":\"https:\/\/www.istitutogalanteoliva.it\/magazine\/#\/schema\/logo\/image\/\"},\"sameAs\":[\"https:\/\/www.facebook.com\/PolisSAMagazine\/\",\"https:\/\/x.com\/MagazinePolis\",\"https:\/\/www.youtube.com\/channel\/UCv0Mr5AHKUmsc0sEEXkJrgw\"]},{\"@type\":\"Person\",\"@id\":\"https:\/\/www.istitutogalanteoliva.it\/magazine\/#\/schema\/person\/d8b8aa79cfe8babc1df9da3212a7c0c4\",\"name\":\"Antonello Rivano\",\"image\":{\"@type\":\"ImageObject\",\"inLanguage\":\"it-IT\",\"@id\":\"https:\/\/www.istitutogalanteoliva.it\/magazine\/#\/schema\/person\/image\/\",\"url\":\"https:\/\/secure.gravatar.com\/avatar\/517a9a6487a7a18ecc4ce6d2e57a8f40?s=96&d=mm&r=g\",\"contentUrl\":\"https:\/\/secure.gravatar.com\/avatar\/517a9a6487a7a18ecc4ce6d2e57a8f40?s=96&d=mm&r=g\",\"caption\":\"Antonello Rivano\"},\"url\":\"https:\/\/www.istitutogalanteoliva.it\/magazine\/author\/antonello\/\"}]}<\/script>\n<!-- \/ Yoast SEO plugin. -->","yoast_head_json":{"title":"Dieci anni di Genovamade: festa, musica e impegno civile alla Torre Gropallo di Genova Nervi - Polis SA Magazine","robots":{"index":"index","follow":"follow","max-snippet":"max-snippet:-1","max-image-preview":"max-image-preview:large","max-video-preview":"max-video-preview:-1"},"canonical":"https:\/\/www.istitutogalanteoliva.it\/magazine\/2025\/07\/24\/dieci-anni-di-genovamade-festa-musica-e-impegno-civile-alla-torre-gropallo-di-genova-nervi\/","og_locale":"it_IT","og_type":"article","og_title":"Dieci anni di Genovamade: festa, musica e impegno civile alla Torre Gropallo di Genova Nervi - Polis SA Magazine","og_description":"Dalla canzone in dialetto alla rigenerazione urbana: l'associazione festeggia un decennio di impegno culturale e volontariato sul territorio","og_url":"https:\/\/www.istitutogalanteoliva.it\/magazine\/2025\/07\/24\/dieci-anni-di-genovamade-festa-musica-e-impegno-civile-alla-torre-gropallo-di-genova-nervi\/","og_site_name":"Polis SA Magazine","article_publisher":"https:\/\/www.facebook.com\/PolisSAMagazine\/","article_published_time":"2025-07-24T06:00:00+00:00","article_modified_time":"2025-07-24T06:16:28+00:00","og_image":[{"width":1400,"height":760,"url":"https:\/\/www.istitutogalanteoliva.it\/magazine\/wp-content\/uploads\/2025\/07\/Torre_Gropallo.jpg","type":"image\/jpeg"}],"author":"Antonello Rivano","twitter_card":"summary_large_image","twitter_creator":"@MagazinePolis","twitter_site":"@MagazinePolis","twitter_misc":{"Scritto da":"Antonello Rivano","Tempo di lettura stimato":"7 minuti"},"schema":{"@context":"https:\/\/schema.org","@graph":[{"@type":"Article","@id":"https:\/\/www.istitutogalanteoliva.it\/magazine\/2025\/07\/24\/dieci-anni-di-genovamade-festa-musica-e-impegno-civile-alla-torre-gropallo-di-genova-nervi\/#article","isPartOf":{"@id":"https:\/\/www.istitutogalanteoliva.it\/magazine\/2025\/07\/24\/dieci-anni-di-genovamade-festa-musica-e-impegno-civile-alla-torre-gropallo-di-genova-nervi\/"},"author":{"name":"Antonello Rivano","@id":"https:\/\/www.istitutogalanteoliva.it\/magazine\/#\/schema\/person\/d8b8aa79cfe8babc1df9da3212a7c0c4"},"headline":"Dieci anni di Genovamade: festa, musica e impegno civile alla Torre Gropallo di Genova Nervi","datePublished":"2025-07-24T06:00:00+00:00","dateModified":"2025-07-24T06:16:28+00:00","mainEntityOfPage":{"@id":"https:\/\/www.istitutogalanteoliva.it\/magazine\/2025\/07\/24\/dieci-anni-di-genovamade-festa-musica-e-impegno-civile-alla-torre-gropallo-di-genova-nervi\/"},"wordCount":1021,"publisher":{"@id":"https:\/\/www.istitutogalanteoliva.it\/magazine\/#organization"},"image":{"@id":"https:\/\/www.istitutogalanteoliva.it\/magazine\/2025\/07\/24\/dieci-anni-di-genovamade-festa-musica-e-impegno-civile-alla-torre-gropallo-di-genova-nervi\/#primaryimage"},"thumbnailUrl":"https:\/\/www.istitutogalanteoliva.it\/magazine\/wp-content\/uploads\/2025\/07\/Torre_Gropallo.jpg","keywords":["Genova Nervi","Genovamade"],"articleSection":["2025","Eventi"],"inLanguage":"it-IT"},{"@type":"WebPage","@id":"https:\/\/www.istitutogalanteoliva.it\/magazine\/2025\/07\/24\/dieci-anni-di-genovamade-festa-musica-e-impegno-civile-alla-torre-gropallo-di-genova-nervi\/","url":"https:\/\/www.istitutogalanteoliva.it\/magazine\/2025\/07\/24\/dieci-anni-di-genovamade-festa-musica-e-impegno-civile-alla-torre-gropallo-di-genova-nervi\/","name":"Dieci anni di Genovamade: festa, musica e impegno civile alla Torre Gropallo di Genova Nervi - Polis SA Magazine","isPartOf":{"@id":"https:\/\/www.istitutogalanteoliva.it\/magazine\/#website"},"primaryImageOfPage":{"@id":"https:\/\/www.istitutogalanteoliva.it\/magazine\/2025\/07\/24\/dieci-anni-di-genovamade-festa-musica-e-impegno-civile-alla-torre-gropallo-di-genova-nervi\/#primaryimage"},"image":{"@id":"https:\/\/www.istitutogalanteoliva.it\/magazine\/2025\/07\/24\/dieci-anni-di-genovamade-festa-musica-e-impegno-civile-alla-torre-gropallo-di-genova-nervi\/#primaryimage"},"thumbnailUrl":"https:\/\/www.istitutogalanteoliva.it\/magazine\/wp-content\/uploads\/2025\/07\/Torre_Gropallo.jpg","datePublished":"2025-07-24T06:00:00+00:00","dateModified":"2025-07-24T06:16:28+00:00","breadcrumb":{"@id":"https:\/\/www.istitutogalanteoliva.it\/magazine\/2025\/07\/24\/dieci-anni-di-genovamade-festa-musica-e-impegno-civile-alla-torre-gropallo-di-genova-nervi\/#breadcrumb"},"inLanguage":"it-IT","potentialAction":[{"@type":"ReadAction","target":["https:\/\/www.istitutogalanteoliva.it\/magazine\/2025\/07\/24\/dieci-anni-di-genovamade-festa-musica-e-impegno-civile-alla-torre-gropallo-di-genova-nervi\/"]}]},{"@type":"ImageObject","inLanguage":"it-IT","@id":"https:\/\/www.istitutogalanteoliva.it\/magazine\/2025\/07\/24\/dieci-anni-di-genovamade-festa-musica-e-impegno-civile-alla-torre-gropallo-di-genova-nervi\/#primaryimage","url":"https:\/\/www.istitutogalanteoliva.it\/magazine\/wp-content\/uploads\/2025\/07\/Torre_Gropallo.jpg","contentUrl":"https:\/\/www.istitutogalanteoliva.it\/magazine\/wp-content\/uploads\/2025\/07\/Torre_Gropallo.jpg","width":1400,"height":760,"caption":"Torre Gropallo_Passeggiata Anita Garibaldi_Genova Nervi"},{"@type":"BreadcrumbList","@id":"https:\/\/www.istitutogalanteoliva.it\/magazine\/2025\/07\/24\/dieci-anni-di-genovamade-festa-musica-e-impegno-civile-alla-torre-gropallo-di-genova-nervi\/#breadcrumb","itemListElement":[{"@type":"ListItem","position":1,"name":"Home","item":"https:\/\/www.istitutogalanteoliva.it\/magazine\/"},{"@type":"ListItem","position":2,"name":"Dieci anni di Genovamade: festa, musica e impegno civile alla Torre Gropallo di Genova Nervi"}]},{"@type":"WebSite","@id":"https:\/\/www.istitutogalanteoliva.it\/magazine\/#website","url":"https:\/\/www.istitutogalanteoliva.it\/magazine\/","name":"POLIS SA MAGAZINE","description":"L&#039;informazione libera ","publisher":{"@id":"https:\/\/www.istitutogalanteoliva.it\/magazine\/#organization"},"potentialAction":[{"@type":"SearchAction","target":{"@type":"EntryPoint","urlTemplate":"https:\/\/www.istitutogalanteoliva.it\/magazine\/?s={search_term_string}"},"query-input":{"@type":"PropertyValueSpecification","valueRequired":true,"valueName":"search_term_string"}}],"inLanguage":"it-IT"},{"@type":"Organization","@id":"https:\/\/www.istitutogalanteoliva.it\/magazine\/#organization","name":"Polis SA Magazine","url":"https:\/\/www.istitutogalanteoliva.it\/magazine\/","logo":{"@type":"ImageObject","inLanguage":"it-IT","@id":"https:\/\/www.istitutogalanteoliva.it\/magazine\/#\/schema\/logo\/image\/","url":"","contentUrl":"","caption":"Polis SA Magazine"},"image":{"@id":"https:\/\/www.istitutogalanteoliva.it\/magazine\/#\/schema\/logo\/image\/"},"sameAs":["https:\/\/www.facebook.com\/PolisSAMagazine\/","https:\/\/x.com\/MagazinePolis","https:\/\/www.youtube.com\/channel\/UCv0Mr5AHKUmsc0sEEXkJrgw"]},{"@type":"Person","@id":"https:\/\/www.istitutogalanteoliva.it\/magazine\/#\/schema\/person\/d8b8aa79cfe8babc1df9da3212a7c0c4","name":"Antonello Rivano","image":{"@type":"ImageObject","inLanguage":"it-IT","@id":"https:\/\/www.istitutogalanteoliva.it\/magazine\/#\/schema\/person\/image\/","url":"https:\/\/secure.gravatar.com\/avatar\/517a9a6487a7a18ecc4ce6d2e57a8f40?s=96&d=mm&r=g","contentUrl":"https:\/\/secure.gravatar.com\/avatar\/517a9a6487a7a18ecc4ce6d2e57a8f40?s=96&d=mm&r=g","caption":"Antonello Rivano"},"url":"https:\/\/www.istitutogalanteoliva.it\/magazine\/author\/antonello\/"}]}},"_links":{"self":[{"href":"https:\/\/www.istitutogalanteoliva.it\/magazine\/wp-json\/wp\/v2\/posts\/18614","targetHints":{"allow":["GET"]}}],"collection":[{"href":"https:\/\/www.istitutogalanteoliva.it\/magazine\/wp-json\/wp\/v2\/posts"}],"about":[{"href":"https:\/\/www.istitutogalanteoliva.it\/magazine\/wp-json\/wp\/v2\/types\/post"}],"author":[{"embeddable":true,"href":"https:\/\/www.istitutogalanteoliva.it\/magazine\/wp-json\/wp\/v2\/users\/2"}],"replies":[{"embeddable":true,"href":"https:\/\/www.istitutogalanteoliva.it\/magazine\/wp-json\/wp\/v2\/comments?post=18614"}],"version-history":[{"count":6,"href":"https:\/\/www.istitutogalanteoliva.it\/magazine\/wp-json\/wp\/v2\/posts\/18614\/revisions"}],"predecessor-version":[{"id":18633,"href":"https:\/\/www.istitutogalanteoliva.it\/magazine\/wp-json\/wp\/v2\/posts\/18614\/revisions\/18633"}],"wp:featuredmedia":[{"embeddable":true,"href":"https:\/\/www.istitutogalanteoliva.it\/magazine\/wp-json\/wp\/v2\/media\/18620"}],"wp:attachment":[{"href":"https:\/\/www.istitutogalanteoliva.it\/magazine\/wp-json\/wp\/v2\/media?parent=18614"}],"wp:term":[{"taxonomy":"category","embeddable":true,"href":"https:\/\/www.istitutogalanteoliva.it\/magazine\/wp-json\/wp\/v2\/categories?post=18614"},{"taxonomy":"post_tag","embeddable":true,"href":"https:\/\/www.istitutogalanteoliva.it\/magazine\/wp-json\/wp\/v2\/tags?post=18614"}],"curies":[{"name":"wp","href":"https:\/\/api.w.org\/{rel}","templated":true}]}}