{"id":19088,"date":"2025-10-01T08:24:51","date_gmt":"2025-10-01T06:24:51","guid":{"rendered":"https:\/\/www.istitutogalanteoliva.it\/magazine\/?p=19088"},"modified":"2025-10-01T08:24:51","modified_gmt":"2025-10-01T06:24:51","slug":"urne-vuote-il-silenzio-che-pesa","status":"publish","type":"post","link":"https:\/\/www.istitutogalanteoliva.it\/magazine\/2025\/10\/01\/urne-vuote-il-silenzio-che-pesa\/","title":{"rendered":"Urne vuote: il silenzio che pesa"},"content":{"rendered":"\n<div class=\"wp-block-group\"><div class=\"wp-block-group__inner-container is-layout-constrained wp-block-group-is-layout-constrained\">\n<hr class=\"wp-block-separator has-alpha-channel-opacity\"\/>\n\n\n\n<div class=\"wp-block-group has-white-background-color has-background\"><div class=\"wp-block-group__inner-container is-layout-constrained wp-block-group-is-layout-constrained\">\n<div class=\"wp-block-group\"><div class=\"wp-block-group__inner-container is-layout-constrained wp-block-group-is-layout-constrained\">\n<div class=\"wp-block-group has-background\" style=\"background-color:#8dd2fc1f\"><div class=\"wp-block-group__inner-container is-layout-constrained wp-block-group-is-layout-constrained\">\n<h4 class=\"wp-block-heading has-text-align-center has-black-color has-text-color has-background has-link-color wp-elements-db7c86b663001562d7019db577b0a5c2\" style=\"background-color:#8dd2fc57\">IN PUNTA DI PENNA<br>Gli editoriali del Direttore di Redazione Antonello Rivano<\/h4>\n\n\n\n<p class=\"has-text-align-left has-background\" style=\"background-color:#8dd2fc47;font-size:16px\"><code><mark style=\"background-color:rgba(0, 0, 0, 0)\" class=\"has-inline-color has-black-color\">\"Scrivere \u00e8 un gesto delicato, quasi impercettibile, come camminare in punta di penna sulla superficie del nostro tempo. Non per dare risposte, ma per lasciare che le parole scivolino tra le pieghe della realt\u00e0, invitandoci a fermarci, a guardare pi\u00f9 a fondo, a pensare. In un tempo che sembra divorato dalla fretta e dalla superficialit\u00e0, le parole diventano fari: non per guidarci verso certezze, ma per ricordarci che riflettere \u00e8 ancora possibile, che ascoltare e nominare ci\u00f2 che accade ha un valore che non si misura in like o in rumore, ma nella capacit\u00e0 di nutrire la nostra attenzione e il nostro senso del mondo.\"<strong><br><\/strong><\/mark><em><strong><mark style=\"background-color:rgba(0, 0, 0, 0)\" class=\"has-inline-color has-black-color\"><sup>AR<\/sup><\/mark><\/strong><\/em><\/code><\/p>\n<\/div><\/div>\n<\/div><\/div>\n<\/div><\/div>\n\n\n\n<hr class=\"wp-block-separator has-alpha-channel-opacity\"\/>\n<\/div><\/div>\n\n\n\n<p>C\u2019\u00e8 un dato che, pi\u00f9 di ogni percentuale elettorale, racconta la verit\u00e0 scomoda della nostra democrazia: l\u2019astensione. \u00c8 quel numero che nessuno pu\u00f2 rivendicare, ma che tutti dovrebbero temere. Perch\u00e9 dietro le urne vuote non c\u2019\u00e8 soltanto disinteresse: c\u2019\u00e8 <strong>una sfiducia profonda, sedimentata nel tempo, che oggi travolge vincitori e vinti<\/strong>.<\/p>\n\n\n\n<p>I partiti, tutti, portano sulle spalle il peso di questa disaffezione. <strong>Chi perde, spesso, lo fa senza neppure chiedersi perch\u00e9: attribuisce la colpa agli elettori \u201cdistratti\u201d o alle campagne avversarie<\/strong>, ma raramente guarda dentro s\u00e9 stesso. <strong>Chi vince, invece, festeggia come se avesse convinto il Paese, quando in realt\u00e0 spesso ha solo convinto una minoranza sempre pi\u00f9 ristretta<\/strong>.<\/p>\n\n\n\n<p>La politica italiana da anni sembra chiusa in un circuito autoreferenziale: le candidature si decidono nelle segreterie, le campagne si riducono a slogan, i programmi a foglietti di marketing. Si parla <em>del<\/em> Paese, ma troppo poco <em>con<\/em> il Paese. E cos\u00ec la distanza cresce, la fiducia si erode, la partecipazione si spegne.<\/p>\n\n\n\n<p><strong>Le urne vuote non sono una fatalit\u00e0, ma il risultato di un lento tradimento.<\/strong> Tradimento delle promesse non mantenute, delle occasioni mancate, delle energie civiche ignorate. Tradimento di chi ha vinto e si \u00e8 accontentato, e di chi ha perso senza rinnovarsi davvero.<\/p>\n\n\n\n<p>La responsabilit\u00e0, certo, \u00e8 anche dei cittadini che rinunciano a far sentire la propria voce. Ma il primo passo spetta alla politica: <strong>riconquistare credibilit\u00e0, parlare con chiarezza, costruire visioni e non solo campagne<\/strong>. Perch\u00e9 la democrazia non si difende da sola: ha bisogno di fiducia, di partecipazione, di idee condivise.<\/p>\n\n\n\n<p><strong>Ogni elezione disertata da troppi cittadini \u00e8 un colpo inferto al cuore della rappresentanza.<\/strong> Ed \u00e8 proprio l\u00ec, nel silenzio delle urne, che pu\u00f2 annidarsi il pericolo pi\u00f9 grande: che la democrazia continui a esistere solo come forma, svuotata della sua sostanza.<\/p>\n\n\n\n<p class=\"has-text-align-right\"><strong><em>Antonello Rivano<\/em><\/strong><\/p>\n<div class=\"pdfprnt-buttons pdfprnt-buttons-post pdfprnt-bottom-left\"><a href=\"https:\/\/www.istitutogalanteoliva.it\/magazine\/wp-json\/wp\/v2\/posts\/19088?print=print\" class=\"pdfprnt-button pdfprnt-button-print\" target=\"_blank\"><img decoding=\"async\" src=\"https:\/\/www.istitutogalanteoliva.it\/magazine\/wp-content\/plugins\/pdf-print\/images\/print.png\" alt=\"image_print\" title=\"Stampa contenuto\" \/><span class=\"pdfprnt-button-title pdfprnt-button-print-title\">Download in PDF<\/span><\/a><\/div>","protected":false},"excerpt":{"rendered":"<p>L\u2019astensione non \u00e8 solo disinteresse, \u00e8 la conseguenza di una politica autoreferenziale che ha smarrito il contatto con il Paese, e un campanello d\u2019allarme per la democrazia.<\/p>\n","protected":false},"author":2,"featured_media":18297,"comment_status":"closed","ping_status":"open","sticky":true,"template":"","format":"standard","meta":{"footnotes":""},"categories":[1241,96],"tags":[1444,973],"class_list":["post-19088","post","type-post","status-publish","format-standard","has-post-thumbnail","hentry","category-1241","category-in-punta-di-penna","tag-astensione","tag-elezioni"],"yoast_head":"<!-- This site is optimized with the Yoast SEO plugin v24.2 - https:\/\/yoast.com\/wordpress\/plugins\/seo\/ -->\n<title>Urne vuote: il silenzio che pesa - Polis SA Magazine<\/title>\n<meta name=\"robots\" content=\"index, follow, max-snippet:-1, max-image-preview:large, max-video-preview:-1\" \/>\n<link rel=\"canonical\" href=\"https:\/\/www.istitutogalanteoliva.it\/magazine\/2025\/10\/01\/urne-vuote-il-silenzio-che-pesa\/\" \/>\n<meta property=\"og:locale\" content=\"it_IT\" \/>\n<meta property=\"og:type\" content=\"article\" \/>\n<meta property=\"og:title\" content=\"Urne vuote: il silenzio che pesa - Polis SA Magazine\" \/>\n<meta property=\"og:description\" content=\"L\u2019astensione non \u00e8 solo disinteresse, \u00e8 la conseguenza di una politica autoreferenziale che ha smarrito il contatto con il Paese, e un campanello d\u2019allarme per la democrazia.\" \/>\n<meta property=\"og:url\" content=\"https:\/\/www.istitutogalanteoliva.it\/magazine\/2025\/10\/01\/urne-vuote-il-silenzio-che-pesa\/\" \/>\n<meta property=\"og:site_name\" content=\"Polis SA Magazine\" \/>\n<meta property=\"article:publisher\" content=\"https:\/\/www.facebook.com\/PolisSAMagazine\/\" \/>\n<meta property=\"article:published_time\" content=\"2025-10-01T06:24:51+00:00\" \/>\n<meta property=\"og:image\" content=\"https:\/\/www.istitutogalanteoliva.it\/magazine\/wp-content\/uploads\/2025\/06\/IN-1.jpg\" \/>\n\t<meta property=\"og:image:width\" content=\"1400\" \/>\n\t<meta property=\"og:image:height\" content=\"760\" \/>\n\t<meta property=\"og:image:type\" content=\"image\/jpeg\" \/>\n<meta name=\"author\" content=\"Antonello Rivano\" \/>\n<meta name=\"twitter:card\" content=\"summary_large_image\" \/>\n<meta name=\"twitter:creator\" content=\"@MagazinePolis\" \/>\n<meta name=\"twitter:site\" content=\"@MagazinePolis\" \/>\n<meta name=\"twitter:label1\" content=\"Scritto da\" \/>\n\t<meta name=\"twitter:data1\" content=\"Antonello Rivano\" \/>\n\t<meta name=\"twitter:label2\" content=\"Tempo di lettura stimato\" \/>\n\t<meta name=\"twitter:data2\" content=\"2 minuti\" \/>\n<script type=\"application\/ld+json\" class=\"yoast-schema-graph\">{\"@context\":\"https:\/\/schema.org\",\"@graph\":[{\"@type\":\"Article\",\"@id\":\"https:\/\/www.istitutogalanteoliva.it\/magazine\/2025\/10\/01\/urne-vuote-il-silenzio-che-pesa\/#article\",\"isPartOf\":{\"@id\":\"https:\/\/www.istitutogalanteoliva.it\/magazine\/2025\/10\/01\/urne-vuote-il-silenzio-che-pesa\/\"},\"author\":{\"name\":\"Antonello Rivano\",\"@id\":\"https:\/\/www.istitutogalanteoliva.it\/magazine\/#\/schema\/person\/d8b8aa79cfe8babc1df9da3212a7c0c4\"},\"headline\":\"Urne vuote: il silenzio che pesa\",\"datePublished\":\"2025-10-01T06:24:51+00:00\",\"dateModified\":\"2025-10-01T06:24:51+00:00\",\"mainEntityOfPage\":{\"@id\":\"https:\/\/www.istitutogalanteoliva.it\/magazine\/2025\/10\/01\/urne-vuote-il-silenzio-che-pesa\/\"},\"wordCount\":300,\"publisher\":{\"@id\":\"https:\/\/www.istitutogalanteoliva.it\/magazine\/#organization\"},\"image\":{\"@id\":\"https:\/\/www.istitutogalanteoliva.it\/magazine\/2025\/10\/01\/urne-vuote-il-silenzio-che-pesa\/#primaryimage\"},\"thumbnailUrl\":\"https:\/\/www.istitutogalanteoliva.it\/magazine\/wp-content\/uploads\/2025\/06\/IN-1.jpg\",\"keywords\":[\"Astensione\",\"Elezioni\"],\"articleSection\":[\"2025\",\"In punta di penna\"],\"inLanguage\":\"it-IT\"},{\"@type\":\"WebPage\",\"@id\":\"https:\/\/www.istitutogalanteoliva.it\/magazine\/2025\/10\/01\/urne-vuote-il-silenzio-che-pesa\/\",\"url\":\"https:\/\/www.istitutogalanteoliva.it\/magazine\/2025\/10\/01\/urne-vuote-il-silenzio-che-pesa\/\",\"name\":\"Urne vuote: il silenzio che pesa - Polis SA Magazine\",\"isPartOf\":{\"@id\":\"https:\/\/www.istitutogalanteoliva.it\/magazine\/#website\"},\"primaryImageOfPage\":{\"@id\":\"https:\/\/www.istitutogalanteoliva.it\/magazine\/2025\/10\/01\/urne-vuote-il-silenzio-che-pesa\/#primaryimage\"},\"image\":{\"@id\":\"https:\/\/www.istitutogalanteoliva.it\/magazine\/2025\/10\/01\/urne-vuote-il-silenzio-che-pesa\/#primaryimage\"},\"thumbnailUrl\":\"https:\/\/www.istitutogalanteoliva.it\/magazine\/wp-content\/uploads\/2025\/06\/IN-1.jpg\",\"datePublished\":\"2025-10-01T06:24:51+00:00\",\"dateModified\":\"2025-10-01T06:24:51+00:00\",\"breadcrumb\":{\"@id\":\"https:\/\/www.istitutogalanteoliva.it\/magazine\/2025\/10\/01\/urne-vuote-il-silenzio-che-pesa\/#breadcrumb\"},\"inLanguage\":\"it-IT\",\"potentialAction\":[{\"@type\":\"ReadAction\",\"target\":[\"https:\/\/www.istitutogalanteoliva.it\/magazine\/2025\/10\/01\/urne-vuote-il-silenzio-che-pesa\/\"]}]},{\"@type\":\"ImageObject\",\"inLanguage\":\"it-IT\",\"@id\":\"https:\/\/www.istitutogalanteoliva.it\/magazine\/2025\/10\/01\/urne-vuote-il-silenzio-che-pesa\/#primaryimage\",\"url\":\"https:\/\/www.istitutogalanteoliva.it\/magazine\/wp-content\/uploads\/2025\/06\/IN-1.jpg\",\"contentUrl\":\"https:\/\/www.istitutogalanteoliva.it\/magazine\/wp-content\/uploads\/2025\/06\/IN-1.jpg\",\"width\":1400,\"height\":760},{\"@type\":\"BreadcrumbList\",\"@id\":\"https:\/\/www.istitutogalanteoliva.it\/magazine\/2025\/10\/01\/urne-vuote-il-silenzio-che-pesa\/#breadcrumb\",\"itemListElement\":[{\"@type\":\"ListItem\",\"position\":1,\"name\":\"Home\",\"item\":\"https:\/\/www.istitutogalanteoliva.it\/magazine\/\"},{\"@type\":\"ListItem\",\"position\":2,\"name\":\"Urne vuote: il silenzio che pesa\"}]},{\"@type\":\"WebSite\",\"@id\":\"https:\/\/www.istitutogalanteoliva.it\/magazine\/#website\",\"url\":\"https:\/\/www.istitutogalanteoliva.it\/magazine\/\",\"name\":\"POLIS SA MAGAZINE\",\"description\":\"Informazione e approfondimenti\",\"publisher\":{\"@id\":\"https:\/\/www.istitutogalanteoliva.it\/magazine\/#organization\"},\"potentialAction\":[{\"@type\":\"SearchAction\",\"target\":{\"@type\":\"EntryPoint\",\"urlTemplate\":\"https:\/\/www.istitutogalanteoliva.it\/magazine\/?s={search_term_string}\"},\"query-input\":{\"@type\":\"PropertyValueSpecification\",\"valueRequired\":true,\"valueName\":\"search_term_string\"}}],\"inLanguage\":\"it-IT\"},{\"@type\":\"Organization\",\"@id\":\"https:\/\/www.istitutogalanteoliva.it\/magazine\/#organization\",\"name\":\"Polis SA Magazine\",\"url\":\"https:\/\/www.istitutogalanteoliva.it\/magazine\/\",\"logo\":{\"@type\":\"ImageObject\",\"inLanguage\":\"it-IT\",\"@id\":\"https:\/\/www.istitutogalanteoliva.it\/magazine\/#\/schema\/logo\/image\/\",\"url\":\"\",\"contentUrl\":\"\",\"caption\":\"Polis SA Magazine\"},\"image\":{\"@id\":\"https:\/\/www.istitutogalanteoliva.it\/magazine\/#\/schema\/logo\/image\/\"},\"sameAs\":[\"https:\/\/www.facebook.com\/PolisSAMagazine\/\",\"https:\/\/x.com\/MagazinePolis\",\"https:\/\/www.youtube.com\/channel\/UCv0Mr5AHKUmsc0sEEXkJrgw\"]},{\"@type\":\"Person\",\"@id\":\"https:\/\/www.istitutogalanteoliva.it\/magazine\/#\/schema\/person\/d8b8aa79cfe8babc1df9da3212a7c0c4\",\"name\":\"Antonello Rivano\",\"image\":{\"@type\":\"ImageObject\",\"inLanguage\":\"it-IT\",\"@id\":\"https:\/\/www.istitutogalanteoliva.it\/magazine\/#\/schema\/person\/image\/\",\"url\":\"https:\/\/secure.gravatar.com\/avatar\/517a9a6487a7a18ecc4ce6d2e57a8f40?s=96&d=mm&r=g\",\"contentUrl\":\"https:\/\/secure.gravatar.com\/avatar\/517a9a6487a7a18ecc4ce6d2e57a8f40?s=96&d=mm&r=g\",\"caption\":\"Antonello Rivano\"},\"url\":\"https:\/\/www.istitutogalanteoliva.it\/magazine\/author\/antonello\/\"}]}<\/script>\n<!-- \/ Yoast SEO plugin. -->","yoast_head_json":{"title":"Urne vuote: il silenzio che pesa - Polis SA Magazine","robots":{"index":"index","follow":"follow","max-snippet":"max-snippet:-1","max-image-preview":"max-image-preview:large","max-video-preview":"max-video-preview:-1"},"canonical":"https:\/\/www.istitutogalanteoliva.it\/magazine\/2025\/10\/01\/urne-vuote-il-silenzio-che-pesa\/","og_locale":"it_IT","og_type":"article","og_title":"Urne vuote: il silenzio che pesa - Polis SA Magazine","og_description":"L\u2019astensione non \u00e8 solo disinteresse, \u00e8 la conseguenza di una politica autoreferenziale che ha smarrito il contatto con il Paese, e un campanello d\u2019allarme per la democrazia.","og_url":"https:\/\/www.istitutogalanteoliva.it\/magazine\/2025\/10\/01\/urne-vuote-il-silenzio-che-pesa\/","og_site_name":"Polis SA Magazine","article_publisher":"https:\/\/www.facebook.com\/PolisSAMagazine\/","article_published_time":"2025-10-01T06:24:51+00:00","og_image":[{"width":1400,"height":760,"url":"https:\/\/www.istitutogalanteoliva.it\/magazine\/wp-content\/uploads\/2025\/06\/IN-1.jpg","type":"image\/jpeg"}],"author":"Antonello Rivano","twitter_card":"summary_large_image","twitter_creator":"@MagazinePolis","twitter_site":"@MagazinePolis","twitter_misc":{"Scritto da":"Antonello Rivano","Tempo di lettura stimato":"2 minuti"},"schema":{"@context":"https:\/\/schema.org","@graph":[{"@type":"Article","@id":"https:\/\/www.istitutogalanteoliva.it\/magazine\/2025\/10\/01\/urne-vuote-il-silenzio-che-pesa\/#article","isPartOf":{"@id":"https:\/\/www.istitutogalanteoliva.it\/magazine\/2025\/10\/01\/urne-vuote-il-silenzio-che-pesa\/"},"author":{"name":"Antonello Rivano","@id":"https:\/\/www.istitutogalanteoliva.it\/magazine\/#\/schema\/person\/d8b8aa79cfe8babc1df9da3212a7c0c4"},"headline":"Urne vuote: il silenzio che pesa","datePublished":"2025-10-01T06:24:51+00:00","dateModified":"2025-10-01T06:24:51+00:00","mainEntityOfPage":{"@id":"https:\/\/www.istitutogalanteoliva.it\/magazine\/2025\/10\/01\/urne-vuote-il-silenzio-che-pesa\/"},"wordCount":300,"publisher":{"@id":"https:\/\/www.istitutogalanteoliva.it\/magazine\/#organization"},"image":{"@id":"https:\/\/www.istitutogalanteoliva.it\/magazine\/2025\/10\/01\/urne-vuote-il-silenzio-che-pesa\/#primaryimage"},"thumbnailUrl":"https:\/\/www.istitutogalanteoliva.it\/magazine\/wp-content\/uploads\/2025\/06\/IN-1.jpg","keywords":["Astensione","Elezioni"],"articleSection":["2025","In punta di penna"],"inLanguage":"it-IT"},{"@type":"WebPage","@id":"https:\/\/www.istitutogalanteoliva.it\/magazine\/2025\/10\/01\/urne-vuote-il-silenzio-che-pesa\/","url":"https:\/\/www.istitutogalanteoliva.it\/magazine\/2025\/10\/01\/urne-vuote-il-silenzio-che-pesa\/","name":"Urne vuote: il silenzio che pesa - Polis SA Magazine","isPartOf":{"@id":"https:\/\/www.istitutogalanteoliva.it\/magazine\/#website"},"primaryImageOfPage":{"@id":"https:\/\/www.istitutogalanteoliva.it\/magazine\/2025\/10\/01\/urne-vuote-il-silenzio-che-pesa\/#primaryimage"},"image":{"@id":"https:\/\/www.istitutogalanteoliva.it\/magazine\/2025\/10\/01\/urne-vuote-il-silenzio-che-pesa\/#primaryimage"},"thumbnailUrl":"https:\/\/www.istitutogalanteoliva.it\/magazine\/wp-content\/uploads\/2025\/06\/IN-1.jpg","datePublished":"2025-10-01T06:24:51+00:00","dateModified":"2025-10-01T06:24:51+00:00","breadcrumb":{"@id":"https:\/\/www.istitutogalanteoliva.it\/magazine\/2025\/10\/01\/urne-vuote-il-silenzio-che-pesa\/#breadcrumb"},"inLanguage":"it-IT","potentialAction":[{"@type":"ReadAction","target":["https:\/\/www.istitutogalanteoliva.it\/magazine\/2025\/10\/01\/urne-vuote-il-silenzio-che-pesa\/"]}]},{"@type":"ImageObject","inLanguage":"it-IT","@id":"https:\/\/www.istitutogalanteoliva.it\/magazine\/2025\/10\/01\/urne-vuote-il-silenzio-che-pesa\/#primaryimage","url":"https:\/\/www.istitutogalanteoliva.it\/magazine\/wp-content\/uploads\/2025\/06\/IN-1.jpg","contentUrl":"https:\/\/www.istitutogalanteoliva.it\/magazine\/wp-content\/uploads\/2025\/06\/IN-1.jpg","width":1400,"height":760},{"@type":"BreadcrumbList","@id":"https:\/\/www.istitutogalanteoliva.it\/magazine\/2025\/10\/01\/urne-vuote-il-silenzio-che-pesa\/#breadcrumb","itemListElement":[{"@type":"ListItem","position":1,"name":"Home","item":"https:\/\/www.istitutogalanteoliva.it\/magazine\/"},{"@type":"ListItem","position":2,"name":"Urne vuote: il silenzio che pesa"}]},{"@type":"WebSite","@id":"https:\/\/www.istitutogalanteoliva.it\/magazine\/#website","url":"https:\/\/www.istitutogalanteoliva.it\/magazine\/","name":"POLIS SA MAGAZINE","description":"Informazione e approfondimenti","publisher":{"@id":"https:\/\/www.istitutogalanteoliva.it\/magazine\/#organization"},"potentialAction":[{"@type":"SearchAction","target":{"@type":"EntryPoint","urlTemplate":"https:\/\/www.istitutogalanteoliva.it\/magazine\/?s={search_term_string}"},"query-input":{"@type":"PropertyValueSpecification","valueRequired":true,"valueName":"search_term_string"}}],"inLanguage":"it-IT"},{"@type":"Organization","@id":"https:\/\/www.istitutogalanteoliva.it\/magazine\/#organization","name":"Polis SA Magazine","url":"https:\/\/www.istitutogalanteoliva.it\/magazine\/","logo":{"@type":"ImageObject","inLanguage":"it-IT","@id":"https:\/\/www.istitutogalanteoliva.it\/magazine\/#\/schema\/logo\/image\/","url":"","contentUrl":"","caption":"Polis SA Magazine"},"image":{"@id":"https:\/\/www.istitutogalanteoliva.it\/magazine\/#\/schema\/logo\/image\/"},"sameAs":["https:\/\/www.facebook.com\/PolisSAMagazine\/","https:\/\/x.com\/MagazinePolis","https:\/\/www.youtube.com\/channel\/UCv0Mr5AHKUmsc0sEEXkJrgw"]},{"@type":"Person","@id":"https:\/\/www.istitutogalanteoliva.it\/magazine\/#\/schema\/person\/d8b8aa79cfe8babc1df9da3212a7c0c4","name":"Antonello Rivano","image":{"@type":"ImageObject","inLanguage":"it-IT","@id":"https:\/\/www.istitutogalanteoliva.it\/magazine\/#\/schema\/person\/image\/","url":"https:\/\/secure.gravatar.com\/avatar\/517a9a6487a7a18ecc4ce6d2e57a8f40?s=96&d=mm&r=g","contentUrl":"https:\/\/secure.gravatar.com\/avatar\/517a9a6487a7a18ecc4ce6d2e57a8f40?s=96&d=mm&r=g","caption":"Antonello Rivano"},"url":"https:\/\/www.istitutogalanteoliva.it\/magazine\/author\/antonello\/"}]}},"_links":{"self":[{"href":"https:\/\/www.istitutogalanteoliva.it\/magazine\/wp-json\/wp\/v2\/posts\/19088","targetHints":{"allow":["GET"]}}],"collection":[{"href":"https:\/\/www.istitutogalanteoliva.it\/magazine\/wp-json\/wp\/v2\/posts"}],"about":[{"href":"https:\/\/www.istitutogalanteoliva.it\/magazine\/wp-json\/wp\/v2\/types\/post"}],"author":[{"embeddable":true,"href":"https:\/\/www.istitutogalanteoliva.it\/magazine\/wp-json\/wp\/v2\/users\/2"}],"replies":[{"embeddable":true,"href":"https:\/\/www.istitutogalanteoliva.it\/magazine\/wp-json\/wp\/v2\/comments?post=19088"}],"version-history":[{"count":1,"href":"https:\/\/www.istitutogalanteoliva.it\/magazine\/wp-json\/wp\/v2\/posts\/19088\/revisions"}],"predecessor-version":[{"id":19089,"href":"https:\/\/www.istitutogalanteoliva.it\/magazine\/wp-json\/wp\/v2\/posts\/19088\/revisions\/19089"}],"wp:featuredmedia":[{"embeddable":true,"href":"https:\/\/www.istitutogalanteoliva.it\/magazine\/wp-json\/wp\/v2\/media\/18297"}],"wp:attachment":[{"href":"https:\/\/www.istitutogalanteoliva.it\/magazine\/wp-json\/wp\/v2\/media?parent=19088"}],"wp:term":[{"taxonomy":"category","embeddable":true,"href":"https:\/\/www.istitutogalanteoliva.it\/magazine\/wp-json\/wp\/v2\/categories?post=19088"},{"taxonomy":"post_tag","embeddable":true,"href":"https:\/\/www.istitutogalanteoliva.it\/magazine\/wp-json\/wp\/v2\/tags?post=19088"}],"curies":[{"name":"wp","href":"https:\/\/api.w.org\/{rel}","templated":true}]}}