{"id":1929,"date":"2020-01-16T16:03:26","date_gmt":"2020-01-16T15:03:26","guid":{"rendered":"http:\/\/www.edizionipolis.it\/magazine\/?p=1929"},"modified":"2020-01-16T16:03:29","modified_gmt":"2020-01-16T15:03:29","slug":"percorsi-di-vita-guarire-lanima-dalle-cicatrici-del-cancro-al-seno","status":"publish","type":"post","link":"https:\/\/www.istitutogalanteoliva.it\/magazine\/2020\/01\/16\/percorsi-di-vita-guarire-lanima-dalle-cicatrici-del-cancro-al-seno\/","title":{"rendered":"\u201cPERCORSI DI VITA\u201d: Guarire l\u2019anima dalle cicatrici del cancro al seno"},"content":{"rendered":"\n<p>L\u2019associazione <em>Underforty Women Breast Care Onlus<\/em>,\ninsieme con i ricercatori dell\u2019Universit\u00e0 La Sapienza di Roma, ha realizzato un\nprogetto destinato alle donne operate di tumore al seno, dal titolo \u201c<em>Percorsi di Vita<\/em>\u201d.<\/p>\n\n\n\n<p>Questa\niniziativa nasce dalla constatazione che sempre pi\u00f9 donne nel mondo guariscono\ndopo una diagnosi di tumore al seno, ma la guarigione purtroppo non sempre \u00e8\nassociata ad un reale miglioramento della qualit\u00e0 di vita.&nbsp; La donna non sempre percepisce di essere\nguarita ed attorno a lei, con un problema che si pu\u00f2 definire sociale, anche i\nfamiliari non percepiscono questa guarigione.<\/p>\n\n\n\n<p>\u201cPercorsi di\nVita\u201d nasce con l\u2019intento di ridare consapevolezza alle donne. Perch\u00e9 una donna\noperata non va abbandonata, ma seguita nel suo percorso di rinascita fisico e\nmentale.<\/p>\n\n\n\n<p>Il Presidente\ndell\u2019associazione Underforty Women Breast Care Onlus, Sig.ra Maria Conte e il\nDirettore Scientifico il Dr. Massimiliano D\u2019Aiuto hanno organizzato per il\ngiorno 24 gennaio 2020 alle ore 11.30 presso il Ristorante \u201cDodici\u2013 Locanda del\nGusto\u201d sito in via Cupa Scoppa, 24 ad Aversa, un aperitivo\/incontro con le\ndonne gi\u00e0 operate, dove sar\u00e0 possibile aderire alle attivit\u00e0 relative al\nprogetto \u201cPercorsi di Vita\u201d.<\/p>\n\n\n\n<p>L\u2019evento \u00e8\nstato sostenuto dal Dott. Maurizio Falco (Presidente ed Amm. Del. della Clinica\nVilla Fiorita di Aversa) e da Stefania Manzo (Executive manager di Banca\nGenerali).<\/p>\n\n\n\n<p>Il progetto \u00e8\npatrocinato dal Comune di Napoli e nella mattinata del 24 gennaio interverr\u00e0\nanche l\u2019Assessore all\u2019Ambiente il Dott. Raffaele Del Giudice.<\/p>\n\n\n\n<p>La Onlus non\nsegue le donne solo nella fase di diagnosi e cura del tumore al seno, ma anche\ne soprattutto nelle fasi successive, con costanti appuntamenti di confronto che\nvengono organizzati, a partire dal mese successivo all\u2019intervento chirurgico,\npresso la sala Conferenze \u201cAntonella Cantiello\u201d della Clinica Villa Fiorita di\nAversa. <\/p>\n\n\n\n<p>Il progetto \u00e8\nstrutturato in due ambiti d\u2019azione.<\/p>\n\n\n\n<p>Una parte\nscientifica, realizzata mediante la diffusione di un questionario anonimizzato\nper la raccolta dati, retrospettiva e prospettica, riguardanti lo stile di vita\ndelle pazienti dopo la diagnosi di tumore e l\u2019impatto sociale, psicologico,\neconomico e familiare che tale evento determina nella loro vita e in quella dei\nloro familiari.<\/p>\n\n\n\n<p>L\u2019altro aspetto\ndel progetto presenta un risvolto pratico immediato, poich\u00e9 \u201cPercorsi di Vita\u201d\nrender\u00e0 possibile il supporto psicologico di gruppo e individuale, per le\npazienti e i loro familiari, nonch\u00e9 la possibilit\u00e0 di aderire ad una serie di\niniziative quali: corsi di educazione nutrizionale, di arte-terapia, di\ndanza-terapia, di fotografia terapeutica, recupero immagine corporea (make-up e\ndermopigmentazione dell\u2019areola), consulenze fisioterapiche e personal trainer\nvolte a migliorare la qualit\u00e0 della vita soprattutto sotto l\u2019aspetto\nrelazionale. <\/p>\n\n\n\n<p>&#8220;Combattere il cancro non significa solo \u201crimuovere la massa\u201d, ma guarire le cicatrici dell\u2019anima per ritrovare un nuovo slancio di vita&#8221;.<\/p>\n\n\n\n<p style=\"text-align:right\"><em>Francesco Paciello<\/em><\/p>\n<div class=\"pdfprnt-buttons pdfprnt-buttons-post pdfprnt-bottom-left\"><a href=\"https:\/\/www.istitutogalanteoliva.it\/magazine\/wp-json\/wp\/v2\/posts\/1929?print=print\" class=\"pdfprnt-button pdfprnt-button-print\" target=\"_blank\"><img decoding=\"async\" src=\"https:\/\/www.istitutogalanteoliva.it\/magazine\/wp-content\/plugins\/pdf-print\/images\/print.png\" alt=\"image_print\" title=\"Stampa contenuto\" \/><span class=\"pdfprnt-button-title pdfprnt-button-print-title\">Download in PDF<\/span><\/a><\/div>","protected":false},"excerpt":{"rendered":"<p>L\u2019associazione Underforty Women Breast Care Onlus, insieme con i ricercatori dell\u2019Universit\u00e0 La Sapienza di Roma,<\/p>\n","protected":false},"author":1,"featured_media":1930,"comment_status":"open","ping_status":"open","sticky":false,"template":"","format":"standard","meta":{"footnotes":""},"categories":[34,8],"tags":[],"class_list":["post-1929","post","type-post","status-publish","format-standard","has-post-thumbnail","hentry","category-34","category-cultura_e_societa"],"yoast_head":"<!-- This site is optimized with the Yoast SEO plugin v24.2 - https:\/\/yoast.com\/wordpress\/plugins\/seo\/ -->\n<title>\u201cPERCORSI DI VITA\u201d: Guarire l\u2019anima dalle cicatrici del cancro al seno - Polis SA Magazine<\/title>\n<meta name=\"robots\" content=\"index, follow, max-snippet:-1, max-image-preview:large, max-video-preview:-1\" \/>\n<link rel=\"canonical\" href=\"https:\/\/www.istitutogalanteoliva.it\/magazine\/2020\/01\/16\/percorsi-di-vita-guarire-lanima-dalle-cicatrici-del-cancro-al-seno\/\" \/>\n<meta property=\"og:locale\" content=\"it_IT\" \/>\n<meta property=\"og:type\" content=\"article\" \/>\n<meta property=\"og:title\" content=\"\u201cPERCORSI DI VITA\u201d: Guarire l\u2019anima dalle cicatrici del cancro al seno - Polis SA Magazine\" \/>\n<meta property=\"og:description\" content=\"L\u2019associazione Underforty Women Breast Care Onlus, insieme con i ricercatori dell\u2019Universit\u00e0 La Sapienza di Roma,\" \/>\n<meta property=\"og:url\" content=\"https:\/\/www.istitutogalanteoliva.it\/magazine\/2020\/01\/16\/percorsi-di-vita-guarire-lanima-dalle-cicatrici-del-cancro-al-seno\/\" \/>\n<meta property=\"og:site_name\" content=\"Polis SA Magazine\" \/>\n<meta property=\"article:publisher\" content=\"https:\/\/www.facebook.com\/PolisSAMagazine\/\" \/>\n<meta property=\"article:published_time\" content=\"2020-01-16T15:03:26+00:00\" \/>\n<meta property=\"article:modified_time\" content=\"2020-01-16T15:03:29+00:00\" \/>\n<meta property=\"og:image\" content=\"https:\/\/www.istitutogalanteoliva.it\/magazine\/wp-content\/uploads\/2020\/01\/PDV-bro-4-ante-def2020-STAMPA_page-0001.jpg\" \/>\n\t<meta property=\"og:image:width\" content=\"2369\" \/>\n\t<meta property=\"og:image:height\" content=\"1276\" \/>\n\t<meta property=\"og:image:type\" content=\"image\/jpeg\" \/>\n<meta name=\"author\" content=\"admin\" \/>\n<meta name=\"twitter:card\" content=\"summary_large_image\" \/>\n<meta name=\"twitter:creator\" content=\"@MagazinePolis\" \/>\n<meta name=\"twitter:site\" content=\"@MagazinePolis\" \/>\n<meta name=\"twitter:label1\" content=\"Scritto da\" \/>\n\t<meta name=\"twitter:data1\" content=\"admin\" \/>\n\t<meta name=\"twitter:label2\" content=\"Tempo di lettura stimato\" \/>\n\t<meta name=\"twitter:data2\" content=\"2 minuti\" \/>\n<script type=\"application\/ld+json\" class=\"yoast-schema-graph\">{\"@context\":\"https:\/\/schema.org\",\"@graph\":[{\"@type\":\"Article\",\"@id\":\"https:\/\/www.istitutogalanteoliva.it\/magazine\/2020\/01\/16\/percorsi-di-vita-guarire-lanima-dalle-cicatrici-del-cancro-al-seno\/#article\",\"isPartOf\":{\"@id\":\"https:\/\/www.istitutogalanteoliva.it\/magazine\/2020\/01\/16\/percorsi-di-vita-guarire-lanima-dalle-cicatrici-del-cancro-al-seno\/\"},\"author\":{\"name\":\"admin\",\"@id\":\"https:\/\/www.istitutogalanteoliva.it\/magazine\/#\/schema\/person\/72e8141246542ebcf905456f5dbd4c49\"},\"headline\":\"\u201cPERCORSI DI VITA\u201d: Guarire l\u2019anima dalle cicatrici del cancro al seno\",\"datePublished\":\"2020-01-16T15:03:26+00:00\",\"dateModified\":\"2020-01-16T15:03:29+00:00\",\"mainEntityOfPage\":{\"@id\":\"https:\/\/www.istitutogalanteoliva.it\/magazine\/2020\/01\/16\/percorsi-di-vita-guarire-lanima-dalle-cicatrici-del-cancro-al-seno\/\"},\"wordCount\":463,\"commentCount\":0,\"publisher\":{\"@id\":\"https:\/\/www.istitutogalanteoliva.it\/magazine\/#organization\"},\"image\":{\"@id\":\"https:\/\/www.istitutogalanteoliva.it\/magazine\/2020\/01\/16\/percorsi-di-vita-guarire-lanima-dalle-cicatrici-del-cancro-al-seno\/#primaryimage\"},\"thumbnailUrl\":\"https:\/\/www.istitutogalanteoliva.it\/magazine\/wp-content\/uploads\/2020\/01\/PDV-bro-4-ante-def2020-STAMPA_page-0001.jpg\",\"articleSection\":[\"2020\",\"Cultura e Societ\u00e0\"],\"inLanguage\":\"it-IT\",\"potentialAction\":[{\"@type\":\"CommentAction\",\"name\":\"Comment\",\"target\":[\"https:\/\/www.istitutogalanteoliva.it\/magazine\/2020\/01\/16\/percorsi-di-vita-guarire-lanima-dalle-cicatrici-del-cancro-al-seno\/#respond\"]}]},{\"@type\":\"WebPage\",\"@id\":\"https:\/\/www.istitutogalanteoliva.it\/magazine\/2020\/01\/16\/percorsi-di-vita-guarire-lanima-dalle-cicatrici-del-cancro-al-seno\/\",\"url\":\"https:\/\/www.istitutogalanteoliva.it\/magazine\/2020\/01\/16\/percorsi-di-vita-guarire-lanima-dalle-cicatrici-del-cancro-al-seno\/\",\"name\":\"\u201cPERCORSI DI VITA\u201d: Guarire l\u2019anima dalle cicatrici del cancro al seno - Polis SA Magazine\",\"isPartOf\":{\"@id\":\"https:\/\/www.istitutogalanteoliva.it\/magazine\/#website\"},\"primaryImageOfPage\":{\"@id\":\"https:\/\/www.istitutogalanteoliva.it\/magazine\/2020\/01\/16\/percorsi-di-vita-guarire-lanima-dalle-cicatrici-del-cancro-al-seno\/#primaryimage\"},\"image\":{\"@id\":\"https:\/\/www.istitutogalanteoliva.it\/magazine\/2020\/01\/16\/percorsi-di-vita-guarire-lanima-dalle-cicatrici-del-cancro-al-seno\/#primaryimage\"},\"thumbnailUrl\":\"https:\/\/www.istitutogalanteoliva.it\/magazine\/wp-content\/uploads\/2020\/01\/PDV-bro-4-ante-def2020-STAMPA_page-0001.jpg\",\"datePublished\":\"2020-01-16T15:03:26+00:00\",\"dateModified\":\"2020-01-16T15:03:29+00:00\",\"breadcrumb\":{\"@id\":\"https:\/\/www.istitutogalanteoliva.it\/magazine\/2020\/01\/16\/percorsi-di-vita-guarire-lanima-dalle-cicatrici-del-cancro-al-seno\/#breadcrumb\"},\"inLanguage\":\"it-IT\",\"potentialAction\":[{\"@type\":\"ReadAction\",\"target\":[\"https:\/\/www.istitutogalanteoliva.it\/magazine\/2020\/01\/16\/percorsi-di-vita-guarire-lanima-dalle-cicatrici-del-cancro-al-seno\/\"]}]},{\"@type\":\"ImageObject\",\"inLanguage\":\"it-IT\",\"@id\":\"https:\/\/www.istitutogalanteoliva.it\/magazine\/2020\/01\/16\/percorsi-di-vita-guarire-lanima-dalle-cicatrici-del-cancro-al-seno\/#primaryimage\",\"url\":\"https:\/\/www.istitutogalanteoliva.it\/magazine\/wp-content\/uploads\/2020\/01\/PDV-bro-4-ante-def2020-STAMPA_page-0001.jpg\",\"contentUrl\":\"https:\/\/www.istitutogalanteoliva.it\/magazine\/wp-content\/uploads\/2020\/01\/PDV-bro-4-ante-def2020-STAMPA_page-0001.jpg\",\"width\":2369,\"height\":1276},{\"@type\":\"BreadcrumbList\",\"@id\":\"https:\/\/www.istitutogalanteoliva.it\/magazine\/2020\/01\/16\/percorsi-di-vita-guarire-lanima-dalle-cicatrici-del-cancro-al-seno\/#breadcrumb\",\"itemListElement\":[{\"@type\":\"ListItem\",\"position\":1,\"name\":\"Home\",\"item\":\"https:\/\/www.istitutogalanteoliva.it\/magazine\/\"},{\"@type\":\"ListItem\",\"position\":2,\"name\":\"\u201cPERCORSI DI VITA\u201d: Guarire l\u2019anima dalle cicatrici del cancro al seno\"}]},{\"@type\":\"WebSite\",\"@id\":\"https:\/\/www.istitutogalanteoliva.it\/magazine\/#website\",\"url\":\"https:\/\/www.istitutogalanteoliva.it\/magazine\/\",\"name\":\"POLIS SA MAGAZINE\",\"description\":\"Informazione e approfondimenti\",\"publisher\":{\"@id\":\"https:\/\/www.istitutogalanteoliva.it\/magazine\/#organization\"},\"potentialAction\":[{\"@type\":\"SearchAction\",\"target\":{\"@type\":\"EntryPoint\",\"urlTemplate\":\"https:\/\/www.istitutogalanteoliva.it\/magazine\/?s={search_term_string}\"},\"query-input\":{\"@type\":\"PropertyValueSpecification\",\"valueRequired\":true,\"valueName\":\"search_term_string\"}}],\"inLanguage\":\"it-IT\"},{\"@type\":\"Organization\",\"@id\":\"https:\/\/www.istitutogalanteoliva.it\/magazine\/#organization\",\"name\":\"Polis SA Magazine\",\"url\":\"https:\/\/www.istitutogalanteoliva.it\/magazine\/\",\"logo\":{\"@type\":\"ImageObject\",\"inLanguage\":\"it-IT\",\"@id\":\"https:\/\/www.istitutogalanteoliva.it\/magazine\/#\/schema\/logo\/image\/\",\"url\":\"\",\"contentUrl\":\"\",\"caption\":\"Polis SA Magazine\"},\"image\":{\"@id\":\"https:\/\/www.istitutogalanteoliva.it\/magazine\/#\/schema\/logo\/image\/\"},\"sameAs\":[\"https:\/\/www.facebook.com\/PolisSAMagazine\/\",\"https:\/\/x.com\/MagazinePolis\",\"https:\/\/www.youtube.com\/channel\/UCv0Mr5AHKUmsc0sEEXkJrgw\"]},{\"@type\":\"Person\",\"@id\":\"https:\/\/www.istitutogalanteoliva.it\/magazine\/#\/schema\/person\/72e8141246542ebcf905456f5dbd4c49\",\"name\":\"admin\",\"image\":{\"@type\":\"ImageObject\",\"inLanguage\":\"it-IT\",\"@id\":\"https:\/\/www.istitutogalanteoliva.it\/magazine\/#\/schema\/person\/image\/\",\"url\":\"https:\/\/secure.gravatar.com\/avatar\/07059cc99eeb1edd29e138d1812e69ec?s=96&d=mm&r=g\",\"contentUrl\":\"https:\/\/secure.gravatar.com\/avatar\/07059cc99eeb1edd29e138d1812e69ec?s=96&d=mm&r=g\",\"caption\":\"admin\"},\"url\":\"https:\/\/www.istitutogalanteoliva.it\/magazine\/author\/admin\/\"}]}<\/script>\n<!-- \/ Yoast SEO plugin. -->","yoast_head_json":{"title":"\u201cPERCORSI DI VITA\u201d: Guarire l\u2019anima dalle cicatrici del cancro al seno - Polis SA Magazine","robots":{"index":"index","follow":"follow","max-snippet":"max-snippet:-1","max-image-preview":"max-image-preview:large","max-video-preview":"max-video-preview:-1"},"canonical":"https:\/\/www.istitutogalanteoliva.it\/magazine\/2020\/01\/16\/percorsi-di-vita-guarire-lanima-dalle-cicatrici-del-cancro-al-seno\/","og_locale":"it_IT","og_type":"article","og_title":"\u201cPERCORSI DI VITA\u201d: Guarire l\u2019anima dalle cicatrici del cancro al seno - Polis SA Magazine","og_description":"L\u2019associazione Underforty Women Breast Care Onlus, insieme con i ricercatori dell\u2019Universit\u00e0 La Sapienza di Roma,","og_url":"https:\/\/www.istitutogalanteoliva.it\/magazine\/2020\/01\/16\/percorsi-di-vita-guarire-lanima-dalle-cicatrici-del-cancro-al-seno\/","og_site_name":"Polis SA Magazine","article_publisher":"https:\/\/www.facebook.com\/PolisSAMagazine\/","article_published_time":"2020-01-16T15:03:26+00:00","article_modified_time":"2020-01-16T15:03:29+00:00","og_image":[{"width":2369,"height":1276,"url":"https:\/\/www.istitutogalanteoliva.it\/magazine\/wp-content\/uploads\/2020\/01\/PDV-bro-4-ante-def2020-STAMPA_page-0001.jpg","type":"image\/jpeg"}],"author":"admin","twitter_card":"summary_large_image","twitter_creator":"@MagazinePolis","twitter_site":"@MagazinePolis","twitter_misc":{"Scritto da":"admin","Tempo di lettura stimato":"2 minuti"},"schema":{"@context":"https:\/\/schema.org","@graph":[{"@type":"Article","@id":"https:\/\/www.istitutogalanteoliva.it\/magazine\/2020\/01\/16\/percorsi-di-vita-guarire-lanima-dalle-cicatrici-del-cancro-al-seno\/#article","isPartOf":{"@id":"https:\/\/www.istitutogalanteoliva.it\/magazine\/2020\/01\/16\/percorsi-di-vita-guarire-lanima-dalle-cicatrici-del-cancro-al-seno\/"},"author":{"name":"admin","@id":"https:\/\/www.istitutogalanteoliva.it\/magazine\/#\/schema\/person\/72e8141246542ebcf905456f5dbd4c49"},"headline":"\u201cPERCORSI DI VITA\u201d: Guarire l\u2019anima dalle cicatrici del cancro al seno","datePublished":"2020-01-16T15:03:26+00:00","dateModified":"2020-01-16T15:03:29+00:00","mainEntityOfPage":{"@id":"https:\/\/www.istitutogalanteoliva.it\/magazine\/2020\/01\/16\/percorsi-di-vita-guarire-lanima-dalle-cicatrici-del-cancro-al-seno\/"},"wordCount":463,"commentCount":0,"publisher":{"@id":"https:\/\/www.istitutogalanteoliva.it\/magazine\/#organization"},"image":{"@id":"https:\/\/www.istitutogalanteoliva.it\/magazine\/2020\/01\/16\/percorsi-di-vita-guarire-lanima-dalle-cicatrici-del-cancro-al-seno\/#primaryimage"},"thumbnailUrl":"https:\/\/www.istitutogalanteoliva.it\/magazine\/wp-content\/uploads\/2020\/01\/PDV-bro-4-ante-def2020-STAMPA_page-0001.jpg","articleSection":["2020","Cultura e Societ\u00e0"],"inLanguage":"it-IT","potentialAction":[{"@type":"CommentAction","name":"Comment","target":["https:\/\/www.istitutogalanteoliva.it\/magazine\/2020\/01\/16\/percorsi-di-vita-guarire-lanima-dalle-cicatrici-del-cancro-al-seno\/#respond"]}]},{"@type":"WebPage","@id":"https:\/\/www.istitutogalanteoliva.it\/magazine\/2020\/01\/16\/percorsi-di-vita-guarire-lanima-dalle-cicatrici-del-cancro-al-seno\/","url":"https:\/\/www.istitutogalanteoliva.it\/magazine\/2020\/01\/16\/percorsi-di-vita-guarire-lanima-dalle-cicatrici-del-cancro-al-seno\/","name":"\u201cPERCORSI DI VITA\u201d: Guarire l\u2019anima dalle cicatrici del cancro al seno - Polis SA Magazine","isPartOf":{"@id":"https:\/\/www.istitutogalanteoliva.it\/magazine\/#website"},"primaryImageOfPage":{"@id":"https:\/\/www.istitutogalanteoliva.it\/magazine\/2020\/01\/16\/percorsi-di-vita-guarire-lanima-dalle-cicatrici-del-cancro-al-seno\/#primaryimage"},"image":{"@id":"https:\/\/www.istitutogalanteoliva.it\/magazine\/2020\/01\/16\/percorsi-di-vita-guarire-lanima-dalle-cicatrici-del-cancro-al-seno\/#primaryimage"},"thumbnailUrl":"https:\/\/www.istitutogalanteoliva.it\/magazine\/wp-content\/uploads\/2020\/01\/PDV-bro-4-ante-def2020-STAMPA_page-0001.jpg","datePublished":"2020-01-16T15:03:26+00:00","dateModified":"2020-01-16T15:03:29+00:00","breadcrumb":{"@id":"https:\/\/www.istitutogalanteoliva.it\/magazine\/2020\/01\/16\/percorsi-di-vita-guarire-lanima-dalle-cicatrici-del-cancro-al-seno\/#breadcrumb"},"inLanguage":"it-IT","potentialAction":[{"@type":"ReadAction","target":["https:\/\/www.istitutogalanteoliva.it\/magazine\/2020\/01\/16\/percorsi-di-vita-guarire-lanima-dalle-cicatrici-del-cancro-al-seno\/"]}]},{"@type":"ImageObject","inLanguage":"it-IT","@id":"https:\/\/www.istitutogalanteoliva.it\/magazine\/2020\/01\/16\/percorsi-di-vita-guarire-lanima-dalle-cicatrici-del-cancro-al-seno\/#primaryimage","url":"https:\/\/www.istitutogalanteoliva.it\/magazine\/wp-content\/uploads\/2020\/01\/PDV-bro-4-ante-def2020-STAMPA_page-0001.jpg","contentUrl":"https:\/\/www.istitutogalanteoliva.it\/magazine\/wp-content\/uploads\/2020\/01\/PDV-bro-4-ante-def2020-STAMPA_page-0001.jpg","width":2369,"height":1276},{"@type":"BreadcrumbList","@id":"https:\/\/www.istitutogalanteoliva.it\/magazine\/2020\/01\/16\/percorsi-di-vita-guarire-lanima-dalle-cicatrici-del-cancro-al-seno\/#breadcrumb","itemListElement":[{"@type":"ListItem","position":1,"name":"Home","item":"https:\/\/www.istitutogalanteoliva.it\/magazine\/"},{"@type":"ListItem","position":2,"name":"\u201cPERCORSI DI VITA\u201d: Guarire l\u2019anima dalle cicatrici del cancro al seno"}]},{"@type":"WebSite","@id":"https:\/\/www.istitutogalanteoliva.it\/magazine\/#website","url":"https:\/\/www.istitutogalanteoliva.it\/magazine\/","name":"POLIS SA MAGAZINE","description":"Informazione e approfondimenti","publisher":{"@id":"https:\/\/www.istitutogalanteoliva.it\/magazine\/#organization"},"potentialAction":[{"@type":"SearchAction","target":{"@type":"EntryPoint","urlTemplate":"https:\/\/www.istitutogalanteoliva.it\/magazine\/?s={search_term_string}"},"query-input":{"@type":"PropertyValueSpecification","valueRequired":true,"valueName":"search_term_string"}}],"inLanguage":"it-IT"},{"@type":"Organization","@id":"https:\/\/www.istitutogalanteoliva.it\/magazine\/#organization","name":"Polis SA Magazine","url":"https:\/\/www.istitutogalanteoliva.it\/magazine\/","logo":{"@type":"ImageObject","inLanguage":"it-IT","@id":"https:\/\/www.istitutogalanteoliva.it\/magazine\/#\/schema\/logo\/image\/","url":"","contentUrl":"","caption":"Polis SA Magazine"},"image":{"@id":"https:\/\/www.istitutogalanteoliva.it\/magazine\/#\/schema\/logo\/image\/"},"sameAs":["https:\/\/www.facebook.com\/PolisSAMagazine\/","https:\/\/x.com\/MagazinePolis","https:\/\/www.youtube.com\/channel\/UCv0Mr5AHKUmsc0sEEXkJrgw"]},{"@type":"Person","@id":"https:\/\/www.istitutogalanteoliva.it\/magazine\/#\/schema\/person\/72e8141246542ebcf905456f5dbd4c49","name":"admin","image":{"@type":"ImageObject","inLanguage":"it-IT","@id":"https:\/\/www.istitutogalanteoliva.it\/magazine\/#\/schema\/person\/image\/","url":"https:\/\/secure.gravatar.com\/avatar\/07059cc99eeb1edd29e138d1812e69ec?s=96&d=mm&r=g","contentUrl":"https:\/\/secure.gravatar.com\/avatar\/07059cc99eeb1edd29e138d1812e69ec?s=96&d=mm&r=g","caption":"admin"},"url":"https:\/\/www.istitutogalanteoliva.it\/magazine\/author\/admin\/"}]}},"_links":{"self":[{"href":"https:\/\/www.istitutogalanteoliva.it\/magazine\/wp-json\/wp\/v2\/posts\/1929","targetHints":{"allow":["GET"]}}],"collection":[{"href":"https:\/\/www.istitutogalanteoliva.it\/magazine\/wp-json\/wp\/v2\/posts"}],"about":[{"href":"https:\/\/www.istitutogalanteoliva.it\/magazine\/wp-json\/wp\/v2\/types\/post"}],"author":[{"embeddable":true,"href":"https:\/\/www.istitutogalanteoliva.it\/magazine\/wp-json\/wp\/v2\/users\/1"}],"replies":[{"embeddable":true,"href":"https:\/\/www.istitutogalanteoliva.it\/magazine\/wp-json\/wp\/v2\/comments?post=1929"}],"version-history":[{"count":1,"href":"https:\/\/www.istitutogalanteoliva.it\/magazine\/wp-json\/wp\/v2\/posts\/1929\/revisions"}],"predecessor-version":[{"id":1931,"href":"https:\/\/www.istitutogalanteoliva.it\/magazine\/wp-json\/wp\/v2\/posts\/1929\/revisions\/1931"}],"wp:featuredmedia":[{"embeddable":true,"href":"https:\/\/www.istitutogalanteoliva.it\/magazine\/wp-json\/wp\/v2\/media\/1930"}],"wp:attachment":[{"href":"https:\/\/www.istitutogalanteoliva.it\/magazine\/wp-json\/wp\/v2\/media?parent=1929"}],"wp:term":[{"taxonomy":"category","embeddable":true,"href":"https:\/\/www.istitutogalanteoliva.it\/magazine\/wp-json\/wp\/v2\/categories?post=1929"},{"taxonomy":"post_tag","embeddable":true,"href":"https:\/\/www.istitutogalanteoliva.it\/magazine\/wp-json\/wp\/v2\/tags?post=1929"}],"curies":[{"name":"wp","href":"https:\/\/api.w.org\/{rel}","templated":true}]}}