{"id":1935,"date":"2020-01-17T12:00:10","date_gmt":"2020-01-17T11:00:10","guid":{"rendered":"http:\/\/www.edizionipolis.it\/magazine\/?p=1935"},"modified":"2020-01-17T11:43:17","modified_gmt":"2020-01-17T10:43:17","slug":"pagani-treatro-di-scena-allauditorium-s-alfonso-maria-de-liguori","status":"publish","type":"post","link":"https:\/\/www.istitutogalanteoliva.it\/magazine\/2020\/01\/17\/pagani-treatro-di-scena-allauditorium-s-alfonso-maria-de-liguori\/","title":{"rendered":"PAGANI, \u201cTRE\u2026ATRO\u201d DI SCENA ALL\u2019AUDITORIUM S. ALFONSO MARIA DE&#8217; LIGUORI"},"content":{"rendered":"\n<p>Stasera,\nvenerd\u00ec 17 gennaio alle ore 20:30, l\u2019associazione culturale \u201cKoru\u201d e la\ncompagnia di teatro amatoriale \u201cAmici a Teatro\u201d presentano \u201cTre\u2026atro\u201d, una\nkermesse di tre commedie, all\u2019auditorium Sant\u2019Alfonso Maria De&#8217; Liguori a\nPagani. <\/p>\n\n\n\n<p>I\ngiovani attori di \u201cKoru\u201d, al loro quinto anno di attivit\u00e0 teatrale,\ninterpreteranno due opere di Eduardo De Filippo: \u201cAmicizia\u201d e \u201cPericolosamente\u201d.<\/p>\n\n\n\n<p>\u201cAmicizia\u201d\n\u00e8 una breve commedia del 1952, i cui protagonisti sono Bartolomeo Ciaccia, sua\nsorella Carolina e Alberto Califano, interpretati rispettivamente da Nello\nPalumbo, Maria Giovanna Palumbo e Alfonso D\u2019Amato. <\/p>\n\n\n\n<p>\u00c8 la\nstoria di due amici che non si vedono da diversi anni. Alberto quando incontra\nBartolomeo scopre che quest\u2019ultimo \u00e8 ormai alla fine dei suoi giorni.\nBartolomeo ha una sorella, Carolina, che lo accudisce e tenta di esaudire tutti\ni suoi desideri. L&#8217;infermo Bartolomeo si rende odioso con il suo comportamento\ne l&#8217;amico Alberto si ritrova a dover interpretare diversi ruoli per venire\nincontro alle esigenze del malato. Nel finale, Alberto per\u00f2 scoprir\u00e0 che il suo\nfiglio primogenito \u00e8 nato da una relazione della moglie con Bartolomeo.<\/p>\n\n\n\n<p>Invece,\n\u201cPericolosamente\u201d \u00e8 una commedia in un atto unico scritta nel 1938. <\/p>\n\n\n\n<p>Maria\nGiovanna Palumbo interpreter\u00e0 <em>Dorotea<\/em>,\nNello Palumbo sar\u00e0 suo marito <em>Arturo,<\/em>\ned Alfonso D\u2019Amato vestir\u00e0 gli abiti di <em>Michele<\/em>,\namico di Arturo. <\/p>\n\n\n\n<p>Michele\nha lavorato per 15 anni negli Stati Uniti d&#8217;America ma la compagnia per cui\nlavora ha deciso di trasferirlo a Napoli. Michele quindi \u00e8 in cerca di una\ncamera in affitto e Arturo, suo vecchio amico, decide di ospitarlo in casa\npropria. Gli d\u00e0 appuntamento per fargli vedere la stanza ma ad attenderlo,\ntrova la moglie di Arturo, Dorotea, una donna sciocca e capricciosa.<\/p>\n\n\n\n<p>Dorotea\nconfessa a Michele che il marito, ogni giorno, le spara con una rivoltella nei\nmomenti d&#8217;ira e sostiene che, dal giorno stesso del matrimonio, Arturo tenta di\nassassinarla a colpi di pistola, per\u00f2, per due anni \u00e8 sempre stata miracolata,\nsfuggendo misteriosamente alla mira del marito.<\/p>\n\n\n\n<p>Nel\nfinale, Michele comprender\u00e0 come mai Arturo \u00e8 solito sparare alla moglie e\nperch\u00e9 Dorotea non riportava mai ferite. <\/p>\n\n\n\n<p>Chiuder\u00e0\nla triade di opere, \u201cNatale Affunzino\u201d, una rappresentazione scritta a quattro\nmani da Alfonso Giannattasio e da Antonio Avigliano che \u00e8 la messa in scena dell&#8217;incontro\ntra Razzullo e Sarchiapone, due personaggi napoletanissimi, interpretati dallo\nstesso Giannattasio e da Rosario Battinelli. <\/p>\n\n\n\n<p>Il\npresidente dell\u2019Associazione culturale \u201cKoru\u201d, Alfonso D\u2019Amato afferma: \u00ab<em>noi\ngiovani di Koru rimaniamo molto affezionati alle vecchie tradizioni e\nprobabilmente, tra tutte le nostre attivit\u00e0 il teatro \u00e8 la pi\u00f9 longeva. Ci\nimpegneremo per regalare una serata all\u2019insegna del divertimento<\/em>\u00bb. <\/p>\n\n\n\n<p>Anche\nil responsabile della compagnia di teatro amatoriale \u201cAmici a Teatro\u201d, Alfonso\nGiannattasio, dichiara: \u00ab<em>le associazioni che si attivano per il territorio\nvanno aiutate, anche attraverso la realizzazione di eventi di\nautofinanziamento, e quindi ho sposato con piacere la collaborazione con\nl&#8217;associazione Koru, cos\u00ec come gi\u00e0 fatto in passato con altre realt\u00e0 del\nterritorio<\/em>\u00bb.<\/p>\n\n\n\n<p>\u201cTre\u2026atro\u201d \u00e8 il frutto della sinergia tra due realt\u00e0 associative che, accomunate dalla passione per l\u2019arte teatrale, uniscono le proprie forze per offrire un\u2019opportunit\u00e0 che consente una maggiore aggregazione sociale e per promuovere la crescita culturale nella comunit\u00e0, non tralasciando il giusto divertimento goliardico. <\/p>\n\n\n\n<p style=\"text-align:right\"><em>Vincenzo P. Sellitto<\/em><\/p>\n<div class=\"pdfprnt-buttons pdfprnt-buttons-post pdfprnt-bottom-left\"><a href=\"https:\/\/www.istitutogalanteoliva.it\/magazine\/wp-json\/wp\/v2\/posts\/1935?print=print\" class=\"pdfprnt-button pdfprnt-button-print\" target=\"_blank\"><img decoding=\"async\" src=\"https:\/\/www.istitutogalanteoliva.it\/magazine\/wp-content\/plugins\/pdf-print\/images\/print.png\" alt=\"image_print\" title=\"Stampa contenuto\" \/><span class=\"pdfprnt-button-title pdfprnt-button-print-title\">Download in PDF<\/span><\/a><\/div>","protected":false},"excerpt":{"rendered":"<p>Stasera, venerd\u00ec 17 gennaio alle ore 20:30, l\u2019associazione culturale \u201cKoru\u201d e la compagnia di teatro<\/p>\n","protected":false},"author":1,"featured_media":1936,"comment_status":"open","ping_status":"open","sticky":false,"template":"","format":"standard","meta":{"footnotes":""},"categories":[34,7],"tags":[],"class_list":["post-1935","post","type-post","status-publish","format-standard","has-post-thumbnail","hentry","category-34","category-arte_e_spettacolo"],"yoast_head":"<!-- This site is optimized with the Yoast SEO plugin v24.2 - https:\/\/yoast.com\/wordpress\/plugins\/seo\/ -->\n<title>PAGANI, \u201cTRE\u2026ATRO\u201d DI SCENA ALL\u2019AUDITORIUM S. ALFONSO MARIA DE&#039; LIGUORI - Polis SA Magazine<\/title>\n<meta name=\"robots\" content=\"index, follow, max-snippet:-1, max-image-preview:large, max-video-preview:-1\" \/>\n<link rel=\"canonical\" href=\"https:\/\/www.istitutogalanteoliva.it\/magazine\/2020\/01\/17\/pagani-treatro-di-scena-allauditorium-s-alfonso-maria-de-liguori\/\" \/>\n<meta property=\"og:locale\" content=\"it_IT\" \/>\n<meta property=\"og:type\" content=\"article\" \/>\n<meta property=\"og:title\" content=\"PAGANI, \u201cTRE\u2026ATRO\u201d DI SCENA ALL\u2019AUDITORIUM S. ALFONSO MARIA DE&#039; LIGUORI - Polis SA Magazine\" \/>\n<meta property=\"og:description\" content=\"Stasera, venerd\u00ec 17 gennaio alle ore 20:30, l\u2019associazione culturale \u201cKoru\u201d e la compagnia di teatro\" \/>\n<meta property=\"og:url\" content=\"https:\/\/www.istitutogalanteoliva.it\/magazine\/2020\/01\/17\/pagani-treatro-di-scena-allauditorium-s-alfonso-maria-de-liguori\/\" \/>\n<meta property=\"og:site_name\" content=\"Polis SA Magazine\" \/>\n<meta property=\"article:publisher\" content=\"https:\/\/www.facebook.com\/PolisSAMagazine\/\" \/>\n<meta property=\"article:published_time\" content=\"2020-01-17T11:00:10+00:00\" \/>\n<meta property=\"article:modified_time\" content=\"2020-01-17T10:43:17+00:00\" \/>\n<meta property=\"og:image\" content=\"https:\/\/www.istitutogalanteoliva.it\/magazine\/wp-content\/uploads\/2020\/01\/Tre...atro-locandina.jpg\" \/>\n\t<meta property=\"og:image:width\" content=\"960\" \/>\n\t<meta property=\"og:image:height\" content=\"960\" \/>\n\t<meta property=\"og:image:type\" content=\"image\/jpeg\" \/>\n<meta name=\"author\" content=\"admin\" \/>\n<meta name=\"twitter:card\" content=\"summary_large_image\" \/>\n<meta name=\"twitter:creator\" content=\"@MagazinePolis\" \/>\n<meta name=\"twitter:site\" content=\"@MagazinePolis\" \/>\n<meta name=\"twitter:label1\" content=\"Scritto da\" \/>\n\t<meta name=\"twitter:data1\" content=\"admin\" \/>\n\t<meta name=\"twitter:label2\" content=\"Tempo di lettura stimato\" \/>\n\t<meta name=\"twitter:data2\" content=\"3 minuti\" \/>\n<script type=\"application\/ld+json\" class=\"yoast-schema-graph\">{\"@context\":\"https:\/\/schema.org\",\"@graph\":[{\"@type\":\"Article\",\"@id\":\"https:\/\/www.istitutogalanteoliva.it\/magazine\/2020\/01\/17\/pagani-treatro-di-scena-allauditorium-s-alfonso-maria-de-liguori\/#article\",\"isPartOf\":{\"@id\":\"https:\/\/www.istitutogalanteoliva.it\/magazine\/2020\/01\/17\/pagani-treatro-di-scena-allauditorium-s-alfonso-maria-de-liguori\/\"},\"author\":{\"name\":\"admin\",\"@id\":\"https:\/\/www.istitutogalanteoliva.it\/magazine\/#\/schema\/person\/72e8141246542ebcf905456f5dbd4c49\"},\"headline\":\"PAGANI, \u201cTRE\u2026ATRO\u201d DI SCENA ALL\u2019AUDITORIUM S. ALFONSO MARIA DE&#8217; LIGUORI\",\"datePublished\":\"2020-01-17T11:00:10+00:00\",\"dateModified\":\"2020-01-17T10:43:17+00:00\",\"mainEntityOfPage\":{\"@id\":\"https:\/\/www.istitutogalanteoliva.it\/magazine\/2020\/01\/17\/pagani-treatro-di-scena-allauditorium-s-alfonso-maria-de-liguori\/\"},\"wordCount\":530,\"commentCount\":0,\"publisher\":{\"@id\":\"https:\/\/www.istitutogalanteoliva.it\/magazine\/#organization\"},\"image\":{\"@id\":\"https:\/\/www.istitutogalanteoliva.it\/magazine\/2020\/01\/17\/pagani-treatro-di-scena-allauditorium-s-alfonso-maria-de-liguori\/#primaryimage\"},\"thumbnailUrl\":\"https:\/\/www.istitutogalanteoliva.it\/magazine\/wp-content\/uploads\/2020\/01\/Tre...atro-locandina.jpg\",\"articleSection\":[\"2020\",\"Arte e Spettacolo\"],\"inLanguage\":\"it-IT\",\"potentialAction\":[{\"@type\":\"CommentAction\",\"name\":\"Comment\",\"target\":[\"https:\/\/www.istitutogalanteoliva.it\/magazine\/2020\/01\/17\/pagani-treatro-di-scena-allauditorium-s-alfonso-maria-de-liguori\/#respond\"]}]},{\"@type\":\"WebPage\",\"@id\":\"https:\/\/www.istitutogalanteoliva.it\/magazine\/2020\/01\/17\/pagani-treatro-di-scena-allauditorium-s-alfonso-maria-de-liguori\/\",\"url\":\"https:\/\/www.istitutogalanteoliva.it\/magazine\/2020\/01\/17\/pagani-treatro-di-scena-allauditorium-s-alfonso-maria-de-liguori\/\",\"name\":\"PAGANI, \u201cTRE\u2026ATRO\u201d DI SCENA ALL\u2019AUDITORIUM S. ALFONSO MARIA DE' LIGUORI - Polis SA Magazine\",\"isPartOf\":{\"@id\":\"https:\/\/www.istitutogalanteoliva.it\/magazine\/#website\"},\"primaryImageOfPage\":{\"@id\":\"https:\/\/www.istitutogalanteoliva.it\/magazine\/2020\/01\/17\/pagani-treatro-di-scena-allauditorium-s-alfonso-maria-de-liguori\/#primaryimage\"},\"image\":{\"@id\":\"https:\/\/www.istitutogalanteoliva.it\/magazine\/2020\/01\/17\/pagani-treatro-di-scena-allauditorium-s-alfonso-maria-de-liguori\/#primaryimage\"},\"thumbnailUrl\":\"https:\/\/www.istitutogalanteoliva.it\/magazine\/wp-content\/uploads\/2020\/01\/Tre...atro-locandina.jpg\",\"datePublished\":\"2020-01-17T11:00:10+00:00\",\"dateModified\":\"2020-01-17T10:43:17+00:00\",\"breadcrumb\":{\"@id\":\"https:\/\/www.istitutogalanteoliva.it\/magazine\/2020\/01\/17\/pagani-treatro-di-scena-allauditorium-s-alfonso-maria-de-liguori\/#breadcrumb\"},\"inLanguage\":\"it-IT\",\"potentialAction\":[{\"@type\":\"ReadAction\",\"target\":[\"https:\/\/www.istitutogalanteoliva.it\/magazine\/2020\/01\/17\/pagani-treatro-di-scena-allauditorium-s-alfonso-maria-de-liguori\/\"]}]},{\"@type\":\"ImageObject\",\"inLanguage\":\"it-IT\",\"@id\":\"https:\/\/www.istitutogalanteoliva.it\/magazine\/2020\/01\/17\/pagani-treatro-di-scena-allauditorium-s-alfonso-maria-de-liguori\/#primaryimage\",\"url\":\"https:\/\/www.istitutogalanteoliva.it\/magazine\/wp-content\/uploads\/2020\/01\/Tre...atro-locandina.jpg\",\"contentUrl\":\"https:\/\/www.istitutogalanteoliva.it\/magazine\/wp-content\/uploads\/2020\/01\/Tre...atro-locandina.jpg\",\"width\":960,\"height\":960},{\"@type\":\"BreadcrumbList\",\"@id\":\"https:\/\/www.istitutogalanteoliva.it\/magazine\/2020\/01\/17\/pagani-treatro-di-scena-allauditorium-s-alfonso-maria-de-liguori\/#breadcrumb\",\"itemListElement\":[{\"@type\":\"ListItem\",\"position\":1,\"name\":\"Home\",\"item\":\"https:\/\/www.istitutogalanteoliva.it\/magazine\/\"},{\"@type\":\"ListItem\",\"position\":2,\"name\":\"PAGANI, \u201cTRE\u2026ATRO\u201d DI SCENA ALL\u2019AUDITORIUM S. ALFONSO MARIA DE&#8217; LIGUORI\"}]},{\"@type\":\"WebSite\",\"@id\":\"https:\/\/www.istitutogalanteoliva.it\/magazine\/#website\",\"url\":\"https:\/\/www.istitutogalanteoliva.it\/magazine\/\",\"name\":\"POLIS SA MAGAZINE\",\"description\":\"Informazione e approfondimenti\",\"publisher\":{\"@id\":\"https:\/\/www.istitutogalanteoliva.it\/magazine\/#organization\"},\"potentialAction\":[{\"@type\":\"SearchAction\",\"target\":{\"@type\":\"EntryPoint\",\"urlTemplate\":\"https:\/\/www.istitutogalanteoliva.it\/magazine\/?s={search_term_string}\"},\"query-input\":{\"@type\":\"PropertyValueSpecification\",\"valueRequired\":true,\"valueName\":\"search_term_string\"}}],\"inLanguage\":\"it-IT\"},{\"@type\":\"Organization\",\"@id\":\"https:\/\/www.istitutogalanteoliva.it\/magazine\/#organization\",\"name\":\"Polis SA Magazine\",\"url\":\"https:\/\/www.istitutogalanteoliva.it\/magazine\/\",\"logo\":{\"@type\":\"ImageObject\",\"inLanguage\":\"it-IT\",\"@id\":\"https:\/\/www.istitutogalanteoliva.it\/magazine\/#\/schema\/logo\/image\/\",\"url\":\"\",\"contentUrl\":\"\",\"caption\":\"Polis SA Magazine\"},\"image\":{\"@id\":\"https:\/\/www.istitutogalanteoliva.it\/magazine\/#\/schema\/logo\/image\/\"},\"sameAs\":[\"https:\/\/www.facebook.com\/PolisSAMagazine\/\",\"https:\/\/x.com\/MagazinePolis\",\"https:\/\/www.youtube.com\/channel\/UCv0Mr5AHKUmsc0sEEXkJrgw\"]},{\"@type\":\"Person\",\"@id\":\"https:\/\/www.istitutogalanteoliva.it\/magazine\/#\/schema\/person\/72e8141246542ebcf905456f5dbd4c49\",\"name\":\"admin\",\"image\":{\"@type\":\"ImageObject\",\"inLanguage\":\"it-IT\",\"@id\":\"https:\/\/www.istitutogalanteoliva.it\/magazine\/#\/schema\/person\/image\/\",\"url\":\"https:\/\/secure.gravatar.com\/avatar\/07059cc99eeb1edd29e138d1812e69ec?s=96&d=mm&r=g\",\"contentUrl\":\"https:\/\/secure.gravatar.com\/avatar\/07059cc99eeb1edd29e138d1812e69ec?s=96&d=mm&r=g\",\"caption\":\"admin\"},\"url\":\"https:\/\/www.istitutogalanteoliva.it\/magazine\/author\/admin\/\"}]}<\/script>\n<!-- \/ Yoast SEO plugin. -->","yoast_head_json":{"title":"PAGANI, \u201cTRE\u2026ATRO\u201d DI SCENA ALL\u2019AUDITORIUM S. ALFONSO MARIA DE' LIGUORI - Polis SA Magazine","robots":{"index":"index","follow":"follow","max-snippet":"max-snippet:-1","max-image-preview":"max-image-preview:large","max-video-preview":"max-video-preview:-1"},"canonical":"https:\/\/www.istitutogalanteoliva.it\/magazine\/2020\/01\/17\/pagani-treatro-di-scena-allauditorium-s-alfonso-maria-de-liguori\/","og_locale":"it_IT","og_type":"article","og_title":"PAGANI, \u201cTRE\u2026ATRO\u201d DI SCENA ALL\u2019AUDITORIUM S. ALFONSO MARIA DE' LIGUORI - Polis SA Magazine","og_description":"Stasera, venerd\u00ec 17 gennaio alle ore 20:30, l\u2019associazione culturale \u201cKoru\u201d e la compagnia di teatro","og_url":"https:\/\/www.istitutogalanteoliva.it\/magazine\/2020\/01\/17\/pagani-treatro-di-scena-allauditorium-s-alfonso-maria-de-liguori\/","og_site_name":"Polis SA Magazine","article_publisher":"https:\/\/www.facebook.com\/PolisSAMagazine\/","article_published_time":"2020-01-17T11:00:10+00:00","article_modified_time":"2020-01-17T10:43:17+00:00","og_image":[{"width":960,"height":960,"url":"https:\/\/www.istitutogalanteoliva.it\/magazine\/wp-content\/uploads\/2020\/01\/Tre...atro-locandina.jpg","type":"image\/jpeg"}],"author":"admin","twitter_card":"summary_large_image","twitter_creator":"@MagazinePolis","twitter_site":"@MagazinePolis","twitter_misc":{"Scritto da":"admin","Tempo di lettura stimato":"3 minuti"},"schema":{"@context":"https:\/\/schema.org","@graph":[{"@type":"Article","@id":"https:\/\/www.istitutogalanteoliva.it\/magazine\/2020\/01\/17\/pagani-treatro-di-scena-allauditorium-s-alfonso-maria-de-liguori\/#article","isPartOf":{"@id":"https:\/\/www.istitutogalanteoliva.it\/magazine\/2020\/01\/17\/pagani-treatro-di-scena-allauditorium-s-alfonso-maria-de-liguori\/"},"author":{"name":"admin","@id":"https:\/\/www.istitutogalanteoliva.it\/magazine\/#\/schema\/person\/72e8141246542ebcf905456f5dbd4c49"},"headline":"PAGANI, \u201cTRE\u2026ATRO\u201d DI SCENA ALL\u2019AUDITORIUM S. ALFONSO MARIA DE&#8217; LIGUORI","datePublished":"2020-01-17T11:00:10+00:00","dateModified":"2020-01-17T10:43:17+00:00","mainEntityOfPage":{"@id":"https:\/\/www.istitutogalanteoliva.it\/magazine\/2020\/01\/17\/pagani-treatro-di-scena-allauditorium-s-alfonso-maria-de-liguori\/"},"wordCount":530,"commentCount":0,"publisher":{"@id":"https:\/\/www.istitutogalanteoliva.it\/magazine\/#organization"},"image":{"@id":"https:\/\/www.istitutogalanteoliva.it\/magazine\/2020\/01\/17\/pagani-treatro-di-scena-allauditorium-s-alfonso-maria-de-liguori\/#primaryimage"},"thumbnailUrl":"https:\/\/www.istitutogalanteoliva.it\/magazine\/wp-content\/uploads\/2020\/01\/Tre...atro-locandina.jpg","articleSection":["2020","Arte e Spettacolo"],"inLanguage":"it-IT","potentialAction":[{"@type":"CommentAction","name":"Comment","target":["https:\/\/www.istitutogalanteoliva.it\/magazine\/2020\/01\/17\/pagani-treatro-di-scena-allauditorium-s-alfonso-maria-de-liguori\/#respond"]}]},{"@type":"WebPage","@id":"https:\/\/www.istitutogalanteoliva.it\/magazine\/2020\/01\/17\/pagani-treatro-di-scena-allauditorium-s-alfonso-maria-de-liguori\/","url":"https:\/\/www.istitutogalanteoliva.it\/magazine\/2020\/01\/17\/pagani-treatro-di-scena-allauditorium-s-alfonso-maria-de-liguori\/","name":"PAGANI, \u201cTRE\u2026ATRO\u201d DI SCENA ALL\u2019AUDITORIUM S. ALFONSO MARIA DE' LIGUORI - Polis SA Magazine","isPartOf":{"@id":"https:\/\/www.istitutogalanteoliva.it\/magazine\/#website"},"primaryImageOfPage":{"@id":"https:\/\/www.istitutogalanteoliva.it\/magazine\/2020\/01\/17\/pagani-treatro-di-scena-allauditorium-s-alfonso-maria-de-liguori\/#primaryimage"},"image":{"@id":"https:\/\/www.istitutogalanteoliva.it\/magazine\/2020\/01\/17\/pagani-treatro-di-scena-allauditorium-s-alfonso-maria-de-liguori\/#primaryimage"},"thumbnailUrl":"https:\/\/www.istitutogalanteoliva.it\/magazine\/wp-content\/uploads\/2020\/01\/Tre...atro-locandina.jpg","datePublished":"2020-01-17T11:00:10+00:00","dateModified":"2020-01-17T10:43:17+00:00","breadcrumb":{"@id":"https:\/\/www.istitutogalanteoliva.it\/magazine\/2020\/01\/17\/pagani-treatro-di-scena-allauditorium-s-alfonso-maria-de-liguori\/#breadcrumb"},"inLanguage":"it-IT","potentialAction":[{"@type":"ReadAction","target":["https:\/\/www.istitutogalanteoliva.it\/magazine\/2020\/01\/17\/pagani-treatro-di-scena-allauditorium-s-alfonso-maria-de-liguori\/"]}]},{"@type":"ImageObject","inLanguage":"it-IT","@id":"https:\/\/www.istitutogalanteoliva.it\/magazine\/2020\/01\/17\/pagani-treatro-di-scena-allauditorium-s-alfonso-maria-de-liguori\/#primaryimage","url":"https:\/\/www.istitutogalanteoliva.it\/magazine\/wp-content\/uploads\/2020\/01\/Tre...atro-locandina.jpg","contentUrl":"https:\/\/www.istitutogalanteoliva.it\/magazine\/wp-content\/uploads\/2020\/01\/Tre...atro-locandina.jpg","width":960,"height":960},{"@type":"BreadcrumbList","@id":"https:\/\/www.istitutogalanteoliva.it\/magazine\/2020\/01\/17\/pagani-treatro-di-scena-allauditorium-s-alfonso-maria-de-liguori\/#breadcrumb","itemListElement":[{"@type":"ListItem","position":1,"name":"Home","item":"https:\/\/www.istitutogalanteoliva.it\/magazine\/"},{"@type":"ListItem","position":2,"name":"PAGANI, \u201cTRE\u2026ATRO\u201d DI SCENA ALL\u2019AUDITORIUM S. ALFONSO MARIA DE&#8217; LIGUORI"}]},{"@type":"WebSite","@id":"https:\/\/www.istitutogalanteoliva.it\/magazine\/#website","url":"https:\/\/www.istitutogalanteoliva.it\/magazine\/","name":"POLIS SA MAGAZINE","description":"Informazione e approfondimenti","publisher":{"@id":"https:\/\/www.istitutogalanteoliva.it\/magazine\/#organization"},"potentialAction":[{"@type":"SearchAction","target":{"@type":"EntryPoint","urlTemplate":"https:\/\/www.istitutogalanteoliva.it\/magazine\/?s={search_term_string}"},"query-input":{"@type":"PropertyValueSpecification","valueRequired":true,"valueName":"search_term_string"}}],"inLanguage":"it-IT"},{"@type":"Organization","@id":"https:\/\/www.istitutogalanteoliva.it\/magazine\/#organization","name":"Polis SA Magazine","url":"https:\/\/www.istitutogalanteoliva.it\/magazine\/","logo":{"@type":"ImageObject","inLanguage":"it-IT","@id":"https:\/\/www.istitutogalanteoliva.it\/magazine\/#\/schema\/logo\/image\/","url":"","contentUrl":"","caption":"Polis SA Magazine"},"image":{"@id":"https:\/\/www.istitutogalanteoliva.it\/magazine\/#\/schema\/logo\/image\/"},"sameAs":["https:\/\/www.facebook.com\/PolisSAMagazine\/","https:\/\/x.com\/MagazinePolis","https:\/\/www.youtube.com\/channel\/UCv0Mr5AHKUmsc0sEEXkJrgw"]},{"@type":"Person","@id":"https:\/\/www.istitutogalanteoliva.it\/magazine\/#\/schema\/person\/72e8141246542ebcf905456f5dbd4c49","name":"admin","image":{"@type":"ImageObject","inLanguage":"it-IT","@id":"https:\/\/www.istitutogalanteoliva.it\/magazine\/#\/schema\/person\/image\/","url":"https:\/\/secure.gravatar.com\/avatar\/07059cc99eeb1edd29e138d1812e69ec?s=96&d=mm&r=g","contentUrl":"https:\/\/secure.gravatar.com\/avatar\/07059cc99eeb1edd29e138d1812e69ec?s=96&d=mm&r=g","caption":"admin"},"url":"https:\/\/www.istitutogalanteoliva.it\/magazine\/author\/admin\/"}]}},"_links":{"self":[{"href":"https:\/\/www.istitutogalanteoliva.it\/magazine\/wp-json\/wp\/v2\/posts\/1935","targetHints":{"allow":["GET"]}}],"collection":[{"href":"https:\/\/www.istitutogalanteoliva.it\/magazine\/wp-json\/wp\/v2\/posts"}],"about":[{"href":"https:\/\/www.istitutogalanteoliva.it\/magazine\/wp-json\/wp\/v2\/types\/post"}],"author":[{"embeddable":true,"href":"https:\/\/www.istitutogalanteoliva.it\/magazine\/wp-json\/wp\/v2\/users\/1"}],"replies":[{"embeddable":true,"href":"https:\/\/www.istitutogalanteoliva.it\/magazine\/wp-json\/wp\/v2\/comments?post=1935"}],"version-history":[{"count":1,"href":"https:\/\/www.istitutogalanteoliva.it\/magazine\/wp-json\/wp\/v2\/posts\/1935\/revisions"}],"predecessor-version":[{"id":1937,"href":"https:\/\/www.istitutogalanteoliva.it\/magazine\/wp-json\/wp\/v2\/posts\/1935\/revisions\/1937"}],"wp:featuredmedia":[{"embeddable":true,"href":"https:\/\/www.istitutogalanteoliva.it\/magazine\/wp-json\/wp\/v2\/media\/1936"}],"wp:attachment":[{"href":"https:\/\/www.istitutogalanteoliva.it\/magazine\/wp-json\/wp\/v2\/media?parent=1935"}],"wp:term":[{"taxonomy":"category","embeddable":true,"href":"https:\/\/www.istitutogalanteoliva.it\/magazine\/wp-json\/wp\/v2\/categories?post=1935"},{"taxonomy":"post_tag","embeddable":true,"href":"https:\/\/www.istitutogalanteoliva.it\/magazine\/wp-json\/wp\/v2\/tags?post=1935"}],"curies":[{"name":"wp","href":"https:\/\/api.w.org\/{rel}","templated":true}]}}