{"id":19843,"date":"2026-02-01T08:00:00","date_gmt":"2026-02-01T07:00:00","guid":{"rendered":"https:\/\/www.istitutogalanteoliva.it\/magazine\/?p=19843"},"modified":"2026-02-01T09:53:03","modified_gmt":"2026-02-01T08:53:03","slug":"il-colore-e-un-linguaggio-2-verde","status":"publish","type":"post","link":"https:\/\/www.istitutogalanteoliva.it\/magazine\/2026\/02\/01\/il-colore-e-un-linguaggio-2-verde\/","title":{"rendered":"Il colore \u00e8 un linguaggio &#8211; 2: Verde"},"content":{"rendered":"\n<p><em>Lo studio del colore interessa pi\u00f9 discipline, tutte strettamente legate ad applicazioni concrete nella vita quotidiana di ognuno di noi, al rapporto tra le persone e alla comunicazione. Interessa la\u00a0<strong>fisica<\/strong>, ma specialmente l\u2019<strong>ottica<\/strong>\u00a0per tutto ci\u00f2 che avviene all\u2019esterno del sistema visivo. La\u00a0<strong>fisiologia<\/strong>, per quanto riguarda il funzionamento dell\u2019occhio e la generazione, elaborazione, codifica e trasmissione dei segnali nervosi dalla retina al cervello. La\u00a0<strong>psicologia<\/strong>, riguardo all\u2019interpretazione dei segnali nervosi e alla percezione del colore. La\u00a0<strong>psicofisica<\/strong>\u00a0che studia la relazione tra lo stimolo e la risposta del sistema visivo (la colorimetria \u00e8 una branca della psicofisica<\/em>.<\/p>\n\n\n\n<p><\/p>\n\n\n\n<hr class=\"wp-block-separator has-text-color has-vivid-green-cyan-color has-alpha-channel-opacity has-vivid-green-cyan-background-color has-background\"\/>\n\n\n\n<p>Di Giorgio Saba <\/p>\n\n\n\n<p><strong>COMBINAZIONE DI COLORI<\/strong><\/p>\n\n\n\n<p><strong>\u00a0\u00a0\u00a0\u00a0\u00a0\u00a0 <\/strong>Nella<a href=\"https:\/\/www.istitutogalanteoliva.it\/magazine\/2026\/01\/24\/il-colore-e-un-linguaggio-1-rosso\/\"> prima puntata<\/a> della serie sui colori abbiamo visto e analizzato il colore<mark style=\"background-color:rgba(0, 0, 0, 0)\" class=\"has-inline-color has-vivid-red-color\"> <strong>ROSSO<\/strong><\/mark>, ma abbinandolo ad altri colori pu\u00f2 diventare uno strumento di comunicazione.<\/p>\n\n\n\n<p>\u00a0\u00a0\u00a0\u00a0\u00a0\u00a0\u00a0\u00a0\u00a0 Vediamo: si pu\u00f2 aggiungere il suo colore complementare, il <mark style=\"background-color:rgba(0, 0, 0, 0)\" class=\"has-inline-color has-vivid-green-cyan-color\"><strong>VERDE<\/strong><\/mark>.<\/p>\n\n\n\n<p>&nbsp;&nbsp;&nbsp;&nbsp;&nbsp;&nbsp;&nbsp;&nbsp;&nbsp; Cosa si pu\u00f2 comunicare con due colori?<\/p>\n\n\n\n<p>In una centralina elettrica si segnala se un apparecchio \u00e8 acceso (verde) o \u00e8 spento (rosso), talvolta \u00e8 il contrario; con un semaforo possiamo intimare l\u2019ALT agli automobilisti (rosso) o il via libera (verde); con una paletta in mano alle Forze dell\u2019Ordine o agli operai di un lavoro stradale, si ottiene il medesimo segnale; nella navigazione li troviamo nei fanali all\u2019imboccatura d\u2019ingresso di un porto, verde a destra e rosso a sinistra; all\u2019uscita dal porto i colori si invertono; al buio notturno \u00e8 fondamentale rispettare questa regola o si rischia di schiantarsi sulla banchina; in navigazione se vediamo sulle navi luce verde a sinistra, la nave viene verso di noi; se a sinistra la luce \u00e8 rossa, la nave si sta allontanando.<\/p>\n\n\n\n<h1 class=\"wp-block-heading has-text-align-center has-vivid-green-cyan-color has-text-color has-link-color wp-elements-cddcb61b61c03be49a919060d2b1d7ac\">***<\/h1>\n\n\n\n<p>&nbsp;&nbsp;&nbsp;&nbsp;&nbsp;&nbsp;&nbsp;&nbsp;&nbsp; Vediamo qualche informazione su questo secondo colore<\/p>\n\n\n\n<h2 class=\"wp-block-heading has-text-align-center has-vivid-green-cyan-color has-text-color has-link-color wp-elements-cb36e15ab245fa38d71905435ad2011f\"><strong>VERDE<\/strong><\/h2>\n\n\n\n<p>&nbsp;&nbsp;&nbsp;&nbsp;&nbsp;&nbsp;&nbsp;&nbsp;&nbsp; Come gi\u00e0 visto per il colore rosso, I colori hanno effetto sulla psiche delle persone e ne scatenano emozioni e stati d\u2019animo: possono calmare o stimolare, favorire la concentrazione o contribuire al nostro orientamento; ogni tonalit\u00e0 ha una propria lunghezza d\u2019onda una diversa energia, che viene trasmessa al nostro corpo, influendo sul nostro pensiero e sulle nostre azioni. In psicologia la nostra percezione del colore varia al variare della nostra cultura specifica, delle esperienze, del nostro specifico istinto<\/p>\n\n\n\n<p>Nella cromoterapia, l\u2019effetto dei colori viene sfruttato con differenti tecniche per ottenere effetti benefici sulla nostra salute.<\/p>\n\n\n\n<p>Ma vediamo il VERDE NELLA STORIA<\/p>\n\n\n\n<p>Nell\u2019 Antico Egitto si otteneva dalla malachite ed era Associato al dio Osiride;. Ma con &#8220;IL GRANDE VERDE&#8221;si intendeva quel mare (Mediterraneo Occidentale) da cui provenivano i guerrieri Shardana,<\/p>\n\n\n\n<p>&nbsp;&nbsp;&nbsp;&nbsp;&nbsp;&nbsp;&nbsp;&nbsp;&nbsp; Nel Medioevo: ha un ignificato controverso. Da un lato legato alla natura e all&#8217;amore, dall&#8217;altro associato a draghi, diavoli, veleno; era usato come portafortuna per le donne da maritare o in attesa.<\/p>\n\n\n\n<p>Nell\u2019Islam: \u00e8 un colore sacro, associato al paradiso nel Corano, usato nelle decorazioni delle moschee.<\/p>\n\n\n\n<p>Nell\u2019 Arte del Rinascimento, Leonardo e i fiamminghi ne facevano ampio uso nei paesaggi.<\/p>\n\n\n\n<p>In Epoca Contemporanea \u00e8 simbolo dell&#8217;ecologia, della natura e del &#8220;via libera&#8221;; in politica (movimenti verdi); nel design; nell&#8217;Art Nouveau.&nbsp;<\/p>\n\n\n\n<p>per poi diventare simbolo di speranza e natura, primavera, ambiente, vita, crescita, fortuna, giovent\u00f9, immaturit\u00e0, fertilit\u00e0; indica invidia e gelosia;<\/p>\n\n\n\n<p>infonde calma e rilassamento; disintossica e decongestiona l&#8217;organismo; \u00e8 molto utile contro cefalee, nevralgie e febbri;<\/p>\n\n\n\n<p>per le propriet\u00e0 suddette viene utilizzato, in tonalit\u00e0 chiare, per le pareti delle camere di degenza;<\/p>\n\n\n\n<p>per la sua caratteristica di essere complementare al colore rosso, viene utilizzato per i camici usati in sala operatoria, dove il colore del sangue, eventualmente schizzato su un camice, si fonde col verde del tessuto generando una tonalit\u00e0 vicina al nero; il ch\u00e9 evita di impressionare le persone sensibili.<\/p>\n\n\n\n<h1 class=\"wp-block-heading has-text-align-center has-vivid-green-cyan-color has-text-color has-link-color wp-elements-cddcb61b61c03be49a919060d2b1d7ac\">***<\/h1>\n\n\n\n<p>VERDE IN LIMBA: <em>\u00a0BIRD\u0116<\/em> o <em>BIDRE<\/em>, <em>BIRDE,<\/em> <em>BIRDI,<\/em> <em>VIRDE<\/em>,<em> VIRDI<\/em>,<\/p>\n\n\n\n<p><em>BIRDE<\/em> = VETRO (dal colore delle antiche paste vitree).<\/p>\n\n\n\n<p><em>Est su COLORE DE S&#8217;ERBA<\/em>;<\/p>\n\n\n\n<p><em>de is F\u00d2GIAS FRISCAS<\/em>, (delle foglie fresche);<\/p>\n\n\n\n<p><em>de su FRUTU\u00c0RIU CRUO<\/em>; (frutto che non \u00e8 arrivato a maturazione);<\/p>\n\n\n\n<p><em>de sa LINNA SEGADA DE PAGU tempu<\/em>. (legna tagliata di fresco).<\/p>\n\n\n\n<p><em>V\u00c8RDE<\/em> &#8211; in tabarchino<\/p>\n\n\n\n<p><em>VERD<\/em> &#8211; in algherese<\/p>\n\n\n\n<h1 class=\"wp-block-heading has-text-align-center has-vivid-green-cyan-color has-text-color has-link-color wp-elements-cddcb61b61c03be49a919060d2b1d7ac\">***<\/h1>\n\n\n\n<p><strong>MODI DI DIRE<\/strong><\/p>\n\n\n\n<p>DIVENTARE VERDE &#8211; indica un senso di invidia;<\/p>\n\n\n\n<p>ESSERE AL VERDE \u2013 oggi indica che la nostra disponibilit\u00e0 di denaro \u00e8 esaurita, ma anticamente si riferiva a quando con l\u2019illuminazione dalle candele, queste arrivavano alla base che aveva il fondo colorato di verde;<\/p>\n\n\n\n<p>LA VERDE ET\u00c0 &#8211; \u00e8 la giovent\u00f9;<\/p>\n\n\n\n<p>VERDE ATTREZZATO &#8211; \u00e8 un giardino o un parco (solitamente cittadino) dotato di strutture fisse per il gioco dei bambini, per attivit\u00e0 ginniche o per il riposo e il rilassamento;<\/p>\n\n\n\n<p>RISATA VERDE &#8211; indica una risata forzata o una risata sardonica;<\/p>\n\n\n\n<p>POLLICE VERDE &#8211; si dice di chi ha abilit\u00e0 nel giardinaggio;<\/p>\n\n\n\n<p>BENZINA VERDE &#8211; non \u00e8 verde, ma ha un basso contenuto di piombo;<\/p>\n\n\n\n<p>FAR VEDERE I SORCI VERDI &#8211; una pattuglia aeronautica italiana aveva dipinto sulla carlinga tre topi verdi; un giorno, prima di partire per un bombardamento nella guerra contro la Spagna, il comandante disse in romanesco \u201cje famo ved\u00e9 li sorci verdi\u201d.<\/p>\n\n\n\n<figure class=\"wp-block-image size-full\"><img loading=\"lazy\" decoding=\"async\" width=\"862\" height=\"457\" src=\"https:\/\/www.istitutogalanteoliva.it\/magazine\/wp-content\/uploads\/2026\/01\/image-28.png\" alt=\"\" class=\"wp-image-19844\" srcset=\"https:\/\/www.istitutogalanteoliva.it\/magazine\/wp-content\/uploads\/2026\/01\/image-28.png 862w, https:\/\/www.istitutogalanteoliva.it\/magazine\/wp-content\/uploads\/2026\/01\/image-28-300x159.png 300w, https:\/\/www.istitutogalanteoliva.it\/magazine\/wp-content\/uploads\/2026\/01\/image-28-768x407.png 768w\" sizes=\"auto, (max-width: 862px) 100vw, 862px\" \/><\/figure>\n\n\n\n<p><mark style=\"background-color:rgba(0, 0, 0, 0)\" class=\"has-inline-color has-white-color\">.<\/mark><\/p>\n\n\n\n<p>Un\u2019azione ecologica viene comunemente definita VERDE,<\/p>\n\n\n\n<p>al pari di un\u2019economia green (verde) o comunque sostenibile, quando incide positivamente sull\u2019Ambiente.<\/p>\n\n\n<div class=\"wp-block-image\">\n<figure class=\"aligncenter size-full is-resized\"><img loading=\"lazy\" decoding=\"async\" width=\"1004\" height=\"818\" src=\"https:\/\/www.istitutogalanteoliva.it\/magazine\/wp-content\/uploads\/2026\/01\/image-29.png\" alt=\"\" class=\"wp-image-19845\" style=\"width:566px;height:auto\" srcset=\"https:\/\/www.istitutogalanteoliva.it\/magazine\/wp-content\/uploads\/2026\/01\/image-29.png 1004w, https:\/\/www.istitutogalanteoliva.it\/magazine\/wp-content\/uploads\/2026\/01\/image-29-300x244.png 300w, https:\/\/www.istitutogalanteoliva.it\/magazine\/wp-content\/uploads\/2026\/01\/image-29-768x626.png 768w\" sizes=\"auto, (max-width: 1004px) 100vw, 1004px\" \/><\/figure><\/div>\n\n<div class=\"wp-block-image\">\n<figure class=\"aligncenter size-full is-resized\"><img loading=\"lazy\" decoding=\"async\" width=\"813\" height=\"492\" src=\"https:\/\/www.istitutogalanteoliva.it\/magazine\/wp-content\/uploads\/2026\/01\/image-30.png\" alt=\"\" class=\"wp-image-19846\" style=\"width:645px;height:auto\" srcset=\"https:\/\/www.istitutogalanteoliva.it\/magazine\/wp-content\/uploads\/2026\/01\/image-30.png 813w, https:\/\/www.istitutogalanteoliva.it\/magazine\/wp-content\/uploads\/2026\/01\/image-30-300x182.png 300w, https:\/\/www.istitutogalanteoliva.it\/magazine\/wp-content\/uploads\/2026\/01\/image-30-768x465.png 768w\" sizes=\"auto, (max-width: 813px) 100vw, 813px\" \/><\/figure><\/div>\n\n\n<p><mark style=\"background-color:rgba(0, 0, 0, 0)\" class=\"has-inline-color has-white-color\">.<\/mark><\/p>\n\n\n<div class=\"wp-block-image\">\n<figure class=\"aligncenter size-full is-resized\"><img loading=\"lazy\" decoding=\"async\" width=\"986\" height=\"1016\" src=\"https:\/\/www.istitutogalanteoliva.it\/magazine\/wp-content\/uploads\/2026\/01\/image-32.png\" alt=\"\" class=\"wp-image-19848\" style=\"width:464px;height:auto\" srcset=\"https:\/\/www.istitutogalanteoliva.it\/magazine\/wp-content\/uploads\/2026\/01\/image-32.png 986w, https:\/\/www.istitutogalanteoliva.it\/magazine\/wp-content\/uploads\/2026\/01\/image-32-291x300.png 291w, https:\/\/www.istitutogalanteoliva.it\/magazine\/wp-content\/uploads\/2026\/01\/image-32-768x791.png 768w\" sizes=\"auto, (max-width: 986px) 100vw, 986px\" \/><\/figure><\/div>\n\n\n<h1 class=\"wp-block-heading has-text-align-center has-vivid-green-cyan-color has-text-color has-link-color wp-elements-a5c83bed3814dc42857d1c55badaa64b\"><mark style=\"background-color:rgba(0, 0, 0, 0)\" class=\"has-inline-color has-white-color\">.<\/mark> ***<\/h1>\n\n\n<div class=\"wp-block-image\">\n<figure class=\"aligncenter size-full\"><img loading=\"lazy\" decoding=\"async\" width=\"571\" height=\"727\" src=\"https:\/\/www.istitutogalanteoliva.it\/magazine\/wp-content\/uploads\/2026\/01\/image-34.png\" alt=\"\" class=\"wp-image-19850\" srcset=\"https:\/\/www.istitutogalanteoliva.it\/magazine\/wp-content\/uploads\/2026\/01\/image-34.png 571w, https:\/\/www.istitutogalanteoliva.it\/magazine\/wp-content\/uploads\/2026\/01\/image-34-236x300.png 236w\" sizes=\"auto, (max-width: 571px) 100vw, 571px\" \/><\/figure><\/div>\n\n<div class=\"wp-block-image\">\n<figure class=\"aligncenter size-full\"><img loading=\"lazy\" decoding=\"async\" width=\"638\" height=\"681\" src=\"https:\/\/www.istitutogalanteoliva.it\/magazine\/wp-content\/uploads\/2026\/01\/image-35.png\" alt=\"\" class=\"wp-image-19851\" srcset=\"https:\/\/www.istitutogalanteoliva.it\/magazine\/wp-content\/uploads\/2026\/01\/image-35.png 638w, https:\/\/www.istitutogalanteoliva.it\/magazine\/wp-content\/uploads\/2026\/01\/image-35-281x300.png 281w\" sizes=\"auto, (max-width: 638px) 100vw, 638px\" \/><\/figure><\/div>\n\n<div class=\"wp-block-image\">\n<figure class=\"aligncenter size-full\"><img loading=\"lazy\" decoding=\"async\" width=\"902\" height=\"565\" src=\"https:\/\/www.istitutogalanteoliva.it\/magazine\/wp-content\/uploads\/2026\/01\/image-36.png\" alt=\"\" class=\"wp-image-19852\" srcset=\"https:\/\/www.istitutogalanteoliva.it\/magazine\/wp-content\/uploads\/2026\/01\/image-36.png 902w, https:\/\/www.istitutogalanteoliva.it\/magazine\/wp-content\/uploads\/2026\/01\/image-36-300x188.png 300w, https:\/\/www.istitutogalanteoliva.it\/magazine\/wp-content\/uploads\/2026\/01\/image-36-768x481.png 768w\" sizes=\"auto, (max-width: 902px) 100vw, 902px\" \/><\/figure><\/div>\n\n\n<p>Chiudiamo questa puntata sul linguaggio del colore, ma ci vedremo presto con il colore successivo: il GIALLO.<\/p>\n\n\n\n<div class=\"wp-block-buttons is-layout-flex wp-block-buttons-is-layout-flex\">\n<div class=\"wp-block-button\"><a class=\"wp-block-button__link has-white-color has-luminous-vivid-orange-background-color has-text-color has-background has-link-color wp-element-button\" href=\"https:\/\/www.istitutogalanteoliva.it\/magazine\/category\/il-colore-e-un-linguaggio\/\" style=\"border-radius:36px\"><strong>Per leggere i colori gi\u00e0 pubblicati clicca qu\u00ec<\/strong><\/a><\/div>\n<\/div>\n\n\n\n<p class=\"has-text-align-right\"><strong><em>Giorgio Saba<\/em><\/strong><\/p>\n\n\n\n<p class=\"has-text-align-left has-background\" style=\"background-color:#8dd2fc82;font-size:16px\"><strong>Giorgio Saba<\/strong>, nato a Cagliari. Laureato in Architettura a Firenze, svolge attivit\u00e0 di libera professione. Nel 1983 frequenta un anno del Corso di Perfezionamento in Archeologia e Storia della Sardegna (docenti, Giovanni Lilliu e Enrico Atzeni).<br> Dal 1984 al 2017 \u00e8 docente nella Scuola pubblica (negli ultimi 30 anni insegna Architettura al Liceo).<br> Dal 2012 al 2017 \u00e8 Presidente dell\u00b4Ordine Architetti, P.P. e C. di Cagliari e ottiene l\u00b4attivazione degli Esami abilitanti la professione di Architetto. Membro dell\u00b4Osservatorio Citt\u00e0 Metropolitane del CNAPPC. Coordinatore di URBANPRO Cagliari (Ordine Architetti, CCIAA, Confcommercio, ANCE). \u00c8 stato relatore e coordinatore in oltre quaranta convegni su temi di Architettura, Paesaggio, Archeologia, Teoria del Colore, Linguaggi semiotici.<strong><em> <\/em><\/strong><br>Nel 2016 pubblica il libro\u00a0<em><a href=\"https:\/\/www.ibs.it\/scusi-dov-ade-ipotesi-sulla-ebook-giorgio-saba\/e\/9788899685096?srsltid=AfmBOoqw_vtZEycPMWHnvffNdlWaupWNNELZRqNnqbA_Wm2xJORIGjP9\"><mark style=\"background-color:rgba(0, 0, 0, 0)\" class=\"has-inline-color has-vivid-red-color\"><strong>Scusi dov\u00b4\u00e8 l\u00b4Ade<\/strong>?<\/mark><\/a><\/em>\u00a0(la prima edizione va esaurita in otto mesi). Nel 2024 \u00e8 uscito<a href=\" Sardegna: dimora antica degli dei\u2026 e di altri condomini\"> <\/a><strong><em><a href=\" Sardegna: dimora antica degli dei\u2026 e di altri condomini\"><mark style=\"background-color:rgba(0, 0, 0, 0)\" class=\"has-inline-color has-vivid-red-color\">Sardegna: dimora antica degli dei\u2026 e di altri condomini<\/mark><\/a><mark style=\"background-color:rgba(0, 0, 0, 0)\" class=\"has-inline-color has-vivid-red-color\">.<\/mark><\/em><\/strong> Per Polis ha gi\u00e0 curato la serie, in otto puntate, <em><a href=\"https:\/\/www.istitutogalanteoliva.it\/magazine\/category\/gli-dei-greci-erano-davvero-greci\/\"><strong><mark style=\"background-color:rgba(0, 0, 0, 0)\" class=\"has-inline-color has-vivid-red-color\">Gli d\u00e8i greci erano davvero greci?<\/mark><\/strong><\/a><\/em><\/p>\n<div class=\"pdfprnt-buttons pdfprnt-buttons-post pdfprnt-bottom-left\"><a href=\"https:\/\/www.istitutogalanteoliva.it\/magazine\/wp-json\/wp\/v2\/posts\/19843?print=print\" class=\"pdfprnt-button pdfprnt-button-print\" target=\"_blank\"><img decoding=\"async\" src=\"https:\/\/www.istitutogalanteoliva.it\/magazine\/wp-content\/plugins\/pdf-print\/images\/print.png\" alt=\"image_print\" title=\"Stampa contenuto\" \/><span class=\"pdfprnt-button-title pdfprnt-button-print-title\">Download in PDF<\/span><\/a><\/div>","protected":false},"excerpt":{"rendered":"<p>Caratteristiche e luoghi comuni sui colori principali in sardegna e altrove.<br \/>\nA cura di Giorgio Saba<br \/>\nSeconda puntata: Il verde<\/p>\n","protected":false},"author":2,"featured_media":19853,"comment_status":"closed","ping_status":"open","sticky":true,"template":"","format":"standard","meta":{"footnotes":""},"categories":[1483,1508],"tags":[1510,1511,269],"class_list":["post-19843","post","type-post","status-publish","format-standard","has-post-thumbnail","hentry","category-1483","category-il-colore-e-un-linguaggio","tag-colori","tag-linguaggio","tag-verde"],"yoast_head":"<!-- This site is optimized with the Yoast SEO plugin v24.2 - https:\/\/yoast.com\/wordpress\/plugins\/seo\/ -->\n<title>Il colore \u00e8 un linguaggio - 2: Verde - Polis SA Magazine<\/title>\n<meta name=\"description\" content=\"Caratteristiche e luoghi comuni sui colori principali in sardegna e altrove A cura di Giorgio Saba\" \/>\n<meta name=\"robots\" content=\"index, follow, max-snippet:-1, max-image-preview:large, max-video-preview:-1\" \/>\n<link rel=\"canonical\" href=\"https:\/\/www.istitutogalanteoliva.it\/magazine\/2026\/02\/01\/il-colore-e-un-linguaggio-2-verde\/\" \/>\n<meta property=\"og:locale\" content=\"it_IT\" \/>\n<meta property=\"og:type\" content=\"article\" \/>\n<meta property=\"og:title\" content=\"Il colore \u00e8 un linguaggio - 2: Verde - Polis SA Magazine\" \/>\n<meta property=\"og:description\" content=\"Caratteristiche e luoghi comuni sui colori principali in sardegna e altrove A cura di Giorgio Saba\" \/>\n<meta property=\"og:url\" content=\"https:\/\/www.istitutogalanteoliva.it\/magazine\/2026\/02\/01\/il-colore-e-un-linguaggio-2-verde\/\" \/>\n<meta property=\"og:site_name\" content=\"Polis SA Magazine\" \/>\n<meta property=\"article:publisher\" content=\"https:\/\/www.facebook.com\/PolisSAMagazine\/\" \/>\n<meta property=\"article:published_time\" content=\"2026-02-01T07:00:00+00:00\" \/>\n<meta property=\"article:modified_time\" content=\"2026-02-01T08:53:03+00:00\" \/>\n<meta property=\"og:image\" content=\"https:\/\/www.istitutogalanteoliva.it\/magazine\/wp-content\/uploads\/2026\/01\/leaves-3420078_1280.jpg\" \/>\n\t<meta property=\"og:image:width\" content=\"700\" \/>\n\t<meta property=\"og:image:height\" content=\"380\" \/>\n\t<meta property=\"og:image:type\" content=\"image\/jpeg\" \/>\n<meta name=\"author\" content=\"Antonello Rivano\" \/>\n<meta name=\"twitter:card\" content=\"summary_large_image\" \/>\n<meta name=\"twitter:creator\" content=\"@MagazinePolis\" \/>\n<meta name=\"twitter:site\" content=\"@MagazinePolis\" \/>\n<meta name=\"twitter:label1\" content=\"Scritto da\" \/>\n\t<meta name=\"twitter:data1\" content=\"Antonello Rivano\" \/>\n\t<meta name=\"twitter:label2\" content=\"Tempo di lettura stimato\" \/>\n\t<meta name=\"twitter:data2\" content=\"13 minuti\" \/>\n<script type=\"application\/ld+json\" class=\"yoast-schema-graph\">{\"@context\":\"https:\/\/schema.org\",\"@graph\":[{\"@type\":\"Article\",\"@id\":\"https:\/\/www.istitutogalanteoliva.it\/magazine\/2026\/02\/01\/il-colore-e-un-linguaggio-2-verde\/#article\",\"isPartOf\":{\"@id\":\"https:\/\/www.istitutogalanteoliva.it\/magazine\/2026\/02\/01\/il-colore-e-un-linguaggio-2-verde\/\"},\"author\":{\"name\":\"Antonello Rivano\",\"@id\":\"https:\/\/www.istitutogalanteoliva.it\/magazine\/#\/schema\/person\/d8b8aa79cfe8babc1df9da3212a7c0c4\"},\"headline\":\"Il colore \u00e8 un linguaggio &#8211; 2: Verde\",\"datePublished\":\"2026-02-01T07:00:00+00:00\",\"dateModified\":\"2026-02-01T08:53:03+00:00\",\"mainEntityOfPage\":{\"@id\":\"https:\/\/www.istitutogalanteoliva.it\/magazine\/2026\/02\/01\/il-colore-e-un-linguaggio-2-verde\/\"},\"wordCount\":903,\"publisher\":{\"@id\":\"https:\/\/www.istitutogalanteoliva.it\/magazine\/#organization\"},\"image\":{\"@id\":\"https:\/\/www.istitutogalanteoliva.it\/magazine\/2026\/02\/01\/il-colore-e-un-linguaggio-2-verde\/#primaryimage\"},\"thumbnailUrl\":\"https:\/\/www.istitutogalanteoliva.it\/magazine\/wp-content\/uploads\/2026\/01\/leaves-3420078_1280.jpg\",\"keywords\":[\"Colori\",\"Linguaggio\",\"verde\"],\"articleSection\":[\"2026\",\"Il colore \u00e8 un linguaggio\"],\"inLanguage\":\"it-IT\"},{\"@type\":\"WebPage\",\"@id\":\"https:\/\/www.istitutogalanteoliva.it\/magazine\/2026\/02\/01\/il-colore-e-un-linguaggio-2-verde\/\",\"url\":\"https:\/\/www.istitutogalanteoliva.it\/magazine\/2026\/02\/01\/il-colore-e-un-linguaggio-2-verde\/\",\"name\":\"Il colore \u00e8 un linguaggio - 2: Verde - Polis SA Magazine\",\"isPartOf\":{\"@id\":\"https:\/\/www.istitutogalanteoliva.it\/magazine\/#website\"},\"primaryImageOfPage\":{\"@id\":\"https:\/\/www.istitutogalanteoliva.it\/magazine\/2026\/02\/01\/il-colore-e-un-linguaggio-2-verde\/#primaryimage\"},\"image\":{\"@id\":\"https:\/\/www.istitutogalanteoliva.it\/magazine\/2026\/02\/01\/il-colore-e-un-linguaggio-2-verde\/#primaryimage\"},\"thumbnailUrl\":\"https:\/\/www.istitutogalanteoliva.it\/magazine\/wp-content\/uploads\/2026\/01\/leaves-3420078_1280.jpg\",\"datePublished\":\"2026-02-01T07:00:00+00:00\",\"dateModified\":\"2026-02-01T08:53:03+00:00\",\"description\":\"Caratteristiche e luoghi comuni sui colori principali in sardegna e altrove A cura di Giorgio Saba\",\"breadcrumb\":{\"@id\":\"https:\/\/www.istitutogalanteoliva.it\/magazine\/2026\/02\/01\/il-colore-e-un-linguaggio-2-verde\/#breadcrumb\"},\"inLanguage\":\"it-IT\",\"potentialAction\":[{\"@type\":\"ReadAction\",\"target\":[\"https:\/\/www.istitutogalanteoliva.it\/magazine\/2026\/02\/01\/il-colore-e-un-linguaggio-2-verde\/\"]}]},{\"@type\":\"ImageObject\",\"inLanguage\":\"it-IT\",\"@id\":\"https:\/\/www.istitutogalanteoliva.it\/magazine\/2026\/02\/01\/il-colore-e-un-linguaggio-2-verde\/#primaryimage\",\"url\":\"https:\/\/www.istitutogalanteoliva.it\/magazine\/wp-content\/uploads\/2026\/01\/leaves-3420078_1280.jpg\",\"contentUrl\":\"https:\/\/www.istitutogalanteoliva.it\/magazine\/wp-content\/uploads\/2026\/01\/leaves-3420078_1280.jpg\",\"width\":700,\"height\":380},{\"@type\":\"BreadcrumbList\",\"@id\":\"https:\/\/www.istitutogalanteoliva.it\/magazine\/2026\/02\/01\/il-colore-e-un-linguaggio-2-verde\/#breadcrumb\",\"itemListElement\":[{\"@type\":\"ListItem\",\"position\":1,\"name\":\"Home\",\"item\":\"https:\/\/www.istitutogalanteoliva.it\/magazine\/\"},{\"@type\":\"ListItem\",\"position\":2,\"name\":\"Il colore \u00e8 un linguaggio &#8211; 2: Verde\"}]},{\"@type\":\"WebSite\",\"@id\":\"https:\/\/www.istitutogalanteoliva.it\/magazine\/#website\",\"url\":\"https:\/\/www.istitutogalanteoliva.it\/magazine\/\",\"name\":\"POLIS SA MAGAZINE\",\"description\":\"Informazione e approfondimenti\",\"publisher\":{\"@id\":\"https:\/\/www.istitutogalanteoliva.it\/magazine\/#organization\"},\"potentialAction\":[{\"@type\":\"SearchAction\",\"target\":{\"@type\":\"EntryPoint\",\"urlTemplate\":\"https:\/\/www.istitutogalanteoliva.it\/magazine\/?s={search_term_string}\"},\"query-input\":{\"@type\":\"PropertyValueSpecification\",\"valueRequired\":true,\"valueName\":\"search_term_string\"}}],\"inLanguage\":\"it-IT\"},{\"@type\":\"Organization\",\"@id\":\"https:\/\/www.istitutogalanteoliva.it\/magazine\/#organization\",\"name\":\"Polis SA Magazine\",\"url\":\"https:\/\/www.istitutogalanteoliva.it\/magazine\/\",\"logo\":{\"@type\":\"ImageObject\",\"inLanguage\":\"it-IT\",\"@id\":\"https:\/\/www.istitutogalanteoliva.it\/magazine\/#\/schema\/logo\/image\/\",\"url\":\"\",\"contentUrl\":\"\",\"caption\":\"Polis SA Magazine\"},\"image\":{\"@id\":\"https:\/\/www.istitutogalanteoliva.it\/magazine\/#\/schema\/logo\/image\/\"},\"sameAs\":[\"https:\/\/www.facebook.com\/PolisSAMagazine\/\",\"https:\/\/x.com\/MagazinePolis\",\"https:\/\/www.youtube.com\/channel\/UCv0Mr5AHKUmsc0sEEXkJrgw\"]},{\"@type\":\"Person\",\"@id\":\"https:\/\/www.istitutogalanteoliva.it\/magazine\/#\/schema\/person\/d8b8aa79cfe8babc1df9da3212a7c0c4\",\"name\":\"Antonello Rivano\",\"image\":{\"@type\":\"ImageObject\",\"inLanguage\":\"it-IT\",\"@id\":\"https:\/\/www.istitutogalanteoliva.it\/magazine\/#\/schema\/person\/image\/\",\"url\":\"https:\/\/secure.gravatar.com\/avatar\/517a9a6487a7a18ecc4ce6d2e57a8f40?s=96&d=mm&r=g\",\"contentUrl\":\"https:\/\/secure.gravatar.com\/avatar\/517a9a6487a7a18ecc4ce6d2e57a8f40?s=96&d=mm&r=g\",\"caption\":\"Antonello Rivano\"},\"url\":\"https:\/\/www.istitutogalanteoliva.it\/magazine\/author\/antonello\/\"}]}<\/script>\n<!-- \/ Yoast SEO plugin. -->","yoast_head_json":{"title":"Il colore \u00e8 un linguaggio - 2: Verde - Polis SA Magazine","description":"Caratteristiche e luoghi comuni sui colori principali in sardegna e altrove A cura di Giorgio Saba","robots":{"index":"index","follow":"follow","max-snippet":"max-snippet:-1","max-image-preview":"max-image-preview:large","max-video-preview":"max-video-preview:-1"},"canonical":"https:\/\/www.istitutogalanteoliva.it\/magazine\/2026\/02\/01\/il-colore-e-un-linguaggio-2-verde\/","og_locale":"it_IT","og_type":"article","og_title":"Il colore \u00e8 un linguaggio - 2: Verde - Polis SA Magazine","og_description":"Caratteristiche e luoghi comuni sui colori principali in sardegna e altrove A cura di Giorgio Saba","og_url":"https:\/\/www.istitutogalanteoliva.it\/magazine\/2026\/02\/01\/il-colore-e-un-linguaggio-2-verde\/","og_site_name":"Polis SA Magazine","article_publisher":"https:\/\/www.facebook.com\/PolisSAMagazine\/","article_published_time":"2026-02-01T07:00:00+00:00","article_modified_time":"2026-02-01T08:53:03+00:00","og_image":[{"width":700,"height":380,"url":"https:\/\/www.istitutogalanteoliva.it\/magazine\/wp-content\/uploads\/2026\/01\/leaves-3420078_1280.jpg","type":"image\/jpeg"}],"author":"Antonello Rivano","twitter_card":"summary_large_image","twitter_creator":"@MagazinePolis","twitter_site":"@MagazinePolis","twitter_misc":{"Scritto da":"Antonello Rivano","Tempo di lettura stimato":"13 minuti"},"schema":{"@context":"https:\/\/schema.org","@graph":[{"@type":"Article","@id":"https:\/\/www.istitutogalanteoliva.it\/magazine\/2026\/02\/01\/il-colore-e-un-linguaggio-2-verde\/#article","isPartOf":{"@id":"https:\/\/www.istitutogalanteoliva.it\/magazine\/2026\/02\/01\/il-colore-e-un-linguaggio-2-verde\/"},"author":{"name":"Antonello Rivano","@id":"https:\/\/www.istitutogalanteoliva.it\/magazine\/#\/schema\/person\/d8b8aa79cfe8babc1df9da3212a7c0c4"},"headline":"Il colore \u00e8 un linguaggio &#8211; 2: Verde","datePublished":"2026-02-01T07:00:00+00:00","dateModified":"2026-02-01T08:53:03+00:00","mainEntityOfPage":{"@id":"https:\/\/www.istitutogalanteoliva.it\/magazine\/2026\/02\/01\/il-colore-e-un-linguaggio-2-verde\/"},"wordCount":903,"publisher":{"@id":"https:\/\/www.istitutogalanteoliva.it\/magazine\/#organization"},"image":{"@id":"https:\/\/www.istitutogalanteoliva.it\/magazine\/2026\/02\/01\/il-colore-e-un-linguaggio-2-verde\/#primaryimage"},"thumbnailUrl":"https:\/\/www.istitutogalanteoliva.it\/magazine\/wp-content\/uploads\/2026\/01\/leaves-3420078_1280.jpg","keywords":["Colori","Linguaggio","verde"],"articleSection":["2026","Il colore \u00e8 un linguaggio"],"inLanguage":"it-IT"},{"@type":"WebPage","@id":"https:\/\/www.istitutogalanteoliva.it\/magazine\/2026\/02\/01\/il-colore-e-un-linguaggio-2-verde\/","url":"https:\/\/www.istitutogalanteoliva.it\/magazine\/2026\/02\/01\/il-colore-e-un-linguaggio-2-verde\/","name":"Il colore \u00e8 un linguaggio - 2: Verde - Polis SA Magazine","isPartOf":{"@id":"https:\/\/www.istitutogalanteoliva.it\/magazine\/#website"},"primaryImageOfPage":{"@id":"https:\/\/www.istitutogalanteoliva.it\/magazine\/2026\/02\/01\/il-colore-e-un-linguaggio-2-verde\/#primaryimage"},"image":{"@id":"https:\/\/www.istitutogalanteoliva.it\/magazine\/2026\/02\/01\/il-colore-e-un-linguaggio-2-verde\/#primaryimage"},"thumbnailUrl":"https:\/\/www.istitutogalanteoliva.it\/magazine\/wp-content\/uploads\/2026\/01\/leaves-3420078_1280.jpg","datePublished":"2026-02-01T07:00:00+00:00","dateModified":"2026-02-01T08:53:03+00:00","description":"Caratteristiche e luoghi comuni sui colori principali in sardegna e altrove A cura di Giorgio Saba","breadcrumb":{"@id":"https:\/\/www.istitutogalanteoliva.it\/magazine\/2026\/02\/01\/il-colore-e-un-linguaggio-2-verde\/#breadcrumb"},"inLanguage":"it-IT","potentialAction":[{"@type":"ReadAction","target":["https:\/\/www.istitutogalanteoliva.it\/magazine\/2026\/02\/01\/il-colore-e-un-linguaggio-2-verde\/"]}]},{"@type":"ImageObject","inLanguage":"it-IT","@id":"https:\/\/www.istitutogalanteoliva.it\/magazine\/2026\/02\/01\/il-colore-e-un-linguaggio-2-verde\/#primaryimage","url":"https:\/\/www.istitutogalanteoliva.it\/magazine\/wp-content\/uploads\/2026\/01\/leaves-3420078_1280.jpg","contentUrl":"https:\/\/www.istitutogalanteoliva.it\/magazine\/wp-content\/uploads\/2026\/01\/leaves-3420078_1280.jpg","width":700,"height":380},{"@type":"BreadcrumbList","@id":"https:\/\/www.istitutogalanteoliva.it\/magazine\/2026\/02\/01\/il-colore-e-un-linguaggio-2-verde\/#breadcrumb","itemListElement":[{"@type":"ListItem","position":1,"name":"Home","item":"https:\/\/www.istitutogalanteoliva.it\/magazine\/"},{"@type":"ListItem","position":2,"name":"Il colore \u00e8 un linguaggio &#8211; 2: Verde"}]},{"@type":"WebSite","@id":"https:\/\/www.istitutogalanteoliva.it\/magazine\/#website","url":"https:\/\/www.istitutogalanteoliva.it\/magazine\/","name":"POLIS SA MAGAZINE","description":"Informazione e approfondimenti","publisher":{"@id":"https:\/\/www.istitutogalanteoliva.it\/magazine\/#organization"},"potentialAction":[{"@type":"SearchAction","target":{"@type":"EntryPoint","urlTemplate":"https:\/\/www.istitutogalanteoliva.it\/magazine\/?s={search_term_string}"},"query-input":{"@type":"PropertyValueSpecification","valueRequired":true,"valueName":"search_term_string"}}],"inLanguage":"it-IT"},{"@type":"Organization","@id":"https:\/\/www.istitutogalanteoliva.it\/magazine\/#organization","name":"Polis SA Magazine","url":"https:\/\/www.istitutogalanteoliva.it\/magazine\/","logo":{"@type":"ImageObject","inLanguage":"it-IT","@id":"https:\/\/www.istitutogalanteoliva.it\/magazine\/#\/schema\/logo\/image\/","url":"","contentUrl":"","caption":"Polis SA Magazine"},"image":{"@id":"https:\/\/www.istitutogalanteoliva.it\/magazine\/#\/schema\/logo\/image\/"},"sameAs":["https:\/\/www.facebook.com\/PolisSAMagazine\/","https:\/\/x.com\/MagazinePolis","https:\/\/www.youtube.com\/channel\/UCv0Mr5AHKUmsc0sEEXkJrgw"]},{"@type":"Person","@id":"https:\/\/www.istitutogalanteoliva.it\/magazine\/#\/schema\/person\/d8b8aa79cfe8babc1df9da3212a7c0c4","name":"Antonello Rivano","image":{"@type":"ImageObject","inLanguage":"it-IT","@id":"https:\/\/www.istitutogalanteoliva.it\/magazine\/#\/schema\/person\/image\/","url":"https:\/\/secure.gravatar.com\/avatar\/517a9a6487a7a18ecc4ce6d2e57a8f40?s=96&d=mm&r=g","contentUrl":"https:\/\/secure.gravatar.com\/avatar\/517a9a6487a7a18ecc4ce6d2e57a8f40?s=96&d=mm&r=g","caption":"Antonello Rivano"},"url":"https:\/\/www.istitutogalanteoliva.it\/magazine\/author\/antonello\/"}]}},"_links":{"self":[{"href":"https:\/\/www.istitutogalanteoliva.it\/magazine\/wp-json\/wp\/v2\/posts\/19843","targetHints":{"allow":["GET"]}}],"collection":[{"href":"https:\/\/www.istitutogalanteoliva.it\/magazine\/wp-json\/wp\/v2\/posts"}],"about":[{"href":"https:\/\/www.istitutogalanteoliva.it\/magazine\/wp-json\/wp\/v2\/types\/post"}],"author":[{"embeddable":true,"href":"https:\/\/www.istitutogalanteoliva.it\/magazine\/wp-json\/wp\/v2\/users\/2"}],"replies":[{"embeddable":true,"href":"https:\/\/www.istitutogalanteoliva.it\/magazine\/wp-json\/wp\/v2\/comments?post=19843"}],"version-history":[{"count":2,"href":"https:\/\/www.istitutogalanteoliva.it\/magazine\/wp-json\/wp\/v2\/posts\/19843\/revisions"}],"predecessor-version":[{"id":19855,"href":"https:\/\/www.istitutogalanteoliva.it\/magazine\/wp-json\/wp\/v2\/posts\/19843\/revisions\/19855"}],"wp:featuredmedia":[{"embeddable":true,"href":"https:\/\/www.istitutogalanteoliva.it\/magazine\/wp-json\/wp\/v2\/media\/19853"}],"wp:attachment":[{"href":"https:\/\/www.istitutogalanteoliva.it\/magazine\/wp-json\/wp\/v2\/media?parent=19843"}],"wp:term":[{"taxonomy":"category","embeddable":true,"href":"https:\/\/www.istitutogalanteoliva.it\/magazine\/wp-json\/wp\/v2\/categories?post=19843"},{"taxonomy":"post_tag","embeddable":true,"href":"https:\/\/www.istitutogalanteoliva.it\/magazine\/wp-json\/wp\/v2\/tags?post=19843"}],"curies":[{"name":"wp","href":"https:\/\/api.w.org\/{rel}","templated":true}]}}