{"id":202,"date":"2016-12-24T12:34:13","date_gmt":"2016-12-24T11:34:13","guid":{"rendered":"http:\/\/www.edizionipolis.it\/magazine\/?p=202"},"modified":"2019-03-02T12:39:19","modified_gmt":"2019-03-02T11:39:19","slug":"a-casoria-un-museo-dedicato-a-roberto-saviano","status":"publish","type":"post","link":"https:\/\/www.istitutogalanteoliva.it\/magazine\/2016\/12\/24\/a-casoria-un-museo-dedicato-a-roberto-saviano\/","title":{"rendered":"A Casoria un Museo dedicato a Roberto Saviano"},"content":{"rendered":"\n<p>Casoria: nell\u2019ambiente surreale del CAM, Contemporary Art Museum, si \u00e8 svolta l\u2019inaugurazione della nuova ala dedicata a Roberto Saviano. Il celebre scrittore napoletano ha inoltre ritirato il \u201cpremio CAM\u201d consegnatogli dai responsabili del museo davanti a un folto pubblico di amici, ammiratori e giornalisti. <\/p>\n\n\n\n<p>\u00ab\u00c8 stata un\u2019emozione strana venire a sapere che c\u2019\u00e8 una sala museale intitolata a mio\nnome, verrebbe quasi l\u2019istinto di grattarsi scaramanticamente perch\u00e9 intitolare un museo\na qualcuno \u00e8 una pratica che di solito si fa <em>post mortem<\/em>, ma secondo me la genialata sta\nproprio in questo, cio\u00e8 in una terra spesso associata alla morte, al sangue alla \u201cTerra dei\nFuochi\u201d, al dolore&#8230; si comincia a dedicare uno spazio ai vivi potendo cos\u00ec ribaltare una\ncerta logica museale, e cos\u00ec tanti artisti \u201cvivi\u201d trovano spazio in questo tripudio di vita!\u00bb.\n<\/p>\n\n\n\n<p>Infatti, questa sorta di museo alternativo sperimentale, fondato nel 2005 e ricavato negli scantinati di una scuola statale di Casoria ubicata in Via Duca d\u2019Aosta 63, rappresenta decisamente una novit\u00e0 nella provincia nord di Napoli, e col tempo \u00e8 divenuto un importante punto di riferimento per molti artisti contemporanei, che ospita anche opere di artisti internazionali, in buona parte provenienti dall\u2019Africa. <\/p>\n\n\n\n<p>Ed \u00e8 proprio questo tocco di internazionalit\u00e0 che ha colpito particolarmente Saviano: \u00abIo sono reduce da una passeggiata per tutto il museo e mi hanno impressionato tantissimo le sezioni africane che non avevo mai visto in nessun altro museo. \u00c8 un museo, questo, che nasce dalla fiducia degli artisti inseriti in un progetto di grande competenza. Perch\u00e9 questo museo a Casoria \u00e8 una risposta di grande competenza e capacit\u00e0. Qui non si tratta di un qualcosa di marginale, un presidio soltanto morale, anzi&#8230; un museo del genere lo trovi a Berlino, lo trovi nel Nord Europa, e qui nel caso del CAM ambiti di competenza costruiscono una bellezza che non ti aspetti proprio, perch\u00e9 siamo soliti pensare che qui tutto \u00e8 sempre impossibile, che qui \u00e8 sempre tutto \u201c\u2018na chiavica\u201d, e che sia difficile costruire qualcosa di bello&#8230; L\u2019originalit\u00e0 di questo museo sta nel fatto che quella che vedi qui non \u00e8 una bellezza che nega quello che c\u2019\u00e8 intorno, dalle opere che vedrete qui esposte non sentirete venir fuori un desiderio di evasione, del tipo \u201cgiriamo il volto dell\u2019altra parte, guardiamo soltanto al bello che sta altrove\u201d&#8230; al contrario, molte di queste opere del CAM ti buttano la realt\u00e0 in faccia, mettono il muso contro le contraddizioni, dunque non vogliono affatto farti evadere ma vogliono piuttosto farti entrare ancor di pi\u00f9 nella realt\u00e0 delle cose, quindi&#8230; che dire&#8230; mi sembra un miracolo tutto questo!\u00bb. <\/p>\n\n\n\n<p>In effetti, molte delle opere esposte \u201cparlano\u201d di camorra in maniera astratta attraverso\nsoluzioni pittoriche e creative. Una sorta di \u201carte-denuncia\u201d il cui surreale stile ricorda\nvagamente il celebre quadro \u201cGuernica\u201d di Pablo Picasso del 1937.\n<\/p>\n\n\n\n<p>\u00abUn\u2019altra cosa che mi ha colpito molto \u2013 ha aggiunto Saviano \u2013 \u00e8 la caparbiet\u00e0 nel cercare queste opere in giro per il mondo e portarle qui, realizzando questa sana utopia del potere, credere che l\u2019opera d\u2019arte ti cambia destino!\u00bb. <\/p>\n\n\n\n<p>Roberto Saviano sostiene con convinzione il ruolo sociale che pu\u00f2 ricoprire l\u2019arte: \u00abMi \u00e8 capitato una volta di assistere a Casal di Principe all\u2019esposizione dei quadri che erano stati portati l\u00ec dagli Uffizi, essi cambiarono completamente la percezione del territorio. Ebbene, allo stesso modo il CAM lo sta facendo qui, invita attraverso l\u2019arte contemporanea di dire a chi \u00e8 di questa terra che questa bellezza non ti permetter\u00e0 di chiudere gli occhi, ma di aprirli con una nuova visione delle cose, c\u2019\u00e8 la possibilit\u00e0 di vedere qualcosa di diverso e, forse, anche offrire la possibilit\u00e0 di trasformare questo territorio&#8230; Non \u00e8 misurabile quanto l\u2019opera d\u2019arte possa trasformare la realt\u00e0: quanto ha cambiato il mondo \u201cToy Story\u201d? Quanto ha cambiato il mondo Picasso? Non \u00e8 misurabile, non \u00e8 una riforma politica che possiamo immediatamente percepire, e quindi ancor di pi\u00f9 mi emoziona essere tassello di questo progetto che fa pensare che questa terra sia colma di speranza, ma quale speranza? La speranza nel negare che abbiamo problemi? No, la speranza \u00e8 l\u00e0 dove noi siamo coscienti che quello che possiamo fare lo raccontiamo per \u201ctrasformare\u201d\u00bb. <\/p>\n\n\n\n<p>Il progetto del CAM \u00e8 frutto unicamente dell\u2019impegno individuale della gente locale, al di l\u00e0 degli aiuti istituzionali, grazie al lavoro di tanti volontari che, come dice Saviano: \u00abNon si sono affatto lamentati per l\u2019assenza delle istituzioni, ma che invece hanno lavorato sodo e con impegno hanno cos\u00ec dimostrato che si pu\u00f2 fare! Che ci si pu\u00f2 dunque ribellare ad una trasformazione istituzionale\u00bb. <\/p>\n\n\n\n<p>Il CAM, Contemporary Art Museum, \u00e8 ubicato a Casoria in Via Calore, e apre al pubblico il marted\u00ec, mercoled\u00ec, gioved\u00ec e sabato, il calendario delle mostre \u00e8 consultabile sul sito ufficiale del museo.<\/p>\n\n\n\n<p style=\"text-align:right\"><em>Francesco Bartiromo\n<\/em><\/p>\n<div class=\"pdfprnt-buttons pdfprnt-buttons-post pdfprnt-bottom-left\"><a href=\"https:\/\/www.istitutogalanteoliva.it\/magazine\/wp-json\/wp\/v2\/posts\/202?print=print\" class=\"pdfprnt-button pdfprnt-button-print\" target=\"_blank\"><img decoding=\"async\" src=\"https:\/\/www.istitutogalanteoliva.it\/magazine\/wp-content\/plugins\/pdf-print\/images\/print.png\" alt=\"image_print\" title=\"Stampa contenuto\" \/><span class=\"pdfprnt-button-title pdfprnt-button-print-title\">Download in PDF<\/span><\/a><\/div>","protected":false},"excerpt":{"rendered":"<p>Casoria: nell\u2019ambiente surreale del CAM, Contemporary Art Museum, si \u00e8 svolta l\u2019inaugurazione della nuova ala<\/p>\n","protected":false},"author":1,"featured_media":203,"comment_status":"open","ping_status":"open","sticky":false,"template":"","format":"standard","meta":{"footnotes":""},"categories":[5,7],"tags":[],"class_list":["post-202","post","type-post","status-publish","format-standard","has-post-thumbnail","hentry","category-5","category-arte_e_spettacolo"],"yoast_head":"<!-- This site is optimized with the Yoast SEO plugin v24.2 - https:\/\/yoast.com\/wordpress\/plugins\/seo\/ -->\n<title>A Casoria un Museo dedicato a Roberto Saviano - Polis SA Magazine<\/title>\n<meta name=\"robots\" content=\"index, follow, max-snippet:-1, max-image-preview:large, max-video-preview:-1\" \/>\n<link rel=\"canonical\" href=\"https:\/\/www.istitutogalanteoliva.it\/magazine\/2016\/12\/24\/a-casoria-un-museo-dedicato-a-roberto-saviano\/\" \/>\n<meta property=\"og:locale\" content=\"it_IT\" \/>\n<meta property=\"og:type\" content=\"article\" \/>\n<meta property=\"og:title\" content=\"A Casoria un Museo dedicato a Roberto Saviano - Polis SA Magazine\" \/>\n<meta property=\"og:description\" content=\"Casoria: nell\u2019ambiente surreale del CAM, Contemporary Art Museum, si \u00e8 svolta l\u2019inaugurazione della nuova ala\" \/>\n<meta property=\"og:url\" content=\"https:\/\/www.istitutogalanteoliva.it\/magazine\/2016\/12\/24\/a-casoria-un-museo-dedicato-a-roberto-saviano\/\" \/>\n<meta property=\"og:site_name\" content=\"Polis SA Magazine\" \/>\n<meta property=\"article:publisher\" content=\"https:\/\/www.facebook.com\/PolisSAMagazine\/\" \/>\n<meta property=\"article:published_time\" content=\"2016-12-24T11:34:13+00:00\" \/>\n<meta property=\"article:modified_time\" content=\"2019-03-02T11:39:19+00:00\" \/>\n<meta property=\"og:image\" content=\"https:\/\/www.istitutogalanteoliva.it\/magazine\/wp-content\/uploads\/2019\/03\/Roberto-Saviano.jpg\" \/>\n\t<meta property=\"og:image:width\" content=\"640\" \/>\n\t<meta property=\"og:image:height\" content=\"405\" \/>\n\t<meta property=\"og:image:type\" content=\"image\/jpeg\" \/>\n<meta name=\"author\" content=\"admin\" \/>\n<meta name=\"twitter:card\" content=\"summary_large_image\" \/>\n<meta name=\"twitter:creator\" content=\"@MagazinePolis\" \/>\n<meta name=\"twitter:site\" content=\"@MagazinePolis\" \/>\n<meta name=\"twitter:label1\" content=\"Scritto da\" \/>\n\t<meta name=\"twitter:data1\" content=\"admin\" \/>\n\t<meta name=\"twitter:label2\" content=\"Tempo di lettura stimato\" \/>\n\t<meta name=\"twitter:data2\" content=\"4 minuti\" \/>\n<script type=\"application\/ld+json\" class=\"yoast-schema-graph\">{\"@context\":\"https:\/\/schema.org\",\"@graph\":[{\"@type\":\"Article\",\"@id\":\"https:\/\/www.istitutogalanteoliva.it\/magazine\/2016\/12\/24\/a-casoria-un-museo-dedicato-a-roberto-saviano\/#article\",\"isPartOf\":{\"@id\":\"https:\/\/www.istitutogalanteoliva.it\/magazine\/2016\/12\/24\/a-casoria-un-museo-dedicato-a-roberto-saviano\/\"},\"author\":{\"name\":\"admin\",\"@id\":\"https:\/\/www.istitutogalanteoliva.it\/magazine\/#\/schema\/person\/72e8141246542ebcf905456f5dbd4c49\"},\"headline\":\"A Casoria un Museo dedicato a Roberto Saviano\",\"datePublished\":\"2016-12-24T11:34:13+00:00\",\"dateModified\":\"2019-03-02T11:39:19+00:00\",\"mainEntityOfPage\":{\"@id\":\"https:\/\/www.istitutogalanteoliva.it\/magazine\/2016\/12\/24\/a-casoria-un-museo-dedicato-a-roberto-saviano\/\"},\"wordCount\":789,\"commentCount\":0,\"publisher\":{\"@id\":\"https:\/\/www.istitutogalanteoliva.it\/magazine\/#organization\"},\"image\":{\"@id\":\"https:\/\/www.istitutogalanteoliva.it\/magazine\/2016\/12\/24\/a-casoria-un-museo-dedicato-a-roberto-saviano\/#primaryimage\"},\"thumbnailUrl\":\"https:\/\/www.istitutogalanteoliva.it\/magazine\/wp-content\/uploads\/2019\/03\/Roberto-Saviano.jpg\",\"articleSection\":[\"2016\",\"Arte e Spettacolo\"],\"inLanguage\":\"it-IT\",\"potentialAction\":[{\"@type\":\"CommentAction\",\"name\":\"Comment\",\"target\":[\"https:\/\/www.istitutogalanteoliva.it\/magazine\/2016\/12\/24\/a-casoria-un-museo-dedicato-a-roberto-saviano\/#respond\"]}]},{\"@type\":\"WebPage\",\"@id\":\"https:\/\/www.istitutogalanteoliva.it\/magazine\/2016\/12\/24\/a-casoria-un-museo-dedicato-a-roberto-saviano\/\",\"url\":\"https:\/\/www.istitutogalanteoliva.it\/magazine\/2016\/12\/24\/a-casoria-un-museo-dedicato-a-roberto-saviano\/\",\"name\":\"A Casoria un Museo dedicato a Roberto Saviano - Polis SA Magazine\",\"isPartOf\":{\"@id\":\"https:\/\/www.istitutogalanteoliva.it\/magazine\/#website\"},\"primaryImageOfPage\":{\"@id\":\"https:\/\/www.istitutogalanteoliva.it\/magazine\/2016\/12\/24\/a-casoria-un-museo-dedicato-a-roberto-saviano\/#primaryimage\"},\"image\":{\"@id\":\"https:\/\/www.istitutogalanteoliva.it\/magazine\/2016\/12\/24\/a-casoria-un-museo-dedicato-a-roberto-saviano\/#primaryimage\"},\"thumbnailUrl\":\"https:\/\/www.istitutogalanteoliva.it\/magazine\/wp-content\/uploads\/2019\/03\/Roberto-Saviano.jpg\",\"datePublished\":\"2016-12-24T11:34:13+00:00\",\"dateModified\":\"2019-03-02T11:39:19+00:00\",\"breadcrumb\":{\"@id\":\"https:\/\/www.istitutogalanteoliva.it\/magazine\/2016\/12\/24\/a-casoria-un-museo-dedicato-a-roberto-saviano\/#breadcrumb\"},\"inLanguage\":\"it-IT\",\"potentialAction\":[{\"@type\":\"ReadAction\",\"target\":[\"https:\/\/www.istitutogalanteoliva.it\/magazine\/2016\/12\/24\/a-casoria-un-museo-dedicato-a-roberto-saviano\/\"]}]},{\"@type\":\"ImageObject\",\"inLanguage\":\"it-IT\",\"@id\":\"https:\/\/www.istitutogalanteoliva.it\/magazine\/2016\/12\/24\/a-casoria-un-museo-dedicato-a-roberto-saviano\/#primaryimage\",\"url\":\"https:\/\/www.istitutogalanteoliva.it\/magazine\/wp-content\/uploads\/2019\/03\/Roberto-Saviano.jpg\",\"contentUrl\":\"https:\/\/www.istitutogalanteoliva.it\/magazine\/wp-content\/uploads\/2019\/03\/Roberto-Saviano.jpg\",\"width\":640,\"height\":405},{\"@type\":\"BreadcrumbList\",\"@id\":\"https:\/\/www.istitutogalanteoliva.it\/magazine\/2016\/12\/24\/a-casoria-un-museo-dedicato-a-roberto-saviano\/#breadcrumb\",\"itemListElement\":[{\"@type\":\"ListItem\",\"position\":1,\"name\":\"Home\",\"item\":\"https:\/\/www.istitutogalanteoliva.it\/magazine\/\"},{\"@type\":\"ListItem\",\"position\":2,\"name\":\"A Casoria un Museo dedicato a Roberto Saviano\"}]},{\"@type\":\"WebSite\",\"@id\":\"https:\/\/www.istitutogalanteoliva.it\/magazine\/#website\",\"url\":\"https:\/\/www.istitutogalanteoliva.it\/magazine\/\",\"name\":\"POLIS SA MAGAZINE\",\"description\":\"L&#039;informazione libera \",\"publisher\":{\"@id\":\"https:\/\/www.istitutogalanteoliva.it\/magazine\/#organization\"},\"potentialAction\":[{\"@type\":\"SearchAction\",\"target\":{\"@type\":\"EntryPoint\",\"urlTemplate\":\"https:\/\/www.istitutogalanteoliva.it\/magazine\/?s={search_term_string}\"},\"query-input\":{\"@type\":\"PropertyValueSpecification\",\"valueRequired\":true,\"valueName\":\"search_term_string\"}}],\"inLanguage\":\"it-IT\"},{\"@type\":\"Organization\",\"@id\":\"https:\/\/www.istitutogalanteoliva.it\/magazine\/#organization\",\"name\":\"Polis SA Magazine\",\"url\":\"https:\/\/www.istitutogalanteoliva.it\/magazine\/\",\"logo\":{\"@type\":\"ImageObject\",\"inLanguage\":\"it-IT\",\"@id\":\"https:\/\/www.istitutogalanteoliva.it\/magazine\/#\/schema\/logo\/image\/\",\"url\":\"\",\"contentUrl\":\"\",\"caption\":\"Polis SA Magazine\"},\"image\":{\"@id\":\"https:\/\/www.istitutogalanteoliva.it\/magazine\/#\/schema\/logo\/image\/\"},\"sameAs\":[\"https:\/\/www.facebook.com\/PolisSAMagazine\/\",\"https:\/\/x.com\/MagazinePolis\",\"https:\/\/www.youtube.com\/channel\/UCv0Mr5AHKUmsc0sEEXkJrgw\"]},{\"@type\":\"Person\",\"@id\":\"https:\/\/www.istitutogalanteoliva.it\/magazine\/#\/schema\/person\/72e8141246542ebcf905456f5dbd4c49\",\"name\":\"admin\",\"image\":{\"@type\":\"ImageObject\",\"inLanguage\":\"it-IT\",\"@id\":\"https:\/\/www.istitutogalanteoliva.it\/magazine\/#\/schema\/person\/image\/\",\"url\":\"https:\/\/secure.gravatar.com\/avatar\/07059cc99eeb1edd29e138d1812e69ec?s=96&d=mm&r=g\",\"contentUrl\":\"https:\/\/secure.gravatar.com\/avatar\/07059cc99eeb1edd29e138d1812e69ec?s=96&d=mm&r=g\",\"caption\":\"admin\"},\"url\":\"https:\/\/www.istitutogalanteoliva.it\/magazine\/author\/admin\/\"}]}<\/script>\n<!-- \/ Yoast SEO plugin. -->","yoast_head_json":{"title":"A Casoria un Museo dedicato a Roberto Saviano - Polis SA Magazine","robots":{"index":"index","follow":"follow","max-snippet":"max-snippet:-1","max-image-preview":"max-image-preview:large","max-video-preview":"max-video-preview:-1"},"canonical":"https:\/\/www.istitutogalanteoliva.it\/magazine\/2016\/12\/24\/a-casoria-un-museo-dedicato-a-roberto-saviano\/","og_locale":"it_IT","og_type":"article","og_title":"A Casoria un Museo dedicato a Roberto Saviano - Polis SA Magazine","og_description":"Casoria: nell\u2019ambiente surreale del CAM, Contemporary Art Museum, si \u00e8 svolta l\u2019inaugurazione della nuova ala","og_url":"https:\/\/www.istitutogalanteoliva.it\/magazine\/2016\/12\/24\/a-casoria-un-museo-dedicato-a-roberto-saviano\/","og_site_name":"Polis SA Magazine","article_publisher":"https:\/\/www.facebook.com\/PolisSAMagazine\/","article_published_time":"2016-12-24T11:34:13+00:00","article_modified_time":"2019-03-02T11:39:19+00:00","og_image":[{"width":640,"height":405,"url":"https:\/\/www.istitutogalanteoliva.it\/magazine\/wp-content\/uploads\/2019\/03\/Roberto-Saviano.jpg","type":"image\/jpeg"}],"author":"admin","twitter_card":"summary_large_image","twitter_creator":"@MagazinePolis","twitter_site":"@MagazinePolis","twitter_misc":{"Scritto da":"admin","Tempo di lettura stimato":"4 minuti"},"schema":{"@context":"https:\/\/schema.org","@graph":[{"@type":"Article","@id":"https:\/\/www.istitutogalanteoliva.it\/magazine\/2016\/12\/24\/a-casoria-un-museo-dedicato-a-roberto-saviano\/#article","isPartOf":{"@id":"https:\/\/www.istitutogalanteoliva.it\/magazine\/2016\/12\/24\/a-casoria-un-museo-dedicato-a-roberto-saviano\/"},"author":{"name":"admin","@id":"https:\/\/www.istitutogalanteoliva.it\/magazine\/#\/schema\/person\/72e8141246542ebcf905456f5dbd4c49"},"headline":"A Casoria un Museo dedicato a Roberto Saviano","datePublished":"2016-12-24T11:34:13+00:00","dateModified":"2019-03-02T11:39:19+00:00","mainEntityOfPage":{"@id":"https:\/\/www.istitutogalanteoliva.it\/magazine\/2016\/12\/24\/a-casoria-un-museo-dedicato-a-roberto-saviano\/"},"wordCount":789,"commentCount":0,"publisher":{"@id":"https:\/\/www.istitutogalanteoliva.it\/magazine\/#organization"},"image":{"@id":"https:\/\/www.istitutogalanteoliva.it\/magazine\/2016\/12\/24\/a-casoria-un-museo-dedicato-a-roberto-saviano\/#primaryimage"},"thumbnailUrl":"https:\/\/www.istitutogalanteoliva.it\/magazine\/wp-content\/uploads\/2019\/03\/Roberto-Saviano.jpg","articleSection":["2016","Arte e Spettacolo"],"inLanguage":"it-IT","potentialAction":[{"@type":"CommentAction","name":"Comment","target":["https:\/\/www.istitutogalanteoliva.it\/magazine\/2016\/12\/24\/a-casoria-un-museo-dedicato-a-roberto-saviano\/#respond"]}]},{"@type":"WebPage","@id":"https:\/\/www.istitutogalanteoliva.it\/magazine\/2016\/12\/24\/a-casoria-un-museo-dedicato-a-roberto-saviano\/","url":"https:\/\/www.istitutogalanteoliva.it\/magazine\/2016\/12\/24\/a-casoria-un-museo-dedicato-a-roberto-saviano\/","name":"A Casoria un Museo dedicato a Roberto Saviano - Polis SA Magazine","isPartOf":{"@id":"https:\/\/www.istitutogalanteoliva.it\/magazine\/#website"},"primaryImageOfPage":{"@id":"https:\/\/www.istitutogalanteoliva.it\/magazine\/2016\/12\/24\/a-casoria-un-museo-dedicato-a-roberto-saviano\/#primaryimage"},"image":{"@id":"https:\/\/www.istitutogalanteoliva.it\/magazine\/2016\/12\/24\/a-casoria-un-museo-dedicato-a-roberto-saviano\/#primaryimage"},"thumbnailUrl":"https:\/\/www.istitutogalanteoliva.it\/magazine\/wp-content\/uploads\/2019\/03\/Roberto-Saviano.jpg","datePublished":"2016-12-24T11:34:13+00:00","dateModified":"2019-03-02T11:39:19+00:00","breadcrumb":{"@id":"https:\/\/www.istitutogalanteoliva.it\/magazine\/2016\/12\/24\/a-casoria-un-museo-dedicato-a-roberto-saviano\/#breadcrumb"},"inLanguage":"it-IT","potentialAction":[{"@type":"ReadAction","target":["https:\/\/www.istitutogalanteoliva.it\/magazine\/2016\/12\/24\/a-casoria-un-museo-dedicato-a-roberto-saviano\/"]}]},{"@type":"ImageObject","inLanguage":"it-IT","@id":"https:\/\/www.istitutogalanteoliva.it\/magazine\/2016\/12\/24\/a-casoria-un-museo-dedicato-a-roberto-saviano\/#primaryimage","url":"https:\/\/www.istitutogalanteoliva.it\/magazine\/wp-content\/uploads\/2019\/03\/Roberto-Saviano.jpg","contentUrl":"https:\/\/www.istitutogalanteoliva.it\/magazine\/wp-content\/uploads\/2019\/03\/Roberto-Saviano.jpg","width":640,"height":405},{"@type":"BreadcrumbList","@id":"https:\/\/www.istitutogalanteoliva.it\/magazine\/2016\/12\/24\/a-casoria-un-museo-dedicato-a-roberto-saviano\/#breadcrumb","itemListElement":[{"@type":"ListItem","position":1,"name":"Home","item":"https:\/\/www.istitutogalanteoliva.it\/magazine\/"},{"@type":"ListItem","position":2,"name":"A Casoria un Museo dedicato a Roberto Saviano"}]},{"@type":"WebSite","@id":"https:\/\/www.istitutogalanteoliva.it\/magazine\/#website","url":"https:\/\/www.istitutogalanteoliva.it\/magazine\/","name":"POLIS SA MAGAZINE","description":"L&#039;informazione libera ","publisher":{"@id":"https:\/\/www.istitutogalanteoliva.it\/magazine\/#organization"},"potentialAction":[{"@type":"SearchAction","target":{"@type":"EntryPoint","urlTemplate":"https:\/\/www.istitutogalanteoliva.it\/magazine\/?s={search_term_string}"},"query-input":{"@type":"PropertyValueSpecification","valueRequired":true,"valueName":"search_term_string"}}],"inLanguage":"it-IT"},{"@type":"Organization","@id":"https:\/\/www.istitutogalanteoliva.it\/magazine\/#organization","name":"Polis SA Magazine","url":"https:\/\/www.istitutogalanteoliva.it\/magazine\/","logo":{"@type":"ImageObject","inLanguage":"it-IT","@id":"https:\/\/www.istitutogalanteoliva.it\/magazine\/#\/schema\/logo\/image\/","url":"","contentUrl":"","caption":"Polis SA Magazine"},"image":{"@id":"https:\/\/www.istitutogalanteoliva.it\/magazine\/#\/schema\/logo\/image\/"},"sameAs":["https:\/\/www.facebook.com\/PolisSAMagazine\/","https:\/\/x.com\/MagazinePolis","https:\/\/www.youtube.com\/channel\/UCv0Mr5AHKUmsc0sEEXkJrgw"]},{"@type":"Person","@id":"https:\/\/www.istitutogalanteoliva.it\/magazine\/#\/schema\/person\/72e8141246542ebcf905456f5dbd4c49","name":"admin","image":{"@type":"ImageObject","inLanguage":"it-IT","@id":"https:\/\/www.istitutogalanteoliva.it\/magazine\/#\/schema\/person\/image\/","url":"https:\/\/secure.gravatar.com\/avatar\/07059cc99eeb1edd29e138d1812e69ec?s=96&d=mm&r=g","contentUrl":"https:\/\/secure.gravatar.com\/avatar\/07059cc99eeb1edd29e138d1812e69ec?s=96&d=mm&r=g","caption":"admin"},"url":"https:\/\/www.istitutogalanteoliva.it\/magazine\/author\/admin\/"}]}},"_links":{"self":[{"href":"https:\/\/www.istitutogalanteoliva.it\/magazine\/wp-json\/wp\/v2\/posts\/202","targetHints":{"allow":["GET"]}}],"collection":[{"href":"https:\/\/www.istitutogalanteoliva.it\/magazine\/wp-json\/wp\/v2\/posts"}],"about":[{"href":"https:\/\/www.istitutogalanteoliva.it\/magazine\/wp-json\/wp\/v2\/types\/post"}],"author":[{"embeddable":true,"href":"https:\/\/www.istitutogalanteoliva.it\/magazine\/wp-json\/wp\/v2\/users\/1"}],"replies":[{"embeddable":true,"href":"https:\/\/www.istitutogalanteoliva.it\/magazine\/wp-json\/wp\/v2\/comments?post=202"}],"version-history":[{"count":1,"href":"https:\/\/www.istitutogalanteoliva.it\/magazine\/wp-json\/wp\/v2\/posts\/202\/revisions"}],"predecessor-version":[{"id":204,"href":"https:\/\/www.istitutogalanteoliva.it\/magazine\/wp-json\/wp\/v2\/posts\/202\/revisions\/204"}],"wp:featuredmedia":[{"embeddable":true,"href":"https:\/\/www.istitutogalanteoliva.it\/magazine\/wp-json\/wp\/v2\/media\/203"}],"wp:attachment":[{"href":"https:\/\/www.istitutogalanteoliva.it\/magazine\/wp-json\/wp\/v2\/media?parent=202"}],"wp:term":[{"taxonomy":"category","embeddable":true,"href":"https:\/\/www.istitutogalanteoliva.it\/magazine\/wp-json\/wp\/v2\/categories?post=202"},{"taxonomy":"post_tag","embeddable":true,"href":"https:\/\/www.istitutogalanteoliva.it\/magazine\/wp-json\/wp\/v2\/tags?post=202"}],"curies":[{"name":"wp","href":"https:\/\/api.w.org\/{rel}","templated":true}]}}