{"id":20463,"date":"2026-04-17T08:00:00","date_gmt":"2026-04-17T06:00:00","guid":{"rendered":"https:\/\/www.istitutogalanteoliva.it\/magazine\/?p=20463"},"modified":"2026-04-17T15:40:05","modified_gmt":"2026-04-17T13:40:05","slug":"tra-filosofia-e-geografia-platone-gli-atomi-e-il-mistero-di-atlantide","status":"publish","type":"post","link":"https:\/\/www.istitutogalanteoliva.it\/magazine\/2026\/04\/17\/tra-filosofia-e-geografia-platone-gli-atomi-e-il-mistero-di-atlantide\/","title":{"rendered":"Tra filosofia e geografia: Platone, gli atomi e il mistero di Atlantide"},"content":{"rendered":"\n<p>Non \u00e8 certa l\u2019attribuzione della teoria atomistica, tra Democrito, Leucippo e Platone. Ma di fatto, solo di quest\u2019ultimo ci arrivano testi scritti (Timeo di Platone) che spieghino in modo pi\u00f9 o meno chiaro la teoria. In pratica, quei filosofi greci sostenevano che la materia non fosse piena, bens\u00ec ottenuta dall\u2019insieme di microscopiche particelle (atomi) separate l\u2019una dall\u2019altra, che ruotano vorticosamente attorno a s\u00e9 stesse.<br>Disponevano di un potente microscopio elettronico? Ne dubito, ma proviamo a darci una possibile spiegazione:<br>Se disponiamo di una certa quantit\u00e0 d\u2019acqua e la raffreddiamo, questa passa dallo stato liquido allo stato solido (ghiaccio).<br>Se invece la riscaldiamo, questa comincia a evaporare, passando allo stato gassoso (vapore acqueo) e a diventare invisibile.<br>\u00c8 scomparsa? No e infatti se eseguiamo l\u2019esperimento all\u2019interno di un vano chiuso, il vapore si concentra nell\u2019aria e sulle pareti del vano; riabbassando la temperatura, pian piano le particelle d\u2019acqua riacquisteranno lo stato liquido andando a depositarsi sul pavimento.<br>Questa \u00e8 filosofia. Per poterla esercitare, gli studiosi devono essere animati da amore per la conoscenza (filo\u2013sofia); per i meno acculturati, diciamo che \u201cfilo\u201d per i greci aveva lo stesso significato del \u201clike\u201d per gli anglosassoni; mentre \u201csophia\u201d \u00e8 il sapere, la conoscenza.<\/p>\n\n\n\n<p><br>Cos\u00ec i filosofi partendo dalla matematica, andavano poi a studiare tutte le scienze all\u2019epoca disponibili, acquisendo una dote che definiamo \u201clogica\u201d.<br>Perch\u00e9 questa disamina? Perch\u00e9 quando sento uno storico, affermare che gli scritti di Platone non abbiano validit\u00e0 scientifica in quanto affermazioni filosofiche, mi vengono i peli come quelli di un cinghiale (metafora eufemistica per non utilizzarne una pi\u00f9 cruda).<br>Di fatto, con questa sciocca affermazione, a venticinque anni dalla pubblicazione del pregevole libro di Sergio Frau \u201c<strong><em>Le Colonne d\u2019Ercole \/ un\u2019Inchiesta<\/em><\/strong>\u201d, ancora si nega che Platone nei suoi due testi \u201cTimeo\u201d e \u201cCrizia\u201d stesse descrivendo la Sardegna.<\/p>\n\n\n\n<p><br>Eppure, la descrizione non \u00e8 equivocabile: superate le Colonne d\u2019Ercole si trovava un\u2019Isola (Platone la chiamava Isola di Atlante, ma molti altri cronisti la chiamavano Iperborea); da questa era possibile raggiungere le altre isole dell\u2019impero e, da queste giungere al Continente che questo VERO mare circonda; questo impero si estendeva in Europa fino alla Tirrenia (per Platone era l\u2019Etruria) e in Africa fino alla Libia. Se questa non \u00e8 la descrizione del Mediterraneo Occidentale, ditemi voi.<br>Manca un\u2019ultima precisazione. All\u2019epoca il geografo Eratostene disegn\u00f2 le terre conosciute, posizionando le Colonne d\u2019Ercole nell\u2019attuale stretto di Gibilterra. Questo dettaglio rendeva difficile la localizzazione dell\u2019Isola, ma un altro filosofo, Dicearco da Messina specific\u00f2 che la distanza delle colonne d\u2019Ercole dal Peloponneso era pari a diecimila stadi (mille miglia marine attuali). In tal modo diventa credibile che le colonne si trovassero molto pi\u00f9 vicine alla Grecia. Per esempio, in Sicilia (come sostiene Sergio Frau, con una grossa approssimazione per difetto) o nell\u2019arcipelago del Sulcis (come sostiene il sottoscritto, con molta precisione in pi\u00f9); in entrambi i casi l&#8217;Atlantide, aldil\u00e0 di ogni ragionevole dubbio, \u00e8 la Sardegna.<\/p>\n\n\n\n<p class=\"has-text-align-right\"><strong><em>Giorgio Saba<\/em><\/strong><\/p>\n\n\n\n<p class=\"has-text-align-left has-background\" style=\"background-color:#8dd2fc82;font-size:16px\"><strong>Giorgio Saba<\/strong>, nato a Cagliari. Laureato in Architettura a Firenze, svolge attivit\u00e0 di libera professione. Nel 1983 frequenta un anno del Corso di Perfezionamento in Archeologia e Storia della Sardegna (docenti, Giovanni Lilliu e Enrico Atzeni).<br> Dal 1984 al 2017 \u00e8 docente nella Scuola pubblica (negli ultimi 30 anni insegna Architettura al Liceo).<br> Dal 2012 al 2017 \u00e8 Presidente dell\u00b4Ordine Architetti, P.P. e C. di Cagliari e ottiene l\u00b4attivazione degli Esami abilitanti la professione di Architetto. Membro dell\u00b4Osservatorio Citt\u00e0 Metropolitane del CNAPPC. Coordinatore di URBANPRO Cagliari (Ordine Architetti, CCIAA, Confcommercio, ANCE). \u00c8 stato relatore e coordinatore in oltre quaranta convegni su temi di Architettura, Paesaggio, Archeologia, Teoria del Colore, Linguaggi semiotici.<strong><em> <\/em><\/strong><br>Nel 2016 pubblica il libro\u00a0<em><a href=\"https:\/\/www.ibs.it\/scusi-dov-ade-ipotesi-sulla-ebook-giorgio-saba\/e\/9788899685096?srsltid=AfmBOoqw_vtZEycPMWHnvffNdlWaupWNNELZRqNnqbA_Wm2xJORIGjP9\"><mark style=\"background-color:rgba(0, 0, 0, 0)\" class=\"has-inline-color has-vivid-red-color\"><strong>Scusi dov\u00b4\u00e8 l\u00b4Ade<\/strong>?<\/mark><\/a><\/em>\u00a0(la prima edizione va esaurita in otto mesi). Nel 2024 \u00e8 uscito<a href=\" Sardegna: dimora antica degli dei\u2026 e di altri condomini\"> <\/a><strong><em><a href=\" Sardegna: dimora antica degli dei\u2026 e di altri condomini\"><mark style=\"background-color:rgba(0, 0, 0, 0)\" class=\"has-inline-color has-vivid-red-color\">Sardegna: dimora antica degli dei\u2026 e di altri condomini<\/mark><\/a><mark style=\"background-color:rgba(0, 0, 0, 0)\" class=\"has-inline-color has-vivid-red-color\">.<\/mark><\/em><\/strong> Per Polis ha gi\u00e0 curato la serie, in otto puntate, <em><a href=\"https:\/\/www.istitutogalanteoliva.it\/magazine\/category\/gli-dei-greci-erano-davvero-greci\/\"><strong><mark style=\"background-color:rgba(0, 0, 0, 0)\" class=\"has-inline-color has-vivid-red-color\">Gli d\u00e8i greci erano davvero greci?<\/mark><\/strong><\/a><\/em><\/p>\n\n\n\n<p class=\"has-white-color has-black-background-color has-text-color has-background has-link-color wp-elements-4bdcf965efd8a6f3b1a6be4610b47fee\">@Tutti i diritti riservati ai sensi della Legge 633\/1941 sul diritto d&#8217;autore e delle normative internazionali sul copyright. \u00c8 vietata la riproduzione, anche parziale, senza il permesso scritto della redazione<\/p>\n<div class=\"pdfprnt-buttons pdfprnt-buttons-post pdfprnt-bottom-left\"><a href=\"https:\/\/www.istitutogalanteoliva.it\/magazine\/wp-json\/wp\/v2\/posts\/20463?print=print\" class=\"pdfprnt-button pdfprnt-button-print\" target=\"_blank\"><img decoding=\"async\" src=\"https:\/\/www.istitutogalanteoliva.it\/magazine\/wp-content\/plugins\/pdf-print\/images\/print.png\" alt=\"image_print\" title=\"Stampa contenuto\" \/><span class=\"pdfprnt-button-title pdfprnt-button-print-title\">Download in PDF<\/span><\/a><\/div>","protected":false},"excerpt":{"rendered":"<p>Dalla teoria atomistica dei filosofi greci alla controversa interpretazione dei dialoghi platonici: quando il pensiero antico sfida ancora la storia e la scienza moderne.<\/p>\n","protected":false},"author":2,"featured_media":20464,"comment_status":"closed","ping_status":"open","sticky":true,"template":"","format":"standard","meta":{"footnotes":""},"categories":[1483,438],"tags":[1559,152],"class_list":["post-20463","post","type-post","status-publish","format-standard","has-post-thumbnail","hentry","category-1483","category-il-punto-di-vista","tag-atlandite","tag-sardegna"],"yoast_head":"<!-- This site is optimized with the Yoast SEO plugin v24.2 - https:\/\/yoast.com\/wordpress\/plugins\/seo\/ -->\n<title>Tra filosofia e geografia: Platone, gli atomi e il mistero di Atlantide - Polis SA Magazine<\/title>\n<meta name=\"description\" content=\"Dalla teoria atomistica alla descrizione di Atlantide nei dialoghi di Platone: un\u2019analisi tra filosofia antica e l\u2019ipotesi che...\" \/>\n<meta name=\"robots\" content=\"index, follow, max-snippet:-1, max-image-preview:large, max-video-preview:-1\" \/>\n<link rel=\"canonical\" href=\"https:\/\/www.istitutogalanteoliva.it\/magazine\/2026\/04\/17\/tra-filosofia-e-geografia-platone-gli-atomi-e-il-mistero-di-atlantide\/\" \/>\n<meta property=\"og:locale\" content=\"it_IT\" \/>\n<meta property=\"og:type\" content=\"article\" \/>\n<meta property=\"og:title\" content=\"Tra filosofia e geografia: Platone, gli atomi e il mistero di Atlantide - Polis SA Magazine\" \/>\n<meta property=\"og:description\" content=\"Dalla teoria atomistica alla descrizione di Atlantide nei dialoghi di Platone: un\u2019analisi tra filosofia antica e l\u2019ipotesi che...\" \/>\n<meta property=\"og:url\" content=\"https:\/\/www.istitutogalanteoliva.it\/magazine\/2026\/04\/17\/tra-filosofia-e-geografia-platone-gli-atomi-e-il-mistero-di-atlantide\/\" \/>\n<meta property=\"og:site_name\" content=\"Polis SA Magazine\" \/>\n<meta property=\"article:publisher\" content=\"https:\/\/www.facebook.com\/PolisSAMagazine\/\" \/>\n<meta property=\"article:published_time\" content=\"2026-04-17T06:00:00+00:00\" \/>\n<meta property=\"article:modified_time\" content=\"2026-04-17T13:40:05+00:00\" \/>\n<meta property=\"og:image\" content=\"https:\/\/www.istitutogalanteoliva.it\/magazine\/wp-content\/uploads\/2026\/04\/ssn-1.jpg\" \/>\n\t<meta property=\"og:image:width\" content=\"700\" \/>\n\t<meta property=\"og:image:height\" content=\"380\" \/>\n\t<meta property=\"og:image:type\" content=\"image\/jpeg\" \/>\n<meta name=\"author\" content=\"Antonello Rivano\" \/>\n<meta name=\"twitter:card\" content=\"summary_large_image\" \/>\n<meta name=\"twitter:creator\" content=\"@MagazinePolis\" \/>\n<meta name=\"twitter:site\" content=\"@MagazinePolis\" \/>\n<meta name=\"twitter:label1\" content=\"Scritto da\" \/>\n\t<meta name=\"twitter:data1\" content=\"Antonello Rivano\" \/>\n\t<meta name=\"twitter:label2\" content=\"Tempo di lettura stimato\" \/>\n\t<meta name=\"twitter:data2\" content=\"4 minuti\" \/>\n<script type=\"application\/ld+json\" class=\"yoast-schema-graph\">{\"@context\":\"https:\/\/schema.org\",\"@graph\":[{\"@type\":\"Article\",\"@id\":\"https:\/\/www.istitutogalanteoliva.it\/magazine\/2026\/04\/17\/tra-filosofia-e-geografia-platone-gli-atomi-e-il-mistero-di-atlantide\/#article\",\"isPartOf\":{\"@id\":\"https:\/\/www.istitutogalanteoliva.it\/magazine\/2026\/04\/17\/tra-filosofia-e-geografia-platone-gli-atomi-e-il-mistero-di-atlantide\/\"},\"author\":{\"name\":\"Antonello Rivano\",\"@id\":\"https:\/\/www.istitutogalanteoliva.it\/magazine\/#\/schema\/person\/d8b8aa79cfe8babc1df9da3212a7c0c4\"},\"headline\":\"Tra filosofia e geografia: Platone, gli atomi e il mistero di Atlantide\",\"datePublished\":\"2026-04-17T06:00:00+00:00\",\"dateModified\":\"2026-04-17T13:40:05+00:00\",\"mainEntityOfPage\":{\"@id\":\"https:\/\/www.istitutogalanteoliva.it\/magazine\/2026\/04\/17\/tra-filosofia-e-geografia-platone-gli-atomi-e-il-mistero-di-atlantide\/\"},\"wordCount\":510,\"publisher\":{\"@id\":\"https:\/\/www.istitutogalanteoliva.it\/magazine\/#organization\"},\"image\":{\"@id\":\"https:\/\/www.istitutogalanteoliva.it\/magazine\/2026\/04\/17\/tra-filosofia-e-geografia-platone-gli-atomi-e-il-mistero-di-atlantide\/#primaryimage\"},\"thumbnailUrl\":\"https:\/\/www.istitutogalanteoliva.it\/magazine\/wp-content\/uploads\/2026\/04\/ssn-1.jpg\",\"keywords\":[\"Atlandite\",\"Sardegna\"],\"articleSection\":[\"2026\",\"Il punto di vista\"],\"inLanguage\":\"it-IT\"},{\"@type\":\"WebPage\",\"@id\":\"https:\/\/www.istitutogalanteoliva.it\/magazine\/2026\/04\/17\/tra-filosofia-e-geografia-platone-gli-atomi-e-il-mistero-di-atlantide\/\",\"url\":\"https:\/\/www.istitutogalanteoliva.it\/magazine\/2026\/04\/17\/tra-filosofia-e-geografia-platone-gli-atomi-e-il-mistero-di-atlantide\/\",\"name\":\"Tra filosofia e geografia: Platone, gli atomi e il mistero di Atlantide - Polis SA Magazine\",\"isPartOf\":{\"@id\":\"https:\/\/www.istitutogalanteoliva.it\/magazine\/#website\"},\"primaryImageOfPage\":{\"@id\":\"https:\/\/www.istitutogalanteoliva.it\/magazine\/2026\/04\/17\/tra-filosofia-e-geografia-platone-gli-atomi-e-il-mistero-di-atlantide\/#primaryimage\"},\"image\":{\"@id\":\"https:\/\/www.istitutogalanteoliva.it\/magazine\/2026\/04\/17\/tra-filosofia-e-geografia-platone-gli-atomi-e-il-mistero-di-atlantide\/#primaryimage\"},\"thumbnailUrl\":\"https:\/\/www.istitutogalanteoliva.it\/magazine\/wp-content\/uploads\/2026\/04\/ssn-1.jpg\",\"datePublished\":\"2026-04-17T06:00:00+00:00\",\"dateModified\":\"2026-04-17T13:40:05+00:00\",\"description\":\"Dalla teoria atomistica alla descrizione di Atlantide nei dialoghi di Platone: un\u2019analisi tra filosofia antica e l\u2019ipotesi che...\",\"breadcrumb\":{\"@id\":\"https:\/\/www.istitutogalanteoliva.it\/magazine\/2026\/04\/17\/tra-filosofia-e-geografia-platone-gli-atomi-e-il-mistero-di-atlantide\/#breadcrumb\"},\"inLanguage\":\"it-IT\",\"potentialAction\":[{\"@type\":\"ReadAction\",\"target\":[\"https:\/\/www.istitutogalanteoliva.it\/magazine\/2026\/04\/17\/tra-filosofia-e-geografia-platone-gli-atomi-e-il-mistero-di-atlantide\/\"]}]},{\"@type\":\"ImageObject\",\"inLanguage\":\"it-IT\",\"@id\":\"https:\/\/www.istitutogalanteoliva.it\/magazine\/2026\/04\/17\/tra-filosofia-e-geografia-platone-gli-atomi-e-il-mistero-di-atlantide\/#primaryimage\",\"url\":\"https:\/\/www.istitutogalanteoliva.it\/magazine\/wp-content\/uploads\/2026\/04\/ssn-1.jpg\",\"contentUrl\":\"https:\/\/www.istitutogalanteoliva.it\/magazine\/wp-content\/uploads\/2026\/04\/ssn-1.jpg\",\"width\":700,\"height\":380},{\"@type\":\"BreadcrumbList\",\"@id\":\"https:\/\/www.istitutogalanteoliva.it\/magazine\/2026\/04\/17\/tra-filosofia-e-geografia-platone-gli-atomi-e-il-mistero-di-atlantide\/#breadcrumb\",\"itemListElement\":[{\"@type\":\"ListItem\",\"position\":1,\"name\":\"Home\",\"item\":\"https:\/\/www.istitutogalanteoliva.it\/magazine\/\"},{\"@type\":\"ListItem\",\"position\":2,\"name\":\"Tra filosofia e geografia: Platone, gli atomi e il mistero di Atlantide\"}]},{\"@type\":\"WebSite\",\"@id\":\"https:\/\/www.istitutogalanteoliva.it\/magazine\/#website\",\"url\":\"https:\/\/www.istitutogalanteoliva.it\/magazine\/\",\"name\":\"POLIS SA MAGAZINE\",\"description\":\"Informazione e approfondimenti\",\"publisher\":{\"@id\":\"https:\/\/www.istitutogalanteoliva.it\/magazine\/#organization\"},\"potentialAction\":[{\"@type\":\"SearchAction\",\"target\":{\"@type\":\"EntryPoint\",\"urlTemplate\":\"https:\/\/www.istitutogalanteoliva.it\/magazine\/?s={search_term_string}\"},\"query-input\":{\"@type\":\"PropertyValueSpecification\",\"valueRequired\":true,\"valueName\":\"search_term_string\"}}],\"inLanguage\":\"it-IT\"},{\"@type\":\"Organization\",\"@id\":\"https:\/\/www.istitutogalanteoliva.it\/magazine\/#organization\",\"name\":\"Polis SA Magazine\",\"url\":\"https:\/\/www.istitutogalanteoliva.it\/magazine\/\",\"logo\":{\"@type\":\"ImageObject\",\"inLanguage\":\"it-IT\",\"@id\":\"https:\/\/www.istitutogalanteoliva.it\/magazine\/#\/schema\/logo\/image\/\",\"url\":\"\",\"contentUrl\":\"\",\"caption\":\"Polis SA Magazine\"},\"image\":{\"@id\":\"https:\/\/www.istitutogalanteoliva.it\/magazine\/#\/schema\/logo\/image\/\"},\"sameAs\":[\"https:\/\/www.facebook.com\/PolisSAMagazine\/\",\"https:\/\/x.com\/MagazinePolis\",\"https:\/\/www.youtube.com\/channel\/UCv0Mr5AHKUmsc0sEEXkJrgw\"]},{\"@type\":\"Person\",\"@id\":\"https:\/\/www.istitutogalanteoliva.it\/magazine\/#\/schema\/person\/d8b8aa79cfe8babc1df9da3212a7c0c4\",\"name\":\"Antonello Rivano\",\"image\":{\"@type\":\"ImageObject\",\"inLanguage\":\"it-IT\",\"@id\":\"https:\/\/www.istitutogalanteoliva.it\/magazine\/#\/schema\/person\/image\/\",\"url\":\"https:\/\/secure.gravatar.com\/avatar\/517a9a6487a7a18ecc4ce6d2e57a8f40?s=96&d=mm&r=g\",\"contentUrl\":\"https:\/\/secure.gravatar.com\/avatar\/517a9a6487a7a18ecc4ce6d2e57a8f40?s=96&d=mm&r=g\",\"caption\":\"Antonello Rivano\"},\"url\":\"https:\/\/www.istitutogalanteoliva.it\/magazine\/author\/antonello\/\"}]}<\/script>\n<!-- \/ Yoast SEO plugin. -->","yoast_head_json":{"title":"Tra filosofia e geografia: Platone, gli atomi e il mistero di Atlantide - Polis SA Magazine","description":"Dalla teoria atomistica alla descrizione di Atlantide nei dialoghi di Platone: un\u2019analisi tra filosofia antica e l\u2019ipotesi che...","robots":{"index":"index","follow":"follow","max-snippet":"max-snippet:-1","max-image-preview":"max-image-preview:large","max-video-preview":"max-video-preview:-1"},"canonical":"https:\/\/www.istitutogalanteoliva.it\/magazine\/2026\/04\/17\/tra-filosofia-e-geografia-platone-gli-atomi-e-il-mistero-di-atlantide\/","og_locale":"it_IT","og_type":"article","og_title":"Tra filosofia e geografia: Platone, gli atomi e il mistero di Atlantide - Polis SA Magazine","og_description":"Dalla teoria atomistica alla descrizione di Atlantide nei dialoghi di Platone: un\u2019analisi tra filosofia antica e l\u2019ipotesi che...","og_url":"https:\/\/www.istitutogalanteoliva.it\/magazine\/2026\/04\/17\/tra-filosofia-e-geografia-platone-gli-atomi-e-il-mistero-di-atlantide\/","og_site_name":"Polis SA Magazine","article_publisher":"https:\/\/www.facebook.com\/PolisSAMagazine\/","article_published_time":"2026-04-17T06:00:00+00:00","article_modified_time":"2026-04-17T13:40:05+00:00","og_image":[{"width":700,"height":380,"url":"https:\/\/www.istitutogalanteoliva.it\/magazine\/wp-content\/uploads\/2026\/04\/ssn-1.jpg","type":"image\/jpeg"}],"author":"Antonello Rivano","twitter_card":"summary_large_image","twitter_creator":"@MagazinePolis","twitter_site":"@MagazinePolis","twitter_misc":{"Scritto da":"Antonello Rivano","Tempo di lettura stimato":"4 minuti"},"schema":{"@context":"https:\/\/schema.org","@graph":[{"@type":"Article","@id":"https:\/\/www.istitutogalanteoliva.it\/magazine\/2026\/04\/17\/tra-filosofia-e-geografia-platone-gli-atomi-e-il-mistero-di-atlantide\/#article","isPartOf":{"@id":"https:\/\/www.istitutogalanteoliva.it\/magazine\/2026\/04\/17\/tra-filosofia-e-geografia-platone-gli-atomi-e-il-mistero-di-atlantide\/"},"author":{"name":"Antonello Rivano","@id":"https:\/\/www.istitutogalanteoliva.it\/magazine\/#\/schema\/person\/d8b8aa79cfe8babc1df9da3212a7c0c4"},"headline":"Tra filosofia e geografia: Platone, gli atomi e il mistero di Atlantide","datePublished":"2026-04-17T06:00:00+00:00","dateModified":"2026-04-17T13:40:05+00:00","mainEntityOfPage":{"@id":"https:\/\/www.istitutogalanteoliva.it\/magazine\/2026\/04\/17\/tra-filosofia-e-geografia-platone-gli-atomi-e-il-mistero-di-atlantide\/"},"wordCount":510,"publisher":{"@id":"https:\/\/www.istitutogalanteoliva.it\/magazine\/#organization"},"image":{"@id":"https:\/\/www.istitutogalanteoliva.it\/magazine\/2026\/04\/17\/tra-filosofia-e-geografia-platone-gli-atomi-e-il-mistero-di-atlantide\/#primaryimage"},"thumbnailUrl":"https:\/\/www.istitutogalanteoliva.it\/magazine\/wp-content\/uploads\/2026\/04\/ssn-1.jpg","keywords":["Atlandite","Sardegna"],"articleSection":["2026","Il punto di vista"],"inLanguage":"it-IT"},{"@type":"WebPage","@id":"https:\/\/www.istitutogalanteoliva.it\/magazine\/2026\/04\/17\/tra-filosofia-e-geografia-platone-gli-atomi-e-il-mistero-di-atlantide\/","url":"https:\/\/www.istitutogalanteoliva.it\/magazine\/2026\/04\/17\/tra-filosofia-e-geografia-platone-gli-atomi-e-il-mistero-di-atlantide\/","name":"Tra filosofia e geografia: Platone, gli atomi e il mistero di Atlantide - Polis SA Magazine","isPartOf":{"@id":"https:\/\/www.istitutogalanteoliva.it\/magazine\/#website"},"primaryImageOfPage":{"@id":"https:\/\/www.istitutogalanteoliva.it\/magazine\/2026\/04\/17\/tra-filosofia-e-geografia-platone-gli-atomi-e-il-mistero-di-atlantide\/#primaryimage"},"image":{"@id":"https:\/\/www.istitutogalanteoliva.it\/magazine\/2026\/04\/17\/tra-filosofia-e-geografia-platone-gli-atomi-e-il-mistero-di-atlantide\/#primaryimage"},"thumbnailUrl":"https:\/\/www.istitutogalanteoliva.it\/magazine\/wp-content\/uploads\/2026\/04\/ssn-1.jpg","datePublished":"2026-04-17T06:00:00+00:00","dateModified":"2026-04-17T13:40:05+00:00","description":"Dalla teoria atomistica alla descrizione di Atlantide nei dialoghi di Platone: un\u2019analisi tra filosofia antica e l\u2019ipotesi che...","breadcrumb":{"@id":"https:\/\/www.istitutogalanteoliva.it\/magazine\/2026\/04\/17\/tra-filosofia-e-geografia-platone-gli-atomi-e-il-mistero-di-atlantide\/#breadcrumb"},"inLanguage":"it-IT","potentialAction":[{"@type":"ReadAction","target":["https:\/\/www.istitutogalanteoliva.it\/magazine\/2026\/04\/17\/tra-filosofia-e-geografia-platone-gli-atomi-e-il-mistero-di-atlantide\/"]}]},{"@type":"ImageObject","inLanguage":"it-IT","@id":"https:\/\/www.istitutogalanteoliva.it\/magazine\/2026\/04\/17\/tra-filosofia-e-geografia-platone-gli-atomi-e-il-mistero-di-atlantide\/#primaryimage","url":"https:\/\/www.istitutogalanteoliva.it\/magazine\/wp-content\/uploads\/2026\/04\/ssn-1.jpg","contentUrl":"https:\/\/www.istitutogalanteoliva.it\/magazine\/wp-content\/uploads\/2026\/04\/ssn-1.jpg","width":700,"height":380},{"@type":"BreadcrumbList","@id":"https:\/\/www.istitutogalanteoliva.it\/magazine\/2026\/04\/17\/tra-filosofia-e-geografia-platone-gli-atomi-e-il-mistero-di-atlantide\/#breadcrumb","itemListElement":[{"@type":"ListItem","position":1,"name":"Home","item":"https:\/\/www.istitutogalanteoliva.it\/magazine\/"},{"@type":"ListItem","position":2,"name":"Tra filosofia e geografia: Platone, gli atomi e il mistero di Atlantide"}]},{"@type":"WebSite","@id":"https:\/\/www.istitutogalanteoliva.it\/magazine\/#website","url":"https:\/\/www.istitutogalanteoliva.it\/magazine\/","name":"POLIS SA MAGAZINE","description":"Informazione e approfondimenti","publisher":{"@id":"https:\/\/www.istitutogalanteoliva.it\/magazine\/#organization"},"potentialAction":[{"@type":"SearchAction","target":{"@type":"EntryPoint","urlTemplate":"https:\/\/www.istitutogalanteoliva.it\/magazine\/?s={search_term_string}"},"query-input":{"@type":"PropertyValueSpecification","valueRequired":true,"valueName":"search_term_string"}}],"inLanguage":"it-IT"},{"@type":"Organization","@id":"https:\/\/www.istitutogalanteoliva.it\/magazine\/#organization","name":"Polis SA Magazine","url":"https:\/\/www.istitutogalanteoliva.it\/magazine\/","logo":{"@type":"ImageObject","inLanguage":"it-IT","@id":"https:\/\/www.istitutogalanteoliva.it\/magazine\/#\/schema\/logo\/image\/","url":"","contentUrl":"","caption":"Polis SA Magazine"},"image":{"@id":"https:\/\/www.istitutogalanteoliva.it\/magazine\/#\/schema\/logo\/image\/"},"sameAs":["https:\/\/www.facebook.com\/PolisSAMagazine\/","https:\/\/x.com\/MagazinePolis","https:\/\/www.youtube.com\/channel\/UCv0Mr5AHKUmsc0sEEXkJrgw"]},{"@type":"Person","@id":"https:\/\/www.istitutogalanteoliva.it\/magazine\/#\/schema\/person\/d8b8aa79cfe8babc1df9da3212a7c0c4","name":"Antonello Rivano","image":{"@type":"ImageObject","inLanguage":"it-IT","@id":"https:\/\/www.istitutogalanteoliva.it\/magazine\/#\/schema\/person\/image\/","url":"https:\/\/secure.gravatar.com\/avatar\/517a9a6487a7a18ecc4ce6d2e57a8f40?s=96&d=mm&r=g","contentUrl":"https:\/\/secure.gravatar.com\/avatar\/517a9a6487a7a18ecc4ce6d2e57a8f40?s=96&d=mm&r=g","caption":"Antonello Rivano"},"url":"https:\/\/www.istitutogalanteoliva.it\/magazine\/author\/antonello\/"}]}},"_links":{"self":[{"href":"https:\/\/www.istitutogalanteoliva.it\/magazine\/wp-json\/wp\/v2\/posts\/20463","targetHints":{"allow":["GET"]}}],"collection":[{"href":"https:\/\/www.istitutogalanteoliva.it\/magazine\/wp-json\/wp\/v2\/posts"}],"about":[{"href":"https:\/\/www.istitutogalanteoliva.it\/magazine\/wp-json\/wp\/v2\/types\/post"}],"author":[{"embeddable":true,"href":"https:\/\/www.istitutogalanteoliva.it\/magazine\/wp-json\/wp\/v2\/users\/2"}],"replies":[{"embeddable":true,"href":"https:\/\/www.istitutogalanteoliva.it\/magazine\/wp-json\/wp\/v2\/comments?post=20463"}],"version-history":[{"count":2,"href":"https:\/\/www.istitutogalanteoliva.it\/magazine\/wp-json\/wp\/v2\/posts\/20463\/revisions"}],"predecessor-version":[{"id":20466,"href":"https:\/\/www.istitutogalanteoliva.it\/magazine\/wp-json\/wp\/v2\/posts\/20463\/revisions\/20466"}],"wp:featuredmedia":[{"embeddable":true,"href":"https:\/\/www.istitutogalanteoliva.it\/magazine\/wp-json\/wp\/v2\/media\/20464"}],"wp:attachment":[{"href":"https:\/\/www.istitutogalanteoliva.it\/magazine\/wp-json\/wp\/v2\/media?parent=20463"}],"wp:term":[{"taxonomy":"category","embeddable":true,"href":"https:\/\/www.istitutogalanteoliva.it\/magazine\/wp-json\/wp\/v2\/categories?post=20463"},{"taxonomy":"post_tag","embeddable":true,"href":"https:\/\/www.istitutogalanteoliva.it\/magazine\/wp-json\/wp\/v2\/tags?post=20463"}],"curies":[{"name":"wp","href":"https:\/\/api.w.org\/{rel}","templated":true}]}}