{"id":20498,"date":"2026-04-25T08:00:00","date_gmt":"2026-04-25T06:00:00","guid":{"rendered":"https:\/\/www.istitutogalanteoliva.it\/magazine\/?p=20498"},"modified":"2026-04-30T08:19:53","modified_gmt":"2026-04-30T06:19:53","slug":"25-aprile-oggi","status":"publish","type":"post","link":"https:\/\/www.istitutogalanteoliva.it\/magazine\/2026\/04\/25\/25-aprile-oggi\/","title":{"rendered":"25 aprile, oggi"},"content":{"rendered":"\n<div class=\"wp-block-group\"><div class=\"wp-block-group__inner-container is-layout-constrained wp-block-group-is-layout-constrained\">\n<hr class=\"wp-block-separator has-alpha-channel-opacity\"\/>\n\n\n\n<div class=\"wp-block-group has-white-background-color has-background\"><div class=\"wp-block-group__inner-container is-layout-constrained wp-block-group-is-layout-constrained\">\n<div class=\"wp-block-group\"><div class=\"wp-block-group__inner-container is-layout-constrained wp-block-group-is-layout-constrained\">\n<div class=\"wp-block-group has-background\" style=\"background-color:#8dd2fc1f\"><div class=\"wp-block-group__inner-container is-layout-constrained wp-block-group-is-layout-constrained\">\n<h4 class=\"wp-block-heading has-text-align-center has-black-color has-text-color has-background has-link-color wp-elements-db7c86b663001562d7019db577b0a5c2\" style=\"background-color:#8dd2fc57\">IN PUNTA DI PENNA<br>Gli editoriali del Direttore di Redazione Antonello Rivano<\/h4>\n\n\n\n<p class=\"has-text-align-left has-background\" style=\"background-color:#8dd2fc47;font-size:16px\"><code><mark style=\"background-color:rgba(0, 0, 0, 0)\" class=\"has-inline-color has-black-color\">\"Scrivere \u00e8 un gesto delicato, quasi impercettibile, come camminare in punta di penna sulla superficie del nostro tempo. Non per dare risposte, ma per lasciare che le parole scivolino tra le pieghe della realt\u00e0, invitandoci a fermarci, a guardare pi\u00f9 a fondo, a pensare. In un tempo che sembra divorato dalla fretta e dalla superficialit\u00e0, le parole diventano fari: non per guidarci verso certezze, ma per ricordarci che riflettere \u00e8 ancora possibile, che ascoltare e nominare ci\u00f2 che accade ha un valore che non si misura in like o in rumore, ma nella capacit\u00e0 di nutrire la nostra attenzione e il nostro senso del mondo.\"<strong><br><\/strong><\/mark><em><strong><mark style=\"background-color:rgba(0, 0, 0, 0)\" class=\"has-inline-color has-black-color\"><sup>AR<\/sup><\/mark><\/strong><\/em><\/code><\/p>\n<\/div><\/div>\n<\/div><\/div>\n<\/div><\/div>\n\n\n\n<hr class=\"wp-block-separator has-alpha-channel-opacity\"\/>\n<\/div><\/div>\n\n\n\n<h3 class=\"wp-block-heading has-text-align-center\">25 aprile, oggi<\/h3>\n\n\n\n<p>C\u2019\u00e8 una data che, pi\u00f9 di altre, resiste al tempo non perch\u00e9 resti immobile, ma perch\u00e9 continua a interrogarlo. Il 25 aprile \u00e8 questo: una domanda aperta, mai del tutto risolta, che ogni anno torna a chiederci da che parte stiamo.<\/p>\n\n\n\n<p>Non \u00e8 solo una ricorrenza. Non \u00e8 un rituale da calendario, n\u00e9 una formula da ripetere senza pensarci troppo. Il 25 aprile \u00e8 una linea di confine, tracciata nella storia ma viva nel presente. Da una parte la libert\u00e0 conquistata, dall\u2019altra il rischio \u2013 sempre attuale \u2013 di darla per scontata.<\/p>\n\n\n\n<p>Nel clima politico italiano di oggi, questa linea appare pi\u00f9 fragile, pi\u00f9 esposta. Non tanto perch\u00e9 la storia sia dimenticata, quanto perch\u00e9 viene continuamente reinterpretata, piegata alle esigenze del presente, resa pi\u00f9 digeribile. Si cerca un equilibrio, una narrazione che non disturbi troppo, che non costringa a prendere posizione.<\/p>\n\n\n\n<p>Eppure, \u00e8 proprio questo il punto. La Liberazione non \u00e8 mai stata neutra. \u00c8 stata una presa di posizione. \u00c8 stata una scelta di campo. E forse ci\u00f2 che oggi fatichiamo ad accettare \u00e8 proprio questo: l\u2019idea che esistano momenti della storia in cui non basta ricordare, bisogna riconoscere. E riconoscere implica distinguere, nominare, assumersi una responsabilit\u00e0.<\/p>\n\n\n\n<p>Nel dibattito pubblico, sempre pi\u00f9 spesso, si scivola in una forma di equivalenza che sembra rassicurante ma che, in realt\u00e0, svuota. Tutto viene ricondotto a una stessa distanza, a una stessa misura, come se il tempo avesse livellato ogni cosa. Ma la storia non si semplifica senza perdere qualcosa. E quel qualcosa, di solito, \u00e8 il suo significato.<\/p>\n\n\n\n<p>Si parla di memoria \u201ccondivisa\u201d. Ma condividere non pu\u00f2 voler dire confondere. Non pu\u00f2 voler dire rendere indistinto ci\u00f2 che, per sua natura, \u00e8 stato divisivo. Il 25 aprile divide, s\u00ec \u2014 ma nel senso pi\u00f9 alto del termine: separa ci\u00f2 che \u00e8 stato da ci\u00f2 che non doveva essere, traccia un limite, indica una direzione.<\/p>\n\n\n\n<p>Non \u00e8 una divisione da temere, ma una consapevolezza da custodire. Perch\u00e9 quando viene meno la capacit\u00e0 di distinguere, viene meno anche la capacit\u00e0 di riconoscere i segnali del presente. E allora il rischio non \u00e8 solo dimenticare, ma non capire pi\u00f9.<\/p>\n\n\n\n<p>Oggi, in Italia, il 25 aprile continua a essere attraversato da tensioni sottili, da esitazioni, da parole che cercano di stare in equilibrio senza mai cadere da una parte. \u00c8 un equilibrio apparente, spesso costruito per evitare conflitti, per non scontentare. Ma una memoria che evita il conflitto finisce per evitare anche la verit\u00e0.<\/p>\n\n\n\n<p>Non si tratta di irrigidire le posizioni, n\u00e9 di trasformare la memoria in uno strumento di contrapposizione permanente. Si tratta, piuttosto, di restituirle il suo peso. Di riconoscere che alcune parole \u2014 libert\u00e0, democrazia, antifascismo \u2014 non sono intercambiabili, non sono adattabili a ogni contesto senza perdere consistenza.<\/p>\n\n\n\n<p>E allora il 25 aprile torna a essere quello che \u00e8 sempre stato: non una celebrazione da difendere, ma un significato da abitare. Un richiamo, non un rifugio. Una responsabilit\u00e0, non una formula.<\/p>\n\n\n\n<p>Il rischio pi\u00f9 grande non \u00e8 il dissenso attorno a questa data. \u00c8 la sua normalizzazione. Il suo diventare innocua, prevedibile, svuotata. Perch\u00e9 una memoria che non disturba smette di interrogare. E quando smette di interrogare, smette anche di essere viva.<\/p>\n\n\n\n<p>Il 25 aprile, oggi, non \u00e8 meno necessario. \u00c8 pi\u00f9 esposto. Pi\u00f9 fragile. E proprio per questo, pi\u00f9 urgente.<\/p>\n\n\n\n<p class=\"has-text-align-left\"><img loading=\"lazy\" decoding=\"async\" width=\"80\" height=\"80\" class=\"wp-image-15584\" style=\"width: 80px;\" src=\"https:\/\/www.istitutogalanteoliva.it\/magazine\/wp-content\/uploads\/2024\/08\/anto.png\" alt=\"\" srcset=\"https:\/\/www.istitutogalanteoliva.it\/magazine\/wp-content\/uploads\/2024\/08\/anto.png 247w, https:\/\/www.istitutogalanteoliva.it\/magazine\/wp-content\/uploads\/2024\/08\/anto-150x150.png 150w\" sizes=\"auto, (max-width: 80px) 100vw, 80px\" \/><em><mark style=\"background-color:rgba(0, 0, 0, 0)\" class=\"has-inline-color has-black-color\"><strong><a href=\"https:\/\/www.istitutogalanteoliva\/antonello-rivano-2\/\">Antonello Rivano<\/a><\/strong><\/mark><\/em><br><sup><strong>Direttore di redazione\/coordinatore nazionale<\/strong> <strong><em>Polis SA Magazine<\/em><\/strong><\/sup><br><\/p>\n\n\n\n<p><\/p>\n<div class=\"pdfprnt-buttons pdfprnt-buttons-post pdfprnt-bottom-left\"><a href=\"https:\/\/www.istitutogalanteoliva.it\/magazine\/wp-json\/wp\/v2\/posts\/20498?print=print\" class=\"pdfprnt-button pdfprnt-button-print\" target=\"_blank\"><img decoding=\"async\" src=\"https:\/\/www.istitutogalanteoliva.it\/magazine\/wp-content\/plugins\/pdf-print\/images\/print.png\" alt=\"image_print\" title=\"Stampa contenuto\" \/><span class=\"pdfprnt-button-title pdfprnt-button-print-title\">Download in PDF<\/span><\/a><\/div>","protected":false},"excerpt":{"rendered":"<p>Tra memoria e scontro politico, la Liberazione continua a interrogare il presente italiano pi\u00f9 di quanto si voglia ammettere.<\/p>\n","protected":false},"author":2,"featured_media":20499,"comment_status":"closed","ping_status":"open","sticky":true,"template":"","format":"standard","meta":{"footnotes":""},"categories":[1483,96],"tags":[1335],"class_list":["post-20498","post","type-post","status-publish","format-standard","has-post-thumbnail","hentry","category-1483","category-in-punta-di-penna","tag-liberazione"],"yoast_head":"<!-- This site is optimized with the Yoast SEO plugin v24.2 - https:\/\/yoast.com\/wordpress\/plugins\/seo\/ -->\n<title>25 aprile, oggi - Polis SA Magazine<\/title>\n<meta name=\"description\" content=\"C\u2019\u00e8 una data che, pi\u00f9 di altre, resiste al tempo non perch\u00e9 resti immobile, ma perch\u00e9 continua a interrogarlo\" \/>\n<meta name=\"robots\" content=\"index, follow, max-snippet:-1, max-image-preview:large, max-video-preview:-1\" \/>\n<link rel=\"canonical\" href=\"https:\/\/www.istitutogalanteoliva.it\/magazine\/2026\/04\/25\/25-aprile-oggi\/\" \/>\n<meta property=\"og:locale\" content=\"it_IT\" \/>\n<meta property=\"og:type\" content=\"article\" \/>\n<meta property=\"og:title\" content=\"25 aprile, oggi - Polis SA Magazine\" \/>\n<meta property=\"og:description\" content=\"C\u2019\u00e8 una data che, pi\u00f9 di altre, resiste al tempo non perch\u00e9 resti immobile, ma perch\u00e9 continua a interrogarlo\" \/>\n<meta property=\"og:url\" content=\"https:\/\/www.istitutogalanteoliva.it\/magazine\/2026\/04\/25\/25-aprile-oggi\/\" \/>\n<meta property=\"og:site_name\" content=\"Polis SA Magazine\" \/>\n<meta property=\"article:publisher\" content=\"https:\/\/www.facebook.com\/PolisSAMagazine\/\" \/>\n<meta property=\"article:published_time\" content=\"2026-04-25T06:00:00+00:00\" \/>\n<meta property=\"article:modified_time\" content=\"2026-04-30T06:19:53+00:00\" \/>\n<meta property=\"og:image\" content=\"https:\/\/www.istitutogalanteoliva.it\/magazine\/wp-content\/uploads\/2026\/04\/25_aprile-2-1.jpg\" \/>\n\t<meta property=\"og:image:width\" content=\"700\" \/>\n\t<meta property=\"og:image:height\" content=\"380\" \/>\n\t<meta property=\"og:image:type\" content=\"image\/jpeg\" \/>\n<meta name=\"author\" content=\"Antonello Rivano\" \/>\n<meta name=\"twitter:card\" content=\"summary_large_image\" \/>\n<meta name=\"twitter:creator\" content=\"@MagazinePolis\" \/>\n<meta name=\"twitter:site\" content=\"@MagazinePolis\" \/>\n<meta name=\"twitter:label1\" content=\"Scritto da\" \/>\n\t<meta name=\"twitter:data1\" content=\"Antonello Rivano\" \/>\n\t<meta name=\"twitter:label2\" content=\"Tempo di lettura stimato\" \/>\n\t<meta name=\"twitter:data2\" content=\"9 minuti\" \/>\n<script type=\"application\/ld+json\" class=\"yoast-schema-graph\">{\"@context\":\"https:\/\/schema.org\",\"@graph\":[{\"@type\":\"Article\",\"@id\":\"https:\/\/www.istitutogalanteoliva.it\/magazine\/2026\/04\/25\/25-aprile-oggi\/#article\",\"isPartOf\":{\"@id\":\"https:\/\/www.istitutogalanteoliva.it\/magazine\/2026\/04\/25\/25-aprile-oggi\/\"},\"author\":{\"name\":\"Antonello Rivano\",\"@id\":\"https:\/\/www.istitutogalanteoliva.it\/magazine\/#\/schema\/person\/d8b8aa79cfe8babc1df9da3212a7c0c4\"},\"headline\":\"25 aprile, oggi\",\"datePublished\":\"2026-04-25T06:00:00+00:00\",\"dateModified\":\"2026-04-30T06:19:53+00:00\",\"mainEntityOfPage\":{\"@id\":\"https:\/\/www.istitutogalanteoliva.it\/magazine\/2026\/04\/25\/25-aprile-oggi\/\"},\"wordCount\":524,\"publisher\":{\"@id\":\"https:\/\/www.istitutogalanteoliva.it\/magazine\/#organization\"},\"image\":{\"@id\":\"https:\/\/www.istitutogalanteoliva.it\/magazine\/2026\/04\/25\/25-aprile-oggi\/#primaryimage\"},\"thumbnailUrl\":\"https:\/\/www.istitutogalanteoliva.it\/magazine\/wp-content\/uploads\/2026\/04\/25_aprile-2-1.jpg\",\"keywords\":[\"liberazione\"],\"articleSection\":[\"2026\",\"In punta di penna\"],\"inLanguage\":\"it-IT\"},{\"@type\":\"WebPage\",\"@id\":\"https:\/\/www.istitutogalanteoliva.it\/magazine\/2026\/04\/25\/25-aprile-oggi\/\",\"url\":\"https:\/\/www.istitutogalanteoliva.it\/magazine\/2026\/04\/25\/25-aprile-oggi\/\",\"name\":\"25 aprile, oggi - Polis SA Magazine\",\"isPartOf\":{\"@id\":\"https:\/\/www.istitutogalanteoliva.it\/magazine\/#website\"},\"primaryImageOfPage\":{\"@id\":\"https:\/\/www.istitutogalanteoliva.it\/magazine\/2026\/04\/25\/25-aprile-oggi\/#primaryimage\"},\"image\":{\"@id\":\"https:\/\/www.istitutogalanteoliva.it\/magazine\/2026\/04\/25\/25-aprile-oggi\/#primaryimage\"},\"thumbnailUrl\":\"https:\/\/www.istitutogalanteoliva.it\/magazine\/wp-content\/uploads\/2026\/04\/25_aprile-2-1.jpg\",\"datePublished\":\"2026-04-25T06:00:00+00:00\",\"dateModified\":\"2026-04-30T06:19:53+00:00\",\"description\":\"C\u2019\u00e8 una data che, pi\u00f9 di altre, resiste al tempo non perch\u00e9 resti immobile, ma perch\u00e9 continua a interrogarlo\",\"breadcrumb\":{\"@id\":\"https:\/\/www.istitutogalanteoliva.it\/magazine\/2026\/04\/25\/25-aprile-oggi\/#breadcrumb\"},\"inLanguage\":\"it-IT\",\"potentialAction\":[{\"@type\":\"ReadAction\",\"target\":[\"https:\/\/www.istitutogalanteoliva.it\/magazine\/2026\/04\/25\/25-aprile-oggi\/\"]}]},{\"@type\":\"ImageObject\",\"inLanguage\":\"it-IT\",\"@id\":\"https:\/\/www.istitutogalanteoliva.it\/magazine\/2026\/04\/25\/25-aprile-oggi\/#primaryimage\",\"url\":\"https:\/\/www.istitutogalanteoliva.it\/magazine\/wp-content\/uploads\/2026\/04\/25_aprile-2-1.jpg\",\"contentUrl\":\"https:\/\/www.istitutogalanteoliva.it\/magazine\/wp-content\/uploads\/2026\/04\/25_aprile-2-1.jpg\",\"width\":700,\"height\":380},{\"@type\":\"BreadcrumbList\",\"@id\":\"https:\/\/www.istitutogalanteoliva.it\/magazine\/2026\/04\/25\/25-aprile-oggi\/#breadcrumb\",\"itemListElement\":[{\"@type\":\"ListItem\",\"position\":1,\"name\":\"Home\",\"item\":\"https:\/\/www.istitutogalanteoliva.it\/magazine\/\"},{\"@type\":\"ListItem\",\"position\":2,\"name\":\"25 aprile, oggi\"}]},{\"@type\":\"WebSite\",\"@id\":\"https:\/\/www.istitutogalanteoliva.it\/magazine\/#website\",\"url\":\"https:\/\/www.istitutogalanteoliva.it\/magazine\/\",\"name\":\"POLIS SA MAGAZINE\",\"description\":\"Informazione e approfondimenti\",\"publisher\":{\"@id\":\"https:\/\/www.istitutogalanteoliva.it\/magazine\/#organization\"},\"potentialAction\":[{\"@type\":\"SearchAction\",\"target\":{\"@type\":\"EntryPoint\",\"urlTemplate\":\"https:\/\/www.istitutogalanteoliva.it\/magazine\/?s={search_term_string}\"},\"query-input\":{\"@type\":\"PropertyValueSpecification\",\"valueRequired\":true,\"valueName\":\"search_term_string\"}}],\"inLanguage\":\"it-IT\"},{\"@type\":\"Organization\",\"@id\":\"https:\/\/www.istitutogalanteoliva.it\/magazine\/#organization\",\"name\":\"Polis SA Magazine\",\"url\":\"https:\/\/www.istitutogalanteoliva.it\/magazine\/\",\"logo\":{\"@type\":\"ImageObject\",\"inLanguage\":\"it-IT\",\"@id\":\"https:\/\/www.istitutogalanteoliva.it\/magazine\/#\/schema\/logo\/image\/\",\"url\":\"\",\"contentUrl\":\"\",\"caption\":\"Polis SA Magazine\"},\"image\":{\"@id\":\"https:\/\/www.istitutogalanteoliva.it\/magazine\/#\/schema\/logo\/image\/\"},\"sameAs\":[\"https:\/\/www.facebook.com\/PolisSAMagazine\/\",\"https:\/\/x.com\/MagazinePolis\",\"https:\/\/www.youtube.com\/channel\/UCv0Mr5AHKUmsc0sEEXkJrgw\"]},{\"@type\":\"Person\",\"@id\":\"https:\/\/www.istitutogalanteoliva.it\/magazine\/#\/schema\/person\/d8b8aa79cfe8babc1df9da3212a7c0c4\",\"name\":\"Antonello Rivano\",\"image\":{\"@type\":\"ImageObject\",\"inLanguage\":\"it-IT\",\"@id\":\"https:\/\/www.istitutogalanteoliva.it\/magazine\/#\/schema\/person\/image\/\",\"url\":\"https:\/\/secure.gravatar.com\/avatar\/517a9a6487a7a18ecc4ce6d2e57a8f40?s=96&d=mm&r=g\",\"contentUrl\":\"https:\/\/secure.gravatar.com\/avatar\/517a9a6487a7a18ecc4ce6d2e57a8f40?s=96&d=mm&r=g\",\"caption\":\"Antonello Rivano\"},\"url\":\"https:\/\/www.istitutogalanteoliva.it\/magazine\/author\/antonello\/\"}]}<\/script>\n<!-- \/ Yoast SEO plugin. -->","yoast_head_json":{"title":"25 aprile, oggi - Polis SA Magazine","description":"C\u2019\u00e8 una data che, pi\u00f9 di altre, resiste al tempo non perch\u00e9 resti immobile, ma perch\u00e9 continua a interrogarlo","robots":{"index":"index","follow":"follow","max-snippet":"max-snippet:-1","max-image-preview":"max-image-preview:large","max-video-preview":"max-video-preview:-1"},"canonical":"https:\/\/www.istitutogalanteoliva.it\/magazine\/2026\/04\/25\/25-aprile-oggi\/","og_locale":"it_IT","og_type":"article","og_title":"25 aprile, oggi - Polis SA Magazine","og_description":"C\u2019\u00e8 una data che, pi\u00f9 di altre, resiste al tempo non perch\u00e9 resti immobile, ma perch\u00e9 continua a interrogarlo","og_url":"https:\/\/www.istitutogalanteoliva.it\/magazine\/2026\/04\/25\/25-aprile-oggi\/","og_site_name":"Polis SA Magazine","article_publisher":"https:\/\/www.facebook.com\/PolisSAMagazine\/","article_published_time":"2026-04-25T06:00:00+00:00","article_modified_time":"2026-04-30T06:19:53+00:00","og_image":[{"width":700,"height":380,"url":"https:\/\/www.istitutogalanteoliva.it\/magazine\/wp-content\/uploads\/2026\/04\/25_aprile-2-1.jpg","type":"image\/jpeg"}],"author":"Antonello Rivano","twitter_card":"summary_large_image","twitter_creator":"@MagazinePolis","twitter_site":"@MagazinePolis","twitter_misc":{"Scritto da":"Antonello Rivano","Tempo di lettura stimato":"9 minuti"},"schema":{"@context":"https:\/\/schema.org","@graph":[{"@type":"Article","@id":"https:\/\/www.istitutogalanteoliva.it\/magazine\/2026\/04\/25\/25-aprile-oggi\/#article","isPartOf":{"@id":"https:\/\/www.istitutogalanteoliva.it\/magazine\/2026\/04\/25\/25-aprile-oggi\/"},"author":{"name":"Antonello Rivano","@id":"https:\/\/www.istitutogalanteoliva.it\/magazine\/#\/schema\/person\/d8b8aa79cfe8babc1df9da3212a7c0c4"},"headline":"25 aprile, oggi","datePublished":"2026-04-25T06:00:00+00:00","dateModified":"2026-04-30T06:19:53+00:00","mainEntityOfPage":{"@id":"https:\/\/www.istitutogalanteoliva.it\/magazine\/2026\/04\/25\/25-aprile-oggi\/"},"wordCount":524,"publisher":{"@id":"https:\/\/www.istitutogalanteoliva.it\/magazine\/#organization"},"image":{"@id":"https:\/\/www.istitutogalanteoliva.it\/magazine\/2026\/04\/25\/25-aprile-oggi\/#primaryimage"},"thumbnailUrl":"https:\/\/www.istitutogalanteoliva.it\/magazine\/wp-content\/uploads\/2026\/04\/25_aprile-2-1.jpg","keywords":["liberazione"],"articleSection":["2026","In punta di penna"],"inLanguage":"it-IT"},{"@type":"WebPage","@id":"https:\/\/www.istitutogalanteoliva.it\/magazine\/2026\/04\/25\/25-aprile-oggi\/","url":"https:\/\/www.istitutogalanteoliva.it\/magazine\/2026\/04\/25\/25-aprile-oggi\/","name":"25 aprile, oggi - Polis SA Magazine","isPartOf":{"@id":"https:\/\/www.istitutogalanteoliva.it\/magazine\/#website"},"primaryImageOfPage":{"@id":"https:\/\/www.istitutogalanteoliva.it\/magazine\/2026\/04\/25\/25-aprile-oggi\/#primaryimage"},"image":{"@id":"https:\/\/www.istitutogalanteoliva.it\/magazine\/2026\/04\/25\/25-aprile-oggi\/#primaryimage"},"thumbnailUrl":"https:\/\/www.istitutogalanteoliva.it\/magazine\/wp-content\/uploads\/2026\/04\/25_aprile-2-1.jpg","datePublished":"2026-04-25T06:00:00+00:00","dateModified":"2026-04-30T06:19:53+00:00","description":"C\u2019\u00e8 una data che, pi\u00f9 di altre, resiste al tempo non perch\u00e9 resti immobile, ma perch\u00e9 continua a interrogarlo","breadcrumb":{"@id":"https:\/\/www.istitutogalanteoliva.it\/magazine\/2026\/04\/25\/25-aprile-oggi\/#breadcrumb"},"inLanguage":"it-IT","potentialAction":[{"@type":"ReadAction","target":["https:\/\/www.istitutogalanteoliva.it\/magazine\/2026\/04\/25\/25-aprile-oggi\/"]}]},{"@type":"ImageObject","inLanguage":"it-IT","@id":"https:\/\/www.istitutogalanteoliva.it\/magazine\/2026\/04\/25\/25-aprile-oggi\/#primaryimage","url":"https:\/\/www.istitutogalanteoliva.it\/magazine\/wp-content\/uploads\/2026\/04\/25_aprile-2-1.jpg","contentUrl":"https:\/\/www.istitutogalanteoliva.it\/magazine\/wp-content\/uploads\/2026\/04\/25_aprile-2-1.jpg","width":700,"height":380},{"@type":"BreadcrumbList","@id":"https:\/\/www.istitutogalanteoliva.it\/magazine\/2026\/04\/25\/25-aprile-oggi\/#breadcrumb","itemListElement":[{"@type":"ListItem","position":1,"name":"Home","item":"https:\/\/www.istitutogalanteoliva.it\/magazine\/"},{"@type":"ListItem","position":2,"name":"25 aprile, oggi"}]},{"@type":"WebSite","@id":"https:\/\/www.istitutogalanteoliva.it\/magazine\/#website","url":"https:\/\/www.istitutogalanteoliva.it\/magazine\/","name":"POLIS SA MAGAZINE","description":"Informazione e approfondimenti","publisher":{"@id":"https:\/\/www.istitutogalanteoliva.it\/magazine\/#organization"},"potentialAction":[{"@type":"SearchAction","target":{"@type":"EntryPoint","urlTemplate":"https:\/\/www.istitutogalanteoliva.it\/magazine\/?s={search_term_string}"},"query-input":{"@type":"PropertyValueSpecification","valueRequired":true,"valueName":"search_term_string"}}],"inLanguage":"it-IT"},{"@type":"Organization","@id":"https:\/\/www.istitutogalanteoliva.it\/magazine\/#organization","name":"Polis SA Magazine","url":"https:\/\/www.istitutogalanteoliva.it\/magazine\/","logo":{"@type":"ImageObject","inLanguage":"it-IT","@id":"https:\/\/www.istitutogalanteoliva.it\/magazine\/#\/schema\/logo\/image\/","url":"","contentUrl":"","caption":"Polis SA Magazine"},"image":{"@id":"https:\/\/www.istitutogalanteoliva.it\/magazine\/#\/schema\/logo\/image\/"},"sameAs":["https:\/\/www.facebook.com\/PolisSAMagazine\/","https:\/\/x.com\/MagazinePolis","https:\/\/www.youtube.com\/channel\/UCv0Mr5AHKUmsc0sEEXkJrgw"]},{"@type":"Person","@id":"https:\/\/www.istitutogalanteoliva.it\/magazine\/#\/schema\/person\/d8b8aa79cfe8babc1df9da3212a7c0c4","name":"Antonello Rivano","image":{"@type":"ImageObject","inLanguage":"it-IT","@id":"https:\/\/www.istitutogalanteoliva.it\/magazine\/#\/schema\/person\/image\/","url":"https:\/\/secure.gravatar.com\/avatar\/517a9a6487a7a18ecc4ce6d2e57a8f40?s=96&d=mm&r=g","contentUrl":"https:\/\/secure.gravatar.com\/avatar\/517a9a6487a7a18ecc4ce6d2e57a8f40?s=96&d=mm&r=g","caption":"Antonello Rivano"},"url":"https:\/\/www.istitutogalanteoliva.it\/magazine\/author\/antonello\/"}]}},"_links":{"self":[{"href":"https:\/\/www.istitutogalanteoliva.it\/magazine\/wp-json\/wp\/v2\/posts\/20498","targetHints":{"allow":["GET"]}}],"collection":[{"href":"https:\/\/www.istitutogalanteoliva.it\/magazine\/wp-json\/wp\/v2\/posts"}],"about":[{"href":"https:\/\/www.istitutogalanteoliva.it\/magazine\/wp-json\/wp\/v2\/types\/post"}],"author":[{"embeddable":true,"href":"https:\/\/www.istitutogalanteoliva.it\/magazine\/wp-json\/wp\/v2\/users\/2"}],"replies":[{"embeddable":true,"href":"https:\/\/www.istitutogalanteoliva.it\/magazine\/wp-json\/wp\/v2\/comments?post=20498"}],"version-history":[{"count":1,"href":"https:\/\/www.istitutogalanteoliva.it\/magazine\/wp-json\/wp\/v2\/posts\/20498\/revisions"}],"predecessor-version":[{"id":20500,"href":"https:\/\/www.istitutogalanteoliva.it\/magazine\/wp-json\/wp\/v2\/posts\/20498\/revisions\/20500"}],"wp:featuredmedia":[{"embeddable":true,"href":"https:\/\/www.istitutogalanteoliva.it\/magazine\/wp-json\/wp\/v2\/media\/20499"}],"wp:attachment":[{"href":"https:\/\/www.istitutogalanteoliva.it\/magazine\/wp-json\/wp\/v2\/media?parent=20498"}],"wp:term":[{"taxonomy":"category","embeddable":true,"href":"https:\/\/www.istitutogalanteoliva.it\/magazine\/wp-json\/wp\/v2\/categories?post=20498"},{"taxonomy":"post_tag","embeddable":true,"href":"https:\/\/www.istitutogalanteoliva.it\/magazine\/wp-json\/wp\/v2\/tags?post=20498"}],"curies":[{"name":"wp","href":"https:\/\/api.w.org\/{rel}","templated":true}]}}