{"id":20505,"date":"2026-04-26T08:10:46","date_gmt":"2026-04-26T06:10:46","guid":{"rendered":"https:\/\/www.istitutogalanteoliva.it\/magazine\/?p=20505"},"modified":"2026-04-30T08:20:25","modified_gmt":"2026-04-30T06:20:25","slug":"il-colore-e-un-linguaggio-10-grigio","status":"publish","type":"post","link":"https:\/\/www.istitutogalanteoliva.it\/magazine\/2026\/04\/26\/il-colore-e-un-linguaggio-10-grigio\/","title":{"rendered":"Il colore \u00e8 un linguaggio \u201310: Grigio"},"content":{"rendered":"\n<p><em>Lo studio del colore interessa pi\u00f9 discipline, tutte strettamente legate ad applicazioni concrete nella vita quotidiana di ognuno di noi, al rapporto tra le persone e alla comunicazione. Interessa la&nbsp;<strong>fisica<\/strong>, ma specialmente l\u2019<strong>ottica<\/strong>&nbsp;per tutto ci\u00f2 che avviene all\u2019esterno del sistema visivo. La&nbsp;<strong>fisiologia<\/strong>, per quanto riguarda il funzionamento dell\u2019occhio e la generazione, elaborazione, codifica e trasmissione dei segnali nervosi dalla retina al cervello. La&nbsp;<strong>psicologia<\/strong>, riguardo all\u2019interpretazione dei segnali nervosi e alla percezione del colore. La&nbsp;<strong>psicofisica<\/strong>&nbsp;che studia la relazione tra lo stimolo e la risposta del sistema visivo (la colorimetria \u00e8 una branca della psicofisic<\/em>a)<\/p>\n\n\n\n<hr class=\"wp-block-separator has-alpha-channel-opacity\"\/>\n\n\n\n<p><strong>Ottava puntata della\u00a0<a href=\"https:\/\/www.istitutogalanteoliva.it\/magazine\/category\/il-colore-e-un-linguaggio\/\">rassegna sul colore<\/a>\u00a0e questa volta \u00e8 il turno del<\/strong> <\/p>\n\n\n\n<h2 class=\"wp-block-heading has-text-align-center has-cyan-bluish-gray-color has-text-color has-link-color wp-elements-b7af9f612c5e71376617205e3e956e7d\">Grigio<\/h2>\n\n\n\n<p>Cos\u00ec come bianco, anche grigio deriva dal germanico gr\u012bs, che significa &#8220;canuto&#8221; o &#8220;brizzolato&#8221;, passato poi al francese antico gris.<\/p>\n\n\n\n<p>Nel linguaggio simboleggia neutralit\u00e0, equilibrio o ambiguit\u00e0 (n\u00e9 bianco n\u00e9 nero)<\/p>\n\n\n\n<p>Metaforicamente, descrive situazioni di incertezza, monotonia, prudenza o senilit\u00e0<\/p>\n\n\n\n<p>Tra gli aspetti positivi, indica una situazione o una persona calma, prudente, saggia, oggettiva, matura, equilibrata.&nbsp;<\/p>\n\n\n\n<p>Mentre tra quelli negativi \u00e8 indice di situazione e\/o persona scialba, monotona, triste, incerta, poco energica, mediocre, mancante di allegria.<\/p>\n\n\n\n<p><strong>IN LIMBA SARDA:<\/strong><\/p>\n\n\n\n<p><strong>M\u00d9RRU<\/strong><\/p>\n\n\n\n<p><strong>M\u00d9RINU &#8211;<\/strong> chi assimb\u00edgiat a sa mura, ma de unu colore prus craru<\/p>\n\n\n\n<p>colore de s\u00f3righe (topo campagnolo)<\/p>\n\n\n\n<p>chi assimb\u00edgiat a su chinisu (polvere), a is nues niedhas \/ ispiga m\u00farina = spigamurra, \u00f3rgiu de topis,<\/p>\n\n\n\n<p>erba areste chi faghet un&#8217;ispiga chi assemizat a s&#8217;ispiga de s&#8217;orzu<\/p>\n\n\n\n<p>bisura m. = umbrada, dispi\u00e0ghida, arrennegada<\/p>\n\n\n\n<p><strong>ARZU<\/strong> (in logudoro)<\/p>\n\n\n\n<p><strong>CANA<\/strong> (riferito al colore del fico)<\/p>\n\n\n\n<p><strong>GRIXO<\/strong> \u2013 in Tabarchino<\/p>\n\n\n\n<p><strong>GRISGIOGNU \/ GRISGIU<\/strong> \u2013 in Gallurese<\/p>\n\n\n\n<p><strong>GRIS<\/strong> \u2013 in Algherese (sia maschile che femminile)<\/p>\n\n\n\n<p><strong>DENOMINAZIONI PI\u00d9 COMUNI<\/strong><\/p>\n\n\n\n<p><strong>GRIGIO PERLA<\/strong><\/p>\n\n\n\n<p><strong>GRIGIO TOPO<\/strong><\/p>\n\n\n\n<p><strong>GRIGIO PIOMBO<\/strong><\/p>\n\n\n\n<p><strong>GRIGIO ARDESIA<\/strong><\/p>\n\n\n\n<p><strong>GRIGIO CENERE<\/strong><\/p>\n\n\n\n<p><strong>GRIGIO FUMO<\/strong><\/p>\n\n\n\n<p><strong>GRIGIO ACCIAIO<\/strong><\/p>\n\n\n\n<p><strong>GRIGIO ANTRACITE<\/strong><\/p>\n\n\n\n<p><strong>GRIGIO POLVERE<\/strong><\/p>\n\n\n<div class=\"wp-block-image\">\n<figure class=\"aligncenter size-full is-resized\"><img loading=\"lazy\" decoding=\"async\" width=\"1004\" height=\"753\" src=\"https:\/\/www.istitutogalanteoliva.it\/magazine\/wp-content\/uploads\/2026\/04\/image-34.png\" alt=\"\" class=\"wp-image-20506\" style=\"width:400px\" srcset=\"https:\/\/www.istitutogalanteoliva.it\/magazine\/wp-content\/uploads\/2026\/04\/image-34.png 1004w, https:\/\/www.istitutogalanteoliva.it\/magazine\/wp-content\/uploads\/2026\/04\/image-34-300x225.png 300w, https:\/\/www.istitutogalanteoliva.it\/magazine\/wp-content\/uploads\/2026\/04\/image-34-768x576.png 768w\" sizes=\"auto, (max-width: 1004px) 100vw, 1004px\" \/><\/figure><\/div>\n\n<div class=\"wp-block-image\">\n<figure class=\"aligncenter size-full is-resized\"><img loading=\"lazy\" decoding=\"async\" width=\"1004\" height=\"753\" src=\"https:\/\/www.istitutogalanteoliva.it\/magazine\/wp-content\/uploads\/2026\/04\/image-35.png\" alt=\"\" class=\"wp-image-20507\" style=\"width:400px\" srcset=\"https:\/\/www.istitutogalanteoliva.it\/magazine\/wp-content\/uploads\/2026\/04\/image-35.png 1004w, https:\/\/www.istitutogalanteoliva.it\/magazine\/wp-content\/uploads\/2026\/04\/image-35-300x225.png 300w, https:\/\/www.istitutogalanteoliva.it\/magazine\/wp-content\/uploads\/2026\/04\/image-35-768x576.png 768w\" sizes=\"auto, (max-width: 1004px) 100vw, 1004px\" \/><\/figure><\/div>\n\n\n<p><strong>EMINENZA GRIGIA <\/strong>&#8211; \u00e8 una persona che, rimanendo nell\u2019ombra, riesce a esercitare un potere decisionale su esponenti politici o potentati economici. In tal modo riesce a non farsi coinvolgere, quando quegli esponenti restano implicati in situazioni illecite o, comunque, sgradevoli.<\/p>\n\n\n\n<p><strong>INGRIGIRE \u2013 <\/strong>perdere la tonalit\u00e0 dei capelli, diventando brizzolato.<\/p>\n\n\n\n<p><strong>FARE UNA GRIGIA \u2013 <\/strong>brutta figura (Luca e Paolo direbbero: ha calpestato un merdone).<\/p>\n\n\n\n<p><strong>GRIGIONE<\/strong> \u2013 Mustelide simile alla martora.<\/p>\n\n\n\n<p><strong>TEMPO GRIGIO<\/strong> \u2013 clima nuvoloso, coperto.<\/p>\n\n\n\n<p><strong>ZONA GRIGIA<\/strong> \u2013 situazione ambigua, incerta, priva di precise regole.<\/p>\n\n\n\n<p><strong>GRIGIO FOSCO<\/strong> \u2013 sguardo triste o minaccioso<\/p>\n\n\n\n<p><strong>LIVIDO<\/strong> \u2013 il viso grigio, alterato da stati d\u2019animo di rabbia <\/p>\n\n\n<div class=\"wp-block-image\">\n<figure class=\"aligncenter size-full is-resized\"><img loading=\"lazy\" decoding=\"async\" width=\"1003\" height=\"770\" src=\"https:\/\/www.istitutogalanteoliva.it\/magazine\/wp-content\/uploads\/2026\/04\/image-36.png\" alt=\"\" class=\"wp-image-20508\" style=\"width:600px\" srcset=\"https:\/\/www.istitutogalanteoliva.it\/magazine\/wp-content\/uploads\/2026\/04\/image-36.png 1003w, https:\/\/www.istitutogalanteoliva.it\/magazine\/wp-content\/uploads\/2026\/04\/image-36-300x230.png 300w, https:\/\/www.istitutogalanteoliva.it\/magazine\/wp-content\/uploads\/2026\/04\/image-36-768x590.png 768w\" sizes=\"auto, (max-width: 1003px) 100vw, 1003px\" \/><\/figure><\/div>\n\n\n<p><strong>PASTORE TEDESCO GRIGIONE<\/strong> &#8211; specifica linea da lavoro del Pastore Tedesco, caratterizzata dal mantello grigio lupo, pelo corto, robustezza fisica, carattere forte e attivo, intelligente, agile e resistente.<br>\u00a0\u00a0\u00a0<\/p>\n\n\n\n<h1 class=\"wp-block-heading has-text-align-center has-cyan-bluish-gray-color has-text-color has-link-color wp-elements-8e4e142ea285c8d366046f5b9a3c4ba7\">***<\/h1>\n\n\n\n<p>In architettura e nell\u2019arredamento \u00e8 il colore di chi vuole mostrarsi sobrio; per il progettista \u00e8 il proposito di mettere in evidenza le perfette proporzioni dei corpi d\u2019opera.&nbsp;&nbsp;&nbsp;&nbsp;&nbsp;&nbsp;<\/p>\n\n\n<div class=\"wp-block-image\">\n<figure class=\"aligncenter size-full is-resized\"><img loading=\"lazy\" decoding=\"async\" width=\"1004\" height=\"679\" src=\"https:\/\/www.istitutogalanteoliva.it\/magazine\/wp-content\/uploads\/2026\/04\/image-37.png\" alt=\"\" class=\"wp-image-20509\" style=\"width:600px\" srcset=\"https:\/\/www.istitutogalanteoliva.it\/magazine\/wp-content\/uploads\/2026\/04\/image-37.png 1004w, https:\/\/www.istitutogalanteoliva.it\/magazine\/wp-content\/uploads\/2026\/04\/image-37-300x203.png 300w, https:\/\/www.istitutogalanteoliva.it\/magazine\/wp-content\/uploads\/2026\/04\/image-37-768x519.png 768w\" sizes=\"auto, (max-width: 1004px) 100vw, 1004px\" \/><\/figure><\/div>\n\n<div class=\"wp-block-image\">\n<figure class=\"aligncenter size-full is-resized\"><img loading=\"lazy\" decoding=\"async\" width=\"1004\" height=\"703\" src=\"https:\/\/www.istitutogalanteoliva.it\/magazine\/wp-content\/uploads\/2026\/04\/image-38.png\" alt=\"\" class=\"wp-image-20510\" style=\"width:600px\" srcset=\"https:\/\/www.istitutogalanteoliva.it\/magazine\/wp-content\/uploads\/2026\/04\/image-38.png 1004w, https:\/\/www.istitutogalanteoliva.it\/magazine\/wp-content\/uploads\/2026\/04\/image-38-300x210.png 300w, https:\/\/www.istitutogalanteoliva.it\/magazine\/wp-content\/uploads\/2026\/04\/image-38-768x538.png 768w\" sizes=\"auto, (max-width: 1004px) 100vw, 1004px\" \/><\/figure><\/div>\n\n\n<p><br><br><br><br>Nel museo Solomon Guggenheim di Bilbao, l\u2019architetto Frank Owens Gehry ha usato rivestimenti in pannelli grigi al titanio (prodotti da un\u2019azienda di Brescia), per attenuare l\u2019estrema complessit\u00e0 delle forme, ispirate al Cubismo di Picasso e al Modernismo di Gaud\u00ec; invece le parti in semplice muratura \u2013 pi\u00f9 sobrie \u2013 sono intonacate e colorate con un blu elettrico<\/p>\n\n\n<div class=\"wp-block-image\">\n<figure class=\"aligncenter size-full is-resized\"><img loading=\"lazy\" decoding=\"async\" width=\"1004\" height=\"753\" src=\"https:\/\/www.istitutogalanteoliva.it\/magazine\/wp-content\/uploads\/2026\/04\/image-39.png\" alt=\"\" class=\"wp-image-20511\" style=\"width:600px\" srcset=\"https:\/\/www.istitutogalanteoliva.it\/magazine\/wp-content\/uploads\/2026\/04\/image-39.png 1004w, https:\/\/www.istitutogalanteoliva.it\/magazine\/wp-content\/uploads\/2026\/04\/image-39-300x225.png 300w, https:\/\/www.istitutogalanteoliva.it\/magazine\/wp-content\/uploads\/2026\/04\/image-39-768x576.png 768w\" sizes=\"auto, (max-width: 1004px) 100vw, 1004px\" \/><\/figure><\/div>\n\n\n<p>Nel Museo ebraico di Berlino, Daniel Libeskind utilizza forme molto pi\u00f9 austere, per quanto innovative, ispirandosi alle sofferenze che, negli anni del nazismo, erano state inflitte a quel popolo (nessun riferimento a quegli ebrei che oggi commettono, contro i palestinesi, gli stessi oltraggi, soprusi e crimini subiti dai loro nonni un secolo fa)<\/p>\n\n\n<div class=\"wp-block-image\">\n<figure class=\"aligncenter size-full is-resized\"><img loading=\"lazy\" decoding=\"async\" width=\"1004\" height=\"753\" src=\"https:\/\/www.istitutogalanteoliva.it\/magazine\/wp-content\/uploads\/2026\/04\/image-40.png\" alt=\"\" class=\"wp-image-20512\" style=\"width:600px\" srcset=\"https:\/\/www.istitutogalanteoliva.it\/magazine\/wp-content\/uploads\/2026\/04\/image-40.png 1004w, https:\/\/www.istitutogalanteoliva.it\/magazine\/wp-content\/uploads\/2026\/04\/image-40-300x225.png 300w, https:\/\/www.istitutogalanteoliva.it\/magazine\/wp-content\/uploads\/2026\/04\/image-40-768x576.png 768w\" sizes=\"auto, (max-width: 1004px) 100vw, 1004px\" \/><\/figure><\/div>\n\n\n<p>4 MOSCHE DI VELLUTO GRIGIO &#8211; \u00e8 un film del 1971 diretto dal regista italiano, maestro del thriller, Dario Argento.<\/p>\n\n\n<div class=\"wp-block-image\">\n<figure class=\"aligncenter size-large is-resized\"><img loading=\"lazy\" decoding=\"async\" width=\"724\" height=\"1024\" src=\"https:\/\/www.istitutogalanteoliva.it\/magazine\/wp-content\/uploads\/2026\/04\/image-41-724x1024.png\" alt=\"\" class=\"wp-image-20513\" style=\"width:400px\" srcset=\"https:\/\/www.istitutogalanteoliva.it\/magazine\/wp-content\/uploads\/2026\/04\/image-41-724x1024.png 724w, https:\/\/www.istitutogalanteoliva.it\/magazine\/wp-content\/uploads\/2026\/04\/image-41-212x300.png 212w, https:\/\/www.istitutogalanteoliva.it\/magazine\/wp-content\/uploads\/2026\/04\/image-41-768x1086.png 768w, https:\/\/www.istitutogalanteoliva.it\/magazine\/wp-content\/uploads\/2026\/04\/image-41.png 957w\" sizes=\"auto, (max-width: 724px) 100vw, 724px\" \/><\/figure><\/div>\n\n\n<p>\u00a0Il film \u00e8 degli horror\/thriller pi\u00f9 inquietanti della storia del cinema, con attori del calibro di Stefano Satta Flores, Bud Spencer e Oreste Lionello, solo per citare i pi\u00f9 noti.<br><br><\/p>\n\n\n<div class=\"wp-block-image\">\n<figure class=\"aligncenter size-full is-resized\"><img loading=\"lazy\" decoding=\"async\" width=\"1004\" height=\"571\" src=\"https:\/\/www.istitutogalanteoliva.it\/magazine\/wp-content\/uploads\/2026\/04\/image-42.png\" alt=\"\" class=\"wp-image-20514\" style=\"width:600px\" srcset=\"https:\/\/www.istitutogalanteoliva.it\/magazine\/wp-content\/uploads\/2026\/04\/image-42.png 1004w, https:\/\/www.istitutogalanteoliva.it\/magazine\/wp-content\/uploads\/2026\/04\/image-42-300x171.png 300w, https:\/\/www.istitutogalanteoliva.it\/magazine\/wp-content\/uploads\/2026\/04\/image-42-768x437.png 768w\" sizes=\"auto, (max-width: 1004px) 100vw, 1004px\" \/><\/figure><\/div>\n\n\n<p><strong>CINQUANTA SFUMATURE DI GRIGIO<\/strong> (Fifty Shades of Grey) \u00e8 un film diretto nel 2015 dal regista Sam Taylor-Johnson.<br><\/p>\n\n\n<div class=\"wp-block-image\">\n<figure class=\"aligncenter size-full is-resized\"><img loading=\"lazy\" decoding=\"async\" width=\"656\" height=\"948\" src=\"https:\/\/www.istitutogalanteoliva.it\/magazine\/wp-content\/uploads\/2026\/04\/image-43.png\" alt=\"\" class=\"wp-image-20515\" style=\"width:400px\" srcset=\"https:\/\/www.istitutogalanteoliva.it\/magazine\/wp-content\/uploads\/2026\/04\/image-43.png 656w, https:\/\/www.istitutogalanteoliva.it\/magazine\/wp-content\/uploads\/2026\/04\/image-43-208x300.png 208w\" sizes=\"auto, (max-width: 656px) 100vw, 656px\" \/><\/figure><\/div>\n\n\n<p>La pellicola \u00e8 l&#8217;adattamento cinematografico dell&#8217;omonimo romanzo scritto da E. L. James nel 2011, che \u00e8 anche la produttrice del film. Attori protagonisti Jamie Dornan e Dakota Johnson. Personalmente, non l\u2019ho visto, ma mi hanno riferito che la componente erotica \u00e8 piuttosto spinta (forse mi rifar\u00f2 quando lo pubblicheranno si Netflix).<\/p>\n\n\n\n<p>Per quanto si dica che il grigio sia privo di colore, osserviamo l\u2019esistenza di numerosissime tonalit\u00e0 di grigio che, soprattutto quando poste in modo ravvicinato, mostrano percentuali, a volte significative, di altri colori<\/p>\n\n\n\n<p>GRIGI CHIARI\/MEDI:<\/p>\n\n\n\n<p><strong>GAINSBORO<\/strong> &#8211; un grigio molto chiaro, quasi bianco.<\/p>\n\n\n\n<p><strong>GRIGIO PERLA &#8211; <\/strong>&nbsp;tonalit\u00e0 delicata e luminosa.<\/p>\n\n\n\n<p><strong>GRIGIO CENERE<\/strong> &#8211; grigio morbido e leggero.<\/p>\n\n\n\n<p><strong>PLATINO<\/strong> &#8211; un grigio metallico chiaro.<\/p>\n\n\n\n<p><strong>ARGENTO<\/strong> &#8211; una tonalit\u00e0 metallica chiara e brillante.<\/p>\n\n\n\n<p><strong>GREIGE<\/strong> &#8211; un tono neutro tra grigio e beige.<\/p>\n\n\n\n<p><strong>GRIGI SCURI\/INTENSI<\/strong>:<\/p>\n\n\n\n<p><strong>ANTRACITE<\/strong> &#8211; un grigio molto scuro, profondo, quasi nero.<\/p>\n\n\n\n<p><strong>GRIGIO ARDESIA<\/strong> &#8211; un grigio scuro con leggere sfumature bluastre.<\/p>\n\n\n\n<p><strong>GRIGIO FUMO \/ FUMO DI LONDRA<\/strong> &#8211; grigio scuro e intenso.<\/p>\n\n\n\n<p><strong>GRIGIO PIOMBO<\/strong> &#8211; un grigio scuro e solido.<\/p>\n\n\n\n<p><strong>CANNA DI FUCILE<\/strong> &#8211; grigio scuro metallico.<\/p>\n\n\n\n<p><strong>GRIGIO CARBONE<\/strong> &#8211; uno dei toni pi\u00f9 scuri di grigio.<\/p>\n\n\n\n<p><strong>GRIGI CON SFUMATURE DI COLORE<\/strong>:<\/p>\n\n\n\n<p><strong>GRIGIO VERDE SALVIA<\/strong> &#8211; un grigio neutro con un tocco di verde.<\/p>\n\n\n\n<p><strong>GRIGIO BLU POLVERE<\/strong> &#8211; un grigio freddo con una leggera sfumatura blu.<\/p>\n\n\n\n<p><strong>GRIGIO TORTORA &#8211;<\/strong> un grigio caldo con punte di malva\/beige.&nbsp;<\/p>\n\n\n\n<h1 class=\"wp-block-heading has-text-align-center has-cyan-bluish-gray-color has-text-color has-link-color wp-elements-8e4e142ea285c8d366046f5b9a3c4ba7\">***<\/h1>\n\n\n\n<p><strong>BIANCO&amp;NERO <\/strong>(ma si dovrebbe dire <strong>GRIGIO&amp;GRIGIO<\/strong>) \u2013 come detto nelle precedenti puntate, il nero assoluto non esiste, giacch\u00e9 non esiste materiale in grado di assorbire totalmente la radiazione luminosa, tanto da rimanere invisibile. Analogamente non esiste il bianco assoluto (capace di rifletterla integralmente). Detto questo per B&amp;N si intende quella branca della fotografia e\/o della cinematografia in cui ogni traccia di colore \u00e8 esclusa, rendendo immagini in diverse tonalit\u00e0 di GRIGIO.<\/p>\n\n\n<div class=\"wp-block-image\">\n<figure class=\"aligncenter size-full is-resized\"><img loading=\"lazy\" decoding=\"async\" width=\"1004\" height=\"677\" src=\"https:\/\/www.istitutogalanteoliva.it\/magazine\/wp-content\/uploads\/2026\/04\/image-44.png\" alt=\"\" class=\"wp-image-20516\" style=\"width:600px\" srcset=\"https:\/\/www.istitutogalanteoliva.it\/magazine\/wp-content\/uploads\/2026\/04\/image-44.png 1004w, https:\/\/www.istitutogalanteoliva.it\/magazine\/wp-content\/uploads\/2026\/04\/image-44-300x202.png 300w, https:\/\/www.istitutogalanteoliva.it\/magazine\/wp-content\/uploads\/2026\/04\/image-44-768x518.png 768w\" sizes=\"auto, (max-width: 1004px) 100vw, 1004px\" \/><\/figure><\/div>\n\n\n<p>Foto del grande Henri Cartier Bresson, scattata a Parigi dal Trocadero, per il centenario della Tour Eiffel che, a sua volta, celebr\u00f2 nel secolo precedente (il IXX), il centenario della Rivoluzione Francese.<\/p>\n\n\n\n<p>Ugo MULAS \u2013 Nacque a Pozzolengo, nel Bresciano, il 28 agosto 1928, terzo di cinque fratelli. Il padre Pasquale, di origini sarde, era maresciallo dei carabinieri, la madre, Carmela Nicolodi, era di origini trentine. I suoi ritratti sono famosi in tutto il mondo. Qui sotto uno dei suoi scatti pi\u00f9 emblematici.<\/p>\n\n\n<div class=\"wp-block-image\">\n<figure class=\"aligncenter size-full is-resized\"><img loading=\"lazy\" decoding=\"async\" width=\"517\" height=\"751\" src=\"https:\/\/www.istitutogalanteoliva.it\/magazine\/wp-content\/uploads\/2026\/04\/image-46.png\" alt=\"\" class=\"wp-image-20518\" style=\"width:400px\" srcset=\"https:\/\/www.istitutogalanteoliva.it\/magazine\/wp-content\/uploads\/2026\/04\/image-46.png 517w, https:\/\/www.istitutogalanteoliva.it\/magazine\/wp-content\/uploads\/2026\/04\/image-46-207x300.png 207w\" sizes=\"auto, (max-width: 517px) 100vw, 517px\" \/><\/figure><\/div>\n\n\n<p>Penso di aver concluso la puntata sul colore Grigio (in effetti non pensavo di dilungarmi tanto su un colore di cui la prima valutazione che mi viene in mente \u00e8 \u201cneutro\u201d).<\/p>\n\n\n\n<p>Pur avendo trattato solo i colori pi\u00f9 diffusi, siamo gi\u00e0 al decimo traguardo; manca solo l\u2019ultimo, l\u2019undicesimo, in cui tratteremo il colore che tanti considerano forse il pi\u00f9 bello, o comunque il pi\u00f9 importante.<\/p>\n\n\n\n<p>Quale colore? Non ve lo dico (tanto qualcuno tra voi avr\u00e0 gi\u00e0 indovinato); non resta che salutarci e darci appuntamento alla prossima settimana (ormai siamo in confidenza e possiamo salutarci con un \u201cbacioni!\u201d).<\/p>\n\n\n\n<p><sub>FIn Copertina:  Foto di\u00a0Pexels\u00a0da\u00a0Pixabay<\/sub><\/p>\n\n\n\n<p><a href=\"https:\/\/www.istitutogalanteoliva.it\/magazine\/category\/il-colore-e-un-linguaggio\/\"><strong>Per leggere i colori gi\u00e0 pubblicati clicca qu\u00ec<\/strong><\/a><\/p>\n\n\n\n<p class=\"has-text-align-right\"><strong><em>Giorgio Saba<\/em><\/strong><\/p>\n\n\n\n<p class=\"has-text-align-left has-background\" style=\"background-color:#8dd2fc82;font-size:16px\"><strong>Giorgio Saba<\/strong>, nato a Cagliari. Laureato in Architettura a Firenze, svolge attivit\u00e0 di libera professione. Nel 1983 frequenta un anno del Corso di Perfezionamento in Archeologia e Storia della Sardegna (docenti, Giovanni Lilliu e Enrico Atzeni).<br> Dal 1984 al 2017 \u00e8 docente nella Scuola pubblica (negli ultimi 30 anni insegna Architettura al Liceo).<br> Dal 2012 al 2017 \u00e8 Presidente dell\u00b4Ordine Architetti, P.P. e C. di Cagliari e ottiene l\u00b4attivazione degli Esami abilitanti la professione di Architetto. Membro dell\u00b4Osservatorio Citt\u00e0 Metropolitane del CNAPPC. Coordinatore di URBANPRO Cagliari (Ordine Architetti, CCIAA, Confcommercio, ANCE). \u00c8 stato relatore e coordinatore in oltre quaranta convegni su temi di Architettura, Paesaggio, Archeologia, Teoria del Colore, Linguaggi semiotici.<strong><em> <\/em><\/strong><br>Nel 2016 pubblica il libro\u00a0<em><a href=\"https:\/\/www.ibs.it\/scusi-dov-ade-ipotesi-sulla-ebook-giorgio-saba\/e\/9788899685096?srsltid=AfmBOoqw_vtZEycPMWHnvffNdlWaupWNNELZRqNnqbA_Wm2xJORIGjP9\"><mark style=\"background-color:rgba(0, 0, 0, 0)\" class=\"has-inline-color has-vivid-red-color\"><strong>Scusi dov\u00b4\u00e8 l\u00b4Ade<\/strong>?<\/mark><\/a><\/em>\u00a0(la prima edizione va esaurita in otto mesi). Nel 2024 \u00e8 uscito<a href=\" Sardegna: dimora antica degli dei\u2026 e di altri condomini\"> <\/a><strong><em><a href=\" Sardegna: dimora antica degli dei\u2026 e di altri condomini\"><mark style=\"background-color:rgba(0, 0, 0, 0)\" class=\"has-inline-color has-vivid-red-color\">Sardegna: dimora antica degli dei\u2026 e di altri condomini<\/mark><\/a><mark style=\"background-color:rgba(0, 0, 0, 0)\" class=\"has-inline-color has-vivid-red-color\">.<\/mark><\/em><\/strong> Per Polis ha gi\u00e0 curato la serie, in otto puntate, <em><a href=\"https:\/\/www.istitutogalanteoliva.it\/magazine\/category\/gli-dei-greci-erano-davvero-greci\/\"><strong><mark style=\"background-color:rgba(0, 0, 0, 0)\" class=\"has-inline-color has-vivid-red-color\">Gli d\u00e8i greci erano davvero greci?<\/mark><\/strong><\/a><\/em><\/p>\n<div class=\"pdfprnt-buttons pdfprnt-buttons-post pdfprnt-bottom-left\"><a href=\"https:\/\/www.istitutogalanteoliva.it\/magazine\/wp-json\/wp\/v2\/posts\/20505?print=print\" class=\"pdfprnt-button pdfprnt-button-print\" target=\"_blank\"><img decoding=\"async\" src=\"https:\/\/www.istitutogalanteoliva.it\/magazine\/wp-content\/plugins\/pdf-print\/images\/print.png\" alt=\"image_print\" title=\"Stampa contenuto\" \/><span class=\"pdfprnt-button-title pdfprnt-button-print-title\">Download in PDF<\/span><\/a><\/div>","protected":false},"excerpt":{"rendered":"<p>Caratteristiche e luoghi comuni sui colori principali in Sardegna e altrove.<br \/>\nA cura di Giorgio Saba<br \/>\nDecimapuntata: Il grigio <\/p>\n","protected":false},"author":2,"featured_media":20519,"comment_status":"closed","ping_status":"open","sticky":true,"template":"","format":"standard","meta":{"footnotes":""},"categories":[1483,1508],"tags":[],"class_list":["post-20505","post","type-post","status-publish","format-standard","has-post-thumbnail","hentry","category-1483","category-il-colore-e-un-linguaggio"],"yoast_head":"<!-- This site is optimized with the Yoast SEO plugin v24.2 - https:\/\/yoast.com\/wordpress\/plugins\/seo\/ -->\n<title>Il colore \u00e8 un linguaggio \u201310: Grigio - Polis SA Magazine<\/title>\n<meta name=\"robots\" content=\"index, follow, max-snippet:-1, max-image-preview:large, max-video-preview:-1\" \/>\n<link rel=\"canonical\" href=\"https:\/\/www.istitutogalanteoliva.it\/magazine\/2026\/04\/26\/il-colore-e-un-linguaggio-10-grigio\/\" \/>\n<meta property=\"og:locale\" content=\"it_IT\" \/>\n<meta property=\"og:type\" content=\"article\" \/>\n<meta property=\"og:title\" content=\"Il colore \u00e8 un linguaggio \u201310: Grigio - Polis SA Magazine\" \/>\n<meta property=\"og:description\" content=\"Caratteristiche e luoghi comuni sui colori principali in Sardegna e altrove. A cura di Giorgio Saba Decimapuntata: Il grigio\" \/>\n<meta property=\"og:url\" content=\"https:\/\/www.istitutogalanteoliva.it\/magazine\/2026\/04\/26\/il-colore-e-un-linguaggio-10-grigio\/\" \/>\n<meta property=\"og:site_name\" content=\"Polis SA Magazine\" \/>\n<meta property=\"article:publisher\" content=\"https:\/\/www.facebook.com\/PolisSAMagazine\/\" \/>\n<meta property=\"article:published_time\" content=\"2026-04-26T06:10:46+00:00\" \/>\n<meta property=\"article:modified_time\" content=\"2026-04-30T06:20:25+00:00\" \/>\n<meta property=\"og:image\" content=\"https:\/\/www.istitutogalanteoliva.it\/magazine\/wp-content\/uploads\/2026\/04\/Senza-titolo-1-1.jpg\" \/>\n\t<meta property=\"og:image:width\" content=\"700\" \/>\n\t<meta property=\"og:image:height\" content=\"380\" \/>\n\t<meta property=\"og:image:type\" content=\"image\/jpeg\" \/>\n<meta name=\"author\" content=\"Antonello Rivano\" \/>\n<meta name=\"twitter:card\" content=\"summary_large_image\" \/>\n<meta name=\"twitter:creator\" content=\"@MagazinePolis\" \/>\n<meta name=\"twitter:site\" content=\"@MagazinePolis\" \/>\n<meta name=\"twitter:label1\" content=\"Scritto da\" \/>\n\t<meta name=\"twitter:data1\" content=\"Antonello Rivano\" \/>\n\t<meta name=\"twitter:label2\" content=\"Tempo di lettura stimato\" \/>\n\t<meta name=\"twitter:data2\" content=\"17 minuti\" \/>\n<script type=\"application\/ld+json\" class=\"yoast-schema-graph\">{\"@context\":\"https:\/\/schema.org\",\"@graph\":[{\"@type\":\"Article\",\"@id\":\"https:\/\/www.istitutogalanteoliva.it\/magazine\/2026\/04\/26\/il-colore-e-un-linguaggio-10-grigio\/#article\",\"isPartOf\":{\"@id\":\"https:\/\/www.istitutogalanteoliva.it\/magazine\/2026\/04\/26\/il-colore-e-un-linguaggio-10-grigio\/\"},\"author\":{\"name\":\"Antonello Rivano\",\"@id\":\"https:\/\/www.istitutogalanteoliva.it\/magazine\/#\/schema\/person\/d8b8aa79cfe8babc1df9da3212a7c0c4\"},\"headline\":\"Il colore \u00e8 un linguaggio \u201310: Grigio\",\"datePublished\":\"2026-04-26T06:10:46+00:00\",\"dateModified\":\"2026-04-30T06:20:25+00:00\",\"mainEntityOfPage\":{\"@id\":\"https:\/\/www.istitutogalanteoliva.it\/magazine\/2026\/04\/26\/il-colore-e-un-linguaggio-10-grigio\/\"},\"wordCount\":1143,\"publisher\":{\"@id\":\"https:\/\/www.istitutogalanteoliva.it\/magazine\/#organization\"},\"image\":{\"@id\":\"https:\/\/www.istitutogalanteoliva.it\/magazine\/2026\/04\/26\/il-colore-e-un-linguaggio-10-grigio\/#primaryimage\"},\"thumbnailUrl\":\"https:\/\/www.istitutogalanteoliva.it\/magazine\/wp-content\/uploads\/2026\/04\/Senza-titolo-1-1.jpg\",\"articleSection\":[\"2026\",\"Il colore \u00e8 un linguaggio\"],\"inLanguage\":\"it-IT\"},{\"@type\":\"WebPage\",\"@id\":\"https:\/\/www.istitutogalanteoliva.it\/magazine\/2026\/04\/26\/il-colore-e-un-linguaggio-10-grigio\/\",\"url\":\"https:\/\/www.istitutogalanteoliva.it\/magazine\/2026\/04\/26\/il-colore-e-un-linguaggio-10-grigio\/\",\"name\":\"Il colore \u00e8 un linguaggio \u201310: Grigio - Polis SA Magazine\",\"isPartOf\":{\"@id\":\"https:\/\/www.istitutogalanteoliva.it\/magazine\/#website\"},\"primaryImageOfPage\":{\"@id\":\"https:\/\/www.istitutogalanteoliva.it\/magazine\/2026\/04\/26\/il-colore-e-un-linguaggio-10-grigio\/#primaryimage\"},\"image\":{\"@id\":\"https:\/\/www.istitutogalanteoliva.it\/magazine\/2026\/04\/26\/il-colore-e-un-linguaggio-10-grigio\/#primaryimage\"},\"thumbnailUrl\":\"https:\/\/www.istitutogalanteoliva.it\/magazine\/wp-content\/uploads\/2026\/04\/Senza-titolo-1-1.jpg\",\"datePublished\":\"2026-04-26T06:10:46+00:00\",\"dateModified\":\"2026-04-30T06:20:25+00:00\",\"breadcrumb\":{\"@id\":\"https:\/\/www.istitutogalanteoliva.it\/magazine\/2026\/04\/26\/il-colore-e-un-linguaggio-10-grigio\/#breadcrumb\"},\"inLanguage\":\"it-IT\",\"potentialAction\":[{\"@type\":\"ReadAction\",\"target\":[\"https:\/\/www.istitutogalanteoliva.it\/magazine\/2026\/04\/26\/il-colore-e-un-linguaggio-10-grigio\/\"]}]},{\"@type\":\"ImageObject\",\"inLanguage\":\"it-IT\",\"@id\":\"https:\/\/www.istitutogalanteoliva.it\/magazine\/2026\/04\/26\/il-colore-e-un-linguaggio-10-grigio\/#primaryimage\",\"url\":\"https:\/\/www.istitutogalanteoliva.it\/magazine\/wp-content\/uploads\/2026\/04\/Senza-titolo-1-1.jpg\",\"contentUrl\":\"https:\/\/www.istitutogalanteoliva.it\/magazine\/wp-content\/uploads\/2026\/04\/Senza-titolo-1-1.jpg\",\"width\":700,\"height\":380},{\"@type\":\"BreadcrumbList\",\"@id\":\"https:\/\/www.istitutogalanteoliva.it\/magazine\/2026\/04\/26\/il-colore-e-un-linguaggio-10-grigio\/#breadcrumb\",\"itemListElement\":[{\"@type\":\"ListItem\",\"position\":1,\"name\":\"Home\",\"item\":\"https:\/\/www.istitutogalanteoliva.it\/magazine\/\"},{\"@type\":\"ListItem\",\"position\":2,\"name\":\"Il colore \u00e8 un linguaggio \u201310: Grigio\"}]},{\"@type\":\"WebSite\",\"@id\":\"https:\/\/www.istitutogalanteoliva.it\/magazine\/#website\",\"url\":\"https:\/\/www.istitutogalanteoliva.it\/magazine\/\",\"name\":\"POLIS SA MAGAZINE\",\"description\":\"Informazione e approfondimenti\",\"publisher\":{\"@id\":\"https:\/\/www.istitutogalanteoliva.it\/magazine\/#organization\"},\"potentialAction\":[{\"@type\":\"SearchAction\",\"target\":{\"@type\":\"EntryPoint\",\"urlTemplate\":\"https:\/\/www.istitutogalanteoliva.it\/magazine\/?s={search_term_string}\"},\"query-input\":{\"@type\":\"PropertyValueSpecification\",\"valueRequired\":true,\"valueName\":\"search_term_string\"}}],\"inLanguage\":\"it-IT\"},{\"@type\":\"Organization\",\"@id\":\"https:\/\/www.istitutogalanteoliva.it\/magazine\/#organization\",\"name\":\"Polis SA Magazine\",\"url\":\"https:\/\/www.istitutogalanteoliva.it\/magazine\/\",\"logo\":{\"@type\":\"ImageObject\",\"inLanguage\":\"it-IT\",\"@id\":\"https:\/\/www.istitutogalanteoliva.it\/magazine\/#\/schema\/logo\/image\/\",\"url\":\"\",\"contentUrl\":\"\",\"caption\":\"Polis SA Magazine\"},\"image\":{\"@id\":\"https:\/\/www.istitutogalanteoliva.it\/magazine\/#\/schema\/logo\/image\/\"},\"sameAs\":[\"https:\/\/www.facebook.com\/PolisSAMagazine\/\",\"https:\/\/x.com\/MagazinePolis\",\"https:\/\/www.youtube.com\/channel\/UCv0Mr5AHKUmsc0sEEXkJrgw\"]},{\"@type\":\"Person\",\"@id\":\"https:\/\/www.istitutogalanteoliva.it\/magazine\/#\/schema\/person\/d8b8aa79cfe8babc1df9da3212a7c0c4\",\"name\":\"Antonello Rivano\",\"image\":{\"@type\":\"ImageObject\",\"inLanguage\":\"it-IT\",\"@id\":\"https:\/\/www.istitutogalanteoliva.it\/magazine\/#\/schema\/person\/image\/\",\"url\":\"https:\/\/secure.gravatar.com\/avatar\/517a9a6487a7a18ecc4ce6d2e57a8f40?s=96&d=mm&r=g\",\"contentUrl\":\"https:\/\/secure.gravatar.com\/avatar\/517a9a6487a7a18ecc4ce6d2e57a8f40?s=96&d=mm&r=g\",\"caption\":\"Antonello Rivano\"},\"url\":\"https:\/\/www.istitutogalanteoliva.it\/magazine\/author\/antonello\/\"}]}<\/script>\n<!-- \/ Yoast SEO plugin. -->","yoast_head_json":{"title":"Il colore \u00e8 un linguaggio \u201310: Grigio - Polis SA Magazine","robots":{"index":"index","follow":"follow","max-snippet":"max-snippet:-1","max-image-preview":"max-image-preview:large","max-video-preview":"max-video-preview:-1"},"canonical":"https:\/\/www.istitutogalanteoliva.it\/magazine\/2026\/04\/26\/il-colore-e-un-linguaggio-10-grigio\/","og_locale":"it_IT","og_type":"article","og_title":"Il colore \u00e8 un linguaggio \u201310: Grigio - Polis SA Magazine","og_description":"Caratteristiche e luoghi comuni sui colori principali in Sardegna e altrove. A cura di Giorgio Saba Decimapuntata: Il grigio","og_url":"https:\/\/www.istitutogalanteoliva.it\/magazine\/2026\/04\/26\/il-colore-e-un-linguaggio-10-grigio\/","og_site_name":"Polis SA Magazine","article_publisher":"https:\/\/www.facebook.com\/PolisSAMagazine\/","article_published_time":"2026-04-26T06:10:46+00:00","article_modified_time":"2026-04-30T06:20:25+00:00","og_image":[{"width":700,"height":380,"url":"https:\/\/www.istitutogalanteoliva.it\/magazine\/wp-content\/uploads\/2026\/04\/Senza-titolo-1-1.jpg","type":"image\/jpeg"}],"author":"Antonello Rivano","twitter_card":"summary_large_image","twitter_creator":"@MagazinePolis","twitter_site":"@MagazinePolis","twitter_misc":{"Scritto da":"Antonello Rivano","Tempo di lettura stimato":"17 minuti"},"schema":{"@context":"https:\/\/schema.org","@graph":[{"@type":"Article","@id":"https:\/\/www.istitutogalanteoliva.it\/magazine\/2026\/04\/26\/il-colore-e-un-linguaggio-10-grigio\/#article","isPartOf":{"@id":"https:\/\/www.istitutogalanteoliva.it\/magazine\/2026\/04\/26\/il-colore-e-un-linguaggio-10-grigio\/"},"author":{"name":"Antonello Rivano","@id":"https:\/\/www.istitutogalanteoliva.it\/magazine\/#\/schema\/person\/d8b8aa79cfe8babc1df9da3212a7c0c4"},"headline":"Il colore \u00e8 un linguaggio \u201310: Grigio","datePublished":"2026-04-26T06:10:46+00:00","dateModified":"2026-04-30T06:20:25+00:00","mainEntityOfPage":{"@id":"https:\/\/www.istitutogalanteoliva.it\/magazine\/2026\/04\/26\/il-colore-e-un-linguaggio-10-grigio\/"},"wordCount":1143,"publisher":{"@id":"https:\/\/www.istitutogalanteoliva.it\/magazine\/#organization"},"image":{"@id":"https:\/\/www.istitutogalanteoliva.it\/magazine\/2026\/04\/26\/il-colore-e-un-linguaggio-10-grigio\/#primaryimage"},"thumbnailUrl":"https:\/\/www.istitutogalanteoliva.it\/magazine\/wp-content\/uploads\/2026\/04\/Senza-titolo-1-1.jpg","articleSection":["2026","Il colore \u00e8 un linguaggio"],"inLanguage":"it-IT"},{"@type":"WebPage","@id":"https:\/\/www.istitutogalanteoliva.it\/magazine\/2026\/04\/26\/il-colore-e-un-linguaggio-10-grigio\/","url":"https:\/\/www.istitutogalanteoliva.it\/magazine\/2026\/04\/26\/il-colore-e-un-linguaggio-10-grigio\/","name":"Il colore \u00e8 un linguaggio \u201310: Grigio - Polis SA Magazine","isPartOf":{"@id":"https:\/\/www.istitutogalanteoliva.it\/magazine\/#website"},"primaryImageOfPage":{"@id":"https:\/\/www.istitutogalanteoliva.it\/magazine\/2026\/04\/26\/il-colore-e-un-linguaggio-10-grigio\/#primaryimage"},"image":{"@id":"https:\/\/www.istitutogalanteoliva.it\/magazine\/2026\/04\/26\/il-colore-e-un-linguaggio-10-grigio\/#primaryimage"},"thumbnailUrl":"https:\/\/www.istitutogalanteoliva.it\/magazine\/wp-content\/uploads\/2026\/04\/Senza-titolo-1-1.jpg","datePublished":"2026-04-26T06:10:46+00:00","dateModified":"2026-04-30T06:20:25+00:00","breadcrumb":{"@id":"https:\/\/www.istitutogalanteoliva.it\/magazine\/2026\/04\/26\/il-colore-e-un-linguaggio-10-grigio\/#breadcrumb"},"inLanguage":"it-IT","potentialAction":[{"@type":"ReadAction","target":["https:\/\/www.istitutogalanteoliva.it\/magazine\/2026\/04\/26\/il-colore-e-un-linguaggio-10-grigio\/"]}]},{"@type":"ImageObject","inLanguage":"it-IT","@id":"https:\/\/www.istitutogalanteoliva.it\/magazine\/2026\/04\/26\/il-colore-e-un-linguaggio-10-grigio\/#primaryimage","url":"https:\/\/www.istitutogalanteoliva.it\/magazine\/wp-content\/uploads\/2026\/04\/Senza-titolo-1-1.jpg","contentUrl":"https:\/\/www.istitutogalanteoliva.it\/magazine\/wp-content\/uploads\/2026\/04\/Senza-titolo-1-1.jpg","width":700,"height":380},{"@type":"BreadcrumbList","@id":"https:\/\/www.istitutogalanteoliva.it\/magazine\/2026\/04\/26\/il-colore-e-un-linguaggio-10-grigio\/#breadcrumb","itemListElement":[{"@type":"ListItem","position":1,"name":"Home","item":"https:\/\/www.istitutogalanteoliva.it\/magazine\/"},{"@type":"ListItem","position":2,"name":"Il colore \u00e8 un linguaggio \u201310: Grigio"}]},{"@type":"WebSite","@id":"https:\/\/www.istitutogalanteoliva.it\/magazine\/#website","url":"https:\/\/www.istitutogalanteoliva.it\/magazine\/","name":"POLIS SA MAGAZINE","description":"Informazione e approfondimenti","publisher":{"@id":"https:\/\/www.istitutogalanteoliva.it\/magazine\/#organization"},"potentialAction":[{"@type":"SearchAction","target":{"@type":"EntryPoint","urlTemplate":"https:\/\/www.istitutogalanteoliva.it\/magazine\/?s={search_term_string}"},"query-input":{"@type":"PropertyValueSpecification","valueRequired":true,"valueName":"search_term_string"}}],"inLanguage":"it-IT"},{"@type":"Organization","@id":"https:\/\/www.istitutogalanteoliva.it\/magazine\/#organization","name":"Polis SA Magazine","url":"https:\/\/www.istitutogalanteoliva.it\/magazine\/","logo":{"@type":"ImageObject","inLanguage":"it-IT","@id":"https:\/\/www.istitutogalanteoliva.it\/magazine\/#\/schema\/logo\/image\/","url":"","contentUrl":"","caption":"Polis SA Magazine"},"image":{"@id":"https:\/\/www.istitutogalanteoliva.it\/magazine\/#\/schema\/logo\/image\/"},"sameAs":["https:\/\/www.facebook.com\/PolisSAMagazine\/","https:\/\/x.com\/MagazinePolis","https:\/\/www.youtube.com\/channel\/UCv0Mr5AHKUmsc0sEEXkJrgw"]},{"@type":"Person","@id":"https:\/\/www.istitutogalanteoliva.it\/magazine\/#\/schema\/person\/d8b8aa79cfe8babc1df9da3212a7c0c4","name":"Antonello Rivano","image":{"@type":"ImageObject","inLanguage":"it-IT","@id":"https:\/\/www.istitutogalanteoliva.it\/magazine\/#\/schema\/person\/image\/","url":"https:\/\/secure.gravatar.com\/avatar\/517a9a6487a7a18ecc4ce6d2e57a8f40?s=96&d=mm&r=g","contentUrl":"https:\/\/secure.gravatar.com\/avatar\/517a9a6487a7a18ecc4ce6d2e57a8f40?s=96&d=mm&r=g","caption":"Antonello Rivano"},"url":"https:\/\/www.istitutogalanteoliva.it\/magazine\/author\/antonello\/"}]}},"_links":{"self":[{"href":"https:\/\/www.istitutogalanteoliva.it\/magazine\/wp-json\/wp\/v2\/posts\/20505","targetHints":{"allow":["GET"]}}],"collection":[{"href":"https:\/\/www.istitutogalanteoliva.it\/magazine\/wp-json\/wp\/v2\/posts"}],"about":[{"href":"https:\/\/www.istitutogalanteoliva.it\/magazine\/wp-json\/wp\/v2\/types\/post"}],"author":[{"embeddable":true,"href":"https:\/\/www.istitutogalanteoliva.it\/magazine\/wp-json\/wp\/v2\/users\/2"}],"replies":[{"embeddable":true,"href":"https:\/\/www.istitutogalanteoliva.it\/magazine\/wp-json\/wp\/v2\/comments?post=20505"}],"version-history":[{"count":1,"href":"https:\/\/www.istitutogalanteoliva.it\/magazine\/wp-json\/wp\/v2\/posts\/20505\/revisions"}],"predecessor-version":[{"id":20520,"href":"https:\/\/www.istitutogalanteoliva.it\/magazine\/wp-json\/wp\/v2\/posts\/20505\/revisions\/20520"}],"wp:featuredmedia":[{"embeddable":true,"href":"https:\/\/www.istitutogalanteoliva.it\/magazine\/wp-json\/wp\/v2\/media\/20519"}],"wp:attachment":[{"href":"https:\/\/www.istitutogalanteoliva.it\/magazine\/wp-json\/wp\/v2\/media?parent=20505"}],"wp:term":[{"taxonomy":"category","embeddable":true,"href":"https:\/\/www.istitutogalanteoliva.it\/magazine\/wp-json\/wp\/v2\/categories?post=20505"},{"taxonomy":"post_tag","embeddable":true,"href":"https:\/\/www.istitutogalanteoliva.it\/magazine\/wp-json\/wp\/v2\/tags?post=20505"}],"curies":[{"name":"wp","href":"https:\/\/api.w.org\/{rel}","templated":true}]}}