{"id":20524,"date":"2026-04-27T08:00:00","date_gmt":"2026-04-27T06:00:00","guid":{"rendered":"https:\/\/www.istitutogalanteoliva.it\/magazine\/?p=20524"},"modified":"2026-04-30T08:21:27","modified_gmt":"2026-04-30T06:21:27","slug":"vieni-ti-presento-un-libro-fa-tappa-a-mercato-san-severino-sa","status":"publish","type":"post","link":"https:\/\/www.istitutogalanteoliva.it\/magazine\/2026\/04\/27\/vieni-ti-presento-un-libro-fa-tappa-a-mercato-san-severino-sa\/","title":{"rendered":"\u201cVieni, ti presento un libro\u201d fa tappa a Mercato San Severino (SA)"},"content":{"rendered":"\n<p>di Anna Maria Noia <\/p>\n\n\n\n<p>Il 23 aprile si \u00e8 tenuta, presso il municipio di Mercato San Severino, l\u2019iniziativa finale del progetto \u201cVieni, ti presento un libro\u201d. Alla seconda edizione per quanto concerne San Severino, si tratta tuttavia di una manifestazione itinerante, che coinvolge diverse localit\u00e0 della Campania. La serata del 23 aprile \u00e8 stata quindi una \u201ctappa\u201d della kermesse.<\/p>\n\n\n\n<p>L\u2019evento \u00e8 stato organizzato dal sodalizio \u201cIl ponte per il futuro\u201d (della vicina Pontecagnano), in collaborazione con il Forum dei Giovani di Mercato San Severino. In sala, oltre ai principali vertici istituzionali della cittadina, erano presenti anche rappresentanti di altri forum della provincia di Salerno. Tra i partecipanti, soprattutto studenti e liceali, insieme ad altri giovani interessati a vari progetti di lettura.<\/p>\n\n\n\n<p>Tra i principali rappresentanti, sia del Forum che delle altre realt\u00e0 associative, ricordiamo Lucrezia Pia Iacuzio e Antonio Del Pozzo; il vicesindaco e assessore alla Cultura Enza Cavaliere; il consigliere delegato alle Politiche Giovanili Michela Amoroso e la consigliera Filomena Iannone. Presenti anche altri esponenti del forum e dei sodalizi giovanili, tra cui Antonio Mastellone, in veste di fotografo.<\/p>\n\n\n\n<p>Il progetto ha toccato per la seconda volta, in quattro anni, la citt\u00e0 della Valle Irno. In apertura, la vicesindaca Cavaliere ha ricordato \u201cle tante attivit\u00e0 del Forum sanseverinese\u201d, definendolo un organismo \u201csuper attivo\u201d, capace di organizzare numerosi eventi anche in ambito sociale e solidale: dalla \u201ccalza sospesa\u201d della Befana, destinata ai bambini delle famiglie meno abbienti, al pranzo dedicato ai pi\u00f9 fragili. Un\u2019associazione che rappresenta un esempio e un \u201ctraino\u201d per l\u2019intera comunit\u00e0. Anche questa iniziativa \u00e8 stata definita \u201cbrillante e innovativa\u201d.<\/p>\n\n\n<div class=\"wp-block-image\">\n<figure class=\"aligncenter size-full\"><img loading=\"lazy\" decoding=\"async\" width=\"962\" height=\"272\" src=\"https:\/\/www.istitutogalanteoliva.it\/magazine\/wp-content\/uploads\/2026\/04\/image-47.png\" alt=\"\" class=\"wp-image-20530\" srcset=\"https:\/\/www.istitutogalanteoliva.it\/magazine\/wp-content\/uploads\/2026\/04\/image-47.png 962w, https:\/\/www.istitutogalanteoliva.it\/magazine\/wp-content\/uploads\/2026\/04\/image-47-300x85.png 300w, https:\/\/www.istitutogalanteoliva.it\/magazine\/wp-content\/uploads\/2026\/04\/image-47-768x217.png 768w\" sizes=\"auto, (max-width: 962px) 100vw, 962px\" \/><\/figure><\/div>\n\n\n<p>La Cavaliere ha inoltre sottolineato l\u2019importanza della lettura, le opportunit\u00e0 che si aprono attraverso i libri e il valore del progetto, che consiste nel coinvolgere, in modalit\u00e0 talk show, ragazzi e adulti. Guidati dalle domande dell\u2019animatore e intervistatore Giuseppe Bisogno (di Pontecagnano) e stimolati anche dalle curiosit\u00e0 del pubblico, i partecipanti hanno avuto modo di presentare un libro significativo del proprio percorso.<\/p>\n\n\n\n<p>Ogni ragazzo e ragazza, scegliendo da un elenco e su base volontaria, si \u00e8 sottoposto a una breve intervista, spiegando il libro scelto \u2014 in linea con il titolo della kermesse \u2014 e consigliandolo al pubblico. Nel corso della serata sono stati proposti romanzi, poesie e perfino fumetti.<\/p>\n\n\n\n<p>Novit\u00e0 dell\u2019edizione 2026, dopo quattro anni di assenza dalla citt\u00e0, \u00e8 stata la possibilit\u00e0 di presentare anche opere scritte dagli stessi giovani, per coinvolgere maggiormente i coetanei e renderli protagonisti non solo come lettori, ma anche come autori.<\/p>\n\n\n\n<p>Tra questi, la stessa Lucrezia Iacuzio, che pochi mesi fa ha presentato a San Severino il suo libro dedicato al personaggio storico da cui prende il nome: <em>\u201cLucrezia Borgia, tra storia e mito\u201d<\/em>. Un\u2019opera prima che riflette curiosit\u00e0, studio e identificazione personale con una figura femminile forte e moderna. Durante l\u2019intervento, Iacuzio ha risposto con precisione alle domande del moderatore, spiegando come il suo percorso sia nato dall\u2019interesse per il proprio nome, sviluppatosi poi nella tesi di laurea. Ha descritto Lucrezia Borgia come \u201cuna donna all\u2019avanguardia ed emancipata, quasi contemporanea\u201d.<\/p>\n\n\n\n<p>Il suo obiettivo \u00e8 creare un filone letterario al femminile, valorizzando opere scritte da donne e promuovendole anche nelle scuole.<\/p>\n\n\n\n<p>A seguire, Rosalba Esposito ha presentato <em>\u201cDoris. La ragazza misto seta\u201d<\/em> di Irmgard Keun, un romanzo ambientato nella Berlino degli anni Venti e Trenta, che offre uno spaccato della condizione femminile in tempo di guerra.<\/p>\n\n\n\n<figure class=\"wp-block-image size-full is-resized\"><img loading=\"lazy\" decoding=\"async\" width=\"768\" height=\"960\" src=\"https:\/\/www.istitutogalanteoliva.it\/magazine\/wp-content\/uploads\/2026\/04\/foto-1-1.jpg\" alt=\"\" class=\"wp-image-20527\" style=\"width:458px;height:auto\" srcset=\"https:\/\/www.istitutogalanteoliva.it\/magazine\/wp-content\/uploads\/2026\/04\/foto-1-1.jpg 768w, https:\/\/www.istitutogalanteoliva.it\/magazine\/wp-content\/uploads\/2026\/04\/foto-1-1-240x300.jpg 240w\" sizes=\"auto, (max-width: 768px) 100vw, 768px\" \/><\/figure>\n\n\n\n<p>Subito dopo \u00e8 intervenuto Alfonso D\u2019Amato (da Pagani), che ha portato un fumetto: <em>\u201cI cavalieri dello Zodiaco\u201d<\/em>. Ha raccontato come da bambino seguisse il cartone animato senza comprenderlo appieno, appassionandosi poi al manga con la crescita. \u201cQuando leggo evado dalla realt\u00e0, cerco di espandere i miei orizzonti\u201d, ha affermato, sottolineando i valori di amicizia e fratellanza presenti nell\u2019opera.<\/p>\n\n\n\n<p>\u00c8 stata poi la volta di Antonia Giannotta, che ha consigliato <em>\u201cIo e te\u201d<\/em> di Niccol\u00f2 Ammaniti, apprezzato per la scorrevolezza e l\u2019impatto emotivo.<\/p>\n\n\n\n<p>Antonio Castiello (da Vietri) ha invece presentato la sua seconda pubblicazione, <em>\u201cDa dove vengono le formiche\u201d<\/em>, un romanzo tra distopia e utopia che affronta i temi della malattia mentale e dell\u2019intelligenza artificiale. Ambientato in un futuro prossimo con un sistema sanitario in crisi, il libro invita a riflettere sullo stigma legato ai disturbi psichici e sull\u2019uso critico delle nuove tecnologie.<\/p>\n\n\n\n<p>Aurelia Salzano ha poi letto alcune sue poesie in vernacolo napoletano, personali e ironiche. Pierpaolo Perrotti ha presentato un \u201clibro a doppia faccia\u201d, dedicato alle contraddizioni dell\u2019amore, tra sogno e sofferenza, ispirato alle esperienze giovanili.<\/p>\n\n\n\n<p>Molto emozionata Carmen Grimaldi, che ha parlato di <em>\u201cCose che teniamo solo per noi\u201d<\/em>, sottolineando come il libro metta in luce la fragilit\u00e0 e l\u2019umanit\u00e0 delle persone.<\/p>\n\n\n\n<p>Infine, Roberta Salvati ha illustrato <em>\u201cL\u2019antico amore\u201d<\/em> di Maurizio De Giovanni, un romanzo che intreccia passato e presente attraverso la figura di Catullo e il tema universale dell\u2019amore.<\/p>\n\n\n\n<p>La serata si \u00e8 conclusa con foto di rito e congratulazioni. La prossima tappa di \u201cVieni, ti presento un libro\u201d sar\u00e0 ad Agropoli, con ulteriori eventi previsti per valorizzare il Cilento e il Vallo di Diano, con l\u2019obiettivo di incentivare la lettura, soprattutto tra i pi\u00f9 giovani.<\/p>\n\n\n\n<p class=\"has-text-align-right\"><em><strong>Anna Maria Noia <\/strong><\/em><\/p>\n\n\n\n<p>.<\/p>\n\n\n\n<p><\/p>\n<div class=\"pdfprnt-buttons pdfprnt-buttons-post pdfprnt-bottom-left\"><a href=\"https:\/\/www.istitutogalanteoliva.it\/magazine\/wp-json\/wp\/v2\/posts\/20524?print=print\" class=\"pdfprnt-button pdfprnt-button-print\" target=\"_blank\"><img decoding=\"async\" src=\"https:\/\/www.istitutogalanteoliva.it\/magazine\/wp-content\/plugins\/pdf-print\/images\/print.png\" alt=\"image_print\" title=\"Stampa contenuto\" \/><span class=\"pdfprnt-button-title pdfprnt-button-print-title\">Download in PDF<\/span><\/a><\/div>","protected":false},"excerpt":{"rendered":"<p>Progetto itinerante promosso da \u201cIl ponte per il futuro\u201d con il Forum dei Giovani e le realt\u00e0 del territorio: protagonisti studenti e giovani autori<\/p>\n","protected":false},"author":2,"featured_media":20525,"comment_status":"closed","ping_status":"open","sticky":true,"template":"","format":"standard","meta":{"footnotes":""},"categories":[1483,57,47],"tags":[596,1218],"class_list":["post-20524","post","type-post","status-publish","format-standard","has-post-thumbnail","hentry","category-1483","category-cultura","category-eventi","tag-giovani","tag-libro"],"yoast_head":"<!-- This site is optimized with the Yoast SEO plugin v24.2 - https:\/\/yoast.com\/wordpress\/plugins\/seo\/ -->\n<title>\u201cVieni, ti presento un libro\u201d fa tappa a Mercato San Severino (SA) - Polis SA Magazine<\/title>\n<meta name=\"robots\" content=\"index, follow, max-snippet:-1, max-image-preview:large, max-video-preview:-1\" \/>\n<link rel=\"canonical\" href=\"https:\/\/www.istitutogalanteoliva.it\/magazine\/2026\/04\/27\/vieni-ti-presento-un-libro-fa-tappa-a-mercato-san-severino-sa\/\" \/>\n<meta property=\"og:locale\" content=\"it_IT\" \/>\n<meta property=\"og:type\" content=\"article\" \/>\n<meta property=\"og:title\" content=\"\u201cVieni, ti presento un libro\u201d fa tappa a Mercato San Severino (SA) - Polis SA Magazine\" \/>\n<meta property=\"og:description\" content=\"Progetto itinerante promosso da \u201cIl ponte per il futuro\u201d con il Forum dei Giovani e le realt\u00e0 del territorio: protagonisti studenti e giovani autori\" \/>\n<meta property=\"og:url\" content=\"https:\/\/www.istitutogalanteoliva.it\/magazine\/2026\/04\/27\/vieni-ti-presento-un-libro-fa-tappa-a-mercato-san-severino-sa\/\" \/>\n<meta property=\"og:site_name\" content=\"Polis SA Magazine\" \/>\n<meta property=\"article:publisher\" content=\"https:\/\/www.facebook.com\/PolisSAMagazine\/\" \/>\n<meta property=\"article:published_time\" content=\"2026-04-27T06:00:00+00:00\" \/>\n<meta property=\"article:modified_time\" content=\"2026-04-30T06:21:27+00:00\" \/>\n<meta property=\"og:image\" content=\"https:\/\/www.istitutogalanteoliva.it\/magazine\/wp-content\/uploads\/2026\/04\/Senza-titolo-1-2.jpg\" \/>\n\t<meta property=\"og:image:width\" content=\"700\" \/>\n\t<meta property=\"og:image:height\" content=\"380\" \/>\n\t<meta property=\"og:image:type\" content=\"image\/jpeg\" \/>\n<meta name=\"author\" content=\"Antonello Rivano\" \/>\n<meta name=\"twitter:card\" content=\"summary_large_image\" \/>\n<meta name=\"twitter:creator\" content=\"@MagazinePolis\" \/>\n<meta name=\"twitter:site\" content=\"@MagazinePolis\" \/>\n<meta name=\"twitter:label1\" content=\"Scritto da\" \/>\n\t<meta name=\"twitter:data1\" content=\"Antonello Rivano\" \/>\n\t<meta name=\"twitter:label2\" content=\"Tempo di lettura stimato\" \/>\n\t<meta name=\"twitter:data2\" content=\"6 minuti\" \/>\n<script type=\"application\/ld+json\" class=\"yoast-schema-graph\">{\"@context\":\"https:\/\/schema.org\",\"@graph\":[{\"@type\":\"Article\",\"@id\":\"https:\/\/www.istitutogalanteoliva.it\/magazine\/2026\/04\/27\/vieni-ti-presento-un-libro-fa-tappa-a-mercato-san-severino-sa\/#article\",\"isPartOf\":{\"@id\":\"https:\/\/www.istitutogalanteoliva.it\/magazine\/2026\/04\/27\/vieni-ti-presento-un-libro-fa-tappa-a-mercato-san-severino-sa\/\"},\"author\":{\"name\":\"Antonello Rivano\",\"@id\":\"https:\/\/www.istitutogalanteoliva.it\/magazine\/#\/schema\/person\/d8b8aa79cfe8babc1df9da3212a7c0c4\"},\"headline\":\"\u201cVieni, ti presento un libro\u201d fa tappa a Mercato San Severino (SA)\",\"datePublished\":\"2026-04-27T06:00:00+00:00\",\"dateModified\":\"2026-04-30T06:21:27+00:00\",\"mainEntityOfPage\":{\"@id\":\"https:\/\/www.istitutogalanteoliva.it\/magazine\/2026\/04\/27\/vieni-ti-presento-un-libro-fa-tappa-a-mercato-san-severino-sa\/\"},\"wordCount\":856,\"publisher\":{\"@id\":\"https:\/\/www.istitutogalanteoliva.it\/magazine\/#organization\"},\"image\":{\"@id\":\"https:\/\/www.istitutogalanteoliva.it\/magazine\/2026\/04\/27\/vieni-ti-presento-un-libro-fa-tappa-a-mercato-san-severino-sa\/#primaryimage\"},\"thumbnailUrl\":\"https:\/\/www.istitutogalanteoliva.it\/magazine\/wp-content\/uploads\/2026\/04\/Senza-titolo-1-2.jpg\",\"keywords\":[\"giovani\",\"Libro\"],\"articleSection\":[\"2026\",\"Cultura\",\"Eventi\"],\"inLanguage\":\"it-IT\"},{\"@type\":\"WebPage\",\"@id\":\"https:\/\/www.istitutogalanteoliva.it\/magazine\/2026\/04\/27\/vieni-ti-presento-un-libro-fa-tappa-a-mercato-san-severino-sa\/\",\"url\":\"https:\/\/www.istitutogalanteoliva.it\/magazine\/2026\/04\/27\/vieni-ti-presento-un-libro-fa-tappa-a-mercato-san-severino-sa\/\",\"name\":\"\u201cVieni, ti presento un libro\u201d fa tappa a Mercato San Severino (SA) - Polis SA Magazine\",\"isPartOf\":{\"@id\":\"https:\/\/www.istitutogalanteoliva.it\/magazine\/#website\"},\"primaryImageOfPage\":{\"@id\":\"https:\/\/www.istitutogalanteoliva.it\/magazine\/2026\/04\/27\/vieni-ti-presento-un-libro-fa-tappa-a-mercato-san-severino-sa\/#primaryimage\"},\"image\":{\"@id\":\"https:\/\/www.istitutogalanteoliva.it\/magazine\/2026\/04\/27\/vieni-ti-presento-un-libro-fa-tappa-a-mercato-san-severino-sa\/#primaryimage\"},\"thumbnailUrl\":\"https:\/\/www.istitutogalanteoliva.it\/magazine\/wp-content\/uploads\/2026\/04\/Senza-titolo-1-2.jpg\",\"datePublished\":\"2026-04-27T06:00:00+00:00\",\"dateModified\":\"2026-04-30T06:21:27+00:00\",\"breadcrumb\":{\"@id\":\"https:\/\/www.istitutogalanteoliva.it\/magazine\/2026\/04\/27\/vieni-ti-presento-un-libro-fa-tappa-a-mercato-san-severino-sa\/#breadcrumb\"},\"inLanguage\":\"it-IT\",\"potentialAction\":[{\"@type\":\"ReadAction\",\"target\":[\"https:\/\/www.istitutogalanteoliva.it\/magazine\/2026\/04\/27\/vieni-ti-presento-un-libro-fa-tappa-a-mercato-san-severino-sa\/\"]}]},{\"@type\":\"ImageObject\",\"inLanguage\":\"it-IT\",\"@id\":\"https:\/\/www.istitutogalanteoliva.it\/magazine\/2026\/04\/27\/vieni-ti-presento-un-libro-fa-tappa-a-mercato-san-severino-sa\/#primaryimage\",\"url\":\"https:\/\/www.istitutogalanteoliva.it\/magazine\/wp-content\/uploads\/2026\/04\/Senza-titolo-1-2.jpg\",\"contentUrl\":\"https:\/\/www.istitutogalanteoliva.it\/magazine\/wp-content\/uploads\/2026\/04\/Senza-titolo-1-2.jpg\",\"width\":700,\"height\":380},{\"@type\":\"BreadcrumbList\",\"@id\":\"https:\/\/www.istitutogalanteoliva.it\/magazine\/2026\/04\/27\/vieni-ti-presento-un-libro-fa-tappa-a-mercato-san-severino-sa\/#breadcrumb\",\"itemListElement\":[{\"@type\":\"ListItem\",\"position\":1,\"name\":\"Home\",\"item\":\"https:\/\/www.istitutogalanteoliva.it\/magazine\/\"},{\"@type\":\"ListItem\",\"position\":2,\"name\":\"\u201cVieni, ti presento un libro\u201d fa tappa a Mercato San Severino (SA)\"}]},{\"@type\":\"WebSite\",\"@id\":\"https:\/\/www.istitutogalanteoliva.it\/magazine\/#website\",\"url\":\"https:\/\/www.istitutogalanteoliva.it\/magazine\/\",\"name\":\"POLIS SA MAGAZINE\",\"description\":\"Informazione e approfondimenti\",\"publisher\":{\"@id\":\"https:\/\/www.istitutogalanteoliva.it\/magazine\/#organization\"},\"potentialAction\":[{\"@type\":\"SearchAction\",\"target\":{\"@type\":\"EntryPoint\",\"urlTemplate\":\"https:\/\/www.istitutogalanteoliva.it\/magazine\/?s={search_term_string}\"},\"query-input\":{\"@type\":\"PropertyValueSpecification\",\"valueRequired\":true,\"valueName\":\"search_term_string\"}}],\"inLanguage\":\"it-IT\"},{\"@type\":\"Organization\",\"@id\":\"https:\/\/www.istitutogalanteoliva.it\/magazine\/#organization\",\"name\":\"Polis SA Magazine\",\"url\":\"https:\/\/www.istitutogalanteoliva.it\/magazine\/\",\"logo\":{\"@type\":\"ImageObject\",\"inLanguage\":\"it-IT\",\"@id\":\"https:\/\/www.istitutogalanteoliva.it\/magazine\/#\/schema\/logo\/image\/\",\"url\":\"\",\"contentUrl\":\"\",\"caption\":\"Polis SA Magazine\"},\"image\":{\"@id\":\"https:\/\/www.istitutogalanteoliva.it\/magazine\/#\/schema\/logo\/image\/\"},\"sameAs\":[\"https:\/\/www.facebook.com\/PolisSAMagazine\/\",\"https:\/\/x.com\/MagazinePolis\",\"https:\/\/www.youtube.com\/channel\/UCv0Mr5AHKUmsc0sEEXkJrgw\"]},{\"@type\":\"Person\",\"@id\":\"https:\/\/www.istitutogalanteoliva.it\/magazine\/#\/schema\/person\/d8b8aa79cfe8babc1df9da3212a7c0c4\",\"name\":\"Antonello Rivano\",\"image\":{\"@type\":\"ImageObject\",\"inLanguage\":\"it-IT\",\"@id\":\"https:\/\/www.istitutogalanteoliva.it\/magazine\/#\/schema\/person\/image\/\",\"url\":\"https:\/\/secure.gravatar.com\/avatar\/517a9a6487a7a18ecc4ce6d2e57a8f40?s=96&d=mm&r=g\",\"contentUrl\":\"https:\/\/secure.gravatar.com\/avatar\/517a9a6487a7a18ecc4ce6d2e57a8f40?s=96&d=mm&r=g\",\"caption\":\"Antonello Rivano\"},\"url\":\"https:\/\/www.istitutogalanteoliva.it\/magazine\/author\/antonello\/\"}]}<\/script>\n<!-- \/ Yoast SEO plugin. -->","yoast_head_json":{"title":"\u201cVieni, ti presento un libro\u201d fa tappa a Mercato San Severino (SA) - Polis SA Magazine","robots":{"index":"index","follow":"follow","max-snippet":"max-snippet:-1","max-image-preview":"max-image-preview:large","max-video-preview":"max-video-preview:-1"},"canonical":"https:\/\/www.istitutogalanteoliva.it\/magazine\/2026\/04\/27\/vieni-ti-presento-un-libro-fa-tappa-a-mercato-san-severino-sa\/","og_locale":"it_IT","og_type":"article","og_title":"\u201cVieni, ti presento un libro\u201d fa tappa a Mercato San Severino (SA) - Polis SA Magazine","og_description":"Progetto itinerante promosso da \u201cIl ponte per il futuro\u201d con il Forum dei Giovani e le realt\u00e0 del territorio: protagonisti studenti e giovani autori","og_url":"https:\/\/www.istitutogalanteoliva.it\/magazine\/2026\/04\/27\/vieni-ti-presento-un-libro-fa-tappa-a-mercato-san-severino-sa\/","og_site_name":"Polis SA Magazine","article_publisher":"https:\/\/www.facebook.com\/PolisSAMagazine\/","article_published_time":"2026-04-27T06:00:00+00:00","article_modified_time":"2026-04-30T06:21:27+00:00","og_image":[{"width":700,"height":380,"url":"https:\/\/www.istitutogalanteoliva.it\/magazine\/wp-content\/uploads\/2026\/04\/Senza-titolo-1-2.jpg","type":"image\/jpeg"}],"author":"Antonello Rivano","twitter_card":"summary_large_image","twitter_creator":"@MagazinePolis","twitter_site":"@MagazinePolis","twitter_misc":{"Scritto da":"Antonello Rivano","Tempo di lettura stimato":"6 minuti"},"schema":{"@context":"https:\/\/schema.org","@graph":[{"@type":"Article","@id":"https:\/\/www.istitutogalanteoliva.it\/magazine\/2026\/04\/27\/vieni-ti-presento-un-libro-fa-tappa-a-mercato-san-severino-sa\/#article","isPartOf":{"@id":"https:\/\/www.istitutogalanteoliva.it\/magazine\/2026\/04\/27\/vieni-ti-presento-un-libro-fa-tappa-a-mercato-san-severino-sa\/"},"author":{"name":"Antonello Rivano","@id":"https:\/\/www.istitutogalanteoliva.it\/magazine\/#\/schema\/person\/d8b8aa79cfe8babc1df9da3212a7c0c4"},"headline":"\u201cVieni, ti presento un libro\u201d fa tappa a Mercato San Severino (SA)","datePublished":"2026-04-27T06:00:00+00:00","dateModified":"2026-04-30T06:21:27+00:00","mainEntityOfPage":{"@id":"https:\/\/www.istitutogalanteoliva.it\/magazine\/2026\/04\/27\/vieni-ti-presento-un-libro-fa-tappa-a-mercato-san-severino-sa\/"},"wordCount":856,"publisher":{"@id":"https:\/\/www.istitutogalanteoliva.it\/magazine\/#organization"},"image":{"@id":"https:\/\/www.istitutogalanteoliva.it\/magazine\/2026\/04\/27\/vieni-ti-presento-un-libro-fa-tappa-a-mercato-san-severino-sa\/#primaryimage"},"thumbnailUrl":"https:\/\/www.istitutogalanteoliva.it\/magazine\/wp-content\/uploads\/2026\/04\/Senza-titolo-1-2.jpg","keywords":["giovani","Libro"],"articleSection":["2026","Cultura","Eventi"],"inLanguage":"it-IT"},{"@type":"WebPage","@id":"https:\/\/www.istitutogalanteoliva.it\/magazine\/2026\/04\/27\/vieni-ti-presento-un-libro-fa-tappa-a-mercato-san-severino-sa\/","url":"https:\/\/www.istitutogalanteoliva.it\/magazine\/2026\/04\/27\/vieni-ti-presento-un-libro-fa-tappa-a-mercato-san-severino-sa\/","name":"\u201cVieni, ti presento un libro\u201d fa tappa a Mercato San Severino (SA) - Polis SA Magazine","isPartOf":{"@id":"https:\/\/www.istitutogalanteoliva.it\/magazine\/#website"},"primaryImageOfPage":{"@id":"https:\/\/www.istitutogalanteoliva.it\/magazine\/2026\/04\/27\/vieni-ti-presento-un-libro-fa-tappa-a-mercato-san-severino-sa\/#primaryimage"},"image":{"@id":"https:\/\/www.istitutogalanteoliva.it\/magazine\/2026\/04\/27\/vieni-ti-presento-un-libro-fa-tappa-a-mercato-san-severino-sa\/#primaryimage"},"thumbnailUrl":"https:\/\/www.istitutogalanteoliva.it\/magazine\/wp-content\/uploads\/2026\/04\/Senza-titolo-1-2.jpg","datePublished":"2026-04-27T06:00:00+00:00","dateModified":"2026-04-30T06:21:27+00:00","breadcrumb":{"@id":"https:\/\/www.istitutogalanteoliva.it\/magazine\/2026\/04\/27\/vieni-ti-presento-un-libro-fa-tappa-a-mercato-san-severino-sa\/#breadcrumb"},"inLanguage":"it-IT","potentialAction":[{"@type":"ReadAction","target":["https:\/\/www.istitutogalanteoliva.it\/magazine\/2026\/04\/27\/vieni-ti-presento-un-libro-fa-tappa-a-mercato-san-severino-sa\/"]}]},{"@type":"ImageObject","inLanguage":"it-IT","@id":"https:\/\/www.istitutogalanteoliva.it\/magazine\/2026\/04\/27\/vieni-ti-presento-un-libro-fa-tappa-a-mercato-san-severino-sa\/#primaryimage","url":"https:\/\/www.istitutogalanteoliva.it\/magazine\/wp-content\/uploads\/2026\/04\/Senza-titolo-1-2.jpg","contentUrl":"https:\/\/www.istitutogalanteoliva.it\/magazine\/wp-content\/uploads\/2026\/04\/Senza-titolo-1-2.jpg","width":700,"height":380},{"@type":"BreadcrumbList","@id":"https:\/\/www.istitutogalanteoliva.it\/magazine\/2026\/04\/27\/vieni-ti-presento-un-libro-fa-tappa-a-mercato-san-severino-sa\/#breadcrumb","itemListElement":[{"@type":"ListItem","position":1,"name":"Home","item":"https:\/\/www.istitutogalanteoliva.it\/magazine\/"},{"@type":"ListItem","position":2,"name":"\u201cVieni, ti presento un libro\u201d fa tappa a Mercato San Severino (SA)"}]},{"@type":"WebSite","@id":"https:\/\/www.istitutogalanteoliva.it\/magazine\/#website","url":"https:\/\/www.istitutogalanteoliva.it\/magazine\/","name":"POLIS SA MAGAZINE","description":"Informazione e approfondimenti","publisher":{"@id":"https:\/\/www.istitutogalanteoliva.it\/magazine\/#organization"},"potentialAction":[{"@type":"SearchAction","target":{"@type":"EntryPoint","urlTemplate":"https:\/\/www.istitutogalanteoliva.it\/magazine\/?s={search_term_string}"},"query-input":{"@type":"PropertyValueSpecification","valueRequired":true,"valueName":"search_term_string"}}],"inLanguage":"it-IT"},{"@type":"Organization","@id":"https:\/\/www.istitutogalanteoliva.it\/magazine\/#organization","name":"Polis SA Magazine","url":"https:\/\/www.istitutogalanteoliva.it\/magazine\/","logo":{"@type":"ImageObject","inLanguage":"it-IT","@id":"https:\/\/www.istitutogalanteoliva.it\/magazine\/#\/schema\/logo\/image\/","url":"","contentUrl":"","caption":"Polis SA Magazine"},"image":{"@id":"https:\/\/www.istitutogalanteoliva.it\/magazine\/#\/schema\/logo\/image\/"},"sameAs":["https:\/\/www.facebook.com\/PolisSAMagazine\/","https:\/\/x.com\/MagazinePolis","https:\/\/www.youtube.com\/channel\/UCv0Mr5AHKUmsc0sEEXkJrgw"]},{"@type":"Person","@id":"https:\/\/www.istitutogalanteoliva.it\/magazine\/#\/schema\/person\/d8b8aa79cfe8babc1df9da3212a7c0c4","name":"Antonello Rivano","image":{"@type":"ImageObject","inLanguage":"it-IT","@id":"https:\/\/www.istitutogalanteoliva.it\/magazine\/#\/schema\/person\/image\/","url":"https:\/\/secure.gravatar.com\/avatar\/517a9a6487a7a18ecc4ce6d2e57a8f40?s=96&d=mm&r=g","contentUrl":"https:\/\/secure.gravatar.com\/avatar\/517a9a6487a7a18ecc4ce6d2e57a8f40?s=96&d=mm&r=g","caption":"Antonello Rivano"},"url":"https:\/\/www.istitutogalanteoliva.it\/magazine\/author\/antonello\/"}]}},"_links":{"self":[{"href":"https:\/\/www.istitutogalanteoliva.it\/magazine\/wp-json\/wp\/v2\/posts\/20524","targetHints":{"allow":["GET"]}}],"collection":[{"href":"https:\/\/www.istitutogalanteoliva.it\/magazine\/wp-json\/wp\/v2\/posts"}],"about":[{"href":"https:\/\/www.istitutogalanteoliva.it\/magazine\/wp-json\/wp\/v2\/types\/post"}],"author":[{"embeddable":true,"href":"https:\/\/www.istitutogalanteoliva.it\/magazine\/wp-json\/wp\/v2\/users\/2"}],"replies":[{"embeddable":true,"href":"https:\/\/www.istitutogalanteoliva.it\/magazine\/wp-json\/wp\/v2\/comments?post=20524"}],"version-history":[{"count":4,"href":"https:\/\/www.istitutogalanteoliva.it\/magazine\/wp-json\/wp\/v2\/posts\/20524\/revisions"}],"predecessor-version":[{"id":20533,"href":"https:\/\/www.istitutogalanteoliva.it\/magazine\/wp-json\/wp\/v2\/posts\/20524\/revisions\/20533"}],"wp:featuredmedia":[{"embeddable":true,"href":"https:\/\/www.istitutogalanteoliva.it\/magazine\/wp-json\/wp\/v2\/media\/20525"}],"wp:attachment":[{"href":"https:\/\/www.istitutogalanteoliva.it\/magazine\/wp-json\/wp\/v2\/media?parent=20524"}],"wp:term":[{"taxonomy":"category","embeddable":true,"href":"https:\/\/www.istitutogalanteoliva.it\/magazine\/wp-json\/wp\/v2\/categories?post=20524"},{"taxonomy":"post_tag","embeddable":true,"href":"https:\/\/www.istitutogalanteoliva.it\/magazine\/wp-json\/wp\/v2\/tags?post=20524"}],"curies":[{"name":"wp","href":"https:\/\/api.w.org\/{rel}","templated":true}]}}