{"id":20535,"date":"2026-04-27T20:31:42","date_gmt":"2026-04-27T18:31:42","guid":{"rendered":"https:\/\/www.istitutogalanteoliva.it\/magazine\/?p=20535"},"modified":"2026-04-30T08:21:37","modified_gmt":"2026-04-30T06:21:37","slug":"il-maggio-dellarchitettura-apre-a-ischia-un-viaggio-tra-memoria-progetto-e-futuro","status":"publish","type":"post","link":"https:\/\/www.istitutogalanteoliva.it\/magazine\/2026\/04\/27\/il-maggio-dellarchitettura-apre-a-ischia-un-viaggio-tra-memoria-progetto-e-futuro\/","title":{"rendered":"Il \u201cMaggio dell\u2019Architettura\u201d apre a Ischia: un viaggio tra memoria, progetto e futuro"},"content":{"rendered":"\n<p>Si \u00e8 aperta ufficialmente, presso la Sala Consiliare del Comune di Ischia, con una conferenza stampa di presentazione, il \u201cMaggio dell\u2019Architettura\u201d: giornate di studio, arte e cultura dedicate al mondo dell\u2019architettura e ai suoi illustri rappresentanti.<\/p>\n\n\n\n<p>Organizzata da \u201cSiebenArchi \u2013 Architetti Urbanisti Designers\u201d, presieduta dall\u2019architetto Claudio Bozzaotra e coordinata da Antonio Ciniglio, l\u2019edizione di quest\u2019anno si configura come uno straordinario viaggio tra arte, urbanistica, memoria e progetto.4<\/p>\n\n\n\n<figure class=\"wp-block-video\"><video controls src=\"https:\/\/www.istitutogalanteoliva.it\/magazine\/wp-content\/uploads\/2026\/04\/arch.mp4\"><\/video><\/figure>\n\n\n\n<p>Diversi i temi affrontati dagli ospiti e relatori, destinati a svilupparsi in varie citt\u00e0 della Campania, luoghi di creazione, investimento e ricerca: dalla Mostra d\u2019Oltremare alla \u201ccitt\u00e0 Igiea\u201d, dalle \u201cestetiche e dinamiche del margine\u201d alle \u201cEcosintonie\u201d.<\/p>\n\n\n\n<p>Alla conferenza stampa hanno preso parte il presidente del Consiglio nazionale degli Architetti P.P.C., Massimo Crusi, e il tesoriere dell\u2019Ordine degli Architetti di Napoli, Antonio Cerbone. Tra gli interventi, quelli del coordinatore del \u201cMaggio dell\u2019Architettura\u201d, arch. Antonio Ciniglio, del presidente del Premio \u201cPida Ischia\u201d, arch. Giovannangelo De Angelis, e dell\u2019enologo Marco Savastano. Le relazioni scientifiche sono state affidate agli architetti Marco Cortese e Bruno Macr\u00ec e ai professori Jorge Cruz Pinto (Universit\u00e0 di Lisbona) e Francisco Arques Soler (Escuela T\u00e9cnica Superior de Arquitectura de Madrid).<\/p>\n\n\n\n<div class=\"wp-block-columns is-layout-flex wp-container-core-columns-is-layout-1 wp-block-columns-is-layout-flex\">\n<div class=\"wp-block-column is-layout-flow wp-block-column-is-layout-flow\">\n<figure class=\"wp-block-image size-full is-resized\"><img loading=\"lazy\" decoding=\"async\" width=\"225\" height=\"225\" src=\"https:\/\/www.istitutogalanteoliva.it\/magazine\/wp-content\/uploads\/2026\/04\/Francisco-Arques-Soler.jpg\" alt=\"\" class=\"wp-image-20537\" style=\"width:337px;height:auto\" srcset=\"https:\/\/www.istitutogalanteoliva.it\/magazine\/wp-content\/uploads\/2026\/04\/Francisco-Arques-Soler.jpg 225w, https:\/\/www.istitutogalanteoliva.it\/magazine\/wp-content\/uploads\/2026\/04\/Francisco-Arques-Soler-150x150.jpg 150w\" sizes=\"auto, (max-width: 225px) 100vw, 225px\" \/><figcaption class=\"wp-element-caption\"><strong><em><sup>Francisco Arques Soler<\/sup><\/em><\/strong><\/figcaption><\/figure>\n<\/div>\n\n\n\n<div class=\"wp-block-column is-layout-flow wp-block-column-is-layout-flow\">\n<figure class=\"wp-block-image size-full is-resized\"><img loading=\"lazy\" decoding=\"async\" width=\"200\" height=\"200\" src=\"https:\/\/www.istitutogalanteoliva.it\/magazine\/wp-content\/uploads\/2026\/04\/Jorge-cruz-pinto.jpg\" alt=\"\" class=\"wp-image-20538\" style=\"width:331px;height:auto\" srcset=\"https:\/\/www.istitutogalanteoliva.it\/magazine\/wp-content\/uploads\/2026\/04\/Jorge-cruz-pinto.jpg 200w, https:\/\/www.istitutogalanteoliva.it\/magazine\/wp-content\/uploads\/2026\/04\/Jorge-cruz-pinto-150x150.jpg 150w\" sizes=\"auto, (max-width: 200px) 100vw, 200px\" \/><figcaption class=\"wp-element-caption\"><strong><em><sup>Jorge cruz pinto<\/sup><\/em><\/strong><\/figcaption><\/figure>\n<\/div>\n<\/div>\n\n\n\n<p>Le conclusioni sono state affidate all\u2019architetto Antonio Ciniglio. Il Premio \u201cMaggio dell\u2019Architettura\u201d \u00e8 dedicato alla memoria di Antonello Monaco.<\/p>\n\n\n\n<p>Molto intensa la conferenza stampa di presentazione, svoltasi lo scorso 24 aprile. Oltre agli interventi istituzionali, Antonio Ciniglio ha illustrato il programma completo, delineandone finalit\u00e0, contenuti e prospettive.<\/p>\n\n\n\n<p><em>\u201cUn Maggio itinerante \u2013 afferma Ciniglio \u2013 parte da Ischia e diventa \u2018nomade\u2019. Dedichiamo il premio alla memoria del nostro collega Antonello Monaco, che ci ha lasciato da poco: un professionista di grande valore, che ha lasciato ricordi indelebili e un importante patrimonio culturale. Un \u2018Maggio dell\u2019Architettura\u2019 che va incontro alle persone, ai colleghi, portando con s\u00e9 passione, piacere e voglia di fare architettura. Un modo per stare insieme.\u201d<\/em><\/p>\n\n\n\n<p>Numerosi gli spunti offerti dagli ospiti sul rapporto tra architettura, societ\u00e0 e comunicazione. I professori Jorge Cruz Pinto e Francisco Arques Soler hanno ricordato la figura di Antonello Monaco, sottolineandone l\u2019attenzione per il dialogo.<\/p>\n\n\n<div class=\"wp-block-image\">\n<figure class=\"aligncenter size-large is-resized\"><img loading=\"lazy\" decoding=\"async\" width=\"1117\" height=\"1117\" src=\"https:\/\/www.istitutogalanteoliva.it\/magazine\/wp-content\/uploads\/2026\/04\/massimo-crusi-edited.jpg\" alt=\"\" class=\"wp-image-20540\" style=\"width:387px;height:auto\" srcset=\"https:\/\/www.istitutogalanteoliva.it\/magazine\/wp-content\/uploads\/2026\/04\/massimo-crusi-edited.jpg 1117w, https:\/\/www.istitutogalanteoliva.it\/magazine\/wp-content\/uploads\/2026\/04\/massimo-crusi-edited-300x300.jpg 300w, https:\/\/www.istitutogalanteoliva.it\/magazine\/wp-content\/uploads\/2026\/04\/massimo-crusi-edited-1024x1024.jpg 1024w, https:\/\/www.istitutogalanteoliva.it\/magazine\/wp-content\/uploads\/2026\/04\/massimo-crusi-edited-150x150.jpg 150w, https:\/\/www.istitutogalanteoliva.it\/magazine\/wp-content\/uploads\/2026\/04\/massimo-crusi-edited-768x768.jpg 768w\" sizes=\"auto, (max-width: 1117px) 100vw, 1117px\" \/><figcaption class=\"wp-element-caption\"><strong><em><sup>Massimo Crusi<\/sup><\/em><\/strong><\/figcaption><\/figure><\/div>\n\n\n<p><em>\u201cPer Antonello il tema della conversazione era fondamentale \u2013 ricorda Soler \u2013. Molti preferiscono il convegno o la lezione, ma lui faceva della conversazione uno strumento di trasmissione culturale e di stimolo. Stare con Antonello significava condividere pensiero, anche in modo informale, senza pressioni intellettuali.\u201d<\/em><\/p>\n\n\n\n<p><em>\u201cUna conversazione di tipo socratico o platonico \u2013 aggiunge Pinto \u2013. Fare filosofia attraverso il dialogo. La conversazione, come l\u2019immagine, \u00e8 diretta: nella narrazione orale si genera un immaginario diverso, personale.\u201d<\/em><\/p>\n\n\n\n<p>Ampio spazio anche al tema del rapporto uomo-macchina-citt\u00e0, gi\u00e0 centrale nelle precedenti edizioni.<\/p>\n\n\n\n<p><em>\u201cOggi non c\u2019\u00e8 limite tra architettura e uomo \u2013 osserva Soler \u2013. L\u2019umanesimo si riflette nella citt\u00e0, che resta un punto di riferimento per osservare l\u2019umanit\u00e0. Ma il rapporto uomo-macchina-citt\u00e0 sta cambiando, generando dinamiche disumanizzanti. La citt\u00e0 oggi \u00e8 malsana.\u201d<\/em><\/p>\n\n\n\n<p><em>\u201cL\u2019umanesimo dell\u2019architettura esiste ed \u00e8 una critica all\u2019Antropocene \u2013 dichiara Pinto \u2013. L\u2019architettura \u00e8 responsabile del quaranta per cento dell\u2019inquinamento ambientale: noi architetti dobbiamo esserne consapevoli. Ai miei studenti non parlo mai di calcestruzzo: li invito a lavorare con legno e pietra. Dobbiamo interrogarci su quale eredit\u00e0 lasceremo alle future generazioni. Tutto \u00e8 effimero: anche le Piramidi diventeranno sabbia. Occorre proteggere il pianeta.\u201d<\/em><\/p>\n\n\n\n<p>L\u2019architetto Pinto si rif\u00e0 all\u2019\u201cOpera aperta\u201d di Umberto Eco, proponendo una possibile declinazione in chiave progettuale:<\/p>\n\n\n\n<p><em>\u201cPotremmo pensare all\u2019Architettura aperta.\u201d<\/em><\/p>\n\n\n\n<p>Richiamando anche Kenneth Frampton, Pinto ricorda come Antonello Monaco facesse riferimento al concetto di \u201cRetroguardia\u201d, distinguendolo dall\u2019Avanguardia:<\/p>\n\n\n\n<p><em>\u201cLa Retroguardia non \u00e8 sinonimo di regressione reazionaria, ma indica la capacit\u00e0 di mantenere una distanza tra futuro e passato, attraverso un presente consapevole.\u201d<\/em><\/p>\n\n\n\n<p>Entusiasta il tesoriere dell\u2019Ordine degli Architetti di Napoli, Antonio Cerbone:<\/p>\n\n\n\n<p><em>\u201cL\u2019architettura \u00e8 un linguaggio, parla al passato e al futuro. La cultura \u00e8 la nostra casa. Il nostro essere luogo progettato deve dialogare con le persone. La tragedia recente del crollo di un fabbricato a Napoli dimostra quanto il tema della sicurezza sia fondamentale. L\u2019architettura \u00e8 bellezza, ma anche responsabilit\u00e0.\u201d<\/em><\/p>\n\n\n\n<p><em>\u201cQuesto \u2018Maggio dell\u2019Architettura\u2019 \u2013 conclude \u2013 ricorda Antonello Monaco e si configura come un percorso itinerante di scambio e conoscenza. Ci muoviamo come tra porti diversi, portando e ricevendo cultura. Anche la nostra tradizione, tra stanzialit\u00e0 e desiderio di scoperta, continua a generare confronto e crescita.\u201d<\/em><\/p>\n\n\n\n<div class=\"wp-block-group has-background\" style=\"background-color:#8dd2fc57\"><div class=\"wp-block-group__inner-container is-layout-constrained wp-block-group-is-layout-constrained\">\n<div class=\"wp-block-group\"><div class=\"wp-block-group__inner-container is-layout-constrained wp-block-group-is-layout-constrained\">\n<p><strong>SiebenArchi \u2013 Architetti Urbanisti Designers<\/strong><br>Nola (NA) \u2013 Via Enrico De Nicola 21<\/p>\n\n\n\n<p><strong>\u201cMaggio dell\u2019Architettura \u2013 annodiciannove\u201d<\/strong><br><em>Mugnano di Napoli \u2013 Nola \u2013 Castellammare di Stabia \u2013 Portici \u2013 Napoli<\/em><\/p>\n\n\n\n<p><strong>Programma:<\/strong><br>\u2022 <strong>7 maggio \u2013 Mugnano di Napoli<\/strong>, Scuola Filippo Illuminato: visita e incontri su Salvatore Bisogni<br>\u2022 <strong>15 maggio \u2013 Nola<\/strong>, Auditorium Piazzolla: visita e conferenza su Mostra d\u2019Oltremare<br>\u2022 <strong>22 maggio \u2013 Castellammare di Stabia<\/strong>, Reggia di Quisisana: <em>Le citt\u00e0 Igiea<\/em><br>\u2022 <strong>29\u201330 maggio \u2013 Portici<\/strong>, Palazzo Reale: <em>Ecosintonia<\/em> e <em>Architettura a dimensione umana<\/em><br>\u2022 <strong>5\u20136 giugno \u2013 Napoli<\/strong>, Chiesa SS. Cosma e Damiano: <em>Estetiche del margine<\/em>, <em>Firmitas<\/em> e premiazioni finali<\/p>\n\n\n\n<p><strong>Pre-Maggio:<\/strong><br>\u2022 <strong>24 aprile \u2013 Ischia<\/strong>, Antiche Carceri del Molino: Premio in memoria di Antonello Monaco<\/p>\n\n\n\n<p>La rassegna prevede mostre, visite guidate, tavole rotonde e la consegna dei premi <em>Maggio CultArchi 2026<\/em> e <em>CampaniArchitettura 2026<\/em>.<\/p>\n\n\n\n<p>Ufficio stampa: Stefano Pignataro \u2013 <a>pignatarostefano@virgilio.it<\/a> \u2013 347 8327831<br><em>Programma suscettibile di variazioni.<\/em><\/p>\n<\/div><\/div>\n<\/div><\/div>\n\n\n\n<p class=\"has-text-align-right\"><\/p>\n<div class=\"pdfprnt-buttons pdfprnt-buttons-post pdfprnt-bottom-left\"><a href=\"https:\/\/www.istitutogalanteoliva.it\/magazine\/wp-json\/wp\/v2\/posts\/20535?print=print\" class=\"pdfprnt-button pdfprnt-button-print\" target=\"_blank\"><img decoding=\"async\" src=\"https:\/\/www.istitutogalanteoliva.it\/magazine\/wp-content\/plugins\/pdf-print\/images\/print.png\" alt=\"image_print\" title=\"Stampa contenuto\" \/><span class=\"pdfprnt-button-title pdfprnt-button-print-title\">Download in PDF<\/span><\/a><\/div>","protected":false},"excerpt":{"rendered":"<p>Dalla Sala Consiliare prende il via la rassegna itinerante tra arte e urbanistica, dedicata ad Antonello Monaco e al dialogo tra architettura, societ\u00e0 e ambiente<\/p>\n","protected":false},"author":2,"featured_media":20536,"comment_status":"closed","ping_status":"open","sticky":true,"template":"","format":"standard","meta":{"footnotes":""},"categories":[1483,47],"tags":[960],"class_list":["post-20535","post","type-post","status-publish","format-standard","has-post-thumbnail","hentry","category-1483","category-eventi","tag-architettura"],"yoast_head":"<!-- This site is optimized with the Yoast SEO plugin v24.2 - https:\/\/yoast.com\/wordpress\/plugins\/seo\/ -->\n<title>Il \u201cMaggio dell\u2019Architettura\u201d apre a Ischia: un viaggio tra memoria, progetto e futuro - Polis SA Magazine<\/title>\n<meta name=\"robots\" content=\"index, follow, max-snippet:-1, max-image-preview:large, max-video-preview:-1\" \/>\n<link rel=\"canonical\" href=\"https:\/\/www.istitutogalanteoliva.it\/magazine\/2026\/04\/27\/il-maggio-dellarchitettura-apre-a-ischia-un-viaggio-tra-memoria-progetto-e-futuro\/\" \/>\n<meta property=\"og:locale\" content=\"it_IT\" \/>\n<meta property=\"og:type\" content=\"article\" \/>\n<meta property=\"og:title\" content=\"Il \u201cMaggio dell\u2019Architettura\u201d apre a Ischia: un viaggio tra memoria, progetto e futuro - Polis SA Magazine\" \/>\n<meta property=\"og:description\" content=\"Dalla Sala Consiliare prende il via la rassegna itinerante tra arte e urbanistica, dedicata ad Antonello Monaco e al dialogo tra architettura, societ\u00e0 e ambiente\" \/>\n<meta property=\"og:url\" content=\"https:\/\/www.istitutogalanteoliva.it\/magazine\/2026\/04\/27\/il-maggio-dellarchitettura-apre-a-ischia-un-viaggio-tra-memoria-progetto-e-futuro\/\" \/>\n<meta property=\"og:site_name\" content=\"Polis SA Magazine\" \/>\n<meta property=\"article:publisher\" content=\"https:\/\/www.facebook.com\/PolisSAMagazine\/\" \/>\n<meta property=\"article:published_time\" content=\"2026-04-27T18:31:42+00:00\" \/>\n<meta property=\"article:modified_time\" content=\"2026-04-30T06:21:37+00:00\" \/>\n<meta property=\"og:image\" content=\"https:\/\/www.istitutogalanteoliva.it\/magazine\/wp-content\/uploads\/2026\/04\/Senza-titolo-1-3.jpg\" \/>\n\t<meta property=\"og:image:width\" content=\"700\" \/>\n\t<meta property=\"og:image:height\" content=\"380\" \/>\n\t<meta property=\"og:image:type\" content=\"image\/jpeg\" \/>\n<meta name=\"author\" content=\"Antonello Rivano\" \/>\n<meta name=\"twitter:card\" content=\"summary_large_image\" \/>\n<meta name=\"twitter:creator\" content=\"@MagazinePolis\" \/>\n<meta name=\"twitter:site\" content=\"@MagazinePolis\" \/>\n<meta name=\"twitter:label1\" content=\"Scritto da\" \/>\n\t<meta name=\"twitter:data1\" content=\"Antonello Rivano\" \/>\n\t<meta name=\"twitter:label2\" content=\"Tempo di lettura stimato\" \/>\n\t<meta name=\"twitter:data2\" content=\"6 minuti\" \/>\n<script type=\"application\/ld+json\" class=\"yoast-schema-graph\">{\"@context\":\"https:\/\/schema.org\",\"@graph\":[{\"@type\":\"Article\",\"@id\":\"https:\/\/www.istitutogalanteoliva.it\/magazine\/2026\/04\/27\/il-maggio-dellarchitettura-apre-a-ischia-un-viaggio-tra-memoria-progetto-e-futuro\/#article\",\"isPartOf\":{\"@id\":\"https:\/\/www.istitutogalanteoliva.it\/magazine\/2026\/04\/27\/il-maggio-dellarchitettura-apre-a-ischia-un-viaggio-tra-memoria-progetto-e-futuro\/\"},\"author\":{\"name\":\"Antonello Rivano\",\"@id\":\"https:\/\/www.istitutogalanteoliva.it\/magazine\/#\/schema\/person\/d8b8aa79cfe8babc1df9da3212a7c0c4\"},\"headline\":\"Il \u201cMaggio dell\u2019Architettura\u201d apre a Ischia: un viaggio tra memoria, progetto e futuro\",\"datePublished\":\"2026-04-27T18:31:42+00:00\",\"dateModified\":\"2026-04-30T06:21:37+00:00\",\"mainEntityOfPage\":{\"@id\":\"https:\/\/www.istitutogalanteoliva.it\/magazine\/2026\/04\/27\/il-maggio-dellarchitettura-apre-a-ischia-un-viaggio-tra-memoria-progetto-e-futuro\/\"},\"wordCount\":849,\"publisher\":{\"@id\":\"https:\/\/www.istitutogalanteoliva.it\/magazine\/#organization\"},\"image\":{\"@id\":\"https:\/\/www.istitutogalanteoliva.it\/magazine\/2026\/04\/27\/il-maggio-dellarchitettura-apre-a-ischia-un-viaggio-tra-memoria-progetto-e-futuro\/#primaryimage\"},\"thumbnailUrl\":\"https:\/\/www.istitutogalanteoliva.it\/magazine\/wp-content\/uploads\/2026\/04\/Senza-titolo-1-3.jpg\",\"keywords\":[\"Architettura\"],\"articleSection\":[\"2026\",\"Eventi\"],\"inLanguage\":\"it-IT\"},{\"@type\":\"WebPage\",\"@id\":\"https:\/\/www.istitutogalanteoliva.it\/magazine\/2026\/04\/27\/il-maggio-dellarchitettura-apre-a-ischia-un-viaggio-tra-memoria-progetto-e-futuro\/\",\"url\":\"https:\/\/www.istitutogalanteoliva.it\/magazine\/2026\/04\/27\/il-maggio-dellarchitettura-apre-a-ischia-un-viaggio-tra-memoria-progetto-e-futuro\/\",\"name\":\"Il \u201cMaggio dell\u2019Architettura\u201d apre a Ischia: un viaggio tra memoria, progetto e futuro - Polis SA Magazine\",\"isPartOf\":{\"@id\":\"https:\/\/www.istitutogalanteoliva.it\/magazine\/#website\"},\"primaryImageOfPage\":{\"@id\":\"https:\/\/www.istitutogalanteoliva.it\/magazine\/2026\/04\/27\/il-maggio-dellarchitettura-apre-a-ischia-un-viaggio-tra-memoria-progetto-e-futuro\/#primaryimage\"},\"image\":{\"@id\":\"https:\/\/www.istitutogalanteoliva.it\/magazine\/2026\/04\/27\/il-maggio-dellarchitettura-apre-a-ischia-un-viaggio-tra-memoria-progetto-e-futuro\/#primaryimage\"},\"thumbnailUrl\":\"https:\/\/www.istitutogalanteoliva.it\/magazine\/wp-content\/uploads\/2026\/04\/Senza-titolo-1-3.jpg\",\"datePublished\":\"2026-04-27T18:31:42+00:00\",\"dateModified\":\"2026-04-30T06:21:37+00:00\",\"breadcrumb\":{\"@id\":\"https:\/\/www.istitutogalanteoliva.it\/magazine\/2026\/04\/27\/il-maggio-dellarchitettura-apre-a-ischia-un-viaggio-tra-memoria-progetto-e-futuro\/#breadcrumb\"},\"inLanguage\":\"it-IT\",\"potentialAction\":[{\"@type\":\"ReadAction\",\"target\":[\"https:\/\/www.istitutogalanteoliva.it\/magazine\/2026\/04\/27\/il-maggio-dellarchitettura-apre-a-ischia-un-viaggio-tra-memoria-progetto-e-futuro\/\"]}]},{\"@type\":\"ImageObject\",\"inLanguage\":\"it-IT\",\"@id\":\"https:\/\/www.istitutogalanteoliva.it\/magazine\/2026\/04\/27\/il-maggio-dellarchitettura-apre-a-ischia-un-viaggio-tra-memoria-progetto-e-futuro\/#primaryimage\",\"url\":\"https:\/\/www.istitutogalanteoliva.it\/magazine\/wp-content\/uploads\/2026\/04\/Senza-titolo-1-3.jpg\",\"contentUrl\":\"https:\/\/www.istitutogalanteoliva.it\/magazine\/wp-content\/uploads\/2026\/04\/Senza-titolo-1-3.jpg\",\"width\":700,\"height\":380,\"caption\":\"Antonio Ciniglio con Giovannangelo De Angelis- Presidente Premio \\\"Pida\\\"-Ischiaed Antonio Cerbone, Tesoriere Ordine Architetti Napoli\"},{\"@type\":\"BreadcrumbList\",\"@id\":\"https:\/\/www.istitutogalanteoliva.it\/magazine\/2026\/04\/27\/il-maggio-dellarchitettura-apre-a-ischia-un-viaggio-tra-memoria-progetto-e-futuro\/#breadcrumb\",\"itemListElement\":[{\"@type\":\"ListItem\",\"position\":1,\"name\":\"Home\",\"item\":\"https:\/\/www.istitutogalanteoliva.it\/magazine\/\"},{\"@type\":\"ListItem\",\"position\":2,\"name\":\"Il \u201cMaggio dell\u2019Architettura\u201d apre a Ischia: un viaggio tra memoria, progetto e futuro\"}]},{\"@type\":\"WebSite\",\"@id\":\"https:\/\/www.istitutogalanteoliva.it\/magazine\/#website\",\"url\":\"https:\/\/www.istitutogalanteoliva.it\/magazine\/\",\"name\":\"POLIS SA MAGAZINE\",\"description\":\"Informazione e approfondimenti\",\"publisher\":{\"@id\":\"https:\/\/www.istitutogalanteoliva.it\/magazine\/#organization\"},\"potentialAction\":[{\"@type\":\"SearchAction\",\"target\":{\"@type\":\"EntryPoint\",\"urlTemplate\":\"https:\/\/www.istitutogalanteoliva.it\/magazine\/?s={search_term_string}\"},\"query-input\":{\"@type\":\"PropertyValueSpecification\",\"valueRequired\":true,\"valueName\":\"search_term_string\"}}],\"inLanguage\":\"it-IT\"},{\"@type\":\"Organization\",\"@id\":\"https:\/\/www.istitutogalanteoliva.it\/magazine\/#organization\",\"name\":\"Polis SA Magazine\",\"url\":\"https:\/\/www.istitutogalanteoliva.it\/magazine\/\",\"logo\":{\"@type\":\"ImageObject\",\"inLanguage\":\"it-IT\",\"@id\":\"https:\/\/www.istitutogalanteoliva.it\/magazine\/#\/schema\/logo\/image\/\",\"url\":\"\",\"contentUrl\":\"\",\"caption\":\"Polis SA Magazine\"},\"image\":{\"@id\":\"https:\/\/www.istitutogalanteoliva.it\/magazine\/#\/schema\/logo\/image\/\"},\"sameAs\":[\"https:\/\/www.facebook.com\/PolisSAMagazine\/\",\"https:\/\/x.com\/MagazinePolis\",\"https:\/\/www.youtube.com\/channel\/UCv0Mr5AHKUmsc0sEEXkJrgw\"]},{\"@type\":\"Person\",\"@id\":\"https:\/\/www.istitutogalanteoliva.it\/magazine\/#\/schema\/person\/d8b8aa79cfe8babc1df9da3212a7c0c4\",\"name\":\"Antonello Rivano\",\"image\":{\"@type\":\"ImageObject\",\"inLanguage\":\"it-IT\",\"@id\":\"https:\/\/www.istitutogalanteoliva.it\/magazine\/#\/schema\/person\/image\/\",\"url\":\"https:\/\/secure.gravatar.com\/avatar\/517a9a6487a7a18ecc4ce6d2e57a8f40?s=96&d=mm&r=g\",\"contentUrl\":\"https:\/\/secure.gravatar.com\/avatar\/517a9a6487a7a18ecc4ce6d2e57a8f40?s=96&d=mm&r=g\",\"caption\":\"Antonello Rivano\"},\"url\":\"https:\/\/www.istitutogalanteoliva.it\/magazine\/author\/antonello\/\"}]}<\/script>\n<!-- \/ Yoast SEO plugin. -->","yoast_head_json":{"title":"Il \u201cMaggio dell\u2019Architettura\u201d apre a Ischia: un viaggio tra memoria, progetto e futuro - Polis SA Magazine","robots":{"index":"index","follow":"follow","max-snippet":"max-snippet:-1","max-image-preview":"max-image-preview:large","max-video-preview":"max-video-preview:-1"},"canonical":"https:\/\/www.istitutogalanteoliva.it\/magazine\/2026\/04\/27\/il-maggio-dellarchitettura-apre-a-ischia-un-viaggio-tra-memoria-progetto-e-futuro\/","og_locale":"it_IT","og_type":"article","og_title":"Il \u201cMaggio dell\u2019Architettura\u201d apre a Ischia: un viaggio tra memoria, progetto e futuro - Polis SA Magazine","og_description":"Dalla Sala Consiliare prende il via la rassegna itinerante tra arte e urbanistica, dedicata ad Antonello Monaco e al dialogo tra architettura, societ\u00e0 e ambiente","og_url":"https:\/\/www.istitutogalanteoliva.it\/magazine\/2026\/04\/27\/il-maggio-dellarchitettura-apre-a-ischia-un-viaggio-tra-memoria-progetto-e-futuro\/","og_site_name":"Polis SA Magazine","article_publisher":"https:\/\/www.facebook.com\/PolisSAMagazine\/","article_published_time":"2026-04-27T18:31:42+00:00","article_modified_time":"2026-04-30T06:21:37+00:00","og_image":[{"width":700,"height":380,"url":"https:\/\/www.istitutogalanteoliva.it\/magazine\/wp-content\/uploads\/2026\/04\/Senza-titolo-1-3.jpg","type":"image\/jpeg"}],"author":"Antonello Rivano","twitter_card":"summary_large_image","twitter_creator":"@MagazinePolis","twitter_site":"@MagazinePolis","twitter_misc":{"Scritto da":"Antonello Rivano","Tempo di lettura stimato":"6 minuti"},"schema":{"@context":"https:\/\/schema.org","@graph":[{"@type":"Article","@id":"https:\/\/www.istitutogalanteoliva.it\/magazine\/2026\/04\/27\/il-maggio-dellarchitettura-apre-a-ischia-un-viaggio-tra-memoria-progetto-e-futuro\/#article","isPartOf":{"@id":"https:\/\/www.istitutogalanteoliva.it\/magazine\/2026\/04\/27\/il-maggio-dellarchitettura-apre-a-ischia-un-viaggio-tra-memoria-progetto-e-futuro\/"},"author":{"name":"Antonello Rivano","@id":"https:\/\/www.istitutogalanteoliva.it\/magazine\/#\/schema\/person\/d8b8aa79cfe8babc1df9da3212a7c0c4"},"headline":"Il \u201cMaggio dell\u2019Architettura\u201d apre a Ischia: un viaggio tra memoria, progetto e futuro","datePublished":"2026-04-27T18:31:42+00:00","dateModified":"2026-04-30T06:21:37+00:00","mainEntityOfPage":{"@id":"https:\/\/www.istitutogalanteoliva.it\/magazine\/2026\/04\/27\/il-maggio-dellarchitettura-apre-a-ischia-un-viaggio-tra-memoria-progetto-e-futuro\/"},"wordCount":849,"publisher":{"@id":"https:\/\/www.istitutogalanteoliva.it\/magazine\/#organization"},"image":{"@id":"https:\/\/www.istitutogalanteoliva.it\/magazine\/2026\/04\/27\/il-maggio-dellarchitettura-apre-a-ischia-un-viaggio-tra-memoria-progetto-e-futuro\/#primaryimage"},"thumbnailUrl":"https:\/\/www.istitutogalanteoliva.it\/magazine\/wp-content\/uploads\/2026\/04\/Senza-titolo-1-3.jpg","keywords":["Architettura"],"articleSection":["2026","Eventi"],"inLanguage":"it-IT"},{"@type":"WebPage","@id":"https:\/\/www.istitutogalanteoliva.it\/magazine\/2026\/04\/27\/il-maggio-dellarchitettura-apre-a-ischia-un-viaggio-tra-memoria-progetto-e-futuro\/","url":"https:\/\/www.istitutogalanteoliva.it\/magazine\/2026\/04\/27\/il-maggio-dellarchitettura-apre-a-ischia-un-viaggio-tra-memoria-progetto-e-futuro\/","name":"Il \u201cMaggio dell\u2019Architettura\u201d apre a Ischia: un viaggio tra memoria, progetto e futuro - Polis SA Magazine","isPartOf":{"@id":"https:\/\/www.istitutogalanteoliva.it\/magazine\/#website"},"primaryImageOfPage":{"@id":"https:\/\/www.istitutogalanteoliva.it\/magazine\/2026\/04\/27\/il-maggio-dellarchitettura-apre-a-ischia-un-viaggio-tra-memoria-progetto-e-futuro\/#primaryimage"},"image":{"@id":"https:\/\/www.istitutogalanteoliva.it\/magazine\/2026\/04\/27\/il-maggio-dellarchitettura-apre-a-ischia-un-viaggio-tra-memoria-progetto-e-futuro\/#primaryimage"},"thumbnailUrl":"https:\/\/www.istitutogalanteoliva.it\/magazine\/wp-content\/uploads\/2026\/04\/Senza-titolo-1-3.jpg","datePublished":"2026-04-27T18:31:42+00:00","dateModified":"2026-04-30T06:21:37+00:00","breadcrumb":{"@id":"https:\/\/www.istitutogalanteoliva.it\/magazine\/2026\/04\/27\/il-maggio-dellarchitettura-apre-a-ischia-un-viaggio-tra-memoria-progetto-e-futuro\/#breadcrumb"},"inLanguage":"it-IT","potentialAction":[{"@type":"ReadAction","target":["https:\/\/www.istitutogalanteoliva.it\/magazine\/2026\/04\/27\/il-maggio-dellarchitettura-apre-a-ischia-un-viaggio-tra-memoria-progetto-e-futuro\/"]}]},{"@type":"ImageObject","inLanguage":"it-IT","@id":"https:\/\/www.istitutogalanteoliva.it\/magazine\/2026\/04\/27\/il-maggio-dellarchitettura-apre-a-ischia-un-viaggio-tra-memoria-progetto-e-futuro\/#primaryimage","url":"https:\/\/www.istitutogalanteoliva.it\/magazine\/wp-content\/uploads\/2026\/04\/Senza-titolo-1-3.jpg","contentUrl":"https:\/\/www.istitutogalanteoliva.it\/magazine\/wp-content\/uploads\/2026\/04\/Senza-titolo-1-3.jpg","width":700,"height":380,"caption":"Antonio Ciniglio con Giovannangelo De Angelis- Presidente Premio \"Pida\"-Ischiaed Antonio Cerbone, Tesoriere Ordine Architetti Napoli"},{"@type":"BreadcrumbList","@id":"https:\/\/www.istitutogalanteoliva.it\/magazine\/2026\/04\/27\/il-maggio-dellarchitettura-apre-a-ischia-un-viaggio-tra-memoria-progetto-e-futuro\/#breadcrumb","itemListElement":[{"@type":"ListItem","position":1,"name":"Home","item":"https:\/\/www.istitutogalanteoliva.it\/magazine\/"},{"@type":"ListItem","position":2,"name":"Il \u201cMaggio dell\u2019Architettura\u201d apre a Ischia: un viaggio tra memoria, progetto e futuro"}]},{"@type":"WebSite","@id":"https:\/\/www.istitutogalanteoliva.it\/magazine\/#website","url":"https:\/\/www.istitutogalanteoliva.it\/magazine\/","name":"POLIS SA MAGAZINE","description":"Informazione e approfondimenti","publisher":{"@id":"https:\/\/www.istitutogalanteoliva.it\/magazine\/#organization"},"potentialAction":[{"@type":"SearchAction","target":{"@type":"EntryPoint","urlTemplate":"https:\/\/www.istitutogalanteoliva.it\/magazine\/?s={search_term_string}"},"query-input":{"@type":"PropertyValueSpecification","valueRequired":true,"valueName":"search_term_string"}}],"inLanguage":"it-IT"},{"@type":"Organization","@id":"https:\/\/www.istitutogalanteoliva.it\/magazine\/#organization","name":"Polis SA Magazine","url":"https:\/\/www.istitutogalanteoliva.it\/magazine\/","logo":{"@type":"ImageObject","inLanguage":"it-IT","@id":"https:\/\/www.istitutogalanteoliva.it\/magazine\/#\/schema\/logo\/image\/","url":"","contentUrl":"","caption":"Polis SA Magazine"},"image":{"@id":"https:\/\/www.istitutogalanteoliva.it\/magazine\/#\/schema\/logo\/image\/"},"sameAs":["https:\/\/www.facebook.com\/PolisSAMagazine\/","https:\/\/x.com\/MagazinePolis","https:\/\/www.youtube.com\/channel\/UCv0Mr5AHKUmsc0sEEXkJrgw"]},{"@type":"Person","@id":"https:\/\/www.istitutogalanteoliva.it\/magazine\/#\/schema\/person\/d8b8aa79cfe8babc1df9da3212a7c0c4","name":"Antonello Rivano","image":{"@type":"ImageObject","inLanguage":"it-IT","@id":"https:\/\/www.istitutogalanteoliva.it\/magazine\/#\/schema\/person\/image\/","url":"https:\/\/secure.gravatar.com\/avatar\/517a9a6487a7a18ecc4ce6d2e57a8f40?s=96&d=mm&r=g","contentUrl":"https:\/\/secure.gravatar.com\/avatar\/517a9a6487a7a18ecc4ce6d2e57a8f40?s=96&d=mm&r=g","caption":"Antonello Rivano"},"url":"https:\/\/www.istitutogalanteoliva.it\/magazine\/author\/antonello\/"}]}},"_links":{"self":[{"href":"https:\/\/www.istitutogalanteoliva.it\/magazine\/wp-json\/wp\/v2\/posts\/20535","targetHints":{"allow":["GET"]}}],"collection":[{"href":"https:\/\/www.istitutogalanteoliva.it\/magazine\/wp-json\/wp\/v2\/posts"}],"about":[{"href":"https:\/\/www.istitutogalanteoliva.it\/magazine\/wp-json\/wp\/v2\/types\/post"}],"author":[{"embeddable":true,"href":"https:\/\/www.istitutogalanteoliva.it\/magazine\/wp-json\/wp\/v2\/users\/2"}],"replies":[{"embeddable":true,"href":"https:\/\/www.istitutogalanteoliva.it\/magazine\/wp-json\/wp\/v2\/comments?post=20535"}],"version-history":[{"count":3,"href":"https:\/\/www.istitutogalanteoliva.it\/magazine\/wp-json\/wp\/v2\/posts\/20535\/revisions"}],"predecessor-version":[{"id":20545,"href":"https:\/\/www.istitutogalanteoliva.it\/magazine\/wp-json\/wp\/v2\/posts\/20535\/revisions\/20545"}],"wp:featuredmedia":[{"embeddable":true,"href":"https:\/\/www.istitutogalanteoliva.it\/magazine\/wp-json\/wp\/v2\/media\/20536"}],"wp:attachment":[{"href":"https:\/\/www.istitutogalanteoliva.it\/magazine\/wp-json\/wp\/v2\/media?parent=20535"}],"wp:term":[{"taxonomy":"category","embeddable":true,"href":"https:\/\/www.istitutogalanteoliva.it\/magazine\/wp-json\/wp\/v2\/categories?post=20535"},{"taxonomy":"post_tag","embeddable":true,"href":"https:\/\/www.istitutogalanteoliva.it\/magazine\/wp-json\/wp\/v2\/tags?post=20535"}],"curies":[{"name":"wp","href":"https:\/\/api.w.org\/{rel}","templated":true}]}}