{"id":20553,"date":"2026-05-01T07:00:00","date_gmt":"2026-05-01T05:00:00","guid":{"rendered":"https:\/\/www.istitutogalanteoliva.it\/magazine\/?p=20553"},"modified":"2026-05-01T08:57:09","modified_gmt":"2026-05-01T06:57:09","slug":"primo-maggio-quale-lavoro","status":"publish","type":"post","link":"https:\/\/www.istitutogalanteoliva.it\/magazine\/2026\/05\/01\/primo-maggio-quale-lavoro\/","title":{"rendered":"Primo maggio: quale lavoro?"},"content":{"rendered":"\n<h3 class=\"wp-block-heading has-text-align-center\"><strong>IN PUNTA DI PENNA &#8211; Riflessioni sul nostro tempo<\/strong><br>a cura di Antonello Rivano<\/h3>\n\n\n\n<hr class=\"wp-block-separator has-alpha-channel-opacity\"\/>\n\n\n\n<h2 class=\"wp-block-heading has-text-align-center\"><strong>Primo Maggio: quale lavoro<\/strong>?<\/h2>\n\n\n\n<p>C\u2019\u00e8 una retorica che torna puntuale ogni anno, insieme alle piazze e ai discorsi ufficiali: quella dei numeri. Gli occupati aumentano, si dice. Il lavoro cresce. Il Paese tiene.<br>Ma sotto questa superficie ordinata, la realt\u00e0 \u00e8 pi\u00f9 complessa. E meno rassicurante.<\/p>\n\n\n\n<p>Perch\u00e9 oggi la domanda non \u00e8 pi\u00f9 soltanto <em>quanti<\/em> lavorano.<br>La domanda \u00e8: <strong>come si lavora<\/strong>.<\/p>\n\n\n\n<p>Il lavoro che cresce \u00e8 spesso precario, intermittente, sottopagato. \u00c8 un lavoro che non costruisce futuro ma lo rinvia, che non consolida ma frammenta. Contratti a termine, part-time involontari, occupazioni discontinue: forme diverse di una stessa instabilit\u00e0. E mentre il linguaggio pubblico continua a parlare di flessibilit\u00e0, la vita concreta restituisce un\u2019altra parola: incertezza.<\/p>\n\n\n\n<p>C\u2019\u00e8 poi un elemento che raramente entra nel racconto con la necessaria chiarezza: <strong>non tutto il lavoro registrato \u00e8 lavoro pieno<\/strong>.<br>Gli occupati aumentano, ma <strong>non cresce nella stessa misura il lavoro effettivo<\/strong>. Le ore lavorate restano sostanzialmente stabili e nelle statistiche rientrano anche i lavoratori in cassa integrazione, formalmente occupati ma non pienamente attivi. Una zona grigia che racconta una fragilit\u00e0 produttiva diffusa e che contribuisce a rendere il dato complessivo meno lineare di quanto appaia.<\/p>\n\n\n\n<p>Allo stesso tempo, mentre il lavoro si diffonde, <strong>il suo valore si assottiglia<\/strong>. I salari reali restano fermi, quando non arretrano sotto la pressione dell\u2019inflazione. Si lavora, ma non sempre si guadagna abbastanza. Si \u00e8 occupati, ma non necessariamente al riparo dalla vulnerabilit\u00e0 economica.<\/p>\n\n\n\n<p>A sostenere l\u2019aumento dell\u2019occupazione contribuisce anche un altro fattore strutturale: <strong>l\u2019invecchiamento della forza lavoro<\/strong>. Si resta attivi pi\u00f9 a lungo, spesso non per scelta ma per necessit\u00e0. \u00c8 un dato che incide sulle statistiche e che racconta, ancora una volta, un equilibrio pi\u00f9 fragile di quanto si voglia ammettere.<\/p>\n\n\n\n<p>A rendere ancora pi\u00f9 fragile questo quadro \u00e8 ci\u00f2 che accade ai margini del mercato del lavoro.<br>Da una parte, <strong>molti giovani continuano a cercare altrove le opportunit\u00e0 che qui non trovano<\/strong>. L\u2019emigrazione non \u00e8 pi\u00f9 soltanto una scelta individuale, ma un fenomeno strutturale che impoverisce il Paese di competenze e prospettive.<\/p>\n\n\n\n<p>Dall\u2019altra, cresce una zona silenziosa: quella di chi <strong>il lavoro non lo cerca pi\u00f9<\/strong>. Una quota significativa di persone resta fuori dal mercato, scoraggiata, sospesa, invisibile nelle dinamiche produttive. Non disoccupati, ma nemmeno occupati: semplicemente esclusi.<\/p>\n\n\n\n<p>E poi c\u2019\u00e8 il tema che dovrebbe interrompere qualsiasi celebrazione: <strong>la sicurezza<\/strong>.<br>Le morti sul lavoro e gli incidenti continuano a segnare il tempo di questo Paese. Non sono eventi eccezionali, ma il riflesso di un sistema che troppo spesso accetta margini di rischio inaccettabili. Ogni numero \u00e8 una storia interrotta, un vuoto che resta. E ogni volta che si parla di lavoro senza partire da qui, qualcosa viene taciuto.<\/p>\n\n\n\n<p>E proprio dalla sicurezza si apre una soglia pi\u00f9 ampia, che riguarda il tempo presente nel suo insieme. Il lavoro non vive isolato, ma dentro un contesto segnato da instabilit\u00e0 crescenti, guerre che tornano a occupare lo spazio pubblico, crisi internazionali che si susseguono senza soluzione di continuit\u00e0. Uno sfondo che non resta distante, ma incide anche sulla percezione del futuro, sulla sua tenuta, sulla possibilit\u00e0 stessa di immaginarlo stabile. In questo scenario la domanda delle nuove generazioni si fa pi\u00f9 netta: non riguarda soltanto quale lavoro sia possibile trovare, ma che senso abbia costruire un percorso in un mondo che appare frammentato, incerto, continuamente esposto alla crisi. \u00c8 una domanda che non riguarda solo l\u2019occupazione, ma la fiducia nel domani.<\/p>\n\n\n\n<h1 class=\"wp-block-heading has-text-align-center\">***<\/h1>\n\n\n\n<p><strong>Le origini del Primo maggio<\/strong><\/p>\n\n\n\n<p>Il Primo maggio nasce come giornata di lotta prima ancora che di celebrazione. La sua origine risale al Haymarket affair, negli Stati Uniti, quando migliaia di lavoratori scesero in piazza per rivendicare la riduzione dell\u2019orario di lavoro a otto ore. Le proteste culminarono in scontri e repressioni, diventando un simbolo internazionale delle battaglie per i diritti dei lavoratori.<\/p>\n\n\n\n<p>Nel 1889, la Seconda Internazionale proclam\u00f2 il Primo maggio come giornata di mobilitazione globale. Da allora, questa data rappresenta non solo una conquista storica, ma anche un promemoria: i diritti del lavoro non sono mai definitivi, ma frutto di rivendicazioni, conflitti e partecipazione.<\/p>\n\n\n\n<p>Il Primo maggio dovrebbe essere questo: non una ritualit\u00e0, ma un momento di verit\u00e0.<br>Un\u2019occasione per guardare oltre i dati aggregati e interrogarsi sul significato di quei numeri.<\/p>\n\n\n\n<p>Perch\u00e9 se il lavoro non garantisce dignit\u00e0, stabilit\u00e0 e sicurezza, allora la sua crescita quantitativa rischia di diventare un racconto incompleto. Quando non fuorviante.<\/p>\n\n\n\n<h1 class=\"wp-block-heading has-text-align-center\">***<\/h1>\n\n\n\n<p><strong>Quale lavoro, dunque?<\/strong><br>\u00c8 una domanda che riguarda tutti: la politica, le imprese, il modo in cui si costruiscono e si leggono le statistiche. Ma riguarda anche il linguaggio con cui si sceglie di raccontare il presente.<\/p>\n\n\n\n<p>Il lavoro resta un fondamento della cittadinanza.<br>Ma solo se torna a essere, davvero, <strong>un diritto pieno e non una condizione fragile<\/strong>.<\/p>\n\n\n\n<p>Per questo, pi\u00f9 che celebrare, oggi servirebbe fermarsi.<br>Fermarsi a guardare ci\u00f2 che non funziona, a riconoscere le contraddizioni, a dare un nome alle fragilit\u00e0. Perch\u00e9 senza questa consapevolezza, ogni celebrazione rischia di essere vuota.<br>E il Primo maggio, invece, dovrebbe tornare a essere ci\u00f2 che \u00e8 nato per essere: <strong>non una ricorrenza, ma una domanda aperta sul presente e sul futuro del lavoro<\/strong>.<\/p>\n\n\n\n<p class=\"has-text-align-left\"><img loading=\"lazy\" decoding=\"async\" width=\"80\" height=\"80\" class=\"wp-image-15584\" style=\"width: 80px;\" src=\"https:\/\/www.istitutogalanteoliva.it\/magazine\/wp-content\/uploads\/2024\/08\/anto.png\" alt=\"\" srcset=\"https:\/\/www.istitutogalanteoliva.it\/magazine\/wp-content\/uploads\/2024\/08\/anto.png 247w, https:\/\/www.istitutogalanteoliva.it\/magazine\/wp-content\/uploads\/2024\/08\/anto-150x150.png 150w\" sizes=\"auto, (max-width: 80px) 100vw, 80px\" \/><em><mark style=\"background-color:rgba(0, 0, 0, 0)\" class=\"has-inline-color has-black-color\"><strong><a href=\"https:\/\/www.istitutogalanteoliva\/antonello-rivano-2\/\">Antonello Rivano<\/a><\/strong><\/mark><\/em><br><sup><strong>Direttore di redazione\/coordinatore nazionale<\/strong> <strong><em>Polis SA Magazine<\/em><\/strong><\/sup><br><\/p>\n\n\n\n<p class=\"has-white-color has-black-background-color has-text-color has-background has-link-color wp-elements-4bdcf965efd8a6f3b1a6be4610b47fee\">@Tutti i diritti riservati ai sensi della Legge 633\/1941 sul diritto d&#8217;autore e delle normative internazionali sul copyright. \u00c8 vietata la riproduzione, anche parziale, senza il permesso scritto della redazione<\/p>\n\n\n\n<p><\/p>\n<div class=\"pdfprnt-buttons pdfprnt-buttons-post pdfprnt-bottom-left\"><a href=\"https:\/\/www.istitutogalanteoliva.it\/magazine\/wp-json\/wp\/v2\/posts\/20553?print=print\" class=\"pdfprnt-button pdfprnt-button-print\" target=\"_blank\"><img decoding=\"async\" src=\"https:\/\/www.istitutogalanteoliva.it\/magazine\/wp-content\/plugins\/pdf-print\/images\/print.png\" alt=\"image_print\" title=\"Stampa contenuto\" \/><span class=\"pdfprnt-button-title pdfprnt-button-print-title\">Download in PDF<\/span><\/a><\/div>","protected":false},"excerpt":{"rendered":"<p>Precariet\u00e0, salari fermi e instabilit\u00e0 globale: il lavoro tra numeri e realt\u00e0<\/p>\n","protected":false},"author":2,"featured_media":20554,"comment_status":"closed","ping_status":"open","sticky":true,"template":"","format":"standard","meta":{"footnotes":""},"categories":[1483,96],"tags":[1580,1587,1579,216,1585,596,272,1581,1584,1582,355,1586,1583,1136],"class_list":["post-20553","post","type-post","status-publish","format-standard","has-post-thumbnail","hentry","category-1483","category-in-punta-di-penna","tag-attualita","tag-conflitti-globali","tag-crisi-economica","tag-diritti","tag-europa","tag-giovani","tag-lavoro","tag-occupazione","tag-politica-del-lavoro","tag-precarieta","tag-primo-maggio","tag-salari","tag-sicurezza-sul-lavoro","tag-societa"],"yoast_head":"<!-- This site is optimized with the Yoast SEO plugin v24.2 - https:\/\/yoast.com\/wordpress\/plugins\/seo\/ -->\n<title>Primo maggio: quale lavoro? - Polis SA Magazine<\/title>\n<meta name=\"description\" content=\"Primo maggio tra occupazione, precariet\u00e0 e salari fermi: il lavoro oggi e le domande dei giovani in un mondo instabile.\" \/>\n<meta name=\"robots\" content=\"index, follow, max-snippet:-1, max-image-preview:large, max-video-preview:-1\" \/>\n<link rel=\"canonical\" href=\"https:\/\/www.istitutogalanteoliva.it\/magazine\/2026\/05\/01\/primo-maggio-quale-lavoro\/\" \/>\n<meta property=\"og:locale\" content=\"it_IT\" \/>\n<meta property=\"og:type\" content=\"article\" \/>\n<meta property=\"og:title\" content=\"Primo maggio: quale lavoro? - Polis SA Magazine\" \/>\n<meta property=\"og:description\" content=\"Primo maggio tra occupazione, precariet\u00e0 e salari fermi: il lavoro oggi e le domande dei giovani in un mondo instabile.\" \/>\n<meta property=\"og:url\" content=\"https:\/\/www.istitutogalanteoliva.it\/magazine\/2026\/05\/01\/primo-maggio-quale-lavoro\/\" \/>\n<meta property=\"og:site_name\" content=\"Polis SA Magazine\" \/>\n<meta property=\"article:publisher\" content=\"https:\/\/www.facebook.com\/PolisSAMagazine\/\" \/>\n<meta property=\"article:published_time\" content=\"2026-05-01T05:00:00+00:00\" \/>\n<meta property=\"article:modified_time\" content=\"2026-05-01T06:57:09+00:00\" \/>\n<meta property=\"og:image\" content=\"https:\/\/www.istitutogalanteoliva.it\/magazine\/wp-content\/uploads\/2026\/04\/primo-maggio.jpg\" \/>\n\t<meta property=\"og:image:width\" content=\"700\" \/>\n\t<meta property=\"og:image:height\" content=\"380\" \/>\n\t<meta property=\"og:image:type\" content=\"image\/jpeg\" \/>\n<meta name=\"author\" content=\"Antonello Rivano\" \/>\n<meta name=\"twitter:card\" content=\"summary_large_image\" \/>\n<meta name=\"twitter:creator\" content=\"@MagazinePolis\" \/>\n<meta name=\"twitter:site\" content=\"@MagazinePolis\" \/>\n<meta name=\"twitter:label1\" content=\"Scritto da\" \/>\n\t<meta name=\"twitter:data1\" content=\"Antonello Rivano\" \/>\n\t<meta name=\"twitter:label2\" content=\"Tempo di lettura stimato\" \/>\n\t<meta name=\"twitter:data2\" content=\"6 minuti\" \/>\n<script type=\"application\/ld+json\" class=\"yoast-schema-graph\">{\"@context\":\"https:\/\/schema.org\",\"@graph\":[{\"@type\":\"Article\",\"@id\":\"https:\/\/www.istitutogalanteoliva.it\/magazine\/2026\/05\/01\/primo-maggio-quale-lavoro\/#article\",\"isPartOf\":{\"@id\":\"https:\/\/www.istitutogalanteoliva.it\/magazine\/2026\/05\/01\/primo-maggio-quale-lavoro\/\"},\"author\":{\"name\":\"Antonello Rivano\",\"@id\":\"https:\/\/www.istitutogalanteoliva.it\/magazine\/#\/schema\/person\/d8b8aa79cfe8babc1df9da3212a7c0c4\"},\"headline\":\"Primo maggio: quale lavoro?\",\"datePublished\":\"2026-05-01T05:00:00+00:00\",\"dateModified\":\"2026-05-01T06:57:09+00:00\",\"mainEntityOfPage\":{\"@id\":\"https:\/\/www.istitutogalanteoliva.it\/magazine\/2026\/05\/01\/primo-maggio-quale-lavoro\/\"},\"wordCount\":859,\"publisher\":{\"@id\":\"https:\/\/www.istitutogalanteoliva.it\/magazine\/#organization\"},\"image\":{\"@id\":\"https:\/\/www.istitutogalanteoliva.it\/magazine\/2026\/05\/01\/primo-maggio-quale-lavoro\/#primaryimage\"},\"thumbnailUrl\":\"https:\/\/www.istitutogalanteoliva.it\/magazine\/wp-content\/uploads\/2026\/04\/primo-maggio.jpg\",\"keywords\":[\"attualit\u00e0\",\"conflitti globali\",\"crisi economica\",\"diritti\",\"Europa\",\"giovani\",\"lavoro\",\"occupazione\",\"politica del lavoro\",\"precariet\u00e0\",\"primo maggio\",\"salari\",\"sicurezza sul lavoro\",\"Societ\u00e0\"],\"articleSection\":[\"2026\",\"In punta di penna\"],\"inLanguage\":\"it-IT\"},{\"@type\":\"WebPage\",\"@id\":\"https:\/\/www.istitutogalanteoliva.it\/magazine\/2026\/05\/01\/primo-maggio-quale-lavoro\/\",\"url\":\"https:\/\/www.istitutogalanteoliva.it\/magazine\/2026\/05\/01\/primo-maggio-quale-lavoro\/\",\"name\":\"Primo maggio: quale lavoro? - Polis SA Magazine\",\"isPartOf\":{\"@id\":\"https:\/\/www.istitutogalanteoliva.it\/magazine\/#website\"},\"primaryImageOfPage\":{\"@id\":\"https:\/\/www.istitutogalanteoliva.it\/magazine\/2026\/05\/01\/primo-maggio-quale-lavoro\/#primaryimage\"},\"image\":{\"@id\":\"https:\/\/www.istitutogalanteoliva.it\/magazine\/2026\/05\/01\/primo-maggio-quale-lavoro\/#primaryimage\"},\"thumbnailUrl\":\"https:\/\/www.istitutogalanteoliva.it\/magazine\/wp-content\/uploads\/2026\/04\/primo-maggio.jpg\",\"datePublished\":\"2026-05-01T05:00:00+00:00\",\"dateModified\":\"2026-05-01T06:57:09+00:00\",\"description\":\"Primo maggio tra occupazione, precariet\u00e0 e salari fermi: il lavoro oggi e le domande dei giovani in un mondo instabile.\",\"breadcrumb\":{\"@id\":\"https:\/\/www.istitutogalanteoliva.it\/magazine\/2026\/05\/01\/primo-maggio-quale-lavoro\/#breadcrumb\"},\"inLanguage\":\"it-IT\",\"potentialAction\":[{\"@type\":\"ReadAction\",\"target\":[\"https:\/\/www.istitutogalanteoliva.it\/magazine\/2026\/05\/01\/primo-maggio-quale-lavoro\/\"]}]},{\"@type\":\"ImageObject\",\"inLanguage\":\"it-IT\",\"@id\":\"https:\/\/www.istitutogalanteoliva.it\/magazine\/2026\/05\/01\/primo-maggio-quale-lavoro\/#primaryimage\",\"url\":\"https:\/\/www.istitutogalanteoliva.it\/magazine\/wp-content\/uploads\/2026\/04\/primo-maggio.jpg\",\"contentUrl\":\"https:\/\/www.istitutogalanteoliva.it\/magazine\/wp-content\/uploads\/2026\/04\/primo-maggio.jpg\",\"width\":700,\"height\":380},{\"@type\":\"BreadcrumbList\",\"@id\":\"https:\/\/www.istitutogalanteoliva.it\/magazine\/2026\/05\/01\/primo-maggio-quale-lavoro\/#breadcrumb\",\"itemListElement\":[{\"@type\":\"ListItem\",\"position\":1,\"name\":\"Home\",\"item\":\"https:\/\/www.istitutogalanteoliva.it\/magazine\/\"},{\"@type\":\"ListItem\",\"position\":2,\"name\":\"Primo maggio: quale lavoro?\"}]},{\"@type\":\"WebSite\",\"@id\":\"https:\/\/www.istitutogalanteoliva.it\/magazine\/#website\",\"url\":\"https:\/\/www.istitutogalanteoliva.it\/magazine\/\",\"name\":\"POLIS SA MAGAZINE\",\"description\":\"Informazione e approfondimenti\",\"publisher\":{\"@id\":\"https:\/\/www.istitutogalanteoliva.it\/magazine\/#organization\"},\"potentialAction\":[{\"@type\":\"SearchAction\",\"target\":{\"@type\":\"EntryPoint\",\"urlTemplate\":\"https:\/\/www.istitutogalanteoliva.it\/magazine\/?s={search_term_string}\"},\"query-input\":{\"@type\":\"PropertyValueSpecification\",\"valueRequired\":true,\"valueName\":\"search_term_string\"}}],\"inLanguage\":\"it-IT\"},{\"@type\":\"Organization\",\"@id\":\"https:\/\/www.istitutogalanteoliva.it\/magazine\/#organization\",\"name\":\"Polis SA Magazine\",\"url\":\"https:\/\/www.istitutogalanteoliva.it\/magazine\/\",\"logo\":{\"@type\":\"ImageObject\",\"inLanguage\":\"it-IT\",\"@id\":\"https:\/\/www.istitutogalanteoliva.it\/magazine\/#\/schema\/logo\/image\/\",\"url\":\"\",\"contentUrl\":\"\",\"caption\":\"Polis SA Magazine\"},\"image\":{\"@id\":\"https:\/\/www.istitutogalanteoliva.it\/magazine\/#\/schema\/logo\/image\/\"},\"sameAs\":[\"https:\/\/www.facebook.com\/PolisSAMagazine\/\",\"https:\/\/x.com\/MagazinePolis\",\"https:\/\/www.youtube.com\/channel\/UCv0Mr5AHKUmsc0sEEXkJrgw\"]},{\"@type\":\"Person\",\"@id\":\"https:\/\/www.istitutogalanteoliva.it\/magazine\/#\/schema\/person\/d8b8aa79cfe8babc1df9da3212a7c0c4\",\"name\":\"Antonello Rivano\",\"image\":{\"@type\":\"ImageObject\",\"inLanguage\":\"it-IT\",\"@id\":\"https:\/\/www.istitutogalanteoliva.it\/magazine\/#\/schema\/person\/image\/\",\"url\":\"https:\/\/secure.gravatar.com\/avatar\/517a9a6487a7a18ecc4ce6d2e57a8f40?s=96&d=mm&r=g\",\"contentUrl\":\"https:\/\/secure.gravatar.com\/avatar\/517a9a6487a7a18ecc4ce6d2e57a8f40?s=96&d=mm&r=g\",\"caption\":\"Antonello Rivano\"},\"url\":\"https:\/\/www.istitutogalanteoliva.it\/magazine\/author\/antonello\/\"}]}<\/script>\n<!-- \/ Yoast SEO plugin. -->","yoast_head_json":{"title":"Primo maggio: quale lavoro? - Polis SA Magazine","description":"Primo maggio tra occupazione, precariet\u00e0 e salari fermi: il lavoro oggi e le domande dei giovani in un mondo instabile.","robots":{"index":"index","follow":"follow","max-snippet":"max-snippet:-1","max-image-preview":"max-image-preview:large","max-video-preview":"max-video-preview:-1"},"canonical":"https:\/\/www.istitutogalanteoliva.it\/magazine\/2026\/05\/01\/primo-maggio-quale-lavoro\/","og_locale":"it_IT","og_type":"article","og_title":"Primo maggio: quale lavoro? - Polis SA Magazine","og_description":"Primo maggio tra occupazione, precariet\u00e0 e salari fermi: il lavoro oggi e le domande dei giovani in un mondo instabile.","og_url":"https:\/\/www.istitutogalanteoliva.it\/magazine\/2026\/05\/01\/primo-maggio-quale-lavoro\/","og_site_name":"Polis SA Magazine","article_publisher":"https:\/\/www.facebook.com\/PolisSAMagazine\/","article_published_time":"2026-05-01T05:00:00+00:00","article_modified_time":"2026-05-01T06:57:09+00:00","og_image":[{"width":700,"height":380,"url":"https:\/\/www.istitutogalanteoliva.it\/magazine\/wp-content\/uploads\/2026\/04\/primo-maggio.jpg","type":"image\/jpeg"}],"author":"Antonello Rivano","twitter_card":"summary_large_image","twitter_creator":"@MagazinePolis","twitter_site":"@MagazinePolis","twitter_misc":{"Scritto da":"Antonello Rivano","Tempo di lettura stimato":"6 minuti"},"schema":{"@context":"https:\/\/schema.org","@graph":[{"@type":"Article","@id":"https:\/\/www.istitutogalanteoliva.it\/magazine\/2026\/05\/01\/primo-maggio-quale-lavoro\/#article","isPartOf":{"@id":"https:\/\/www.istitutogalanteoliva.it\/magazine\/2026\/05\/01\/primo-maggio-quale-lavoro\/"},"author":{"name":"Antonello Rivano","@id":"https:\/\/www.istitutogalanteoliva.it\/magazine\/#\/schema\/person\/d8b8aa79cfe8babc1df9da3212a7c0c4"},"headline":"Primo maggio: quale lavoro?","datePublished":"2026-05-01T05:00:00+00:00","dateModified":"2026-05-01T06:57:09+00:00","mainEntityOfPage":{"@id":"https:\/\/www.istitutogalanteoliva.it\/magazine\/2026\/05\/01\/primo-maggio-quale-lavoro\/"},"wordCount":859,"publisher":{"@id":"https:\/\/www.istitutogalanteoliva.it\/magazine\/#organization"},"image":{"@id":"https:\/\/www.istitutogalanteoliva.it\/magazine\/2026\/05\/01\/primo-maggio-quale-lavoro\/#primaryimage"},"thumbnailUrl":"https:\/\/www.istitutogalanteoliva.it\/magazine\/wp-content\/uploads\/2026\/04\/primo-maggio.jpg","keywords":["attualit\u00e0","conflitti globali","crisi economica","diritti","Europa","giovani","lavoro","occupazione","politica del lavoro","precariet\u00e0","primo maggio","salari","sicurezza sul lavoro","Societ\u00e0"],"articleSection":["2026","In punta di penna"],"inLanguage":"it-IT"},{"@type":"WebPage","@id":"https:\/\/www.istitutogalanteoliva.it\/magazine\/2026\/05\/01\/primo-maggio-quale-lavoro\/","url":"https:\/\/www.istitutogalanteoliva.it\/magazine\/2026\/05\/01\/primo-maggio-quale-lavoro\/","name":"Primo maggio: quale lavoro? - Polis SA Magazine","isPartOf":{"@id":"https:\/\/www.istitutogalanteoliva.it\/magazine\/#website"},"primaryImageOfPage":{"@id":"https:\/\/www.istitutogalanteoliva.it\/magazine\/2026\/05\/01\/primo-maggio-quale-lavoro\/#primaryimage"},"image":{"@id":"https:\/\/www.istitutogalanteoliva.it\/magazine\/2026\/05\/01\/primo-maggio-quale-lavoro\/#primaryimage"},"thumbnailUrl":"https:\/\/www.istitutogalanteoliva.it\/magazine\/wp-content\/uploads\/2026\/04\/primo-maggio.jpg","datePublished":"2026-05-01T05:00:00+00:00","dateModified":"2026-05-01T06:57:09+00:00","description":"Primo maggio tra occupazione, precariet\u00e0 e salari fermi: il lavoro oggi e le domande dei giovani in un mondo instabile.","breadcrumb":{"@id":"https:\/\/www.istitutogalanteoliva.it\/magazine\/2026\/05\/01\/primo-maggio-quale-lavoro\/#breadcrumb"},"inLanguage":"it-IT","potentialAction":[{"@type":"ReadAction","target":["https:\/\/www.istitutogalanteoliva.it\/magazine\/2026\/05\/01\/primo-maggio-quale-lavoro\/"]}]},{"@type":"ImageObject","inLanguage":"it-IT","@id":"https:\/\/www.istitutogalanteoliva.it\/magazine\/2026\/05\/01\/primo-maggio-quale-lavoro\/#primaryimage","url":"https:\/\/www.istitutogalanteoliva.it\/magazine\/wp-content\/uploads\/2026\/04\/primo-maggio.jpg","contentUrl":"https:\/\/www.istitutogalanteoliva.it\/magazine\/wp-content\/uploads\/2026\/04\/primo-maggio.jpg","width":700,"height":380},{"@type":"BreadcrumbList","@id":"https:\/\/www.istitutogalanteoliva.it\/magazine\/2026\/05\/01\/primo-maggio-quale-lavoro\/#breadcrumb","itemListElement":[{"@type":"ListItem","position":1,"name":"Home","item":"https:\/\/www.istitutogalanteoliva.it\/magazine\/"},{"@type":"ListItem","position":2,"name":"Primo maggio: quale lavoro?"}]},{"@type":"WebSite","@id":"https:\/\/www.istitutogalanteoliva.it\/magazine\/#website","url":"https:\/\/www.istitutogalanteoliva.it\/magazine\/","name":"POLIS SA MAGAZINE","description":"Informazione e approfondimenti","publisher":{"@id":"https:\/\/www.istitutogalanteoliva.it\/magazine\/#organization"},"potentialAction":[{"@type":"SearchAction","target":{"@type":"EntryPoint","urlTemplate":"https:\/\/www.istitutogalanteoliva.it\/magazine\/?s={search_term_string}"},"query-input":{"@type":"PropertyValueSpecification","valueRequired":true,"valueName":"search_term_string"}}],"inLanguage":"it-IT"},{"@type":"Organization","@id":"https:\/\/www.istitutogalanteoliva.it\/magazine\/#organization","name":"Polis SA Magazine","url":"https:\/\/www.istitutogalanteoliva.it\/magazine\/","logo":{"@type":"ImageObject","inLanguage":"it-IT","@id":"https:\/\/www.istitutogalanteoliva.it\/magazine\/#\/schema\/logo\/image\/","url":"","contentUrl":"","caption":"Polis SA Magazine"},"image":{"@id":"https:\/\/www.istitutogalanteoliva.it\/magazine\/#\/schema\/logo\/image\/"},"sameAs":["https:\/\/www.facebook.com\/PolisSAMagazine\/","https:\/\/x.com\/MagazinePolis","https:\/\/www.youtube.com\/channel\/UCv0Mr5AHKUmsc0sEEXkJrgw"]},{"@type":"Person","@id":"https:\/\/www.istitutogalanteoliva.it\/magazine\/#\/schema\/person\/d8b8aa79cfe8babc1df9da3212a7c0c4","name":"Antonello Rivano","image":{"@type":"ImageObject","inLanguage":"it-IT","@id":"https:\/\/www.istitutogalanteoliva.it\/magazine\/#\/schema\/person\/image\/","url":"https:\/\/secure.gravatar.com\/avatar\/517a9a6487a7a18ecc4ce6d2e57a8f40?s=96&d=mm&r=g","contentUrl":"https:\/\/secure.gravatar.com\/avatar\/517a9a6487a7a18ecc4ce6d2e57a8f40?s=96&d=mm&r=g","caption":"Antonello Rivano"},"url":"https:\/\/www.istitutogalanteoliva.it\/magazine\/author\/antonello\/"}]}},"_links":{"self":[{"href":"https:\/\/www.istitutogalanteoliva.it\/magazine\/wp-json\/wp\/v2\/posts\/20553","targetHints":{"allow":["GET"]}}],"collection":[{"href":"https:\/\/www.istitutogalanteoliva.it\/magazine\/wp-json\/wp\/v2\/posts"}],"about":[{"href":"https:\/\/www.istitutogalanteoliva.it\/magazine\/wp-json\/wp\/v2\/types\/post"}],"author":[{"embeddable":true,"href":"https:\/\/www.istitutogalanteoliva.it\/magazine\/wp-json\/wp\/v2\/users\/2"}],"replies":[{"embeddable":true,"href":"https:\/\/www.istitutogalanteoliva.it\/magazine\/wp-json\/wp\/v2\/comments?post=20553"}],"version-history":[{"count":3,"href":"https:\/\/www.istitutogalanteoliva.it\/magazine\/wp-json\/wp\/v2\/posts\/20553\/revisions"}],"predecessor-version":[{"id":20557,"href":"https:\/\/www.istitutogalanteoliva.it\/magazine\/wp-json\/wp\/v2\/posts\/20553\/revisions\/20557"}],"wp:featuredmedia":[{"embeddable":true,"href":"https:\/\/www.istitutogalanteoliva.it\/magazine\/wp-json\/wp\/v2\/media\/20554"}],"wp:attachment":[{"href":"https:\/\/www.istitutogalanteoliva.it\/magazine\/wp-json\/wp\/v2\/media?parent=20553"}],"wp:term":[{"taxonomy":"category","embeddable":true,"href":"https:\/\/www.istitutogalanteoliva.it\/magazine\/wp-json\/wp\/v2\/categories?post=20553"},{"taxonomy":"post_tag","embeddable":true,"href":"https:\/\/www.istitutogalanteoliva.it\/magazine\/wp-json\/wp\/v2\/tags?post=20553"}],"curies":[{"name":"wp","href":"https:\/\/api.w.org\/{rel}","templated":true}]}}