{"id":20794,"date":"2026-05-20T19:46:36","date_gmt":"2026-05-20T17:46:36","guid":{"rendered":"https:\/\/www.istitutogalanteoliva.it\/magazine\/?p=20794"},"modified":"2026-05-21T14:47:12","modified_gmt":"2026-05-21T12:47:12","slug":"larchitettura-e-tale-solo-se-e-eticamente-corretta","status":"publish","type":"post","link":"https:\/\/www.istitutogalanteoliva.it\/magazine\/2026\/05\/20\/larchitettura-e-tale-solo-se-e-eticamente-corretta\/","title":{"rendered":"L\u2019architettura \u00e8 tale solo se \u00e8 eticamente corretta"},"content":{"rendered":"\n<p>Si \u00e8 aperto ufficialmente lo scorso 7 maggio, presso l\u2019Istituto Comprensivo \u201cFilippo Illuminato di Mugnano di Napoli\u201d, \u201cMaggio dell\u2019Architettura\u201d, giornate di studio, di arte e cultura dedicate al mondo dell\u2019architettura ed ai suoi illustri rappresentanti.<br>Organizzata da \u201cSiebenArchi &#8211; Architetti Urbanisti Designers\u201d, presieduta dall\u2019architetto Claudio Bozzaotra e coordinata da Antonio Ciniglio, il \u201cMaggio\u201d di quest\u2019anno si configura come uno straordinario viaggio tra arte, urbanistica, memoria e progetto.<\/p>\n\n\n\n<p>Diversi saranno i temi che verranno enucleati e discussi dagli illustri ospiti e relatori, discussioni che avranno luogo in diverse citt\u00e0 della Campania, teatro di creazioni, di investimenti e di studi, dal luogo della \u201cMostra d\u2019Oltremare\u201d alla \u201ccitt\u00e0 Igea\u201d, dalle \u201cestetiche e dinamiche del margine\u201d alle \u201cEcosintonie\u201d.<\/p>\n\n\n\n<p>La giornata del 7 maggio ha avuto come titolo ed oggetto di studio: \u201cSalvatore Bisogni, la scuola di Mugnano di Napoli\u201d.<\/p>\n\n\n\n<p>La seconda giornata del \u201cMaggio dell\u2019Architettura\u201d ha avuto luogo lo scorso 15 maggio presso l\u2019Auditorium Piazzolla di Nola ed ha avuto come focus di approfondimento \u201cLa Mostra d\u2019Oltremare\u201d di Napoli. Ad intervenire con la sua relazione scientifica \u00e8 stato il prof. Uberto Siola (DIARC &#8211; Napoli &#8211; Universit\u00e0 degli Studi di Napoli \u201cFederico II\u201d).<\/p>\n\n\n\n<p><\/p>\n\n\n\n<p>Elemento principale della seconda giornata, l\u2019esposizione dell\u2019opera \u201cElogio a Nicola Pagliara. Un dialogo perenne (celebre ed illustre architetto)\u201d realizzata dall\u2019architetto Gianni Cinquegrana, esposta nella piazza dell\u2019Auditorium: la rigorosa geometria dell\u2019opera richiama quell\u2019idea di \u201carchitettura come sistema di relazioni con cubi non come oggetti isolati ma nodi di rete invisibile che li collega allo spazio circostante. Proporzioni, allineamenti, le direzioni delle aperture costituiscono una metrica che dialoga con quella gi\u00e0 presente nella piazza. Non un\u2019imitazione ma una consonanza.<\/p>\n\n\n\n<figure class=\"wp-block-image size-large\"><img loading=\"lazy\" decoding=\"async\" width=\"1024\" height=\"576\" src=\"https:\/\/www.istitutogalanteoliva.it\/magazine\/wp-content\/uploads\/2026\/05\/image-48-1024x576.png\" alt=\"\" class=\"wp-image-20797\" srcset=\"https:\/\/www.istitutogalanteoliva.it\/magazine\/wp-content\/uploads\/2026\/05\/image-48-1024x576.png 1024w, https:\/\/www.istitutogalanteoliva.it\/magazine\/wp-content\/uploads\/2026\/05\/image-48-300x169.png 300w, https:\/\/www.istitutogalanteoliva.it\/magazine\/wp-content\/uploads\/2026\/05\/image-48-768x432.png 768w, https:\/\/www.istitutogalanteoliva.it\/magazine\/wp-content\/uploads\/2026\/05\/image-48-1536x864.png 1536w, https:\/\/www.istitutogalanteoliva.it\/magazine\/wp-content\/uploads\/2026\/05\/image-48.png 1920w\" sizes=\"auto, (max-width: 1024px) 100vw, 1024px\" \/><\/figure>\n\n\n\n<p><em>\u201cA differenza di altre emergenze, noi gridiamo l\u2019emergenza di questo spazio, un omaggio all\u2019architetto Nicola Pagliara che ha lasciato un segno indelebile anche nel resto d\u2019Italia. Attraverso l\u2019architettura dei grandi maestri si \u00e8 sempre in continuo dialogo\u201d.<\/em> L\u2019opera non guarda se stessa ma cerca un dialogo con questo spazio &#8211; spiega l\u2019autore &#8211; tre volumi che sono svuotati e questo svuotamento crea delle finestre che sono finestre di dialogo, che guardano lo scorcio spaziale di questo spazio. Attraverso l\u2019opera noi guardiamo lo spazio di un grande architetto. \u00c8 un\u2019opera di denuncia &#8211; continua l\u2019autore &#8211; della cattiva manutenzione di questi ambienti con l\u2019auspicio che noi architetti, con il \u201cMaggio dell\u2019Architettura\u201d, continuiamo a garantire continuit\u00e0 etica all\u2019architettura ed a recuperare queste emergenze. Un\u2019opera che grida con delicatezza attraverso le sue finestre. Il nostro obiettivo \u00e8 quello di una continua ricerca, di sensibilizzare spazi e luoghi creati con uno spirito etico pi\u00f9 profondo, non discriminando gli architetti che sono sempre i colpevoli ma anche i protagonisti, ma sensibilizzare la struttura legata alla costruzione, alle imprese, alle amministrazioni: sensibilizzare all\u2019architettura vuol dire creare uno spazio che il fruitore, il pubblico, riesca a godere\u201d.<\/p>\n\n\n\n<figure class=\"wp-block-image size-full\"><img loading=\"lazy\" decoding=\"async\" width=\"700\" height=\"380\" src=\"https:\/\/www.istitutogalanteoliva.it\/magazine\/wp-content\/uploads\/2026\/05\/Senza-titolo-1-1.jpg\" alt=\"\" class=\"wp-image-20795\" srcset=\"https:\/\/www.istitutogalanteoliva.it\/magazine\/wp-content\/uploads\/2026\/05\/Senza-titolo-1-1.jpg 700w, https:\/\/www.istitutogalanteoliva.it\/magazine\/wp-content\/uploads\/2026\/05\/Senza-titolo-1-1-300x163.jpg 300w\" sizes=\"auto, (max-width: 700px) 100vw, 700px\" \/><figcaption class=\"wp-element-caption\"><strong><em><sup>Arch. Antonio Ciniglio &#8211; Prof. Uberto Siola<\/sup><\/em><\/strong><\/figcaption><\/figure>\n\n\n\n<p>Soddisfatto e presente alla seconda giornata del \u201cMaggio dell\u2019Architettura\u201d l\u2019arch. Pasquale Petillo, assessore all\u2019urbanistica e vicesindaco di Nola: <em>\u201cL\u2019amministrazione \u00e8 lieta di aver patrocinato l\u2019iniziativa. Alcuni territori non vanno sottovalutati. Siamo ben lieti di supportare iniziative culturali che consegnano lustro alla citt\u00e0. Non si pu\u00f2 prescindere da uno sviluppo ordinato del territorio se non c\u2019\u00e8 una multidisciplinariet\u00e0; essa parte dalla rigenerazione non intesa in senso strettamente architettonico ma anche sociale e culturale e da qui stiamo partendo anche per riprendere il commercio sul territorio\u201d.<\/em><\/p>\n\n\n\n<p>Ferdinando Natale Giampietro, consigliere segretario dell\u2019Ordine degli Architetti di Napoli, plaude all\u2019idea dello \u201csconfinamento\u201d dal territorio nolano del \u201cMaggio dell\u2019Architettura\u201d. Con l\u2019Ordine abbiamo sempre sostenuto questa bellissima iniziativa. Parlare di architettura e parlarne al \u201cMaggio\u201d, che \u00e8 una grande realt\u00e0, fa bene, fa bene alla cultura e dobbiamo rendere grazie all\u2019architetto Ciniglio, un validissimo collega che tiene molto al territorio. Oggi si parla molto poco di architettura e se ne dovrebbe parlare di pi\u00f9. Oggi si parler\u00e0 di \u201cMostra d\u2019Oltremare\u201d, un\u2019opera straordinaria, parliamo di razionalismo puro. Ci sono all\u2019interno della sua storia architetti che hanno fatto la storia dell\u2019architettura napoletana: Canino, Gentile, Sbriziolo, Capobianco, una scuola che non esiste pi\u00f9 e non dimentichiamo Nicola Pagliara, un architetto straordinario che non ha mai accettato un\u2019architettura standardizzata, ha tentato sempre di metterci un\u2019anima, paragonandola all\u2019artigianato.<br>Il \u201cMaggio dell\u2019Architettura\u201d fa bene alla realt\u00e0 nolana ed al nostro Ordine, soprattutto ai giovani professionisti\u201d.<\/p>\n\n\n\n<p><em>\u201cSiamo qui per una nuova edizione del \u201cMaggio dell\u2019Architettura\u201d con gli amici di SiebenArchi che tengono vivo un dibattito in una zona non centrale e metropolitana della nostra Regione &#8211; afferma l\u2019architetto Orlando Di Marino &#8211; Discuteremo, con il prof. Siola, gi\u00e0 preside della nostra Facolt\u00e0, di un tema nodale per la citt\u00e0, la Mostra d\u2019Oltremare, a cui il professore dedic\u00f2 un libro su questo importante nodo cittadino all\u2019inizio degli anni Novanta ed ancora oggi \u00e8 un libro che conserva intatta la sua peculiarit\u00e0 e la sua importanza per molti temi che verranno declinati stasera, un tema che \u00e8 stato gi\u00e0 affrontato dal prof. Siola non con il taglio dello storico ma con il taglio dell\u2019architetto progettista\u201d.<\/em><\/p>\n\n\n\n<p><em>\u201cUn tema fuori moda, siamo dentro da un lato ad un pensiero dell\u2019architettura autoconclusa in se stessa, per alcuni fortemente autonomizzata e dentro regole che le sono proprie come se non si avesse una relazione, un rapporto con la societ\u00e0. L\u2019architetto \u00e8 responsabile verso tutto. Soleva affermare Louis Kahn: \u201cUn pittore pu\u00f2 dipingere una ruota quadrata, un architetto deve necessariamente costruire una ruota rotonda\u201d. Nel rapporto tra quella che era la triade vitruviana, che crediamo, a mio avviso, sia ancora valida, \u00e8 fondamentale che l\u2019architettura conservi un rapporto molto importante rispetto all\u2019utenza ed alla societ\u00e0 nel suo complesso. Speriamo bene\u201d.<\/em><\/p>\n\n\n\n<p>Soddisfatto anche il vicepresidente di SiebenArchi, l\u2019architetto Claudio Bozzaotra: <em>\u201cUn programma, quello di questo secondo giorno, molto denso. Questa scultura di Gianni Cinquegrana, realizzata in occasione del centenario di Nicola Pagliara che cadr\u00e0 l\u2019anno prossimo. Questa scultura entra nello spirito di quello che \u00e8 il \u201cMaggio\u201d, leggere l\u2019architettura in maniera interdisciplinare, con l\u2019arte anzitutto con cui ci siamo sempre confrontati. Questa scultura \u00e8 apparentemente una scultura, un\u2019opera architettonica ed una scultura, ed ha un linguaggio toccato dalla storia dell\u2019arte, una scultura che si lascia attraversare, che diventa di ordine sociale perch\u00e9 ci si pu\u00f2 relazionare con lo spazio intorno ruotandoci attorno. Ecco che il connubio &#8211; conclude l\u2019architetto Bozzaotra &#8211; tra architettura ed arte viene espletato al meglio\u201d.<\/em><\/p>\n\n\n\n<p><em>\u201cDella Mostra d\u2019Oltremare molti ne hanno parlato ma in pochi ci hanno capito qualcosa &#8211; afferma il prof. Uberto Siola &#8211; Ci si ricorda della bellezza, del verde ma non ci si ricorda che \u00e8 un\u2019opera nata per contribuire alla crescita della citt\u00e0. Ricordo la mia maestra, Stefania Filo Spaziale, assistente di Canino, mi raccontava che egli la chiam\u00f2 e disse: \u201cAbbiamo realizzato il centro di una citt\u00e0, adesso abbiamo bisogno di qualcuno che faccia la citt\u00e0 intorno\u201d. Noi non ci siamo riusciti, questo centro \u00e8 rimasto solo, isolato, deturpato, semidistrutto. Se qualcuno si applicasse a leggere la Mostra d\u2019Oltremare, qualche idea per fare Bagnoli verrebbe fuori.<\/em><\/p>\n\n\n\n<p><em>Il filo rosso che unisce i lavori e gli studi sull\u2019architettura <\/em>&#8211; continua il prof. Siola <em>&#8211; \u00e8 quello di parlare e di produrre bellezza. L\u2019etica dell\u2019architettura \u00e8 produrre bellezza. Il resto lasciamolo agli altri. La bellezza non ha bisogno di essere funzionale, la bellezza \u00e8 di per s\u00e9 funzionale. Un edificio storico bello \u00e8 importante in quanto \u00e8 bello, dentro ci si pu\u00f2 mettere tutte le funzioni che si vuole, ma il valore di quell\u2019edificio \u00e8 la sua bellezza\u201d.<\/em><\/p>\n\n\n\n<p><em>\u201cLa seconda tappa del \u201cMaggio\u201d si realizza nella piazza che ebbi l\u2019onore di realizzare insieme all\u2019architetto Nicola Pagliara. Una giornata densa, si discuter\u00e0 della Mostra d\u2019Oltremare e possiamo ammirare quest\u2019opera realizzata dal collega Gianni Cinquegrana. Ragioneremo sui luoghi urbani, sui luoghi d\u2019aggregazione in cui le persone si incontrano; costruire legami, cercando di stare insieme. Aggregazione ed etica, uomo e spazio: l\u2019architettura \u00e8 tale solo se \u00e8 eticamente corretta. Si deve rivalutare la capacit\u00e0 di stare correttamente insieme. Il \u201cMaggio\u201d cammina e nelle prime due tappe ha camminato, a Mugnano di Napoli ed oggi a Nola, sui progetti di due grandi architetti, Salvatore Bisogni e Nicola Pagliara. Abbiamo sul territorio delle emergenze architettoniche di famosi architetti del Novecento e non ce ne accorgiamo, addetti e non addetti ai lavori. Bisogna riconquistare questi luoghi ed imparare da questi luoghi un nuovo cammino &#8211;<\/em> conclude l\u2019architetto Ciniglio\u201d<em>.<\/em><\/p>\n<div class=\"pdfprnt-buttons pdfprnt-buttons-post pdfprnt-bottom-left\"><a href=\"https:\/\/www.istitutogalanteoliva.it\/magazine\/wp-json\/wp\/v2\/posts\/20794?print=print\" class=\"pdfprnt-button pdfprnt-button-print\" target=\"_blank\"><img decoding=\"async\" src=\"https:\/\/www.istitutogalanteoliva.it\/magazine\/wp-content\/plugins\/pdf-print\/images\/print.png\" alt=\"image_print\" title=\"Stampa contenuto\" \/><span class=\"pdfprnt-button-title pdfprnt-button-print-title\">Download in PDF<\/span><\/a><\/div>","protected":false},"excerpt":{"rendered":"<p>Architettura Etica A Nola il \u201cMaggio dell\u2019Architettura\u201d tra Mostra d\u2019Oltremare, dibattiti e riflessioni su etica e progetto urbano.<\/p>\n","protected":false},"author":2,"featured_media":20796,"comment_status":"closed","ping_status":"open","sticky":true,"template":"","format":"standard","meta":{"footnotes":""},"categories":[1483,47],"tags":[960,115,208,1706,387,1641,1704,1703,1705,1643,972],"class_list":["post-20794","post","type-post","status-publish","format-standard","has-post-thumbnail","hentry","category-1483","category-eventi","tag-architettura","tag-campania","tag-cultura","tag-diarc","tag-eventi","tag-maggio-dellarchitettura","tag-mostra-doltremare","tag-nola","tag-nola-eventi","tag-siebenarchi","tag-urbanistica"],"yoast_head":"<!-- This site is optimized with the Yoast SEO plugin v24.2 - https:\/\/yoast.com\/wordpress\/plugins\/seo\/ -->\n<title>L\u2019architettura \u00e8 tale solo se \u00e8 eticamente corretta - Polis SA Magazine<\/title>\n<meta name=\"description\" content=\"Architettura Etica A Nola il \u201cMaggio dell\u2019Architettura\u201d tra Mostra d\u2019Oltremare, dibattiti e riflessioni su etica e progetto urbano.\" \/>\n<meta name=\"robots\" content=\"index, follow, max-snippet:-1, max-image-preview:large, max-video-preview:-1\" \/>\n<link rel=\"canonical\" href=\"https:\/\/www.istitutogalanteoliva.it\/magazine\/2026\/05\/20\/larchitettura-e-tale-solo-se-e-eticamente-corretta\/\" \/>\n<meta property=\"og:locale\" content=\"it_IT\" \/>\n<meta property=\"og:type\" content=\"article\" \/>\n<meta property=\"og:title\" content=\"L\u2019architettura \u00e8 tale solo se \u00e8 eticamente corretta - Polis SA Magazine\" \/>\n<meta property=\"og:description\" content=\"Architettura Etica A Nola il \u201cMaggio dell\u2019Architettura\u201d tra Mostra d\u2019Oltremare, dibattiti e riflessioni su etica e progetto urbano.\" \/>\n<meta property=\"og:url\" content=\"https:\/\/www.istitutogalanteoliva.it\/magazine\/2026\/05\/20\/larchitettura-e-tale-solo-se-e-eticamente-corretta\/\" \/>\n<meta property=\"og:site_name\" content=\"Polis SA Magazine\" \/>\n<meta property=\"article:publisher\" content=\"https:\/\/www.facebook.com\/PolisSAMagazine\/\" \/>\n<meta property=\"article:published_time\" content=\"2026-05-20T17:46:36+00:00\" \/>\n<meta property=\"article:modified_time\" content=\"2026-05-21T12:47:12+00:00\" \/>\n<meta property=\"og:image\" content=\"https:\/\/www.istitutogalanteoliva.it\/magazine\/wp-content\/uploads\/2026\/05\/Senza-titolo-1-2.jpg\" \/>\n\t<meta property=\"og:image:width\" content=\"700\" \/>\n\t<meta property=\"og:image:height\" content=\"380\" \/>\n\t<meta property=\"og:image:type\" content=\"image\/jpeg\" \/>\n<meta name=\"author\" content=\"Antonello Rivano\" \/>\n<meta name=\"twitter:card\" content=\"summary_large_image\" \/>\n<meta name=\"twitter:creator\" content=\"@MagazinePolis\" \/>\n<meta name=\"twitter:site\" content=\"@MagazinePolis\" \/>\n<meta name=\"twitter:label1\" content=\"Scritto da\" \/>\n\t<meta name=\"twitter:data1\" content=\"Antonello Rivano\" \/>\n\t<meta name=\"twitter:label2\" content=\"Tempo di lettura stimato\" \/>\n\t<meta name=\"twitter:data2\" content=\"8 minuti\" \/>\n<script type=\"application\/ld+json\" class=\"yoast-schema-graph\">{\"@context\":\"https:\/\/schema.org\",\"@graph\":[{\"@type\":\"Article\",\"@id\":\"https:\/\/www.istitutogalanteoliva.it\/magazine\/2026\/05\/20\/larchitettura-e-tale-solo-se-e-eticamente-corretta\/#article\",\"isPartOf\":{\"@id\":\"https:\/\/www.istitutogalanteoliva.it\/magazine\/2026\/05\/20\/larchitettura-e-tale-solo-se-e-eticamente-corretta\/\"},\"author\":{\"name\":\"Antonello Rivano\",\"@id\":\"https:\/\/www.istitutogalanteoliva.it\/magazine\/#\/schema\/person\/d8b8aa79cfe8babc1df9da3212a7c0c4\"},\"headline\":\"L\u2019architettura \u00e8 tale solo se \u00e8 eticamente corretta\",\"datePublished\":\"2026-05-20T17:46:36+00:00\",\"dateModified\":\"2026-05-21T12:47:12+00:00\",\"mainEntityOfPage\":{\"@id\":\"https:\/\/www.istitutogalanteoliva.it\/magazine\/2026\/05\/20\/larchitettura-e-tale-solo-se-e-eticamente-corretta\/\"},\"wordCount\":1421,\"publisher\":{\"@id\":\"https:\/\/www.istitutogalanteoliva.it\/magazine\/#organization\"},\"image\":{\"@id\":\"https:\/\/www.istitutogalanteoliva.it\/magazine\/2026\/05\/20\/larchitettura-e-tale-solo-se-e-eticamente-corretta\/#primaryimage\"},\"thumbnailUrl\":\"https:\/\/www.istitutogalanteoliva.it\/magazine\/wp-content\/uploads\/2026\/05\/Senza-titolo-1-2.jpg\",\"keywords\":[\"Architettura\",\"campania\",\"cultura\",\"DIARC\",\"eventi\",\"Maggio dell\u2019Architettura\",\"Mostra d\u2019Oltremare\",\"Nola\",\"Nola eventi\",\"SiebenArchi\",\"Urbanistica\"],\"articleSection\":[\"2026\",\"Eventi\"],\"inLanguage\":\"it-IT\"},{\"@type\":\"WebPage\",\"@id\":\"https:\/\/www.istitutogalanteoliva.it\/magazine\/2026\/05\/20\/larchitettura-e-tale-solo-se-e-eticamente-corretta\/\",\"url\":\"https:\/\/www.istitutogalanteoliva.it\/magazine\/2026\/05\/20\/larchitettura-e-tale-solo-se-e-eticamente-corretta\/\",\"name\":\"L\u2019architettura \u00e8 tale solo se \u00e8 eticamente corretta - Polis SA Magazine\",\"isPartOf\":{\"@id\":\"https:\/\/www.istitutogalanteoliva.it\/magazine\/#website\"},\"primaryImageOfPage\":{\"@id\":\"https:\/\/www.istitutogalanteoliva.it\/magazine\/2026\/05\/20\/larchitettura-e-tale-solo-se-e-eticamente-corretta\/#primaryimage\"},\"image\":{\"@id\":\"https:\/\/www.istitutogalanteoliva.it\/magazine\/2026\/05\/20\/larchitettura-e-tale-solo-se-e-eticamente-corretta\/#primaryimage\"},\"thumbnailUrl\":\"https:\/\/www.istitutogalanteoliva.it\/magazine\/wp-content\/uploads\/2026\/05\/Senza-titolo-1-2.jpg\",\"datePublished\":\"2026-05-20T17:46:36+00:00\",\"dateModified\":\"2026-05-21T12:47:12+00:00\",\"description\":\"Architettura Etica A Nola il \u201cMaggio dell\u2019Architettura\u201d tra Mostra d\u2019Oltremare, dibattiti e riflessioni su etica e progetto urbano.\",\"breadcrumb\":{\"@id\":\"https:\/\/www.istitutogalanteoliva.it\/magazine\/2026\/05\/20\/larchitettura-e-tale-solo-se-e-eticamente-corretta\/#breadcrumb\"},\"inLanguage\":\"it-IT\",\"potentialAction\":[{\"@type\":\"ReadAction\",\"target\":[\"https:\/\/www.istitutogalanteoliva.it\/magazine\/2026\/05\/20\/larchitettura-e-tale-solo-se-e-eticamente-corretta\/\"]}]},{\"@type\":\"ImageObject\",\"inLanguage\":\"it-IT\",\"@id\":\"https:\/\/www.istitutogalanteoliva.it\/magazine\/2026\/05\/20\/larchitettura-e-tale-solo-se-e-eticamente-corretta\/#primaryimage\",\"url\":\"https:\/\/www.istitutogalanteoliva.it\/magazine\/wp-content\/uploads\/2026\/05\/Senza-titolo-1-2.jpg\",\"contentUrl\":\"https:\/\/www.istitutogalanteoliva.it\/magazine\/wp-content\/uploads\/2026\/05\/Senza-titolo-1-2.jpg\",\"width\":700,\"height\":380},{\"@type\":\"BreadcrumbList\",\"@id\":\"https:\/\/www.istitutogalanteoliva.it\/magazine\/2026\/05\/20\/larchitettura-e-tale-solo-se-e-eticamente-corretta\/#breadcrumb\",\"itemListElement\":[{\"@type\":\"ListItem\",\"position\":1,\"name\":\"Home\",\"item\":\"https:\/\/www.istitutogalanteoliva.it\/magazine\/\"},{\"@type\":\"ListItem\",\"position\":2,\"name\":\"L\u2019architettura \u00e8 tale solo se \u00e8 eticamente corretta\"}]},{\"@type\":\"WebSite\",\"@id\":\"https:\/\/www.istitutogalanteoliva.it\/magazine\/#website\",\"url\":\"https:\/\/www.istitutogalanteoliva.it\/magazine\/\",\"name\":\"POLIS SA MAGAZINE\",\"description\":\"L&#039;informazione libera \",\"publisher\":{\"@id\":\"https:\/\/www.istitutogalanteoliva.it\/magazine\/#organization\"},\"potentialAction\":[{\"@type\":\"SearchAction\",\"target\":{\"@type\":\"EntryPoint\",\"urlTemplate\":\"https:\/\/www.istitutogalanteoliva.it\/magazine\/?s={search_term_string}\"},\"query-input\":{\"@type\":\"PropertyValueSpecification\",\"valueRequired\":true,\"valueName\":\"search_term_string\"}}],\"inLanguage\":\"it-IT\"},{\"@type\":\"Organization\",\"@id\":\"https:\/\/www.istitutogalanteoliva.it\/magazine\/#organization\",\"name\":\"Polis SA Magazine\",\"url\":\"https:\/\/www.istitutogalanteoliva.it\/magazine\/\",\"logo\":{\"@type\":\"ImageObject\",\"inLanguage\":\"it-IT\",\"@id\":\"https:\/\/www.istitutogalanteoliva.it\/magazine\/#\/schema\/logo\/image\/\",\"url\":\"\",\"contentUrl\":\"\",\"caption\":\"Polis SA Magazine\"},\"image\":{\"@id\":\"https:\/\/www.istitutogalanteoliva.it\/magazine\/#\/schema\/logo\/image\/\"},\"sameAs\":[\"https:\/\/www.facebook.com\/PolisSAMagazine\/\",\"https:\/\/x.com\/MagazinePolis\",\"https:\/\/www.youtube.com\/channel\/UCv0Mr5AHKUmsc0sEEXkJrgw\"]},{\"@type\":\"Person\",\"@id\":\"https:\/\/www.istitutogalanteoliva.it\/magazine\/#\/schema\/person\/d8b8aa79cfe8babc1df9da3212a7c0c4\",\"name\":\"Antonello Rivano\",\"image\":{\"@type\":\"ImageObject\",\"inLanguage\":\"it-IT\",\"@id\":\"https:\/\/www.istitutogalanteoliva.it\/magazine\/#\/schema\/person\/image\/\",\"url\":\"https:\/\/secure.gravatar.com\/avatar\/517a9a6487a7a18ecc4ce6d2e57a8f40?s=96&d=mm&r=g\",\"contentUrl\":\"https:\/\/secure.gravatar.com\/avatar\/517a9a6487a7a18ecc4ce6d2e57a8f40?s=96&d=mm&r=g\",\"caption\":\"Antonello Rivano\"},\"url\":\"https:\/\/www.istitutogalanteoliva.it\/magazine\/author\/antonello\/\"}]}<\/script>\n<!-- \/ Yoast SEO plugin. -->","yoast_head_json":{"title":"L\u2019architettura \u00e8 tale solo se \u00e8 eticamente corretta - Polis SA Magazine","description":"Architettura Etica A Nola il \u201cMaggio dell\u2019Architettura\u201d tra Mostra d\u2019Oltremare, dibattiti e riflessioni su etica e progetto urbano.","robots":{"index":"index","follow":"follow","max-snippet":"max-snippet:-1","max-image-preview":"max-image-preview:large","max-video-preview":"max-video-preview:-1"},"canonical":"https:\/\/www.istitutogalanteoliva.it\/magazine\/2026\/05\/20\/larchitettura-e-tale-solo-se-e-eticamente-corretta\/","og_locale":"it_IT","og_type":"article","og_title":"L\u2019architettura \u00e8 tale solo se \u00e8 eticamente corretta - Polis SA Magazine","og_description":"Architettura Etica A Nola il \u201cMaggio dell\u2019Architettura\u201d tra Mostra d\u2019Oltremare, dibattiti e riflessioni su etica e progetto urbano.","og_url":"https:\/\/www.istitutogalanteoliva.it\/magazine\/2026\/05\/20\/larchitettura-e-tale-solo-se-e-eticamente-corretta\/","og_site_name":"Polis SA Magazine","article_publisher":"https:\/\/www.facebook.com\/PolisSAMagazine\/","article_published_time":"2026-05-20T17:46:36+00:00","article_modified_time":"2026-05-21T12:47:12+00:00","og_image":[{"width":700,"height":380,"url":"https:\/\/www.istitutogalanteoliva.it\/magazine\/wp-content\/uploads\/2026\/05\/Senza-titolo-1-2.jpg","type":"image\/jpeg"}],"author":"Antonello Rivano","twitter_card":"summary_large_image","twitter_creator":"@MagazinePolis","twitter_site":"@MagazinePolis","twitter_misc":{"Scritto da":"Antonello Rivano","Tempo di lettura stimato":"8 minuti"},"schema":{"@context":"https:\/\/schema.org","@graph":[{"@type":"Article","@id":"https:\/\/www.istitutogalanteoliva.it\/magazine\/2026\/05\/20\/larchitettura-e-tale-solo-se-e-eticamente-corretta\/#article","isPartOf":{"@id":"https:\/\/www.istitutogalanteoliva.it\/magazine\/2026\/05\/20\/larchitettura-e-tale-solo-se-e-eticamente-corretta\/"},"author":{"name":"Antonello Rivano","@id":"https:\/\/www.istitutogalanteoliva.it\/magazine\/#\/schema\/person\/d8b8aa79cfe8babc1df9da3212a7c0c4"},"headline":"L\u2019architettura \u00e8 tale solo se \u00e8 eticamente corretta","datePublished":"2026-05-20T17:46:36+00:00","dateModified":"2026-05-21T12:47:12+00:00","mainEntityOfPage":{"@id":"https:\/\/www.istitutogalanteoliva.it\/magazine\/2026\/05\/20\/larchitettura-e-tale-solo-se-e-eticamente-corretta\/"},"wordCount":1421,"publisher":{"@id":"https:\/\/www.istitutogalanteoliva.it\/magazine\/#organization"},"image":{"@id":"https:\/\/www.istitutogalanteoliva.it\/magazine\/2026\/05\/20\/larchitettura-e-tale-solo-se-e-eticamente-corretta\/#primaryimage"},"thumbnailUrl":"https:\/\/www.istitutogalanteoliva.it\/magazine\/wp-content\/uploads\/2026\/05\/Senza-titolo-1-2.jpg","keywords":["Architettura","campania","cultura","DIARC","eventi","Maggio dell\u2019Architettura","Mostra d\u2019Oltremare","Nola","Nola eventi","SiebenArchi","Urbanistica"],"articleSection":["2026","Eventi"],"inLanguage":"it-IT"},{"@type":"WebPage","@id":"https:\/\/www.istitutogalanteoliva.it\/magazine\/2026\/05\/20\/larchitettura-e-tale-solo-se-e-eticamente-corretta\/","url":"https:\/\/www.istitutogalanteoliva.it\/magazine\/2026\/05\/20\/larchitettura-e-tale-solo-se-e-eticamente-corretta\/","name":"L\u2019architettura \u00e8 tale solo se \u00e8 eticamente corretta - Polis SA Magazine","isPartOf":{"@id":"https:\/\/www.istitutogalanteoliva.it\/magazine\/#website"},"primaryImageOfPage":{"@id":"https:\/\/www.istitutogalanteoliva.it\/magazine\/2026\/05\/20\/larchitettura-e-tale-solo-se-e-eticamente-corretta\/#primaryimage"},"image":{"@id":"https:\/\/www.istitutogalanteoliva.it\/magazine\/2026\/05\/20\/larchitettura-e-tale-solo-se-e-eticamente-corretta\/#primaryimage"},"thumbnailUrl":"https:\/\/www.istitutogalanteoliva.it\/magazine\/wp-content\/uploads\/2026\/05\/Senza-titolo-1-2.jpg","datePublished":"2026-05-20T17:46:36+00:00","dateModified":"2026-05-21T12:47:12+00:00","description":"Architettura Etica A Nola il \u201cMaggio dell\u2019Architettura\u201d tra Mostra d\u2019Oltremare, dibattiti e riflessioni su etica e progetto urbano.","breadcrumb":{"@id":"https:\/\/www.istitutogalanteoliva.it\/magazine\/2026\/05\/20\/larchitettura-e-tale-solo-se-e-eticamente-corretta\/#breadcrumb"},"inLanguage":"it-IT","potentialAction":[{"@type":"ReadAction","target":["https:\/\/www.istitutogalanteoliva.it\/magazine\/2026\/05\/20\/larchitettura-e-tale-solo-se-e-eticamente-corretta\/"]}]},{"@type":"ImageObject","inLanguage":"it-IT","@id":"https:\/\/www.istitutogalanteoliva.it\/magazine\/2026\/05\/20\/larchitettura-e-tale-solo-se-e-eticamente-corretta\/#primaryimage","url":"https:\/\/www.istitutogalanteoliva.it\/magazine\/wp-content\/uploads\/2026\/05\/Senza-titolo-1-2.jpg","contentUrl":"https:\/\/www.istitutogalanteoliva.it\/magazine\/wp-content\/uploads\/2026\/05\/Senza-titolo-1-2.jpg","width":700,"height":380},{"@type":"BreadcrumbList","@id":"https:\/\/www.istitutogalanteoliva.it\/magazine\/2026\/05\/20\/larchitettura-e-tale-solo-se-e-eticamente-corretta\/#breadcrumb","itemListElement":[{"@type":"ListItem","position":1,"name":"Home","item":"https:\/\/www.istitutogalanteoliva.it\/magazine\/"},{"@type":"ListItem","position":2,"name":"L\u2019architettura \u00e8 tale solo se \u00e8 eticamente corretta"}]},{"@type":"WebSite","@id":"https:\/\/www.istitutogalanteoliva.it\/magazine\/#website","url":"https:\/\/www.istitutogalanteoliva.it\/magazine\/","name":"POLIS SA MAGAZINE","description":"L&#039;informazione libera ","publisher":{"@id":"https:\/\/www.istitutogalanteoliva.it\/magazine\/#organization"},"potentialAction":[{"@type":"SearchAction","target":{"@type":"EntryPoint","urlTemplate":"https:\/\/www.istitutogalanteoliva.it\/magazine\/?s={search_term_string}"},"query-input":{"@type":"PropertyValueSpecification","valueRequired":true,"valueName":"search_term_string"}}],"inLanguage":"it-IT"},{"@type":"Organization","@id":"https:\/\/www.istitutogalanteoliva.it\/magazine\/#organization","name":"Polis SA Magazine","url":"https:\/\/www.istitutogalanteoliva.it\/magazine\/","logo":{"@type":"ImageObject","inLanguage":"it-IT","@id":"https:\/\/www.istitutogalanteoliva.it\/magazine\/#\/schema\/logo\/image\/","url":"","contentUrl":"","caption":"Polis SA Magazine"},"image":{"@id":"https:\/\/www.istitutogalanteoliva.it\/magazine\/#\/schema\/logo\/image\/"},"sameAs":["https:\/\/www.facebook.com\/PolisSAMagazine\/","https:\/\/x.com\/MagazinePolis","https:\/\/www.youtube.com\/channel\/UCv0Mr5AHKUmsc0sEEXkJrgw"]},{"@type":"Person","@id":"https:\/\/www.istitutogalanteoliva.it\/magazine\/#\/schema\/person\/d8b8aa79cfe8babc1df9da3212a7c0c4","name":"Antonello Rivano","image":{"@type":"ImageObject","inLanguage":"it-IT","@id":"https:\/\/www.istitutogalanteoliva.it\/magazine\/#\/schema\/person\/image\/","url":"https:\/\/secure.gravatar.com\/avatar\/517a9a6487a7a18ecc4ce6d2e57a8f40?s=96&d=mm&r=g","contentUrl":"https:\/\/secure.gravatar.com\/avatar\/517a9a6487a7a18ecc4ce6d2e57a8f40?s=96&d=mm&r=g","caption":"Antonello Rivano"},"url":"https:\/\/www.istitutogalanteoliva.it\/magazine\/author\/antonello\/"}]}},"_links":{"self":[{"href":"https:\/\/www.istitutogalanteoliva.it\/magazine\/wp-json\/wp\/v2\/posts\/20794","targetHints":{"allow":["GET"]}}],"collection":[{"href":"https:\/\/www.istitutogalanteoliva.it\/magazine\/wp-json\/wp\/v2\/posts"}],"about":[{"href":"https:\/\/www.istitutogalanteoliva.it\/magazine\/wp-json\/wp\/v2\/types\/post"}],"author":[{"embeddable":true,"href":"https:\/\/www.istitutogalanteoliva.it\/magazine\/wp-json\/wp\/v2\/users\/2"}],"replies":[{"embeddable":true,"href":"https:\/\/www.istitutogalanteoliva.it\/magazine\/wp-json\/wp\/v2\/comments?post=20794"}],"version-history":[{"count":2,"href":"https:\/\/www.istitutogalanteoliva.it\/magazine\/wp-json\/wp\/v2\/posts\/20794\/revisions"}],"predecessor-version":[{"id":20799,"href":"https:\/\/www.istitutogalanteoliva.it\/magazine\/wp-json\/wp\/v2\/posts\/20794\/revisions\/20799"}],"wp:featuredmedia":[{"embeddable":true,"href":"https:\/\/www.istitutogalanteoliva.it\/magazine\/wp-json\/wp\/v2\/media\/20796"}],"wp:attachment":[{"href":"https:\/\/www.istitutogalanteoliva.it\/magazine\/wp-json\/wp\/v2\/media?parent=20794"}],"wp:term":[{"taxonomy":"category","embeddable":true,"href":"https:\/\/www.istitutogalanteoliva.it\/magazine\/wp-json\/wp\/v2\/categories?post=20794"},{"taxonomy":"post_tag","embeddable":true,"href":"https:\/\/www.istitutogalanteoliva.it\/magazine\/wp-json\/wp\/v2\/tags?post=20794"}],"curies":[{"name":"wp","href":"https:\/\/api.w.org\/{rel}","templated":true}]}}