{"id":2139,"date":"2020-03-17T10:00:36","date_gmt":"2020-03-17T09:00:36","guid":{"rendered":"http:\/\/www.edizionipolis.it\/magazine\/?p=2139"},"modified":"2020-03-16T20:53:14","modified_gmt":"2020-03-16T19:53:14","slug":"dopo-il-covid19-ve-ne-dovete-andare","status":"publish","type":"post","link":"https:\/\/www.istitutogalanteoliva.it\/magazine\/2020\/03\/17\/dopo-il-covid19-ve-ne-dovete-andare\/","title":{"rendered":"DOPO IL COVID19 VE NE DOVETE ANDARE"},"content":{"rendered":"\n<p>Stiamo sperimentando qualcosa di nuovo, di inaspettato, di\nnon prevedibile. Per\u00f2 obiettivamente ci sono questioni che bisogna pur avere il\ncoraggio di affrontare: la limitazione della libert\u00e0, lo scontro non ancora\npalese tra poteri dello Stato (Governo, Regioni, altri), la costruzione urgente\ndi una nuova classe dirigente, i \u201c<em>capitani<\/em>\u201d\ntenuti a lasciare per ultimi la nave (dicasi Parlamento), lo scontro sociale\nche in qualche \u201cforma\u201d pur verr\u00e0.<\/p>\n\n\n\n<p>E diciamolo pure, gli Italiani meritano tutto questo perch\u00e9\nfare la rivoluzione, che non lo \u00e8 mai stata (e questo \u00e8 un fatto acclarato), dal\n1994 tutti nessuno escluso, non significa portare a governarci gente che hanno\nmesso gli uni contro gli altri e hanno seminato odio gi\u00e0 prima di Salvini; che\nhanno elevato a \u201cvalore\u201d l\u2019incompetenza e la lotta tra bande politiche. Gente\nche ha fatto credere a chi non ne aveva capacit\u00e0 che tutto si potesse fare,\nrovinando in questo modo organizzazioni sindacali, partiti e tutto ci\u00f2 che si\nmuoveva nel nostro Paese per rincorrerli. <\/p>\n\n\n\n<p>Chi deve governare un Paese non pu\u00f2 improvvisarsi, il virus\nsta inevitabilmente nascondendo tanto altro a cominciare da Ilva, Alitalia,\nWhirlpool, crisi economica, abbandono di intere zone del Paese, il terremoto\ndel centro Italia, e la lista sarebbe lunghissima. <\/p>\n\n\n\n<p>Il dramma \u00e8: chi \u00e8 capace oggi di questa classe politica che\nci rappresenta? La risposta purtroppo non c\u2019\u00e8. Imponiamo per\u00f2, e questo lo\nchiede l\u2019Italia, che gli \u201c<em>uno vale uno<\/em>\u201d\nalla fine di questa vicenda se ne vadano e non ne rimanga \u201c<em>uno che sia uno<\/em>\u201d, basta! <\/p>\n\n\n\n<p>La limitazione della libert\u00e0. Per adesso nessuno ci sta imponendo\nnulla e questo \u00e8 probabilmente il vero scontro in atto nel Governo e che prima\no poi uscir\u00e0 fuori. Per\u00f2 \u00e8 un fatto che tutti noi adesso abbiamo un limite,\nseppur temporale, a muoverci, agire, lavorare, comunicare, investire, vivere.\nEd \u00e8 obiettivamente un problema, grave, se tutto ci\u00f2 prendesse anche pochi mesi\ndi spazio. Si \u00e8 consapevoli che queste restrizioni e le interruzioni delle\nattivit\u00e0 potrebbero portare altre conseguenze? Chi vive di disperazione non ha\nmai mezze misure.<\/p>\n\n\n\n<p>Lo scontro sociale. Cosa accadr\u00e0 tra un po\u2019 quando tutta\nquella classe sociale \u201c<em>costruita<\/em>\u201d a\npane e precariato non potr\u00e0 pi\u00f9 sostenersi? Con chi se la prender\u00e0? Forse con i\nvincitori della lotteria del reddito di cittadinanza mai strutturata con un\npercorso vero per incompetenza e superficialit\u00e0? Insomma sar\u00e0 guerra tra\nodiatori. Ecco, io comincerei a pormi il problema da subito.<\/p>\n\n\n\n<p>Non gestite un condominio, che pure \u00e8 complicato, avete un\nPaese intero tra le mani. Non potete comportarvi come cellule impazzite\ntentennanti, non potete permettervelo e noi non lo possiamo consentire. <\/p>\n\n\n\n<p>Infine, \u201c<em>gli uno vale\nuno\u201d<\/em>, non si azzardino a lasciare il Parlamento. Rimangano l\u00ec fino alla\nfine, cos\u00ec come il capitano della nave. A loro chiediamo responsabilit\u00e0, noi\nprovvederemo a fare Resistenza.&nbsp; <\/p>\n\n\n\n<p>Adesso usciamo dal tunnel.<\/p>\n\n\n\n<p style=\"text-align:right\"><em>Mimmo Oliva<\/em><\/p>\n<div class=\"pdfprnt-buttons pdfprnt-buttons-post pdfprnt-bottom-left\"><a href=\"https:\/\/www.istitutogalanteoliva.it\/magazine\/wp-json\/wp\/v2\/posts\/2139?print=print\" class=\"pdfprnt-button pdfprnt-button-print\" target=\"_blank\"><img decoding=\"async\" src=\"https:\/\/www.istitutogalanteoliva.it\/magazine\/wp-content\/plugins\/pdf-print\/images\/print.png\" alt=\"image_print\" title=\"Stampa contenuto\" \/><span class=\"pdfprnt-button-title pdfprnt-button-print-title\">Download in PDF<\/span><\/a><\/div>","protected":false},"excerpt":{"rendered":"<p>Stiamo sperimentando qualcosa di nuovo, di inaspettato, di non prevedibile. Per\u00f2 obiettivamente ci sono questioni<\/p>\n","protected":false},"author":1,"featured_media":2140,"comment_status":"open","ping_status":"open","sticky":false,"template":"","format":"standard","meta":{"footnotes":""},"categories":[34,15],"tags":[],"class_list":["post-2139","post","type-post","status-publish","format-standard","has-post-thumbnail","hentry","category-34","category-opinioni"],"yoast_head":"<!-- This site is optimized with the Yoast SEO plugin v24.2 - https:\/\/yoast.com\/wordpress\/plugins\/seo\/ -->\n<title>DOPO IL COVID19 VE NE DOVETE ANDARE - Polis SA Magazine<\/title>\n<meta name=\"robots\" content=\"index, follow, max-snippet:-1, max-image-preview:large, max-video-preview:-1\" \/>\n<link rel=\"canonical\" href=\"https:\/\/www.istitutogalanteoliva.it\/magazine\/2020\/03\/17\/dopo-il-covid19-ve-ne-dovete-andare\/\" \/>\n<meta property=\"og:locale\" content=\"it_IT\" \/>\n<meta property=\"og:type\" content=\"article\" \/>\n<meta property=\"og:title\" content=\"DOPO IL COVID19 VE NE DOVETE ANDARE - Polis SA Magazine\" \/>\n<meta property=\"og:description\" content=\"Stiamo sperimentando qualcosa di nuovo, di inaspettato, di non prevedibile. Per\u00f2 obiettivamente ci sono questioni\" \/>\n<meta property=\"og:url\" content=\"https:\/\/www.istitutogalanteoliva.it\/magazine\/2020\/03\/17\/dopo-il-covid19-ve-ne-dovete-andare\/\" \/>\n<meta property=\"og:site_name\" content=\"Polis SA Magazine\" \/>\n<meta property=\"article:publisher\" content=\"https:\/\/www.facebook.com\/PolisSAMagazine\/\" \/>\n<meta property=\"article:published_time\" content=\"2020-03-17T09:00:36+00:00\" \/>\n<meta property=\"article:modified_time\" content=\"2020-03-16T19:53:14+00:00\" \/>\n<meta property=\"og:image\" content=\"https:\/\/www.istitutogalanteoliva.it\/magazine\/wp-content\/uploads\/2020\/03\/download-3.jpg\" \/>\n\t<meta property=\"og:image:width\" content=\"290\" \/>\n\t<meta property=\"og:image:height\" content=\"174\" \/>\n\t<meta property=\"og:image:type\" content=\"image\/jpeg\" \/>\n<meta name=\"author\" content=\"admin\" \/>\n<meta name=\"twitter:card\" content=\"summary_large_image\" \/>\n<meta name=\"twitter:creator\" content=\"@MagazinePolis\" \/>\n<meta name=\"twitter:site\" content=\"@MagazinePolis\" \/>\n<meta name=\"twitter:label1\" content=\"Scritto da\" \/>\n\t<meta name=\"twitter:data1\" content=\"admin\" \/>\n\t<meta name=\"twitter:label2\" content=\"Tempo di lettura stimato\" \/>\n\t<meta name=\"twitter:data2\" content=\"2 minuti\" \/>\n<script type=\"application\/ld+json\" class=\"yoast-schema-graph\">{\"@context\":\"https:\/\/schema.org\",\"@graph\":[{\"@type\":\"Article\",\"@id\":\"https:\/\/www.istitutogalanteoliva.it\/magazine\/2020\/03\/17\/dopo-il-covid19-ve-ne-dovete-andare\/#article\",\"isPartOf\":{\"@id\":\"https:\/\/www.istitutogalanteoliva.it\/magazine\/2020\/03\/17\/dopo-il-covid19-ve-ne-dovete-andare\/\"},\"author\":{\"name\":\"admin\",\"@id\":\"https:\/\/www.istitutogalanteoliva.it\/magazine\/#\/schema\/person\/72e8141246542ebcf905456f5dbd4c49\"},\"headline\":\"DOPO IL COVID19 VE NE DOVETE ANDARE\",\"datePublished\":\"2020-03-17T09:00:36+00:00\",\"dateModified\":\"2020-03-16T19:53:14+00:00\",\"mainEntityOfPage\":{\"@id\":\"https:\/\/www.istitutogalanteoliva.it\/magazine\/2020\/03\/17\/dopo-il-covid19-ve-ne-dovete-andare\/\"},\"wordCount\":469,\"commentCount\":0,\"publisher\":{\"@id\":\"https:\/\/www.istitutogalanteoliva.it\/magazine\/#organization\"},\"image\":{\"@id\":\"https:\/\/www.istitutogalanteoliva.it\/magazine\/2020\/03\/17\/dopo-il-covid19-ve-ne-dovete-andare\/#primaryimage\"},\"thumbnailUrl\":\"https:\/\/www.istitutogalanteoliva.it\/magazine\/wp-content\/uploads\/2020\/03\/download-3.jpg\",\"articleSection\":[\"2020\",\"Opinioni\"],\"inLanguage\":\"it-IT\",\"potentialAction\":[{\"@type\":\"CommentAction\",\"name\":\"Comment\",\"target\":[\"https:\/\/www.istitutogalanteoliva.it\/magazine\/2020\/03\/17\/dopo-il-covid19-ve-ne-dovete-andare\/#respond\"]}]},{\"@type\":\"WebPage\",\"@id\":\"https:\/\/www.istitutogalanteoliva.it\/magazine\/2020\/03\/17\/dopo-il-covid19-ve-ne-dovete-andare\/\",\"url\":\"https:\/\/www.istitutogalanteoliva.it\/magazine\/2020\/03\/17\/dopo-il-covid19-ve-ne-dovete-andare\/\",\"name\":\"DOPO IL COVID19 VE NE DOVETE ANDARE - Polis SA Magazine\",\"isPartOf\":{\"@id\":\"https:\/\/www.istitutogalanteoliva.it\/magazine\/#website\"},\"primaryImageOfPage\":{\"@id\":\"https:\/\/www.istitutogalanteoliva.it\/magazine\/2020\/03\/17\/dopo-il-covid19-ve-ne-dovete-andare\/#primaryimage\"},\"image\":{\"@id\":\"https:\/\/www.istitutogalanteoliva.it\/magazine\/2020\/03\/17\/dopo-il-covid19-ve-ne-dovete-andare\/#primaryimage\"},\"thumbnailUrl\":\"https:\/\/www.istitutogalanteoliva.it\/magazine\/wp-content\/uploads\/2020\/03\/download-3.jpg\",\"datePublished\":\"2020-03-17T09:00:36+00:00\",\"dateModified\":\"2020-03-16T19:53:14+00:00\",\"breadcrumb\":{\"@id\":\"https:\/\/www.istitutogalanteoliva.it\/magazine\/2020\/03\/17\/dopo-il-covid19-ve-ne-dovete-andare\/#breadcrumb\"},\"inLanguage\":\"it-IT\",\"potentialAction\":[{\"@type\":\"ReadAction\",\"target\":[\"https:\/\/www.istitutogalanteoliva.it\/magazine\/2020\/03\/17\/dopo-il-covid19-ve-ne-dovete-andare\/\"]}]},{\"@type\":\"ImageObject\",\"inLanguage\":\"it-IT\",\"@id\":\"https:\/\/www.istitutogalanteoliva.it\/magazine\/2020\/03\/17\/dopo-il-covid19-ve-ne-dovete-andare\/#primaryimage\",\"url\":\"https:\/\/www.istitutogalanteoliva.it\/magazine\/wp-content\/uploads\/2020\/03\/download-3.jpg\",\"contentUrl\":\"https:\/\/www.istitutogalanteoliva.it\/magazine\/wp-content\/uploads\/2020\/03\/download-3.jpg\",\"width\":290,\"height\":174},{\"@type\":\"BreadcrumbList\",\"@id\":\"https:\/\/www.istitutogalanteoliva.it\/magazine\/2020\/03\/17\/dopo-il-covid19-ve-ne-dovete-andare\/#breadcrumb\",\"itemListElement\":[{\"@type\":\"ListItem\",\"position\":1,\"name\":\"Home\",\"item\":\"https:\/\/www.istitutogalanteoliva.it\/magazine\/\"},{\"@type\":\"ListItem\",\"position\":2,\"name\":\"DOPO IL COVID19 VE NE DOVETE ANDARE\"}]},{\"@type\":\"WebSite\",\"@id\":\"https:\/\/www.istitutogalanteoliva.it\/magazine\/#website\",\"url\":\"https:\/\/www.istitutogalanteoliva.it\/magazine\/\",\"name\":\"POLIS SA MAGAZINE\",\"description\":\"Informazione e approfondimenti\",\"publisher\":{\"@id\":\"https:\/\/www.istitutogalanteoliva.it\/magazine\/#organization\"},\"potentialAction\":[{\"@type\":\"SearchAction\",\"target\":{\"@type\":\"EntryPoint\",\"urlTemplate\":\"https:\/\/www.istitutogalanteoliva.it\/magazine\/?s={search_term_string}\"},\"query-input\":{\"@type\":\"PropertyValueSpecification\",\"valueRequired\":true,\"valueName\":\"search_term_string\"}}],\"inLanguage\":\"it-IT\"},{\"@type\":\"Organization\",\"@id\":\"https:\/\/www.istitutogalanteoliva.it\/magazine\/#organization\",\"name\":\"Polis SA Magazine\",\"url\":\"https:\/\/www.istitutogalanteoliva.it\/magazine\/\",\"logo\":{\"@type\":\"ImageObject\",\"inLanguage\":\"it-IT\",\"@id\":\"https:\/\/www.istitutogalanteoliva.it\/magazine\/#\/schema\/logo\/image\/\",\"url\":\"\",\"contentUrl\":\"\",\"caption\":\"Polis SA Magazine\"},\"image\":{\"@id\":\"https:\/\/www.istitutogalanteoliva.it\/magazine\/#\/schema\/logo\/image\/\"},\"sameAs\":[\"https:\/\/www.facebook.com\/PolisSAMagazine\/\",\"https:\/\/x.com\/MagazinePolis\",\"https:\/\/www.youtube.com\/channel\/UCv0Mr5AHKUmsc0sEEXkJrgw\"]},{\"@type\":\"Person\",\"@id\":\"https:\/\/www.istitutogalanteoliva.it\/magazine\/#\/schema\/person\/72e8141246542ebcf905456f5dbd4c49\",\"name\":\"admin\",\"image\":{\"@type\":\"ImageObject\",\"inLanguage\":\"it-IT\",\"@id\":\"https:\/\/www.istitutogalanteoliva.it\/magazine\/#\/schema\/person\/image\/\",\"url\":\"https:\/\/secure.gravatar.com\/avatar\/07059cc99eeb1edd29e138d1812e69ec?s=96&d=mm&r=g\",\"contentUrl\":\"https:\/\/secure.gravatar.com\/avatar\/07059cc99eeb1edd29e138d1812e69ec?s=96&d=mm&r=g\",\"caption\":\"admin\"},\"url\":\"https:\/\/www.istitutogalanteoliva.it\/magazine\/author\/admin\/\"}]}<\/script>\n<!-- \/ Yoast SEO plugin. -->","yoast_head_json":{"title":"DOPO IL COVID19 VE NE DOVETE ANDARE - Polis SA Magazine","robots":{"index":"index","follow":"follow","max-snippet":"max-snippet:-1","max-image-preview":"max-image-preview:large","max-video-preview":"max-video-preview:-1"},"canonical":"https:\/\/www.istitutogalanteoliva.it\/magazine\/2020\/03\/17\/dopo-il-covid19-ve-ne-dovete-andare\/","og_locale":"it_IT","og_type":"article","og_title":"DOPO IL COVID19 VE NE DOVETE ANDARE - Polis SA Magazine","og_description":"Stiamo sperimentando qualcosa di nuovo, di inaspettato, di non prevedibile. Per\u00f2 obiettivamente ci sono questioni","og_url":"https:\/\/www.istitutogalanteoliva.it\/magazine\/2020\/03\/17\/dopo-il-covid19-ve-ne-dovete-andare\/","og_site_name":"Polis SA Magazine","article_publisher":"https:\/\/www.facebook.com\/PolisSAMagazine\/","article_published_time":"2020-03-17T09:00:36+00:00","article_modified_time":"2020-03-16T19:53:14+00:00","og_image":[{"width":290,"height":174,"url":"https:\/\/www.istitutogalanteoliva.it\/magazine\/wp-content\/uploads\/2020\/03\/download-3.jpg","type":"image\/jpeg"}],"author":"admin","twitter_card":"summary_large_image","twitter_creator":"@MagazinePolis","twitter_site":"@MagazinePolis","twitter_misc":{"Scritto da":"admin","Tempo di lettura stimato":"2 minuti"},"schema":{"@context":"https:\/\/schema.org","@graph":[{"@type":"Article","@id":"https:\/\/www.istitutogalanteoliva.it\/magazine\/2020\/03\/17\/dopo-il-covid19-ve-ne-dovete-andare\/#article","isPartOf":{"@id":"https:\/\/www.istitutogalanteoliva.it\/magazine\/2020\/03\/17\/dopo-il-covid19-ve-ne-dovete-andare\/"},"author":{"name":"admin","@id":"https:\/\/www.istitutogalanteoliva.it\/magazine\/#\/schema\/person\/72e8141246542ebcf905456f5dbd4c49"},"headline":"DOPO IL COVID19 VE NE DOVETE ANDARE","datePublished":"2020-03-17T09:00:36+00:00","dateModified":"2020-03-16T19:53:14+00:00","mainEntityOfPage":{"@id":"https:\/\/www.istitutogalanteoliva.it\/magazine\/2020\/03\/17\/dopo-il-covid19-ve-ne-dovete-andare\/"},"wordCount":469,"commentCount":0,"publisher":{"@id":"https:\/\/www.istitutogalanteoliva.it\/magazine\/#organization"},"image":{"@id":"https:\/\/www.istitutogalanteoliva.it\/magazine\/2020\/03\/17\/dopo-il-covid19-ve-ne-dovete-andare\/#primaryimage"},"thumbnailUrl":"https:\/\/www.istitutogalanteoliva.it\/magazine\/wp-content\/uploads\/2020\/03\/download-3.jpg","articleSection":["2020","Opinioni"],"inLanguage":"it-IT","potentialAction":[{"@type":"CommentAction","name":"Comment","target":["https:\/\/www.istitutogalanteoliva.it\/magazine\/2020\/03\/17\/dopo-il-covid19-ve-ne-dovete-andare\/#respond"]}]},{"@type":"WebPage","@id":"https:\/\/www.istitutogalanteoliva.it\/magazine\/2020\/03\/17\/dopo-il-covid19-ve-ne-dovete-andare\/","url":"https:\/\/www.istitutogalanteoliva.it\/magazine\/2020\/03\/17\/dopo-il-covid19-ve-ne-dovete-andare\/","name":"DOPO IL COVID19 VE NE DOVETE ANDARE - Polis SA Magazine","isPartOf":{"@id":"https:\/\/www.istitutogalanteoliva.it\/magazine\/#website"},"primaryImageOfPage":{"@id":"https:\/\/www.istitutogalanteoliva.it\/magazine\/2020\/03\/17\/dopo-il-covid19-ve-ne-dovete-andare\/#primaryimage"},"image":{"@id":"https:\/\/www.istitutogalanteoliva.it\/magazine\/2020\/03\/17\/dopo-il-covid19-ve-ne-dovete-andare\/#primaryimage"},"thumbnailUrl":"https:\/\/www.istitutogalanteoliva.it\/magazine\/wp-content\/uploads\/2020\/03\/download-3.jpg","datePublished":"2020-03-17T09:00:36+00:00","dateModified":"2020-03-16T19:53:14+00:00","breadcrumb":{"@id":"https:\/\/www.istitutogalanteoliva.it\/magazine\/2020\/03\/17\/dopo-il-covid19-ve-ne-dovete-andare\/#breadcrumb"},"inLanguage":"it-IT","potentialAction":[{"@type":"ReadAction","target":["https:\/\/www.istitutogalanteoliva.it\/magazine\/2020\/03\/17\/dopo-il-covid19-ve-ne-dovete-andare\/"]}]},{"@type":"ImageObject","inLanguage":"it-IT","@id":"https:\/\/www.istitutogalanteoliva.it\/magazine\/2020\/03\/17\/dopo-il-covid19-ve-ne-dovete-andare\/#primaryimage","url":"https:\/\/www.istitutogalanteoliva.it\/magazine\/wp-content\/uploads\/2020\/03\/download-3.jpg","contentUrl":"https:\/\/www.istitutogalanteoliva.it\/magazine\/wp-content\/uploads\/2020\/03\/download-3.jpg","width":290,"height":174},{"@type":"BreadcrumbList","@id":"https:\/\/www.istitutogalanteoliva.it\/magazine\/2020\/03\/17\/dopo-il-covid19-ve-ne-dovete-andare\/#breadcrumb","itemListElement":[{"@type":"ListItem","position":1,"name":"Home","item":"https:\/\/www.istitutogalanteoliva.it\/magazine\/"},{"@type":"ListItem","position":2,"name":"DOPO IL COVID19 VE NE DOVETE ANDARE"}]},{"@type":"WebSite","@id":"https:\/\/www.istitutogalanteoliva.it\/magazine\/#website","url":"https:\/\/www.istitutogalanteoliva.it\/magazine\/","name":"POLIS SA MAGAZINE","description":"Informazione e approfondimenti","publisher":{"@id":"https:\/\/www.istitutogalanteoliva.it\/magazine\/#organization"},"potentialAction":[{"@type":"SearchAction","target":{"@type":"EntryPoint","urlTemplate":"https:\/\/www.istitutogalanteoliva.it\/magazine\/?s={search_term_string}"},"query-input":{"@type":"PropertyValueSpecification","valueRequired":true,"valueName":"search_term_string"}}],"inLanguage":"it-IT"},{"@type":"Organization","@id":"https:\/\/www.istitutogalanteoliva.it\/magazine\/#organization","name":"Polis SA Magazine","url":"https:\/\/www.istitutogalanteoliva.it\/magazine\/","logo":{"@type":"ImageObject","inLanguage":"it-IT","@id":"https:\/\/www.istitutogalanteoliva.it\/magazine\/#\/schema\/logo\/image\/","url":"","contentUrl":"","caption":"Polis SA Magazine"},"image":{"@id":"https:\/\/www.istitutogalanteoliva.it\/magazine\/#\/schema\/logo\/image\/"},"sameAs":["https:\/\/www.facebook.com\/PolisSAMagazine\/","https:\/\/x.com\/MagazinePolis","https:\/\/www.youtube.com\/channel\/UCv0Mr5AHKUmsc0sEEXkJrgw"]},{"@type":"Person","@id":"https:\/\/www.istitutogalanteoliva.it\/magazine\/#\/schema\/person\/72e8141246542ebcf905456f5dbd4c49","name":"admin","image":{"@type":"ImageObject","inLanguage":"it-IT","@id":"https:\/\/www.istitutogalanteoliva.it\/magazine\/#\/schema\/person\/image\/","url":"https:\/\/secure.gravatar.com\/avatar\/07059cc99eeb1edd29e138d1812e69ec?s=96&d=mm&r=g","contentUrl":"https:\/\/secure.gravatar.com\/avatar\/07059cc99eeb1edd29e138d1812e69ec?s=96&d=mm&r=g","caption":"admin"},"url":"https:\/\/www.istitutogalanteoliva.it\/magazine\/author\/admin\/"}]}},"_links":{"self":[{"href":"https:\/\/www.istitutogalanteoliva.it\/magazine\/wp-json\/wp\/v2\/posts\/2139","targetHints":{"allow":["GET"]}}],"collection":[{"href":"https:\/\/www.istitutogalanteoliva.it\/magazine\/wp-json\/wp\/v2\/posts"}],"about":[{"href":"https:\/\/www.istitutogalanteoliva.it\/magazine\/wp-json\/wp\/v2\/types\/post"}],"author":[{"embeddable":true,"href":"https:\/\/www.istitutogalanteoliva.it\/magazine\/wp-json\/wp\/v2\/users\/1"}],"replies":[{"embeddable":true,"href":"https:\/\/www.istitutogalanteoliva.it\/magazine\/wp-json\/wp\/v2\/comments?post=2139"}],"version-history":[{"count":1,"href":"https:\/\/www.istitutogalanteoliva.it\/magazine\/wp-json\/wp\/v2\/posts\/2139\/revisions"}],"predecessor-version":[{"id":2141,"href":"https:\/\/www.istitutogalanteoliva.it\/magazine\/wp-json\/wp\/v2\/posts\/2139\/revisions\/2141"}],"wp:featuredmedia":[{"embeddable":true,"href":"https:\/\/www.istitutogalanteoliva.it\/magazine\/wp-json\/wp\/v2\/media\/2140"}],"wp:attachment":[{"href":"https:\/\/www.istitutogalanteoliva.it\/magazine\/wp-json\/wp\/v2\/media?parent=2139"}],"wp:term":[{"taxonomy":"category","embeddable":true,"href":"https:\/\/www.istitutogalanteoliva.it\/magazine\/wp-json\/wp\/v2\/categories?post=2139"},{"taxonomy":"post_tag","embeddable":true,"href":"https:\/\/www.istitutogalanteoliva.it\/magazine\/wp-json\/wp\/v2\/tags?post=2139"}],"curies":[{"name":"wp","href":"https:\/\/api.w.org\/{rel}","templated":true}]}}