{"id":2560,"date":"2020-05-18T12:00:32","date_gmt":"2020-05-18T10:00:32","guid":{"rendered":"http:\/\/www.edizionipolis.it\/magazine\/?p=2560"},"modified":"2020-05-19T08:47:01","modified_gmt":"2020-05-19T06:47:01","slug":"coronavirus-il-problema-dello-smaltimento-dei-dpi-nella-fase-2","status":"publish","type":"post","link":"https:\/\/www.istitutogalanteoliva.it\/magazine\/2020\/05\/18\/coronavirus-il-problema-dello-smaltimento-dei-dpi-nella-fase-2\/","title":{"rendered":"Coronavirus. Il problema dello smaltimento dei DPI nella fase 2."},"content":{"rendered":"\n<p>L\u2019avvertimento\no monito o consiglio, si scelga personalmente il termine in base alla \u201c<em>confidenza<\/em>\u201d che ciascuno di noi ha nei\nconfronti del <strong>covid19<\/strong>, sulla <strong>fase 2 <\/strong>sembra il titolo di una canzone\nsanremese: restiamo a distanza. <\/p>\n\n\n\n<p>E\nfin qui \u00e8 chiaro. La responsabilit\u00e0 \u00e8 diventata parola d\u2019ordine in una fase in\ncui \u00e8 vietato sbagliare. La libert\u00e0 che si \u00e8 concretizzata nella concessione\ndelle diverse riaperture, per adesso all\u2019interno delle regioni, che saranno\nregolate dalle linee guida di <strong>Inail<\/strong>\ne <strong>Iss<\/strong>, dovrebbe anche riguardare il\ncontrollo delle nostre azioni civili e non incivili verso la salvaguardia\ndell\u2019ambiente. <\/p>\n\n\n\n<p>Riavviare\nattivit\u00e0 produttive e sociali significher\u00e0 un maggior via vai di gente in giro\nper strada, nei luoghi di svago o di lavoro che utilizzeranno i dispositivi di\nprotezione individuale (guanti e mascherine, quest\u2019ultime in tanti casi\nobbligatorie). Ebbene, a difesa dell\u2019ambiente e per la pericolosit\u00e0 di un non\ncorretto smaltimento di questi dispositivi, scendono in campo diverse\nassociazioni ambientaliste che, come il <strong>Wwf<\/strong>,\nsintetizza con un\u2019ipotesi il problema: &lt;<em>se\nl\u20191 % delle mascherine che stiamo utilizzando finisse in natura, ogni mese\navremmo 40mila chilogrammi in plastica nell\u2019ambiente&gt;<\/em>. <\/p>\n\n\n\n<p>Al\ndisastro andranno aggiunti i guanti monouso in plastica od in lattice spesso,\ned azzarderei volentieri, gettati per terra. La fase 2, si chiede, dovrebbe\nprevedere quindi l\u2019installazione di raccoglitori in luoghi magari pi\u00f9\n\u201ccritici\u201d: nei pressi di supermercati, negozi, centri commerciali, parchi,\nville, ristoranti, caffetterie ma anche sotto casa mia o vostra se quest\u2019azione\npotr\u00e0 contrastare una minaccia per l\u2019ambiente davvero da non sottovalutare.\n&lt;<em>Mascherine e guanti stanno invadendo\nstrade, marciapiedi e mari<\/em>&gt; avverte il Wwf &lt;<em>mettendo a rischio animali marini ma anche volatili che scambiano per\ncibo i frammenti di plastica o stoffa<\/em>&gt;. <\/p>\n\n\n\n<p>Se\nnella fase 2 serviranno mensilmente (secondo uno studio avviato dal Politecnico\ndi Torino) 1 miliardo di mascherine (per lo pi\u00f9 quelle chirurgiche monouso) e\nmezzo miliardo di guanti, allora \u00e8 pi\u00f9 che mai necessario sforzarsi per avviare\nuno smaltimento intelligente. <\/p>\n\n\n\n<p>Con\nla considerazione che il peso di una mascherina \u00e8 di circa 4 grammi, spiegano\ngli ambientalisti, in natura si disperderebbero 40mila chilogrammi in plastica.\nEd il fenomeno purtroppo si allarga a salviette, fazzoletti, bottigliette di\ndisinfettante abbandonati sul bordo delle strade o nei corsi d\u2019acqua. <\/p>\n\n\n\n<p>C\u2019\u00e8\naddirittura chi ha denunziato \u201cdepositi clandestini\u201d da coronavirus: ecco la \u201cfiaba\u201d\nche racconteremo ai nostri nipoti se arriveranno ad abitare questo mondo. I \u201c<em>rifiuti da coronavirus<\/em>\u201d, siamo stati in\ngrado noi eroi contro la pandemia di dare un nome anche a questo, andrebbero\nchiusi in un sacchetto e smaltiti nell\u2019indifferenziata in attesa comunque di\ncontenitori o cestini disposti apposta. E, come ha proposto l\u2019Iss, l\u2019Istituto\nsuperiore di Sanit\u00e0, sarebbe il caso di far partire una campagna di informazione\ne sensibilizzazione per imparare a smaltire questi strumenti che, a detta degli\nesperti, sono resistenti da durare almeno una decina d\u2019anni nell\u2019ambiente. \n\nSe si vuol salvare la pelle, arrivarci al futuro, il Wwf e l\u2019Iss\nricordano che abbandonati nei luoghi pubblici i dispositivi di protezione\nindividuale (che contengono spesso materiali filtranti complessi e non\nriciclabili) rappresentano un rischio di contaminazione. A questo, potremmo\naggiungere l\u2019uso magari eccessivo anche nelle nostre abitazioni, spinto da\nnevrosi da infezione (ecco un\u2019altra interessante parolina), di disinfettanti,\ndetersivi che finiscono nei corsi d\u2019acqua, raggiungendo il mare. In conclusione:\nancora una volta bisogna appellarsi al buon senso per salvare la nostra Terra,\nla nostra vita e quella degli altri, degli altri uomini certamente ma\ncategoricamente di tutti gli altri esseri viventi. \n\n\n\n<\/p>\n\n\n\n<p style=\"text-align:right\"><em>Silvia De Cristofaro<\/em><\/p>\n<div class=\"pdfprnt-buttons pdfprnt-buttons-post pdfprnt-bottom-left\"><a href=\"https:\/\/www.istitutogalanteoliva.it\/magazine\/wp-json\/wp\/v2\/posts\/2560?print=print\" class=\"pdfprnt-button pdfprnt-button-print\" target=\"_blank\"><img decoding=\"async\" src=\"https:\/\/www.istitutogalanteoliva.it\/magazine\/wp-content\/plugins\/pdf-print\/images\/print.png\" alt=\"image_print\" title=\"Stampa contenuto\" \/><span class=\"pdfprnt-button-title pdfprnt-button-print-title\">Download in PDF<\/span><\/a><\/div>","protected":false},"excerpt":{"rendered":"<p>L\u2019avvertimento o monito o consiglio, si scelga personalmente il termine in base alla \u201cconfidenza\u201d che<\/p>\n","protected":false},"author":1,"featured_media":2561,"comment_status":"open","ping_status":"open","sticky":false,"template":"","format":"standard","meta":{"footnotes":""},"categories":[34,6,37],"tags":[38,41],"class_list":["post-2560","post","type-post","status-publish","format-standard","has-post-thumbnail","hentry","category-34","category-ambiente","category-coronavirus","tag-coronavirus","tag-covid-19"],"yoast_head":"<!-- This site is optimized with the Yoast SEO plugin v24.2 - https:\/\/yoast.com\/wordpress\/plugins\/seo\/ -->\n<title>Coronavirus. Il problema dello smaltimento dei DPI nella fase 2. - Polis SA Magazine<\/title>\n<meta name=\"robots\" content=\"index, follow, max-snippet:-1, max-image-preview:large, max-video-preview:-1\" \/>\n<link rel=\"canonical\" href=\"https:\/\/www.istitutogalanteoliva.it\/magazine\/2020\/05\/18\/coronavirus-il-problema-dello-smaltimento-dei-dpi-nella-fase-2\/\" \/>\n<meta property=\"og:locale\" content=\"it_IT\" \/>\n<meta property=\"og:type\" content=\"article\" \/>\n<meta property=\"og:title\" content=\"Coronavirus. Il problema dello smaltimento dei DPI nella fase 2. - Polis SA Magazine\" \/>\n<meta property=\"og:description\" content=\"L\u2019avvertimento o monito o consiglio, si scelga personalmente il termine in base alla \u201cconfidenza\u201d che\" \/>\n<meta property=\"og:url\" content=\"https:\/\/www.istitutogalanteoliva.it\/magazine\/2020\/05\/18\/coronavirus-il-problema-dello-smaltimento-dei-dpi-nella-fase-2\/\" \/>\n<meta property=\"og:site_name\" content=\"Polis SA Magazine\" \/>\n<meta property=\"article:publisher\" content=\"https:\/\/www.facebook.com\/PolisSAMagazine\/\" \/>\n<meta property=\"article:published_time\" content=\"2020-05-18T10:00:32+00:00\" \/>\n<meta property=\"article:modified_time\" content=\"2020-05-19T06:47:01+00:00\" \/>\n<meta property=\"og:image\" content=\"https:\/\/www.istitutogalanteoliva.it\/magazine\/wp-content\/uploads\/2020\/05\/copertina-7.jpg\" \/>\n\t<meta property=\"og:image:width\" content=\"1240\" \/>\n\t<meta property=\"og:image:height\" content=\"760\" \/>\n\t<meta property=\"og:image:type\" content=\"image\/jpeg\" \/>\n<meta name=\"author\" content=\"admin\" \/>\n<meta name=\"twitter:card\" content=\"summary_large_image\" \/>\n<meta name=\"twitter:creator\" content=\"@MagazinePolis\" \/>\n<meta name=\"twitter:site\" content=\"@MagazinePolis\" \/>\n<meta name=\"twitter:label1\" content=\"Scritto da\" \/>\n\t<meta name=\"twitter:data1\" content=\"admin\" \/>\n\t<meta name=\"twitter:label2\" content=\"Tempo di lettura stimato\" \/>\n\t<meta name=\"twitter:data2\" content=\"3 minuti\" \/>\n<script type=\"application\/ld+json\" class=\"yoast-schema-graph\">{\"@context\":\"https:\/\/schema.org\",\"@graph\":[{\"@type\":\"Article\",\"@id\":\"https:\/\/www.istitutogalanteoliva.it\/magazine\/2020\/05\/18\/coronavirus-il-problema-dello-smaltimento-dei-dpi-nella-fase-2\/#article\",\"isPartOf\":{\"@id\":\"https:\/\/www.istitutogalanteoliva.it\/magazine\/2020\/05\/18\/coronavirus-il-problema-dello-smaltimento-dei-dpi-nella-fase-2\/\"},\"author\":{\"name\":\"admin\",\"@id\":\"https:\/\/www.istitutogalanteoliva.it\/magazine\/#\/schema\/person\/72e8141246542ebcf905456f5dbd4c49\"},\"headline\":\"Coronavirus. Il problema dello smaltimento dei DPI nella fase 2.\",\"datePublished\":\"2020-05-18T10:00:32+00:00\",\"dateModified\":\"2020-05-19T06:47:01+00:00\",\"mainEntityOfPage\":{\"@id\":\"https:\/\/www.istitutogalanteoliva.it\/magazine\/2020\/05\/18\/coronavirus-il-problema-dello-smaltimento-dei-dpi-nella-fase-2\/\"},\"wordCount\":598,\"commentCount\":0,\"publisher\":{\"@id\":\"https:\/\/www.istitutogalanteoliva.it\/magazine\/#organization\"},\"image\":{\"@id\":\"https:\/\/www.istitutogalanteoliva.it\/magazine\/2020\/05\/18\/coronavirus-il-problema-dello-smaltimento-dei-dpi-nella-fase-2\/#primaryimage\"},\"thumbnailUrl\":\"https:\/\/www.istitutogalanteoliva.it\/magazine\/wp-content\/uploads\/2020\/05\/copertina-7.jpg\",\"keywords\":[\"coronavirus\",\"covid-19\"],\"articleSection\":[\"2020\",\"Ambiente\",\"Coronavirus\"],\"inLanguage\":\"it-IT\",\"potentialAction\":[{\"@type\":\"CommentAction\",\"name\":\"Comment\",\"target\":[\"https:\/\/www.istitutogalanteoliva.it\/magazine\/2020\/05\/18\/coronavirus-il-problema-dello-smaltimento-dei-dpi-nella-fase-2\/#respond\"]}]},{\"@type\":\"WebPage\",\"@id\":\"https:\/\/www.istitutogalanteoliva.it\/magazine\/2020\/05\/18\/coronavirus-il-problema-dello-smaltimento-dei-dpi-nella-fase-2\/\",\"url\":\"https:\/\/www.istitutogalanteoliva.it\/magazine\/2020\/05\/18\/coronavirus-il-problema-dello-smaltimento-dei-dpi-nella-fase-2\/\",\"name\":\"Coronavirus. Il problema dello smaltimento dei DPI nella fase 2. - Polis SA Magazine\",\"isPartOf\":{\"@id\":\"https:\/\/www.istitutogalanteoliva.it\/magazine\/#website\"},\"primaryImageOfPage\":{\"@id\":\"https:\/\/www.istitutogalanteoliva.it\/magazine\/2020\/05\/18\/coronavirus-il-problema-dello-smaltimento-dei-dpi-nella-fase-2\/#primaryimage\"},\"image\":{\"@id\":\"https:\/\/www.istitutogalanteoliva.it\/magazine\/2020\/05\/18\/coronavirus-il-problema-dello-smaltimento-dei-dpi-nella-fase-2\/#primaryimage\"},\"thumbnailUrl\":\"https:\/\/www.istitutogalanteoliva.it\/magazine\/wp-content\/uploads\/2020\/05\/copertina-7.jpg\",\"datePublished\":\"2020-05-18T10:00:32+00:00\",\"dateModified\":\"2020-05-19T06:47:01+00:00\",\"breadcrumb\":{\"@id\":\"https:\/\/www.istitutogalanteoliva.it\/magazine\/2020\/05\/18\/coronavirus-il-problema-dello-smaltimento-dei-dpi-nella-fase-2\/#breadcrumb\"},\"inLanguage\":\"it-IT\",\"potentialAction\":[{\"@type\":\"ReadAction\",\"target\":[\"https:\/\/www.istitutogalanteoliva.it\/magazine\/2020\/05\/18\/coronavirus-il-problema-dello-smaltimento-dei-dpi-nella-fase-2\/\"]}]},{\"@type\":\"ImageObject\",\"inLanguage\":\"it-IT\",\"@id\":\"https:\/\/www.istitutogalanteoliva.it\/magazine\/2020\/05\/18\/coronavirus-il-problema-dello-smaltimento-dei-dpi-nella-fase-2\/#primaryimage\",\"url\":\"https:\/\/www.istitutogalanteoliva.it\/magazine\/wp-content\/uploads\/2020\/05\/copertina-7.jpg\",\"contentUrl\":\"https:\/\/www.istitutogalanteoliva.it\/magazine\/wp-content\/uploads\/2020\/05\/copertina-7.jpg\",\"width\":1240,\"height\":760,\"caption\":\"copertina\"},{\"@type\":\"BreadcrumbList\",\"@id\":\"https:\/\/www.istitutogalanteoliva.it\/magazine\/2020\/05\/18\/coronavirus-il-problema-dello-smaltimento-dei-dpi-nella-fase-2\/#breadcrumb\",\"itemListElement\":[{\"@type\":\"ListItem\",\"position\":1,\"name\":\"Home\",\"item\":\"https:\/\/www.istitutogalanteoliva.it\/magazine\/\"},{\"@type\":\"ListItem\",\"position\":2,\"name\":\"Coronavirus. Il problema dello smaltimento dei DPI nella fase 2.\"}]},{\"@type\":\"WebSite\",\"@id\":\"https:\/\/www.istitutogalanteoliva.it\/magazine\/#website\",\"url\":\"https:\/\/www.istitutogalanteoliva.it\/magazine\/\",\"name\":\"POLIS SA MAGAZINE\",\"description\":\"Informazione e approfondimenti\",\"publisher\":{\"@id\":\"https:\/\/www.istitutogalanteoliva.it\/magazine\/#organization\"},\"potentialAction\":[{\"@type\":\"SearchAction\",\"target\":{\"@type\":\"EntryPoint\",\"urlTemplate\":\"https:\/\/www.istitutogalanteoliva.it\/magazine\/?s={search_term_string}\"},\"query-input\":{\"@type\":\"PropertyValueSpecification\",\"valueRequired\":true,\"valueName\":\"search_term_string\"}}],\"inLanguage\":\"it-IT\"},{\"@type\":\"Organization\",\"@id\":\"https:\/\/www.istitutogalanteoliva.it\/magazine\/#organization\",\"name\":\"Polis SA Magazine\",\"url\":\"https:\/\/www.istitutogalanteoliva.it\/magazine\/\",\"logo\":{\"@type\":\"ImageObject\",\"inLanguage\":\"it-IT\",\"@id\":\"https:\/\/www.istitutogalanteoliva.it\/magazine\/#\/schema\/logo\/image\/\",\"url\":\"\",\"contentUrl\":\"\",\"caption\":\"Polis SA Magazine\"},\"image\":{\"@id\":\"https:\/\/www.istitutogalanteoliva.it\/magazine\/#\/schema\/logo\/image\/\"},\"sameAs\":[\"https:\/\/www.facebook.com\/PolisSAMagazine\/\",\"https:\/\/x.com\/MagazinePolis\",\"https:\/\/www.youtube.com\/channel\/UCv0Mr5AHKUmsc0sEEXkJrgw\"]},{\"@type\":\"Person\",\"@id\":\"https:\/\/www.istitutogalanteoliva.it\/magazine\/#\/schema\/person\/72e8141246542ebcf905456f5dbd4c49\",\"name\":\"admin\",\"image\":{\"@type\":\"ImageObject\",\"inLanguage\":\"it-IT\",\"@id\":\"https:\/\/www.istitutogalanteoliva.it\/magazine\/#\/schema\/person\/image\/\",\"url\":\"https:\/\/secure.gravatar.com\/avatar\/07059cc99eeb1edd29e138d1812e69ec?s=96&d=mm&r=g\",\"contentUrl\":\"https:\/\/secure.gravatar.com\/avatar\/07059cc99eeb1edd29e138d1812e69ec?s=96&d=mm&r=g\",\"caption\":\"admin\"},\"url\":\"https:\/\/www.istitutogalanteoliva.it\/magazine\/author\/admin\/\"}]}<\/script>\n<!-- \/ Yoast SEO plugin. -->","yoast_head_json":{"title":"Coronavirus. Il problema dello smaltimento dei DPI nella fase 2. - Polis SA Magazine","robots":{"index":"index","follow":"follow","max-snippet":"max-snippet:-1","max-image-preview":"max-image-preview:large","max-video-preview":"max-video-preview:-1"},"canonical":"https:\/\/www.istitutogalanteoliva.it\/magazine\/2020\/05\/18\/coronavirus-il-problema-dello-smaltimento-dei-dpi-nella-fase-2\/","og_locale":"it_IT","og_type":"article","og_title":"Coronavirus. Il problema dello smaltimento dei DPI nella fase 2. - Polis SA Magazine","og_description":"L\u2019avvertimento o monito o consiglio, si scelga personalmente il termine in base alla \u201cconfidenza\u201d che","og_url":"https:\/\/www.istitutogalanteoliva.it\/magazine\/2020\/05\/18\/coronavirus-il-problema-dello-smaltimento-dei-dpi-nella-fase-2\/","og_site_name":"Polis SA Magazine","article_publisher":"https:\/\/www.facebook.com\/PolisSAMagazine\/","article_published_time":"2020-05-18T10:00:32+00:00","article_modified_time":"2020-05-19T06:47:01+00:00","og_image":[{"width":1240,"height":760,"url":"https:\/\/www.istitutogalanteoliva.it\/magazine\/wp-content\/uploads\/2020\/05\/copertina-7.jpg","type":"image\/jpeg"}],"author":"admin","twitter_card":"summary_large_image","twitter_creator":"@MagazinePolis","twitter_site":"@MagazinePolis","twitter_misc":{"Scritto da":"admin","Tempo di lettura stimato":"3 minuti"},"schema":{"@context":"https:\/\/schema.org","@graph":[{"@type":"Article","@id":"https:\/\/www.istitutogalanteoliva.it\/magazine\/2020\/05\/18\/coronavirus-il-problema-dello-smaltimento-dei-dpi-nella-fase-2\/#article","isPartOf":{"@id":"https:\/\/www.istitutogalanteoliva.it\/magazine\/2020\/05\/18\/coronavirus-il-problema-dello-smaltimento-dei-dpi-nella-fase-2\/"},"author":{"name":"admin","@id":"https:\/\/www.istitutogalanteoliva.it\/magazine\/#\/schema\/person\/72e8141246542ebcf905456f5dbd4c49"},"headline":"Coronavirus. Il problema dello smaltimento dei DPI nella fase 2.","datePublished":"2020-05-18T10:00:32+00:00","dateModified":"2020-05-19T06:47:01+00:00","mainEntityOfPage":{"@id":"https:\/\/www.istitutogalanteoliva.it\/magazine\/2020\/05\/18\/coronavirus-il-problema-dello-smaltimento-dei-dpi-nella-fase-2\/"},"wordCount":598,"commentCount":0,"publisher":{"@id":"https:\/\/www.istitutogalanteoliva.it\/magazine\/#organization"},"image":{"@id":"https:\/\/www.istitutogalanteoliva.it\/magazine\/2020\/05\/18\/coronavirus-il-problema-dello-smaltimento-dei-dpi-nella-fase-2\/#primaryimage"},"thumbnailUrl":"https:\/\/www.istitutogalanteoliva.it\/magazine\/wp-content\/uploads\/2020\/05\/copertina-7.jpg","keywords":["coronavirus","covid-19"],"articleSection":["2020","Ambiente","Coronavirus"],"inLanguage":"it-IT","potentialAction":[{"@type":"CommentAction","name":"Comment","target":["https:\/\/www.istitutogalanteoliva.it\/magazine\/2020\/05\/18\/coronavirus-il-problema-dello-smaltimento-dei-dpi-nella-fase-2\/#respond"]}]},{"@type":"WebPage","@id":"https:\/\/www.istitutogalanteoliva.it\/magazine\/2020\/05\/18\/coronavirus-il-problema-dello-smaltimento-dei-dpi-nella-fase-2\/","url":"https:\/\/www.istitutogalanteoliva.it\/magazine\/2020\/05\/18\/coronavirus-il-problema-dello-smaltimento-dei-dpi-nella-fase-2\/","name":"Coronavirus. Il problema dello smaltimento dei DPI nella fase 2. - Polis SA Magazine","isPartOf":{"@id":"https:\/\/www.istitutogalanteoliva.it\/magazine\/#website"},"primaryImageOfPage":{"@id":"https:\/\/www.istitutogalanteoliva.it\/magazine\/2020\/05\/18\/coronavirus-il-problema-dello-smaltimento-dei-dpi-nella-fase-2\/#primaryimage"},"image":{"@id":"https:\/\/www.istitutogalanteoliva.it\/magazine\/2020\/05\/18\/coronavirus-il-problema-dello-smaltimento-dei-dpi-nella-fase-2\/#primaryimage"},"thumbnailUrl":"https:\/\/www.istitutogalanteoliva.it\/magazine\/wp-content\/uploads\/2020\/05\/copertina-7.jpg","datePublished":"2020-05-18T10:00:32+00:00","dateModified":"2020-05-19T06:47:01+00:00","breadcrumb":{"@id":"https:\/\/www.istitutogalanteoliva.it\/magazine\/2020\/05\/18\/coronavirus-il-problema-dello-smaltimento-dei-dpi-nella-fase-2\/#breadcrumb"},"inLanguage":"it-IT","potentialAction":[{"@type":"ReadAction","target":["https:\/\/www.istitutogalanteoliva.it\/magazine\/2020\/05\/18\/coronavirus-il-problema-dello-smaltimento-dei-dpi-nella-fase-2\/"]}]},{"@type":"ImageObject","inLanguage":"it-IT","@id":"https:\/\/www.istitutogalanteoliva.it\/magazine\/2020\/05\/18\/coronavirus-il-problema-dello-smaltimento-dei-dpi-nella-fase-2\/#primaryimage","url":"https:\/\/www.istitutogalanteoliva.it\/magazine\/wp-content\/uploads\/2020\/05\/copertina-7.jpg","contentUrl":"https:\/\/www.istitutogalanteoliva.it\/magazine\/wp-content\/uploads\/2020\/05\/copertina-7.jpg","width":1240,"height":760,"caption":"copertina"},{"@type":"BreadcrumbList","@id":"https:\/\/www.istitutogalanteoliva.it\/magazine\/2020\/05\/18\/coronavirus-il-problema-dello-smaltimento-dei-dpi-nella-fase-2\/#breadcrumb","itemListElement":[{"@type":"ListItem","position":1,"name":"Home","item":"https:\/\/www.istitutogalanteoliva.it\/magazine\/"},{"@type":"ListItem","position":2,"name":"Coronavirus. Il problema dello smaltimento dei DPI nella fase 2."}]},{"@type":"WebSite","@id":"https:\/\/www.istitutogalanteoliva.it\/magazine\/#website","url":"https:\/\/www.istitutogalanteoliva.it\/magazine\/","name":"POLIS SA MAGAZINE","description":"Informazione e approfondimenti","publisher":{"@id":"https:\/\/www.istitutogalanteoliva.it\/magazine\/#organization"},"potentialAction":[{"@type":"SearchAction","target":{"@type":"EntryPoint","urlTemplate":"https:\/\/www.istitutogalanteoliva.it\/magazine\/?s={search_term_string}"},"query-input":{"@type":"PropertyValueSpecification","valueRequired":true,"valueName":"search_term_string"}}],"inLanguage":"it-IT"},{"@type":"Organization","@id":"https:\/\/www.istitutogalanteoliva.it\/magazine\/#organization","name":"Polis SA Magazine","url":"https:\/\/www.istitutogalanteoliva.it\/magazine\/","logo":{"@type":"ImageObject","inLanguage":"it-IT","@id":"https:\/\/www.istitutogalanteoliva.it\/magazine\/#\/schema\/logo\/image\/","url":"","contentUrl":"","caption":"Polis SA Magazine"},"image":{"@id":"https:\/\/www.istitutogalanteoliva.it\/magazine\/#\/schema\/logo\/image\/"},"sameAs":["https:\/\/www.facebook.com\/PolisSAMagazine\/","https:\/\/x.com\/MagazinePolis","https:\/\/www.youtube.com\/channel\/UCv0Mr5AHKUmsc0sEEXkJrgw"]},{"@type":"Person","@id":"https:\/\/www.istitutogalanteoliva.it\/magazine\/#\/schema\/person\/72e8141246542ebcf905456f5dbd4c49","name":"admin","image":{"@type":"ImageObject","inLanguage":"it-IT","@id":"https:\/\/www.istitutogalanteoliva.it\/magazine\/#\/schema\/person\/image\/","url":"https:\/\/secure.gravatar.com\/avatar\/07059cc99eeb1edd29e138d1812e69ec?s=96&d=mm&r=g","contentUrl":"https:\/\/secure.gravatar.com\/avatar\/07059cc99eeb1edd29e138d1812e69ec?s=96&d=mm&r=g","caption":"admin"},"url":"https:\/\/www.istitutogalanteoliva.it\/magazine\/author\/admin\/"}]}},"_links":{"self":[{"href":"https:\/\/www.istitutogalanteoliva.it\/magazine\/wp-json\/wp\/v2\/posts\/2560","targetHints":{"allow":["GET"]}}],"collection":[{"href":"https:\/\/www.istitutogalanteoliva.it\/magazine\/wp-json\/wp\/v2\/posts"}],"about":[{"href":"https:\/\/www.istitutogalanteoliva.it\/magazine\/wp-json\/wp\/v2\/types\/post"}],"author":[{"embeddable":true,"href":"https:\/\/www.istitutogalanteoliva.it\/magazine\/wp-json\/wp\/v2\/users\/1"}],"replies":[{"embeddable":true,"href":"https:\/\/www.istitutogalanteoliva.it\/magazine\/wp-json\/wp\/v2\/comments?post=2560"}],"version-history":[{"count":3,"href":"https:\/\/www.istitutogalanteoliva.it\/magazine\/wp-json\/wp\/v2\/posts\/2560\/revisions"}],"predecessor-version":[{"id":2577,"href":"https:\/\/www.istitutogalanteoliva.it\/magazine\/wp-json\/wp\/v2\/posts\/2560\/revisions\/2577"}],"wp:featuredmedia":[{"embeddable":true,"href":"https:\/\/www.istitutogalanteoliva.it\/magazine\/wp-json\/wp\/v2\/media\/2561"}],"wp:attachment":[{"href":"https:\/\/www.istitutogalanteoliva.it\/magazine\/wp-json\/wp\/v2\/media?parent=2560"}],"wp:term":[{"taxonomy":"category","embeddable":true,"href":"https:\/\/www.istitutogalanteoliva.it\/magazine\/wp-json\/wp\/v2\/categories?post=2560"},{"taxonomy":"post_tag","embeddable":true,"href":"https:\/\/www.istitutogalanteoliva.it\/magazine\/wp-json\/wp\/v2\/tags?post=2560"}],"curies":[{"name":"wp","href":"https:\/\/api.w.org\/{rel}","templated":true}]}}