{"id":2590,"date":"2020-05-21T12:00:28","date_gmt":"2020-05-21T10:00:28","guid":{"rendered":"http:\/\/www.edizionipolis.it\/magazine\/?p=2590"},"modified":"2021-02-21T18:20:46","modified_gmt":"2021-02-21T17:20:46","slug":"giorgio-adamo-unanima-rock-da-palcoscenico-teatrale","status":"publish","type":"post","link":"https:\/\/www.istitutogalanteoliva.it\/magazine\/2020\/05\/21\/giorgio-adamo-unanima-rock-da-palcoscenico-teatrale\/","title":{"rendered":"Giorgio Adamo. Un\u2019anima rock da palcoscenico teatrale"},"content":{"rendered":"\n<p><strong>Giorgio Adamo<\/strong> \u00e8 un\u2019artista\noriginario di <strong>Mercato\nSan Severino<\/strong> in Provincia di <strong>Salerno<\/strong>\ndi grande talento e profonda sensibilit\u00e0. Nato come\nmusicista di rock underground, \u00e8 approdato poi sul palcoscenico dei\nteatri di mezzo mondo quale interprete ed anche \u2013 in molti casi protagonista &#8211;\nin maestosi musical internazionali. <\/p>\n\n\n\n<p>Nel <strong>2007<\/strong> \u00e8 <strong>Telemaco<\/strong> in \u201c<strong>Odissea The Musical<\/strong>\u201d, nel <strong>2009<\/strong> \u00e8 <strong>Pier delle Vigne<\/strong> ne \u201c<strong>La Divina Commedia<\/strong>\u201d; nel <strong>2012 <\/strong>\u00e8<strong>Romeo<\/strong> in \u201c<strong>Giulietta e Romeo Live 3D<\/strong>\u201d, nel <strong>2013<\/strong> \u00e8 il principe <strong>Siddharta<\/strong> in \u201c<strong>Siddharta musical<\/strong>\u201d. Ed ancora \u00e8 <strong>Giuda,<\/strong> ma ha anche il ruolo di <strong>Simon Zelotes<\/strong>, nel super musical \u201c<strong>Jesus Christ Superstar<\/strong>\u201d di <strong>Massimo Romeo Piparo<\/strong>, accanto a <strong>Ted Neeley<\/strong>. Ha anche lavorato in \u201c<strong>Divo Nerone<\/strong>\u201d ed in \u201c<strong>Lady Oscar<\/strong>\u201d.<\/p>\n\n\n\n<div class=\"wp-block-image\"><figure class=\"alignleft is-resized\"><img loading=\"lazy\" decoding=\"async\" src=\"http:\/\/www.edizionipolis.it\/magazine\/wp-content\/uploads\/2020\/05\/1-11-200x300.jpg\" alt=\"Odissea The Musical\" class=\"wp-image-2591\" width=\"311\" height=\"466\" srcset=\"https:\/\/www.istitutogalanteoliva.it\/magazine\/wp-content\/uploads\/2020\/05\/1-11-200x300.jpg 200w, https:\/\/www.istitutogalanteoliva.it\/magazine\/wp-content\/uploads\/2020\/05\/1-11.jpg 667w\" sizes=\"auto, (max-width: 311px) 100vw, 311px\" \/><\/figure><\/div>\n\n\n\n<p><strong>Giorgio, sei un\u2019anima rock, poliedrica ed eclettica, nonch\u00e9 complessa e\nricca di sfaccettature! Dall\u2019esperienza in un gruppo locale rock \u201cStamina\u201d sei\napprodato alla maestosit\u00e0 dei musical calcando i palcoscenici teatrali di Italia\ne del mondo? <\/strong><\/p>\n\n\n\n<p><em>S\u00ec, dopo le bellissime esperienze con Stamina e Mind Key \u00e8 stata per me una\nsvolta importante quella del \u201cteatro musicale\u201d. Oramai, sono tanti anni che ho\nla possibilit\u00e0 di cimentarmi in ruoli meravigliosi e dopo ogni tour, che porto\na termine, mi sento un po&#8217; pi\u00f9 ricco; la mia pelle si inspessisce ogni volta\ngrazie all&#8217;anima dei personaggi interpretati. Ci si affeziona alle cose belle e\nla maggior parte delle avventure affrontate rivivono sempre in me e nei miei\nricordi.<\/em><\/p>\n\n\n\n<p><strong>Le tue canzoni e le tue interpretazioni denotano infinit\u00e0 passione e\nprofonda sensibilit\u00e0! Ma qual \u00e8 la tua personalit\u00e0, la realt\u00e0 del tuo mondo al\nquale sei ancorato?<\/strong><\/p>\n\n\n\n<p><em>Ci si trasforma un po\u2019 con il tempo e con le esperienze. Nel mio lavoro ho\naffrontato molte realt\u00e0 differenti che mi hanno aperto a tante contaminazioni.\nQuando scrivo le mie canzoni, per esempio, non seguo una linea stilistica\nspecifica e ne nascono idee dal sapore molto diverso tra loro. Mi piace tanto\ncurare i testi che per me restano la cosa pi\u00f9 importante. Quando sono sul palco,\nper\u00f2, \u00e8 davvero inevitabile che la mia anima rock esca fuori in un modo o\nnell&#8217;altro<\/em>!<\/p>\n\n\n\n<p><strong>Le tue interpretazioni nel musical \u201cJesus Christ Superstar\u201d di Massimo\nRomeo Piparo hanno riscosso notevole successo. Quale opera che hai interpretato\n\u00e8 pi\u00f9 confacente alla tua personalit\u00e0? <\/strong><\/p>\n\n\n\n<p><em>Sono reduce dalla tourn\u00e9e olandese di \u201cWe Will Rock You\u201d dei Queen, sempre\ncon la Peeparrow Entertainment. Ho avuto la responsabilit\u00e0 di ricoprire il\nruolo del protagonista Galileo accanto alla star internazionale ANASTACIA; devo\ndire che \u00e8 stata molto dura, ma altrettanto soddisfacente perch\u00e9 interpretando\nquei capolavori, ho avuto modo di dare libero sfogo alla mia vena rock.<\/em><\/p>\n\n\n\n<p><em>Nel tour europeo di Jesus Christ Superstar, per\u00f2, ho potuto interpretare il\nmio ruolo preferito da sempre, Judas, accanto al grande Ted Neeley, lo storico\nJesus della pellicola. Non ho parole per descrivere un\u2019emozione cos\u00ec grande ed\n\u00e8 davvero difficile superare quello che \u00e8 stato per me l\u2019apice dal punto di\nvista <\/em>artistico e affettivo. <em>Resta comunque una bella battaglia tra questi due\nruoli cos\u00ec diversi tra loro!<\/em><\/p>\n\n\n\n<p><strong>Ultimamente ti stai sperimentando come cantautore e solista. Che cosa hai\nvoluto esprimere con \u201cLa Bomba\u201d dedicata all\u2019attentato al Bataclan di novembre 2015?<\/strong><\/p>\n\n\n\n<p><em>&#8220;La Bomba&#8221; \u00e8 un brano a cui sono molto legato. Al momento sto\ncontinuando a scrivere. Sto fremendo per entrare in uno studio e cominciare a\nlavorare al mio album&#8230; Non vedo l&#8217;ora!!<\/em><\/p>\n\n\n\n<p><strong>In tempi di Coronavirus \u2013 cos\u00ec come altri artisti &#8211; ho visto che sui\nsocial ti sei dilettato in \u201cPillole di Rock &#8216;n Roll\u201d ed in altre performance\nmusicali! <\/strong><\/p>\n\n\n\n<p><em>Durante questo periodo ho cercato di essere il pi\u00f9 attivo possibile dal\npunto di vista creativo. Avevo ore e ore a disposizione, e dopo mesi concitati\npassati in tour, avere del tempo per me \u00e8 stato positivo, nonostante la\nsituazione critica in cui ci siamo trovati. Cos\u00ec mi sono dedicato a riordinare\nle idee per il mio progetto da solista, ho messo insieme una breve raccolta di\nmiei racconti che spero di pubblicare al pi\u00f9 presto, ho curato l&#8217;orto e\ntalvolta mi sono dilettato con piacere in qualche breve performance per il web.\nMi reputo molto fortunato perch\u00e9 ho potuto trascorrere questa quarantena con i\nmiei cari e circondato dalla natura. Sono grato a tutto questo!<\/em><\/p>\n\n\n\n<p><strong>La pandemia del coronavirus e le misure di contenimento dell\u2019emergenza\nsanitaria come hanno inciso sulla tua vita lavorativa, ma soprattutto su quella\nsociale?<\/strong><\/p>\n\n\n\n<p><em>Hanno stravolto la vita di tutti. Noi lavoratori dello spettacolo siamo\ntotalmente paralizzati nonostante le ripartenze. Sono andati in fumo grandi\ntour teatrali, concerti, eventi, tutto! Quindi, per noi sar\u00e0 davvero dura\naffrontare questa situazione, perch\u00e9 a differenza di altri settori, abbiamo\ndelle incognite ancora pi\u00f9 grandi sulla ripresa. Non mi perdo ad aprire\nparentesi perch\u00e9 ci vorrebbe un romanzo per entrare nel merito di una situazione\ndelicata che tocca un settore in grande crisi e con poche tutele. Ho passato\ngran parte della mia vita sul palcoscenico e desidero tornarci presto. Resto\nfiducioso, produttivo, con tanta voglia e tante idee. &nbsp;Attendo solo il momento per scendere in campo!<\/em><\/p>\n\n\n\n<p class=\"has-text-align-right\"><strong>Nicoletta Lamberti<\/strong><\/p>\n\n\n\n<p><a href=\"https:\/\/www.istitutogalanteoliva.it\/magazine\/2021\/02\/21\/giorgio-adamo-un-banco-di-pesci\/\"><strong>Articoli correlati<\/strong>:  Giorgio Amato. Un banco di pesci<\/a><\/p>\n<div class=\"pdfprnt-buttons pdfprnt-buttons-post pdfprnt-bottom-left\"><a href=\"https:\/\/www.istitutogalanteoliva.it\/magazine\/wp-json\/wp\/v2\/posts\/2590?print=print\" class=\"pdfprnt-button pdfprnt-button-print\" target=\"_blank\"><img decoding=\"async\" src=\"https:\/\/www.istitutogalanteoliva.it\/magazine\/wp-content\/plugins\/pdf-print\/images\/print.png\" alt=\"image_print\" title=\"Stampa contenuto\" \/><span class=\"pdfprnt-button-title pdfprnt-button-print-title\">Download in PDF<\/span><\/a><\/div>","protected":false},"excerpt":{"rendered":"<p>Giorgio Adamo \u00e8 un\u2019artista originario di Mercato San Severino in Provincia di Salerno di grande<\/p>\n","protected":false},"author":1,"featured_media":2592,"comment_status":"open","ping_status":"open","sticky":false,"template":"","format":"standard","meta":{"footnotes":""},"categories":[34,7,21],"tags":[191],"class_list":["post-2590","post","type-post","status-publish","format-standard","has-post-thumbnail","hentry","category-34","category-arte_e_spettacolo","category-personaggi","tag-giorgio-amato"],"yoast_head":"<!-- This site is optimized with the Yoast SEO plugin v24.2 - https:\/\/yoast.com\/wordpress\/plugins\/seo\/ -->\n<title>Giorgio Adamo. Un\u2019anima rock da palcoscenico teatrale - Polis SA Magazine<\/title>\n<meta name=\"description\" content=\"Giorgio Adamo \u00e8 un\u2019artista originario di Mercato San Severino in Provincia di Salerno di grande talento e profonda sensibilit\u00e0\" \/>\n<meta name=\"robots\" content=\"index, follow, max-snippet:-1, max-image-preview:large, max-video-preview:-1\" \/>\n<link rel=\"canonical\" href=\"https:\/\/www.istitutogalanteoliva.it\/magazine\/2020\/05\/21\/giorgio-adamo-unanima-rock-da-palcoscenico-teatrale\/\" \/>\n<meta property=\"og:locale\" content=\"it_IT\" \/>\n<meta property=\"og:type\" content=\"article\" \/>\n<meta property=\"og:title\" content=\"Giorgio Adamo. Un\u2019anima rock da palcoscenico teatrale - Polis SA Magazine\" \/>\n<meta property=\"og:description\" content=\"Giorgio Adamo \u00e8 un\u2019artista originario di Mercato San Severino in Provincia di Salerno di grande talento e profonda sensibilit\u00e0\" \/>\n<meta property=\"og:url\" content=\"https:\/\/www.istitutogalanteoliva.it\/magazine\/2020\/05\/21\/giorgio-adamo-unanima-rock-da-palcoscenico-teatrale\/\" \/>\n<meta property=\"og:site_name\" content=\"Polis SA Magazine\" \/>\n<meta property=\"article:publisher\" content=\"https:\/\/www.facebook.com\/PolisSAMagazine\/\" \/>\n<meta property=\"article:published_time\" content=\"2020-05-21T10:00:28+00:00\" \/>\n<meta property=\"article:modified_time\" content=\"2021-02-21T17:20:46+00:00\" \/>\n<meta property=\"og:image\" content=\"https:\/\/www.istitutogalanteoliva.it\/magazine\/wp-content\/uploads\/2020\/05\/Giorgio-Adamo.jpg\" \/>\n\t<meta property=\"og:image:width\" content=\"640\" \/>\n\t<meta property=\"og:image:height\" content=\"380\" \/>\n\t<meta property=\"og:image:type\" content=\"image\/jpeg\" \/>\n<meta name=\"author\" content=\"admin\" \/>\n<meta name=\"twitter:card\" content=\"summary_large_image\" \/>\n<meta name=\"twitter:creator\" content=\"@MagazinePolis\" \/>\n<meta name=\"twitter:site\" content=\"@MagazinePolis\" \/>\n<meta name=\"twitter:label1\" content=\"Scritto da\" \/>\n\t<meta name=\"twitter:data1\" content=\"admin\" \/>\n\t<meta name=\"twitter:label2\" content=\"Tempo di lettura stimato\" \/>\n\t<meta name=\"twitter:data2\" content=\"4 minuti\" \/>\n<script type=\"application\/ld+json\" class=\"yoast-schema-graph\">{\"@context\":\"https:\/\/schema.org\",\"@graph\":[{\"@type\":\"Article\",\"@id\":\"https:\/\/www.istitutogalanteoliva.it\/magazine\/2020\/05\/21\/giorgio-adamo-unanima-rock-da-palcoscenico-teatrale\/#article\",\"isPartOf\":{\"@id\":\"https:\/\/www.istitutogalanteoliva.it\/magazine\/2020\/05\/21\/giorgio-adamo-unanima-rock-da-palcoscenico-teatrale\/\"},\"author\":{\"name\":\"admin\",\"@id\":\"https:\/\/www.istitutogalanteoliva.it\/magazine\/#\/schema\/person\/72e8141246542ebcf905456f5dbd4c49\"},\"headline\":\"Giorgio Adamo. Un\u2019anima rock da palcoscenico teatrale\",\"datePublished\":\"2020-05-21T10:00:28+00:00\",\"dateModified\":\"2021-02-21T17:20:46+00:00\",\"mainEntityOfPage\":{\"@id\":\"https:\/\/www.istitutogalanteoliva.it\/magazine\/2020\/05\/21\/giorgio-adamo-unanima-rock-da-palcoscenico-teatrale\/\"},\"wordCount\":840,\"commentCount\":0,\"publisher\":{\"@id\":\"https:\/\/www.istitutogalanteoliva.it\/magazine\/#organization\"},\"image\":{\"@id\":\"https:\/\/www.istitutogalanteoliva.it\/magazine\/2020\/05\/21\/giorgio-adamo-unanima-rock-da-palcoscenico-teatrale\/#primaryimage\"},\"thumbnailUrl\":\"https:\/\/www.istitutogalanteoliva.it\/magazine\/wp-content\/uploads\/2020\/05\/Giorgio-Adamo.jpg\",\"keywords\":[\"Giorgio Amato\"],\"articleSection\":[\"2020\",\"Arte e Spettacolo\",\"Personaggi\"],\"inLanguage\":\"it-IT\",\"potentialAction\":[{\"@type\":\"CommentAction\",\"name\":\"Comment\",\"target\":[\"https:\/\/www.istitutogalanteoliva.it\/magazine\/2020\/05\/21\/giorgio-adamo-unanima-rock-da-palcoscenico-teatrale\/#respond\"]}]},{\"@type\":\"WebPage\",\"@id\":\"https:\/\/www.istitutogalanteoliva.it\/magazine\/2020\/05\/21\/giorgio-adamo-unanima-rock-da-palcoscenico-teatrale\/\",\"url\":\"https:\/\/www.istitutogalanteoliva.it\/magazine\/2020\/05\/21\/giorgio-adamo-unanima-rock-da-palcoscenico-teatrale\/\",\"name\":\"Giorgio Adamo. Un\u2019anima rock da palcoscenico teatrale - Polis SA Magazine\",\"isPartOf\":{\"@id\":\"https:\/\/www.istitutogalanteoliva.it\/magazine\/#website\"},\"primaryImageOfPage\":{\"@id\":\"https:\/\/www.istitutogalanteoliva.it\/magazine\/2020\/05\/21\/giorgio-adamo-unanima-rock-da-palcoscenico-teatrale\/#primaryimage\"},\"image\":{\"@id\":\"https:\/\/www.istitutogalanteoliva.it\/magazine\/2020\/05\/21\/giorgio-adamo-unanima-rock-da-palcoscenico-teatrale\/#primaryimage\"},\"thumbnailUrl\":\"https:\/\/www.istitutogalanteoliva.it\/magazine\/wp-content\/uploads\/2020\/05\/Giorgio-Adamo.jpg\",\"datePublished\":\"2020-05-21T10:00:28+00:00\",\"dateModified\":\"2021-02-21T17:20:46+00:00\",\"description\":\"Giorgio Adamo \u00e8 un\u2019artista originario di Mercato San Severino in Provincia di Salerno di grande talento e profonda sensibilit\u00e0\",\"breadcrumb\":{\"@id\":\"https:\/\/www.istitutogalanteoliva.it\/magazine\/2020\/05\/21\/giorgio-adamo-unanima-rock-da-palcoscenico-teatrale\/#breadcrumb\"},\"inLanguage\":\"it-IT\",\"potentialAction\":[{\"@type\":\"ReadAction\",\"target\":[\"https:\/\/www.istitutogalanteoliva.it\/magazine\/2020\/05\/21\/giorgio-adamo-unanima-rock-da-palcoscenico-teatrale\/\"]}]},{\"@type\":\"ImageObject\",\"inLanguage\":\"it-IT\",\"@id\":\"https:\/\/www.istitutogalanteoliva.it\/magazine\/2020\/05\/21\/giorgio-adamo-unanima-rock-da-palcoscenico-teatrale\/#primaryimage\",\"url\":\"https:\/\/www.istitutogalanteoliva.it\/magazine\/wp-content\/uploads\/2020\/05\/Giorgio-Adamo.jpg\",\"contentUrl\":\"https:\/\/www.istitutogalanteoliva.it\/magazine\/wp-content\/uploads\/2020\/05\/Giorgio-Adamo.jpg\",\"width\":640,\"height\":380,\"caption\":\"Giorgio Adamo\"},{\"@type\":\"BreadcrumbList\",\"@id\":\"https:\/\/www.istitutogalanteoliva.it\/magazine\/2020\/05\/21\/giorgio-adamo-unanima-rock-da-palcoscenico-teatrale\/#breadcrumb\",\"itemListElement\":[{\"@type\":\"ListItem\",\"position\":1,\"name\":\"Home\",\"item\":\"https:\/\/www.istitutogalanteoliva.it\/magazine\/\"},{\"@type\":\"ListItem\",\"position\":2,\"name\":\"Giorgio Adamo. Un\u2019anima rock da palcoscenico teatrale\"}]},{\"@type\":\"WebSite\",\"@id\":\"https:\/\/www.istitutogalanteoliva.it\/magazine\/#website\",\"url\":\"https:\/\/www.istitutogalanteoliva.it\/magazine\/\",\"name\":\"POLIS SA MAGAZINE\",\"description\":\"Informazione e approfondimenti\",\"publisher\":{\"@id\":\"https:\/\/www.istitutogalanteoliva.it\/magazine\/#organization\"},\"potentialAction\":[{\"@type\":\"SearchAction\",\"target\":{\"@type\":\"EntryPoint\",\"urlTemplate\":\"https:\/\/www.istitutogalanteoliva.it\/magazine\/?s={search_term_string}\"},\"query-input\":{\"@type\":\"PropertyValueSpecification\",\"valueRequired\":true,\"valueName\":\"search_term_string\"}}],\"inLanguage\":\"it-IT\"},{\"@type\":\"Organization\",\"@id\":\"https:\/\/www.istitutogalanteoliva.it\/magazine\/#organization\",\"name\":\"Polis SA Magazine\",\"url\":\"https:\/\/www.istitutogalanteoliva.it\/magazine\/\",\"logo\":{\"@type\":\"ImageObject\",\"inLanguage\":\"it-IT\",\"@id\":\"https:\/\/www.istitutogalanteoliva.it\/magazine\/#\/schema\/logo\/image\/\",\"url\":\"\",\"contentUrl\":\"\",\"caption\":\"Polis SA Magazine\"},\"image\":{\"@id\":\"https:\/\/www.istitutogalanteoliva.it\/magazine\/#\/schema\/logo\/image\/\"},\"sameAs\":[\"https:\/\/www.facebook.com\/PolisSAMagazine\/\",\"https:\/\/x.com\/MagazinePolis\",\"https:\/\/www.youtube.com\/channel\/UCv0Mr5AHKUmsc0sEEXkJrgw\"]},{\"@type\":\"Person\",\"@id\":\"https:\/\/www.istitutogalanteoliva.it\/magazine\/#\/schema\/person\/72e8141246542ebcf905456f5dbd4c49\",\"name\":\"admin\",\"image\":{\"@type\":\"ImageObject\",\"inLanguage\":\"it-IT\",\"@id\":\"https:\/\/www.istitutogalanteoliva.it\/magazine\/#\/schema\/person\/image\/\",\"url\":\"https:\/\/secure.gravatar.com\/avatar\/07059cc99eeb1edd29e138d1812e69ec?s=96&d=mm&r=g\",\"contentUrl\":\"https:\/\/secure.gravatar.com\/avatar\/07059cc99eeb1edd29e138d1812e69ec?s=96&d=mm&r=g\",\"caption\":\"admin\"},\"url\":\"https:\/\/www.istitutogalanteoliva.it\/magazine\/author\/admin\/\"}]}<\/script>\n<!-- \/ Yoast SEO plugin. -->","yoast_head_json":{"title":"Giorgio Adamo. Un\u2019anima rock da palcoscenico teatrale - Polis SA Magazine","description":"Giorgio Adamo \u00e8 un\u2019artista originario di Mercato San Severino in Provincia di Salerno di grande talento e profonda sensibilit\u00e0","robots":{"index":"index","follow":"follow","max-snippet":"max-snippet:-1","max-image-preview":"max-image-preview:large","max-video-preview":"max-video-preview:-1"},"canonical":"https:\/\/www.istitutogalanteoliva.it\/magazine\/2020\/05\/21\/giorgio-adamo-unanima-rock-da-palcoscenico-teatrale\/","og_locale":"it_IT","og_type":"article","og_title":"Giorgio Adamo. Un\u2019anima rock da palcoscenico teatrale - Polis SA Magazine","og_description":"Giorgio Adamo \u00e8 un\u2019artista originario di Mercato San Severino in Provincia di Salerno di grande talento e profonda sensibilit\u00e0","og_url":"https:\/\/www.istitutogalanteoliva.it\/magazine\/2020\/05\/21\/giorgio-adamo-unanima-rock-da-palcoscenico-teatrale\/","og_site_name":"Polis SA Magazine","article_publisher":"https:\/\/www.facebook.com\/PolisSAMagazine\/","article_published_time":"2020-05-21T10:00:28+00:00","article_modified_time":"2021-02-21T17:20:46+00:00","og_image":[{"width":640,"height":380,"url":"https:\/\/www.istitutogalanteoliva.it\/magazine\/wp-content\/uploads\/2020\/05\/Giorgio-Adamo.jpg","type":"image\/jpeg"}],"author":"admin","twitter_card":"summary_large_image","twitter_creator":"@MagazinePolis","twitter_site":"@MagazinePolis","twitter_misc":{"Scritto da":"admin","Tempo di lettura stimato":"4 minuti"},"schema":{"@context":"https:\/\/schema.org","@graph":[{"@type":"Article","@id":"https:\/\/www.istitutogalanteoliva.it\/magazine\/2020\/05\/21\/giorgio-adamo-unanima-rock-da-palcoscenico-teatrale\/#article","isPartOf":{"@id":"https:\/\/www.istitutogalanteoliva.it\/magazine\/2020\/05\/21\/giorgio-adamo-unanima-rock-da-palcoscenico-teatrale\/"},"author":{"name":"admin","@id":"https:\/\/www.istitutogalanteoliva.it\/magazine\/#\/schema\/person\/72e8141246542ebcf905456f5dbd4c49"},"headline":"Giorgio Adamo. Un\u2019anima rock da palcoscenico teatrale","datePublished":"2020-05-21T10:00:28+00:00","dateModified":"2021-02-21T17:20:46+00:00","mainEntityOfPage":{"@id":"https:\/\/www.istitutogalanteoliva.it\/magazine\/2020\/05\/21\/giorgio-adamo-unanima-rock-da-palcoscenico-teatrale\/"},"wordCount":840,"commentCount":0,"publisher":{"@id":"https:\/\/www.istitutogalanteoliva.it\/magazine\/#organization"},"image":{"@id":"https:\/\/www.istitutogalanteoliva.it\/magazine\/2020\/05\/21\/giorgio-adamo-unanima-rock-da-palcoscenico-teatrale\/#primaryimage"},"thumbnailUrl":"https:\/\/www.istitutogalanteoliva.it\/magazine\/wp-content\/uploads\/2020\/05\/Giorgio-Adamo.jpg","keywords":["Giorgio Amato"],"articleSection":["2020","Arte e Spettacolo","Personaggi"],"inLanguage":"it-IT","potentialAction":[{"@type":"CommentAction","name":"Comment","target":["https:\/\/www.istitutogalanteoliva.it\/magazine\/2020\/05\/21\/giorgio-adamo-unanima-rock-da-palcoscenico-teatrale\/#respond"]}]},{"@type":"WebPage","@id":"https:\/\/www.istitutogalanteoliva.it\/magazine\/2020\/05\/21\/giorgio-adamo-unanima-rock-da-palcoscenico-teatrale\/","url":"https:\/\/www.istitutogalanteoliva.it\/magazine\/2020\/05\/21\/giorgio-adamo-unanima-rock-da-palcoscenico-teatrale\/","name":"Giorgio Adamo. Un\u2019anima rock da palcoscenico teatrale - Polis SA Magazine","isPartOf":{"@id":"https:\/\/www.istitutogalanteoliva.it\/magazine\/#website"},"primaryImageOfPage":{"@id":"https:\/\/www.istitutogalanteoliva.it\/magazine\/2020\/05\/21\/giorgio-adamo-unanima-rock-da-palcoscenico-teatrale\/#primaryimage"},"image":{"@id":"https:\/\/www.istitutogalanteoliva.it\/magazine\/2020\/05\/21\/giorgio-adamo-unanima-rock-da-palcoscenico-teatrale\/#primaryimage"},"thumbnailUrl":"https:\/\/www.istitutogalanteoliva.it\/magazine\/wp-content\/uploads\/2020\/05\/Giorgio-Adamo.jpg","datePublished":"2020-05-21T10:00:28+00:00","dateModified":"2021-02-21T17:20:46+00:00","description":"Giorgio Adamo \u00e8 un\u2019artista originario di Mercato San Severino in Provincia di Salerno di grande talento e profonda sensibilit\u00e0","breadcrumb":{"@id":"https:\/\/www.istitutogalanteoliva.it\/magazine\/2020\/05\/21\/giorgio-adamo-unanima-rock-da-palcoscenico-teatrale\/#breadcrumb"},"inLanguage":"it-IT","potentialAction":[{"@type":"ReadAction","target":["https:\/\/www.istitutogalanteoliva.it\/magazine\/2020\/05\/21\/giorgio-adamo-unanima-rock-da-palcoscenico-teatrale\/"]}]},{"@type":"ImageObject","inLanguage":"it-IT","@id":"https:\/\/www.istitutogalanteoliva.it\/magazine\/2020\/05\/21\/giorgio-adamo-unanima-rock-da-palcoscenico-teatrale\/#primaryimage","url":"https:\/\/www.istitutogalanteoliva.it\/magazine\/wp-content\/uploads\/2020\/05\/Giorgio-Adamo.jpg","contentUrl":"https:\/\/www.istitutogalanteoliva.it\/magazine\/wp-content\/uploads\/2020\/05\/Giorgio-Adamo.jpg","width":640,"height":380,"caption":"Giorgio Adamo"},{"@type":"BreadcrumbList","@id":"https:\/\/www.istitutogalanteoliva.it\/magazine\/2020\/05\/21\/giorgio-adamo-unanima-rock-da-palcoscenico-teatrale\/#breadcrumb","itemListElement":[{"@type":"ListItem","position":1,"name":"Home","item":"https:\/\/www.istitutogalanteoliva.it\/magazine\/"},{"@type":"ListItem","position":2,"name":"Giorgio Adamo. Un\u2019anima rock da palcoscenico teatrale"}]},{"@type":"WebSite","@id":"https:\/\/www.istitutogalanteoliva.it\/magazine\/#website","url":"https:\/\/www.istitutogalanteoliva.it\/magazine\/","name":"POLIS SA MAGAZINE","description":"Informazione e approfondimenti","publisher":{"@id":"https:\/\/www.istitutogalanteoliva.it\/magazine\/#organization"},"potentialAction":[{"@type":"SearchAction","target":{"@type":"EntryPoint","urlTemplate":"https:\/\/www.istitutogalanteoliva.it\/magazine\/?s={search_term_string}"},"query-input":{"@type":"PropertyValueSpecification","valueRequired":true,"valueName":"search_term_string"}}],"inLanguage":"it-IT"},{"@type":"Organization","@id":"https:\/\/www.istitutogalanteoliva.it\/magazine\/#organization","name":"Polis SA Magazine","url":"https:\/\/www.istitutogalanteoliva.it\/magazine\/","logo":{"@type":"ImageObject","inLanguage":"it-IT","@id":"https:\/\/www.istitutogalanteoliva.it\/magazine\/#\/schema\/logo\/image\/","url":"","contentUrl":"","caption":"Polis SA Magazine"},"image":{"@id":"https:\/\/www.istitutogalanteoliva.it\/magazine\/#\/schema\/logo\/image\/"},"sameAs":["https:\/\/www.facebook.com\/PolisSAMagazine\/","https:\/\/x.com\/MagazinePolis","https:\/\/www.youtube.com\/channel\/UCv0Mr5AHKUmsc0sEEXkJrgw"]},{"@type":"Person","@id":"https:\/\/www.istitutogalanteoliva.it\/magazine\/#\/schema\/person\/72e8141246542ebcf905456f5dbd4c49","name":"admin","image":{"@type":"ImageObject","inLanguage":"it-IT","@id":"https:\/\/www.istitutogalanteoliva.it\/magazine\/#\/schema\/person\/image\/","url":"https:\/\/secure.gravatar.com\/avatar\/07059cc99eeb1edd29e138d1812e69ec?s=96&d=mm&r=g","contentUrl":"https:\/\/secure.gravatar.com\/avatar\/07059cc99eeb1edd29e138d1812e69ec?s=96&d=mm&r=g","caption":"admin"},"url":"https:\/\/www.istitutogalanteoliva.it\/magazine\/author\/admin\/"}]}},"_links":{"self":[{"href":"https:\/\/www.istitutogalanteoliva.it\/magazine\/wp-json\/wp\/v2\/posts\/2590","targetHints":{"allow":["GET"]}}],"collection":[{"href":"https:\/\/www.istitutogalanteoliva.it\/magazine\/wp-json\/wp\/v2\/posts"}],"about":[{"href":"https:\/\/www.istitutogalanteoliva.it\/magazine\/wp-json\/wp\/v2\/types\/post"}],"author":[{"embeddable":true,"href":"https:\/\/www.istitutogalanteoliva.it\/magazine\/wp-json\/wp\/v2\/users\/1"}],"replies":[{"embeddable":true,"href":"https:\/\/www.istitutogalanteoliva.it\/magazine\/wp-json\/wp\/v2\/comments?post=2590"}],"version-history":[{"count":2,"href":"https:\/\/www.istitutogalanteoliva.it\/magazine\/wp-json\/wp\/v2\/posts\/2590\/revisions"}],"predecessor-version":[{"id":5640,"href":"https:\/\/www.istitutogalanteoliva.it\/magazine\/wp-json\/wp\/v2\/posts\/2590\/revisions\/5640"}],"wp:featuredmedia":[{"embeddable":true,"href":"https:\/\/www.istitutogalanteoliva.it\/magazine\/wp-json\/wp\/v2\/media\/2592"}],"wp:attachment":[{"href":"https:\/\/www.istitutogalanteoliva.it\/magazine\/wp-json\/wp\/v2\/media?parent=2590"}],"wp:term":[{"taxonomy":"category","embeddable":true,"href":"https:\/\/www.istitutogalanteoliva.it\/magazine\/wp-json\/wp\/v2\/categories?post=2590"},{"taxonomy":"post_tag","embeddable":true,"href":"https:\/\/www.istitutogalanteoliva.it\/magazine\/wp-json\/wp\/v2\/tags?post=2590"}],"curies":[{"name":"wp","href":"https:\/\/api.w.org\/{rel}","templated":true}]}}