{"id":2642,"date":"2020-05-23T12:00:16","date_gmt":"2020-05-23T10:00:16","guid":{"rendered":"http:\/\/www.edizionipolis.it\/magazine\/?p=2642"},"modified":"2020-05-23T09:37:58","modified_gmt":"2020-05-23T07:37:58","slug":"proteine-creative-foto-di-classe-2020-i-bambini-fotografano-attraverso-le-parole-le-loro-emozioni","status":"publish","type":"post","link":"https:\/\/www.istitutogalanteoliva.it\/magazine\/2020\/05\/23\/proteine-creative-foto-di-classe-2020-i-bambini-fotografano-attraverso-le-parole-le-loro-emozioni\/","title":{"rendered":"Proteine Creative. Foto di classe 2020, i bambini fotografano, attraverso le parole, le loro emozioni."},"content":{"rendered":"\n<p>Grembiule ben stirato, capelli pettinati,\nil profumo degli alberi nel cortile, sorridente ed emozionata mi metto in posa per\nla fotografia di fine anno. La maestra pi\u00f9 alta di tutti noi scolari, con\nespressione severa ed occhi dolci, ci invita a fare silenzio poi <em>\u201ctre, due,\nuno\u2026\u201d<\/em>&nbsp; un bel sorriso ed ecco che un\naltro anno scolastico finisce nella foto ricordo; tutti promossi, ci si vede a\nsettembre!<\/p>\n\n\n\n<p>Questo \u00e8 il ricordo di una foto scattata\nalle elementari, ma da generazioni \u00e8 proprio ci\u00f2 che accade quando la scuola\nsta per finire: una bella foto per suggellare un anno di studio, di attivit\u00e0,\ndi progetti, di amicizia e di sorrisi. <\/p>\n\n\n\n<p>Quest\u2019anno, purtroppo, non sar\u00e0 cos\u00ec! <strong>Causa Covid &#8211; 19<\/strong> gli alunni non\npotranno concludere il percorso scolastico con la foto di rito, una bella festa,\ncon baci e abbracci, con uno scambio di saluti e via verso l&#8217;estate. Tutto ci\u00f2 non\nsar\u00e0 possibile, \u00e8 vero, ma grazie ad un pizzico di creativit\u00e0 la foto di classe\nin questa singolare primavera si \u00e8 fatta lo stesso! <\/p>\n\n\n\n<p>I bambini della classe terza <strong>dell\u2019Istituto Santa Teresa del Bambin Ges\u00f9 di Salerno<\/strong>, assieme alla\nloro insegnante <strong>Cristina Giudice<\/strong>, non\npotendo mettere la faccia, stringersi in un abbraccio tra compagni, nella\n\u201cfoto\u201d ci hanno messo il cuore. I piccoli, infatti, con una frase sono riusciti\na fotografare lo stato d\u2019animo, le sensazioni vissute a causa di un evento pi\u00f9\ngrande di loro, pi\u00f9 grande perfino degli stessi adulti e, in questo modo, hanno\nsalutato l\u2019anno scolastico che si avvia alla conclusione:<\/p>\n\n\n\n<p><em>Quest&#8217;anno \u00e8 stato bellissimo grazie a\nLucia e alle sue avventure! (<strong>Giulia\nBattista<\/strong>)<\/em><\/p>\n\n\n\n<p><em>Ogni anno aspetto la fine dell&#8217;anno,\nquesta volta aspetto l&#8217;inizio. (<strong>Piergiorgio\nBianco<\/strong>) <\/em><\/p>\n\n\n\n<p><em>Cara scuola, quest\u2019anno ci siamo visti\ndavvero poco, saluto con affetto le suore, ringrazio tutte le maestre e\nabbraccio i compagni. (<strong>Riccardo Maria\nCalifano<\/strong>)<\/em><\/p>\n\n\n\n<p><em>Ciao anno scolastico, tra poco ci\nsaluteremo. Purtroppo, questo virus ci ha tenuti lontani ma stretti stretti nel\ncuore. Sicuramente abbiamo imparato a volerci pi\u00f9 bene e saremo pi\u00f9 forti e\nuniti di sempre. (<strong>Vincenzo Capaldo<\/strong>)<\/em><\/p>\n\n\n\n<p><em>\u00c8 stato un periodo difficile, un periodo\ndi grandi cambiamenti in cui tutti ci siamo dovuti adattare. Non lo\ndimenticheremo mai&#8230;ma \u00e8 andato tutto bene! (<strong>Francesca Falchi<\/strong>)<\/em><\/p>\n\n\n\n<p><em>Quest&#8217;anno scolastico \u00e8 stato un po&#8217;\nparticolare per colpa del corona virus e non siamo potuti andare a scuola.\nAbbiamo fatto lezione da casa usando il computer e abbiamo imparato a usarlo\nmeglio. Grazie maestra. (<strong>Matteo Giuseppe\nFedele<\/strong>)<\/em><\/p>\n\n\n\n<p><em>Questo \u00e8 stato un anno davvero strano,\nperch\u00e9 dal mese di marzo non siamo andati a scuola. Ciononostante, \u00e8 stato\ncomunque divertente e bello vedere virtualmente i miei compagni e la maestra,\ncos\u00ec non mi sono mancati troppo. (<strong>Alessandro\nFerrigno<\/strong>)<\/em><\/p>\n\n\n\n<p><em>Carissima Lucia, grazie per averci\naccompagnato con la tua creativit\u00e0 in fantastici mondi. Ti auguro una buona\nestate. (<strong>Gaia Fiordelisi<\/strong>)<\/em><\/p>\n\n\n\n<p><em>Questo anno non mi \u00e8 piaciuto, perch\u00e9 la\nscuola ha chiuso all&#8217;improvviso per colpa del Corona Virus. Spero che nel\nprossimo ed in tutta la mia vita non accada pi\u00f9 una cosa simile. (Francesca\nFortini)<\/em><\/p>\n\n\n\n<p><em>Tra didattica a distanza e saluti\nvirtuali quest\u2019anno scolastico parecchio strano volge alla fine\u2026. Grazie care\nmaestre per averci accompagnati e incoraggiati ogni giorno! Superata la\ntimidezza abbiamo imparato a sentirci vicino pur stando lontano. Un saluto a\ntutti maestre, amici e suore con la speranza di abbracciarci a settembre.&nbsp;\n(<strong>Francesco Gentile<\/strong>)<\/em><\/p>\n\n\n\n<p><em>Care maestre, non avrei potuto chiedere\ndi pi\u00f9 in questo anno scolastico speciale! Non dimenticher\u00f2 mai la vostra\nimmensa dedizione! (<strong>Marta Giannitiempo<\/strong>)\n<\/em><\/p>\n\n\n\n<p><em>A causa del coronavirus non sto andando\na scuola, mi manca la maestra, i compagni, la mensa e i giochi della\nricreazione. Per le lezioni devo usare il tablet ma non mi piace, vorrei vedere\nle persone dal vivo. Ho disegnato un arcobaleno perch\u00e9 spero che passi tutto,\ncome dopo un giorno di pioggia. (<strong>Jacopo\nGiuliano<\/strong>)<\/em><\/p>\n\n\n\n<p><em>Quest\u2019anno non ci saranno feste di fine\nanno, n\u00e9 saggi, abbiamo lasciato la scuola all\u2019improvviso senza salutare i\ncompagni, la maestra, le suore. Mi mancano tanto. Spero di ritrovarci tutti\ninsieme a settembre e di far finta che sia stato solo un brutto sogno. (<strong>Nicholas Giuliano<\/strong>)<\/em><\/p>\n\n\n\n<p><em>Quest\u2019anno la scuola non \u00e8 finita molto\nbene e, infatti, mi manca tantissimo, soprattutto i miei amici e la maestra. (<strong>Carlotta Guardavaglia<\/strong>).<\/em><\/p>\n\n\n\n<p><em>Ciao classe 3^, l\u2019anno scolastico sta per finire e per\nme \u00e8 stato un anno strano che mi mancher\u00e0! Ho pregato ogni sera affinch\u00e9 i\ngiorni senza scuola fossero solo un brutto sogno e&nbsp;che al mattino\nsvegliandomi mamma mi dicesse: \u201cVittorio andiamo a scuola!\u201d Non \u00e8\naccaduto&#8230;poi \u00e8 iniziata la didattica a distanza&#8230; ma a me non \u00e8 sembrata la\nstessa cosa. L\u2019anno prossimo ci rifaremo con i compagni perch\u00e9 Ges\u00f9 sar\u00e0 con\nnoi\ufe0f. (<strong>Vittorio Guarrasi<\/strong>)<\/em><\/p>\n\n\n\n<p><em>La fine dell\u2019anno scolastico \u00e8 sempre un\npo\u2019 triste, perch\u00e9 per un po\u2019 saremo lontani dagli amici e dalle maestre, le\nvacanze per\u00f2 finiscono in fretta e saremo pi\u00f9 uniti di prima &#8230; (<strong>Benedetta Labruna<\/strong>)<\/em><\/p>\n\n\n\n<p><em>Santa Teresa Del Bambin Ges\u00f9, la scuola\nche ti stringe in un abbraccio di amore! (<strong>Lucia\nMancini<\/strong>).<\/em><\/p>\n\n\n\n<p><em>Quest&#8217;anno scolastico non mi \u00e8 piaciuto tanto, perch\u00e9 non\nho potuto incontrare i miei amici. Mi manca tanto la scuola, le suore, le\npreghiere e Melly, ma soprattutto gli abbracci della mia maestra che tanto amo!\nSpero che il COVID -19 finisca presto. (<strong>Rita\nOnorato<\/strong>)<\/em><\/p>\n\n\n\n<p><em>Quest\u2019anno scolastico trascorso a casa\nnon mi \u00e8 piaciuto tanto. Mi manca la scuola, la maestra e i miei amici e mi\ndispiace non fare la recita perch\u00e9 mi divertivo tanto. (Matteo Pantaleone)<\/em><\/p>\n\n\n\n<p><em>Tutti promossi quest&#8217;anno a giugno! Solo\ni saluti, purtroppo, rimandati a settembre&#8230; (<strong>Carlo Pelo<\/strong>)<\/em><\/p>\n\n\n\n<p><em>Nonostante tutto il caos di questo\nstrano anno scolastico, nel mio cuore c&#8217;\u00e8 la gioia di rivedersi presto. (<strong>Elisabetta Piccolo<\/strong>)<\/em><\/p>\n\n\n\n<p><em>Saluto con gioia quest\u2019anno scolastico\nche sta per finire. Per me ha significato avere una maestra che mi ha aiutato a\nimparare tantissime cose nuove, conoscere nuovi amichetti e amare la scuola. &nbsp;&nbsp;&nbsp;&nbsp;&nbsp;&nbsp;&nbsp;&nbsp;&nbsp;&nbsp;&nbsp;&nbsp;&nbsp;&nbsp;&nbsp;&nbsp;&nbsp;&nbsp;&nbsp;(<strong>Alessandra Picucci<\/strong>)<\/em><\/p>\n\n\n\n<p><em>Quest&#8217;anno il Mondo \u00e8 stato invaso da un\nnemico invisibile, un essere alieno, misterioso e maligno. Ha fatto chiudere\ntutto, tranne la parte pi\u00f9 importante di noi esseri umani: il CUORE. I nostri\ncuori non si possono imprigionare. (<strong>Francesco\nPio Randazzo<\/strong>)<\/em><\/p>\n\n\n\n<p><em>L\u2019anno \u00e8 ormai finito, un anno\nimportante, che ricorderemo per sempre, e che ha cambiato le nostre vite. Per\nfortuna non ci ha tolto la voglia di stare insieme e di ritrovarci pi\u00f9 forti e\npi\u00f9 legati di prima. (<strong>Alberto Saracca<\/strong>)<\/em><\/p>\n\n\n\n<p><em>Sono triste che sta per finire la scuola\nperch\u00e9 la giornata senza amichetti e senza maestra non \u00e8 la stessa. (<strong>Federica Testa<\/strong>)<\/em><\/p>\n\n\n\n<p><em>Grazie a quest&#8217; anno scolastico ho\nimparato molte cose nuove &#8220;a casa come a scuola&#8221; (<strong>Angelo Venturelli<\/strong>)<\/em><\/p>\n\n\n\n<p><em>Caro anno scolastico, ora che stai\nfinendo te lo possono dire: &#8211; Non sei stato molto piacevole! &#8211; Spero che il\nprossimo settembre ci ritroveremo tutti a scuola! (<strong>Ginevra Viscido<\/strong>).<\/em><\/p>\n\n\n\n<p><em>Quest\u2019anno scolastico \u00e8 stato veramente incredibile.\nUn brutto virus ci ha tenuto lontani dai banchi di scuola e, se all\u2019inizio ero\ncontento, adesso non vedo l\u2019ora di riabbracciarvi tutti a settembre. Vi voglio\ntanto bene. (<strong>Giovanni Vitale<\/strong>)<\/em><\/p>\n\n\n\n<p><em>Da marzo a giugno per il Covid &#8211; 19 in un\u2019aula\nvirtuale ho studiato con amore ogni tipo di lezione aspettando che a settembre\npossa in classe quarta essere presente. (<strong>Hermes\nZagami<\/strong>)<\/em><\/p>\n\n\n\n<p>La condivisione di queste osservazioni, pregne di\nemozioni e verit\u00e0, ha fatto sentire gli alunni, ancora di pi\u00f9, parte di una\nsquadra che continua a giocare, con entusiasmo e speranza, la partita della\nvita. Non si vince un trofeo n\u00e9 una medaglia; il premio, questa volta, \u00e8 una fotografia\ntanto semplice quanto speciale. Un collage che racchiude il cuore di ogni\nsingolo bambino, destinato ad illustrare una delle pagine pi\u00f9 importanti della\nstoria dell\u2019umanit\u00e0. Questi piccoli pensieri sono la preziosa testimonianza di\nun mondo che \u00e8 cambiato troppo in fretta, ove forte emerge il desiderio che\nogni cosa ritorni presto al proprio posto, per far sentire nuovamente sicuro e\nsereno ogni bambino nel suo percorso.<\/p>\n\n\n\n<p>Grazie classe terza dell\u2019Istituto Santa Teresa del Bambin Ges\u00f9 di Salerno e grazie alla vostra insegnante Cristina Giudice perch\u00e9 nella \u201cFoto di classe 2020\u201d avete fatto entrare tutte le persone che vi leggeranno e anche il mio sorriso che, per una volta ancora, \u00e8 insieme al vostro.<\/p>\n\n\n\n<p style=\"text-align:right\">Lucia Quaranta<\/p>\n<div class=\"pdfprnt-buttons pdfprnt-buttons-post pdfprnt-bottom-left\"><a href=\"https:\/\/www.istitutogalanteoliva.it\/magazine\/wp-json\/wp\/v2\/posts\/2642?print=print\" class=\"pdfprnt-button pdfprnt-button-print\" target=\"_blank\"><img decoding=\"async\" src=\"https:\/\/www.istitutogalanteoliva.it\/magazine\/wp-content\/plugins\/pdf-print\/images\/print.png\" alt=\"image_print\" title=\"Stampa contenuto\" \/><span class=\"pdfprnt-button-title pdfprnt-button-print-title\">Download in PDF<\/span><\/a><\/div>","protected":false},"excerpt":{"rendered":"<p>Grembiule ben stirato, capelli pettinati, il profumo degli alberi nel cortile, sorridente ed emozionata mi<\/p>\n","protected":false},"author":1,"featured_media":2643,"comment_status":"open","ping_status":"open","sticky":false,"template":"","format":"standard","meta":{"footnotes":""},"categories":[34,46],"tags":[],"class_list":["post-2642","post","type-post","status-publish","format-standard","has-post-thumbnail","hentry","category-34","category-proteine-creative"],"yoast_head":"<!-- This site is optimized with the Yoast SEO plugin v24.2 - https:\/\/yoast.com\/wordpress\/plugins\/seo\/ -->\n<title>Proteine Creative. Foto di classe 2020, i bambini fotografano, attraverso le parole, le loro emozioni. - Polis SA Magazine<\/title>\n<meta name=\"robots\" content=\"index, follow, max-snippet:-1, max-image-preview:large, max-video-preview:-1\" \/>\n<link rel=\"canonical\" href=\"https:\/\/www.istitutogalanteoliva.it\/magazine\/2020\/05\/23\/proteine-creative-foto-di-classe-2020-i-bambini-fotografano-attraverso-le-parole-le-loro-emozioni\/\" \/>\n<meta property=\"og:locale\" content=\"it_IT\" \/>\n<meta property=\"og:type\" content=\"article\" \/>\n<meta property=\"og:title\" content=\"Proteine Creative. Foto di classe 2020, i bambini fotografano, attraverso le parole, le loro emozioni. - Polis SA Magazine\" \/>\n<meta property=\"og:description\" content=\"Grembiule ben stirato, capelli pettinati, il profumo degli alberi nel cortile, sorridente ed emozionata mi\" \/>\n<meta property=\"og:url\" content=\"https:\/\/www.istitutogalanteoliva.it\/magazine\/2020\/05\/23\/proteine-creative-foto-di-classe-2020-i-bambini-fotografano-attraverso-le-parole-le-loro-emozioni\/\" \/>\n<meta property=\"og:site_name\" content=\"Polis SA Magazine\" \/>\n<meta property=\"article:publisher\" content=\"https:\/\/www.facebook.com\/PolisSAMagazine\/\" \/>\n<meta property=\"article:published_time\" content=\"2020-05-23T10:00:16+00:00\" \/>\n<meta property=\"article:modified_time\" content=\"2020-05-23T07:37:58+00:00\" \/>\n<meta property=\"og:image\" content=\"https:\/\/www.istitutogalanteoliva.it\/magazine\/wp-content\/uploads\/2020\/05\/Proteine-Creative-Foto-di-classe.jpg\" \/>\n\t<meta property=\"og:image:width\" content=\"1100\" \/>\n\t<meta property=\"og:image:height\" content=\"759\" \/>\n\t<meta property=\"og:image:type\" content=\"image\/jpeg\" \/>\n<meta name=\"author\" content=\"admin\" \/>\n<meta name=\"twitter:card\" content=\"summary_large_image\" \/>\n<meta name=\"twitter:creator\" content=\"@MagazinePolis\" \/>\n<meta name=\"twitter:site\" content=\"@MagazinePolis\" \/>\n<meta name=\"twitter:label1\" content=\"Scritto da\" \/>\n\t<meta name=\"twitter:data1\" content=\"admin\" \/>\n\t<meta name=\"twitter:label2\" content=\"Tempo di lettura stimato\" \/>\n\t<meta name=\"twitter:data2\" content=\"7 minuti\" \/>\n<script type=\"application\/ld+json\" class=\"yoast-schema-graph\">{\"@context\":\"https:\/\/schema.org\",\"@graph\":[{\"@type\":\"Article\",\"@id\":\"https:\/\/www.istitutogalanteoliva.it\/magazine\/2020\/05\/23\/proteine-creative-foto-di-classe-2020-i-bambini-fotografano-attraverso-le-parole-le-loro-emozioni\/#article\",\"isPartOf\":{\"@id\":\"https:\/\/www.istitutogalanteoliva.it\/magazine\/2020\/05\/23\/proteine-creative-foto-di-classe-2020-i-bambini-fotografano-attraverso-le-parole-le-loro-emozioni\/\"},\"author\":{\"name\":\"admin\",\"@id\":\"https:\/\/www.istitutogalanteoliva.it\/magazine\/#\/schema\/person\/72e8141246542ebcf905456f5dbd4c49\"},\"headline\":\"Proteine Creative. Foto di classe 2020, i bambini fotografano, attraverso le parole, le loro emozioni.\",\"datePublished\":\"2020-05-23T10:00:16+00:00\",\"dateModified\":\"2020-05-23T07:37:58+00:00\",\"mainEntityOfPage\":{\"@id\":\"https:\/\/www.istitutogalanteoliva.it\/magazine\/2020\/05\/23\/proteine-creative-foto-di-classe-2020-i-bambini-fotografano-attraverso-le-parole-le-loro-emozioni\/\"},\"wordCount\":1386,\"commentCount\":0,\"publisher\":{\"@id\":\"https:\/\/www.istitutogalanteoliva.it\/magazine\/#organization\"},\"image\":{\"@id\":\"https:\/\/www.istitutogalanteoliva.it\/magazine\/2020\/05\/23\/proteine-creative-foto-di-classe-2020-i-bambini-fotografano-attraverso-le-parole-le-loro-emozioni\/#primaryimage\"},\"thumbnailUrl\":\"https:\/\/www.istitutogalanteoliva.it\/magazine\/wp-content\/uploads\/2020\/05\/Proteine-Creative-Foto-di-classe.jpg\",\"articleSection\":[\"2020\",\"Proteine Creative\"],\"inLanguage\":\"it-IT\",\"potentialAction\":[{\"@type\":\"CommentAction\",\"name\":\"Comment\",\"target\":[\"https:\/\/www.istitutogalanteoliva.it\/magazine\/2020\/05\/23\/proteine-creative-foto-di-classe-2020-i-bambini-fotografano-attraverso-le-parole-le-loro-emozioni\/#respond\"]}]},{\"@type\":\"WebPage\",\"@id\":\"https:\/\/www.istitutogalanteoliva.it\/magazine\/2020\/05\/23\/proteine-creative-foto-di-classe-2020-i-bambini-fotografano-attraverso-le-parole-le-loro-emozioni\/\",\"url\":\"https:\/\/www.istitutogalanteoliva.it\/magazine\/2020\/05\/23\/proteine-creative-foto-di-classe-2020-i-bambini-fotografano-attraverso-le-parole-le-loro-emozioni\/\",\"name\":\"Proteine Creative. Foto di classe 2020, i bambini fotografano, attraverso le parole, le loro emozioni. - Polis SA Magazine\",\"isPartOf\":{\"@id\":\"https:\/\/www.istitutogalanteoliva.it\/magazine\/#website\"},\"primaryImageOfPage\":{\"@id\":\"https:\/\/www.istitutogalanteoliva.it\/magazine\/2020\/05\/23\/proteine-creative-foto-di-classe-2020-i-bambini-fotografano-attraverso-le-parole-le-loro-emozioni\/#primaryimage\"},\"image\":{\"@id\":\"https:\/\/www.istitutogalanteoliva.it\/magazine\/2020\/05\/23\/proteine-creative-foto-di-classe-2020-i-bambini-fotografano-attraverso-le-parole-le-loro-emozioni\/#primaryimage\"},\"thumbnailUrl\":\"https:\/\/www.istitutogalanteoliva.it\/magazine\/wp-content\/uploads\/2020\/05\/Proteine-Creative-Foto-di-classe.jpg\",\"datePublished\":\"2020-05-23T10:00:16+00:00\",\"dateModified\":\"2020-05-23T07:37:58+00:00\",\"breadcrumb\":{\"@id\":\"https:\/\/www.istitutogalanteoliva.it\/magazine\/2020\/05\/23\/proteine-creative-foto-di-classe-2020-i-bambini-fotografano-attraverso-le-parole-le-loro-emozioni\/#breadcrumb\"},\"inLanguage\":\"it-IT\",\"potentialAction\":[{\"@type\":\"ReadAction\",\"target\":[\"https:\/\/www.istitutogalanteoliva.it\/magazine\/2020\/05\/23\/proteine-creative-foto-di-classe-2020-i-bambini-fotografano-attraverso-le-parole-le-loro-emozioni\/\"]}]},{\"@type\":\"ImageObject\",\"inLanguage\":\"it-IT\",\"@id\":\"https:\/\/www.istitutogalanteoliva.it\/magazine\/2020\/05\/23\/proteine-creative-foto-di-classe-2020-i-bambini-fotografano-attraverso-le-parole-le-loro-emozioni\/#primaryimage\",\"url\":\"https:\/\/www.istitutogalanteoliva.it\/magazine\/wp-content\/uploads\/2020\/05\/Proteine-Creative-Foto-di-classe.jpg\",\"contentUrl\":\"https:\/\/www.istitutogalanteoliva.it\/magazine\/wp-content\/uploads\/2020\/05\/Proteine-Creative-Foto-di-classe.jpg\",\"width\":1100,\"height\":759,\"caption\":\"Proteine Creative - Foto di classe\"},{\"@type\":\"BreadcrumbList\",\"@id\":\"https:\/\/www.istitutogalanteoliva.it\/magazine\/2020\/05\/23\/proteine-creative-foto-di-classe-2020-i-bambini-fotografano-attraverso-le-parole-le-loro-emozioni\/#breadcrumb\",\"itemListElement\":[{\"@type\":\"ListItem\",\"position\":1,\"name\":\"Home\",\"item\":\"https:\/\/www.istitutogalanteoliva.it\/magazine\/\"},{\"@type\":\"ListItem\",\"position\":2,\"name\":\"Proteine Creative. Foto di classe 2020, i bambini fotografano, attraverso le parole, le loro emozioni.\"}]},{\"@type\":\"WebSite\",\"@id\":\"https:\/\/www.istitutogalanteoliva.it\/magazine\/#website\",\"url\":\"https:\/\/www.istitutogalanteoliva.it\/magazine\/\",\"name\":\"POLIS SA MAGAZINE\",\"description\":\"L&#039;informazione libera \",\"publisher\":{\"@id\":\"https:\/\/www.istitutogalanteoliva.it\/magazine\/#organization\"},\"potentialAction\":[{\"@type\":\"SearchAction\",\"target\":{\"@type\":\"EntryPoint\",\"urlTemplate\":\"https:\/\/www.istitutogalanteoliva.it\/magazine\/?s={search_term_string}\"},\"query-input\":{\"@type\":\"PropertyValueSpecification\",\"valueRequired\":true,\"valueName\":\"search_term_string\"}}],\"inLanguage\":\"it-IT\"},{\"@type\":\"Organization\",\"@id\":\"https:\/\/www.istitutogalanteoliva.it\/magazine\/#organization\",\"name\":\"Polis SA Magazine\",\"url\":\"https:\/\/www.istitutogalanteoliva.it\/magazine\/\",\"logo\":{\"@type\":\"ImageObject\",\"inLanguage\":\"it-IT\",\"@id\":\"https:\/\/www.istitutogalanteoliva.it\/magazine\/#\/schema\/logo\/image\/\",\"url\":\"\",\"contentUrl\":\"\",\"caption\":\"Polis SA Magazine\"},\"image\":{\"@id\":\"https:\/\/www.istitutogalanteoliva.it\/magazine\/#\/schema\/logo\/image\/\"},\"sameAs\":[\"https:\/\/www.facebook.com\/PolisSAMagazine\/\",\"https:\/\/x.com\/MagazinePolis\",\"https:\/\/www.youtube.com\/channel\/UCv0Mr5AHKUmsc0sEEXkJrgw\"]},{\"@type\":\"Person\",\"@id\":\"https:\/\/www.istitutogalanteoliva.it\/magazine\/#\/schema\/person\/72e8141246542ebcf905456f5dbd4c49\",\"name\":\"admin\",\"image\":{\"@type\":\"ImageObject\",\"inLanguage\":\"it-IT\",\"@id\":\"https:\/\/www.istitutogalanteoliva.it\/magazine\/#\/schema\/person\/image\/\",\"url\":\"https:\/\/secure.gravatar.com\/avatar\/07059cc99eeb1edd29e138d1812e69ec?s=96&d=mm&r=g\",\"contentUrl\":\"https:\/\/secure.gravatar.com\/avatar\/07059cc99eeb1edd29e138d1812e69ec?s=96&d=mm&r=g\",\"caption\":\"admin\"},\"url\":\"https:\/\/www.istitutogalanteoliva.it\/magazine\/author\/admin\/\"}]}<\/script>\n<!-- \/ Yoast SEO plugin. -->","yoast_head_json":{"title":"Proteine Creative. Foto di classe 2020, i bambini fotografano, attraverso le parole, le loro emozioni. - Polis SA Magazine","robots":{"index":"index","follow":"follow","max-snippet":"max-snippet:-1","max-image-preview":"max-image-preview:large","max-video-preview":"max-video-preview:-1"},"canonical":"https:\/\/www.istitutogalanteoliva.it\/magazine\/2020\/05\/23\/proteine-creative-foto-di-classe-2020-i-bambini-fotografano-attraverso-le-parole-le-loro-emozioni\/","og_locale":"it_IT","og_type":"article","og_title":"Proteine Creative. Foto di classe 2020, i bambini fotografano, attraverso le parole, le loro emozioni. - Polis SA Magazine","og_description":"Grembiule ben stirato, capelli pettinati, il profumo degli alberi nel cortile, sorridente ed emozionata mi","og_url":"https:\/\/www.istitutogalanteoliva.it\/magazine\/2020\/05\/23\/proteine-creative-foto-di-classe-2020-i-bambini-fotografano-attraverso-le-parole-le-loro-emozioni\/","og_site_name":"Polis SA Magazine","article_publisher":"https:\/\/www.facebook.com\/PolisSAMagazine\/","article_published_time":"2020-05-23T10:00:16+00:00","article_modified_time":"2020-05-23T07:37:58+00:00","og_image":[{"width":1100,"height":759,"url":"https:\/\/www.istitutogalanteoliva.it\/magazine\/wp-content\/uploads\/2020\/05\/Proteine-Creative-Foto-di-classe.jpg","type":"image\/jpeg"}],"author":"admin","twitter_card":"summary_large_image","twitter_creator":"@MagazinePolis","twitter_site":"@MagazinePolis","twitter_misc":{"Scritto da":"admin","Tempo di lettura stimato":"7 minuti"},"schema":{"@context":"https:\/\/schema.org","@graph":[{"@type":"Article","@id":"https:\/\/www.istitutogalanteoliva.it\/magazine\/2020\/05\/23\/proteine-creative-foto-di-classe-2020-i-bambini-fotografano-attraverso-le-parole-le-loro-emozioni\/#article","isPartOf":{"@id":"https:\/\/www.istitutogalanteoliva.it\/magazine\/2020\/05\/23\/proteine-creative-foto-di-classe-2020-i-bambini-fotografano-attraverso-le-parole-le-loro-emozioni\/"},"author":{"name":"admin","@id":"https:\/\/www.istitutogalanteoliva.it\/magazine\/#\/schema\/person\/72e8141246542ebcf905456f5dbd4c49"},"headline":"Proteine Creative. Foto di classe 2020, i bambini fotografano, attraverso le parole, le loro emozioni.","datePublished":"2020-05-23T10:00:16+00:00","dateModified":"2020-05-23T07:37:58+00:00","mainEntityOfPage":{"@id":"https:\/\/www.istitutogalanteoliva.it\/magazine\/2020\/05\/23\/proteine-creative-foto-di-classe-2020-i-bambini-fotografano-attraverso-le-parole-le-loro-emozioni\/"},"wordCount":1386,"commentCount":0,"publisher":{"@id":"https:\/\/www.istitutogalanteoliva.it\/magazine\/#organization"},"image":{"@id":"https:\/\/www.istitutogalanteoliva.it\/magazine\/2020\/05\/23\/proteine-creative-foto-di-classe-2020-i-bambini-fotografano-attraverso-le-parole-le-loro-emozioni\/#primaryimage"},"thumbnailUrl":"https:\/\/www.istitutogalanteoliva.it\/magazine\/wp-content\/uploads\/2020\/05\/Proteine-Creative-Foto-di-classe.jpg","articleSection":["2020","Proteine Creative"],"inLanguage":"it-IT","potentialAction":[{"@type":"CommentAction","name":"Comment","target":["https:\/\/www.istitutogalanteoliva.it\/magazine\/2020\/05\/23\/proteine-creative-foto-di-classe-2020-i-bambini-fotografano-attraverso-le-parole-le-loro-emozioni\/#respond"]}]},{"@type":"WebPage","@id":"https:\/\/www.istitutogalanteoliva.it\/magazine\/2020\/05\/23\/proteine-creative-foto-di-classe-2020-i-bambini-fotografano-attraverso-le-parole-le-loro-emozioni\/","url":"https:\/\/www.istitutogalanteoliva.it\/magazine\/2020\/05\/23\/proteine-creative-foto-di-classe-2020-i-bambini-fotografano-attraverso-le-parole-le-loro-emozioni\/","name":"Proteine Creative. Foto di classe 2020, i bambini fotografano, attraverso le parole, le loro emozioni. - Polis SA Magazine","isPartOf":{"@id":"https:\/\/www.istitutogalanteoliva.it\/magazine\/#website"},"primaryImageOfPage":{"@id":"https:\/\/www.istitutogalanteoliva.it\/magazine\/2020\/05\/23\/proteine-creative-foto-di-classe-2020-i-bambini-fotografano-attraverso-le-parole-le-loro-emozioni\/#primaryimage"},"image":{"@id":"https:\/\/www.istitutogalanteoliva.it\/magazine\/2020\/05\/23\/proteine-creative-foto-di-classe-2020-i-bambini-fotografano-attraverso-le-parole-le-loro-emozioni\/#primaryimage"},"thumbnailUrl":"https:\/\/www.istitutogalanteoliva.it\/magazine\/wp-content\/uploads\/2020\/05\/Proteine-Creative-Foto-di-classe.jpg","datePublished":"2020-05-23T10:00:16+00:00","dateModified":"2020-05-23T07:37:58+00:00","breadcrumb":{"@id":"https:\/\/www.istitutogalanteoliva.it\/magazine\/2020\/05\/23\/proteine-creative-foto-di-classe-2020-i-bambini-fotografano-attraverso-le-parole-le-loro-emozioni\/#breadcrumb"},"inLanguage":"it-IT","potentialAction":[{"@type":"ReadAction","target":["https:\/\/www.istitutogalanteoliva.it\/magazine\/2020\/05\/23\/proteine-creative-foto-di-classe-2020-i-bambini-fotografano-attraverso-le-parole-le-loro-emozioni\/"]}]},{"@type":"ImageObject","inLanguage":"it-IT","@id":"https:\/\/www.istitutogalanteoliva.it\/magazine\/2020\/05\/23\/proteine-creative-foto-di-classe-2020-i-bambini-fotografano-attraverso-le-parole-le-loro-emozioni\/#primaryimage","url":"https:\/\/www.istitutogalanteoliva.it\/magazine\/wp-content\/uploads\/2020\/05\/Proteine-Creative-Foto-di-classe.jpg","contentUrl":"https:\/\/www.istitutogalanteoliva.it\/magazine\/wp-content\/uploads\/2020\/05\/Proteine-Creative-Foto-di-classe.jpg","width":1100,"height":759,"caption":"Proteine Creative - Foto di classe"},{"@type":"BreadcrumbList","@id":"https:\/\/www.istitutogalanteoliva.it\/magazine\/2020\/05\/23\/proteine-creative-foto-di-classe-2020-i-bambini-fotografano-attraverso-le-parole-le-loro-emozioni\/#breadcrumb","itemListElement":[{"@type":"ListItem","position":1,"name":"Home","item":"https:\/\/www.istitutogalanteoliva.it\/magazine\/"},{"@type":"ListItem","position":2,"name":"Proteine Creative. Foto di classe 2020, i bambini fotografano, attraverso le parole, le loro emozioni."}]},{"@type":"WebSite","@id":"https:\/\/www.istitutogalanteoliva.it\/magazine\/#website","url":"https:\/\/www.istitutogalanteoliva.it\/magazine\/","name":"POLIS SA MAGAZINE","description":"L&#039;informazione libera ","publisher":{"@id":"https:\/\/www.istitutogalanteoliva.it\/magazine\/#organization"},"potentialAction":[{"@type":"SearchAction","target":{"@type":"EntryPoint","urlTemplate":"https:\/\/www.istitutogalanteoliva.it\/magazine\/?s={search_term_string}"},"query-input":{"@type":"PropertyValueSpecification","valueRequired":true,"valueName":"search_term_string"}}],"inLanguage":"it-IT"},{"@type":"Organization","@id":"https:\/\/www.istitutogalanteoliva.it\/magazine\/#organization","name":"Polis SA Magazine","url":"https:\/\/www.istitutogalanteoliva.it\/magazine\/","logo":{"@type":"ImageObject","inLanguage":"it-IT","@id":"https:\/\/www.istitutogalanteoliva.it\/magazine\/#\/schema\/logo\/image\/","url":"","contentUrl":"","caption":"Polis SA Magazine"},"image":{"@id":"https:\/\/www.istitutogalanteoliva.it\/magazine\/#\/schema\/logo\/image\/"},"sameAs":["https:\/\/www.facebook.com\/PolisSAMagazine\/","https:\/\/x.com\/MagazinePolis","https:\/\/www.youtube.com\/channel\/UCv0Mr5AHKUmsc0sEEXkJrgw"]},{"@type":"Person","@id":"https:\/\/www.istitutogalanteoliva.it\/magazine\/#\/schema\/person\/72e8141246542ebcf905456f5dbd4c49","name":"admin","image":{"@type":"ImageObject","inLanguage":"it-IT","@id":"https:\/\/www.istitutogalanteoliva.it\/magazine\/#\/schema\/person\/image\/","url":"https:\/\/secure.gravatar.com\/avatar\/07059cc99eeb1edd29e138d1812e69ec?s=96&d=mm&r=g","contentUrl":"https:\/\/secure.gravatar.com\/avatar\/07059cc99eeb1edd29e138d1812e69ec?s=96&d=mm&r=g","caption":"admin"},"url":"https:\/\/www.istitutogalanteoliva.it\/magazine\/author\/admin\/"}]}},"_links":{"self":[{"href":"https:\/\/www.istitutogalanteoliva.it\/magazine\/wp-json\/wp\/v2\/posts\/2642","targetHints":{"allow":["GET"]}}],"collection":[{"href":"https:\/\/www.istitutogalanteoliva.it\/magazine\/wp-json\/wp\/v2\/posts"}],"about":[{"href":"https:\/\/www.istitutogalanteoliva.it\/magazine\/wp-json\/wp\/v2\/types\/post"}],"author":[{"embeddable":true,"href":"https:\/\/www.istitutogalanteoliva.it\/magazine\/wp-json\/wp\/v2\/users\/1"}],"replies":[{"embeddable":true,"href":"https:\/\/www.istitutogalanteoliva.it\/magazine\/wp-json\/wp\/v2\/comments?post=2642"}],"version-history":[{"count":1,"href":"https:\/\/www.istitutogalanteoliva.it\/magazine\/wp-json\/wp\/v2\/posts\/2642\/revisions"}],"predecessor-version":[{"id":2644,"href":"https:\/\/www.istitutogalanteoliva.it\/magazine\/wp-json\/wp\/v2\/posts\/2642\/revisions\/2644"}],"wp:featuredmedia":[{"embeddable":true,"href":"https:\/\/www.istitutogalanteoliva.it\/magazine\/wp-json\/wp\/v2\/media\/2643"}],"wp:attachment":[{"href":"https:\/\/www.istitutogalanteoliva.it\/magazine\/wp-json\/wp\/v2\/media?parent=2642"}],"wp:term":[{"taxonomy":"category","embeddable":true,"href":"https:\/\/www.istitutogalanteoliva.it\/magazine\/wp-json\/wp\/v2\/categories?post=2642"},{"taxonomy":"post_tag","embeddable":true,"href":"https:\/\/www.istitutogalanteoliva.it\/magazine\/wp-json\/wp\/v2\/tags?post=2642"}],"curies":[{"name":"wp","href":"https:\/\/api.w.org\/{rel}","templated":true}]}}