{"id":415,"date":"2016-07-20T16:30:37","date_gmt":"2016-07-20T14:30:37","guid":{"rendered":"http:\/\/www.edizionipolis.it\/magazine\/?p=415"},"modified":"2019-04-15T16:35:46","modified_gmt":"2019-04-15T14:35:46","slug":"giffoni-experience-la-giornata-della-legalita-cultura-di-responsabilita-e-trasparenza","status":"publish","type":"post","link":"https:\/\/www.istitutogalanteoliva.it\/magazine\/2016\/07\/20\/giffoni-experience-la-giornata-della-legalita-cultura-di-responsabilita-e-trasparenza\/","title":{"rendered":"Giffoni Experience: la giornata della legalita\u0300, cultura di responsabilita\u0300 e trasparenza"},"content":{"rendered":"\n<p>Nel giorno dell\u2019anniversario della strage di via D\u2019Amelio, che uccise Borsellino e cinque\nagenti di scorta, al Giffoni Film Festival si \u00e8 parlato di legalit\u00e0. Gli ospiti, Antonio Laudati\n(procuratore della Direzione Nazionale Antimafia), Corrado Lembo (procuratore capo di\nSalerno), il sindaco di Giffoni Valle Piana, Piero Rinaldi e il direttore del Festival, Claudio\nGubitosi, hanno discusso insieme ai ragazzi del Dream Team di cultura, istruzione, e di\nquanto la passione sia utile per tutto quello che accade nella vita di ognuno di noi.\n<\/p>\n\n\n\n<p>\u00abSono particolarmente felice di essere qui \u2013 afferma Lembo \u2013 i giovani sono il futuro\ndella nostra societ\u00e0. La legalit\u00e0 \u00e8 soprattutto cultura e la cultura \u00e8 l\u2019arma pi\u00f9 forte a tutela\ndella legalit\u00e0: cultura significa consapevolezza. Bisogna, perci\u00f2, puntare sulla promozione\ne sullo sviluppo della cultura, intesa come senso di appartenenza alla societ\u00e0\u00bb.\n<\/p>\n\n\n\n<p>Visto il ruolo centrale dato alla cultura, per il procuratore Lembo \u00e8 necessario quindi intervenire proprio su di essa e partendo dall\u2019esempio di Gomorra, sottolinea come nella serie tv lo Stato sia completamente assente cos\u00ec come le forze dell\u2019ordine, del tutto marginali. Ci\u00f2 porta a una visione distorta della situazione che magari un pubblico meno consapevole, tende ad accettare come veritiera ignorando la realt\u00e0. <\/p>\n\n\n\n<p>Il sostituto procuratore alla Direzione Nazionale Antimafia, Laudati, pone la stessa attenzione all\u2019importanza della cultura portando per\u00f2 a esempio il caso di un\u2019altra fiction: \u201cIl capo dei capi\u201d. Le polemiche nate a riguardo furono molte, e il procuratore afferma che \u00abVa bene che ci sia la libert\u00e0 di comunicazione, ma ci vuole anche una corretta discussione in quanto spesso il pubblico non ha la maturit\u00e0 di valutare\u00bb. <\/p>\n\n\n\n<p>Il GFF rappresenta proprio questo spirito, qui \u00abLa cultura non \u00e8 semplicemente declamazione, ma \u00e8 anche attuazione di progetti e quindi sogni\u00bb, come ha affermato Corrado Lembo. Fondamentale \u00e8, quindi, investire sulle nuove generazioni, avendo fiducia nel futuro, per cercare \u00abdi risolvere i tanti problemi che abbiamo e di avere una societ\u00e0 pi\u00f9 giusta e pi\u00f9 soddisfacente per tutti\u00bb. <\/p>\n\n\n\n<p style=\"text-align:right\"><em>Federica Ruggiero\n<\/em><\/p>\n<div class=\"pdfprnt-buttons pdfprnt-buttons-post pdfprnt-bottom-left\"><a href=\"https:\/\/www.istitutogalanteoliva.it\/magazine\/wp-json\/wp\/v2\/posts\/415?print=print\" class=\"pdfprnt-button pdfprnt-button-print\" target=\"_blank\"><img decoding=\"async\" src=\"https:\/\/www.istitutogalanteoliva.it\/magazine\/wp-content\/plugins\/pdf-print\/images\/print.png\" alt=\"image_print\" title=\"Stampa contenuto\" \/><span class=\"pdfprnt-button-title pdfprnt-button-print-title\">Download in PDF<\/span><\/a><\/div>","protected":false},"excerpt":{"rendered":"<p>Nel giorno dell\u2019anniversario della strage di via D\u2019Amelio, che uccise Borsellino e cinque agenti di<\/p>\n","protected":false},"author":1,"featured_media":416,"comment_status":"open","ping_status":"open","sticky":false,"template":"","format":"standard","meta":{"footnotes":""},"categories":[5,14],"tags":[],"class_list":["post-415","post","type-post","status-publish","format-standard","has-post-thumbnail","hentry","category-5","category-giffoni_experience"],"yoast_head":"<!-- This site is optimized with the Yoast SEO plugin v24.2 - https:\/\/yoast.com\/wordpress\/plugins\/seo\/ -->\n<title>Giffoni Experience: la giornata della legalita\u0300, cultura di responsabilita\u0300 e trasparenza - Polis SA Magazine<\/title>\n<meta name=\"robots\" content=\"index, follow, max-snippet:-1, max-image-preview:large, max-video-preview:-1\" \/>\n<link rel=\"canonical\" href=\"https:\/\/www.istitutogalanteoliva.it\/magazine\/2016\/07\/20\/giffoni-experience-la-giornata-della-legalita-cultura-di-responsabilita-e-trasparenza\/\" \/>\n<meta property=\"og:locale\" content=\"it_IT\" \/>\n<meta property=\"og:type\" content=\"article\" \/>\n<meta property=\"og:title\" content=\"Giffoni Experience: la giornata della legalita\u0300, cultura di responsabilita\u0300 e trasparenza - Polis SA Magazine\" \/>\n<meta property=\"og:description\" content=\"Nel giorno dell\u2019anniversario della strage di via D\u2019Amelio, che uccise Borsellino e cinque agenti di\" \/>\n<meta property=\"og:url\" content=\"https:\/\/www.istitutogalanteoliva.it\/magazine\/2016\/07\/20\/giffoni-experience-la-giornata-della-legalita-cultura-di-responsabilita-e-trasparenza\/\" \/>\n<meta property=\"og:site_name\" content=\"Polis SA Magazine\" \/>\n<meta property=\"article:publisher\" content=\"https:\/\/www.facebook.com\/PolisSAMagazine\/\" \/>\n<meta property=\"article:published_time\" content=\"2016-07-20T14:30:37+00:00\" \/>\n<meta property=\"article:modified_time\" content=\"2019-04-15T14:35:46+00:00\" \/>\n<meta property=\"og:image\" content=\"https:\/\/www.istitutogalanteoliva.it\/magazine\/wp-content\/uploads\/2019\/04\/giornata_legalita.jpg\" \/>\n\t<meta property=\"og:image:width\" content=\"640\" \/>\n\t<meta property=\"og:image:height\" content=\"294\" \/>\n\t<meta property=\"og:image:type\" content=\"image\/jpeg\" \/>\n<meta name=\"author\" content=\"admin\" \/>\n<meta name=\"twitter:card\" content=\"summary_large_image\" \/>\n<meta name=\"twitter:creator\" content=\"@MagazinePolis\" \/>\n<meta name=\"twitter:site\" content=\"@MagazinePolis\" \/>\n<meta name=\"twitter:label1\" content=\"Scritto da\" \/>\n\t<meta name=\"twitter:data1\" content=\"admin\" \/>\n\t<meta name=\"twitter:label2\" content=\"Tempo di lettura stimato\" \/>\n\t<meta name=\"twitter:data2\" content=\"2 minuti\" \/>\n<script type=\"application\/ld+json\" class=\"yoast-schema-graph\">{\"@context\":\"https:\/\/schema.org\",\"@graph\":[{\"@type\":\"Article\",\"@id\":\"https:\/\/www.istitutogalanteoliva.it\/magazine\/2016\/07\/20\/giffoni-experience-la-giornata-della-legalita-cultura-di-responsabilita-e-trasparenza\/#article\",\"isPartOf\":{\"@id\":\"https:\/\/www.istitutogalanteoliva.it\/magazine\/2016\/07\/20\/giffoni-experience-la-giornata-della-legalita-cultura-di-responsabilita-e-trasparenza\/\"},\"author\":{\"name\":\"admin\",\"@id\":\"https:\/\/www.istitutogalanteoliva.it\/magazine\/#\/schema\/person\/72e8141246542ebcf905456f5dbd4c49\"},\"headline\":\"Giffoni Experience: la giornata della legalita\u0300, cultura di responsabilita\u0300 e trasparenza\",\"datePublished\":\"2016-07-20T14:30:37+00:00\",\"dateModified\":\"2019-04-15T14:35:46+00:00\",\"mainEntityOfPage\":{\"@id\":\"https:\/\/www.istitutogalanteoliva.it\/magazine\/2016\/07\/20\/giffoni-experience-la-giornata-della-legalita-cultura-di-responsabilita-e-trasparenza\/\"},\"wordCount\":339,\"commentCount\":0,\"publisher\":{\"@id\":\"https:\/\/www.istitutogalanteoliva.it\/magazine\/#organization\"},\"image\":{\"@id\":\"https:\/\/www.istitutogalanteoliva.it\/magazine\/2016\/07\/20\/giffoni-experience-la-giornata-della-legalita-cultura-di-responsabilita-e-trasparenza\/#primaryimage\"},\"thumbnailUrl\":\"https:\/\/www.istitutogalanteoliva.it\/magazine\/wp-content\/uploads\/2019\/04\/giornata_legalita.jpg\",\"articleSection\":[\"2016\",\"Giffoni Experience\"],\"inLanguage\":\"it-IT\",\"potentialAction\":[{\"@type\":\"CommentAction\",\"name\":\"Comment\",\"target\":[\"https:\/\/www.istitutogalanteoliva.it\/magazine\/2016\/07\/20\/giffoni-experience-la-giornata-della-legalita-cultura-di-responsabilita-e-trasparenza\/#respond\"]}]},{\"@type\":\"WebPage\",\"@id\":\"https:\/\/www.istitutogalanteoliva.it\/magazine\/2016\/07\/20\/giffoni-experience-la-giornata-della-legalita-cultura-di-responsabilita-e-trasparenza\/\",\"url\":\"https:\/\/www.istitutogalanteoliva.it\/magazine\/2016\/07\/20\/giffoni-experience-la-giornata-della-legalita-cultura-di-responsabilita-e-trasparenza\/\",\"name\":\"Giffoni Experience: la giornata della legalita\u0300, cultura di responsabilita\u0300 e trasparenza - Polis SA Magazine\",\"isPartOf\":{\"@id\":\"https:\/\/www.istitutogalanteoliva.it\/magazine\/#website\"},\"primaryImageOfPage\":{\"@id\":\"https:\/\/www.istitutogalanteoliva.it\/magazine\/2016\/07\/20\/giffoni-experience-la-giornata-della-legalita-cultura-di-responsabilita-e-trasparenza\/#primaryimage\"},\"image\":{\"@id\":\"https:\/\/www.istitutogalanteoliva.it\/magazine\/2016\/07\/20\/giffoni-experience-la-giornata-della-legalita-cultura-di-responsabilita-e-trasparenza\/#primaryimage\"},\"thumbnailUrl\":\"https:\/\/www.istitutogalanteoliva.it\/magazine\/wp-content\/uploads\/2019\/04\/giornata_legalita.jpg\",\"datePublished\":\"2016-07-20T14:30:37+00:00\",\"dateModified\":\"2019-04-15T14:35:46+00:00\",\"breadcrumb\":{\"@id\":\"https:\/\/www.istitutogalanteoliva.it\/magazine\/2016\/07\/20\/giffoni-experience-la-giornata-della-legalita-cultura-di-responsabilita-e-trasparenza\/#breadcrumb\"},\"inLanguage\":\"it-IT\",\"potentialAction\":[{\"@type\":\"ReadAction\",\"target\":[\"https:\/\/www.istitutogalanteoliva.it\/magazine\/2016\/07\/20\/giffoni-experience-la-giornata-della-legalita-cultura-di-responsabilita-e-trasparenza\/\"]}]},{\"@type\":\"ImageObject\",\"inLanguage\":\"it-IT\",\"@id\":\"https:\/\/www.istitutogalanteoliva.it\/magazine\/2016\/07\/20\/giffoni-experience-la-giornata-della-legalita-cultura-di-responsabilita-e-trasparenza\/#primaryimage\",\"url\":\"https:\/\/www.istitutogalanteoliva.it\/magazine\/wp-content\/uploads\/2019\/04\/giornata_legalita.jpg\",\"contentUrl\":\"https:\/\/www.istitutogalanteoliva.it\/magazine\/wp-content\/uploads\/2019\/04\/giornata_legalita.jpg\",\"width\":640,\"height\":294},{\"@type\":\"BreadcrumbList\",\"@id\":\"https:\/\/www.istitutogalanteoliva.it\/magazine\/2016\/07\/20\/giffoni-experience-la-giornata-della-legalita-cultura-di-responsabilita-e-trasparenza\/#breadcrumb\",\"itemListElement\":[{\"@type\":\"ListItem\",\"position\":1,\"name\":\"Home\",\"item\":\"https:\/\/www.istitutogalanteoliva.it\/magazine\/\"},{\"@type\":\"ListItem\",\"position\":2,\"name\":\"Giffoni Experience: la giornata della legalita\u0300, cultura di responsabilita\u0300 e trasparenza\"}]},{\"@type\":\"WebSite\",\"@id\":\"https:\/\/www.istitutogalanteoliva.it\/magazine\/#website\",\"url\":\"https:\/\/www.istitutogalanteoliva.it\/magazine\/\",\"name\":\"POLIS SA MAGAZINE\",\"description\":\"Informazione e approfondimenti\",\"publisher\":{\"@id\":\"https:\/\/www.istitutogalanteoliva.it\/magazine\/#organization\"},\"potentialAction\":[{\"@type\":\"SearchAction\",\"target\":{\"@type\":\"EntryPoint\",\"urlTemplate\":\"https:\/\/www.istitutogalanteoliva.it\/magazine\/?s={search_term_string}\"},\"query-input\":{\"@type\":\"PropertyValueSpecification\",\"valueRequired\":true,\"valueName\":\"search_term_string\"}}],\"inLanguage\":\"it-IT\"},{\"@type\":\"Organization\",\"@id\":\"https:\/\/www.istitutogalanteoliva.it\/magazine\/#organization\",\"name\":\"Polis SA Magazine\",\"url\":\"https:\/\/www.istitutogalanteoliva.it\/magazine\/\",\"logo\":{\"@type\":\"ImageObject\",\"inLanguage\":\"it-IT\",\"@id\":\"https:\/\/www.istitutogalanteoliva.it\/magazine\/#\/schema\/logo\/image\/\",\"url\":\"\",\"contentUrl\":\"\",\"caption\":\"Polis SA Magazine\"},\"image\":{\"@id\":\"https:\/\/www.istitutogalanteoliva.it\/magazine\/#\/schema\/logo\/image\/\"},\"sameAs\":[\"https:\/\/www.facebook.com\/PolisSAMagazine\/\",\"https:\/\/x.com\/MagazinePolis\",\"https:\/\/www.youtube.com\/channel\/UCv0Mr5AHKUmsc0sEEXkJrgw\"]},{\"@type\":\"Person\",\"@id\":\"https:\/\/www.istitutogalanteoliva.it\/magazine\/#\/schema\/person\/72e8141246542ebcf905456f5dbd4c49\",\"name\":\"admin\",\"image\":{\"@type\":\"ImageObject\",\"inLanguage\":\"it-IT\",\"@id\":\"https:\/\/www.istitutogalanteoliva.it\/magazine\/#\/schema\/person\/image\/\",\"url\":\"https:\/\/secure.gravatar.com\/avatar\/07059cc99eeb1edd29e138d1812e69ec?s=96&d=mm&r=g\",\"contentUrl\":\"https:\/\/secure.gravatar.com\/avatar\/07059cc99eeb1edd29e138d1812e69ec?s=96&d=mm&r=g\",\"caption\":\"admin\"},\"url\":\"https:\/\/www.istitutogalanteoliva.it\/magazine\/author\/admin\/\"}]}<\/script>\n<!-- \/ Yoast SEO plugin. -->","yoast_head_json":{"title":"Giffoni Experience: la giornata della legalita\u0300, cultura di responsabilita\u0300 e trasparenza - Polis SA Magazine","robots":{"index":"index","follow":"follow","max-snippet":"max-snippet:-1","max-image-preview":"max-image-preview:large","max-video-preview":"max-video-preview:-1"},"canonical":"https:\/\/www.istitutogalanteoliva.it\/magazine\/2016\/07\/20\/giffoni-experience-la-giornata-della-legalita-cultura-di-responsabilita-e-trasparenza\/","og_locale":"it_IT","og_type":"article","og_title":"Giffoni Experience: la giornata della legalita\u0300, cultura di responsabilita\u0300 e trasparenza - Polis SA Magazine","og_description":"Nel giorno dell\u2019anniversario della strage di via D\u2019Amelio, che uccise Borsellino e cinque agenti di","og_url":"https:\/\/www.istitutogalanteoliva.it\/magazine\/2016\/07\/20\/giffoni-experience-la-giornata-della-legalita-cultura-di-responsabilita-e-trasparenza\/","og_site_name":"Polis SA Magazine","article_publisher":"https:\/\/www.facebook.com\/PolisSAMagazine\/","article_published_time":"2016-07-20T14:30:37+00:00","article_modified_time":"2019-04-15T14:35:46+00:00","og_image":[{"width":640,"height":294,"url":"https:\/\/www.istitutogalanteoliva.it\/magazine\/wp-content\/uploads\/2019\/04\/giornata_legalita.jpg","type":"image\/jpeg"}],"author":"admin","twitter_card":"summary_large_image","twitter_creator":"@MagazinePolis","twitter_site":"@MagazinePolis","twitter_misc":{"Scritto da":"admin","Tempo di lettura stimato":"2 minuti"},"schema":{"@context":"https:\/\/schema.org","@graph":[{"@type":"Article","@id":"https:\/\/www.istitutogalanteoliva.it\/magazine\/2016\/07\/20\/giffoni-experience-la-giornata-della-legalita-cultura-di-responsabilita-e-trasparenza\/#article","isPartOf":{"@id":"https:\/\/www.istitutogalanteoliva.it\/magazine\/2016\/07\/20\/giffoni-experience-la-giornata-della-legalita-cultura-di-responsabilita-e-trasparenza\/"},"author":{"name":"admin","@id":"https:\/\/www.istitutogalanteoliva.it\/magazine\/#\/schema\/person\/72e8141246542ebcf905456f5dbd4c49"},"headline":"Giffoni Experience: la giornata della legalita\u0300, cultura di responsabilita\u0300 e trasparenza","datePublished":"2016-07-20T14:30:37+00:00","dateModified":"2019-04-15T14:35:46+00:00","mainEntityOfPage":{"@id":"https:\/\/www.istitutogalanteoliva.it\/magazine\/2016\/07\/20\/giffoni-experience-la-giornata-della-legalita-cultura-di-responsabilita-e-trasparenza\/"},"wordCount":339,"commentCount":0,"publisher":{"@id":"https:\/\/www.istitutogalanteoliva.it\/magazine\/#organization"},"image":{"@id":"https:\/\/www.istitutogalanteoliva.it\/magazine\/2016\/07\/20\/giffoni-experience-la-giornata-della-legalita-cultura-di-responsabilita-e-trasparenza\/#primaryimage"},"thumbnailUrl":"https:\/\/www.istitutogalanteoliva.it\/magazine\/wp-content\/uploads\/2019\/04\/giornata_legalita.jpg","articleSection":["2016","Giffoni Experience"],"inLanguage":"it-IT","potentialAction":[{"@type":"CommentAction","name":"Comment","target":["https:\/\/www.istitutogalanteoliva.it\/magazine\/2016\/07\/20\/giffoni-experience-la-giornata-della-legalita-cultura-di-responsabilita-e-trasparenza\/#respond"]}]},{"@type":"WebPage","@id":"https:\/\/www.istitutogalanteoliva.it\/magazine\/2016\/07\/20\/giffoni-experience-la-giornata-della-legalita-cultura-di-responsabilita-e-trasparenza\/","url":"https:\/\/www.istitutogalanteoliva.it\/magazine\/2016\/07\/20\/giffoni-experience-la-giornata-della-legalita-cultura-di-responsabilita-e-trasparenza\/","name":"Giffoni Experience: la giornata della legalita\u0300, cultura di responsabilita\u0300 e trasparenza - Polis SA Magazine","isPartOf":{"@id":"https:\/\/www.istitutogalanteoliva.it\/magazine\/#website"},"primaryImageOfPage":{"@id":"https:\/\/www.istitutogalanteoliva.it\/magazine\/2016\/07\/20\/giffoni-experience-la-giornata-della-legalita-cultura-di-responsabilita-e-trasparenza\/#primaryimage"},"image":{"@id":"https:\/\/www.istitutogalanteoliva.it\/magazine\/2016\/07\/20\/giffoni-experience-la-giornata-della-legalita-cultura-di-responsabilita-e-trasparenza\/#primaryimage"},"thumbnailUrl":"https:\/\/www.istitutogalanteoliva.it\/magazine\/wp-content\/uploads\/2019\/04\/giornata_legalita.jpg","datePublished":"2016-07-20T14:30:37+00:00","dateModified":"2019-04-15T14:35:46+00:00","breadcrumb":{"@id":"https:\/\/www.istitutogalanteoliva.it\/magazine\/2016\/07\/20\/giffoni-experience-la-giornata-della-legalita-cultura-di-responsabilita-e-trasparenza\/#breadcrumb"},"inLanguage":"it-IT","potentialAction":[{"@type":"ReadAction","target":["https:\/\/www.istitutogalanteoliva.it\/magazine\/2016\/07\/20\/giffoni-experience-la-giornata-della-legalita-cultura-di-responsabilita-e-trasparenza\/"]}]},{"@type":"ImageObject","inLanguage":"it-IT","@id":"https:\/\/www.istitutogalanteoliva.it\/magazine\/2016\/07\/20\/giffoni-experience-la-giornata-della-legalita-cultura-di-responsabilita-e-trasparenza\/#primaryimage","url":"https:\/\/www.istitutogalanteoliva.it\/magazine\/wp-content\/uploads\/2019\/04\/giornata_legalita.jpg","contentUrl":"https:\/\/www.istitutogalanteoliva.it\/magazine\/wp-content\/uploads\/2019\/04\/giornata_legalita.jpg","width":640,"height":294},{"@type":"BreadcrumbList","@id":"https:\/\/www.istitutogalanteoliva.it\/magazine\/2016\/07\/20\/giffoni-experience-la-giornata-della-legalita-cultura-di-responsabilita-e-trasparenza\/#breadcrumb","itemListElement":[{"@type":"ListItem","position":1,"name":"Home","item":"https:\/\/www.istitutogalanteoliva.it\/magazine\/"},{"@type":"ListItem","position":2,"name":"Giffoni Experience: la giornata della legalita\u0300, cultura di responsabilita\u0300 e trasparenza"}]},{"@type":"WebSite","@id":"https:\/\/www.istitutogalanteoliva.it\/magazine\/#website","url":"https:\/\/www.istitutogalanteoliva.it\/magazine\/","name":"POLIS SA MAGAZINE","description":"Informazione e approfondimenti","publisher":{"@id":"https:\/\/www.istitutogalanteoliva.it\/magazine\/#organization"},"potentialAction":[{"@type":"SearchAction","target":{"@type":"EntryPoint","urlTemplate":"https:\/\/www.istitutogalanteoliva.it\/magazine\/?s={search_term_string}"},"query-input":{"@type":"PropertyValueSpecification","valueRequired":true,"valueName":"search_term_string"}}],"inLanguage":"it-IT"},{"@type":"Organization","@id":"https:\/\/www.istitutogalanteoliva.it\/magazine\/#organization","name":"Polis SA Magazine","url":"https:\/\/www.istitutogalanteoliva.it\/magazine\/","logo":{"@type":"ImageObject","inLanguage":"it-IT","@id":"https:\/\/www.istitutogalanteoliva.it\/magazine\/#\/schema\/logo\/image\/","url":"","contentUrl":"","caption":"Polis SA Magazine"},"image":{"@id":"https:\/\/www.istitutogalanteoliva.it\/magazine\/#\/schema\/logo\/image\/"},"sameAs":["https:\/\/www.facebook.com\/PolisSAMagazine\/","https:\/\/x.com\/MagazinePolis","https:\/\/www.youtube.com\/channel\/UCv0Mr5AHKUmsc0sEEXkJrgw"]},{"@type":"Person","@id":"https:\/\/www.istitutogalanteoliva.it\/magazine\/#\/schema\/person\/72e8141246542ebcf905456f5dbd4c49","name":"admin","image":{"@type":"ImageObject","inLanguage":"it-IT","@id":"https:\/\/www.istitutogalanteoliva.it\/magazine\/#\/schema\/person\/image\/","url":"https:\/\/secure.gravatar.com\/avatar\/07059cc99eeb1edd29e138d1812e69ec?s=96&d=mm&r=g","contentUrl":"https:\/\/secure.gravatar.com\/avatar\/07059cc99eeb1edd29e138d1812e69ec?s=96&d=mm&r=g","caption":"admin"},"url":"https:\/\/www.istitutogalanteoliva.it\/magazine\/author\/admin\/"}]}},"_links":{"self":[{"href":"https:\/\/www.istitutogalanteoliva.it\/magazine\/wp-json\/wp\/v2\/posts\/415","targetHints":{"allow":["GET"]}}],"collection":[{"href":"https:\/\/www.istitutogalanteoliva.it\/magazine\/wp-json\/wp\/v2\/posts"}],"about":[{"href":"https:\/\/www.istitutogalanteoliva.it\/magazine\/wp-json\/wp\/v2\/types\/post"}],"author":[{"embeddable":true,"href":"https:\/\/www.istitutogalanteoliva.it\/magazine\/wp-json\/wp\/v2\/users\/1"}],"replies":[{"embeddable":true,"href":"https:\/\/www.istitutogalanteoliva.it\/magazine\/wp-json\/wp\/v2\/comments?post=415"}],"version-history":[{"count":1,"href":"https:\/\/www.istitutogalanteoliva.it\/magazine\/wp-json\/wp\/v2\/posts\/415\/revisions"}],"predecessor-version":[{"id":417,"href":"https:\/\/www.istitutogalanteoliva.it\/magazine\/wp-json\/wp\/v2\/posts\/415\/revisions\/417"}],"wp:featuredmedia":[{"embeddable":true,"href":"https:\/\/www.istitutogalanteoliva.it\/magazine\/wp-json\/wp\/v2\/media\/416"}],"wp:attachment":[{"href":"https:\/\/www.istitutogalanteoliva.it\/magazine\/wp-json\/wp\/v2\/media?parent=415"}],"wp:term":[{"taxonomy":"category","embeddable":true,"href":"https:\/\/www.istitutogalanteoliva.it\/magazine\/wp-json\/wp\/v2\/categories?post=415"},{"taxonomy":"post_tag","embeddable":true,"href":"https:\/\/www.istitutogalanteoliva.it\/magazine\/wp-json\/wp\/v2\/tags?post=415"}],"curies":[{"name":"wp","href":"https:\/\/api.w.org\/{rel}","templated":true}]}}