{"id":422,"date":"2016-07-20T16:40:22","date_gmt":"2016-07-20T14:40:22","guid":{"rendered":"http:\/\/www.edizionipolis.it\/magazine\/?p=422"},"modified":"2019-04-15T16:44:28","modified_gmt":"2019-04-15T14:44:28","slug":"giffoni-experience-luca-marinellii-matilde-gioli-e-matteo-garrone","status":"publish","type":"post","link":"https:\/\/www.istitutogalanteoliva.it\/magazine\/2016\/07\/20\/giffoni-experience-luca-marinellii-matilde-gioli-e-matteo-garrone\/","title":{"rendered":"Giffoni Experience: Luca MarinellIi, Matilde Gioli e Matteo Garrone"},"content":{"rendered":"\n<p>Il giovanissimo Luca Marinelli vanta gi\u00e0 una carriera di tutto rispetto: da giovane doppiatore dei nipoti di Topolino, Tip e Tap, fino al debutto nei panni di Mattia, il protagonista del film \u201cLa Solitudine dei numeri primi\u201d. Dopo tre anni ha vestito i panni i Guido, nel film \u201cTutti i Santi Giorni\u201d di Virz\u00ec, per cui sar\u00e0 candidato come migliore attore ai David di Donatello. Nello stesso anno interpreter\u00e0 Andrea, nel film premio Oscar \u201cLa Grande Bellezza\u201d. Quest\u2019anno \u00e8 stato premiato come migliore attore non protagonista ai David di Donatello, per il suo Zingaro nel sorprendente \u201cLo chiamavano Jeeg Robot\u201d di Mainetti. Torner\u00e0 a breve con le pellicole \u201cLasciati Andare\u201d e \u201cTutto per una ragazza\u201d. Alle ore 17 sfiler\u00e0 sul <em>blue carpet <\/em>del GFF2016. <\/p>\n\n\n\n<p>Matilde Gioli ha esordito ne \u201cIl Capitale Umano\u201d di Virz\u00ec e vinto numerosi premi: il Premio Guglielmo Biraghi, Alida Valli (Bari International Film Festival) e una candidatura ai Ciack d\u2019oro, come migliore attrice non protagonista. Dopo un cameo in \u201cGomorra \u2013 La serie\u201d e il cortometraggio Claustrophonia, \u00e8 stata scelta come valletta del remake del programma Rischiatutto. Sar\u00e0 ospite alla Masterclass, presso l\u2019Antica Ramiera, alle ore 18. <\/p>\n\n\n\n<p>L\u2019ospite pi\u00f9 atteso, per\u00f2, \u00e8 il regista Matteo Garrone. Il suo amore per l\u2019immagine lo consacra come uno dei maggiori interpreti contemporanei del filone realista. I suoi maggiori corti sono stati \u201cSilhouette\u201d e \u201cOspiti\u201d, oltre ai documentari \u201cEstate Romana\u201d e \u201cOreste Pipolo\u201d. Acquisisce consensi pi\u00f9 ampi con la collaborazione ne \u201cIl Caimano\u201d, con il regista Nanni Moretti, e con la direzione della pellicola che lo render\u00e0 famoso al grande pubblico, \u201cGomorra\u201d, tratta dal libro di Saviano, vincitrice del Gran Premio al Festival di Cannes e di svariati David di Donatello. Due anni dopo, \u201cReality\u201d conquista il Gran Premio della Giuria, due Nastri d\u2019argento e te David di Donatello. \u00c8 ospite al Giffoni Film Festival per presentare \u201cTale of Tales \u2013 Il racconto dei racconti\u201d, con cui ha voluto affrescare, ricordando il suo passato da pittore, il periodo barocco. Il film \u00e8 stato proiettato alle ore 10.00 in Sala De Sica. Sar\u00e0 possibile incontrare il regista alle 16.30 per una <em>masterclass <\/em>all\u2019Antica Ramiera e alle ore 18.10 sul <em>blue carpet<\/em>. <\/p>\n<div class=\"pdfprnt-buttons pdfprnt-buttons-post pdfprnt-bottom-left\"><a href=\"https:\/\/www.istitutogalanteoliva.it\/magazine\/wp-json\/wp\/v2\/posts\/422?print=print\" class=\"pdfprnt-button pdfprnt-button-print\" target=\"_blank\"><img decoding=\"async\" src=\"https:\/\/www.istitutogalanteoliva.it\/magazine\/wp-content\/plugins\/pdf-print\/images\/print.png\" alt=\"image_print\" title=\"Stampa contenuto\" \/><span class=\"pdfprnt-button-title pdfprnt-button-print-title\">Download in PDF<\/span><\/a><\/div>","protected":false},"excerpt":{"rendered":"<p>Il giovanissimo Luca Marinelli vanta gi\u00e0 una carriera di tutto rispetto: da giovane doppiatore dei<\/p>\n","protected":false},"author":1,"featured_media":423,"comment_status":"open","ping_status":"open","sticky":false,"template":"","format":"standard","meta":{"footnotes":""},"categories":[5,14],"tags":[],"class_list":["post-422","post","type-post","status-publish","format-standard","has-post-thumbnail","hentry","category-5","category-giffoni_experience"],"yoast_head":"<!-- This site is optimized with the Yoast SEO plugin v24.2 - https:\/\/yoast.com\/wordpress\/plugins\/seo\/ -->\n<title>Giffoni Experience: Luca MarinellIi, Matilde Gioli e Matteo Garrone - Polis SA Magazine<\/title>\n<meta name=\"robots\" content=\"index, follow, max-snippet:-1, max-image-preview:large, max-video-preview:-1\" \/>\n<link rel=\"canonical\" href=\"https:\/\/www.istitutogalanteoliva.it\/magazine\/2016\/07\/20\/giffoni-experience-luca-marinellii-matilde-gioli-e-matteo-garrone\/\" \/>\n<meta property=\"og:locale\" content=\"it_IT\" \/>\n<meta property=\"og:type\" content=\"article\" \/>\n<meta property=\"og:title\" content=\"Giffoni Experience: Luca MarinellIi, Matilde Gioli e Matteo Garrone - Polis SA Magazine\" \/>\n<meta property=\"og:description\" content=\"Il giovanissimo Luca Marinelli vanta gi\u00e0 una carriera di tutto rispetto: da giovane doppiatore dei\" \/>\n<meta property=\"og:url\" content=\"https:\/\/www.istitutogalanteoliva.it\/magazine\/2016\/07\/20\/giffoni-experience-luca-marinellii-matilde-gioli-e-matteo-garrone\/\" \/>\n<meta property=\"og:site_name\" content=\"Polis SA Magazine\" \/>\n<meta property=\"article:publisher\" content=\"https:\/\/www.facebook.com\/PolisSAMagazine\/\" \/>\n<meta property=\"article:published_time\" content=\"2016-07-20T14:40:22+00:00\" \/>\n<meta property=\"article:modified_time\" content=\"2019-04-15T14:44:28+00:00\" \/>\n<meta property=\"og:image\" content=\"https:\/\/www.istitutogalanteoliva.it\/magazine\/wp-content\/uploads\/2019\/04\/marinelli.jpg\" \/>\n\t<meta property=\"og:image:width\" content=\"640\" \/>\n\t<meta property=\"og:image:height\" content=\"456\" \/>\n\t<meta property=\"og:image:type\" content=\"image\/jpeg\" \/>\n<meta name=\"author\" content=\"admin\" \/>\n<meta name=\"twitter:card\" content=\"summary_large_image\" \/>\n<meta name=\"twitter:creator\" content=\"@MagazinePolis\" \/>\n<meta name=\"twitter:site\" content=\"@MagazinePolis\" \/>\n<meta name=\"twitter:label1\" content=\"Scritto da\" \/>\n\t<meta name=\"twitter:data1\" content=\"admin\" \/>\n\t<meta name=\"twitter:label2\" content=\"Tempo di lettura stimato\" \/>\n\t<meta name=\"twitter:data2\" content=\"2 minuti\" \/>\n<script type=\"application\/ld+json\" class=\"yoast-schema-graph\">{\"@context\":\"https:\/\/schema.org\",\"@graph\":[{\"@type\":\"Article\",\"@id\":\"https:\/\/www.istitutogalanteoliva.it\/magazine\/2016\/07\/20\/giffoni-experience-luca-marinellii-matilde-gioli-e-matteo-garrone\/#article\",\"isPartOf\":{\"@id\":\"https:\/\/www.istitutogalanteoliva.it\/magazine\/2016\/07\/20\/giffoni-experience-luca-marinellii-matilde-gioli-e-matteo-garrone\/\"},\"author\":{\"name\":\"admin\",\"@id\":\"https:\/\/www.istitutogalanteoliva.it\/magazine\/#\/schema\/person\/72e8141246542ebcf905456f5dbd4c49\"},\"headline\":\"Giffoni Experience: Luca MarinellIi, Matilde Gioli e Matteo Garrone\",\"datePublished\":\"2016-07-20T14:40:22+00:00\",\"dateModified\":\"2019-04-15T14:44:28+00:00\",\"mainEntityOfPage\":{\"@id\":\"https:\/\/www.istitutogalanteoliva.it\/magazine\/2016\/07\/20\/giffoni-experience-luca-marinellii-matilde-gioli-e-matteo-garrone\/\"},\"wordCount\":364,\"commentCount\":0,\"publisher\":{\"@id\":\"https:\/\/www.istitutogalanteoliva.it\/magazine\/#organization\"},\"image\":{\"@id\":\"https:\/\/www.istitutogalanteoliva.it\/magazine\/2016\/07\/20\/giffoni-experience-luca-marinellii-matilde-gioli-e-matteo-garrone\/#primaryimage\"},\"thumbnailUrl\":\"https:\/\/www.istitutogalanteoliva.it\/magazine\/wp-content\/uploads\/2019\/04\/marinelli.jpg\",\"articleSection\":[\"2016\",\"Giffoni Experience\"],\"inLanguage\":\"it-IT\",\"potentialAction\":[{\"@type\":\"CommentAction\",\"name\":\"Comment\",\"target\":[\"https:\/\/www.istitutogalanteoliva.it\/magazine\/2016\/07\/20\/giffoni-experience-luca-marinellii-matilde-gioli-e-matteo-garrone\/#respond\"]}]},{\"@type\":\"WebPage\",\"@id\":\"https:\/\/www.istitutogalanteoliva.it\/magazine\/2016\/07\/20\/giffoni-experience-luca-marinellii-matilde-gioli-e-matteo-garrone\/\",\"url\":\"https:\/\/www.istitutogalanteoliva.it\/magazine\/2016\/07\/20\/giffoni-experience-luca-marinellii-matilde-gioli-e-matteo-garrone\/\",\"name\":\"Giffoni Experience: Luca MarinellIi, Matilde Gioli e Matteo Garrone - Polis SA Magazine\",\"isPartOf\":{\"@id\":\"https:\/\/www.istitutogalanteoliva.it\/magazine\/#website\"},\"primaryImageOfPage\":{\"@id\":\"https:\/\/www.istitutogalanteoliva.it\/magazine\/2016\/07\/20\/giffoni-experience-luca-marinellii-matilde-gioli-e-matteo-garrone\/#primaryimage\"},\"image\":{\"@id\":\"https:\/\/www.istitutogalanteoliva.it\/magazine\/2016\/07\/20\/giffoni-experience-luca-marinellii-matilde-gioli-e-matteo-garrone\/#primaryimage\"},\"thumbnailUrl\":\"https:\/\/www.istitutogalanteoliva.it\/magazine\/wp-content\/uploads\/2019\/04\/marinelli.jpg\",\"datePublished\":\"2016-07-20T14:40:22+00:00\",\"dateModified\":\"2019-04-15T14:44:28+00:00\",\"breadcrumb\":{\"@id\":\"https:\/\/www.istitutogalanteoliva.it\/magazine\/2016\/07\/20\/giffoni-experience-luca-marinellii-matilde-gioli-e-matteo-garrone\/#breadcrumb\"},\"inLanguage\":\"it-IT\",\"potentialAction\":[{\"@type\":\"ReadAction\",\"target\":[\"https:\/\/www.istitutogalanteoliva.it\/magazine\/2016\/07\/20\/giffoni-experience-luca-marinellii-matilde-gioli-e-matteo-garrone\/\"]}]},{\"@type\":\"ImageObject\",\"inLanguage\":\"it-IT\",\"@id\":\"https:\/\/www.istitutogalanteoliva.it\/magazine\/2016\/07\/20\/giffoni-experience-luca-marinellii-matilde-gioli-e-matteo-garrone\/#primaryimage\",\"url\":\"https:\/\/www.istitutogalanteoliva.it\/magazine\/wp-content\/uploads\/2019\/04\/marinelli.jpg\",\"contentUrl\":\"https:\/\/www.istitutogalanteoliva.it\/magazine\/wp-content\/uploads\/2019\/04\/marinelli.jpg\",\"width\":640,\"height\":456},{\"@type\":\"BreadcrumbList\",\"@id\":\"https:\/\/www.istitutogalanteoliva.it\/magazine\/2016\/07\/20\/giffoni-experience-luca-marinellii-matilde-gioli-e-matteo-garrone\/#breadcrumb\",\"itemListElement\":[{\"@type\":\"ListItem\",\"position\":1,\"name\":\"Home\",\"item\":\"https:\/\/www.istitutogalanteoliva.it\/magazine\/\"},{\"@type\":\"ListItem\",\"position\":2,\"name\":\"Giffoni Experience: Luca MarinellIi, Matilde Gioli e Matteo Garrone\"}]},{\"@type\":\"WebSite\",\"@id\":\"https:\/\/www.istitutogalanteoliva.it\/magazine\/#website\",\"url\":\"https:\/\/www.istitutogalanteoliva.it\/magazine\/\",\"name\":\"POLIS SA MAGAZINE\",\"description\":\"Informazione e approfondimenti\",\"publisher\":{\"@id\":\"https:\/\/www.istitutogalanteoliva.it\/magazine\/#organization\"},\"potentialAction\":[{\"@type\":\"SearchAction\",\"target\":{\"@type\":\"EntryPoint\",\"urlTemplate\":\"https:\/\/www.istitutogalanteoliva.it\/magazine\/?s={search_term_string}\"},\"query-input\":{\"@type\":\"PropertyValueSpecification\",\"valueRequired\":true,\"valueName\":\"search_term_string\"}}],\"inLanguage\":\"it-IT\"},{\"@type\":\"Organization\",\"@id\":\"https:\/\/www.istitutogalanteoliva.it\/magazine\/#organization\",\"name\":\"Polis SA Magazine\",\"url\":\"https:\/\/www.istitutogalanteoliva.it\/magazine\/\",\"logo\":{\"@type\":\"ImageObject\",\"inLanguage\":\"it-IT\",\"@id\":\"https:\/\/www.istitutogalanteoliva.it\/magazine\/#\/schema\/logo\/image\/\",\"url\":\"\",\"contentUrl\":\"\",\"caption\":\"Polis SA Magazine\"},\"image\":{\"@id\":\"https:\/\/www.istitutogalanteoliva.it\/magazine\/#\/schema\/logo\/image\/\"},\"sameAs\":[\"https:\/\/www.facebook.com\/PolisSAMagazine\/\",\"https:\/\/x.com\/MagazinePolis\",\"https:\/\/www.youtube.com\/channel\/UCv0Mr5AHKUmsc0sEEXkJrgw\"]},{\"@type\":\"Person\",\"@id\":\"https:\/\/www.istitutogalanteoliva.it\/magazine\/#\/schema\/person\/72e8141246542ebcf905456f5dbd4c49\",\"name\":\"admin\",\"image\":{\"@type\":\"ImageObject\",\"inLanguage\":\"it-IT\",\"@id\":\"https:\/\/www.istitutogalanteoliva.it\/magazine\/#\/schema\/person\/image\/\",\"url\":\"https:\/\/secure.gravatar.com\/avatar\/07059cc99eeb1edd29e138d1812e69ec?s=96&d=mm&r=g\",\"contentUrl\":\"https:\/\/secure.gravatar.com\/avatar\/07059cc99eeb1edd29e138d1812e69ec?s=96&d=mm&r=g\",\"caption\":\"admin\"},\"url\":\"https:\/\/www.istitutogalanteoliva.it\/magazine\/author\/admin\/\"}]}<\/script>\n<!-- \/ Yoast SEO plugin. -->","yoast_head_json":{"title":"Giffoni Experience: Luca MarinellIi, Matilde Gioli e Matteo Garrone - Polis SA Magazine","robots":{"index":"index","follow":"follow","max-snippet":"max-snippet:-1","max-image-preview":"max-image-preview:large","max-video-preview":"max-video-preview:-1"},"canonical":"https:\/\/www.istitutogalanteoliva.it\/magazine\/2016\/07\/20\/giffoni-experience-luca-marinellii-matilde-gioli-e-matteo-garrone\/","og_locale":"it_IT","og_type":"article","og_title":"Giffoni Experience: Luca MarinellIi, Matilde Gioli e Matteo Garrone - Polis SA Magazine","og_description":"Il giovanissimo Luca Marinelli vanta gi\u00e0 una carriera di tutto rispetto: da giovane doppiatore dei","og_url":"https:\/\/www.istitutogalanteoliva.it\/magazine\/2016\/07\/20\/giffoni-experience-luca-marinellii-matilde-gioli-e-matteo-garrone\/","og_site_name":"Polis SA Magazine","article_publisher":"https:\/\/www.facebook.com\/PolisSAMagazine\/","article_published_time":"2016-07-20T14:40:22+00:00","article_modified_time":"2019-04-15T14:44:28+00:00","og_image":[{"width":640,"height":456,"url":"https:\/\/www.istitutogalanteoliva.it\/magazine\/wp-content\/uploads\/2019\/04\/marinelli.jpg","type":"image\/jpeg"}],"author":"admin","twitter_card":"summary_large_image","twitter_creator":"@MagazinePolis","twitter_site":"@MagazinePolis","twitter_misc":{"Scritto da":"admin","Tempo di lettura stimato":"2 minuti"},"schema":{"@context":"https:\/\/schema.org","@graph":[{"@type":"Article","@id":"https:\/\/www.istitutogalanteoliva.it\/magazine\/2016\/07\/20\/giffoni-experience-luca-marinellii-matilde-gioli-e-matteo-garrone\/#article","isPartOf":{"@id":"https:\/\/www.istitutogalanteoliva.it\/magazine\/2016\/07\/20\/giffoni-experience-luca-marinellii-matilde-gioli-e-matteo-garrone\/"},"author":{"name":"admin","@id":"https:\/\/www.istitutogalanteoliva.it\/magazine\/#\/schema\/person\/72e8141246542ebcf905456f5dbd4c49"},"headline":"Giffoni Experience: Luca MarinellIi, Matilde Gioli e Matteo Garrone","datePublished":"2016-07-20T14:40:22+00:00","dateModified":"2019-04-15T14:44:28+00:00","mainEntityOfPage":{"@id":"https:\/\/www.istitutogalanteoliva.it\/magazine\/2016\/07\/20\/giffoni-experience-luca-marinellii-matilde-gioli-e-matteo-garrone\/"},"wordCount":364,"commentCount":0,"publisher":{"@id":"https:\/\/www.istitutogalanteoliva.it\/magazine\/#organization"},"image":{"@id":"https:\/\/www.istitutogalanteoliva.it\/magazine\/2016\/07\/20\/giffoni-experience-luca-marinellii-matilde-gioli-e-matteo-garrone\/#primaryimage"},"thumbnailUrl":"https:\/\/www.istitutogalanteoliva.it\/magazine\/wp-content\/uploads\/2019\/04\/marinelli.jpg","articleSection":["2016","Giffoni Experience"],"inLanguage":"it-IT","potentialAction":[{"@type":"CommentAction","name":"Comment","target":["https:\/\/www.istitutogalanteoliva.it\/magazine\/2016\/07\/20\/giffoni-experience-luca-marinellii-matilde-gioli-e-matteo-garrone\/#respond"]}]},{"@type":"WebPage","@id":"https:\/\/www.istitutogalanteoliva.it\/magazine\/2016\/07\/20\/giffoni-experience-luca-marinellii-matilde-gioli-e-matteo-garrone\/","url":"https:\/\/www.istitutogalanteoliva.it\/magazine\/2016\/07\/20\/giffoni-experience-luca-marinellii-matilde-gioli-e-matteo-garrone\/","name":"Giffoni Experience: Luca MarinellIi, Matilde Gioli e Matteo Garrone - Polis SA Magazine","isPartOf":{"@id":"https:\/\/www.istitutogalanteoliva.it\/magazine\/#website"},"primaryImageOfPage":{"@id":"https:\/\/www.istitutogalanteoliva.it\/magazine\/2016\/07\/20\/giffoni-experience-luca-marinellii-matilde-gioli-e-matteo-garrone\/#primaryimage"},"image":{"@id":"https:\/\/www.istitutogalanteoliva.it\/magazine\/2016\/07\/20\/giffoni-experience-luca-marinellii-matilde-gioli-e-matteo-garrone\/#primaryimage"},"thumbnailUrl":"https:\/\/www.istitutogalanteoliva.it\/magazine\/wp-content\/uploads\/2019\/04\/marinelli.jpg","datePublished":"2016-07-20T14:40:22+00:00","dateModified":"2019-04-15T14:44:28+00:00","breadcrumb":{"@id":"https:\/\/www.istitutogalanteoliva.it\/magazine\/2016\/07\/20\/giffoni-experience-luca-marinellii-matilde-gioli-e-matteo-garrone\/#breadcrumb"},"inLanguage":"it-IT","potentialAction":[{"@type":"ReadAction","target":["https:\/\/www.istitutogalanteoliva.it\/magazine\/2016\/07\/20\/giffoni-experience-luca-marinellii-matilde-gioli-e-matteo-garrone\/"]}]},{"@type":"ImageObject","inLanguage":"it-IT","@id":"https:\/\/www.istitutogalanteoliva.it\/magazine\/2016\/07\/20\/giffoni-experience-luca-marinellii-matilde-gioli-e-matteo-garrone\/#primaryimage","url":"https:\/\/www.istitutogalanteoliva.it\/magazine\/wp-content\/uploads\/2019\/04\/marinelli.jpg","contentUrl":"https:\/\/www.istitutogalanteoliva.it\/magazine\/wp-content\/uploads\/2019\/04\/marinelli.jpg","width":640,"height":456},{"@type":"BreadcrumbList","@id":"https:\/\/www.istitutogalanteoliva.it\/magazine\/2016\/07\/20\/giffoni-experience-luca-marinellii-matilde-gioli-e-matteo-garrone\/#breadcrumb","itemListElement":[{"@type":"ListItem","position":1,"name":"Home","item":"https:\/\/www.istitutogalanteoliva.it\/magazine\/"},{"@type":"ListItem","position":2,"name":"Giffoni Experience: Luca MarinellIi, Matilde Gioli e Matteo Garrone"}]},{"@type":"WebSite","@id":"https:\/\/www.istitutogalanteoliva.it\/magazine\/#website","url":"https:\/\/www.istitutogalanteoliva.it\/magazine\/","name":"POLIS SA MAGAZINE","description":"Informazione e approfondimenti","publisher":{"@id":"https:\/\/www.istitutogalanteoliva.it\/magazine\/#organization"},"potentialAction":[{"@type":"SearchAction","target":{"@type":"EntryPoint","urlTemplate":"https:\/\/www.istitutogalanteoliva.it\/magazine\/?s={search_term_string}"},"query-input":{"@type":"PropertyValueSpecification","valueRequired":true,"valueName":"search_term_string"}}],"inLanguage":"it-IT"},{"@type":"Organization","@id":"https:\/\/www.istitutogalanteoliva.it\/magazine\/#organization","name":"Polis SA Magazine","url":"https:\/\/www.istitutogalanteoliva.it\/magazine\/","logo":{"@type":"ImageObject","inLanguage":"it-IT","@id":"https:\/\/www.istitutogalanteoliva.it\/magazine\/#\/schema\/logo\/image\/","url":"","contentUrl":"","caption":"Polis SA Magazine"},"image":{"@id":"https:\/\/www.istitutogalanteoliva.it\/magazine\/#\/schema\/logo\/image\/"},"sameAs":["https:\/\/www.facebook.com\/PolisSAMagazine\/","https:\/\/x.com\/MagazinePolis","https:\/\/www.youtube.com\/channel\/UCv0Mr5AHKUmsc0sEEXkJrgw"]},{"@type":"Person","@id":"https:\/\/www.istitutogalanteoliva.it\/magazine\/#\/schema\/person\/72e8141246542ebcf905456f5dbd4c49","name":"admin","image":{"@type":"ImageObject","inLanguage":"it-IT","@id":"https:\/\/www.istitutogalanteoliva.it\/magazine\/#\/schema\/person\/image\/","url":"https:\/\/secure.gravatar.com\/avatar\/07059cc99eeb1edd29e138d1812e69ec?s=96&d=mm&r=g","contentUrl":"https:\/\/secure.gravatar.com\/avatar\/07059cc99eeb1edd29e138d1812e69ec?s=96&d=mm&r=g","caption":"admin"},"url":"https:\/\/www.istitutogalanteoliva.it\/magazine\/author\/admin\/"}]}},"_links":{"self":[{"href":"https:\/\/www.istitutogalanteoliva.it\/magazine\/wp-json\/wp\/v2\/posts\/422","targetHints":{"allow":["GET"]}}],"collection":[{"href":"https:\/\/www.istitutogalanteoliva.it\/magazine\/wp-json\/wp\/v2\/posts"}],"about":[{"href":"https:\/\/www.istitutogalanteoliva.it\/magazine\/wp-json\/wp\/v2\/types\/post"}],"author":[{"embeddable":true,"href":"https:\/\/www.istitutogalanteoliva.it\/magazine\/wp-json\/wp\/v2\/users\/1"}],"replies":[{"embeddable":true,"href":"https:\/\/www.istitutogalanteoliva.it\/magazine\/wp-json\/wp\/v2\/comments?post=422"}],"version-history":[{"count":1,"href":"https:\/\/www.istitutogalanteoliva.it\/magazine\/wp-json\/wp\/v2\/posts\/422\/revisions"}],"predecessor-version":[{"id":424,"href":"https:\/\/www.istitutogalanteoliva.it\/magazine\/wp-json\/wp\/v2\/posts\/422\/revisions\/424"}],"wp:featuredmedia":[{"embeddable":true,"href":"https:\/\/www.istitutogalanteoliva.it\/magazine\/wp-json\/wp\/v2\/media\/423"}],"wp:attachment":[{"href":"https:\/\/www.istitutogalanteoliva.it\/magazine\/wp-json\/wp\/v2\/media?parent=422"}],"wp:term":[{"taxonomy":"category","embeddable":true,"href":"https:\/\/www.istitutogalanteoliva.it\/magazine\/wp-json\/wp\/v2\/categories?post=422"},{"taxonomy":"post_tag","embeddable":true,"href":"https:\/\/www.istitutogalanteoliva.it\/magazine\/wp-json\/wp\/v2\/tags?post=422"}],"curies":[{"name":"wp","href":"https:\/\/api.w.org\/{rel}","templated":true}]}}