{"id":434,"date":"2016-07-21T17:02:21","date_gmt":"2016-07-21T15:02:21","guid":{"rendered":"http:\/\/www.edizionipolis.it\/magazine\/?p=434"},"modified":"2019-04-15T17:06:11","modified_gmt":"2019-04-15T15:06:11","slug":"giffoni-experience-paolo-genovese-chiara-francini-sam-claflin-e-sabina-guzzanti","status":"publish","type":"post","link":"https:\/\/www.istitutogalanteoliva.it\/magazine\/2016\/07\/21\/giffoni-experience-paolo-genovese-chiara-francini-sam-claflin-e-sabina-guzzanti\/","title":{"rendered":"Giffoni Experience: Paolo Genovese, Chiara Francini, Sam Claflin e Sabina Guzzanti"},"content":{"rendered":"\n<p>Ben quattro ospiti sono attesi oggi al Giffoni Film Festival: il regista Paolo Genovese,\nl\u2019attrice e conduttrice Chiara Francini, l\u2019attore del film \u201cIo prima di te\u201d Sam Claflin e\nl\u2019artista Sabina Guzzanti.\n<\/p>\n\n\n\n<p>Dopo aver diretto oltre trecento spot, nel 2003 viene eletto miglior regista pubblicitario dell\u2019anno. Scrive e dirige, a quattro mani con Luca Miniero, il film \u201cIncantesimo Napoletano\u201d, con cui conquista un David di Donatello e due Globi d\u2019oro. Mantenendo la collaborazione, realizza \u201cViaggio in Italia\u201d, pillole di venti minuti trasmesse a Ballar\u00f2. Nel 2010 dirige \u201cLa Banda dei Babbi Natale\u201d di Aldo, Giovanni e Giacomo e nel 2011 torna nelle sale con \u201cImmaturi\u201d, di cui verr\u00e0 realizzato anche un <em>sequel<\/em>. Con Sergio Castellitto racconta \u201cUna famiglia perfetta\u201d, vincendo il Ciak d\u2019oro. Il pubblico apprezza la sua capacit\u00e0 di narrazione in \u201cTutta colpa di Freud\u201d. Il regista di \u201cPerfetti Sconosciuti\u201d (che \u00e8 stato proiettato questa mattina nella sala Vittorio De Sica), Paolo Genovese, sar\u00e0 ospite della mastercalss all\u2019Antica Ramiera alle ore 15 e sul <em>blue carpet <\/em>alle ore 17. <\/p>\n\n\n\n<p>Chiara Francini incontrer\u00e0 la giuria dei giovanissimi Elements +10 in Sala Sordi alle\nore 16.30. La bella fiorentina ha recitato in teatro dal 2001 al 2014, anno in cui conduce\nanche \u201cColorado\u201d e gli \u201cMTV Awards Italia\u201d. Per la televisione ha preso parte al cast\ndi \u201cTutti pazzi per amore 2 e 3\u201d, \u201cGente di mare 2\u201d, \u201cLa Donna Velata\u201d e gli ultimi due\nlavori \u201cPiccoli segreti, grandi bugie\u201d e \u201cNon dirlo al mio capo\u201d. Per il grande schermo\nha interpretato ruoli molto apprezzati sia dalla critica che dal pubblico, soprattutto in\n\u201cMaschi contro femmine\u201d, \u201dFemmine contro maschi\u201d, \u201cC\u2019\u00e8 chi dice no\u201d, \u201cMiracolo\na Sant\u2019Anna\u201d, \u201cSei p. in cerca di autore\u201d (cortometraggio di Morelli, ospite del GFF\nqualche giorno fa).\n<\/p>\n\n\n\n<p>Il pi\u00f9 atteso di tutti per\u00f2 \u00e8 l\u2019attore inglese Sam Claflin, sul <em>blue carpet <\/em>alle 18.10 e poi\nsubito in Sala Truffaut per partecipare all\u2019anteprima italiana del suo ultimo film \u201cIo\nprima di te\u201d.\n<\/p>\n\n\n\n<p>Sabina Guzzanti incontrer\u00e0 le giurie Generator +13 in Sala Truffaut alle 12.30. La carriera della poliedrica artista, divisa tra web, tv, cinema e teatro, non lascia in disparte il suo impegno politico. Nel 2014 ha presentato il suo film-documentario \u201cLa Trattativa\u201d, che ha come tema centrale il patto Stato-Mafia. La Guzzanti ha sostenuto con forza la raccolta di firme per la lip sul sistema dell\u2019informazione televisiva: \u201cNuove norme in materia di disciplina del sistema delle comunicazioni audiovisive e sulla concessionaria del servizio pubblico radiotelevisivo\u201d. <\/p>\n\n\n\n<p>Alle ore 17 si sposter\u00e0 all\u2019Antica Ramiera per una <em>masterclass<\/em>. <\/p>\n\n\n\n<p style=\"text-align:right\"><em>Sara Santoriello\n<\/em><\/p>\n<div class=\"pdfprnt-buttons pdfprnt-buttons-post pdfprnt-bottom-left\"><a href=\"https:\/\/www.istitutogalanteoliva.it\/magazine\/wp-json\/wp\/v2\/posts\/434?print=print\" class=\"pdfprnt-button pdfprnt-button-print\" target=\"_blank\"><img decoding=\"async\" src=\"https:\/\/www.istitutogalanteoliva.it\/magazine\/wp-content\/plugins\/pdf-print\/images\/print.png\" alt=\"image_print\" title=\"Stampa contenuto\" \/><span class=\"pdfprnt-button-title pdfprnt-button-print-title\">Download in PDF<\/span><\/a><\/div>","protected":false},"excerpt":{"rendered":"<p>Ben quattro ospiti sono attesi oggi al Giffoni Film Festival: il regista Paolo Genovese, l\u2019attrice<\/p>\n","protected":false},"author":1,"featured_media":435,"comment_status":"open","ping_status":"open","sticky":false,"template":"","format":"standard","meta":{"footnotes":""},"categories":[5,14],"tags":[],"class_list":["post-434","post","type-post","status-publish","format-standard","has-post-thumbnail","hentry","category-5","category-giffoni_experience"],"yoast_head":"<!-- This site is optimized with the Yoast SEO plugin v24.2 - https:\/\/yoast.com\/wordpress\/plugins\/seo\/ -->\n<title>Giffoni Experience: Paolo Genovese, Chiara Francini, Sam Claflin e Sabina Guzzanti - Polis SA Magazine<\/title>\n<meta name=\"robots\" content=\"index, follow, max-snippet:-1, max-image-preview:large, max-video-preview:-1\" \/>\n<link rel=\"canonical\" href=\"https:\/\/www.istitutogalanteoliva.it\/magazine\/2016\/07\/21\/giffoni-experience-paolo-genovese-chiara-francini-sam-claflin-e-sabina-guzzanti\/\" \/>\n<meta property=\"og:locale\" content=\"it_IT\" \/>\n<meta property=\"og:type\" content=\"article\" \/>\n<meta property=\"og:title\" content=\"Giffoni Experience: Paolo Genovese, Chiara Francini, Sam Claflin e Sabina Guzzanti - Polis SA Magazine\" \/>\n<meta property=\"og:description\" content=\"Ben quattro ospiti sono attesi oggi al Giffoni Film Festival: il regista Paolo Genovese, l\u2019attrice\" \/>\n<meta property=\"og:url\" content=\"https:\/\/www.istitutogalanteoliva.it\/magazine\/2016\/07\/21\/giffoni-experience-paolo-genovese-chiara-francini-sam-claflin-e-sabina-guzzanti\/\" \/>\n<meta property=\"og:site_name\" content=\"Polis SA Magazine\" \/>\n<meta property=\"article:publisher\" content=\"https:\/\/www.facebook.com\/PolisSAMagazine\/\" \/>\n<meta property=\"article:published_time\" content=\"2016-07-21T15:02:21+00:00\" \/>\n<meta property=\"article:modified_time\" content=\"2019-04-15T15:06:11+00:00\" \/>\n<meta property=\"og:image\" content=\"https:\/\/www.istitutogalanteoliva.it\/magazine\/wp-content\/uploads\/2019\/04\/chiara-francini.jpg\" \/>\n\t<meta property=\"og:image:width\" content=\"640\" \/>\n\t<meta property=\"og:image:height\" content=\"426\" \/>\n\t<meta property=\"og:image:type\" content=\"image\/jpeg\" \/>\n<meta name=\"author\" content=\"admin\" \/>\n<meta name=\"twitter:card\" content=\"summary_large_image\" \/>\n<meta name=\"twitter:creator\" content=\"@MagazinePolis\" \/>\n<meta name=\"twitter:site\" content=\"@MagazinePolis\" \/>\n<meta name=\"twitter:label1\" content=\"Scritto da\" \/>\n\t<meta name=\"twitter:data1\" content=\"admin\" \/>\n\t<meta name=\"twitter:label2\" content=\"Tempo di lettura stimato\" \/>\n\t<meta name=\"twitter:data2\" content=\"2 minuti\" \/>\n<script type=\"application\/ld+json\" class=\"yoast-schema-graph\">{\"@context\":\"https:\/\/schema.org\",\"@graph\":[{\"@type\":\"Article\",\"@id\":\"https:\/\/www.istitutogalanteoliva.it\/magazine\/2016\/07\/21\/giffoni-experience-paolo-genovese-chiara-francini-sam-claflin-e-sabina-guzzanti\/#article\",\"isPartOf\":{\"@id\":\"https:\/\/www.istitutogalanteoliva.it\/magazine\/2016\/07\/21\/giffoni-experience-paolo-genovese-chiara-francini-sam-claflin-e-sabina-guzzanti\/\"},\"author\":{\"name\":\"admin\",\"@id\":\"https:\/\/www.istitutogalanteoliva.it\/magazine\/#\/schema\/person\/72e8141246542ebcf905456f5dbd4c49\"},\"headline\":\"Giffoni Experience: Paolo Genovese, Chiara Francini, Sam Claflin e Sabina Guzzanti\",\"datePublished\":\"2016-07-21T15:02:21+00:00\",\"dateModified\":\"2019-04-15T15:06:11+00:00\",\"mainEntityOfPage\":{\"@id\":\"https:\/\/www.istitutogalanteoliva.it\/magazine\/2016\/07\/21\/giffoni-experience-paolo-genovese-chiara-francini-sam-claflin-e-sabina-guzzanti\/\"},\"wordCount\":424,\"commentCount\":0,\"publisher\":{\"@id\":\"https:\/\/www.istitutogalanteoliva.it\/magazine\/#organization\"},\"image\":{\"@id\":\"https:\/\/www.istitutogalanteoliva.it\/magazine\/2016\/07\/21\/giffoni-experience-paolo-genovese-chiara-francini-sam-claflin-e-sabina-guzzanti\/#primaryimage\"},\"thumbnailUrl\":\"https:\/\/www.istitutogalanteoliva.it\/magazine\/wp-content\/uploads\/2019\/04\/chiara-francini.jpg\",\"articleSection\":[\"2016\",\"Giffoni Experience\"],\"inLanguage\":\"it-IT\",\"potentialAction\":[{\"@type\":\"CommentAction\",\"name\":\"Comment\",\"target\":[\"https:\/\/www.istitutogalanteoliva.it\/magazine\/2016\/07\/21\/giffoni-experience-paolo-genovese-chiara-francini-sam-claflin-e-sabina-guzzanti\/#respond\"]}]},{\"@type\":\"WebPage\",\"@id\":\"https:\/\/www.istitutogalanteoliva.it\/magazine\/2016\/07\/21\/giffoni-experience-paolo-genovese-chiara-francini-sam-claflin-e-sabina-guzzanti\/\",\"url\":\"https:\/\/www.istitutogalanteoliva.it\/magazine\/2016\/07\/21\/giffoni-experience-paolo-genovese-chiara-francini-sam-claflin-e-sabina-guzzanti\/\",\"name\":\"Giffoni Experience: Paolo Genovese, Chiara Francini, Sam Claflin e Sabina Guzzanti - Polis SA Magazine\",\"isPartOf\":{\"@id\":\"https:\/\/www.istitutogalanteoliva.it\/magazine\/#website\"},\"primaryImageOfPage\":{\"@id\":\"https:\/\/www.istitutogalanteoliva.it\/magazine\/2016\/07\/21\/giffoni-experience-paolo-genovese-chiara-francini-sam-claflin-e-sabina-guzzanti\/#primaryimage\"},\"image\":{\"@id\":\"https:\/\/www.istitutogalanteoliva.it\/magazine\/2016\/07\/21\/giffoni-experience-paolo-genovese-chiara-francini-sam-claflin-e-sabina-guzzanti\/#primaryimage\"},\"thumbnailUrl\":\"https:\/\/www.istitutogalanteoliva.it\/magazine\/wp-content\/uploads\/2019\/04\/chiara-francini.jpg\",\"datePublished\":\"2016-07-21T15:02:21+00:00\",\"dateModified\":\"2019-04-15T15:06:11+00:00\",\"breadcrumb\":{\"@id\":\"https:\/\/www.istitutogalanteoliva.it\/magazine\/2016\/07\/21\/giffoni-experience-paolo-genovese-chiara-francini-sam-claflin-e-sabina-guzzanti\/#breadcrumb\"},\"inLanguage\":\"it-IT\",\"potentialAction\":[{\"@type\":\"ReadAction\",\"target\":[\"https:\/\/www.istitutogalanteoliva.it\/magazine\/2016\/07\/21\/giffoni-experience-paolo-genovese-chiara-francini-sam-claflin-e-sabina-guzzanti\/\"]}]},{\"@type\":\"ImageObject\",\"inLanguage\":\"it-IT\",\"@id\":\"https:\/\/www.istitutogalanteoliva.it\/magazine\/2016\/07\/21\/giffoni-experience-paolo-genovese-chiara-francini-sam-claflin-e-sabina-guzzanti\/#primaryimage\",\"url\":\"https:\/\/www.istitutogalanteoliva.it\/magazine\/wp-content\/uploads\/2019\/04\/chiara-francini.jpg\",\"contentUrl\":\"https:\/\/www.istitutogalanteoliva.it\/magazine\/wp-content\/uploads\/2019\/04\/chiara-francini.jpg\",\"width\":640,\"height\":426},{\"@type\":\"BreadcrumbList\",\"@id\":\"https:\/\/www.istitutogalanteoliva.it\/magazine\/2016\/07\/21\/giffoni-experience-paolo-genovese-chiara-francini-sam-claflin-e-sabina-guzzanti\/#breadcrumb\",\"itemListElement\":[{\"@type\":\"ListItem\",\"position\":1,\"name\":\"Home\",\"item\":\"https:\/\/www.istitutogalanteoliva.it\/magazine\/\"},{\"@type\":\"ListItem\",\"position\":2,\"name\":\"Giffoni Experience: Paolo Genovese, Chiara Francini, Sam Claflin e Sabina Guzzanti\"}]},{\"@type\":\"WebSite\",\"@id\":\"https:\/\/www.istitutogalanteoliva.it\/magazine\/#website\",\"url\":\"https:\/\/www.istitutogalanteoliva.it\/magazine\/\",\"name\":\"POLIS SA MAGAZINE\",\"description\":\"Informazione e approfondimenti\",\"publisher\":{\"@id\":\"https:\/\/www.istitutogalanteoliva.it\/magazine\/#organization\"},\"potentialAction\":[{\"@type\":\"SearchAction\",\"target\":{\"@type\":\"EntryPoint\",\"urlTemplate\":\"https:\/\/www.istitutogalanteoliva.it\/magazine\/?s={search_term_string}\"},\"query-input\":{\"@type\":\"PropertyValueSpecification\",\"valueRequired\":true,\"valueName\":\"search_term_string\"}}],\"inLanguage\":\"it-IT\"},{\"@type\":\"Organization\",\"@id\":\"https:\/\/www.istitutogalanteoliva.it\/magazine\/#organization\",\"name\":\"Polis SA Magazine\",\"url\":\"https:\/\/www.istitutogalanteoliva.it\/magazine\/\",\"logo\":{\"@type\":\"ImageObject\",\"inLanguage\":\"it-IT\",\"@id\":\"https:\/\/www.istitutogalanteoliva.it\/magazine\/#\/schema\/logo\/image\/\",\"url\":\"\",\"contentUrl\":\"\",\"caption\":\"Polis SA Magazine\"},\"image\":{\"@id\":\"https:\/\/www.istitutogalanteoliva.it\/magazine\/#\/schema\/logo\/image\/\"},\"sameAs\":[\"https:\/\/www.facebook.com\/PolisSAMagazine\/\",\"https:\/\/x.com\/MagazinePolis\",\"https:\/\/www.youtube.com\/channel\/UCv0Mr5AHKUmsc0sEEXkJrgw\"]},{\"@type\":\"Person\",\"@id\":\"https:\/\/www.istitutogalanteoliva.it\/magazine\/#\/schema\/person\/72e8141246542ebcf905456f5dbd4c49\",\"name\":\"admin\",\"image\":{\"@type\":\"ImageObject\",\"inLanguage\":\"it-IT\",\"@id\":\"https:\/\/www.istitutogalanteoliva.it\/magazine\/#\/schema\/person\/image\/\",\"url\":\"https:\/\/secure.gravatar.com\/avatar\/07059cc99eeb1edd29e138d1812e69ec?s=96&d=mm&r=g\",\"contentUrl\":\"https:\/\/secure.gravatar.com\/avatar\/07059cc99eeb1edd29e138d1812e69ec?s=96&d=mm&r=g\",\"caption\":\"admin\"},\"url\":\"https:\/\/www.istitutogalanteoliva.it\/magazine\/author\/admin\/\"}]}<\/script>\n<!-- \/ Yoast SEO plugin. -->","yoast_head_json":{"title":"Giffoni Experience: Paolo Genovese, Chiara Francini, Sam Claflin e Sabina Guzzanti - Polis SA Magazine","robots":{"index":"index","follow":"follow","max-snippet":"max-snippet:-1","max-image-preview":"max-image-preview:large","max-video-preview":"max-video-preview:-1"},"canonical":"https:\/\/www.istitutogalanteoliva.it\/magazine\/2016\/07\/21\/giffoni-experience-paolo-genovese-chiara-francini-sam-claflin-e-sabina-guzzanti\/","og_locale":"it_IT","og_type":"article","og_title":"Giffoni Experience: Paolo Genovese, Chiara Francini, Sam Claflin e Sabina Guzzanti - Polis SA Magazine","og_description":"Ben quattro ospiti sono attesi oggi al Giffoni Film Festival: il regista Paolo Genovese, l\u2019attrice","og_url":"https:\/\/www.istitutogalanteoliva.it\/magazine\/2016\/07\/21\/giffoni-experience-paolo-genovese-chiara-francini-sam-claflin-e-sabina-guzzanti\/","og_site_name":"Polis SA Magazine","article_publisher":"https:\/\/www.facebook.com\/PolisSAMagazine\/","article_published_time":"2016-07-21T15:02:21+00:00","article_modified_time":"2019-04-15T15:06:11+00:00","og_image":[{"width":640,"height":426,"url":"https:\/\/www.istitutogalanteoliva.it\/magazine\/wp-content\/uploads\/2019\/04\/chiara-francini.jpg","type":"image\/jpeg"}],"author":"admin","twitter_card":"summary_large_image","twitter_creator":"@MagazinePolis","twitter_site":"@MagazinePolis","twitter_misc":{"Scritto da":"admin","Tempo di lettura stimato":"2 minuti"},"schema":{"@context":"https:\/\/schema.org","@graph":[{"@type":"Article","@id":"https:\/\/www.istitutogalanteoliva.it\/magazine\/2016\/07\/21\/giffoni-experience-paolo-genovese-chiara-francini-sam-claflin-e-sabina-guzzanti\/#article","isPartOf":{"@id":"https:\/\/www.istitutogalanteoliva.it\/magazine\/2016\/07\/21\/giffoni-experience-paolo-genovese-chiara-francini-sam-claflin-e-sabina-guzzanti\/"},"author":{"name":"admin","@id":"https:\/\/www.istitutogalanteoliva.it\/magazine\/#\/schema\/person\/72e8141246542ebcf905456f5dbd4c49"},"headline":"Giffoni Experience: Paolo Genovese, Chiara Francini, Sam Claflin e Sabina Guzzanti","datePublished":"2016-07-21T15:02:21+00:00","dateModified":"2019-04-15T15:06:11+00:00","mainEntityOfPage":{"@id":"https:\/\/www.istitutogalanteoliva.it\/magazine\/2016\/07\/21\/giffoni-experience-paolo-genovese-chiara-francini-sam-claflin-e-sabina-guzzanti\/"},"wordCount":424,"commentCount":0,"publisher":{"@id":"https:\/\/www.istitutogalanteoliva.it\/magazine\/#organization"},"image":{"@id":"https:\/\/www.istitutogalanteoliva.it\/magazine\/2016\/07\/21\/giffoni-experience-paolo-genovese-chiara-francini-sam-claflin-e-sabina-guzzanti\/#primaryimage"},"thumbnailUrl":"https:\/\/www.istitutogalanteoliva.it\/magazine\/wp-content\/uploads\/2019\/04\/chiara-francini.jpg","articleSection":["2016","Giffoni Experience"],"inLanguage":"it-IT","potentialAction":[{"@type":"CommentAction","name":"Comment","target":["https:\/\/www.istitutogalanteoliva.it\/magazine\/2016\/07\/21\/giffoni-experience-paolo-genovese-chiara-francini-sam-claflin-e-sabina-guzzanti\/#respond"]}]},{"@type":"WebPage","@id":"https:\/\/www.istitutogalanteoliva.it\/magazine\/2016\/07\/21\/giffoni-experience-paolo-genovese-chiara-francini-sam-claflin-e-sabina-guzzanti\/","url":"https:\/\/www.istitutogalanteoliva.it\/magazine\/2016\/07\/21\/giffoni-experience-paolo-genovese-chiara-francini-sam-claflin-e-sabina-guzzanti\/","name":"Giffoni Experience: Paolo Genovese, Chiara Francini, Sam Claflin e Sabina Guzzanti - Polis SA Magazine","isPartOf":{"@id":"https:\/\/www.istitutogalanteoliva.it\/magazine\/#website"},"primaryImageOfPage":{"@id":"https:\/\/www.istitutogalanteoliva.it\/magazine\/2016\/07\/21\/giffoni-experience-paolo-genovese-chiara-francini-sam-claflin-e-sabina-guzzanti\/#primaryimage"},"image":{"@id":"https:\/\/www.istitutogalanteoliva.it\/magazine\/2016\/07\/21\/giffoni-experience-paolo-genovese-chiara-francini-sam-claflin-e-sabina-guzzanti\/#primaryimage"},"thumbnailUrl":"https:\/\/www.istitutogalanteoliva.it\/magazine\/wp-content\/uploads\/2019\/04\/chiara-francini.jpg","datePublished":"2016-07-21T15:02:21+00:00","dateModified":"2019-04-15T15:06:11+00:00","breadcrumb":{"@id":"https:\/\/www.istitutogalanteoliva.it\/magazine\/2016\/07\/21\/giffoni-experience-paolo-genovese-chiara-francini-sam-claflin-e-sabina-guzzanti\/#breadcrumb"},"inLanguage":"it-IT","potentialAction":[{"@type":"ReadAction","target":["https:\/\/www.istitutogalanteoliva.it\/magazine\/2016\/07\/21\/giffoni-experience-paolo-genovese-chiara-francini-sam-claflin-e-sabina-guzzanti\/"]}]},{"@type":"ImageObject","inLanguage":"it-IT","@id":"https:\/\/www.istitutogalanteoliva.it\/magazine\/2016\/07\/21\/giffoni-experience-paolo-genovese-chiara-francini-sam-claflin-e-sabina-guzzanti\/#primaryimage","url":"https:\/\/www.istitutogalanteoliva.it\/magazine\/wp-content\/uploads\/2019\/04\/chiara-francini.jpg","contentUrl":"https:\/\/www.istitutogalanteoliva.it\/magazine\/wp-content\/uploads\/2019\/04\/chiara-francini.jpg","width":640,"height":426},{"@type":"BreadcrumbList","@id":"https:\/\/www.istitutogalanteoliva.it\/magazine\/2016\/07\/21\/giffoni-experience-paolo-genovese-chiara-francini-sam-claflin-e-sabina-guzzanti\/#breadcrumb","itemListElement":[{"@type":"ListItem","position":1,"name":"Home","item":"https:\/\/www.istitutogalanteoliva.it\/magazine\/"},{"@type":"ListItem","position":2,"name":"Giffoni Experience: Paolo Genovese, Chiara Francini, Sam Claflin e Sabina Guzzanti"}]},{"@type":"WebSite","@id":"https:\/\/www.istitutogalanteoliva.it\/magazine\/#website","url":"https:\/\/www.istitutogalanteoliva.it\/magazine\/","name":"POLIS SA MAGAZINE","description":"Informazione e approfondimenti","publisher":{"@id":"https:\/\/www.istitutogalanteoliva.it\/magazine\/#organization"},"potentialAction":[{"@type":"SearchAction","target":{"@type":"EntryPoint","urlTemplate":"https:\/\/www.istitutogalanteoliva.it\/magazine\/?s={search_term_string}"},"query-input":{"@type":"PropertyValueSpecification","valueRequired":true,"valueName":"search_term_string"}}],"inLanguage":"it-IT"},{"@type":"Organization","@id":"https:\/\/www.istitutogalanteoliva.it\/magazine\/#organization","name":"Polis SA Magazine","url":"https:\/\/www.istitutogalanteoliva.it\/magazine\/","logo":{"@type":"ImageObject","inLanguage":"it-IT","@id":"https:\/\/www.istitutogalanteoliva.it\/magazine\/#\/schema\/logo\/image\/","url":"","contentUrl":"","caption":"Polis SA Magazine"},"image":{"@id":"https:\/\/www.istitutogalanteoliva.it\/magazine\/#\/schema\/logo\/image\/"},"sameAs":["https:\/\/www.facebook.com\/PolisSAMagazine\/","https:\/\/x.com\/MagazinePolis","https:\/\/www.youtube.com\/channel\/UCv0Mr5AHKUmsc0sEEXkJrgw"]},{"@type":"Person","@id":"https:\/\/www.istitutogalanteoliva.it\/magazine\/#\/schema\/person\/72e8141246542ebcf905456f5dbd4c49","name":"admin","image":{"@type":"ImageObject","inLanguage":"it-IT","@id":"https:\/\/www.istitutogalanteoliva.it\/magazine\/#\/schema\/person\/image\/","url":"https:\/\/secure.gravatar.com\/avatar\/07059cc99eeb1edd29e138d1812e69ec?s=96&d=mm&r=g","contentUrl":"https:\/\/secure.gravatar.com\/avatar\/07059cc99eeb1edd29e138d1812e69ec?s=96&d=mm&r=g","caption":"admin"},"url":"https:\/\/www.istitutogalanteoliva.it\/magazine\/author\/admin\/"}]}},"_links":{"self":[{"href":"https:\/\/www.istitutogalanteoliva.it\/magazine\/wp-json\/wp\/v2\/posts\/434","targetHints":{"allow":["GET"]}}],"collection":[{"href":"https:\/\/www.istitutogalanteoliva.it\/magazine\/wp-json\/wp\/v2\/posts"}],"about":[{"href":"https:\/\/www.istitutogalanteoliva.it\/magazine\/wp-json\/wp\/v2\/types\/post"}],"author":[{"embeddable":true,"href":"https:\/\/www.istitutogalanteoliva.it\/magazine\/wp-json\/wp\/v2\/users\/1"}],"replies":[{"embeddable":true,"href":"https:\/\/www.istitutogalanteoliva.it\/magazine\/wp-json\/wp\/v2\/comments?post=434"}],"version-history":[{"count":1,"href":"https:\/\/www.istitutogalanteoliva.it\/magazine\/wp-json\/wp\/v2\/posts\/434\/revisions"}],"predecessor-version":[{"id":436,"href":"https:\/\/www.istitutogalanteoliva.it\/magazine\/wp-json\/wp\/v2\/posts\/434\/revisions\/436"}],"wp:featuredmedia":[{"embeddable":true,"href":"https:\/\/www.istitutogalanteoliva.it\/magazine\/wp-json\/wp\/v2\/media\/435"}],"wp:attachment":[{"href":"https:\/\/www.istitutogalanteoliva.it\/magazine\/wp-json\/wp\/v2\/media?parent=434"}],"wp:term":[{"taxonomy":"category","embeddable":true,"href":"https:\/\/www.istitutogalanteoliva.it\/magazine\/wp-json\/wp\/v2\/categories?post=434"},{"taxonomy":"post_tag","embeddable":true,"href":"https:\/\/www.istitutogalanteoliva.it\/magazine\/wp-json\/wp\/v2\/tags?post=434"}],"curies":[{"name":"wp","href":"https:\/\/api.w.org\/{rel}","templated":true}]}}