{"id":447,"date":"2016-07-22T17:16:29","date_gmt":"2016-07-22T15:16:29","guid":{"rendered":"http:\/\/www.edizionipolis.it\/magazine\/?p=447"},"modified":"2019-04-15T17:20:44","modified_gmt":"2019-04-15T15:20:44","slug":"giffoni-experience-il-ministro-giannini-e-il-vicepresidente-della-camera-di-maio","status":"publish","type":"post","link":"https:\/\/www.istitutogalanteoliva.it\/magazine\/2016\/07\/22\/giffoni-experience-il-ministro-giannini-e-il-vicepresidente-della-camera-di-maio\/","title":{"rendered":"Giffoni Experience: il Ministro Giannini e il Vicepresidente della Camera Di Maio"},"content":{"rendered":"\n<p>Il ministro Giannini alla Cittadella Del Cinema: a darle il benvenuto il sindaco di Giffoni Antonio Giuliano, il presidente del Giffoni Experience Piero Rinaldi e il direttore Claudio Gubitosi. Alle 12 la visita al Giffoni Multimedia Valley, a cui segue l\u2019incontro con i 750 giurati della sezione Generator +13. Sarebbe interessante poter chiedere al ministro un suo parere rispetto all\u2019introduzione del cinema tra le materie scolastiche (un po\u2019 come il regista Paolo Genovese proponeva ieri), magari sostituendolo a qualche ora di alternanza scuola\/lavoro, recentemente introdotte dalla sua riforma. <\/p>\n\n\n\n<p>Nel primo pomeriggio il vicepresidente della Camera, Luigi Di Maio, sostiuir\u00e0 il ministro Giannini. Alle ore 14.50 parteciper\u00e0 alla <em>masterclass <\/em>presso l\u2019Antica Ramiera. Per l\u2019onorevole Di Maio \u00e8 stato organizzato un incontro con i talenti del Giffoni Dream Team, la <em>community <\/em>di giovani creativi e specialisti della <em>web economy<\/em>, tra i 18 e i 26 anni, che sono stati affiancati a esperti dell\u2019innovazione digitale e <em>new media<\/em>. Alle 16.30 la stampa incontrer\u00e0 il politico del M5S, dopo la visita della Multimedia Valley, il pi\u00f9 grande polo creativo del sud Italia. Prima di lasciare Giffoni Valle Piana, visiter\u00e0 anche i laboratori e gli <em>stand<\/em>. <\/p>\n\n\n\n<p style=\"text-align:right\"><em>Sara Santoriello\n<\/em><\/p>\n<div class=\"pdfprnt-buttons pdfprnt-buttons-post pdfprnt-bottom-left\"><a href=\"https:\/\/www.istitutogalanteoliva.it\/magazine\/wp-json\/wp\/v2\/posts\/447?print=print\" class=\"pdfprnt-button pdfprnt-button-print\" target=\"_blank\"><img decoding=\"async\" src=\"https:\/\/www.istitutogalanteoliva.it\/magazine\/wp-content\/plugins\/pdf-print\/images\/print.png\" alt=\"image_print\" title=\"Stampa contenuto\" \/><span class=\"pdfprnt-button-title pdfprnt-button-print-title\">Download in PDF<\/span><\/a><\/div>","protected":false},"excerpt":{"rendered":"<p>Il ministro Giannini alla Cittadella Del Cinema: a darle il benvenuto il sindaco di Giffoni<\/p>\n","protected":false},"author":1,"featured_media":448,"comment_status":"open","ping_status":"open","sticky":false,"template":"","format":"standard","meta":{"footnotes":""},"categories":[5,14],"tags":[],"class_list":["post-447","post","type-post","status-publish","format-standard","has-post-thumbnail","hentry","category-5","category-giffoni_experience"],"yoast_head":"<!-- This site is optimized with the Yoast SEO plugin v24.2 - https:\/\/yoast.com\/wordpress\/plugins\/seo\/ -->\n<title>Giffoni Experience: il Ministro Giannini e il Vicepresidente della Camera Di Maio - Polis SA Magazine<\/title>\n<meta name=\"robots\" content=\"index, follow, max-snippet:-1, max-image-preview:large, max-video-preview:-1\" \/>\n<link rel=\"canonical\" href=\"https:\/\/www.istitutogalanteoliva.it\/magazine\/2016\/07\/22\/giffoni-experience-il-ministro-giannini-e-il-vicepresidente-della-camera-di-maio\/\" \/>\n<meta property=\"og:locale\" content=\"it_IT\" \/>\n<meta property=\"og:type\" content=\"article\" \/>\n<meta property=\"og:title\" content=\"Giffoni Experience: il Ministro Giannini e il Vicepresidente della Camera Di Maio - Polis SA Magazine\" \/>\n<meta property=\"og:description\" content=\"Il ministro Giannini alla Cittadella Del Cinema: a darle il benvenuto il sindaco di Giffoni\" \/>\n<meta property=\"og:url\" content=\"https:\/\/www.istitutogalanteoliva.it\/magazine\/2016\/07\/22\/giffoni-experience-il-ministro-giannini-e-il-vicepresidente-della-camera-di-maio\/\" \/>\n<meta property=\"og:site_name\" content=\"Polis SA Magazine\" \/>\n<meta property=\"article:publisher\" content=\"https:\/\/www.facebook.com\/PolisSAMagazine\/\" \/>\n<meta property=\"article:published_time\" content=\"2016-07-22T15:16:29+00:00\" \/>\n<meta property=\"article:modified_time\" content=\"2019-04-15T15:20:44+00:00\" \/>\n<meta property=\"og:image\" content=\"https:\/\/www.istitutogalanteoliva.it\/magazine\/wp-content\/uploads\/2019\/04\/di-maio_giffoni.jpg\" \/>\n\t<meta property=\"og:image:width\" content=\"640\" \/>\n\t<meta property=\"og:image:height\" content=\"294\" \/>\n\t<meta property=\"og:image:type\" content=\"image\/jpeg\" \/>\n<meta name=\"author\" content=\"admin\" \/>\n<meta name=\"twitter:card\" content=\"summary_large_image\" \/>\n<meta name=\"twitter:creator\" content=\"@MagazinePolis\" \/>\n<meta name=\"twitter:site\" content=\"@MagazinePolis\" \/>\n<meta name=\"twitter:label1\" content=\"Scritto da\" \/>\n\t<meta name=\"twitter:data1\" content=\"admin\" \/>\n\t<meta name=\"twitter:label2\" content=\"Tempo di lettura stimato\" \/>\n\t<meta name=\"twitter:data2\" content=\"1 minuto\" \/>\n<script type=\"application\/ld+json\" class=\"yoast-schema-graph\">{\"@context\":\"https:\/\/schema.org\",\"@graph\":[{\"@type\":\"Article\",\"@id\":\"https:\/\/www.istitutogalanteoliva.it\/magazine\/2016\/07\/22\/giffoni-experience-il-ministro-giannini-e-il-vicepresidente-della-camera-di-maio\/#article\",\"isPartOf\":{\"@id\":\"https:\/\/www.istitutogalanteoliva.it\/magazine\/2016\/07\/22\/giffoni-experience-il-ministro-giannini-e-il-vicepresidente-della-camera-di-maio\/\"},\"author\":{\"name\":\"admin\",\"@id\":\"https:\/\/www.istitutogalanteoliva.it\/magazine\/#\/schema\/person\/72e8141246542ebcf905456f5dbd4c49\"},\"headline\":\"Giffoni Experience: il Ministro Giannini e il Vicepresidente della Camera Di Maio\",\"datePublished\":\"2016-07-22T15:16:29+00:00\",\"dateModified\":\"2019-04-15T15:20:44+00:00\",\"mainEntityOfPage\":{\"@id\":\"https:\/\/www.istitutogalanteoliva.it\/magazine\/2016\/07\/22\/giffoni-experience-il-ministro-giannini-e-il-vicepresidente-della-camera-di-maio\/\"},\"wordCount\":204,\"commentCount\":0,\"publisher\":{\"@id\":\"https:\/\/www.istitutogalanteoliva.it\/magazine\/#organization\"},\"image\":{\"@id\":\"https:\/\/www.istitutogalanteoliva.it\/magazine\/2016\/07\/22\/giffoni-experience-il-ministro-giannini-e-il-vicepresidente-della-camera-di-maio\/#primaryimage\"},\"thumbnailUrl\":\"https:\/\/www.istitutogalanteoliva.it\/magazine\/wp-content\/uploads\/2019\/04\/di-maio_giffoni.jpg\",\"articleSection\":[\"2016\",\"Giffoni Experience\"],\"inLanguage\":\"it-IT\",\"potentialAction\":[{\"@type\":\"CommentAction\",\"name\":\"Comment\",\"target\":[\"https:\/\/www.istitutogalanteoliva.it\/magazine\/2016\/07\/22\/giffoni-experience-il-ministro-giannini-e-il-vicepresidente-della-camera-di-maio\/#respond\"]}]},{\"@type\":\"WebPage\",\"@id\":\"https:\/\/www.istitutogalanteoliva.it\/magazine\/2016\/07\/22\/giffoni-experience-il-ministro-giannini-e-il-vicepresidente-della-camera-di-maio\/\",\"url\":\"https:\/\/www.istitutogalanteoliva.it\/magazine\/2016\/07\/22\/giffoni-experience-il-ministro-giannini-e-il-vicepresidente-della-camera-di-maio\/\",\"name\":\"Giffoni Experience: il Ministro Giannini e il Vicepresidente della Camera Di Maio - Polis SA Magazine\",\"isPartOf\":{\"@id\":\"https:\/\/www.istitutogalanteoliva.it\/magazine\/#website\"},\"primaryImageOfPage\":{\"@id\":\"https:\/\/www.istitutogalanteoliva.it\/magazine\/2016\/07\/22\/giffoni-experience-il-ministro-giannini-e-il-vicepresidente-della-camera-di-maio\/#primaryimage\"},\"image\":{\"@id\":\"https:\/\/www.istitutogalanteoliva.it\/magazine\/2016\/07\/22\/giffoni-experience-il-ministro-giannini-e-il-vicepresidente-della-camera-di-maio\/#primaryimage\"},\"thumbnailUrl\":\"https:\/\/www.istitutogalanteoliva.it\/magazine\/wp-content\/uploads\/2019\/04\/di-maio_giffoni.jpg\",\"datePublished\":\"2016-07-22T15:16:29+00:00\",\"dateModified\":\"2019-04-15T15:20:44+00:00\",\"breadcrumb\":{\"@id\":\"https:\/\/www.istitutogalanteoliva.it\/magazine\/2016\/07\/22\/giffoni-experience-il-ministro-giannini-e-il-vicepresidente-della-camera-di-maio\/#breadcrumb\"},\"inLanguage\":\"it-IT\",\"potentialAction\":[{\"@type\":\"ReadAction\",\"target\":[\"https:\/\/www.istitutogalanteoliva.it\/magazine\/2016\/07\/22\/giffoni-experience-il-ministro-giannini-e-il-vicepresidente-della-camera-di-maio\/\"]}]},{\"@type\":\"ImageObject\",\"inLanguage\":\"it-IT\",\"@id\":\"https:\/\/www.istitutogalanteoliva.it\/magazine\/2016\/07\/22\/giffoni-experience-il-ministro-giannini-e-il-vicepresidente-della-camera-di-maio\/#primaryimage\",\"url\":\"https:\/\/www.istitutogalanteoliva.it\/magazine\/wp-content\/uploads\/2019\/04\/di-maio_giffoni.jpg\",\"contentUrl\":\"https:\/\/www.istitutogalanteoliva.it\/magazine\/wp-content\/uploads\/2019\/04\/di-maio_giffoni.jpg\",\"width\":640,\"height\":294},{\"@type\":\"BreadcrumbList\",\"@id\":\"https:\/\/www.istitutogalanteoliva.it\/magazine\/2016\/07\/22\/giffoni-experience-il-ministro-giannini-e-il-vicepresidente-della-camera-di-maio\/#breadcrumb\",\"itemListElement\":[{\"@type\":\"ListItem\",\"position\":1,\"name\":\"Home\",\"item\":\"https:\/\/www.istitutogalanteoliva.it\/magazine\/\"},{\"@type\":\"ListItem\",\"position\":2,\"name\":\"Giffoni Experience: il Ministro Giannini e il Vicepresidente della Camera Di Maio\"}]},{\"@type\":\"WebSite\",\"@id\":\"https:\/\/www.istitutogalanteoliva.it\/magazine\/#website\",\"url\":\"https:\/\/www.istitutogalanteoliva.it\/magazine\/\",\"name\":\"POLIS SA MAGAZINE\",\"description\":\"Informazione e approfondimenti\",\"publisher\":{\"@id\":\"https:\/\/www.istitutogalanteoliva.it\/magazine\/#organization\"},\"potentialAction\":[{\"@type\":\"SearchAction\",\"target\":{\"@type\":\"EntryPoint\",\"urlTemplate\":\"https:\/\/www.istitutogalanteoliva.it\/magazine\/?s={search_term_string}\"},\"query-input\":{\"@type\":\"PropertyValueSpecification\",\"valueRequired\":true,\"valueName\":\"search_term_string\"}}],\"inLanguage\":\"it-IT\"},{\"@type\":\"Organization\",\"@id\":\"https:\/\/www.istitutogalanteoliva.it\/magazine\/#organization\",\"name\":\"Polis SA Magazine\",\"url\":\"https:\/\/www.istitutogalanteoliva.it\/magazine\/\",\"logo\":{\"@type\":\"ImageObject\",\"inLanguage\":\"it-IT\",\"@id\":\"https:\/\/www.istitutogalanteoliva.it\/magazine\/#\/schema\/logo\/image\/\",\"url\":\"\",\"contentUrl\":\"\",\"caption\":\"Polis SA Magazine\"},\"image\":{\"@id\":\"https:\/\/www.istitutogalanteoliva.it\/magazine\/#\/schema\/logo\/image\/\"},\"sameAs\":[\"https:\/\/www.facebook.com\/PolisSAMagazine\/\",\"https:\/\/x.com\/MagazinePolis\",\"https:\/\/www.youtube.com\/channel\/UCv0Mr5AHKUmsc0sEEXkJrgw\"]},{\"@type\":\"Person\",\"@id\":\"https:\/\/www.istitutogalanteoliva.it\/magazine\/#\/schema\/person\/72e8141246542ebcf905456f5dbd4c49\",\"name\":\"admin\",\"image\":{\"@type\":\"ImageObject\",\"inLanguage\":\"it-IT\",\"@id\":\"https:\/\/www.istitutogalanteoliva.it\/magazine\/#\/schema\/person\/image\/\",\"url\":\"https:\/\/secure.gravatar.com\/avatar\/07059cc99eeb1edd29e138d1812e69ec?s=96&d=mm&r=g\",\"contentUrl\":\"https:\/\/secure.gravatar.com\/avatar\/07059cc99eeb1edd29e138d1812e69ec?s=96&d=mm&r=g\",\"caption\":\"admin\"},\"url\":\"https:\/\/www.istitutogalanteoliva.it\/magazine\/author\/admin\/\"}]}<\/script>\n<!-- \/ Yoast SEO plugin. -->","yoast_head_json":{"title":"Giffoni Experience: il Ministro Giannini e il Vicepresidente della Camera Di Maio - Polis SA Magazine","robots":{"index":"index","follow":"follow","max-snippet":"max-snippet:-1","max-image-preview":"max-image-preview:large","max-video-preview":"max-video-preview:-1"},"canonical":"https:\/\/www.istitutogalanteoliva.it\/magazine\/2016\/07\/22\/giffoni-experience-il-ministro-giannini-e-il-vicepresidente-della-camera-di-maio\/","og_locale":"it_IT","og_type":"article","og_title":"Giffoni Experience: il Ministro Giannini e il Vicepresidente della Camera Di Maio - Polis SA Magazine","og_description":"Il ministro Giannini alla Cittadella Del Cinema: a darle il benvenuto il sindaco di Giffoni","og_url":"https:\/\/www.istitutogalanteoliva.it\/magazine\/2016\/07\/22\/giffoni-experience-il-ministro-giannini-e-il-vicepresidente-della-camera-di-maio\/","og_site_name":"Polis SA Magazine","article_publisher":"https:\/\/www.facebook.com\/PolisSAMagazine\/","article_published_time":"2016-07-22T15:16:29+00:00","article_modified_time":"2019-04-15T15:20:44+00:00","og_image":[{"width":640,"height":294,"url":"https:\/\/www.istitutogalanteoliva.it\/magazine\/wp-content\/uploads\/2019\/04\/di-maio_giffoni.jpg","type":"image\/jpeg"}],"author":"admin","twitter_card":"summary_large_image","twitter_creator":"@MagazinePolis","twitter_site":"@MagazinePolis","twitter_misc":{"Scritto da":"admin","Tempo di lettura stimato":"1 minuto"},"schema":{"@context":"https:\/\/schema.org","@graph":[{"@type":"Article","@id":"https:\/\/www.istitutogalanteoliva.it\/magazine\/2016\/07\/22\/giffoni-experience-il-ministro-giannini-e-il-vicepresidente-della-camera-di-maio\/#article","isPartOf":{"@id":"https:\/\/www.istitutogalanteoliva.it\/magazine\/2016\/07\/22\/giffoni-experience-il-ministro-giannini-e-il-vicepresidente-della-camera-di-maio\/"},"author":{"name":"admin","@id":"https:\/\/www.istitutogalanteoliva.it\/magazine\/#\/schema\/person\/72e8141246542ebcf905456f5dbd4c49"},"headline":"Giffoni Experience: il Ministro Giannini e il Vicepresidente della Camera Di Maio","datePublished":"2016-07-22T15:16:29+00:00","dateModified":"2019-04-15T15:20:44+00:00","mainEntityOfPage":{"@id":"https:\/\/www.istitutogalanteoliva.it\/magazine\/2016\/07\/22\/giffoni-experience-il-ministro-giannini-e-il-vicepresidente-della-camera-di-maio\/"},"wordCount":204,"commentCount":0,"publisher":{"@id":"https:\/\/www.istitutogalanteoliva.it\/magazine\/#organization"},"image":{"@id":"https:\/\/www.istitutogalanteoliva.it\/magazine\/2016\/07\/22\/giffoni-experience-il-ministro-giannini-e-il-vicepresidente-della-camera-di-maio\/#primaryimage"},"thumbnailUrl":"https:\/\/www.istitutogalanteoliva.it\/magazine\/wp-content\/uploads\/2019\/04\/di-maio_giffoni.jpg","articleSection":["2016","Giffoni Experience"],"inLanguage":"it-IT","potentialAction":[{"@type":"CommentAction","name":"Comment","target":["https:\/\/www.istitutogalanteoliva.it\/magazine\/2016\/07\/22\/giffoni-experience-il-ministro-giannini-e-il-vicepresidente-della-camera-di-maio\/#respond"]}]},{"@type":"WebPage","@id":"https:\/\/www.istitutogalanteoliva.it\/magazine\/2016\/07\/22\/giffoni-experience-il-ministro-giannini-e-il-vicepresidente-della-camera-di-maio\/","url":"https:\/\/www.istitutogalanteoliva.it\/magazine\/2016\/07\/22\/giffoni-experience-il-ministro-giannini-e-il-vicepresidente-della-camera-di-maio\/","name":"Giffoni Experience: il Ministro Giannini e il Vicepresidente della Camera Di Maio - Polis SA Magazine","isPartOf":{"@id":"https:\/\/www.istitutogalanteoliva.it\/magazine\/#website"},"primaryImageOfPage":{"@id":"https:\/\/www.istitutogalanteoliva.it\/magazine\/2016\/07\/22\/giffoni-experience-il-ministro-giannini-e-il-vicepresidente-della-camera-di-maio\/#primaryimage"},"image":{"@id":"https:\/\/www.istitutogalanteoliva.it\/magazine\/2016\/07\/22\/giffoni-experience-il-ministro-giannini-e-il-vicepresidente-della-camera-di-maio\/#primaryimage"},"thumbnailUrl":"https:\/\/www.istitutogalanteoliva.it\/magazine\/wp-content\/uploads\/2019\/04\/di-maio_giffoni.jpg","datePublished":"2016-07-22T15:16:29+00:00","dateModified":"2019-04-15T15:20:44+00:00","breadcrumb":{"@id":"https:\/\/www.istitutogalanteoliva.it\/magazine\/2016\/07\/22\/giffoni-experience-il-ministro-giannini-e-il-vicepresidente-della-camera-di-maio\/#breadcrumb"},"inLanguage":"it-IT","potentialAction":[{"@type":"ReadAction","target":["https:\/\/www.istitutogalanteoliva.it\/magazine\/2016\/07\/22\/giffoni-experience-il-ministro-giannini-e-il-vicepresidente-della-camera-di-maio\/"]}]},{"@type":"ImageObject","inLanguage":"it-IT","@id":"https:\/\/www.istitutogalanteoliva.it\/magazine\/2016\/07\/22\/giffoni-experience-il-ministro-giannini-e-il-vicepresidente-della-camera-di-maio\/#primaryimage","url":"https:\/\/www.istitutogalanteoliva.it\/magazine\/wp-content\/uploads\/2019\/04\/di-maio_giffoni.jpg","contentUrl":"https:\/\/www.istitutogalanteoliva.it\/magazine\/wp-content\/uploads\/2019\/04\/di-maio_giffoni.jpg","width":640,"height":294},{"@type":"BreadcrumbList","@id":"https:\/\/www.istitutogalanteoliva.it\/magazine\/2016\/07\/22\/giffoni-experience-il-ministro-giannini-e-il-vicepresidente-della-camera-di-maio\/#breadcrumb","itemListElement":[{"@type":"ListItem","position":1,"name":"Home","item":"https:\/\/www.istitutogalanteoliva.it\/magazine\/"},{"@type":"ListItem","position":2,"name":"Giffoni Experience: il Ministro Giannini e il Vicepresidente della Camera Di Maio"}]},{"@type":"WebSite","@id":"https:\/\/www.istitutogalanteoliva.it\/magazine\/#website","url":"https:\/\/www.istitutogalanteoliva.it\/magazine\/","name":"POLIS SA MAGAZINE","description":"Informazione e approfondimenti","publisher":{"@id":"https:\/\/www.istitutogalanteoliva.it\/magazine\/#organization"},"potentialAction":[{"@type":"SearchAction","target":{"@type":"EntryPoint","urlTemplate":"https:\/\/www.istitutogalanteoliva.it\/magazine\/?s={search_term_string}"},"query-input":{"@type":"PropertyValueSpecification","valueRequired":true,"valueName":"search_term_string"}}],"inLanguage":"it-IT"},{"@type":"Organization","@id":"https:\/\/www.istitutogalanteoliva.it\/magazine\/#organization","name":"Polis SA Magazine","url":"https:\/\/www.istitutogalanteoliva.it\/magazine\/","logo":{"@type":"ImageObject","inLanguage":"it-IT","@id":"https:\/\/www.istitutogalanteoliva.it\/magazine\/#\/schema\/logo\/image\/","url":"","contentUrl":"","caption":"Polis SA Magazine"},"image":{"@id":"https:\/\/www.istitutogalanteoliva.it\/magazine\/#\/schema\/logo\/image\/"},"sameAs":["https:\/\/www.facebook.com\/PolisSAMagazine\/","https:\/\/x.com\/MagazinePolis","https:\/\/www.youtube.com\/channel\/UCv0Mr5AHKUmsc0sEEXkJrgw"]},{"@type":"Person","@id":"https:\/\/www.istitutogalanteoliva.it\/magazine\/#\/schema\/person\/72e8141246542ebcf905456f5dbd4c49","name":"admin","image":{"@type":"ImageObject","inLanguage":"it-IT","@id":"https:\/\/www.istitutogalanteoliva.it\/magazine\/#\/schema\/person\/image\/","url":"https:\/\/secure.gravatar.com\/avatar\/07059cc99eeb1edd29e138d1812e69ec?s=96&d=mm&r=g","contentUrl":"https:\/\/secure.gravatar.com\/avatar\/07059cc99eeb1edd29e138d1812e69ec?s=96&d=mm&r=g","caption":"admin"},"url":"https:\/\/www.istitutogalanteoliva.it\/magazine\/author\/admin\/"}]}},"_links":{"self":[{"href":"https:\/\/www.istitutogalanteoliva.it\/magazine\/wp-json\/wp\/v2\/posts\/447","targetHints":{"allow":["GET"]}}],"collection":[{"href":"https:\/\/www.istitutogalanteoliva.it\/magazine\/wp-json\/wp\/v2\/posts"}],"about":[{"href":"https:\/\/www.istitutogalanteoliva.it\/magazine\/wp-json\/wp\/v2\/types\/post"}],"author":[{"embeddable":true,"href":"https:\/\/www.istitutogalanteoliva.it\/magazine\/wp-json\/wp\/v2\/users\/1"}],"replies":[{"embeddable":true,"href":"https:\/\/www.istitutogalanteoliva.it\/magazine\/wp-json\/wp\/v2\/comments?post=447"}],"version-history":[{"count":1,"href":"https:\/\/www.istitutogalanteoliva.it\/magazine\/wp-json\/wp\/v2\/posts\/447\/revisions"}],"predecessor-version":[{"id":449,"href":"https:\/\/www.istitutogalanteoliva.it\/magazine\/wp-json\/wp\/v2\/posts\/447\/revisions\/449"}],"wp:featuredmedia":[{"embeddable":true,"href":"https:\/\/www.istitutogalanteoliva.it\/magazine\/wp-json\/wp\/v2\/media\/448"}],"wp:attachment":[{"href":"https:\/\/www.istitutogalanteoliva.it\/magazine\/wp-json\/wp\/v2\/media?parent=447"}],"wp:term":[{"taxonomy":"category","embeddable":true,"href":"https:\/\/www.istitutogalanteoliva.it\/magazine\/wp-json\/wp\/v2\/categories?post=447"},{"taxonomy":"post_tag","embeddable":true,"href":"https:\/\/www.istitutogalanteoliva.it\/magazine\/wp-json\/wp\/v2\/tags?post=447"}],"curies":[{"name":"wp","href":"https:\/\/api.w.org\/{rel}","templated":true}]}}