{"id":5007,"date":"2020-12-24T08:00:00","date_gmt":"2020-12-24T07:00:00","guid":{"rendered":"https:\/\/www.istitutogalanteoliva.it\/magazine\/?p=5007"},"modified":"2020-12-24T10:28:40","modified_gmt":"2020-12-24T09:28:40","slug":"vincenzo-liarda-e-tempo-di-verita-e-giustizia","status":"publish","type":"post","link":"https:\/\/www.istitutogalanteoliva.it\/magazine\/2020\/12\/24\/vincenzo-liarda-e-tempo-di-verita-e-giustizia\/","title":{"rendered":"Vincenzo Liarda: \u201c\u00e8 tempo di verit\u00e0 e giustizia\u201d"},"content":{"rendered":"\n<h3 class=\"wp-block-heading\"><strong>Abbiamo incontrato Vincenzo Liarda, \u201cil sindacalista antimafia\u201d, dopo la piena assoluzione dall\u2019accusa di \u201csimulazione di minacce mafiose\u201d perch\u00e9 \u201cil fatto non sussiste\u201d<\/strong><\/h3>\n\n\n\n<p>di Antonello Rivano<\/p>\n\n\n\n<p>Classe \u201967, noto alla cronaca come \u201cil sindacalista antimafia\u201d,&nbsp;Vincenzo Liarda da anni si \u00e8 fatto voce e strumento di riscatto della sua terra. Presidente del \u201c<strong>Consorzio Madonita per la Legalit\u00e0 e lo Sviluppo<\/strong>\u201d, ha lottato in prima persona, per l\u2019utilizzo sociale del <strong>feudo Verbumcaudo<\/strong>, confiscato al boss <strong>Michele Greco<\/strong> nel 1987 dopo un\u2019inchiesta di <strong>Giovanni Falcone<\/strong>.<\/p>\n\n\n\n<p>Vincenzo Liarda \u00e8 stato anche stato ospite al corso di Storia Contemporanea dell\u2019universit\u00e0 di Salerno. Cos\u00ec hanno scritto gli studenti dopo l\u2019incontro con il sindacalista: \u201c\u2026<em>Ci ha parlato anche delle connivenze politiche, della macchina del fango attivatasi contro di lui, ma, alla fine, del successo ottenuto. Il feudo Verbumcaudo era il luogo dei summit della mafia. Di l\u00ec pass\u00f2 anche il piccolo Di Matteo sciolto nell&#8217;acido da Giovanni Brusca. Un bene tolto alla mafia, diventato il simbolo della rinascita e della lotta per la legalit\u00e0. Ne siamo stati tutti molto molto orgogliosi<\/em>&#8230;\u201d<\/p>\n\n\n\n<p>A Liarda \u00e8 stato recentemente assegnato il \u201c<strong>Premio Galante Oliva<\/strong>\u201d per il suo saggio \u201c<em>Siamo ci\u00f2 che siamo\u201d, <\/em>inserito nell\u2019antologia<em> \u201c<\/em><strong>Azione\u201d <\/strong>(Polis SA Edizioni 2020). Nel suo scritto narra la  rivoluzione umile e silenziosa che, dalle prime indagini di Giovanni Falcone, ha portato alla conclusione della vicenda Verbumcaudo, restituendo dignit\u00e0 e giustizia a un territorio da anni vilipeso da anni di illegalit\u00e0 e mala gestione. Vincenzo Liarda \u00e8 stato allo stesso tempo testimone e attore di quella rivoluzione. &nbsp;<\/p>\n\n\n\n<div class=\"wp-block-image\"><figure class=\"alignright size-large is-resized\"><img loading=\"lazy\" decoding=\"async\" src=\"https:\/\/www.istitutogalanteoliva.it\/magazine\/wp-content\/uploads\/2020\/12\/Senza-titolo-1.jpg\" alt=\"l'antologia Azione, autori vari (Polis SA Magazine)\" class=\"wp-image-5008\" width=\"309\" height=\"430\" srcset=\"https:\/\/www.istitutogalanteoliva.it\/magazine\/wp-content\/uploads\/2020\/12\/Senza-titolo-1.jpg 461w, https:\/\/www.istitutogalanteoliva.it\/magazine\/wp-content\/uploads\/2020\/12\/Senza-titolo-1-215x300.jpg 215w\" sizes=\"auto, (max-width: 309px) 100vw, 309px\" \/><\/figure><\/div>\n\n\n\n<p>Potremmo ancora scrivere tanto su Vincenzo e sul suo impegno in una lotta in cui non si \u00e8 mai risparmiato, ma crediamo che la cosa pi\u00f9 importante sia racchiusa in un titolo, un lancio Ansa del\u201911 dicembre scorso: \u201cNon simul\u00f2 minacce mafiose, assolto sindacalista Cgil\u201d.<\/p>\n\n\n\n<p>Liarda era accusato di aver confezionato una lettera da parte della mafia. Il sindacalista, che vive a Polizzi Generosa nelle Madonie, ha avviato dieci anni fa una campagna per un uso sociale del feudo di Verbumcaudo, confiscato al boss Michele Greco il &#8220;papa&#8221; di Cosa nostra. Prima che il feudo fosse assegnato al consorzio guidato da Liarda, il sindacalista aveva ricevuto numerose minacce: alberi tagliati, la casa di campagna incendiata, l&#8217;auto danneggiata, varie lettere anonime con minacce di morte. In quella lettera tra le altre cose c\u2019era scritto: &#8220;<em>Non hai vinto e hai condannato la tua famiglia\u2026<\/em>\u201d&nbsp; le sue iniziali, quelle della moglie e della figlia, erano segnate con una croce. Proprio per quell\u2019ultima lettera, Tre anni dopo, Vincenzo Liarda era stato indagato per \u201csimulazione di minacce mafioese\u201d.<\/p>\n\n\n\n<p>il sospetto di quella simulazione \u00e8 caduto dopo cinque anni: &#8220;Il fatto non sussiste&#8221; ha stabilito il giudice <strong>Daniela Maugeri<\/strong> del tribunale di <strong>Termini Imerese<\/strong>.<\/p>\n\n\n\n<div class=\"wp-block-image\"><figure class=\"alignleft size-large is-resized\"><img loading=\"lazy\" decoding=\"async\" src=\"https:\/\/www.istitutogalanteoliva.it\/magazine\/wp-content\/uploads\/2020\/12\/084219960-fe15d5dd-a2db-439c-a6c1-1d4164a02cc7.jpg\" alt=\"Vincenzo Liarda \" class=\"wp-image-5009\" width=\"348\" height=\"348\" srcset=\"https:\/\/www.istitutogalanteoliva.it\/magazine\/wp-content\/uploads\/2020\/12\/084219960-fe15d5dd-a2db-439c-a6c1-1d4164a02cc7.jpg 300w, https:\/\/www.istitutogalanteoliva.it\/magazine\/wp-content\/uploads\/2020\/12\/084219960-fe15d5dd-a2db-439c-a6c1-1d4164a02cc7-150x150.jpg 150w\" sizes=\"auto, (max-width: 348px) 100vw, 348px\" \/><\/figure><\/div>\n\n\n\n<p><strong>Vincenzo, come sono stati questi anni?<\/strong><\/p>\n\n\n\n<p><em>Sono passati 1965 lunghissimi giorni (pi\u00f9 di 5 anni e mezzo), da quel tristissimo 5 giugno 2015, seppur la lacerante sofferenza personale, il mio primo pensiero \u00e8 stato sempre quello di salvaguardare mia moglie e mia figlia dalle feroci \u00e8 destabilizzanti mistificazioni e strumentalizzazioni. Questo per\u00f2, non mi ha mai fatto perdere fiducia nella magistratura, ne tanto meno ho abbandonato la strada intrapresa nel voler raggiungere due nobili obbiettivi:<\/em><\/p>\n\n\n\n<p><em>1) ridare il feudo Verbumcaudo alla disponibilit\u00e0 dello come sviluppo del territorio Madonita;<\/em><\/p>\n\n\n\n<p><em>2) far emergere un evidente \u00e8 chiaro spartiacque tra mafia e legalit\u00e0, nonch\u00e9 su poteri deviati e\/o conniventi.<\/em><\/p>\n\n\n\n<p><strong>Obbiettivi molto impegnativi, difficili da portare avanti, specie per chi \u00e8 anche costretto a difendersi da un\u2019accusa risultata poi infondata, anzi \u201cinesistente\u201d.<\/strong><\/p>\n\n\n\n<p><em>\u00c8 di tutta evidenza che il mio non \u00e8 stato un impegno solitario, ma portato avanti con diverse persone e istituzioni pubblica e private, dove insieme abbiamo condiviso e portato avanti lo stesso obbiettivo, riscattare l\u2019azienda Verbumcaudo, da luogo che fu utilizzato per i summit di mafia, a impresa sociale che possa produrre prodotti di eccellenza inseriti nell\u2019economia legale.<\/em><\/p>\n\n\n\n<p><em>L\u2019impegno mirava anche ad onorare la memoria dei padri della lotta alla mafia che in quel luogo avevano sancito la confisca al boss di cosa nostra Michele Greco<\/em>.<\/p>\n\n\n\n<p class=\"has-text-align-right\"><strong><em>Antonello Rivano<\/em><\/strong><\/p>\n\n\n\n<p><strong><sub>Nell\u2019immagine di copertina il feudo Verbumcaudo<\/sub> <sub>e Vincenzo Liarda <\/sub><\/strong><\/p>\n<div class=\"pdfprnt-buttons pdfprnt-buttons-post pdfprnt-bottom-left\"><a href=\"https:\/\/www.istitutogalanteoliva.it\/magazine\/wp-json\/wp\/v2\/posts\/5007?print=print\" class=\"pdfprnt-button pdfprnt-button-print\" target=\"_blank\"><img decoding=\"async\" src=\"https:\/\/www.istitutogalanteoliva.it\/magazine\/wp-content\/plugins\/pdf-print\/images\/print.png\" alt=\"image_print\" title=\"Stampa contenuto\" \/><span class=\"pdfprnt-button-title pdfprnt-button-print-title\">Download in PDF<\/span><\/a><\/div>","protected":false},"excerpt":{"rendered":"<p>Classe \u201967, noto alla cronaca come \u201cil sindacalista antimafia\u201d, Vincenzo Liarda da anni si \u00e8 fatto voce e strumento di riscatto della sua terra. Presidente del \u201cConsorzio Madonita per la Legalit\u00e0 e lo Sviluppo\u201d, ha lottato in prima persona, per l\u2019utilizzo sociale del feudo Verbumcaudo, confiscato al boss Michele Greco nel 1987 dopo un\u2019inchiesta di Giovanni Falcone.<\/p>\n","protected":false},"author":2,"featured_media":5014,"comment_status":"open","ping_status":"open","sticky":false,"template":"","format":"standard","meta":{"footnotes":""},"categories":[34,21],"tags":[144,143],"class_list":["post-5007","post","type-post","status-publish","format-standard","has-post-thumbnail","hentry","category-34","category-personaggi","tag-antimafia","tag-vincenzo-liarda"],"yoast_head":"<!-- This site is optimized with the Yoast SEO plugin v24.2 - https:\/\/yoast.com\/wordpress\/plugins\/seo\/ -->\n<title>Vincenzo Liarda: \u201c\u00e8 tempo di verit\u00e0 e giustizia\u201d - Polis SA Magazine<\/title>\n<meta name=\"description\" content=\"Abbiamo incontrato Vincenzo Liarda, \u201cil sindacalista antimafia\u201d, dopo la piena assoluzione dall\u2019accusa di \u201csimulazione di minacce mafiose\u201d\" \/>\n<meta name=\"robots\" content=\"index, follow, max-snippet:-1, max-image-preview:large, max-video-preview:-1\" \/>\n<link rel=\"canonical\" href=\"https:\/\/www.istitutogalanteoliva.it\/magazine\/2020\/12\/24\/vincenzo-liarda-e-tempo-di-verita-e-giustizia\/\" \/>\n<meta property=\"og:locale\" content=\"it_IT\" \/>\n<meta property=\"og:type\" content=\"article\" \/>\n<meta property=\"og:title\" content=\"Vincenzo Liarda: \u201c\u00e8 tempo di verit\u00e0 e giustizia\u201d - Polis SA Magazine\" \/>\n<meta property=\"og:description\" content=\"Abbiamo incontrato Vincenzo Liarda, \u201cil sindacalista antimafia\u201d, dopo la piena assoluzione dall\u2019accusa di \u201csimulazione di minacce mafiose\u201d\" \/>\n<meta property=\"og:url\" content=\"https:\/\/www.istitutogalanteoliva.it\/magazine\/2020\/12\/24\/vincenzo-liarda-e-tempo-di-verita-e-giustizia\/\" \/>\n<meta property=\"og:site_name\" content=\"Polis SA Magazine\" \/>\n<meta property=\"article:publisher\" content=\"https:\/\/www.facebook.com\/PolisSAMagazine\/\" \/>\n<meta property=\"article:published_time\" content=\"2020-12-24T07:00:00+00:00\" \/>\n<meta property=\"article:modified_time\" content=\"2020-12-24T09:28:40+00:00\" \/>\n<meta property=\"og:image\" content=\"https:\/\/www.istitutogalanteoliva.it\/magazine\/wp-content\/uploads\/2020\/12\/cop-4.jpg\" \/>\n\t<meta property=\"og:image:width\" content=\"1280\" \/>\n\t<meta property=\"og:image:height\" content=\"760\" \/>\n\t<meta property=\"og:image:type\" content=\"image\/jpeg\" \/>\n<meta name=\"author\" content=\"Antonello Rivano\" \/>\n<meta name=\"twitter:card\" content=\"summary_large_image\" \/>\n<meta name=\"twitter:creator\" content=\"@MagazinePolis\" \/>\n<meta name=\"twitter:site\" content=\"@MagazinePolis\" \/>\n<meta name=\"twitter:label1\" content=\"Scritto da\" \/>\n\t<meta name=\"twitter:data1\" content=\"Antonello Rivano\" \/>\n\t<meta name=\"twitter:label2\" content=\"Tempo di lettura stimato\" \/>\n\t<meta name=\"twitter:data2\" content=\"3 minuti\" \/>\n<script type=\"application\/ld+json\" class=\"yoast-schema-graph\">{\"@context\":\"https:\/\/schema.org\",\"@graph\":[{\"@type\":\"Article\",\"@id\":\"https:\/\/www.istitutogalanteoliva.it\/magazine\/2020\/12\/24\/vincenzo-liarda-e-tempo-di-verita-e-giustizia\/#article\",\"isPartOf\":{\"@id\":\"https:\/\/www.istitutogalanteoliva.it\/magazine\/2020\/12\/24\/vincenzo-liarda-e-tempo-di-verita-e-giustizia\/\"},\"author\":{\"name\":\"Antonello Rivano\",\"@id\":\"https:\/\/www.istitutogalanteoliva.it\/magazine\/#\/schema\/person\/d8b8aa79cfe8babc1df9da3212a7c0c4\"},\"headline\":\"Vincenzo Liarda: \u201c\u00e8 tempo di verit\u00e0 e giustizia\u201d\",\"datePublished\":\"2020-12-24T07:00:00+00:00\",\"dateModified\":\"2020-12-24T09:28:40+00:00\",\"mainEntityOfPage\":{\"@id\":\"https:\/\/www.istitutogalanteoliva.it\/magazine\/2020\/12\/24\/vincenzo-liarda-e-tempo-di-verita-e-giustizia\/\"},\"wordCount\":679,\"commentCount\":1,\"publisher\":{\"@id\":\"https:\/\/www.istitutogalanteoliva.it\/magazine\/#organization\"},\"image\":{\"@id\":\"https:\/\/www.istitutogalanteoliva.it\/magazine\/2020\/12\/24\/vincenzo-liarda-e-tempo-di-verita-e-giustizia\/#primaryimage\"},\"thumbnailUrl\":\"https:\/\/www.istitutogalanteoliva.it\/magazine\/wp-content\/uploads\/2020\/12\/cop-4.jpg\",\"keywords\":[\"Antimafia\",\"Vincenzo Liarda\"],\"articleSection\":[\"2020\",\"Personaggi\"],\"inLanguage\":\"it-IT\",\"potentialAction\":[{\"@type\":\"CommentAction\",\"name\":\"Comment\",\"target\":[\"https:\/\/www.istitutogalanteoliva.it\/magazine\/2020\/12\/24\/vincenzo-liarda-e-tempo-di-verita-e-giustizia\/#respond\"]}]},{\"@type\":\"WebPage\",\"@id\":\"https:\/\/www.istitutogalanteoliva.it\/magazine\/2020\/12\/24\/vincenzo-liarda-e-tempo-di-verita-e-giustizia\/\",\"url\":\"https:\/\/www.istitutogalanteoliva.it\/magazine\/2020\/12\/24\/vincenzo-liarda-e-tempo-di-verita-e-giustizia\/\",\"name\":\"Vincenzo Liarda: \u201c\u00e8 tempo di verit\u00e0 e giustizia\u201d - Polis SA Magazine\",\"isPartOf\":{\"@id\":\"https:\/\/www.istitutogalanteoliva.it\/magazine\/#website\"},\"primaryImageOfPage\":{\"@id\":\"https:\/\/www.istitutogalanteoliva.it\/magazine\/2020\/12\/24\/vincenzo-liarda-e-tempo-di-verita-e-giustizia\/#primaryimage\"},\"image\":{\"@id\":\"https:\/\/www.istitutogalanteoliva.it\/magazine\/2020\/12\/24\/vincenzo-liarda-e-tempo-di-verita-e-giustizia\/#primaryimage\"},\"thumbnailUrl\":\"https:\/\/www.istitutogalanteoliva.it\/magazine\/wp-content\/uploads\/2020\/12\/cop-4.jpg\",\"datePublished\":\"2020-12-24T07:00:00+00:00\",\"dateModified\":\"2020-12-24T09:28:40+00:00\",\"description\":\"Abbiamo incontrato Vincenzo Liarda, \u201cil sindacalista antimafia\u201d, dopo la piena assoluzione dall\u2019accusa di \u201csimulazione di minacce mafiose\u201d\",\"breadcrumb\":{\"@id\":\"https:\/\/www.istitutogalanteoliva.it\/magazine\/2020\/12\/24\/vincenzo-liarda-e-tempo-di-verita-e-giustizia\/#breadcrumb\"},\"inLanguage\":\"it-IT\",\"potentialAction\":[{\"@type\":\"ReadAction\",\"target\":[\"https:\/\/www.istitutogalanteoliva.it\/magazine\/2020\/12\/24\/vincenzo-liarda-e-tempo-di-verita-e-giustizia\/\"]}]},{\"@type\":\"ImageObject\",\"inLanguage\":\"it-IT\",\"@id\":\"https:\/\/www.istitutogalanteoliva.it\/magazine\/2020\/12\/24\/vincenzo-liarda-e-tempo-di-verita-e-giustizia\/#primaryimage\",\"url\":\"https:\/\/www.istitutogalanteoliva.it\/magazine\/wp-content\/uploads\/2020\/12\/cop-4.jpg\",\"contentUrl\":\"https:\/\/www.istitutogalanteoliva.it\/magazine\/wp-content\/uploads\/2020\/12\/cop-4.jpg\",\"width\":1280,\"height\":760},{\"@type\":\"BreadcrumbList\",\"@id\":\"https:\/\/www.istitutogalanteoliva.it\/magazine\/2020\/12\/24\/vincenzo-liarda-e-tempo-di-verita-e-giustizia\/#breadcrumb\",\"itemListElement\":[{\"@type\":\"ListItem\",\"position\":1,\"name\":\"Home\",\"item\":\"https:\/\/www.istitutogalanteoliva.it\/magazine\/\"},{\"@type\":\"ListItem\",\"position\":2,\"name\":\"Vincenzo Liarda: \u201c\u00e8 tempo di verit\u00e0 e giustizia\u201d\"}]},{\"@type\":\"WebSite\",\"@id\":\"https:\/\/www.istitutogalanteoliva.it\/magazine\/#website\",\"url\":\"https:\/\/www.istitutogalanteoliva.it\/magazine\/\",\"name\":\"POLIS SA MAGAZINE\",\"description\":\"Informazione e approfondimenti\",\"publisher\":{\"@id\":\"https:\/\/www.istitutogalanteoliva.it\/magazine\/#organization\"},\"potentialAction\":[{\"@type\":\"SearchAction\",\"target\":{\"@type\":\"EntryPoint\",\"urlTemplate\":\"https:\/\/www.istitutogalanteoliva.it\/magazine\/?s={search_term_string}\"},\"query-input\":{\"@type\":\"PropertyValueSpecification\",\"valueRequired\":true,\"valueName\":\"search_term_string\"}}],\"inLanguage\":\"it-IT\"},{\"@type\":\"Organization\",\"@id\":\"https:\/\/www.istitutogalanteoliva.it\/magazine\/#organization\",\"name\":\"Polis SA Magazine\",\"url\":\"https:\/\/www.istitutogalanteoliva.it\/magazine\/\",\"logo\":{\"@type\":\"ImageObject\",\"inLanguage\":\"it-IT\",\"@id\":\"https:\/\/www.istitutogalanteoliva.it\/magazine\/#\/schema\/logo\/image\/\",\"url\":\"\",\"contentUrl\":\"\",\"caption\":\"Polis SA Magazine\"},\"image\":{\"@id\":\"https:\/\/www.istitutogalanteoliva.it\/magazine\/#\/schema\/logo\/image\/\"},\"sameAs\":[\"https:\/\/www.facebook.com\/PolisSAMagazine\/\",\"https:\/\/x.com\/MagazinePolis\",\"https:\/\/www.youtube.com\/channel\/UCv0Mr5AHKUmsc0sEEXkJrgw\"]},{\"@type\":\"Person\",\"@id\":\"https:\/\/www.istitutogalanteoliva.it\/magazine\/#\/schema\/person\/d8b8aa79cfe8babc1df9da3212a7c0c4\",\"name\":\"Antonello Rivano\",\"image\":{\"@type\":\"ImageObject\",\"inLanguage\":\"it-IT\",\"@id\":\"https:\/\/www.istitutogalanteoliva.it\/magazine\/#\/schema\/person\/image\/\",\"url\":\"https:\/\/secure.gravatar.com\/avatar\/517a9a6487a7a18ecc4ce6d2e57a8f40?s=96&d=mm&r=g\",\"contentUrl\":\"https:\/\/secure.gravatar.com\/avatar\/517a9a6487a7a18ecc4ce6d2e57a8f40?s=96&d=mm&r=g\",\"caption\":\"Antonello Rivano\"},\"url\":\"https:\/\/www.istitutogalanteoliva.it\/magazine\/author\/antonello\/\"}]}<\/script>\n<!-- \/ Yoast SEO plugin. -->","yoast_head_json":{"title":"Vincenzo Liarda: \u201c\u00e8 tempo di verit\u00e0 e giustizia\u201d - Polis SA Magazine","description":"Abbiamo incontrato Vincenzo Liarda, \u201cil sindacalista antimafia\u201d, dopo la piena assoluzione dall\u2019accusa di \u201csimulazione di minacce mafiose\u201d","robots":{"index":"index","follow":"follow","max-snippet":"max-snippet:-1","max-image-preview":"max-image-preview:large","max-video-preview":"max-video-preview:-1"},"canonical":"https:\/\/www.istitutogalanteoliva.it\/magazine\/2020\/12\/24\/vincenzo-liarda-e-tempo-di-verita-e-giustizia\/","og_locale":"it_IT","og_type":"article","og_title":"Vincenzo Liarda: \u201c\u00e8 tempo di verit\u00e0 e giustizia\u201d - Polis SA Magazine","og_description":"Abbiamo incontrato Vincenzo Liarda, \u201cil sindacalista antimafia\u201d, dopo la piena assoluzione dall\u2019accusa di \u201csimulazione di minacce mafiose\u201d","og_url":"https:\/\/www.istitutogalanteoliva.it\/magazine\/2020\/12\/24\/vincenzo-liarda-e-tempo-di-verita-e-giustizia\/","og_site_name":"Polis SA Magazine","article_publisher":"https:\/\/www.facebook.com\/PolisSAMagazine\/","article_published_time":"2020-12-24T07:00:00+00:00","article_modified_time":"2020-12-24T09:28:40+00:00","og_image":[{"width":1280,"height":760,"url":"https:\/\/www.istitutogalanteoliva.it\/magazine\/wp-content\/uploads\/2020\/12\/cop-4.jpg","type":"image\/jpeg"}],"author":"Antonello Rivano","twitter_card":"summary_large_image","twitter_creator":"@MagazinePolis","twitter_site":"@MagazinePolis","twitter_misc":{"Scritto da":"Antonello Rivano","Tempo di lettura stimato":"3 minuti"},"schema":{"@context":"https:\/\/schema.org","@graph":[{"@type":"Article","@id":"https:\/\/www.istitutogalanteoliva.it\/magazine\/2020\/12\/24\/vincenzo-liarda-e-tempo-di-verita-e-giustizia\/#article","isPartOf":{"@id":"https:\/\/www.istitutogalanteoliva.it\/magazine\/2020\/12\/24\/vincenzo-liarda-e-tempo-di-verita-e-giustizia\/"},"author":{"name":"Antonello Rivano","@id":"https:\/\/www.istitutogalanteoliva.it\/magazine\/#\/schema\/person\/d8b8aa79cfe8babc1df9da3212a7c0c4"},"headline":"Vincenzo Liarda: \u201c\u00e8 tempo di verit\u00e0 e giustizia\u201d","datePublished":"2020-12-24T07:00:00+00:00","dateModified":"2020-12-24T09:28:40+00:00","mainEntityOfPage":{"@id":"https:\/\/www.istitutogalanteoliva.it\/magazine\/2020\/12\/24\/vincenzo-liarda-e-tempo-di-verita-e-giustizia\/"},"wordCount":679,"commentCount":1,"publisher":{"@id":"https:\/\/www.istitutogalanteoliva.it\/magazine\/#organization"},"image":{"@id":"https:\/\/www.istitutogalanteoliva.it\/magazine\/2020\/12\/24\/vincenzo-liarda-e-tempo-di-verita-e-giustizia\/#primaryimage"},"thumbnailUrl":"https:\/\/www.istitutogalanteoliva.it\/magazine\/wp-content\/uploads\/2020\/12\/cop-4.jpg","keywords":["Antimafia","Vincenzo Liarda"],"articleSection":["2020","Personaggi"],"inLanguage":"it-IT","potentialAction":[{"@type":"CommentAction","name":"Comment","target":["https:\/\/www.istitutogalanteoliva.it\/magazine\/2020\/12\/24\/vincenzo-liarda-e-tempo-di-verita-e-giustizia\/#respond"]}]},{"@type":"WebPage","@id":"https:\/\/www.istitutogalanteoliva.it\/magazine\/2020\/12\/24\/vincenzo-liarda-e-tempo-di-verita-e-giustizia\/","url":"https:\/\/www.istitutogalanteoliva.it\/magazine\/2020\/12\/24\/vincenzo-liarda-e-tempo-di-verita-e-giustizia\/","name":"Vincenzo Liarda: \u201c\u00e8 tempo di verit\u00e0 e giustizia\u201d - Polis SA Magazine","isPartOf":{"@id":"https:\/\/www.istitutogalanteoliva.it\/magazine\/#website"},"primaryImageOfPage":{"@id":"https:\/\/www.istitutogalanteoliva.it\/magazine\/2020\/12\/24\/vincenzo-liarda-e-tempo-di-verita-e-giustizia\/#primaryimage"},"image":{"@id":"https:\/\/www.istitutogalanteoliva.it\/magazine\/2020\/12\/24\/vincenzo-liarda-e-tempo-di-verita-e-giustizia\/#primaryimage"},"thumbnailUrl":"https:\/\/www.istitutogalanteoliva.it\/magazine\/wp-content\/uploads\/2020\/12\/cop-4.jpg","datePublished":"2020-12-24T07:00:00+00:00","dateModified":"2020-12-24T09:28:40+00:00","description":"Abbiamo incontrato Vincenzo Liarda, \u201cil sindacalista antimafia\u201d, dopo la piena assoluzione dall\u2019accusa di \u201csimulazione di minacce mafiose\u201d","breadcrumb":{"@id":"https:\/\/www.istitutogalanteoliva.it\/magazine\/2020\/12\/24\/vincenzo-liarda-e-tempo-di-verita-e-giustizia\/#breadcrumb"},"inLanguage":"it-IT","potentialAction":[{"@type":"ReadAction","target":["https:\/\/www.istitutogalanteoliva.it\/magazine\/2020\/12\/24\/vincenzo-liarda-e-tempo-di-verita-e-giustizia\/"]}]},{"@type":"ImageObject","inLanguage":"it-IT","@id":"https:\/\/www.istitutogalanteoliva.it\/magazine\/2020\/12\/24\/vincenzo-liarda-e-tempo-di-verita-e-giustizia\/#primaryimage","url":"https:\/\/www.istitutogalanteoliva.it\/magazine\/wp-content\/uploads\/2020\/12\/cop-4.jpg","contentUrl":"https:\/\/www.istitutogalanteoliva.it\/magazine\/wp-content\/uploads\/2020\/12\/cop-4.jpg","width":1280,"height":760},{"@type":"BreadcrumbList","@id":"https:\/\/www.istitutogalanteoliva.it\/magazine\/2020\/12\/24\/vincenzo-liarda-e-tempo-di-verita-e-giustizia\/#breadcrumb","itemListElement":[{"@type":"ListItem","position":1,"name":"Home","item":"https:\/\/www.istitutogalanteoliva.it\/magazine\/"},{"@type":"ListItem","position":2,"name":"Vincenzo Liarda: \u201c\u00e8 tempo di verit\u00e0 e giustizia\u201d"}]},{"@type":"WebSite","@id":"https:\/\/www.istitutogalanteoliva.it\/magazine\/#website","url":"https:\/\/www.istitutogalanteoliva.it\/magazine\/","name":"POLIS SA MAGAZINE","description":"Informazione e approfondimenti","publisher":{"@id":"https:\/\/www.istitutogalanteoliva.it\/magazine\/#organization"},"potentialAction":[{"@type":"SearchAction","target":{"@type":"EntryPoint","urlTemplate":"https:\/\/www.istitutogalanteoliva.it\/magazine\/?s={search_term_string}"},"query-input":{"@type":"PropertyValueSpecification","valueRequired":true,"valueName":"search_term_string"}}],"inLanguage":"it-IT"},{"@type":"Organization","@id":"https:\/\/www.istitutogalanteoliva.it\/magazine\/#organization","name":"Polis SA Magazine","url":"https:\/\/www.istitutogalanteoliva.it\/magazine\/","logo":{"@type":"ImageObject","inLanguage":"it-IT","@id":"https:\/\/www.istitutogalanteoliva.it\/magazine\/#\/schema\/logo\/image\/","url":"","contentUrl":"","caption":"Polis SA Magazine"},"image":{"@id":"https:\/\/www.istitutogalanteoliva.it\/magazine\/#\/schema\/logo\/image\/"},"sameAs":["https:\/\/www.facebook.com\/PolisSAMagazine\/","https:\/\/x.com\/MagazinePolis","https:\/\/www.youtube.com\/channel\/UCv0Mr5AHKUmsc0sEEXkJrgw"]},{"@type":"Person","@id":"https:\/\/www.istitutogalanteoliva.it\/magazine\/#\/schema\/person\/d8b8aa79cfe8babc1df9da3212a7c0c4","name":"Antonello Rivano","image":{"@type":"ImageObject","inLanguage":"it-IT","@id":"https:\/\/www.istitutogalanteoliva.it\/magazine\/#\/schema\/person\/image\/","url":"https:\/\/secure.gravatar.com\/avatar\/517a9a6487a7a18ecc4ce6d2e57a8f40?s=96&d=mm&r=g","contentUrl":"https:\/\/secure.gravatar.com\/avatar\/517a9a6487a7a18ecc4ce6d2e57a8f40?s=96&d=mm&r=g","caption":"Antonello Rivano"},"url":"https:\/\/www.istitutogalanteoliva.it\/magazine\/author\/antonello\/"}]}},"_links":{"self":[{"href":"https:\/\/www.istitutogalanteoliva.it\/magazine\/wp-json\/wp\/v2\/posts\/5007","targetHints":{"allow":["GET"]}}],"collection":[{"href":"https:\/\/www.istitutogalanteoliva.it\/magazine\/wp-json\/wp\/v2\/posts"}],"about":[{"href":"https:\/\/www.istitutogalanteoliva.it\/magazine\/wp-json\/wp\/v2\/types\/post"}],"author":[{"embeddable":true,"href":"https:\/\/www.istitutogalanteoliva.it\/magazine\/wp-json\/wp\/v2\/users\/2"}],"replies":[{"embeddable":true,"href":"https:\/\/www.istitutogalanteoliva.it\/magazine\/wp-json\/wp\/v2\/comments?post=5007"}],"version-history":[{"count":6,"href":"https:\/\/www.istitutogalanteoliva.it\/magazine\/wp-json\/wp\/v2\/posts\/5007\/revisions"}],"predecessor-version":[{"id":5025,"href":"https:\/\/www.istitutogalanteoliva.it\/magazine\/wp-json\/wp\/v2\/posts\/5007\/revisions\/5025"}],"wp:featuredmedia":[{"embeddable":true,"href":"https:\/\/www.istitutogalanteoliva.it\/magazine\/wp-json\/wp\/v2\/media\/5014"}],"wp:attachment":[{"href":"https:\/\/www.istitutogalanteoliva.it\/magazine\/wp-json\/wp\/v2\/media?parent=5007"}],"wp:term":[{"taxonomy":"category","embeddable":true,"href":"https:\/\/www.istitutogalanteoliva.it\/magazine\/wp-json\/wp\/v2\/categories?post=5007"},{"taxonomy":"post_tag","embeddable":true,"href":"https:\/\/www.istitutogalanteoliva.it\/magazine\/wp-json\/wp\/v2\/tags?post=5007"}],"curies":[{"name":"wp","href":"https:\/\/api.w.org\/{rel}","templated":true}]}}