{"id":5018,"date":"2020-12-24T12:00:00","date_gmt":"2020-12-24T11:00:00","guid":{"rendered":"https:\/\/www.istitutogalanteoliva.it\/magazine\/?p=5018"},"modified":"2020-12-23T16:52:37","modified_gmt":"2020-12-23T15:52:37","slug":"xx-edizione-premio-massimo-troisi-san-giorgio-a-cremano","status":"publish","type":"post","link":"https:\/\/www.istitutogalanteoliva.it\/magazine\/2020\/12\/24\/xx-edizione-premio-massimo-troisi-san-giorgio-a-cremano\/","title":{"rendered":"XX edizione Premio Massimo Troisi San Giorgio a Cremano"},"content":{"rendered":"\n<h3 class=\"wp-block-heading\">Sotto la <strong>Direzione Artistica<\/strong><em style=\"font-weight: bold;\"> di  Gino Rivieccio<\/em>, dal 27 al 30 dicembre, al via una serie di appuntanti pensati per tutta la famiglia.<\/h3>\n\n\n\n<p>Torna a San Giorgio a Cremano il Premio Massimo Troisi, prestigioso osservatorio sulla comicit\u00e0, giunto alla XX edizione che quest&#8217;anno si svolger\u00e0 in maniera digitale, per restare accanto alla comunit\u00e0 durante le festivit\u00e0 di Natale nel rispetto di tutte le normative anti covid. Il programma di questa \u201cdigital experience\u201d porta la firma del direttore artistico <strong>Gino Rivieccio<\/strong>, attore e regista di vasta esperienza, che sar\u00e0 al timone dell\u2019evento per il secondo anno.<\/p>\n\n\n\n<p>Al via dunque <strong>dal 27 al 30 dicembre<\/strong> un calendario di appuntamenti pensati per tutta la famiglia con spettacoli gratuiti che saranno visibili su una piattaforma online appositamente creata per il Premio (<a href=\"http:\/\/www.premiotroisi.org\">www.premiotroisi.org<\/a>) e sui canali social. Tanti gli ospiti che intratterranno il pubblico nel segno della cultura e del divertimento con appuntamenti in streaming che si protrarranno anche nel mese di gennaio. Il tutto \u00e8 promosso e organizzato dal Comune di San Giorgio a Cremano nella persona del <strong>Sindaco Giorgio Zinno<\/strong> insieme all\u2019assessore alla cultura <strong>Pietro De Martino<\/strong> e finanziato dalla Regione Campania.<\/p>\n\n\n\n<p>Concorsi, musica, comicit\u00e0 saranno gli ingredienti principali di questa kermesse che dar\u00e0 la possibilit\u00e0 a nuovi autori e comici emergenti di essere giudicati da una giuria di qualit\u00e0 e concorrere cos\u00ec ad ambiti premi e riconoscimenti. Per questa ventesima edizione grande spazio sar\u00e0 poi dato alle compagnie e agli artisti del territorio che ha dato i natali al grande Massimo.<\/p>\n\n\n\n<div class=\"wp-block-image\"><figure class=\"alignleft size-large is-resized\"><img loading=\"lazy\" decoding=\"async\" src=\"https:\/\/www.istitutogalanteoliva.it\/magazine\/wp-content\/uploads\/2020\/12\/S7-1024x683.jpg\" alt=\"\" class=\"wp-image-5019\" width=\"503\" height=\"336\" srcset=\"https:\/\/www.istitutogalanteoliva.it\/magazine\/wp-content\/uploads\/2020\/12\/S7-1024x683.jpg 1024w, https:\/\/www.istitutogalanteoliva.it\/magazine\/wp-content\/uploads\/2020\/12\/S7-300x200.jpg 300w, https:\/\/www.istitutogalanteoliva.it\/magazine\/wp-content\/uploads\/2020\/12\/S7-768x512.jpg 768w, https:\/\/www.istitutogalanteoliva.it\/magazine\/wp-content\/uploads\/2020\/12\/S7-1536x1024.jpg 1536w, https:\/\/www.istitutogalanteoliva.it\/magazine\/wp-content\/uploads\/2020\/12\/S7-2048x1366.jpg 2048w, https:\/\/www.istitutogalanteoliva.it\/magazine\/wp-content\/uploads\/2020\/12\/S7-675x450.jpg 675w\" sizes=\"auto, (max-width: 503px) 100vw, 503px\" \/><\/figure><\/div>\n\n\n\n<p>Quest\u2019anno il Premio Massimo Troisi si avvale della collaborazione della <strong>Universit\u00e0 degli Studi di Salerno<\/strong> che sar\u00e0 parte viva attraverso la creazione di un indicatore per misurare \u201ccosa e quanto fa ridere gli italiani\u201d attraverso la valutazione e il monitoraggio delle conversazioni web e social&nbsp;nonch\u00e9 attraverso report periodici sull\u2019analisi dei linguaggi della&nbsp;comicit\u00e0 &#8211; come ha spiegato nella conferenza di presentazione- &nbsp;il professore Annibale Elia professore di linguistica computazionale dell\u2019Universit\u00e0 degli Studi di Salerno e Amministratore unico della societ\u00e0 Theuth Linguistic Engines spin off dell&#8217;Ateneo.&nbsp;<\/p>\n\n\n\n<p>Attraverso il sito internet del Premio Massimo Troisi, completamente riprogettato, il Comune di San Giorgio a Cremano promuover\u00e0 in collaborazione con il Dipartimento di Scienze di Comunicazione dell\u2019Universit\u00e0 di Salerno, la creazione di un portale web interamente dedicato alla comicit\u00e0 su cui prender\u00e0 vita l\u2019Osservatorio sulla comicit\u00e0 attraverso un magazine tematico e uno spazio per dare visibilit\u00e0 e promuovere i giovani artisti comici nello spirito che ha sempre caratterizzato il Premio Massimo Troisi. Il progetto digital \u00e8 un\u2019occasione per armonizzare quanto realizzato e prodotto, in termini culturali, negli ultimi anni, rendendo fruibile al pubblico e facilmente consultabile il materiale arrivato alle giurie nelle ultime edizioni. La piattaforma multimediale sar\u00e0 sviluppata con l\u2019obiettivo di garantire la massima interazione tra gli artisti e il pubblico, proponendosi come un canale tematico e gratuito per la fruizione delle opere dei giovani comici.<\/p>\n\n\n\n<p>&lt;&lt;E\u2019 una nuova esperienza a tutto tondo questa edizione del Premio Massimo Troisi \u2013 dice il sindaco <strong>Giorgio Zinno<\/strong> \u2013 ringraziamo il presidente Vincenzo De Luca con la giunta e il consiglio Regionale per aver stanziato in tre anni 300mila euro annuali per questa manifestazione che si \u00e8 andata evolvendo anno dopo anno. Questo \u00e8 stato un anno difficilissimo a causa del Covid che ha stravolto le nostre vite e abbiamo dovuto reinventare il Premio Troisi e renderlo online.<\/p>\n\n\n\n<p>&nbsp;Questo servir\u00e0 a rendere partecipi i cittadini e, tramite il portale che abbiamo creato, sar\u00e0 possibile rendere visibili tutti questi venti anni del Premio grazie a un grande archivio e, grazie alla collaborazione con l\u2019Universit\u00e0 di Salerno, ci sar\u00e0 una continuit\u00e0. In un momento cos\u00ec complicato abbiamo pensato che fosse giusto dare la possibilit\u00e0 alle persone di sorridere e consentire agli artisti di esprimersi&gt;&gt;<\/p>\n\n\n\n<p>&lt;&lt;Quest\u2019anno il Premio ha voluto dare spazio alle eccellenze locali \u2013 dichiara l\u2019assessore <strong>Pietro De Martino<\/strong> \u2013 \u00a0con la partecipazione di compagnie e artisti del territorio di grande spessore che saranno protagonisti con le proprie commedie e tanti spettacoli visibili dal mese di gennaio sul portale>><\/p>\n\n\n\n<div class=\"wp-block-image\"><figure class=\"alignright size-large is-resized\"><img loading=\"lazy\" decoding=\"async\" src=\"https:\/\/www.istitutogalanteoliva.it\/magazine\/wp-content\/uploads\/2020\/12\/S1-1024x683.jpg\" alt=\"\" class=\"wp-image-5020\" width=\"520\" height=\"348\" srcset=\"https:\/\/www.istitutogalanteoliva.it\/magazine\/wp-content\/uploads\/2020\/12\/S1-1024x683.jpg 1024w, https:\/\/www.istitutogalanteoliva.it\/magazine\/wp-content\/uploads\/2020\/12\/S1-300x200.jpg 300w, https:\/\/www.istitutogalanteoliva.it\/magazine\/wp-content\/uploads\/2020\/12\/S1-768x512.jpg 768w, https:\/\/www.istitutogalanteoliva.it\/magazine\/wp-content\/uploads\/2020\/12\/S1-1536x1024.jpg 1536w, https:\/\/www.istitutogalanteoliva.it\/magazine\/wp-content\/uploads\/2020\/12\/S1-2048x1366.jpg 2048w, https:\/\/www.istitutogalanteoliva.it\/magazine\/wp-content\/uploads\/2020\/12\/S1-675x450.jpg 675w\" sizes=\"auto, (max-width: 520px) 100vw, 520px\" \/><\/figure><\/div>\n\n\n\n<p>&lt;&lt;Ringrazio il Comune di San Giorgio per questa conferma che mi vede alla guida della manifestazione per il secondo anno \u2013 dichiara <strong>Gino Rivieccio<\/strong>&#8211; questa ventesima edizione \u00e8 stata oggetto di grande riflessione causa il terribile momento che viviamo, ma abbiamo deciso di realizzarla per non far mancare ai sangiorgesi e al grande pubblico del Troisi un appuntamento tanto amato e soprattutto, in un periodo cos\u00ec difficile, abbiamo pensato di non far mancare alle persone un momento di divertimento. Da qui dunque la scelta di realizzare una versione \u201cdigitale\u201d del Premio che dar\u00e0, inoltre, grande spazio agli artisti del territorio. Questo finale di dicembre nel segno della comicit\u00e0 vuole essere un messaggio di speranza per il nuovo anno e per dare un simbolico calcio a questo 2020 cos\u00ec drammatico. &gt;&gt;<\/p>\n\n\n\n<p>Ecco i dettagli del programma<\/p>\n\n\n\n<p><strong>27 dicembre ore 21.15<\/strong>:<\/p>\n\n\n\n<p>Spettacolo: \u201cTroisi Poeta Massimo\u201d Di Stefano Veneruso<\/p>\n\n\n\n<p><strong>Troisi Poeta Massimo<\/strong> \u00e8 uno spettacolo teatrale sulla vita artistica e privata di Massimo Troisi. Sono<\/p>\n\n\n\n<p>poesie inedite, interviste, canzoni e&nbsp; testi autobiografici a fare da trama narrativa. Si tratta di una ricostruzione della sua magnifica carriera, della sua straordinaria poetica applicata al suo cinema, ai suoi racconti, ai monologhi e allo storico gruppo La Smorfia. Accompagnato da cantanti e musicisti, un attore, attraverso l\u2019ironia e le opere di Troisi, parler\u00e0 della famiglia, della religione, dell\u2019universo femminile, di Napoli e del suo ultimo capolavoro cinematografico.<\/p>\n\n\n\n<p><strong>28 dicembre ore 21.15<\/strong>:<\/p>\n\n\n\n<p>Serata di Gala presentata da Titta Masi<\/p>\n\n\n\n<p>Nel corso della serata ci sar\u00e0 la presentazione del film di <strong>Stefano Veneruso<\/strong> \u201cDa domani mi alzo tardi\u201d con la proiezione in anteprima del trailer in lingua originale.<\/p>\n\n\n\n<p>La storia di <em>Da domani mi alzo tardi<\/em> \u00e8 liberamente ispirata dalla vita di Massimo Troisi. La sceneggiatura \u00e8 stata scritta da Anna Pavignano, che assieme a Massimo ha vissuto una bellissima storia d\u2019amore, oltre che lavorativa, come coautrice dei suoi film, tutti di grande successo, candidata all&#8217;Oscar per la migliore sceneggiatura del film Il Postino &#8211; 1996. Nel film, fortemente ispirato da Massimo Troisi, dal suo stile di vita e dal suo modo di essere, ambientato tra il nord America e l\u2019Italia, paese in cui prendono in affitto una casa,<\/p>\n\n\n\n<p>per scrivere in totale tranquillit\u00e0, si racconta la storia di Massimo, attore di successo, tormentato dall\u2019amore, il quale ha un modo veramente singolare e originale di vivere la vita, e di Anna, affermata sceneggiatrice, testimone del loro amore. Anna ricorda tutto di lui, molto pi\u00f9 di quanto non ricordi egli stesso. Si tratta dunque di una storia d&#8217;amore immaginaria, nella quale riaffiorano inevitabilmente flashback divertenti e dolorosi della vita che hanno condiviso, delle loro personalit\u00e0, del modo di pensare e anche di far ridere di Massimo. \u201cDa domani mi alzo tardi\u201d \u00e8 un film che racconta e fa sognare la possibilit\u00e0 di un amore eterno ed assoluto, che sopravvive al tempo, che convive con l\u2019andare avanti della vita, in<\/p>\n\n\n\n<p>cui la morte pu\u00f2 essere pensata come un evento non necessariamente definitivo.<\/p>\n\n\n\n<p>Protagonisti del film: Gabriella Pession e John Lynch.<\/p>\n\n\n\n<p><strong>Premiazione Concorso Corti Comici<\/strong>.<\/p>\n\n\n\n<p>Presidente Giuria: Stefano Veneruso.<\/p>\n\n\n\n<p><strong>Premiazione Concorso per Testi Teatrali, Sceneggiature Cinematografiche e Fiction Televisive<\/strong>. A Cura Dell\u2019universit\u00e0 Federico II Di Napoli Giuria: Presidente Prof. Pasquale Sabatino. Giurati: Prof.ssa Giuseppina Scognamiglio, Prof.ssa Anna Masecchia, Prof. Matteo Palumbo, Prof. Vincenzo Caputo.<\/p>\n\n\n\n<p>Ospiti della serata: l\u2019attrice <strong>Alessandra Borgia<\/strong>, che presenter\u00e0 il progetto dell\u2019Osservatorio Cinematografico Vesuviano,&nbsp; e il cantante <strong>Andrea Sannino <\/strong>per una esibizione live.<\/p>\n\n\n\n<p><strong>29 dicembre ore 21.15<\/strong>: &nbsp;<\/p>\n\n\n\n<p>Spettacolo: \u201cAutovelox\u201d Con Biagio Izzo, Mario Porfito, Francesco Procopio.<\/p>\n\n\n\n<p><strong>30 dicembre ore 21.15:<\/strong><\/p>\n\n\n\n<p>Premiazione Concorso Migliore Attore Comico E Scrittura Comica. &nbsp;Presentano: <strong>Gigi &amp; Ross<\/strong><\/p>\n\n\n\n<p>Giuria Per Il Concorso Migliore Attore Comico. Presidente : Eduardo Tartaglia<\/p>\n\n\n\n<p>Giurati: Lucia Cassini, Gino Rivieccio<\/p>\n\n\n\n<p>Giuria Per Il Concorso Migliore Scrittura Comica. Presidente:&nbsp; Pino Imperatore<\/p>\n\n\n\n<p>Ospiti della serata: <strong>Maurizio Casagrande, Stefano De Clemente, Monica Sarnelli<\/strong>.<\/p>\n\n\n\n<p><strong>Spettacoli in onda a gennaio 2021 (date da definire) con protagoniste compagnie teatrali del territorio di San Giorgio a Cremano<\/strong><\/p>\n\n\n\n<p>\u201cLa Cantata Di Razzullo E Sarchiapone\u201d a cura della Compagnia Balagancik e Salone Delle Arti Pignatelli.<\/p>\n\n\n\n<p>\u201cMercanti Di Anime E Di Usura. Confessioni Di Un\u2019anima Dannata \u201d &nbsp;a cura Della Compagnia Uno Spazio Per&nbsp; Il Teatro<\/p>\n\n\n\n<p>\u201cLa Badessa Di Piro Pilessa\u201d a &nbsp;cura Del Teatro Sanacore e Teatro Principe<\/p>\n\n\n\n<p>\u201cDall\u2019america With Love\u201d a cura Della Compagnia Aplomb<\/p>\n\n\n\n<p>\u201cNapoli In Varieta\u2019\u201d&nbsp; a cura Della Compagnia Fratelli Salvetti<\/p>\n\n\n\n<p>\u201c Next Gen\u201d a cura Dell\u2019accademia Nazionale Danze Olimpiche<\/p>\n\n\n\n<p>\u201cNapoli In\u2026Canta\u201d a cura Dell\u2019associazione Maria Malibran \u201c<\/p>\n\n\n\n<p><strong>Francobolli Di Comicit\u00e0:<\/strong><\/p>\n\n\n\n<p>clip di spettacoli presentate da Gino RIvieccio con protagonisti<\/p>\n\n\n\n<p>&nbsp;Rosalia Poscaro, Antonella Stefanucci, Rosaria De Cicco, Veronica Mazza, Edo Imperatrice, I Ditelo Voi, Salvatore Gisonna, Ettore Massa &amp; Massimo Carrino , Peppe Iodice, Vincenzo De Lucia.<\/p>\n\n\n\n<p>Ospiti: Antonello Cascone &amp; Marianna Corrado, Nello Daniele, Michele Selillo.<\/p>\n\n\n\n<p>Foto di Sandro Barrasso<\/p>\n<div class=\"pdfprnt-buttons pdfprnt-buttons-post pdfprnt-bottom-left\"><a href=\"https:\/\/www.istitutogalanteoliva.it\/magazine\/wp-json\/wp\/v2\/posts\/5018?print=print\" class=\"pdfprnt-button pdfprnt-button-print\" target=\"_blank\"><img decoding=\"async\" src=\"https:\/\/www.istitutogalanteoliva.it\/magazine\/wp-content\/plugins\/pdf-print\/images\/print.png\" alt=\"image_print\" title=\"Stampa contenuto\" \/><span class=\"pdfprnt-button-title pdfprnt-button-print-title\">Download in PDF<\/span><\/a><\/div>","protected":false},"excerpt":{"rendered":"<p>Sotto la Direzione Artistica di Gino Rivieccio, dal 27 al 30 dicembre, al via una<\/p>\n","protected":false},"author":2,"featured_media":5024,"comment_status":"open","ping_status":"open","sticky":false,"template":"","format":"standard","meta":{"footnotes":""},"categories":[34,7,47],"tags":[],"class_list":["post-5018","post","type-post","status-publish","format-standard","has-post-thumbnail","hentry","category-34","category-arte_e_spettacolo","category-eventi"],"yoast_head":"<!-- This site is optimized with the Yoast SEO plugin v24.2 - https:\/\/yoast.com\/wordpress\/plugins\/seo\/ -->\n<title>XX edizione Premio Massimo Troisi San Giorgio a Cremano - Polis SA Magazine<\/title>\n<meta name=\"robots\" content=\"index, follow, max-snippet:-1, max-image-preview:large, max-video-preview:-1\" \/>\n<link rel=\"canonical\" href=\"https:\/\/www.istitutogalanteoliva.it\/magazine\/2020\/12\/24\/xx-edizione-premio-massimo-troisi-san-giorgio-a-cremano\/\" \/>\n<meta property=\"og:locale\" content=\"it_IT\" \/>\n<meta property=\"og:type\" content=\"article\" \/>\n<meta property=\"og:title\" content=\"XX edizione Premio Massimo Troisi San Giorgio a Cremano - Polis SA Magazine\" \/>\n<meta property=\"og:description\" content=\"Sotto la Direzione Artistica di Gino Rivieccio, dal 27 al 30 dicembre, al via una\" \/>\n<meta property=\"og:url\" content=\"https:\/\/www.istitutogalanteoliva.it\/magazine\/2020\/12\/24\/xx-edizione-premio-massimo-troisi-san-giorgio-a-cremano\/\" \/>\n<meta property=\"og:site_name\" content=\"Polis SA Magazine\" \/>\n<meta property=\"article:publisher\" content=\"https:\/\/www.facebook.com\/PolisSAMagazine\/\" \/>\n<meta property=\"article:published_time\" content=\"2020-12-24T11:00:00+00:00\" \/>\n<meta property=\"article:modified_time\" content=\"2020-12-23T15:52:37+00:00\" \/>\n<meta property=\"og:image\" content=\"https:\/\/www.istitutogalanteoliva.it\/magazine\/wp-content\/uploads\/2020\/12\/Senza-titolo-1-1.jpg\" \/>\n\t<meta property=\"og:image:width\" content=\"1280\" \/>\n\t<meta property=\"og:image:height\" content=\"760\" \/>\n\t<meta property=\"og:image:type\" content=\"image\/jpeg\" \/>\n<meta name=\"author\" content=\"Antonello Rivano\" \/>\n<meta name=\"twitter:card\" content=\"summary_large_image\" \/>\n<meta name=\"twitter:creator\" content=\"@MagazinePolis\" \/>\n<meta name=\"twitter:site\" content=\"@MagazinePolis\" \/>\n<meta name=\"twitter:label1\" content=\"Scritto da\" \/>\n\t<meta name=\"twitter:data1\" content=\"Antonello Rivano\" \/>\n\t<meta name=\"twitter:label2\" content=\"Tempo di lettura stimato\" \/>\n\t<meta name=\"twitter:data2\" content=\"7 minuti\" \/>\n<script type=\"application\/ld+json\" class=\"yoast-schema-graph\">{\"@context\":\"https:\/\/schema.org\",\"@graph\":[{\"@type\":\"Article\",\"@id\":\"https:\/\/www.istitutogalanteoliva.it\/magazine\/2020\/12\/24\/xx-edizione-premio-massimo-troisi-san-giorgio-a-cremano\/#article\",\"isPartOf\":{\"@id\":\"https:\/\/www.istitutogalanteoliva.it\/magazine\/2020\/12\/24\/xx-edizione-premio-massimo-troisi-san-giorgio-a-cremano\/\"},\"author\":{\"name\":\"Antonello Rivano\",\"@id\":\"https:\/\/www.istitutogalanteoliva.it\/magazine\/#\/schema\/person\/d8b8aa79cfe8babc1df9da3212a7c0c4\"},\"headline\":\"XX edizione Premio Massimo Troisi San Giorgio a Cremano\",\"datePublished\":\"2020-12-24T11:00:00+00:00\",\"dateModified\":\"2020-12-23T15:52:37+00:00\",\"mainEntityOfPage\":{\"@id\":\"https:\/\/www.istitutogalanteoliva.it\/magazine\/2020\/12\/24\/xx-edizione-premio-massimo-troisi-san-giorgio-a-cremano\/\"},\"wordCount\":1477,\"commentCount\":0,\"publisher\":{\"@id\":\"https:\/\/www.istitutogalanteoliva.it\/magazine\/#organization\"},\"image\":{\"@id\":\"https:\/\/www.istitutogalanteoliva.it\/magazine\/2020\/12\/24\/xx-edizione-premio-massimo-troisi-san-giorgio-a-cremano\/#primaryimage\"},\"thumbnailUrl\":\"https:\/\/www.istitutogalanteoliva.it\/magazine\/wp-content\/uploads\/2020\/12\/Senza-titolo-1-1.jpg\",\"articleSection\":[\"2020\",\"Arte e Spettacolo\",\"Eventi\"],\"inLanguage\":\"it-IT\",\"potentialAction\":[{\"@type\":\"CommentAction\",\"name\":\"Comment\",\"target\":[\"https:\/\/www.istitutogalanteoliva.it\/magazine\/2020\/12\/24\/xx-edizione-premio-massimo-troisi-san-giorgio-a-cremano\/#respond\"]}]},{\"@type\":\"WebPage\",\"@id\":\"https:\/\/www.istitutogalanteoliva.it\/magazine\/2020\/12\/24\/xx-edizione-premio-massimo-troisi-san-giorgio-a-cremano\/\",\"url\":\"https:\/\/www.istitutogalanteoliva.it\/magazine\/2020\/12\/24\/xx-edizione-premio-massimo-troisi-san-giorgio-a-cremano\/\",\"name\":\"XX edizione Premio Massimo Troisi San Giorgio a Cremano - Polis SA Magazine\",\"isPartOf\":{\"@id\":\"https:\/\/www.istitutogalanteoliva.it\/magazine\/#website\"},\"primaryImageOfPage\":{\"@id\":\"https:\/\/www.istitutogalanteoliva.it\/magazine\/2020\/12\/24\/xx-edizione-premio-massimo-troisi-san-giorgio-a-cremano\/#primaryimage\"},\"image\":{\"@id\":\"https:\/\/www.istitutogalanteoliva.it\/magazine\/2020\/12\/24\/xx-edizione-premio-massimo-troisi-san-giorgio-a-cremano\/#primaryimage\"},\"thumbnailUrl\":\"https:\/\/www.istitutogalanteoliva.it\/magazine\/wp-content\/uploads\/2020\/12\/Senza-titolo-1-1.jpg\",\"datePublished\":\"2020-12-24T11:00:00+00:00\",\"dateModified\":\"2020-12-23T15:52:37+00:00\",\"breadcrumb\":{\"@id\":\"https:\/\/www.istitutogalanteoliva.it\/magazine\/2020\/12\/24\/xx-edizione-premio-massimo-troisi-san-giorgio-a-cremano\/#breadcrumb\"},\"inLanguage\":\"it-IT\",\"potentialAction\":[{\"@type\":\"ReadAction\",\"target\":[\"https:\/\/www.istitutogalanteoliva.it\/magazine\/2020\/12\/24\/xx-edizione-premio-massimo-troisi-san-giorgio-a-cremano\/\"]}]},{\"@type\":\"ImageObject\",\"inLanguage\":\"it-IT\",\"@id\":\"https:\/\/www.istitutogalanteoliva.it\/magazine\/2020\/12\/24\/xx-edizione-premio-massimo-troisi-san-giorgio-a-cremano\/#primaryimage\",\"url\":\"https:\/\/www.istitutogalanteoliva.it\/magazine\/wp-content\/uploads\/2020\/12\/Senza-titolo-1-1.jpg\",\"contentUrl\":\"https:\/\/www.istitutogalanteoliva.it\/magazine\/wp-content\/uploads\/2020\/12\/Senza-titolo-1-1.jpg\",\"width\":1280,\"height\":760},{\"@type\":\"BreadcrumbList\",\"@id\":\"https:\/\/www.istitutogalanteoliva.it\/magazine\/2020\/12\/24\/xx-edizione-premio-massimo-troisi-san-giorgio-a-cremano\/#breadcrumb\",\"itemListElement\":[{\"@type\":\"ListItem\",\"position\":1,\"name\":\"Home\",\"item\":\"https:\/\/www.istitutogalanteoliva.it\/magazine\/\"},{\"@type\":\"ListItem\",\"position\":2,\"name\":\"XX edizione Premio Massimo Troisi San Giorgio a Cremano\"}]},{\"@type\":\"WebSite\",\"@id\":\"https:\/\/www.istitutogalanteoliva.it\/magazine\/#website\",\"url\":\"https:\/\/www.istitutogalanteoliva.it\/magazine\/\",\"name\":\"POLIS SA MAGAZINE\",\"description\":\"Informazione e approfondimenti\",\"publisher\":{\"@id\":\"https:\/\/www.istitutogalanteoliva.it\/magazine\/#organization\"},\"potentialAction\":[{\"@type\":\"SearchAction\",\"target\":{\"@type\":\"EntryPoint\",\"urlTemplate\":\"https:\/\/www.istitutogalanteoliva.it\/magazine\/?s={search_term_string}\"},\"query-input\":{\"@type\":\"PropertyValueSpecification\",\"valueRequired\":true,\"valueName\":\"search_term_string\"}}],\"inLanguage\":\"it-IT\"},{\"@type\":\"Organization\",\"@id\":\"https:\/\/www.istitutogalanteoliva.it\/magazine\/#organization\",\"name\":\"Polis SA Magazine\",\"url\":\"https:\/\/www.istitutogalanteoliva.it\/magazine\/\",\"logo\":{\"@type\":\"ImageObject\",\"inLanguage\":\"it-IT\",\"@id\":\"https:\/\/www.istitutogalanteoliva.it\/magazine\/#\/schema\/logo\/image\/\",\"url\":\"\",\"contentUrl\":\"\",\"caption\":\"Polis SA Magazine\"},\"image\":{\"@id\":\"https:\/\/www.istitutogalanteoliva.it\/magazine\/#\/schema\/logo\/image\/\"},\"sameAs\":[\"https:\/\/www.facebook.com\/PolisSAMagazine\/\",\"https:\/\/x.com\/MagazinePolis\",\"https:\/\/www.youtube.com\/channel\/UCv0Mr5AHKUmsc0sEEXkJrgw\"]},{\"@type\":\"Person\",\"@id\":\"https:\/\/www.istitutogalanteoliva.it\/magazine\/#\/schema\/person\/d8b8aa79cfe8babc1df9da3212a7c0c4\",\"name\":\"Antonello Rivano\",\"image\":{\"@type\":\"ImageObject\",\"inLanguage\":\"it-IT\",\"@id\":\"https:\/\/www.istitutogalanteoliva.it\/magazine\/#\/schema\/person\/image\/\",\"url\":\"https:\/\/secure.gravatar.com\/avatar\/517a9a6487a7a18ecc4ce6d2e57a8f40?s=96&d=mm&r=g\",\"contentUrl\":\"https:\/\/secure.gravatar.com\/avatar\/517a9a6487a7a18ecc4ce6d2e57a8f40?s=96&d=mm&r=g\",\"caption\":\"Antonello Rivano\"},\"url\":\"https:\/\/www.istitutogalanteoliva.it\/magazine\/author\/antonello\/\"}]}<\/script>\n<!-- \/ Yoast SEO plugin. -->","yoast_head_json":{"title":"XX edizione Premio Massimo Troisi San Giorgio a Cremano - Polis SA Magazine","robots":{"index":"index","follow":"follow","max-snippet":"max-snippet:-1","max-image-preview":"max-image-preview:large","max-video-preview":"max-video-preview:-1"},"canonical":"https:\/\/www.istitutogalanteoliva.it\/magazine\/2020\/12\/24\/xx-edizione-premio-massimo-troisi-san-giorgio-a-cremano\/","og_locale":"it_IT","og_type":"article","og_title":"XX edizione Premio Massimo Troisi San Giorgio a Cremano - Polis SA Magazine","og_description":"Sotto la Direzione Artistica di Gino Rivieccio, dal 27 al 30 dicembre, al via una","og_url":"https:\/\/www.istitutogalanteoliva.it\/magazine\/2020\/12\/24\/xx-edizione-premio-massimo-troisi-san-giorgio-a-cremano\/","og_site_name":"Polis SA Magazine","article_publisher":"https:\/\/www.facebook.com\/PolisSAMagazine\/","article_published_time":"2020-12-24T11:00:00+00:00","article_modified_time":"2020-12-23T15:52:37+00:00","og_image":[{"width":1280,"height":760,"url":"https:\/\/www.istitutogalanteoliva.it\/magazine\/wp-content\/uploads\/2020\/12\/Senza-titolo-1-1.jpg","type":"image\/jpeg"}],"author":"Antonello Rivano","twitter_card":"summary_large_image","twitter_creator":"@MagazinePolis","twitter_site":"@MagazinePolis","twitter_misc":{"Scritto da":"Antonello Rivano","Tempo di lettura stimato":"7 minuti"},"schema":{"@context":"https:\/\/schema.org","@graph":[{"@type":"Article","@id":"https:\/\/www.istitutogalanteoliva.it\/magazine\/2020\/12\/24\/xx-edizione-premio-massimo-troisi-san-giorgio-a-cremano\/#article","isPartOf":{"@id":"https:\/\/www.istitutogalanteoliva.it\/magazine\/2020\/12\/24\/xx-edizione-premio-massimo-troisi-san-giorgio-a-cremano\/"},"author":{"name":"Antonello Rivano","@id":"https:\/\/www.istitutogalanteoliva.it\/magazine\/#\/schema\/person\/d8b8aa79cfe8babc1df9da3212a7c0c4"},"headline":"XX edizione Premio Massimo Troisi San Giorgio a Cremano","datePublished":"2020-12-24T11:00:00+00:00","dateModified":"2020-12-23T15:52:37+00:00","mainEntityOfPage":{"@id":"https:\/\/www.istitutogalanteoliva.it\/magazine\/2020\/12\/24\/xx-edizione-premio-massimo-troisi-san-giorgio-a-cremano\/"},"wordCount":1477,"commentCount":0,"publisher":{"@id":"https:\/\/www.istitutogalanteoliva.it\/magazine\/#organization"},"image":{"@id":"https:\/\/www.istitutogalanteoliva.it\/magazine\/2020\/12\/24\/xx-edizione-premio-massimo-troisi-san-giorgio-a-cremano\/#primaryimage"},"thumbnailUrl":"https:\/\/www.istitutogalanteoliva.it\/magazine\/wp-content\/uploads\/2020\/12\/Senza-titolo-1-1.jpg","articleSection":["2020","Arte e Spettacolo","Eventi"],"inLanguage":"it-IT","potentialAction":[{"@type":"CommentAction","name":"Comment","target":["https:\/\/www.istitutogalanteoliva.it\/magazine\/2020\/12\/24\/xx-edizione-premio-massimo-troisi-san-giorgio-a-cremano\/#respond"]}]},{"@type":"WebPage","@id":"https:\/\/www.istitutogalanteoliva.it\/magazine\/2020\/12\/24\/xx-edizione-premio-massimo-troisi-san-giorgio-a-cremano\/","url":"https:\/\/www.istitutogalanteoliva.it\/magazine\/2020\/12\/24\/xx-edizione-premio-massimo-troisi-san-giorgio-a-cremano\/","name":"XX edizione Premio Massimo Troisi San Giorgio a Cremano - Polis SA Magazine","isPartOf":{"@id":"https:\/\/www.istitutogalanteoliva.it\/magazine\/#website"},"primaryImageOfPage":{"@id":"https:\/\/www.istitutogalanteoliva.it\/magazine\/2020\/12\/24\/xx-edizione-premio-massimo-troisi-san-giorgio-a-cremano\/#primaryimage"},"image":{"@id":"https:\/\/www.istitutogalanteoliva.it\/magazine\/2020\/12\/24\/xx-edizione-premio-massimo-troisi-san-giorgio-a-cremano\/#primaryimage"},"thumbnailUrl":"https:\/\/www.istitutogalanteoliva.it\/magazine\/wp-content\/uploads\/2020\/12\/Senza-titolo-1-1.jpg","datePublished":"2020-12-24T11:00:00+00:00","dateModified":"2020-12-23T15:52:37+00:00","breadcrumb":{"@id":"https:\/\/www.istitutogalanteoliva.it\/magazine\/2020\/12\/24\/xx-edizione-premio-massimo-troisi-san-giorgio-a-cremano\/#breadcrumb"},"inLanguage":"it-IT","potentialAction":[{"@type":"ReadAction","target":["https:\/\/www.istitutogalanteoliva.it\/magazine\/2020\/12\/24\/xx-edizione-premio-massimo-troisi-san-giorgio-a-cremano\/"]}]},{"@type":"ImageObject","inLanguage":"it-IT","@id":"https:\/\/www.istitutogalanteoliva.it\/magazine\/2020\/12\/24\/xx-edizione-premio-massimo-troisi-san-giorgio-a-cremano\/#primaryimage","url":"https:\/\/www.istitutogalanteoliva.it\/magazine\/wp-content\/uploads\/2020\/12\/Senza-titolo-1-1.jpg","contentUrl":"https:\/\/www.istitutogalanteoliva.it\/magazine\/wp-content\/uploads\/2020\/12\/Senza-titolo-1-1.jpg","width":1280,"height":760},{"@type":"BreadcrumbList","@id":"https:\/\/www.istitutogalanteoliva.it\/magazine\/2020\/12\/24\/xx-edizione-premio-massimo-troisi-san-giorgio-a-cremano\/#breadcrumb","itemListElement":[{"@type":"ListItem","position":1,"name":"Home","item":"https:\/\/www.istitutogalanteoliva.it\/magazine\/"},{"@type":"ListItem","position":2,"name":"XX edizione Premio Massimo Troisi San Giorgio a Cremano"}]},{"@type":"WebSite","@id":"https:\/\/www.istitutogalanteoliva.it\/magazine\/#website","url":"https:\/\/www.istitutogalanteoliva.it\/magazine\/","name":"POLIS SA MAGAZINE","description":"Informazione e approfondimenti","publisher":{"@id":"https:\/\/www.istitutogalanteoliva.it\/magazine\/#organization"},"potentialAction":[{"@type":"SearchAction","target":{"@type":"EntryPoint","urlTemplate":"https:\/\/www.istitutogalanteoliva.it\/magazine\/?s={search_term_string}"},"query-input":{"@type":"PropertyValueSpecification","valueRequired":true,"valueName":"search_term_string"}}],"inLanguage":"it-IT"},{"@type":"Organization","@id":"https:\/\/www.istitutogalanteoliva.it\/magazine\/#organization","name":"Polis SA Magazine","url":"https:\/\/www.istitutogalanteoliva.it\/magazine\/","logo":{"@type":"ImageObject","inLanguage":"it-IT","@id":"https:\/\/www.istitutogalanteoliva.it\/magazine\/#\/schema\/logo\/image\/","url":"","contentUrl":"","caption":"Polis SA Magazine"},"image":{"@id":"https:\/\/www.istitutogalanteoliva.it\/magazine\/#\/schema\/logo\/image\/"},"sameAs":["https:\/\/www.facebook.com\/PolisSAMagazine\/","https:\/\/x.com\/MagazinePolis","https:\/\/www.youtube.com\/channel\/UCv0Mr5AHKUmsc0sEEXkJrgw"]},{"@type":"Person","@id":"https:\/\/www.istitutogalanteoliva.it\/magazine\/#\/schema\/person\/d8b8aa79cfe8babc1df9da3212a7c0c4","name":"Antonello Rivano","image":{"@type":"ImageObject","inLanguage":"it-IT","@id":"https:\/\/www.istitutogalanteoliva.it\/magazine\/#\/schema\/person\/image\/","url":"https:\/\/secure.gravatar.com\/avatar\/517a9a6487a7a18ecc4ce6d2e57a8f40?s=96&d=mm&r=g","contentUrl":"https:\/\/secure.gravatar.com\/avatar\/517a9a6487a7a18ecc4ce6d2e57a8f40?s=96&d=mm&r=g","caption":"Antonello Rivano"},"url":"https:\/\/www.istitutogalanteoliva.it\/magazine\/author\/antonello\/"}]}},"_links":{"self":[{"href":"https:\/\/www.istitutogalanteoliva.it\/magazine\/wp-json\/wp\/v2\/posts\/5018","targetHints":{"allow":["GET"]}}],"collection":[{"href":"https:\/\/www.istitutogalanteoliva.it\/magazine\/wp-json\/wp\/v2\/posts"}],"about":[{"href":"https:\/\/www.istitutogalanteoliva.it\/magazine\/wp-json\/wp\/v2\/types\/post"}],"author":[{"embeddable":true,"href":"https:\/\/www.istitutogalanteoliva.it\/magazine\/wp-json\/wp\/v2\/users\/2"}],"replies":[{"embeddable":true,"href":"https:\/\/www.istitutogalanteoliva.it\/magazine\/wp-json\/wp\/v2\/comments?post=5018"}],"version-history":[{"count":1,"href":"https:\/\/www.istitutogalanteoliva.it\/magazine\/wp-json\/wp\/v2\/posts\/5018\/revisions"}],"predecessor-version":[{"id":5021,"href":"https:\/\/www.istitutogalanteoliva.it\/magazine\/wp-json\/wp\/v2\/posts\/5018\/revisions\/5021"}],"wp:featuredmedia":[{"embeddable":true,"href":"https:\/\/www.istitutogalanteoliva.it\/magazine\/wp-json\/wp\/v2\/media\/5024"}],"wp:attachment":[{"href":"https:\/\/www.istitutogalanteoliva.it\/magazine\/wp-json\/wp\/v2\/media?parent=5018"}],"wp:term":[{"taxonomy":"category","embeddable":true,"href":"https:\/\/www.istitutogalanteoliva.it\/magazine\/wp-json\/wp\/v2\/categories?post=5018"},{"taxonomy":"post_tag","embeddable":true,"href":"https:\/\/www.istitutogalanteoliva.it\/magazine\/wp-json\/wp\/v2\/tags?post=5018"}],"curies":[{"name":"wp","href":"https:\/\/api.w.org\/{rel}","templated":true}]}}