{"id":5028,"date":"2020-12-25T08:00:59","date_gmt":"2020-12-25T07:00:59","guid":{"rendered":"https:\/\/www.istitutogalanteoliva.it\/magazine\/?p=5028"},"modified":"2020-12-25T11:19:23","modified_gmt":"2020-12-25T10:19:23","slug":"larte-del-presepe","status":"publish","type":"post","link":"https:\/\/www.istitutogalanteoliva.it\/magazine\/2020\/12\/25\/larte-del-presepe\/","title":{"rendered":"L\u2019arte del presepe"},"content":{"rendered":"\n<h3 class=\"wp-block-heading\">La rievocazione della Nativit\u00e0 dalle religiose origini all\u2019artigianato napoletano.<\/h3>\n\n\n\n<p>di Francesco Bartiromo<\/p>\n\n\n\n<p>Il <em>presepe<\/em>, ovvero la rievocazione della nascita di Ges\u00f9, tra tutti i simboli della festivit\u00e0 natalizia \u00e8 sicuramente l\u2019elemento pi\u00f9 \u201cspirituale\u201d, quello che ne conserva il vero significato religioso.<\/p>\n\n\n\n<p>L\u2019idea del presepe (dal latino <em>praesaepe:<\/em> greppia, mangiatoia) la si deve a San Francesco d\u2019Assisi, anche se gi\u00e0 secoli addietro si possono ritrovare antiche tracce pittoriche di rappresentazioni della <em>Nativit\u00e0<\/em> nelle catacombe della Roma pre-cristiana, in un periodo in cui il cristianesimo veniva ancora praticato in clandestinit\u00e0.<\/p>\n\n\n\n<p>San Francesco trov\u00f2 l\u2019ispirazione durante un viaggio in Palestina ove ebbe occasione di visitare il presunto luogo della nascita di Ges\u00f9 a Betlemme, cos\u00ec, su autorizzazione del Papa Onorio III, ritornato in Italia organizz\u00f2 una rievocazione della Nativit\u00e0 a Greccio, in provincia di Rieti, nella notte di Natale del 1223.<\/p>\n\n\n\n<div class=\"wp-block-image\"><figure class=\"alignright size-large is-resized\"><img loading=\"lazy\" decoding=\"async\" src=\"https:\/\/www.istitutogalanteoliva.it\/magazine\/wp-content\/uploads\/2020\/12\/Presepe-Monumentale-Santuario-Francescano-di-Cava-de-Tirreni-1.jpg\" alt=\"Presepe-Monumentale-Santuario-Francescano-di-Cava-de-Tirreni\" class=\"wp-image-5039\" width=\"551\" height=\"414\" srcset=\"https:\/\/www.istitutogalanteoliva.it\/magazine\/wp-content\/uploads\/2020\/12\/Presepe-Monumentale-Santuario-Francescano-di-Cava-de-Tirreni-1.jpg 960w, https:\/\/www.istitutogalanteoliva.it\/magazine\/wp-content\/uploads\/2020\/12\/Presepe-Monumentale-Santuario-Francescano-di-Cava-de-Tirreni-1-300x225.jpg 300w, https:\/\/www.istitutogalanteoliva.it\/magazine\/wp-content\/uploads\/2020\/12\/Presepe-Monumentale-Santuario-Francescano-di-Cava-de-Tirreni-1-768x576.jpg 768w\" sizes=\"auto, (max-width: 551px) 100vw, 551px\" \/><figcaption><em>Presepe-Monumentale-Santuario-Francescano-di-Cava-de-Tirreni<\/em><\/figcaption><\/figure><\/div>\n\n\n\n<p>Secondo alcune leggende, durante il rituale, nella culla sarebbe apparso miracolosamente dal nulla un bambino in carne e ossa che il Santo prese tra le sue braccia. Da allora il rituale della rievocazione della Nativit\u00e0 si diffuse nel resto d\u2019Italia e nell\u2019Europa occidentale.<\/p>\n\n\n\n<p>Fu nel Quattrocento che cominciarono a diffondersi delle prime versioni \u201cinanimate\u201d della rappresentazione della nascita di Ges\u00f9: in occasione del Natale, nelle chiese dell\u2019Italia centrale, comparivano con sempre maggior frequenza dei presepi con statuine raffiguranti i protagonisti della Nativit\u00e0. Nel secolo successivo questa tradizione si diffuse progressivamente a Napoli e nel resto del Sud Italia. Cos\u00ec il presepe divenne una vera e propria istituzione del mondo cristiano.<\/p>\n\n\n\n<p>Durante il Seicento le raffigurazioni del presepe cominciarono a fare le loro apparizioni anche nelle case nobiliari sottoforma di soprammobili che ne adornavano i salotti in occasione del Natale. Ma fu nel Settecento che il presepe conobbe il suo periodo di massima espansione per merito delle splendide opere artigianali genovesi, bolognesi, siciliane e, soprattutto, napoletane.<\/p>\n\n\n\n<p>Fu proprio per merito degli abili artigiani napoletani che il presepe, dalla capitale del regno borbonico, si diffuse progressivamente nel resto d\u2019Europa. La rappresentazione della Nativit\u00e0 divenne una vera e propria arte, la lavorazione del presepe si faceva sempre pi\u00f9 complessa e accurata, addirittura tra le famiglie nobiliari napoletane si scaten\u00f2 una vera e propria competizione tra chi sfoggiava il presepe pi\u00f9 sfarzoso. Le \u201cstatuine\u201d fabbricate in terracotta o in argilla venivano rivestite con tessuti pregiati e talvolta ricoperte di gioielli veri.<\/p>\n\n\n\n<p>Tale tradizione \u00e8 durata nei secoli successivi senza risentire della crescente diffusione nell\u2019Ottocento dell\u2019albero di Natale.<\/p>\n\n\n\n<div class=\"wp-block-image\"><figure class=\"alignleft size-large is-resized\"><img loading=\"lazy\" decoding=\"async\" src=\"https:\/\/www.istitutogalanteoliva.it\/magazine\/wp-content\/uploads\/2020\/12\/human-3024013_640.jpg\" alt=\"\" class=\"wp-image-5032\" width=\"543\" height=\"361\" srcset=\"https:\/\/www.istitutogalanteoliva.it\/magazine\/wp-content\/uploads\/2020\/12\/human-3024013_640.jpg 640w, https:\/\/www.istitutogalanteoliva.it\/magazine\/wp-content\/uploads\/2020\/12\/human-3024013_640-300x200.jpg 300w\" sizes=\"auto, (max-width: 543px) 100vw, 543px\" \/><\/figure><\/div>\n\n\n\n<p>Nel presepe sono presenti tutte le figure fondamentali della rappresentazione della Nativit\u00e0: il Bambin Ges\u00f9 accudito dalla Maria vergine e da San Giuseppe, il bue e l\u2019asinello, gli angeli che vegliano sulla Sacra Famiglia, i pastori giunti per l\u2019adorazione, la stella cometa e i re magi (che secondo la tradizione andrebbero inseriti nel giorno dell\u2019Epifania). Ma col tempo la fantasia degli artigiani napoletani ha aggiunto elementi nuovi estendendo il presepe ben oltre la classica \u201cstalla\u201d, andando a raffigurare anche tutto il mondo \u201cprofano\u201d intorno, in uno scenario che cominciava ad assumere sempre pi\u00f9 le sembianze del capoluogo campano con tutti i suoi elementi tipici:&nbsp; osterie, vinai, pizzaioli e artigiani di vario genere (falegnami, calzolai, ecc.). Cos\u00ec, in questo processo di \u201cdelocalizzazione\u201d della Nativit\u00e0, la Betlemme descritta dai vangeli viene trasportata nella Napoli del Settecento.<\/p>\n\n\n\n<p>In questo scenario, a fare compagnia ai protagonisti classici del presepe, compaiono altre figure tipiche cariche di particolari significati simbolici, come quella di <em>Benino<\/em> (o Benito) giovane pastorello addormentato che fa riferimento ai pastori dormienti di Betlemme, che secondo le Sacre Scritture vennero risvegliati dagli angeli in occasione dell\u2019avvento del Messia. Secondo una leggenda partenopea Benino \u00e8 colui che sogna il presepe, dunque guai a svegliarlo, altrimenti il presepe svanirebbe!<\/p>\n\n\n\n<p>Poi c\u2019\u00e8 <em>Cicci Bacco<\/em> rappresentato col fiasco di vino in mano (spesso accompagnato dal panettiere), figura che in un certo senso anticipa simbolicamente l\u2019<em>Eucarestia<\/em> di Ges\u00f9 (poich\u00e9 proprio il \u201cpane\u201d e il \u201cvino\u201d erano gli elementi attraverso i quali il Messia donava metaforicamente agli apostoli il suo <em>corpo<\/em> e il suo <em>sangue <\/em>durante l\u2019ultima cena), ma che allo stesso tempo ricorda anche la figura pagana di <em>Bacco, <\/em>il dio del vino. Inoltre non mancano mai le figure del monaco (simbolo di unione tra sacro e profano che si realizza nel presepe napoletano), dei zampognari e del pescatore (sottile riferimento alla figura di San Pietro apostolo pescatore).<\/p>\n\n\n\n<div class=\"wp-block-image\"><figure class=\"alignright size-large is-resized\"><img loading=\"lazy\" decoding=\"async\" src=\"https:\/\/www.istitutogalanteoliva.it\/magazine\/wp-content\/uploads\/2020\/12\/presepe-napoletano.jpg\" alt=\"\" class=\"wp-image-5030\" width=\"531\" height=\"354\" srcset=\"https:\/\/www.istitutogalanteoliva.it\/magazine\/wp-content\/uploads\/2020\/12\/presepe-napoletano.jpg 630w, https:\/\/www.istitutogalanteoliva.it\/magazine\/wp-content\/uploads\/2020\/12\/presepe-napoletano-300x200.jpg 300w\" sizes=\"auto, (max-width: 531px) 100vw, 531px\" \/><figcaption>Presepe-napoletano<\/figcaption><\/figure><\/div>\n\n\n\n<p>Durante il Novecento gli elementi profani si sono moltiplicati in maniera esponenziale, il presepe napoletano non \u00e9 pi\u00f9 una semplice opera d\u2019arte raffigurante la Nativit\u00e0 di Ges\u00f9, ma anche la rappresentazione della realt\u00e0 sociale contemporanea. Ad affiancare i classici pastorelli sono comparse, cos\u00ec, delle figure decisamente anacronistiche raffiguranti personaggi come Diego Armando Maradona, Tot\u00f2, Eduardo De Filippo, le diverse figure politiche italiane ed estere fino ad arrivare ai pi\u00f9 attuali calciatori del Napoli.<\/p>\n\n\n\n<p>Questa particolare caratteristica ha reso il presepe napoletano unico nel suo genere, la sua fama, che ha fatto il giro del mondo, attira ogni anno numerosi visitatori che si affollano lungo la storica via San Gregorio Armeno, giunti per ammirare le originali creazioni degli artigiani napoletani.<\/p>\n\n\n\n<p class=\"has-text-align-right\"><strong><em>Francesco Bartiromo<\/em><\/strong><\/p>\n\n\n\n<p>Foto di copertna&nbsp;<a href=\"https:\/\/pixabay.com\/it\/users\/geralt-9301\/?utm_source=link-attribution&amp;utm_medium=referral&amp;utm_campaign=image&amp;utm_content=2874137\">Gerd Altmann<\/a>&nbsp;<\/p>\n<div class=\"pdfprnt-buttons pdfprnt-buttons-post pdfprnt-bottom-left\"><a href=\"https:\/\/www.istitutogalanteoliva.it\/magazine\/wp-json\/wp\/v2\/posts\/5028?print=print\" class=\"pdfprnt-button pdfprnt-button-print\" target=\"_blank\"><img decoding=\"async\" src=\"https:\/\/www.istitutogalanteoliva.it\/magazine\/wp-content\/plugins\/pdf-print\/images\/print.png\" alt=\"image_print\" title=\"Stampa contenuto\" \/><span class=\"pdfprnt-button-title pdfprnt-button-print-title\">Download in PDF<\/span><\/a><\/div>","protected":false},"excerpt":{"rendered":"<p>La rievocazione della Nativit\u00e0 dalle religiose origini all\u2019artigianato napoletano. di Francesco Bartiromo Il presepe, ovvero<\/p>\n","protected":false},"author":2,"featured_media":5036,"comment_status":"open","ping_status":"open","sticky":false,"template":"","format":"standard","meta":{"footnotes":""},"categories":[34,57,23],"tags":[145,146],"class_list":["post-5028","post","type-post","status-publish","format-standard","has-post-thumbnail","hentry","category-34","category-cultura","category-storia","tag-natale","tag-presepe"],"yoast_head":"<!-- This site is optimized with the Yoast SEO plugin v24.2 - https:\/\/yoast.com\/wordpress\/plugins\/seo\/ -->\n<title>L\u2019arte del presepe - Polis SA Magazine<\/title>\n<meta name=\"description\" content=\"Il presepe, ovvero la rievocazione della nascita di Ges\u00f9, tra tutti i simboli della festivit\u00e0 natalizia \u00e8 sicuramente l\u2019elemento pi\u00f9 \u201cspirituale\u201d.\" \/>\n<meta name=\"robots\" content=\"index, follow, max-snippet:-1, max-image-preview:large, max-video-preview:-1\" \/>\n<link rel=\"canonical\" href=\"https:\/\/www.istitutogalanteoliva.it\/magazine\/2020\/12\/25\/larte-del-presepe\/\" \/>\n<meta property=\"og:locale\" content=\"it_IT\" \/>\n<meta property=\"og:type\" content=\"article\" \/>\n<meta property=\"og:title\" content=\"L\u2019arte del presepe - Polis SA Magazine\" \/>\n<meta property=\"og:description\" content=\"Il presepe, ovvero la rievocazione della nascita di Ges\u00f9, tra tutti i simboli della festivit\u00e0 natalizia \u00e8 sicuramente l\u2019elemento pi\u00f9 \u201cspirituale\u201d.\" \/>\n<meta property=\"og:url\" content=\"https:\/\/www.istitutogalanteoliva.it\/magazine\/2020\/12\/25\/larte-del-presepe\/\" \/>\n<meta property=\"og:site_name\" content=\"Polis SA Magazine\" \/>\n<meta property=\"article:publisher\" content=\"https:\/\/www.facebook.com\/PolisSAMagazine\/\" \/>\n<meta property=\"article:published_time\" content=\"2020-12-25T07:00:59+00:00\" \/>\n<meta property=\"article:modified_time\" content=\"2020-12-25T10:19:23+00:00\" \/>\n<meta property=\"og:image\" content=\"https:\/\/www.istitutogalanteoliva.it\/magazine\/wp-content\/uploads\/2020\/12\/copertina-2.jpg\" \/>\n\t<meta property=\"og:image:width\" content=\"1280\" \/>\n\t<meta property=\"og:image:height\" content=\"760\" \/>\n\t<meta property=\"og:image:type\" content=\"image\/jpeg\" \/>\n<meta name=\"author\" content=\"Antonello Rivano\" \/>\n<meta name=\"twitter:card\" content=\"summary_large_image\" \/>\n<meta name=\"twitter:creator\" content=\"@MagazinePolis\" \/>\n<meta name=\"twitter:site\" content=\"@MagazinePolis\" \/>\n<meta name=\"twitter:label1\" content=\"Scritto da\" \/>\n\t<meta name=\"twitter:data1\" content=\"Antonello Rivano\" \/>\n\t<meta name=\"twitter:label2\" content=\"Tempo di lettura stimato\" \/>\n\t<meta name=\"twitter:data2\" content=\"4 minuti\" \/>\n<script type=\"application\/ld+json\" class=\"yoast-schema-graph\">{\"@context\":\"https:\/\/schema.org\",\"@graph\":[{\"@type\":\"Article\",\"@id\":\"https:\/\/www.istitutogalanteoliva.it\/magazine\/2020\/12\/25\/larte-del-presepe\/#article\",\"isPartOf\":{\"@id\":\"https:\/\/www.istitutogalanteoliva.it\/magazine\/2020\/12\/25\/larte-del-presepe\/\"},\"author\":{\"name\":\"Antonello Rivano\",\"@id\":\"https:\/\/www.istitutogalanteoliva.it\/magazine\/#\/schema\/person\/d8b8aa79cfe8babc1df9da3212a7c0c4\"},\"headline\":\"L\u2019arte del presepe\",\"datePublished\":\"2020-12-25T07:00:59+00:00\",\"dateModified\":\"2020-12-25T10:19:23+00:00\",\"mainEntityOfPage\":{\"@id\":\"https:\/\/www.istitutogalanteoliva.it\/magazine\/2020\/12\/25\/larte-del-presepe\/\"},\"wordCount\":859,\"commentCount\":0,\"publisher\":{\"@id\":\"https:\/\/www.istitutogalanteoliva.it\/magazine\/#organization\"},\"image\":{\"@id\":\"https:\/\/www.istitutogalanteoliva.it\/magazine\/2020\/12\/25\/larte-del-presepe\/#primaryimage\"},\"thumbnailUrl\":\"https:\/\/www.istitutogalanteoliva.it\/magazine\/wp-content\/uploads\/2020\/12\/copertina-2.jpg\",\"keywords\":[\"Natale\",\"Presepe\"],\"articleSection\":[\"2020\",\"Cultura\",\"Storia\"],\"inLanguage\":\"it-IT\",\"potentialAction\":[{\"@type\":\"CommentAction\",\"name\":\"Comment\",\"target\":[\"https:\/\/www.istitutogalanteoliva.it\/magazine\/2020\/12\/25\/larte-del-presepe\/#respond\"]}]},{\"@type\":\"WebPage\",\"@id\":\"https:\/\/www.istitutogalanteoliva.it\/magazine\/2020\/12\/25\/larte-del-presepe\/\",\"url\":\"https:\/\/www.istitutogalanteoliva.it\/magazine\/2020\/12\/25\/larte-del-presepe\/\",\"name\":\"L\u2019arte del presepe - Polis SA Magazine\",\"isPartOf\":{\"@id\":\"https:\/\/www.istitutogalanteoliva.it\/magazine\/#website\"},\"primaryImageOfPage\":{\"@id\":\"https:\/\/www.istitutogalanteoliva.it\/magazine\/2020\/12\/25\/larte-del-presepe\/#primaryimage\"},\"image\":{\"@id\":\"https:\/\/www.istitutogalanteoliva.it\/magazine\/2020\/12\/25\/larte-del-presepe\/#primaryimage\"},\"thumbnailUrl\":\"https:\/\/www.istitutogalanteoliva.it\/magazine\/wp-content\/uploads\/2020\/12\/copertina-2.jpg\",\"datePublished\":\"2020-12-25T07:00:59+00:00\",\"dateModified\":\"2020-12-25T10:19:23+00:00\",\"description\":\"Il presepe, ovvero la rievocazione della nascita di Ges\u00f9, tra tutti i simboli della festivit\u00e0 natalizia \u00e8 sicuramente l\u2019elemento pi\u00f9 \u201cspirituale\u201d.\",\"breadcrumb\":{\"@id\":\"https:\/\/www.istitutogalanteoliva.it\/magazine\/2020\/12\/25\/larte-del-presepe\/#breadcrumb\"},\"inLanguage\":\"it-IT\",\"potentialAction\":[{\"@type\":\"ReadAction\",\"target\":[\"https:\/\/www.istitutogalanteoliva.it\/magazine\/2020\/12\/25\/larte-del-presepe\/\"]}]},{\"@type\":\"ImageObject\",\"inLanguage\":\"it-IT\",\"@id\":\"https:\/\/www.istitutogalanteoliva.it\/magazine\/2020\/12\/25\/larte-del-presepe\/#primaryimage\",\"url\":\"https:\/\/www.istitutogalanteoliva.it\/magazine\/wp-content\/uploads\/2020\/12\/copertina-2.jpg\",\"contentUrl\":\"https:\/\/www.istitutogalanteoliva.it\/magazine\/wp-content\/uploads\/2020\/12\/copertina-2.jpg\",\"width\":1280,\"height\":760},{\"@type\":\"BreadcrumbList\",\"@id\":\"https:\/\/www.istitutogalanteoliva.it\/magazine\/2020\/12\/25\/larte-del-presepe\/#breadcrumb\",\"itemListElement\":[{\"@type\":\"ListItem\",\"position\":1,\"name\":\"Home\",\"item\":\"https:\/\/www.istitutogalanteoliva.it\/magazine\/\"},{\"@type\":\"ListItem\",\"position\":2,\"name\":\"L\u2019arte del presepe\"}]},{\"@type\":\"WebSite\",\"@id\":\"https:\/\/www.istitutogalanteoliva.it\/magazine\/#website\",\"url\":\"https:\/\/www.istitutogalanteoliva.it\/magazine\/\",\"name\":\"POLIS SA MAGAZINE\",\"description\":\"Informazione e approfondimenti\",\"publisher\":{\"@id\":\"https:\/\/www.istitutogalanteoliva.it\/magazine\/#organization\"},\"potentialAction\":[{\"@type\":\"SearchAction\",\"target\":{\"@type\":\"EntryPoint\",\"urlTemplate\":\"https:\/\/www.istitutogalanteoliva.it\/magazine\/?s={search_term_string}\"},\"query-input\":{\"@type\":\"PropertyValueSpecification\",\"valueRequired\":true,\"valueName\":\"search_term_string\"}}],\"inLanguage\":\"it-IT\"},{\"@type\":\"Organization\",\"@id\":\"https:\/\/www.istitutogalanteoliva.it\/magazine\/#organization\",\"name\":\"Polis SA Magazine\",\"url\":\"https:\/\/www.istitutogalanteoliva.it\/magazine\/\",\"logo\":{\"@type\":\"ImageObject\",\"inLanguage\":\"it-IT\",\"@id\":\"https:\/\/www.istitutogalanteoliva.it\/magazine\/#\/schema\/logo\/image\/\",\"url\":\"\",\"contentUrl\":\"\",\"caption\":\"Polis SA Magazine\"},\"image\":{\"@id\":\"https:\/\/www.istitutogalanteoliva.it\/magazine\/#\/schema\/logo\/image\/\"},\"sameAs\":[\"https:\/\/www.facebook.com\/PolisSAMagazine\/\",\"https:\/\/x.com\/MagazinePolis\",\"https:\/\/www.youtube.com\/channel\/UCv0Mr5AHKUmsc0sEEXkJrgw\"]},{\"@type\":\"Person\",\"@id\":\"https:\/\/www.istitutogalanteoliva.it\/magazine\/#\/schema\/person\/d8b8aa79cfe8babc1df9da3212a7c0c4\",\"name\":\"Antonello Rivano\",\"image\":{\"@type\":\"ImageObject\",\"inLanguage\":\"it-IT\",\"@id\":\"https:\/\/www.istitutogalanteoliva.it\/magazine\/#\/schema\/person\/image\/\",\"url\":\"https:\/\/secure.gravatar.com\/avatar\/517a9a6487a7a18ecc4ce6d2e57a8f40?s=96&d=mm&r=g\",\"contentUrl\":\"https:\/\/secure.gravatar.com\/avatar\/517a9a6487a7a18ecc4ce6d2e57a8f40?s=96&d=mm&r=g\",\"caption\":\"Antonello Rivano\"},\"url\":\"https:\/\/www.istitutogalanteoliva.it\/magazine\/author\/antonello\/\"}]}<\/script>\n<!-- \/ Yoast SEO plugin. -->","yoast_head_json":{"title":"L\u2019arte del presepe - Polis SA Magazine","description":"Il presepe, ovvero la rievocazione della nascita di Ges\u00f9, tra tutti i simboli della festivit\u00e0 natalizia \u00e8 sicuramente l\u2019elemento pi\u00f9 \u201cspirituale\u201d.","robots":{"index":"index","follow":"follow","max-snippet":"max-snippet:-1","max-image-preview":"max-image-preview:large","max-video-preview":"max-video-preview:-1"},"canonical":"https:\/\/www.istitutogalanteoliva.it\/magazine\/2020\/12\/25\/larte-del-presepe\/","og_locale":"it_IT","og_type":"article","og_title":"L\u2019arte del presepe - Polis SA Magazine","og_description":"Il presepe, ovvero la rievocazione della nascita di Ges\u00f9, tra tutti i simboli della festivit\u00e0 natalizia \u00e8 sicuramente l\u2019elemento pi\u00f9 \u201cspirituale\u201d.","og_url":"https:\/\/www.istitutogalanteoliva.it\/magazine\/2020\/12\/25\/larte-del-presepe\/","og_site_name":"Polis SA Magazine","article_publisher":"https:\/\/www.facebook.com\/PolisSAMagazine\/","article_published_time":"2020-12-25T07:00:59+00:00","article_modified_time":"2020-12-25T10:19:23+00:00","og_image":[{"width":1280,"height":760,"url":"https:\/\/www.istitutogalanteoliva.it\/magazine\/wp-content\/uploads\/2020\/12\/copertina-2.jpg","type":"image\/jpeg"}],"author":"Antonello Rivano","twitter_card":"summary_large_image","twitter_creator":"@MagazinePolis","twitter_site":"@MagazinePolis","twitter_misc":{"Scritto da":"Antonello Rivano","Tempo di lettura stimato":"4 minuti"},"schema":{"@context":"https:\/\/schema.org","@graph":[{"@type":"Article","@id":"https:\/\/www.istitutogalanteoliva.it\/magazine\/2020\/12\/25\/larte-del-presepe\/#article","isPartOf":{"@id":"https:\/\/www.istitutogalanteoliva.it\/magazine\/2020\/12\/25\/larte-del-presepe\/"},"author":{"name":"Antonello Rivano","@id":"https:\/\/www.istitutogalanteoliva.it\/magazine\/#\/schema\/person\/d8b8aa79cfe8babc1df9da3212a7c0c4"},"headline":"L\u2019arte del presepe","datePublished":"2020-12-25T07:00:59+00:00","dateModified":"2020-12-25T10:19:23+00:00","mainEntityOfPage":{"@id":"https:\/\/www.istitutogalanteoliva.it\/magazine\/2020\/12\/25\/larte-del-presepe\/"},"wordCount":859,"commentCount":0,"publisher":{"@id":"https:\/\/www.istitutogalanteoliva.it\/magazine\/#organization"},"image":{"@id":"https:\/\/www.istitutogalanteoliva.it\/magazine\/2020\/12\/25\/larte-del-presepe\/#primaryimage"},"thumbnailUrl":"https:\/\/www.istitutogalanteoliva.it\/magazine\/wp-content\/uploads\/2020\/12\/copertina-2.jpg","keywords":["Natale","Presepe"],"articleSection":["2020","Cultura","Storia"],"inLanguage":"it-IT","potentialAction":[{"@type":"CommentAction","name":"Comment","target":["https:\/\/www.istitutogalanteoliva.it\/magazine\/2020\/12\/25\/larte-del-presepe\/#respond"]}]},{"@type":"WebPage","@id":"https:\/\/www.istitutogalanteoliva.it\/magazine\/2020\/12\/25\/larte-del-presepe\/","url":"https:\/\/www.istitutogalanteoliva.it\/magazine\/2020\/12\/25\/larte-del-presepe\/","name":"L\u2019arte del presepe - Polis SA Magazine","isPartOf":{"@id":"https:\/\/www.istitutogalanteoliva.it\/magazine\/#website"},"primaryImageOfPage":{"@id":"https:\/\/www.istitutogalanteoliva.it\/magazine\/2020\/12\/25\/larte-del-presepe\/#primaryimage"},"image":{"@id":"https:\/\/www.istitutogalanteoliva.it\/magazine\/2020\/12\/25\/larte-del-presepe\/#primaryimage"},"thumbnailUrl":"https:\/\/www.istitutogalanteoliva.it\/magazine\/wp-content\/uploads\/2020\/12\/copertina-2.jpg","datePublished":"2020-12-25T07:00:59+00:00","dateModified":"2020-12-25T10:19:23+00:00","description":"Il presepe, ovvero la rievocazione della nascita di Ges\u00f9, tra tutti i simboli della festivit\u00e0 natalizia \u00e8 sicuramente l\u2019elemento pi\u00f9 \u201cspirituale\u201d.","breadcrumb":{"@id":"https:\/\/www.istitutogalanteoliva.it\/magazine\/2020\/12\/25\/larte-del-presepe\/#breadcrumb"},"inLanguage":"it-IT","potentialAction":[{"@type":"ReadAction","target":["https:\/\/www.istitutogalanteoliva.it\/magazine\/2020\/12\/25\/larte-del-presepe\/"]}]},{"@type":"ImageObject","inLanguage":"it-IT","@id":"https:\/\/www.istitutogalanteoliva.it\/magazine\/2020\/12\/25\/larte-del-presepe\/#primaryimage","url":"https:\/\/www.istitutogalanteoliva.it\/magazine\/wp-content\/uploads\/2020\/12\/copertina-2.jpg","contentUrl":"https:\/\/www.istitutogalanteoliva.it\/magazine\/wp-content\/uploads\/2020\/12\/copertina-2.jpg","width":1280,"height":760},{"@type":"BreadcrumbList","@id":"https:\/\/www.istitutogalanteoliva.it\/magazine\/2020\/12\/25\/larte-del-presepe\/#breadcrumb","itemListElement":[{"@type":"ListItem","position":1,"name":"Home","item":"https:\/\/www.istitutogalanteoliva.it\/magazine\/"},{"@type":"ListItem","position":2,"name":"L\u2019arte del presepe"}]},{"@type":"WebSite","@id":"https:\/\/www.istitutogalanteoliva.it\/magazine\/#website","url":"https:\/\/www.istitutogalanteoliva.it\/magazine\/","name":"POLIS SA MAGAZINE","description":"Informazione e approfondimenti","publisher":{"@id":"https:\/\/www.istitutogalanteoliva.it\/magazine\/#organization"},"potentialAction":[{"@type":"SearchAction","target":{"@type":"EntryPoint","urlTemplate":"https:\/\/www.istitutogalanteoliva.it\/magazine\/?s={search_term_string}"},"query-input":{"@type":"PropertyValueSpecification","valueRequired":true,"valueName":"search_term_string"}}],"inLanguage":"it-IT"},{"@type":"Organization","@id":"https:\/\/www.istitutogalanteoliva.it\/magazine\/#organization","name":"Polis SA Magazine","url":"https:\/\/www.istitutogalanteoliva.it\/magazine\/","logo":{"@type":"ImageObject","inLanguage":"it-IT","@id":"https:\/\/www.istitutogalanteoliva.it\/magazine\/#\/schema\/logo\/image\/","url":"","contentUrl":"","caption":"Polis SA Magazine"},"image":{"@id":"https:\/\/www.istitutogalanteoliva.it\/magazine\/#\/schema\/logo\/image\/"},"sameAs":["https:\/\/www.facebook.com\/PolisSAMagazine\/","https:\/\/x.com\/MagazinePolis","https:\/\/www.youtube.com\/channel\/UCv0Mr5AHKUmsc0sEEXkJrgw"]},{"@type":"Person","@id":"https:\/\/www.istitutogalanteoliva.it\/magazine\/#\/schema\/person\/d8b8aa79cfe8babc1df9da3212a7c0c4","name":"Antonello Rivano","image":{"@type":"ImageObject","inLanguage":"it-IT","@id":"https:\/\/www.istitutogalanteoliva.it\/magazine\/#\/schema\/person\/image\/","url":"https:\/\/secure.gravatar.com\/avatar\/517a9a6487a7a18ecc4ce6d2e57a8f40?s=96&d=mm&r=g","contentUrl":"https:\/\/secure.gravatar.com\/avatar\/517a9a6487a7a18ecc4ce6d2e57a8f40?s=96&d=mm&r=g","caption":"Antonello Rivano"},"url":"https:\/\/www.istitutogalanteoliva.it\/magazine\/author\/antonello\/"}]}},"_links":{"self":[{"href":"https:\/\/www.istitutogalanteoliva.it\/magazine\/wp-json\/wp\/v2\/posts\/5028","targetHints":{"allow":["GET"]}}],"collection":[{"href":"https:\/\/www.istitutogalanteoliva.it\/magazine\/wp-json\/wp\/v2\/posts"}],"about":[{"href":"https:\/\/www.istitutogalanteoliva.it\/magazine\/wp-json\/wp\/v2\/types\/post"}],"author":[{"embeddable":true,"href":"https:\/\/www.istitutogalanteoliva.it\/magazine\/wp-json\/wp\/v2\/users\/2"}],"replies":[{"embeddable":true,"href":"https:\/\/www.istitutogalanteoliva.it\/magazine\/wp-json\/wp\/v2\/comments?post=5028"}],"version-history":[{"count":6,"href":"https:\/\/www.istitutogalanteoliva.it\/magazine\/wp-json\/wp\/v2\/posts\/5028\/revisions"}],"predecessor-version":[{"id":5042,"href":"https:\/\/www.istitutogalanteoliva.it\/magazine\/wp-json\/wp\/v2\/posts\/5028\/revisions\/5042"}],"wp:featuredmedia":[{"embeddable":true,"href":"https:\/\/www.istitutogalanteoliva.it\/magazine\/wp-json\/wp\/v2\/media\/5036"}],"wp:attachment":[{"href":"https:\/\/www.istitutogalanteoliva.it\/magazine\/wp-json\/wp\/v2\/media?parent=5028"}],"wp:term":[{"taxonomy":"category","embeddable":true,"href":"https:\/\/www.istitutogalanteoliva.it\/magazine\/wp-json\/wp\/v2\/categories?post=5028"},{"taxonomy":"post_tag","embeddable":true,"href":"https:\/\/www.istitutogalanteoliva.it\/magazine\/wp-json\/wp\/v2\/tags?post=5028"}],"curies":[{"name":"wp","href":"https:\/\/api.w.org\/{rel}","templated":true}]}}