{"id":5051,"date":"2020-12-30T08:00:00","date_gmt":"2020-12-30T07:00:00","guid":{"rendered":"https:\/\/www.istitutogalanteoliva.it\/magazine\/?p=5051"},"modified":"2020-12-29T16:32:15","modified_gmt":"2020-12-29T15:32:15","slug":"duemilaventi-lannus-horribilis","status":"publish","type":"post","link":"https:\/\/www.istitutogalanteoliva.it\/magazine\/2020\/12\/30\/duemilaventi-lannus-horribilis\/","title":{"rendered":"Duemilaventi. L\u2019Annus horribilis"},"content":{"rendered":"\n<h3 class=\"wp-block-heading\"><strong>L\u2019anno che sta finendo non \u00e8 stato segnato solo dalla pandemia ma anche da nuovo oscurantismo e dalla perdita di personaggi iconici.<\/strong><\/h3>\n\n\n\n<p><strong><a href=\"https:\/\/it.wikipedia.org\/wiki\/Annus_horribilis\"><br><br><\/a><\/strong>di Antonello Rivano <\/p>\n\n\n\n<p>Forse sar\u00e0 eccessivo pensare al 2020 come annus horribilis; ce ne sono stati di peggiori: anni di guerre, pestilenze e tragedie immani. Probabilmente, mai come questa volta tutto il mondo \u00e8 stato totalmente coinvolto. La storia ci insegna che ci sono state altre piaghe, altri virus, ben pi\u00f9 letali, ma <em>viaggiavano <\/em>a piedi, tuttalpi\u00f9 a cavallo, forse su lenti barche a vela. Ora si spostano comodamente, e velocemente, in areo, in nave, treno e, all\u2019interno delle nostre citt\u00e0, in autobus. Oggi \u00e8 fondamentale, quasi imperativo, socializzare, essere performanti, produrre e consumare. Tutto questo \u201cdover essere\u201d complica maledettamente le cose, ci rende pi\u00f9 vulnerabili, attaccabili, facile prede di qualcosa che solo nel 2020, in questo disgraziato venti venti, abbiamo scoperto esistere\u2026la paura di non avere \u201cla soluzione\u201d.&nbsp;<\/p>\n\n\n\n<p>Forse sar\u00e0 eccesivo ma non c\u2019\u00e8 altro termine per definire il 2020, gi\u00e0 di per s\u00e9 particolare in quanto anno bisestile: \u201canno bisesto, anno funesto\u201d recita un antico detto popolare.<\/p>\n\n\n\n<p>Un anno che ci ha resi consapevoli delle nostre debolezze, della nostra fragilit\u00e0. Impotenti al cospetto di un nemico invisibile, costretti a chiuderci in casa, interrompere attivit\u00e0 economiche, culturali, sociali.<\/p>\n\n\n\n<div class=\"wp-block-image\"><figure class=\"alignright size-large is-resized\"><img loading=\"lazy\" decoding=\"async\" src=\"https:\/\/www.istitutogalanteoliva.it\/magazine\/wp-content\/uploads\/2020\/12\/88267589_137193671013529_2163884802813485659_n-1024x682.jpg\" alt=\"Annus Horribilis \n\" class=\"wp-image-5052\" width=\"543\" height=\"362\" srcset=\"https:\/\/www.istitutogalanteoliva.it\/magazine\/wp-content\/uploads\/2020\/12\/88267589_137193671013529_2163884802813485659_n-1024x682.jpg 1024w, https:\/\/www.istitutogalanteoliva.it\/magazine\/wp-content\/uploads\/2020\/12\/88267589_137193671013529_2163884802813485659_n-300x200.jpg 300w, https:\/\/www.istitutogalanteoliva.it\/magazine\/wp-content\/uploads\/2020\/12\/88267589_137193671013529_2163884802813485659_n-768x511.jpg 768w, https:\/\/www.istitutogalanteoliva.it\/magazine\/wp-content\/uploads\/2020\/12\/88267589_137193671013529_2163884802813485659_n-675x450.jpg 675w, https:\/\/www.istitutogalanteoliva.it\/magazine\/wp-content\/uploads\/2020\/12\/88267589_137193671013529_2163884802813485659_n.jpg 1077w\" sizes=\"auto, (max-width: 543px) 100vw, 543px\" \/><\/figure><\/div>\n\n\n\n<p>Mesi che ci hanno costretto a riflettere sul meglio e sul peggio di questa societ\u00e0 cresciuta con valori sempre meni solidi e pi\u00f9 superflui. Da una primavera in cui si pensava di combattere tutti assieme, uniti, cantando il nostro inno da un balcone ad un altro\u2026ad un autunno e ad un inverno di tutti contro tutti. Siamo passati dal giudicare eroi gli operatori sanitari al criticarli, condannarli o, nella migliore delle ipotesi a liquidarli con \u201csono pagati per questo\u201d. Nel frattempo ci si rendeva conto che altre <em>fratture<\/em> si stavano delineando, anche se presenti da sempre, nella nostra societ\u00e0, in particolare fratture tra stipendiati ed autonomi, tra partite IVA e \u201cstatali\u201d, tra chi le tasse dice di pagarle tutte e chi da sempre \u00e8 accusato di evaderle. Intanto nuovi poveri andavano ad ingrossare le file delle Caritas.<\/p>\n\n\n\n<p> Non abbiamo voluto scaricare una APP, che avrebbe permesso (almeno negli intendi) di limitare i danni del contagio, in nome della nostra privacy, che da tempo non esiste pi\u00f9. Ma ne abbiamo scaricato un&#8217;altra alla quale abbiamo dato il permesso di accedere al nostro IBAN e al numero delle nostre carte di credito&#8230;in cambio di qualche euro.  <\/p>\n\n\n\n<div class=\"wp-block-image\"><figure class=\"alignleft size-large is-resized\"><img loading=\"lazy\" decoding=\"async\" src=\"https:\/\/www.istitutogalanteoliva.it\/magazine\/wp-content\/uploads\/2020\/12\/5105322_1904_dottoressa.jpg\" alt=\"2020 Annus Horribilis \" class=\"wp-image-5053\" width=\"546\" height=\"298\" srcset=\"https:\/\/www.istitutogalanteoliva.it\/magazine\/wp-content\/uploads\/2020\/12\/5105322_1904_dottoressa.jpg 620w, https:\/\/www.istitutogalanteoliva.it\/magazine\/wp-content\/uploads\/2020\/12\/5105322_1904_dottoressa-300x164.jpg 300w\" sizes=\"auto, (max-width: 546px) 100vw, 546px\" \/><\/figure><\/div>\n\n\n\n<p>Ma questo annus horribilis ha fatto emergere altro; ci ha messo di fronte ad un nuovo \u201coscurantismo\u201d, che, come il Coronavirus, si muove con mezzi ben pi\u00f9 veloci ed efficaci rispetto al passato: gli schermi di PC, degli smartphone, e delle TV. Abbiamo scoperto che nel XXI secolo, oltre ai terrapiattisti, ci sono anche negazionisti, complottisti e NO VAX. Teorie al limite della peggiore fantascienza, fake e bufale, neppure tanto ben confezionate, corrono tra gli infiniti tracciati telematici, intossicano menti deboli, alimentate da un\u2019altra piaga dei nostri giorni: \u201cl\u2019analfabetismo funzionale\u201d. Come scrisse Umberto Eco, dei perfetti imbecilli, che un tempo avrebbero aperto bocca, al massimo, in un bar, hanno potuto, invece, farneticare, sproloquiare ed offendere avendo di fronte a loro una paltea formata, potenzialmente, da milioni di persone. \u00a0<br><br>Ci siamo scoperti fragili, insofferenti, psicologicamente inadatti a sopportare le limitazioni imposte dall\u2019\u00a0 emergenza sanitaria. Abbiamo gridato alla mancanza di democrazia perch\u00e9 ci hanno detto di portare delle mascherine per proteggere noi e gli altri, abbiamo egoisticamente pensato che \u201cdopotutto\u201d questo virus uccideva \u201csolo\u201d malati cronici e anziani. Abbiamo voluto credere che una \u201cpolmonite bilaterale\u201d, che costringe tanti in un letto di ospedale, con un tubo in gola o un \u2018casco da palombaro\u2019, fosse solo un banale raffreddore.<\/p>\n\n\n\n<p>Abbiamo equiparato, durante il lockdown, le nostre comode case a prigioni, le norme anticontagio a dittatura, non conoscendo n\u00e9 le une n\u00e8 le altre. Durante questo 2020 abbiamo dovuto chiudere i cinema, i teatri, le mostre ed annullare tutti gli eventi pubblici. Tuttavia quello che ci \u00e8 mancato di pi\u00f9 \u00e8 stato l\u2019 aperitivo, o almeno questo abbiamo fatto intendere.&nbsp;<\/p>\n\n\n\n<div class=\"wp-block-image\"><figure class=\"alignright size-large is-resized\"><img loading=\"lazy\" decoding=\"async\" src=\"https:\/\/www.istitutogalanteoliva.it\/magazine\/wp-content\/uploads\/2020\/12\/Senza-titolo-2.jpg\" alt=\"\" class=\"wp-image-5057\" width=\"535\" height=\"318\" srcset=\"https:\/\/www.istitutogalanteoliva.it\/magazine\/wp-content\/uploads\/2020\/12\/Senza-titolo-2.jpg 640w, https:\/\/www.istitutogalanteoliva.it\/magazine\/wp-content\/uploads\/2020\/12\/Senza-titolo-2-300x178.jpg 300w\" sizes=\"auto, (max-width: 535px) 100vw, 535px\" \/><\/figure><\/div>\n\n\n\n<p>E mentre accadeva tutto ci\u00f2, mentre sembrava che solo questo accadesse, i pezzi del nostro mondo \u2018sicuro\u2019si sgretolavano sotto i nostri occhi. Crollavano le icone del nostro vivere, morivano personaggi indissolubilmente legati alla nostra storia personale e nazionale pi\u00f9 recente. Durante questo annus horribilis sono morti &nbsp;Ennio Moricone, Gigi Proietti, Paolo Rossi; simboli di un modo di vivere, dello spettacolo, della cultura e di un \u2018sentire\u2019 calcistico che non c\u2019\u00e8 pi\u00f9. Forse un monito per avvertirci che tutto \u00e8 cambiato.<\/p>\n\n\n\n<p>Si sta chiudendo un anno nel quale, per un certo lasso di tempo, abbiamo pensato che potevamo uscirne migliori. Ci sbagliavamo, ci eravamo illusi, \u00e8 bastato poco, \u00e8 bastata una sola estate perch\u00e9 tutto tornasse come prima, peggio di prima, non parliamo della pandemia ma di noi, della nostra societ\u00e0, del nostro essere un Paese da sempre diviso su tutto.<\/p>\n\n\n\n<p>Concludiamo con alcune strofe liberamente tratte da \u201c<strong><em>l\u2019anno che verr\u00e0<\/em><\/strong>\u201d di Lucio Dalla<\/p>\n\n\n\n<p><em>\u201c\u2026<\/em><em>L&#8217;anno vecchio \u00e8 finito, ormai<\/em><em><br>Ma qualcosa ancora qui non va\u2026<\/em><\/p>\n\n\n\n<p><em>\u2026 Ma la televisione ha detto che il nuovo anno<\/em><em><br>Porter\u00e0 una trasformazione\u2026<\/em><\/p>\n\n\n\n<p><em>\u2026 senza grandi disturbi qualcuno sparir\u00e0<\/em><em><br>Saranno forse i troppo furbi<br>E i cretini di ogni et\u00e0\u2026<\/em><\/p>\n\n\n\n<p><em>\u2026 Vedi caro amico cosa si deve inventare<\/em><em><br>Per poter riderci sopra<br>Per continuare a sperare\u2026\u201d<\/em><\/p>\n\n\n\n<p><strong>Buon 2021&nbsp;&nbsp;&nbsp;<\/strong><\/p>\n\n\n\n<p class=\"has-text-align-right\"><strong>&nbsp;&nbsp;&nbsp;&nbsp;&nbsp;&nbsp;&nbsp;&nbsp;&nbsp;&nbsp;&nbsp;&nbsp;&nbsp;&nbsp;&nbsp;&nbsp;&nbsp;&nbsp;&nbsp;&nbsp;&nbsp;&nbsp;&nbsp;&nbsp;&nbsp;&nbsp;&nbsp;&nbsp;&nbsp;&nbsp;&nbsp;&nbsp;&nbsp;&nbsp;&nbsp;&nbsp;&nbsp;&nbsp;&nbsp;&nbsp;&nbsp;&nbsp;&nbsp;&nbsp;&nbsp;&nbsp;&nbsp;&nbsp;&nbsp;&nbsp;&nbsp;&nbsp;&nbsp;&nbsp;&nbsp;<em> Antonello Rivano<\/em><\/strong><\/p>\n<div class=\"pdfprnt-buttons pdfprnt-buttons-post pdfprnt-bottom-left\"><a href=\"https:\/\/www.istitutogalanteoliva.it\/magazine\/wp-json\/wp\/v2\/posts\/5051?print=print\" class=\"pdfprnt-button pdfprnt-button-print\" target=\"_blank\"><img decoding=\"async\" src=\"https:\/\/www.istitutogalanteoliva.it\/magazine\/wp-content\/plugins\/pdf-print\/images\/print.png\" alt=\"image_print\" title=\"Stampa contenuto\" \/><span class=\"pdfprnt-button-title pdfprnt-button-print-title\">Download in PDF<\/span><\/a><\/div>","protected":false},"excerpt":{"rendered":"<p>L\u2019anno che sta finendo non \u00e8 stato segnato solo dalla pandemia ma anche da nuovo<\/p>\n","protected":false},"author":2,"featured_media":5056,"comment_status":"open","ping_status":"open","sticky":false,"template":"","format":"standard","meta":{"footnotes":""},"categories":[34,37,15],"tags":[41],"class_list":["post-5051","post","type-post","status-publish","format-standard","has-post-thumbnail","hentry","category-34","category-coronavirus","category-opinioni","tag-covid-19"],"yoast_head":"<!-- This site is optimized with the Yoast SEO plugin v24.2 - https:\/\/yoast.com\/wordpress\/plugins\/seo\/ -->\n<title>Duemilaventi. L\u2019Annus horribilis - Polis SA Magazine<\/title>\n<meta name=\"description\" content=\"Duemilaventi, l&#039;Annus Horribiis non \u00e8 stato segnato solo dalla pandemia ma anche da nuovo oscurantismo e dalla perdita di personaggi iconici.\" \/>\n<meta name=\"robots\" content=\"index, follow, max-snippet:-1, max-image-preview:large, max-video-preview:-1\" \/>\n<link rel=\"canonical\" href=\"https:\/\/www.istitutogalanteoliva.it\/magazine\/2020\/12\/30\/duemilaventi-lannus-horribilis\/\" \/>\n<meta property=\"og:locale\" content=\"it_IT\" \/>\n<meta property=\"og:type\" content=\"article\" \/>\n<meta property=\"og:title\" content=\"Duemilaventi. L\u2019Annus horribilis - Polis SA Magazine\" \/>\n<meta property=\"og:description\" content=\"Duemilaventi, l&#039;Annus Horribiis non \u00e8 stato segnato solo dalla pandemia ma anche da nuovo oscurantismo e dalla perdita di personaggi iconici.\" \/>\n<meta property=\"og:url\" content=\"https:\/\/www.istitutogalanteoliva.it\/magazine\/2020\/12\/30\/duemilaventi-lannus-horribilis\/\" \/>\n<meta property=\"og:site_name\" content=\"Polis SA Magazine\" \/>\n<meta property=\"article:publisher\" content=\"https:\/\/www.facebook.com\/PolisSAMagazine\/\" \/>\n<meta property=\"article:published_time\" content=\"2020-12-30T07:00:00+00:00\" \/>\n<meta property=\"article:modified_time\" content=\"2020-12-29T15:32:15+00:00\" \/>\n<meta property=\"og:image\" content=\"https:\/\/www.istitutogalanteoliva.it\/magazine\/wp-content\/uploads\/2020\/12\/cop-5.jpg\" \/>\n\t<meta property=\"og:image:width\" content=\"1280\" \/>\n\t<meta property=\"og:image:height\" content=\"760\" \/>\n\t<meta property=\"og:image:type\" content=\"image\/jpeg\" \/>\n<meta name=\"author\" content=\"Antonello Rivano\" \/>\n<meta name=\"twitter:card\" content=\"summary_large_image\" \/>\n<meta name=\"twitter:creator\" content=\"@MagazinePolis\" \/>\n<meta name=\"twitter:site\" content=\"@MagazinePolis\" \/>\n<meta name=\"twitter:label1\" content=\"Scritto da\" \/>\n\t<meta name=\"twitter:data1\" content=\"Antonello Rivano\" \/>\n\t<meta name=\"twitter:label2\" content=\"Tempo di lettura stimato\" \/>\n\t<meta name=\"twitter:data2\" content=\"5 minuti\" \/>\n<script type=\"application\/ld+json\" class=\"yoast-schema-graph\">{\"@context\":\"https:\/\/schema.org\",\"@graph\":[{\"@type\":\"Article\",\"@id\":\"https:\/\/www.istitutogalanteoliva.it\/magazine\/2020\/12\/30\/duemilaventi-lannus-horribilis\/#article\",\"isPartOf\":{\"@id\":\"https:\/\/www.istitutogalanteoliva.it\/magazine\/2020\/12\/30\/duemilaventi-lannus-horribilis\/\"},\"author\":{\"name\":\"Antonello Rivano\",\"@id\":\"https:\/\/www.istitutogalanteoliva.it\/magazine\/#\/schema\/person\/d8b8aa79cfe8babc1df9da3212a7c0c4\"},\"headline\":\"Duemilaventi. L\u2019Annus horribilis\",\"datePublished\":\"2020-12-30T07:00:00+00:00\",\"dateModified\":\"2020-12-29T15:32:15+00:00\",\"mainEntityOfPage\":{\"@id\":\"https:\/\/www.istitutogalanteoliva.it\/magazine\/2020\/12\/30\/duemilaventi-lannus-horribilis\/\"},\"wordCount\":939,\"commentCount\":0,\"publisher\":{\"@id\":\"https:\/\/www.istitutogalanteoliva.it\/magazine\/#organization\"},\"image\":{\"@id\":\"https:\/\/www.istitutogalanteoliva.it\/magazine\/2020\/12\/30\/duemilaventi-lannus-horribilis\/#primaryimage\"},\"thumbnailUrl\":\"https:\/\/www.istitutogalanteoliva.it\/magazine\/wp-content\/uploads\/2020\/12\/cop-5.jpg\",\"keywords\":[\"covid-19\"],\"articleSection\":[\"2020\",\"Coronavirus\",\"Opinioni\"],\"inLanguage\":\"it-IT\",\"potentialAction\":[{\"@type\":\"CommentAction\",\"name\":\"Comment\",\"target\":[\"https:\/\/www.istitutogalanteoliva.it\/magazine\/2020\/12\/30\/duemilaventi-lannus-horribilis\/#respond\"]}]},{\"@type\":\"WebPage\",\"@id\":\"https:\/\/www.istitutogalanteoliva.it\/magazine\/2020\/12\/30\/duemilaventi-lannus-horribilis\/\",\"url\":\"https:\/\/www.istitutogalanteoliva.it\/magazine\/2020\/12\/30\/duemilaventi-lannus-horribilis\/\",\"name\":\"Duemilaventi. L\u2019Annus horribilis - Polis SA Magazine\",\"isPartOf\":{\"@id\":\"https:\/\/www.istitutogalanteoliva.it\/magazine\/#website\"},\"primaryImageOfPage\":{\"@id\":\"https:\/\/www.istitutogalanteoliva.it\/magazine\/2020\/12\/30\/duemilaventi-lannus-horribilis\/#primaryimage\"},\"image\":{\"@id\":\"https:\/\/www.istitutogalanteoliva.it\/magazine\/2020\/12\/30\/duemilaventi-lannus-horribilis\/#primaryimage\"},\"thumbnailUrl\":\"https:\/\/www.istitutogalanteoliva.it\/magazine\/wp-content\/uploads\/2020\/12\/cop-5.jpg\",\"datePublished\":\"2020-12-30T07:00:00+00:00\",\"dateModified\":\"2020-12-29T15:32:15+00:00\",\"description\":\"Duemilaventi, l'Annus Horribiis non \u00e8 stato segnato solo dalla pandemia ma anche da nuovo oscurantismo e dalla perdita di personaggi iconici.\",\"breadcrumb\":{\"@id\":\"https:\/\/www.istitutogalanteoliva.it\/magazine\/2020\/12\/30\/duemilaventi-lannus-horribilis\/#breadcrumb\"},\"inLanguage\":\"it-IT\",\"potentialAction\":[{\"@type\":\"ReadAction\",\"target\":[\"https:\/\/www.istitutogalanteoliva.it\/magazine\/2020\/12\/30\/duemilaventi-lannus-horribilis\/\"]}]},{\"@type\":\"ImageObject\",\"inLanguage\":\"it-IT\",\"@id\":\"https:\/\/www.istitutogalanteoliva.it\/magazine\/2020\/12\/30\/duemilaventi-lannus-horribilis\/#primaryimage\",\"url\":\"https:\/\/www.istitutogalanteoliva.it\/magazine\/wp-content\/uploads\/2020\/12\/cop-5.jpg\",\"contentUrl\":\"https:\/\/www.istitutogalanteoliva.it\/magazine\/wp-content\/uploads\/2020\/12\/cop-5.jpg\",\"width\":1280,\"height\":760,\"caption\":\"Annus Horribilis\"},{\"@type\":\"BreadcrumbList\",\"@id\":\"https:\/\/www.istitutogalanteoliva.it\/magazine\/2020\/12\/30\/duemilaventi-lannus-horribilis\/#breadcrumb\",\"itemListElement\":[{\"@type\":\"ListItem\",\"position\":1,\"name\":\"Home\",\"item\":\"https:\/\/www.istitutogalanteoliva.it\/magazine\/\"},{\"@type\":\"ListItem\",\"position\":2,\"name\":\"Duemilaventi. L\u2019Annus horribilis\"}]},{\"@type\":\"WebSite\",\"@id\":\"https:\/\/www.istitutogalanteoliva.it\/magazine\/#website\",\"url\":\"https:\/\/www.istitutogalanteoliva.it\/magazine\/\",\"name\":\"POLIS SA MAGAZINE\",\"description\":\"Informazione e approfondimenti\",\"publisher\":{\"@id\":\"https:\/\/www.istitutogalanteoliva.it\/magazine\/#organization\"},\"potentialAction\":[{\"@type\":\"SearchAction\",\"target\":{\"@type\":\"EntryPoint\",\"urlTemplate\":\"https:\/\/www.istitutogalanteoliva.it\/magazine\/?s={search_term_string}\"},\"query-input\":{\"@type\":\"PropertyValueSpecification\",\"valueRequired\":true,\"valueName\":\"search_term_string\"}}],\"inLanguage\":\"it-IT\"},{\"@type\":\"Organization\",\"@id\":\"https:\/\/www.istitutogalanteoliva.it\/magazine\/#organization\",\"name\":\"Polis SA Magazine\",\"url\":\"https:\/\/www.istitutogalanteoliva.it\/magazine\/\",\"logo\":{\"@type\":\"ImageObject\",\"inLanguage\":\"it-IT\",\"@id\":\"https:\/\/www.istitutogalanteoliva.it\/magazine\/#\/schema\/logo\/image\/\",\"url\":\"\",\"contentUrl\":\"\",\"caption\":\"Polis SA Magazine\"},\"image\":{\"@id\":\"https:\/\/www.istitutogalanteoliva.it\/magazine\/#\/schema\/logo\/image\/\"},\"sameAs\":[\"https:\/\/www.facebook.com\/PolisSAMagazine\/\",\"https:\/\/x.com\/MagazinePolis\",\"https:\/\/www.youtube.com\/channel\/UCv0Mr5AHKUmsc0sEEXkJrgw\"]},{\"@type\":\"Person\",\"@id\":\"https:\/\/www.istitutogalanteoliva.it\/magazine\/#\/schema\/person\/d8b8aa79cfe8babc1df9da3212a7c0c4\",\"name\":\"Antonello Rivano\",\"image\":{\"@type\":\"ImageObject\",\"inLanguage\":\"it-IT\",\"@id\":\"https:\/\/www.istitutogalanteoliva.it\/magazine\/#\/schema\/person\/image\/\",\"url\":\"https:\/\/secure.gravatar.com\/avatar\/517a9a6487a7a18ecc4ce6d2e57a8f40?s=96&d=mm&r=g\",\"contentUrl\":\"https:\/\/secure.gravatar.com\/avatar\/517a9a6487a7a18ecc4ce6d2e57a8f40?s=96&d=mm&r=g\",\"caption\":\"Antonello Rivano\"},\"url\":\"https:\/\/www.istitutogalanteoliva.it\/magazine\/author\/antonello\/\"}]}<\/script>\n<!-- \/ Yoast SEO plugin. -->","yoast_head_json":{"title":"Duemilaventi. L\u2019Annus horribilis - Polis SA Magazine","description":"Duemilaventi, l'Annus Horribiis non \u00e8 stato segnato solo dalla pandemia ma anche da nuovo oscurantismo e dalla perdita di personaggi iconici.","robots":{"index":"index","follow":"follow","max-snippet":"max-snippet:-1","max-image-preview":"max-image-preview:large","max-video-preview":"max-video-preview:-1"},"canonical":"https:\/\/www.istitutogalanteoliva.it\/magazine\/2020\/12\/30\/duemilaventi-lannus-horribilis\/","og_locale":"it_IT","og_type":"article","og_title":"Duemilaventi. L\u2019Annus horribilis - Polis SA Magazine","og_description":"Duemilaventi, l'Annus Horribiis non \u00e8 stato segnato solo dalla pandemia ma anche da nuovo oscurantismo e dalla perdita di personaggi iconici.","og_url":"https:\/\/www.istitutogalanteoliva.it\/magazine\/2020\/12\/30\/duemilaventi-lannus-horribilis\/","og_site_name":"Polis SA Magazine","article_publisher":"https:\/\/www.facebook.com\/PolisSAMagazine\/","article_published_time":"2020-12-30T07:00:00+00:00","article_modified_time":"2020-12-29T15:32:15+00:00","og_image":[{"width":1280,"height":760,"url":"https:\/\/www.istitutogalanteoliva.it\/magazine\/wp-content\/uploads\/2020\/12\/cop-5.jpg","type":"image\/jpeg"}],"author":"Antonello Rivano","twitter_card":"summary_large_image","twitter_creator":"@MagazinePolis","twitter_site":"@MagazinePolis","twitter_misc":{"Scritto da":"Antonello Rivano","Tempo di lettura stimato":"5 minuti"},"schema":{"@context":"https:\/\/schema.org","@graph":[{"@type":"Article","@id":"https:\/\/www.istitutogalanteoliva.it\/magazine\/2020\/12\/30\/duemilaventi-lannus-horribilis\/#article","isPartOf":{"@id":"https:\/\/www.istitutogalanteoliva.it\/magazine\/2020\/12\/30\/duemilaventi-lannus-horribilis\/"},"author":{"name":"Antonello Rivano","@id":"https:\/\/www.istitutogalanteoliva.it\/magazine\/#\/schema\/person\/d8b8aa79cfe8babc1df9da3212a7c0c4"},"headline":"Duemilaventi. L\u2019Annus horribilis","datePublished":"2020-12-30T07:00:00+00:00","dateModified":"2020-12-29T15:32:15+00:00","mainEntityOfPage":{"@id":"https:\/\/www.istitutogalanteoliva.it\/magazine\/2020\/12\/30\/duemilaventi-lannus-horribilis\/"},"wordCount":939,"commentCount":0,"publisher":{"@id":"https:\/\/www.istitutogalanteoliva.it\/magazine\/#organization"},"image":{"@id":"https:\/\/www.istitutogalanteoliva.it\/magazine\/2020\/12\/30\/duemilaventi-lannus-horribilis\/#primaryimage"},"thumbnailUrl":"https:\/\/www.istitutogalanteoliva.it\/magazine\/wp-content\/uploads\/2020\/12\/cop-5.jpg","keywords":["covid-19"],"articleSection":["2020","Coronavirus","Opinioni"],"inLanguage":"it-IT","potentialAction":[{"@type":"CommentAction","name":"Comment","target":["https:\/\/www.istitutogalanteoliva.it\/magazine\/2020\/12\/30\/duemilaventi-lannus-horribilis\/#respond"]}]},{"@type":"WebPage","@id":"https:\/\/www.istitutogalanteoliva.it\/magazine\/2020\/12\/30\/duemilaventi-lannus-horribilis\/","url":"https:\/\/www.istitutogalanteoliva.it\/magazine\/2020\/12\/30\/duemilaventi-lannus-horribilis\/","name":"Duemilaventi. L\u2019Annus horribilis - Polis SA Magazine","isPartOf":{"@id":"https:\/\/www.istitutogalanteoliva.it\/magazine\/#website"},"primaryImageOfPage":{"@id":"https:\/\/www.istitutogalanteoliva.it\/magazine\/2020\/12\/30\/duemilaventi-lannus-horribilis\/#primaryimage"},"image":{"@id":"https:\/\/www.istitutogalanteoliva.it\/magazine\/2020\/12\/30\/duemilaventi-lannus-horribilis\/#primaryimage"},"thumbnailUrl":"https:\/\/www.istitutogalanteoliva.it\/magazine\/wp-content\/uploads\/2020\/12\/cop-5.jpg","datePublished":"2020-12-30T07:00:00+00:00","dateModified":"2020-12-29T15:32:15+00:00","description":"Duemilaventi, l'Annus Horribiis non \u00e8 stato segnato solo dalla pandemia ma anche da nuovo oscurantismo e dalla perdita di personaggi iconici.","breadcrumb":{"@id":"https:\/\/www.istitutogalanteoliva.it\/magazine\/2020\/12\/30\/duemilaventi-lannus-horribilis\/#breadcrumb"},"inLanguage":"it-IT","potentialAction":[{"@type":"ReadAction","target":["https:\/\/www.istitutogalanteoliva.it\/magazine\/2020\/12\/30\/duemilaventi-lannus-horribilis\/"]}]},{"@type":"ImageObject","inLanguage":"it-IT","@id":"https:\/\/www.istitutogalanteoliva.it\/magazine\/2020\/12\/30\/duemilaventi-lannus-horribilis\/#primaryimage","url":"https:\/\/www.istitutogalanteoliva.it\/magazine\/wp-content\/uploads\/2020\/12\/cop-5.jpg","contentUrl":"https:\/\/www.istitutogalanteoliva.it\/magazine\/wp-content\/uploads\/2020\/12\/cop-5.jpg","width":1280,"height":760,"caption":"Annus Horribilis"},{"@type":"BreadcrumbList","@id":"https:\/\/www.istitutogalanteoliva.it\/magazine\/2020\/12\/30\/duemilaventi-lannus-horribilis\/#breadcrumb","itemListElement":[{"@type":"ListItem","position":1,"name":"Home","item":"https:\/\/www.istitutogalanteoliva.it\/magazine\/"},{"@type":"ListItem","position":2,"name":"Duemilaventi. L\u2019Annus horribilis"}]},{"@type":"WebSite","@id":"https:\/\/www.istitutogalanteoliva.it\/magazine\/#website","url":"https:\/\/www.istitutogalanteoliva.it\/magazine\/","name":"POLIS SA MAGAZINE","description":"Informazione e approfondimenti","publisher":{"@id":"https:\/\/www.istitutogalanteoliva.it\/magazine\/#organization"},"potentialAction":[{"@type":"SearchAction","target":{"@type":"EntryPoint","urlTemplate":"https:\/\/www.istitutogalanteoliva.it\/magazine\/?s={search_term_string}"},"query-input":{"@type":"PropertyValueSpecification","valueRequired":true,"valueName":"search_term_string"}}],"inLanguage":"it-IT"},{"@type":"Organization","@id":"https:\/\/www.istitutogalanteoliva.it\/magazine\/#organization","name":"Polis SA Magazine","url":"https:\/\/www.istitutogalanteoliva.it\/magazine\/","logo":{"@type":"ImageObject","inLanguage":"it-IT","@id":"https:\/\/www.istitutogalanteoliva.it\/magazine\/#\/schema\/logo\/image\/","url":"","contentUrl":"","caption":"Polis SA Magazine"},"image":{"@id":"https:\/\/www.istitutogalanteoliva.it\/magazine\/#\/schema\/logo\/image\/"},"sameAs":["https:\/\/www.facebook.com\/PolisSAMagazine\/","https:\/\/x.com\/MagazinePolis","https:\/\/www.youtube.com\/channel\/UCv0Mr5AHKUmsc0sEEXkJrgw"]},{"@type":"Person","@id":"https:\/\/www.istitutogalanteoliva.it\/magazine\/#\/schema\/person\/d8b8aa79cfe8babc1df9da3212a7c0c4","name":"Antonello Rivano","image":{"@type":"ImageObject","inLanguage":"it-IT","@id":"https:\/\/www.istitutogalanteoliva.it\/magazine\/#\/schema\/person\/image\/","url":"https:\/\/secure.gravatar.com\/avatar\/517a9a6487a7a18ecc4ce6d2e57a8f40?s=96&d=mm&r=g","contentUrl":"https:\/\/secure.gravatar.com\/avatar\/517a9a6487a7a18ecc4ce6d2e57a8f40?s=96&d=mm&r=g","caption":"Antonello Rivano"},"url":"https:\/\/www.istitutogalanteoliva.it\/magazine\/author\/antonello\/"}]}},"_links":{"self":[{"href":"https:\/\/www.istitutogalanteoliva.it\/magazine\/wp-json\/wp\/v2\/posts\/5051","targetHints":{"allow":["GET"]}}],"collection":[{"href":"https:\/\/www.istitutogalanteoliva.it\/magazine\/wp-json\/wp\/v2\/posts"}],"about":[{"href":"https:\/\/www.istitutogalanteoliva.it\/magazine\/wp-json\/wp\/v2\/types\/post"}],"author":[{"embeddable":true,"href":"https:\/\/www.istitutogalanteoliva.it\/magazine\/wp-json\/wp\/v2\/users\/2"}],"replies":[{"embeddable":true,"href":"https:\/\/www.istitutogalanteoliva.it\/magazine\/wp-json\/wp\/v2\/comments?post=5051"}],"version-history":[{"count":4,"href":"https:\/\/www.istitutogalanteoliva.it\/magazine\/wp-json\/wp\/v2\/posts\/5051\/revisions"}],"predecessor-version":[{"id":5061,"href":"https:\/\/www.istitutogalanteoliva.it\/magazine\/wp-json\/wp\/v2\/posts\/5051\/revisions\/5061"}],"wp:featuredmedia":[{"embeddable":true,"href":"https:\/\/www.istitutogalanteoliva.it\/magazine\/wp-json\/wp\/v2\/media\/5056"}],"wp:attachment":[{"href":"https:\/\/www.istitutogalanteoliva.it\/magazine\/wp-json\/wp\/v2\/media?parent=5051"}],"wp:term":[{"taxonomy":"category","embeddable":true,"href":"https:\/\/www.istitutogalanteoliva.it\/magazine\/wp-json\/wp\/v2\/categories?post=5051"},{"taxonomy":"post_tag","embeddable":true,"href":"https:\/\/www.istitutogalanteoliva.it\/magazine\/wp-json\/wp\/v2\/tags?post=5051"}],"curies":[{"name":"wp","href":"https:\/\/api.w.org\/{rel}","templated":true}]}}