{"id":5524,"date":"2021-02-16T08:00:00","date_gmt":"2021-02-16T07:00:00","guid":{"rendered":"https:\/\/www.istitutogalanteoliva.it\/magazine\/?p=5524"},"modified":"2021-02-15T15:45:31","modified_gmt":"2021-02-15T14:45:31","slug":"tradizioni-e-origini-del-carnevale","status":"publish","type":"post","link":"https:\/\/www.istitutogalanteoliva.it\/magazine\/2021\/02\/16\/tradizioni-e-origini-del-carnevale\/","title":{"rendered":"Tradizioni e Origini del Carnevale"},"content":{"rendered":"\n<h3 class=\"wp-block-heading\">Alla scoperta delle antiche origini della celebre festa in maschera<\/h3>\n\n\n\n<p>Di Francesco Bartimoro <\/p>\n\n\n\n<p>Anche stavolta \u00e8 tempo di Carnevale, che per una pura coincidenza, quest\u2019anno capita il &nbsp;giorno di San Valentino, essendo quella del carnevale una ricorrenza dalla data \u201cvariabile\u201d del nostro calendario (il pi\u00f9 delle volte nel mese di febbraio).<\/p>\n\n\n\n<p>Anche se quest\u2019anno non avremo occasione di assistere alle classiche feste in maschera e sfilate di carri di cartapesta, a causa delle restrizioni dovute all\u2019emergenza causata dalla \u201cpandemia\u201d.  Cogliamo almeno l\u2019occasione per indagare sulle origini culturali di tale festa.<\/p>\n\n\n\n<p>Quella del carnevale \u00e8 una festa dalla connotazione puramente ludica, che nulla ha a che vedere con le festivit\u00e0 cristiane, difatti, non comparendo nemmeno sul calendario, la sua cadenza \u00e8 \u201csuggerita\u201d dal giorno del mercoled\u00ec delle <strong>\u201csacre ceneri\u201d<\/strong> che succede sempre al <strong>\u201cmarted\u00ec grasso\u201d<\/strong>. Il giorno delle \u201csacre ceneri\u201d \u00e8 considerato l\u2019inizio della<strong> Quaresima<\/strong>, periodo in cui \u00e8 consuetudine digiunare o rinunciare alla carne nei pasti dopo le \u201cgrasse abbuffate\u201d del periodo carnevalesco.<\/p>\n\n\n\n<p>Infatti la parola carnevale deriverebbe dal latino <em>\u201ccarnem levare\u201d<\/em>, levare la carne, e starebbe a simboleggiare l\u2019ultimo giorno dei banchetti festivi, ovvero proprio il marted\u00ec che precede il periodo di digiuno e astinenza che comincer\u00e0 col mercoled\u00ec successivo.<\/p>\n\n\n\n<p>La festa del carnevale ha origini molto pi\u00f9 antiche, che risalgono alle culture arcaiche precristiane. Infatti antiche forme del carnevale erano presenti gi\u00e0 nelle <strong>feste Dionisiache<\/strong> greche, celebrazioni liturgiche dedicate al dio <strong>Dioniso<\/strong>, e nei <strong>\u201cSaturnali\u201d<\/strong>, ciclo di festivit\u00e0 dei culti romani, dedicate all\u2019insediamento nel tempio del <strong>dio Saturno.<\/strong><\/p>\n\n\n\n<p>Durante queste celebrazioni era solito verificarsi un temporaneo scioglimento degli obblighi morali e il rovesciamento delle gerarchie sociali, lasciando spazio alla spensieratezza, allo scherzo e alla dissolutezza.  Un periodo in cui i \u201cpotenti\u201d si svestivano dei loro \u201cpanni illustri\u201d per confrontarsi al pari degli umili nelle medesime feste rurali, scordandosi per una volta dei loro impegni istituzionali. Tutto ci\u00f2 avveniva attraverso il mascheramento vero e proprio che simboleggiava appunto una sorta di cambio di identit\u00e0.<\/p>\n\n\n\n<p>Dal punto di vista religioso negli antichi culti pagani questa festivit\u00e0 rappresentava invece un rinnovamento simbolico che avveniva nel \u201ccaos primordiale\u201d rappresentato dal disordine del carnevale, cui seguiva un progressivo ritorno all\u2019ordine naturale.<\/p>\n\n\n\n<div class=\"wp-block-image\"><figure class=\"alignright size-large is-resized\"><img loading=\"lazy\" decoding=\"async\" src=\"https:\/\/www.istitutogalanteoliva.it\/magazine\/wp-content\/uploads\/2021\/02\/Carnevale-01-viareggio.ilcarnevale.com_.jpg\" alt=\"\" class=\"wp-image-5527\" width=\"430\" height=\"311\" srcset=\"https:\/\/www.istitutogalanteoliva.it\/magazine\/wp-content\/uploads\/2021\/02\/Carnevale-01-viareggio.ilcarnevale.com_.jpg 484w, https:\/\/www.istitutogalanteoliva.it\/magazine\/wp-content\/uploads\/2021\/02\/Carnevale-01-viareggio.ilcarnevale.com_-300x217.jpg 300w\" sizes=\"auto, (max-width: 430px) 100vw, 430px\" \/><figcaption>-Il Carnevale di Viareggio-<\/figcaption><\/figure><\/div>\n\n\n\n<p>Infatti la maggior parte delle culture arcaiche erano caratterizzate da una <strong>dimensione temporale ciclica<\/strong>, un continuo alternarsi tra il caos primordiale e l\u2019ordine cosmico all\u2019interno dell\u2019arcaico calendario solare contadino. Il cuore del periodo invernale era considerato un periodo di attesa in cui regnava il caos, cadevano gli ordini sociali e si cancellavano i confini col mondo sovrannaturale. Attraverso queste \u201cbrecce inter dimensionali\u201d esseri sovrannaturali \u2013 divinit\u00e0 o spiriti e talvolta figure demoniache \u2013 facevano visita alla terra. E proprio in tal senso il periodo del carnevale potrebbe considerarsi il naturale proseguimento di <strong>Halloween<\/strong>, che dava inizio al \u201cperiodo del caos\u201d. In tale contesto il carnevale, proprio come halloween, segnava un passaggio aperto tra gli inferi e la terra dei vivi, e queste \u201canime dell\u2019oltretomba\u201d, per evitare che diventassero pericolose, venivano \u201conorate\u201d.<\/p>\n\n\n\n<p>Perci\u00f2 si prestavano loro dei \u201ccorpi provvisori\u201d, ovvero i costumi e le maschere indossate dai contadini, che spesso avevano un significato simbolico-religioso, in quanto chi le indossava assumeva le caratteristiche dell\u2019essere \u201csoprannaturale\u201d rappresentato.<\/p>\n\n\n\n<p>La stessa figura di \u201c<strong>Arlecchino\u201d<\/strong> avrebbe proprio una antica origine \u201cinfernale\u201d, derivante probabilmente dalla figura del demone <strong>\u201cH\u00f6lle K\u00f6nig\u201d<\/strong> di provenienza germanica, o <strong>\u201cHarlequin\u201d<\/strong> di derivazione francese, una figura demoniaca rurale che approfittava proprio della \u201capertura delle porte dell\u2019inferno\u201d per scorrazzare sulla terra e fare \u201crazzie di anime\u201d tra i campi (infatti anche nella \u201cDivina Commedia\u201d Dante aveva inserito la figura di un demone chiamato \u201cAlichino\u201d, che aveva il compito di sorvegliare le anime dei dannati).<\/p>\n\n\n\n<div class=\"wp-block-image\"><figure class=\"alignleft size-large is-resized\"><img loading=\"lazy\" decoding=\"async\" src=\"https:\/\/www.istitutogalanteoliva.it\/magazine\/wp-content\/uploads\/2021\/02\/Senza-titolo-2-2.jpg\" alt=\"Tradizioni e Origini del Carnevale\" class=\"wp-image-5526\" width=\"484\" height=\"292\"\/><figcaption>-1\/Arlecchino-2\/Hell Koing (illustrazione di Albert Edward Sterner del 191)-<\/figcaption><\/figure><\/div>\n\n\n\n<p>Successivamente i popoli rurali sentirono l\u2019esigenza di \u201cesorcizzare\u201d tali oscure leggende e mutarono l\u2019infernale connotazione infernale di <strong>Harlequin <\/strong>rendendola grottesca quasi comica, raffigurandolo con un ghigno beffardo e la classica veste multicolore, fino a diventare l\u2019Arlecchino che conosciamo adesso. Questa trasfigurazione simboleggiava proprio la capacit\u00e0 di esorcizzare la paura del sovrannaturale mettendo in burla il potere dei demoni pagani sulla terra (tra l\u2019altro la figura di H\u00f6lle K\u00f6nig, Harlequin o Arlecchinoha influenzato anche la cultura pop, come nei fumetti della DC Comics ove tra i vari personaggi troviamo anche la \u201ccoloratissima\u201d <strong>Harley Quinn<\/strong>).<\/p>\n\n\n\n<p>A questo periodo di \u201ccaos\u201d seguiva, a cavallo tra la fine dell\u2019inverno e l\u2019inizio della primavera, il ritorno all\u2019 \u201cordine cosmico\u201d, dove la terra comincia a manifestare la propria energia rinascendo a nuova vita dopo il buio invernale, in cui invece avveniva la \u201cmorte simbolica\u201d della terra.<\/p>\n\n\n\n<p>Infine il tempo e l\u2019ordine del cosmo, sconvolti nella tradizione carnevalesca, ancora oggi vengono spesso tradizionalmente ricostituiti con un rituale di carattere purificatorio comprendente un \u201cprocesso\u201d, una \u201ccondanna\u201d e un \u201cfunerale\u201d: il rogo del \u201cRe Carnevale\u201d, un fantoccio dato alle fiamme durante il fal\u00f2 che concludevano le feste contadine.<\/p>\n\n\n\n<p>E proprio dalle ceneri di questo rogo deriverebbe il <strong>rito purificatorio delle Sacre Ceneri<\/strong> della tradizione cristiana, giorno di astinenza e purificazione dagli eccessi del Carnevale, cha d\u00e0 inizio al periodo della <strong>Quaresima<\/strong> in attesa della <strong>Santa Pasqua.<\/strong><\/p>\n\n\n\n<p>Infatti l\u2019antico culto della \u201crinascita della terra\u201d in primavera coincide proprio con la <strong>Resurrezione di Cristo.<\/strong><\/p>\n\n\n\n<p>Al di l\u00e0 di ogni significato antropologico e religioso, la festa del Carnevale conserva ancor oggi quel desiderio di divertirsi rovesciando momentaneamente il rigore della quotidianit\u00e0, spogliandosi dei propri ruoli sociali celandosi dietro le tante maschere in modo da poter indossare i \u201cpanni\u201d di qualcun altro.<\/p>\n\n\n\n<p>Le maschere indossate a Carnevale aiutano dunque a dimenticare almeno per una volta ci\u00f2 che si \u00e8, permettendo di proiettarsi con la fantasia in altri mondi, in altre epoche, vivendo quelle storie fantastiche e avventurose lontane dalla realt\u00e0 quotidiana.<\/p>\n\n\n\n<p class=\"has-text-align-right\"><strong><em>Francesco Bartimoro<\/em><\/strong><\/p>\n<div class=\"pdfprnt-buttons pdfprnt-buttons-post pdfprnt-bottom-left\"><a href=\"https:\/\/www.istitutogalanteoliva.it\/magazine\/wp-json\/wp\/v2\/posts\/5524?print=print\" class=\"pdfprnt-button pdfprnt-button-print\" target=\"_blank\"><img decoding=\"async\" src=\"https:\/\/www.istitutogalanteoliva.it\/magazine\/wp-content\/plugins\/pdf-print\/images\/print.png\" alt=\"image_print\" title=\"Stampa contenuto\" \/><span class=\"pdfprnt-button-title pdfprnt-button-print-title\">Download in PDF<\/span><\/a><\/div>","protected":false},"excerpt":{"rendered":"<p> La  parola carnevale deriverebbe dal latino \u201ccarnem levare\u201d, levare la carne, e starebbe a simboleggiare l\u2019ultimo giorno dei banchetti festivi, ovvero proprio il marted\u00ec che precede il periodo di digiuno e astinenza che comincer\u00e0 col mercoled\u00ec successivo<\/p>\n","protected":false},"author":2,"featured_media":5528,"comment_status":"open","ping_status":"open","sticky":false,"template":"","format":"standard","meta":{"footnotes":""},"categories":[148,8,181],"tags":[175,176],"class_list":["post-5524","post","type-post","status-publish","format-standard","has-post-thumbnail","hentry","category-148","category-cultura_e_societa","category-tradizioni","tag-carnevale","tag-tradizioni"],"yoast_head":"<!-- This site is optimized with the Yoast SEO plugin v24.2 - https:\/\/yoast.com\/wordpress\/plugins\/seo\/ -->\n<title>Tradizioni e Origini del Carnevale - Polis SA Magazine<\/title>\n<meta name=\"description\" content=\"Carnevale alla scoperta delle antiche origini della celebre festa. &quot;Carnevale&quot; deriverebbe dal latino \u201ccarnem levare\u201d, levare la carne.\" \/>\n<meta name=\"robots\" content=\"index, follow, max-snippet:-1, max-image-preview:large, max-video-preview:-1\" \/>\n<link rel=\"canonical\" href=\"https:\/\/www.istitutogalanteoliva.it\/magazine\/2021\/02\/16\/tradizioni-e-origini-del-carnevale\/\" \/>\n<meta property=\"og:locale\" content=\"it_IT\" \/>\n<meta property=\"og:type\" content=\"article\" \/>\n<meta property=\"og:title\" content=\"Tradizioni e Origini del Carnevale - Polis SA Magazine\" \/>\n<meta property=\"og:description\" content=\"Carnevale alla scoperta delle antiche origini della celebre festa. &quot;Carnevale&quot; deriverebbe dal latino \u201ccarnem levare\u201d, levare la carne.\" \/>\n<meta property=\"og:url\" content=\"https:\/\/www.istitutogalanteoliva.it\/magazine\/2021\/02\/16\/tradizioni-e-origini-del-carnevale\/\" \/>\n<meta property=\"og:site_name\" content=\"Polis SA Magazine\" \/>\n<meta property=\"article:publisher\" content=\"https:\/\/www.facebook.com\/PolisSAMagazine\/\" \/>\n<meta property=\"article:published_time\" content=\"2021-02-16T07:00:00+00:00\" \/>\n<meta property=\"article:modified_time\" content=\"2021-02-15T14:45:31+00:00\" \/>\n<meta property=\"og:image\" content=\"https:\/\/www.istitutogalanteoliva.it\/magazine\/wp-content\/uploads\/2021\/02\/Senza-titolo-1-1.jpg\" \/>\n\t<meta property=\"og:image:width\" content=\"1280\" \/>\n\t<meta property=\"og:image:height\" content=\"760\" \/>\n\t<meta property=\"og:image:type\" content=\"image\/jpeg\" \/>\n<meta name=\"author\" content=\"Antonello Rivano\" \/>\n<meta name=\"twitter:card\" content=\"summary_large_image\" \/>\n<meta name=\"twitter:creator\" content=\"@MagazinePolis\" \/>\n<meta name=\"twitter:site\" content=\"@MagazinePolis\" \/>\n<meta name=\"twitter:label1\" content=\"Scritto da\" \/>\n\t<meta name=\"twitter:data1\" content=\"Antonello Rivano\" \/>\n\t<meta name=\"twitter:label2\" content=\"Tempo di lettura stimato\" \/>\n\t<meta name=\"twitter:data2\" content=\"5 minuti\" \/>\n<script type=\"application\/ld+json\" class=\"yoast-schema-graph\">{\"@context\":\"https:\/\/schema.org\",\"@graph\":[{\"@type\":\"Article\",\"@id\":\"https:\/\/www.istitutogalanteoliva.it\/magazine\/2021\/02\/16\/tradizioni-e-origini-del-carnevale\/#article\",\"isPartOf\":{\"@id\":\"https:\/\/www.istitutogalanteoliva.it\/magazine\/2021\/02\/16\/tradizioni-e-origini-del-carnevale\/\"},\"author\":{\"name\":\"Antonello Rivano\",\"@id\":\"https:\/\/www.istitutogalanteoliva.it\/magazine\/#\/schema\/person\/d8b8aa79cfe8babc1df9da3212a7c0c4\"},\"headline\":\"Tradizioni e Origini del Carnevale\",\"datePublished\":\"2021-02-16T07:00:00+00:00\",\"dateModified\":\"2021-02-15T14:45:31+00:00\",\"mainEntityOfPage\":{\"@id\":\"https:\/\/www.istitutogalanteoliva.it\/magazine\/2021\/02\/16\/tradizioni-e-origini-del-carnevale\/\"},\"wordCount\":967,\"commentCount\":0,\"publisher\":{\"@id\":\"https:\/\/www.istitutogalanteoliva.it\/magazine\/#organization\"},\"image\":{\"@id\":\"https:\/\/www.istitutogalanteoliva.it\/magazine\/2021\/02\/16\/tradizioni-e-origini-del-carnevale\/#primaryimage\"},\"thumbnailUrl\":\"https:\/\/www.istitutogalanteoliva.it\/magazine\/wp-content\/uploads\/2021\/02\/Senza-titolo-1-1.jpg\",\"keywords\":[\"Carnevale\",\"Tradizioni\"],\"articleSection\":[\"2021\",\"Cultura e Societ\u00e0\",\"tradizioni\"],\"inLanguage\":\"it-IT\",\"potentialAction\":[{\"@type\":\"CommentAction\",\"name\":\"Comment\",\"target\":[\"https:\/\/www.istitutogalanteoliva.it\/magazine\/2021\/02\/16\/tradizioni-e-origini-del-carnevale\/#respond\"]}]},{\"@type\":\"WebPage\",\"@id\":\"https:\/\/www.istitutogalanteoliva.it\/magazine\/2021\/02\/16\/tradizioni-e-origini-del-carnevale\/\",\"url\":\"https:\/\/www.istitutogalanteoliva.it\/magazine\/2021\/02\/16\/tradizioni-e-origini-del-carnevale\/\",\"name\":\"Tradizioni e Origini del Carnevale - Polis SA Magazine\",\"isPartOf\":{\"@id\":\"https:\/\/www.istitutogalanteoliva.it\/magazine\/#website\"},\"primaryImageOfPage\":{\"@id\":\"https:\/\/www.istitutogalanteoliva.it\/magazine\/2021\/02\/16\/tradizioni-e-origini-del-carnevale\/#primaryimage\"},\"image\":{\"@id\":\"https:\/\/www.istitutogalanteoliva.it\/magazine\/2021\/02\/16\/tradizioni-e-origini-del-carnevale\/#primaryimage\"},\"thumbnailUrl\":\"https:\/\/www.istitutogalanteoliva.it\/magazine\/wp-content\/uploads\/2021\/02\/Senza-titolo-1-1.jpg\",\"datePublished\":\"2021-02-16T07:00:00+00:00\",\"dateModified\":\"2021-02-15T14:45:31+00:00\",\"description\":\"Carnevale alla scoperta delle antiche origini della celebre festa. \\\"Carnevale\\\" deriverebbe dal latino \u201ccarnem levare\u201d, levare la carne.\",\"breadcrumb\":{\"@id\":\"https:\/\/www.istitutogalanteoliva.it\/magazine\/2021\/02\/16\/tradizioni-e-origini-del-carnevale\/#breadcrumb\"},\"inLanguage\":\"it-IT\",\"potentialAction\":[{\"@type\":\"ReadAction\",\"target\":[\"https:\/\/www.istitutogalanteoliva.it\/magazine\/2021\/02\/16\/tradizioni-e-origini-del-carnevale\/\"]}]},{\"@type\":\"ImageObject\",\"inLanguage\":\"it-IT\",\"@id\":\"https:\/\/www.istitutogalanteoliva.it\/magazine\/2021\/02\/16\/tradizioni-e-origini-del-carnevale\/#primaryimage\",\"url\":\"https:\/\/www.istitutogalanteoliva.it\/magazine\/wp-content\/uploads\/2021\/02\/Senza-titolo-1-1.jpg\",\"contentUrl\":\"https:\/\/www.istitutogalanteoliva.it\/magazine\/wp-content\/uploads\/2021\/02\/Senza-titolo-1-1.jpg\",\"width\":1280,\"height\":760},{\"@type\":\"BreadcrumbList\",\"@id\":\"https:\/\/www.istitutogalanteoliva.it\/magazine\/2021\/02\/16\/tradizioni-e-origini-del-carnevale\/#breadcrumb\",\"itemListElement\":[{\"@type\":\"ListItem\",\"position\":1,\"name\":\"Home\",\"item\":\"https:\/\/www.istitutogalanteoliva.it\/magazine\/\"},{\"@type\":\"ListItem\",\"position\":2,\"name\":\"Tradizioni e Origini del Carnevale\"}]},{\"@type\":\"WebSite\",\"@id\":\"https:\/\/www.istitutogalanteoliva.it\/magazine\/#website\",\"url\":\"https:\/\/www.istitutogalanteoliva.it\/magazine\/\",\"name\":\"POLIS SA MAGAZINE\",\"description\":\"Informazione e approfondimenti\",\"publisher\":{\"@id\":\"https:\/\/www.istitutogalanteoliva.it\/magazine\/#organization\"},\"potentialAction\":[{\"@type\":\"SearchAction\",\"target\":{\"@type\":\"EntryPoint\",\"urlTemplate\":\"https:\/\/www.istitutogalanteoliva.it\/magazine\/?s={search_term_string}\"},\"query-input\":{\"@type\":\"PropertyValueSpecification\",\"valueRequired\":true,\"valueName\":\"search_term_string\"}}],\"inLanguage\":\"it-IT\"},{\"@type\":\"Organization\",\"@id\":\"https:\/\/www.istitutogalanteoliva.it\/magazine\/#organization\",\"name\":\"Polis SA Magazine\",\"url\":\"https:\/\/www.istitutogalanteoliva.it\/magazine\/\",\"logo\":{\"@type\":\"ImageObject\",\"inLanguage\":\"it-IT\",\"@id\":\"https:\/\/www.istitutogalanteoliva.it\/magazine\/#\/schema\/logo\/image\/\",\"url\":\"\",\"contentUrl\":\"\",\"caption\":\"Polis SA Magazine\"},\"image\":{\"@id\":\"https:\/\/www.istitutogalanteoliva.it\/magazine\/#\/schema\/logo\/image\/\"},\"sameAs\":[\"https:\/\/www.facebook.com\/PolisSAMagazine\/\",\"https:\/\/x.com\/MagazinePolis\",\"https:\/\/www.youtube.com\/channel\/UCv0Mr5AHKUmsc0sEEXkJrgw\"]},{\"@type\":\"Person\",\"@id\":\"https:\/\/www.istitutogalanteoliva.it\/magazine\/#\/schema\/person\/d8b8aa79cfe8babc1df9da3212a7c0c4\",\"name\":\"Antonello Rivano\",\"image\":{\"@type\":\"ImageObject\",\"inLanguage\":\"it-IT\",\"@id\":\"https:\/\/www.istitutogalanteoliva.it\/magazine\/#\/schema\/person\/image\/\",\"url\":\"https:\/\/secure.gravatar.com\/avatar\/517a9a6487a7a18ecc4ce6d2e57a8f40?s=96&d=mm&r=g\",\"contentUrl\":\"https:\/\/secure.gravatar.com\/avatar\/517a9a6487a7a18ecc4ce6d2e57a8f40?s=96&d=mm&r=g\",\"caption\":\"Antonello Rivano\"},\"url\":\"https:\/\/www.istitutogalanteoliva.it\/magazine\/author\/antonello\/\"}]}<\/script>\n<!-- \/ Yoast SEO plugin. -->","yoast_head_json":{"title":"Tradizioni e Origini del Carnevale - Polis SA Magazine","description":"Carnevale alla scoperta delle antiche origini della celebre festa. \"Carnevale\" deriverebbe dal latino \u201ccarnem levare\u201d, levare la carne.","robots":{"index":"index","follow":"follow","max-snippet":"max-snippet:-1","max-image-preview":"max-image-preview:large","max-video-preview":"max-video-preview:-1"},"canonical":"https:\/\/www.istitutogalanteoliva.it\/magazine\/2021\/02\/16\/tradizioni-e-origini-del-carnevale\/","og_locale":"it_IT","og_type":"article","og_title":"Tradizioni e Origini del Carnevale - Polis SA Magazine","og_description":"Carnevale alla scoperta delle antiche origini della celebre festa. \"Carnevale\" deriverebbe dal latino \u201ccarnem levare\u201d, levare la carne.","og_url":"https:\/\/www.istitutogalanteoliva.it\/magazine\/2021\/02\/16\/tradizioni-e-origini-del-carnevale\/","og_site_name":"Polis SA Magazine","article_publisher":"https:\/\/www.facebook.com\/PolisSAMagazine\/","article_published_time":"2021-02-16T07:00:00+00:00","article_modified_time":"2021-02-15T14:45:31+00:00","og_image":[{"width":1280,"height":760,"url":"https:\/\/www.istitutogalanteoliva.it\/magazine\/wp-content\/uploads\/2021\/02\/Senza-titolo-1-1.jpg","type":"image\/jpeg"}],"author":"Antonello Rivano","twitter_card":"summary_large_image","twitter_creator":"@MagazinePolis","twitter_site":"@MagazinePolis","twitter_misc":{"Scritto da":"Antonello Rivano","Tempo di lettura stimato":"5 minuti"},"schema":{"@context":"https:\/\/schema.org","@graph":[{"@type":"Article","@id":"https:\/\/www.istitutogalanteoliva.it\/magazine\/2021\/02\/16\/tradizioni-e-origini-del-carnevale\/#article","isPartOf":{"@id":"https:\/\/www.istitutogalanteoliva.it\/magazine\/2021\/02\/16\/tradizioni-e-origini-del-carnevale\/"},"author":{"name":"Antonello Rivano","@id":"https:\/\/www.istitutogalanteoliva.it\/magazine\/#\/schema\/person\/d8b8aa79cfe8babc1df9da3212a7c0c4"},"headline":"Tradizioni e Origini del Carnevale","datePublished":"2021-02-16T07:00:00+00:00","dateModified":"2021-02-15T14:45:31+00:00","mainEntityOfPage":{"@id":"https:\/\/www.istitutogalanteoliva.it\/magazine\/2021\/02\/16\/tradizioni-e-origini-del-carnevale\/"},"wordCount":967,"commentCount":0,"publisher":{"@id":"https:\/\/www.istitutogalanteoliva.it\/magazine\/#organization"},"image":{"@id":"https:\/\/www.istitutogalanteoliva.it\/magazine\/2021\/02\/16\/tradizioni-e-origini-del-carnevale\/#primaryimage"},"thumbnailUrl":"https:\/\/www.istitutogalanteoliva.it\/magazine\/wp-content\/uploads\/2021\/02\/Senza-titolo-1-1.jpg","keywords":["Carnevale","Tradizioni"],"articleSection":["2021","Cultura e Societ\u00e0","tradizioni"],"inLanguage":"it-IT","potentialAction":[{"@type":"CommentAction","name":"Comment","target":["https:\/\/www.istitutogalanteoliva.it\/magazine\/2021\/02\/16\/tradizioni-e-origini-del-carnevale\/#respond"]}]},{"@type":"WebPage","@id":"https:\/\/www.istitutogalanteoliva.it\/magazine\/2021\/02\/16\/tradizioni-e-origini-del-carnevale\/","url":"https:\/\/www.istitutogalanteoliva.it\/magazine\/2021\/02\/16\/tradizioni-e-origini-del-carnevale\/","name":"Tradizioni e Origini del Carnevale - Polis SA Magazine","isPartOf":{"@id":"https:\/\/www.istitutogalanteoliva.it\/magazine\/#website"},"primaryImageOfPage":{"@id":"https:\/\/www.istitutogalanteoliva.it\/magazine\/2021\/02\/16\/tradizioni-e-origini-del-carnevale\/#primaryimage"},"image":{"@id":"https:\/\/www.istitutogalanteoliva.it\/magazine\/2021\/02\/16\/tradizioni-e-origini-del-carnevale\/#primaryimage"},"thumbnailUrl":"https:\/\/www.istitutogalanteoliva.it\/magazine\/wp-content\/uploads\/2021\/02\/Senza-titolo-1-1.jpg","datePublished":"2021-02-16T07:00:00+00:00","dateModified":"2021-02-15T14:45:31+00:00","description":"Carnevale alla scoperta delle antiche origini della celebre festa. \"Carnevale\" deriverebbe dal latino \u201ccarnem levare\u201d, levare la carne.","breadcrumb":{"@id":"https:\/\/www.istitutogalanteoliva.it\/magazine\/2021\/02\/16\/tradizioni-e-origini-del-carnevale\/#breadcrumb"},"inLanguage":"it-IT","potentialAction":[{"@type":"ReadAction","target":["https:\/\/www.istitutogalanteoliva.it\/magazine\/2021\/02\/16\/tradizioni-e-origini-del-carnevale\/"]}]},{"@type":"ImageObject","inLanguage":"it-IT","@id":"https:\/\/www.istitutogalanteoliva.it\/magazine\/2021\/02\/16\/tradizioni-e-origini-del-carnevale\/#primaryimage","url":"https:\/\/www.istitutogalanteoliva.it\/magazine\/wp-content\/uploads\/2021\/02\/Senza-titolo-1-1.jpg","contentUrl":"https:\/\/www.istitutogalanteoliva.it\/magazine\/wp-content\/uploads\/2021\/02\/Senza-titolo-1-1.jpg","width":1280,"height":760},{"@type":"BreadcrumbList","@id":"https:\/\/www.istitutogalanteoliva.it\/magazine\/2021\/02\/16\/tradizioni-e-origini-del-carnevale\/#breadcrumb","itemListElement":[{"@type":"ListItem","position":1,"name":"Home","item":"https:\/\/www.istitutogalanteoliva.it\/magazine\/"},{"@type":"ListItem","position":2,"name":"Tradizioni e Origini del Carnevale"}]},{"@type":"WebSite","@id":"https:\/\/www.istitutogalanteoliva.it\/magazine\/#website","url":"https:\/\/www.istitutogalanteoliva.it\/magazine\/","name":"POLIS SA MAGAZINE","description":"Informazione e approfondimenti","publisher":{"@id":"https:\/\/www.istitutogalanteoliva.it\/magazine\/#organization"},"potentialAction":[{"@type":"SearchAction","target":{"@type":"EntryPoint","urlTemplate":"https:\/\/www.istitutogalanteoliva.it\/magazine\/?s={search_term_string}"},"query-input":{"@type":"PropertyValueSpecification","valueRequired":true,"valueName":"search_term_string"}}],"inLanguage":"it-IT"},{"@type":"Organization","@id":"https:\/\/www.istitutogalanteoliva.it\/magazine\/#organization","name":"Polis SA Magazine","url":"https:\/\/www.istitutogalanteoliva.it\/magazine\/","logo":{"@type":"ImageObject","inLanguage":"it-IT","@id":"https:\/\/www.istitutogalanteoliva.it\/magazine\/#\/schema\/logo\/image\/","url":"","contentUrl":"","caption":"Polis SA Magazine"},"image":{"@id":"https:\/\/www.istitutogalanteoliva.it\/magazine\/#\/schema\/logo\/image\/"},"sameAs":["https:\/\/www.facebook.com\/PolisSAMagazine\/","https:\/\/x.com\/MagazinePolis","https:\/\/www.youtube.com\/channel\/UCv0Mr5AHKUmsc0sEEXkJrgw"]},{"@type":"Person","@id":"https:\/\/www.istitutogalanteoliva.it\/magazine\/#\/schema\/person\/d8b8aa79cfe8babc1df9da3212a7c0c4","name":"Antonello Rivano","image":{"@type":"ImageObject","inLanguage":"it-IT","@id":"https:\/\/www.istitutogalanteoliva.it\/magazine\/#\/schema\/person\/image\/","url":"https:\/\/secure.gravatar.com\/avatar\/517a9a6487a7a18ecc4ce6d2e57a8f40?s=96&d=mm&r=g","contentUrl":"https:\/\/secure.gravatar.com\/avatar\/517a9a6487a7a18ecc4ce6d2e57a8f40?s=96&d=mm&r=g","caption":"Antonello Rivano"},"url":"https:\/\/www.istitutogalanteoliva.it\/magazine\/author\/antonello\/"}]}},"_links":{"self":[{"href":"https:\/\/www.istitutogalanteoliva.it\/magazine\/wp-json\/wp\/v2\/posts\/5524","targetHints":{"allow":["GET"]}}],"collection":[{"href":"https:\/\/www.istitutogalanteoliva.it\/magazine\/wp-json\/wp\/v2\/posts"}],"about":[{"href":"https:\/\/www.istitutogalanteoliva.it\/magazine\/wp-json\/wp\/v2\/types\/post"}],"author":[{"embeddable":true,"href":"https:\/\/www.istitutogalanteoliva.it\/magazine\/wp-json\/wp\/v2\/users\/2"}],"replies":[{"embeddable":true,"href":"https:\/\/www.istitutogalanteoliva.it\/magazine\/wp-json\/wp\/v2\/comments?post=5524"}],"version-history":[{"count":2,"href":"https:\/\/www.istitutogalanteoliva.it\/magazine\/wp-json\/wp\/v2\/posts\/5524\/revisions"}],"predecessor-version":[{"id":5530,"href":"https:\/\/www.istitutogalanteoliva.it\/magazine\/wp-json\/wp\/v2\/posts\/5524\/revisions\/5530"}],"wp:featuredmedia":[{"embeddable":true,"href":"https:\/\/www.istitutogalanteoliva.it\/magazine\/wp-json\/wp\/v2\/media\/5528"}],"wp:attachment":[{"href":"https:\/\/www.istitutogalanteoliva.it\/magazine\/wp-json\/wp\/v2\/media?parent=5524"}],"wp:term":[{"taxonomy":"category","embeddable":true,"href":"https:\/\/www.istitutogalanteoliva.it\/magazine\/wp-json\/wp\/v2\/categories?post=5524"},{"taxonomy":"post_tag","embeddable":true,"href":"https:\/\/www.istitutogalanteoliva.it\/magazine\/wp-json\/wp\/v2\/tags?post=5524"}],"curies":[{"name":"wp","href":"https:\/\/api.w.org\/{rel}","templated":true}]}}