{"id":554,"date":"2019-06-17T13:58:01","date_gmt":"2019-06-17T11:58:01","guid":{"rendered":"http:\/\/www.edizionipolis.it\/magazine\/?p=554"},"modified":"2019-06-17T14:00:00","modified_gmt":"2019-06-17T12:00:00","slug":"gaia-una-cronaca-al-mio-amico-filosofo-e-scienziato-giuva-o-prevt","status":"publish","type":"post","link":"https:\/\/www.istitutogalanteoliva.it\/magazine\/2019\/06\/17\/gaia-una-cronaca-al-mio-amico-filosofo-e-scienziato-giuva-o-prevt\/","title":{"rendered":"GAIA. UNA CRONACA. Al mio amico filosofo e scienziato Giuva\u2019 O\u2019 Prevt\u2019."},"content":{"rendered":"\n<p>Si\nrisvegli\u00f2. Cos\u00ec, semplicemente; non sapeva come n\u00e9 perch\u00e9. N\u00e9 cosa facesse\nprima\u2026In lei non c\u2019era il sapere l\u2019esistenza n\u00e9 di un <em>prima<\/em> n\u00e9 del <em>dopo<\/em>.\nTutto era. E basta. Non c\u2019era memoria. Di niente. Non avvertiva nemmeno il\nmovimento che avveniva: lei stessa <em>era <\/em>movimento. Il suo respiro, il suo\nalito, era tutto parte di lei. Era dentro di lei: era lei. Niente usciva da\nlei. E tutto era silenzio. Era un silenzio assoluto. Di rumori che si\ncompenetravano, si sommavano, si elidevano, come parti della sua essenza pi\u00f9\ninterna e profonda. E oscura.<\/p>\n\n\n\n<p>Che erano il\nTempo. Ma non il tempo che scorre, come sembra a noi. Che percepiamo come\nmisura ineluttabile della nostra distruzione, del nostro trasformarsi in nulla.\nNo: era l\u2019espansione che si contrae nelle intime fibre della sua natura; che\nmuove il suo essere. Il suo perpetuo, indivisibile, infinitamente possente\n\u201cqui\u201d, all\u2019interno dei suoi spazi, che erano senza fine, di quei limiti che\navvertiva incombenti. Ma che entravano dentro di s\u00e9. Limiti illimitati senza\nlimiti. Era la pura potenza di ci\u00f2 che era. E basta.<\/p>\n\n\n\n<p>&nbsp;Cos\u00ec era.<\/p>\n\n\n\n<p>Eppure\u2026 Eppure,\nin quello che era il cuore pensante e pulsante della sua essenza senza tempo,\nla pi\u00f9 profonda e \u201csua\u201d, avvertiva qualcosa che non le apparteneva: se c\u2019era un\n\u201cdapprima\u201d, cosa che non era, come un debole ronzio. Pungente che diventava sempre\npi\u00f9 fastidioso: e questo era il \u201cdopo\u201d, se lei avesse potuto scandire i tempi delle\nsensazioni come noi. Ma era tutto un ininterrotto presente.<\/p>\n\n\n\n<p>Erano gli\numani.<\/p>\n\n\n\n<p>Se ne rese\nconto all\u2019improvviso. In un imprecisato momento del suo stare. Che colse\ntutt\u2019insieme quello che noi esseri viventi, configuriamo come il presente che a\nfatica e misteriosamente viviamo; il passato che si confonde nelle volute\nsalvifiche dell\u2019oblio e della incerta coscienza del nostro esistere; e il\nfuturo a noi beneficamente ignoto. Noi esseri viventi, noi umani destinati a\ndissoluzione all\u2019interno di lei: quella che come bambini sempre spauriti,\nappelliamo natura. Noi che sentiamo il vivere come una forza in cui siamo\nimmersi e che sembra radicata con violenza inestirpabile entro il nostro\nessere. Contro cui nulla pu\u00f2 impedire nulla, e non \u00e8 di ostacolo a quella che\nci illudiamo possa essere la nostra eternit\u00e0 collettiva.<\/p>\n\n\n\n<p>E lei sent\u00ec come\nun oltraggio sanguinoso l\u2019abominevole presunzione di quella specie. La distinse\nda tutte le altre che pure si erano succedute su di lei, sulla sua superfice,\ncome anche sotto di essa e sopra. Specie aveva lasciato che si creassero nella\nnoncurante casualit\u00e0 pi\u00f9 totale, pur distinguendole una ad una. E che si\nsusseguivano negli spazi abitati dal suo alito caldo e possente, che tratteneva\nquella che quegli esseri sentivano come vita ed esistenza; e che quando non\nspirava produceva freddo tagliente e ghiaccio spaventoso senza fine; e\ndistruzione. Ma che erano forme di lei: modi del suo proprio esserci. <\/p>\n\n\n\n<p>Ma quella\nspecie\u2026.quella specie aveva distrutto tutte le altre: nessun\u2019altra viveva al\nsuo cospetto se non a lei schiava. Come per l\u2019umanit\u00e0 cos\u00ec anche per lei non c\u2019era\npiet\u00e0 o commiserazione per questa distruzione: no; per tutte e due erano nulla.\nSono tutte e tutte insieme parte di lei, perch\u00e9 niente esiste se non lei: lei \u00e8\ntutto ci\u00f2 e tutte quelle creature. <\/p>\n\n\n\n<p>Ed ecco che\nl\u2019ira pi\u00f9 violenta e gorgogliante si accese in lei: questi umani volevano\nessere pari a lei! <\/p>\n\n\n\n<p>Volevano\nsottomettere l\u2019intera terra, suo dominio e anche lo spazio circostante, come\nvide che stavano imparando a volare e uscire fuori dal suo alito di vita. Ma\nci\u00f2 che era intollerabile per lei, vedeva che trafiggevano, perforavano\ndovunque &nbsp;la superfice del suo essere: mutavano\nterre e abbattevano monti; quelle che erano superfici liquide di fluidi ricchi\ndel suo alito, li stavano trasformando in modi irreversibili, in pozze morte. E\nlo facevano senza avere chiesto a lei. Senza trattenersi da nulla: come gli\numani non si trattenevano dal distruggere altri umani della stessa specie. <\/p>\n\n\n\n<p>E in quello\nche per lei \u00e8 un battito di cuore, e per noi un tempo sciagurato di distruzione\ne di tenebre che si abbatterono su tutto e tutti, le fiamme e il ferro da lei\nlasciate risalire del fondo degli abissi avvolsero e coprirono la terra. E\nniente pi\u00f9 rimase degli stolti umani.<\/p>\n\n\n\n<p>E Gaia, la Terra, si compiacque e gio\u00ec in un istante infinito, di far di nuovo che tutto ritornasse come lei desiderava che fosse.<\/p>\n\n\n\n<p style=\"text-align:right\"><em>Francesco Capozzi<\/em><\/p>\n<div class=\"pdfprnt-buttons pdfprnt-buttons-post pdfprnt-bottom-left\"><a href=\"https:\/\/www.istitutogalanteoliva.it\/magazine\/wp-json\/wp\/v2\/posts\/554?print=print\" class=\"pdfprnt-button pdfprnt-button-print\" target=\"_blank\"><img decoding=\"async\" src=\"https:\/\/www.istitutogalanteoliva.it\/magazine\/wp-content\/plugins\/pdf-print\/images\/print.png\" alt=\"image_print\" title=\"Stampa contenuto\" \/><span class=\"pdfprnt-button-title pdfprnt-button-print-title\">Download in PDF<\/span><\/a><\/div>","protected":false},"excerpt":{"rendered":"<p>Si risvegli\u00f2. Cos\u00ec, semplicemente; non sapeva come n\u00e9 perch\u00e9. N\u00e9 cosa facesse prima\u2026In lei non<\/p>\n","protected":false},"author":1,"featured_media":555,"comment_status":"open","ping_status":"open","sticky":false,"template":"","format":"standard","meta":{"footnotes":""},"categories":[12,8],"tags":[],"class_list":["post-554","post","type-post","status-publish","format-standard","has-post-thumbnail","hentry","category-12","category-cultura_e_societa"],"yoast_head":"<!-- This site is optimized with the Yoast SEO plugin v24.2 - https:\/\/yoast.com\/wordpress\/plugins\/seo\/ -->\n<title>GAIA. UNA CRONACA. Al mio amico filosofo e scienziato Giuva\u2019 O\u2019 Prevt\u2019. - Polis SA Magazine<\/title>\n<meta name=\"robots\" content=\"index, follow, max-snippet:-1, max-image-preview:large, max-video-preview:-1\" \/>\n<link rel=\"canonical\" href=\"https:\/\/www.istitutogalanteoliva.it\/magazine\/2019\/06\/17\/gaia-una-cronaca-al-mio-amico-filosofo-e-scienziato-giuva-o-prevt\/\" \/>\n<meta property=\"og:locale\" content=\"it_IT\" \/>\n<meta property=\"og:type\" content=\"article\" \/>\n<meta property=\"og:title\" content=\"GAIA. UNA CRONACA. Al mio amico filosofo e scienziato Giuva\u2019 O\u2019 Prevt\u2019. - Polis SA Magazine\" \/>\n<meta property=\"og:description\" content=\"Si risvegli\u00f2. Cos\u00ec, semplicemente; non sapeva come n\u00e9 perch\u00e9. N\u00e9 cosa facesse prima\u2026In lei non\" \/>\n<meta property=\"og:url\" content=\"https:\/\/www.istitutogalanteoliva.it\/magazine\/2019\/06\/17\/gaia-una-cronaca-al-mio-amico-filosofo-e-scienziato-giuva-o-prevt\/\" \/>\n<meta property=\"og:site_name\" content=\"Polis SA Magazine\" \/>\n<meta property=\"article:publisher\" content=\"https:\/\/www.facebook.com\/PolisSAMagazine\/\" \/>\n<meta property=\"article:published_time\" content=\"2019-06-17T11:58:01+00:00\" \/>\n<meta property=\"article:modified_time\" content=\"2019-06-17T12:00:00+00:00\" \/>\n<meta property=\"og:image\" content=\"https:\/\/www.istitutogalanteoliva.it\/magazine\/wp-content\/uploads\/2019\/06\/GAIA.jpg\" \/>\n\t<meta property=\"og:image:width\" content=\"640\" \/>\n\t<meta property=\"og:image:height\" content=\"512\" \/>\n\t<meta property=\"og:image:type\" content=\"image\/jpeg\" \/>\n<meta name=\"author\" content=\"admin\" \/>\n<meta name=\"twitter:card\" content=\"summary_large_image\" \/>\n<meta name=\"twitter:creator\" content=\"@MagazinePolis\" \/>\n<meta name=\"twitter:site\" content=\"@MagazinePolis\" \/>\n<meta name=\"twitter:label1\" content=\"Scritto da\" \/>\n\t<meta name=\"twitter:data1\" content=\"admin\" \/>\n\t<meta name=\"twitter:label2\" content=\"Tempo di lettura stimato\" \/>\n\t<meta name=\"twitter:data2\" content=\"4 minuti\" \/>\n<script type=\"application\/ld+json\" class=\"yoast-schema-graph\">{\"@context\":\"https:\/\/schema.org\",\"@graph\":[{\"@type\":\"Article\",\"@id\":\"https:\/\/www.istitutogalanteoliva.it\/magazine\/2019\/06\/17\/gaia-una-cronaca-al-mio-amico-filosofo-e-scienziato-giuva-o-prevt\/#article\",\"isPartOf\":{\"@id\":\"https:\/\/www.istitutogalanteoliva.it\/magazine\/2019\/06\/17\/gaia-una-cronaca-al-mio-amico-filosofo-e-scienziato-giuva-o-prevt\/\"},\"author\":{\"name\":\"admin\",\"@id\":\"https:\/\/www.istitutogalanteoliva.it\/magazine\/#\/schema\/person\/72e8141246542ebcf905456f5dbd4c49\"},\"headline\":\"GAIA. UNA CRONACA. Al mio amico filosofo e scienziato Giuva\u2019 O\u2019 Prevt\u2019.\",\"datePublished\":\"2019-06-17T11:58:01+00:00\",\"dateModified\":\"2019-06-17T12:00:00+00:00\",\"mainEntityOfPage\":{\"@id\":\"https:\/\/www.istitutogalanteoliva.it\/magazine\/2019\/06\/17\/gaia-una-cronaca-al-mio-amico-filosofo-e-scienziato-giuva-o-prevt\/\"},\"wordCount\":755,\"commentCount\":0,\"publisher\":{\"@id\":\"https:\/\/www.istitutogalanteoliva.it\/magazine\/#organization\"},\"image\":{\"@id\":\"https:\/\/www.istitutogalanteoliva.it\/magazine\/2019\/06\/17\/gaia-una-cronaca-al-mio-amico-filosofo-e-scienziato-giuva-o-prevt\/#primaryimage\"},\"thumbnailUrl\":\"https:\/\/www.istitutogalanteoliva.it\/magazine\/wp-content\/uploads\/2019\/06\/GAIA.jpg\",\"articleSection\":[\"2019\",\"Cultura e Societ\u00e0\"],\"inLanguage\":\"it-IT\",\"potentialAction\":[{\"@type\":\"CommentAction\",\"name\":\"Comment\",\"target\":[\"https:\/\/www.istitutogalanteoliva.it\/magazine\/2019\/06\/17\/gaia-una-cronaca-al-mio-amico-filosofo-e-scienziato-giuva-o-prevt\/#respond\"]}]},{\"@type\":\"WebPage\",\"@id\":\"https:\/\/www.istitutogalanteoliva.it\/magazine\/2019\/06\/17\/gaia-una-cronaca-al-mio-amico-filosofo-e-scienziato-giuva-o-prevt\/\",\"url\":\"https:\/\/www.istitutogalanteoliva.it\/magazine\/2019\/06\/17\/gaia-una-cronaca-al-mio-amico-filosofo-e-scienziato-giuva-o-prevt\/\",\"name\":\"GAIA. UNA CRONACA. Al mio amico filosofo e scienziato Giuva\u2019 O\u2019 Prevt\u2019. - Polis SA Magazine\",\"isPartOf\":{\"@id\":\"https:\/\/www.istitutogalanteoliva.it\/magazine\/#website\"},\"primaryImageOfPage\":{\"@id\":\"https:\/\/www.istitutogalanteoliva.it\/magazine\/2019\/06\/17\/gaia-una-cronaca-al-mio-amico-filosofo-e-scienziato-giuva-o-prevt\/#primaryimage\"},\"image\":{\"@id\":\"https:\/\/www.istitutogalanteoliva.it\/magazine\/2019\/06\/17\/gaia-una-cronaca-al-mio-amico-filosofo-e-scienziato-giuva-o-prevt\/#primaryimage\"},\"thumbnailUrl\":\"https:\/\/www.istitutogalanteoliva.it\/magazine\/wp-content\/uploads\/2019\/06\/GAIA.jpg\",\"datePublished\":\"2019-06-17T11:58:01+00:00\",\"dateModified\":\"2019-06-17T12:00:00+00:00\",\"breadcrumb\":{\"@id\":\"https:\/\/www.istitutogalanteoliva.it\/magazine\/2019\/06\/17\/gaia-una-cronaca-al-mio-amico-filosofo-e-scienziato-giuva-o-prevt\/#breadcrumb\"},\"inLanguage\":\"it-IT\",\"potentialAction\":[{\"@type\":\"ReadAction\",\"target\":[\"https:\/\/www.istitutogalanteoliva.it\/magazine\/2019\/06\/17\/gaia-una-cronaca-al-mio-amico-filosofo-e-scienziato-giuva-o-prevt\/\"]}]},{\"@type\":\"ImageObject\",\"inLanguage\":\"it-IT\",\"@id\":\"https:\/\/www.istitutogalanteoliva.it\/magazine\/2019\/06\/17\/gaia-una-cronaca-al-mio-amico-filosofo-e-scienziato-giuva-o-prevt\/#primaryimage\",\"url\":\"https:\/\/www.istitutogalanteoliva.it\/magazine\/wp-content\/uploads\/2019\/06\/GAIA.jpg\",\"contentUrl\":\"https:\/\/www.istitutogalanteoliva.it\/magazine\/wp-content\/uploads\/2019\/06\/GAIA.jpg\",\"width\":640,\"height\":512},{\"@type\":\"BreadcrumbList\",\"@id\":\"https:\/\/www.istitutogalanteoliva.it\/magazine\/2019\/06\/17\/gaia-una-cronaca-al-mio-amico-filosofo-e-scienziato-giuva-o-prevt\/#breadcrumb\",\"itemListElement\":[{\"@type\":\"ListItem\",\"position\":1,\"name\":\"Home\",\"item\":\"https:\/\/www.istitutogalanteoliva.it\/magazine\/\"},{\"@type\":\"ListItem\",\"position\":2,\"name\":\"GAIA. UNA CRONACA. Al mio amico filosofo e scienziato Giuva\u2019 O\u2019 Prevt\u2019.\"}]},{\"@type\":\"WebSite\",\"@id\":\"https:\/\/www.istitutogalanteoliva.it\/magazine\/#website\",\"url\":\"https:\/\/www.istitutogalanteoliva.it\/magazine\/\",\"name\":\"POLIS SA MAGAZINE\",\"description\":\"Informazione e approfondimenti\",\"publisher\":{\"@id\":\"https:\/\/www.istitutogalanteoliva.it\/magazine\/#organization\"},\"potentialAction\":[{\"@type\":\"SearchAction\",\"target\":{\"@type\":\"EntryPoint\",\"urlTemplate\":\"https:\/\/www.istitutogalanteoliva.it\/magazine\/?s={search_term_string}\"},\"query-input\":{\"@type\":\"PropertyValueSpecification\",\"valueRequired\":true,\"valueName\":\"search_term_string\"}}],\"inLanguage\":\"it-IT\"},{\"@type\":\"Organization\",\"@id\":\"https:\/\/www.istitutogalanteoliva.it\/magazine\/#organization\",\"name\":\"Polis SA Magazine\",\"url\":\"https:\/\/www.istitutogalanteoliva.it\/magazine\/\",\"logo\":{\"@type\":\"ImageObject\",\"inLanguage\":\"it-IT\",\"@id\":\"https:\/\/www.istitutogalanteoliva.it\/magazine\/#\/schema\/logo\/image\/\",\"url\":\"\",\"contentUrl\":\"\",\"caption\":\"Polis SA Magazine\"},\"image\":{\"@id\":\"https:\/\/www.istitutogalanteoliva.it\/magazine\/#\/schema\/logo\/image\/\"},\"sameAs\":[\"https:\/\/www.facebook.com\/PolisSAMagazine\/\",\"https:\/\/x.com\/MagazinePolis\",\"https:\/\/www.youtube.com\/channel\/UCv0Mr5AHKUmsc0sEEXkJrgw\"]},{\"@type\":\"Person\",\"@id\":\"https:\/\/www.istitutogalanteoliva.it\/magazine\/#\/schema\/person\/72e8141246542ebcf905456f5dbd4c49\",\"name\":\"admin\",\"image\":{\"@type\":\"ImageObject\",\"inLanguage\":\"it-IT\",\"@id\":\"https:\/\/www.istitutogalanteoliva.it\/magazine\/#\/schema\/person\/image\/\",\"url\":\"https:\/\/secure.gravatar.com\/avatar\/07059cc99eeb1edd29e138d1812e69ec?s=96&d=mm&r=g\",\"contentUrl\":\"https:\/\/secure.gravatar.com\/avatar\/07059cc99eeb1edd29e138d1812e69ec?s=96&d=mm&r=g\",\"caption\":\"admin\"},\"url\":\"https:\/\/www.istitutogalanteoliva.it\/magazine\/author\/admin\/\"}]}<\/script>\n<!-- \/ Yoast SEO plugin. -->","yoast_head_json":{"title":"GAIA. UNA CRONACA. Al mio amico filosofo e scienziato Giuva\u2019 O\u2019 Prevt\u2019. - Polis SA Magazine","robots":{"index":"index","follow":"follow","max-snippet":"max-snippet:-1","max-image-preview":"max-image-preview:large","max-video-preview":"max-video-preview:-1"},"canonical":"https:\/\/www.istitutogalanteoliva.it\/magazine\/2019\/06\/17\/gaia-una-cronaca-al-mio-amico-filosofo-e-scienziato-giuva-o-prevt\/","og_locale":"it_IT","og_type":"article","og_title":"GAIA. UNA CRONACA. Al mio amico filosofo e scienziato Giuva\u2019 O\u2019 Prevt\u2019. - Polis SA Magazine","og_description":"Si risvegli\u00f2. Cos\u00ec, semplicemente; non sapeva come n\u00e9 perch\u00e9. N\u00e9 cosa facesse prima\u2026In lei non","og_url":"https:\/\/www.istitutogalanteoliva.it\/magazine\/2019\/06\/17\/gaia-una-cronaca-al-mio-amico-filosofo-e-scienziato-giuva-o-prevt\/","og_site_name":"Polis SA Magazine","article_publisher":"https:\/\/www.facebook.com\/PolisSAMagazine\/","article_published_time":"2019-06-17T11:58:01+00:00","article_modified_time":"2019-06-17T12:00:00+00:00","og_image":[{"width":640,"height":512,"url":"https:\/\/www.istitutogalanteoliva.it\/magazine\/wp-content\/uploads\/2019\/06\/GAIA.jpg","type":"image\/jpeg"}],"author":"admin","twitter_card":"summary_large_image","twitter_creator":"@MagazinePolis","twitter_site":"@MagazinePolis","twitter_misc":{"Scritto da":"admin","Tempo di lettura stimato":"4 minuti"},"schema":{"@context":"https:\/\/schema.org","@graph":[{"@type":"Article","@id":"https:\/\/www.istitutogalanteoliva.it\/magazine\/2019\/06\/17\/gaia-una-cronaca-al-mio-amico-filosofo-e-scienziato-giuva-o-prevt\/#article","isPartOf":{"@id":"https:\/\/www.istitutogalanteoliva.it\/magazine\/2019\/06\/17\/gaia-una-cronaca-al-mio-amico-filosofo-e-scienziato-giuva-o-prevt\/"},"author":{"name":"admin","@id":"https:\/\/www.istitutogalanteoliva.it\/magazine\/#\/schema\/person\/72e8141246542ebcf905456f5dbd4c49"},"headline":"GAIA. UNA CRONACA. Al mio amico filosofo e scienziato Giuva\u2019 O\u2019 Prevt\u2019.","datePublished":"2019-06-17T11:58:01+00:00","dateModified":"2019-06-17T12:00:00+00:00","mainEntityOfPage":{"@id":"https:\/\/www.istitutogalanteoliva.it\/magazine\/2019\/06\/17\/gaia-una-cronaca-al-mio-amico-filosofo-e-scienziato-giuva-o-prevt\/"},"wordCount":755,"commentCount":0,"publisher":{"@id":"https:\/\/www.istitutogalanteoliva.it\/magazine\/#organization"},"image":{"@id":"https:\/\/www.istitutogalanteoliva.it\/magazine\/2019\/06\/17\/gaia-una-cronaca-al-mio-amico-filosofo-e-scienziato-giuva-o-prevt\/#primaryimage"},"thumbnailUrl":"https:\/\/www.istitutogalanteoliva.it\/magazine\/wp-content\/uploads\/2019\/06\/GAIA.jpg","articleSection":["2019","Cultura e Societ\u00e0"],"inLanguage":"it-IT","potentialAction":[{"@type":"CommentAction","name":"Comment","target":["https:\/\/www.istitutogalanteoliva.it\/magazine\/2019\/06\/17\/gaia-una-cronaca-al-mio-amico-filosofo-e-scienziato-giuva-o-prevt\/#respond"]}]},{"@type":"WebPage","@id":"https:\/\/www.istitutogalanteoliva.it\/magazine\/2019\/06\/17\/gaia-una-cronaca-al-mio-amico-filosofo-e-scienziato-giuva-o-prevt\/","url":"https:\/\/www.istitutogalanteoliva.it\/magazine\/2019\/06\/17\/gaia-una-cronaca-al-mio-amico-filosofo-e-scienziato-giuva-o-prevt\/","name":"GAIA. UNA CRONACA. Al mio amico filosofo e scienziato Giuva\u2019 O\u2019 Prevt\u2019. - Polis SA Magazine","isPartOf":{"@id":"https:\/\/www.istitutogalanteoliva.it\/magazine\/#website"},"primaryImageOfPage":{"@id":"https:\/\/www.istitutogalanteoliva.it\/magazine\/2019\/06\/17\/gaia-una-cronaca-al-mio-amico-filosofo-e-scienziato-giuva-o-prevt\/#primaryimage"},"image":{"@id":"https:\/\/www.istitutogalanteoliva.it\/magazine\/2019\/06\/17\/gaia-una-cronaca-al-mio-amico-filosofo-e-scienziato-giuva-o-prevt\/#primaryimage"},"thumbnailUrl":"https:\/\/www.istitutogalanteoliva.it\/magazine\/wp-content\/uploads\/2019\/06\/GAIA.jpg","datePublished":"2019-06-17T11:58:01+00:00","dateModified":"2019-06-17T12:00:00+00:00","breadcrumb":{"@id":"https:\/\/www.istitutogalanteoliva.it\/magazine\/2019\/06\/17\/gaia-una-cronaca-al-mio-amico-filosofo-e-scienziato-giuva-o-prevt\/#breadcrumb"},"inLanguage":"it-IT","potentialAction":[{"@type":"ReadAction","target":["https:\/\/www.istitutogalanteoliva.it\/magazine\/2019\/06\/17\/gaia-una-cronaca-al-mio-amico-filosofo-e-scienziato-giuva-o-prevt\/"]}]},{"@type":"ImageObject","inLanguage":"it-IT","@id":"https:\/\/www.istitutogalanteoliva.it\/magazine\/2019\/06\/17\/gaia-una-cronaca-al-mio-amico-filosofo-e-scienziato-giuva-o-prevt\/#primaryimage","url":"https:\/\/www.istitutogalanteoliva.it\/magazine\/wp-content\/uploads\/2019\/06\/GAIA.jpg","contentUrl":"https:\/\/www.istitutogalanteoliva.it\/magazine\/wp-content\/uploads\/2019\/06\/GAIA.jpg","width":640,"height":512},{"@type":"BreadcrumbList","@id":"https:\/\/www.istitutogalanteoliva.it\/magazine\/2019\/06\/17\/gaia-una-cronaca-al-mio-amico-filosofo-e-scienziato-giuva-o-prevt\/#breadcrumb","itemListElement":[{"@type":"ListItem","position":1,"name":"Home","item":"https:\/\/www.istitutogalanteoliva.it\/magazine\/"},{"@type":"ListItem","position":2,"name":"GAIA. UNA CRONACA. Al mio amico filosofo e scienziato Giuva\u2019 O\u2019 Prevt\u2019."}]},{"@type":"WebSite","@id":"https:\/\/www.istitutogalanteoliva.it\/magazine\/#website","url":"https:\/\/www.istitutogalanteoliva.it\/magazine\/","name":"POLIS SA MAGAZINE","description":"Informazione e approfondimenti","publisher":{"@id":"https:\/\/www.istitutogalanteoliva.it\/magazine\/#organization"},"potentialAction":[{"@type":"SearchAction","target":{"@type":"EntryPoint","urlTemplate":"https:\/\/www.istitutogalanteoliva.it\/magazine\/?s={search_term_string}"},"query-input":{"@type":"PropertyValueSpecification","valueRequired":true,"valueName":"search_term_string"}}],"inLanguage":"it-IT"},{"@type":"Organization","@id":"https:\/\/www.istitutogalanteoliva.it\/magazine\/#organization","name":"Polis SA Magazine","url":"https:\/\/www.istitutogalanteoliva.it\/magazine\/","logo":{"@type":"ImageObject","inLanguage":"it-IT","@id":"https:\/\/www.istitutogalanteoliva.it\/magazine\/#\/schema\/logo\/image\/","url":"","contentUrl":"","caption":"Polis SA Magazine"},"image":{"@id":"https:\/\/www.istitutogalanteoliva.it\/magazine\/#\/schema\/logo\/image\/"},"sameAs":["https:\/\/www.facebook.com\/PolisSAMagazine\/","https:\/\/x.com\/MagazinePolis","https:\/\/www.youtube.com\/channel\/UCv0Mr5AHKUmsc0sEEXkJrgw"]},{"@type":"Person","@id":"https:\/\/www.istitutogalanteoliva.it\/magazine\/#\/schema\/person\/72e8141246542ebcf905456f5dbd4c49","name":"admin","image":{"@type":"ImageObject","inLanguage":"it-IT","@id":"https:\/\/www.istitutogalanteoliva.it\/magazine\/#\/schema\/person\/image\/","url":"https:\/\/secure.gravatar.com\/avatar\/07059cc99eeb1edd29e138d1812e69ec?s=96&d=mm&r=g","contentUrl":"https:\/\/secure.gravatar.com\/avatar\/07059cc99eeb1edd29e138d1812e69ec?s=96&d=mm&r=g","caption":"admin"},"url":"https:\/\/www.istitutogalanteoliva.it\/magazine\/author\/admin\/"}]}},"_links":{"self":[{"href":"https:\/\/www.istitutogalanteoliva.it\/magazine\/wp-json\/wp\/v2\/posts\/554","targetHints":{"allow":["GET"]}}],"collection":[{"href":"https:\/\/www.istitutogalanteoliva.it\/magazine\/wp-json\/wp\/v2\/posts"}],"about":[{"href":"https:\/\/www.istitutogalanteoliva.it\/magazine\/wp-json\/wp\/v2\/types\/post"}],"author":[{"embeddable":true,"href":"https:\/\/www.istitutogalanteoliva.it\/magazine\/wp-json\/wp\/v2\/users\/1"}],"replies":[{"embeddable":true,"href":"https:\/\/www.istitutogalanteoliva.it\/magazine\/wp-json\/wp\/v2\/comments?post=554"}],"version-history":[{"count":1,"href":"https:\/\/www.istitutogalanteoliva.it\/magazine\/wp-json\/wp\/v2\/posts\/554\/revisions"}],"predecessor-version":[{"id":556,"href":"https:\/\/www.istitutogalanteoliva.it\/magazine\/wp-json\/wp\/v2\/posts\/554\/revisions\/556"}],"wp:featuredmedia":[{"embeddable":true,"href":"https:\/\/www.istitutogalanteoliva.it\/magazine\/wp-json\/wp\/v2\/media\/555"}],"wp:attachment":[{"href":"https:\/\/www.istitutogalanteoliva.it\/magazine\/wp-json\/wp\/v2\/media?parent=554"}],"wp:term":[{"taxonomy":"category","embeddable":true,"href":"https:\/\/www.istitutogalanteoliva.it\/magazine\/wp-json\/wp\/v2\/categories?post=554"},{"taxonomy":"post_tag","embeddable":true,"href":"https:\/\/www.istitutogalanteoliva.it\/magazine\/wp-json\/wp\/v2\/tags?post=554"}],"curies":[{"name":"wp","href":"https:\/\/api.w.org\/{rel}","templated":true}]}}