{"id":5867,"date":"2021-03-01T15:03:06","date_gmt":"2021-03-01T14:03:06","guid":{"rendered":"https:\/\/www.istitutogalanteoliva.it\/magazine\/?p=5867"},"modified":"2021-03-01T15:03:25","modified_gmt":"2021-03-01T14:03:25","slug":"liguriauna-petizione-per-dire-no-alla-miniera-di-titanio-nel-comprensorio-del-parco-naturale-regionale-del-beigua","status":"publish","type":"post","link":"https:\/\/www.istitutogalanteoliva.it\/magazine\/2021\/03\/01\/liguriauna-petizione-per-dire-no-alla-miniera-di-titanio-nel-comprensorio-del-parco-naturale-regionale-del-beigua\/","title":{"rendered":"Liguria,una petizione per dire No alla miniera di titanio, nel comprensorio del Parco Naturale Regionale del Beigua"},"content":{"rendered":"\n<h3 class=\"wp-block-heading\">A poche ore dall&#8217;inizio della petizione online, sono gi\u00e0 6.500 le firme raccolte contro il decreto regionale, che da il via libera alla ricerca di titanio nel comprensorio del Beigua.<\/h3>\n\n\n\n<div class=\"wp-block-columns is-layout-flex wp-container-core-columns-is-layout-1 wp-block-columns-is-layout-flex\">\n<div class=\"wp-block-column is-layout-flow wp-block-column-is-layout-flow\" style=\"flex-basis:66.66%\">\n<p>Sono passate poche ore dal decreto che d\u00e0 il via libera alla ricerca di titanio nel comprensorio del Beigua. Le principali associazioni ambientaliste della Liguria insieme a Arci Liguria e Agesci Liguria hanno lanciato una petizione indirizzata al Presidente Giovanni Toti per chiedere che venga ritirato e che non si proceda con le ricerche. Intanto i sindaci della zona interessata annunciano ricorso al TAR<\/p>\n\n\n\n<p>al  momento sono gi\u00e0 pi\u00f9 di 6.500 le firme raccolte online.<\/p>\n\n\n\n<h4 class=\"wp-block-heading\">Il testo della petizone<\/h4>\n\n\n\n<p><em>Gentile Presidente<\/em>,<\/p>\n\n\n\n<p><em>con il decreto 1211-2021 la Regione Liguria ha concesso per tre anni alla compagnia mineraria CET la possibilit\u00e0 di effettuare ricerche nel comprensorio del Beigua.<br>La finalit\u00e0 evidente \u00e8 quella di aprire una miniera per estrarre il minerale di Rutilo, contenente Titanio.<br>Riteniamo questa una scelta sbagliata anche se limitata ai 229 ettari (su 458 interessati complessivamente) che si trovano ai margini del confine del Parco del Beigua, perch\u00e9 \u00e8 evidente che tutti gli impatti negativi della apertura di attivit\u00e0 minerarie ricadrebbero nell&#8217;area Parco.<\/em><br><br><em>Con questa nostra petizione chiediamo che VENGA RITIRATO il decreto in considerazione del fatto che le comunit\u00e0 locali da anni si oppongono a qualunque ipotesi di apertura di una miniera nel comprensorio del Beigua per:<\/em><br><br><em>&#8211;<strong>evidenti rischi sanitari<\/strong>: il minerale grezzo potenzialmente estraibile sarebbe solo il 6% della roccia e il rimanente 94% andrebbe in discariche molto estese da crearsi nelle vicinanze, con il rischio di andare a sollecitare la presenza di amianto, presente per il 10\/15% nelle rocce del giacimento.<\/em><br><br><em>&#8211;\u00a0<strong>evidenti rischi ambientali<\/strong>: devasterebbe un\u2019area protetta\u00a0inestimabile per biodiversit\u00e0 e valori ecologici e paesaggistici. Il Parco del Beigua \u00e8 diventato Parco nel 1995, Geoparco europeo e mondiale nel 2005 e nel 2015 \u00e8 stato riconosciuto UNESCO Global Geopark.<\/em><\/p>\n\n\n\n<p><em><strong>Primi firmatari:<\/strong><br><strong>Agesci Liguria-Arci Liguria-CAI- ENPA-Federparchi Liguria-FIE Liguria-Friday for-Future Liguria-Italia Nostra Liguria-Legambiente Liguria-LIPU-Pro Natura Genova<br>VAS-WWF Italia Delegato Liguria<\/strong><\/em><\/p>\n<\/div>\n\n\n\n<div class=\"wp-block-column is-layout-flow wp-block-column-is-layout-flow\" style=\"flex-basis:33.33%\">\n<p><strong><span class=\"has-inline-color has-vivid-cyan-blue-color\">Articoli Recenti<\/span><\/strong><\/p>\n\n\n<ul class=\"wp-block-latest-posts__list wp-block-latest-posts\"><li><a class=\"wp-block-latest-posts__post-title\" href=\"https:\/\/www.istitutogalanteoliva.it\/magazine\/2026\/08\/31\/carloforte-oru-nostru-la-sardegna-di-gianni-rizzotti-in-199-fotografie\/\">Carloforte, \u201cOru Nostru\u201d: la Sardegna di Gianni Rizzotti in 199 fotografie<\/a><\/li>\n<li><a class=\"wp-block-latest-posts__post-title\" href=\"https:\/\/www.istitutogalanteoliva.it\/magazine\/2026\/08\/30\/ol-speciale-estate-2026-7\/\">OL \u2013 Speciale Estate 2026 (7)<\/a><\/li>\n<li><a class=\"wp-block-latest-posts__post-title\" href=\"https:\/\/www.istitutogalanteoliva.it\/magazine\/2026\/08\/29\/agnone-is-al-via-casearia-2026\/\">Agnone (IS), al via &#8220;Casearia 2026&#8221;<\/a><\/li>\n<li><a class=\"wp-block-latest-posts__post-title\" href=\"https:\/\/www.istitutogalanteoliva.it\/magazine\/2026\/08\/29\/i-trilli-molto-piu-di-una-storia-musicale\/\">I Trilli, molto pi\u00f9 di una storia musicale<\/a><\/li>\n<li><a class=\"wp-block-latest-posts__post-title\" href=\"https:\/\/www.istitutogalanteoliva.it\/magazine\/2026\/08\/28\/amatrice-dieci-anni-dopo-la-ricostruzione-tra-cio-che-e-stato-fatto-e-cio-che-manca\/\">Amatrice, dieci anni dopo: la ricostruzione tra ci\u00f2 che \u00e8 stato fatto e ci\u00f2 che manca<\/a><\/li>\n<\/ul>\n\n\n<p><span class=\"has-inline-color has-vivid-cyan-blue-color\"><strong>Articoli 2021<\/strong><\/span><\/p>\n\n\n<div class=\"wp-block-calendar\"><table id=\"wp-calendar\" class=\"wp-calendar-table\">\n\t<caption>Agosto 2026<\/caption>\n\t<thead>\n\t<tr>\n\t\t<th scope=\"col\" title=\"luned\u00ec\">L<\/th>\n\t\t<th scope=\"col\" title=\"marted\u00ec\">M<\/th>\n\t\t<th scope=\"col\" title=\"mercoled\u00ec\">M<\/th>\n\t\t<th scope=\"col\" title=\"gioved\u00ec\">G<\/th>\n\t\t<th scope=\"col\" title=\"venerd\u00ec\">V<\/th>\n\t\t<th scope=\"col\" title=\"sabato\">S<\/th>\n\t\t<th scope=\"col\" title=\"domenica\">D<\/th>\n\t<\/tr>\n\t<\/thead>\n\t<tbody>\n\t<tr>\n\t\t<td colspan=\"5\" class=\"pad\">&nbsp;<\/td><td><a href=\"https:\/\/www.istitutogalanteoliva.it\/magazine\/2026\/08\/01\/\" aria-label=\"Articoli pubblicati in 1 August 2026\">1<\/a><\/td><td><a href=\"https:\/\/www.istitutogalanteoliva.it\/magazine\/2026\/08\/02\/\" aria-label=\"Articoli pubblicati in 2 August 2026\">2<\/a><\/td>\n\t<\/tr>\n\t<tr>\n\t\t<td><a href=\"https:\/\/www.istitutogalanteoliva.it\/magazine\/2026\/08\/03\/\" aria-label=\"Articoli pubblicati in 3 August 2026\">3<\/a><\/td><td><a href=\"https:\/\/www.istitutogalanteoliva.it\/magazine\/2026\/08\/04\/\" aria-label=\"Articoli pubblicati in 4 August 2026\">4<\/a><\/td><td><a href=\"https:\/\/www.istitutogalanteoliva.it\/magazine\/2026\/08\/05\/\" aria-label=\"Articoli pubblicati in 5 August 2026\">5<\/a><\/td><td><a href=\"https:\/\/www.istitutogalanteoliva.it\/magazine\/2026\/08\/06\/\" aria-label=\"Articoli pubblicati in 6 August 2026\">6<\/a><\/td><td><a href=\"https:\/\/www.istitutogalanteoliva.it\/magazine\/2026\/08\/07\/\" aria-label=\"Articoli pubblicati in 7 August 2026\">7<\/a><\/td><td><a href=\"https:\/\/www.istitutogalanteoliva.it\/magazine\/2026\/08\/08\/\" aria-label=\"Articoli pubblicati in 8 August 2026\">8<\/a><\/td><td><a href=\"https:\/\/www.istitutogalanteoliva.it\/magazine\/2026\/08\/09\/\" aria-label=\"Articoli pubblicati in 9 August 2026\">9<\/a><\/td>\n\t<\/tr>\n\t<tr>\n\t\t<td><a href=\"https:\/\/www.istitutogalanteoliva.it\/magazine\/2026\/08\/10\/\" aria-label=\"Articoli pubblicati in 10 August 2026\">10<\/a><\/td><td><a href=\"https:\/\/www.istitutogalanteoliva.it\/magazine\/2026\/08\/11\/\" aria-label=\"Articoli pubblicati in 11 August 2026\">11<\/a><\/td><td><a href=\"https:\/\/www.istitutogalanteoliva.it\/magazine\/2026\/08\/12\/\" aria-label=\"Articoli pubblicati in 12 August 2026\">12<\/a><\/td><td><a href=\"https:\/\/www.istitutogalanteoliva.it\/magazine\/2026\/08\/13\/\" aria-label=\"Articoli pubblicati in 13 August 2026\">13<\/a><\/td><td><a href=\"https:\/\/www.istitutogalanteoliva.it\/magazine\/2026\/08\/14\/\" aria-label=\"Articoli pubblicati in 14 August 2026\">14<\/a><\/td><td><a href=\"https:\/\/www.istitutogalanteoliva.it\/magazine\/2026\/08\/15\/\" aria-label=\"Articoli pubblicati in 15 August 2026\">15<\/a><\/td><td>16<\/td>\n\t<\/tr>\n\t<tr>\n\t\t<td><a href=\"https:\/\/www.istitutogalanteoliva.it\/magazine\/2026\/08\/17\/\" aria-label=\"Articoli pubblicati in 17 August 2026\">17<\/a><\/td><td><a href=\"https:\/\/www.istitutogalanteoliva.it\/magazine\/2026\/08\/18\/\" aria-label=\"Articoli pubblicati in 18 August 2026\">18<\/a><\/td><td><a href=\"https:\/\/www.istitutogalanteoliva.it\/magazine\/2026\/08\/19\/\" aria-label=\"Articoli pubblicati in 19 August 2026\">19<\/a><\/td><td><a href=\"https:\/\/www.istitutogalanteoliva.it\/magazine\/2026\/08\/20\/\" aria-label=\"Articoli pubblicati in 20 August 2026\">20<\/a><\/td><td><a href=\"https:\/\/www.istitutogalanteoliva.it\/magazine\/2026\/08\/21\/\" aria-label=\"Articoli pubblicati in 21 August 2026\">21<\/a><\/td><td><a href=\"https:\/\/www.istitutogalanteoliva.it\/magazine\/2026\/08\/22\/\" aria-label=\"Articoli pubblicati in 22 August 2026\">22<\/a><\/td><td><a href=\"https:\/\/www.istitutogalanteoliva.it\/magazine\/2026\/08\/23\/\" aria-label=\"Articoli pubblicati in 23 August 2026\">23<\/a><\/td>\n\t<\/tr>\n\t<tr>\n\t\t<td><a href=\"https:\/\/www.istitutogalanteoliva.it\/magazine\/2026\/08\/24\/\" aria-label=\"Articoli pubblicati in 24 August 2026\">24<\/a><\/td><td><a href=\"https:\/\/www.istitutogalanteoliva.it\/magazine\/2026\/08\/25\/\" aria-label=\"Articoli pubblicati in 25 August 2026\">25<\/a><\/td><td><a href=\"https:\/\/www.istitutogalanteoliva.it\/magazine\/2026\/08\/26\/\" aria-label=\"Articoli pubblicati in 26 August 2026\">26<\/a><\/td><td><a href=\"https:\/\/www.istitutogalanteoliva.it\/magazine\/2026\/08\/27\/\" aria-label=\"Articoli pubblicati in 27 August 2026\">27<\/a><\/td><td><a href=\"https:\/\/www.istitutogalanteoliva.it\/magazine\/2026\/08\/28\/\" aria-label=\"Articoli pubblicati in 28 August 2026\">28<\/a><\/td><td><a href=\"https:\/\/www.istitutogalanteoliva.it\/magazine\/2026\/08\/29\/\" aria-label=\"Articoli pubblicati in 29 August 2026\">29<\/a><\/td><td><a href=\"https:\/\/www.istitutogalanteoliva.it\/magazine\/2026\/08\/30\/\" aria-label=\"Articoli pubblicati in 30 August 2026\">30<\/a><\/td>\n\t<\/tr>\n\t<tr>\n\t\t<td id=\"today\"><a href=\"https:\/\/www.istitutogalanteoliva.it\/magazine\/2026\/08\/31\/\" aria-label=\"Articoli pubblicati in 31 August 2026\">31<\/a><\/td>\n\t\t<td class=\"pad\" colspan=\"6\">&nbsp;<\/td>\n\t<\/tr>\n\t<\/tbody>\n\t<\/table><nav aria-label=\"Mesi precedenti e successivi\" class=\"wp-calendar-nav\">\n\t\t<span class=\"wp-calendar-nav-prev\"><a href=\"https:\/\/www.istitutogalanteoliva.it\/magazine\/2026\/07\/\">&laquo; Lug<\/a><\/span>\n\t\t<span class=\"pad\">&nbsp;<\/span>\n\t\t<span class=\"wp-calendar-nav-next\">&nbsp;<\/span>\n\t<\/nav><\/div>\n\n\n<figure class=\"wp-block-image is-resized\"><a href=\"https:\/\/www.istitutogalanteoliva.it\/\"><img loading=\"lazy\" decoding=\"async\" src=\"https:\/\/www.istitutogalanteoliva.it\/magazine\/wp-content\/uploads\/2021\/02\/download-2-1.jpg\" alt=\"Questa immagine ha l'attributo alt vuoto; il nome del file \u00e8 download-2-1.jpg\" width=\"239\" height=\"84\"\/><\/a><\/figure>\n\n\n\n<figure class=\"wp-block-image is-resized\"><a href=\"https:\/\/www.edizionipolis.it\/index.php\"><img loading=\"lazy\" decoding=\"async\" src=\"https:\/\/www.istitutogalanteoliva.it\/magazine\/wp-content\/uploads\/2021\/02\/download.png\" alt=\"Questa immagine ha l'attributo alt vuoto; il nome del file \u00e8 download.png\" width=\"248\" height=\"93\"\/><\/a><\/figure>\n<\/div>\n<\/div>\n\n\n\n<p><a href=\"https:\/\/www.change.org\/p\/regione-liguria-no-alla-miniera-nel-comprensorio-del-parco-naturale-regionale-del-beigua?utm_content=cl_sharecopy_27603159_it-IT%3A0&amp;recruiter=1183296650&amp;utm_source=share_petition&amp;utm_medium=copylink&amp;utm_campaign=share_petition\">Questo il link alla petizione<\/a><\/p>\n<div class=\"pdfprnt-buttons pdfprnt-buttons-post pdfprnt-bottom-left\"><a href=\"https:\/\/www.istitutogalanteoliva.it\/magazine\/wp-json\/wp\/v2\/posts\/5867?print=print\" class=\"pdfprnt-button pdfprnt-button-print\" target=\"_blank\"><img decoding=\"async\" src=\"https:\/\/www.istitutogalanteoliva.it\/magazine\/wp-content\/plugins\/pdf-print\/images\/print.png\" alt=\"image_print\" title=\"Stampa contenuto\" \/><span class=\"pdfprnt-button-title pdfprnt-button-print-title\">Download in PDF<\/span><\/a><\/div>","protected":false},"excerpt":{"rendered":"<p>A poche ore dall&#8217;inizio della petizione online, sono gi\u00e0 6.500 le firme raccolte contro il<\/p>\n","protected":false},"author":2,"featured_media":5870,"comment_status":"open","ping_status":"open","sticky":false,"template":"","format":"standard","meta":{"footnotes":""},"categories":[148,6,207,13],"tags":[],"class_list":["post-5867","post","type-post","status-publish","format-standard","has-post-thumbnail","hentry","category-148","category-ambiente","category-liguria","category-territorio"],"yoast_head":"<!-- This site is optimized with the Yoast SEO plugin v24.2 - https:\/\/yoast.com\/wordpress\/plugins\/seo\/ -->\n<title>Liguria,una petizione per dire No alla miniera di titanio, nel comprensorio del Parco Naturale Regionale del Beigua - Polis SA Magazine<\/title>\n<meta name=\"description\" content=\"Liguria,una petizione per dire No alla miniera di titanio nel comprensorio del Parco Naturale Regionale del Beigua\" \/>\n<meta name=\"robots\" content=\"index, follow, max-snippet:-1, max-image-preview:large, max-video-preview:-1\" \/>\n<link rel=\"canonical\" href=\"https:\/\/www.istitutogalanteoliva.it\/magazine\/2021\/03\/01\/liguriauna-petizione-per-dire-no-alla-miniera-di-titanio-nel-comprensorio-del-parco-naturale-regionale-del-beigua\/\" \/>\n<meta property=\"og:locale\" content=\"it_IT\" \/>\n<meta property=\"og:type\" content=\"article\" \/>\n<meta property=\"og:title\" content=\"Liguria,una petizione per dire No alla miniera di titanio, nel comprensorio del Parco Naturale Regionale del Beigua - Polis SA Magazine\" \/>\n<meta property=\"og:description\" content=\"Liguria,una petizione per dire No alla miniera di titanio nel comprensorio del Parco Naturale Regionale del Beigua\" \/>\n<meta property=\"og:url\" content=\"https:\/\/www.istitutogalanteoliva.it\/magazine\/2021\/03\/01\/liguriauna-petizione-per-dire-no-alla-miniera-di-titanio-nel-comprensorio-del-parco-naturale-regionale-del-beigua\/\" \/>\n<meta property=\"og:site_name\" content=\"Polis SA Magazine\" \/>\n<meta property=\"article:publisher\" content=\"https:\/\/www.facebook.com\/PolisSAMagazine\/\" \/>\n<meta property=\"article:published_time\" content=\"2021-03-01T14:03:06+00:00\" \/>\n<meta property=\"article:modified_time\" content=\"2021-03-01T14:03:25+00:00\" \/>\n<meta property=\"og:image\" content=\"https:\/\/www.istitutogalanteoliva.it\/magazine\/wp-content\/uploads\/2021\/03\/copertina.jpg\" \/>\n\t<meta property=\"og:image:width\" content=\"1280\" \/>\n\t<meta property=\"og:image:height\" content=\"760\" \/>\n\t<meta property=\"og:image:type\" content=\"image\/jpeg\" \/>\n<meta name=\"author\" content=\"Antonello Rivano\" \/>\n<meta name=\"twitter:card\" content=\"summary_large_image\" \/>\n<meta name=\"twitter:creator\" content=\"@MagazinePolis\" \/>\n<meta name=\"twitter:site\" content=\"@MagazinePolis\" \/>\n<meta name=\"twitter:label1\" content=\"Scritto da\" \/>\n\t<meta name=\"twitter:data1\" content=\"Antonello Rivano\" \/>\n\t<meta name=\"twitter:label2\" content=\"Tempo di lettura stimato\" \/>\n\t<meta name=\"twitter:data2\" content=\"2 minuti\" \/>\n<script type=\"application\/ld+json\" class=\"yoast-schema-graph\">{\"@context\":\"https:\/\/schema.org\",\"@graph\":[{\"@type\":\"Article\",\"@id\":\"https:\/\/www.istitutogalanteoliva.it\/magazine\/2021\/03\/01\/liguriauna-petizione-per-dire-no-alla-miniera-di-titanio-nel-comprensorio-del-parco-naturale-regionale-del-beigua\/#article\",\"isPartOf\":{\"@id\":\"https:\/\/www.istitutogalanteoliva.it\/magazine\/2021\/03\/01\/liguriauna-petizione-per-dire-no-alla-miniera-di-titanio-nel-comprensorio-del-parco-naturale-regionale-del-beigua\/\"},\"author\":{\"name\":\"Antonello Rivano\",\"@id\":\"https:\/\/www.istitutogalanteoliva.it\/magazine\/#\/schema\/person\/d8b8aa79cfe8babc1df9da3212a7c0c4\"},\"headline\":\"Liguria,una petizione per dire No alla miniera di titanio, nel comprensorio del Parco Naturale Regionale del Beigua\",\"datePublished\":\"2021-03-01T14:03:06+00:00\",\"dateModified\":\"2021-03-01T14:03:25+00:00\",\"mainEntityOfPage\":{\"@id\":\"https:\/\/www.istitutogalanteoliva.it\/magazine\/2021\/03\/01\/liguriauna-petizione-per-dire-no-alla-miniera-di-titanio-nel-comprensorio-del-parco-naturale-regionale-del-beigua\/\"},\"wordCount\":346,\"commentCount\":2,\"publisher\":{\"@id\":\"https:\/\/www.istitutogalanteoliva.it\/magazine\/#organization\"},\"image\":{\"@id\":\"https:\/\/www.istitutogalanteoliva.it\/magazine\/2021\/03\/01\/liguriauna-petizione-per-dire-no-alla-miniera-di-titanio-nel-comprensorio-del-parco-naturale-regionale-del-beigua\/#primaryimage\"},\"thumbnailUrl\":\"https:\/\/www.istitutogalanteoliva.it\/magazine\/wp-content\/uploads\/2021\/03\/copertina.jpg\",\"articleSection\":[\"2021\",\"Ambiente\",\"Liguria\",\"Territorio\"],\"inLanguage\":\"it-IT\",\"potentialAction\":[{\"@type\":\"CommentAction\",\"name\":\"Comment\",\"target\":[\"https:\/\/www.istitutogalanteoliva.it\/magazine\/2021\/03\/01\/liguriauna-petizione-per-dire-no-alla-miniera-di-titanio-nel-comprensorio-del-parco-naturale-regionale-del-beigua\/#respond\"]}]},{\"@type\":\"WebPage\",\"@id\":\"https:\/\/www.istitutogalanteoliva.it\/magazine\/2021\/03\/01\/liguriauna-petizione-per-dire-no-alla-miniera-di-titanio-nel-comprensorio-del-parco-naturale-regionale-del-beigua\/\",\"url\":\"https:\/\/www.istitutogalanteoliva.it\/magazine\/2021\/03\/01\/liguriauna-petizione-per-dire-no-alla-miniera-di-titanio-nel-comprensorio-del-parco-naturale-regionale-del-beigua\/\",\"name\":\"Liguria,una petizione per dire No alla miniera di titanio, nel comprensorio del Parco Naturale Regionale del Beigua - Polis SA Magazine\",\"isPartOf\":{\"@id\":\"https:\/\/www.istitutogalanteoliva.it\/magazine\/#website\"},\"primaryImageOfPage\":{\"@id\":\"https:\/\/www.istitutogalanteoliva.it\/magazine\/2021\/03\/01\/liguriauna-petizione-per-dire-no-alla-miniera-di-titanio-nel-comprensorio-del-parco-naturale-regionale-del-beigua\/#primaryimage\"},\"image\":{\"@id\":\"https:\/\/www.istitutogalanteoliva.it\/magazine\/2021\/03\/01\/liguriauna-petizione-per-dire-no-alla-miniera-di-titanio-nel-comprensorio-del-parco-naturale-regionale-del-beigua\/#primaryimage\"},\"thumbnailUrl\":\"https:\/\/www.istitutogalanteoliva.it\/magazine\/wp-content\/uploads\/2021\/03\/copertina.jpg\",\"datePublished\":\"2021-03-01T14:03:06+00:00\",\"dateModified\":\"2021-03-01T14:03:25+00:00\",\"description\":\"Liguria,una petizione per dire No alla miniera di titanio nel comprensorio del Parco Naturale Regionale del Beigua\",\"breadcrumb\":{\"@id\":\"https:\/\/www.istitutogalanteoliva.it\/magazine\/2021\/03\/01\/liguriauna-petizione-per-dire-no-alla-miniera-di-titanio-nel-comprensorio-del-parco-naturale-regionale-del-beigua\/#breadcrumb\"},\"inLanguage\":\"it-IT\",\"potentialAction\":[{\"@type\":\"ReadAction\",\"target\":[\"https:\/\/www.istitutogalanteoliva.it\/magazine\/2021\/03\/01\/liguriauna-petizione-per-dire-no-alla-miniera-di-titanio-nel-comprensorio-del-parco-naturale-regionale-del-beigua\/\"]}]},{\"@type\":\"ImageObject\",\"inLanguage\":\"it-IT\",\"@id\":\"https:\/\/www.istitutogalanteoliva.it\/magazine\/2021\/03\/01\/liguriauna-petizione-per-dire-no-alla-miniera-di-titanio-nel-comprensorio-del-parco-naturale-regionale-del-beigua\/#primaryimage\",\"url\":\"https:\/\/www.istitutogalanteoliva.it\/magazine\/wp-content\/uploads\/2021\/03\/copertina.jpg\",\"contentUrl\":\"https:\/\/www.istitutogalanteoliva.it\/magazine\/wp-content\/uploads\/2021\/03\/copertina.jpg\",\"width\":1280,\"height\":760},{\"@type\":\"BreadcrumbList\",\"@id\":\"https:\/\/www.istitutogalanteoliva.it\/magazine\/2021\/03\/01\/liguriauna-petizione-per-dire-no-alla-miniera-di-titanio-nel-comprensorio-del-parco-naturale-regionale-del-beigua\/#breadcrumb\",\"itemListElement\":[{\"@type\":\"ListItem\",\"position\":1,\"name\":\"Home\",\"item\":\"https:\/\/www.istitutogalanteoliva.it\/magazine\/\"},{\"@type\":\"ListItem\",\"position\":2,\"name\":\"Liguria,una petizione per dire No alla miniera di titanio, nel comprensorio del Parco Naturale Regionale del Beigua\"}]},{\"@type\":\"WebSite\",\"@id\":\"https:\/\/www.istitutogalanteoliva.it\/magazine\/#website\",\"url\":\"https:\/\/www.istitutogalanteoliva.it\/magazine\/\",\"name\":\"POLIS SA MAGAZINE\",\"description\":\"L&#039;informazione libera \",\"publisher\":{\"@id\":\"https:\/\/www.istitutogalanteoliva.it\/magazine\/#organization\"},\"potentialAction\":[{\"@type\":\"SearchAction\",\"target\":{\"@type\":\"EntryPoint\",\"urlTemplate\":\"https:\/\/www.istitutogalanteoliva.it\/magazine\/?s={search_term_string}\"},\"query-input\":{\"@type\":\"PropertyValueSpecification\",\"valueRequired\":true,\"valueName\":\"search_term_string\"}}],\"inLanguage\":\"it-IT\"},{\"@type\":\"Organization\",\"@id\":\"https:\/\/www.istitutogalanteoliva.it\/magazine\/#organization\",\"name\":\"Polis SA Magazine\",\"url\":\"https:\/\/www.istitutogalanteoliva.it\/magazine\/\",\"logo\":{\"@type\":\"ImageObject\",\"inLanguage\":\"it-IT\",\"@id\":\"https:\/\/www.istitutogalanteoliva.it\/magazine\/#\/schema\/logo\/image\/\",\"url\":\"\",\"contentUrl\":\"\",\"caption\":\"Polis SA Magazine\"},\"image\":{\"@id\":\"https:\/\/www.istitutogalanteoliva.it\/magazine\/#\/schema\/logo\/image\/\"},\"sameAs\":[\"https:\/\/www.facebook.com\/PolisSAMagazine\/\",\"https:\/\/x.com\/MagazinePolis\",\"https:\/\/www.youtube.com\/channel\/UCv0Mr5AHKUmsc0sEEXkJrgw\"]},{\"@type\":\"Person\",\"@id\":\"https:\/\/www.istitutogalanteoliva.it\/magazine\/#\/schema\/person\/d8b8aa79cfe8babc1df9da3212a7c0c4\",\"name\":\"Antonello Rivano\",\"image\":{\"@type\":\"ImageObject\",\"inLanguage\":\"it-IT\",\"@id\":\"https:\/\/www.istitutogalanteoliva.it\/magazine\/#\/schema\/person\/image\/\",\"url\":\"https:\/\/secure.gravatar.com\/avatar\/517a9a6487a7a18ecc4ce6d2e57a8f40?s=96&d=mm&r=g\",\"contentUrl\":\"https:\/\/secure.gravatar.com\/avatar\/517a9a6487a7a18ecc4ce6d2e57a8f40?s=96&d=mm&r=g\",\"caption\":\"Antonello Rivano\"},\"url\":\"https:\/\/www.istitutogalanteoliva.it\/magazine\/author\/antonello\/\"}]}<\/script>\n<!-- \/ Yoast SEO plugin. -->","yoast_head_json":{"title":"Liguria,una petizione per dire No alla miniera di titanio, nel comprensorio del Parco Naturale Regionale del Beigua - Polis SA Magazine","description":"Liguria,una petizione per dire No alla miniera di titanio nel comprensorio del Parco Naturale Regionale del Beigua","robots":{"index":"index","follow":"follow","max-snippet":"max-snippet:-1","max-image-preview":"max-image-preview:large","max-video-preview":"max-video-preview:-1"},"canonical":"https:\/\/www.istitutogalanteoliva.it\/magazine\/2021\/03\/01\/liguriauna-petizione-per-dire-no-alla-miniera-di-titanio-nel-comprensorio-del-parco-naturale-regionale-del-beigua\/","og_locale":"it_IT","og_type":"article","og_title":"Liguria,una petizione per dire No alla miniera di titanio, nel comprensorio del Parco Naturale Regionale del Beigua - Polis SA Magazine","og_description":"Liguria,una petizione per dire No alla miniera di titanio nel comprensorio del Parco Naturale Regionale del Beigua","og_url":"https:\/\/www.istitutogalanteoliva.it\/magazine\/2021\/03\/01\/liguriauna-petizione-per-dire-no-alla-miniera-di-titanio-nel-comprensorio-del-parco-naturale-regionale-del-beigua\/","og_site_name":"Polis SA Magazine","article_publisher":"https:\/\/www.facebook.com\/PolisSAMagazine\/","article_published_time":"2021-03-01T14:03:06+00:00","article_modified_time":"2021-03-01T14:03:25+00:00","og_image":[{"width":1280,"height":760,"url":"https:\/\/www.istitutogalanteoliva.it\/magazine\/wp-content\/uploads\/2021\/03\/copertina.jpg","type":"image\/jpeg"}],"author":"Antonello Rivano","twitter_card":"summary_large_image","twitter_creator":"@MagazinePolis","twitter_site":"@MagazinePolis","twitter_misc":{"Scritto da":"Antonello Rivano","Tempo di lettura stimato":"2 minuti"},"schema":{"@context":"https:\/\/schema.org","@graph":[{"@type":"Article","@id":"https:\/\/www.istitutogalanteoliva.it\/magazine\/2021\/03\/01\/liguriauna-petizione-per-dire-no-alla-miniera-di-titanio-nel-comprensorio-del-parco-naturale-regionale-del-beigua\/#article","isPartOf":{"@id":"https:\/\/www.istitutogalanteoliva.it\/magazine\/2021\/03\/01\/liguriauna-petizione-per-dire-no-alla-miniera-di-titanio-nel-comprensorio-del-parco-naturale-regionale-del-beigua\/"},"author":{"name":"Antonello Rivano","@id":"https:\/\/www.istitutogalanteoliva.it\/magazine\/#\/schema\/person\/d8b8aa79cfe8babc1df9da3212a7c0c4"},"headline":"Liguria,una petizione per dire No alla miniera di titanio, nel comprensorio del Parco Naturale Regionale del Beigua","datePublished":"2021-03-01T14:03:06+00:00","dateModified":"2021-03-01T14:03:25+00:00","mainEntityOfPage":{"@id":"https:\/\/www.istitutogalanteoliva.it\/magazine\/2021\/03\/01\/liguriauna-petizione-per-dire-no-alla-miniera-di-titanio-nel-comprensorio-del-parco-naturale-regionale-del-beigua\/"},"wordCount":346,"commentCount":2,"publisher":{"@id":"https:\/\/www.istitutogalanteoliva.it\/magazine\/#organization"},"image":{"@id":"https:\/\/www.istitutogalanteoliva.it\/magazine\/2021\/03\/01\/liguriauna-petizione-per-dire-no-alla-miniera-di-titanio-nel-comprensorio-del-parco-naturale-regionale-del-beigua\/#primaryimage"},"thumbnailUrl":"https:\/\/www.istitutogalanteoliva.it\/magazine\/wp-content\/uploads\/2021\/03\/copertina.jpg","articleSection":["2021","Ambiente","Liguria","Territorio"],"inLanguage":"it-IT","potentialAction":[{"@type":"CommentAction","name":"Comment","target":["https:\/\/www.istitutogalanteoliva.it\/magazine\/2021\/03\/01\/liguriauna-petizione-per-dire-no-alla-miniera-di-titanio-nel-comprensorio-del-parco-naturale-regionale-del-beigua\/#respond"]}]},{"@type":"WebPage","@id":"https:\/\/www.istitutogalanteoliva.it\/magazine\/2021\/03\/01\/liguriauna-petizione-per-dire-no-alla-miniera-di-titanio-nel-comprensorio-del-parco-naturale-regionale-del-beigua\/","url":"https:\/\/www.istitutogalanteoliva.it\/magazine\/2021\/03\/01\/liguriauna-petizione-per-dire-no-alla-miniera-di-titanio-nel-comprensorio-del-parco-naturale-regionale-del-beigua\/","name":"Liguria,una petizione per dire No alla miniera di titanio, nel comprensorio del Parco Naturale Regionale del Beigua - Polis SA Magazine","isPartOf":{"@id":"https:\/\/www.istitutogalanteoliva.it\/magazine\/#website"},"primaryImageOfPage":{"@id":"https:\/\/www.istitutogalanteoliva.it\/magazine\/2021\/03\/01\/liguriauna-petizione-per-dire-no-alla-miniera-di-titanio-nel-comprensorio-del-parco-naturale-regionale-del-beigua\/#primaryimage"},"image":{"@id":"https:\/\/www.istitutogalanteoliva.it\/magazine\/2021\/03\/01\/liguriauna-petizione-per-dire-no-alla-miniera-di-titanio-nel-comprensorio-del-parco-naturale-regionale-del-beigua\/#primaryimage"},"thumbnailUrl":"https:\/\/www.istitutogalanteoliva.it\/magazine\/wp-content\/uploads\/2021\/03\/copertina.jpg","datePublished":"2021-03-01T14:03:06+00:00","dateModified":"2021-03-01T14:03:25+00:00","description":"Liguria,una petizione per dire No alla miniera di titanio nel comprensorio del Parco Naturale Regionale del Beigua","breadcrumb":{"@id":"https:\/\/www.istitutogalanteoliva.it\/magazine\/2021\/03\/01\/liguriauna-petizione-per-dire-no-alla-miniera-di-titanio-nel-comprensorio-del-parco-naturale-regionale-del-beigua\/#breadcrumb"},"inLanguage":"it-IT","potentialAction":[{"@type":"ReadAction","target":["https:\/\/www.istitutogalanteoliva.it\/magazine\/2021\/03\/01\/liguriauna-petizione-per-dire-no-alla-miniera-di-titanio-nel-comprensorio-del-parco-naturale-regionale-del-beigua\/"]}]},{"@type":"ImageObject","inLanguage":"it-IT","@id":"https:\/\/www.istitutogalanteoliva.it\/magazine\/2021\/03\/01\/liguriauna-petizione-per-dire-no-alla-miniera-di-titanio-nel-comprensorio-del-parco-naturale-regionale-del-beigua\/#primaryimage","url":"https:\/\/www.istitutogalanteoliva.it\/magazine\/wp-content\/uploads\/2021\/03\/copertina.jpg","contentUrl":"https:\/\/www.istitutogalanteoliva.it\/magazine\/wp-content\/uploads\/2021\/03\/copertina.jpg","width":1280,"height":760},{"@type":"BreadcrumbList","@id":"https:\/\/www.istitutogalanteoliva.it\/magazine\/2021\/03\/01\/liguriauna-petizione-per-dire-no-alla-miniera-di-titanio-nel-comprensorio-del-parco-naturale-regionale-del-beigua\/#breadcrumb","itemListElement":[{"@type":"ListItem","position":1,"name":"Home","item":"https:\/\/www.istitutogalanteoliva.it\/magazine\/"},{"@type":"ListItem","position":2,"name":"Liguria,una petizione per dire No alla miniera di titanio, nel comprensorio del Parco Naturale Regionale del Beigua"}]},{"@type":"WebSite","@id":"https:\/\/www.istitutogalanteoliva.it\/magazine\/#website","url":"https:\/\/www.istitutogalanteoliva.it\/magazine\/","name":"POLIS SA MAGAZINE","description":"L&#039;informazione libera ","publisher":{"@id":"https:\/\/www.istitutogalanteoliva.it\/magazine\/#organization"},"potentialAction":[{"@type":"SearchAction","target":{"@type":"EntryPoint","urlTemplate":"https:\/\/www.istitutogalanteoliva.it\/magazine\/?s={search_term_string}"},"query-input":{"@type":"PropertyValueSpecification","valueRequired":true,"valueName":"search_term_string"}}],"inLanguage":"it-IT"},{"@type":"Organization","@id":"https:\/\/www.istitutogalanteoliva.it\/magazine\/#organization","name":"Polis SA Magazine","url":"https:\/\/www.istitutogalanteoliva.it\/magazine\/","logo":{"@type":"ImageObject","inLanguage":"it-IT","@id":"https:\/\/www.istitutogalanteoliva.it\/magazine\/#\/schema\/logo\/image\/","url":"","contentUrl":"","caption":"Polis SA Magazine"},"image":{"@id":"https:\/\/www.istitutogalanteoliva.it\/magazine\/#\/schema\/logo\/image\/"},"sameAs":["https:\/\/www.facebook.com\/PolisSAMagazine\/","https:\/\/x.com\/MagazinePolis","https:\/\/www.youtube.com\/channel\/UCv0Mr5AHKUmsc0sEEXkJrgw"]},{"@type":"Person","@id":"https:\/\/www.istitutogalanteoliva.it\/magazine\/#\/schema\/person\/d8b8aa79cfe8babc1df9da3212a7c0c4","name":"Antonello Rivano","image":{"@type":"ImageObject","inLanguage":"it-IT","@id":"https:\/\/www.istitutogalanteoliva.it\/magazine\/#\/schema\/person\/image\/","url":"https:\/\/secure.gravatar.com\/avatar\/517a9a6487a7a18ecc4ce6d2e57a8f40?s=96&d=mm&r=g","contentUrl":"https:\/\/secure.gravatar.com\/avatar\/517a9a6487a7a18ecc4ce6d2e57a8f40?s=96&d=mm&r=g","caption":"Antonello Rivano"},"url":"https:\/\/www.istitutogalanteoliva.it\/magazine\/author\/antonello\/"}]}},"_links":{"self":[{"href":"https:\/\/www.istitutogalanteoliva.it\/magazine\/wp-json\/wp\/v2\/posts\/5867","targetHints":{"allow":["GET"]}}],"collection":[{"href":"https:\/\/www.istitutogalanteoliva.it\/magazine\/wp-json\/wp\/v2\/posts"}],"about":[{"href":"https:\/\/www.istitutogalanteoliva.it\/magazine\/wp-json\/wp\/v2\/types\/post"}],"author":[{"embeddable":true,"href":"https:\/\/www.istitutogalanteoliva.it\/magazine\/wp-json\/wp\/v2\/users\/2"}],"replies":[{"embeddable":true,"href":"https:\/\/www.istitutogalanteoliva.it\/magazine\/wp-json\/wp\/v2\/comments?post=5867"}],"version-history":[{"count":3,"href":"https:\/\/www.istitutogalanteoliva.it\/magazine\/wp-json\/wp\/v2\/posts\/5867\/revisions"}],"predecessor-version":[{"id":5872,"href":"https:\/\/www.istitutogalanteoliva.it\/magazine\/wp-json\/wp\/v2\/posts\/5867\/revisions\/5872"}],"wp:featuredmedia":[{"embeddable":true,"href":"https:\/\/www.istitutogalanteoliva.it\/magazine\/wp-json\/wp\/v2\/media\/5870"}],"wp:attachment":[{"href":"https:\/\/www.istitutogalanteoliva.it\/magazine\/wp-json\/wp\/v2\/media?parent=5867"}],"wp:term":[{"taxonomy":"category","embeddable":true,"href":"https:\/\/www.istitutogalanteoliva.it\/magazine\/wp-json\/wp\/v2\/categories?post=5867"},{"taxonomy":"post_tag","embeddable":true,"href":"https:\/\/www.istitutogalanteoliva.it\/magazine\/wp-json\/wp\/v2\/tags?post=5867"}],"curies":[{"name":"wp","href":"https:\/\/api.w.org\/{rel}","templated":true}]}}