{"id":6015,"date":"2021-03-04T15:04:50","date_gmt":"2021-03-04T14:04:50","guid":{"rendered":"https:\/\/www.istitutogalanteoliva.it\/magazine\/?p=6015"},"modified":"2021-03-04T16:03:26","modified_gmt":"2021-03-04T15:03:26","slug":"ragazzi-in-rete-il-lato-oscuro-del-web","status":"publish","type":"post","link":"https:\/\/www.istitutogalanteoliva.it\/magazine\/2021\/03\/04\/ragazzi-in-rete-il-lato-oscuro-del-web\/","title":{"rendered":"Ragazzi in rete, il lato oscuro del web"},"content":{"rendered":"\n<div class=\"wp-block-group\"><div class=\"wp-block-group__inner-container is-layout-flow wp-block-group-is-layout-flow\">\n<h3 class=\"wp-block-heading\">&#8220;<em>Vincere l&#8217;acquiescente inconsapevolezza che ciascuno di noi vive per la necessit\u00e0 di un &#8220;mi piace&#8221;<\/em>. L&#8217;avvocato Federico Bergaminelli, in diretta streaming ci parla del Web e delle sue insidie. <\/h3>\n<\/div><\/div>\n\n\n\n<div class=\"wp-block-columns is-layout-flex wp-container-core-columns-is-layout-1 wp-block-columns-is-layout-flex\">\n<div class=\"wp-block-column is-layout-flow wp-block-column-is-layout-flow\" style=\"flex-basis:66.66%\">\n<div class=\"wp-block-image\"><figure class=\"alignleft size-large is-resized\"><img loading=\"lazy\" decoding=\"async\" src=\"https:\/\/www.istitutogalanteoliva.it\/magazine\/wp-content\/uploads\/2021\/03\/WhatsApp-Image-2021-03-04-at-09.00.00-2-576x1024.jpeg\" alt=\"\" class=\"wp-image-6022\" width=\"323\" height=\"573\" srcset=\"https:\/\/www.istitutogalanteoliva.it\/magazine\/wp-content\/uploads\/2021\/03\/WhatsApp-Image-2021-03-04-at-09.00.00-2-576x1024.jpeg 576w, https:\/\/www.istitutogalanteoliva.it\/magazine\/wp-content\/uploads\/2021\/03\/WhatsApp-Image-2021-03-04-at-09.00.00-2-169x300.jpeg 169w, https:\/\/www.istitutogalanteoliva.it\/magazine\/wp-content\/uploads\/2021\/03\/WhatsApp-Image-2021-03-04-at-09.00.00-2-768x1365.jpeg 768w, https:\/\/www.istitutogalanteoliva.it\/magazine\/wp-content\/uploads\/2021\/03\/WhatsApp-Image-2021-03-04-at-09.00.00-2-864x1536.jpeg 864w, https:\/\/www.istitutogalanteoliva.it\/magazine\/wp-content\/uploads\/2021\/03\/WhatsApp-Image-2021-03-04-at-09.00.00-2-1024x1820.jpeg 1024w, https:\/\/www.istitutogalanteoliva.it\/magazine\/wp-content\/uploads\/2021\/03\/WhatsApp-Image-2021-03-04-at-09.00.00-2.jpeg 1080w\" sizes=\"auto, (max-width: 323px) 100vw, 323px\" \/><\/figure><\/div>\n\n\n\n<p><strong>Quali insidie cela il web? Ha senso parlare di protezione&nbsp;<\/strong>dei dati personali sui social? Quali garanzie di rispetto della privacy offrono le piattaforme pi\u00f9 usate? Come far fronte ai rischi di adescamento dei minori e di&nbsp;<strong>cyberbullismo<\/strong>? L\u2019argomento, estremamente attuale nel periodo di pandemia con i ragazzi, anche i pi\u00f9 piccoli, connessi alla rete per la didattica a distanza, verr\u00e0 affrontato oggi 4 marzo alle ore 16.30 durante un convegno in streaming organizzato dal&nbsp;<strong><a rel=\"noreferrer noopener\" href=\"https:\/\/www.comprensivo2nocera.edu.it\/\" target=\"_blank\">Secondo istituto comprensivo<\/a><\/strong>&nbsp;di&nbsp;<strong>Nocera Inferiore<\/strong>. Il relatore sar\u00e0 l\u2019avvocato&nbsp;<strong>Federico Bergaminelli<\/strong>, esperto del settore<\/p>\n\n\n\n<p><strong>\u201cI nostri ragazzi<\/strong>&nbsp;<strong>\u2013&nbsp;<\/strong>ha detto la dirigente scolastica&nbsp;<strong>Teresa Staiano<\/strong>&nbsp;\u2013 sono sempre pi\u00f9 connessi, ora anche per fare scuola ed \u00e8 giusto tutelarli anche informando i genitori\u201d. Il convegno, infatti, \u00e8 pensato in particolare per i genitori dei nostri alunni. Soprattutto di questi tempi occorre una&nbsp;<a href=\"https:\/\/www.inprimanews.it\/fatti\/dosi-inutilizzate-solidarieta-tra-le-due-nocera-17427.html\" target=\"_blank\" rel=\"noreferrer noopener\">Scuola<\/a>&nbsp;aperta, al servizio del territorio\u201d.<\/p>\n\n\n\n<div class=\"wp-block-image\"><figure class=\"alignright is-resized\"><img loading=\"lazy\" decoding=\"async\" src=\"https:\/\/www.istitutogalanteoliva.it\/magazine\/wp-content\/uploads\/2021\/03\/103581449_3102844539775943_2202614344027936305_o-1024x1024.jpg\" alt=\"Questa immagine ha l'attributo alt vuoto; il nome del file \u00e8 103581449_3102844539775943_2202614344027936305_o-1024x1024.jpg\" width=\"291\" height=\"291\"\/><figcaption><em><strong>Federico Bergaminel<\/strong><\/em>li<\/figcaption><\/figure><\/div>\n\n\n\n<p>&#8220;<em>Vincere l&#8217;acquiescente inconsapevolezza che ciascuno di noi vive per la necessit\u00e0 di un &#8220;mi piace&#8221;, quale chimera di una effimera ricompensa \u00e8 il compito pi\u00f9 difficile da imparare. Responsabili di ci\u00f2 siamo, in primis, noi genitori e scevri non solo insegnanti ed educatori. <\/em>&#8220;<br>Cosi Bergaminelli, che continua: &#8220;<em>La famosa responsabilit\u00e0 in educando ed in vigilando passa attraverso un serio e sentito percorso culturale che oggi, ancora una volta porto all&#8217;attenzione di una erudita ed attenta popolazione scolastica e genitoriale. Con l&#8217;auspicio di generare una maggiore consapevolezza dei danni da web<\/em>&#8220;<\/p>\n\n\n\n<p>L\u2019appuntamento \u00e8 sulla piattaforma&nbsp;<strong>Gotomeeting<\/strong>. Chi fosse interessato, pu\u00f2 contattare la segreteria della scuola in&nbsp;<strong>via Gramsci&nbsp;<\/strong>telefonando al numero 081 926717 al per ricevere il link. La partecipazione \u00e8 limitata a 250 persone.<\/p>\n\n\n\n<p><\/p>\n\n\n\n<h4 class=\"wp-block-heading\"><span class=\"has-inline-color has-vivid-cyan-blue-color\">Il Video della campagna di <strong>Polis SA Magazine<\/strong> per un uso pi\u00f9 consapevole dei social e del web <\/span><\/h4>\n\n\n\n<figure class=\"wp-block-embed-youtube wp-block-embed is-type-video is-provider-youtube wp-embed-aspect-16-9 wp-has-aspect-ratio\"><div class=\"wp-block-embed__wrapper\">\n<iframe loading=\"lazy\" title=\"Usa i social consapevolmente\" width=\"640\" height=\"360\" src=\"https:\/\/www.youtube.com\/embed\/Tm8x9dRZoqU?start=2&#038;feature=oembed\" frameborder=\"0\" allow=\"accelerometer; autoplay; clipboard-write; encrypted-media; gyroscope; picture-in-picture; web-share\" referrerpolicy=\"strict-origin-when-cross-origin\" allowfullscreen><\/iframe>\n<\/div><\/figure>\n\n\n\n<p><\/p>\n<\/div>\n\n\n\n<div class=\"wp-block-column is-layout-flow wp-block-column-is-layout-flow\" style=\"flex-basis:33.33%\">\n<figure class=\"wp-block-image size-large is-resized\"><a href=\"https:\/\/www.ajonoas.it\/\"><img loading=\"lazy\" decoding=\"async\" src=\"https:\/\/www.istitutogalanteoliva.it\/magazine\/wp-content\/uploads\/2021\/03\/156357873_872751210125200_1257446003297356165_n-3-1024x430.jpg\" alt=\"\" class=\"wp-image-5989\" width=\"207\" height=\"87\" srcset=\"https:\/\/www.istitutogalanteoliva.it\/magazine\/wp-content\/uploads\/2021\/03\/156357873_872751210125200_1257446003297356165_n-3-1024x430.jpg 1024w, https:\/\/www.istitutogalanteoliva.it\/magazine\/wp-content\/uploads\/2021\/03\/156357873_872751210125200_1257446003297356165_n-3-300x126.jpg 300w, https:\/\/www.istitutogalanteoliva.it\/magazine\/wp-content\/uploads\/2021\/03\/156357873_872751210125200_1257446003297356165_n-3-768x322.jpg 768w, https:\/\/www.istitutogalanteoliva.it\/magazine\/wp-content\/uploads\/2021\/03\/156357873_872751210125200_1257446003297356165_n-3-1536x644.jpg 1536w, https:\/\/www.istitutogalanteoliva.it\/magazine\/wp-content\/uploads\/2021\/03\/156357873_872751210125200_1257446003297356165_n-3.jpg 2048w\" sizes=\"auto, (max-width: 207px) 100vw, 207px\" \/><\/a><\/figure>\n\n\n\n<figure class=\"wp-block-image size-large is-resized\"><a href=\"https:\/\/www.inprimanews.it\/\"><img loading=\"lazy\" decoding=\"async\" src=\"https:\/\/www.istitutogalanteoliva.it\/magazine\/wp-content\/uploads\/2021\/03\/inn-prima-1-1.jpg\" alt=\"\" class=\"wp-image-5991\" width=\"198\" height=\"60\" srcset=\"https:\/\/www.istitutogalanteoliva.it\/magazine\/wp-content\/uploads\/2021\/03\/inn-prima-1-1.jpg 868w, https:\/\/www.istitutogalanteoliva.it\/magazine\/wp-content\/uploads\/2021\/03\/inn-prima-1-1-300x91.jpg 300w, https:\/\/www.istitutogalanteoliva.it\/magazine\/wp-content\/uploads\/2021\/03\/inn-prima-1-1-768x233.jpg 768w\" sizes=\"auto, (max-width: 198px) 100vw, 198px\" \/><\/a><\/figure>\n\n\n\n<div class=\"wp-block-image\"><figure class=\"aligncenter size-large is-resized\"><a href=\"https:\/\/www.istitutogalanteoliva.it\/\"><img loading=\"lazy\" decoding=\"async\" src=\"https:\/\/www.istitutogalanteoliva.it\/magazine\/wp-content\/uploads\/2021\/03\/download-2.jpg\" alt=\"\" class=\"wp-image-5995\" width=\"259\" height=\"91\" srcset=\"https:\/\/www.istitutogalanteoliva.it\/magazine\/wp-content\/uploads\/2021\/03\/download-2.jpg 379w, https:\/\/www.istitutogalanteoliva.it\/magazine\/wp-content\/uploads\/2021\/03\/download-2-300x105.jpg 300w\" sizes=\"auto, (max-width: 259px) 100vw, 259px\" \/><\/a><\/figure><\/div>\n\n\n\n<div class=\"wp-block-image\"><figure class=\"aligncenter size-large is-resized\"><a href=\"https:\/\/www.edizionipolis.it\/index.php\"><img loading=\"lazy\" decoding=\"async\" src=\"https:\/\/www.istitutogalanteoliva.it\/magazine\/wp-content\/uploads\/2021\/03\/download.png\" alt=\"\" class=\"wp-image-5996\" width=\"250\" height=\"94\" srcset=\"https:\/\/www.istitutogalanteoliva.it\/magazine\/wp-content\/uploads\/2021\/03\/download.png 364w, https:\/\/www.istitutogalanteoliva.it\/magazine\/wp-content\/uploads\/2021\/03\/download-300x114.png 300w\" sizes=\"auto, (max-width: 250px) 100vw, 250px\" \/><\/a><\/figure><\/div>\n\n\n\n<h5 class=\"has-text-align-center wp-block-heading\"><span class=\"has-inline-color has-vivid-cyan-blue-color\">ARCHIVI<\/span><\/h5>\n\n\n<ul class=\"wp-block-archives-list wp-block-archives\">\t<li><a href='https:\/\/www.istitutogalanteoliva.it\/magazine\/2026\/05\/'>Maggio 2026<\/a><\/li>\n\t<li><a href='https:\/\/www.istitutogalanteoliva.it\/magazine\/2026\/04\/'>Aprile 2026<\/a><\/li>\n\t<li><a href='https:\/\/www.istitutogalanteoliva.it\/magazine\/2026\/03\/'>Marzo 2026<\/a><\/li>\n\t<li><a href='https:\/\/www.istitutogalanteoliva.it\/magazine\/2026\/02\/'>Febbraio 2026<\/a><\/li>\n\t<li><a href='https:\/\/www.istitutogalanteoliva.it\/magazine\/2026\/01\/'>Gennaio 2026<\/a><\/li>\n\t<li><a href='https:\/\/www.istitutogalanteoliva.it\/magazine\/2025\/12\/'>Dicembre 2025<\/a><\/li>\n\t<li><a href='https:\/\/www.istitutogalanteoliva.it\/magazine\/2025\/11\/'>Novembre 2025<\/a><\/li>\n\t<li><a href='https:\/\/www.istitutogalanteoliva.it\/magazine\/2025\/10\/'>Ottobre 2025<\/a><\/li>\n\t<li><a href='https:\/\/www.istitutogalanteoliva.it\/magazine\/2025\/09\/'>Settembre 2025<\/a><\/li>\n\t<li><a href='https:\/\/www.istitutogalanteoliva.it\/magazine\/2025\/08\/'>Agosto 2025<\/a><\/li>\n\t<li><a href='https:\/\/www.istitutogalanteoliva.it\/magazine\/2025\/07\/'>Luglio 2025<\/a><\/li>\n\t<li><a href='https:\/\/www.istitutogalanteoliva.it\/magazine\/2025\/06\/'>Giugno 2025<\/a><\/li>\n\t<li><a href='https:\/\/www.istitutogalanteoliva.it\/magazine\/2025\/05\/'>Maggio 2025<\/a><\/li>\n\t<li><a href='https:\/\/www.istitutogalanteoliva.it\/magazine\/2025\/04\/'>Aprile 2025<\/a><\/li>\n\t<li><a href='https:\/\/www.istitutogalanteoliva.it\/magazine\/2025\/03\/'>Marzo 2025<\/a><\/li>\n\t<li><a href='https:\/\/www.istitutogalanteoliva.it\/magazine\/2025\/02\/'>Febbraio 2025<\/a><\/li>\n\t<li><a href='https:\/\/www.istitutogalanteoliva.it\/magazine\/2025\/01\/'>Gennaio 2025<\/a><\/li>\n\t<li><a href='https:\/\/www.istitutogalanteoliva.it\/magazine\/2024\/12\/'>Dicembre 2024<\/a><\/li>\n\t<li><a href='https:\/\/www.istitutogalanteoliva.it\/magazine\/2024\/11\/'>Novembre 2024<\/a><\/li>\n\t<li><a href='https:\/\/www.istitutogalanteoliva.it\/magazine\/2024\/10\/'>Ottobre 2024<\/a><\/li>\n\t<li><a href='https:\/\/www.istitutogalanteoliva.it\/magazine\/2024\/09\/'>Settembre 2024<\/a><\/li>\n\t<li><a href='https:\/\/www.istitutogalanteoliva.it\/magazine\/2024\/08\/'>Agosto 2024<\/a><\/li>\n\t<li><a href='https:\/\/www.istitutogalanteoliva.it\/magazine\/2024\/07\/'>Luglio 2024<\/a><\/li>\n\t<li><a href='https:\/\/www.istitutogalanteoliva.it\/magazine\/2024\/06\/'>Giugno 2024<\/a><\/li>\n\t<li><a href='https:\/\/www.istitutogalanteoliva.it\/magazine\/2024\/05\/'>Maggio 2024<\/a><\/li>\n\t<li><a href='https:\/\/www.istitutogalanteoliva.it\/magazine\/2024\/04\/'>Aprile 2024<\/a><\/li>\n\t<li><a href='https:\/\/www.istitutogalanteoliva.it\/magazine\/2024\/03\/'>Marzo 2024<\/a><\/li>\n\t<li><a href='https:\/\/www.istitutogalanteoliva.it\/magazine\/2024\/02\/'>Febbraio 2024<\/a><\/li>\n\t<li><a href='https:\/\/www.istitutogalanteoliva.it\/magazine\/2024\/01\/'>Gennaio 2024<\/a><\/li>\n\t<li><a href='https:\/\/www.istitutogalanteoliva.it\/magazine\/2023\/12\/'>Dicembre 2023<\/a><\/li>\n\t<li><a href='https:\/\/www.istitutogalanteoliva.it\/magazine\/2023\/11\/'>Novembre 2023<\/a><\/li>\n\t<li><a href='https:\/\/www.istitutogalanteoliva.it\/magazine\/2023\/10\/'>Ottobre 2023<\/a><\/li>\n\t<li><a href='https:\/\/www.istitutogalanteoliva.it\/magazine\/2023\/09\/'>Settembre 2023<\/a><\/li>\n\t<li><a href='https:\/\/www.istitutogalanteoliva.it\/magazine\/2023\/08\/'>Agosto 2023<\/a><\/li>\n\t<li><a href='https:\/\/www.istitutogalanteoliva.it\/magazine\/2023\/07\/'>Luglio 2023<\/a><\/li>\n\t<li><a href='https:\/\/www.istitutogalanteoliva.it\/magazine\/2023\/06\/'>Giugno 2023<\/a><\/li>\n\t<li><a href='https:\/\/www.istitutogalanteoliva.it\/magazine\/2023\/05\/'>Maggio 2023<\/a><\/li>\n\t<li><a href='https:\/\/www.istitutogalanteoliva.it\/magazine\/2023\/04\/'>Aprile 2023<\/a><\/li>\n\t<li><a href='https:\/\/www.istitutogalanteoliva.it\/magazine\/2023\/03\/'>Marzo 2023<\/a><\/li>\n\t<li><a href='https:\/\/www.istitutogalanteoliva.it\/magazine\/2023\/02\/'>Febbraio 2023<\/a><\/li>\n\t<li><a href='https:\/\/www.istitutogalanteoliva.it\/magazine\/2023\/01\/'>Gennaio 2023<\/a><\/li>\n\t<li><a href='https:\/\/www.istitutogalanteoliva.it\/magazine\/2022\/12\/'>Dicembre 2022<\/a><\/li>\n\t<li><a href='https:\/\/www.istitutogalanteoliva.it\/magazine\/2022\/11\/'>Novembre 2022<\/a><\/li>\n\t<li><a href='https:\/\/www.istitutogalanteoliva.it\/magazine\/2022\/10\/'>Ottobre 2022<\/a><\/li>\n\t<li><a href='https:\/\/www.istitutogalanteoliva.it\/magazine\/2022\/09\/'>Settembre 2022<\/a><\/li>\n\t<li><a href='https:\/\/www.istitutogalanteoliva.it\/magazine\/2022\/08\/'>Agosto 2022<\/a><\/li>\n\t<li><a href='https:\/\/www.istitutogalanteoliva.it\/magazine\/2022\/07\/'>Luglio 2022<\/a><\/li>\n\t<li><a href='https:\/\/www.istitutogalanteoliva.it\/magazine\/2022\/06\/'>Giugno 2022<\/a><\/li>\n\t<li><a href='https:\/\/www.istitutogalanteoliva.it\/magazine\/2022\/05\/'>Maggio 2022<\/a><\/li>\n\t<li><a href='https:\/\/www.istitutogalanteoliva.it\/magazine\/2022\/04\/'>Aprile 2022<\/a><\/li>\n\t<li><a href='https:\/\/www.istitutogalanteoliva.it\/magazine\/2022\/03\/'>Marzo 2022<\/a><\/li>\n\t<li><a href='https:\/\/www.istitutogalanteoliva.it\/magazine\/2022\/02\/'>Febbraio 2022<\/a><\/li>\n\t<li><a href='https:\/\/www.istitutogalanteoliva.it\/magazine\/2022\/01\/'>Gennaio 2022<\/a><\/li>\n\t<li><a href='https:\/\/www.istitutogalanteoliva.it\/magazine\/2021\/12\/'>Dicembre 2021<\/a><\/li>\n\t<li><a href='https:\/\/www.istitutogalanteoliva.it\/magazine\/2021\/11\/'>Novembre 2021<\/a><\/li>\n\t<li><a href='https:\/\/www.istitutogalanteoliva.it\/magazine\/2021\/10\/'>Ottobre 2021<\/a><\/li>\n\t<li><a href='https:\/\/www.istitutogalanteoliva.it\/magazine\/2021\/09\/'>Settembre 2021<\/a><\/li>\n\t<li><a href='https:\/\/www.istitutogalanteoliva.it\/magazine\/2021\/08\/'>Agosto 2021<\/a><\/li>\n\t<li><a href='https:\/\/www.istitutogalanteoliva.it\/magazine\/2021\/07\/'>Luglio 2021<\/a><\/li>\n\t<li><a href='https:\/\/www.istitutogalanteoliva.it\/magazine\/2021\/06\/'>Giugno 2021<\/a><\/li>\n\t<li><a href='https:\/\/www.istitutogalanteoliva.it\/magazine\/2021\/05\/'>Maggio 2021<\/a><\/li>\n\t<li><a href='https:\/\/www.istitutogalanteoliva.it\/magazine\/2021\/04\/'>Aprile 2021<\/a><\/li>\n\t<li><a href='https:\/\/www.istitutogalanteoliva.it\/magazine\/2021\/03\/'>Marzo 2021<\/a><\/li>\n\t<li><a href='https:\/\/www.istitutogalanteoliva.it\/magazine\/2021\/02\/'>Febbraio 2021<\/a><\/li>\n\t<li><a href='https:\/\/www.istitutogalanteoliva.it\/magazine\/2021\/01\/'>Gennaio 2021<\/a><\/li>\n\t<li><a href='https:\/\/www.istitutogalanteoliva.it\/magazine\/2020\/12\/'>Dicembre 2020<\/a><\/li>\n\t<li><a href='https:\/\/www.istitutogalanteoliva.it\/magazine\/2020\/11\/'>Novembre 2020<\/a><\/li>\n\t<li><a href='https:\/\/www.istitutogalanteoliva.it\/magazine\/2020\/10\/'>Ottobre 2020<\/a><\/li>\n\t<li><a href='https:\/\/www.istitutogalanteoliva.it\/magazine\/2020\/09\/'>Settembre 2020<\/a><\/li>\n\t<li><a href='https:\/\/www.istitutogalanteoliva.it\/magazine\/2020\/08\/'>Agosto 2020<\/a><\/li>\n\t<li><a href='https:\/\/www.istitutogalanteoliva.it\/magazine\/2020\/07\/'>Luglio 2020<\/a><\/li>\n\t<li><a href='https:\/\/www.istitutogalanteoliva.it\/magazine\/2020\/06\/'>Giugno 2020<\/a><\/li>\n\t<li><a href='https:\/\/www.istitutogalanteoliva.it\/magazine\/2020\/05\/'>Maggio 2020<\/a><\/li>\n\t<li><a href='https:\/\/www.istitutogalanteoliva.it\/magazine\/2020\/04\/'>Aprile 2020<\/a><\/li>\n\t<li><a href='https:\/\/www.istitutogalanteoliva.it\/magazine\/2020\/03\/'>Marzo 2020<\/a><\/li>\n\t<li><a href='https:\/\/www.istitutogalanteoliva.it\/magazine\/2020\/02\/'>Febbraio 2020<\/a><\/li>\n\t<li><a href='https:\/\/www.istitutogalanteoliva.it\/magazine\/2020\/01\/'>Gennaio 2020<\/a><\/li>\n\t<li><a href='https:\/\/www.istitutogalanteoliva.it\/magazine\/2019\/12\/'>Dicembre 2019<\/a><\/li>\n\t<li><a href='https:\/\/www.istitutogalanteoliva.it\/magazine\/2019\/11\/'>Novembre 2019<\/a><\/li>\n\t<li><a href='https:\/\/www.istitutogalanteoliva.it\/magazine\/2019\/10\/'>Ottobre 2019<\/a><\/li>\n\t<li><a href='https:\/\/www.istitutogalanteoliva.it\/magazine\/2019\/09\/'>Settembre 2019<\/a><\/li>\n\t<li><a href='https:\/\/www.istitutogalanteoliva.it\/magazine\/2019\/08\/'>Agosto 2019<\/a><\/li>\n\t<li><a href='https:\/\/www.istitutogalanteoliva.it\/magazine\/2019\/07\/'>Luglio 2019<\/a><\/li>\n\t<li><a href='https:\/\/www.istitutogalanteoliva.it\/magazine\/2019\/06\/'>Giugno 2019<\/a><\/li>\n\t<li><a href='https:\/\/www.istitutogalanteoliva.it\/magazine\/2019\/05\/'>Maggio 2019<\/a><\/li>\n\t<li><a href='https:\/\/www.istitutogalanteoliva.it\/magazine\/2019\/04\/'>Aprile 2019<\/a><\/li>\n\t<li><a href='https:\/\/www.istitutogalanteoliva.it\/magazine\/2019\/03\/'>Marzo 2019<\/a><\/li>\n\t<li><a href='https:\/\/www.istitutogalanteoliva.it\/magazine\/2019\/02\/'>Febbraio 2019<\/a><\/li>\n\t<li><a href='https:\/\/www.istitutogalanteoliva.it\/magazine\/2019\/01\/'>Gennaio 2019<\/a><\/li>\n\t<li><a href='https:\/\/www.istitutogalanteoliva.it\/magazine\/2018\/12\/'>Dicembre 2018<\/a><\/li>\n\t<li><a href='https:\/\/www.istitutogalanteoliva.it\/magazine\/2018\/11\/'>Novembre 2018<\/a><\/li>\n\t<li><a href='https:\/\/www.istitutogalanteoliva.it\/magazine\/2018\/10\/'>Ottobre 2018<\/a><\/li>\n\t<li><a href='https:\/\/www.istitutogalanteoliva.it\/magazine\/2018\/09\/'>Settembre 2018<\/a><\/li>\n\t<li><a href='https:\/\/www.istitutogalanteoliva.it\/magazine\/2018\/08\/'>Agosto 2018<\/a><\/li>\n\t<li><a href='https:\/\/www.istitutogalanteoliva.it\/magazine\/2018\/07\/'>Luglio 2018<\/a><\/li>\n\t<li><a href='https:\/\/www.istitutogalanteoliva.it\/magazine\/2018\/06\/'>Giugno 2018<\/a><\/li>\n\t<li><a href='https:\/\/www.istitutogalanteoliva.it\/magazine\/2018\/05\/'>Maggio 2018<\/a><\/li>\n\t<li><a href='https:\/\/www.istitutogalanteoliva.it\/magazine\/2018\/04\/'>Aprile 2018<\/a><\/li>\n\t<li><a href='https:\/\/www.istitutogalanteoliva.it\/magazine\/2018\/03\/'>Marzo 2018<\/a><\/li>\n\t<li><a href='https:\/\/www.istitutogalanteoliva.it\/magazine\/2018\/02\/'>Febbraio 2018<\/a><\/li>\n\t<li><a href='https:\/\/www.istitutogalanteoliva.it\/magazine\/2018\/01\/'>Gennaio 2018<\/a><\/li>\n\t<li><a href='https:\/\/www.istitutogalanteoliva.it\/magazine\/2017\/12\/'>Dicembre 2017<\/a><\/li>\n\t<li><a href='https:\/\/www.istitutogalanteoliva.it\/magazine\/2017\/11\/'>Novembre 2017<\/a><\/li>\n\t<li><a href='https:\/\/www.istitutogalanteoliva.it\/magazine\/2017\/10\/'>Ottobre 2017<\/a><\/li>\n\t<li><a href='https:\/\/www.istitutogalanteoliva.it\/magazine\/2017\/09\/'>Settembre 2017<\/a><\/li>\n\t<li><a href='https:\/\/www.istitutogalanteoliva.it\/magazine\/2017\/08\/'>Agosto 2017<\/a><\/li>\n\t<li><a href='https:\/\/www.istitutogalanteoliva.it\/magazine\/2017\/07\/'>Luglio 2017<\/a><\/li>\n\t<li><a href='https:\/\/www.istitutogalanteoliva.it\/magazine\/2017\/06\/'>Giugno 2017<\/a><\/li>\n\t<li><a href='https:\/\/www.istitutogalanteoliva.it\/magazine\/2017\/05\/'>Maggio 2017<\/a><\/li>\n\t<li><a href='https:\/\/www.istitutogalanteoliva.it\/magazine\/2017\/04\/'>Aprile 2017<\/a><\/li>\n\t<li><a href='https:\/\/www.istitutogalanteoliva.it\/magazine\/2017\/03\/'>Marzo 2017<\/a><\/li>\n\t<li><a href='https:\/\/www.istitutogalanteoliva.it\/magazine\/2017\/02\/'>Febbraio 2017<\/a><\/li>\n\t<li><a href='https:\/\/www.istitutogalanteoliva.it\/magazine\/2017\/01\/'>Gennaio 2017<\/a><\/li>\n\t<li><a href='https:\/\/www.istitutogalanteoliva.it\/magazine\/2016\/12\/'>Dicembre 2016<\/a><\/li>\n\t<li><a href='https:\/\/www.istitutogalanteoliva.it\/magazine\/2016\/11\/'>Novembre 2016<\/a><\/li>\n\t<li><a href='https:\/\/www.istitutogalanteoliva.it\/magazine\/2016\/10\/'>Ottobre 2016<\/a><\/li>\n\t<li><a href='https:\/\/www.istitutogalanteoliva.it\/magazine\/2016\/09\/'>Settembre 2016<\/a><\/li>\n\t<li><a href='https:\/\/www.istitutogalanteoliva.it\/magazine\/2016\/08\/'>Agosto 2016<\/a><\/li>\n\t<li><a href='https:\/\/www.istitutogalanteoliva.it\/magazine\/2016\/07\/'>Luglio 2016<\/a><\/li>\n\t<li><a href='https:\/\/www.istitutogalanteoliva.it\/magazine\/2016\/06\/'>Giugno 2016<\/a><\/li>\n\t<li><a href='https:\/\/www.istitutogalanteoliva.it\/magazine\/2016\/05\/'>Maggio 2016<\/a><\/li>\n\t<li><a href='https:\/\/www.istitutogalanteoliva.it\/magazine\/2016\/04\/'>Aprile 2016<\/a><\/li>\n\t<li><a href='https:\/\/www.istitutogalanteoliva.it\/magazine\/2016\/03\/'>Marzo 2016<\/a><\/li>\n\t<li><a href='https:\/\/www.istitutogalanteoliva.it\/magazine\/2016\/02\/'>Febbraio 2016<\/a><\/li>\n\t<li><a href='https:\/\/www.istitutogalanteoliva.it\/magazine\/2016\/01\/'>Gennaio 2016<\/a><\/li>\n\t<li><a href='https:\/\/www.istitutogalanteoliva.it\/magazine\/2015\/12\/'>Dicembre 2015<\/a><\/li>\n\t<li><a href='https:\/\/www.istitutogalanteoliva.it\/magazine\/2015\/11\/'>Novembre 2015<\/a><\/li>\n\t<li><a href='https:\/\/www.istitutogalanteoliva.it\/magazine\/2015\/10\/'>Ottobre 2015<\/a><\/li>\n\t<li><a href='https:\/\/www.istitutogalanteoliva.it\/magazine\/2015\/09\/'>Settembre 2015<\/a><\/li>\n\t<li><a href='https:\/\/www.istitutogalanteoliva.it\/magazine\/2015\/08\/'>Agosto 2015<\/a><\/li>\n\t<li><a href='https:\/\/www.istitutogalanteoliva.it\/magazine\/2015\/07\/'>Luglio 2015<\/a><\/li>\n\t<li><a href='https:\/\/www.istitutogalanteoliva.it\/magazine\/2015\/06\/'>Giugno 2015<\/a><\/li>\n\t<li><a href='https:\/\/www.istitutogalanteoliva.it\/magazine\/2015\/05\/'>Maggio 2015<\/a><\/li>\n\t<li><a href='https:\/\/www.istitutogalanteoliva.it\/magazine\/2015\/04\/'>Aprile 2015<\/a><\/li>\n\t<li><a href='https:\/\/www.istitutogalanteoliva.it\/magazine\/2015\/03\/'>Marzo 2015<\/a><\/li>\n\t<li><a href='https:\/\/www.istitutogalanteoliva.it\/magazine\/2015\/02\/'>Febbraio 2015<\/a><\/li>\n\t<li><a href='https:\/\/www.istitutogalanteoliva.it\/magazine\/2015\/01\/'>Gennaio 2015<\/a><\/li>\n<\/ul>\n\n\n<p><\/p>\n\n\n\n<p><\/p>\n\n\n\n<p><\/p>\n\n\n\n<p><\/p>\n\n\n\n<p>&nbsp;<\/p>\n<\/div>\n<\/div>\n<div class=\"pdfprnt-buttons pdfprnt-buttons-post pdfprnt-bottom-left\"><a href=\"https:\/\/www.istitutogalanteoliva.it\/magazine\/wp-json\/wp\/v2\/posts\/6015?print=print\" class=\"pdfprnt-button pdfprnt-button-print\" target=\"_blank\"><img decoding=\"async\" src=\"https:\/\/www.istitutogalanteoliva.it\/magazine\/wp-content\/plugins\/pdf-print\/images\/print.png\" alt=\"image_print\" title=\"Stampa contenuto\" \/><span class=\"pdfprnt-button-title pdfprnt-button-print-title\">Download in PDF<\/span><\/a><\/div>","protected":false},"excerpt":{"rendered":"<p>&#8220;Vincere l&#8217;acquiescente inconsapevolezza che ciascuno di noi vive per la necessit\u00e0 di un &#8220;mi piace&#8221;.<\/p>\n","protected":false},"author":2,"featured_media":6033,"comment_status":"open","ping_status":"open","sticky":false,"template":"","format":"standard","meta":{"footnotes":""},"categories":[148,47,80,22],"tags":[106,102,221],"class_list":["post-6015","post","type-post","status-publish","format-standard","has-post-thumbnail","hentry","category-148","category-eventi","category-social-e-nuovi-media","category-societa","tag-scuola","tag-social","tag-web"],"yoast_head":"<!-- This site is optimized with the Yoast SEO plugin v24.2 - https:\/\/yoast.com\/wordpress\/plugins\/seo\/ -->\n<title>Ragazzi in rete, il lato oscuro del web - Polis SA Magazine<\/title>\n<meta name=\"description\" content=\"L&#039;avvocato Federico Bergaminelli, in diretta streaming ci parla del Web e delle sue insidie.\" \/>\n<meta name=\"robots\" content=\"index, follow, max-snippet:-1, max-image-preview:large, max-video-preview:-1\" \/>\n<link rel=\"canonical\" href=\"https:\/\/www.istitutogalanteoliva.it\/magazine\/2021\/03\/04\/ragazzi-in-rete-il-lato-oscuro-del-web\/\" \/>\n<meta property=\"og:locale\" content=\"it_IT\" \/>\n<meta property=\"og:type\" content=\"article\" \/>\n<meta property=\"og:title\" content=\"Ragazzi in rete, il lato oscuro del web - Polis SA Magazine\" \/>\n<meta property=\"og:description\" content=\"L&#039;avvocato Federico Bergaminelli, in diretta streaming ci parla del Web e delle sue insidie.\" \/>\n<meta property=\"og:url\" content=\"https:\/\/www.istitutogalanteoliva.it\/magazine\/2021\/03\/04\/ragazzi-in-rete-il-lato-oscuro-del-web\/\" \/>\n<meta property=\"og:site_name\" content=\"Polis SA Magazine\" \/>\n<meta property=\"article:publisher\" content=\"https:\/\/www.facebook.com\/PolisSAMagazine\/\" \/>\n<meta property=\"article:published_time\" content=\"2021-03-04T14:04:50+00:00\" \/>\n<meta property=\"article:modified_time\" content=\"2021-03-04T15:03:26+00:00\" \/>\n<meta property=\"og:image\" content=\"https:\/\/www.istitutogalanteoliva.it\/magazine\/wp-content\/uploads\/2021\/03\/1.jpg\" \/>\n\t<meta property=\"og:image:width\" content=\"1280\" \/>\n\t<meta property=\"og:image:height\" content=\"380\" \/>\n\t<meta property=\"og:image:type\" content=\"image\/jpeg\" \/>\n<meta name=\"author\" content=\"Antonello Rivano\" \/>\n<meta name=\"twitter:card\" content=\"summary_large_image\" \/>\n<meta name=\"twitter:creator\" content=\"@MagazinePolis\" \/>\n<meta name=\"twitter:site\" content=\"@MagazinePolis\" \/>\n<meta name=\"twitter:label1\" content=\"Scritto da\" \/>\n\t<meta name=\"twitter:data1\" content=\"Antonello Rivano\" \/>\n\t<meta name=\"twitter:label2\" content=\"Tempo di lettura stimato\" \/>\n\t<meta name=\"twitter:data2\" content=\"2 minuti\" \/>\n<script type=\"application\/ld+json\" class=\"yoast-schema-graph\">{\"@context\":\"https:\/\/schema.org\",\"@graph\":[{\"@type\":\"Article\",\"@id\":\"https:\/\/www.istitutogalanteoliva.it\/magazine\/2021\/03\/04\/ragazzi-in-rete-il-lato-oscuro-del-web\/#article\",\"isPartOf\":{\"@id\":\"https:\/\/www.istitutogalanteoliva.it\/magazine\/2021\/03\/04\/ragazzi-in-rete-il-lato-oscuro-del-web\/\"},\"author\":{\"name\":\"Antonello Rivano\",\"@id\":\"https:\/\/www.istitutogalanteoliva.it\/magazine\/#\/schema\/person\/d8b8aa79cfe8babc1df9da3212a7c0c4\"},\"headline\":\"Ragazzi in rete, il lato oscuro del web\",\"datePublished\":\"2021-03-04T14:04:50+00:00\",\"dateModified\":\"2021-03-04T15:03:26+00:00\",\"mainEntityOfPage\":{\"@id\":\"https:\/\/www.istitutogalanteoliva.it\/magazine\/2021\/03\/04\/ragazzi-in-rete-il-lato-oscuro-del-web\/\"},\"wordCount\":345,\"commentCount\":0,\"publisher\":{\"@id\":\"https:\/\/www.istitutogalanteoliva.it\/magazine\/#organization\"},\"image\":{\"@id\":\"https:\/\/www.istitutogalanteoliva.it\/magazine\/2021\/03\/04\/ragazzi-in-rete-il-lato-oscuro-del-web\/#primaryimage\"},\"thumbnailUrl\":\"https:\/\/www.istitutogalanteoliva.it\/magazine\/wp-content\/uploads\/2021\/03\/1.jpg\",\"keywords\":[\"scuola\",\"social\",\"web\"],\"articleSection\":[\"2021\",\"Eventi\",\"Social e nuovi media\",\"Societ\u00e0\"],\"inLanguage\":\"it-IT\",\"potentialAction\":[{\"@type\":\"CommentAction\",\"name\":\"Comment\",\"target\":[\"https:\/\/www.istitutogalanteoliva.it\/magazine\/2021\/03\/04\/ragazzi-in-rete-il-lato-oscuro-del-web\/#respond\"]}]},{\"@type\":\"WebPage\",\"@id\":\"https:\/\/www.istitutogalanteoliva.it\/magazine\/2021\/03\/04\/ragazzi-in-rete-il-lato-oscuro-del-web\/\",\"url\":\"https:\/\/www.istitutogalanteoliva.it\/magazine\/2021\/03\/04\/ragazzi-in-rete-il-lato-oscuro-del-web\/\",\"name\":\"Ragazzi in rete, il lato oscuro del web - Polis SA Magazine\",\"isPartOf\":{\"@id\":\"https:\/\/www.istitutogalanteoliva.it\/magazine\/#website\"},\"primaryImageOfPage\":{\"@id\":\"https:\/\/www.istitutogalanteoliva.it\/magazine\/2021\/03\/04\/ragazzi-in-rete-il-lato-oscuro-del-web\/#primaryimage\"},\"image\":{\"@id\":\"https:\/\/www.istitutogalanteoliva.it\/magazine\/2021\/03\/04\/ragazzi-in-rete-il-lato-oscuro-del-web\/#primaryimage\"},\"thumbnailUrl\":\"https:\/\/www.istitutogalanteoliva.it\/magazine\/wp-content\/uploads\/2021\/03\/1.jpg\",\"datePublished\":\"2021-03-04T14:04:50+00:00\",\"dateModified\":\"2021-03-04T15:03:26+00:00\",\"description\":\"L'avvocato Federico Bergaminelli, in diretta streaming ci parla del Web e delle sue insidie.\",\"breadcrumb\":{\"@id\":\"https:\/\/www.istitutogalanteoliva.it\/magazine\/2021\/03\/04\/ragazzi-in-rete-il-lato-oscuro-del-web\/#breadcrumb\"},\"inLanguage\":\"it-IT\",\"potentialAction\":[{\"@type\":\"ReadAction\",\"target\":[\"https:\/\/www.istitutogalanteoliva.it\/magazine\/2021\/03\/04\/ragazzi-in-rete-il-lato-oscuro-del-web\/\"]}]},{\"@type\":\"ImageObject\",\"inLanguage\":\"it-IT\",\"@id\":\"https:\/\/www.istitutogalanteoliva.it\/magazine\/2021\/03\/04\/ragazzi-in-rete-il-lato-oscuro-del-web\/#primaryimage\",\"url\":\"https:\/\/www.istitutogalanteoliva.it\/magazine\/wp-content\/uploads\/2021\/03\/1.jpg\",\"contentUrl\":\"https:\/\/www.istitutogalanteoliva.it\/magazine\/wp-content\/uploads\/2021\/03\/1.jpg\",\"width\":1280,\"height\":380},{\"@type\":\"BreadcrumbList\",\"@id\":\"https:\/\/www.istitutogalanteoliva.it\/magazine\/2021\/03\/04\/ragazzi-in-rete-il-lato-oscuro-del-web\/#breadcrumb\",\"itemListElement\":[{\"@type\":\"ListItem\",\"position\":1,\"name\":\"Home\",\"item\":\"https:\/\/www.istitutogalanteoliva.it\/magazine\/\"},{\"@type\":\"ListItem\",\"position\":2,\"name\":\"Ragazzi in rete, il lato oscuro del web\"}]},{\"@type\":\"WebSite\",\"@id\":\"https:\/\/www.istitutogalanteoliva.it\/magazine\/#website\",\"url\":\"https:\/\/www.istitutogalanteoliva.it\/magazine\/\",\"name\":\"POLIS SA MAGAZINE\",\"description\":\"Informazione e approfondimenti\",\"publisher\":{\"@id\":\"https:\/\/www.istitutogalanteoliva.it\/magazine\/#organization\"},\"potentialAction\":[{\"@type\":\"SearchAction\",\"target\":{\"@type\":\"EntryPoint\",\"urlTemplate\":\"https:\/\/www.istitutogalanteoliva.it\/magazine\/?s={search_term_string}\"},\"query-input\":{\"@type\":\"PropertyValueSpecification\",\"valueRequired\":true,\"valueName\":\"search_term_string\"}}],\"inLanguage\":\"it-IT\"},{\"@type\":\"Organization\",\"@id\":\"https:\/\/www.istitutogalanteoliva.it\/magazine\/#organization\",\"name\":\"Polis SA Magazine\",\"url\":\"https:\/\/www.istitutogalanteoliva.it\/magazine\/\",\"logo\":{\"@type\":\"ImageObject\",\"inLanguage\":\"it-IT\",\"@id\":\"https:\/\/www.istitutogalanteoliva.it\/magazine\/#\/schema\/logo\/image\/\",\"url\":\"\",\"contentUrl\":\"\",\"caption\":\"Polis SA Magazine\"},\"image\":{\"@id\":\"https:\/\/www.istitutogalanteoliva.it\/magazine\/#\/schema\/logo\/image\/\"},\"sameAs\":[\"https:\/\/www.facebook.com\/PolisSAMagazine\/\",\"https:\/\/x.com\/MagazinePolis\",\"https:\/\/www.youtube.com\/channel\/UCv0Mr5AHKUmsc0sEEXkJrgw\"]},{\"@type\":\"Person\",\"@id\":\"https:\/\/www.istitutogalanteoliva.it\/magazine\/#\/schema\/person\/d8b8aa79cfe8babc1df9da3212a7c0c4\",\"name\":\"Antonello Rivano\",\"image\":{\"@type\":\"ImageObject\",\"inLanguage\":\"it-IT\",\"@id\":\"https:\/\/www.istitutogalanteoliva.it\/magazine\/#\/schema\/person\/image\/\",\"url\":\"https:\/\/secure.gravatar.com\/avatar\/517a9a6487a7a18ecc4ce6d2e57a8f40?s=96&d=mm&r=g\",\"contentUrl\":\"https:\/\/secure.gravatar.com\/avatar\/517a9a6487a7a18ecc4ce6d2e57a8f40?s=96&d=mm&r=g\",\"caption\":\"Antonello Rivano\"},\"url\":\"https:\/\/www.istitutogalanteoliva.it\/magazine\/author\/antonello\/\"}]}<\/script>\n<!-- \/ Yoast SEO plugin. -->","yoast_head_json":{"title":"Ragazzi in rete, il lato oscuro del web - Polis SA Magazine","description":"L'avvocato Federico Bergaminelli, in diretta streaming ci parla del Web e delle sue insidie.","robots":{"index":"index","follow":"follow","max-snippet":"max-snippet:-1","max-image-preview":"max-image-preview:large","max-video-preview":"max-video-preview:-1"},"canonical":"https:\/\/www.istitutogalanteoliva.it\/magazine\/2021\/03\/04\/ragazzi-in-rete-il-lato-oscuro-del-web\/","og_locale":"it_IT","og_type":"article","og_title":"Ragazzi in rete, il lato oscuro del web - Polis SA Magazine","og_description":"L'avvocato Federico Bergaminelli, in diretta streaming ci parla del Web e delle sue insidie.","og_url":"https:\/\/www.istitutogalanteoliva.it\/magazine\/2021\/03\/04\/ragazzi-in-rete-il-lato-oscuro-del-web\/","og_site_name":"Polis SA Magazine","article_publisher":"https:\/\/www.facebook.com\/PolisSAMagazine\/","article_published_time":"2021-03-04T14:04:50+00:00","article_modified_time":"2021-03-04T15:03:26+00:00","og_image":[{"width":1280,"height":380,"url":"https:\/\/www.istitutogalanteoliva.it\/magazine\/wp-content\/uploads\/2021\/03\/1.jpg","type":"image\/jpeg"}],"author":"Antonello Rivano","twitter_card":"summary_large_image","twitter_creator":"@MagazinePolis","twitter_site":"@MagazinePolis","twitter_misc":{"Scritto da":"Antonello Rivano","Tempo di lettura stimato":"2 minuti"},"schema":{"@context":"https:\/\/schema.org","@graph":[{"@type":"Article","@id":"https:\/\/www.istitutogalanteoliva.it\/magazine\/2021\/03\/04\/ragazzi-in-rete-il-lato-oscuro-del-web\/#article","isPartOf":{"@id":"https:\/\/www.istitutogalanteoliva.it\/magazine\/2021\/03\/04\/ragazzi-in-rete-il-lato-oscuro-del-web\/"},"author":{"name":"Antonello Rivano","@id":"https:\/\/www.istitutogalanteoliva.it\/magazine\/#\/schema\/person\/d8b8aa79cfe8babc1df9da3212a7c0c4"},"headline":"Ragazzi in rete, il lato oscuro del web","datePublished":"2021-03-04T14:04:50+00:00","dateModified":"2021-03-04T15:03:26+00:00","mainEntityOfPage":{"@id":"https:\/\/www.istitutogalanteoliva.it\/magazine\/2021\/03\/04\/ragazzi-in-rete-il-lato-oscuro-del-web\/"},"wordCount":345,"commentCount":0,"publisher":{"@id":"https:\/\/www.istitutogalanteoliva.it\/magazine\/#organization"},"image":{"@id":"https:\/\/www.istitutogalanteoliva.it\/magazine\/2021\/03\/04\/ragazzi-in-rete-il-lato-oscuro-del-web\/#primaryimage"},"thumbnailUrl":"https:\/\/www.istitutogalanteoliva.it\/magazine\/wp-content\/uploads\/2021\/03\/1.jpg","keywords":["scuola","social","web"],"articleSection":["2021","Eventi","Social e nuovi media","Societ\u00e0"],"inLanguage":"it-IT","potentialAction":[{"@type":"CommentAction","name":"Comment","target":["https:\/\/www.istitutogalanteoliva.it\/magazine\/2021\/03\/04\/ragazzi-in-rete-il-lato-oscuro-del-web\/#respond"]}]},{"@type":"WebPage","@id":"https:\/\/www.istitutogalanteoliva.it\/magazine\/2021\/03\/04\/ragazzi-in-rete-il-lato-oscuro-del-web\/","url":"https:\/\/www.istitutogalanteoliva.it\/magazine\/2021\/03\/04\/ragazzi-in-rete-il-lato-oscuro-del-web\/","name":"Ragazzi in rete, il lato oscuro del web - Polis SA Magazine","isPartOf":{"@id":"https:\/\/www.istitutogalanteoliva.it\/magazine\/#website"},"primaryImageOfPage":{"@id":"https:\/\/www.istitutogalanteoliva.it\/magazine\/2021\/03\/04\/ragazzi-in-rete-il-lato-oscuro-del-web\/#primaryimage"},"image":{"@id":"https:\/\/www.istitutogalanteoliva.it\/magazine\/2021\/03\/04\/ragazzi-in-rete-il-lato-oscuro-del-web\/#primaryimage"},"thumbnailUrl":"https:\/\/www.istitutogalanteoliva.it\/magazine\/wp-content\/uploads\/2021\/03\/1.jpg","datePublished":"2021-03-04T14:04:50+00:00","dateModified":"2021-03-04T15:03:26+00:00","description":"L'avvocato Federico Bergaminelli, in diretta streaming ci parla del Web e delle sue insidie.","breadcrumb":{"@id":"https:\/\/www.istitutogalanteoliva.it\/magazine\/2021\/03\/04\/ragazzi-in-rete-il-lato-oscuro-del-web\/#breadcrumb"},"inLanguage":"it-IT","potentialAction":[{"@type":"ReadAction","target":["https:\/\/www.istitutogalanteoliva.it\/magazine\/2021\/03\/04\/ragazzi-in-rete-il-lato-oscuro-del-web\/"]}]},{"@type":"ImageObject","inLanguage":"it-IT","@id":"https:\/\/www.istitutogalanteoliva.it\/magazine\/2021\/03\/04\/ragazzi-in-rete-il-lato-oscuro-del-web\/#primaryimage","url":"https:\/\/www.istitutogalanteoliva.it\/magazine\/wp-content\/uploads\/2021\/03\/1.jpg","contentUrl":"https:\/\/www.istitutogalanteoliva.it\/magazine\/wp-content\/uploads\/2021\/03\/1.jpg","width":1280,"height":380},{"@type":"BreadcrumbList","@id":"https:\/\/www.istitutogalanteoliva.it\/magazine\/2021\/03\/04\/ragazzi-in-rete-il-lato-oscuro-del-web\/#breadcrumb","itemListElement":[{"@type":"ListItem","position":1,"name":"Home","item":"https:\/\/www.istitutogalanteoliva.it\/magazine\/"},{"@type":"ListItem","position":2,"name":"Ragazzi in rete, il lato oscuro del web"}]},{"@type":"WebSite","@id":"https:\/\/www.istitutogalanteoliva.it\/magazine\/#website","url":"https:\/\/www.istitutogalanteoliva.it\/magazine\/","name":"POLIS SA MAGAZINE","description":"Informazione e approfondimenti","publisher":{"@id":"https:\/\/www.istitutogalanteoliva.it\/magazine\/#organization"},"potentialAction":[{"@type":"SearchAction","target":{"@type":"EntryPoint","urlTemplate":"https:\/\/www.istitutogalanteoliva.it\/magazine\/?s={search_term_string}"},"query-input":{"@type":"PropertyValueSpecification","valueRequired":true,"valueName":"search_term_string"}}],"inLanguage":"it-IT"},{"@type":"Organization","@id":"https:\/\/www.istitutogalanteoliva.it\/magazine\/#organization","name":"Polis SA Magazine","url":"https:\/\/www.istitutogalanteoliva.it\/magazine\/","logo":{"@type":"ImageObject","inLanguage":"it-IT","@id":"https:\/\/www.istitutogalanteoliva.it\/magazine\/#\/schema\/logo\/image\/","url":"","contentUrl":"","caption":"Polis SA Magazine"},"image":{"@id":"https:\/\/www.istitutogalanteoliva.it\/magazine\/#\/schema\/logo\/image\/"},"sameAs":["https:\/\/www.facebook.com\/PolisSAMagazine\/","https:\/\/x.com\/MagazinePolis","https:\/\/www.youtube.com\/channel\/UCv0Mr5AHKUmsc0sEEXkJrgw"]},{"@type":"Person","@id":"https:\/\/www.istitutogalanteoliva.it\/magazine\/#\/schema\/person\/d8b8aa79cfe8babc1df9da3212a7c0c4","name":"Antonello Rivano","image":{"@type":"ImageObject","inLanguage":"it-IT","@id":"https:\/\/www.istitutogalanteoliva.it\/magazine\/#\/schema\/person\/image\/","url":"https:\/\/secure.gravatar.com\/avatar\/517a9a6487a7a18ecc4ce6d2e57a8f40?s=96&d=mm&r=g","contentUrl":"https:\/\/secure.gravatar.com\/avatar\/517a9a6487a7a18ecc4ce6d2e57a8f40?s=96&d=mm&r=g","caption":"Antonello Rivano"},"url":"https:\/\/www.istitutogalanteoliva.it\/magazine\/author\/antonello\/"}]}},"_links":{"self":[{"href":"https:\/\/www.istitutogalanteoliva.it\/magazine\/wp-json\/wp\/v2\/posts\/6015","targetHints":{"allow":["GET"]}}],"collection":[{"href":"https:\/\/www.istitutogalanteoliva.it\/magazine\/wp-json\/wp\/v2\/posts"}],"about":[{"href":"https:\/\/www.istitutogalanteoliva.it\/magazine\/wp-json\/wp\/v2\/types\/post"}],"author":[{"embeddable":true,"href":"https:\/\/www.istitutogalanteoliva.it\/magazine\/wp-json\/wp\/v2\/users\/2"}],"replies":[{"embeddable":true,"href":"https:\/\/www.istitutogalanteoliva.it\/magazine\/wp-json\/wp\/v2\/comments?post=6015"}],"version-history":[{"count":10,"href":"https:\/\/www.istitutogalanteoliva.it\/magazine\/wp-json\/wp\/v2\/posts\/6015\/revisions"}],"predecessor-version":[{"id":6034,"href":"https:\/\/www.istitutogalanteoliva.it\/magazine\/wp-json\/wp\/v2\/posts\/6015\/revisions\/6034"}],"wp:featuredmedia":[{"embeddable":true,"href":"https:\/\/www.istitutogalanteoliva.it\/magazine\/wp-json\/wp\/v2\/media\/6033"}],"wp:attachment":[{"href":"https:\/\/www.istitutogalanteoliva.it\/magazine\/wp-json\/wp\/v2\/media?parent=6015"}],"wp:term":[{"taxonomy":"category","embeddable":true,"href":"https:\/\/www.istitutogalanteoliva.it\/magazine\/wp-json\/wp\/v2\/categories?post=6015"},{"taxonomy":"post_tag","embeddable":true,"href":"https:\/\/www.istitutogalanteoliva.it\/magazine\/wp-json\/wp\/v2\/tags?post=6015"}],"curies":[{"name":"wp","href":"https:\/\/api.w.org\/{rel}","templated":true}]}}