{"id":6568,"date":"2021-03-26T12:00:00","date_gmt":"2021-03-26T11:00:00","guid":{"rendered":"https:\/\/www.istitutogalanteoliva.it\/magazine\/?p=6568"},"modified":"2021-03-25T18:01:20","modified_gmt":"2021-03-25T17:01:20","slug":"alta-velocita-nel-cilento-comunicato-assoturismo","status":"publish","type":"post","link":"https:\/\/www.istitutogalanteoliva.it\/magazine\/2021\/03\/26\/alta-velocita-nel-cilento-comunicato-assoturismo\/","title":{"rendered":"Alta Velocit\u00e0 nel Cilento, comunicato Assoturismo"},"content":{"rendered":"\n<div class=\"wp-block-columns is-layout-flex wp-container-core-columns-is-layout-1 wp-block-columns-is-layout-flex\">\n<div class=\"wp-block-column is-layout-flow wp-block-column-is-layout-flow\" style=\"flex-basis:66.66%\">\n<p>ASSOTURISMO ITR, in rappresentanza di tutti gli associati e sicuramente anche dei tanti<br>operatori turistici operanti nel Golfo di Policastro e nel Cilento, appoggia con forza e piena condivisione l\u2019obiettivo che intende perseguire il neonato Comitato Popolare per l\u2019Alta Velocit\u00e0 nel Cilento, teso a recuperare l\u2019originale progetto di RFI che prevede la realizzazione di una variante, fra Ogliastro e Sapri, all\u2019attuale linea ferroviaria, mantenendo comunque operativa la linea costiera a servizio dei tanti centri turistici che lungo di essa insistono.<\/p>\n\n\n\n<p><br>Le motivazioni che hanno portato ASSOTURISMO ITR a schierarsi su questa linea, non sono affatto di tipo campanilistico, ma di buon senso e tecniche; in primis la suddetta variante, a differenza di quella recentemente presentata dalla Commissaria e Amministratore delegato di RFI, Vera FIORANI, ha gi\u00e0 una progettazione di massima, manca solo quella definitiva, che, come per altri progetti, affidati anche di recente da RFI in Sicilia, potrebbe essere demandata anche alla Societ\u00e0 appaltante; la suddetta variante \u00e8 gi\u00e0 inserita nelle opere \u201cstrategiche\u201d del MIT \u2013 Ministero delle Infrastrutture e Trasporti per il 2025 e gode gi\u00e0 di un piccolo finanziamento, approvato dal CIPE, per la progettazione definitiva, tesa a renderla immediatamente cantierabile.<\/p>\n\n\n\n\n\n<p><br>Altra motivazione per cui si intende appoggiare l\u2019iniziativa del suddetto Comitato \u00e8 legato<br>anche all\u2019idea, da pi\u00f9 parti palesata, del possibile deturpamento del territorio protetto del Parco; sotto questo aspetto NON si pu\u00f2 assolutamente asserire che la variante sia un\u2019opera invasiva, in quanto realizzata per oltre il 90% in galleria, quindi la motivazione non regge assolutamente, a differenza del nuovo tracciato che prevede l\u2019attraversamento, non certo agevole, della catena degli<br>Alburni, per non parlare del tratto che attraversa il Vallo di Diano e la prosecuzione nella catena del Massiccio del Sirino.<\/p>\n\n\n\n<p><br>I suddetti attraversamenti sono certamente molto, ma molto, pi\u00f9 invasivi della variante<br>Ogliastro \u2013 Sapri per i seguenti motivi; in primis la maggior parte delle opere sono in superfice in rilevato o su viadotti, quindi certamente pi\u00f9 impattanti di quanto realizzato in galleria sul versante cilentano; la nuova infrastruttura andrebbe a intaccare, con una ferita, di non poca rilevanza sotto l\u2019aspetto ambientale e paesaggistico, due e non un parco nazionale; ricordiamo che il Parco Nazionale del Cilento, si compone anche dei territori degli Alburni e del Vallo di Diano, altres\u00ec il Massiccio del Sirino, che andrebbe obbligatoriamente attraversato, per poter scendere da un\u2019altitudine di 700 metri sul livello del mare (area del Lagonegrese) a quota zero (Praia a Mare) <br>altro non \u00e8 che l&#8217;estrema propaggine meridionale del Parco nazionale dell&#8217;Appennino Lucano &#8211; Val d&#8217;Agri e Lagonegrese; quindi azzeriamo anche questa insulsa polemica perch\u00e9 non alcun fondo di<br>attendibilit\u00e0.<\/p>\n\n\n\n<p><br>Passando all\u2019aspetto meramente economico, se \u00e8 vero che i soli due macrolotti Ogliastro \u2013<br>Vallo della Lucania e Vallo della Lucania \u2013 Sapri, prevedono, a fronte di poco pi\u00f9 di 60 km, un costo di 3 miliardi e 700 milioni, date le difficolt\u00e0 orografiche, dovute all\u2019attraversamento in galleria<br>della catena appenninica cilentana, sicuramente non incontreranno particolari difficolt\u00e0 costruttive<br>grazie alle nuove tecnologie di scavo tradizionale mediante uso di esplosivi e congelamento del terreno o meccanizzato tramite le frese o TBM, vedi le recenti opere realizzate \u2013 galleria di base del Ceneri e del San Gottardo \u2013 fra Italia e Svizzera e in fase di realizzazione \u2013 galleria di base del<br>Brennero \u2013 fra Italia e Austria e \u2013 galleria di base del Moncenisio \u2013 fra Italia e Francia; \u00e8 pur vero  al contempo, che l\u2019infrastruttura Battipaglia \u2013 Vallo di Diano \u2013 Praia a Mare, da realizzarsi secondo la recente presentazione della Commissaria FIORANI, avrebbe un costo nettamente superiore; a fronte dei circa 130 km della linea, si andrebbe incontro a costi variabili ben superiori ai 5 o 6 miliardi, senza calcolare i costi per le opere compensatorie da realizzarsi nell\u2019area di attraversamento (opere stradali, di urbanizzazione pubblica, ecc\u2026) e il costo per la realizzazione di una fermata, allo stato NON PREVISTA, vista la ferma richiesta del territorio Valdianese, quest\u2019ultima unica motivazione valida per \u201caccettare\u201d questa infrastruttura sul loro territorio; a<br> tutto questo vanno aggiunti anche i costi per la riattivazione della linea Sicignano \u2013 Lagonegro che dovrebbe operare in sinergia con la nuova linea, affinch\u00e9 tutto il territorio ne possa beneficiare, creando un collegamento su ferro fra la stazione capolinea di Lagonegro e il comune ove sorger\u00e0 \u201cl\u2019ipotetica fermata\u201d AV del Vallo di Diano.<br><\/p>\n\n\n\n<p>Sotto l\u2019aspetto della tipologia della infrastruttura ferroviaria che si andr\u00e0 a realizzare, in<br>entrambi i casi, sia essa la variante Ogliastro \u2013 Sapri o la linea Battipaglia \u2013 Vallo di Diano \u2013 Praia, NON avremo una linea AV vera e propria, come la direttrice principale TORINO \u2013 MILANO \u2013FIRENZE e la ROMA \u2013 NAPOLI, ove possono viaggiare solo i convogli FRECCIA di TRENITALIA e ITALO di NTV a velocit\u00e0 di 300 km\/h e potenzialmente anche fino a 360 km\/h, in quanto linee alimentate a 25 Kv c.a., al contrario le infrastrutture in oggetto saranno inquadrate in quelle linee ferroviarie identificate come linee AVR \/ AC (Alta Velocit\u00e0 di Rete \/ Alta Capacit\u00e0), linee alimentate<br>a 3 Kv c.c., ossia un sistema fortemente integrato sia nelle tratte sia soprattutto nei nodi, al fine di poterlo utilizzare per tutte le tipologie di traffico, sia esso Alta Velocit\u00e0 con velocit\u00e0 non superiori a 250 km\/h, sia esso di tipo a lunga percorrenza Intercity, sia esso regionale, ma anche di trasporto merci.<br>Dove sono quindi le differenze fra i due tracciati \u2026???<\/p>\n\n\n\n<p><br>A nostro umile parere la sostanziale differenza risiede nel fatto che, mentre la linea<br>Battipaglia \u2013 Vallo di Diano \u2013 Praia a Mare verr\u00e0 realizzata interamente secondo questa tipologia, consentendo immediatamente (10 \/ 15 anni i tempi di realizzazione), lungo l\u2019intero percorso, velocit\u00e0 superiori ai 200 km\/h, con punte di 250 km\/h, con un tempo di percorrenza da Battipaglia a Praia, senza soste intermedie, che va dai 35\u2019 \/ 40\u2019 per un convoglio AV, ai 45\u2019 \/ 50\u2019 per un convoglio Intercity, la linea Battipaglia \u2013 Agropoli \u2013 Vallo della Lucania \u2013 Sapri, consentir\u00e0 di raggiungere velocit\u00e0 di 250 km\/h solo nel tratto in variante fra Ogliastro e Sap contestualmente nel tratto fra Battipaglia e Ogliastro si potrebbe elevare, senza grosse problematiche tecniche, la velocit\u00e0 oltre i 200 km\/h, a seguito di un adeguato upgrading, per altro di facile realizzazione in quanto linea completamente pianeggiante e rettilinea, con una<br>riduzione di 15\u2019 \/ 20\u2019 degli attuali tempi di percorrenza e cio\u00e8 35\u2019 \/ 40\u2019 per un convoglio AV e 40\u2019\/ 55\u2019 per un convoglio Intercity; ulteriore piccola riduzione dei tempi di percorrenza si potrebbe ottenere con un ulteriore upgrading del successivo tratto costiero fra Sapri e Praia a Mare, tratto che attraversa il comune di Maratea, quasi totalmente in galleria, le cui sagome e la tipologia di infrastruttura non consentono ai convogli rilevanti velocit\u00e0; quest\u2019ultimo upgrading per\u00f2 non dovrebbe essere tanto inquadrato sul recupero di qualche minuto di tempi di percorrenza,<br>quanto sull\u2019adeguamento della sagoma limite delle gallerie e della sottostante infrastruttura tale da renderlo compatibile sia a maggiori velocit\u00e0 di percorrenza ma soprattutto utilizzabile anche da tutte le tipologie di treni merci \u201cHigh Cube \/ P400\u201d che seguono l\u2019importante direttrice Nord \u2013 Sud<br>sul porto di Gioia Tauro che \u00e8 il pi\u00f9 grande terminal per il transhipment presente in Italia e uno dei pi\u00f9 importanti hub del traffico container nel bacino del Mediterraneo, che oggi loro malgrado sono costretti a fare un giro \u201cassurdo\u201d via linea jonica (Sibari \u2013 Metaponto \u2013 Taranto) per poi risalire lo stivale lungo la direttrice Adriatica (Bari \u2013 Bologna), per raggiungere gli interporti del Nord Italia nonch\u00e9 del Nord Europa.<\/p>\n\n\n\n<p><br>Tutti questi ultimi interventi, relativi alla variante Ogliastro \u2013 Sapri \u2013 Praia, essendo<br>realizzabili in macro-lotti attivabili separatamente rispetto alla loro realizzazione, consentirebbero di apportare benefici in tempi di percorrenza molto pi\u00f9 rapidamente rispetto al tracciato Battipaglia \u2013 Vallo di Diano \u2013 Praia a Mare, che per poter dare gli stessi benefici, probabilmente in tempi di percorrenza anche sensibilmente pi\u00f9 bassi, necessita la sua completa realizzazione, come detto prima, almeno una decina d\u2019anni se non di pi\u00f9.<br>Detto ci\u00f2, pur volendo ipotizzare per assurdo che i costi di upgrading del tratto Battipaglia &#8211;<br>Ogliastro e del tratto Sapri \u2013 Praia a Mare, ammontino a ulteriori 2 miliardi, in aggiunta ai costi della variante Ogliastro \u2013 Sapri, pari a 3,7 miliardi, eguagliando cos\u00ec i costi per la realizzazione della linea \u201ca monte\u201d, vale proprio la pena realizzare un\u2019ulteriore infrastruttura che, oltre ad attraversare<br>una zona fortemente antropizzata, qual \u00e8 il Vallo di Diano e l\u2019area di Contursi, Campagna e Eboli, \u00e8 gi\u00e0 dotata di un asse viario autostradale importantissimo come la Salerno \u2013 Reggio Calabria\u2026???<\/p>\n\n\n\n<p><br>Non sarebbe invece il caso di impegnarsi a reperire fra Regione e Stato congrui<br>finanziamenti che con opportuni interventi tecnici infrastrutturali consentano il ripristino della linea regionale Sicignano \u2013 Lagonegro\u2026???<br>Quest\u2019ultima soluzione consentirebbe a tutti gli abitanti di quelle aree di poter raggiungere<br>agevolmente la stazione di Sicignano, in brevissimo tempo, stazione che con il ripristino della tratta Sicignano \u2013 Lagonegro, potrebbe essere punto di fermata dell\u2019attuale Frecciarossa Milano \u2013 Taranto; altres\u00ec il ripristino della suddetta tratta garantirebbe il raggiungimento, in tempi sensibilmente di poco pi\u00f9 lunghi, Battipaglia o Salerno, potendo cos\u00ec trasferire, almeno una buona<br>parte del traffico passeggeri dalla gomma al ferro, nell\u2019ottica di una visione sempre pi\u00f9 green della mobilit\u00e0.<\/p>\n\n\n\n<p><br>Chiudiamo rivolgendoci con serenit\u00e0 e imparzialit\u00e0 di pensiero ai corregionali del Vallo di Diano, dicendo loro che dobbiamo batterci tutti insieme per far s\u00ec che la Regione Campania e lo Stato debbano con immediatezza attivarsi per risolvere quanto erroneamente fatto nel lontano 1987 dalle allora FS, che decisero troppo frettolosamente di tagliare la Sicignano \u2013 Lagonegro, considerandola un ramo secco, invece di mantenerla operativa per fornire la giusta mobilit\u00e0 ad un<br>territorio che soffre la lontananza dai principali centri della Regione; dobbiamo unitamente chiedere con forza che si torni ad investire su di essa, attrezzandola con le pi\u00f9 recenti tecnologie   partire dalla sua elettrificazione; altres\u00ec con la stessa obiettivit\u00e0 ci rivolgiamo agli amici e colleghi<br>operatori turistici della Riviera del Cedro e di tutta la Calabria, dicendo loro che, invece di<br>\u201cspaccare\u201d, dovremmo tutti fare un passo indietro e pensare al bene comune; \u00e8 inutile fossilizzarsi su di un itinerario anzich\u00e9 un altro per risparmiare una manciata di minuti fra Roma e Reggio Calabria, perch\u00e9 poi alla fine quelli saranno, come noi qui, in modo molto semplicistico, abbiamo<br>dimostrato; d\u2019altronde allo stato attuale se si ragiona limitatamente a by-passare il Cilento fino a Praia a Mare, non si otterr\u00e0 nulla di pi\u00f9 di quello innanzi asserito, al contrario il discorso dovrebbe essere di pi\u00f9 ampia visione e trovare soluzioni anche per il tratto oltre Praia, dove l\u2019attuale infrastruttura, fatta eccezione per il tratto Paola \u2013 Lamezia, non \u00e8 che consenta velocit\u00e0 molto pi\u00f9 elevate rispetto al tratto in terra cilentana; quindi lavoriamo tutti insieme per chiedere alla politica di fare, per una volta, quello che le ns aree chiedono da tempo, avere una linea ferrata da Salerno a Reggio Calabria degna delle migliori linee italiane ed europee, adeguata ai migliori standard tecnologici previsti per i corridoi TEN \u2013 T, come quello che dalla penisola scandinava porta sino a<br>Palermo e a Malta, passando lungo i nostri territori, affinch\u00e8 TUTTI noi, dal Cilento alla Calabria tirrenica, potremo beneficiarne.<\/p>\n\n\n\n<p><br>ASSOTURISMO ITR<img loading=\"lazy\" decoding=\"async\" width=\"150\" height=\"90\" class=\"wp-image-6572\" style=\"width: 150px;\" src=\"https:\/\/www.istitutogalanteoliva.it\/magazine\/wp-content\/uploads\/2021\/03\/Immagine-2021-03-25-165719.jpg\" alt=\"\"><br>Il Vice-Presidente<br><strong><em>Arturo Rosa<\/em><\/strong><\/p>\n\n\n\n<p>Articoli correlati:<a href=\"https:\/\/www.istitutogalanteoliva.it\/magazine\/2021\/03\/05\/costituito-il-comitato-alta-velocita-nel-cilento\/\" target=\"_blank\" rel=\"noreferrer noopener\"> Costituito il Comitato \u201cAlta Velocit\u00e0 nel Cilento\u201d<\/a><\/p>\n\n\n\n<p><sub><span class=\"has-inline-color has-vivid-cyan-blue-color\">Segui <strong><em>Polis Sa MAgazine<\/em><\/strong> anche su:<\/span><\/sub><\/p>\n\n\n\n<ul class=\"wp-block-social-links is-layout-flex wp-block-social-links-is-layout-flex\"><li class=\"wp-social-link wp-social-link-facebook  wp-block-social-link\"><a href=\"https:\/\/www.facebook.com\/PolisSAMagazine\/\" class=\"wp-block-social-link-anchor\"><svg width=\"24\" height=\"24\" viewBox=\"0 0 24 24\" version=\"1.1\" xmlns=\"http:\/\/www.w3.org\/2000\/svg\" aria-hidden=\"true\" focusable=\"false\"><path d=\"M12 2C6.5 2 2 6.5 2 12c0 5 3.7 9.1 8.4 9.9v-7H7.9V12h2.5V9.8c0-2.5 1.5-3.9 3.8-3.9 1.1 0 2.2.2 2.2.2v2.5h-1.3c-1.2 0-1.6.8-1.6 1.6V12h2.8l-.4 2.9h-2.3v7C18.3 21.1 22 17 22 12c0-5.5-4.5-10-10-10z\"><\/path><\/svg><span class=\"wp-block-social-link-label screen-reader-text\">Facebook<\/span><\/a><\/li>\n\n<li class=\"wp-social-link wp-social-link-twitter  wp-block-social-link\"><a href=\"https:\/\/twitter.com\/MagazinePolis\" class=\"wp-block-social-link-anchor\"><svg width=\"24\" height=\"24\" viewBox=\"0 0 24 24\" version=\"1.1\" xmlns=\"http:\/\/www.w3.org\/2000\/svg\" aria-hidden=\"true\" focusable=\"false\"><path d=\"M22.23,5.924c-0.736,0.326-1.527,0.547-2.357,0.646c0.847-0.508,1.498-1.312,1.804-2.27 c-0.793,0.47-1.671,0.812-2.606,0.996C18.324,4.498,17.257,4,16.077,4c-2.266,0-4.103,1.837-4.103,4.103 c0,0.322,0.036,0.635,0.106,0.935C8.67,8.867,5.647,7.234,3.623,4.751C3.27,5.357,3.067,6.062,3.067,6.814 c0,1.424,0.724,2.679,1.825,3.415c-0.673-0.021-1.305-0.206-1.859-0.513c0,0.017,0,0.034,0,0.052c0,1.988,1.414,3.647,3.292,4.023 c-0.344,0.094-0.707,0.144-1.081,0.144c-0.264,0-0.521-0.026-0.772-0.074c0.522,1.63,2.038,2.816,3.833,2.85 c-1.404,1.1-3.174,1.756-5.096,1.756c-0.331,0-0.658-0.019-0.979-0.057c1.816,1.164,3.973,1.843,6.29,1.843 c7.547,0,11.675-6.252,11.675-11.675c0-0.178-0.004-0.355-0.012-0.531C20.985,7.47,21.68,6.747,22.23,5.924z\"><\/path><\/svg><span class=\"wp-block-social-link-label screen-reader-text\">Twitter<\/span><\/a><\/li>\n\n<li class=\"wp-social-link wp-social-link-youtube  wp-block-social-link\"><a href=\"https:\/\/www.youtube.com\/channel\/UCv0Mr5AHKUmsc0sEEXkJrgw\" class=\"wp-block-social-link-anchor\"><svg width=\"24\" height=\"24\" viewBox=\"0 0 24 24\" version=\"1.1\" xmlns=\"http:\/\/www.w3.org\/2000\/svg\" aria-hidden=\"true\" focusable=\"false\"><path d=\"M21.8,8.001c0,0-0.195-1.378-0.795-1.985c-0.76-0.797-1.613-0.801-2.004-0.847c-2.799-0.202-6.997-0.202-6.997-0.202 h-0.009c0,0-4.198,0-6.997,0.202C4.608,5.216,3.756,5.22,2.995,6.016C2.395,6.623,2.2,8.001,2.2,8.001S2,9.62,2,11.238v1.517 c0,1.618,0.2,3.237,0.2,3.237s0.195,1.378,0.795,1.985c0.761,0.797,1.76,0.771,2.205,0.855c1.6,0.153,6.8,0.201,6.8,0.201 s4.203-0.006,7.001-0.209c0.391-0.047,1.243-0.051,2.004-0.847c0.6-0.607,0.795-1.985,0.795-1.985s0.2-1.618,0.2-3.237v-1.517 C22,9.62,21.8,8.001,21.8,8.001z M9.935,14.594l-0.001-5.62l5.404,2.82L9.935,14.594z\"><\/path><\/svg><span class=\"wp-block-social-link-label screen-reader-text\">YouTube<\/span><\/a><\/li><\/ul>\n\n\n\n<p><strong><span class=\"has-inline-color has-vivid-cyan-blue-color\">Contatti: <\/span><\/strong><span class=\"has-inline-color has-vivid-cyan-blue-color\">redazione.polissamagazine@edizionipolis.it<\/span><\/p>\n<\/div>\n\n\n\n<div class=\"wp-block-column is-layout-flow wp-block-column-is-layout-flow\" style=\"flex-basis:33.33%\">\n<figure class=\"wp-block-image size-large is-resized\"><a href=\"https:\/\/www.ajonoas.it\/\"><img loading=\"lazy\" decoding=\"async\" src=\"https:\/\/www.istitutogalanteoliva.it\/magazine\/wp-content\/uploads\/2021\/03\/156357873_872751210125200_1257446003297356165_n-3-1024x430.jpg\" alt=\"\" class=\"wp-image-5989\" width=\"207\" height=\"87\" srcset=\"https:\/\/www.istitutogalanteoliva.it\/magazine\/wp-content\/uploads\/2021\/03\/156357873_872751210125200_1257446003297356165_n-3-1024x430.jpg 1024w, https:\/\/www.istitutogalanteoliva.it\/magazine\/wp-content\/uploads\/2021\/03\/156357873_872751210125200_1257446003297356165_n-3-300x126.jpg 300w, https:\/\/www.istitutogalanteoliva.it\/magazine\/wp-content\/uploads\/2021\/03\/156357873_872751210125200_1257446003297356165_n-3-768x322.jpg 768w, https:\/\/www.istitutogalanteoliva.it\/magazine\/wp-content\/uploads\/2021\/03\/156357873_872751210125200_1257446003297356165_n-3-1536x644.jpg 1536w, https:\/\/www.istitutogalanteoliva.it\/magazine\/wp-content\/uploads\/2021\/03\/156357873_872751210125200_1257446003297356165_n-3.jpg 2048w\" sizes=\"auto, (max-width: 207px) 100vw, 207px\" \/><\/a><\/figure>\n\n\n\n<figure class=\"wp-block-image size-large is-resized\"><a href=\"https:\/\/www.inprimanews.it\/\"><img loading=\"lazy\" decoding=\"async\" src=\"https:\/\/www.istitutogalanteoliva.it\/magazine\/wp-content\/uploads\/2021\/03\/inn-prima-1-1.jpg\" alt=\"\" class=\"wp-image-5991\" width=\"198\" height=\"60\" srcset=\"https:\/\/www.istitutogalanteoliva.it\/magazine\/wp-content\/uploads\/2021\/03\/inn-prima-1-1.jpg 868w, https:\/\/www.istitutogalanteoliva.it\/magazine\/wp-content\/uploads\/2021\/03\/inn-prima-1-1-300x91.jpg 300w, https:\/\/www.istitutogalanteoliva.it\/magazine\/wp-content\/uploads\/2021\/03\/inn-prima-1-1-768x233.jpg 768w\" sizes=\"auto, (max-width: 198px) 100vw, 198px\" \/><\/a><\/figure>\n\n\n\n<div class=\"wp-block-image\"><figure class=\"aligncenter size-large is-resized\"><a href=\"https:\/\/www.istitutogalanteoliva.it\/\"><img loading=\"lazy\" decoding=\"async\" src=\"https:\/\/www.istitutogalanteoliva.it\/magazine\/wp-content\/uploads\/2021\/03\/download-2.jpg\" alt=\"\" class=\"wp-image-5995\" width=\"259\" height=\"91\" srcset=\"https:\/\/www.istitutogalanteoliva.it\/magazine\/wp-content\/uploads\/2021\/03\/download-2.jpg 379w, https:\/\/www.istitutogalanteoliva.it\/magazine\/wp-content\/uploads\/2021\/03\/download-2-300x105.jpg 300w\" sizes=\"auto, (max-width: 259px) 100vw, 259px\" \/><\/a><\/figure><\/div>\n\n\n\n<div class=\"wp-block-image\"><figure class=\"aligncenter size-large is-resized\"><a href=\"https:\/\/www.edizionipolis.it\/index.php\"><img loading=\"lazy\" decoding=\"async\" src=\"https:\/\/www.istitutogalanteoliva.it\/magazine\/wp-content\/uploads\/2021\/03\/download.png\" alt=\"\" class=\"wp-image-5996\" width=\"250\" height=\"94\" srcset=\"https:\/\/www.istitutogalanteoliva.it\/magazine\/wp-content\/uploads\/2021\/03\/download.png 364w, https:\/\/www.istitutogalanteoliva.it\/magazine\/wp-content\/uploads\/2021\/03\/download-300x114.png 300w\" sizes=\"auto, (max-width: 250px) 100vw, 250px\" \/><\/a><\/figure><\/div>\n\n\n\n<h5 class=\"has-text-align-center wp-block-heading\"><span class=\"has-inline-color has-vivid-cyan-blue-color\">ARCHIVI<\/span><\/h5>\n\n\n<ul class=\"wp-block-archives-list wp-block-archives\">\t<li><a href='https:\/\/www.istitutogalanteoliva.it\/magazine\/2026\/05\/'>Maggio 2026<\/a><\/li>\n\t<li><a href='https:\/\/www.istitutogalanteoliva.it\/magazine\/2026\/04\/'>Aprile 2026<\/a><\/li>\n\t<li><a href='https:\/\/www.istitutogalanteoliva.it\/magazine\/2026\/03\/'>Marzo 2026<\/a><\/li>\n\t<li><a href='https:\/\/www.istitutogalanteoliva.it\/magazine\/2026\/02\/'>Febbraio 2026<\/a><\/li>\n\t<li><a href='https:\/\/www.istitutogalanteoliva.it\/magazine\/2026\/01\/'>Gennaio 2026<\/a><\/li>\n\t<li><a href='https:\/\/www.istitutogalanteoliva.it\/magazine\/2025\/12\/'>Dicembre 2025<\/a><\/li>\n\t<li><a href='https:\/\/www.istitutogalanteoliva.it\/magazine\/2025\/11\/'>Novembre 2025<\/a><\/li>\n\t<li><a href='https:\/\/www.istitutogalanteoliva.it\/magazine\/2025\/10\/'>Ottobre 2025<\/a><\/li>\n\t<li><a href='https:\/\/www.istitutogalanteoliva.it\/magazine\/2025\/09\/'>Settembre 2025<\/a><\/li>\n\t<li><a href='https:\/\/www.istitutogalanteoliva.it\/magazine\/2025\/08\/'>Agosto 2025<\/a><\/li>\n\t<li><a href='https:\/\/www.istitutogalanteoliva.it\/magazine\/2025\/07\/'>Luglio 2025<\/a><\/li>\n\t<li><a href='https:\/\/www.istitutogalanteoliva.it\/magazine\/2025\/06\/'>Giugno 2025<\/a><\/li>\n\t<li><a href='https:\/\/www.istitutogalanteoliva.it\/magazine\/2025\/05\/'>Maggio 2025<\/a><\/li>\n\t<li><a href='https:\/\/www.istitutogalanteoliva.it\/magazine\/2025\/04\/'>Aprile 2025<\/a><\/li>\n\t<li><a href='https:\/\/www.istitutogalanteoliva.it\/magazine\/2025\/03\/'>Marzo 2025<\/a><\/li>\n\t<li><a href='https:\/\/www.istitutogalanteoliva.it\/magazine\/2025\/02\/'>Febbraio 2025<\/a><\/li>\n\t<li><a href='https:\/\/www.istitutogalanteoliva.it\/magazine\/2025\/01\/'>Gennaio 2025<\/a><\/li>\n\t<li><a href='https:\/\/www.istitutogalanteoliva.it\/magazine\/2024\/12\/'>Dicembre 2024<\/a><\/li>\n\t<li><a href='https:\/\/www.istitutogalanteoliva.it\/magazine\/2024\/11\/'>Novembre 2024<\/a><\/li>\n\t<li><a href='https:\/\/www.istitutogalanteoliva.it\/magazine\/2024\/10\/'>Ottobre 2024<\/a><\/li>\n\t<li><a href='https:\/\/www.istitutogalanteoliva.it\/magazine\/2024\/09\/'>Settembre 2024<\/a><\/li>\n\t<li><a href='https:\/\/www.istitutogalanteoliva.it\/magazine\/2024\/08\/'>Agosto 2024<\/a><\/li>\n\t<li><a href='https:\/\/www.istitutogalanteoliva.it\/magazine\/2024\/07\/'>Luglio 2024<\/a><\/li>\n\t<li><a href='https:\/\/www.istitutogalanteoliva.it\/magazine\/2024\/06\/'>Giugno 2024<\/a><\/li>\n\t<li><a href='https:\/\/www.istitutogalanteoliva.it\/magazine\/2024\/05\/'>Maggio 2024<\/a><\/li>\n\t<li><a href='https:\/\/www.istitutogalanteoliva.it\/magazine\/2024\/04\/'>Aprile 2024<\/a><\/li>\n\t<li><a href='https:\/\/www.istitutogalanteoliva.it\/magazine\/2024\/03\/'>Marzo 2024<\/a><\/li>\n\t<li><a href='https:\/\/www.istitutogalanteoliva.it\/magazine\/2024\/02\/'>Febbraio 2024<\/a><\/li>\n\t<li><a href='https:\/\/www.istitutogalanteoliva.it\/magazine\/2024\/01\/'>Gennaio 2024<\/a><\/li>\n\t<li><a href='https:\/\/www.istitutogalanteoliva.it\/magazine\/2023\/12\/'>Dicembre 2023<\/a><\/li>\n\t<li><a href='https:\/\/www.istitutogalanteoliva.it\/magazine\/2023\/11\/'>Novembre 2023<\/a><\/li>\n\t<li><a href='https:\/\/www.istitutogalanteoliva.it\/magazine\/2023\/10\/'>Ottobre 2023<\/a><\/li>\n\t<li><a href='https:\/\/www.istitutogalanteoliva.it\/magazine\/2023\/09\/'>Settembre 2023<\/a><\/li>\n\t<li><a href='https:\/\/www.istitutogalanteoliva.it\/magazine\/2023\/08\/'>Agosto 2023<\/a><\/li>\n\t<li><a href='https:\/\/www.istitutogalanteoliva.it\/magazine\/2023\/07\/'>Luglio 2023<\/a><\/li>\n\t<li><a href='https:\/\/www.istitutogalanteoliva.it\/magazine\/2023\/06\/'>Giugno 2023<\/a><\/li>\n\t<li><a href='https:\/\/www.istitutogalanteoliva.it\/magazine\/2023\/05\/'>Maggio 2023<\/a><\/li>\n\t<li><a href='https:\/\/www.istitutogalanteoliva.it\/magazine\/2023\/04\/'>Aprile 2023<\/a><\/li>\n\t<li><a href='https:\/\/www.istitutogalanteoliva.it\/magazine\/2023\/03\/'>Marzo 2023<\/a><\/li>\n\t<li><a href='https:\/\/www.istitutogalanteoliva.it\/magazine\/2023\/02\/'>Febbraio 2023<\/a><\/li>\n\t<li><a href='https:\/\/www.istitutogalanteoliva.it\/magazine\/2023\/01\/'>Gennaio 2023<\/a><\/li>\n\t<li><a href='https:\/\/www.istitutogalanteoliva.it\/magazine\/2022\/12\/'>Dicembre 2022<\/a><\/li>\n\t<li><a href='https:\/\/www.istitutogalanteoliva.it\/magazine\/2022\/11\/'>Novembre 2022<\/a><\/li>\n\t<li><a href='https:\/\/www.istitutogalanteoliva.it\/magazine\/2022\/10\/'>Ottobre 2022<\/a><\/li>\n\t<li><a href='https:\/\/www.istitutogalanteoliva.it\/magazine\/2022\/09\/'>Settembre 2022<\/a><\/li>\n\t<li><a href='https:\/\/www.istitutogalanteoliva.it\/magazine\/2022\/08\/'>Agosto 2022<\/a><\/li>\n\t<li><a href='https:\/\/www.istitutogalanteoliva.it\/magazine\/2022\/07\/'>Luglio 2022<\/a><\/li>\n\t<li><a href='https:\/\/www.istitutogalanteoliva.it\/magazine\/2022\/06\/'>Giugno 2022<\/a><\/li>\n\t<li><a href='https:\/\/www.istitutogalanteoliva.it\/magazine\/2022\/05\/'>Maggio 2022<\/a><\/li>\n\t<li><a href='https:\/\/www.istitutogalanteoliva.it\/magazine\/2022\/04\/'>Aprile 2022<\/a><\/li>\n\t<li><a href='https:\/\/www.istitutogalanteoliva.it\/magazine\/2022\/03\/'>Marzo 2022<\/a><\/li>\n\t<li><a href='https:\/\/www.istitutogalanteoliva.it\/magazine\/2022\/02\/'>Febbraio 2022<\/a><\/li>\n\t<li><a href='https:\/\/www.istitutogalanteoliva.it\/magazine\/2022\/01\/'>Gennaio 2022<\/a><\/li>\n\t<li><a href='https:\/\/www.istitutogalanteoliva.it\/magazine\/2021\/12\/'>Dicembre 2021<\/a><\/li>\n\t<li><a href='https:\/\/www.istitutogalanteoliva.it\/magazine\/2021\/11\/'>Novembre 2021<\/a><\/li>\n\t<li><a href='https:\/\/www.istitutogalanteoliva.it\/magazine\/2021\/10\/'>Ottobre 2021<\/a><\/li>\n\t<li><a href='https:\/\/www.istitutogalanteoliva.it\/magazine\/2021\/09\/'>Settembre 2021<\/a><\/li>\n\t<li><a href='https:\/\/www.istitutogalanteoliva.it\/magazine\/2021\/08\/'>Agosto 2021<\/a><\/li>\n\t<li><a href='https:\/\/www.istitutogalanteoliva.it\/magazine\/2021\/07\/'>Luglio 2021<\/a><\/li>\n\t<li><a href='https:\/\/www.istitutogalanteoliva.it\/magazine\/2021\/06\/'>Giugno 2021<\/a><\/li>\n\t<li><a href='https:\/\/www.istitutogalanteoliva.it\/magazine\/2021\/05\/'>Maggio 2021<\/a><\/li>\n\t<li><a href='https:\/\/www.istitutogalanteoliva.it\/magazine\/2021\/04\/'>Aprile 2021<\/a><\/li>\n\t<li><a href='https:\/\/www.istitutogalanteoliva.it\/magazine\/2021\/03\/'>Marzo 2021<\/a><\/li>\n\t<li><a href='https:\/\/www.istitutogalanteoliva.it\/magazine\/2021\/02\/'>Febbraio 2021<\/a><\/li>\n\t<li><a href='https:\/\/www.istitutogalanteoliva.it\/magazine\/2021\/01\/'>Gennaio 2021<\/a><\/li>\n\t<li><a href='https:\/\/www.istitutogalanteoliva.it\/magazine\/2020\/12\/'>Dicembre 2020<\/a><\/li>\n\t<li><a href='https:\/\/www.istitutogalanteoliva.it\/magazine\/2020\/11\/'>Novembre 2020<\/a><\/li>\n\t<li><a href='https:\/\/www.istitutogalanteoliva.it\/magazine\/2020\/10\/'>Ottobre 2020<\/a><\/li>\n\t<li><a href='https:\/\/www.istitutogalanteoliva.it\/magazine\/2020\/09\/'>Settembre 2020<\/a><\/li>\n\t<li><a href='https:\/\/www.istitutogalanteoliva.it\/magazine\/2020\/08\/'>Agosto 2020<\/a><\/li>\n\t<li><a href='https:\/\/www.istitutogalanteoliva.it\/magazine\/2020\/07\/'>Luglio 2020<\/a><\/li>\n\t<li><a href='https:\/\/www.istitutogalanteoliva.it\/magazine\/2020\/06\/'>Giugno 2020<\/a><\/li>\n\t<li><a href='https:\/\/www.istitutogalanteoliva.it\/magazine\/2020\/05\/'>Maggio 2020<\/a><\/li>\n\t<li><a href='https:\/\/www.istitutogalanteoliva.it\/magazine\/2020\/04\/'>Aprile 2020<\/a><\/li>\n\t<li><a href='https:\/\/www.istitutogalanteoliva.it\/magazine\/2020\/03\/'>Marzo 2020<\/a><\/li>\n\t<li><a href='https:\/\/www.istitutogalanteoliva.it\/magazine\/2020\/02\/'>Febbraio 2020<\/a><\/li>\n\t<li><a href='https:\/\/www.istitutogalanteoliva.it\/magazine\/2020\/01\/'>Gennaio 2020<\/a><\/li>\n\t<li><a href='https:\/\/www.istitutogalanteoliva.it\/magazine\/2019\/12\/'>Dicembre 2019<\/a><\/li>\n\t<li><a href='https:\/\/www.istitutogalanteoliva.it\/magazine\/2019\/11\/'>Novembre 2019<\/a><\/li>\n\t<li><a href='https:\/\/www.istitutogalanteoliva.it\/magazine\/2019\/10\/'>Ottobre 2019<\/a><\/li>\n\t<li><a href='https:\/\/www.istitutogalanteoliva.it\/magazine\/2019\/09\/'>Settembre 2019<\/a><\/li>\n\t<li><a href='https:\/\/www.istitutogalanteoliva.it\/magazine\/2019\/08\/'>Agosto 2019<\/a><\/li>\n\t<li><a href='https:\/\/www.istitutogalanteoliva.it\/magazine\/2019\/07\/'>Luglio 2019<\/a><\/li>\n\t<li><a href='https:\/\/www.istitutogalanteoliva.it\/magazine\/2019\/06\/'>Giugno 2019<\/a><\/li>\n\t<li><a href='https:\/\/www.istitutogalanteoliva.it\/magazine\/2019\/05\/'>Maggio 2019<\/a><\/li>\n\t<li><a href='https:\/\/www.istitutogalanteoliva.it\/magazine\/2019\/04\/'>Aprile 2019<\/a><\/li>\n\t<li><a href='https:\/\/www.istitutogalanteoliva.it\/magazine\/2019\/03\/'>Marzo 2019<\/a><\/li>\n\t<li><a href='https:\/\/www.istitutogalanteoliva.it\/magazine\/2019\/02\/'>Febbraio 2019<\/a><\/li>\n\t<li><a href='https:\/\/www.istitutogalanteoliva.it\/magazine\/2019\/01\/'>Gennaio 2019<\/a><\/li>\n\t<li><a href='https:\/\/www.istitutogalanteoliva.it\/magazine\/2018\/12\/'>Dicembre 2018<\/a><\/li>\n\t<li><a href='https:\/\/www.istitutogalanteoliva.it\/magazine\/2018\/11\/'>Novembre 2018<\/a><\/li>\n\t<li><a href='https:\/\/www.istitutogalanteoliva.it\/magazine\/2018\/10\/'>Ottobre 2018<\/a><\/li>\n\t<li><a href='https:\/\/www.istitutogalanteoliva.it\/magazine\/2018\/09\/'>Settembre 2018<\/a><\/li>\n\t<li><a href='https:\/\/www.istitutogalanteoliva.it\/magazine\/2018\/08\/'>Agosto 2018<\/a><\/li>\n\t<li><a href='https:\/\/www.istitutogalanteoliva.it\/magazine\/2018\/07\/'>Luglio 2018<\/a><\/li>\n\t<li><a href='https:\/\/www.istitutogalanteoliva.it\/magazine\/2018\/06\/'>Giugno 2018<\/a><\/li>\n\t<li><a href='https:\/\/www.istitutogalanteoliva.it\/magazine\/2018\/05\/'>Maggio 2018<\/a><\/li>\n\t<li><a href='https:\/\/www.istitutogalanteoliva.it\/magazine\/2018\/04\/'>Aprile 2018<\/a><\/li>\n\t<li><a href='https:\/\/www.istitutogalanteoliva.it\/magazine\/2018\/03\/'>Marzo 2018<\/a><\/li>\n\t<li><a href='https:\/\/www.istitutogalanteoliva.it\/magazine\/2018\/02\/'>Febbraio 2018<\/a><\/li>\n\t<li><a href='https:\/\/www.istitutogalanteoliva.it\/magazine\/2018\/01\/'>Gennaio 2018<\/a><\/li>\n\t<li><a href='https:\/\/www.istitutogalanteoliva.it\/magazine\/2017\/12\/'>Dicembre 2017<\/a><\/li>\n\t<li><a href='https:\/\/www.istitutogalanteoliva.it\/magazine\/2017\/11\/'>Novembre 2017<\/a><\/li>\n\t<li><a href='https:\/\/www.istitutogalanteoliva.it\/magazine\/2017\/10\/'>Ottobre 2017<\/a><\/li>\n\t<li><a href='https:\/\/www.istitutogalanteoliva.it\/magazine\/2017\/09\/'>Settembre 2017<\/a><\/li>\n\t<li><a href='https:\/\/www.istitutogalanteoliva.it\/magazine\/2017\/08\/'>Agosto 2017<\/a><\/li>\n\t<li><a href='https:\/\/www.istitutogalanteoliva.it\/magazine\/2017\/07\/'>Luglio 2017<\/a><\/li>\n\t<li><a href='https:\/\/www.istitutogalanteoliva.it\/magazine\/2017\/06\/'>Giugno 2017<\/a><\/li>\n\t<li><a href='https:\/\/www.istitutogalanteoliva.it\/magazine\/2017\/05\/'>Maggio 2017<\/a><\/li>\n\t<li><a href='https:\/\/www.istitutogalanteoliva.it\/magazine\/2017\/04\/'>Aprile 2017<\/a><\/li>\n\t<li><a href='https:\/\/www.istitutogalanteoliva.it\/magazine\/2017\/03\/'>Marzo 2017<\/a><\/li>\n\t<li><a href='https:\/\/www.istitutogalanteoliva.it\/magazine\/2017\/02\/'>Febbraio 2017<\/a><\/li>\n\t<li><a href='https:\/\/www.istitutogalanteoliva.it\/magazine\/2017\/01\/'>Gennaio 2017<\/a><\/li>\n\t<li><a href='https:\/\/www.istitutogalanteoliva.it\/magazine\/2016\/12\/'>Dicembre 2016<\/a><\/li>\n\t<li><a href='https:\/\/www.istitutogalanteoliva.it\/magazine\/2016\/11\/'>Novembre 2016<\/a><\/li>\n\t<li><a href='https:\/\/www.istitutogalanteoliva.it\/magazine\/2016\/10\/'>Ottobre 2016<\/a><\/li>\n\t<li><a href='https:\/\/www.istitutogalanteoliva.it\/magazine\/2016\/09\/'>Settembre 2016<\/a><\/li>\n\t<li><a href='https:\/\/www.istitutogalanteoliva.it\/magazine\/2016\/08\/'>Agosto 2016<\/a><\/li>\n\t<li><a href='https:\/\/www.istitutogalanteoliva.it\/magazine\/2016\/07\/'>Luglio 2016<\/a><\/li>\n\t<li><a href='https:\/\/www.istitutogalanteoliva.it\/magazine\/2016\/06\/'>Giugno 2016<\/a><\/li>\n\t<li><a href='https:\/\/www.istitutogalanteoliva.it\/magazine\/2016\/05\/'>Maggio 2016<\/a><\/li>\n\t<li><a href='https:\/\/www.istitutogalanteoliva.it\/magazine\/2016\/04\/'>Aprile 2016<\/a><\/li>\n\t<li><a href='https:\/\/www.istitutogalanteoliva.it\/magazine\/2016\/03\/'>Marzo 2016<\/a><\/li>\n\t<li><a href='https:\/\/www.istitutogalanteoliva.it\/magazine\/2016\/02\/'>Febbraio 2016<\/a><\/li>\n\t<li><a href='https:\/\/www.istitutogalanteoliva.it\/magazine\/2016\/01\/'>Gennaio 2016<\/a><\/li>\n\t<li><a href='https:\/\/www.istitutogalanteoliva.it\/magazine\/2015\/12\/'>Dicembre 2015<\/a><\/li>\n\t<li><a href='https:\/\/www.istitutogalanteoliva.it\/magazine\/2015\/11\/'>Novembre 2015<\/a><\/li>\n\t<li><a href='https:\/\/www.istitutogalanteoliva.it\/magazine\/2015\/10\/'>Ottobre 2015<\/a><\/li>\n\t<li><a href='https:\/\/www.istitutogalanteoliva.it\/magazine\/2015\/09\/'>Settembre 2015<\/a><\/li>\n\t<li><a href='https:\/\/www.istitutogalanteoliva.it\/magazine\/2015\/08\/'>Agosto 2015<\/a><\/li>\n\t<li><a href='https:\/\/www.istitutogalanteoliva.it\/magazine\/2015\/07\/'>Luglio 2015<\/a><\/li>\n\t<li><a href='https:\/\/www.istitutogalanteoliva.it\/magazine\/2015\/06\/'>Giugno 2015<\/a><\/li>\n\t<li><a href='https:\/\/www.istitutogalanteoliva.it\/magazine\/2015\/05\/'>Maggio 2015<\/a><\/li>\n\t<li><a href='https:\/\/www.istitutogalanteoliva.it\/magazine\/2015\/04\/'>Aprile 2015<\/a><\/li>\n\t<li><a href='https:\/\/www.istitutogalanteoliva.it\/magazine\/2015\/03\/'>Marzo 2015<\/a><\/li>\n\t<li><a href='https:\/\/www.istitutogalanteoliva.it\/magazine\/2015\/02\/'>Febbraio 2015<\/a><\/li>\n\t<li><a href='https:\/\/www.istitutogalanteoliva.it\/magazine\/2015\/01\/'>Gennaio 2015<\/a><\/li>\n<\/ul>\n\n\n<p><\/p>\n\n\n\n<p><\/p>\n<\/div>\n<\/div>\n<div class=\"pdfprnt-buttons pdfprnt-buttons-post pdfprnt-bottom-left\"><a href=\"https:\/\/www.istitutogalanteoliva.it\/magazine\/wp-json\/wp\/v2\/posts\/6568?print=print\" class=\"pdfprnt-button pdfprnt-button-print\" target=\"_blank\"><img decoding=\"async\" src=\"https:\/\/www.istitutogalanteoliva.it\/magazine\/wp-content\/plugins\/pdf-print\/images\/print.png\" alt=\"image_print\" title=\"Stampa contenuto\" \/><span class=\"pdfprnt-button-title pdfprnt-button-print-title\">Download in PDF<\/span><\/a><\/div>","protected":false},"excerpt":{"rendered":"<p>ASSOTURISMO ITR appoggia  l\u2019obiettivo che intende perseguire il neonato Comitato Popolare per l\u2019Alta Velocit\u00e0 nel Cilento<\/p>\n","protected":false},"author":2,"featured_media":6569,"comment_status":"open","ping_status":"open","sticky":false,"template":"","format":"standard","meta":{"footnotes":""},"categories":[148,210,223],"tags":[218,295,115,217,222],"class_list":["post-6568","post","type-post","status-publish","format-standard","has-post-thumbnail","hentry","category-148","category-campania","category-comunicati","tag-alta-velocita","tag-assoturismo","tag-campania","tag-cilento","tag-comunicato"],"yoast_head":"<!-- This site is optimized with the Yoast SEO plugin v24.2 - https:\/\/yoast.com\/wordpress\/plugins\/seo\/ -->\n<title>Alta Velocit\u00e0 nel Cilento, comunicato Assoturismo - Polis SA Magazine<\/title>\n<meta name=\"description\" content=\"ASSOTURISMO ITR appoggia l\u2019obiettivo che intende perseguire il neonato Comitato Popolare per l\u2019Alta Velocit\u00e0 nel Cilento\" \/>\n<meta name=\"robots\" content=\"index, follow, max-snippet:-1, max-image-preview:large, max-video-preview:-1\" \/>\n<link rel=\"canonical\" href=\"https:\/\/www.istitutogalanteoliva.it\/magazine\/2021\/03\/26\/alta-velocita-nel-cilento-comunicato-assoturismo\/\" \/>\n<meta property=\"og:locale\" content=\"it_IT\" \/>\n<meta property=\"og:type\" content=\"article\" \/>\n<meta property=\"og:title\" content=\"Alta Velocit\u00e0 nel Cilento, comunicato Assoturismo - Polis SA Magazine\" \/>\n<meta property=\"og:description\" content=\"ASSOTURISMO ITR appoggia l\u2019obiettivo che intende perseguire il neonato Comitato Popolare per l\u2019Alta Velocit\u00e0 nel Cilento\" \/>\n<meta property=\"og:url\" content=\"https:\/\/www.istitutogalanteoliva.it\/magazine\/2021\/03\/26\/alta-velocita-nel-cilento-comunicato-assoturismo\/\" \/>\n<meta property=\"og:site_name\" content=\"Polis SA Magazine\" \/>\n<meta property=\"article:publisher\" content=\"https:\/\/www.facebook.com\/PolisSAMagazine\/\" \/>\n<meta property=\"article:published_time\" content=\"2021-03-26T11:00:00+00:00\" \/>\n<meta property=\"article:modified_time\" content=\"2021-03-25T17:01:20+00:00\" \/>\n<meta property=\"og:image\" content=\"https:\/\/www.istitutogalanteoliva.it\/magazine\/wp-content\/uploads\/2021\/03\/Senza-titolo-og.jpg\" \/>\n\t<meta property=\"og:image:width\" content=\"640\" \/>\n\t<meta property=\"og:image:height\" content=\"380\" \/>\n\t<meta property=\"og:image:type\" content=\"image\/jpeg\" \/>\n<meta name=\"author\" content=\"Antonello Rivano\" \/>\n<meta name=\"twitter:card\" content=\"summary_large_image\" \/>\n<meta name=\"twitter:creator\" content=\"@MagazinePolis\" \/>\n<meta name=\"twitter:site\" content=\"@MagazinePolis\" \/>\n<meta name=\"twitter:label1\" content=\"Scritto da\" \/>\n\t<meta name=\"twitter:data1\" content=\"Antonello Rivano\" \/>\n\t<meta name=\"twitter:label2\" content=\"Tempo di lettura stimato\" \/>\n\t<meta name=\"twitter:data2\" content=\"9 minuti\" \/>\n<script type=\"application\/ld+json\" class=\"yoast-schema-graph\">{\"@context\":\"https:\/\/schema.org\",\"@graph\":[{\"@type\":\"Article\",\"@id\":\"https:\/\/www.istitutogalanteoliva.it\/magazine\/2021\/03\/26\/alta-velocita-nel-cilento-comunicato-assoturismo\/#article\",\"isPartOf\":{\"@id\":\"https:\/\/www.istitutogalanteoliva.it\/magazine\/2021\/03\/26\/alta-velocita-nel-cilento-comunicato-assoturismo\/\"},\"author\":{\"name\":\"Antonello Rivano\",\"@id\":\"https:\/\/www.istitutogalanteoliva.it\/magazine\/#\/schema\/person\/d8b8aa79cfe8babc1df9da3212a7c0c4\"},\"headline\":\"Alta Velocit\u00e0 nel Cilento, comunicato Assoturismo\",\"datePublished\":\"2021-03-26T11:00:00+00:00\",\"dateModified\":\"2021-03-25T17:01:20+00:00\",\"mainEntityOfPage\":{\"@id\":\"https:\/\/www.istitutogalanteoliva.it\/magazine\/2021\/03\/26\/alta-velocita-nel-cilento-comunicato-assoturismo\/\"},\"wordCount\":1808,\"commentCount\":0,\"publisher\":{\"@id\":\"https:\/\/www.istitutogalanteoliva.it\/magazine\/#organization\"},\"image\":{\"@id\":\"https:\/\/www.istitutogalanteoliva.it\/magazine\/2021\/03\/26\/alta-velocita-nel-cilento-comunicato-assoturismo\/#primaryimage\"},\"thumbnailUrl\":\"https:\/\/www.istitutogalanteoliva.it\/magazine\/wp-content\/uploads\/2021\/03\/Senza-titolo-og.jpg\",\"keywords\":[\"alta velocit\u00e0\",\"assoturismo\",\"campania\",\"cilento\",\"Comunicato\"],\"articleSection\":[\"2021\",\"Campania\",\"comunicati\"],\"inLanguage\":\"it-IT\",\"potentialAction\":[{\"@type\":\"CommentAction\",\"name\":\"Comment\",\"target\":[\"https:\/\/www.istitutogalanteoliva.it\/magazine\/2021\/03\/26\/alta-velocita-nel-cilento-comunicato-assoturismo\/#respond\"]}]},{\"@type\":\"WebPage\",\"@id\":\"https:\/\/www.istitutogalanteoliva.it\/magazine\/2021\/03\/26\/alta-velocita-nel-cilento-comunicato-assoturismo\/\",\"url\":\"https:\/\/www.istitutogalanteoliva.it\/magazine\/2021\/03\/26\/alta-velocita-nel-cilento-comunicato-assoturismo\/\",\"name\":\"Alta Velocit\u00e0 nel Cilento, comunicato Assoturismo - Polis SA Magazine\",\"isPartOf\":{\"@id\":\"https:\/\/www.istitutogalanteoliva.it\/magazine\/#website\"},\"primaryImageOfPage\":{\"@id\":\"https:\/\/www.istitutogalanteoliva.it\/magazine\/2021\/03\/26\/alta-velocita-nel-cilento-comunicato-assoturismo\/#primaryimage\"},\"image\":{\"@id\":\"https:\/\/www.istitutogalanteoliva.it\/magazine\/2021\/03\/26\/alta-velocita-nel-cilento-comunicato-assoturismo\/#primaryimage\"},\"thumbnailUrl\":\"https:\/\/www.istitutogalanteoliva.it\/magazine\/wp-content\/uploads\/2021\/03\/Senza-titolo-og.jpg\",\"datePublished\":\"2021-03-26T11:00:00+00:00\",\"dateModified\":\"2021-03-25T17:01:20+00:00\",\"description\":\"ASSOTURISMO ITR appoggia l\u2019obiettivo che intende perseguire il neonato Comitato Popolare per l\u2019Alta Velocit\u00e0 nel Cilento\",\"breadcrumb\":{\"@id\":\"https:\/\/www.istitutogalanteoliva.it\/magazine\/2021\/03\/26\/alta-velocita-nel-cilento-comunicato-assoturismo\/#breadcrumb\"},\"inLanguage\":\"it-IT\",\"potentialAction\":[{\"@type\":\"ReadAction\",\"target\":[\"https:\/\/www.istitutogalanteoliva.it\/magazine\/2021\/03\/26\/alta-velocita-nel-cilento-comunicato-assoturismo\/\"]}]},{\"@type\":\"ImageObject\",\"inLanguage\":\"it-IT\",\"@id\":\"https:\/\/www.istitutogalanteoliva.it\/magazine\/2021\/03\/26\/alta-velocita-nel-cilento-comunicato-assoturismo\/#primaryimage\",\"url\":\"https:\/\/www.istitutogalanteoliva.it\/magazine\/wp-content\/uploads\/2021\/03\/Senza-titolo-og.jpg\",\"contentUrl\":\"https:\/\/www.istitutogalanteoliva.it\/magazine\/wp-content\/uploads\/2021\/03\/Senza-titolo-og.jpg\",\"width\":640,\"height\":380},{\"@type\":\"BreadcrumbList\",\"@id\":\"https:\/\/www.istitutogalanteoliva.it\/magazine\/2021\/03\/26\/alta-velocita-nel-cilento-comunicato-assoturismo\/#breadcrumb\",\"itemListElement\":[{\"@type\":\"ListItem\",\"position\":1,\"name\":\"Home\",\"item\":\"https:\/\/www.istitutogalanteoliva.it\/magazine\/\"},{\"@type\":\"ListItem\",\"position\":2,\"name\":\"Alta Velocit\u00e0 nel Cilento, comunicato Assoturismo\"}]},{\"@type\":\"WebSite\",\"@id\":\"https:\/\/www.istitutogalanteoliva.it\/magazine\/#website\",\"url\":\"https:\/\/www.istitutogalanteoliva.it\/magazine\/\",\"name\":\"POLIS SA MAGAZINE\",\"description\":\"Informazione e approfondimenti\",\"publisher\":{\"@id\":\"https:\/\/www.istitutogalanteoliva.it\/magazine\/#organization\"},\"potentialAction\":[{\"@type\":\"SearchAction\",\"target\":{\"@type\":\"EntryPoint\",\"urlTemplate\":\"https:\/\/www.istitutogalanteoliva.it\/magazine\/?s={search_term_string}\"},\"query-input\":{\"@type\":\"PropertyValueSpecification\",\"valueRequired\":true,\"valueName\":\"search_term_string\"}}],\"inLanguage\":\"it-IT\"},{\"@type\":\"Organization\",\"@id\":\"https:\/\/www.istitutogalanteoliva.it\/magazine\/#organization\",\"name\":\"Polis SA Magazine\",\"url\":\"https:\/\/www.istitutogalanteoliva.it\/magazine\/\",\"logo\":{\"@type\":\"ImageObject\",\"inLanguage\":\"it-IT\",\"@id\":\"https:\/\/www.istitutogalanteoliva.it\/magazine\/#\/schema\/logo\/image\/\",\"url\":\"\",\"contentUrl\":\"\",\"caption\":\"Polis SA Magazine\"},\"image\":{\"@id\":\"https:\/\/www.istitutogalanteoliva.it\/magazine\/#\/schema\/logo\/image\/\"},\"sameAs\":[\"https:\/\/www.facebook.com\/PolisSAMagazine\/\",\"https:\/\/x.com\/MagazinePolis\",\"https:\/\/www.youtube.com\/channel\/UCv0Mr5AHKUmsc0sEEXkJrgw\"]},{\"@type\":\"Person\",\"@id\":\"https:\/\/www.istitutogalanteoliva.it\/magazine\/#\/schema\/person\/d8b8aa79cfe8babc1df9da3212a7c0c4\",\"name\":\"Antonello Rivano\",\"image\":{\"@type\":\"ImageObject\",\"inLanguage\":\"it-IT\",\"@id\":\"https:\/\/www.istitutogalanteoliva.it\/magazine\/#\/schema\/person\/image\/\",\"url\":\"https:\/\/secure.gravatar.com\/avatar\/517a9a6487a7a18ecc4ce6d2e57a8f40?s=96&d=mm&r=g\",\"contentUrl\":\"https:\/\/secure.gravatar.com\/avatar\/517a9a6487a7a18ecc4ce6d2e57a8f40?s=96&d=mm&r=g\",\"caption\":\"Antonello Rivano\"},\"url\":\"https:\/\/www.istitutogalanteoliva.it\/magazine\/author\/antonello\/\"}]}<\/script>\n<!-- \/ Yoast SEO plugin. -->","yoast_head_json":{"title":"Alta Velocit\u00e0 nel Cilento, comunicato Assoturismo - Polis SA Magazine","description":"ASSOTURISMO ITR appoggia l\u2019obiettivo che intende perseguire il neonato Comitato Popolare per l\u2019Alta Velocit\u00e0 nel Cilento","robots":{"index":"index","follow":"follow","max-snippet":"max-snippet:-1","max-image-preview":"max-image-preview:large","max-video-preview":"max-video-preview:-1"},"canonical":"https:\/\/www.istitutogalanteoliva.it\/magazine\/2021\/03\/26\/alta-velocita-nel-cilento-comunicato-assoturismo\/","og_locale":"it_IT","og_type":"article","og_title":"Alta Velocit\u00e0 nel Cilento, comunicato Assoturismo - Polis SA Magazine","og_description":"ASSOTURISMO ITR appoggia l\u2019obiettivo che intende perseguire il neonato Comitato Popolare per l\u2019Alta Velocit\u00e0 nel Cilento","og_url":"https:\/\/www.istitutogalanteoliva.it\/magazine\/2021\/03\/26\/alta-velocita-nel-cilento-comunicato-assoturismo\/","og_site_name":"Polis SA Magazine","article_publisher":"https:\/\/www.facebook.com\/PolisSAMagazine\/","article_published_time":"2021-03-26T11:00:00+00:00","article_modified_time":"2021-03-25T17:01:20+00:00","og_image":[{"width":640,"height":380,"url":"https:\/\/www.istitutogalanteoliva.it\/magazine\/wp-content\/uploads\/2021\/03\/Senza-titolo-og.jpg","type":"image\/jpeg"}],"author":"Antonello Rivano","twitter_card":"summary_large_image","twitter_creator":"@MagazinePolis","twitter_site":"@MagazinePolis","twitter_misc":{"Scritto da":"Antonello Rivano","Tempo di lettura stimato":"9 minuti"},"schema":{"@context":"https:\/\/schema.org","@graph":[{"@type":"Article","@id":"https:\/\/www.istitutogalanteoliva.it\/magazine\/2021\/03\/26\/alta-velocita-nel-cilento-comunicato-assoturismo\/#article","isPartOf":{"@id":"https:\/\/www.istitutogalanteoliva.it\/magazine\/2021\/03\/26\/alta-velocita-nel-cilento-comunicato-assoturismo\/"},"author":{"name":"Antonello Rivano","@id":"https:\/\/www.istitutogalanteoliva.it\/magazine\/#\/schema\/person\/d8b8aa79cfe8babc1df9da3212a7c0c4"},"headline":"Alta Velocit\u00e0 nel Cilento, comunicato Assoturismo","datePublished":"2021-03-26T11:00:00+00:00","dateModified":"2021-03-25T17:01:20+00:00","mainEntityOfPage":{"@id":"https:\/\/www.istitutogalanteoliva.it\/magazine\/2021\/03\/26\/alta-velocita-nel-cilento-comunicato-assoturismo\/"},"wordCount":1808,"commentCount":0,"publisher":{"@id":"https:\/\/www.istitutogalanteoliva.it\/magazine\/#organization"},"image":{"@id":"https:\/\/www.istitutogalanteoliva.it\/magazine\/2021\/03\/26\/alta-velocita-nel-cilento-comunicato-assoturismo\/#primaryimage"},"thumbnailUrl":"https:\/\/www.istitutogalanteoliva.it\/magazine\/wp-content\/uploads\/2021\/03\/Senza-titolo-og.jpg","keywords":["alta velocit\u00e0","assoturismo","campania","cilento","Comunicato"],"articleSection":["2021","Campania","comunicati"],"inLanguage":"it-IT","potentialAction":[{"@type":"CommentAction","name":"Comment","target":["https:\/\/www.istitutogalanteoliva.it\/magazine\/2021\/03\/26\/alta-velocita-nel-cilento-comunicato-assoturismo\/#respond"]}]},{"@type":"WebPage","@id":"https:\/\/www.istitutogalanteoliva.it\/magazine\/2021\/03\/26\/alta-velocita-nel-cilento-comunicato-assoturismo\/","url":"https:\/\/www.istitutogalanteoliva.it\/magazine\/2021\/03\/26\/alta-velocita-nel-cilento-comunicato-assoturismo\/","name":"Alta Velocit\u00e0 nel Cilento, comunicato Assoturismo - Polis SA Magazine","isPartOf":{"@id":"https:\/\/www.istitutogalanteoliva.it\/magazine\/#website"},"primaryImageOfPage":{"@id":"https:\/\/www.istitutogalanteoliva.it\/magazine\/2021\/03\/26\/alta-velocita-nel-cilento-comunicato-assoturismo\/#primaryimage"},"image":{"@id":"https:\/\/www.istitutogalanteoliva.it\/magazine\/2021\/03\/26\/alta-velocita-nel-cilento-comunicato-assoturismo\/#primaryimage"},"thumbnailUrl":"https:\/\/www.istitutogalanteoliva.it\/magazine\/wp-content\/uploads\/2021\/03\/Senza-titolo-og.jpg","datePublished":"2021-03-26T11:00:00+00:00","dateModified":"2021-03-25T17:01:20+00:00","description":"ASSOTURISMO ITR appoggia l\u2019obiettivo che intende perseguire il neonato Comitato Popolare per l\u2019Alta Velocit\u00e0 nel Cilento","breadcrumb":{"@id":"https:\/\/www.istitutogalanteoliva.it\/magazine\/2021\/03\/26\/alta-velocita-nel-cilento-comunicato-assoturismo\/#breadcrumb"},"inLanguage":"it-IT","potentialAction":[{"@type":"ReadAction","target":["https:\/\/www.istitutogalanteoliva.it\/magazine\/2021\/03\/26\/alta-velocita-nel-cilento-comunicato-assoturismo\/"]}]},{"@type":"ImageObject","inLanguage":"it-IT","@id":"https:\/\/www.istitutogalanteoliva.it\/magazine\/2021\/03\/26\/alta-velocita-nel-cilento-comunicato-assoturismo\/#primaryimage","url":"https:\/\/www.istitutogalanteoliva.it\/magazine\/wp-content\/uploads\/2021\/03\/Senza-titolo-og.jpg","contentUrl":"https:\/\/www.istitutogalanteoliva.it\/magazine\/wp-content\/uploads\/2021\/03\/Senza-titolo-og.jpg","width":640,"height":380},{"@type":"BreadcrumbList","@id":"https:\/\/www.istitutogalanteoliva.it\/magazine\/2021\/03\/26\/alta-velocita-nel-cilento-comunicato-assoturismo\/#breadcrumb","itemListElement":[{"@type":"ListItem","position":1,"name":"Home","item":"https:\/\/www.istitutogalanteoliva.it\/magazine\/"},{"@type":"ListItem","position":2,"name":"Alta Velocit\u00e0 nel Cilento, comunicato Assoturismo"}]},{"@type":"WebSite","@id":"https:\/\/www.istitutogalanteoliva.it\/magazine\/#website","url":"https:\/\/www.istitutogalanteoliva.it\/magazine\/","name":"POLIS SA MAGAZINE","description":"Informazione e approfondimenti","publisher":{"@id":"https:\/\/www.istitutogalanteoliva.it\/magazine\/#organization"},"potentialAction":[{"@type":"SearchAction","target":{"@type":"EntryPoint","urlTemplate":"https:\/\/www.istitutogalanteoliva.it\/magazine\/?s={search_term_string}"},"query-input":{"@type":"PropertyValueSpecification","valueRequired":true,"valueName":"search_term_string"}}],"inLanguage":"it-IT"},{"@type":"Organization","@id":"https:\/\/www.istitutogalanteoliva.it\/magazine\/#organization","name":"Polis SA Magazine","url":"https:\/\/www.istitutogalanteoliva.it\/magazine\/","logo":{"@type":"ImageObject","inLanguage":"it-IT","@id":"https:\/\/www.istitutogalanteoliva.it\/magazine\/#\/schema\/logo\/image\/","url":"","contentUrl":"","caption":"Polis SA Magazine"},"image":{"@id":"https:\/\/www.istitutogalanteoliva.it\/magazine\/#\/schema\/logo\/image\/"},"sameAs":["https:\/\/www.facebook.com\/PolisSAMagazine\/","https:\/\/x.com\/MagazinePolis","https:\/\/www.youtube.com\/channel\/UCv0Mr5AHKUmsc0sEEXkJrgw"]},{"@type":"Person","@id":"https:\/\/www.istitutogalanteoliva.it\/magazine\/#\/schema\/person\/d8b8aa79cfe8babc1df9da3212a7c0c4","name":"Antonello Rivano","image":{"@type":"ImageObject","inLanguage":"it-IT","@id":"https:\/\/www.istitutogalanteoliva.it\/magazine\/#\/schema\/person\/image\/","url":"https:\/\/secure.gravatar.com\/avatar\/517a9a6487a7a18ecc4ce6d2e57a8f40?s=96&d=mm&r=g","contentUrl":"https:\/\/secure.gravatar.com\/avatar\/517a9a6487a7a18ecc4ce6d2e57a8f40?s=96&d=mm&r=g","caption":"Antonello Rivano"},"url":"https:\/\/www.istitutogalanteoliva.it\/magazine\/author\/antonello\/"}]}},"_links":{"self":[{"href":"https:\/\/www.istitutogalanteoliva.it\/magazine\/wp-json\/wp\/v2\/posts\/6568","targetHints":{"allow":["GET"]}}],"collection":[{"href":"https:\/\/www.istitutogalanteoliva.it\/magazine\/wp-json\/wp\/v2\/posts"}],"about":[{"href":"https:\/\/www.istitutogalanteoliva.it\/magazine\/wp-json\/wp\/v2\/types\/post"}],"author":[{"embeddable":true,"href":"https:\/\/www.istitutogalanteoliva.it\/magazine\/wp-json\/wp\/v2\/users\/2"}],"replies":[{"embeddable":true,"href":"https:\/\/www.istitutogalanteoliva.it\/magazine\/wp-json\/wp\/v2\/comments?post=6568"}],"version-history":[{"count":2,"href":"https:\/\/www.istitutogalanteoliva.it\/magazine\/wp-json\/wp\/v2\/posts\/6568\/revisions"}],"predecessor-version":[{"id":6573,"href":"https:\/\/www.istitutogalanteoliva.it\/magazine\/wp-json\/wp\/v2\/posts\/6568\/revisions\/6573"}],"wp:featuredmedia":[{"embeddable":true,"href":"https:\/\/www.istitutogalanteoliva.it\/magazine\/wp-json\/wp\/v2\/media\/6569"}],"wp:attachment":[{"href":"https:\/\/www.istitutogalanteoliva.it\/magazine\/wp-json\/wp\/v2\/media?parent=6568"}],"wp:term":[{"taxonomy":"category","embeddable":true,"href":"https:\/\/www.istitutogalanteoliva.it\/magazine\/wp-json\/wp\/v2\/categories?post=6568"},{"taxonomy":"post_tag","embeddable":true,"href":"https:\/\/www.istitutogalanteoliva.it\/magazine\/wp-json\/wp\/v2\/tags?post=6568"}],"curies":[{"name":"wp","href":"https:\/\/api.w.org\/{rel}","templated":true}]}}