{"id":6779,"date":"2021-04-02T08:00:00","date_gmt":"2021-04-02T06:00:00","guid":{"rendered":"https:\/\/www.istitutogalanteoliva.it\/magazine\/?p=6779"},"modified":"2025-03-27T16:21:55","modified_gmt":"2025-03-27T15:21:55","slug":"london-bellavita-expo-il-made-in-italy-tra-brexit-e-covid-19","status":"publish","type":"post","link":"https:\/\/www.istitutogalanteoliva.it\/magazine\/2021\/04\/02\/london-bellavita-expo-il-made-in-italy-tra-brexit-e-covid-19\/","title":{"rendered":"London Bellavita Expo. Il &#8220;Made in Italy&#8221; tra Brexit e Covid-19"},"content":{"rendered":"\n<h2 class=\"wp-block-heading\">Intervista ad Aldo Mazzocco, amministratore delegato di Bellavita Expo. <\/h2>\n\n\n\n<p>Di Antonello Rivano<\/p>\n\n\n\n<p><strong><a href=\"https:\/\/www.bellavita.com\/it\/\" target=\"_blank\" rel=\"noreferrer noopener\">Bellavita Expo<\/a><\/strong>, specialista del tradeshow in <strong>Gran Bretagna<\/strong> ed <strong>Europa<\/strong>, ma anche nelle <strong>Americhe<\/strong> e in <strong>Asia<\/strong>, \u00e8&nbsp;<strong>il principale trade show dedicato alla promozione del Food &amp; Beverage italiano nel mondo<\/strong>, &nbsp;e si avvale della collaborazione di&nbsp;<strong><a href=\"https:\/\/www.vinitaly.com\/\" target=\"_blank\" rel=\"noreferrer noopener\">Vinitaly<\/a><\/strong>&nbsp;e&nbsp;<strong><a href=\"https:\/\/www.cibus.it\/\" target=\"_blank\" rel=\"noreferrer noopener\">Cibus<\/a><\/strong>. Bellavita Expo presenta i migliori prodotti F&amp;B in occasione di dieci eventi annuali organizzati a <strong>Londra, Amburgo, Varsavia, Parma, Toronto, Chicago, Citt\u00e0 del Messico, Bangkok, Riga e Amsterdam &#8211;<\/strong><\/p>\n\n\n\n<p>Nel 2019 oltre 1000 aziende italiane hanno preso parte agli eventi internazionali di Bellavita Expo.<\/p>\n\n\n\n<p>La <strong>settima edizione di Bellavita Expo Londra<\/strong> si terr\u00e0&nbsp;nei giorni&nbsp;<strong>25-26 ottobre 2021<\/strong>. L&#8217;ultima edizione di Bellavita Expo Londra &#8211; novembre 2019 &#8211; ha visto la partecipazione di oltre&nbsp;6000 professionisti del settore&nbsp;presenti al pi\u00f9 grande evento dedicato alla celebrazione delle eccellenze Food &amp; Beverage del Mediterraneo. L&#8217;evento ha richiamato pi\u00f9 di&nbsp;250 espositori&nbsp;rappresentando un\u2019ampia variet\u00e0 di prodotti innovativi e autentici, con produttori artigianali affiancati da grandi marchi. Oltre 3.000 i prodotti mediterranei di alta qualit\u00e0 in esposizione, grazie anche alla collaborazione con le pi\u00f9 importanti fiere italiane&nbsp;<a href=\"https:\/\/www.vinitaly.com\/\" target=\"_blank\" rel=\"noreferrer noopener\">Vinitaly&nbsp;<\/a>e&nbsp;<a href=\"https:\/\/www.cibus.it\/\" target=\"_blank\" rel=\"noreferrer noopener\">Cibus&nbsp;<\/a>e la presenza di&nbsp;<a href=\"https:\/\/www.ibericaexpo.com\/en\/expo\/\" target=\"_blank\" rel=\"noreferrer noopener\">Ib\u00e9rica Expo<\/a>.<\/p>\n\n\n\n<p>Abbiamo raggiunto telematicamente, a<strong> Londra<\/strong>, l&#8217;amministratore delegato di <strong> Bellavita Export<\/strong>: <strong>Aldo Mazzocco<\/strong><\/p>\n\n\n\n<div class=\"wp-block-image\"><figure class=\"alignright size-large is-resized\"><img loading=\"lazy\" decoding=\"async\" src=\"https:\/\/www.istitutogalanteoliva.it\/magazine\/wp-content\/uploads\/2021\/04\/WhatsApp-Image-2021-03-29-at-22.43.49.jpeg\" alt=\"London Bellavita Expo\" class=\"wp-image-6782\" width=\"342\" height=\"512\" srcset=\"https:\/\/www.istitutogalanteoliva.it\/magazine\/wp-content\/uploads\/2021\/04\/WhatsApp-Image-2021-03-29-at-22.43.49.jpeg 684w, https:\/\/www.istitutogalanteoliva.it\/magazine\/wp-content\/uploads\/2021\/04\/WhatsApp-Image-2021-03-29-at-22.43.49-200x300.jpeg 200w\" sizes=\"auto, (max-width: 342px) 100vw, 342px\" \/><figcaption><sub>-Aldo Mazzocco-<\/sub><\/figcaption><\/figure><\/div>\n\n\n\n<p><strong> <em>Mazzocco, per il 2021, la data della  settima edizione di Bellavita expo sar\u00e0 tra il 25 e 26 ottobre. Questo nonostante la pandemia?<\/em><\/strong><\/p>\n\n\n\n<p><em>Esattamente. Come i nostri partner e colleghi del mondo degli Eventi e Trade Show ci siamo dovuti fermare da <strong>Marzo 2020 <\/strong>e nel <strong>primo semestre del 2021<\/strong>, fatta eccezione per l\u2019<a href=\"https:\/\/www.bellavita.com\/it\/magazine\/bellavita-toronto-rc-show-2021-trailer\/\" target=\"_blank\" rel=\"noreferrer noopener\">Italian Pavillon all\u2019evento digitale organizzato da RCShow di Toronto<\/a>, ma non siamo stati immobili. <\/em><\/p>\n\n\n\n<p><em>Abbiamo continuato ad intrecciare rapporti con i produttori italiani, gi\u00e0 nostri partner e nuovi, che ci hanno dimostrato che questo era il momento giusto per pianificare al meglio il futuro. Abbiamo monitorato i dati economici dei nostri mercati di riferimento, le importazioni ed il consumo di prodotti italiani. Abbiamo anche analizzato l\u2019evoluzione digitale all\u2019interno della macro area dell\u2019Export dei prodotti agro alimentari e siamo pronti per tornare a fare Fiere, a permettere l\u2019incontro tra domanda ed offerta.<\/em><\/p>\n\n\n\n<p><em><strong>Cosa \u00e8 cambiato per voi, e per i prodotti Made in Italy, in Inghilterra con la Brexit?<\/strong><\/em><\/p>\n\n\n\n<p><em>La Brexit fortunatamente non \u00e8 stata una doccia fredda ma \u201cIt is a thing\u201d &#8211; come direbbero gli inglese &#8211; \u00e8 un fatto dato che la Gran Bretagna \u00e8 il quarto mercato di riferimento per le esportazioni italiane. <\/em><em><\/em><\/p>\n\n\n\n<p><em>Per noi non \u00e8 cambiato assolutamente nulla, siamo ancora pi\u00f9 consapevoli di quanto il nostro ruolo sia vitale e centrale per promuovere e far conoscere il nostro complesso e vasto patrimonio eno-gastronomico in Gran Bretagna. <\/em><em><\/em><\/p>\n\n\n\n<p><em>I produttori italiani invece non dovranno spaventarsi ma strutturarsi e considerare questo mercato importante, alla stregua di molti altri pi\u00f9 lontani dall\u2019Europa.<\/em><em><\/em><\/p>\n\n\n\n<p><em>Gli inglesi sono innamorati di tutto quello che \u00e8 italiano, artigianale e fatto a regola d\u2019arte; non dobbiamo perdere le quote di mercato fino ad ora guadagnate. <\/em><\/p>\n\n\n\n<p><em><strong>Quale&nbsp; \u00e8 la reale situazione dell&#8217;emergenza Covid in Inghilterra?<\/strong><\/em><\/p>\n\n\n\n<p><em>Fortunatamente quella che si legge sui quotidiani e telegiornali italiani.<\/em><em><\/em><\/p>\n\n\n\n<p><em>Vi \u00e8 una efficiente campagna vaccinale ed una road map chiara e precisa che porter\u00e0 molto presto alla normalit\u00e0.&nbsp;&nbsp; <\/em><\/p>\n\n\n\n<figure class=\"wp-block-image size-large is-resized\"><img loading=\"lazy\" decoding=\"async\" src=\"https:\/\/www.istitutogalanteoliva.it\/magazine\/wp-content\/uploads\/2021\/04\/WhatsApp-Image-2021-03-29-at-22.45.22.jpeg\" alt=\"London Bellavita Expo\" class=\"wp-image-6784\" width=\"512\" height=\"342\" srcset=\"https:\/\/www.istitutogalanteoliva.it\/magazine\/wp-content\/uploads\/2021\/04\/WhatsApp-Image-2021-03-29-at-22.45.22.jpeg 1024w, https:\/\/www.istitutogalanteoliva.it\/magazine\/wp-content\/uploads\/2021\/04\/WhatsApp-Image-2021-03-29-at-22.45.22-300x200.jpeg 300w, https:\/\/www.istitutogalanteoliva.it\/magazine\/wp-content\/uploads\/2021\/04\/WhatsApp-Image-2021-03-29-at-22.45.22-768x512.jpeg 768w, https:\/\/www.istitutogalanteoliva.it\/magazine\/wp-content\/uploads\/2021\/04\/WhatsApp-Image-2021-03-29-at-22.45.22-675x450.jpeg 675w\" sizes=\"auto, (max-width: 512px) 100vw, 512px\" \/><\/figure>\n\n\n\n<p><em><strong>Rispetto ai vostri programmi e precedenti esperienze, alla luce dei tanti cambiamenti dettati&nbsp; da nuove situazioni economiche e sanitarie, prevedete un cambio di passo per il futuro?<\/strong><\/em><\/p>\n\n\n\n<p><em>Non \u00e8 un vero e proprio cambio di passo ma un sentiero gi\u00e0 segnato prima del 2020. La direzione \u00e8 sempre stata molto chiara per noi organizzatori di eventi e Trade Show, questa situazione lo ha solo messo in luce per tutti e nello stesso momento.<\/em><\/p>\n\n\n\n<p><em>La sfida si giocher\u00e0 sui dettagli ed i servizi offerti al cliente durante l\u2019evento e tutto l\u2019anno, bisogner\u00e0 seguirli nella pianificazione internazionale e nel raggiungimento dei loro obiettivi mercato per mercato.<\/em><\/p>\n\n\n\n<p><em>E\u2019 finito il tempo \u201cdelle strade veloci\u201d o degli \u201cshortcuts\u201d &#8211; se mai ce n\u2019\u00e8 stato uno &#8211; \u00e8 arrivato il tempo in cui \u00e8 necessario pianificare attentamente le azioni e gli obiettivi, individuando il partner giusto e costruire il percorso insieme.<\/em><\/p>\n\n\n\n<p><em>Noi siamo pronti!<\/em><\/p>\n\n\n\n<p><strong><span class=\"has-inline-color has-vivid-cyan-blue-color\">Autore<\/span><\/strong> <\/p>\n\n\n\n<p class=\"has-text-align-left\"><img loading=\"lazy\" decoding=\"async\" width=\"80\" height=\"80\" class=\"wp-image-15584\" style=\"width: 80px;\" src=\"https:\/\/www.istitutogalanteoliva.it\/magazine\/wp-content\/uploads\/2024\/08\/anto.png\" alt=\"\" srcset=\"https:\/\/www.istitutogalanteoliva.it\/magazine\/wp-content\/uploads\/2024\/08\/anto.png 247w, https:\/\/www.istitutogalanteoliva.it\/magazine\/wp-content\/uploads\/2024\/08\/anto-150x150.png 150w\" sizes=\"auto, (max-width: 80px) 100vw, 80px\" \/><em><mark style=\"background-color:rgba(0, 0, 0, 0)\" class=\"has-inline-color has-black-color\"><strong><a href=\"https:\/\/www.istitutogalanteoliva\/antonello-rivano-2\/\">Antonello Rivano<\/a><\/strong><\/mark><\/em><br><sup><strong>Direttore di redazione\/coordinatore nazionale<\/strong> <strong><em>Polis SA Magazine<\/em><\/strong><\/sup><br><\/p>\n\n\n\n<p><\/p>\n<div class=\"pdfprnt-buttons pdfprnt-buttons-post pdfprnt-bottom-left\"><a href=\"https:\/\/www.istitutogalanteoliva.it\/magazine\/wp-json\/wp\/v2\/posts\/6779?print=print\" class=\"pdfprnt-button pdfprnt-button-print\" target=\"_blank\"><img decoding=\"async\" src=\"https:\/\/www.istitutogalanteoliva.it\/magazine\/wp-content\/plugins\/pdf-print\/images\/print.png\" alt=\"image_print\" title=\"Stampa contenuto\" \/><span class=\"pdfprnt-button-title pdfprnt-button-print-title\">Download in PDF<\/span><\/a><\/div>","protected":false},"excerpt":{"rendered":"<p>Gli inglesi sono innamorati di tutto quello che \u00e8 italiano, artigianale e fatto a regola d\u2019arte; non dobbiamo perdere le quote di mercato fino ad ora guadagnate (Aldo Mazzocco)<\/p>\n","protected":false},"author":2,"featured_media":6780,"comment_status":"open","ping_status":"open","sticky":false,"template":"","format":"standard","meta":{"footnotes":""},"categories":[148,47,52,199],"tags":[],"class_list":["post-6779","post","type-post","status-publish","format-standard","has-post-thumbnail","hentry","category-148","category-eventi","category-il-cibo-e-il-vino","category-interviste"],"yoast_head":"<!-- This site is optimized with the Yoast SEO plugin v24.2 - https:\/\/yoast.com\/wordpress\/plugins\/seo\/ -->\n<title>London Bellavita Expo. Il &quot;Made in Italy&quot; tra Brexit e Covid-19 - Polis SA Magazine<\/title>\n<meta name=\"robots\" content=\"index, follow, max-snippet:-1, max-image-preview:large, max-video-preview:-1\" \/>\n<link rel=\"canonical\" href=\"https:\/\/www.istitutogalanteoliva.it\/magazine\/2021\/04\/02\/london-bellavita-expo-il-made-in-italy-tra-brexit-e-covid-19\/\" \/>\n<meta property=\"og:locale\" content=\"it_IT\" \/>\n<meta property=\"og:type\" content=\"article\" \/>\n<meta property=\"og:title\" content=\"London Bellavita Expo. Il &quot;Made in Italy&quot; tra Brexit e Covid-19 - Polis SA Magazine\" \/>\n<meta property=\"og:description\" content=\"Gli inglesi sono innamorati di tutto quello che \u00e8 italiano, artigianale e fatto a regola d\u2019arte; non dobbiamo perdere le quote di mercato fino ad ora guadagnate (Aldo Mazzocco)\" \/>\n<meta property=\"og:url\" content=\"https:\/\/www.istitutogalanteoliva.it\/magazine\/2021\/04\/02\/london-bellavita-expo-il-made-in-italy-tra-brexit-e-covid-19\/\" \/>\n<meta property=\"og:site_name\" content=\"Polis SA Magazine\" \/>\n<meta property=\"article:publisher\" content=\"https:\/\/www.facebook.com\/PolisSAMagazine\/\" \/>\n<meta property=\"article:published_time\" content=\"2021-04-02T06:00:00+00:00\" \/>\n<meta property=\"article:modified_time\" content=\"2025-03-27T15:21:55+00:00\" \/>\n<meta property=\"og:image\" content=\"https:\/\/www.istitutogalanteoliva.it\/magazine\/wp-content\/uploads\/2021\/04\/WhatsApp-Image-2021-03-29-at-22.45.48.jpeg\" \/>\n\t<meta property=\"og:image:width\" content=\"1024\" \/>\n\t<meta property=\"og:image:height\" content=\"682\" \/>\n\t<meta property=\"og:image:type\" content=\"image\/jpeg\" \/>\n<meta name=\"author\" content=\"Antonello Rivano\" \/>\n<meta name=\"twitter:card\" content=\"summary_large_image\" \/>\n<meta name=\"twitter:creator\" content=\"@MagazinePolis\" \/>\n<meta name=\"twitter:site\" content=\"@MagazinePolis\" \/>\n<meta name=\"twitter:label1\" content=\"Scritto da\" \/>\n\t<meta name=\"twitter:data1\" content=\"Antonello Rivano\" \/>\n\t<meta name=\"twitter:label2\" content=\"Tempo di lettura stimato\" \/>\n\t<meta name=\"twitter:data2\" content=\"3 minuti\" \/>\n<script type=\"application\/ld+json\" class=\"yoast-schema-graph\">{\"@context\":\"https:\/\/schema.org\",\"@graph\":[{\"@type\":\"Article\",\"@id\":\"https:\/\/www.istitutogalanteoliva.it\/magazine\/2021\/04\/02\/london-bellavita-expo-il-made-in-italy-tra-brexit-e-covid-19\/#article\",\"isPartOf\":{\"@id\":\"https:\/\/www.istitutogalanteoliva.it\/magazine\/2021\/04\/02\/london-bellavita-expo-il-made-in-italy-tra-brexit-e-covid-19\/\"},\"author\":{\"name\":\"Antonello Rivano\",\"@id\":\"https:\/\/www.istitutogalanteoliva.it\/magazine\/#\/schema\/person\/d8b8aa79cfe8babc1df9da3212a7c0c4\"},\"headline\":\"London Bellavita Expo. Il &#8220;Made in Italy&#8221; tra Brexit e Covid-19\",\"datePublished\":\"2021-04-02T06:00:00+00:00\",\"dateModified\":\"2025-03-27T15:21:55+00:00\",\"mainEntityOfPage\":{\"@id\":\"https:\/\/www.istitutogalanteoliva.it\/magazine\/2021\/04\/02\/london-bellavita-expo-il-made-in-italy-tra-brexit-e-covid-19\/\"},\"wordCount\":701,\"commentCount\":0,\"publisher\":{\"@id\":\"https:\/\/www.istitutogalanteoliva.it\/magazine\/#organization\"},\"image\":{\"@id\":\"https:\/\/www.istitutogalanteoliva.it\/magazine\/2021\/04\/02\/london-bellavita-expo-il-made-in-italy-tra-brexit-e-covid-19\/#primaryimage\"},\"thumbnailUrl\":\"https:\/\/www.istitutogalanteoliva.it\/magazine\/wp-content\/uploads\/2021\/04\/WhatsApp-Image-2021-03-29-at-22.45.48.jpeg\",\"articleSection\":[\"2021\",\"Eventi\",\"Il cibo e il vino\",\"Interviste\"],\"inLanguage\":\"it-IT\",\"potentialAction\":[{\"@type\":\"CommentAction\",\"name\":\"Comment\",\"target\":[\"https:\/\/www.istitutogalanteoliva.it\/magazine\/2021\/04\/02\/london-bellavita-expo-il-made-in-italy-tra-brexit-e-covid-19\/#respond\"]}]},{\"@type\":\"WebPage\",\"@id\":\"https:\/\/www.istitutogalanteoliva.it\/magazine\/2021\/04\/02\/london-bellavita-expo-il-made-in-italy-tra-brexit-e-covid-19\/\",\"url\":\"https:\/\/www.istitutogalanteoliva.it\/magazine\/2021\/04\/02\/london-bellavita-expo-il-made-in-italy-tra-brexit-e-covid-19\/\",\"name\":\"London Bellavita Expo. Il \\\"Made in Italy\\\" tra Brexit e Covid-19 - Polis SA Magazine\",\"isPartOf\":{\"@id\":\"https:\/\/www.istitutogalanteoliva.it\/magazine\/#website\"},\"primaryImageOfPage\":{\"@id\":\"https:\/\/www.istitutogalanteoliva.it\/magazine\/2021\/04\/02\/london-bellavita-expo-il-made-in-italy-tra-brexit-e-covid-19\/#primaryimage\"},\"image\":{\"@id\":\"https:\/\/www.istitutogalanteoliva.it\/magazine\/2021\/04\/02\/london-bellavita-expo-il-made-in-italy-tra-brexit-e-covid-19\/#primaryimage\"},\"thumbnailUrl\":\"https:\/\/www.istitutogalanteoliva.it\/magazine\/wp-content\/uploads\/2021\/04\/WhatsApp-Image-2021-03-29-at-22.45.48.jpeg\",\"datePublished\":\"2021-04-02T06:00:00+00:00\",\"dateModified\":\"2025-03-27T15:21:55+00:00\",\"breadcrumb\":{\"@id\":\"https:\/\/www.istitutogalanteoliva.it\/magazine\/2021\/04\/02\/london-bellavita-expo-il-made-in-italy-tra-brexit-e-covid-19\/#breadcrumb\"},\"inLanguage\":\"it-IT\",\"potentialAction\":[{\"@type\":\"ReadAction\",\"target\":[\"https:\/\/www.istitutogalanteoliva.it\/magazine\/2021\/04\/02\/london-bellavita-expo-il-made-in-italy-tra-brexit-e-covid-19\/\"]}]},{\"@type\":\"ImageObject\",\"inLanguage\":\"it-IT\",\"@id\":\"https:\/\/www.istitutogalanteoliva.it\/magazine\/2021\/04\/02\/london-bellavita-expo-il-made-in-italy-tra-brexit-e-covid-19\/#primaryimage\",\"url\":\"https:\/\/www.istitutogalanteoliva.it\/magazine\/wp-content\/uploads\/2021\/04\/WhatsApp-Image-2021-03-29-at-22.45.48.jpeg\",\"contentUrl\":\"https:\/\/www.istitutogalanteoliva.it\/magazine\/wp-content\/uploads\/2021\/04\/WhatsApp-Image-2021-03-29-at-22.45.48.jpeg\",\"width\":1024,\"height\":682,\"caption\":\"London Bellavita Expo\"},{\"@type\":\"BreadcrumbList\",\"@id\":\"https:\/\/www.istitutogalanteoliva.it\/magazine\/2021\/04\/02\/london-bellavita-expo-il-made-in-italy-tra-brexit-e-covid-19\/#breadcrumb\",\"itemListElement\":[{\"@type\":\"ListItem\",\"position\":1,\"name\":\"Home\",\"item\":\"https:\/\/www.istitutogalanteoliva.it\/magazine\/\"},{\"@type\":\"ListItem\",\"position\":2,\"name\":\"London Bellavita Expo. Il &#8220;Made in Italy&#8221; tra Brexit e Covid-19\"}]},{\"@type\":\"WebSite\",\"@id\":\"https:\/\/www.istitutogalanteoliva.it\/magazine\/#website\",\"url\":\"https:\/\/www.istitutogalanteoliva.it\/magazine\/\",\"name\":\"POLIS SA MAGAZINE\",\"description\":\"Informazione e approfondimenti\",\"publisher\":{\"@id\":\"https:\/\/www.istitutogalanteoliva.it\/magazine\/#organization\"},\"potentialAction\":[{\"@type\":\"SearchAction\",\"target\":{\"@type\":\"EntryPoint\",\"urlTemplate\":\"https:\/\/www.istitutogalanteoliva.it\/magazine\/?s={search_term_string}\"},\"query-input\":{\"@type\":\"PropertyValueSpecification\",\"valueRequired\":true,\"valueName\":\"search_term_string\"}}],\"inLanguage\":\"it-IT\"},{\"@type\":\"Organization\",\"@id\":\"https:\/\/www.istitutogalanteoliva.it\/magazine\/#organization\",\"name\":\"Polis SA Magazine\",\"url\":\"https:\/\/www.istitutogalanteoliva.it\/magazine\/\",\"logo\":{\"@type\":\"ImageObject\",\"inLanguage\":\"it-IT\",\"@id\":\"https:\/\/www.istitutogalanteoliva.it\/magazine\/#\/schema\/logo\/image\/\",\"url\":\"\",\"contentUrl\":\"\",\"caption\":\"Polis SA Magazine\"},\"image\":{\"@id\":\"https:\/\/www.istitutogalanteoliva.it\/magazine\/#\/schema\/logo\/image\/\"},\"sameAs\":[\"https:\/\/www.facebook.com\/PolisSAMagazine\/\",\"https:\/\/x.com\/MagazinePolis\",\"https:\/\/www.youtube.com\/channel\/UCv0Mr5AHKUmsc0sEEXkJrgw\"]},{\"@type\":\"Person\",\"@id\":\"https:\/\/www.istitutogalanteoliva.it\/magazine\/#\/schema\/person\/d8b8aa79cfe8babc1df9da3212a7c0c4\",\"name\":\"Antonello Rivano\",\"image\":{\"@type\":\"ImageObject\",\"inLanguage\":\"it-IT\",\"@id\":\"https:\/\/www.istitutogalanteoliva.it\/magazine\/#\/schema\/person\/image\/\",\"url\":\"https:\/\/secure.gravatar.com\/avatar\/517a9a6487a7a18ecc4ce6d2e57a8f40?s=96&d=mm&r=g\",\"contentUrl\":\"https:\/\/secure.gravatar.com\/avatar\/517a9a6487a7a18ecc4ce6d2e57a8f40?s=96&d=mm&r=g\",\"caption\":\"Antonello Rivano\"},\"url\":\"https:\/\/www.istitutogalanteoliva.it\/magazine\/author\/antonello\/\"}]}<\/script>\n<!-- \/ Yoast SEO plugin. -->","yoast_head_json":{"title":"London Bellavita Expo. Il \"Made in Italy\" tra Brexit e Covid-19 - Polis SA Magazine","robots":{"index":"index","follow":"follow","max-snippet":"max-snippet:-1","max-image-preview":"max-image-preview:large","max-video-preview":"max-video-preview:-1"},"canonical":"https:\/\/www.istitutogalanteoliva.it\/magazine\/2021\/04\/02\/london-bellavita-expo-il-made-in-italy-tra-brexit-e-covid-19\/","og_locale":"it_IT","og_type":"article","og_title":"London Bellavita Expo. Il \"Made in Italy\" tra Brexit e Covid-19 - Polis SA Magazine","og_description":"Gli inglesi sono innamorati di tutto quello che \u00e8 italiano, artigianale e fatto a regola d\u2019arte; non dobbiamo perdere le quote di mercato fino ad ora guadagnate (Aldo Mazzocco)","og_url":"https:\/\/www.istitutogalanteoliva.it\/magazine\/2021\/04\/02\/london-bellavita-expo-il-made-in-italy-tra-brexit-e-covid-19\/","og_site_name":"Polis SA Magazine","article_publisher":"https:\/\/www.facebook.com\/PolisSAMagazine\/","article_published_time":"2021-04-02T06:00:00+00:00","article_modified_time":"2025-03-27T15:21:55+00:00","og_image":[{"width":1024,"height":682,"url":"https:\/\/www.istitutogalanteoliva.it\/magazine\/wp-content\/uploads\/2021\/04\/WhatsApp-Image-2021-03-29-at-22.45.48.jpeg","type":"image\/jpeg"}],"author":"Antonello Rivano","twitter_card":"summary_large_image","twitter_creator":"@MagazinePolis","twitter_site":"@MagazinePolis","twitter_misc":{"Scritto da":"Antonello Rivano","Tempo di lettura stimato":"3 minuti"},"schema":{"@context":"https:\/\/schema.org","@graph":[{"@type":"Article","@id":"https:\/\/www.istitutogalanteoliva.it\/magazine\/2021\/04\/02\/london-bellavita-expo-il-made-in-italy-tra-brexit-e-covid-19\/#article","isPartOf":{"@id":"https:\/\/www.istitutogalanteoliva.it\/magazine\/2021\/04\/02\/london-bellavita-expo-il-made-in-italy-tra-brexit-e-covid-19\/"},"author":{"name":"Antonello Rivano","@id":"https:\/\/www.istitutogalanteoliva.it\/magazine\/#\/schema\/person\/d8b8aa79cfe8babc1df9da3212a7c0c4"},"headline":"London Bellavita Expo. Il &#8220;Made in Italy&#8221; tra Brexit e Covid-19","datePublished":"2021-04-02T06:00:00+00:00","dateModified":"2025-03-27T15:21:55+00:00","mainEntityOfPage":{"@id":"https:\/\/www.istitutogalanteoliva.it\/magazine\/2021\/04\/02\/london-bellavita-expo-il-made-in-italy-tra-brexit-e-covid-19\/"},"wordCount":701,"commentCount":0,"publisher":{"@id":"https:\/\/www.istitutogalanteoliva.it\/magazine\/#organization"},"image":{"@id":"https:\/\/www.istitutogalanteoliva.it\/magazine\/2021\/04\/02\/london-bellavita-expo-il-made-in-italy-tra-brexit-e-covid-19\/#primaryimage"},"thumbnailUrl":"https:\/\/www.istitutogalanteoliva.it\/magazine\/wp-content\/uploads\/2021\/04\/WhatsApp-Image-2021-03-29-at-22.45.48.jpeg","articleSection":["2021","Eventi","Il cibo e il vino","Interviste"],"inLanguage":"it-IT","potentialAction":[{"@type":"CommentAction","name":"Comment","target":["https:\/\/www.istitutogalanteoliva.it\/magazine\/2021\/04\/02\/london-bellavita-expo-il-made-in-italy-tra-brexit-e-covid-19\/#respond"]}]},{"@type":"WebPage","@id":"https:\/\/www.istitutogalanteoliva.it\/magazine\/2021\/04\/02\/london-bellavita-expo-il-made-in-italy-tra-brexit-e-covid-19\/","url":"https:\/\/www.istitutogalanteoliva.it\/magazine\/2021\/04\/02\/london-bellavita-expo-il-made-in-italy-tra-brexit-e-covid-19\/","name":"London Bellavita Expo. Il \"Made in Italy\" tra Brexit e Covid-19 - Polis SA Magazine","isPartOf":{"@id":"https:\/\/www.istitutogalanteoliva.it\/magazine\/#website"},"primaryImageOfPage":{"@id":"https:\/\/www.istitutogalanteoliva.it\/magazine\/2021\/04\/02\/london-bellavita-expo-il-made-in-italy-tra-brexit-e-covid-19\/#primaryimage"},"image":{"@id":"https:\/\/www.istitutogalanteoliva.it\/magazine\/2021\/04\/02\/london-bellavita-expo-il-made-in-italy-tra-brexit-e-covid-19\/#primaryimage"},"thumbnailUrl":"https:\/\/www.istitutogalanteoliva.it\/magazine\/wp-content\/uploads\/2021\/04\/WhatsApp-Image-2021-03-29-at-22.45.48.jpeg","datePublished":"2021-04-02T06:00:00+00:00","dateModified":"2025-03-27T15:21:55+00:00","breadcrumb":{"@id":"https:\/\/www.istitutogalanteoliva.it\/magazine\/2021\/04\/02\/london-bellavita-expo-il-made-in-italy-tra-brexit-e-covid-19\/#breadcrumb"},"inLanguage":"it-IT","potentialAction":[{"@type":"ReadAction","target":["https:\/\/www.istitutogalanteoliva.it\/magazine\/2021\/04\/02\/london-bellavita-expo-il-made-in-italy-tra-brexit-e-covid-19\/"]}]},{"@type":"ImageObject","inLanguage":"it-IT","@id":"https:\/\/www.istitutogalanteoliva.it\/magazine\/2021\/04\/02\/london-bellavita-expo-il-made-in-italy-tra-brexit-e-covid-19\/#primaryimage","url":"https:\/\/www.istitutogalanteoliva.it\/magazine\/wp-content\/uploads\/2021\/04\/WhatsApp-Image-2021-03-29-at-22.45.48.jpeg","contentUrl":"https:\/\/www.istitutogalanteoliva.it\/magazine\/wp-content\/uploads\/2021\/04\/WhatsApp-Image-2021-03-29-at-22.45.48.jpeg","width":1024,"height":682,"caption":"London Bellavita Expo"},{"@type":"BreadcrumbList","@id":"https:\/\/www.istitutogalanteoliva.it\/magazine\/2021\/04\/02\/london-bellavita-expo-il-made-in-italy-tra-brexit-e-covid-19\/#breadcrumb","itemListElement":[{"@type":"ListItem","position":1,"name":"Home","item":"https:\/\/www.istitutogalanteoliva.it\/magazine\/"},{"@type":"ListItem","position":2,"name":"London Bellavita Expo. Il &#8220;Made in Italy&#8221; tra Brexit e Covid-19"}]},{"@type":"WebSite","@id":"https:\/\/www.istitutogalanteoliva.it\/magazine\/#website","url":"https:\/\/www.istitutogalanteoliva.it\/magazine\/","name":"POLIS SA MAGAZINE","description":"Informazione e approfondimenti","publisher":{"@id":"https:\/\/www.istitutogalanteoliva.it\/magazine\/#organization"},"potentialAction":[{"@type":"SearchAction","target":{"@type":"EntryPoint","urlTemplate":"https:\/\/www.istitutogalanteoliva.it\/magazine\/?s={search_term_string}"},"query-input":{"@type":"PropertyValueSpecification","valueRequired":true,"valueName":"search_term_string"}}],"inLanguage":"it-IT"},{"@type":"Organization","@id":"https:\/\/www.istitutogalanteoliva.it\/magazine\/#organization","name":"Polis SA Magazine","url":"https:\/\/www.istitutogalanteoliva.it\/magazine\/","logo":{"@type":"ImageObject","inLanguage":"it-IT","@id":"https:\/\/www.istitutogalanteoliva.it\/magazine\/#\/schema\/logo\/image\/","url":"","contentUrl":"","caption":"Polis SA Magazine"},"image":{"@id":"https:\/\/www.istitutogalanteoliva.it\/magazine\/#\/schema\/logo\/image\/"},"sameAs":["https:\/\/www.facebook.com\/PolisSAMagazine\/","https:\/\/x.com\/MagazinePolis","https:\/\/www.youtube.com\/channel\/UCv0Mr5AHKUmsc0sEEXkJrgw"]},{"@type":"Person","@id":"https:\/\/www.istitutogalanteoliva.it\/magazine\/#\/schema\/person\/d8b8aa79cfe8babc1df9da3212a7c0c4","name":"Antonello Rivano","image":{"@type":"ImageObject","inLanguage":"it-IT","@id":"https:\/\/www.istitutogalanteoliva.it\/magazine\/#\/schema\/person\/image\/","url":"https:\/\/secure.gravatar.com\/avatar\/517a9a6487a7a18ecc4ce6d2e57a8f40?s=96&d=mm&r=g","contentUrl":"https:\/\/secure.gravatar.com\/avatar\/517a9a6487a7a18ecc4ce6d2e57a8f40?s=96&d=mm&r=g","caption":"Antonello Rivano"},"url":"https:\/\/www.istitutogalanteoliva.it\/magazine\/author\/antonello\/"}]}},"_links":{"self":[{"href":"https:\/\/www.istitutogalanteoliva.it\/magazine\/wp-json\/wp\/v2\/posts\/6779","targetHints":{"allow":["GET"]}}],"collection":[{"href":"https:\/\/www.istitutogalanteoliva.it\/magazine\/wp-json\/wp\/v2\/posts"}],"about":[{"href":"https:\/\/www.istitutogalanteoliva.it\/magazine\/wp-json\/wp\/v2\/types\/post"}],"author":[{"embeddable":true,"href":"https:\/\/www.istitutogalanteoliva.it\/magazine\/wp-json\/wp\/v2\/users\/2"}],"replies":[{"embeddable":true,"href":"https:\/\/www.istitutogalanteoliva.it\/magazine\/wp-json\/wp\/v2\/comments?post=6779"}],"version-history":[{"count":6,"href":"https:\/\/www.istitutogalanteoliva.it\/magazine\/wp-json\/wp\/v2\/posts\/6779\/revisions"}],"predecessor-version":[{"id":6789,"href":"https:\/\/www.istitutogalanteoliva.it\/magazine\/wp-json\/wp\/v2\/posts\/6779\/revisions\/6789"}],"wp:featuredmedia":[{"embeddable":true,"href":"https:\/\/www.istitutogalanteoliva.it\/magazine\/wp-json\/wp\/v2\/media\/6780"}],"wp:attachment":[{"href":"https:\/\/www.istitutogalanteoliva.it\/magazine\/wp-json\/wp\/v2\/media?parent=6779"}],"wp:term":[{"taxonomy":"category","embeddable":true,"href":"https:\/\/www.istitutogalanteoliva.it\/magazine\/wp-json\/wp\/v2\/categories?post=6779"},{"taxonomy":"post_tag","embeddable":true,"href":"https:\/\/www.istitutogalanteoliva.it\/magazine\/wp-json\/wp\/v2\/tags?post=6779"}],"curies":[{"name":"wp","href":"https:\/\/api.w.org\/{rel}","templated":true}]}}