{"id":6879,"date":"2021-04-04T12:17:51","date_gmt":"2021-04-04T10:17:51","guid":{"rendered":"https:\/\/www.istitutogalanteoliva.it\/magazine\/?p=6879"},"modified":"2025-03-27T16:22:07","modified_gmt":"2025-03-27T15:22:07","slug":"la-leggenda-della-pastiera-napoletana-le-sue-antiche-radici-tra-mito-ed-origini-storiche","status":"publish","type":"post","link":"https:\/\/www.istitutogalanteoliva.it\/magazine\/2021\/04\/04\/la-leggenda-della-pastiera-napoletana-le-sue-antiche-radici-tra-mito-ed-origini-storiche\/","title":{"rendered":"La leggenda della pastiera napoletana: le sue antiche radici tra mito ed origini storiche"},"content":{"rendered":"\n<h3 class=\"wp-block-heading\"> Galeotto fu il canto di Phartenope che ispir\u00f2 la creazione di un simbolo d\u2019eccellenza della tradizione culinaria partenopea che rappresenta i due regni della Natura che si rinnova.<br><\/h3>\n\n\n\n<p>Di Silvia De Cristofaro<\/p>\n\n\n\n<p>L\u2019arte dolciaria, di tradizione partenopea, vanta un gioiello da un gusto caratterizzato da fragranze odorose, che profumano di spezie orientali: la <strong><em>Pastiera Napoletana<\/em><\/strong><\/p>\n\n\n\n<p> Un\u2019usanza di antichissime origini, impone che lo si confezioni non oltre il Gioved\u00ec od il Venerd\u00ec Santo proprio per diffondere nelle nostre cucine gli aromi del cedro e delle spezie che caratterizzano sua maest\u00e0 la pastiera. <\/p>\n\n\n\n<p>Sempre pi\u00f9 diffusa, e presente sulle nostre tavole, nel periodo delle festivit\u00e0 pasquali, la pastiera \u00e8 diventata, contendendosi il titolo con il gustoso bab\u00e0, un\u2019eccellenza della pasticceria napoletana che orgogliosamente ne tramanda la ricetta autentica caratterizzata dall\u2019utilizzo del grano, delle uova e dei fiori d\u2019arancio che assieme simboleggiano la Resurrezione e la vita che si rinnova. <\/p>\n\n\n\n<div class=\"wp-block-image\"><figure class=\"alignleft size-large is-resized\"><img loading=\"lazy\" decoding=\"async\" src=\"https:\/\/www.istitutogalanteoliva.it\/magazine\/wp-content\/uploads\/2021\/04\/sirena-partenope.jpg\" alt=\"\" class=\"wp-image-6882\" width=\"523\" height=\"273\" srcset=\"https:\/\/www.istitutogalanteoliva.it\/magazine\/wp-content\/uploads\/2021\/04\/sirena-partenope.jpg 601w, https:\/\/www.istitutogalanteoliva.it\/magazine\/wp-content\/uploads\/2021\/04\/sirena-partenope-300x157.jpg 300w\" sizes=\"auto, (max-width: 523px) 100vw, 523px\" \/><figcaption><sub>-La sirena Parthenope-<\/sub><\/figcaption><\/figure><\/div>\n\n\n\n<p>Le sue origini risalgono all\u2019et\u00e0 pagana e ad una leggenda legata alla sirena <a href=\"https:\/\/it.wikipedia.org\/wiki\/Partenope\">Parthenope<\/a> che deliziava gli abitanti del golfo di Napoli con melodie armoniose. <\/p>\n\n\n\n<p>Il canto d\u2019amore soave, profuso dalla sirena incantatrice che dimorava nelle cristalline acque del golfo, incantava i napoletani che per ringraziarla affidarono a sette deliziose fanciulle l\u2019incarico di regalare alla bella sirena i prodotti della terra pi\u00f9 preziosi:<strong> il grano<\/strong>, bollito nel latte, emblema della natura che si risveglia, della speranza, della fecondit\u00e0, <strong>l\u2019acqua dei fiori d\u2019arancio<\/strong> che augurano felicit\u00e0 ed abbondanza, <strong>le spezie <\/strong>che rappresentano la potenza di sortilegi e magie, <strong>le uova<\/strong> simbolo della creazione (\u201comnevivum ex ovo\u201d insegnavano gli antichi romani \u201ctutto ci\u00f2 che vive viene dall\u2019uovo\u201d),<strong> la ricotta<\/strong> e<strong> la farina<\/strong> che ci riconducono al mondo genuino ed umile della pastorizia, <strong>lo zucchero<\/strong> che donava ebbrezza ed euforia. <\/p>\n\n\n\n<div class=\"wp-block-image\"><figure class=\"alignright size-large is-resized\"><img loading=\"lazy\" decoding=\"async\" src=\"https:\/\/www.istitutogalanteoliva.it\/magazine\/wp-content\/uploads\/2021\/04\/ara-pacis.jpg\" alt=\"\" class=\"wp-image-6883\" width=\"541\" height=\"348\" srcset=\"https:\/\/www.istitutogalanteoliva.it\/magazine\/wp-content\/uploads\/2021\/04\/ara-pacis.jpg 700w, https:\/\/www.istitutogalanteoliva.it\/magazine\/wp-content\/uploads\/2021\/04\/ara-pacis-300x193.jpg 300w\" sizes=\"auto, (max-width: 541px) 100vw, 541px\" \/><figcaption><sub>-Cerere-<\/sub><\/figcaption><\/figure><\/div>\n\n\n\n<p> Di mescolanze, si narra in un\u2019altra leggenda che racconta di&nbsp; mogli dei pescatori che avevano l\u2019usanza di lasciare sulla spiaggia cesti contenenti proprio gli ingredienti della pastiera in offerta al Mare come segno di protezione per i marinai che affrontavano onde e tempeste.<\/p>\n\n\n\n<p>  Furono, secondo questa leggenda pagana, i flutti di un mare burrascoso a miscelare questi ingredienti per poi far ritrovare in riva a queste donne una crostata gi\u00e0 bell\u2019e pronta che \u00e8 la nostra pastiera. La cui invenzione \u00e8 possibile attribuire alle sacerdotesse di <a href=\"https:\/\/it.wikipedia.org\/wiki\/Cerere\" target=\"_blank\" rel=\"noreferrer noopener\">Cerere<\/a> (il cui culto era molto sentito dai cittadini napoletani tanto che molte giovani fanciulle nobili decidevano di dedicarsi completamente alla dea della terra e della fertilit\u00e0): le fanciulle vergini, all\u2019inizio di ogni primavera, portavano in processione uova e crema di ricotta mischiata al grano cotto. <\/p>\n\n\n\n<div class=\"wp-block-image\"><figure class=\"alignleft size-large is-resized\"><img loading=\"lazy\" decoding=\"async\" src=\"https:\/\/www.istitutogalanteoliva.it\/magazine\/wp-content\/uploads\/2021\/04\/san-gregorio-armeno-1024x678.jpg\" alt=\"\" class=\"wp-image-6881\" width=\"512\" height=\"339\" srcset=\"https:\/\/www.istitutogalanteoliva.it\/magazine\/wp-content\/uploads\/2021\/04\/san-gregorio-armeno-1024x678.jpg 1024w, https:\/\/www.istitutogalanteoliva.it\/magazine\/wp-content\/uploads\/2021\/04\/san-gregorio-armeno-300x199.jpg 300w, https:\/\/www.istitutogalanteoliva.it\/magazine\/wp-content\/uploads\/2021\/04\/san-gregorio-armeno-768x509.jpg 768w, https:\/\/www.istitutogalanteoliva.it\/magazine\/wp-content\/uploads\/2021\/04\/san-gregorio-armeno.jpg 1208w\" sizes=\"auto, (max-width: 512px) 100vw, 512px\" \/><figcaption><sub>-San Gregorio Armeno-<\/sub><\/figcaption><\/figure><\/div>\n\n\n\n<p>Nel <strong>sedicesimo secolo<\/strong>, in un<a href=\"https:\/\/it.wikipedia.org\/wiki\/Chiesa_di_San_Gregorio_Armeno\" target=\"_blank\" rel=\"noreferrer noopener\"> convento benedettino di San Gregorio Armeno<\/a>, si narra di una suora che si dilettava nella preparazione di un dolce che racchiudesse attraverso un aroma paradisiaco la testimonianza della presenza del Signore. Le suore, maestre di questa particolarissima preparazione, regalavano le pastiere alle famiglie benestanti della borghesia.<\/p>\n\n\n\n<p> Le striscioline di pastafrolla che formano la griglia al di sopra del dolce debbono essere sette (quattro in un senso e tre nel senso trasversale, a croce greca, per simboleggiare la planimetria di Neapolis come ancora oggi si presenta con i tre Decumani e con i Cardini che li attraversano in senso trasversale, rappresentando la citt\u00e0 stessa). <\/p>\n\n\n\n<div class=\"wp-block-image\"><figure class=\"alignright size-large is-resized\"><img loading=\"lazy\" decoding=\"async\" src=\"https:\/\/www.istitutogalanteoliva.it\/magazine\/wp-content\/uploads\/2021\/04\/pastiera-planimetria-napoli-decumani.jpg\" alt=\"\" class=\"wp-image-6880\" width=\"516\" height=\"240\" srcset=\"https:\/\/www.istitutogalanteoliva.it\/magazine\/wp-content\/uploads\/2021\/04\/pastiera-planimetria-napoli-decumani.jpg 868w, https:\/\/www.istitutogalanteoliva.it\/magazine\/wp-content\/uploads\/2021\/04\/pastiera-planimetria-napoli-decumani-300x140.jpg 300w, https:\/\/www.istitutogalanteoliva.it\/magazine\/wp-content\/uploads\/2021\/04\/pastiera-planimetria-napoli-decumani-768x357.jpg 768w\" sizes=\"auto, (max-width: 516px) 100vw, 516px\" \/><figcaption><sub>-La &#8220;Pastiera&#8221; e la planimetria di Nepaolis (Napoli)-<\/sub><\/figcaption><\/figure><\/div>\n\n\n\n<p>Il termine \u201c<strong>pastiera<\/strong>\u201d \u00e8 per la prima volta menzionato nel <strong>1634<\/strong> dallo scrittore<a href=\"https:\/\/it.wikipedia.org\/wiki\/Giambattista_Basile\" target=\"_blank\" rel=\"noreferrer noopener\"> Giambattista Basile<\/a> in \u201c<a href=\"https:\/\/it.wikipedia.org\/wiki\/La_gatta_Cenerentola\" target=\"_blank\" rel=\"noreferrer noopener\">La gatta Cenerentola<\/a>\u201d, sesto racconto del &#8220;<em>Pentamerone<\/em>&#8221; contenuto ne &#8220;<em>Lo cunto de li cunti<\/em>&#8220;. <\/p>\n\n\n\n<p><a href=\"https:\/\/it.wikipedia.org\/wiki\/Ippolito_Cavalcanti\" target=\"_blank\" rel=\"noreferrer noopener\">Ippolito Cavalcanti<\/a>, cuoco e letterato, appassionato della cucina tradizionale partenopea riporta la ricetta della pastiera nel suo scritto \u201c<em>Cusina casarinola all\u2019uso nuosto napolitano<\/em>\u201d. Ed infine un\u2019ultima leggenda ci riporta ad una vicenda legata a <a href=\"https:\/\/it.wikipedia.org\/wiki\/Maria_Teresa_d%27Austria\" target=\"_blank\" rel=\"noreferrer noopener\">Maria Teresa d\u2019Austria<\/a>, sposa del re <a href=\"https:\/\/it.wikipedia.org\/wiki\/Ferdinando_II_delle_Due_Sicilie\" target=\"_blank\" rel=\"noreferrer noopener\">Ferdinando II di Borbone<\/a>, che non incline al riso, si lasci\u00f2 invece intenerire assaggiando una fetta di pastiera. <\/p>\n\n\n\n<p>E\u2019 il caso di dire, come nel miglior dei finali delle fiabe, che da quel momento \u201cvissero felici e contenti\u201d. Il sorriso della bella austriaca sembra abbia sollecitato i sudditi a coniare il termine \u201cmagnatell\u2019 na risata\u201d che significa, in lingua napoletana, mangia una risata, fatti una risata, sorridi.<br><\/p>\n\n\n\n<p><strong><em>Buona Pasqua, augurandovi di sorridere sempre.<\/em><\/strong><\/p>\n\n\n\n<p><img loading=\"lazy\" decoding=\"async\" width=\"100\" height=\"100\" class=\"wp-image-6462\" style=\"width: 100px;\" src=\"https:\/\/www.istitutogalanteoliva.it\/magazine\/wp-content\/uploads\/2021\/03\/Silvia-1.jpg\" alt=\"\" srcset=\"https:\/\/www.istitutogalanteoliva.it\/magazine\/wp-content\/uploads\/2021\/03\/Silvia-1.jpg 480w, https:\/\/www.istitutogalanteoliva.it\/magazine\/wp-content\/uploads\/2021\/03\/Silvia-1-300x300.jpg 300w, https:\/\/www.istitutogalanteoliva.it\/magazine\/wp-content\/uploads\/2021\/03\/Silvia-1-150x150.jpg 150w\" sizes=\"auto, (max-width: 100px) 100vw, 100px\" \/><em><strong><a href=\"https:\/\/www.istitutogalanteoliva.it\/magazine\/?s=silvia+de+cristofaro\" target=\"_blank\" rel=\"noreferrer noopener\">Silvia De Cristofaro<\/a><\/strong><\/em><br><strong><em><sup>Vicecoordinatore Nazionale di redazione\/Coordinatrice Centro Italia<\/sup><\/em><\/strong><br><\/p>\n\n\n\n<p><\/p>\n\n\n\n<p><\/p>\n\n\n\n<p><sub>Immagine di copertina tratta da<br> <a href=\"https:\/\/www.ricettamediterranea.it\/ricetta-pastiera-napoletana-la-tradizione-dal-sapore-di-casa\/\">https:\/\/www.ricettamediterranea.it\/ricetta-pastiera-napoletana-la-tradizione-dal-sapore-di-casa\/<\/a>   (link ricetta &#8220;Pastiera&#8221;)<\/sub><\/p>\n<div class=\"pdfprnt-buttons pdfprnt-buttons-post pdfprnt-bottom-left\"><a href=\"https:\/\/www.istitutogalanteoliva.it\/magazine\/wp-json\/wp\/v2\/posts\/6879?print=print\" class=\"pdfprnt-button pdfprnt-button-print\" target=\"_blank\"><img decoding=\"async\" src=\"https:\/\/www.istitutogalanteoliva.it\/magazine\/wp-content\/plugins\/pdf-print\/images\/print.png\" alt=\"image_print\" title=\"Stampa contenuto\" \/><span class=\"pdfprnt-button-title pdfprnt-button-print-title\">Download in PDF<\/span><\/a><\/div>","protected":false},"excerpt":{"rendered":"<p>Galeotto fu il canto di Phartenope che ispir\u00f2 la creazione di un simbolo d\u2019eccellenza della<\/p>\n","protected":false},"author":2,"featured_media":6885,"comment_status":"open","ping_status":"open","sticky":false,"template":"","format":"standard","meta":{"footnotes":""},"categories":[148,210,52,181],"tags":[112,312,313],"class_list":["post-6879","post","type-post","status-publish","format-standard","has-post-thumbnail","hentry","category-148","category-campania","category-il-cibo-e-il-vino","category-tradizioni","tag-cibo","tag-la-pastiera-napoletana","tag-tra"],"yoast_head":"<!-- This site is optimized with the Yoast SEO plugin v24.2 - https:\/\/yoast.com\/wordpress\/plugins\/seo\/ -->\n<title>La leggenda della pastiera napoletana: le sue antiche radici tra mito ed origini storiche - Polis SA Magazine<\/title>\n<meta name=\"description\" content=\"L\u2019arte dolciaria partenopea, vanta un gioiello da un gusto caratterizzato da fragranze odorose, che profumano di spezie orientali: la Pastiera Napoletana\" \/>\n<meta name=\"robots\" content=\"index, follow, max-snippet:-1, max-image-preview:large, max-video-preview:-1\" \/>\n<link rel=\"canonical\" href=\"https:\/\/www.istitutogalanteoliva.it\/magazine\/2021\/04\/04\/la-leggenda-della-pastiera-napoletana-le-sue-antiche-radici-tra-mito-ed-origini-storiche\/\" \/>\n<meta property=\"og:locale\" content=\"it_IT\" \/>\n<meta property=\"og:type\" content=\"article\" \/>\n<meta property=\"og:title\" content=\"La leggenda della pastiera napoletana: le sue antiche radici tra mito ed origini storiche - Polis SA Magazine\" \/>\n<meta property=\"og:description\" content=\"L\u2019arte dolciaria partenopea, vanta un gioiello da un gusto caratterizzato da fragranze odorose, che profumano di spezie orientali: la Pastiera Napoletana\" \/>\n<meta property=\"og:url\" content=\"https:\/\/www.istitutogalanteoliva.it\/magazine\/2021\/04\/04\/la-leggenda-della-pastiera-napoletana-le-sue-antiche-radici-tra-mito-ed-origini-storiche\/\" \/>\n<meta property=\"og:site_name\" content=\"Polis SA Magazine\" \/>\n<meta property=\"article:publisher\" content=\"https:\/\/www.facebook.com\/PolisSAMagazine\/\" \/>\n<meta property=\"article:published_time\" content=\"2021-04-04T10:17:51+00:00\" \/>\n<meta property=\"article:modified_time\" content=\"2025-03-27T15:22:07+00:00\" \/>\n<meta property=\"og:image\" content=\"https:\/\/www.istitutogalanteoliva.it\/magazine\/wp-content\/uploads\/2021\/04\/cop-past-.jpg\" \/>\n\t<meta property=\"og:image:width\" content=\"640\" \/>\n\t<meta property=\"og:image:height\" content=\"380\" \/>\n\t<meta property=\"og:image:type\" content=\"image\/jpeg\" \/>\n<meta name=\"author\" content=\"Antonello Rivano\" \/>\n<meta name=\"twitter:card\" content=\"summary_large_image\" \/>\n<meta name=\"twitter:creator\" content=\"@MagazinePolis\" \/>\n<meta name=\"twitter:site\" content=\"@MagazinePolis\" \/>\n<meta name=\"twitter:label1\" content=\"Scritto da\" \/>\n\t<meta name=\"twitter:data1\" content=\"Antonello Rivano\" \/>\n\t<meta name=\"twitter:label2\" content=\"Tempo di lettura stimato\" \/>\n\t<meta name=\"twitter:data2\" content=\"4 minuti\" \/>\n<script type=\"application\/ld+json\" class=\"yoast-schema-graph\">{\"@context\":\"https:\/\/schema.org\",\"@graph\":[{\"@type\":\"Article\",\"@id\":\"https:\/\/www.istitutogalanteoliva.it\/magazine\/2021\/04\/04\/la-leggenda-della-pastiera-napoletana-le-sue-antiche-radici-tra-mito-ed-origini-storiche\/#article\",\"isPartOf\":{\"@id\":\"https:\/\/www.istitutogalanteoliva.it\/magazine\/2021\/04\/04\/la-leggenda-della-pastiera-napoletana-le-sue-antiche-radici-tra-mito-ed-origini-storiche\/\"},\"author\":{\"name\":\"Antonello Rivano\",\"@id\":\"https:\/\/www.istitutogalanteoliva.it\/magazine\/#\/schema\/person\/d8b8aa79cfe8babc1df9da3212a7c0c4\"},\"headline\":\"La leggenda della pastiera napoletana: le sue antiche radici tra mito ed origini storiche\",\"datePublished\":\"2021-04-04T10:17:51+00:00\",\"dateModified\":\"2025-03-27T15:22:07+00:00\",\"mainEntityOfPage\":{\"@id\":\"https:\/\/www.istitutogalanteoliva.it\/magazine\/2021\/04\/04\/la-leggenda-della-pastiera-napoletana-le-sue-antiche-radici-tra-mito-ed-origini-storiche\/\"},\"wordCount\":725,\"commentCount\":0,\"publisher\":{\"@id\":\"https:\/\/www.istitutogalanteoliva.it\/magazine\/#organization\"},\"image\":{\"@id\":\"https:\/\/www.istitutogalanteoliva.it\/magazine\/2021\/04\/04\/la-leggenda-della-pastiera-napoletana-le-sue-antiche-radici-tra-mito-ed-origini-storiche\/#primaryimage\"},\"thumbnailUrl\":\"https:\/\/www.istitutogalanteoliva.it\/magazine\/wp-content\/uploads\/2021\/04\/cop-past-.jpg\",\"keywords\":[\"cibo\",\"La &quot;Pastiera Napoletana&quot;\",\"tra\"],\"articleSection\":[\"2021\",\"Campania\",\"Il cibo e il vino\",\"tradizioni\"],\"inLanguage\":\"it-IT\",\"potentialAction\":[{\"@type\":\"CommentAction\",\"name\":\"Comment\",\"target\":[\"https:\/\/www.istitutogalanteoliva.it\/magazine\/2021\/04\/04\/la-leggenda-della-pastiera-napoletana-le-sue-antiche-radici-tra-mito-ed-origini-storiche\/#respond\"]}]},{\"@type\":\"WebPage\",\"@id\":\"https:\/\/www.istitutogalanteoliva.it\/magazine\/2021\/04\/04\/la-leggenda-della-pastiera-napoletana-le-sue-antiche-radici-tra-mito-ed-origini-storiche\/\",\"url\":\"https:\/\/www.istitutogalanteoliva.it\/magazine\/2021\/04\/04\/la-leggenda-della-pastiera-napoletana-le-sue-antiche-radici-tra-mito-ed-origini-storiche\/\",\"name\":\"La leggenda della pastiera napoletana: le sue antiche radici tra mito ed origini storiche - Polis SA Magazine\",\"isPartOf\":{\"@id\":\"https:\/\/www.istitutogalanteoliva.it\/magazine\/#website\"},\"primaryImageOfPage\":{\"@id\":\"https:\/\/www.istitutogalanteoliva.it\/magazine\/2021\/04\/04\/la-leggenda-della-pastiera-napoletana-le-sue-antiche-radici-tra-mito-ed-origini-storiche\/#primaryimage\"},\"image\":{\"@id\":\"https:\/\/www.istitutogalanteoliva.it\/magazine\/2021\/04\/04\/la-leggenda-della-pastiera-napoletana-le-sue-antiche-radici-tra-mito-ed-origini-storiche\/#primaryimage\"},\"thumbnailUrl\":\"https:\/\/www.istitutogalanteoliva.it\/magazine\/wp-content\/uploads\/2021\/04\/cop-past-.jpg\",\"datePublished\":\"2021-04-04T10:17:51+00:00\",\"dateModified\":\"2025-03-27T15:22:07+00:00\",\"description\":\"L\u2019arte dolciaria partenopea, vanta un gioiello da un gusto caratterizzato da fragranze odorose, che profumano di spezie orientali: la Pastiera Napoletana\",\"breadcrumb\":{\"@id\":\"https:\/\/www.istitutogalanteoliva.it\/magazine\/2021\/04\/04\/la-leggenda-della-pastiera-napoletana-le-sue-antiche-radici-tra-mito-ed-origini-storiche\/#breadcrumb\"},\"inLanguage\":\"it-IT\",\"potentialAction\":[{\"@type\":\"ReadAction\",\"target\":[\"https:\/\/www.istitutogalanteoliva.it\/magazine\/2021\/04\/04\/la-leggenda-della-pastiera-napoletana-le-sue-antiche-radici-tra-mito-ed-origini-storiche\/\"]}]},{\"@type\":\"ImageObject\",\"inLanguage\":\"it-IT\",\"@id\":\"https:\/\/www.istitutogalanteoliva.it\/magazine\/2021\/04\/04\/la-leggenda-della-pastiera-napoletana-le-sue-antiche-radici-tra-mito-ed-origini-storiche\/#primaryimage\",\"url\":\"https:\/\/www.istitutogalanteoliva.it\/magazine\/wp-content\/uploads\/2021\/04\/cop-past-.jpg\",\"contentUrl\":\"https:\/\/www.istitutogalanteoliva.it\/magazine\/wp-content\/uploads\/2021\/04\/cop-past-.jpg\",\"width\":640,\"height\":380},{\"@type\":\"BreadcrumbList\",\"@id\":\"https:\/\/www.istitutogalanteoliva.it\/magazine\/2021\/04\/04\/la-leggenda-della-pastiera-napoletana-le-sue-antiche-radici-tra-mito-ed-origini-storiche\/#breadcrumb\",\"itemListElement\":[{\"@type\":\"ListItem\",\"position\":1,\"name\":\"Home\",\"item\":\"https:\/\/www.istitutogalanteoliva.it\/magazine\/\"},{\"@type\":\"ListItem\",\"position\":2,\"name\":\"La leggenda della pastiera napoletana: le sue antiche radici tra mito ed origini storiche\"}]},{\"@type\":\"WebSite\",\"@id\":\"https:\/\/www.istitutogalanteoliva.it\/magazine\/#website\",\"url\":\"https:\/\/www.istitutogalanteoliva.it\/magazine\/\",\"name\":\"POLIS SA MAGAZINE\",\"description\":\"Informazione e approfondimenti\",\"publisher\":{\"@id\":\"https:\/\/www.istitutogalanteoliva.it\/magazine\/#organization\"},\"potentialAction\":[{\"@type\":\"SearchAction\",\"target\":{\"@type\":\"EntryPoint\",\"urlTemplate\":\"https:\/\/www.istitutogalanteoliva.it\/magazine\/?s={search_term_string}\"},\"query-input\":{\"@type\":\"PropertyValueSpecification\",\"valueRequired\":true,\"valueName\":\"search_term_string\"}}],\"inLanguage\":\"it-IT\"},{\"@type\":\"Organization\",\"@id\":\"https:\/\/www.istitutogalanteoliva.it\/magazine\/#organization\",\"name\":\"Polis SA Magazine\",\"url\":\"https:\/\/www.istitutogalanteoliva.it\/magazine\/\",\"logo\":{\"@type\":\"ImageObject\",\"inLanguage\":\"it-IT\",\"@id\":\"https:\/\/www.istitutogalanteoliva.it\/magazine\/#\/schema\/logo\/image\/\",\"url\":\"\",\"contentUrl\":\"\",\"caption\":\"Polis SA Magazine\"},\"image\":{\"@id\":\"https:\/\/www.istitutogalanteoliva.it\/magazine\/#\/schema\/logo\/image\/\"},\"sameAs\":[\"https:\/\/www.facebook.com\/PolisSAMagazine\/\",\"https:\/\/x.com\/MagazinePolis\",\"https:\/\/www.youtube.com\/channel\/UCv0Mr5AHKUmsc0sEEXkJrgw\"]},{\"@type\":\"Person\",\"@id\":\"https:\/\/www.istitutogalanteoliva.it\/magazine\/#\/schema\/person\/d8b8aa79cfe8babc1df9da3212a7c0c4\",\"name\":\"Antonello Rivano\",\"image\":{\"@type\":\"ImageObject\",\"inLanguage\":\"it-IT\",\"@id\":\"https:\/\/www.istitutogalanteoliva.it\/magazine\/#\/schema\/person\/image\/\",\"url\":\"https:\/\/secure.gravatar.com\/avatar\/517a9a6487a7a18ecc4ce6d2e57a8f40?s=96&d=mm&r=g\",\"contentUrl\":\"https:\/\/secure.gravatar.com\/avatar\/517a9a6487a7a18ecc4ce6d2e57a8f40?s=96&d=mm&r=g\",\"caption\":\"Antonello Rivano\"},\"url\":\"https:\/\/www.istitutogalanteoliva.it\/magazine\/author\/antonello\/\"}]}<\/script>\n<!-- \/ Yoast SEO plugin. -->","yoast_head_json":{"title":"La leggenda della pastiera napoletana: le sue antiche radici tra mito ed origini storiche - Polis SA Magazine","description":"L\u2019arte dolciaria partenopea, vanta un gioiello da un gusto caratterizzato da fragranze odorose, che profumano di spezie orientali: la Pastiera Napoletana","robots":{"index":"index","follow":"follow","max-snippet":"max-snippet:-1","max-image-preview":"max-image-preview:large","max-video-preview":"max-video-preview:-1"},"canonical":"https:\/\/www.istitutogalanteoliva.it\/magazine\/2021\/04\/04\/la-leggenda-della-pastiera-napoletana-le-sue-antiche-radici-tra-mito-ed-origini-storiche\/","og_locale":"it_IT","og_type":"article","og_title":"La leggenda della pastiera napoletana: le sue antiche radici tra mito ed origini storiche - Polis SA Magazine","og_description":"L\u2019arte dolciaria partenopea, vanta un gioiello da un gusto caratterizzato da fragranze odorose, che profumano di spezie orientali: la Pastiera Napoletana","og_url":"https:\/\/www.istitutogalanteoliva.it\/magazine\/2021\/04\/04\/la-leggenda-della-pastiera-napoletana-le-sue-antiche-radici-tra-mito-ed-origini-storiche\/","og_site_name":"Polis SA Magazine","article_publisher":"https:\/\/www.facebook.com\/PolisSAMagazine\/","article_published_time":"2021-04-04T10:17:51+00:00","article_modified_time":"2025-03-27T15:22:07+00:00","og_image":[{"width":640,"height":380,"url":"https:\/\/www.istitutogalanteoliva.it\/magazine\/wp-content\/uploads\/2021\/04\/cop-past-.jpg","type":"image\/jpeg"}],"author":"Antonello Rivano","twitter_card":"summary_large_image","twitter_creator":"@MagazinePolis","twitter_site":"@MagazinePolis","twitter_misc":{"Scritto da":"Antonello Rivano","Tempo di lettura stimato":"4 minuti"},"schema":{"@context":"https:\/\/schema.org","@graph":[{"@type":"Article","@id":"https:\/\/www.istitutogalanteoliva.it\/magazine\/2021\/04\/04\/la-leggenda-della-pastiera-napoletana-le-sue-antiche-radici-tra-mito-ed-origini-storiche\/#article","isPartOf":{"@id":"https:\/\/www.istitutogalanteoliva.it\/magazine\/2021\/04\/04\/la-leggenda-della-pastiera-napoletana-le-sue-antiche-radici-tra-mito-ed-origini-storiche\/"},"author":{"name":"Antonello Rivano","@id":"https:\/\/www.istitutogalanteoliva.it\/magazine\/#\/schema\/person\/d8b8aa79cfe8babc1df9da3212a7c0c4"},"headline":"La leggenda della pastiera napoletana: le sue antiche radici tra mito ed origini storiche","datePublished":"2021-04-04T10:17:51+00:00","dateModified":"2025-03-27T15:22:07+00:00","mainEntityOfPage":{"@id":"https:\/\/www.istitutogalanteoliva.it\/magazine\/2021\/04\/04\/la-leggenda-della-pastiera-napoletana-le-sue-antiche-radici-tra-mito-ed-origini-storiche\/"},"wordCount":725,"commentCount":0,"publisher":{"@id":"https:\/\/www.istitutogalanteoliva.it\/magazine\/#organization"},"image":{"@id":"https:\/\/www.istitutogalanteoliva.it\/magazine\/2021\/04\/04\/la-leggenda-della-pastiera-napoletana-le-sue-antiche-radici-tra-mito-ed-origini-storiche\/#primaryimage"},"thumbnailUrl":"https:\/\/www.istitutogalanteoliva.it\/magazine\/wp-content\/uploads\/2021\/04\/cop-past-.jpg","keywords":["cibo","La &quot;Pastiera Napoletana&quot;","tra"],"articleSection":["2021","Campania","Il cibo e il vino","tradizioni"],"inLanguage":"it-IT","potentialAction":[{"@type":"CommentAction","name":"Comment","target":["https:\/\/www.istitutogalanteoliva.it\/magazine\/2021\/04\/04\/la-leggenda-della-pastiera-napoletana-le-sue-antiche-radici-tra-mito-ed-origini-storiche\/#respond"]}]},{"@type":"WebPage","@id":"https:\/\/www.istitutogalanteoliva.it\/magazine\/2021\/04\/04\/la-leggenda-della-pastiera-napoletana-le-sue-antiche-radici-tra-mito-ed-origini-storiche\/","url":"https:\/\/www.istitutogalanteoliva.it\/magazine\/2021\/04\/04\/la-leggenda-della-pastiera-napoletana-le-sue-antiche-radici-tra-mito-ed-origini-storiche\/","name":"La leggenda della pastiera napoletana: le sue antiche radici tra mito ed origini storiche - Polis SA Magazine","isPartOf":{"@id":"https:\/\/www.istitutogalanteoliva.it\/magazine\/#website"},"primaryImageOfPage":{"@id":"https:\/\/www.istitutogalanteoliva.it\/magazine\/2021\/04\/04\/la-leggenda-della-pastiera-napoletana-le-sue-antiche-radici-tra-mito-ed-origini-storiche\/#primaryimage"},"image":{"@id":"https:\/\/www.istitutogalanteoliva.it\/magazine\/2021\/04\/04\/la-leggenda-della-pastiera-napoletana-le-sue-antiche-radici-tra-mito-ed-origini-storiche\/#primaryimage"},"thumbnailUrl":"https:\/\/www.istitutogalanteoliva.it\/magazine\/wp-content\/uploads\/2021\/04\/cop-past-.jpg","datePublished":"2021-04-04T10:17:51+00:00","dateModified":"2025-03-27T15:22:07+00:00","description":"L\u2019arte dolciaria partenopea, vanta un gioiello da un gusto caratterizzato da fragranze odorose, che profumano di spezie orientali: la Pastiera Napoletana","breadcrumb":{"@id":"https:\/\/www.istitutogalanteoliva.it\/magazine\/2021\/04\/04\/la-leggenda-della-pastiera-napoletana-le-sue-antiche-radici-tra-mito-ed-origini-storiche\/#breadcrumb"},"inLanguage":"it-IT","potentialAction":[{"@type":"ReadAction","target":["https:\/\/www.istitutogalanteoliva.it\/magazine\/2021\/04\/04\/la-leggenda-della-pastiera-napoletana-le-sue-antiche-radici-tra-mito-ed-origini-storiche\/"]}]},{"@type":"ImageObject","inLanguage":"it-IT","@id":"https:\/\/www.istitutogalanteoliva.it\/magazine\/2021\/04\/04\/la-leggenda-della-pastiera-napoletana-le-sue-antiche-radici-tra-mito-ed-origini-storiche\/#primaryimage","url":"https:\/\/www.istitutogalanteoliva.it\/magazine\/wp-content\/uploads\/2021\/04\/cop-past-.jpg","contentUrl":"https:\/\/www.istitutogalanteoliva.it\/magazine\/wp-content\/uploads\/2021\/04\/cop-past-.jpg","width":640,"height":380},{"@type":"BreadcrumbList","@id":"https:\/\/www.istitutogalanteoliva.it\/magazine\/2021\/04\/04\/la-leggenda-della-pastiera-napoletana-le-sue-antiche-radici-tra-mito-ed-origini-storiche\/#breadcrumb","itemListElement":[{"@type":"ListItem","position":1,"name":"Home","item":"https:\/\/www.istitutogalanteoliva.it\/magazine\/"},{"@type":"ListItem","position":2,"name":"La leggenda della pastiera napoletana: le sue antiche radici tra mito ed origini storiche"}]},{"@type":"WebSite","@id":"https:\/\/www.istitutogalanteoliva.it\/magazine\/#website","url":"https:\/\/www.istitutogalanteoliva.it\/magazine\/","name":"POLIS SA MAGAZINE","description":"Informazione e approfondimenti","publisher":{"@id":"https:\/\/www.istitutogalanteoliva.it\/magazine\/#organization"},"potentialAction":[{"@type":"SearchAction","target":{"@type":"EntryPoint","urlTemplate":"https:\/\/www.istitutogalanteoliva.it\/magazine\/?s={search_term_string}"},"query-input":{"@type":"PropertyValueSpecification","valueRequired":true,"valueName":"search_term_string"}}],"inLanguage":"it-IT"},{"@type":"Organization","@id":"https:\/\/www.istitutogalanteoliva.it\/magazine\/#organization","name":"Polis SA Magazine","url":"https:\/\/www.istitutogalanteoliva.it\/magazine\/","logo":{"@type":"ImageObject","inLanguage":"it-IT","@id":"https:\/\/www.istitutogalanteoliva.it\/magazine\/#\/schema\/logo\/image\/","url":"","contentUrl":"","caption":"Polis SA Magazine"},"image":{"@id":"https:\/\/www.istitutogalanteoliva.it\/magazine\/#\/schema\/logo\/image\/"},"sameAs":["https:\/\/www.facebook.com\/PolisSAMagazine\/","https:\/\/x.com\/MagazinePolis","https:\/\/www.youtube.com\/channel\/UCv0Mr5AHKUmsc0sEEXkJrgw"]},{"@type":"Person","@id":"https:\/\/www.istitutogalanteoliva.it\/magazine\/#\/schema\/person\/d8b8aa79cfe8babc1df9da3212a7c0c4","name":"Antonello Rivano","image":{"@type":"ImageObject","inLanguage":"it-IT","@id":"https:\/\/www.istitutogalanteoliva.it\/magazine\/#\/schema\/person\/image\/","url":"https:\/\/secure.gravatar.com\/avatar\/517a9a6487a7a18ecc4ce6d2e57a8f40?s=96&d=mm&r=g","contentUrl":"https:\/\/secure.gravatar.com\/avatar\/517a9a6487a7a18ecc4ce6d2e57a8f40?s=96&d=mm&r=g","caption":"Antonello Rivano"},"url":"https:\/\/www.istitutogalanteoliva.it\/magazine\/author\/antonello\/"}]}},"_links":{"self":[{"href":"https:\/\/www.istitutogalanteoliva.it\/magazine\/wp-json\/wp\/v2\/posts\/6879","targetHints":{"allow":["GET"]}}],"collection":[{"href":"https:\/\/www.istitutogalanteoliva.it\/magazine\/wp-json\/wp\/v2\/posts"}],"about":[{"href":"https:\/\/www.istitutogalanteoliva.it\/magazine\/wp-json\/wp\/v2\/types\/post"}],"author":[{"embeddable":true,"href":"https:\/\/www.istitutogalanteoliva.it\/magazine\/wp-json\/wp\/v2\/users\/2"}],"replies":[{"embeddable":true,"href":"https:\/\/www.istitutogalanteoliva.it\/magazine\/wp-json\/wp\/v2\/comments?post=6879"}],"version-history":[{"count":7,"href":"https:\/\/www.istitutogalanteoliva.it\/magazine\/wp-json\/wp\/v2\/posts\/6879\/revisions"}],"predecessor-version":[{"id":6891,"href":"https:\/\/www.istitutogalanteoliva.it\/magazine\/wp-json\/wp\/v2\/posts\/6879\/revisions\/6891"}],"wp:featuredmedia":[{"embeddable":true,"href":"https:\/\/www.istitutogalanteoliva.it\/magazine\/wp-json\/wp\/v2\/media\/6885"}],"wp:attachment":[{"href":"https:\/\/www.istitutogalanteoliva.it\/magazine\/wp-json\/wp\/v2\/media?parent=6879"}],"wp:term":[{"taxonomy":"category","embeddable":true,"href":"https:\/\/www.istitutogalanteoliva.it\/magazine\/wp-json\/wp\/v2\/categories?post=6879"},{"taxonomy":"post_tag","embeddable":true,"href":"https:\/\/www.istitutogalanteoliva.it\/magazine\/wp-json\/wp\/v2\/tags?post=6879"}],"curies":[{"name":"wp","href":"https:\/\/api.w.org\/{rel}","templated":true}]}}