{"id":720,"date":"2016-07-12T12:11:24","date_gmt":"2016-07-12T10:11:24","guid":{"rendered":"http:\/\/www.edizionipolis.it\/magazine\/?p=720"},"modified":"2019-08-19T18:11:30","modified_gmt":"2019-08-19T16:11:30","slug":"il-corpo-di-nocera","status":"publish","type":"post","link":"https:\/\/www.istitutogalanteoliva.it\/magazine\/2016\/07\/12\/il-corpo-di-nocera\/","title":{"rendered":"Il \u201cCorpo\u201d di Nocera"},"content":{"rendered":"\n<p>Cosa sarebbe successo, un paio di secoli fa, a un viaggiatore che si fosse perso nella piana del Sarno? Probabilmente, si sarebbe incamminato per un viottolo polveroso e, imbattendosi nel primo villaggio incontrato, avrebbe chiesto a uno degli indaffarati abitanti: \u201cMi sono perso, signore mio, sapete dirmi dove mi trovo?\u201d. Mettiamo che quell\u2019uomo gli avesse cortesemente risposto: \u201cSiamo a San Clemente, forestiero\u201d. \u201cSan Clemente? Mai sentita una citt\u00e0 con questo nome\u201d. \u201cNo, forestiero, San Clemente non \u00e8 una citt\u00e0. \u00c8 una parte di una citt\u00e0\u201d. \u201cAh, bene, e sareste cos\u00ec cortese da dirmi quale citt\u00e0?\u201d. <\/p>\n\n\n\n<p>\u201cCerto, forestiero, siamo a Nocera\u201d.\n<\/p>\n\n\n\n<p>Come si sarebbe identificato, duecento, trecento, quattrocento anni fa, un cittadino nocerino? Certamente, avrebbe specificato il nome del suo casale (Piedimonte, Cicalesi, Corbara, Pagani, Uscioli, Materdomini, Pareti) aggiungendo di essere parte della \u201cillustrissima et nobilissima\u201d citt\u00e0 di Nocera, detta De\u2019 Pagani. S\u00ec, perch\u00e9, praticamente dalla sua fondazione (VI secolo a.C.) al 1806, gran parte di quello che oggi chiamiamo Agro, era semplicemente Nocera (o Nuceria, o Nuvkrinum, nelle epoche classica e preclassica). Quando, nel XVI secolo, per amministrare meglio un territorio molto vasto, furono create le Universit\u00e0, furono istituiti due dipartimenti: quello di Nocera Sottana (che comprendeva Pagani, Barbazzano, Corbara e Sant\u2019Egidio); e quello di Nocera Soprana (che comprendeva i quartieri e i casali delle due Nocera di oggi). <\/p>\n\n\n\n<p>Quella che ci interessa di pi\u00f9 \u00e8 l\u2019Universit\u00e0 chiamata \u201cNocera Corpo\u201d. Era la pi\u00f9 grande delle ripartizioni nocerine. L\u2019elenco dei villaggi che lo componevano \u00e8 talmente lungo, che&#8230; avrebbe potuto formare due citt\u00e0: Iroma, Croce, Malloni, Uscioli, Pecorari, Camerelle, Taverne, San Clemente, Santa Maria Maggiore, Pucciano, San Pietro, Pareti, Portaromana, Cerzeti, Vescovado, Grotti, Casolla, Capofioccano, Piazza, Mercato, Borgo, Merichi, Cicalesi, Piedimonte e Pietraccetta. Il \u201cmunicipio\u201d di Nocera Corpo era ubicato lungo l\u2019attuale corso Vittorio Emanuele di Nocera Inferiore, di fronte alla sede dell\u2019altra grande Universit\u00e0 di Nocera Soprana, Nocera San Matteo. Un corpo che era nato protetto dalla placenta formata dalle mura sannite e romane della citt\u00e0 classica. Un corpo che, cresciuto, si \u00e8 disteso fino ad allargare la sua ombra sull\u2019Agro. Un corpo che si \u00e8 andato a riparare sotto la Collina del Parco, quando tutta l\u2019Italia era diventata un posto troppo pericoloso. <\/p>\n\n\n\n<p>I nocerini del passato, forse, conoscevano (anche solo inconsciamente) la loro storia e, quando realizzarono le Universit\u00e0, vollero che il corpo della Nocera classica e della Nocera medievale, restassero uniti. E cos\u00ec avrebbero voluto, forse per sempre. Invece, il primo gennaio del 1851, la scure del re Ferdinando II si abbatt\u00e9 sulla citt\u00e0, separando quell\u2019unico corpo con un taglio netto, antistorico e insensato, sfregiando la citt\u00e0 con una cicatrice che, ancora oggi, ne deturpa il volto. <\/p>\n\n\n\n<p style=\"text-align:right\"><em>Francesco Belsito\n<\/em><\/p>\n<div class=\"pdfprnt-buttons pdfprnt-buttons-post pdfprnt-bottom-left\"><a href=\"https:\/\/www.istitutogalanteoliva.it\/magazine\/wp-json\/wp\/v2\/posts\/720?print=print\" class=\"pdfprnt-button pdfprnt-button-print\" target=\"_blank\"><img decoding=\"async\" src=\"https:\/\/www.istitutogalanteoliva.it\/magazine\/wp-content\/plugins\/pdf-print\/images\/print.png\" alt=\"image_print\" title=\"Stampa contenuto\" \/><span class=\"pdfprnt-button-title pdfprnt-button-print-title\">Download in PDF<\/span><\/a><\/div>","protected":false},"excerpt":{"rendered":"<p>Cosa sarebbe successo, un paio di secoli fa, a un viaggiatore che si fosse perso<\/p>\n","protected":false},"author":1,"featured_media":721,"comment_status":"open","ping_status":"open","sticky":false,"template":"","format":"standard","meta":{"footnotes":""},"categories":[5,15],"tags":[],"class_list":["post-720","post","type-post","status-publish","format-standard","has-post-thumbnail","hentry","category-5","category-opinioni"],"yoast_head":"<!-- This site is optimized with the Yoast SEO plugin v24.2 - https:\/\/yoast.com\/wordpress\/plugins\/seo\/ -->\n<title>Il \u201cCorpo\u201d di Nocera - Polis SA Magazine<\/title>\n<meta name=\"robots\" content=\"index, follow, max-snippet:-1, max-image-preview:large, max-video-preview:-1\" \/>\n<link rel=\"canonical\" href=\"https:\/\/www.istitutogalanteoliva.it\/magazine\/2016\/07\/12\/il-corpo-di-nocera\/\" \/>\n<meta property=\"og:locale\" content=\"it_IT\" \/>\n<meta property=\"og:type\" content=\"article\" \/>\n<meta property=\"og:title\" content=\"Il \u201cCorpo\u201d di Nocera - Polis SA Magazine\" \/>\n<meta property=\"og:description\" content=\"Cosa sarebbe successo, un paio di secoli fa, a un viaggiatore che si fosse perso\" \/>\n<meta property=\"og:url\" content=\"https:\/\/www.istitutogalanteoliva.it\/magazine\/2016\/07\/12\/il-corpo-di-nocera\/\" \/>\n<meta property=\"og:site_name\" content=\"Polis SA Magazine\" \/>\n<meta property=\"article:publisher\" content=\"https:\/\/www.facebook.com\/PolisSAMagazine\/\" \/>\n<meta property=\"article:published_time\" content=\"2016-07-12T10:11:24+00:00\" \/>\n<meta property=\"article:modified_time\" content=\"2019-08-19T16:11:30+00:00\" \/>\n<meta property=\"og:image\" content=\"https:\/\/www.istitutogalanteoliva.it\/magazine\/wp-content\/uploads\/2019\/08\/Tenimento_di_Nocera_nel_1831-1024x678.jpg\" \/>\n\t<meta property=\"og:image:width\" content=\"1024\" \/>\n\t<meta property=\"og:image:height\" content=\"678\" \/>\n\t<meta property=\"og:image:type\" content=\"image\/jpeg\" \/>\n<meta name=\"author\" content=\"admin\" \/>\n<meta name=\"twitter:card\" content=\"summary_large_image\" \/>\n<meta name=\"twitter:creator\" content=\"@MagazinePolis\" \/>\n<meta name=\"twitter:site\" content=\"@MagazinePolis\" \/>\n<meta name=\"twitter:label1\" content=\"Scritto da\" \/>\n\t<meta name=\"twitter:data1\" content=\"admin\" \/>\n\t<meta name=\"twitter:label2\" content=\"Tempo di lettura stimato\" \/>\n\t<meta name=\"twitter:data2\" content=\"2 minuti\" \/>\n<script type=\"application\/ld+json\" class=\"yoast-schema-graph\">{\"@context\":\"https:\/\/schema.org\",\"@graph\":[{\"@type\":\"Article\",\"@id\":\"https:\/\/www.istitutogalanteoliva.it\/magazine\/2016\/07\/12\/il-corpo-di-nocera\/#article\",\"isPartOf\":{\"@id\":\"https:\/\/www.istitutogalanteoliva.it\/magazine\/2016\/07\/12\/il-corpo-di-nocera\/\"},\"author\":{\"name\":\"admin\",\"@id\":\"https:\/\/www.istitutogalanteoliva.it\/magazine\/#\/schema\/person\/72e8141246542ebcf905456f5dbd4c49\"},\"headline\":\"Il \u201cCorpo\u201d di Nocera\",\"datePublished\":\"2016-07-12T10:11:24+00:00\",\"dateModified\":\"2019-08-19T16:11:30+00:00\",\"mainEntityOfPage\":{\"@id\":\"https:\/\/www.istitutogalanteoliva.it\/magazine\/2016\/07\/12\/il-corpo-di-nocera\/\"},\"wordCount\":447,\"commentCount\":0,\"publisher\":{\"@id\":\"https:\/\/www.istitutogalanteoliva.it\/magazine\/#organization\"},\"image\":{\"@id\":\"https:\/\/www.istitutogalanteoliva.it\/magazine\/2016\/07\/12\/il-corpo-di-nocera\/#primaryimage\"},\"thumbnailUrl\":\"https:\/\/www.istitutogalanteoliva.it\/magazine\/wp-content\/uploads\/2019\/08\/Tenimento_di_Nocera_nel_1831.jpg\",\"articleSection\":[\"2016\",\"Opinioni\"],\"inLanguage\":\"it-IT\",\"potentialAction\":[{\"@type\":\"CommentAction\",\"name\":\"Comment\",\"target\":[\"https:\/\/www.istitutogalanteoliva.it\/magazine\/2016\/07\/12\/il-corpo-di-nocera\/#respond\"]}]},{\"@type\":\"WebPage\",\"@id\":\"https:\/\/www.istitutogalanteoliva.it\/magazine\/2016\/07\/12\/il-corpo-di-nocera\/\",\"url\":\"https:\/\/www.istitutogalanteoliva.it\/magazine\/2016\/07\/12\/il-corpo-di-nocera\/\",\"name\":\"Il \u201cCorpo\u201d di Nocera - Polis SA Magazine\",\"isPartOf\":{\"@id\":\"https:\/\/www.istitutogalanteoliva.it\/magazine\/#website\"},\"primaryImageOfPage\":{\"@id\":\"https:\/\/www.istitutogalanteoliva.it\/magazine\/2016\/07\/12\/il-corpo-di-nocera\/#primaryimage\"},\"image\":{\"@id\":\"https:\/\/www.istitutogalanteoliva.it\/magazine\/2016\/07\/12\/il-corpo-di-nocera\/#primaryimage\"},\"thumbnailUrl\":\"https:\/\/www.istitutogalanteoliva.it\/magazine\/wp-content\/uploads\/2019\/08\/Tenimento_di_Nocera_nel_1831.jpg\",\"datePublished\":\"2016-07-12T10:11:24+00:00\",\"dateModified\":\"2019-08-19T16:11:30+00:00\",\"breadcrumb\":{\"@id\":\"https:\/\/www.istitutogalanteoliva.it\/magazine\/2016\/07\/12\/il-corpo-di-nocera\/#breadcrumb\"},\"inLanguage\":\"it-IT\",\"potentialAction\":[{\"@type\":\"ReadAction\",\"target\":[\"https:\/\/www.istitutogalanteoliva.it\/magazine\/2016\/07\/12\/il-corpo-di-nocera\/\"]}]},{\"@type\":\"ImageObject\",\"inLanguage\":\"it-IT\",\"@id\":\"https:\/\/www.istitutogalanteoliva.it\/magazine\/2016\/07\/12\/il-corpo-di-nocera\/#primaryimage\",\"url\":\"https:\/\/www.istitutogalanteoliva.it\/magazine\/wp-content\/uploads\/2019\/08\/Tenimento_di_Nocera_nel_1831.jpg\",\"contentUrl\":\"https:\/\/www.istitutogalanteoliva.it\/magazine\/wp-content\/uploads\/2019\/08\/Tenimento_di_Nocera_nel_1831.jpg\",\"width\":1614,\"height\":1068},{\"@type\":\"BreadcrumbList\",\"@id\":\"https:\/\/www.istitutogalanteoliva.it\/magazine\/2016\/07\/12\/il-corpo-di-nocera\/#breadcrumb\",\"itemListElement\":[{\"@type\":\"ListItem\",\"position\":1,\"name\":\"Home\",\"item\":\"https:\/\/www.istitutogalanteoliva.it\/magazine\/\"},{\"@type\":\"ListItem\",\"position\":2,\"name\":\"Il \u201cCorpo\u201d di Nocera\"}]},{\"@type\":\"WebSite\",\"@id\":\"https:\/\/www.istitutogalanteoliva.it\/magazine\/#website\",\"url\":\"https:\/\/www.istitutogalanteoliva.it\/magazine\/\",\"name\":\"POLIS SA MAGAZINE\",\"description\":\"Informazione e approfondimenti\",\"publisher\":{\"@id\":\"https:\/\/www.istitutogalanteoliva.it\/magazine\/#organization\"},\"potentialAction\":[{\"@type\":\"SearchAction\",\"target\":{\"@type\":\"EntryPoint\",\"urlTemplate\":\"https:\/\/www.istitutogalanteoliva.it\/magazine\/?s={search_term_string}\"},\"query-input\":{\"@type\":\"PropertyValueSpecification\",\"valueRequired\":true,\"valueName\":\"search_term_string\"}}],\"inLanguage\":\"it-IT\"},{\"@type\":\"Organization\",\"@id\":\"https:\/\/www.istitutogalanteoliva.it\/magazine\/#organization\",\"name\":\"Polis SA Magazine\",\"url\":\"https:\/\/www.istitutogalanteoliva.it\/magazine\/\",\"logo\":{\"@type\":\"ImageObject\",\"inLanguage\":\"it-IT\",\"@id\":\"https:\/\/www.istitutogalanteoliva.it\/magazine\/#\/schema\/logo\/image\/\",\"url\":\"\",\"contentUrl\":\"\",\"caption\":\"Polis SA Magazine\"},\"image\":{\"@id\":\"https:\/\/www.istitutogalanteoliva.it\/magazine\/#\/schema\/logo\/image\/\"},\"sameAs\":[\"https:\/\/www.facebook.com\/PolisSAMagazine\/\",\"https:\/\/x.com\/MagazinePolis\",\"https:\/\/www.youtube.com\/channel\/UCv0Mr5AHKUmsc0sEEXkJrgw\"]},{\"@type\":\"Person\",\"@id\":\"https:\/\/www.istitutogalanteoliva.it\/magazine\/#\/schema\/person\/72e8141246542ebcf905456f5dbd4c49\",\"name\":\"admin\",\"image\":{\"@type\":\"ImageObject\",\"inLanguage\":\"it-IT\",\"@id\":\"https:\/\/www.istitutogalanteoliva.it\/magazine\/#\/schema\/person\/image\/\",\"url\":\"https:\/\/secure.gravatar.com\/avatar\/07059cc99eeb1edd29e138d1812e69ec?s=96&d=mm&r=g\",\"contentUrl\":\"https:\/\/secure.gravatar.com\/avatar\/07059cc99eeb1edd29e138d1812e69ec?s=96&d=mm&r=g\",\"caption\":\"admin\"},\"url\":\"https:\/\/www.istitutogalanteoliva.it\/magazine\/author\/admin\/\"}]}<\/script>\n<!-- \/ Yoast SEO plugin. -->","yoast_head_json":{"title":"Il \u201cCorpo\u201d di Nocera - Polis SA Magazine","robots":{"index":"index","follow":"follow","max-snippet":"max-snippet:-1","max-image-preview":"max-image-preview:large","max-video-preview":"max-video-preview:-1"},"canonical":"https:\/\/www.istitutogalanteoliva.it\/magazine\/2016\/07\/12\/il-corpo-di-nocera\/","og_locale":"it_IT","og_type":"article","og_title":"Il \u201cCorpo\u201d di Nocera - Polis SA Magazine","og_description":"Cosa sarebbe successo, un paio di secoli fa, a un viaggiatore che si fosse perso","og_url":"https:\/\/www.istitutogalanteoliva.it\/magazine\/2016\/07\/12\/il-corpo-di-nocera\/","og_site_name":"Polis SA Magazine","article_publisher":"https:\/\/www.facebook.com\/PolisSAMagazine\/","article_published_time":"2016-07-12T10:11:24+00:00","article_modified_time":"2019-08-19T16:11:30+00:00","og_image":[{"width":1024,"height":678,"url":"https:\/\/www.istitutogalanteoliva.it\/magazine\/wp-content\/uploads\/2019\/08\/Tenimento_di_Nocera_nel_1831-1024x678.jpg","type":"image\/jpeg"}],"author":"admin","twitter_card":"summary_large_image","twitter_creator":"@MagazinePolis","twitter_site":"@MagazinePolis","twitter_misc":{"Scritto da":"admin","Tempo di lettura stimato":"2 minuti"},"schema":{"@context":"https:\/\/schema.org","@graph":[{"@type":"Article","@id":"https:\/\/www.istitutogalanteoliva.it\/magazine\/2016\/07\/12\/il-corpo-di-nocera\/#article","isPartOf":{"@id":"https:\/\/www.istitutogalanteoliva.it\/magazine\/2016\/07\/12\/il-corpo-di-nocera\/"},"author":{"name":"admin","@id":"https:\/\/www.istitutogalanteoliva.it\/magazine\/#\/schema\/person\/72e8141246542ebcf905456f5dbd4c49"},"headline":"Il \u201cCorpo\u201d di Nocera","datePublished":"2016-07-12T10:11:24+00:00","dateModified":"2019-08-19T16:11:30+00:00","mainEntityOfPage":{"@id":"https:\/\/www.istitutogalanteoliva.it\/magazine\/2016\/07\/12\/il-corpo-di-nocera\/"},"wordCount":447,"commentCount":0,"publisher":{"@id":"https:\/\/www.istitutogalanteoliva.it\/magazine\/#organization"},"image":{"@id":"https:\/\/www.istitutogalanteoliva.it\/magazine\/2016\/07\/12\/il-corpo-di-nocera\/#primaryimage"},"thumbnailUrl":"https:\/\/www.istitutogalanteoliva.it\/magazine\/wp-content\/uploads\/2019\/08\/Tenimento_di_Nocera_nel_1831.jpg","articleSection":["2016","Opinioni"],"inLanguage":"it-IT","potentialAction":[{"@type":"CommentAction","name":"Comment","target":["https:\/\/www.istitutogalanteoliva.it\/magazine\/2016\/07\/12\/il-corpo-di-nocera\/#respond"]}]},{"@type":"WebPage","@id":"https:\/\/www.istitutogalanteoliva.it\/magazine\/2016\/07\/12\/il-corpo-di-nocera\/","url":"https:\/\/www.istitutogalanteoliva.it\/magazine\/2016\/07\/12\/il-corpo-di-nocera\/","name":"Il \u201cCorpo\u201d di Nocera - Polis SA Magazine","isPartOf":{"@id":"https:\/\/www.istitutogalanteoliva.it\/magazine\/#website"},"primaryImageOfPage":{"@id":"https:\/\/www.istitutogalanteoliva.it\/magazine\/2016\/07\/12\/il-corpo-di-nocera\/#primaryimage"},"image":{"@id":"https:\/\/www.istitutogalanteoliva.it\/magazine\/2016\/07\/12\/il-corpo-di-nocera\/#primaryimage"},"thumbnailUrl":"https:\/\/www.istitutogalanteoliva.it\/magazine\/wp-content\/uploads\/2019\/08\/Tenimento_di_Nocera_nel_1831.jpg","datePublished":"2016-07-12T10:11:24+00:00","dateModified":"2019-08-19T16:11:30+00:00","breadcrumb":{"@id":"https:\/\/www.istitutogalanteoliva.it\/magazine\/2016\/07\/12\/il-corpo-di-nocera\/#breadcrumb"},"inLanguage":"it-IT","potentialAction":[{"@type":"ReadAction","target":["https:\/\/www.istitutogalanteoliva.it\/magazine\/2016\/07\/12\/il-corpo-di-nocera\/"]}]},{"@type":"ImageObject","inLanguage":"it-IT","@id":"https:\/\/www.istitutogalanteoliva.it\/magazine\/2016\/07\/12\/il-corpo-di-nocera\/#primaryimage","url":"https:\/\/www.istitutogalanteoliva.it\/magazine\/wp-content\/uploads\/2019\/08\/Tenimento_di_Nocera_nel_1831.jpg","contentUrl":"https:\/\/www.istitutogalanteoliva.it\/magazine\/wp-content\/uploads\/2019\/08\/Tenimento_di_Nocera_nel_1831.jpg","width":1614,"height":1068},{"@type":"BreadcrumbList","@id":"https:\/\/www.istitutogalanteoliva.it\/magazine\/2016\/07\/12\/il-corpo-di-nocera\/#breadcrumb","itemListElement":[{"@type":"ListItem","position":1,"name":"Home","item":"https:\/\/www.istitutogalanteoliva.it\/magazine\/"},{"@type":"ListItem","position":2,"name":"Il \u201cCorpo\u201d di Nocera"}]},{"@type":"WebSite","@id":"https:\/\/www.istitutogalanteoliva.it\/magazine\/#website","url":"https:\/\/www.istitutogalanteoliva.it\/magazine\/","name":"POLIS SA MAGAZINE","description":"Informazione e approfondimenti","publisher":{"@id":"https:\/\/www.istitutogalanteoliva.it\/magazine\/#organization"},"potentialAction":[{"@type":"SearchAction","target":{"@type":"EntryPoint","urlTemplate":"https:\/\/www.istitutogalanteoliva.it\/magazine\/?s={search_term_string}"},"query-input":{"@type":"PropertyValueSpecification","valueRequired":true,"valueName":"search_term_string"}}],"inLanguage":"it-IT"},{"@type":"Organization","@id":"https:\/\/www.istitutogalanteoliva.it\/magazine\/#organization","name":"Polis SA Magazine","url":"https:\/\/www.istitutogalanteoliva.it\/magazine\/","logo":{"@type":"ImageObject","inLanguage":"it-IT","@id":"https:\/\/www.istitutogalanteoliva.it\/magazine\/#\/schema\/logo\/image\/","url":"","contentUrl":"","caption":"Polis SA Magazine"},"image":{"@id":"https:\/\/www.istitutogalanteoliva.it\/magazine\/#\/schema\/logo\/image\/"},"sameAs":["https:\/\/www.facebook.com\/PolisSAMagazine\/","https:\/\/x.com\/MagazinePolis","https:\/\/www.youtube.com\/channel\/UCv0Mr5AHKUmsc0sEEXkJrgw"]},{"@type":"Person","@id":"https:\/\/www.istitutogalanteoliva.it\/magazine\/#\/schema\/person\/72e8141246542ebcf905456f5dbd4c49","name":"admin","image":{"@type":"ImageObject","inLanguage":"it-IT","@id":"https:\/\/www.istitutogalanteoliva.it\/magazine\/#\/schema\/person\/image\/","url":"https:\/\/secure.gravatar.com\/avatar\/07059cc99eeb1edd29e138d1812e69ec?s=96&d=mm&r=g","contentUrl":"https:\/\/secure.gravatar.com\/avatar\/07059cc99eeb1edd29e138d1812e69ec?s=96&d=mm&r=g","caption":"admin"},"url":"https:\/\/www.istitutogalanteoliva.it\/magazine\/author\/admin\/"}]}},"_links":{"self":[{"href":"https:\/\/www.istitutogalanteoliva.it\/magazine\/wp-json\/wp\/v2\/posts\/720","targetHints":{"allow":["GET"]}}],"collection":[{"href":"https:\/\/www.istitutogalanteoliva.it\/magazine\/wp-json\/wp\/v2\/posts"}],"about":[{"href":"https:\/\/www.istitutogalanteoliva.it\/magazine\/wp-json\/wp\/v2\/types\/post"}],"author":[{"embeddable":true,"href":"https:\/\/www.istitutogalanteoliva.it\/magazine\/wp-json\/wp\/v2\/users\/1"}],"replies":[{"embeddable":true,"href":"https:\/\/www.istitutogalanteoliva.it\/magazine\/wp-json\/wp\/v2\/comments?post=720"}],"version-history":[{"count":1,"href":"https:\/\/www.istitutogalanteoliva.it\/magazine\/wp-json\/wp\/v2\/posts\/720\/revisions"}],"predecessor-version":[{"id":722,"href":"https:\/\/www.istitutogalanteoliva.it\/magazine\/wp-json\/wp\/v2\/posts\/720\/revisions\/722"}],"wp:featuredmedia":[{"embeddable":true,"href":"https:\/\/www.istitutogalanteoliva.it\/magazine\/wp-json\/wp\/v2\/media\/721"}],"wp:attachment":[{"href":"https:\/\/www.istitutogalanteoliva.it\/magazine\/wp-json\/wp\/v2\/media?parent=720"}],"wp:term":[{"taxonomy":"category","embeddable":true,"href":"https:\/\/www.istitutogalanteoliva.it\/magazine\/wp-json\/wp\/v2\/categories?post=720"},{"taxonomy":"post_tag","embeddable":true,"href":"https:\/\/www.istitutogalanteoliva.it\/magazine\/wp-json\/wp\/v2\/tags?post=720"}],"curies":[{"name":"wp","href":"https:\/\/api.w.org\/{rel}","templated":true}]}}