{"id":723,"date":"2016-07-14T18:11:49","date_gmt":"2016-07-14T16:11:49","guid":{"rendered":"http:\/\/www.edizionipolis.it\/magazine\/?p=723"},"modified":"2019-08-19T18:16:41","modified_gmt":"2019-08-19T16:16:41","slug":"raggi-di-sole-a-roma","status":"publish","type":"post","link":"https:\/\/www.istitutogalanteoliva.it\/magazine\/2016\/07\/14\/raggi-di-sole-a-roma\/","title":{"rendered":"Raggi di sole a Roma?"},"content":{"rendered":"\n<p>Negli ultimi mesi Roma \u00e8 sporca e poco sicura come mai negli ultimi dieci, quindici anni. Contenitori per la raccolta colmi di rifiuti; lattine, bottiglie, buste e residui di cibo sparsi per le strade; barboni che si accampano con il loro corredo di cartoni sui marciapiedi o sulle scale degli androni dei palazzi; persone che chiedono elemosina a ogni angolo; continui furti di appartamenti; parchi urbani che di sera diventano il ricettacolo di tossicodipendenti; quartieri della periferia urbana assaliti dai topi e in qualche caso diventati zone di spaccio o controllati dalla criminalit\u00e0 organizzata; strade a lunga percorrenza (dalla Salaria all\u2019Aurelia) trasformate in bordelli a cielo aperto da prostitute discinte. Una situazione di decadimento che non \u00e8 certo addebitabile al nuovo sindaco Virginia Raggi. Al contrario, il voto di molti romani \u00e8 andato a lei e ai Cinque Stelle proprio per voltare pagina, dopo i due sindacati per motivi diversi disastrosi di Alemanno e di Marino (il quale ultimo, a onor del vero, se non brillava per capacit\u00e0 di gestione, almeno aveva cercato di resistere a \u201cMafia Capitale\u201d). Il consenso a Virginia Raggi non \u00e8 stato maggioritario in termini assoluti nel corpo elettorale, in quanto l\u2019astensionismo nella capitale \u00e8 stato altissimo, ma sicuramente \u00e8 stato assai chiaro per la forte consistenza della percentuale di voti al ballottaggio e per la speranza che ha suscitato nella citt\u00e0 dopo la chiusura delle urne. \u00c8 evidente che il lavoro che deve compiere Raggi \u00e8 difficile e complicato, ma i cittadini si attendono i primi segnali in tempi brevi, almeno sul versante della pulizia della citt\u00e0. Lasciare per troppe settimane le cose invariate su questo fronte, rischierebbe di far terminare in modo repentino la luna di miele con i romani. Bene in questo senso la proposta di punire chi sporca la citt\u00e0 e di installare telecamere accanto ai contenitori (come fatto da Vincenzo De Luca a Salerno), ma bisogner\u00e0 anche far funzionare bene l\u2019azienda Ama di raccolta, trasporto, trattamento, riciclaggio e smaltimento rifiuti e, allo stesso tempo, incrementare e sviluppare la raccolta differenziata. A seguire, il sindaco Raggi dovr\u00e0 \u201caggredire\u201d l\u2019altro grande problema della capitale: i trasporti pubblici. Roma \u00e8 una delle capitali mondiali meno dotate di linee metropolitane e anche le linee degli autobus e dei tram sono poco efficienti e funzionali. Qui chiusure verso la linea C della metropolitana sono poco comprensibili. E il nuovo vertice dell\u2019Atac, che aveva iniziato a sfidare le corporazioni interne e a introdurre criteri di efficienza, meriterebbe di essere supportato e aiutato. Il governo di Roma costituisce per i Cinque Stelle un banco di prova importantissimo per candidarsi alla guida della Nazione. Ci\u00f2 in qualche modo giustifica l\u2019attenzione quasi spasmodica dei maggiori leader del movimento, da Beppe Grillo a Luigi Di Maio, verso le sorti e le attivit\u00e0 della giunta Raggi. Bisogner\u00e0 misurare nei fatti concreti quanto questa attenzione si tramuter\u00e0 in energia positiva per la giunta Raggi e quanto invece in eterodirezione da parte di persone che non si trovano al Campidoglio ma in altre occulte stanze. La capacit\u00e0 della Raggi di essere autonoma e indipendente, se ci sar\u00e0, potr\u00e0 attestare ulteriormente la maturit\u00e0 di governo dei Cinque Stelle. Certo, se prevarr\u00e0 la logica gi\u00e0 vista a Roma della nomina dei parenti e degli amici degli amici, accompagnata da idee un po\u2019 strampalate come il baratto, il declino della capitale continuer\u00e0 in modo implacabile, dopo la stagione della rinascita registrata grazie all\u2019azione riformatrice delle giunte guidate da Rutelli e da Veltroni. Ma da romano acqui- sito mi auguro che tornino a splendere Raggi di sole. <\/p>\n\n\n\n<p style=\"text-align:right\"><em>Mario Avagliano\n<\/em><\/p>\n<div class=\"pdfprnt-buttons pdfprnt-buttons-post pdfprnt-bottom-left\"><a href=\"https:\/\/www.istitutogalanteoliva.it\/magazine\/wp-json\/wp\/v2\/posts\/723?print=print\" class=\"pdfprnt-button pdfprnt-button-print\" target=\"_blank\"><img decoding=\"async\" src=\"https:\/\/www.istitutogalanteoliva.it\/magazine\/wp-content\/plugins\/pdf-print\/images\/print.png\" alt=\"image_print\" title=\"Stampa contenuto\" \/><span class=\"pdfprnt-button-title pdfprnt-button-print-title\">Download in PDF<\/span><\/a><\/div>","protected":false},"excerpt":{"rendered":"<p>Negli ultimi mesi Roma \u00e8 sporca e poco sicura come mai negli ultimi dieci, quindici<\/p>\n","protected":false},"author":1,"featured_media":724,"comment_status":"open","ping_status":"open","sticky":false,"template":"","format":"standard","meta":{"footnotes":""},"categories":[5,15],"tags":[],"class_list":["post-723","post","type-post","status-publish","format-standard","has-post-thumbnail","hentry","category-5","category-opinioni"],"yoast_head":"<!-- This site is optimized with the Yoast SEO plugin v24.2 - https:\/\/yoast.com\/wordpress\/plugins\/seo\/ -->\n<title>Raggi di sole a Roma? - Polis SA Magazine<\/title>\n<meta name=\"robots\" content=\"index, follow, max-snippet:-1, max-image-preview:large, max-video-preview:-1\" \/>\n<link rel=\"canonical\" href=\"https:\/\/www.istitutogalanteoliva.it\/magazine\/2016\/07\/14\/raggi-di-sole-a-roma\/\" \/>\n<meta property=\"og:locale\" content=\"it_IT\" \/>\n<meta property=\"og:type\" content=\"article\" \/>\n<meta property=\"og:title\" content=\"Raggi di sole a Roma? - Polis SA Magazine\" \/>\n<meta property=\"og:description\" content=\"Negli ultimi mesi Roma \u00e8 sporca e poco sicura come mai negli ultimi dieci, quindici\" \/>\n<meta property=\"og:url\" content=\"https:\/\/www.istitutogalanteoliva.it\/magazine\/2016\/07\/14\/raggi-di-sole-a-roma\/\" \/>\n<meta property=\"og:site_name\" content=\"Polis SA Magazine\" \/>\n<meta property=\"article:publisher\" content=\"https:\/\/www.facebook.com\/PolisSAMagazine\/\" \/>\n<meta property=\"article:published_time\" content=\"2016-07-14T16:11:49+00:00\" \/>\n<meta property=\"article:modified_time\" content=\"2019-08-19T16:16:41+00:00\" \/>\n<meta property=\"og:image\" content=\"https:\/\/www.istitutogalanteoliva.it\/magazine\/wp-content\/uploads\/2019\/08\/roman-theatre-774793_640.jpg\" \/>\n\t<meta property=\"og:image:width\" content=\"640\" \/>\n\t<meta property=\"og:image:height\" content=\"420\" \/>\n\t<meta property=\"og:image:type\" content=\"image\/jpeg\" \/>\n<meta name=\"author\" content=\"admin\" \/>\n<meta name=\"twitter:card\" content=\"summary_large_image\" \/>\n<meta name=\"twitter:creator\" content=\"@MagazinePolis\" \/>\n<meta name=\"twitter:site\" content=\"@MagazinePolis\" \/>\n<meta name=\"twitter:label1\" content=\"Scritto da\" \/>\n\t<meta name=\"twitter:data1\" content=\"admin\" \/>\n\t<meta name=\"twitter:label2\" content=\"Tempo di lettura stimato\" \/>\n\t<meta name=\"twitter:data2\" content=\"3 minuti\" \/>\n<script type=\"application\/ld+json\" class=\"yoast-schema-graph\">{\"@context\":\"https:\/\/schema.org\",\"@graph\":[{\"@type\":\"Article\",\"@id\":\"https:\/\/www.istitutogalanteoliva.it\/magazine\/2016\/07\/14\/raggi-di-sole-a-roma\/#article\",\"isPartOf\":{\"@id\":\"https:\/\/www.istitutogalanteoliva.it\/magazine\/2016\/07\/14\/raggi-di-sole-a-roma\/\"},\"author\":{\"name\":\"admin\",\"@id\":\"https:\/\/www.istitutogalanteoliva.it\/magazine\/#\/schema\/person\/72e8141246542ebcf905456f5dbd4c49\"},\"headline\":\"Raggi di sole a Roma?\",\"datePublished\":\"2016-07-14T16:11:49+00:00\",\"dateModified\":\"2019-08-19T16:16:41+00:00\",\"mainEntityOfPage\":{\"@id\":\"https:\/\/www.istitutogalanteoliva.it\/magazine\/2016\/07\/14\/raggi-di-sole-a-roma\/\"},\"wordCount\":594,\"commentCount\":0,\"publisher\":{\"@id\":\"https:\/\/www.istitutogalanteoliva.it\/magazine\/#organization\"},\"image\":{\"@id\":\"https:\/\/www.istitutogalanteoliva.it\/magazine\/2016\/07\/14\/raggi-di-sole-a-roma\/#primaryimage\"},\"thumbnailUrl\":\"https:\/\/www.istitutogalanteoliva.it\/magazine\/wp-content\/uploads\/2019\/08\/roman-theatre-774793_640.jpg\",\"articleSection\":[\"2016\",\"Opinioni\"],\"inLanguage\":\"it-IT\",\"potentialAction\":[{\"@type\":\"CommentAction\",\"name\":\"Comment\",\"target\":[\"https:\/\/www.istitutogalanteoliva.it\/magazine\/2016\/07\/14\/raggi-di-sole-a-roma\/#respond\"]}]},{\"@type\":\"WebPage\",\"@id\":\"https:\/\/www.istitutogalanteoliva.it\/magazine\/2016\/07\/14\/raggi-di-sole-a-roma\/\",\"url\":\"https:\/\/www.istitutogalanteoliva.it\/magazine\/2016\/07\/14\/raggi-di-sole-a-roma\/\",\"name\":\"Raggi di sole a Roma? - Polis SA Magazine\",\"isPartOf\":{\"@id\":\"https:\/\/www.istitutogalanteoliva.it\/magazine\/#website\"},\"primaryImageOfPage\":{\"@id\":\"https:\/\/www.istitutogalanteoliva.it\/magazine\/2016\/07\/14\/raggi-di-sole-a-roma\/#primaryimage\"},\"image\":{\"@id\":\"https:\/\/www.istitutogalanteoliva.it\/magazine\/2016\/07\/14\/raggi-di-sole-a-roma\/#primaryimage\"},\"thumbnailUrl\":\"https:\/\/www.istitutogalanteoliva.it\/magazine\/wp-content\/uploads\/2019\/08\/roman-theatre-774793_640.jpg\",\"datePublished\":\"2016-07-14T16:11:49+00:00\",\"dateModified\":\"2019-08-19T16:16:41+00:00\",\"breadcrumb\":{\"@id\":\"https:\/\/www.istitutogalanteoliva.it\/magazine\/2016\/07\/14\/raggi-di-sole-a-roma\/#breadcrumb\"},\"inLanguage\":\"it-IT\",\"potentialAction\":[{\"@type\":\"ReadAction\",\"target\":[\"https:\/\/www.istitutogalanteoliva.it\/magazine\/2016\/07\/14\/raggi-di-sole-a-roma\/\"]}]},{\"@type\":\"ImageObject\",\"inLanguage\":\"it-IT\",\"@id\":\"https:\/\/www.istitutogalanteoliva.it\/magazine\/2016\/07\/14\/raggi-di-sole-a-roma\/#primaryimage\",\"url\":\"https:\/\/www.istitutogalanteoliva.it\/magazine\/wp-content\/uploads\/2019\/08\/roman-theatre-774793_640.jpg\",\"contentUrl\":\"https:\/\/www.istitutogalanteoliva.it\/magazine\/wp-content\/uploads\/2019\/08\/roman-theatre-774793_640.jpg\",\"width\":640,\"height\":420},{\"@type\":\"BreadcrumbList\",\"@id\":\"https:\/\/www.istitutogalanteoliva.it\/magazine\/2016\/07\/14\/raggi-di-sole-a-roma\/#breadcrumb\",\"itemListElement\":[{\"@type\":\"ListItem\",\"position\":1,\"name\":\"Home\",\"item\":\"https:\/\/www.istitutogalanteoliva.it\/magazine\/\"},{\"@type\":\"ListItem\",\"position\":2,\"name\":\"Raggi di sole a Roma?\"}]},{\"@type\":\"WebSite\",\"@id\":\"https:\/\/www.istitutogalanteoliva.it\/magazine\/#website\",\"url\":\"https:\/\/www.istitutogalanteoliva.it\/magazine\/\",\"name\":\"POLIS SA MAGAZINE\",\"description\":\"Informazione e approfondimenti\",\"publisher\":{\"@id\":\"https:\/\/www.istitutogalanteoliva.it\/magazine\/#organization\"},\"potentialAction\":[{\"@type\":\"SearchAction\",\"target\":{\"@type\":\"EntryPoint\",\"urlTemplate\":\"https:\/\/www.istitutogalanteoliva.it\/magazine\/?s={search_term_string}\"},\"query-input\":{\"@type\":\"PropertyValueSpecification\",\"valueRequired\":true,\"valueName\":\"search_term_string\"}}],\"inLanguage\":\"it-IT\"},{\"@type\":\"Organization\",\"@id\":\"https:\/\/www.istitutogalanteoliva.it\/magazine\/#organization\",\"name\":\"Polis SA Magazine\",\"url\":\"https:\/\/www.istitutogalanteoliva.it\/magazine\/\",\"logo\":{\"@type\":\"ImageObject\",\"inLanguage\":\"it-IT\",\"@id\":\"https:\/\/www.istitutogalanteoliva.it\/magazine\/#\/schema\/logo\/image\/\",\"url\":\"\",\"contentUrl\":\"\",\"caption\":\"Polis SA Magazine\"},\"image\":{\"@id\":\"https:\/\/www.istitutogalanteoliva.it\/magazine\/#\/schema\/logo\/image\/\"},\"sameAs\":[\"https:\/\/www.facebook.com\/PolisSAMagazine\/\",\"https:\/\/x.com\/MagazinePolis\",\"https:\/\/www.youtube.com\/channel\/UCv0Mr5AHKUmsc0sEEXkJrgw\"]},{\"@type\":\"Person\",\"@id\":\"https:\/\/www.istitutogalanteoliva.it\/magazine\/#\/schema\/person\/72e8141246542ebcf905456f5dbd4c49\",\"name\":\"admin\",\"image\":{\"@type\":\"ImageObject\",\"inLanguage\":\"it-IT\",\"@id\":\"https:\/\/www.istitutogalanteoliva.it\/magazine\/#\/schema\/person\/image\/\",\"url\":\"https:\/\/secure.gravatar.com\/avatar\/07059cc99eeb1edd29e138d1812e69ec?s=96&d=mm&r=g\",\"contentUrl\":\"https:\/\/secure.gravatar.com\/avatar\/07059cc99eeb1edd29e138d1812e69ec?s=96&d=mm&r=g\",\"caption\":\"admin\"},\"url\":\"https:\/\/www.istitutogalanteoliva.it\/magazine\/author\/admin\/\"}]}<\/script>\n<!-- \/ Yoast SEO plugin. -->","yoast_head_json":{"title":"Raggi di sole a Roma? - Polis SA Magazine","robots":{"index":"index","follow":"follow","max-snippet":"max-snippet:-1","max-image-preview":"max-image-preview:large","max-video-preview":"max-video-preview:-1"},"canonical":"https:\/\/www.istitutogalanteoliva.it\/magazine\/2016\/07\/14\/raggi-di-sole-a-roma\/","og_locale":"it_IT","og_type":"article","og_title":"Raggi di sole a Roma? - Polis SA Magazine","og_description":"Negli ultimi mesi Roma \u00e8 sporca e poco sicura come mai negli ultimi dieci, quindici","og_url":"https:\/\/www.istitutogalanteoliva.it\/magazine\/2016\/07\/14\/raggi-di-sole-a-roma\/","og_site_name":"Polis SA Magazine","article_publisher":"https:\/\/www.facebook.com\/PolisSAMagazine\/","article_published_time":"2016-07-14T16:11:49+00:00","article_modified_time":"2019-08-19T16:16:41+00:00","og_image":[{"width":640,"height":420,"url":"https:\/\/www.istitutogalanteoliva.it\/magazine\/wp-content\/uploads\/2019\/08\/roman-theatre-774793_640.jpg","type":"image\/jpeg"}],"author":"admin","twitter_card":"summary_large_image","twitter_creator":"@MagazinePolis","twitter_site":"@MagazinePolis","twitter_misc":{"Scritto da":"admin","Tempo di lettura stimato":"3 minuti"},"schema":{"@context":"https:\/\/schema.org","@graph":[{"@type":"Article","@id":"https:\/\/www.istitutogalanteoliva.it\/magazine\/2016\/07\/14\/raggi-di-sole-a-roma\/#article","isPartOf":{"@id":"https:\/\/www.istitutogalanteoliva.it\/magazine\/2016\/07\/14\/raggi-di-sole-a-roma\/"},"author":{"name":"admin","@id":"https:\/\/www.istitutogalanteoliva.it\/magazine\/#\/schema\/person\/72e8141246542ebcf905456f5dbd4c49"},"headline":"Raggi di sole a Roma?","datePublished":"2016-07-14T16:11:49+00:00","dateModified":"2019-08-19T16:16:41+00:00","mainEntityOfPage":{"@id":"https:\/\/www.istitutogalanteoliva.it\/magazine\/2016\/07\/14\/raggi-di-sole-a-roma\/"},"wordCount":594,"commentCount":0,"publisher":{"@id":"https:\/\/www.istitutogalanteoliva.it\/magazine\/#organization"},"image":{"@id":"https:\/\/www.istitutogalanteoliva.it\/magazine\/2016\/07\/14\/raggi-di-sole-a-roma\/#primaryimage"},"thumbnailUrl":"https:\/\/www.istitutogalanteoliva.it\/magazine\/wp-content\/uploads\/2019\/08\/roman-theatre-774793_640.jpg","articleSection":["2016","Opinioni"],"inLanguage":"it-IT","potentialAction":[{"@type":"CommentAction","name":"Comment","target":["https:\/\/www.istitutogalanteoliva.it\/magazine\/2016\/07\/14\/raggi-di-sole-a-roma\/#respond"]}]},{"@type":"WebPage","@id":"https:\/\/www.istitutogalanteoliva.it\/magazine\/2016\/07\/14\/raggi-di-sole-a-roma\/","url":"https:\/\/www.istitutogalanteoliva.it\/magazine\/2016\/07\/14\/raggi-di-sole-a-roma\/","name":"Raggi di sole a Roma? - Polis SA Magazine","isPartOf":{"@id":"https:\/\/www.istitutogalanteoliva.it\/magazine\/#website"},"primaryImageOfPage":{"@id":"https:\/\/www.istitutogalanteoliva.it\/magazine\/2016\/07\/14\/raggi-di-sole-a-roma\/#primaryimage"},"image":{"@id":"https:\/\/www.istitutogalanteoliva.it\/magazine\/2016\/07\/14\/raggi-di-sole-a-roma\/#primaryimage"},"thumbnailUrl":"https:\/\/www.istitutogalanteoliva.it\/magazine\/wp-content\/uploads\/2019\/08\/roman-theatre-774793_640.jpg","datePublished":"2016-07-14T16:11:49+00:00","dateModified":"2019-08-19T16:16:41+00:00","breadcrumb":{"@id":"https:\/\/www.istitutogalanteoliva.it\/magazine\/2016\/07\/14\/raggi-di-sole-a-roma\/#breadcrumb"},"inLanguage":"it-IT","potentialAction":[{"@type":"ReadAction","target":["https:\/\/www.istitutogalanteoliva.it\/magazine\/2016\/07\/14\/raggi-di-sole-a-roma\/"]}]},{"@type":"ImageObject","inLanguage":"it-IT","@id":"https:\/\/www.istitutogalanteoliva.it\/magazine\/2016\/07\/14\/raggi-di-sole-a-roma\/#primaryimage","url":"https:\/\/www.istitutogalanteoliva.it\/magazine\/wp-content\/uploads\/2019\/08\/roman-theatre-774793_640.jpg","contentUrl":"https:\/\/www.istitutogalanteoliva.it\/magazine\/wp-content\/uploads\/2019\/08\/roman-theatre-774793_640.jpg","width":640,"height":420},{"@type":"BreadcrumbList","@id":"https:\/\/www.istitutogalanteoliva.it\/magazine\/2016\/07\/14\/raggi-di-sole-a-roma\/#breadcrumb","itemListElement":[{"@type":"ListItem","position":1,"name":"Home","item":"https:\/\/www.istitutogalanteoliva.it\/magazine\/"},{"@type":"ListItem","position":2,"name":"Raggi di sole a Roma?"}]},{"@type":"WebSite","@id":"https:\/\/www.istitutogalanteoliva.it\/magazine\/#website","url":"https:\/\/www.istitutogalanteoliva.it\/magazine\/","name":"POLIS SA MAGAZINE","description":"Informazione e approfondimenti","publisher":{"@id":"https:\/\/www.istitutogalanteoliva.it\/magazine\/#organization"},"potentialAction":[{"@type":"SearchAction","target":{"@type":"EntryPoint","urlTemplate":"https:\/\/www.istitutogalanteoliva.it\/magazine\/?s={search_term_string}"},"query-input":{"@type":"PropertyValueSpecification","valueRequired":true,"valueName":"search_term_string"}}],"inLanguage":"it-IT"},{"@type":"Organization","@id":"https:\/\/www.istitutogalanteoliva.it\/magazine\/#organization","name":"Polis SA Magazine","url":"https:\/\/www.istitutogalanteoliva.it\/magazine\/","logo":{"@type":"ImageObject","inLanguage":"it-IT","@id":"https:\/\/www.istitutogalanteoliva.it\/magazine\/#\/schema\/logo\/image\/","url":"","contentUrl":"","caption":"Polis SA Magazine"},"image":{"@id":"https:\/\/www.istitutogalanteoliva.it\/magazine\/#\/schema\/logo\/image\/"},"sameAs":["https:\/\/www.facebook.com\/PolisSAMagazine\/","https:\/\/x.com\/MagazinePolis","https:\/\/www.youtube.com\/channel\/UCv0Mr5AHKUmsc0sEEXkJrgw"]},{"@type":"Person","@id":"https:\/\/www.istitutogalanteoliva.it\/magazine\/#\/schema\/person\/72e8141246542ebcf905456f5dbd4c49","name":"admin","image":{"@type":"ImageObject","inLanguage":"it-IT","@id":"https:\/\/www.istitutogalanteoliva.it\/magazine\/#\/schema\/person\/image\/","url":"https:\/\/secure.gravatar.com\/avatar\/07059cc99eeb1edd29e138d1812e69ec?s=96&d=mm&r=g","contentUrl":"https:\/\/secure.gravatar.com\/avatar\/07059cc99eeb1edd29e138d1812e69ec?s=96&d=mm&r=g","caption":"admin"},"url":"https:\/\/www.istitutogalanteoliva.it\/magazine\/author\/admin\/"}]}},"_links":{"self":[{"href":"https:\/\/www.istitutogalanteoliva.it\/magazine\/wp-json\/wp\/v2\/posts\/723","targetHints":{"allow":["GET"]}}],"collection":[{"href":"https:\/\/www.istitutogalanteoliva.it\/magazine\/wp-json\/wp\/v2\/posts"}],"about":[{"href":"https:\/\/www.istitutogalanteoliva.it\/magazine\/wp-json\/wp\/v2\/types\/post"}],"author":[{"embeddable":true,"href":"https:\/\/www.istitutogalanteoliva.it\/magazine\/wp-json\/wp\/v2\/users\/1"}],"replies":[{"embeddable":true,"href":"https:\/\/www.istitutogalanteoliva.it\/magazine\/wp-json\/wp\/v2\/comments?post=723"}],"version-history":[{"count":1,"href":"https:\/\/www.istitutogalanteoliva.it\/magazine\/wp-json\/wp\/v2\/posts\/723\/revisions"}],"predecessor-version":[{"id":725,"href":"https:\/\/www.istitutogalanteoliva.it\/magazine\/wp-json\/wp\/v2\/posts\/723\/revisions\/725"}],"wp:featuredmedia":[{"embeddable":true,"href":"https:\/\/www.istitutogalanteoliva.it\/magazine\/wp-json\/wp\/v2\/media\/724"}],"wp:attachment":[{"href":"https:\/\/www.istitutogalanteoliva.it\/magazine\/wp-json\/wp\/v2\/media?parent=723"}],"wp:term":[{"taxonomy":"category","embeddable":true,"href":"https:\/\/www.istitutogalanteoliva.it\/magazine\/wp-json\/wp\/v2\/categories?post=723"},{"taxonomy":"post_tag","embeddable":true,"href":"https:\/\/www.istitutogalanteoliva.it\/magazine\/wp-json\/wp\/v2\/tags?post=723"}],"curies":[{"name":"wp","href":"https:\/\/api.w.org\/{rel}","templated":true}]}}