{"id":7399,"date":"2021-04-20T08:00:00","date_gmt":"2021-04-20T06:00:00","guid":{"rendered":"https:\/\/www.istitutogalanteoliva.it\/magazine\/?p=7399"},"modified":"2025-03-27T16:23:58","modified_gmt":"2025-03-27T15:23:58","slug":"vita-da-guida","status":"publish","type":"post","link":"https:\/\/www.istitutogalanteoliva.it\/magazine\/2021\/04\/20\/vita-da-guida\/","title":{"rendered":"Vita da guida"},"content":{"rendered":"\n<h4 class=\"wp-block-heading\"><br>&#8220;<strong><em>La <strong>Guida turistica<\/strong> \u00e8 chi illustra il patrimonio culturale storico ed artistico del territorio, molto spesso \u00e8 l&#8217; unico tramite tra il viaggiatore straniero e la realt\u00e0 locale, in questo senso \u00e8 un vero ambasciatore della cultura italiana<\/em>.&#8221;<\/strong> Parliamo delle difficolt\u00e0 di questa professione, in tempo di pandemia, con Michela Ceccarini, presidente di AGTL LIGURIA.<\/h4>\n\n\n\n<p><strong>Di Patrizia Macchina<\/strong><\/p>\n\n\n\n<p>&nbsp; \u201c48,49,50\u2026.bene ci siamo tutti\u2026.\u201d \u201c Roby- urlo- il mio gruppo \u00e8 completo, possiamo andare\u201d, Roby \u00e8 il responsabile del movimento passeggeri sul ponte. <\/p>\n\n\n\n<p>Uno sguardo a <a href=\"https:\/\/it.wikipedia.org\/wiki\/Portofino\" target=\"_blank\" rel=\"noreferrer noopener\"><strong>Portofino<\/strong> <\/a>che si sta svuotando dai turisti, ai marinai che chiudono gli accessi al battello. Alzo la mano per salutare il personale a terra. Bene, &nbsp;una lunga giornata \u00e8 finita, si va verso l\u2019attracco a <strong><a href=\"https:\/\/it.wikipedia.org\/wiki\/Rapallo\" target=\"_blank\" rel=\"noreferrer noopener\">Rapallo<\/a><\/strong> e l\u00ec saluter\u00f2 il gruppone. <\/p>\n\n\n\n<figure class=\"wp-block-image size-large\"><img loading=\"lazy\" decoding=\"async\" width=\"592\" height=\"267\" src=\"https:\/\/www.istitutogalanteoliva.it\/magazine\/wp-content\/uploads\/2021\/04\/RTEmagicC_Portofino_porticciolo_per_copertina.jpg-1.jpg\" alt=\"Vita da Guida al tempo del Covid \" class=\"wp-image-7402\" srcset=\"https:\/\/www.istitutogalanteoliva.it\/magazine\/wp-content\/uploads\/2021\/04\/RTEmagicC_Portofino_porticciolo_per_copertina.jpg-1.jpg 592w, https:\/\/www.istitutogalanteoliva.it\/magazine\/wp-content\/uploads\/2021\/04\/RTEmagicC_Portofino_porticciolo_per_copertina.jpg-1-300x135.jpg 300w\" sizes=\"auto, (max-width: 592px) 100vw, 592px\" \/><figcaption><sub>-Portofino (GE)-<\/sub><\/figcaption><\/figure>\n\n\n\n<p>Mentre il battello si stacca dalla banchina mi sposto a prua per sedermi, rilassarmi, chiudo gli occhi per godermi gli ultimi raggi del sole che comincia a calare, inspiro voluttuosamente il profumo della brezza marina. &nbsp;Breve riepilogo della giornata: bel tempo, temperatura gradevole, un bel gruppo tutti e cortesi e attenti. Un buon pranzo al ristorante, sono stati contenti, si sono persino alzati in pieni per dedicarmi un brindisi\u2026fossero tutti cos\u00ec i gruppi. Un rumore improvviso mi distoglie dai miei pensieri felici. Apro gli occhi\u2026 che delusione non sono a bordo del \u201cPortofino 82\u201d ma sul divano di casa, mi sono addormentata davanti all\u2019ennesimo programma su Covid 19!<\/p>\n\n\n\n<div class=\"wp-block-image\"><figure class=\"alignright size-large is-resized\"><img loading=\"lazy\" decoding=\"async\" src=\"https:\/\/www.istitutogalanteoliva.it\/magazine\/wp-content\/uploads\/2021\/04\/tigullio_portofino_2-1024x576.jpg\" alt=\"Vita da Guida al tempo del Covid \" class=\"wp-image-7404\" width=\"444\" height=\"249\" srcset=\"https:\/\/www.istitutogalanteoliva.it\/magazine\/wp-content\/uploads\/2021\/04\/tigullio_portofino_2-1024x576.jpg 1024w, https:\/\/www.istitutogalanteoliva.it\/magazine\/wp-content\/uploads\/2021\/04\/tigullio_portofino_2-300x169.jpg 300w, https:\/\/www.istitutogalanteoliva.it\/magazine\/wp-content\/uploads\/2021\/04\/tigullio_portofino_2-768x432.jpg 768w, https:\/\/www.istitutogalanteoliva.it\/magazine\/wp-content\/uploads\/2021\/04\/tigullio_portofino_2-1536x864.jpg 1536w, https:\/\/www.istitutogalanteoliva.it\/magazine\/wp-content\/uploads\/2021\/04\/tigullio_portofino_2.jpg 2000w\" sizes=\"auto, (max-width: 444px) 100vw, 444px\" \/><figcaption><sub>-Golfo del Tigullio-<\/sub><\/figcaption><\/figure><\/div>\n\n\n\n<p>&nbsp;La giornata di lavoro nel <a href=\"https:\/\/it.wikipedia.org\/wiki\/Golfo_del_Tigullio\" target=\"_blank\" rel=\"noreferrer noopener\"><strong>Golfo del Tigullio<\/strong> <\/a>\u00e8 solo un sogno; mi ritrovo schiacciata dalla triste realt\u00e0 , non lavoro <strong>dal febbraio 2020<\/strong> e chiss\u00e0 quando potremo ricominciare! Mi alzo, bevo un bicchiere d\u2019acqua e prendo il &nbsp;cellulare; avevo promesso a Michela di telefonarle nel pomeriggio per parlare della criticit\u00e0 del momento. <strong>Michela Ceccarini<\/strong> non \u00e8 solo una collega e amica da tre decenni, &nbsp;ma \u00e8 la Presidente di<strong> <a href=\"http:\/\/www.guideturisticheliguria.eu\/\" target=\"_blank\" rel=\"noreferrer noopener\">AGTL ( Associazione Guide Turistiche Liguria)<\/a> <\/strong>della quale &nbsp;faccio parte. &nbsp;Mi diverto a farle un\u2019intervista sulla figura della Guida Turistica e sulla difficile situazione attuale.<\/p>\n\n\n\n<div class=\"wp-block-image\"><figure class=\"alignleft size-large is-resized\"><img loading=\"lazy\" decoding=\"async\" src=\"https:\/\/www.istitutogalanteoliva.it\/magazine\/wp-content\/uploads\/2021\/04\/17191304_1506110342756438_7101130465318394180_n.jpg\" alt=\"Vita da Guida al tempo del Covid \" class=\"wp-image-7401\" width=\"454\" height=\"269\" srcset=\"https:\/\/www.istitutogalanteoliva.it\/magazine\/wp-content\/uploads\/2021\/04\/17191304_1506110342756438_7101130465318394180_n.jpg 640w, https:\/\/www.istitutogalanteoliva.it\/magazine\/wp-content\/uploads\/2021\/04\/17191304_1506110342756438_7101130465318394180_n-300x178.jpg 300w\" sizes=\"auto, (max-width: 454px) 100vw, 454px\" \/><\/figure><\/div>\n\n\n\n<p>La <strong><em>Guida turistica<\/em><\/strong> \u00e8 chi illustra il <em>patrimonio culturale storico ed artistico del territorio, molto spesso \u00e8 l&#8217; unico tramite tra il viaggiatore straniero e la realt\u00e0 locale, in questo senso \u00e8 un vero ambasciatore della cultura italiana. In Italia la nostra professione \u00e8 regolamentata, chi la esercita legalmente ha superato un esame molto impegnativo. <\/em><\/p>\n\n\n\n<p><em>Le Guide Turistiche abilitate dalla<strong> Regione Liguria<\/strong> sono state selezionate prima che si creasse l\u2019attuale vuoto legislativo superando esami sui territori sui quali operano e di conseguenza con una conoscenza molto approfondita delle nostre bellezze paesaggistiche e storiche.<\/em><\/p>\n\n\n\n<div class=\"wp-block-image\"><figure class=\"alignright size-large is-resized\"><img loading=\"lazy\" decoding=\"async\" src=\"https:\/\/www.istitutogalanteoliva.it\/magazine\/wp-content\/uploads\/2021\/04\/Senza-titolo-1-1.jpg\" alt=\"Vita da Guida al tempo del Covid \" class=\"wp-image-7400\" width=\"459\" height=\"272\" srcset=\"https:\/\/www.istitutogalanteoliva.it\/magazine\/wp-content\/uploads\/2021\/04\/Senza-titolo-1-1.jpg 640w, https:\/\/www.istitutogalanteoliva.it\/magazine\/wp-content\/uploads\/2021\/04\/Senza-titolo-1-1-300x178.jpg 300w\" sizes=\"auto, (max-width: 459px) 100vw, 459px\" \/><figcaption><sub>-La presidente di AGT Liguria Michela Ceccarini (foto da Twitter)-<\/sub><\/figcaption><\/figure><\/div>\n\n\n\n<p><em>Sono liberi professionisti con Partita IVA. La nostra Associazione AGTL riunisce <strong>180 soci<\/strong> ed \u00e8 la pi\u00f9 rappresentativa in Liguria. Le Guide Turistiche, come tutti gli operatori del turismo, stanno soffrendo della crisi generata dalla pandemia Covid19. Da oltre un anno la nostra attivit\u00e0 \u00e8 quasi azzerata con la <strong>perdita del 90-95% del fatturato<\/strong><\/em>.<\/p>\n\n\n\n<p><em> Nonostante ci\u00f2, per l\u2019amore che abbiamo per la nostra professione, &nbsp;attendiamo con trepidazione il momento in cui si potr\u00e0 tornare a lavorare. Ricominciare \u00e8 la parola che ci consente di guardare avanti , che ci spinge a continuare la nostra formazione seguendo lezioni online e e momenti di autoformazione. TUTTAVIA &nbsp;la domanda che ricorre durante i nostri incontri in videoconferenza \u00e8 sempre la stessa: che turismo avremo nel post pandemia? Come potremo uscire da questa situazione di stallo?<\/em><\/p>\n\n\n\n<div class=\"wp-block-image\"><figure class=\"alignleft size-large is-resized\"><img loading=\"lazy\" decoding=\"async\" src=\"https:\/\/www.istitutogalanteoliva.it\/magazine\/wp-content\/uploads\/2021\/04\/borghi-belli-Liguria-inverno-1024x683.jpg\" alt=\"\" class=\"wp-image-7405\" width=\"394\" height=\"263\" srcset=\"https:\/\/www.istitutogalanteoliva.it\/magazine\/wp-content\/uploads\/2021\/04\/borghi-belli-Liguria-inverno-1024x683.jpg 1024w, https:\/\/www.istitutogalanteoliva.it\/magazine\/wp-content\/uploads\/2021\/04\/borghi-belli-Liguria-inverno-300x200.jpg 300w, https:\/\/www.istitutogalanteoliva.it\/magazine\/wp-content\/uploads\/2021\/04\/borghi-belli-Liguria-inverno-768x512.jpg 768w, https:\/\/www.istitutogalanteoliva.it\/magazine\/wp-content\/uploads\/2021\/04\/borghi-belli-Liguria-inverno-675x450.jpg 675w, https:\/\/www.istitutogalanteoliva.it\/magazine\/wp-content\/uploads\/2021\/04\/borghi-belli-Liguria-inverno.jpg 1250w\" sizes=\"auto, (max-width: 394px) 100vw, 394px\" \/><figcaption><sub>-Un borgo dell&#8217;entroterra ligure-<\/sub><\/figcaption><\/figure><\/div>\n\n\n\n<p><em>Sicuramente \u00e8 impensabile e non auspicabile tornare al turismo mordi e fuggi che si concentra su poche localit\u00e0. Bisogner\u00e0 puntare su un turismo di prossimit\u00e0, sul turismo dei borghi che punteggiano come cammei la nostra Liguria. Un turismo \u201clento\u201d che inviti ad apprezzare, in ogni stagione, &nbsp;e non solo in pochi mesi i(primavera e autunno), &nbsp;gli svariati volti del nostro territorio, &nbsp;la cultura materiale, la gastronomia, le tradizion<\/em>i <em>locali<\/em><\/p>\n\n\n\n<p><em>Abbiamo per\u00f2 bisogno di un intervento preciso da parte della politica e delle amministrazioni locali per evitare che i nostri sforzi vengano vanificati da \u201cFree Tour\u201d, abusivismo, visite guidate \u201cgratuite\u201d pagate, poi, con piccole cifre sotto forma di mancia. Sarebbe anche auspicabile che gli eventi organizzati da Enti ed associazioni fossero affidati a professionisti regolarmente retribuiti.<\/em><\/p>\n\n\n\n<p>Ringrazio Michela per la collaborazione e il mio pensiero corre nuovamente al meraviglioso sogno che ha dato il via a queste considerazioni<\/p>\n\n\n\n<p><strong><em><span class=\"has-inline-color has-vivid-cyan-blue-color\">Patrizia Macchina<\/span><\/em><\/strong> <em><strong><sub><span class=\"has-inline-color has-vivid-cyan-blue-color\">Guida Turistica di Genova-Accompagnatore Turistico<\/span><\/sub><\/strong><\/em><\/p>\n\n\n\n<p><\/p>\n\n\n\n<p><\/p>\n<div class=\"pdfprnt-buttons pdfprnt-buttons-post pdfprnt-bottom-left\"><a href=\"https:\/\/www.istitutogalanteoliva.it\/magazine\/wp-json\/wp\/v2\/posts\/7399?print=print\" class=\"pdfprnt-button pdfprnt-button-print\" target=\"_blank\"><img decoding=\"async\" src=\"https:\/\/www.istitutogalanteoliva.it\/magazine\/wp-content\/plugins\/pdf-print\/images\/print.png\" alt=\"image_print\" title=\"Stampa contenuto\" \/><span class=\"pdfprnt-button-title pdfprnt-button-print-title\">Download in PDF<\/span><\/a><\/div>","protected":false},"excerpt":{"rendered":"<p>&#8220;La Guida turistica \u00e8 chi illustra il patrimonio culturale storico ed artistico del territorio, molto<\/p>\n","protected":false},"author":2,"featured_media":7406,"comment_status":"open","ping_status":"open","sticky":false,"template":"","format":"standard","meta":{"footnotes":""},"categories":[148,207,13],"tags":[41,247,248,325,71],"class_list":["post-7399","post","type-post","status-publish","format-standard","has-post-thumbnail","hentry","category-148","category-liguria","category-territorio","tag-covid-19","tag-genova","tag-liguria","tag-turismo","tag-viaggi"],"yoast_head":"<!-- This site is optimized with the Yoast SEO plugin v24.2 - https:\/\/yoast.com\/wordpress\/plugins\/seo\/ -->\n<title>Vita da guida - Polis SA Magazine<\/title>\n<meta name=\"description\" content=\"La guida tutistica appartiene a una categoria di lavoratori che, a causa del Covid, hanno perso sino al 95% del loro fatturato.\" \/>\n<meta name=\"robots\" content=\"index, follow, max-snippet:-1, max-image-preview:large, max-video-preview:-1\" \/>\n<link rel=\"canonical\" href=\"https:\/\/www.istitutogalanteoliva.it\/magazine\/2021\/04\/20\/vita-da-guida\/\" \/>\n<meta property=\"og:locale\" content=\"it_IT\" \/>\n<meta property=\"og:type\" content=\"article\" \/>\n<meta property=\"og:title\" content=\"Vita da guida - Polis SA Magazine\" \/>\n<meta property=\"og:description\" content=\"La guida tutistica appartiene a una categoria di lavoratori che, a causa del Covid, hanno perso sino al 95% del loro fatturato.\" \/>\n<meta property=\"og:url\" content=\"https:\/\/www.istitutogalanteoliva.it\/magazine\/2021\/04\/20\/vita-da-guida\/\" \/>\n<meta property=\"og:site_name\" content=\"Polis SA Magazine\" \/>\n<meta property=\"article:publisher\" content=\"https:\/\/www.facebook.com\/PolisSAMagazine\/\" \/>\n<meta property=\"article:published_time\" content=\"2021-04-20T06:00:00+00:00\" \/>\n<meta property=\"article:modified_time\" content=\"2025-03-27T15:23:58+00:00\" \/>\n<meta property=\"og:image\" content=\"https:\/\/www.istitutogalanteoliva.it\/magazine\/wp-content\/uploads\/2021\/04\/Senza-titolo-2-1.jpg\" \/>\n\t<meta property=\"og:image:width\" content=\"640\" \/>\n\t<meta property=\"og:image:height\" content=\"380\" \/>\n\t<meta property=\"og:image:type\" content=\"image\/jpeg\" \/>\n<meta name=\"author\" content=\"Antonello Rivano\" \/>\n<meta name=\"twitter:card\" content=\"summary_large_image\" \/>\n<meta name=\"twitter:creator\" content=\"@MagazinePolis\" \/>\n<meta name=\"twitter:site\" content=\"@MagazinePolis\" \/>\n<meta name=\"twitter:label1\" content=\"Scritto da\" \/>\n\t<meta name=\"twitter:data1\" content=\"Antonello Rivano\" \/>\n\t<meta name=\"twitter:label2\" content=\"Tempo di lettura stimato\" \/>\n\t<meta name=\"twitter:data2\" content=\"4 minuti\" \/>\n<script type=\"application\/ld+json\" class=\"yoast-schema-graph\">{\"@context\":\"https:\/\/schema.org\",\"@graph\":[{\"@type\":\"Article\",\"@id\":\"https:\/\/www.istitutogalanteoliva.it\/magazine\/2021\/04\/20\/vita-da-guida\/#article\",\"isPartOf\":{\"@id\":\"https:\/\/www.istitutogalanteoliva.it\/magazine\/2021\/04\/20\/vita-da-guida\/\"},\"author\":{\"name\":\"Antonello Rivano\",\"@id\":\"https:\/\/www.istitutogalanteoliva.it\/magazine\/#\/schema\/person\/d8b8aa79cfe8babc1df9da3212a7c0c4\"},\"headline\":\"Vita da guida\",\"datePublished\":\"2021-04-20T06:00:00+00:00\",\"dateModified\":\"2025-03-27T15:23:58+00:00\",\"mainEntityOfPage\":{\"@id\":\"https:\/\/www.istitutogalanteoliva.it\/magazine\/2021\/04\/20\/vita-da-guida\/\"},\"wordCount\":726,\"commentCount\":0,\"publisher\":{\"@id\":\"https:\/\/www.istitutogalanteoliva.it\/magazine\/#organization\"},\"image\":{\"@id\":\"https:\/\/www.istitutogalanteoliva.it\/magazine\/2021\/04\/20\/vita-da-guida\/#primaryimage\"},\"thumbnailUrl\":\"https:\/\/www.istitutogalanteoliva.it\/magazine\/wp-content\/uploads\/2021\/04\/Senza-titolo-2-1.jpg\",\"keywords\":[\"covid-19\",\"genova\",\"liguria\",\"turismo\",\"Viaggi\"],\"articleSection\":[\"2021\",\"Liguria\",\"Territorio\"],\"inLanguage\":\"it-IT\",\"potentialAction\":[{\"@type\":\"CommentAction\",\"name\":\"Comment\",\"target\":[\"https:\/\/www.istitutogalanteoliva.it\/magazine\/2021\/04\/20\/vita-da-guida\/#respond\"]}]},{\"@type\":\"WebPage\",\"@id\":\"https:\/\/www.istitutogalanteoliva.it\/magazine\/2021\/04\/20\/vita-da-guida\/\",\"url\":\"https:\/\/www.istitutogalanteoliva.it\/magazine\/2021\/04\/20\/vita-da-guida\/\",\"name\":\"Vita da guida - Polis SA Magazine\",\"isPartOf\":{\"@id\":\"https:\/\/www.istitutogalanteoliva.it\/magazine\/#website\"},\"primaryImageOfPage\":{\"@id\":\"https:\/\/www.istitutogalanteoliva.it\/magazine\/2021\/04\/20\/vita-da-guida\/#primaryimage\"},\"image\":{\"@id\":\"https:\/\/www.istitutogalanteoliva.it\/magazine\/2021\/04\/20\/vita-da-guida\/#primaryimage\"},\"thumbnailUrl\":\"https:\/\/www.istitutogalanteoliva.it\/magazine\/wp-content\/uploads\/2021\/04\/Senza-titolo-2-1.jpg\",\"datePublished\":\"2021-04-20T06:00:00+00:00\",\"dateModified\":\"2025-03-27T15:23:58+00:00\",\"description\":\"La guida tutistica appartiene a una categoria di lavoratori che, a causa del Covid, hanno perso sino al 95% del loro fatturato.\",\"breadcrumb\":{\"@id\":\"https:\/\/www.istitutogalanteoliva.it\/magazine\/2021\/04\/20\/vita-da-guida\/#breadcrumb\"},\"inLanguage\":\"it-IT\",\"potentialAction\":[{\"@type\":\"ReadAction\",\"target\":[\"https:\/\/www.istitutogalanteoliva.it\/magazine\/2021\/04\/20\/vita-da-guida\/\"]}]},{\"@type\":\"ImageObject\",\"inLanguage\":\"it-IT\",\"@id\":\"https:\/\/www.istitutogalanteoliva.it\/magazine\/2021\/04\/20\/vita-da-guida\/#primaryimage\",\"url\":\"https:\/\/www.istitutogalanteoliva.it\/magazine\/wp-content\/uploads\/2021\/04\/Senza-titolo-2-1.jpg\",\"contentUrl\":\"https:\/\/www.istitutogalanteoliva.it\/magazine\/wp-content\/uploads\/2021\/04\/Senza-titolo-2-1.jpg\",\"width\":640,\"height\":380,\"caption\":\"Vita da guida al tempo del Covid\"},{\"@type\":\"BreadcrumbList\",\"@id\":\"https:\/\/www.istitutogalanteoliva.it\/magazine\/2021\/04\/20\/vita-da-guida\/#breadcrumb\",\"itemListElement\":[{\"@type\":\"ListItem\",\"position\":1,\"name\":\"Home\",\"item\":\"https:\/\/www.istitutogalanteoliva.it\/magazine\/\"},{\"@type\":\"ListItem\",\"position\":2,\"name\":\"Vita da guida\"}]},{\"@type\":\"WebSite\",\"@id\":\"https:\/\/www.istitutogalanteoliva.it\/magazine\/#website\",\"url\":\"https:\/\/www.istitutogalanteoliva.it\/magazine\/\",\"name\":\"POLIS SA MAGAZINE\",\"description\":\"Informazione e approfondimenti\",\"publisher\":{\"@id\":\"https:\/\/www.istitutogalanteoliva.it\/magazine\/#organization\"},\"potentialAction\":[{\"@type\":\"SearchAction\",\"target\":{\"@type\":\"EntryPoint\",\"urlTemplate\":\"https:\/\/www.istitutogalanteoliva.it\/magazine\/?s={search_term_string}\"},\"query-input\":{\"@type\":\"PropertyValueSpecification\",\"valueRequired\":true,\"valueName\":\"search_term_string\"}}],\"inLanguage\":\"it-IT\"},{\"@type\":\"Organization\",\"@id\":\"https:\/\/www.istitutogalanteoliva.it\/magazine\/#organization\",\"name\":\"Polis SA Magazine\",\"url\":\"https:\/\/www.istitutogalanteoliva.it\/magazine\/\",\"logo\":{\"@type\":\"ImageObject\",\"inLanguage\":\"it-IT\",\"@id\":\"https:\/\/www.istitutogalanteoliva.it\/magazine\/#\/schema\/logo\/image\/\",\"url\":\"\",\"contentUrl\":\"\",\"caption\":\"Polis SA Magazine\"},\"image\":{\"@id\":\"https:\/\/www.istitutogalanteoliva.it\/magazine\/#\/schema\/logo\/image\/\"},\"sameAs\":[\"https:\/\/www.facebook.com\/PolisSAMagazine\/\",\"https:\/\/x.com\/MagazinePolis\",\"https:\/\/www.youtube.com\/channel\/UCv0Mr5AHKUmsc0sEEXkJrgw\"]},{\"@type\":\"Person\",\"@id\":\"https:\/\/www.istitutogalanteoliva.it\/magazine\/#\/schema\/person\/d8b8aa79cfe8babc1df9da3212a7c0c4\",\"name\":\"Antonello Rivano\",\"image\":{\"@type\":\"ImageObject\",\"inLanguage\":\"it-IT\",\"@id\":\"https:\/\/www.istitutogalanteoliva.it\/magazine\/#\/schema\/person\/image\/\",\"url\":\"https:\/\/secure.gravatar.com\/avatar\/517a9a6487a7a18ecc4ce6d2e57a8f40?s=96&d=mm&r=g\",\"contentUrl\":\"https:\/\/secure.gravatar.com\/avatar\/517a9a6487a7a18ecc4ce6d2e57a8f40?s=96&d=mm&r=g\",\"caption\":\"Antonello Rivano\"},\"url\":\"https:\/\/www.istitutogalanteoliva.it\/magazine\/author\/antonello\/\"}]}<\/script>\n<!-- \/ Yoast SEO plugin. -->","yoast_head_json":{"title":"Vita da guida - Polis SA Magazine","description":"La guida tutistica appartiene a una categoria di lavoratori che, a causa del Covid, hanno perso sino al 95% del loro fatturato.","robots":{"index":"index","follow":"follow","max-snippet":"max-snippet:-1","max-image-preview":"max-image-preview:large","max-video-preview":"max-video-preview:-1"},"canonical":"https:\/\/www.istitutogalanteoliva.it\/magazine\/2021\/04\/20\/vita-da-guida\/","og_locale":"it_IT","og_type":"article","og_title":"Vita da guida - Polis SA Magazine","og_description":"La guida tutistica appartiene a una categoria di lavoratori che, a causa del Covid, hanno perso sino al 95% del loro fatturato.","og_url":"https:\/\/www.istitutogalanteoliva.it\/magazine\/2021\/04\/20\/vita-da-guida\/","og_site_name":"Polis SA Magazine","article_publisher":"https:\/\/www.facebook.com\/PolisSAMagazine\/","article_published_time":"2021-04-20T06:00:00+00:00","article_modified_time":"2025-03-27T15:23:58+00:00","og_image":[{"width":640,"height":380,"url":"https:\/\/www.istitutogalanteoliva.it\/magazine\/wp-content\/uploads\/2021\/04\/Senza-titolo-2-1.jpg","type":"image\/jpeg"}],"author":"Antonello Rivano","twitter_card":"summary_large_image","twitter_creator":"@MagazinePolis","twitter_site":"@MagazinePolis","twitter_misc":{"Scritto da":"Antonello Rivano","Tempo di lettura stimato":"4 minuti"},"schema":{"@context":"https:\/\/schema.org","@graph":[{"@type":"Article","@id":"https:\/\/www.istitutogalanteoliva.it\/magazine\/2021\/04\/20\/vita-da-guida\/#article","isPartOf":{"@id":"https:\/\/www.istitutogalanteoliva.it\/magazine\/2021\/04\/20\/vita-da-guida\/"},"author":{"name":"Antonello Rivano","@id":"https:\/\/www.istitutogalanteoliva.it\/magazine\/#\/schema\/person\/d8b8aa79cfe8babc1df9da3212a7c0c4"},"headline":"Vita da guida","datePublished":"2021-04-20T06:00:00+00:00","dateModified":"2025-03-27T15:23:58+00:00","mainEntityOfPage":{"@id":"https:\/\/www.istitutogalanteoliva.it\/magazine\/2021\/04\/20\/vita-da-guida\/"},"wordCount":726,"commentCount":0,"publisher":{"@id":"https:\/\/www.istitutogalanteoliva.it\/magazine\/#organization"},"image":{"@id":"https:\/\/www.istitutogalanteoliva.it\/magazine\/2021\/04\/20\/vita-da-guida\/#primaryimage"},"thumbnailUrl":"https:\/\/www.istitutogalanteoliva.it\/magazine\/wp-content\/uploads\/2021\/04\/Senza-titolo-2-1.jpg","keywords":["covid-19","genova","liguria","turismo","Viaggi"],"articleSection":["2021","Liguria","Territorio"],"inLanguage":"it-IT","potentialAction":[{"@type":"CommentAction","name":"Comment","target":["https:\/\/www.istitutogalanteoliva.it\/magazine\/2021\/04\/20\/vita-da-guida\/#respond"]}]},{"@type":"WebPage","@id":"https:\/\/www.istitutogalanteoliva.it\/magazine\/2021\/04\/20\/vita-da-guida\/","url":"https:\/\/www.istitutogalanteoliva.it\/magazine\/2021\/04\/20\/vita-da-guida\/","name":"Vita da guida - Polis SA Magazine","isPartOf":{"@id":"https:\/\/www.istitutogalanteoliva.it\/magazine\/#website"},"primaryImageOfPage":{"@id":"https:\/\/www.istitutogalanteoliva.it\/magazine\/2021\/04\/20\/vita-da-guida\/#primaryimage"},"image":{"@id":"https:\/\/www.istitutogalanteoliva.it\/magazine\/2021\/04\/20\/vita-da-guida\/#primaryimage"},"thumbnailUrl":"https:\/\/www.istitutogalanteoliva.it\/magazine\/wp-content\/uploads\/2021\/04\/Senza-titolo-2-1.jpg","datePublished":"2021-04-20T06:00:00+00:00","dateModified":"2025-03-27T15:23:58+00:00","description":"La guida tutistica appartiene a una categoria di lavoratori che, a causa del Covid, hanno perso sino al 95% del loro fatturato.","breadcrumb":{"@id":"https:\/\/www.istitutogalanteoliva.it\/magazine\/2021\/04\/20\/vita-da-guida\/#breadcrumb"},"inLanguage":"it-IT","potentialAction":[{"@type":"ReadAction","target":["https:\/\/www.istitutogalanteoliva.it\/magazine\/2021\/04\/20\/vita-da-guida\/"]}]},{"@type":"ImageObject","inLanguage":"it-IT","@id":"https:\/\/www.istitutogalanteoliva.it\/magazine\/2021\/04\/20\/vita-da-guida\/#primaryimage","url":"https:\/\/www.istitutogalanteoliva.it\/magazine\/wp-content\/uploads\/2021\/04\/Senza-titolo-2-1.jpg","contentUrl":"https:\/\/www.istitutogalanteoliva.it\/magazine\/wp-content\/uploads\/2021\/04\/Senza-titolo-2-1.jpg","width":640,"height":380,"caption":"Vita da guida al tempo del Covid"},{"@type":"BreadcrumbList","@id":"https:\/\/www.istitutogalanteoliva.it\/magazine\/2021\/04\/20\/vita-da-guida\/#breadcrumb","itemListElement":[{"@type":"ListItem","position":1,"name":"Home","item":"https:\/\/www.istitutogalanteoliva.it\/magazine\/"},{"@type":"ListItem","position":2,"name":"Vita da guida"}]},{"@type":"WebSite","@id":"https:\/\/www.istitutogalanteoliva.it\/magazine\/#website","url":"https:\/\/www.istitutogalanteoliva.it\/magazine\/","name":"POLIS SA MAGAZINE","description":"Informazione e approfondimenti","publisher":{"@id":"https:\/\/www.istitutogalanteoliva.it\/magazine\/#organization"},"potentialAction":[{"@type":"SearchAction","target":{"@type":"EntryPoint","urlTemplate":"https:\/\/www.istitutogalanteoliva.it\/magazine\/?s={search_term_string}"},"query-input":{"@type":"PropertyValueSpecification","valueRequired":true,"valueName":"search_term_string"}}],"inLanguage":"it-IT"},{"@type":"Organization","@id":"https:\/\/www.istitutogalanteoliva.it\/magazine\/#organization","name":"Polis SA Magazine","url":"https:\/\/www.istitutogalanteoliva.it\/magazine\/","logo":{"@type":"ImageObject","inLanguage":"it-IT","@id":"https:\/\/www.istitutogalanteoliva.it\/magazine\/#\/schema\/logo\/image\/","url":"","contentUrl":"","caption":"Polis SA Magazine"},"image":{"@id":"https:\/\/www.istitutogalanteoliva.it\/magazine\/#\/schema\/logo\/image\/"},"sameAs":["https:\/\/www.facebook.com\/PolisSAMagazine\/","https:\/\/x.com\/MagazinePolis","https:\/\/www.youtube.com\/channel\/UCv0Mr5AHKUmsc0sEEXkJrgw"]},{"@type":"Person","@id":"https:\/\/www.istitutogalanteoliva.it\/magazine\/#\/schema\/person\/d8b8aa79cfe8babc1df9da3212a7c0c4","name":"Antonello Rivano","image":{"@type":"ImageObject","inLanguage":"it-IT","@id":"https:\/\/www.istitutogalanteoliva.it\/magazine\/#\/schema\/person\/image\/","url":"https:\/\/secure.gravatar.com\/avatar\/517a9a6487a7a18ecc4ce6d2e57a8f40?s=96&d=mm&r=g","contentUrl":"https:\/\/secure.gravatar.com\/avatar\/517a9a6487a7a18ecc4ce6d2e57a8f40?s=96&d=mm&r=g","caption":"Antonello Rivano"},"url":"https:\/\/www.istitutogalanteoliva.it\/magazine\/author\/antonello\/"}]}},"_links":{"self":[{"href":"https:\/\/www.istitutogalanteoliva.it\/magazine\/wp-json\/wp\/v2\/posts\/7399","targetHints":{"allow":["GET"]}}],"collection":[{"href":"https:\/\/www.istitutogalanteoliva.it\/magazine\/wp-json\/wp\/v2\/posts"}],"about":[{"href":"https:\/\/www.istitutogalanteoliva.it\/magazine\/wp-json\/wp\/v2\/types\/post"}],"author":[{"embeddable":true,"href":"https:\/\/www.istitutogalanteoliva.it\/magazine\/wp-json\/wp\/v2\/users\/2"}],"replies":[{"embeddable":true,"href":"https:\/\/www.istitutogalanteoliva.it\/magazine\/wp-json\/wp\/v2\/comments?post=7399"}],"version-history":[{"count":5,"href":"https:\/\/www.istitutogalanteoliva.it\/magazine\/wp-json\/wp\/v2\/posts\/7399\/revisions"}],"predecessor-version":[{"id":7436,"href":"https:\/\/www.istitutogalanteoliva.it\/magazine\/wp-json\/wp\/v2\/posts\/7399\/revisions\/7436"}],"wp:featuredmedia":[{"embeddable":true,"href":"https:\/\/www.istitutogalanteoliva.it\/magazine\/wp-json\/wp\/v2\/media\/7406"}],"wp:attachment":[{"href":"https:\/\/www.istitutogalanteoliva.it\/magazine\/wp-json\/wp\/v2\/media?parent=7399"}],"wp:term":[{"taxonomy":"category","embeddable":true,"href":"https:\/\/www.istitutogalanteoliva.it\/magazine\/wp-json\/wp\/v2\/categories?post=7399"},{"taxonomy":"post_tag","embeddable":true,"href":"https:\/\/www.istitutogalanteoliva.it\/magazine\/wp-json\/wp\/v2\/tags?post=7399"}],"curies":[{"name":"wp","href":"https:\/\/api.w.org\/{rel}","templated":true}]}}