{"id":747,"date":"2016-12-07T18:50:20","date_gmt":"2016-12-07T17:50:20","guid":{"rendered":"http:\/\/www.edizionipolis.it\/magazine\/?p=747"},"modified":"2019-08-19T18:54:46","modified_gmt":"2019-08-19T16:54:46","slug":"la-presunta-mancanza-di-capacita-di-analisi-del-sud","status":"publish","type":"post","link":"https:\/\/www.istitutogalanteoliva.it\/magazine\/2016\/12\/07\/la-presunta-mancanza-di-capacita-di-analisi-del-sud\/","title":{"rendered":"La presunta mancanza di capacita\u0300 di analisi del Sud"},"content":{"rendered":"\n<p>Possiamo parlare di un nuovo meridionalismo, protagonista seppur silenzioso? Io direi di s\u00ec, e per\u00f2 non vedo ancora il \u201ccogliere\u201d il fenomeno che si \u00e8 prodotto con il voto referendario del 4 dicembre. Interessa soprattutto il voto al Sud, isole comprese, significativo pi\u00f9 che in altre parti d\u2019Italia e pi\u00f9 di altre competizioni elettorali. Scrivevo in un post, su quel maledetto <em>social network <\/em>che \u00e8 facebook, che il voto referendario ci mostra e ci consegna un Sud che si rappresenta come una polveriera e mai come questa volta con un voto chiaro, netto e inequivocabile. E aggiungerei finalmente libero e come scriveva una mia amica, deciso e compatto. Perch\u00e9 questa affermazione, e cos\u00ec perentoria? Cerco di definire meglio il pensiero: il Mezzogiorno ha mostrato, e ne sono felice, che nonostante tutto conserva una coscienza, un barlume di libert\u00e0, quella che io definisco una parte \u201cdi mente in clandestinit\u00e0\u201d che si utilizza nei momenti giusti. Quando si decide di essere un popolo \u201cconservatore e populista, considerato come il male che da un secolo e mezzo ci condanna all\u2019arretratezza\u201d (e questo succede troppo spesso) tutto nella normalit\u00e0, adesso \u00e8 completamente il contrario perch\u00e9 ci si stacca dai potentati locali, politici e malavitosi. Il segnale \u00e8 dato da una media del 70%, percentuale troppo alta per dire il contrario. \u00c8 un fatto enorme. Servir\u00e0? Ovvio che spero di s\u00ec, lo stiamo ripetendo da anni che il contesto sociale \u00e8 cambiato notevolmente in peggio, che il divario tra governati e governanti \u00e8 troppo largo, che il Sud ha bisogno di risoluzioni e non di \u201cproponenti problemi\u201d, che manca quindi una lettura reale di quello che sta maturando, che \u201c\u00e8 peccato mortale non accorgersi di quello che sta venendo fuori dai territori e dalle periferie\u201d, e bla bla bla. \u00c8 brutto scrivere \u201cio l\u2019avevo detto\u201d ma come non ricordarlo ancora una volta? Adesso vi \u00e8 bisogno della rete, invisibile eppur reale, tra tutte quelle realt\u00e0 che si stanno muovendo sui territori, capaci di costruire e che hanno resistito ai tamponamenti vari, allargare le menti e guardare oltre. Adesso \u00e8 il momento di prendere coraggio e di farsi avanti. Vogliono portarci verso una instabilit\u00e0 pericolosa e senza senso, non vale e non ce lo meritiamo. <\/p>\n\n\n\n<p style=\"text-align:right\"><em>Mimmo Oliva\n<\/em><\/p>\n<div class=\"pdfprnt-buttons pdfprnt-buttons-post pdfprnt-bottom-left\"><a href=\"https:\/\/www.istitutogalanteoliva.it\/magazine\/wp-json\/wp\/v2\/posts\/747?print=print\" class=\"pdfprnt-button pdfprnt-button-print\" target=\"_blank\"><img decoding=\"async\" src=\"https:\/\/www.istitutogalanteoliva.it\/magazine\/wp-content\/plugins\/pdf-print\/images\/print.png\" alt=\"image_print\" title=\"Stampa contenuto\" \/><span class=\"pdfprnt-button-title pdfprnt-button-print-title\">Download in PDF<\/span><\/a><\/div>","protected":false},"excerpt":{"rendered":"<p>Possiamo parlare di un nuovo meridionalismo, protagonista seppur silenzioso? Io direi di s\u00ec, e per\u00f2<\/p>\n","protected":false},"author":1,"featured_media":748,"comment_status":"open","ping_status":"open","sticky":false,"template":"","format":"standard","meta":{"footnotes":""},"categories":[5,15],"tags":[],"class_list":["post-747","post","type-post","status-publish","format-standard","has-post-thumbnail","hentry","category-5","category-opinioni"],"yoast_head":"<!-- This site is optimized with the Yoast SEO plugin v24.2 - https:\/\/yoast.com\/wordpress\/plugins\/seo\/ -->\n<title>La presunta mancanza di capacita\u0300 di analisi del Sud - Polis SA Magazine<\/title>\n<meta name=\"robots\" content=\"index, follow, max-snippet:-1, max-image-preview:large, max-video-preview:-1\" \/>\n<link rel=\"canonical\" href=\"https:\/\/www.istitutogalanteoliva.it\/magazine\/2016\/12\/07\/la-presunta-mancanza-di-capacita-di-analisi-del-sud\/\" \/>\n<meta property=\"og:locale\" content=\"it_IT\" \/>\n<meta property=\"og:type\" content=\"article\" \/>\n<meta property=\"og:title\" content=\"La presunta mancanza di capacita\u0300 di analisi del Sud - Polis SA Magazine\" \/>\n<meta property=\"og:description\" content=\"Possiamo parlare di un nuovo meridionalismo, protagonista seppur silenzioso? Io direi di s\u00ec, e per\u00f2\" \/>\n<meta property=\"og:url\" content=\"https:\/\/www.istitutogalanteoliva.it\/magazine\/2016\/12\/07\/la-presunta-mancanza-di-capacita-di-analisi-del-sud\/\" \/>\n<meta property=\"og:site_name\" content=\"Polis SA Magazine\" \/>\n<meta property=\"article:publisher\" content=\"https:\/\/www.facebook.com\/PolisSAMagazine\/\" \/>\n<meta property=\"article:published_time\" content=\"2016-12-07T17:50:20+00:00\" \/>\n<meta property=\"article:modified_time\" content=\"2019-08-19T16:54:46+00:00\" \/>\n<meta property=\"og:image\" content=\"https:\/\/www.istitutogalanteoliva.it\/magazine\/wp-content\/uploads\/2019\/08\/capri-3521967_640.jpg\" \/>\n\t<meta property=\"og:image:width\" content=\"640\" \/>\n\t<meta property=\"og:image:height\" content=\"426\" \/>\n\t<meta property=\"og:image:type\" content=\"image\/jpeg\" \/>\n<meta name=\"author\" content=\"admin\" \/>\n<meta name=\"twitter:card\" content=\"summary_large_image\" \/>\n<meta name=\"twitter:creator\" content=\"@MagazinePolis\" \/>\n<meta name=\"twitter:site\" content=\"@MagazinePolis\" \/>\n<meta name=\"twitter:label1\" content=\"Scritto da\" \/>\n\t<meta name=\"twitter:data1\" content=\"admin\" \/>\n\t<meta name=\"twitter:label2\" content=\"Tempo di lettura stimato\" \/>\n\t<meta name=\"twitter:data2\" content=\"2 minuti\" \/>\n<script type=\"application\/ld+json\" class=\"yoast-schema-graph\">{\"@context\":\"https:\/\/schema.org\",\"@graph\":[{\"@type\":\"Article\",\"@id\":\"https:\/\/www.istitutogalanteoliva.it\/magazine\/2016\/12\/07\/la-presunta-mancanza-di-capacita-di-analisi-del-sud\/#article\",\"isPartOf\":{\"@id\":\"https:\/\/www.istitutogalanteoliva.it\/magazine\/2016\/12\/07\/la-presunta-mancanza-di-capacita-di-analisi-del-sud\/\"},\"author\":{\"name\":\"admin\",\"@id\":\"https:\/\/www.istitutogalanteoliva.it\/magazine\/#\/schema\/person\/72e8141246542ebcf905456f5dbd4c49\"},\"headline\":\"La presunta mancanza di capacita\u0300 di analisi del Sud\",\"datePublished\":\"2016-12-07T17:50:20+00:00\",\"dateModified\":\"2019-08-19T16:54:46+00:00\",\"mainEntityOfPage\":{\"@id\":\"https:\/\/www.istitutogalanteoliva.it\/magazine\/2016\/12\/07\/la-presunta-mancanza-di-capacita-di-analisi-del-sud\/\"},\"wordCount\":370,\"commentCount\":0,\"publisher\":{\"@id\":\"https:\/\/www.istitutogalanteoliva.it\/magazine\/#organization\"},\"image\":{\"@id\":\"https:\/\/www.istitutogalanteoliva.it\/magazine\/2016\/12\/07\/la-presunta-mancanza-di-capacita-di-analisi-del-sud\/#primaryimage\"},\"thumbnailUrl\":\"https:\/\/www.istitutogalanteoliva.it\/magazine\/wp-content\/uploads\/2019\/08\/capri-3521967_640.jpg\",\"articleSection\":[\"2016\",\"Opinioni\"],\"inLanguage\":\"it-IT\",\"potentialAction\":[{\"@type\":\"CommentAction\",\"name\":\"Comment\",\"target\":[\"https:\/\/www.istitutogalanteoliva.it\/magazine\/2016\/12\/07\/la-presunta-mancanza-di-capacita-di-analisi-del-sud\/#respond\"]}]},{\"@type\":\"WebPage\",\"@id\":\"https:\/\/www.istitutogalanteoliva.it\/magazine\/2016\/12\/07\/la-presunta-mancanza-di-capacita-di-analisi-del-sud\/\",\"url\":\"https:\/\/www.istitutogalanteoliva.it\/magazine\/2016\/12\/07\/la-presunta-mancanza-di-capacita-di-analisi-del-sud\/\",\"name\":\"La presunta mancanza di capacita\u0300 di analisi del Sud - Polis SA Magazine\",\"isPartOf\":{\"@id\":\"https:\/\/www.istitutogalanteoliva.it\/magazine\/#website\"},\"primaryImageOfPage\":{\"@id\":\"https:\/\/www.istitutogalanteoliva.it\/magazine\/2016\/12\/07\/la-presunta-mancanza-di-capacita-di-analisi-del-sud\/#primaryimage\"},\"image\":{\"@id\":\"https:\/\/www.istitutogalanteoliva.it\/magazine\/2016\/12\/07\/la-presunta-mancanza-di-capacita-di-analisi-del-sud\/#primaryimage\"},\"thumbnailUrl\":\"https:\/\/www.istitutogalanteoliva.it\/magazine\/wp-content\/uploads\/2019\/08\/capri-3521967_640.jpg\",\"datePublished\":\"2016-12-07T17:50:20+00:00\",\"dateModified\":\"2019-08-19T16:54:46+00:00\",\"breadcrumb\":{\"@id\":\"https:\/\/www.istitutogalanteoliva.it\/magazine\/2016\/12\/07\/la-presunta-mancanza-di-capacita-di-analisi-del-sud\/#breadcrumb\"},\"inLanguage\":\"it-IT\",\"potentialAction\":[{\"@type\":\"ReadAction\",\"target\":[\"https:\/\/www.istitutogalanteoliva.it\/magazine\/2016\/12\/07\/la-presunta-mancanza-di-capacita-di-analisi-del-sud\/\"]}]},{\"@type\":\"ImageObject\",\"inLanguage\":\"it-IT\",\"@id\":\"https:\/\/www.istitutogalanteoliva.it\/magazine\/2016\/12\/07\/la-presunta-mancanza-di-capacita-di-analisi-del-sud\/#primaryimage\",\"url\":\"https:\/\/www.istitutogalanteoliva.it\/magazine\/wp-content\/uploads\/2019\/08\/capri-3521967_640.jpg\",\"contentUrl\":\"https:\/\/www.istitutogalanteoliva.it\/magazine\/wp-content\/uploads\/2019\/08\/capri-3521967_640.jpg\",\"width\":640,\"height\":426},{\"@type\":\"BreadcrumbList\",\"@id\":\"https:\/\/www.istitutogalanteoliva.it\/magazine\/2016\/12\/07\/la-presunta-mancanza-di-capacita-di-analisi-del-sud\/#breadcrumb\",\"itemListElement\":[{\"@type\":\"ListItem\",\"position\":1,\"name\":\"Home\",\"item\":\"https:\/\/www.istitutogalanteoliva.it\/magazine\/\"},{\"@type\":\"ListItem\",\"position\":2,\"name\":\"La presunta mancanza di capacita\u0300 di analisi del Sud\"}]},{\"@type\":\"WebSite\",\"@id\":\"https:\/\/www.istitutogalanteoliva.it\/magazine\/#website\",\"url\":\"https:\/\/www.istitutogalanteoliva.it\/magazine\/\",\"name\":\"POLIS SA MAGAZINE\",\"description\":\"L&#039;informazione libera \",\"publisher\":{\"@id\":\"https:\/\/www.istitutogalanteoliva.it\/magazine\/#organization\"},\"potentialAction\":[{\"@type\":\"SearchAction\",\"target\":{\"@type\":\"EntryPoint\",\"urlTemplate\":\"https:\/\/www.istitutogalanteoliva.it\/magazine\/?s={search_term_string}\"},\"query-input\":{\"@type\":\"PropertyValueSpecification\",\"valueRequired\":true,\"valueName\":\"search_term_string\"}}],\"inLanguage\":\"it-IT\"},{\"@type\":\"Organization\",\"@id\":\"https:\/\/www.istitutogalanteoliva.it\/magazine\/#organization\",\"name\":\"Polis SA Magazine\",\"url\":\"https:\/\/www.istitutogalanteoliva.it\/magazine\/\",\"logo\":{\"@type\":\"ImageObject\",\"inLanguage\":\"it-IT\",\"@id\":\"https:\/\/www.istitutogalanteoliva.it\/magazine\/#\/schema\/logo\/image\/\",\"url\":\"\",\"contentUrl\":\"\",\"caption\":\"Polis SA Magazine\"},\"image\":{\"@id\":\"https:\/\/www.istitutogalanteoliva.it\/magazine\/#\/schema\/logo\/image\/\"},\"sameAs\":[\"https:\/\/www.facebook.com\/PolisSAMagazine\/\",\"https:\/\/x.com\/MagazinePolis\",\"https:\/\/www.youtube.com\/channel\/UCv0Mr5AHKUmsc0sEEXkJrgw\"]},{\"@type\":\"Person\",\"@id\":\"https:\/\/www.istitutogalanteoliva.it\/magazine\/#\/schema\/person\/72e8141246542ebcf905456f5dbd4c49\",\"name\":\"admin\",\"image\":{\"@type\":\"ImageObject\",\"inLanguage\":\"it-IT\",\"@id\":\"https:\/\/www.istitutogalanteoliva.it\/magazine\/#\/schema\/person\/image\/\",\"url\":\"https:\/\/secure.gravatar.com\/avatar\/07059cc99eeb1edd29e138d1812e69ec?s=96&d=mm&r=g\",\"contentUrl\":\"https:\/\/secure.gravatar.com\/avatar\/07059cc99eeb1edd29e138d1812e69ec?s=96&d=mm&r=g\",\"caption\":\"admin\"},\"url\":\"https:\/\/www.istitutogalanteoliva.it\/magazine\/author\/admin\/\"}]}<\/script>\n<!-- \/ Yoast SEO plugin. -->","yoast_head_json":{"title":"La presunta mancanza di capacita\u0300 di analisi del Sud - Polis SA Magazine","robots":{"index":"index","follow":"follow","max-snippet":"max-snippet:-1","max-image-preview":"max-image-preview:large","max-video-preview":"max-video-preview:-1"},"canonical":"https:\/\/www.istitutogalanteoliva.it\/magazine\/2016\/12\/07\/la-presunta-mancanza-di-capacita-di-analisi-del-sud\/","og_locale":"it_IT","og_type":"article","og_title":"La presunta mancanza di capacita\u0300 di analisi del Sud - Polis SA Magazine","og_description":"Possiamo parlare di un nuovo meridionalismo, protagonista seppur silenzioso? Io direi di s\u00ec, e per\u00f2","og_url":"https:\/\/www.istitutogalanteoliva.it\/magazine\/2016\/12\/07\/la-presunta-mancanza-di-capacita-di-analisi-del-sud\/","og_site_name":"Polis SA Magazine","article_publisher":"https:\/\/www.facebook.com\/PolisSAMagazine\/","article_published_time":"2016-12-07T17:50:20+00:00","article_modified_time":"2019-08-19T16:54:46+00:00","og_image":[{"width":640,"height":426,"url":"https:\/\/www.istitutogalanteoliva.it\/magazine\/wp-content\/uploads\/2019\/08\/capri-3521967_640.jpg","type":"image\/jpeg"}],"author":"admin","twitter_card":"summary_large_image","twitter_creator":"@MagazinePolis","twitter_site":"@MagazinePolis","twitter_misc":{"Scritto da":"admin","Tempo di lettura stimato":"2 minuti"},"schema":{"@context":"https:\/\/schema.org","@graph":[{"@type":"Article","@id":"https:\/\/www.istitutogalanteoliva.it\/magazine\/2016\/12\/07\/la-presunta-mancanza-di-capacita-di-analisi-del-sud\/#article","isPartOf":{"@id":"https:\/\/www.istitutogalanteoliva.it\/magazine\/2016\/12\/07\/la-presunta-mancanza-di-capacita-di-analisi-del-sud\/"},"author":{"name":"admin","@id":"https:\/\/www.istitutogalanteoliva.it\/magazine\/#\/schema\/person\/72e8141246542ebcf905456f5dbd4c49"},"headline":"La presunta mancanza di capacita\u0300 di analisi del Sud","datePublished":"2016-12-07T17:50:20+00:00","dateModified":"2019-08-19T16:54:46+00:00","mainEntityOfPage":{"@id":"https:\/\/www.istitutogalanteoliva.it\/magazine\/2016\/12\/07\/la-presunta-mancanza-di-capacita-di-analisi-del-sud\/"},"wordCount":370,"commentCount":0,"publisher":{"@id":"https:\/\/www.istitutogalanteoliva.it\/magazine\/#organization"},"image":{"@id":"https:\/\/www.istitutogalanteoliva.it\/magazine\/2016\/12\/07\/la-presunta-mancanza-di-capacita-di-analisi-del-sud\/#primaryimage"},"thumbnailUrl":"https:\/\/www.istitutogalanteoliva.it\/magazine\/wp-content\/uploads\/2019\/08\/capri-3521967_640.jpg","articleSection":["2016","Opinioni"],"inLanguage":"it-IT","potentialAction":[{"@type":"CommentAction","name":"Comment","target":["https:\/\/www.istitutogalanteoliva.it\/magazine\/2016\/12\/07\/la-presunta-mancanza-di-capacita-di-analisi-del-sud\/#respond"]}]},{"@type":"WebPage","@id":"https:\/\/www.istitutogalanteoliva.it\/magazine\/2016\/12\/07\/la-presunta-mancanza-di-capacita-di-analisi-del-sud\/","url":"https:\/\/www.istitutogalanteoliva.it\/magazine\/2016\/12\/07\/la-presunta-mancanza-di-capacita-di-analisi-del-sud\/","name":"La presunta mancanza di capacita\u0300 di analisi del Sud - Polis SA Magazine","isPartOf":{"@id":"https:\/\/www.istitutogalanteoliva.it\/magazine\/#website"},"primaryImageOfPage":{"@id":"https:\/\/www.istitutogalanteoliva.it\/magazine\/2016\/12\/07\/la-presunta-mancanza-di-capacita-di-analisi-del-sud\/#primaryimage"},"image":{"@id":"https:\/\/www.istitutogalanteoliva.it\/magazine\/2016\/12\/07\/la-presunta-mancanza-di-capacita-di-analisi-del-sud\/#primaryimage"},"thumbnailUrl":"https:\/\/www.istitutogalanteoliva.it\/magazine\/wp-content\/uploads\/2019\/08\/capri-3521967_640.jpg","datePublished":"2016-12-07T17:50:20+00:00","dateModified":"2019-08-19T16:54:46+00:00","breadcrumb":{"@id":"https:\/\/www.istitutogalanteoliva.it\/magazine\/2016\/12\/07\/la-presunta-mancanza-di-capacita-di-analisi-del-sud\/#breadcrumb"},"inLanguage":"it-IT","potentialAction":[{"@type":"ReadAction","target":["https:\/\/www.istitutogalanteoliva.it\/magazine\/2016\/12\/07\/la-presunta-mancanza-di-capacita-di-analisi-del-sud\/"]}]},{"@type":"ImageObject","inLanguage":"it-IT","@id":"https:\/\/www.istitutogalanteoliva.it\/magazine\/2016\/12\/07\/la-presunta-mancanza-di-capacita-di-analisi-del-sud\/#primaryimage","url":"https:\/\/www.istitutogalanteoliva.it\/magazine\/wp-content\/uploads\/2019\/08\/capri-3521967_640.jpg","contentUrl":"https:\/\/www.istitutogalanteoliva.it\/magazine\/wp-content\/uploads\/2019\/08\/capri-3521967_640.jpg","width":640,"height":426},{"@type":"BreadcrumbList","@id":"https:\/\/www.istitutogalanteoliva.it\/magazine\/2016\/12\/07\/la-presunta-mancanza-di-capacita-di-analisi-del-sud\/#breadcrumb","itemListElement":[{"@type":"ListItem","position":1,"name":"Home","item":"https:\/\/www.istitutogalanteoliva.it\/magazine\/"},{"@type":"ListItem","position":2,"name":"La presunta mancanza di capacita\u0300 di analisi del Sud"}]},{"@type":"WebSite","@id":"https:\/\/www.istitutogalanteoliva.it\/magazine\/#website","url":"https:\/\/www.istitutogalanteoliva.it\/magazine\/","name":"POLIS SA MAGAZINE","description":"L&#039;informazione libera ","publisher":{"@id":"https:\/\/www.istitutogalanteoliva.it\/magazine\/#organization"},"potentialAction":[{"@type":"SearchAction","target":{"@type":"EntryPoint","urlTemplate":"https:\/\/www.istitutogalanteoliva.it\/magazine\/?s={search_term_string}"},"query-input":{"@type":"PropertyValueSpecification","valueRequired":true,"valueName":"search_term_string"}}],"inLanguage":"it-IT"},{"@type":"Organization","@id":"https:\/\/www.istitutogalanteoliva.it\/magazine\/#organization","name":"Polis SA Magazine","url":"https:\/\/www.istitutogalanteoliva.it\/magazine\/","logo":{"@type":"ImageObject","inLanguage":"it-IT","@id":"https:\/\/www.istitutogalanteoliva.it\/magazine\/#\/schema\/logo\/image\/","url":"","contentUrl":"","caption":"Polis SA Magazine"},"image":{"@id":"https:\/\/www.istitutogalanteoliva.it\/magazine\/#\/schema\/logo\/image\/"},"sameAs":["https:\/\/www.facebook.com\/PolisSAMagazine\/","https:\/\/x.com\/MagazinePolis","https:\/\/www.youtube.com\/channel\/UCv0Mr5AHKUmsc0sEEXkJrgw"]},{"@type":"Person","@id":"https:\/\/www.istitutogalanteoliva.it\/magazine\/#\/schema\/person\/72e8141246542ebcf905456f5dbd4c49","name":"admin","image":{"@type":"ImageObject","inLanguage":"it-IT","@id":"https:\/\/www.istitutogalanteoliva.it\/magazine\/#\/schema\/person\/image\/","url":"https:\/\/secure.gravatar.com\/avatar\/07059cc99eeb1edd29e138d1812e69ec?s=96&d=mm&r=g","contentUrl":"https:\/\/secure.gravatar.com\/avatar\/07059cc99eeb1edd29e138d1812e69ec?s=96&d=mm&r=g","caption":"admin"},"url":"https:\/\/www.istitutogalanteoliva.it\/magazine\/author\/admin\/"}]}},"_links":{"self":[{"href":"https:\/\/www.istitutogalanteoliva.it\/magazine\/wp-json\/wp\/v2\/posts\/747","targetHints":{"allow":["GET"]}}],"collection":[{"href":"https:\/\/www.istitutogalanteoliva.it\/magazine\/wp-json\/wp\/v2\/posts"}],"about":[{"href":"https:\/\/www.istitutogalanteoliva.it\/magazine\/wp-json\/wp\/v2\/types\/post"}],"author":[{"embeddable":true,"href":"https:\/\/www.istitutogalanteoliva.it\/magazine\/wp-json\/wp\/v2\/users\/1"}],"replies":[{"embeddable":true,"href":"https:\/\/www.istitutogalanteoliva.it\/magazine\/wp-json\/wp\/v2\/comments?post=747"}],"version-history":[{"count":1,"href":"https:\/\/www.istitutogalanteoliva.it\/magazine\/wp-json\/wp\/v2\/posts\/747\/revisions"}],"predecessor-version":[{"id":749,"href":"https:\/\/www.istitutogalanteoliva.it\/magazine\/wp-json\/wp\/v2\/posts\/747\/revisions\/749"}],"wp:featuredmedia":[{"embeddable":true,"href":"https:\/\/www.istitutogalanteoliva.it\/magazine\/wp-json\/wp\/v2\/media\/748"}],"wp:attachment":[{"href":"https:\/\/www.istitutogalanteoliva.it\/magazine\/wp-json\/wp\/v2\/media?parent=747"}],"wp:term":[{"taxonomy":"category","embeddable":true,"href":"https:\/\/www.istitutogalanteoliva.it\/magazine\/wp-json\/wp\/v2\/categories?post=747"},{"taxonomy":"post_tag","embeddable":true,"href":"https:\/\/www.istitutogalanteoliva.it\/magazine\/wp-json\/wp\/v2\/tags?post=747"}],"curies":[{"name":"wp","href":"https:\/\/api.w.org\/{rel}","templated":true}]}}