{"id":7507,"date":"2021-04-25T08:00:00","date_gmt":"2021-04-25T06:00:00","guid":{"rendered":"https:\/\/www.istitutogalanteoliva.it\/magazine\/?p=7507"},"modified":"2021-04-24T17:32:48","modified_gmt":"2021-04-24T15:32:48","slug":"25-aprile-storia-e-memoria-il-valore-della-public-history","status":"publish","type":"post","link":"https:\/\/www.istitutogalanteoliva.it\/magazine\/2021\/04\/25\/25-aprile-storia-e-memoria-il-valore-della-public-history\/","title":{"rendered":"25 Aprile. Storia e Memoria, il valore della Public History"},"content":{"rendered":"\n<h4 class=\"wp-block-heading\">Il 25 aprile segna il momento del riscatto di un paese, che, pur avendo indossato la camicia nera, aveva saputo strapparsela di dosso<\/h4>\n\n\n\n<p>di Maria Rosaria Anna Onorato<\/p>\n\n\n\n<p>Nel celebre <a href=\"https:\/\/it.wikipedia.org\/wiki\/Discorso_di_Alcide_De_Gasperi_alla_conferenza_di_pace_di_Parigi#:~:text=Il%20Discorso%20di%20Alcide%20De,e%20le%20potenze%20alleate%20della\" target=\"_blank\" rel=\"noreferrer noopener\">discorso svolto in occasione della<strong> Conferenza di Pace di Parigi<\/strong> il <strong>10 agosto del 1946<\/strong><\/a><strong>,<\/strong> il Presidente del Consiglio <strong>Alcide De Gasperi<\/strong> richiam\u00f2 un passaggio degli accordi siglati a<strong> Potsdam<\/strong> da <strong>Gran Bretagna<\/strong>, <strong>URSS<\/strong> e <strong>USA <\/strong>(<strong>17 luglio-2 agosto 1945<\/strong>), in cui si faceva riferimento alla condotta dell\u2019Italia nella fase conclusiva della guerra. In quel testo si affermava: \u00abl\u2019Italia ha liberato se stessa dal regime fascista\u00bb. Il senso del 25 aprile \u00e8 tutto qui. Segna il momento del riscatto di un paese, che, pur avendo indossato la camicia nera, aveva saputo strapparsela di dosso.<\/p>\n\n\n\n<p>Il <strong>25 aprile 1945<\/strong> ha segnato la conclusione di una drammatica vicenda iniziata con il fascismo e, nello stesso tempo, ha rappresentato e rappresenta il punto di partenza del processo di costruzione della democrazia italiana. Il 25 aprile, com\u2019\u00e8 noto, \u00e8 il giorno dedicato alla <strong>festa della liberazione<\/strong>. L\u2019individuazione di quella data quale festivit\u00e0 civile fu sancita per la prima volta dal <strong><a href=\"https:\/\/www.gazzettaufficiale.it\/eli\/id\/1946\/04\/24\/046U0185\/sg\" target=\"_blank\" rel=\"noreferrer noopener\">decreto legislativo luogotenenziale del 22 aprile 1946, n. 185<\/a><\/strong>, firmato dal <strong><a href=\"https:\/\/it.wikipedia.org\/wiki\/Umberto_II_di_Savoia\" target=\"_blank\" rel=\"noreferrer noopener\">principe di Piemonte Umberto di Savoia<\/a><\/strong>, nella sua qualit\u00e0 di luogotenente del Regno d\u2019Italia, che, al primo articolo, recitava: \u2018a celebrazione della totale liberazione del territorio italiano, il 25 aprile 1946 \u00e8 dichiarato festa nazionale\u2019.<\/p>\n\n\n\n<figure class=\"wp-block-image size-large is-resized\"><img loading=\"lazy\" decoding=\"async\" src=\"https:\/\/www.istitutogalanteoliva.it\/magazine\/wp-content\/uploads\/2021\/04\/46-foto-bambini-q3-25-aprile3.jpg\" alt=\"\" class=\"wp-image-7513\" width=\"539\" height=\"346\" srcset=\"https:\/\/www.istitutogalanteoliva.it\/magazine\/wp-content\/uploads\/2021\/04\/46-foto-bambini-q3-25-aprile3.jpg 718w, https:\/\/www.istitutogalanteoliva.it\/magazine\/wp-content\/uploads\/2021\/04\/46-foto-bambini-q3-25-aprile3-300x193.jpg 300w\" sizes=\"auto, (max-width: 539px) 100vw, 539px\" \/><\/figure>\n\n\n\n<p><strong>Solo nel 1949 (con la legge del 27 maggio, n. 260) il 25 aprile entr\u00f2 a far parte stabilmente del calendario civile nazionale.<\/strong><\/p>\n\n\n\n<p>\u00ab<em>Aldo dice ventisei per uno<\/em>\u00bb. Con questa frase si apriva il telegramma inviato il 24 aprile dal Comando militare piemontese del CLNAI a tutti i comandi partigiani di zona. Indicava, con una frase in codice, il momento in cui avrebbe dovuto avere inizio l\u2019insurrezione: all\u2019una di notte del 26 aprile. In realt\u00e0, il giorno 24 Genova era gi\u00e0 insorta e a Milano si registravano i primi scontri tra le forze partigiane e i fascisti repubblicani. L\u2019insurrezione era stata preparata da tempo e dall\u2019inizio del mese di aprile circolavano le istruzioni da osservare in quella circostanza: gli insorti avrebbero dovuto preservare edifici pubblici, infrastrutture, impianti produttivi, in vista della ricostruzione materiale del paese. La mattina del 25 aprile, dai microfoni di <strong>radio Milano libera<\/strong>, la voce di <a href=\"https:\/\/it.wikipedia.org\/wiki\/Sandro_Pertini\" target=\"_blank\" rel=\"noreferrer noopener\"><strong>Sandro Pertini<\/strong>,<\/a> del CLNAI, annunci\u00f2 lo sciopero generale:<em> Cittadini, lavoratori! Sciopero generale contro l\u2019occupazione tedesca, contro la guerra fascista, per la salvezza delle nostre terre, delle nostre case, delle nostre officine. Come a Genova e Torino, ponete i tedeschi di fronte al dilemma: arrendersi o perire!<\/em><\/p>\n\n\n\n<figure class=\"wp-block-image size-large is-resized\"><img loading=\"lazy\" decoding=\"async\" src=\"https:\/\/www.istitutogalanteoliva.it\/magazine\/wp-content\/uploads\/2021\/04\/Pertini.jpg\" alt=\"\" class=\"wp-image-7510\" width=\"525\" height=\"276\" srcset=\"https:\/\/www.istitutogalanteoliva.it\/magazine\/wp-content\/uploads\/2021\/04\/Pertini.jpg 700w, https:\/\/www.istitutogalanteoliva.it\/magazine\/wp-content\/uploads\/2021\/04\/Pertini-300x158.jpg 300w\" sizes=\"auto, (max-width: 525px) 100vw, 525px\" \/><figcaption>-Sandro Pertini-<\/figcaption><\/figure>\n\n\n\n<p>Se il valore storico e simbolico di una data come il 25 aprile 1945 nel processo di formazione dell\u2019Italia democratica \u00e8 evidente, le sue celebrazioni sono state (e lo sono ancora oggi) oggetto di valutazioni politiche differenti.<\/p>\n\n\n\n<p>Al di l\u00e0 di ogni valutazione politica e di ogni uso strumentale di quella pagina di storia, l\u2019eredit\u00e0 pi\u00f9 tangibile della Resistenza, che giunse a compimento con il 25 aprile 1945, risiede nella<a href=\"\/\/it.wikipedia.org\/wiki\/Costituzione_della_Repubblica_Italiana\" target=\"_blank\" rel=\"noreferrer noopener\"> <strong>Costituzione repubblicana<\/strong><\/a>. In tutte le scelte dei nostri padri costituenti (finanche in quelle lessicali) emerge in modo lampante la volont\u00e0 di segnare una definitiva discontinuit\u00e0 con il passato fascista. <\/p>\n\n\n\n<figure class=\"wp-block-image size-large is-resized\"><img loading=\"lazy\" decoding=\"async\" src=\"https:\/\/www.istitutogalanteoliva.it\/magazine\/wp-content\/uploads\/2021\/04\/1200px-Moro_by_Riccardi-1024x576.jpg\" alt=\"\" class=\"wp-image-7511\" width=\"512\" height=\"288\" srcset=\"https:\/\/www.istitutogalanteoliva.it\/magazine\/wp-content\/uploads\/2021\/04\/1200px-Moro_by_Riccardi-1024x576.jpg 1024w, https:\/\/www.istitutogalanteoliva.it\/magazine\/wp-content\/uploads\/2021\/04\/1200px-Moro_by_Riccardi-300x169.jpg 300w, https:\/\/www.istitutogalanteoliva.it\/magazine\/wp-content\/uploads\/2021\/04\/1200px-Moro_by_Riccardi-768x432.jpg 768w, https:\/\/www.istitutogalanteoliva.it\/magazine\/wp-content\/uploads\/2021\/04\/1200px-Moro_by_Riccardi.jpg 1200w\" sizes=\"auto, (max-width: 512px) 100vw, 512px\" \/><figcaption>-Aldo Moro-<\/figcaption><\/figure>\n\n\n\n<p>Lo spieg\u00f2 bene un giovane <strong><a href=\"https:\/\/it.wikipedia.org\/wiki\/Aldo_Moro\" target=\"_blank\" rel=\"noreferrer noopener\">Aldo Moro <\/a><\/strong>intervenendo nella seduta dell\u2019Assemblea costituente del 13 marzo 1947:<\/p>\n\n\n\n<p><em>\u2018Non possiamo [&#8230;] fare una Costituzione afascista, cio\u00e8 non possiamo prescindere da quello che \u00e8 stato nel nostro Paese un movimento storico di importanza grandissima il quale nella sua negativit\u00e0 ha travolto per anni le coscienze e le istituzioni. [&#8230;] Perch\u00e9 questa Costituzione oggi emerge da quella Resistenza, da quella lotta, da quella negazione, per le quali ci siamo trovati insieme sul fronte della Resistenza e della guerra rivoluzionaria ed ora ci troviamo insieme per questo impegno di affermazione dei valori supremi della dignit\u00e0 umana e della vita sociale\u2019<\/em>.<\/p>\n\n\n\n<h4 class=\"wp-block-heading\"><strong>Dalla storia alla canzone<\/strong><\/h4>\n\n\n\n<p>\u2018<em><strong>Bella ciao<\/strong><\/em>\u2019 &nbsp;uno dei canti popolari italiani pi\u00f9 famosi al mondo, si \u00e8 diffuso nel secondo dopoguerra e nel tempo \u00e8 stato ripreso da una&nbsp;&nbsp; serie tv, passando per tanti movimenti di protesta. Di autore sconosciuto,&nbsp;\u2018<em>Bella ciao<\/em>\u2019&nbsp;divenne l\u2019inno del movimento partigiano italiano, anche se \u00e8 diventata celebre e scelta come canto ufficiale soltanto dopo la Resistenza.<\/p>\n\n\n\n<p>Le prime incisioni di &#8220;<em>Bella Ciao<\/em>&#8221; per come la conosciamo oggi, si devono a <strong>Sandra Mantovani <\/strong>e <strong>Fausto Amodei<\/strong> in Italia, e al cantautore francese di origine toscana<strong> Yves Montand<\/strong>. La prima volta \u00e8 stata eseguita da<strong> Gaber<\/strong>, <strong>Maria Monti<\/strong> e <strong>Margot<\/strong>, nella trasmissione \u2018<em>Canzoniere minimo<\/em>\u2019 (1963. Fu poi pubblicata in 45 giri da Gaber nel 1965.<\/p>\n\n\n\n<figure class=\"wp-block-image size-large is-resized\"><img loading=\"lazy\" decoding=\"async\" src=\"https:\/\/www.istitutogalanteoliva.it\/magazine\/wp-content\/uploads\/2021\/04\/arton150028.jpg\" alt=\"\" class=\"wp-image-7514\" width=\"600\" height=\"300\" srcset=\"https:\/\/www.istitutogalanteoliva.it\/magazine\/wp-content\/uploads\/2021\/04\/arton150028.jpg 800w, https:\/\/www.istitutogalanteoliva.it\/magazine\/wp-content\/uploads\/2021\/04\/arton150028-300x150.jpg 300w, https:\/\/www.istitutogalanteoliva.it\/magazine\/wp-content\/uploads\/2021\/04\/arton150028-768x384.jpg 768w\" sizes=\"auto, (max-width: 600px) 100vw, 600px\" \/><\/figure>\n\n\n\n<p>Tra le riedizioni pi\u00f9 popolari in Italia ci sono quella del gruppo folk <em>Modena City Ramblers<\/em> e quella del gruppo ska <em>Banda Bassotti<\/em>. Una delle pi\u00f9 popolari in Europa \u00e8, invece, quella eseguita dal musicista bosniaco Goran Bregovi\u0107. Tra le ultime e pi\u00f9 celebri rievocazioni del canto c\u2019\u00e8 certamente quella intonata dai protagonisti de&nbsp;\u2018<em>La casa di carta<\/em>\u2019, la serie &nbsp;di Netflix.<\/p>\n\n\n\n<p>Concludiamo questa \u2018 pillola\u2019 di storia con le parole del <strong>Presidente dell\u2019 ANPI di Milano, Roberto Cenati<\/strong>, &nbsp;che ha sottolineato come il 25 aprile <strong><em>&#8220;deve essere la festa di tutti, senza divisioni<\/em>&#8220;<\/strong> e che la lotta dei partigiani \u00e8 <strong>&#8220;<em>attuale cos\u00ec come lo \u00e8 oggi la spinta a contrastare i nuovi nazionalismi, l&#8217;antisemitismo e la xenofobia. E&#8217; una celebrazione che deve unire tutti gli italiani che credono nella libert\u00e0, nella democrazia e nei valori della Costituzione Repubblicana<\/em>&#8220;.<\/strong><\/p>\n\n\n\n<p><em>Mentre scrivevo questo articolo ho appreso della morte di Milva, un\u2019artista del nostro panorama musicale poco compresa. Sui social fioccano le rievocazioni delle sue esibizioni in RAI,\u00a0 tra le tante vi segnalo quella della \u2018<strong>Canzonissima<\/strong>\u2019 del 1971, in una trasmissione di musica leggera\u00a0(<strong>Canzonissima <\/strong>era una gara tra cantanti), Milva presenta una versione di \u2018Bella ciao\u2019 \u00a0come \u2018canto delle mondine\u2019. In quel contesto l&#8217;espressione &#8220;bella ciao&#8221; indicava, evidentemente\u00a0 la giovinezza che si perde e sfiorisce nel lavoro. Concludo con uno stralcio del testo interpretato da Milva nel 1971<\/em><\/p>\n\n\n\n<p>\u2018Alla mattina appena alzata<br>o bella ciao bella ciao bella ciao, ciao, ciao<br>alla mattina appena alzata<br>in risaia mi tocca andar.<\/p>\n\n\n\n<p>(\u2026)Ma verr\u00e0 un giorno che tutte quante<br>o bella ciao bella ciao bella ciao ciao ciao<br>ma verr\u00e0 un giorno che tutte quante<br>lavoreremo in libert\u00e0.\u00bb<em><\/em><\/p>\n\n\n\n<p><img loading=\"lazy\" decoding=\"async\" width=\"120\" height=\"124\" class=\"wp-image-5982\" style=\"width: 120px;\" src=\"https:\/\/www.istitutogalanteoliva.it\/magazine\/wp-content\/uploads\/2021\/03\/Tondo-Onorato-1.jpg\" alt=\"\" srcset=\"https:\/\/www.istitutogalanteoliva.it\/magazine\/wp-content\/uploads\/2021\/03\/Tondo-Onorato-1.jpg 1204w, https:\/\/www.istitutogalanteoliva.it\/magazine\/wp-content\/uploads\/2021\/03\/Tondo-Onorato-1-289x300.jpg 289w, https:\/\/www.istitutogalanteoliva.it\/magazine\/wp-content\/uploads\/2021\/03\/Tondo-Onorato-1-988x1024.jpg 988w, https:\/\/www.istitutogalanteoliva.it\/magazine\/wp-content\/uploads\/2021\/03\/Tondo-Onorato-1-768x796.jpg 768w, https:\/\/www.istitutogalanteoliva.it\/magazine\/wp-content\/uploads\/2021\/03\/Tondo-Onorato-1-1024x1061.jpg 1024w\" sizes=\"auto, (max-width: 120px) 100vw, 120px\" \/><strong><em><a href=\"https:\/\/www.istitutogalanteoliva.it\/magazine\/5855-2\/\" target=\"_blank\" rel=\"noreferrer noopener\">Maria Rosaria Anna Onorat<\/a><\/em><a href=\"https:\/\/www.istitutogalanteoliva.it\/magazine\/5855-2\/\" target=\"_blank\" rel=\"noreferrer noopener\"><em>o<\/em><\/a><\/strong><\/p>\n<div class=\"pdfprnt-buttons pdfprnt-buttons-post pdfprnt-bottom-left\"><a href=\"https:\/\/www.istitutogalanteoliva.it\/magazine\/wp-json\/wp\/v2\/posts\/7507?print=print\" class=\"pdfprnt-button pdfprnt-button-print\" target=\"_blank\"><img decoding=\"async\" src=\"https:\/\/www.istitutogalanteoliva.it\/magazine\/wp-content\/plugins\/pdf-print\/images\/print.png\" alt=\"image_print\" title=\"Stampa contenuto\" \/><span class=\"pdfprnt-button-title pdfprnt-button-print-title\">Download in PDF<\/span><\/a><\/div>","protected":false},"excerpt":{"rendered":"<p>Il 25 aprile segna il momento del riscatto di un paese, che, pur avendo indossato<\/p>\n","protected":false},"author":2,"featured_media":7515,"comment_status":"open","ping_status":"open","sticky":true,"template":"","format":"standard","meta":{"footnotes":""},"categories":[148,23],"tags":[348,349],"class_list":["post-7507","post","type-post","status-publish","format-standard","has-post-thumbnail","hentry","category-148","category-storia","tag-25-aprile","tag-festa-della-liberazione"],"yoast_head":"<!-- This site is optimized with the Yoast SEO plugin v24.2 - https:\/\/yoast.com\/wordpress\/plugins\/seo\/ -->\n<title>25 Aprile. Storia e Memoria, il valore della Public History - Polis SA Magazine<\/title>\n<meta name=\"description\" content=\"Il 25 aprile segna il momento del riscatto di un paese, che, pur avendo indossato la camicia nera, aveva saputo strapparsela di dosso\" \/>\n<meta name=\"robots\" content=\"index, follow, max-snippet:-1, max-image-preview:large, max-video-preview:-1\" \/>\n<link rel=\"canonical\" href=\"https:\/\/www.istitutogalanteoliva.it\/magazine\/2021\/04\/25\/25-aprile-storia-e-memoria-il-valore-della-public-history\/\" \/>\n<meta property=\"og:locale\" content=\"it_IT\" \/>\n<meta property=\"og:type\" content=\"article\" \/>\n<meta property=\"og:title\" content=\"25 Aprile. Storia e Memoria, il valore della Public History - Polis SA Magazine\" \/>\n<meta property=\"og:description\" content=\"Il 25 aprile segna il momento del riscatto di un paese, che, pur avendo indossato la camicia nera, aveva saputo strapparsela di dosso\" \/>\n<meta property=\"og:url\" content=\"https:\/\/www.istitutogalanteoliva.it\/magazine\/2021\/04\/25\/25-aprile-storia-e-memoria-il-valore-della-public-history\/\" \/>\n<meta property=\"og:site_name\" content=\"Polis SA Magazine\" \/>\n<meta property=\"article:publisher\" content=\"https:\/\/www.facebook.com\/PolisSAMagazine\/\" \/>\n<meta property=\"article:published_time\" content=\"2021-04-25T06:00:00+00:00\" \/>\n<meta property=\"article:modified_time\" content=\"2021-04-24T15:32:48+00:00\" \/>\n<meta property=\"og:image\" content=\"https:\/\/www.istitutogalanteoliva.it\/magazine\/wp-content\/uploads\/2021\/04\/cop-25.jpg\" \/>\n\t<meta property=\"og:image:width\" content=\"640\" \/>\n\t<meta property=\"og:image:height\" content=\"380\" \/>\n\t<meta property=\"og:image:type\" content=\"image\/jpeg\" \/>\n<meta name=\"author\" content=\"Antonello Rivano\" \/>\n<meta name=\"twitter:card\" content=\"summary_large_image\" \/>\n<meta name=\"twitter:creator\" content=\"@MagazinePolis\" \/>\n<meta name=\"twitter:site\" content=\"@MagazinePolis\" \/>\n<meta name=\"twitter:label1\" content=\"Scritto da\" \/>\n\t<meta name=\"twitter:data1\" content=\"Antonello Rivano\" \/>\n\t<meta name=\"twitter:label2\" content=\"Tempo di lettura stimato\" \/>\n\t<meta name=\"twitter:data2\" content=\"5 minuti\" \/>\n<script type=\"application\/ld+json\" class=\"yoast-schema-graph\">{\"@context\":\"https:\/\/schema.org\",\"@graph\":[{\"@type\":\"Article\",\"@id\":\"https:\/\/www.istitutogalanteoliva.it\/magazine\/2021\/04\/25\/25-aprile-storia-e-memoria-il-valore-della-public-history\/#article\",\"isPartOf\":{\"@id\":\"https:\/\/www.istitutogalanteoliva.it\/magazine\/2021\/04\/25\/25-aprile-storia-e-memoria-il-valore-della-public-history\/\"},\"author\":{\"name\":\"Antonello Rivano\",\"@id\":\"https:\/\/www.istitutogalanteoliva.it\/magazine\/#\/schema\/person\/d8b8aa79cfe8babc1df9da3212a7c0c4\"},\"headline\":\"25 Aprile. Storia e Memoria, il valore della Public History\",\"datePublished\":\"2021-04-25T06:00:00+00:00\",\"dateModified\":\"2021-04-24T15:32:48+00:00\",\"mainEntityOfPage\":{\"@id\":\"https:\/\/www.istitutogalanteoliva.it\/magazine\/2021\/04\/25\/25-aprile-storia-e-memoria-il-valore-della-public-history\/\"},\"wordCount\":1005,\"commentCount\":0,\"publisher\":{\"@id\":\"https:\/\/www.istitutogalanteoliva.it\/magazine\/#organization\"},\"image\":{\"@id\":\"https:\/\/www.istitutogalanteoliva.it\/magazine\/2021\/04\/25\/25-aprile-storia-e-memoria-il-valore-della-public-history\/#primaryimage\"},\"thumbnailUrl\":\"https:\/\/www.istitutogalanteoliva.it\/magazine\/wp-content\/uploads\/2021\/04\/cop-25.jpg\",\"keywords\":[\"25 aprile\",\"festa della liberazione\"],\"articleSection\":[\"2021\",\"Storia\"],\"inLanguage\":\"it-IT\",\"potentialAction\":[{\"@type\":\"CommentAction\",\"name\":\"Comment\",\"target\":[\"https:\/\/www.istitutogalanteoliva.it\/magazine\/2021\/04\/25\/25-aprile-storia-e-memoria-il-valore-della-public-history\/#respond\"]}]},{\"@type\":\"WebPage\",\"@id\":\"https:\/\/www.istitutogalanteoliva.it\/magazine\/2021\/04\/25\/25-aprile-storia-e-memoria-il-valore-della-public-history\/\",\"url\":\"https:\/\/www.istitutogalanteoliva.it\/magazine\/2021\/04\/25\/25-aprile-storia-e-memoria-il-valore-della-public-history\/\",\"name\":\"25 Aprile. Storia e Memoria, il valore della Public History - Polis SA Magazine\",\"isPartOf\":{\"@id\":\"https:\/\/www.istitutogalanteoliva.it\/magazine\/#website\"},\"primaryImageOfPage\":{\"@id\":\"https:\/\/www.istitutogalanteoliva.it\/magazine\/2021\/04\/25\/25-aprile-storia-e-memoria-il-valore-della-public-history\/#primaryimage\"},\"image\":{\"@id\":\"https:\/\/www.istitutogalanteoliva.it\/magazine\/2021\/04\/25\/25-aprile-storia-e-memoria-il-valore-della-public-history\/#primaryimage\"},\"thumbnailUrl\":\"https:\/\/www.istitutogalanteoliva.it\/magazine\/wp-content\/uploads\/2021\/04\/cop-25.jpg\",\"datePublished\":\"2021-04-25T06:00:00+00:00\",\"dateModified\":\"2021-04-24T15:32:48+00:00\",\"description\":\"Il 25 aprile segna il momento del riscatto di un paese, che, pur avendo indossato la camicia nera, aveva saputo strapparsela di dosso\",\"breadcrumb\":{\"@id\":\"https:\/\/www.istitutogalanteoliva.it\/magazine\/2021\/04\/25\/25-aprile-storia-e-memoria-il-valore-della-public-history\/#breadcrumb\"},\"inLanguage\":\"it-IT\",\"potentialAction\":[{\"@type\":\"ReadAction\",\"target\":[\"https:\/\/www.istitutogalanteoliva.it\/magazine\/2021\/04\/25\/25-aprile-storia-e-memoria-il-valore-della-public-history\/\"]}]},{\"@type\":\"ImageObject\",\"inLanguage\":\"it-IT\",\"@id\":\"https:\/\/www.istitutogalanteoliva.it\/magazine\/2021\/04\/25\/25-aprile-storia-e-memoria-il-valore-della-public-history\/#primaryimage\",\"url\":\"https:\/\/www.istitutogalanteoliva.it\/magazine\/wp-content\/uploads\/2021\/04\/cop-25.jpg\",\"contentUrl\":\"https:\/\/www.istitutogalanteoliva.it\/magazine\/wp-content\/uploads\/2021\/04\/cop-25.jpg\",\"width\":640,\"height\":380,\"caption\":\"25 aprile\"},{\"@type\":\"BreadcrumbList\",\"@id\":\"https:\/\/www.istitutogalanteoliva.it\/magazine\/2021\/04\/25\/25-aprile-storia-e-memoria-il-valore-della-public-history\/#breadcrumb\",\"itemListElement\":[{\"@type\":\"ListItem\",\"position\":1,\"name\":\"Home\",\"item\":\"https:\/\/www.istitutogalanteoliva.it\/magazine\/\"},{\"@type\":\"ListItem\",\"position\":2,\"name\":\"25 Aprile. Storia e Memoria, il valore della Public History\"}]},{\"@type\":\"WebSite\",\"@id\":\"https:\/\/www.istitutogalanteoliva.it\/magazine\/#website\",\"url\":\"https:\/\/www.istitutogalanteoliva.it\/magazine\/\",\"name\":\"POLIS SA MAGAZINE\",\"description\":\"Informazione e approfondimenti\",\"publisher\":{\"@id\":\"https:\/\/www.istitutogalanteoliva.it\/magazine\/#organization\"},\"potentialAction\":[{\"@type\":\"SearchAction\",\"target\":{\"@type\":\"EntryPoint\",\"urlTemplate\":\"https:\/\/www.istitutogalanteoliva.it\/magazine\/?s={search_term_string}\"},\"query-input\":{\"@type\":\"PropertyValueSpecification\",\"valueRequired\":true,\"valueName\":\"search_term_string\"}}],\"inLanguage\":\"it-IT\"},{\"@type\":\"Organization\",\"@id\":\"https:\/\/www.istitutogalanteoliva.it\/magazine\/#organization\",\"name\":\"Polis SA Magazine\",\"url\":\"https:\/\/www.istitutogalanteoliva.it\/magazine\/\",\"logo\":{\"@type\":\"ImageObject\",\"inLanguage\":\"it-IT\",\"@id\":\"https:\/\/www.istitutogalanteoliva.it\/magazine\/#\/schema\/logo\/image\/\",\"url\":\"\",\"contentUrl\":\"\",\"caption\":\"Polis SA Magazine\"},\"image\":{\"@id\":\"https:\/\/www.istitutogalanteoliva.it\/magazine\/#\/schema\/logo\/image\/\"},\"sameAs\":[\"https:\/\/www.facebook.com\/PolisSAMagazine\/\",\"https:\/\/x.com\/MagazinePolis\",\"https:\/\/www.youtube.com\/channel\/UCv0Mr5AHKUmsc0sEEXkJrgw\"]},{\"@type\":\"Person\",\"@id\":\"https:\/\/www.istitutogalanteoliva.it\/magazine\/#\/schema\/person\/d8b8aa79cfe8babc1df9da3212a7c0c4\",\"name\":\"Antonello Rivano\",\"image\":{\"@type\":\"ImageObject\",\"inLanguage\":\"it-IT\",\"@id\":\"https:\/\/www.istitutogalanteoliva.it\/magazine\/#\/schema\/person\/image\/\",\"url\":\"https:\/\/secure.gravatar.com\/avatar\/517a9a6487a7a18ecc4ce6d2e57a8f40?s=96&d=mm&r=g\",\"contentUrl\":\"https:\/\/secure.gravatar.com\/avatar\/517a9a6487a7a18ecc4ce6d2e57a8f40?s=96&d=mm&r=g\",\"caption\":\"Antonello Rivano\"},\"url\":\"https:\/\/www.istitutogalanteoliva.it\/magazine\/author\/antonello\/\"}]}<\/script>\n<!-- \/ Yoast SEO plugin. -->","yoast_head_json":{"title":"25 Aprile. Storia e Memoria, il valore della Public History - Polis SA Magazine","description":"Il 25 aprile segna il momento del riscatto di un paese, che, pur avendo indossato la camicia nera, aveva saputo strapparsela di dosso","robots":{"index":"index","follow":"follow","max-snippet":"max-snippet:-1","max-image-preview":"max-image-preview:large","max-video-preview":"max-video-preview:-1"},"canonical":"https:\/\/www.istitutogalanteoliva.it\/magazine\/2021\/04\/25\/25-aprile-storia-e-memoria-il-valore-della-public-history\/","og_locale":"it_IT","og_type":"article","og_title":"25 Aprile. Storia e Memoria, il valore della Public History - Polis SA Magazine","og_description":"Il 25 aprile segna il momento del riscatto di un paese, che, pur avendo indossato la camicia nera, aveva saputo strapparsela di dosso","og_url":"https:\/\/www.istitutogalanteoliva.it\/magazine\/2021\/04\/25\/25-aprile-storia-e-memoria-il-valore-della-public-history\/","og_site_name":"Polis SA Magazine","article_publisher":"https:\/\/www.facebook.com\/PolisSAMagazine\/","article_published_time":"2021-04-25T06:00:00+00:00","article_modified_time":"2021-04-24T15:32:48+00:00","og_image":[{"width":640,"height":380,"url":"https:\/\/www.istitutogalanteoliva.it\/magazine\/wp-content\/uploads\/2021\/04\/cop-25.jpg","type":"image\/jpeg"}],"author":"Antonello Rivano","twitter_card":"summary_large_image","twitter_creator":"@MagazinePolis","twitter_site":"@MagazinePolis","twitter_misc":{"Scritto da":"Antonello Rivano","Tempo di lettura stimato":"5 minuti"},"schema":{"@context":"https:\/\/schema.org","@graph":[{"@type":"Article","@id":"https:\/\/www.istitutogalanteoliva.it\/magazine\/2021\/04\/25\/25-aprile-storia-e-memoria-il-valore-della-public-history\/#article","isPartOf":{"@id":"https:\/\/www.istitutogalanteoliva.it\/magazine\/2021\/04\/25\/25-aprile-storia-e-memoria-il-valore-della-public-history\/"},"author":{"name":"Antonello Rivano","@id":"https:\/\/www.istitutogalanteoliva.it\/magazine\/#\/schema\/person\/d8b8aa79cfe8babc1df9da3212a7c0c4"},"headline":"25 Aprile. Storia e Memoria, il valore della Public History","datePublished":"2021-04-25T06:00:00+00:00","dateModified":"2021-04-24T15:32:48+00:00","mainEntityOfPage":{"@id":"https:\/\/www.istitutogalanteoliva.it\/magazine\/2021\/04\/25\/25-aprile-storia-e-memoria-il-valore-della-public-history\/"},"wordCount":1005,"commentCount":0,"publisher":{"@id":"https:\/\/www.istitutogalanteoliva.it\/magazine\/#organization"},"image":{"@id":"https:\/\/www.istitutogalanteoliva.it\/magazine\/2021\/04\/25\/25-aprile-storia-e-memoria-il-valore-della-public-history\/#primaryimage"},"thumbnailUrl":"https:\/\/www.istitutogalanteoliva.it\/magazine\/wp-content\/uploads\/2021\/04\/cop-25.jpg","keywords":["25 aprile","festa della liberazione"],"articleSection":["2021","Storia"],"inLanguage":"it-IT","potentialAction":[{"@type":"CommentAction","name":"Comment","target":["https:\/\/www.istitutogalanteoliva.it\/magazine\/2021\/04\/25\/25-aprile-storia-e-memoria-il-valore-della-public-history\/#respond"]}]},{"@type":"WebPage","@id":"https:\/\/www.istitutogalanteoliva.it\/magazine\/2021\/04\/25\/25-aprile-storia-e-memoria-il-valore-della-public-history\/","url":"https:\/\/www.istitutogalanteoliva.it\/magazine\/2021\/04\/25\/25-aprile-storia-e-memoria-il-valore-della-public-history\/","name":"25 Aprile. Storia e Memoria, il valore della Public History - Polis SA Magazine","isPartOf":{"@id":"https:\/\/www.istitutogalanteoliva.it\/magazine\/#website"},"primaryImageOfPage":{"@id":"https:\/\/www.istitutogalanteoliva.it\/magazine\/2021\/04\/25\/25-aprile-storia-e-memoria-il-valore-della-public-history\/#primaryimage"},"image":{"@id":"https:\/\/www.istitutogalanteoliva.it\/magazine\/2021\/04\/25\/25-aprile-storia-e-memoria-il-valore-della-public-history\/#primaryimage"},"thumbnailUrl":"https:\/\/www.istitutogalanteoliva.it\/magazine\/wp-content\/uploads\/2021\/04\/cop-25.jpg","datePublished":"2021-04-25T06:00:00+00:00","dateModified":"2021-04-24T15:32:48+00:00","description":"Il 25 aprile segna il momento del riscatto di un paese, che, pur avendo indossato la camicia nera, aveva saputo strapparsela di dosso","breadcrumb":{"@id":"https:\/\/www.istitutogalanteoliva.it\/magazine\/2021\/04\/25\/25-aprile-storia-e-memoria-il-valore-della-public-history\/#breadcrumb"},"inLanguage":"it-IT","potentialAction":[{"@type":"ReadAction","target":["https:\/\/www.istitutogalanteoliva.it\/magazine\/2021\/04\/25\/25-aprile-storia-e-memoria-il-valore-della-public-history\/"]}]},{"@type":"ImageObject","inLanguage":"it-IT","@id":"https:\/\/www.istitutogalanteoliva.it\/magazine\/2021\/04\/25\/25-aprile-storia-e-memoria-il-valore-della-public-history\/#primaryimage","url":"https:\/\/www.istitutogalanteoliva.it\/magazine\/wp-content\/uploads\/2021\/04\/cop-25.jpg","contentUrl":"https:\/\/www.istitutogalanteoliva.it\/magazine\/wp-content\/uploads\/2021\/04\/cop-25.jpg","width":640,"height":380,"caption":"25 aprile"},{"@type":"BreadcrumbList","@id":"https:\/\/www.istitutogalanteoliva.it\/magazine\/2021\/04\/25\/25-aprile-storia-e-memoria-il-valore-della-public-history\/#breadcrumb","itemListElement":[{"@type":"ListItem","position":1,"name":"Home","item":"https:\/\/www.istitutogalanteoliva.it\/magazine\/"},{"@type":"ListItem","position":2,"name":"25 Aprile. Storia e Memoria, il valore della Public History"}]},{"@type":"WebSite","@id":"https:\/\/www.istitutogalanteoliva.it\/magazine\/#website","url":"https:\/\/www.istitutogalanteoliva.it\/magazine\/","name":"POLIS SA MAGAZINE","description":"Informazione e approfondimenti","publisher":{"@id":"https:\/\/www.istitutogalanteoliva.it\/magazine\/#organization"},"potentialAction":[{"@type":"SearchAction","target":{"@type":"EntryPoint","urlTemplate":"https:\/\/www.istitutogalanteoliva.it\/magazine\/?s={search_term_string}"},"query-input":{"@type":"PropertyValueSpecification","valueRequired":true,"valueName":"search_term_string"}}],"inLanguage":"it-IT"},{"@type":"Organization","@id":"https:\/\/www.istitutogalanteoliva.it\/magazine\/#organization","name":"Polis SA Magazine","url":"https:\/\/www.istitutogalanteoliva.it\/magazine\/","logo":{"@type":"ImageObject","inLanguage":"it-IT","@id":"https:\/\/www.istitutogalanteoliva.it\/magazine\/#\/schema\/logo\/image\/","url":"","contentUrl":"","caption":"Polis SA Magazine"},"image":{"@id":"https:\/\/www.istitutogalanteoliva.it\/magazine\/#\/schema\/logo\/image\/"},"sameAs":["https:\/\/www.facebook.com\/PolisSAMagazine\/","https:\/\/x.com\/MagazinePolis","https:\/\/www.youtube.com\/channel\/UCv0Mr5AHKUmsc0sEEXkJrgw"]},{"@type":"Person","@id":"https:\/\/www.istitutogalanteoliva.it\/magazine\/#\/schema\/person\/d8b8aa79cfe8babc1df9da3212a7c0c4","name":"Antonello Rivano","image":{"@type":"ImageObject","inLanguage":"it-IT","@id":"https:\/\/www.istitutogalanteoliva.it\/magazine\/#\/schema\/person\/image\/","url":"https:\/\/secure.gravatar.com\/avatar\/517a9a6487a7a18ecc4ce6d2e57a8f40?s=96&d=mm&r=g","contentUrl":"https:\/\/secure.gravatar.com\/avatar\/517a9a6487a7a18ecc4ce6d2e57a8f40?s=96&d=mm&r=g","caption":"Antonello Rivano"},"url":"https:\/\/www.istitutogalanteoliva.it\/magazine\/author\/antonello\/"}]}},"_links":{"self":[{"href":"https:\/\/www.istitutogalanteoliva.it\/magazine\/wp-json\/wp\/v2\/posts\/7507","targetHints":{"allow":["GET"]}}],"collection":[{"href":"https:\/\/www.istitutogalanteoliva.it\/magazine\/wp-json\/wp\/v2\/posts"}],"about":[{"href":"https:\/\/www.istitutogalanteoliva.it\/magazine\/wp-json\/wp\/v2\/types\/post"}],"author":[{"embeddable":true,"href":"https:\/\/www.istitutogalanteoliva.it\/magazine\/wp-json\/wp\/v2\/users\/2"}],"replies":[{"embeddable":true,"href":"https:\/\/www.istitutogalanteoliva.it\/magazine\/wp-json\/wp\/v2\/comments?post=7507"}],"version-history":[{"count":6,"href":"https:\/\/www.istitutogalanteoliva.it\/magazine\/wp-json\/wp\/v2\/posts\/7507\/revisions"}],"predecessor-version":[{"id":7533,"href":"https:\/\/www.istitutogalanteoliva.it\/magazine\/wp-json\/wp\/v2\/posts\/7507\/revisions\/7533"}],"wp:featuredmedia":[{"embeddable":true,"href":"https:\/\/www.istitutogalanteoliva.it\/magazine\/wp-json\/wp\/v2\/media\/7515"}],"wp:attachment":[{"href":"https:\/\/www.istitutogalanteoliva.it\/magazine\/wp-json\/wp\/v2\/media?parent=7507"}],"wp:term":[{"taxonomy":"category","embeddable":true,"href":"https:\/\/www.istitutogalanteoliva.it\/magazine\/wp-json\/wp\/v2\/categories?post=7507"},{"taxonomy":"post_tag","embeddable":true,"href":"https:\/\/www.istitutogalanteoliva.it\/magazine\/wp-json\/wp\/v2\/tags?post=7507"}],"curies":[{"name":"wp","href":"https:\/\/api.w.org\/{rel}","templated":true}]}}