{"id":772,"date":"2016-02-08T19:35:07","date_gmt":"2016-02-08T18:35:07","guid":{"rendered":"http:\/\/www.edizionipolis.it\/magazine\/?p=772"},"modified":"2019-08-19T19:39:26","modified_gmt":"2019-08-19T17:39:26","slug":"tutti-scomparsi-i-giovani-alla-ricerca-della-felicita","status":"publish","type":"post","link":"https:\/\/www.istitutogalanteoliva.it\/magazine\/2016\/02\/08\/tutti-scomparsi-i-giovani-alla-ricerca-della-felicita\/","title":{"rendered":"Tutti scomparsi | I giovani alla ricerca della felicita\u0300"},"content":{"rendered":"\n<p>La felicit\u00e0 \u00e8 un argomento politico, se non si ridicolizza come \u00e8 stato fatto in questi\ngiorni. Renzi ne enfatizza la portata, la destra ne esagera la capacit\u00e0, la sinistra esalta al\ncontrario. Questo \u00e8 quello che passa nell\u2019immaginario collettivo.\n<\/p>\n\n\n\n<p>Polis SA Magazine alcuni mesi fa speriment\u00f2 una serie di interviste a personaggi di varia estrazione, per capire cosa pensassero di alcuni temi della politica. Tra le domande ve ne era una in particolare: \u201cLa felicit\u00e0 \u00e8 un argomento politico?\u201d. All\u2019inizio pot\u00e9 sembrare una provocazione, ma, piano piano, \u00e8 divenuta la questione che pi\u00f9 di altre ha dovuto esigere una riflessione particolare. E proprio dall\u2019ultima domanda delle dieci che cominciamo un\u2019analisi, volutamente a freddo, delle risposte che i \u201cnostri\u201d ci hanno offerto. <\/p>\n\n\n\n<p>L\u2019argomento \u00e8 veramente rivoluzionario? Se lo accostiamo all\u2019epoca che stiamo vivendo sicuramente s\u00ec, certo per\u00f2 a lungo, forse lunghissimo termine. Prima di tutto facciamolo diventare un argomento serio e concreto. Il problema \u00e8 come arrivarci, e una delle soluzioni suggerite \u00e8 che ci possa essere una generazione, in questo Paese, che vorr\u00e0 fare un sofferto e disinteressato regalo alle generazioni successive, cos\u00ec come gi\u00e0 fatto con la Costituzione. Solo cos\u00ec possiamo dare inizio a un progetto politico lungimirante per davvero. <\/p>\n\n\n\n<p>Tanto \u00e8 difficile darne una definizione che nelle interviste della nostra rubrica \u201cPensieri Contemporanei\u201d, alla domanda sopra citata, ognuno dei \u201cnostri\u201d ha risposto in maniera diversa. Erri De Luca sostiene che la felicit\u00e0 sia un diritto e quindi essa o esiste o manca. Alfonso Conte afferma che semplicemente la felicit\u00e0 dei governati dovrebbe essere l\u2019obiettivo principale di chi governa. Enzo Russopensa che sia davvero impegnativo e che quindi la felicit\u00e0 vada costruita giorno dopo giorno, ognuno nel proprio ruolo. Dacia Maraini addirittura non crede molto nella felicit\u00e0 e ci si accorge solo dopo di esserlo stato. Dallo Stato ci si aspetta un buon governo, trasparente, onesto, efficiente e fatto da persone generose che sappiano dare esempi di civilt\u00e0 e di dedizione. Marcello Masi ritiene che sia necessario che la felicit\u00e0 sia materia di riflessione politica continua. Mauro Maccauro risponde che una comunit\u00e0 felice si misura migliorandone le condizioni di vita, tanto \u00e8 vero che il sultano del Bhutan si preoccupa di misurare il Fil, la felicit\u00e0 interna lorda. Forse sarebbe meglio guardare a un sultanato? Per Mario Avagliano dovrebbe essere riconosciuto costituzionalmente, un principio da riconoscere a tutti i cittadini, nel lavoro, nella scuola, nella vita sociale. Denis Nesci scrive che se vogliamo fare una forzatura, allora possiamo dire che la Buona politica pu\u00f2 aiutare la gente a essere felice. Conclude Pino Foscari scrivendo che cos\u00ec come per gli Illuministi e per gli Americani di fine Settecento, la ricerca della felicit\u00e0 debba rappresentare un corretto principio da perseguire, come possibilit\u00e0 di espandere il benessere a tutti. Tutto abbinato a coraggiose scelte politiche. <\/p>\n\n\n\n<p>Davvero complicato trarne quindi un univoco percorso tanto quanto invece si intraveda una speranza che s\u00ec, vi \u00e8 la possibilit\u00e0 di farci un ragionamento, non vedo infatti\nnelle risposte alcuna negazione o chiusura all\u2019ipotesi posta, anzi. Bene, continuiamo a\nragionarci.\n<\/p>\n\n\n\n<p>E se felicit\u00e0, per i nostri giovani, significasse la necessit\u00e0 di trasferirsi e rimanere altrove? Felicit\u00e0 pu\u00f2 significare rendersi conto di non tornare pi\u00f9 indietro? <\/p>\n\n\n\n<p>Se cos\u00ec fosse significa che quei circa centomila giovani (e non solo) emigrati all\u2019estero\nnell\u2019ultimo anno danno per acclarato che nel nostro Paese il raggiungimento della felicit\u00e0\n\u00e8 semplicemente un\u2019utopia. Nessuno ne parla davvero eppure la questione meriterebbe\ngrande attenzione non fosse altro perch\u00e9 sono comunque risorse che l\u2019Italia investe per\nla formazione di questo target di popolazione \u201cfuggente\u201d.\n<\/p>\n\n\n\n<p>Le ragioni spesso non bisogna nemmeno considerarle complesse, tanto per dare a noi stessi l\u2019alibi dell\u2019incontrovertibilit\u00e0 della faccenda. A volte le ragioni sono pi\u00f9 che banali. L\u2019Italia \u00e8 composta, nonostante tutto, di centri piccoli o medi dove capacit\u00e0, intelligenze, meriti, profusione di energie sono per paradosso ancor meno riconosciuti che non nelle grandi citt\u00e0: dal politico di bottega, dal prete che vuole il monopolio delle anime e non solo di quelle, dal direttore del giornaletto locale che ti vuole in esclusiva pena la non patente di pubblicista, dal datore di lavoro che ti sottopaga, ma tante sono le figure che potrei citare. Insomma, il clientelismo governa imperante e il \u201cfamilismo\u201d non lo \u00e8 da meno. Considerato in via di estinzione il posto fisso, rimane la \u201cpiena occupazione precaria\u201d, non pi\u00f9 sostenibile per le non condizioni di \u201csupporto\u201d che nelle altre parti dell\u2019Europa (e in altre parti del mondo) sono date per acclarate. \u00c8, questo fenomeno, il segnale pi\u00f9 chiaro e pi\u00f9 concreto della vera situazione economica e sociale del nostro Paese. Sfiducia verso un Paese che sai non pu\u00f2 darti nulla ma per paradosso ti spinge a scappare dandoti la speranza per realizzarti, alla ricerca della felicit\u00e0 perduta, o forse semplicemente per liberarsi. Come dire che le percezioni viaggiano su binari paralleli alla realt\u00e0. L\u2019obiettivo oggi, in futuro, non pu\u00f2 essere altro che mettere quella che prima chiamavo \u201cpopolazione fuggente\u201d in condizione di non subire pi\u00f9, a considerarsi liberi di scegliere. <\/p>\n\n\n\n<p>Se ci rifletto un po\u2019 su, mi accorgo che \u00e8 da tanto che si parla di generazione bruciata. Talmente da tanto che comincio a capire che quelle bruciate sono pi\u00f9 di una. Pu\u00f2 essere che i \u201cfuggenti\u201d lo abbiano capito gi\u00e0 da un pezzo? Pu\u00f2 essere che come un altro illustre fuggente \u201cla vera vita \u00e8 dove la felicit\u00e0 \u00e8 un insieme di piccoli fatti insignificanti?\u201d. <\/p>\n\n\n\n<p style=\"text-align:right\"><em>Mimmo Oliva\n<\/em><\/p>\n<div class=\"pdfprnt-buttons pdfprnt-buttons-post pdfprnt-bottom-left\"><a href=\"https:\/\/www.istitutogalanteoliva.it\/magazine\/wp-json\/wp\/v2\/posts\/772?print=print\" class=\"pdfprnt-button pdfprnt-button-print\" target=\"_blank\"><img decoding=\"async\" src=\"https:\/\/www.istitutogalanteoliva.it\/magazine\/wp-content\/plugins\/pdf-print\/images\/print.png\" alt=\"image_print\" title=\"Stampa contenuto\" \/><span class=\"pdfprnt-button-title pdfprnt-button-print-title\">Download in PDF<\/span><\/a><\/div>","protected":false},"excerpt":{"rendered":"<p>La felicit\u00e0 \u00e8 un argomento politico, se non si ridicolizza come \u00e8 stato fatto in<\/p>\n","protected":false},"author":1,"featured_media":773,"comment_status":"open","ping_status":"open","sticky":false,"template":"","format":"standard","meta":{"footnotes":""},"categories":[5,20],"tags":[],"class_list":["post-772","post","type-post","status-publish","format-standard","has-post-thumbnail","hentry","category-5","category-tutti_scomparsi"],"yoast_head":"<!-- This site is optimized with the Yoast SEO plugin v24.2 - https:\/\/yoast.com\/wordpress\/plugins\/seo\/ -->\n<title>Tutti scomparsi | I giovani alla ricerca della felicita\u0300 - Polis SA Magazine<\/title>\n<meta name=\"robots\" content=\"index, follow, max-snippet:-1, max-image-preview:large, max-video-preview:-1\" \/>\n<link rel=\"canonical\" href=\"https:\/\/www.istitutogalanteoliva.it\/magazine\/2016\/02\/08\/tutti-scomparsi-i-giovani-alla-ricerca-della-felicita\/\" \/>\n<meta property=\"og:locale\" content=\"it_IT\" \/>\n<meta property=\"og:type\" content=\"article\" \/>\n<meta property=\"og:title\" content=\"Tutti scomparsi | I giovani alla ricerca della felicita\u0300 - Polis SA Magazine\" \/>\n<meta property=\"og:description\" content=\"La felicit\u00e0 \u00e8 un argomento politico, se non si ridicolizza come \u00e8 stato fatto in\" \/>\n<meta property=\"og:url\" content=\"https:\/\/www.istitutogalanteoliva.it\/magazine\/2016\/02\/08\/tutti-scomparsi-i-giovani-alla-ricerca-della-felicita\/\" \/>\n<meta property=\"og:site_name\" content=\"Polis SA Magazine\" \/>\n<meta property=\"article:publisher\" content=\"https:\/\/www.facebook.com\/PolisSAMagazine\/\" \/>\n<meta property=\"article:published_time\" content=\"2016-02-08T18:35:07+00:00\" \/>\n<meta property=\"article:modified_time\" content=\"2019-08-19T17:39:26+00:00\" \/>\n<meta property=\"og:image\" content=\"https:\/\/www.istitutogalanteoliva.it\/magazine\/wp-content\/uploads\/2019\/08\/people-821624_640.jpg\" \/>\n\t<meta property=\"og:image:width\" content=\"640\" \/>\n\t<meta property=\"og:image:height\" content=\"426\" \/>\n\t<meta property=\"og:image:type\" content=\"image\/jpeg\" \/>\n<meta name=\"author\" content=\"admin\" \/>\n<meta name=\"twitter:card\" content=\"summary_large_image\" \/>\n<meta name=\"twitter:creator\" content=\"@MagazinePolis\" \/>\n<meta name=\"twitter:site\" content=\"@MagazinePolis\" \/>\n<meta name=\"twitter:label1\" content=\"Scritto da\" \/>\n\t<meta name=\"twitter:data1\" content=\"admin\" \/>\n\t<meta name=\"twitter:label2\" content=\"Tempo di lettura stimato\" \/>\n\t<meta name=\"twitter:data2\" content=\"4 minuti\" \/>\n<script type=\"application\/ld+json\" class=\"yoast-schema-graph\">{\"@context\":\"https:\/\/schema.org\",\"@graph\":[{\"@type\":\"Article\",\"@id\":\"https:\/\/www.istitutogalanteoliva.it\/magazine\/2016\/02\/08\/tutti-scomparsi-i-giovani-alla-ricerca-della-felicita\/#article\",\"isPartOf\":{\"@id\":\"https:\/\/www.istitutogalanteoliva.it\/magazine\/2016\/02\/08\/tutti-scomparsi-i-giovani-alla-ricerca-della-felicita\/\"},\"author\":{\"name\":\"admin\",\"@id\":\"https:\/\/www.istitutogalanteoliva.it\/magazine\/#\/schema\/person\/72e8141246542ebcf905456f5dbd4c49\"},\"headline\":\"Tutti scomparsi | I giovani alla ricerca della felicita\u0300\",\"datePublished\":\"2016-02-08T18:35:07+00:00\",\"dateModified\":\"2019-08-19T17:39:26+00:00\",\"mainEntityOfPage\":{\"@id\":\"https:\/\/www.istitutogalanteoliva.it\/magazine\/2016\/02\/08\/tutti-scomparsi-i-giovani-alla-ricerca-della-felicita\/\"},\"wordCount\":904,\"commentCount\":0,\"publisher\":{\"@id\":\"https:\/\/www.istitutogalanteoliva.it\/magazine\/#organization\"},\"image\":{\"@id\":\"https:\/\/www.istitutogalanteoliva.it\/magazine\/2016\/02\/08\/tutti-scomparsi-i-giovani-alla-ricerca-della-felicita\/#primaryimage\"},\"thumbnailUrl\":\"https:\/\/www.istitutogalanteoliva.it\/magazine\/wp-content\/uploads\/2019\/08\/people-821624_640.jpg\",\"articleSection\":[\"2016\",\"Tutti Scomparsi\"],\"inLanguage\":\"it-IT\",\"potentialAction\":[{\"@type\":\"CommentAction\",\"name\":\"Comment\",\"target\":[\"https:\/\/www.istitutogalanteoliva.it\/magazine\/2016\/02\/08\/tutti-scomparsi-i-giovani-alla-ricerca-della-felicita\/#respond\"]}]},{\"@type\":\"WebPage\",\"@id\":\"https:\/\/www.istitutogalanteoliva.it\/magazine\/2016\/02\/08\/tutti-scomparsi-i-giovani-alla-ricerca-della-felicita\/\",\"url\":\"https:\/\/www.istitutogalanteoliva.it\/magazine\/2016\/02\/08\/tutti-scomparsi-i-giovani-alla-ricerca-della-felicita\/\",\"name\":\"Tutti scomparsi | I giovani alla ricerca della felicita\u0300 - Polis SA Magazine\",\"isPartOf\":{\"@id\":\"https:\/\/www.istitutogalanteoliva.it\/magazine\/#website\"},\"primaryImageOfPage\":{\"@id\":\"https:\/\/www.istitutogalanteoliva.it\/magazine\/2016\/02\/08\/tutti-scomparsi-i-giovani-alla-ricerca-della-felicita\/#primaryimage\"},\"image\":{\"@id\":\"https:\/\/www.istitutogalanteoliva.it\/magazine\/2016\/02\/08\/tutti-scomparsi-i-giovani-alla-ricerca-della-felicita\/#primaryimage\"},\"thumbnailUrl\":\"https:\/\/www.istitutogalanteoliva.it\/magazine\/wp-content\/uploads\/2019\/08\/people-821624_640.jpg\",\"datePublished\":\"2016-02-08T18:35:07+00:00\",\"dateModified\":\"2019-08-19T17:39:26+00:00\",\"breadcrumb\":{\"@id\":\"https:\/\/www.istitutogalanteoliva.it\/magazine\/2016\/02\/08\/tutti-scomparsi-i-giovani-alla-ricerca-della-felicita\/#breadcrumb\"},\"inLanguage\":\"it-IT\",\"potentialAction\":[{\"@type\":\"ReadAction\",\"target\":[\"https:\/\/www.istitutogalanteoliva.it\/magazine\/2016\/02\/08\/tutti-scomparsi-i-giovani-alla-ricerca-della-felicita\/\"]}]},{\"@type\":\"ImageObject\",\"inLanguage\":\"it-IT\",\"@id\":\"https:\/\/www.istitutogalanteoliva.it\/magazine\/2016\/02\/08\/tutti-scomparsi-i-giovani-alla-ricerca-della-felicita\/#primaryimage\",\"url\":\"https:\/\/www.istitutogalanteoliva.it\/magazine\/wp-content\/uploads\/2019\/08\/people-821624_640.jpg\",\"contentUrl\":\"https:\/\/www.istitutogalanteoliva.it\/magazine\/wp-content\/uploads\/2019\/08\/people-821624_640.jpg\",\"width\":640,\"height\":426},{\"@type\":\"BreadcrumbList\",\"@id\":\"https:\/\/www.istitutogalanteoliva.it\/magazine\/2016\/02\/08\/tutti-scomparsi-i-giovani-alla-ricerca-della-felicita\/#breadcrumb\",\"itemListElement\":[{\"@type\":\"ListItem\",\"position\":1,\"name\":\"Home\",\"item\":\"https:\/\/www.istitutogalanteoliva.it\/magazine\/\"},{\"@type\":\"ListItem\",\"position\":2,\"name\":\"Tutti scomparsi | I giovani alla ricerca della felicita\u0300\"}]},{\"@type\":\"WebSite\",\"@id\":\"https:\/\/www.istitutogalanteoliva.it\/magazine\/#website\",\"url\":\"https:\/\/www.istitutogalanteoliva.it\/magazine\/\",\"name\":\"POLIS SA MAGAZINE\",\"description\":\"Informazione e approfondimenti\",\"publisher\":{\"@id\":\"https:\/\/www.istitutogalanteoliva.it\/magazine\/#organization\"},\"potentialAction\":[{\"@type\":\"SearchAction\",\"target\":{\"@type\":\"EntryPoint\",\"urlTemplate\":\"https:\/\/www.istitutogalanteoliva.it\/magazine\/?s={search_term_string}\"},\"query-input\":{\"@type\":\"PropertyValueSpecification\",\"valueRequired\":true,\"valueName\":\"search_term_string\"}}],\"inLanguage\":\"it-IT\"},{\"@type\":\"Organization\",\"@id\":\"https:\/\/www.istitutogalanteoliva.it\/magazine\/#organization\",\"name\":\"Polis SA Magazine\",\"url\":\"https:\/\/www.istitutogalanteoliva.it\/magazine\/\",\"logo\":{\"@type\":\"ImageObject\",\"inLanguage\":\"it-IT\",\"@id\":\"https:\/\/www.istitutogalanteoliva.it\/magazine\/#\/schema\/logo\/image\/\",\"url\":\"\",\"contentUrl\":\"\",\"caption\":\"Polis SA Magazine\"},\"image\":{\"@id\":\"https:\/\/www.istitutogalanteoliva.it\/magazine\/#\/schema\/logo\/image\/\"},\"sameAs\":[\"https:\/\/www.facebook.com\/PolisSAMagazine\/\",\"https:\/\/x.com\/MagazinePolis\",\"https:\/\/www.youtube.com\/channel\/UCv0Mr5AHKUmsc0sEEXkJrgw\"]},{\"@type\":\"Person\",\"@id\":\"https:\/\/www.istitutogalanteoliva.it\/magazine\/#\/schema\/person\/72e8141246542ebcf905456f5dbd4c49\",\"name\":\"admin\",\"image\":{\"@type\":\"ImageObject\",\"inLanguage\":\"it-IT\",\"@id\":\"https:\/\/www.istitutogalanteoliva.it\/magazine\/#\/schema\/person\/image\/\",\"url\":\"https:\/\/secure.gravatar.com\/avatar\/07059cc99eeb1edd29e138d1812e69ec?s=96&d=mm&r=g\",\"contentUrl\":\"https:\/\/secure.gravatar.com\/avatar\/07059cc99eeb1edd29e138d1812e69ec?s=96&d=mm&r=g\",\"caption\":\"admin\"},\"url\":\"https:\/\/www.istitutogalanteoliva.it\/magazine\/author\/admin\/\"}]}<\/script>\n<!-- \/ Yoast SEO plugin. -->","yoast_head_json":{"title":"Tutti scomparsi | I giovani alla ricerca della felicita\u0300 - Polis SA Magazine","robots":{"index":"index","follow":"follow","max-snippet":"max-snippet:-1","max-image-preview":"max-image-preview:large","max-video-preview":"max-video-preview:-1"},"canonical":"https:\/\/www.istitutogalanteoliva.it\/magazine\/2016\/02\/08\/tutti-scomparsi-i-giovani-alla-ricerca-della-felicita\/","og_locale":"it_IT","og_type":"article","og_title":"Tutti scomparsi | I giovani alla ricerca della felicita\u0300 - Polis SA Magazine","og_description":"La felicit\u00e0 \u00e8 un argomento politico, se non si ridicolizza come \u00e8 stato fatto in","og_url":"https:\/\/www.istitutogalanteoliva.it\/magazine\/2016\/02\/08\/tutti-scomparsi-i-giovani-alla-ricerca-della-felicita\/","og_site_name":"Polis SA Magazine","article_publisher":"https:\/\/www.facebook.com\/PolisSAMagazine\/","article_published_time":"2016-02-08T18:35:07+00:00","article_modified_time":"2019-08-19T17:39:26+00:00","og_image":[{"width":640,"height":426,"url":"https:\/\/www.istitutogalanteoliva.it\/magazine\/wp-content\/uploads\/2019\/08\/people-821624_640.jpg","type":"image\/jpeg"}],"author":"admin","twitter_card":"summary_large_image","twitter_creator":"@MagazinePolis","twitter_site":"@MagazinePolis","twitter_misc":{"Scritto da":"admin","Tempo di lettura stimato":"4 minuti"},"schema":{"@context":"https:\/\/schema.org","@graph":[{"@type":"Article","@id":"https:\/\/www.istitutogalanteoliva.it\/magazine\/2016\/02\/08\/tutti-scomparsi-i-giovani-alla-ricerca-della-felicita\/#article","isPartOf":{"@id":"https:\/\/www.istitutogalanteoliva.it\/magazine\/2016\/02\/08\/tutti-scomparsi-i-giovani-alla-ricerca-della-felicita\/"},"author":{"name":"admin","@id":"https:\/\/www.istitutogalanteoliva.it\/magazine\/#\/schema\/person\/72e8141246542ebcf905456f5dbd4c49"},"headline":"Tutti scomparsi | I giovani alla ricerca della felicita\u0300","datePublished":"2016-02-08T18:35:07+00:00","dateModified":"2019-08-19T17:39:26+00:00","mainEntityOfPage":{"@id":"https:\/\/www.istitutogalanteoliva.it\/magazine\/2016\/02\/08\/tutti-scomparsi-i-giovani-alla-ricerca-della-felicita\/"},"wordCount":904,"commentCount":0,"publisher":{"@id":"https:\/\/www.istitutogalanteoliva.it\/magazine\/#organization"},"image":{"@id":"https:\/\/www.istitutogalanteoliva.it\/magazine\/2016\/02\/08\/tutti-scomparsi-i-giovani-alla-ricerca-della-felicita\/#primaryimage"},"thumbnailUrl":"https:\/\/www.istitutogalanteoliva.it\/magazine\/wp-content\/uploads\/2019\/08\/people-821624_640.jpg","articleSection":["2016","Tutti Scomparsi"],"inLanguage":"it-IT","potentialAction":[{"@type":"CommentAction","name":"Comment","target":["https:\/\/www.istitutogalanteoliva.it\/magazine\/2016\/02\/08\/tutti-scomparsi-i-giovani-alla-ricerca-della-felicita\/#respond"]}]},{"@type":"WebPage","@id":"https:\/\/www.istitutogalanteoliva.it\/magazine\/2016\/02\/08\/tutti-scomparsi-i-giovani-alla-ricerca-della-felicita\/","url":"https:\/\/www.istitutogalanteoliva.it\/magazine\/2016\/02\/08\/tutti-scomparsi-i-giovani-alla-ricerca-della-felicita\/","name":"Tutti scomparsi | I giovani alla ricerca della felicita\u0300 - Polis SA Magazine","isPartOf":{"@id":"https:\/\/www.istitutogalanteoliva.it\/magazine\/#website"},"primaryImageOfPage":{"@id":"https:\/\/www.istitutogalanteoliva.it\/magazine\/2016\/02\/08\/tutti-scomparsi-i-giovani-alla-ricerca-della-felicita\/#primaryimage"},"image":{"@id":"https:\/\/www.istitutogalanteoliva.it\/magazine\/2016\/02\/08\/tutti-scomparsi-i-giovani-alla-ricerca-della-felicita\/#primaryimage"},"thumbnailUrl":"https:\/\/www.istitutogalanteoliva.it\/magazine\/wp-content\/uploads\/2019\/08\/people-821624_640.jpg","datePublished":"2016-02-08T18:35:07+00:00","dateModified":"2019-08-19T17:39:26+00:00","breadcrumb":{"@id":"https:\/\/www.istitutogalanteoliva.it\/magazine\/2016\/02\/08\/tutti-scomparsi-i-giovani-alla-ricerca-della-felicita\/#breadcrumb"},"inLanguage":"it-IT","potentialAction":[{"@type":"ReadAction","target":["https:\/\/www.istitutogalanteoliva.it\/magazine\/2016\/02\/08\/tutti-scomparsi-i-giovani-alla-ricerca-della-felicita\/"]}]},{"@type":"ImageObject","inLanguage":"it-IT","@id":"https:\/\/www.istitutogalanteoliva.it\/magazine\/2016\/02\/08\/tutti-scomparsi-i-giovani-alla-ricerca-della-felicita\/#primaryimage","url":"https:\/\/www.istitutogalanteoliva.it\/magazine\/wp-content\/uploads\/2019\/08\/people-821624_640.jpg","contentUrl":"https:\/\/www.istitutogalanteoliva.it\/magazine\/wp-content\/uploads\/2019\/08\/people-821624_640.jpg","width":640,"height":426},{"@type":"BreadcrumbList","@id":"https:\/\/www.istitutogalanteoliva.it\/magazine\/2016\/02\/08\/tutti-scomparsi-i-giovani-alla-ricerca-della-felicita\/#breadcrumb","itemListElement":[{"@type":"ListItem","position":1,"name":"Home","item":"https:\/\/www.istitutogalanteoliva.it\/magazine\/"},{"@type":"ListItem","position":2,"name":"Tutti scomparsi | I giovani alla ricerca della felicita\u0300"}]},{"@type":"WebSite","@id":"https:\/\/www.istitutogalanteoliva.it\/magazine\/#website","url":"https:\/\/www.istitutogalanteoliva.it\/magazine\/","name":"POLIS SA MAGAZINE","description":"Informazione e approfondimenti","publisher":{"@id":"https:\/\/www.istitutogalanteoliva.it\/magazine\/#organization"},"potentialAction":[{"@type":"SearchAction","target":{"@type":"EntryPoint","urlTemplate":"https:\/\/www.istitutogalanteoliva.it\/magazine\/?s={search_term_string}"},"query-input":{"@type":"PropertyValueSpecification","valueRequired":true,"valueName":"search_term_string"}}],"inLanguage":"it-IT"},{"@type":"Organization","@id":"https:\/\/www.istitutogalanteoliva.it\/magazine\/#organization","name":"Polis SA Magazine","url":"https:\/\/www.istitutogalanteoliva.it\/magazine\/","logo":{"@type":"ImageObject","inLanguage":"it-IT","@id":"https:\/\/www.istitutogalanteoliva.it\/magazine\/#\/schema\/logo\/image\/","url":"","contentUrl":"","caption":"Polis SA Magazine"},"image":{"@id":"https:\/\/www.istitutogalanteoliva.it\/magazine\/#\/schema\/logo\/image\/"},"sameAs":["https:\/\/www.facebook.com\/PolisSAMagazine\/","https:\/\/x.com\/MagazinePolis","https:\/\/www.youtube.com\/channel\/UCv0Mr5AHKUmsc0sEEXkJrgw"]},{"@type":"Person","@id":"https:\/\/www.istitutogalanteoliva.it\/magazine\/#\/schema\/person\/72e8141246542ebcf905456f5dbd4c49","name":"admin","image":{"@type":"ImageObject","inLanguage":"it-IT","@id":"https:\/\/www.istitutogalanteoliva.it\/magazine\/#\/schema\/person\/image\/","url":"https:\/\/secure.gravatar.com\/avatar\/07059cc99eeb1edd29e138d1812e69ec?s=96&d=mm&r=g","contentUrl":"https:\/\/secure.gravatar.com\/avatar\/07059cc99eeb1edd29e138d1812e69ec?s=96&d=mm&r=g","caption":"admin"},"url":"https:\/\/www.istitutogalanteoliva.it\/magazine\/author\/admin\/"}]}},"_links":{"self":[{"href":"https:\/\/www.istitutogalanteoliva.it\/magazine\/wp-json\/wp\/v2\/posts\/772","targetHints":{"allow":["GET"]}}],"collection":[{"href":"https:\/\/www.istitutogalanteoliva.it\/magazine\/wp-json\/wp\/v2\/posts"}],"about":[{"href":"https:\/\/www.istitutogalanteoliva.it\/magazine\/wp-json\/wp\/v2\/types\/post"}],"author":[{"embeddable":true,"href":"https:\/\/www.istitutogalanteoliva.it\/magazine\/wp-json\/wp\/v2\/users\/1"}],"replies":[{"embeddable":true,"href":"https:\/\/www.istitutogalanteoliva.it\/magazine\/wp-json\/wp\/v2\/comments?post=772"}],"version-history":[{"count":1,"href":"https:\/\/www.istitutogalanteoliva.it\/magazine\/wp-json\/wp\/v2\/posts\/772\/revisions"}],"predecessor-version":[{"id":774,"href":"https:\/\/www.istitutogalanteoliva.it\/magazine\/wp-json\/wp\/v2\/posts\/772\/revisions\/774"}],"wp:featuredmedia":[{"embeddable":true,"href":"https:\/\/www.istitutogalanteoliva.it\/magazine\/wp-json\/wp\/v2\/media\/773"}],"wp:attachment":[{"href":"https:\/\/www.istitutogalanteoliva.it\/magazine\/wp-json\/wp\/v2\/media?parent=772"}],"wp:term":[{"taxonomy":"category","embeddable":true,"href":"https:\/\/www.istitutogalanteoliva.it\/magazine\/wp-json\/wp\/v2\/categories?post=772"},{"taxonomy":"post_tag","embeddable":true,"href":"https:\/\/www.istitutogalanteoliva.it\/magazine\/wp-json\/wp\/v2\/tags?post=772"}],"curies":[{"name":"wp","href":"https:\/\/api.w.org\/{rel}","templated":true}]}}