{"id":7727,"date":"2021-05-05T09:29:03","date_gmt":"2021-05-05T07:29:03","guid":{"rendered":"https:\/\/www.istitutogalanteoliva.it\/magazine\/?p=7727"},"modified":"2021-05-05T09:35:44","modified_gmt":"2021-05-05T07:35:44","slug":"vaccinazioni-criticita-e-negativita-ma-anche-umanita-e-professionalita-a-s-severino","status":"publish","type":"post","link":"https:\/\/www.istitutogalanteoliva.it\/magazine\/2021\/05\/05\/vaccinazioni-criticita-e-negativita-ma-anche-umanita-e-professionalita-a-s-severino\/","title":{"rendered":"Vaccinazioni. Criticita\u2019 e negativita\u2019 ma anche umanita\u2019 e professionalita\u2019 a S. Severino"},"content":{"rendered":"\n<h4 class=\"wp-block-heading\"><strong><em>Vaccinazioni e disagi, nel contesto della Valle Irno; sebbene siano emerse cortesia, umanit\u00e0, disponibilit\u00e0, professionalit\u00e0, calore e affabilit\u00e0, da parte degli operatori sanitari e dei responsabili preposti all\u2019inoculazione delle dosi, &nbsp;tuttavia molti utenti hanno lamentato disorganizzazione e confusione nella gestione e nell\u2019ambito delle convocazioni.<\/em><\/strong><\/h4>\n\n\n\n<p><strong>Di <em>Anna Maria Noia <\/em><\/strong><\/p>\n\n\n\n<p> I pazienti, in particolare ultraottantenni e fragili; persone a rischio, hanno protestato. Pi\u00f9 che altro \u00e8 esplosa l\u2019incertezza e la delusione&nbsp; dei loro familiari \u201ctecnologizzati\u201d e\/o cybernauti sui dispositivi \u201csocial\u201d. <em>Ne \u00e8 un esempio il gruppo Facebook \u201cSei di S. Severino se\u2026\u201d; &nbsp;tantissimi commenti hanno stigmatizzato le disfunzioni nel sistema di convocazione riguardo gli over 80 e le altre categorie &nbsp;a rischio. Ad esempio gli anziani allettati o non deambulanti non sono ancora ststi convocati;&nbsp; ma anche gli immunodepressi, gli ammalati cronici, i soggetti oncologici, perfino gli allergici.<\/em> <\/p>\n\n\n\n<p>Incertezza e delusione dovute senz\u2019altro a cattive informazioni; a una mancanza di una buona campagna di comunicazione nella Valle dell\u2019Irno &nbsp;e, particolarmente nel Sanseverinese, all\u2019assenza di un vero e proprio call center al quale rivolgersi per richiedere consigli e assistenza. Infatti a S. Severino \u00e8 stato creato \u2013 in tutta fretta \u2013 un centro vaccinale ad hoc, in localit\u00e0 S. Vincenzo. <\/p>\n\n\n\n<p><strong>Presso l\u2019edificio che ospita la palestra delle scuole elementari della frazione succitata \u2013 appunto S. Vincenzo. Subito dopo (in realt\u00e0, dopo alcune settimane) che era stato realizzato quello della vicina cittadina di Baronissi \u2013 collocato nel complesso sportivo. <\/strong>Una struttura presente in via Giustino Fortunato. Il &nbsp;\u201cPalaIrno\u201d baronissino &nbsp;-il Punto vaccinale per la popolazione \u00e8 stato inaugurato sabato 13 marzo, dopo essere stato allestito a tempo di record \u2013 dispone di un numero \u201cdedicato\u201d e di un\u2019apposita mail, a S. Severino la gente \u00e8 \u201cdisorientata\u201d, &nbsp;<em>perch\u00e9 \u00e8 necessario \u2013 purtroppo \u2013 recarsi a S. Vincenzo se si vuol \u201ctentare\u201d di comprendere come vengono effettuate le convocazioni. Non sono stati resi noti contatti telefonici e\/o piattaforme digitali da utilizzare per qualsiasi evenienza. Per i&nbsp; dubbi che possono affiorare tra i pazienti, in questi momenti di emergenza, e\/o solamente per tranquillizzare la popolazione in questa tardiva (a livello nazionale) campagna vaccinale.<\/em> <\/p>\n\n\n\n<p>Non si sa bene a cosa si vuol parare \u2013 sempre parlando a livello nazionale: tra le categorie pi\u00f9 \u201curgenti\u201d avrebbero dovuto essere vaccinati (prima somministrazione e conseguente richiamo) i concittadini anziani ultraottantenni; i portatori di patologie pregresse; gli Italiani a rischio.<\/p>\n\n\n\n<p> Certo, in primis, insegnanti e (forse, anche) i giornalisti. Poi tutti gli altri. Invece gi\u00e0 \u00e8 emersa, in questi ultimissimi giorni, la possibilit\u00e0 di prenotare l\u2019inoculazione da parte degli over 50, senza che vi sia stata una \u201cratio\u201d nell\u2019attribuire le priorit\u00e0. Senza razionalizzazione. Tra scorte di vaccini perennemente in ritardo \u2013 nella distribuzione, tra tira e molla od intoppi burocratici riguardo le case farmaceutiche di livello mondiale \u2013 coi loro interessi e gli ok o gli stop alla circolazione dei preparati vaccinali. In un momento, cos\u00ec delicato, che vede apparire quotidianamente informazioni contraddittorie.<\/p>\n\n\n\n<figure class=\"wp-block-image size-large is-resized\"><img loading=\"lazy\" decoding=\"async\" src=\"https:\/\/www.istitutogalanteoliva.it\/magazine\/wp-content\/uploads\/2021\/05\/Foto-articolo-Anna-Maria-Noia-30-aprile-2021-num-2.jpg\" alt=\"\" class=\"wp-image-7728\" width=\"500\" height=\"282\" srcset=\"https:\/\/www.istitutogalanteoliva.it\/magazine\/wp-content\/uploads\/2021\/05\/Foto-articolo-Anna-Maria-Noia-30-aprile-2021-num-2.jpg 1000w, https:\/\/www.istitutogalanteoliva.it\/magazine\/wp-content\/uploads\/2021\/05\/Foto-articolo-Anna-Maria-Noia-30-aprile-2021-num-2-300x169.jpg 300w, https:\/\/www.istitutogalanteoliva.it\/magazine\/wp-content\/uploads\/2021\/05\/Foto-articolo-Anna-Maria-Noia-30-aprile-2021-num-2-768x432.jpg 768w\" sizes=\"auto, (max-width: 500px) 100vw, 500px\" \/><\/figure>\n\n\n\n<p><em>Torniamo alla realt\u00e0 sanseverinese e delle altre zone in provincia di Salerno. <\/em><strong>Molte persone &nbsp;dichiarano per\u00f2 \u2013 sono loro parole \u2013 che hanno provato diverse volte a contattare l\u2019Asl senza risposta. Segnalano queste loro vere (o presunte) esigenze sui vari canali e network presenti sul web. Tutto ci\u00f2 mentre il Covid continua a diffondersi. Stavolta anche tra i giovani e i teen-ager. Anche a S. Severino. Mentre le vaccinazioni \u2013 sempre nella realt\u00e0 sanseverinese \u2013 avvengono molto a rilento; con cospicuo ritardo.<\/strong><\/p>\n\n\n\n<p><em>Dopo un bollettino&nbsp; abbastanza deludente sull\u2019andamento delle vaccinazioni, per dovere di cronaca, dobbiamo anche citare l\u2019ultimissimo report in merito agli aggiornamenti del Sindaco sulla situazione dei contagi sempre a S. Severino; il primo cittadino emette infatti il suo report sulle variazioni della curva contagi nella cittadina, in genere di sera, su Facebook. Alle ore 21 del 29 aprile, questa \u00e8 la situazione in citt\u00e0: due nuovi contagi (tra concittadine e concittadini diffusi tra capoluogo e frazioni; come Ciorani e Priscoli \u2013 al 29 aprile, ma anche altre frazioni. Ad esempio la gi\u00e0 citata S. Vincenzo; S. Eustacchio; S. Angelo \u2013 eccetera; questo nei giorni immediatamente precedenti il 29 aprile stesso); 168 attuali positivi (160 in isolamento domiciliare e 8 ospedalizzati); ben 891 guariti (dati Asl); 27 deceduti.<\/em> Tra questi, molti ospedalizzati e\/o con altre malattie.<\/p>\n\n\n\n<p>Nel&nbsp; centro vaccini di Baronissi vi sono otto box per le somministrazioni; &nbsp;due sale di osservazione ed attesa ante e post vaccinazione; di spazi accettazione con postazioni informatiche (circa 500 metri quadri coperti, pi\u00f9 il piazzale per parcheggiare), quello di S. Severino appare solo un po\u2019 pi\u00f9 piccolo. Il centro ha ottenuto l\u2019accreditamento da parte della Regione Campania alla fine di marzo 2021. <\/p>\n\n\n\n<p>Soddisfazione delle autorit\u00e0 amministrative della cittadina, soprattutto da parte del primo cittadino Antonio Somma e dell\u2019assessore alla Cultura Enza Cavaliere. Nonostante la criticit\u00e0 inerente la \u201cmancanza\u201d (per cos\u00ec dire) di contatti telefonici, si tratta complessivamente di un buon centro \u2013 pulito e arioso, spazioso. Un\u2019atmosfera protetta e tranquilla, un enorme spazio ricavato presso le primarie della frazione S. Vincenzo. <strong>Buona accoglienza, quindi, almeno complessivamente.<\/strong><\/p>\n\n\n\n<p><em>Come detto, il personale \u00e8 sempre umano e gentile e partecipe. In maggioranza giovane e\/o \u201cgiovanile\u201d. Competente e paziente, davvero. Sempre il 30 marzo, ore 16.30, il vaccino era\u2026 \u201cin viaggio\u201d da Vallo della Lucania (\u00e8 stato detto) da ore; il corriere \u2013 tuttavia \u2013 \u00e8 stato fermato e dunque (si \u00e8 sempre detto) \u00e8 stato portato con un po\u2019 di ritardo. Fisiologicamente. Un po\u2019 di disorganizzazione, un po\u2019 di confusione \u2013 quindi \u2013 ma contestualmente molta buona volont\u00e0 da parte di tutti i responsabili.<\/em> Un plauso particolare ai membri Epi (Presidio di Protezione Civile di S. Severino), che hanno dato tanto e si sono impegnati nell\u2019accogliere l\u2019utenza. Come i medici e gli altri responsabili. Ansia, preoccupazione e interrogativi vari nell\u2019animo della gente hanno poi caratterizzato il pomeriggio di quest\u2019ultimo giorno di marzo.<\/p>\n\n\n\n<p>Intanto \u2013 in questo periodo \u2013 i social hanno purtroppo dovuto registrare il malumore serpeggiante dei Sanseverinesi. Disorientati, quasi\u2026 \u201callo sbaraglio\u201d. Alcuni davvero inviperiti. Il sindaco ha sollecitato l\u2019Asl e gli altri organi di competenza, rispondendo (anche) sul suo profilo Facebook e\/o appunto sui gruppi tipo \u201cSei di S. Severino se\u2026\u201d per rassicurare i pazienti<strong>.<\/strong><\/p>\n\n\n\n<p><strong> Fino a un comunicato stampa, a una nota, emanata proprio su Facebook e proprio dal primo cittadino. In questi ultimissimi momenti. Avente ad oggetto le criticit\u00e0 sulla campagna vaccinale nel comprensorio. Il sindaco ha \u201cpuntato il dito\u201d sulla gestione della suddetta campagna, denunciando \u2013 dopo anche un comunicato ufficiale similare (recentissimo anche questo) a cura dell\u2019Epi (Emergenza pubblica Irno) \u2013 i ritardi e i disagi dei Sanseverinesi. Questo, dopo un mese esatto dall\u2019inaugurazione del punto vaccini a S. Severino. <\/strong>Nel frattempo, ecco attivarsi altri centri vaccinazioni \u2013 a Fisciano e anche a Roccapiemonte, sempre in provincia di Salerno. Ci\u00f2 ha consentito, almeno, di far defluire e deconcentrare l\u2019afflusso dei pazienti &#8211; distribuendoli e smistandoli presso pi\u00f9 strutture.<\/p>\n\n\n\n<figure class=\"wp-block-image size-large is-resized\"><img loading=\"lazy\" decoding=\"async\" src=\"https:\/\/www.istitutogalanteoliva.it\/magazine\/wp-content\/uploads\/2021\/05\/Foto-articolo-Anna-Maria-Noia-30-aprile-2021-num-3.jpg\" alt=\"\" class=\"wp-image-7729\" width=\"508\" height=\"287\" srcset=\"https:\/\/www.istitutogalanteoliva.it\/magazine\/wp-content\/uploads\/2021\/05\/Foto-articolo-Anna-Maria-Noia-30-aprile-2021-num-3.jpg 600w, https:\/\/www.istitutogalanteoliva.it\/magazine\/wp-content\/uploads\/2021\/05\/Foto-articolo-Anna-Maria-Noia-30-aprile-2021-num-3-300x169.jpg 300w\" sizes=\"auto, (max-width: 508px) 100vw, 508px\" \/><\/figure>\n\n\n\n<p><strong><em>Tornando al proclama del Sindaco Antonio Somma, egli ha rimarcato che \u201cl\u2019amministrazione comunale non si \u00e8 sottratta in alcun modo alla doverosa e necessaria cooperazione con le autorit\u00e0 sanitarie \u2013 dichiara il sindaco \u2013 al fine di fornire il pi\u00f9 ampio supporto possibile alla campagna vaccinale\u201d. Nel corpo del testo, Somma ha ribadito che \u201cil Comune ha fatto e continuer\u00e0 a fare la sua parte\u201d. Ma, allo stesso tempo \u2013 scrive Somma: \u201c\u00e8 ora che chi di dovere si assuma le proprie responsabilit\u00e0 e faccia chiarezza su una situazione insostenibile\u201d.<\/em><\/strong><\/p>\n\n\n\n<p><strong><em> <\/em><\/strong>Per il Sindaco, sotto la lente vanno le inadeguate percentuali di inoculazioni raggiunte \u2013 oltre che varie altre negativit\u00e0. <em>Somma stigmatizza che il centro \u00e8 aperto mezza giornata (in genere di pomeriggio) per sei giorni a settimana. Cos\u00ec si effettuano tra le 70 e le 100 inoculazioni giornaliere. Troppo poco per garantire l\u2019immunit\u00e0 all\u2019intera popolazione \u2013 almeno in tempi brevi. Il ritardo, pertanto, \u00e8 per lui imperdonabile. <\/em>Gravi anche i disagi dal punto di vista organizzativo. Il sindaco pone in evidenza il fatto che la Protezione Civile e la Croce Rossa locali \u201cci segnalano numerosi problemi e incongruenze sulle prenotazioni, con disagio e stress<strong><em>\u201d. <\/em><\/strong><\/p>\n\n\n\n<p><strong><em>Il primo cittadino, inoltre, invoca \u201cuno sportello che informi i cittadini sullo stato della propria prenotazione, che consenta di correggere gli errori che possono capitare in fase di compilazione della richiesta\u201d. \u201cE\u2019 una situazione insostenibile \u2013 spiega Somma \u2013 che si protrae nonostante le rassicurazioni del direttore del Distretto e della stessa Asl\u201d. La chiosa riguarda l\u2019invito \u201cal direttore generale e a quello di distretto\u201d ad attivarsi \u201cad horas\u201d, \u201cper dotare il centro vaccinale del personale necessario, affinch\u00e9 lo stesso sia aperto sette giorni su sette, sia di mattina che di pomeriggio\u201d. Invocando ed esortando, poi, l\u2019intervento di medici; personale e di altri responsabili perch\u00e9 i criteri di distribuzione dosi siano \u201ccristallini, noti\u201d; \u201cbasati sul numero di abitanti\u201d. Il Sindaco pretende \u201crisposte immediate e certe ai cittadini\u201d. Affinch\u00e9 siano \u201ctutelati\u201d, con procedure \u201cchiare e basate su criteri di logicit\u00e0 e di buon senso\u201d. Da rispettare. <\/em><\/strong>Questo comunicato, come detto sopra, segue la nota dell\u2019Epi. <strong>Anche il presidio sanseverinese di Protezione Civile \u2013 difatti \u2013 ha constatato \u201cenormi criticit\u00e0 gestionali ed operative\u201d nell\u2019ambito delle responsabilit\u00e0 affidate ai vertici sanitari e\/o a \u201cchi di dovere\u201d. Il documento intero appare sulla pagina Facebook dell\u2019Epi.<\/strong><\/p>\n\n\n\n<p><strong>La chiosa: \u201cChi \u00e8 deputato alla salvaguardia e tutela della citt\u00e0 di S. Severino intervenga e non resti in silenzio\u201d. Da ben venticinque anni, affermano dall\u2019Epi, i volontari sono al fianco dei cittadini. Ragazzi impegnati, a volte (spesso) sacrificati. Attivi anche per gli incendi boschivi, nonch\u00e9 per coordinare eventi religiosi e\/o culturali. Sempre molto umili. Come sono stati umili, ma anche professionali e preparati, i responsabili all\u2019interno del centro vaccinale di S. Severino. Professionali, lo ribadiamo una volta di pi\u00f9.<\/strong><\/p>\n\n\n\n<p><img loading=\"lazy\" decoding=\"async\" width=\"80\" height=\"80\" class=\"wp-image-6058\" style=\"width: 80px;\" src=\"https:\/\/www.istitutogalanteoliva.it\/magazine\/wp-content\/uploads\/2021\/03\/Anna-Maria1.jpg\" alt=\"\" srcset=\"https:\/\/www.istitutogalanteoliva.it\/magazine\/wp-content\/uploads\/2021\/03\/Anna-Maria1.jpg 674w, https:\/\/www.istitutogalanteoliva.it\/magazine\/wp-content\/uploads\/2021\/03\/Anna-Maria1-300x300.jpg 300w, https:\/\/www.istitutogalanteoliva.it\/magazine\/wp-content\/uploads\/2021\/03\/Anna-Maria1-150x150.jpg 150w\" sizes=\"auto, (max-width: 80px) 100vw, 80px\" \/><em><a href=\"https:\/\/www.istitutogalanteoliva.it\/magazine\/?s=Anna+Maria+Noia+\" target=\"_blank\" rel=\"noreferrer noopener\"><strong>Anna Maria Noia<\/strong><\/a><\/em><\/p>\n<div class=\"pdfprnt-buttons pdfprnt-buttons-post pdfprnt-bottom-left\"><a href=\"https:\/\/www.istitutogalanteoliva.it\/magazine\/wp-json\/wp\/v2\/posts\/7727?print=print\" class=\"pdfprnt-button pdfprnt-button-print\" target=\"_blank\"><img decoding=\"async\" src=\"https:\/\/www.istitutogalanteoliva.it\/magazine\/wp-content\/plugins\/pdf-print\/images\/print.png\" alt=\"image_print\" title=\"Stampa contenuto\" \/><span class=\"pdfprnt-button-title pdfprnt-button-print-title\">Download in PDF<\/span><\/a><\/div>","protected":false},"excerpt":{"rendered":"<p> I pazienti, in particolare ultraottantenni e fragili; persone a rischio, hanno protestato<\/p>\n","protected":false},"author":2,"featured_media":7730,"comment_status":"open","ping_status":"open","sticky":true,"template":"","format":"standard","meta":{"footnotes":""},"categories":[148,254,210],"tags":[],"class_list":["post-7727","post","type-post","status-publish","format-standard","has-post-thumbnail","hentry","category-148","category-attualita","category-campania"],"yoast_head":"<!-- This site is optimized with the Yoast SEO plugin v24.2 - https:\/\/yoast.com\/wordpress\/plugins\/seo\/ -->\n<title>Vaccinazioni. Criticita\u2019 e negativita\u2019 ma anche umanita\u2019 e professionalita\u2019 a S. Severino - Polis SA Magazine<\/title>\n<meta name=\"description\" content=\"Vaccinazioni e disagi a S,Severino (SA); I pazienti, in particolare ultraottantenni e fragili; persone a rischio, hanno protestato\" \/>\n<meta name=\"robots\" content=\"index, follow, max-snippet:-1, max-image-preview:large, max-video-preview:-1\" \/>\n<link rel=\"canonical\" href=\"https:\/\/www.istitutogalanteoliva.it\/magazine\/2021\/05\/05\/vaccinazioni-criticita-e-negativita-ma-anche-umanita-e-professionalita-a-s-severino\/\" \/>\n<meta property=\"og:locale\" content=\"it_IT\" \/>\n<meta property=\"og:type\" content=\"article\" \/>\n<meta property=\"og:title\" content=\"Vaccinazioni. Criticita\u2019 e negativita\u2019 ma anche umanita\u2019 e professionalita\u2019 a S. Severino - Polis SA Magazine\" \/>\n<meta property=\"og:description\" content=\"Vaccinazioni e disagi a S,Severino (SA); I pazienti, in particolare ultraottantenni e fragili; persone a rischio, hanno protestato\" \/>\n<meta property=\"og:url\" content=\"https:\/\/www.istitutogalanteoliva.it\/magazine\/2021\/05\/05\/vaccinazioni-criticita-e-negativita-ma-anche-umanita-e-professionalita-a-s-severino\/\" \/>\n<meta property=\"og:site_name\" content=\"Polis SA Magazine\" \/>\n<meta property=\"article:publisher\" content=\"https:\/\/www.facebook.com\/PolisSAMagazine\/\" \/>\n<meta property=\"article:published_time\" content=\"2021-05-05T07:29:03+00:00\" \/>\n<meta property=\"article:modified_time\" content=\"2021-05-05T07:35:44+00:00\" \/>\n<meta property=\"og:image\" content=\"https:\/\/www.istitutogalanteoliva.it\/magazine\/wp-content\/uploads\/2021\/05\/Foto-articolo-Anna-Maria-Noia-30-aprile-2021-num-1.jpg\" \/>\n\t<meta property=\"og:image:width\" content=\"1024\" \/>\n\t<meta property=\"og:image:height\" content=\"498\" \/>\n\t<meta property=\"og:image:type\" content=\"image\/jpeg\" \/>\n<meta name=\"author\" content=\"Antonello Rivano\" \/>\n<meta name=\"twitter:card\" content=\"summary_large_image\" \/>\n<meta name=\"twitter:creator\" content=\"@MagazinePolis\" \/>\n<meta name=\"twitter:site\" content=\"@MagazinePolis\" \/>\n<meta name=\"twitter:label1\" content=\"Scritto da\" \/>\n\t<meta name=\"twitter:data1\" content=\"Antonello Rivano\" \/>\n\t<meta name=\"twitter:label2\" content=\"Tempo di lettura stimato\" \/>\n\t<meta name=\"twitter:data2\" content=\"8 minuti\" \/>\n<script type=\"application\/ld+json\" class=\"yoast-schema-graph\">{\"@context\":\"https:\/\/schema.org\",\"@graph\":[{\"@type\":\"Article\",\"@id\":\"https:\/\/www.istitutogalanteoliva.it\/magazine\/2021\/05\/05\/vaccinazioni-criticita-e-negativita-ma-anche-umanita-e-professionalita-a-s-severino\/#article\",\"isPartOf\":{\"@id\":\"https:\/\/www.istitutogalanteoliva.it\/magazine\/2021\/05\/05\/vaccinazioni-criticita-e-negativita-ma-anche-umanita-e-professionalita-a-s-severino\/\"},\"author\":{\"name\":\"Antonello Rivano\",\"@id\":\"https:\/\/www.istitutogalanteoliva.it\/magazine\/#\/schema\/person\/d8b8aa79cfe8babc1df9da3212a7c0c4\"},\"headline\":\"Vaccinazioni. Criticita\u2019 e negativita\u2019 ma anche umanita\u2019 e professionalita\u2019 a S. Severino\",\"datePublished\":\"2021-05-05T07:29:03+00:00\",\"dateModified\":\"2021-05-05T07:35:44+00:00\",\"mainEntityOfPage\":{\"@id\":\"https:\/\/www.istitutogalanteoliva.it\/magazine\/2021\/05\/05\/vaccinazioni-criticita-e-negativita-ma-anche-umanita-e-professionalita-a-s-severino\/\"},\"wordCount\":1592,\"commentCount\":0,\"publisher\":{\"@id\":\"https:\/\/www.istitutogalanteoliva.it\/magazine\/#organization\"},\"image\":{\"@id\":\"https:\/\/www.istitutogalanteoliva.it\/magazine\/2021\/05\/05\/vaccinazioni-criticita-e-negativita-ma-anche-umanita-e-professionalita-a-s-severino\/#primaryimage\"},\"thumbnailUrl\":\"https:\/\/www.istitutogalanteoliva.it\/magazine\/wp-content\/uploads\/2021\/05\/Foto-articolo-Anna-Maria-Noia-30-aprile-2021-num-1.jpg\",\"articleSection\":[\"2021\",\"Attualit\u00e0\",\"Campania\"],\"inLanguage\":\"it-IT\",\"potentialAction\":[{\"@type\":\"CommentAction\",\"name\":\"Comment\",\"target\":[\"https:\/\/www.istitutogalanteoliva.it\/magazine\/2021\/05\/05\/vaccinazioni-criticita-e-negativita-ma-anche-umanita-e-professionalita-a-s-severino\/#respond\"]}]},{\"@type\":\"WebPage\",\"@id\":\"https:\/\/www.istitutogalanteoliva.it\/magazine\/2021\/05\/05\/vaccinazioni-criticita-e-negativita-ma-anche-umanita-e-professionalita-a-s-severino\/\",\"url\":\"https:\/\/www.istitutogalanteoliva.it\/magazine\/2021\/05\/05\/vaccinazioni-criticita-e-negativita-ma-anche-umanita-e-professionalita-a-s-severino\/\",\"name\":\"Vaccinazioni. Criticita\u2019 e negativita\u2019 ma anche umanita\u2019 e professionalita\u2019 a S. Severino - Polis SA Magazine\",\"isPartOf\":{\"@id\":\"https:\/\/www.istitutogalanteoliva.it\/magazine\/#website\"},\"primaryImageOfPage\":{\"@id\":\"https:\/\/www.istitutogalanteoliva.it\/magazine\/2021\/05\/05\/vaccinazioni-criticita-e-negativita-ma-anche-umanita-e-professionalita-a-s-severino\/#primaryimage\"},\"image\":{\"@id\":\"https:\/\/www.istitutogalanteoliva.it\/magazine\/2021\/05\/05\/vaccinazioni-criticita-e-negativita-ma-anche-umanita-e-professionalita-a-s-severino\/#primaryimage\"},\"thumbnailUrl\":\"https:\/\/www.istitutogalanteoliva.it\/magazine\/wp-content\/uploads\/2021\/05\/Foto-articolo-Anna-Maria-Noia-30-aprile-2021-num-1.jpg\",\"datePublished\":\"2021-05-05T07:29:03+00:00\",\"dateModified\":\"2021-05-05T07:35:44+00:00\",\"description\":\"Vaccinazioni e disagi a S,Severino (SA); I pazienti, in particolare ultraottantenni e fragili; persone a rischio, hanno protestato\",\"breadcrumb\":{\"@id\":\"https:\/\/www.istitutogalanteoliva.it\/magazine\/2021\/05\/05\/vaccinazioni-criticita-e-negativita-ma-anche-umanita-e-professionalita-a-s-severino\/#breadcrumb\"},\"inLanguage\":\"it-IT\",\"potentialAction\":[{\"@type\":\"ReadAction\",\"target\":[\"https:\/\/www.istitutogalanteoliva.it\/magazine\/2021\/05\/05\/vaccinazioni-criticita-e-negativita-ma-anche-umanita-e-professionalita-a-s-severino\/\"]}]},{\"@type\":\"ImageObject\",\"inLanguage\":\"it-IT\",\"@id\":\"https:\/\/www.istitutogalanteoliva.it\/magazine\/2021\/05\/05\/vaccinazioni-criticita-e-negativita-ma-anche-umanita-e-professionalita-a-s-severino\/#primaryimage\",\"url\":\"https:\/\/www.istitutogalanteoliva.it\/magazine\/wp-content\/uploads\/2021\/05\/Foto-articolo-Anna-Maria-Noia-30-aprile-2021-num-1.jpg\",\"contentUrl\":\"https:\/\/www.istitutogalanteoliva.it\/magazine\/wp-content\/uploads\/2021\/05\/Foto-articolo-Anna-Maria-Noia-30-aprile-2021-num-1.jpg\",\"width\":1024,\"height\":498},{\"@type\":\"BreadcrumbList\",\"@id\":\"https:\/\/www.istitutogalanteoliva.it\/magazine\/2021\/05\/05\/vaccinazioni-criticita-e-negativita-ma-anche-umanita-e-professionalita-a-s-severino\/#breadcrumb\",\"itemListElement\":[{\"@type\":\"ListItem\",\"position\":1,\"name\":\"Home\",\"item\":\"https:\/\/www.istitutogalanteoliva.it\/magazine\/\"},{\"@type\":\"ListItem\",\"position\":2,\"name\":\"Vaccinazioni. Criticita\u2019 e negativita\u2019 ma anche umanita\u2019 e professionalita\u2019 a S. Severino\"}]},{\"@type\":\"WebSite\",\"@id\":\"https:\/\/www.istitutogalanteoliva.it\/magazine\/#website\",\"url\":\"https:\/\/www.istitutogalanteoliva.it\/magazine\/\",\"name\":\"POLIS SA MAGAZINE\",\"description\":\"Informazione e approfondimenti\",\"publisher\":{\"@id\":\"https:\/\/www.istitutogalanteoliva.it\/magazine\/#organization\"},\"potentialAction\":[{\"@type\":\"SearchAction\",\"target\":{\"@type\":\"EntryPoint\",\"urlTemplate\":\"https:\/\/www.istitutogalanteoliva.it\/magazine\/?s={search_term_string}\"},\"query-input\":{\"@type\":\"PropertyValueSpecification\",\"valueRequired\":true,\"valueName\":\"search_term_string\"}}],\"inLanguage\":\"it-IT\"},{\"@type\":\"Organization\",\"@id\":\"https:\/\/www.istitutogalanteoliva.it\/magazine\/#organization\",\"name\":\"Polis SA Magazine\",\"url\":\"https:\/\/www.istitutogalanteoliva.it\/magazine\/\",\"logo\":{\"@type\":\"ImageObject\",\"inLanguage\":\"it-IT\",\"@id\":\"https:\/\/www.istitutogalanteoliva.it\/magazine\/#\/schema\/logo\/image\/\",\"url\":\"\",\"contentUrl\":\"\",\"caption\":\"Polis SA Magazine\"},\"image\":{\"@id\":\"https:\/\/www.istitutogalanteoliva.it\/magazine\/#\/schema\/logo\/image\/\"},\"sameAs\":[\"https:\/\/www.facebook.com\/PolisSAMagazine\/\",\"https:\/\/x.com\/MagazinePolis\",\"https:\/\/www.youtube.com\/channel\/UCv0Mr5AHKUmsc0sEEXkJrgw\"]},{\"@type\":\"Person\",\"@id\":\"https:\/\/www.istitutogalanteoliva.it\/magazine\/#\/schema\/person\/d8b8aa79cfe8babc1df9da3212a7c0c4\",\"name\":\"Antonello Rivano\",\"image\":{\"@type\":\"ImageObject\",\"inLanguage\":\"it-IT\",\"@id\":\"https:\/\/www.istitutogalanteoliva.it\/magazine\/#\/schema\/person\/image\/\",\"url\":\"https:\/\/secure.gravatar.com\/avatar\/517a9a6487a7a18ecc4ce6d2e57a8f40?s=96&d=mm&r=g\",\"contentUrl\":\"https:\/\/secure.gravatar.com\/avatar\/517a9a6487a7a18ecc4ce6d2e57a8f40?s=96&d=mm&r=g\",\"caption\":\"Antonello Rivano\"},\"url\":\"https:\/\/www.istitutogalanteoliva.it\/magazine\/author\/antonello\/\"}]}<\/script>\n<!-- \/ Yoast SEO plugin. -->","yoast_head_json":{"title":"Vaccinazioni. Criticita\u2019 e negativita\u2019 ma anche umanita\u2019 e professionalita\u2019 a S. Severino - Polis SA Magazine","description":"Vaccinazioni e disagi a S,Severino (SA); I pazienti, in particolare ultraottantenni e fragili; persone a rischio, hanno protestato","robots":{"index":"index","follow":"follow","max-snippet":"max-snippet:-1","max-image-preview":"max-image-preview:large","max-video-preview":"max-video-preview:-1"},"canonical":"https:\/\/www.istitutogalanteoliva.it\/magazine\/2021\/05\/05\/vaccinazioni-criticita-e-negativita-ma-anche-umanita-e-professionalita-a-s-severino\/","og_locale":"it_IT","og_type":"article","og_title":"Vaccinazioni. Criticita\u2019 e negativita\u2019 ma anche umanita\u2019 e professionalita\u2019 a S. Severino - Polis SA Magazine","og_description":"Vaccinazioni e disagi a S,Severino (SA); I pazienti, in particolare ultraottantenni e fragili; persone a rischio, hanno protestato","og_url":"https:\/\/www.istitutogalanteoliva.it\/magazine\/2021\/05\/05\/vaccinazioni-criticita-e-negativita-ma-anche-umanita-e-professionalita-a-s-severino\/","og_site_name":"Polis SA Magazine","article_publisher":"https:\/\/www.facebook.com\/PolisSAMagazine\/","article_published_time":"2021-05-05T07:29:03+00:00","article_modified_time":"2021-05-05T07:35:44+00:00","og_image":[{"width":1024,"height":498,"url":"https:\/\/www.istitutogalanteoliva.it\/magazine\/wp-content\/uploads\/2021\/05\/Foto-articolo-Anna-Maria-Noia-30-aprile-2021-num-1.jpg","type":"image\/jpeg"}],"author":"Antonello Rivano","twitter_card":"summary_large_image","twitter_creator":"@MagazinePolis","twitter_site":"@MagazinePolis","twitter_misc":{"Scritto da":"Antonello Rivano","Tempo di lettura stimato":"8 minuti"},"schema":{"@context":"https:\/\/schema.org","@graph":[{"@type":"Article","@id":"https:\/\/www.istitutogalanteoliva.it\/magazine\/2021\/05\/05\/vaccinazioni-criticita-e-negativita-ma-anche-umanita-e-professionalita-a-s-severino\/#article","isPartOf":{"@id":"https:\/\/www.istitutogalanteoliva.it\/magazine\/2021\/05\/05\/vaccinazioni-criticita-e-negativita-ma-anche-umanita-e-professionalita-a-s-severino\/"},"author":{"name":"Antonello Rivano","@id":"https:\/\/www.istitutogalanteoliva.it\/magazine\/#\/schema\/person\/d8b8aa79cfe8babc1df9da3212a7c0c4"},"headline":"Vaccinazioni. Criticita\u2019 e negativita\u2019 ma anche umanita\u2019 e professionalita\u2019 a S. Severino","datePublished":"2021-05-05T07:29:03+00:00","dateModified":"2021-05-05T07:35:44+00:00","mainEntityOfPage":{"@id":"https:\/\/www.istitutogalanteoliva.it\/magazine\/2021\/05\/05\/vaccinazioni-criticita-e-negativita-ma-anche-umanita-e-professionalita-a-s-severino\/"},"wordCount":1592,"commentCount":0,"publisher":{"@id":"https:\/\/www.istitutogalanteoliva.it\/magazine\/#organization"},"image":{"@id":"https:\/\/www.istitutogalanteoliva.it\/magazine\/2021\/05\/05\/vaccinazioni-criticita-e-negativita-ma-anche-umanita-e-professionalita-a-s-severino\/#primaryimage"},"thumbnailUrl":"https:\/\/www.istitutogalanteoliva.it\/magazine\/wp-content\/uploads\/2021\/05\/Foto-articolo-Anna-Maria-Noia-30-aprile-2021-num-1.jpg","articleSection":["2021","Attualit\u00e0","Campania"],"inLanguage":"it-IT","potentialAction":[{"@type":"CommentAction","name":"Comment","target":["https:\/\/www.istitutogalanteoliva.it\/magazine\/2021\/05\/05\/vaccinazioni-criticita-e-negativita-ma-anche-umanita-e-professionalita-a-s-severino\/#respond"]}]},{"@type":"WebPage","@id":"https:\/\/www.istitutogalanteoliva.it\/magazine\/2021\/05\/05\/vaccinazioni-criticita-e-negativita-ma-anche-umanita-e-professionalita-a-s-severino\/","url":"https:\/\/www.istitutogalanteoliva.it\/magazine\/2021\/05\/05\/vaccinazioni-criticita-e-negativita-ma-anche-umanita-e-professionalita-a-s-severino\/","name":"Vaccinazioni. Criticita\u2019 e negativita\u2019 ma anche umanita\u2019 e professionalita\u2019 a S. Severino - Polis SA Magazine","isPartOf":{"@id":"https:\/\/www.istitutogalanteoliva.it\/magazine\/#website"},"primaryImageOfPage":{"@id":"https:\/\/www.istitutogalanteoliva.it\/magazine\/2021\/05\/05\/vaccinazioni-criticita-e-negativita-ma-anche-umanita-e-professionalita-a-s-severino\/#primaryimage"},"image":{"@id":"https:\/\/www.istitutogalanteoliva.it\/magazine\/2021\/05\/05\/vaccinazioni-criticita-e-negativita-ma-anche-umanita-e-professionalita-a-s-severino\/#primaryimage"},"thumbnailUrl":"https:\/\/www.istitutogalanteoliva.it\/magazine\/wp-content\/uploads\/2021\/05\/Foto-articolo-Anna-Maria-Noia-30-aprile-2021-num-1.jpg","datePublished":"2021-05-05T07:29:03+00:00","dateModified":"2021-05-05T07:35:44+00:00","description":"Vaccinazioni e disagi a S,Severino (SA); I pazienti, in particolare ultraottantenni e fragili; persone a rischio, hanno protestato","breadcrumb":{"@id":"https:\/\/www.istitutogalanteoliva.it\/magazine\/2021\/05\/05\/vaccinazioni-criticita-e-negativita-ma-anche-umanita-e-professionalita-a-s-severino\/#breadcrumb"},"inLanguage":"it-IT","potentialAction":[{"@type":"ReadAction","target":["https:\/\/www.istitutogalanteoliva.it\/magazine\/2021\/05\/05\/vaccinazioni-criticita-e-negativita-ma-anche-umanita-e-professionalita-a-s-severino\/"]}]},{"@type":"ImageObject","inLanguage":"it-IT","@id":"https:\/\/www.istitutogalanteoliva.it\/magazine\/2021\/05\/05\/vaccinazioni-criticita-e-negativita-ma-anche-umanita-e-professionalita-a-s-severino\/#primaryimage","url":"https:\/\/www.istitutogalanteoliva.it\/magazine\/wp-content\/uploads\/2021\/05\/Foto-articolo-Anna-Maria-Noia-30-aprile-2021-num-1.jpg","contentUrl":"https:\/\/www.istitutogalanteoliva.it\/magazine\/wp-content\/uploads\/2021\/05\/Foto-articolo-Anna-Maria-Noia-30-aprile-2021-num-1.jpg","width":1024,"height":498},{"@type":"BreadcrumbList","@id":"https:\/\/www.istitutogalanteoliva.it\/magazine\/2021\/05\/05\/vaccinazioni-criticita-e-negativita-ma-anche-umanita-e-professionalita-a-s-severino\/#breadcrumb","itemListElement":[{"@type":"ListItem","position":1,"name":"Home","item":"https:\/\/www.istitutogalanteoliva.it\/magazine\/"},{"@type":"ListItem","position":2,"name":"Vaccinazioni. Criticita\u2019 e negativita\u2019 ma anche umanita\u2019 e professionalita\u2019 a S. Severino"}]},{"@type":"WebSite","@id":"https:\/\/www.istitutogalanteoliva.it\/magazine\/#website","url":"https:\/\/www.istitutogalanteoliva.it\/magazine\/","name":"POLIS SA MAGAZINE","description":"Informazione e approfondimenti","publisher":{"@id":"https:\/\/www.istitutogalanteoliva.it\/magazine\/#organization"},"potentialAction":[{"@type":"SearchAction","target":{"@type":"EntryPoint","urlTemplate":"https:\/\/www.istitutogalanteoliva.it\/magazine\/?s={search_term_string}"},"query-input":{"@type":"PropertyValueSpecification","valueRequired":true,"valueName":"search_term_string"}}],"inLanguage":"it-IT"},{"@type":"Organization","@id":"https:\/\/www.istitutogalanteoliva.it\/magazine\/#organization","name":"Polis SA Magazine","url":"https:\/\/www.istitutogalanteoliva.it\/magazine\/","logo":{"@type":"ImageObject","inLanguage":"it-IT","@id":"https:\/\/www.istitutogalanteoliva.it\/magazine\/#\/schema\/logo\/image\/","url":"","contentUrl":"","caption":"Polis SA Magazine"},"image":{"@id":"https:\/\/www.istitutogalanteoliva.it\/magazine\/#\/schema\/logo\/image\/"},"sameAs":["https:\/\/www.facebook.com\/PolisSAMagazine\/","https:\/\/x.com\/MagazinePolis","https:\/\/www.youtube.com\/channel\/UCv0Mr5AHKUmsc0sEEXkJrgw"]},{"@type":"Person","@id":"https:\/\/www.istitutogalanteoliva.it\/magazine\/#\/schema\/person\/d8b8aa79cfe8babc1df9da3212a7c0c4","name":"Antonello Rivano","image":{"@type":"ImageObject","inLanguage":"it-IT","@id":"https:\/\/www.istitutogalanteoliva.it\/magazine\/#\/schema\/person\/image\/","url":"https:\/\/secure.gravatar.com\/avatar\/517a9a6487a7a18ecc4ce6d2e57a8f40?s=96&d=mm&r=g","contentUrl":"https:\/\/secure.gravatar.com\/avatar\/517a9a6487a7a18ecc4ce6d2e57a8f40?s=96&d=mm&r=g","caption":"Antonello Rivano"},"url":"https:\/\/www.istitutogalanteoliva.it\/magazine\/author\/antonello\/"}]}},"_links":{"self":[{"href":"https:\/\/www.istitutogalanteoliva.it\/magazine\/wp-json\/wp\/v2\/posts\/7727","targetHints":{"allow":["GET"]}}],"collection":[{"href":"https:\/\/www.istitutogalanteoliva.it\/magazine\/wp-json\/wp\/v2\/posts"}],"about":[{"href":"https:\/\/www.istitutogalanteoliva.it\/magazine\/wp-json\/wp\/v2\/types\/post"}],"author":[{"embeddable":true,"href":"https:\/\/www.istitutogalanteoliva.it\/magazine\/wp-json\/wp\/v2\/users\/2"}],"replies":[{"embeddable":true,"href":"https:\/\/www.istitutogalanteoliva.it\/magazine\/wp-json\/wp\/v2\/comments?post=7727"}],"version-history":[{"count":2,"href":"https:\/\/www.istitutogalanteoliva.it\/magazine\/wp-json\/wp\/v2\/posts\/7727\/revisions"}],"predecessor-version":[{"id":7732,"href":"https:\/\/www.istitutogalanteoliva.it\/magazine\/wp-json\/wp\/v2\/posts\/7727\/revisions\/7732"}],"wp:featuredmedia":[{"embeddable":true,"href":"https:\/\/www.istitutogalanteoliva.it\/magazine\/wp-json\/wp\/v2\/media\/7730"}],"wp:attachment":[{"href":"https:\/\/www.istitutogalanteoliva.it\/magazine\/wp-json\/wp\/v2\/media?parent=7727"}],"wp:term":[{"taxonomy":"category","embeddable":true,"href":"https:\/\/www.istitutogalanteoliva.it\/magazine\/wp-json\/wp\/v2\/categories?post=7727"},{"taxonomy":"post_tag","embeddable":true,"href":"https:\/\/www.istitutogalanteoliva.it\/magazine\/wp-json\/wp\/v2\/tags?post=7727"}],"curies":[{"name":"wp","href":"https:\/\/api.w.org\/{rel}","templated":true}]}}