{"id":7738,"date":"2021-05-09T12:26:20","date_gmt":"2021-05-09T10:26:20","guid":{"rendered":"https:\/\/www.istitutogalanteoliva.it\/magazine\/?p=7738"},"modified":"2021-05-09T12:26:22","modified_gmt":"2021-05-09T10:26:22","slug":"cronaca-di-una-morte-annunciata-perche-tante-morti-bianche","status":"publish","type":"post","link":"https:\/\/www.istitutogalanteoliva.it\/magazine\/2021\/05\/09\/cronaca-di-una-morte-annunciata-perche-tante-morti-bianche\/","title":{"rendered":"&#8220;Cronaca di una morte annunciata&#8221;: perch\u00e9 tante morti bianche?"},"content":{"rendered":"\n<p><\/p>\n\n\n\n<h4 class=\"wp-block-heading\"><strong>In prossimit\u00e0 del 1\u00b0 maggio Festa dei Lavoratori, e nei giorni a seguire,  continuano le morti sul lavoro, le cosiddette \u201cmorti bianche\u201d. <\/strong><\/h4>\n\n\n\n<p><strong>Di <em>Nicoletta Lamberti<\/em><\/strong><br><\/p>\n\n\n\n<p><strong><u>Marco Oldrati: 52 anni<\/u><\/strong>, muratore, lavoratore della ditta Demco di Seriate, abitava a San Paolo d\u2019Argon, provincia di Bergamo, <strong>morto l\u20198 maggio<\/strong> cadendo da un trabattello in un cantiere a Tradate.<\/p>\n\n\n\n<p><strong><u>Christian Martinelli: 49 anni<\/u><\/strong>, operaio meccanico di Legnano, <strong>morto il 5 maggio<\/strong> mentre stava lavorando a un tornio in un\u2019azienda di Busto Arsizio, in provincia di Varese.<\/p>\n\n\n\n<p><strong><u>Luana D\u2019Orazio: 22 anni<\/u><\/strong>, giovane lavoratrice,madre di un bambino piccolo,<strong> morta il 3 maggio<\/strong>, intrappolata da un macchinario, precisamente un orditoio, in una fabbrica tessile a Montemurlo, nella provincia di Prato.<\/p>\n\n\n\n<p><strong><u>Natalino Albano: 49 anni<\/u><\/strong>,operaio, <strong>morto il 29 aprile<\/strong> nel porto di Taranto. Il lavoratore, addetto al carico di una nave &#8211; per paura di essere investito &#8211; \u00e8 precipitato sulla banchina.<\/p>\n\n\n\n<p><strong><u>Mattia Battistetti: 23 anni<\/u><\/strong>, operaio edile, <strong>morto il 29 aprile,<\/strong> schiacciato da un carico staccatosi da una gru in un cantiere a Montebelluna, in provincia di Treviso.<\/p>\n\n\n\n<p>Nomi e cognomi di persone, vite umane, anime \u2026 o solo numeri?<\/p>\n\n\n\n<div class=\"wp-block-image\"><figure class=\"aligncenter size-large is-resized\"><img loading=\"lazy\" decoding=\"async\" src=\"https:\/\/www.istitutogalanteoliva.it\/magazine\/wp-content\/uploads\/2021\/05\/5929539_1213_mattiainfortunio.jpg\" alt=\"\" class=\"wp-image-7740\" width=\"467\" height=\"255\" srcset=\"https:\/\/www.istitutogalanteoliva.it\/magazine\/wp-content\/uploads\/2021\/05\/5929539_1213_mattiainfortunio.jpg 380w, https:\/\/www.istitutogalanteoliva.it\/magazine\/wp-content\/uploads\/2021\/05\/5929539_1213_mattiainfortunio-300x164.jpg 300w\" sizes=\"auto, (max-width: 467px) 100vw, 467px\" \/><figcaption><sub>&#8211;<strong>Mattia Battistetti: 23 anni<\/strong>&#8211;<\/sub><\/figcaption><\/figure><\/div>\n\n\n\n<p><strong><u>Nel primo trimestre 2021 sono state gi\u00e0 185 le denunce di infortunio mortale, come dichiarato dall\u2019INAIL. Un dato molto pi\u00f9 elevato rispetto al primo trimestre 2020.<\/u><\/strong><strong> <\/strong>Nel 2020 gli infortuni sul lavoro \u201cmortali\u201d sono stati 1.270; in media 3,47 morti al giorno. Un aggravamento dei dati (che si verifica soprattutto in regioni come il Lazio, l\u2019Abruzzo, la Lombardia e la Campania) derivante anche dalle morti sul lavoro causate dalla pandemia da Covid \u2013 19. In generale, gli incidenti mortali avvengono o per caduta dall\u2019alto o per il ribaltamento di un veicolo.<\/p>\n\n\n\n<p><strong><u>In Italia il punto di riferimento sulla Sicurezza sul Lavoro \u00e8 il Testo Unico D.lgs. 9 aprile 2008, n. 81, ex legge 626\/ 94, aggiornato a febbraio 2021.<\/u><\/strong>&nbsp;<\/p>\n\n\n\n<p>Nel nostro Paese \u2013 dove si inizia a parlare di sicurezza sul lavoro gi\u00e0 a partire dal 1886 \u2013 in relazione ai bambini \u2013 con la legge n. 3657 del 1886 &#8211;\u00a0 solamente nel 1994 \u00e8 stato emanato il D.lgs. n. 626\/1994, in notevole ritardo rispetto alle direttive europee, nel quale vengono definiti gli obblighi per il datore di lavoro e i lavoratori, vengono istituite le figure del responsabile del servizio di prevenzione e protezione e degli addetti, del medico competente e dei rappresentanti dei lavoratori per la sicurezza. Con il decreto n. 81\/2008 il modello autorizzativo viene sostituito con un modello organizzativo \u201cauto &#8211; valutativo\u201d.<\/p>\n\n\n\n<figure class=\"wp-block-image size-large is-resized\"><img loading=\"lazy\" decoding=\"async\" src=\"https:\/\/www.istitutogalanteoliva.it\/magazine\/wp-content\/uploads\/2021\/05\/luana_orazio-1.png\" alt=\"\" class=\"wp-image-7739\" width=\"449\" height=\"289\" srcset=\"https:\/\/www.istitutogalanteoliva.it\/magazine\/wp-content\/uploads\/2021\/05\/luana_orazio-1.png 860w, https:\/\/www.istitutogalanteoliva.it\/magazine\/wp-content\/uploads\/2021\/05\/luana_orazio-1-300x193.png 300w, https:\/\/www.istitutogalanteoliva.it\/magazine\/wp-content\/uploads\/2021\/05\/luana_orazio-1-768x494.png 768w\" sizes=\"auto, (max-width: 449px) 100vw, 449px\" \/><figcaption><sub>-Luana D\u2019Orazio: 22 anni-<\/sub><\/figcaption><\/figure>\n\n\n\n<p><strong>I datori di lavoro devono redigere il DVR (Documento Valutazione Rischi)<\/strong> che racchiude le valutazioni, le misure ed i monitoraggi da predisporre nei luoghi di lavoro per tutelare la salute dei lavoratori sia a livello di prevenzione sia a livello di protezione. Gli stessi devono, inoltre, provvedere alla sorveglianza sanitaria e collaborare con RSPP (Responsabile del servizio di prevenzione e protezione) e RLS (Rappresentante dei Lavoratori per la Sicurezza).<\/p>\n\n\n\n<p><strong>Allora perch\u00e9 tutte queste \u201cmorti bianche\u201d in Italia? Probabilmente in Italia manca <\/strong><strong>una strategia nazionale della prevenzione, manca un coordinamento degli interventi e servirebbero pi\u00f9 investimenti sulle nuove tecnologie,<\/strong> sui dispositivi di protezione individuali, sulla formazione e&nbsp;&nbsp;&nbsp;&nbsp;&nbsp;&nbsp;&nbsp;&nbsp;&nbsp;&nbsp;&nbsp;&nbsp;&nbsp;&nbsp;&nbsp; sull\u2019addestramento! Oppure le carenze sulla sicurezza nascono nell\u2019ambito dell\u2019organizzazione del lavoro a causa di modalit\u00e0 di lavoro, tempi di lavoro e formazione non attenti alla tutela della salute e sicurezza del lavoratore?<\/p>\n\n\n\n<p>I fondi del Recovery Fund dovrebbero servire anche a ridurre le morti sul lavoro. Nel Piano Nazionale di Ripresa e Resilienza sono stati previsti incentivi per le norme sulla sicurezza a tutela dei lavoratori e della sicurezza sui luoghi di lavoro, che spesso non sono rispettate n\u00e9 dalle aziende n\u00e9 dai lavoratori. <strong>Nel Piano si \u00e8 prevista l\u2019assunzione di 2000 nuovi ispettori che porteranno ad un 20% di controlli in pi\u00f9 entro il 2024. Inoltre, si prevede di utilizzare le risorse nell\u2019ambito dei processi produttivi adottando misure sulla sicurezza soprattutto attraverso le tecnologie 4.0.<\/strong><\/p>\n\n\n\n<p><\/p>\n\n\n\n<p> <img loading=\"lazy\" decoding=\"async\" width=\"80\" height=\"80\" class=\"wp-image-14987\" style=\"width: 80px;\" src=\"https:\/\/www.istitutogalanteoliva.it\/magazine\/wp-content\/uploads\/2024\/04\/Lamberti.png\" alt=\"\" srcset=\"https:\/\/www.istitutogalanteoliva.it\/magazine\/wp-content\/uploads\/2024\/04\/Lamberti.png 796w, https:\/\/www.istitutogalanteoliva.it\/magazine\/wp-content\/uploads\/2024\/04\/Lamberti-300x300.png 300w, https:\/\/www.istitutogalanteoliva.it\/magazine\/wp-content\/uploads\/2024\/04\/Lamberti-150x150.png 150w, https:\/\/www.istitutogalanteoliva.it\/magazine\/wp-content\/uploads\/2024\/04\/Lamberti-768x769.png 768w\" sizes=\"auto, (max-width: 80px) 100vw, 80px\" \/><a href=\"https:\/\/www.istitutogalanteoliva.it\/magazine\/?s=Nicoletta+Lamberti\"><em>Nicoletta Lamberti<\/em><\/a><br><strong><sub>Vice Coordinatore nazionale Polis SA magazine<\/sub><\/strong> <sub>&#8211;<\/sub> <strong><sub>Coordinatrice Redazioni<\/sub><\/strong><br><\/p>\n<div class=\"pdfprnt-buttons pdfprnt-buttons-post pdfprnt-bottom-left\"><a href=\"https:\/\/www.istitutogalanteoliva.it\/magazine\/wp-json\/wp\/v2\/posts\/7738?print=print\" class=\"pdfprnt-button pdfprnt-button-print\" target=\"_blank\"><img decoding=\"async\" src=\"https:\/\/www.istitutogalanteoliva.it\/magazine\/wp-content\/plugins\/pdf-print\/images\/print.png\" alt=\"image_print\" title=\"Stampa contenuto\" \/><span class=\"pdfprnt-button-title pdfprnt-button-print-title\">Download in PDF<\/span><\/a><\/div>","protected":false},"excerpt":{"rendered":"<p> Continuano le morti sul lavoro, le cosiddette \u201cmorti bianche\u201d<\/p>\n","protected":false},"author":2,"featured_media":7741,"comment_status":"open","ping_status":"open","sticky":true,"template":"","format":"standard","meta":{"footnotes":""},"categories":[148,254],"tags":[272,364,365],"class_list":["post-7738","post","type-post","status-publish","format-standard","has-post-thumbnail","hentry","category-148","category-attualita","tag-lavoro","tag-morti-bianche","tag-sicurezza"],"yoast_head":"<!-- This site is optimized with the Yoast SEO plugin v24.2 - https:\/\/yoast.com\/wordpress\/plugins\/seo\/ -->\n<title>&quot;Cronaca di una morte annunciata&quot;: perch\u00e9 tante morti bianche? - Polis SA Magazine<\/title>\n<meta name=\"robots\" content=\"index, follow, max-snippet:-1, max-image-preview:large, max-video-preview:-1\" \/>\n<link rel=\"canonical\" href=\"https:\/\/www.istitutogalanteoliva.it\/magazine\/2021\/05\/09\/cronaca-di-una-morte-annunciata-perche-tante-morti-bianche\/\" \/>\n<meta property=\"og:locale\" content=\"it_IT\" \/>\n<meta property=\"og:type\" content=\"article\" \/>\n<meta property=\"og:title\" content=\"&quot;Cronaca di una morte annunciata&quot;: perch\u00e9 tante morti bianche? - Polis SA Magazine\" \/>\n<meta property=\"og:description\" content=\"Continuano le morti sul lavoro, le cosiddette \u201cmorti bianche\u201d\" \/>\n<meta property=\"og:url\" content=\"https:\/\/www.istitutogalanteoliva.it\/magazine\/2021\/05\/09\/cronaca-di-una-morte-annunciata-perche-tante-morti-bianche\/\" \/>\n<meta property=\"og:site_name\" content=\"Polis SA Magazine\" \/>\n<meta property=\"article:publisher\" content=\"https:\/\/www.facebook.com\/PolisSAMagazine\/\" \/>\n<meta property=\"article:published_time\" content=\"2021-05-09T10:26:20+00:00\" \/>\n<meta property=\"article:modified_time\" content=\"2021-05-09T10:26:22+00:00\" \/>\n<meta property=\"og:image\" content=\"https:\/\/www.istitutogalanteoliva.it\/magazine\/wp-content\/uploads\/2021\/05\/1525183379143.jpeg-salute_e_sicurezza_sul_lavoro__anmil___l_attenzione_resti_alta_.jpeg\" \/>\n\t<meta property=\"og:image:width\" content=\"630\" \/>\n\t<meta property=\"og:image:height\" content=\"400\" \/>\n\t<meta property=\"og:image:type\" content=\"image\/jpeg\" \/>\n<meta name=\"author\" content=\"Antonello Rivano\" \/>\n<meta name=\"twitter:card\" content=\"summary_large_image\" \/>\n<meta name=\"twitter:creator\" content=\"@MagazinePolis\" \/>\n<meta name=\"twitter:site\" content=\"@MagazinePolis\" \/>\n<meta name=\"twitter:label1\" content=\"Scritto da\" \/>\n\t<meta name=\"twitter:data1\" content=\"Antonello Rivano\" \/>\n\t<meta name=\"twitter:label2\" content=\"Tempo di lettura stimato\" \/>\n\t<meta name=\"twitter:data2\" content=\"3 minuti\" \/>\n<script type=\"application\/ld+json\" class=\"yoast-schema-graph\">{\"@context\":\"https:\/\/schema.org\",\"@graph\":[{\"@type\":\"Article\",\"@id\":\"https:\/\/www.istitutogalanteoliva.it\/magazine\/2021\/05\/09\/cronaca-di-una-morte-annunciata-perche-tante-morti-bianche\/#article\",\"isPartOf\":{\"@id\":\"https:\/\/www.istitutogalanteoliva.it\/magazine\/2021\/05\/09\/cronaca-di-una-morte-annunciata-perche-tante-morti-bianche\/\"},\"author\":{\"name\":\"Antonello Rivano\",\"@id\":\"https:\/\/www.istitutogalanteoliva.it\/magazine\/#\/schema\/person\/d8b8aa79cfe8babc1df9da3212a7c0c4\"},\"headline\":\"&#8220;Cronaca di una morte annunciata&#8221;: perch\u00e9 tante morti bianche?\",\"datePublished\":\"2021-05-09T10:26:20+00:00\",\"dateModified\":\"2021-05-09T10:26:22+00:00\",\"mainEntityOfPage\":{\"@id\":\"https:\/\/www.istitutogalanteoliva.it\/magazine\/2021\/05\/09\/cronaca-di-una-morte-annunciata-perche-tante-morti-bianche\/\"},\"wordCount\":646,\"commentCount\":1,\"publisher\":{\"@id\":\"https:\/\/www.istitutogalanteoliva.it\/magazine\/#organization\"},\"image\":{\"@id\":\"https:\/\/www.istitutogalanteoliva.it\/magazine\/2021\/05\/09\/cronaca-di-una-morte-annunciata-perche-tante-morti-bianche\/#primaryimage\"},\"thumbnailUrl\":\"https:\/\/www.istitutogalanteoliva.it\/magazine\/wp-content\/uploads\/2021\/05\/1525183379143.jpeg-salute_e_sicurezza_sul_lavoro__anmil___l_attenzione_resti_alta_.jpeg\",\"keywords\":[\"lavoro\",\"morti bianche\",\"sicurezza\"],\"articleSection\":[\"2021\",\"Attualit\u00e0\"],\"inLanguage\":\"it-IT\",\"potentialAction\":[{\"@type\":\"CommentAction\",\"name\":\"Comment\",\"target\":[\"https:\/\/www.istitutogalanteoliva.it\/magazine\/2021\/05\/09\/cronaca-di-una-morte-annunciata-perche-tante-morti-bianche\/#respond\"]}]},{\"@type\":\"WebPage\",\"@id\":\"https:\/\/www.istitutogalanteoliva.it\/magazine\/2021\/05\/09\/cronaca-di-una-morte-annunciata-perche-tante-morti-bianche\/\",\"url\":\"https:\/\/www.istitutogalanteoliva.it\/magazine\/2021\/05\/09\/cronaca-di-una-morte-annunciata-perche-tante-morti-bianche\/\",\"name\":\"\\\"Cronaca di una morte annunciata\\\": perch\u00e9 tante morti bianche? - Polis SA Magazine\",\"isPartOf\":{\"@id\":\"https:\/\/www.istitutogalanteoliva.it\/magazine\/#website\"},\"primaryImageOfPage\":{\"@id\":\"https:\/\/www.istitutogalanteoliva.it\/magazine\/2021\/05\/09\/cronaca-di-una-morte-annunciata-perche-tante-morti-bianche\/#primaryimage\"},\"image\":{\"@id\":\"https:\/\/www.istitutogalanteoliva.it\/magazine\/2021\/05\/09\/cronaca-di-una-morte-annunciata-perche-tante-morti-bianche\/#primaryimage\"},\"thumbnailUrl\":\"https:\/\/www.istitutogalanteoliva.it\/magazine\/wp-content\/uploads\/2021\/05\/1525183379143.jpeg-salute_e_sicurezza_sul_lavoro__anmil___l_attenzione_resti_alta_.jpeg\",\"datePublished\":\"2021-05-09T10:26:20+00:00\",\"dateModified\":\"2021-05-09T10:26:22+00:00\",\"breadcrumb\":{\"@id\":\"https:\/\/www.istitutogalanteoliva.it\/magazine\/2021\/05\/09\/cronaca-di-una-morte-annunciata-perche-tante-morti-bianche\/#breadcrumb\"},\"inLanguage\":\"it-IT\",\"potentialAction\":[{\"@type\":\"ReadAction\",\"target\":[\"https:\/\/www.istitutogalanteoliva.it\/magazine\/2021\/05\/09\/cronaca-di-una-morte-annunciata-perche-tante-morti-bianche\/\"]}]},{\"@type\":\"ImageObject\",\"inLanguage\":\"it-IT\",\"@id\":\"https:\/\/www.istitutogalanteoliva.it\/magazine\/2021\/05\/09\/cronaca-di-una-morte-annunciata-perche-tante-morti-bianche\/#primaryimage\",\"url\":\"https:\/\/www.istitutogalanteoliva.it\/magazine\/wp-content\/uploads\/2021\/05\/1525183379143.jpeg-salute_e_sicurezza_sul_lavoro__anmil___l_attenzione_resti_alta_.jpeg\",\"contentUrl\":\"https:\/\/www.istitutogalanteoliva.it\/magazine\/wp-content\/uploads\/2021\/05\/1525183379143.jpeg-salute_e_sicurezza_sul_lavoro__anmil___l_attenzione_resti_alta_.jpeg\",\"width\":630,\"height\":400},{\"@type\":\"BreadcrumbList\",\"@id\":\"https:\/\/www.istitutogalanteoliva.it\/magazine\/2021\/05\/09\/cronaca-di-una-morte-annunciata-perche-tante-morti-bianche\/#breadcrumb\",\"itemListElement\":[{\"@type\":\"ListItem\",\"position\":1,\"name\":\"Home\",\"item\":\"https:\/\/www.istitutogalanteoliva.it\/magazine\/\"},{\"@type\":\"ListItem\",\"position\":2,\"name\":\"&#8220;Cronaca di una morte annunciata&#8221;: perch\u00e9 tante morti bianche?\"}]},{\"@type\":\"WebSite\",\"@id\":\"https:\/\/www.istitutogalanteoliva.it\/magazine\/#website\",\"url\":\"https:\/\/www.istitutogalanteoliva.it\/magazine\/\",\"name\":\"POLIS SA MAGAZINE\",\"description\":\"Informazione e approfondimenti\",\"publisher\":{\"@id\":\"https:\/\/www.istitutogalanteoliva.it\/magazine\/#organization\"},\"potentialAction\":[{\"@type\":\"SearchAction\",\"target\":{\"@type\":\"EntryPoint\",\"urlTemplate\":\"https:\/\/www.istitutogalanteoliva.it\/magazine\/?s={search_term_string}\"},\"query-input\":{\"@type\":\"PropertyValueSpecification\",\"valueRequired\":true,\"valueName\":\"search_term_string\"}}],\"inLanguage\":\"it-IT\"},{\"@type\":\"Organization\",\"@id\":\"https:\/\/www.istitutogalanteoliva.it\/magazine\/#organization\",\"name\":\"Polis SA Magazine\",\"url\":\"https:\/\/www.istitutogalanteoliva.it\/magazine\/\",\"logo\":{\"@type\":\"ImageObject\",\"inLanguage\":\"it-IT\",\"@id\":\"https:\/\/www.istitutogalanteoliva.it\/magazine\/#\/schema\/logo\/image\/\",\"url\":\"\",\"contentUrl\":\"\",\"caption\":\"Polis SA Magazine\"},\"image\":{\"@id\":\"https:\/\/www.istitutogalanteoliva.it\/magazine\/#\/schema\/logo\/image\/\"},\"sameAs\":[\"https:\/\/www.facebook.com\/PolisSAMagazine\/\",\"https:\/\/x.com\/MagazinePolis\",\"https:\/\/www.youtube.com\/channel\/UCv0Mr5AHKUmsc0sEEXkJrgw\"]},{\"@type\":\"Person\",\"@id\":\"https:\/\/www.istitutogalanteoliva.it\/magazine\/#\/schema\/person\/d8b8aa79cfe8babc1df9da3212a7c0c4\",\"name\":\"Antonello Rivano\",\"image\":{\"@type\":\"ImageObject\",\"inLanguage\":\"it-IT\",\"@id\":\"https:\/\/www.istitutogalanteoliva.it\/magazine\/#\/schema\/person\/image\/\",\"url\":\"https:\/\/secure.gravatar.com\/avatar\/517a9a6487a7a18ecc4ce6d2e57a8f40?s=96&d=mm&r=g\",\"contentUrl\":\"https:\/\/secure.gravatar.com\/avatar\/517a9a6487a7a18ecc4ce6d2e57a8f40?s=96&d=mm&r=g\",\"caption\":\"Antonello Rivano\"},\"url\":\"https:\/\/www.istitutogalanteoliva.it\/magazine\/author\/antonello\/\"}]}<\/script>\n<!-- \/ Yoast SEO plugin. -->","yoast_head_json":{"title":"\"Cronaca di una morte annunciata\": perch\u00e9 tante morti bianche? - Polis SA Magazine","robots":{"index":"index","follow":"follow","max-snippet":"max-snippet:-1","max-image-preview":"max-image-preview:large","max-video-preview":"max-video-preview:-1"},"canonical":"https:\/\/www.istitutogalanteoliva.it\/magazine\/2021\/05\/09\/cronaca-di-una-morte-annunciata-perche-tante-morti-bianche\/","og_locale":"it_IT","og_type":"article","og_title":"\"Cronaca di una morte annunciata\": perch\u00e9 tante morti bianche? - Polis SA Magazine","og_description":"Continuano le morti sul lavoro, le cosiddette \u201cmorti bianche\u201d","og_url":"https:\/\/www.istitutogalanteoliva.it\/magazine\/2021\/05\/09\/cronaca-di-una-morte-annunciata-perche-tante-morti-bianche\/","og_site_name":"Polis SA Magazine","article_publisher":"https:\/\/www.facebook.com\/PolisSAMagazine\/","article_published_time":"2021-05-09T10:26:20+00:00","article_modified_time":"2021-05-09T10:26:22+00:00","og_image":[{"width":630,"height":400,"url":"https:\/\/www.istitutogalanteoliva.it\/magazine\/wp-content\/uploads\/2021\/05\/1525183379143.jpeg-salute_e_sicurezza_sul_lavoro__anmil___l_attenzione_resti_alta_.jpeg","type":"image\/jpeg"}],"author":"Antonello Rivano","twitter_card":"summary_large_image","twitter_creator":"@MagazinePolis","twitter_site":"@MagazinePolis","twitter_misc":{"Scritto da":"Antonello Rivano","Tempo di lettura stimato":"3 minuti"},"schema":{"@context":"https:\/\/schema.org","@graph":[{"@type":"Article","@id":"https:\/\/www.istitutogalanteoliva.it\/magazine\/2021\/05\/09\/cronaca-di-una-morte-annunciata-perche-tante-morti-bianche\/#article","isPartOf":{"@id":"https:\/\/www.istitutogalanteoliva.it\/magazine\/2021\/05\/09\/cronaca-di-una-morte-annunciata-perche-tante-morti-bianche\/"},"author":{"name":"Antonello Rivano","@id":"https:\/\/www.istitutogalanteoliva.it\/magazine\/#\/schema\/person\/d8b8aa79cfe8babc1df9da3212a7c0c4"},"headline":"&#8220;Cronaca di una morte annunciata&#8221;: perch\u00e9 tante morti bianche?","datePublished":"2021-05-09T10:26:20+00:00","dateModified":"2021-05-09T10:26:22+00:00","mainEntityOfPage":{"@id":"https:\/\/www.istitutogalanteoliva.it\/magazine\/2021\/05\/09\/cronaca-di-una-morte-annunciata-perche-tante-morti-bianche\/"},"wordCount":646,"commentCount":1,"publisher":{"@id":"https:\/\/www.istitutogalanteoliva.it\/magazine\/#organization"},"image":{"@id":"https:\/\/www.istitutogalanteoliva.it\/magazine\/2021\/05\/09\/cronaca-di-una-morte-annunciata-perche-tante-morti-bianche\/#primaryimage"},"thumbnailUrl":"https:\/\/www.istitutogalanteoliva.it\/magazine\/wp-content\/uploads\/2021\/05\/1525183379143.jpeg-salute_e_sicurezza_sul_lavoro__anmil___l_attenzione_resti_alta_.jpeg","keywords":["lavoro","morti bianche","sicurezza"],"articleSection":["2021","Attualit\u00e0"],"inLanguage":"it-IT","potentialAction":[{"@type":"CommentAction","name":"Comment","target":["https:\/\/www.istitutogalanteoliva.it\/magazine\/2021\/05\/09\/cronaca-di-una-morte-annunciata-perche-tante-morti-bianche\/#respond"]}]},{"@type":"WebPage","@id":"https:\/\/www.istitutogalanteoliva.it\/magazine\/2021\/05\/09\/cronaca-di-una-morte-annunciata-perche-tante-morti-bianche\/","url":"https:\/\/www.istitutogalanteoliva.it\/magazine\/2021\/05\/09\/cronaca-di-una-morte-annunciata-perche-tante-morti-bianche\/","name":"\"Cronaca di una morte annunciata\": perch\u00e9 tante morti bianche? - Polis SA Magazine","isPartOf":{"@id":"https:\/\/www.istitutogalanteoliva.it\/magazine\/#website"},"primaryImageOfPage":{"@id":"https:\/\/www.istitutogalanteoliva.it\/magazine\/2021\/05\/09\/cronaca-di-una-morte-annunciata-perche-tante-morti-bianche\/#primaryimage"},"image":{"@id":"https:\/\/www.istitutogalanteoliva.it\/magazine\/2021\/05\/09\/cronaca-di-una-morte-annunciata-perche-tante-morti-bianche\/#primaryimage"},"thumbnailUrl":"https:\/\/www.istitutogalanteoliva.it\/magazine\/wp-content\/uploads\/2021\/05\/1525183379143.jpeg-salute_e_sicurezza_sul_lavoro__anmil___l_attenzione_resti_alta_.jpeg","datePublished":"2021-05-09T10:26:20+00:00","dateModified":"2021-05-09T10:26:22+00:00","breadcrumb":{"@id":"https:\/\/www.istitutogalanteoliva.it\/magazine\/2021\/05\/09\/cronaca-di-una-morte-annunciata-perche-tante-morti-bianche\/#breadcrumb"},"inLanguage":"it-IT","potentialAction":[{"@type":"ReadAction","target":["https:\/\/www.istitutogalanteoliva.it\/magazine\/2021\/05\/09\/cronaca-di-una-morte-annunciata-perche-tante-morti-bianche\/"]}]},{"@type":"ImageObject","inLanguage":"it-IT","@id":"https:\/\/www.istitutogalanteoliva.it\/magazine\/2021\/05\/09\/cronaca-di-una-morte-annunciata-perche-tante-morti-bianche\/#primaryimage","url":"https:\/\/www.istitutogalanteoliva.it\/magazine\/wp-content\/uploads\/2021\/05\/1525183379143.jpeg-salute_e_sicurezza_sul_lavoro__anmil___l_attenzione_resti_alta_.jpeg","contentUrl":"https:\/\/www.istitutogalanteoliva.it\/magazine\/wp-content\/uploads\/2021\/05\/1525183379143.jpeg-salute_e_sicurezza_sul_lavoro__anmil___l_attenzione_resti_alta_.jpeg","width":630,"height":400},{"@type":"BreadcrumbList","@id":"https:\/\/www.istitutogalanteoliva.it\/magazine\/2021\/05\/09\/cronaca-di-una-morte-annunciata-perche-tante-morti-bianche\/#breadcrumb","itemListElement":[{"@type":"ListItem","position":1,"name":"Home","item":"https:\/\/www.istitutogalanteoliva.it\/magazine\/"},{"@type":"ListItem","position":2,"name":"&#8220;Cronaca di una morte annunciata&#8221;: perch\u00e9 tante morti bianche?"}]},{"@type":"WebSite","@id":"https:\/\/www.istitutogalanteoliva.it\/magazine\/#website","url":"https:\/\/www.istitutogalanteoliva.it\/magazine\/","name":"POLIS SA MAGAZINE","description":"Informazione e approfondimenti","publisher":{"@id":"https:\/\/www.istitutogalanteoliva.it\/magazine\/#organization"},"potentialAction":[{"@type":"SearchAction","target":{"@type":"EntryPoint","urlTemplate":"https:\/\/www.istitutogalanteoliva.it\/magazine\/?s={search_term_string}"},"query-input":{"@type":"PropertyValueSpecification","valueRequired":true,"valueName":"search_term_string"}}],"inLanguage":"it-IT"},{"@type":"Organization","@id":"https:\/\/www.istitutogalanteoliva.it\/magazine\/#organization","name":"Polis SA Magazine","url":"https:\/\/www.istitutogalanteoliva.it\/magazine\/","logo":{"@type":"ImageObject","inLanguage":"it-IT","@id":"https:\/\/www.istitutogalanteoliva.it\/magazine\/#\/schema\/logo\/image\/","url":"","contentUrl":"","caption":"Polis SA Magazine"},"image":{"@id":"https:\/\/www.istitutogalanteoliva.it\/magazine\/#\/schema\/logo\/image\/"},"sameAs":["https:\/\/www.facebook.com\/PolisSAMagazine\/","https:\/\/x.com\/MagazinePolis","https:\/\/www.youtube.com\/channel\/UCv0Mr5AHKUmsc0sEEXkJrgw"]},{"@type":"Person","@id":"https:\/\/www.istitutogalanteoliva.it\/magazine\/#\/schema\/person\/d8b8aa79cfe8babc1df9da3212a7c0c4","name":"Antonello Rivano","image":{"@type":"ImageObject","inLanguage":"it-IT","@id":"https:\/\/www.istitutogalanteoliva.it\/magazine\/#\/schema\/person\/image\/","url":"https:\/\/secure.gravatar.com\/avatar\/517a9a6487a7a18ecc4ce6d2e57a8f40?s=96&d=mm&r=g","contentUrl":"https:\/\/secure.gravatar.com\/avatar\/517a9a6487a7a18ecc4ce6d2e57a8f40?s=96&d=mm&r=g","caption":"Antonello Rivano"},"url":"https:\/\/www.istitutogalanteoliva.it\/magazine\/author\/antonello\/"}]}},"_links":{"self":[{"href":"https:\/\/www.istitutogalanteoliva.it\/magazine\/wp-json\/wp\/v2\/posts\/7738","targetHints":{"allow":["GET"]}}],"collection":[{"href":"https:\/\/www.istitutogalanteoliva.it\/magazine\/wp-json\/wp\/v2\/posts"}],"about":[{"href":"https:\/\/www.istitutogalanteoliva.it\/magazine\/wp-json\/wp\/v2\/types\/post"}],"author":[{"embeddable":true,"href":"https:\/\/www.istitutogalanteoliva.it\/magazine\/wp-json\/wp\/v2\/users\/2"}],"replies":[{"embeddable":true,"href":"https:\/\/www.istitutogalanteoliva.it\/magazine\/wp-json\/wp\/v2\/comments?post=7738"}],"version-history":[{"count":2,"href":"https:\/\/www.istitutogalanteoliva.it\/magazine\/wp-json\/wp\/v2\/posts\/7738\/revisions"}],"predecessor-version":[{"id":7744,"href":"https:\/\/www.istitutogalanteoliva.it\/magazine\/wp-json\/wp\/v2\/posts\/7738\/revisions\/7744"}],"wp:featuredmedia":[{"embeddable":true,"href":"https:\/\/www.istitutogalanteoliva.it\/magazine\/wp-json\/wp\/v2\/media\/7741"}],"wp:attachment":[{"href":"https:\/\/www.istitutogalanteoliva.it\/magazine\/wp-json\/wp\/v2\/media?parent=7738"}],"wp:term":[{"taxonomy":"category","embeddable":true,"href":"https:\/\/www.istitutogalanteoliva.it\/magazine\/wp-json\/wp\/v2\/categories?post=7738"},{"taxonomy":"post_tag","embeddable":true,"href":"https:\/\/www.istitutogalanteoliva.it\/magazine\/wp-json\/wp\/v2\/tags?post=7738"}],"curies":[{"name":"wp","href":"https:\/\/api.w.org\/{rel}","templated":true}]}}