{"id":7806,"date":"2021-05-15T08:00:00","date_gmt":"2021-05-15T06:00:00","guid":{"rendered":"https:\/\/www.istitutogalanteoliva.it\/magazine\/?p=7806"},"modified":"2025-03-27T11:13:29","modified_gmt":"2025-03-27T10:13:29","slug":"il-municipio-di-mercato-s-severino-illuminato-di-viola-per-fare-luce-sulla-fibromialgia","status":"publish","type":"post","link":"https:\/\/www.istitutogalanteoliva.it\/magazine\/2021\/05\/15\/il-municipio-di-mercato-s-severino-illuminato-di-viola-per-fare-luce-sulla-fibromialgia\/","title":{"rendered":"IL MUNICIPIO DI MERCATO S. SEVERINO ILLUMINATO DI VIOLA, PER \u201cFARE LUCE\u201d SULLA FIBROMIALGIA"},"content":{"rendered":"\n<h4 class=\"wp-block-heading\">La civica amministrazione di Mercato S. Severino ha dimostrato, ancora una volta, la sua attenzione verso tematiche delicate e importanti \u2013 che riguardano &nbsp;la sfera della salute<\/h4>\n\n\n\n<p><strong>Di <em>Anna Maria Noia <\/em><\/strong><\/p>\n\n\n\n<p class=\"has-drop-cap\"><em style=\"\"><b>il 12 maggio, infatti, la sede comunale in piazza Ettore Imperio si \u00e8 colorata di luci viola. Perch\u00e9? \u00c8 presto detto: anche l\u2019amministrazione sanseverinese \u2013 assieme ad altri Comuni della Valle Irno e del salernitano \u2013 ha aderito a una campagna di <\/b><\/em><strong><em>sostegno alla fibromialgia.<\/em><\/strong> <em>\u201cFacciamo luce sulla fibromialgia\u201d   questa la denominazione. Una sindrome molto dolorosa, &nbsp;poco conosciuta.<\/em><\/p>\n\n\n\n<p><em>L\u2019illuminazione violacea, appunto, ha inteso focalizzare l\u2019attenzione su questa problematica, he affligge, solo in Italia, tra i 2 e i 4 milioni di pazienti. T<\/em>ale patologia, di origine reumatica, rappresenta (per frequenza) la seconda o terza fattispecie tra le malattie reumatiche stesse. <em>La fibromialgia \u00e8 una sindrome \u201ccronica e sistemica\u201d, il cui sintomo principale \u00e8 costituito da forti e diffusi dolori all\u2019apparato muscolo-scheletrico. Colpisce in maggioranza il sesso femminile. A livello sanitario, la fibromialgia \u00e8 definita e catalogata quale \u201cpatologia reumatica di natura extra-articolare\u201d.<\/em>&nbsp; Pu\u00f2 essere confusa con la pi\u00f9 \u201cnota\u201d artrite, ma \u2013 a differenza di quest\u2019ultima \u2013 non produce infiammazione interna o danni alle articolazioni. Ci\u00f2 perch\u00e9 \u201c\u00e8 in gioco\u201d il tessuto connettivo, costituito da fibre (presenti tra i muscoli striati e, pertanto, anche nel muscolo cardiaco) e quindi gli stessi muscoli, tendini, nervi. <\/p>\n\n\n\n<figure class=\"wp-block-image size-large is-resized\"><img loading=\"lazy\" decoding=\"async\" src=\"https:\/\/www.istitutogalanteoliva.it\/magazine\/wp-content\/uploads\/2021\/05\/foto-Noia-fibromialgia-a-S-Severino-articolo-num-4.jpg\" alt=\"\" class=\"wp-image-7808\" width=\"480\" height=\"360\" srcset=\"https:\/\/www.istitutogalanteoliva.it\/magazine\/wp-content\/uploads\/2021\/05\/foto-Noia-fibromialgia-a-S-Severino-articolo-num-4.jpg 960w, https:\/\/www.istitutogalanteoliva.it\/magazine\/wp-content\/uploads\/2021\/05\/foto-Noia-fibromialgia-a-S-Severino-articolo-num-4-300x225.jpg 300w, https:\/\/www.istitutogalanteoliva.it\/magazine\/wp-content\/uploads\/2021\/05\/foto-Noia-fibromialgia-a-S-Severino-articolo-num-4-768x576.jpg 768w\" sizes=\"auto, (max-width: 480px) 100vw, 480px\" \/><\/figure>\n\n\n\n<p><strong>Alla campagna di illuminazione notturna &nbsp;(luce violetta) hanno aderito numerose cittadine del Salernitano e del comprensorio sanseverinese, tra le quali Baronissi.<\/strong> A Baronissi, nella serata del 12 maggio, i volontari dell\u2019associazione \u201cCfu Italia Odv\u201d (Comitato fibromialgici uniti) hanno incontrato il sindaco Gianfranco Valiante e l\u2019assessore alle Politiche sociali Marco Picarone, <strong>&nbsp;allo scopo di sostenere il disegno di legge presentato in Parlamento; il Ddl richiede il riconoscimento della fibromialgia come malattia cronica e invalidante.<\/strong> Anche a S. Severino ci si sta muovendo nella direzione del riconoscimento della patologia quale effettivamente invalidante.<\/p>\n\n\n\n<p> Per il dolore che provoca, ma anche per l\u2019astenia (indebolimento, fiacchezza, stanchezza cronica \u2013 anche senza sforzo fisico) e la rigidit\u00e0 muscolare. Fino a pochi anni fa, la Fm era sconosciuta. <em>Oggi studi appropriati stanno approfondendo la conoscenza di e su questa sindrome; della quale si sa che pu\u00f2 comparire a qualsiasi et\u00e0, ma con un picco tra i 40 e i 60 anni. Importanti ed evidenti le ripercussioni sull\u2019attivit\u00e0 lavorativa \u2013 ma anche sul piano socioaffettivo.<\/em> Il gesto dell\u2019illuminazione, dunque, \u00e8 stato fortemente simbolico. <\/p>\n\n\n\n<p><strong>La manifestazione<em> \u00e8 stata voluta dalle responsabili e volontarie \u201cCfu Campania\u201d, Elena Pirrottina e Clelia Ricci \u2013 impegnate, tra l\u2019altro, nella &nbsp;raccolta firme finalizzata al &nbsp;riconoscimento della Fm come patologia grave. Un ulteriore impegno di sensibilizzazione, affinch\u00e9 questa malattia sia inserita quanto prima (finalmente) nei cosiddetti \u201cLea\u201d o \u201cLivelli essenziali di assistenza\u201d. Garantendo, cos\u00ec, ai pazienti affetti da Fm le prestazioni erogate dal Servizio sanitario nazionale (Ssn) per agevolare queste categorie.<\/em><\/strong> <\/p>\n\n\n\n<p>La petizione, la raccolta firme proseguir\u00e0 per un altro po\u2019 di tempo \u2013 presso il Municipio \u2013 e quindi non \u00e8 legata solo all\u2019occasione del 12 maggio.;( chee \u00e8 proprio la \u201cgiornata mondiale\u201d della fibromialgia). <em>Grazie ad Elena Pirrottina, a Clelia Ricci, al Sindaco Antonio Somma e soprattutto all\u2019assessore alla Cultura Enza Cavaliere &nbsp;anche S. Severino ha potuto offrire il suo contributo alla causa. . Soddisfatta, infatti, l\u2019assessoraCavaliere, che ha rimarcato l\u2019impegno personale &nbsp;del Comune su argomenti di scottante attualit\u00e0 e concernenti (come affermato all\u2019inizio di questo servizio) la salute \u2013 diritto inalienabile previsto &nbsp;costituzionalmente. <\/em><\/p>\n\n\n\n<p>La petizione popolare si incentra sul riconoscimento \u201csanitario\u201d \u2013 da parte del Ssn \u2013 della fibromialgia ma anche di sindromi similari come encefalomielite mialgica benigna e sensibilit\u00e0 chimica multipla. Pesante \u00e8 la riduzione, affermano gli esperti, della capacit\u00e0 di vita lavorativa, sociale e di relazione a causa delle conseguenze &#8211; definite \u201cinvalidanti\u201d \u2013 dei sintomi di queste malattie (<strong><em>dolori diffusi, spossatezza ma anche emicrania, febbre, difficolt\u00e0 digestive, problemi di concentrazione e di equilibrio, stress<\/em><\/strong>). <\/p>\n\n\n\n<figure class=\"wp-block-image size-large is-resized\"><img loading=\"lazy\" decoding=\"async\" src=\"https:\/\/www.istitutogalanteoliva.it\/magazine\/wp-content\/uploads\/2021\/05\/foto-Noia-fibromialgia-a-S-Severino-articolo-num-1-1024x768.jpg\" alt=\"\" class=\"wp-image-7810\" width=\"483\" height=\"362\" srcset=\"https:\/\/www.istitutogalanteoliva.it\/magazine\/wp-content\/uploads\/2021\/05\/foto-Noia-fibromialgia-a-S-Severino-articolo-num-1-1024x768.jpg 1024w, https:\/\/www.istitutogalanteoliva.it\/magazine\/wp-content\/uploads\/2021\/05\/foto-Noia-fibromialgia-a-S-Severino-articolo-num-1-300x225.jpg 300w, https:\/\/www.istitutogalanteoliva.it\/magazine\/wp-content\/uploads\/2021\/05\/foto-Noia-fibromialgia-a-S-Severino-articolo-num-1-768x576.jpg 768w, https:\/\/www.istitutogalanteoliva.it\/magazine\/wp-content\/uploads\/2021\/05\/foto-Noia-fibromialgia-a-S-Severino-articolo-num-1.jpg 1536w\" sizes=\"auto, (max-width: 483px) 100vw, 483px\" \/><\/figure>\n\n\n\n<p>Attualmente lo Stato italiano non riconosce queste &nbsp;patologie, pertanto si creano dei disagi per i fibromialgici e per i propri familiari. Il documento redatto &nbsp;dall\u2019associazione Cfu parla anche di <strong>\u201cnomadismo diagnostico\u201d<\/strong> \u2013 ad indicare la (lunga) trafila di esami diagnostici e\/o di analisi varie, prima di veder \u201ccompresa\u201d la causa di questi sintomi. <strong>&nbsp;Il sodalizio<\/strong> \u2013 in sostanza \u2013 <strong>richiede l\u2019attenzione dello Stato \u2013 &nbsp;a livello normativo \u2013 per prevedere la parziale esenzione dal pagamento dei ticket e dei farmaci eventualmente prescritti per la cura.<\/strong> <\/p>\n\n\n\n<p>L\u2019associazione dei fibromialgici si \u00e8 costituita ufficialmente nel maggio 2016 \u2013 ha sede sociale in Castenaso (Bologna). Si occupa di diverse iniziative di promozione (nazionali, regionali, comunali); tra queste: <strong><em>\u201cComuni a sostegno\u201d<\/em><\/strong> e <strong><em>\u201cFacciamo luce sulla fibromialgia\u201d<\/em><\/strong>. &nbsp;Quest&#8217; eultima kermesse ha interessato il palazzo vanvitelliano, sede del parlamentino sanseverinese. In virt\u00f9 da quanto richiesto ai sindaci dell\u2019intero territorio nazionale. Ha scritto infatti la Presidente pro tempore, <strong><em>Barbara Suzzi<\/em><\/strong>: <strong>\u201cRichiediamo ai sindaci italiani di illuminare di viola un monumento o un luogo di storia o cultura importante\u201d. \u201cAttraverso questo colore \u2013 spiega in una nota Barbara Suzzi \u2013 i Comuni prenderanno consapevolezza di questa sindrome e aiuteranno i malati ad illuminare la strada, per la ricerca della guarigione.<\/strong> <\/p>\n\n\n\n<p><em>La solidariet\u00e0 si propaga attraverso lo splendore, per sottolineare la necessit\u00e0 di far luce sulla fibromialgia e su tutto quello che ruota intorno ad una patologia simile, generando sconforto e isolamento in coloro che ne soffrono\u201d.<\/em> Il Comune di Mercato S. Severino non \u00e8 nuovo a manifestazioni che interessano la comunit\u00e0 locale, &nbsp;ad esempio illuminando di altre tinte i monumenti della citt\u00e0 per qualsivoglia \u201cbattaglia\u201d civica. Molto attivi tutti i consiglieri e gli assessori comunali \u2013 oltre al primo cittadino Somma. Particolarmente battagliera, sul fronte culturale, Enza Cavaliere. E non solo.<\/p>\n\n\n\n<p>ANNA MARIA NOIA<\/p>\n<div class=\"pdfprnt-buttons pdfprnt-buttons-post pdfprnt-bottom-left\"><a href=\"https:\/\/www.istitutogalanteoliva.it\/magazine\/wp-json\/wp\/v2\/posts\/7806?print=print\" class=\"pdfprnt-button pdfprnt-button-print\" target=\"_blank\"><img decoding=\"async\" src=\"https:\/\/www.istitutogalanteoliva.it\/magazine\/wp-content\/plugins\/pdf-print\/images\/print.png\" alt=\"image_print\" title=\"Stampa contenuto\" \/><span class=\"pdfprnt-button-title pdfprnt-button-print-title\">Download in PDF<\/span><\/a><\/div>","protected":false},"excerpt":{"rendered":"<p> Il comune del Salernitano ha aderito alla campagna \u201cFacciamo luce sulla fibromialgia\u201d <\/p>\n","protected":false},"author":2,"featured_media":7807,"comment_status":"open","ping_status":"open","sticky":false,"template":"","format":"standard","meta":{"footnotes":""},"categories":[148,210,47],"tags":[371,177],"class_list":["post-7806","post","type-post","status-publish","format-standard","has-post-thumbnail","hentry","category-148","category-campania","category-eventi","tag-fibromalgia","tag-san-severino"],"yoast_head":"<!-- This site is optimized with the Yoast SEO plugin v24.2 - https:\/\/yoast.com\/wordpress\/plugins\/seo\/ -->\n<title>IL MUNICIPIO DI MERCATO S. SEVERINO ILLUMINATO DI VIOLA, PER \u201cFARE LUCE\u201d SULLA FIBROMIALGIA - Polis SA Magazine<\/title>\n<meta name=\"description\" content=\"Il comune del Salernitano ha aderito alla campagna \u201cFacciamo luce sulla fibromialgia\u201d\" \/>\n<meta name=\"robots\" content=\"index, follow, max-snippet:-1, max-image-preview:large, max-video-preview:-1\" \/>\n<link rel=\"canonical\" href=\"https:\/\/www.istitutogalanteoliva.it\/magazine\/2021\/05\/15\/il-municipio-di-mercato-s-severino-illuminato-di-viola-per-fare-luce-sulla-fibromialgia\/\" \/>\n<meta property=\"og:locale\" content=\"it_IT\" \/>\n<meta property=\"og:type\" content=\"article\" \/>\n<meta property=\"og:title\" content=\"IL MUNICIPIO DI MERCATO S. SEVERINO ILLUMINATO DI VIOLA, PER \u201cFARE LUCE\u201d SULLA FIBROMIALGIA - Polis SA Magazine\" \/>\n<meta property=\"og:description\" content=\"Il comune del Salernitano ha aderito alla campagna \u201cFacciamo luce sulla fibromialgia\u201d\" \/>\n<meta property=\"og:url\" content=\"https:\/\/www.istitutogalanteoliva.it\/magazine\/2021\/05\/15\/il-municipio-di-mercato-s-severino-illuminato-di-viola-per-fare-luce-sulla-fibromialgia\/\" \/>\n<meta property=\"og:site_name\" content=\"Polis SA Magazine\" \/>\n<meta property=\"article:publisher\" content=\"https:\/\/www.facebook.com\/PolisSAMagazine\/\" \/>\n<meta property=\"article:published_time\" content=\"2021-05-15T06:00:00+00:00\" \/>\n<meta property=\"article:modified_time\" content=\"2025-03-27T10:13:29+00:00\" \/>\n<meta property=\"og:image\" content=\"https:\/\/www.istitutogalanteoliva.it\/magazine\/wp-content\/uploads\/2021\/05\/foto-Noia-fibromialgia-a-S-Severino-articolo-num-2.jpg\" \/>\n\t<meta property=\"og:image:width\" content=\"1600\" \/>\n\t<meta property=\"og:image:height\" content=\"1200\" \/>\n\t<meta property=\"og:image:type\" content=\"image\/jpeg\" \/>\n<meta name=\"author\" content=\"Antonello Rivano\" \/>\n<meta name=\"twitter:card\" content=\"summary_large_image\" \/>\n<meta name=\"twitter:creator\" content=\"@MagazinePolis\" \/>\n<meta name=\"twitter:site\" content=\"@MagazinePolis\" \/>\n<meta name=\"twitter:label1\" content=\"Scritto da\" \/>\n\t<meta name=\"twitter:data1\" content=\"Antonello Rivano\" \/>\n\t<meta name=\"twitter:label2\" content=\"Tempo di lettura stimato\" \/>\n\t<meta name=\"twitter:data2\" content=\"5 minuti\" \/>\n<script type=\"application\/ld+json\" class=\"yoast-schema-graph\">{\"@context\":\"https:\/\/schema.org\",\"@graph\":[{\"@type\":\"Article\",\"@id\":\"https:\/\/www.istitutogalanteoliva.it\/magazine\/2021\/05\/15\/il-municipio-di-mercato-s-severino-illuminato-di-viola-per-fare-luce-sulla-fibromialgia\/#article\",\"isPartOf\":{\"@id\":\"https:\/\/www.istitutogalanteoliva.it\/magazine\/2021\/05\/15\/il-municipio-di-mercato-s-severino-illuminato-di-viola-per-fare-luce-sulla-fibromialgia\/\"},\"author\":{\"name\":\"Antonello Rivano\",\"@id\":\"https:\/\/www.istitutogalanteoliva.it\/magazine\/#\/schema\/person\/d8b8aa79cfe8babc1df9da3212a7c0c4\"},\"headline\":\"IL MUNICIPIO DI MERCATO S. SEVERINO ILLUMINATO DI VIOLA, PER \u201cFARE LUCE\u201d SULLA FIBROMIALGIA\",\"datePublished\":\"2021-05-15T06:00:00+00:00\",\"dateModified\":\"2025-03-27T10:13:29+00:00\",\"mainEntityOfPage\":{\"@id\":\"https:\/\/www.istitutogalanteoliva.it\/magazine\/2021\/05\/15\/il-municipio-di-mercato-s-severino-illuminato-di-viola-per-fare-luce-sulla-fibromialgia\/\"},\"wordCount\":942,\"commentCount\":0,\"publisher\":{\"@id\":\"https:\/\/www.istitutogalanteoliva.it\/magazine\/#organization\"},\"image\":{\"@id\":\"https:\/\/www.istitutogalanteoliva.it\/magazine\/2021\/05\/15\/il-municipio-di-mercato-s-severino-illuminato-di-viola-per-fare-luce-sulla-fibromialgia\/#primaryimage\"},\"thumbnailUrl\":\"https:\/\/www.istitutogalanteoliva.it\/magazine\/wp-content\/uploads\/2021\/05\/foto-Noia-fibromialgia-a-S-Severino-articolo-num-2.jpg\",\"keywords\":[\"fibromalgia\",\"San Severino\"],\"articleSection\":[\"2021\",\"Campania\",\"Eventi\"],\"inLanguage\":\"it-IT\",\"potentialAction\":[{\"@type\":\"CommentAction\",\"name\":\"Comment\",\"target\":[\"https:\/\/www.istitutogalanteoliva.it\/magazine\/2021\/05\/15\/il-municipio-di-mercato-s-severino-illuminato-di-viola-per-fare-luce-sulla-fibromialgia\/#respond\"]}]},{\"@type\":\"WebPage\",\"@id\":\"https:\/\/www.istitutogalanteoliva.it\/magazine\/2021\/05\/15\/il-municipio-di-mercato-s-severino-illuminato-di-viola-per-fare-luce-sulla-fibromialgia\/\",\"url\":\"https:\/\/www.istitutogalanteoliva.it\/magazine\/2021\/05\/15\/il-municipio-di-mercato-s-severino-illuminato-di-viola-per-fare-luce-sulla-fibromialgia\/\",\"name\":\"IL MUNICIPIO DI MERCATO S. SEVERINO ILLUMINATO DI VIOLA, PER \u201cFARE LUCE\u201d SULLA FIBROMIALGIA - Polis SA Magazine\",\"isPartOf\":{\"@id\":\"https:\/\/www.istitutogalanteoliva.it\/magazine\/#website\"},\"primaryImageOfPage\":{\"@id\":\"https:\/\/www.istitutogalanteoliva.it\/magazine\/2021\/05\/15\/il-municipio-di-mercato-s-severino-illuminato-di-viola-per-fare-luce-sulla-fibromialgia\/#primaryimage\"},\"image\":{\"@id\":\"https:\/\/www.istitutogalanteoliva.it\/magazine\/2021\/05\/15\/il-municipio-di-mercato-s-severino-illuminato-di-viola-per-fare-luce-sulla-fibromialgia\/#primaryimage\"},\"thumbnailUrl\":\"https:\/\/www.istitutogalanteoliva.it\/magazine\/wp-content\/uploads\/2021\/05\/foto-Noia-fibromialgia-a-S-Severino-articolo-num-2.jpg\",\"datePublished\":\"2021-05-15T06:00:00+00:00\",\"dateModified\":\"2025-03-27T10:13:29+00:00\",\"description\":\"Il comune del Salernitano ha aderito alla campagna \u201cFacciamo luce sulla fibromialgia\u201d\",\"breadcrumb\":{\"@id\":\"https:\/\/www.istitutogalanteoliva.it\/magazine\/2021\/05\/15\/il-municipio-di-mercato-s-severino-illuminato-di-viola-per-fare-luce-sulla-fibromialgia\/#breadcrumb\"},\"inLanguage\":\"it-IT\",\"potentialAction\":[{\"@type\":\"ReadAction\",\"target\":[\"https:\/\/www.istitutogalanteoliva.it\/magazine\/2021\/05\/15\/il-municipio-di-mercato-s-severino-illuminato-di-viola-per-fare-luce-sulla-fibromialgia\/\"]}]},{\"@type\":\"ImageObject\",\"inLanguage\":\"it-IT\",\"@id\":\"https:\/\/www.istitutogalanteoliva.it\/magazine\/2021\/05\/15\/il-municipio-di-mercato-s-severino-illuminato-di-viola-per-fare-luce-sulla-fibromialgia\/#primaryimage\",\"url\":\"https:\/\/www.istitutogalanteoliva.it\/magazine\/wp-content\/uploads\/2021\/05\/foto-Noia-fibromialgia-a-S-Severino-articolo-num-2.jpg\",\"contentUrl\":\"https:\/\/www.istitutogalanteoliva.it\/magazine\/wp-content\/uploads\/2021\/05\/foto-Noia-fibromialgia-a-S-Severino-articolo-num-2.jpg\",\"width\":1600,\"height\":1200},{\"@type\":\"BreadcrumbList\",\"@id\":\"https:\/\/www.istitutogalanteoliva.it\/magazine\/2021\/05\/15\/il-municipio-di-mercato-s-severino-illuminato-di-viola-per-fare-luce-sulla-fibromialgia\/#breadcrumb\",\"itemListElement\":[{\"@type\":\"ListItem\",\"position\":1,\"name\":\"Home\",\"item\":\"https:\/\/www.istitutogalanteoliva.it\/magazine\/\"},{\"@type\":\"ListItem\",\"position\":2,\"name\":\"IL MUNICIPIO DI MERCATO S. SEVERINO ILLUMINATO DI VIOLA, PER \u201cFARE LUCE\u201d SULLA FIBROMIALGIA\"}]},{\"@type\":\"WebSite\",\"@id\":\"https:\/\/www.istitutogalanteoliva.it\/magazine\/#website\",\"url\":\"https:\/\/www.istitutogalanteoliva.it\/magazine\/\",\"name\":\"POLIS SA MAGAZINE\",\"description\":\"Informazione e approfondimenti\",\"publisher\":{\"@id\":\"https:\/\/www.istitutogalanteoliva.it\/magazine\/#organization\"},\"potentialAction\":[{\"@type\":\"SearchAction\",\"target\":{\"@type\":\"EntryPoint\",\"urlTemplate\":\"https:\/\/www.istitutogalanteoliva.it\/magazine\/?s={search_term_string}\"},\"query-input\":{\"@type\":\"PropertyValueSpecification\",\"valueRequired\":true,\"valueName\":\"search_term_string\"}}],\"inLanguage\":\"it-IT\"},{\"@type\":\"Organization\",\"@id\":\"https:\/\/www.istitutogalanteoliva.it\/magazine\/#organization\",\"name\":\"Polis SA Magazine\",\"url\":\"https:\/\/www.istitutogalanteoliva.it\/magazine\/\",\"logo\":{\"@type\":\"ImageObject\",\"inLanguage\":\"it-IT\",\"@id\":\"https:\/\/www.istitutogalanteoliva.it\/magazine\/#\/schema\/logo\/image\/\",\"url\":\"\",\"contentUrl\":\"\",\"caption\":\"Polis SA Magazine\"},\"image\":{\"@id\":\"https:\/\/www.istitutogalanteoliva.it\/magazine\/#\/schema\/logo\/image\/\"},\"sameAs\":[\"https:\/\/www.facebook.com\/PolisSAMagazine\/\",\"https:\/\/x.com\/MagazinePolis\",\"https:\/\/www.youtube.com\/channel\/UCv0Mr5AHKUmsc0sEEXkJrgw\"]},{\"@type\":\"Person\",\"@id\":\"https:\/\/www.istitutogalanteoliva.it\/magazine\/#\/schema\/person\/d8b8aa79cfe8babc1df9da3212a7c0c4\",\"name\":\"Antonello Rivano\",\"image\":{\"@type\":\"ImageObject\",\"inLanguage\":\"it-IT\",\"@id\":\"https:\/\/www.istitutogalanteoliva.it\/magazine\/#\/schema\/person\/image\/\",\"url\":\"https:\/\/secure.gravatar.com\/avatar\/517a9a6487a7a18ecc4ce6d2e57a8f40?s=96&d=mm&r=g\",\"contentUrl\":\"https:\/\/secure.gravatar.com\/avatar\/517a9a6487a7a18ecc4ce6d2e57a8f40?s=96&d=mm&r=g\",\"caption\":\"Antonello Rivano\"},\"url\":\"https:\/\/www.istitutogalanteoliva.it\/magazine\/author\/antonello\/\"}]}<\/script>\n<!-- \/ Yoast SEO plugin. -->","yoast_head_json":{"title":"IL MUNICIPIO DI MERCATO S. SEVERINO ILLUMINATO DI VIOLA, PER \u201cFARE LUCE\u201d SULLA FIBROMIALGIA - Polis SA Magazine","description":"Il comune del Salernitano ha aderito alla campagna \u201cFacciamo luce sulla fibromialgia\u201d","robots":{"index":"index","follow":"follow","max-snippet":"max-snippet:-1","max-image-preview":"max-image-preview:large","max-video-preview":"max-video-preview:-1"},"canonical":"https:\/\/www.istitutogalanteoliva.it\/magazine\/2021\/05\/15\/il-municipio-di-mercato-s-severino-illuminato-di-viola-per-fare-luce-sulla-fibromialgia\/","og_locale":"it_IT","og_type":"article","og_title":"IL MUNICIPIO DI MERCATO S. SEVERINO ILLUMINATO DI VIOLA, PER \u201cFARE LUCE\u201d SULLA FIBROMIALGIA - Polis SA Magazine","og_description":"Il comune del Salernitano ha aderito alla campagna \u201cFacciamo luce sulla fibromialgia\u201d","og_url":"https:\/\/www.istitutogalanteoliva.it\/magazine\/2021\/05\/15\/il-municipio-di-mercato-s-severino-illuminato-di-viola-per-fare-luce-sulla-fibromialgia\/","og_site_name":"Polis SA Magazine","article_publisher":"https:\/\/www.facebook.com\/PolisSAMagazine\/","article_published_time":"2021-05-15T06:00:00+00:00","article_modified_time":"2025-03-27T10:13:29+00:00","og_image":[{"width":1600,"height":1200,"url":"https:\/\/www.istitutogalanteoliva.it\/magazine\/wp-content\/uploads\/2021\/05\/foto-Noia-fibromialgia-a-S-Severino-articolo-num-2.jpg","type":"image\/jpeg"}],"author":"Antonello Rivano","twitter_card":"summary_large_image","twitter_creator":"@MagazinePolis","twitter_site":"@MagazinePolis","twitter_misc":{"Scritto da":"Antonello Rivano","Tempo di lettura stimato":"5 minuti"},"schema":{"@context":"https:\/\/schema.org","@graph":[{"@type":"Article","@id":"https:\/\/www.istitutogalanteoliva.it\/magazine\/2021\/05\/15\/il-municipio-di-mercato-s-severino-illuminato-di-viola-per-fare-luce-sulla-fibromialgia\/#article","isPartOf":{"@id":"https:\/\/www.istitutogalanteoliva.it\/magazine\/2021\/05\/15\/il-municipio-di-mercato-s-severino-illuminato-di-viola-per-fare-luce-sulla-fibromialgia\/"},"author":{"name":"Antonello Rivano","@id":"https:\/\/www.istitutogalanteoliva.it\/magazine\/#\/schema\/person\/d8b8aa79cfe8babc1df9da3212a7c0c4"},"headline":"IL MUNICIPIO DI MERCATO S. SEVERINO ILLUMINATO DI VIOLA, PER \u201cFARE LUCE\u201d SULLA FIBROMIALGIA","datePublished":"2021-05-15T06:00:00+00:00","dateModified":"2025-03-27T10:13:29+00:00","mainEntityOfPage":{"@id":"https:\/\/www.istitutogalanteoliva.it\/magazine\/2021\/05\/15\/il-municipio-di-mercato-s-severino-illuminato-di-viola-per-fare-luce-sulla-fibromialgia\/"},"wordCount":942,"commentCount":0,"publisher":{"@id":"https:\/\/www.istitutogalanteoliva.it\/magazine\/#organization"},"image":{"@id":"https:\/\/www.istitutogalanteoliva.it\/magazine\/2021\/05\/15\/il-municipio-di-mercato-s-severino-illuminato-di-viola-per-fare-luce-sulla-fibromialgia\/#primaryimage"},"thumbnailUrl":"https:\/\/www.istitutogalanteoliva.it\/magazine\/wp-content\/uploads\/2021\/05\/foto-Noia-fibromialgia-a-S-Severino-articolo-num-2.jpg","keywords":["fibromalgia","San Severino"],"articleSection":["2021","Campania","Eventi"],"inLanguage":"it-IT","potentialAction":[{"@type":"CommentAction","name":"Comment","target":["https:\/\/www.istitutogalanteoliva.it\/magazine\/2021\/05\/15\/il-municipio-di-mercato-s-severino-illuminato-di-viola-per-fare-luce-sulla-fibromialgia\/#respond"]}]},{"@type":"WebPage","@id":"https:\/\/www.istitutogalanteoliva.it\/magazine\/2021\/05\/15\/il-municipio-di-mercato-s-severino-illuminato-di-viola-per-fare-luce-sulla-fibromialgia\/","url":"https:\/\/www.istitutogalanteoliva.it\/magazine\/2021\/05\/15\/il-municipio-di-mercato-s-severino-illuminato-di-viola-per-fare-luce-sulla-fibromialgia\/","name":"IL MUNICIPIO DI MERCATO S. SEVERINO ILLUMINATO DI VIOLA, PER \u201cFARE LUCE\u201d SULLA FIBROMIALGIA - Polis SA Magazine","isPartOf":{"@id":"https:\/\/www.istitutogalanteoliva.it\/magazine\/#website"},"primaryImageOfPage":{"@id":"https:\/\/www.istitutogalanteoliva.it\/magazine\/2021\/05\/15\/il-municipio-di-mercato-s-severino-illuminato-di-viola-per-fare-luce-sulla-fibromialgia\/#primaryimage"},"image":{"@id":"https:\/\/www.istitutogalanteoliva.it\/magazine\/2021\/05\/15\/il-municipio-di-mercato-s-severino-illuminato-di-viola-per-fare-luce-sulla-fibromialgia\/#primaryimage"},"thumbnailUrl":"https:\/\/www.istitutogalanteoliva.it\/magazine\/wp-content\/uploads\/2021\/05\/foto-Noia-fibromialgia-a-S-Severino-articolo-num-2.jpg","datePublished":"2021-05-15T06:00:00+00:00","dateModified":"2025-03-27T10:13:29+00:00","description":"Il comune del Salernitano ha aderito alla campagna \u201cFacciamo luce sulla fibromialgia\u201d","breadcrumb":{"@id":"https:\/\/www.istitutogalanteoliva.it\/magazine\/2021\/05\/15\/il-municipio-di-mercato-s-severino-illuminato-di-viola-per-fare-luce-sulla-fibromialgia\/#breadcrumb"},"inLanguage":"it-IT","potentialAction":[{"@type":"ReadAction","target":["https:\/\/www.istitutogalanteoliva.it\/magazine\/2021\/05\/15\/il-municipio-di-mercato-s-severino-illuminato-di-viola-per-fare-luce-sulla-fibromialgia\/"]}]},{"@type":"ImageObject","inLanguage":"it-IT","@id":"https:\/\/www.istitutogalanteoliva.it\/magazine\/2021\/05\/15\/il-municipio-di-mercato-s-severino-illuminato-di-viola-per-fare-luce-sulla-fibromialgia\/#primaryimage","url":"https:\/\/www.istitutogalanteoliva.it\/magazine\/wp-content\/uploads\/2021\/05\/foto-Noia-fibromialgia-a-S-Severino-articolo-num-2.jpg","contentUrl":"https:\/\/www.istitutogalanteoliva.it\/magazine\/wp-content\/uploads\/2021\/05\/foto-Noia-fibromialgia-a-S-Severino-articolo-num-2.jpg","width":1600,"height":1200},{"@type":"BreadcrumbList","@id":"https:\/\/www.istitutogalanteoliva.it\/magazine\/2021\/05\/15\/il-municipio-di-mercato-s-severino-illuminato-di-viola-per-fare-luce-sulla-fibromialgia\/#breadcrumb","itemListElement":[{"@type":"ListItem","position":1,"name":"Home","item":"https:\/\/www.istitutogalanteoliva.it\/magazine\/"},{"@type":"ListItem","position":2,"name":"IL MUNICIPIO DI MERCATO S. SEVERINO ILLUMINATO DI VIOLA, PER \u201cFARE LUCE\u201d SULLA FIBROMIALGIA"}]},{"@type":"WebSite","@id":"https:\/\/www.istitutogalanteoliva.it\/magazine\/#website","url":"https:\/\/www.istitutogalanteoliva.it\/magazine\/","name":"POLIS SA MAGAZINE","description":"Informazione e approfondimenti","publisher":{"@id":"https:\/\/www.istitutogalanteoliva.it\/magazine\/#organization"},"potentialAction":[{"@type":"SearchAction","target":{"@type":"EntryPoint","urlTemplate":"https:\/\/www.istitutogalanteoliva.it\/magazine\/?s={search_term_string}"},"query-input":{"@type":"PropertyValueSpecification","valueRequired":true,"valueName":"search_term_string"}}],"inLanguage":"it-IT"},{"@type":"Organization","@id":"https:\/\/www.istitutogalanteoliva.it\/magazine\/#organization","name":"Polis SA Magazine","url":"https:\/\/www.istitutogalanteoliva.it\/magazine\/","logo":{"@type":"ImageObject","inLanguage":"it-IT","@id":"https:\/\/www.istitutogalanteoliva.it\/magazine\/#\/schema\/logo\/image\/","url":"","contentUrl":"","caption":"Polis SA Magazine"},"image":{"@id":"https:\/\/www.istitutogalanteoliva.it\/magazine\/#\/schema\/logo\/image\/"},"sameAs":["https:\/\/www.facebook.com\/PolisSAMagazine\/","https:\/\/x.com\/MagazinePolis","https:\/\/www.youtube.com\/channel\/UCv0Mr5AHKUmsc0sEEXkJrgw"]},{"@type":"Person","@id":"https:\/\/www.istitutogalanteoliva.it\/magazine\/#\/schema\/person\/d8b8aa79cfe8babc1df9da3212a7c0c4","name":"Antonello Rivano","image":{"@type":"ImageObject","inLanguage":"it-IT","@id":"https:\/\/www.istitutogalanteoliva.it\/magazine\/#\/schema\/person\/image\/","url":"https:\/\/secure.gravatar.com\/avatar\/517a9a6487a7a18ecc4ce6d2e57a8f40?s=96&d=mm&r=g","contentUrl":"https:\/\/secure.gravatar.com\/avatar\/517a9a6487a7a18ecc4ce6d2e57a8f40?s=96&d=mm&r=g","caption":"Antonello Rivano"},"url":"https:\/\/www.istitutogalanteoliva.it\/magazine\/author\/antonello\/"}]}},"_links":{"self":[{"href":"https:\/\/www.istitutogalanteoliva.it\/magazine\/wp-json\/wp\/v2\/posts\/7806","targetHints":{"allow":["GET"]}}],"collection":[{"href":"https:\/\/www.istitutogalanteoliva.it\/magazine\/wp-json\/wp\/v2\/posts"}],"about":[{"href":"https:\/\/www.istitutogalanteoliva.it\/magazine\/wp-json\/wp\/v2\/types\/post"}],"author":[{"embeddable":true,"href":"https:\/\/www.istitutogalanteoliva.it\/magazine\/wp-json\/wp\/v2\/users\/2"}],"replies":[{"embeddable":true,"href":"https:\/\/www.istitutogalanteoliva.it\/magazine\/wp-json\/wp\/v2\/comments?post=7806"}],"version-history":[{"count":2,"href":"https:\/\/www.istitutogalanteoliva.it\/magazine\/wp-json\/wp\/v2\/posts\/7806\/revisions"}],"predecessor-version":[{"id":7812,"href":"https:\/\/www.istitutogalanteoliva.it\/magazine\/wp-json\/wp\/v2\/posts\/7806\/revisions\/7812"}],"wp:featuredmedia":[{"embeddable":true,"href":"https:\/\/www.istitutogalanteoliva.it\/magazine\/wp-json\/wp\/v2\/media\/7807"}],"wp:attachment":[{"href":"https:\/\/www.istitutogalanteoliva.it\/magazine\/wp-json\/wp\/v2\/media?parent=7806"}],"wp:term":[{"taxonomy":"category","embeddable":true,"href":"https:\/\/www.istitutogalanteoliva.it\/magazine\/wp-json\/wp\/v2\/categories?post=7806"},{"taxonomy":"post_tag","embeddable":true,"href":"https:\/\/www.istitutogalanteoliva.it\/magazine\/wp-json\/wp\/v2\/tags?post=7806"}],"curies":[{"name":"wp","href":"https:\/\/api.w.org\/{rel}","templated":true}]}}