{"id":7975,"date":"2021-05-28T08:00:00","date_gmt":"2021-05-28T06:00:00","guid":{"rendered":"https:\/\/www.istitutogalanteoliva.it\/magazine\/?p=7975"},"modified":"2021-05-27T16:45:38","modified_gmt":"2021-05-27T14:45:38","slug":"al-via-cam-on-accendi-la-camera","status":"publish","type":"post","link":"https:\/\/www.istitutogalanteoliva.it\/magazine\/2021\/05\/28\/al-via-cam-on-accendi-la-camera\/","title":{"rendered":"Al via \u201ccam-on. Accendi la camera!\u201d"},"content":{"rendered":"\n<h4 class=\"wp-block-heading\"><strong>Un progetto importante, interamente <em>\u201cconcepito\u201d<\/em> per i bambini, su misura per loro, riguardante le nuove tecnologie e la comunicazione via web.<\/strong> Se poi l\u2019intento sociale si accompagna alle particolari difficolt\u00e0 che vivono i piccoli (e, naturalmente, le loro famiglie), ospitati nei reparti di Onco-Ematologia delle nostre zone, allora tale iniziativa assume sfumature ancora maggiori!<\/h4>\n\n\n\n<p><strong>Di <em>Anna Maria Noia <\/em><\/strong><\/p>\n\n\n\n<p class=\"has-drop-cap\">Si tratta di <em>\u201cCam-on. Accendi la camera!\u201d<\/em>: Un calembour, un gioco di parole (dall\u2019espressione inglese: \u201cCome on\u201d, \u201cSuvvia\u201d; \u201cMuoviti\u201d e \u201cAccendi la videocamera\u201d) inerente ad un\u2019apposita piattaforma web interattiva rivolta ai giovanissimi pazienti del reparto pediatrico (in Day Hospital) di <em>\u201cOnco-ematologia\u201d<\/em> del nosocomio <em>\u201cUmberto I\u201d a<\/em> Nocera Inferiore (Salerno).<\/p>\n\n\n\n<p><strong>Questo progetto verr\u00e0 illustrato pi\u00f9 dettagliatamente luned\u00ec prossimo 31 maggio, alle 11, presso l\u2019Unit\u00e0 Operativa di Onco-Ematologia Pediatrica (Dh) appunto presso l\u2019ospedale \u201cUmberto I\u201d. Obiettivo precipuo, il creare, realizzare delle attivit\u00e0 innovative per i piccoli degenti e per i loro nuclei familiari:<\/strong> il network <em>\u201cCam-on\u201d<\/em> far\u00e0 s\u00ec che i bambini ospiti di questo reparto possano accedere a dei contenuti digitali dedicati esclusivamente a loro. Ma non solo: i ragazzini, coadiuvati dai genitori e, magari, da sorelle e fratelli, avranno l\u2019opportunit\u00e0 di interagire <em>\u201cda remoto\u201d<\/em>, on line &#8211; con operatori ad hoc, figure ludico-sanitarie di riferimento.<\/p>\n\n\n\n<figure class=\"wp-block-image size-large is-resized\"><img loading=\"lazy\" decoding=\"async\" src=\"https:\/\/www.istitutogalanteoliva.it\/magazine\/wp-content\/uploads\/2021\/05\/foto-articolo-Anna-Maria-Noia-Cam-on-Accendi-la-Camera-num-2.jpg\" alt=\"\" class=\"wp-image-7978\" width=\"473\" height=\"315\" srcset=\"https:\/\/www.istitutogalanteoliva.it\/magazine\/wp-content\/uploads\/2021\/05\/foto-articolo-Anna-Maria-Noia-Cam-on-Accendi-la-Camera-num-2.jpg 630w, https:\/\/www.istitutogalanteoliva.it\/magazine\/wp-content\/uploads\/2021\/05\/foto-articolo-Anna-Maria-Noia-Cam-on-Accendi-la-Camera-num-2-300x200.jpg 300w\" sizes=\"auto, (max-width: 473px) 100vw, 473px\" \/><\/figure>\n\n\n\n<p><strong>Questo progetto, definito \u201cpilota\u201d \u2013 in quanto \u00e8 la prima volta in assoluto, almeno in Italia, che viene proposto e presentato \u2013 sar\u00e0 replicabile (successivamente) in altri reparti pediatrici della regione Campania e\/o in tutta Italia<\/strong>.<\/p>\n\n\n\n<p>L\u2019iniziativa mira a implementare \u2013 recita il comunicato stampa, diramato per pubblicizzare l\u2019evento \u2013 <em>\u201cle risorse a disposizione per i bimbi ricoverati, con una chiave giocosa\u201d<\/em>. Allo stesso tempo, si augurano i responsabili, il progetto <em>\u201cintende ridurre le paure, le angosce, le ansie\u201d <\/em>gi\u00e0 a livello della pre &#8211; ospedalizzazione. <strong>Grazie a questa intuizione i bambini saranno coinvolti nel mondo della navigazione virtuale<\/strong>, <strong>accedendo a siti e contenuti fatti a pennello per loro. Inoltre, gli stessi bimbi saranno possibili ideatori di materiali creativi da condividere con altri giovani pazienti, sempre collegati alla piattaforma.<\/strong><\/p>\n\n\n\n<p><strong>Si tratta di una progettualit\u00e0 promossa (in ambito ospedaliero) dal sodalizio <em>\u201cOltre le parole onlus\u201d <\/em>e sostenuto dalla fondazione <em>\u201cTerzo pilastro internazionale\u201d<\/em><\/strong>. Entrambe importanti realt\u00e0 associative italiane che operano e cooperano nel settore del teatro civile e del sociale. <strong>L\u2019iniziativa \u00e8 stata accolta, in queste settimane, dalla dottoressa Rosanna Di Concilio \u2013 responsabile del reparto nocerino.<\/strong> Cos\u00ec, dapprima all\u2019ospedale <em>\u201cUmberto I\u201d<\/em> e poi a livello regionale o nazionale, i piccoli potranno interagire con professionalit\u00e0 del settore.<\/p>\n\n\n\n<figure class=\"wp-block-image size-large is-resized\"><img loading=\"lazy\" decoding=\"async\" src=\"https:\/\/www.istitutogalanteoliva.it\/magazine\/wp-content\/uploads\/2021\/05\/foto-articolo-Anna-Maria-Noia-Cam-on-Accendi-la-Camera-num-6.jpg\" alt=\"\" class=\"wp-image-7977\" width=\"480\" height=\"360\" srcset=\"https:\/\/www.istitutogalanteoliva.it\/magazine\/wp-content\/uploads\/2021\/05\/foto-articolo-Anna-Maria-Noia-Cam-on-Accendi-la-Camera-num-6.jpg 960w, https:\/\/www.istitutogalanteoliva.it\/magazine\/wp-content\/uploads\/2021\/05\/foto-articolo-Anna-Maria-Noia-Cam-on-Accendi-la-Camera-num-6-300x225.jpg 300w, https:\/\/www.istitutogalanteoliva.it\/magazine\/wp-content\/uploads\/2021\/05\/foto-articolo-Anna-Maria-Noia-Cam-on-Accendi-la-Camera-num-6-768x576.jpg 768w\" sizes=\"auto, (max-width: 480px) 100vw, 480px\" \/><\/figure>\n\n\n\n<p><strong>Le attivit\u00e0 sono sorte dall\u2019esigenza di dover, purtroppo, isolare le camere ospedaliere \u2013 particolarmente nel periodo pandemico \u2013 al fine di evitare contatti tra possibili affetti da Coronavirus e pazienti immunodepressi (soprattutto nell\u2019et\u00e0 infantile).<\/strong><\/p>\n\n\n\n<p><strong>Particolarmente <em>\u201cpositivo\u201d<\/em> e soddisfatto colui che ha lanciato l\u2019idea di <em>\u201cCam-on\u201d<\/em> \u2013 Pascal La Delfa, presidente di <em>\u201cOltre le parole onlus\u201d<\/em> e fondatore della prima scuola nazionale per Operatori di Teatro nel Sociale, oltrech\u00e9 <em>\u201cclown dottore\u201d<\/em> professionista, in ospedale da pi\u00f9 di vent\u2019anni.<\/strong> Il progetto originario ha visto l\u2019adesione (entusiastica e competente) della dottoressa Carolina Damiani &#8211; ludo-terapista Dh Onco-Ematologia Pediatrica (ospedale di Nocera Inferiore), nonch\u00e9 esponente dell\u2019associazione <em>\u201cOasi\u201d<\/em>, <em>\u201cOperazione assistenza sostegno infanzia\u201d<\/em>.<\/p>\n\n\n\n<p><strong>Hanno dato, inoltre, la disponibilit\u00e0 ad accogliere i temi di fondo del progetto i membri della Scuola di Teatro <em>\u201cCrescere insieme \u2013 Oltre il Teatro\u201d<\/em> di Mercato S. Severino<\/strong>, Valle Irno, Salerno, associazione con Rosa Santoro e Alfonsina Della Rocca; gli allievi (attori amatoriali) adolescenti e adulti guidati (anche) dalla regista ed attrice Clotilde Grisolia e con <em>\u201cGianpo\u201d<\/em> Giordano. In collaborazione, inoltre, con il musicista Raffaele Terlizzi.<\/p>\n\n\n\n<figure class=\"wp-block-image size-large is-resized\"><img loading=\"lazy\" decoding=\"async\" src=\"https:\/\/www.istitutogalanteoliva.it\/magazine\/wp-content\/uploads\/2021\/05\/foto-articolo-Anna-Maria-Noia-Cam-on-Accendi-la-Camera-num-4-1024x576.jpg\" alt=\"\" class=\"wp-image-7979\" width=\"493\" height=\"277\" srcset=\"https:\/\/www.istitutogalanteoliva.it\/magazine\/wp-content\/uploads\/2021\/05\/foto-articolo-Anna-Maria-Noia-Cam-on-Accendi-la-Camera-num-4-1024x576.jpg 1024w, https:\/\/www.istitutogalanteoliva.it\/magazine\/wp-content\/uploads\/2021\/05\/foto-articolo-Anna-Maria-Noia-Cam-on-Accendi-la-Camera-num-4-300x169.jpg 300w, https:\/\/www.istitutogalanteoliva.it\/magazine\/wp-content\/uploads\/2021\/05\/foto-articolo-Anna-Maria-Noia-Cam-on-Accendi-la-Camera-num-4-768x432.jpg 768w, https:\/\/www.istitutogalanteoliva.it\/magazine\/wp-content\/uploads\/2021\/05\/foto-articolo-Anna-Maria-Noia-Cam-on-Accendi-la-Camera-num-4.jpg 1280w\" sizes=\"auto, (max-width: 493px) 100vw, 493px\" \/><\/figure>\n\n\n\n<p>Ma non finir\u00e0 certo qui: <strong>i risultati ottenuti, nel tempo, da questo progetto saranno seguiti e attenzionati e studiati dalla Facolt\u00e0 di Sociologia dell\u2019Universit\u00e0 di Salerno grazie al professor Paolo Diana,<\/strong> esponente del Dipartimento di Scienze Umane, Filosofiche e della Formazione.<\/p>\n\n\n\n<p><strong>Un generoso contributo \u00e8 stato \u2013 infine \u2013 profuso anche dai seguenti sodalizi: <em>\u201cDistribuzioni editoriali Sas\u201d<\/em> (Salerno) di Michele Bisogno; <em>\u201cGruppo editoriale Raffaello\u201d<\/em> (Ancona); <em>\u201c45\u00b0 Parallelo Studio\u201d<\/em> di Enrico Landi (Fisciano, Salerno); <em>\u201cQuarta Rete\u201d<\/em> (Cava de\u2019 Tirreni, Salerno); regia e video a cura di Roberto Cicco. Ha aderito lo scrittore David Conati.<\/strong><\/p>\n\n\n\n<p>Riportiamo, a chiosa; a conclusione del presente servizio, i contatti principali per i <em>\u201ccreatori\u201d<\/em> del progetto <em>\u201cCam-on\u201d<\/em>.<\/p>\n\n\n\n<p>Sito web del progetto: <a href=\"http:\/\/www.cam-on.it\">www.cam-on.it<\/a>.<\/p>\n\n\n\n<p>Ufficio stampa: Danila Raimondi; 340 2834996. E-mail: <a href=\"mailto:comunicazione@cam-on.it\">comunicazione@cam-on.it<\/a>.<\/p>\n\n\n\n<p>Ulteriori informazioni sono disponibili sulle pagine web e social del progetto omonimo oppure collegandosi al sito on line di <em>\u201cOltre le parole onlus\u201d<\/em>: <a href=\"http:\/\/www.teatrocivile.it\">www.teatrocivile.it<\/a>; e-mail: <a href=\"mailto:info@teatrocivile.it\">info@teatrocivile.it<\/a>.<\/p>\n\n\n\n<p class=\"has-text-align-left\"><br><br><img loading=\"lazy\" decoding=\"async\" width=\"100\" height=\"100\" class=\"wp-image-6058\" style=\"width: 100px;\" src=\"https:\/\/www.istitutogalanteoliva.it\/magazine\/wp-content\/uploads\/2021\/03\/Anna-Maria1.jpg\" alt=\"\" srcset=\"https:\/\/www.istitutogalanteoliva.it\/magazine\/wp-content\/uploads\/2021\/03\/Anna-Maria1.jpg 674w, https:\/\/www.istitutogalanteoliva.it\/magazine\/wp-content\/uploads\/2021\/03\/Anna-Maria1-300x300.jpg 300w, https:\/\/www.istitutogalanteoliva.it\/magazine\/wp-content\/uploads\/2021\/03\/Anna-Maria1-150x150.jpg 150w\" sizes=\"auto, (max-width: 100px) 100vw, 100px\" \/>  <em><span class=\"has-inline-color has-vivid-cyan-blue-color\"><strong><a href=\"https:\/\/www.istitutogalanteoliva.it\/magazine\/?s=Anna+Maria+Noia+\" target=\"_blank\" rel=\"noreferrer noopener\">Anna Maria Noia <\/a><\/strong><\/span><\/em><\/p>\n<div class=\"pdfprnt-buttons pdfprnt-buttons-post pdfprnt-bottom-left\"><a href=\"https:\/\/www.istitutogalanteoliva.it\/magazine\/wp-json\/wp\/v2\/posts\/7975?print=print\" class=\"pdfprnt-button pdfprnt-button-print\" target=\"_blank\"><img decoding=\"async\" src=\"https:\/\/www.istitutogalanteoliva.it\/magazine\/wp-content\/plugins\/pdf-print\/images\/print.png\" alt=\"image_print\" title=\"Stampa contenuto\" \/><span class=\"pdfprnt-button-title pdfprnt-button-print-title\">Download in PDF<\/span><\/a><\/div>","protected":false},"excerpt":{"rendered":"<p>Piattaforma interattiva web &#8211; 31 maggio alle 11.00. Un progetto on line per i piccoli pazienti oncologici all\u2019ospedale di Nocera Inferiore (SA)<\/p>\n","protected":false},"author":2,"featured_media":7980,"comment_status":"open","ping_status":"open","sticky":true,"template":"","format":"standard","meta":{"footnotes":""},"categories":[148,22],"tags":[196,115,387,83],"class_list":["post-7975","post","type-post","status-publish","format-standard","has-post-thumbnail","hentry","category-148","category-societa","tag-bambini","tag-campania","tag-eventi","tag-salerno"],"yoast_head":"<!-- This site is optimized with the Yoast SEO plugin v24.2 - https:\/\/yoast.com\/wordpress\/plugins\/seo\/ -->\n<title>Al via \u201ccam-on. Accendi la camera!\u201d - Polis SA Magazine<\/title>\n<meta name=\"description\" content=\"cam-on Accendi la camera. Piattaforma interattiva web - 31 maggio alle 11.00. Un progetto on line per i piccoli pazienti oncologici all\u2019ospedale di Nocera Inferiore\" \/>\n<meta name=\"robots\" content=\"index, follow, max-snippet:-1, max-image-preview:large, max-video-preview:-1\" \/>\n<link rel=\"canonical\" href=\"https:\/\/www.istitutogalanteoliva.it\/magazine\/2021\/05\/28\/al-via-cam-on-accendi-la-camera\/\" \/>\n<meta property=\"og:locale\" content=\"it_IT\" \/>\n<meta property=\"og:type\" content=\"article\" \/>\n<meta property=\"og:title\" content=\"Al via \u201ccam-on. Accendi la camera!\u201d - Polis SA Magazine\" \/>\n<meta property=\"og:description\" content=\"cam-on Accendi la camera. Piattaforma interattiva web - 31 maggio alle 11.00. Un progetto on line per i piccoli pazienti oncologici all\u2019ospedale di Nocera Inferiore\" \/>\n<meta property=\"og:url\" content=\"https:\/\/www.istitutogalanteoliva.it\/magazine\/2021\/05\/28\/al-via-cam-on-accendi-la-camera\/\" \/>\n<meta property=\"og:site_name\" content=\"Polis SA Magazine\" \/>\n<meta property=\"article:publisher\" content=\"https:\/\/www.facebook.com\/PolisSAMagazine\/\" \/>\n<meta property=\"article:published_time\" content=\"2021-05-28T06:00:00+00:00\" \/>\n<meta property=\"article:modified_time\" content=\"2021-05-27T14:45:38+00:00\" \/>\n<meta property=\"og:image\" content=\"https:\/\/www.istitutogalanteoliva.it\/magazine\/wp-content\/uploads\/2021\/05\/27.jpg\" \/>\n\t<meta property=\"og:image:width\" content=\"640\" \/>\n\t<meta property=\"og:image:height\" content=\"380\" \/>\n\t<meta property=\"og:image:type\" content=\"image\/jpeg\" \/>\n<meta name=\"author\" content=\"Antonello Rivano\" \/>\n<meta name=\"twitter:card\" content=\"summary_large_image\" \/>\n<meta name=\"twitter:creator\" content=\"@MagazinePolis\" \/>\n<meta name=\"twitter:site\" content=\"@MagazinePolis\" \/>\n<meta name=\"twitter:label1\" content=\"Scritto da\" \/>\n\t<meta name=\"twitter:data1\" content=\"Antonello Rivano\" \/>\n\t<meta name=\"twitter:label2\" content=\"Tempo di lettura stimato\" \/>\n\t<meta name=\"twitter:data2\" content=\"4 minuti\" \/>\n<script type=\"application\/ld+json\" class=\"yoast-schema-graph\">{\"@context\":\"https:\/\/schema.org\",\"@graph\":[{\"@type\":\"Article\",\"@id\":\"https:\/\/www.istitutogalanteoliva.it\/magazine\/2021\/05\/28\/al-via-cam-on-accendi-la-camera\/#article\",\"isPartOf\":{\"@id\":\"https:\/\/www.istitutogalanteoliva.it\/magazine\/2021\/05\/28\/al-via-cam-on-accendi-la-camera\/\"},\"author\":{\"name\":\"Antonello Rivano\",\"@id\":\"https:\/\/www.istitutogalanteoliva.it\/magazine\/#\/schema\/person\/d8b8aa79cfe8babc1df9da3212a7c0c4\"},\"headline\":\"Al via \u201ccam-on. Accendi la camera!\u201d\",\"datePublished\":\"2021-05-28T06:00:00+00:00\",\"dateModified\":\"2021-05-27T14:45:38+00:00\",\"mainEntityOfPage\":{\"@id\":\"https:\/\/www.istitutogalanteoliva.it\/magazine\/2021\/05\/28\/al-via-cam-on-accendi-la-camera\/\"},\"wordCount\":743,\"commentCount\":0,\"publisher\":{\"@id\":\"https:\/\/www.istitutogalanteoliva.it\/magazine\/#organization\"},\"image\":{\"@id\":\"https:\/\/www.istitutogalanteoliva.it\/magazine\/2021\/05\/28\/al-via-cam-on-accendi-la-camera\/#primaryimage\"},\"thumbnailUrl\":\"https:\/\/www.istitutogalanteoliva.it\/magazine\/wp-content\/uploads\/2021\/05\/27.jpg\",\"keywords\":[\"bambini\",\"campania\",\"eventi\",\"salerno\"],\"articleSection\":[\"2021\",\"Societ\u00e0\"],\"inLanguage\":\"it-IT\",\"potentialAction\":[{\"@type\":\"CommentAction\",\"name\":\"Comment\",\"target\":[\"https:\/\/www.istitutogalanteoliva.it\/magazine\/2021\/05\/28\/al-via-cam-on-accendi-la-camera\/#respond\"]}]},{\"@type\":\"WebPage\",\"@id\":\"https:\/\/www.istitutogalanteoliva.it\/magazine\/2021\/05\/28\/al-via-cam-on-accendi-la-camera\/\",\"url\":\"https:\/\/www.istitutogalanteoliva.it\/magazine\/2021\/05\/28\/al-via-cam-on-accendi-la-camera\/\",\"name\":\"Al via \u201ccam-on. Accendi la camera!\u201d - Polis SA Magazine\",\"isPartOf\":{\"@id\":\"https:\/\/www.istitutogalanteoliva.it\/magazine\/#website\"},\"primaryImageOfPage\":{\"@id\":\"https:\/\/www.istitutogalanteoliva.it\/magazine\/2021\/05\/28\/al-via-cam-on-accendi-la-camera\/#primaryimage\"},\"image\":{\"@id\":\"https:\/\/www.istitutogalanteoliva.it\/magazine\/2021\/05\/28\/al-via-cam-on-accendi-la-camera\/#primaryimage\"},\"thumbnailUrl\":\"https:\/\/www.istitutogalanteoliva.it\/magazine\/wp-content\/uploads\/2021\/05\/27.jpg\",\"datePublished\":\"2021-05-28T06:00:00+00:00\",\"dateModified\":\"2021-05-27T14:45:38+00:00\",\"description\":\"cam-on Accendi la camera. Piattaforma interattiva web - 31 maggio alle 11.00. Un progetto on line per i piccoli pazienti oncologici all\u2019ospedale di Nocera Inferiore\",\"breadcrumb\":{\"@id\":\"https:\/\/www.istitutogalanteoliva.it\/magazine\/2021\/05\/28\/al-via-cam-on-accendi-la-camera\/#breadcrumb\"},\"inLanguage\":\"it-IT\",\"potentialAction\":[{\"@type\":\"ReadAction\",\"target\":[\"https:\/\/www.istitutogalanteoliva.it\/magazine\/2021\/05\/28\/al-via-cam-on-accendi-la-camera\/\"]}]},{\"@type\":\"ImageObject\",\"inLanguage\":\"it-IT\",\"@id\":\"https:\/\/www.istitutogalanteoliva.it\/magazine\/2021\/05\/28\/al-via-cam-on-accendi-la-camera\/#primaryimage\",\"url\":\"https:\/\/www.istitutogalanteoliva.it\/magazine\/wp-content\/uploads\/2021\/05\/27.jpg\",\"contentUrl\":\"https:\/\/www.istitutogalanteoliva.it\/magazine\/wp-content\/uploads\/2021\/05\/27.jpg\",\"width\":640,\"height\":380},{\"@type\":\"BreadcrumbList\",\"@id\":\"https:\/\/www.istitutogalanteoliva.it\/magazine\/2021\/05\/28\/al-via-cam-on-accendi-la-camera\/#breadcrumb\",\"itemListElement\":[{\"@type\":\"ListItem\",\"position\":1,\"name\":\"Home\",\"item\":\"https:\/\/www.istitutogalanteoliva.it\/magazine\/\"},{\"@type\":\"ListItem\",\"position\":2,\"name\":\"Al via \u201ccam-on. Accendi la camera!\u201d\"}]},{\"@type\":\"WebSite\",\"@id\":\"https:\/\/www.istitutogalanteoliva.it\/magazine\/#website\",\"url\":\"https:\/\/www.istitutogalanteoliva.it\/magazine\/\",\"name\":\"POLIS SA MAGAZINE\",\"description\":\"Informazione e approfondimenti\",\"publisher\":{\"@id\":\"https:\/\/www.istitutogalanteoliva.it\/magazine\/#organization\"},\"potentialAction\":[{\"@type\":\"SearchAction\",\"target\":{\"@type\":\"EntryPoint\",\"urlTemplate\":\"https:\/\/www.istitutogalanteoliva.it\/magazine\/?s={search_term_string}\"},\"query-input\":{\"@type\":\"PropertyValueSpecification\",\"valueRequired\":true,\"valueName\":\"search_term_string\"}}],\"inLanguage\":\"it-IT\"},{\"@type\":\"Organization\",\"@id\":\"https:\/\/www.istitutogalanteoliva.it\/magazine\/#organization\",\"name\":\"Polis SA Magazine\",\"url\":\"https:\/\/www.istitutogalanteoliva.it\/magazine\/\",\"logo\":{\"@type\":\"ImageObject\",\"inLanguage\":\"it-IT\",\"@id\":\"https:\/\/www.istitutogalanteoliva.it\/magazine\/#\/schema\/logo\/image\/\",\"url\":\"\",\"contentUrl\":\"\",\"caption\":\"Polis SA Magazine\"},\"image\":{\"@id\":\"https:\/\/www.istitutogalanteoliva.it\/magazine\/#\/schema\/logo\/image\/\"},\"sameAs\":[\"https:\/\/www.facebook.com\/PolisSAMagazine\/\",\"https:\/\/x.com\/MagazinePolis\",\"https:\/\/www.youtube.com\/channel\/UCv0Mr5AHKUmsc0sEEXkJrgw\"]},{\"@type\":\"Person\",\"@id\":\"https:\/\/www.istitutogalanteoliva.it\/magazine\/#\/schema\/person\/d8b8aa79cfe8babc1df9da3212a7c0c4\",\"name\":\"Antonello Rivano\",\"image\":{\"@type\":\"ImageObject\",\"inLanguage\":\"it-IT\",\"@id\":\"https:\/\/www.istitutogalanteoliva.it\/magazine\/#\/schema\/person\/image\/\",\"url\":\"https:\/\/secure.gravatar.com\/avatar\/517a9a6487a7a18ecc4ce6d2e57a8f40?s=96&d=mm&r=g\",\"contentUrl\":\"https:\/\/secure.gravatar.com\/avatar\/517a9a6487a7a18ecc4ce6d2e57a8f40?s=96&d=mm&r=g\",\"caption\":\"Antonello Rivano\"},\"url\":\"https:\/\/www.istitutogalanteoliva.it\/magazine\/author\/antonello\/\"}]}<\/script>\n<!-- \/ Yoast SEO plugin. -->","yoast_head_json":{"title":"Al via \u201ccam-on. Accendi la camera!\u201d - Polis SA Magazine","description":"cam-on Accendi la camera. Piattaforma interattiva web - 31 maggio alle 11.00. Un progetto on line per i piccoli pazienti oncologici all\u2019ospedale di Nocera Inferiore","robots":{"index":"index","follow":"follow","max-snippet":"max-snippet:-1","max-image-preview":"max-image-preview:large","max-video-preview":"max-video-preview:-1"},"canonical":"https:\/\/www.istitutogalanteoliva.it\/magazine\/2021\/05\/28\/al-via-cam-on-accendi-la-camera\/","og_locale":"it_IT","og_type":"article","og_title":"Al via \u201ccam-on. Accendi la camera!\u201d - Polis SA Magazine","og_description":"cam-on Accendi la camera. Piattaforma interattiva web - 31 maggio alle 11.00. Un progetto on line per i piccoli pazienti oncologici all\u2019ospedale di Nocera Inferiore","og_url":"https:\/\/www.istitutogalanteoliva.it\/magazine\/2021\/05\/28\/al-via-cam-on-accendi-la-camera\/","og_site_name":"Polis SA Magazine","article_publisher":"https:\/\/www.facebook.com\/PolisSAMagazine\/","article_published_time":"2021-05-28T06:00:00+00:00","article_modified_time":"2021-05-27T14:45:38+00:00","og_image":[{"width":640,"height":380,"url":"https:\/\/www.istitutogalanteoliva.it\/magazine\/wp-content\/uploads\/2021\/05\/27.jpg","type":"image\/jpeg"}],"author":"Antonello Rivano","twitter_card":"summary_large_image","twitter_creator":"@MagazinePolis","twitter_site":"@MagazinePolis","twitter_misc":{"Scritto da":"Antonello Rivano","Tempo di lettura stimato":"4 minuti"},"schema":{"@context":"https:\/\/schema.org","@graph":[{"@type":"Article","@id":"https:\/\/www.istitutogalanteoliva.it\/magazine\/2021\/05\/28\/al-via-cam-on-accendi-la-camera\/#article","isPartOf":{"@id":"https:\/\/www.istitutogalanteoliva.it\/magazine\/2021\/05\/28\/al-via-cam-on-accendi-la-camera\/"},"author":{"name":"Antonello Rivano","@id":"https:\/\/www.istitutogalanteoliva.it\/magazine\/#\/schema\/person\/d8b8aa79cfe8babc1df9da3212a7c0c4"},"headline":"Al via \u201ccam-on. Accendi la camera!\u201d","datePublished":"2021-05-28T06:00:00+00:00","dateModified":"2021-05-27T14:45:38+00:00","mainEntityOfPage":{"@id":"https:\/\/www.istitutogalanteoliva.it\/magazine\/2021\/05\/28\/al-via-cam-on-accendi-la-camera\/"},"wordCount":743,"commentCount":0,"publisher":{"@id":"https:\/\/www.istitutogalanteoliva.it\/magazine\/#organization"},"image":{"@id":"https:\/\/www.istitutogalanteoliva.it\/magazine\/2021\/05\/28\/al-via-cam-on-accendi-la-camera\/#primaryimage"},"thumbnailUrl":"https:\/\/www.istitutogalanteoliva.it\/magazine\/wp-content\/uploads\/2021\/05\/27.jpg","keywords":["bambini","campania","eventi","salerno"],"articleSection":["2021","Societ\u00e0"],"inLanguage":"it-IT","potentialAction":[{"@type":"CommentAction","name":"Comment","target":["https:\/\/www.istitutogalanteoliva.it\/magazine\/2021\/05\/28\/al-via-cam-on-accendi-la-camera\/#respond"]}]},{"@type":"WebPage","@id":"https:\/\/www.istitutogalanteoliva.it\/magazine\/2021\/05\/28\/al-via-cam-on-accendi-la-camera\/","url":"https:\/\/www.istitutogalanteoliva.it\/magazine\/2021\/05\/28\/al-via-cam-on-accendi-la-camera\/","name":"Al via \u201ccam-on. Accendi la camera!\u201d - Polis SA Magazine","isPartOf":{"@id":"https:\/\/www.istitutogalanteoliva.it\/magazine\/#website"},"primaryImageOfPage":{"@id":"https:\/\/www.istitutogalanteoliva.it\/magazine\/2021\/05\/28\/al-via-cam-on-accendi-la-camera\/#primaryimage"},"image":{"@id":"https:\/\/www.istitutogalanteoliva.it\/magazine\/2021\/05\/28\/al-via-cam-on-accendi-la-camera\/#primaryimage"},"thumbnailUrl":"https:\/\/www.istitutogalanteoliva.it\/magazine\/wp-content\/uploads\/2021\/05\/27.jpg","datePublished":"2021-05-28T06:00:00+00:00","dateModified":"2021-05-27T14:45:38+00:00","description":"cam-on Accendi la camera. Piattaforma interattiva web - 31 maggio alle 11.00. Un progetto on line per i piccoli pazienti oncologici all\u2019ospedale di Nocera Inferiore","breadcrumb":{"@id":"https:\/\/www.istitutogalanteoliva.it\/magazine\/2021\/05\/28\/al-via-cam-on-accendi-la-camera\/#breadcrumb"},"inLanguage":"it-IT","potentialAction":[{"@type":"ReadAction","target":["https:\/\/www.istitutogalanteoliva.it\/magazine\/2021\/05\/28\/al-via-cam-on-accendi-la-camera\/"]}]},{"@type":"ImageObject","inLanguage":"it-IT","@id":"https:\/\/www.istitutogalanteoliva.it\/magazine\/2021\/05\/28\/al-via-cam-on-accendi-la-camera\/#primaryimage","url":"https:\/\/www.istitutogalanteoliva.it\/magazine\/wp-content\/uploads\/2021\/05\/27.jpg","contentUrl":"https:\/\/www.istitutogalanteoliva.it\/magazine\/wp-content\/uploads\/2021\/05\/27.jpg","width":640,"height":380},{"@type":"BreadcrumbList","@id":"https:\/\/www.istitutogalanteoliva.it\/magazine\/2021\/05\/28\/al-via-cam-on-accendi-la-camera\/#breadcrumb","itemListElement":[{"@type":"ListItem","position":1,"name":"Home","item":"https:\/\/www.istitutogalanteoliva.it\/magazine\/"},{"@type":"ListItem","position":2,"name":"Al via \u201ccam-on. Accendi la camera!\u201d"}]},{"@type":"WebSite","@id":"https:\/\/www.istitutogalanteoliva.it\/magazine\/#website","url":"https:\/\/www.istitutogalanteoliva.it\/magazine\/","name":"POLIS SA MAGAZINE","description":"Informazione e approfondimenti","publisher":{"@id":"https:\/\/www.istitutogalanteoliva.it\/magazine\/#organization"},"potentialAction":[{"@type":"SearchAction","target":{"@type":"EntryPoint","urlTemplate":"https:\/\/www.istitutogalanteoliva.it\/magazine\/?s={search_term_string}"},"query-input":{"@type":"PropertyValueSpecification","valueRequired":true,"valueName":"search_term_string"}}],"inLanguage":"it-IT"},{"@type":"Organization","@id":"https:\/\/www.istitutogalanteoliva.it\/magazine\/#organization","name":"Polis SA Magazine","url":"https:\/\/www.istitutogalanteoliva.it\/magazine\/","logo":{"@type":"ImageObject","inLanguage":"it-IT","@id":"https:\/\/www.istitutogalanteoliva.it\/magazine\/#\/schema\/logo\/image\/","url":"","contentUrl":"","caption":"Polis SA Magazine"},"image":{"@id":"https:\/\/www.istitutogalanteoliva.it\/magazine\/#\/schema\/logo\/image\/"},"sameAs":["https:\/\/www.facebook.com\/PolisSAMagazine\/","https:\/\/x.com\/MagazinePolis","https:\/\/www.youtube.com\/channel\/UCv0Mr5AHKUmsc0sEEXkJrgw"]},{"@type":"Person","@id":"https:\/\/www.istitutogalanteoliva.it\/magazine\/#\/schema\/person\/d8b8aa79cfe8babc1df9da3212a7c0c4","name":"Antonello Rivano","image":{"@type":"ImageObject","inLanguage":"it-IT","@id":"https:\/\/www.istitutogalanteoliva.it\/magazine\/#\/schema\/person\/image\/","url":"https:\/\/secure.gravatar.com\/avatar\/517a9a6487a7a18ecc4ce6d2e57a8f40?s=96&d=mm&r=g","contentUrl":"https:\/\/secure.gravatar.com\/avatar\/517a9a6487a7a18ecc4ce6d2e57a8f40?s=96&d=mm&r=g","caption":"Antonello Rivano"},"url":"https:\/\/www.istitutogalanteoliva.it\/magazine\/author\/antonello\/"}]}},"_links":{"self":[{"href":"https:\/\/www.istitutogalanteoliva.it\/magazine\/wp-json\/wp\/v2\/posts\/7975","targetHints":{"allow":["GET"]}}],"collection":[{"href":"https:\/\/www.istitutogalanteoliva.it\/magazine\/wp-json\/wp\/v2\/posts"}],"about":[{"href":"https:\/\/www.istitutogalanteoliva.it\/magazine\/wp-json\/wp\/v2\/types\/post"}],"author":[{"embeddable":true,"href":"https:\/\/www.istitutogalanteoliva.it\/magazine\/wp-json\/wp\/v2\/users\/2"}],"replies":[{"embeddable":true,"href":"https:\/\/www.istitutogalanteoliva.it\/magazine\/wp-json\/wp\/v2\/comments?post=7975"}],"version-history":[{"count":1,"href":"https:\/\/www.istitutogalanteoliva.it\/magazine\/wp-json\/wp\/v2\/posts\/7975\/revisions"}],"predecessor-version":[{"id":7981,"href":"https:\/\/www.istitutogalanteoliva.it\/magazine\/wp-json\/wp\/v2\/posts\/7975\/revisions\/7981"}],"wp:featuredmedia":[{"embeddable":true,"href":"https:\/\/www.istitutogalanteoliva.it\/magazine\/wp-json\/wp\/v2\/media\/7980"}],"wp:attachment":[{"href":"https:\/\/www.istitutogalanteoliva.it\/magazine\/wp-json\/wp\/v2\/media?parent=7975"}],"wp:term":[{"taxonomy":"category","embeddable":true,"href":"https:\/\/www.istitutogalanteoliva.it\/magazine\/wp-json\/wp\/v2\/categories?post=7975"},{"taxonomy":"post_tag","embeddable":true,"href":"https:\/\/www.istitutogalanteoliva.it\/magazine\/wp-json\/wp\/v2\/tags?post=7975"}],"curies":[{"name":"wp","href":"https:\/\/api.w.org\/{rel}","templated":true}]}}